{"id":394587,"date":"2026-03-14T08:20:16","date_gmt":"2026-03-14T07:20:16","guid":{"rendered":"https:\/\/www.webdo.tn\/fr\/?p=394587"},"modified":"2026-03-14T08:20:17","modified_gmt":"2026-03-14T07:20:17","slug":"bruxelles-contrainte-de-payer-plus-de-600-000-euros-a-un-ex-djihadiste-tunisien","status":"publish","type":"post","link":"https:\/\/www.webdo.tn\/fr\/actualite\/international\/bruxelles-contrainte-de-payer-plus-de-600-000-euros-a-un-ex-djihadiste-tunisien\/394587\/","title":{"rendered":"Bruxelles contrainte de payer plus de 600 000 euros \u00e0 un ex-djihadiste tunisien"},"content":{"rendered":"\n<p><strong>L\u2019affaire de l\u2019ancien djihadiste tunisien Nizar Trabelsi est revenue au centre de l\u2019actualit\u00e9 en Belgique ces derniers jours, apr\u00e8s des r\u00e9v\u00e9lations m\u00e9diatiques sur le montant total des indemnit\u00e9s et astreintes que l\u2019\u00c9tat belge a d\u00fb verser dans ce dossier, d\u00e9passant d\u00e9sormais 600 000 euros.<\/strong><\/p>\n\n\n\n<p>Ancien footballeur professionnel devenu membre d\u2019Al-Qa\u00efda, Trabelsi avait \u00e9t\u00e9 condamn\u00e9 en 2003 en Belgique \u00e0 dix ans de prison pour avoir pr\u00e9par\u00e9 un attentat contre la base militaire de Kleine-Brogel, qui abrite des militaires am\u00e9ricains.<\/p>\n\n\n\n<h2 class=\"wp-block-heading\" id=\"h-extrade-en-2013-vers-les-etats-unis\"> Extrad\u00e9 en 2013 vers les \u00c9tats-Unis <\/h2>\n\n\n\n<p>Apr\u00e8s avoir purg\u00e9 sa peine, il a \u00e9t\u00e9 extrad\u00e9 en 2013 vers les \u00c9tats-Unis \u00e0 la demande de la justice am\u00e9ricaine. Cette extradition a toutefois d\u00e9clench\u00e9 une longue bataille judiciaire. En 2014, la Cour europ\u00e9enne des droits de l\u2019homme a estim\u00e9 que la Belgique avait viol\u00e9 la Convention europ\u00e9enne des droits de l\u2019homme en proc\u00e9dant \u00e0 cette extradition malgr\u00e9 une d\u00e9cision judiciaire qui en suspendait l\u2019ex\u00e9cution.<\/p>\n\n\n\n<p>La juridiction europ\u00e9enne avait alors condamn\u00e9 la Belgique \u00e0 verser des indemnit\u00e9s \u00e0 Trabelsi pour pr\u00e9judice moral et frais de justice. Par la suite, plusieurs d\u00e9cisions de tribunaux belges ont \u00e9galement impos\u00e9 \u00e0 l\u2019\u00c9tat des astreintes financi\u00e8res pour ne pas avoir respect\u00e9 certaines injonctions judiciaires, notamment celles li\u00e9es \u00e0 son rapatriement.<\/p>\n\n\n\n<p>Au fil des ann\u00e9es, l\u2019accumulation de ces indemnit\u00e9s et p\u00e9nalit\u00e9s a port\u00e9 le total des sommes vers\u00e9es \u00e0 plus de 600 000 euros, selon des m\u00e9dias belges. Ces paiements ne constituent pas une aide volontaire, mais la cons\u00e9quence directe de d\u00e9cisions de justice sanctionnant le non-respect d\u2019obligations juridiques par l\u2019\u00c9tat.<\/p>\n\n\n\n<h2 class=\"wp-block-heading\" id=\"h-acquitte-par-un-tribunal-americain-en-2023\">Acquitt\u00e9 par un tribunal am\u00e9ricain en 2023 <\/h2>\n\n\n\n<p>Le dossier reste particuli\u00e8rement sensible en Belgique. Apr\u00e8s plus d\u2019une d\u00e9cennie de d\u00e9tention aux \u00c9tats-Unis, Trabelsi a finalement \u00e9t\u00e9 acquitt\u00e9 par un tribunal am\u00e9ricain en 2023 avant de revenir en Belgique en 2025.<\/p>\n\n\n\n<p class=\"has-medium-font-size\"><strong>Lire aussi :<\/strong> <a href=\"https:\/\/www.webdo.tn\/fr\/actualite\/terrorisme\/la-tunisie-parmi-les-six-pays-qui-fournissent-le-plus-de-jihadistes-a-lei-selon-un-rapport-de-lonu\/180019\/\">La Tunisie parmi les six pays qui fournissent le plus de jihadistes \u00e0 l\u2019EI, selon un rapport de l\u2019ONU<\/a><br><\/p>\n\n\n\n<p>La r\u00e9v\u00e9lation du montant global des indemnit\u00e9s a relanc\u00e9 un d\u00e9bat politique dans le pays. Certains responsables d\u00e9noncent le co\u00fbt financier de cette affaire, tandis que d\u2019autres rappellent qu\u2019il s\u2019agit d\u2019une cons\u00e9quence du principe de l\u2019\u00c9tat de droit et du respect des d\u00e9cisions de justice.<\/p>\n","protected":false},"excerpt":{"rendered":"<p>L\u2019affaire de l\u2019ancien djihadiste tunisien Nizar Trabelsi est revenue au centre de l\u2019actualit\u00e9 en Belgique ces derniers jours, apr\u00e8s des r\u00e9v\u00e9lations m\u00e9diatiques sur le montant total des indemnit\u00e9s et astreintes que l\u2019\u00c9tat belge a d\u00fb verser dans ce dossier, d\u00e9passant d\u00e9sormais 600 000 euros. Ancien footballeur professionnel devenu membre d\u2019Al-Qa\u00efda, Trabelsi avait \u00e9t\u00e9 condamn\u00e9 en [&hellip;]<\/p>\n","protected":false},"author":3184,"featured_media":394588,"comment_status":"closed","ping_status":"closed","sticky":false,"template":"","format":"standard","meta":{"footnotes":""},"categories":[2598],"tags":[13839],"class_list":["post-394587","post","type-post","status-publish","format-standard","has-post-thumbnail","hentry","category-international","tag-nizar-trabelsi"],"yoast_head":"<!-- This site is optimized with the Yoast SEO Premium plugin v27.5 (Yoast SEO v27.5) - https:\/\/yoast.com\/product\/yoast-seo-premium-wordpress\/ -->\n<title>Bruxelles contrainte de payer plus de 600 000 euros \u00e0 un ex-djihadiste tunisien - webdo<\/title>\n<meta name=\"description\" content=\"D\u00e9couvrez le cas de l&#039;ex-djihadiste tunisien Nizar Trabelsi et les indemnit\u00e9s vers\u00e9es par l&#039;\u00c9tat belge.\" \/>\n<link rel=\"canonical\" href=\"https:\/\/www.webdo.tn\/fr\/actualite\/international\/bruxelles-contrainte-de-payer-plus-de-600-000-euros-a-un-ex-djihadiste-tunisien\/394587\/\" \/>\n<meta property=\"og:locale\" content=\"fr_FR\" \/>\n<meta property=\"og:type\" content=\"article\" \/>\n<meta property=\"og:title\" content=\"Bruxelles contrainte de payer plus de 600 000 euros \u00e0 un ex-djihadiste tunisien\" \/>\n<meta property=\"og:description\" content=\"D\u00e9couvrez le cas de l&#039;ex-djihadiste tunisien Nizar Trabelsi et les indemnit\u00e9s vers\u00e9es par l&#039;\u00c9tat belge.\" \/>\n<meta property=\"og:url\" content=\"https:\/\/www.webdo.tn\/fr\/actualite\/international\/bruxelles-contrainte-de-payer-plus-de-600-000-euros-a-un-ex-djihadiste-tunisien\/394587\/\" \/>\n<meta property=\"og:site_name\" content=\"webdo\" \/>\n<meta property=\"article:publisher\" content=\"https:\/\/www.facebook.com\/webdotn\" \/>\n<meta property=\"article:published_time\" content=\"2026-03-14T07:20:16+00:00\" \/>\n<meta property=\"article:modified_time\" content=\"2026-03-14T07:20:17+00:00\" \/>\n<meta property=\"og:image\" content=\"https:\/\/www.webdo.tn\/fr\/wp-content\/uploads\/2026\/03\/Nizar-Trabelsi.jpg\" \/>\n\t<meta property=\"og:image:width\" content=\"1200\" \/>\n\t<meta property=\"og:image:height\" content=\"607\" \/>\n\t<meta property=\"og:image:type\" content=\"image\/jpeg\" \/>\n<meta name=\"author\" content=\"Wided Belhaj\" \/>\n<meta name=\"twitter:card\" content=\"summary_large_image\" \/>\n<meta name=\"twitter:creator\" content=\"@webdo_tn\" \/>\n<meta name=\"twitter:site\" content=\"@webdo_tn\" \/>\n<meta name=\"twitter:label1\" content=\"\u00c9crit par\" \/>\n\t<meta name=\"twitter:data1\" content=\"Wided Belhaj\" \/>\n\t<meta name=\"twitter:label2\" content=\"Dur\u00e9e de lecture estim\u00e9e\" \/>\n\t<meta name=\"twitter:data2\" content=\"3 minutes\" \/>\n<script type=\"application\/ld+json\" class=\"yoast-schema-graph\">{\"@context\":\"https:\\\/\\\/schema.org\",\"@graph\":[{\"@type\":\"NewsArticle\",\"@id\":\"https:\\\/\\\/www.webdo.tn\\\/fr\\\/actualite\\\/international\\\/bruxelles-contrainte-de-payer-plus-de-600-000-euros-a-un-ex-djihadiste-tunisien\\\/394587\\\/#article\",\"isPartOf\":{\"@id\":\"https:\\\/\\\/www.webdo.tn\\\/fr\\\/actualite\\\/international\\\/bruxelles-contrainte-de-payer-plus-de-600-000-euros-a-un-ex-djihadiste-tunisien\\\/394587\\\/\"},\"author\":{\"name\":\"Wided Belhaj\",\"@id\":\"https:\\\/\\\/www.webdo.tn\\\/fr\\\/#\\\/schema\\\/person\\\/b9ecde7a5574cb4fcf4b496ea5fadb15\"},\"headline\":\"Bruxelles contrainte de payer plus de 600 000 euros \u00e0 un ex-djihadiste tunisien\",\"datePublished\":\"2026-03-14T07:20:16+00:00\",\"dateModified\":\"2026-03-14T07:20:17+00:00\",\"mainEntityOfPage\":{\"@id\":\"https:\\\/\\\/www.webdo.tn\\\/fr\\\/actualite\\\/international\\\/bruxelles-contrainte-de-payer-plus-de-600-000-euros-a-un-ex-djihadiste-tunisien\\\/394587\\\/\"},\"wordCount\":414,\"publisher\":{\"@id\":\"https:\\\/\\\/www.webdo.tn\\\/fr\\\/#organization\"},\"image\":{\"@id\":\"https:\\\/\\\/www.webdo.tn\\\/fr\\\/actualite\\\/international\\\/bruxelles-contrainte-de-payer-plus-de-600-000-euros-a-un-ex-djihadiste-tunisien\\\/394587\\\/#primaryimage\"},\"thumbnailUrl\":\"https:\\\/\\\/www.webdo.tn\\\/fr\\\/wp-content\\\/uploads\\\/2026\\\/03\\\/Nizar-Trabelsi.jpg\",\"keywords\":[\"Nizar Trabelsi\"],\"articleSection\":[\"International\"],\"inLanguage\":\"fr-FR\"},{\"@type\":\"WebPage\",\"@id\":\"https:\\\/\\\/www.webdo.tn\\\/fr\\\/actualite\\\/international\\\/bruxelles-contrainte-de-payer-plus-de-600-000-euros-a-un-ex-djihadiste-tunisien\\\/394587\\\/\",\"url\":\"https:\\\/\\\/www.webdo.tn\\\/fr\\\/actualite\\\/international\\\/bruxelles-contrainte-de-payer-plus-de-600-000-euros-a-un-ex-djihadiste-tunisien\\\/394587\\\/\",\"name\":\"Bruxelles contrainte de payer plus de 600 000 euros \u00e0 un ex-djihadiste tunisien - webdo\",\"isPartOf\":{\"@id\":\"https:\\\/\\\/www.webdo.tn\\\/fr\\\/#website\"},\"primaryImageOfPage\":{\"@id\":\"https:\\\/\\\/www.webdo.tn\\\/fr\\\/actualite\\\/international\\\/bruxelles-contrainte-de-payer-plus-de-600-000-euros-a-un-ex-djihadiste-tunisien\\\/394587\\\/#primaryimage\"},\"image\":{\"@id\":\"https:\\\/\\\/www.webdo.tn\\\/fr\\\/actualite\\\/international\\\/bruxelles-contrainte-de-payer-plus-de-600-000-euros-a-un-ex-djihadiste-tunisien\\\/394587\\\/#primaryimage\"},\"thumbnailUrl\":\"https:\\\/\\\/www.webdo.tn\\\/fr\\\/wp-content\\\/uploads\\\/2026\\\/03\\\/Nizar-Trabelsi.jpg\",\"datePublished\":\"2026-03-14T07:20:16+00:00\",\"dateModified\":\"2026-03-14T07:20:17+00:00\",\"description\":\"D\u00e9couvrez le cas de l'ex-djihadiste tunisien Nizar Trabelsi et les indemnit\u00e9s vers\u00e9es par l'\u00c9tat belge.\",\"breadcrumb\":{\"@id\":\"https:\\\/\\\/www.webdo.tn\\\/fr\\\/actualite\\\/international\\\/bruxelles-contrainte-de-payer-plus-de-600-000-euros-a-un-ex-djihadiste-tunisien\\\/394587\\\/#breadcrumb\"},\"inLanguage\":\"fr-FR\",\"potentialAction\":[{\"@type\":\"ReadAction\",\"target\":[\"https:\\\/\\\/www.webdo.tn\\\/fr\\\/actualite\\\/international\\\/bruxelles-contrainte-de-payer-plus-de-600-000-euros-a-un-ex-djihadiste-tunisien\\\/394587\\\/\"]}]},{\"@type\":\"ImageObject\",\"inLanguage\":\"fr-FR\",\"@id\":\"https:\\\/\\\/www.webdo.tn\\\/fr\\\/actualite\\\/international\\\/bruxelles-contrainte-de-payer-plus-de-600-000-euros-a-un-ex-djihadiste-tunisien\\\/394587\\\/#primaryimage\",\"url\":\"https:\\\/\\\/www.webdo.tn\\\/fr\\\/wp-content\\\/uploads\\\/2026\\\/03\\\/Nizar-Trabelsi.jpg\",\"contentUrl\":\"https:\\\/\\\/www.webdo.tn\\\/fr\\\/wp-content\\\/uploads\\\/2026\\\/03\\\/Nizar-Trabelsi.jpg\",\"width\":1200,\"height\":607,\"caption\":\"Nizar Trabelsi\"},{\"@type\":\"BreadcrumbList\",\"@id\":\"https:\\\/\\\/www.webdo.tn\\\/fr\\\/actualite\\\/international\\\/bruxelles-contrainte-de-payer-plus-de-600-000-euros-a-un-ex-djihadiste-tunisien\\\/394587\\\/#breadcrumb\",\"itemListElement\":[{\"@type\":\"ListItem\",\"position\":1,\"name\":\"Accueil\",\"item\":\"https:\\\/\\\/www.webdo.tn\\\/fr\\\/\"},{\"@type\":\"ListItem\",\"position\":2,\"name\":\"Bruxelles contrainte de payer plus de 600 000 euros \u00e0 un ex-djihadiste tunisien\"}]},{\"@type\":\"WebSite\",\"@id\":\"https:\\\/\\\/www.webdo.tn\\\/fr\\\/#website\",\"url\":\"https:\\\/\\\/www.webdo.tn\\\/fr\\\/\",\"name\":\"webdo\",\"description\":\"Tunisie - News en Tunisie et \u00e0 l&#039;international sur Webdo.tn\",\"publisher\":{\"@id\":\"https:\\\/\\\/www.webdo.tn\\\/fr\\\/#organization\"},\"potentialAction\":[{\"@type\":\"SearchAction\",\"target\":{\"@type\":\"EntryPoint\",\"urlTemplate\":\"https:\\\/\\\/www.webdo.tn\\\/fr\\\/?s={search_term_string}\"},\"query-input\":{\"@type\":\"PropertyValueSpecification\",\"valueRequired\":true,\"valueName\":\"search_term_string\"}}],\"inLanguage\":\"fr-FR\"},{\"@type\":\"Organization\",\"@id\":\"https:\\\/\\\/www.webdo.tn\\\/fr\\\/#organization\",\"name\":\"Webdo\",\"alternateName\":\"Webdo.tn\",\"url\":\"https:\\\/\\\/www.webdo.tn\\\/fr\\\/\",\"logo\":{\"@type\":\"ImageObject\",\"inLanguage\":\"fr-FR\",\"@id\":\"https:\\\/\\\/www.webdo.tn\\\/fr\\\/#\\\/schema\\\/logo\\\/image\\\/\",\"url\":\"https:\\\/\\\/www.webdo.tn\\\/fr\\\/wp-content\\\/uploads\\\/2025\\\/06\\\/Webdo-Tunisie_168377.jpg\",\"contentUrl\":\"https:\\\/\\\/www.webdo.tn\\\/fr\\\/wp-content\\\/uploads\\\/2025\\\/06\\\/Webdo-Tunisie_168377.jpg\",\"width\":301,\"height\":301,\"caption\":\"Webdo\"},\"image\":{\"@id\":\"https:\\\/\\\/www.webdo.tn\\\/fr\\\/#\\\/schema\\\/logo\\\/image\\\/\"},\"sameAs\":[\"https:\\\/\\\/www.facebook.com\\\/webdotn\",\"https:\\\/\\\/x.com\\\/webdo_tn\"],\"description\":\"Webdo est un m\u00e9dia num\u00e9rique tunisien fond\u00e9 en 2010, sp\u00e9cialis\u00e9 dans l\u2019actualit\u00e9 nationale et internationale, l\u2019\u00e9conomie, la soci\u00e9t\u00e9 et les analyses politiques. Le site s\u2019adresse \u00e0 un large public francophone et couvre l\u2019information tunisienne en temps r\u00e9el.\",\"email\":\"redac@webdo.tn\",\"legalName\":\"YNJ SARL\",\"foundingDate\":\"2010-09-06\",\"numberOfEmployees\":{\"@type\":\"QuantitativeValue\",\"minValue\":\"11\",\"maxValue\":\"50\"}},{\"@type\":\"Person\",\"@id\":\"https:\\\/\\\/www.webdo.tn\\\/fr\\\/#\\\/schema\\\/person\\\/b9ecde7a5574cb4fcf4b496ea5fadb15\",\"name\":\"Wided Belhaj\",\"image\":{\"@type\":\"ImageObject\",\"inLanguage\":\"fr-FR\",\"@id\":\"https:\\\/\\\/www.webdo.tn\\\/fr\\\/wp-content\\\/uploads\\\/2026\\\/04\\\/wided-belhaj_avatar-96x96.jpg\",\"url\":\"https:\\\/\\\/www.webdo.tn\\\/fr\\\/wp-content\\\/uploads\\\/2026\\\/04\\\/wided-belhaj_avatar-96x96.jpg\",\"contentUrl\":\"https:\\\/\\\/www.webdo.tn\\\/fr\\\/wp-content\\\/uploads\\\/2026\\\/04\\\/wided-belhaj_avatar-96x96.jpg\",\"caption\":\"Wided Belhaj\"},\"description\":\"Wided Belhaj est le pseudonyme \u00e9ditorial utilis\u00e9 par Khalil Jelassi, journaliste, ma\u00eetre-assistant \u00e0 l\u2019Institut de presse et des sciences de l\u2019information (IPSI) et chercheur en sciences de l\u2019information et de la communication. Cette signature est d\u00e9di\u00e9e \u00e0 l\u2019analyse des m\u00e9dias, des pratiques journalistiques et des mutations de l\u2019information \u00e0 l\u2019\u00e8re digitale. \u00c0 travers ses contributions, Wided Belhaj propose une lecture analytique de l\u2019actualit\u00e9, en croisant regard critique et expertise acad\u00e9mique.\",\"knowsAbout\":[\"m\u00e9dias\",\"journalisme\",\"communication\",\"information\",\"transformation num\u00e9rique\",\"analyse des m\u00e9dias\"],\"knowsLanguage\":[\"Fran\u00e7ais\",\"Arabe\"],\"jobTitle\":\"Webdo.tn\",\"worksFor\":\"Journaliste \u2013 Analyse des m\u00e9dias\",\"url\":\"https:\\\/\\\/www.webdo.tn\\\/fr\\\/actualite\\\/author\\\/wided-belhaj\\\/\"}]}<\/script>\n<!-- \/ Yoast SEO Premium plugin. -->","yoast_head_json":{"title":"Bruxelles contrainte de payer plus de 600 000 euros \u00e0 un ex-djihadiste tunisien - webdo","description":"D\u00e9couvrez le cas de l'ex-djihadiste tunisien Nizar Trabelsi et les indemnit\u00e9s vers\u00e9es par l'\u00c9tat belge.","canonical":"https:\/\/www.webdo.tn\/fr\/actualite\/international\/bruxelles-contrainte-de-payer-plus-de-600-000-euros-a-un-ex-djihadiste-tunisien\/394587\/","og_locale":"fr_FR","og_type":"article","og_title":"Bruxelles contrainte de payer plus de 600 000 euros \u00e0 un ex-djihadiste tunisien","og_description":"D\u00e9couvrez le cas de l'ex-djihadiste tunisien Nizar Trabelsi et les indemnit\u00e9s vers\u00e9es par l'\u00c9tat belge.","og_url":"https:\/\/www.webdo.tn\/fr\/actualite\/international\/bruxelles-contrainte-de-payer-plus-de-600-000-euros-a-un-ex-djihadiste-tunisien\/394587\/","og_site_name":"webdo","article_publisher":"https:\/\/www.facebook.com\/webdotn","article_published_time":"2026-03-14T07:20:16+00:00","article_modified_time":"2026-03-14T07:20:17+00:00","og_image":[{"width":1200,"height":607,"url":"https:\/\/www.webdo.tn\/fr\/wp-content\/uploads\/2026\/03\/Nizar-Trabelsi.jpg","type":"image\/jpeg"}],"author":"Wided Belhaj","twitter_card":"summary_large_image","twitter_creator":"@webdo_tn","twitter_site":"@webdo_tn","twitter_misc":{"\u00c9crit par":"Wided Belhaj","Dur\u00e9e de lecture estim\u00e9e":"3 minutes"},"schema":{"@context":"https:\/\/schema.org","@graph":[{"@type":"NewsArticle","@id":"https:\/\/www.webdo.tn\/fr\/actualite\/international\/bruxelles-contrainte-de-payer-plus-de-600-000-euros-a-un-ex-djihadiste-tunisien\/394587\/#article","isPartOf":{"@id":"https:\/\/www.webdo.tn\/fr\/actualite\/international\/bruxelles-contrainte-de-payer-plus-de-600-000-euros-a-un-ex-djihadiste-tunisien\/394587\/"},"author":{"name":"Wided Belhaj","@id":"https:\/\/www.webdo.tn\/fr\/#\/schema\/person\/b9ecde7a5574cb4fcf4b496ea5fadb15"},"headline":"Bruxelles contrainte de payer plus de 600 000 euros \u00e0 un ex-djihadiste tunisien","datePublished":"2026-03-14T07:20:16+00:00","dateModified":"2026-03-14T07:20:17+00:00","mainEntityOfPage":{"@id":"https:\/\/www.webdo.tn\/fr\/actualite\/international\/bruxelles-contrainte-de-payer-plus-de-600-000-euros-a-un-ex-djihadiste-tunisien\/394587\/"},"wordCount":414,"publisher":{"@id":"https:\/\/www.webdo.tn\/fr\/#organization"},"image":{"@id":"https:\/\/www.webdo.tn\/fr\/actualite\/international\/bruxelles-contrainte-de-payer-plus-de-600-000-euros-a-un-ex-djihadiste-tunisien\/394587\/#primaryimage"},"thumbnailUrl":"https:\/\/www.webdo.tn\/fr\/wp-content\/uploads\/2026\/03\/Nizar-Trabelsi.jpg","keywords":["Nizar Trabelsi"],"articleSection":["International"],"inLanguage":"fr-FR"},{"@type":"WebPage","@id":"https:\/\/www.webdo.tn\/fr\/actualite\/international\/bruxelles-contrainte-de-payer-plus-de-600-000-euros-a-un-ex-djihadiste-tunisien\/394587\/","url":"https:\/\/www.webdo.tn\/fr\/actualite\/international\/bruxelles-contrainte-de-payer-plus-de-600-000-euros-a-un-ex-djihadiste-tunisien\/394587\/","name":"Bruxelles contrainte de payer plus de 600 000 euros \u00e0 un ex-djihadiste tunisien - webdo","isPartOf":{"@id":"https:\/\/www.webdo.tn\/fr\/#website"},"primaryImageOfPage":{"@id":"https:\/\/www.webdo.tn\/fr\/actualite\/international\/bruxelles-contrainte-de-payer-plus-de-600-000-euros-a-un-ex-djihadiste-tunisien\/394587\/#primaryimage"},"image":{"@id":"https:\/\/www.webdo.tn\/fr\/actualite\/international\/bruxelles-contrainte-de-payer-plus-de-600-000-euros-a-un-ex-djihadiste-tunisien\/394587\/#primaryimage"},"thumbnailUrl":"https:\/\/www.webdo.tn\/fr\/wp-content\/uploads\/2026\/03\/Nizar-Trabelsi.jpg","datePublished":"2026-03-14T07:20:16+00:00","dateModified":"2026-03-14T07:20:17+00:00","description":"D\u00e9couvrez le cas de l'ex-djihadiste tunisien Nizar Trabelsi et les indemnit\u00e9s vers\u00e9es par l'\u00c9tat belge.","breadcrumb":{"@id":"https:\/\/www.webdo.tn\/fr\/actualite\/international\/bruxelles-contrainte-de-payer-plus-de-600-000-euros-a-un-ex-djihadiste-tunisien\/394587\/#breadcrumb"},"inLanguage":"fr-FR","potentialAction":[{"@type":"ReadAction","target":["https:\/\/www.webdo.tn\/fr\/actualite\/international\/bruxelles-contrainte-de-payer-plus-de-600-000-euros-a-un-ex-djihadiste-tunisien\/394587\/"]}]},{"@type":"ImageObject","inLanguage":"fr-FR","@id":"https:\/\/www.webdo.tn\/fr\/actualite\/international\/bruxelles-contrainte-de-payer-plus-de-600-000-euros-a-un-ex-djihadiste-tunisien\/394587\/#primaryimage","url":"https:\/\/www.webdo.tn\/fr\/wp-content\/uploads\/2026\/03\/Nizar-Trabelsi.jpg","contentUrl":"https:\/\/www.webdo.tn\/fr\/wp-content\/uploads\/2026\/03\/Nizar-Trabelsi.jpg","width":1200,"height":607,"caption":"Nizar Trabelsi"},{"@type":"BreadcrumbList","@id":"https:\/\/www.webdo.tn\/fr\/actualite\/international\/bruxelles-contrainte-de-payer-plus-de-600-000-euros-a-un-ex-djihadiste-tunisien\/394587\/#breadcrumb","itemListElement":[{"@type":"ListItem","position":1,"name":"Accueil","item":"https:\/\/www.webdo.tn\/fr\/"},{"@type":"ListItem","position":2,"name":"Bruxelles contrainte de payer plus de 600 000 euros \u00e0 un ex-djihadiste tunisien"}]},{"@type":"WebSite","@id":"https:\/\/www.webdo.tn\/fr\/#website","url":"https:\/\/www.webdo.tn\/fr\/","name":"webdo","description":"Tunisie - News en Tunisie et \u00e0 l&#039;international sur Webdo.tn","publisher":{"@id":"https:\/\/www.webdo.tn\/fr\/#organization"},"potentialAction":[{"@type":"SearchAction","target":{"@type":"EntryPoint","urlTemplate":"https:\/\/www.webdo.tn\/fr\/?s={search_term_string}"},"query-input":{"@type":"PropertyValueSpecification","valueRequired":true,"valueName":"search_term_string"}}],"inLanguage":"fr-FR"},{"@type":"Organization","@id":"https:\/\/www.webdo.tn\/fr\/#organization","name":"Webdo","alternateName":"Webdo.tn","url":"https:\/\/www.webdo.tn\/fr\/","logo":{"@type":"ImageObject","inLanguage":"fr-FR","@id":"https:\/\/www.webdo.tn\/fr\/#\/schema\/logo\/image\/","url":"https:\/\/www.webdo.tn\/fr\/wp-content\/uploads\/2025\/06\/Webdo-Tunisie_168377.jpg","contentUrl":"https:\/\/www.webdo.tn\/fr\/wp-content\/uploads\/2025\/06\/Webdo-Tunisie_168377.jpg","width":301,"height":301,"caption":"Webdo"},"image":{"@id":"https:\/\/www.webdo.tn\/fr\/#\/schema\/logo\/image\/"},"sameAs":["https:\/\/www.facebook.com\/webdotn","https:\/\/x.com\/webdo_tn"],"description":"Webdo est un m\u00e9dia num\u00e9rique tunisien fond\u00e9 en 2010, sp\u00e9cialis\u00e9 dans l\u2019actualit\u00e9 nationale et internationale, l\u2019\u00e9conomie, la soci\u00e9t\u00e9 et les analyses politiques. Le site s\u2019adresse \u00e0 un large public francophone et couvre l\u2019information tunisienne en temps r\u00e9el.","email":"redac@webdo.tn","legalName":"YNJ SARL","foundingDate":"2010-09-06","numberOfEmployees":{"@type":"QuantitativeValue","minValue":"11","maxValue":"50"}},{"@type":"Person","@id":"https:\/\/www.webdo.tn\/fr\/#\/schema\/person\/b9ecde7a5574cb4fcf4b496ea5fadb15","name":"Wided Belhaj","image":{"@type":"ImageObject","inLanguage":"fr-FR","@id":"https:\/\/www.webdo.tn\/fr\/wp-content\/uploads\/2026\/04\/wided-belhaj_avatar-96x96.jpg","url":"https:\/\/www.webdo.tn\/fr\/wp-content\/uploads\/2026\/04\/wided-belhaj_avatar-96x96.jpg","contentUrl":"https:\/\/www.webdo.tn\/fr\/wp-content\/uploads\/2026\/04\/wided-belhaj_avatar-96x96.jpg","caption":"Wided Belhaj"},"description":"Wided Belhaj est le pseudonyme \u00e9ditorial utilis\u00e9 par Khalil Jelassi, journaliste, ma\u00eetre-assistant \u00e0 l\u2019Institut de presse et des sciences de l\u2019information (IPSI) et chercheur en sciences de l\u2019information et de la communication. Cette signature est d\u00e9di\u00e9e \u00e0 l\u2019analyse des m\u00e9dias, des pratiques journalistiques et des mutations de l\u2019information \u00e0 l\u2019\u00e8re digitale. \u00c0 travers ses contributions, Wided Belhaj propose une lecture analytique de l\u2019actualit\u00e9, en croisant regard critique et expertise acad\u00e9mique.","knowsAbout":["m\u00e9dias","journalisme","communication","information","transformation num\u00e9rique","analyse des m\u00e9dias"],"knowsLanguage":["Fran\u00e7ais","Arabe"],"jobTitle":"Webdo.tn","worksFor":"Journaliste \u2013 Analyse des m\u00e9dias","url":"https:\/\/www.webdo.tn\/fr\/actualite\/author\/wided-belhaj\/"}]}},"_links":{"self":[{"href":"https:\/\/www.webdo.tn\/fr\/wp-json\/wp\/v2\/posts\/394587","targetHints":{"allow":["GET"]}}],"collection":[{"href":"https:\/\/www.webdo.tn\/fr\/wp-json\/wp\/v2\/posts"}],"about":[{"href":"https:\/\/www.webdo.tn\/fr\/wp-json\/wp\/v2\/types\/post"}],"author":[{"embeddable":true,"href":"https:\/\/www.webdo.tn\/fr\/wp-json\/wp\/v2\/users\/3184"}],"replies":[{"embeddable":true,"href":"https:\/\/www.webdo.tn\/fr\/wp-json\/wp\/v2\/comments?post=394587"}],"version-history":[{"count":0,"href":"https:\/\/www.webdo.tn\/fr\/wp-json\/wp\/v2\/posts\/394587\/revisions"}],"wp:featuredmedia":[{"embeddable":true,"href":"https:\/\/www.webdo.tn\/fr\/wp-json\/wp\/v2\/media\/394588"}],"wp:attachment":[{"href":"https:\/\/www.webdo.tn\/fr\/wp-json\/wp\/v2\/media?parent=394587"}],"wp:term":[{"taxonomy":"category","embeddable":true,"href":"https:\/\/www.webdo.tn\/fr\/wp-json\/wp\/v2\/categories?post=394587"},{"taxonomy":"post_tag","embeddable":true,"href":"https:\/\/www.webdo.tn\/fr\/wp-json\/wp\/v2\/tags?post=394587"}],"curies":[{"name":"wp","href":"https:\/\/api.w.org\/{rel}","templated":true}]}}