{"id":394585,"date":"2026-03-14T08:04:46","date_gmt":"2026-03-14T07:04:46","guid":{"rendered":"https:\/\/www.webdo.tn\/fr\/?p=394585"},"modified":"2026-03-14T08:04:47","modified_gmt":"2026-03-14T07:04:47","slug":"abir-moussi-condamnee-a-10-ans-de-prison","status":"publish","type":"post","link":"https:\/\/www.webdo.tn\/fr\/actualite\/national\/abir-moussi-condamnee-a-10-ans-de-prison\/394585\/","title":{"rendered":"Abir Moussi condamn\u00e9e \u00e0 10 ans de prison"},"content":{"rendered":"\n<p><strong>La cheffe du Parti destourien libre, Abir Moussi, a \u00e9t\u00e9 condamn\u00e9e vendredi 13 mars 2026 \u00e0 un total de dix ans de prison par la chambre criminelle de la Cour d\u2019appel de Tunis, selon des informations rapport\u00e9es par Mosa\u00efque FM.<\/strong><\/p>\n\n\n\n<p>Dans le d\u00e9tail, la juridiction l\u2019a condamn\u00e9e \u00e0 neuf ans de prison pour \u00ab atteinte visant \u00e0 changer la forme de l\u2019\u00c9tat et \u00e0 inciter les habitants \u00e0 s\u2019attaquer les uns aux autres par les armes et \u00e0 semer le trouble sur le territoire tunisien \u00bb.<\/p>\n\n\n\n<h2 class=\"wp-block-heading\" id=\"h-deux-peines-supplementaires\">Deux peines suppl\u00e9mentaires<\/h2>\n\n\n\n<p>La m\u00eame chambre a \u00e9galement prononc\u00e9 deux peines suppl\u00e9mentaires de six mois chacune : la premi\u00e8re pour traitement de donn\u00e9es personnelles sans l\u2019autorisation de leur propri\u00e9taire, et la seconde pour entrave \u00e0 la libert\u00e9 de travail.<\/p>\n\n\n\n<p>Au total, les diff\u00e9rentes condamnations prononc\u00e9es \u00e0 son encontre portent ainsi la peine globale \u00e0 dix ans de prison.<\/p>\n\n\n\n<h2 class=\"wp-block-heading\" id=\"h-traitement-de-donnees-personnelles\"> Traitement de donn\u00e9es personnelles <\/h2>\n\n\n\n<p>Dans la m\u00eame affaire, la militante politique Meriem Sassi a \u00e9t\u00e9 condamn\u00e9e \u00e0 deux peines de six mois de prison : l\u2019une pour traitement de donn\u00e9es personnelles sans autorisation et l\u2019autre pour entrave \u00e0 la libert\u00e9 de travail.<\/p>\n\n\n\n<p class=\"has-medium-font-size\"><strong>Lire aussi :<\/strong> <a href=\"https:\/\/www.webdo.tn\/fr\/actualite\/national\/recusation-abir-moussi-conteste-le-juge-charge-de-son-dossier-a-la-cour-dappel\/388015\/\">R\u00e9cusation : Abir Moussi conteste le juge charg\u00e9 de son dossier \u00e0 la Cour d\u2019appel<\/a><\/p>\n\n\n\n<p>Rappelons \u00e9galement que la Chambre criminelle du tribunal de premi\u00e8re instance de Tunis avait condamn\u00e9 Abir Moussi \u00e0 12 ans de prison, dans l\u2019affaire du bureau d\u2019ordre de la Pr\u00e9sidence de la R\u00e9publique. Mariam Sassi a \u00e9t\u00e9 condamn\u00e9e \u00e0 deux ans de prison. L\u2019opposante avait comparu en \u00e9tat d\u2019arrestation pour des faits qualifi\u00e9s d\u2019atteinte \u00e0 la structure de l\u2019\u00c9tat<\/p>\n","protected":false},"excerpt":{"rendered":"<p>La cheffe du Parti destourien libre, Abir Moussi, a \u00e9t\u00e9 condamn\u00e9e vendredi 13 mars 2026 \u00e0 un total de dix ans de prison par la chambre criminelle de la Cour d\u2019appel de Tunis, selon des informations rapport\u00e9es par Mosa\u00efque FM. Dans le d\u00e9tail, la juridiction l\u2019a condamn\u00e9e \u00e0 neuf ans de prison pour \u00ab atteinte [&hellip;]<\/p>\n","protected":false},"author":3184,"featured_media":386210,"comment_status":"closed","ping_status":"closed","sticky":false,"template":"","format":"standard","meta":{"footnotes":""},"categories":[44],"tags":[2926,2708,2608],"class_list":["post-394585","post","type-post","status-publish","format-standard","has-post-thumbnail","hentry","category-national","tag-abir-moussi","tag-prison","tag-tunisie"],"yoast_head":"<!-- This site is optimized with the Yoast SEO Premium plugin v27.5 (Yoast SEO v27.5) - https:\/\/yoast.com\/product\/yoast-seo-premium-wordpress\/ -->\n<title>Abir Moussi condamn\u00e9e \u00e0 10 ans de prison - webdo<\/title>\n<meta name=\"description\" content=\"Abir Moussi condamn\u00e9e \u00e0 dix ans de prison pour diverses infractions \u00e0 Tunis. D\u00e9couvrez les d\u00e9tails de son proc\u00e8s.\" \/>\n<link rel=\"canonical\" href=\"https:\/\/www.webdo.tn\/fr\/actualite\/national\/abir-moussi-condamnee-a-10-ans-de-prison\/394585\/\" \/>\n<meta property=\"og:locale\" content=\"fr_FR\" \/>\n<meta property=\"og:type\" content=\"article\" \/>\n<meta property=\"og:title\" content=\"Abir Moussi condamn\u00e9e \u00e0 10 ans de prison\" \/>\n<meta property=\"og:description\" content=\"Abir Moussi condamn\u00e9e \u00e0 dix ans de prison pour diverses infractions \u00e0 Tunis. D\u00e9couvrez les d\u00e9tails de son proc\u00e8s.\" \/>\n<meta property=\"og:url\" content=\"https:\/\/www.webdo.tn\/fr\/actualite\/national\/abir-moussi-condamnee-a-10-ans-de-prison\/394585\/\" \/>\n<meta property=\"og:site_name\" content=\"webdo\" \/>\n<meta property=\"article:publisher\" content=\"https:\/\/www.facebook.com\/webdotn\" \/>\n<meta property=\"article:published_time\" content=\"2026-03-14T07:04:46+00:00\" \/>\n<meta property=\"article:modified_time\" content=\"2026-03-14T07:04:47+00:00\" \/>\n<meta property=\"og:image\" content=\"https:\/\/www.webdo.tn\/fr\/wp-content\/uploads\/2025\/10\/Abir-Moussi-1.jpg\" \/>\n\t<meta property=\"og:image:width\" content=\"1200\" \/>\n\t<meta property=\"og:image:height\" content=\"600\" \/>\n\t<meta property=\"og:image:type\" content=\"image\/jpeg\" \/>\n<meta name=\"author\" content=\"Wided Belhaj\" \/>\n<meta name=\"twitter:card\" content=\"summary_large_image\" \/>\n<meta name=\"twitter:creator\" content=\"@webdo_tn\" \/>\n<meta name=\"twitter:site\" content=\"@webdo_tn\" \/>\n<meta name=\"twitter:label1\" content=\"\u00c9crit par\" \/>\n\t<meta name=\"twitter:data1\" content=\"Wided Belhaj\" \/>\n\t<meta name=\"twitter:label2\" content=\"Dur\u00e9e de lecture estim\u00e9e\" \/>\n\t<meta name=\"twitter:data2\" content=\"2 minutes\" \/>\n<script type=\"application\/ld+json\" class=\"yoast-schema-graph\">{\"@context\":\"https:\\\/\\\/schema.org\",\"@graph\":[{\"@type\":\"NewsArticle\",\"@id\":\"https:\\\/\\\/www.webdo.tn\\\/fr\\\/actualite\\\/national\\\/abir-moussi-condamnee-a-10-ans-de-prison\\\/394585\\\/#article\",\"isPartOf\":{\"@id\":\"https:\\\/\\\/www.webdo.tn\\\/fr\\\/actualite\\\/national\\\/abir-moussi-condamnee-a-10-ans-de-prison\\\/394585\\\/\"},\"author\":{\"name\":\"Wided Belhaj\",\"@id\":\"https:\\\/\\\/www.webdo.tn\\\/fr\\\/#\\\/schema\\\/person\\\/b9ecde7a5574cb4fcf4b496ea5fadb15\"},\"headline\":\"Abir Moussi condamn\u00e9e \u00e0 10 ans de prison\",\"datePublished\":\"2026-03-14T07:04:46+00:00\",\"dateModified\":\"2026-03-14T07:04:47+00:00\",\"mainEntityOfPage\":{\"@id\":\"https:\\\/\\\/www.webdo.tn\\\/fr\\\/actualite\\\/national\\\/abir-moussi-condamnee-a-10-ans-de-prison\\\/394585\\\/\"},\"wordCount\":283,\"publisher\":{\"@id\":\"https:\\\/\\\/www.webdo.tn\\\/fr\\\/#organization\"},\"image\":{\"@id\":\"https:\\\/\\\/www.webdo.tn\\\/fr\\\/actualite\\\/national\\\/abir-moussi-condamnee-a-10-ans-de-prison\\\/394585\\\/#primaryimage\"},\"thumbnailUrl\":\"https:\\\/\\\/www.webdo.tn\\\/fr\\\/wp-content\\\/uploads\\\/2025\\\/10\\\/Abir-Moussi-1.jpg\",\"keywords\":[\"Abir Moussi\",\"Prison\",\"Tunisie\"],\"articleSection\":[\"National\"],\"inLanguage\":\"fr-FR\"},{\"@type\":\"WebPage\",\"@id\":\"https:\\\/\\\/www.webdo.tn\\\/fr\\\/actualite\\\/national\\\/abir-moussi-condamnee-a-10-ans-de-prison\\\/394585\\\/\",\"url\":\"https:\\\/\\\/www.webdo.tn\\\/fr\\\/actualite\\\/national\\\/abir-moussi-condamnee-a-10-ans-de-prison\\\/394585\\\/\",\"name\":\"Abir Moussi condamn\u00e9e \u00e0 10 ans de prison - webdo\",\"isPartOf\":{\"@id\":\"https:\\\/\\\/www.webdo.tn\\\/fr\\\/#website\"},\"primaryImageOfPage\":{\"@id\":\"https:\\\/\\\/www.webdo.tn\\\/fr\\\/actualite\\\/national\\\/abir-moussi-condamnee-a-10-ans-de-prison\\\/394585\\\/#primaryimage\"},\"image\":{\"@id\":\"https:\\\/\\\/www.webdo.tn\\\/fr\\\/actualite\\\/national\\\/abir-moussi-condamnee-a-10-ans-de-prison\\\/394585\\\/#primaryimage\"},\"thumbnailUrl\":\"https:\\\/\\\/www.webdo.tn\\\/fr\\\/wp-content\\\/uploads\\\/2025\\\/10\\\/Abir-Moussi-1.jpg\",\"datePublished\":\"2026-03-14T07:04:46+00:00\",\"dateModified\":\"2026-03-14T07:04:47+00:00\",\"description\":\"Abir Moussi condamn\u00e9e \u00e0 dix ans de prison pour diverses infractions \u00e0 Tunis. D\u00e9couvrez les d\u00e9tails de son proc\u00e8s.\",\"breadcrumb\":{\"@id\":\"https:\\\/\\\/www.webdo.tn\\\/fr\\\/actualite\\\/national\\\/abir-moussi-condamnee-a-10-ans-de-prison\\\/394585\\\/#breadcrumb\"},\"inLanguage\":\"fr-FR\",\"potentialAction\":[{\"@type\":\"ReadAction\",\"target\":[\"https:\\\/\\\/www.webdo.tn\\\/fr\\\/actualite\\\/national\\\/abir-moussi-condamnee-a-10-ans-de-prison\\\/394585\\\/\"]}]},{\"@type\":\"ImageObject\",\"inLanguage\":\"fr-FR\",\"@id\":\"https:\\\/\\\/www.webdo.tn\\\/fr\\\/actualite\\\/national\\\/abir-moussi-condamnee-a-10-ans-de-prison\\\/394585\\\/#primaryimage\",\"url\":\"https:\\\/\\\/www.webdo.tn\\\/fr\\\/wp-content\\\/uploads\\\/2025\\\/10\\\/Abir-Moussi-1.jpg\",\"contentUrl\":\"https:\\\/\\\/www.webdo.tn\\\/fr\\\/wp-content\\\/uploads\\\/2025\\\/10\\\/Abir-Moussi-1.jpg\",\"width\":1200,\"height\":600,\"caption\":\"Affaire du bureau d\u2019ordre : Audience report\u00e9e, d\u00e9tention maintenue pour Abir Moussi\"},{\"@type\":\"BreadcrumbList\",\"@id\":\"https:\\\/\\\/www.webdo.tn\\\/fr\\\/actualite\\\/national\\\/abir-moussi-condamnee-a-10-ans-de-prison\\\/394585\\\/#breadcrumb\",\"itemListElement\":[{\"@type\":\"ListItem\",\"position\":1,\"name\":\"Accueil\",\"item\":\"https:\\\/\\\/www.webdo.tn\\\/fr\\\/\"},{\"@type\":\"ListItem\",\"position\":2,\"name\":\"Abir Moussi condamn\u00e9e \u00e0 10 ans de prison\"}]},{\"@type\":\"WebSite\",\"@id\":\"https:\\\/\\\/www.webdo.tn\\\/fr\\\/#website\",\"url\":\"https:\\\/\\\/www.webdo.tn\\\/fr\\\/\",\"name\":\"webdo\",\"description\":\"Tunisie - News en Tunisie et \u00e0 l&#039;international sur Webdo.tn\",\"publisher\":{\"@id\":\"https:\\\/\\\/www.webdo.tn\\\/fr\\\/#organization\"},\"potentialAction\":[{\"@type\":\"SearchAction\",\"target\":{\"@type\":\"EntryPoint\",\"urlTemplate\":\"https:\\\/\\\/www.webdo.tn\\\/fr\\\/?s={search_term_string}\"},\"query-input\":{\"@type\":\"PropertyValueSpecification\",\"valueRequired\":true,\"valueName\":\"search_term_string\"}}],\"inLanguage\":\"fr-FR\"},{\"@type\":\"Organization\",\"@id\":\"https:\\\/\\\/www.webdo.tn\\\/fr\\\/#organization\",\"name\":\"Webdo\",\"alternateName\":\"Webdo.tn\",\"url\":\"https:\\\/\\\/www.webdo.tn\\\/fr\\\/\",\"logo\":{\"@type\":\"ImageObject\",\"inLanguage\":\"fr-FR\",\"@id\":\"https:\\\/\\\/www.webdo.tn\\\/fr\\\/#\\\/schema\\\/logo\\\/image\\\/\",\"url\":\"https:\\\/\\\/www.webdo.tn\\\/fr\\\/wp-content\\\/uploads\\\/2025\\\/06\\\/Webdo-Tunisie_168377.jpg\",\"contentUrl\":\"https:\\\/\\\/www.webdo.tn\\\/fr\\\/wp-content\\\/uploads\\\/2025\\\/06\\\/Webdo-Tunisie_168377.jpg\",\"width\":301,\"height\":301,\"caption\":\"Webdo\"},\"image\":{\"@id\":\"https:\\\/\\\/www.webdo.tn\\\/fr\\\/#\\\/schema\\\/logo\\\/image\\\/\"},\"sameAs\":[\"https:\\\/\\\/www.facebook.com\\\/webdotn\",\"https:\\\/\\\/x.com\\\/webdo_tn\"],\"description\":\"Webdo est un m\u00e9dia num\u00e9rique tunisien fond\u00e9 en 2010, sp\u00e9cialis\u00e9 dans l\u2019actualit\u00e9 nationale et internationale, l\u2019\u00e9conomie, la soci\u00e9t\u00e9 et les analyses politiques. Le site s\u2019adresse \u00e0 un large public francophone et couvre l\u2019information tunisienne en temps r\u00e9el.\",\"email\":\"redac@webdo.tn\",\"legalName\":\"YNJ SARL\",\"foundingDate\":\"2010-09-06\",\"numberOfEmployees\":{\"@type\":\"QuantitativeValue\",\"minValue\":\"11\",\"maxValue\":\"50\"}},{\"@type\":\"Person\",\"@id\":\"https:\\\/\\\/www.webdo.tn\\\/fr\\\/#\\\/schema\\\/person\\\/b9ecde7a5574cb4fcf4b496ea5fadb15\",\"name\":\"Wided Belhaj\",\"image\":{\"@type\":\"ImageObject\",\"inLanguage\":\"fr-FR\",\"@id\":\"https:\\\/\\\/www.webdo.tn\\\/fr\\\/wp-content\\\/uploads\\\/2026\\\/04\\\/wided-belhaj_avatar-96x96.jpg\",\"url\":\"https:\\\/\\\/www.webdo.tn\\\/fr\\\/wp-content\\\/uploads\\\/2026\\\/04\\\/wided-belhaj_avatar-96x96.jpg\",\"contentUrl\":\"https:\\\/\\\/www.webdo.tn\\\/fr\\\/wp-content\\\/uploads\\\/2026\\\/04\\\/wided-belhaj_avatar-96x96.jpg\",\"caption\":\"Wided Belhaj\"},\"description\":\"Wided Belhaj est le pseudonyme \u00e9ditorial utilis\u00e9 par Khalil Jelassi, journaliste, ma\u00eetre-assistant \u00e0 l\u2019Institut de presse et des sciences de l\u2019information (IPSI) et chercheur en sciences de l\u2019information et de la communication. Cette signature est d\u00e9di\u00e9e \u00e0 l\u2019analyse des m\u00e9dias, des pratiques journalistiques et des mutations de l\u2019information \u00e0 l\u2019\u00e8re digitale. \u00c0 travers ses contributions, Wided Belhaj propose une lecture analytique de l\u2019actualit\u00e9, en croisant regard critique et expertise acad\u00e9mique.\",\"knowsAbout\":[\"m\u00e9dias\",\"journalisme\",\"communication\",\"information\",\"transformation num\u00e9rique\",\"analyse des m\u00e9dias\"],\"knowsLanguage\":[\"Fran\u00e7ais\",\"Arabe\"],\"jobTitle\":\"Webdo.tn\",\"worksFor\":\"Journaliste \u2013 Analyse des m\u00e9dias\",\"url\":\"https:\\\/\\\/www.webdo.tn\\\/fr\\\/actualite\\\/author\\\/wided-belhaj\\\/\"}]}<\/script>\n<!-- \/ Yoast SEO Premium plugin. -->","yoast_head_json":{"title":"Abir Moussi condamn\u00e9e \u00e0 10 ans de prison - webdo","description":"Abir Moussi condamn\u00e9e \u00e0 dix ans de prison pour diverses infractions \u00e0 Tunis. D\u00e9couvrez les d\u00e9tails de son proc\u00e8s.","canonical":"https:\/\/www.webdo.tn\/fr\/actualite\/national\/abir-moussi-condamnee-a-10-ans-de-prison\/394585\/","og_locale":"fr_FR","og_type":"article","og_title":"Abir Moussi condamn\u00e9e \u00e0 10 ans de prison","og_description":"Abir Moussi condamn\u00e9e \u00e0 dix ans de prison pour diverses infractions \u00e0 Tunis. D\u00e9couvrez les d\u00e9tails de son proc\u00e8s.","og_url":"https:\/\/www.webdo.tn\/fr\/actualite\/national\/abir-moussi-condamnee-a-10-ans-de-prison\/394585\/","og_site_name":"webdo","article_publisher":"https:\/\/www.facebook.com\/webdotn","article_published_time":"2026-03-14T07:04:46+00:00","article_modified_time":"2026-03-14T07:04:47+00:00","og_image":[{"width":1200,"height":600,"url":"https:\/\/www.webdo.tn\/fr\/wp-content\/uploads\/2025\/10\/Abir-Moussi-1.jpg","type":"image\/jpeg"}],"author":"Wided Belhaj","twitter_card":"summary_large_image","twitter_creator":"@webdo_tn","twitter_site":"@webdo_tn","twitter_misc":{"\u00c9crit par":"Wided Belhaj","Dur\u00e9e de lecture estim\u00e9e":"2 minutes"},"schema":{"@context":"https:\/\/schema.org","@graph":[{"@type":"NewsArticle","@id":"https:\/\/www.webdo.tn\/fr\/actualite\/national\/abir-moussi-condamnee-a-10-ans-de-prison\/394585\/#article","isPartOf":{"@id":"https:\/\/www.webdo.tn\/fr\/actualite\/national\/abir-moussi-condamnee-a-10-ans-de-prison\/394585\/"},"author":{"name":"Wided Belhaj","@id":"https:\/\/www.webdo.tn\/fr\/#\/schema\/person\/b9ecde7a5574cb4fcf4b496ea5fadb15"},"headline":"Abir Moussi condamn\u00e9e \u00e0 10 ans de prison","datePublished":"2026-03-14T07:04:46+00:00","dateModified":"2026-03-14T07:04:47+00:00","mainEntityOfPage":{"@id":"https:\/\/www.webdo.tn\/fr\/actualite\/national\/abir-moussi-condamnee-a-10-ans-de-prison\/394585\/"},"wordCount":283,"publisher":{"@id":"https:\/\/www.webdo.tn\/fr\/#organization"},"image":{"@id":"https:\/\/www.webdo.tn\/fr\/actualite\/national\/abir-moussi-condamnee-a-10-ans-de-prison\/394585\/#primaryimage"},"thumbnailUrl":"https:\/\/www.webdo.tn\/fr\/wp-content\/uploads\/2025\/10\/Abir-Moussi-1.jpg","keywords":["Abir Moussi","Prison","Tunisie"],"articleSection":["National"],"inLanguage":"fr-FR"},{"@type":"WebPage","@id":"https:\/\/www.webdo.tn\/fr\/actualite\/national\/abir-moussi-condamnee-a-10-ans-de-prison\/394585\/","url":"https:\/\/www.webdo.tn\/fr\/actualite\/national\/abir-moussi-condamnee-a-10-ans-de-prison\/394585\/","name":"Abir Moussi condamn\u00e9e \u00e0 10 ans de prison - webdo","isPartOf":{"@id":"https:\/\/www.webdo.tn\/fr\/#website"},"primaryImageOfPage":{"@id":"https:\/\/www.webdo.tn\/fr\/actualite\/national\/abir-moussi-condamnee-a-10-ans-de-prison\/394585\/#primaryimage"},"image":{"@id":"https:\/\/www.webdo.tn\/fr\/actualite\/national\/abir-moussi-condamnee-a-10-ans-de-prison\/394585\/#primaryimage"},"thumbnailUrl":"https:\/\/www.webdo.tn\/fr\/wp-content\/uploads\/2025\/10\/Abir-Moussi-1.jpg","datePublished":"2026-03-14T07:04:46+00:00","dateModified":"2026-03-14T07:04:47+00:00","description":"Abir Moussi condamn\u00e9e \u00e0 dix ans de prison pour diverses infractions \u00e0 Tunis. D\u00e9couvrez les d\u00e9tails de son proc\u00e8s.","breadcrumb":{"@id":"https:\/\/www.webdo.tn\/fr\/actualite\/national\/abir-moussi-condamnee-a-10-ans-de-prison\/394585\/#breadcrumb"},"inLanguage":"fr-FR","potentialAction":[{"@type":"ReadAction","target":["https:\/\/www.webdo.tn\/fr\/actualite\/national\/abir-moussi-condamnee-a-10-ans-de-prison\/394585\/"]}]},{"@type":"ImageObject","inLanguage":"fr-FR","@id":"https:\/\/www.webdo.tn\/fr\/actualite\/national\/abir-moussi-condamnee-a-10-ans-de-prison\/394585\/#primaryimage","url":"https:\/\/www.webdo.tn\/fr\/wp-content\/uploads\/2025\/10\/Abir-Moussi-1.jpg","contentUrl":"https:\/\/www.webdo.tn\/fr\/wp-content\/uploads\/2025\/10\/Abir-Moussi-1.jpg","width":1200,"height":600,"caption":"Affaire du bureau d\u2019ordre : Audience report\u00e9e, d\u00e9tention maintenue pour Abir Moussi"},{"@type":"BreadcrumbList","@id":"https:\/\/www.webdo.tn\/fr\/actualite\/national\/abir-moussi-condamnee-a-10-ans-de-prison\/394585\/#breadcrumb","itemListElement":[{"@type":"ListItem","position":1,"name":"Accueil","item":"https:\/\/www.webdo.tn\/fr\/"},{"@type":"ListItem","position":2,"name":"Abir Moussi condamn\u00e9e \u00e0 10 ans de prison"}]},{"@type":"WebSite","@id":"https:\/\/www.webdo.tn\/fr\/#website","url":"https:\/\/www.webdo.tn\/fr\/","name":"webdo","description":"Tunisie - News en Tunisie et \u00e0 l&#039;international sur Webdo.tn","publisher":{"@id":"https:\/\/www.webdo.tn\/fr\/#organization"},"potentialAction":[{"@type":"SearchAction","target":{"@type":"EntryPoint","urlTemplate":"https:\/\/www.webdo.tn\/fr\/?s={search_term_string}"},"query-input":{"@type":"PropertyValueSpecification","valueRequired":true,"valueName":"search_term_string"}}],"inLanguage":"fr-FR"},{"@type":"Organization","@id":"https:\/\/www.webdo.tn\/fr\/#organization","name":"Webdo","alternateName":"Webdo.tn","url":"https:\/\/www.webdo.tn\/fr\/","logo":{"@type":"ImageObject","inLanguage":"fr-FR","@id":"https:\/\/www.webdo.tn\/fr\/#\/schema\/logo\/image\/","url":"https:\/\/www.webdo.tn\/fr\/wp-content\/uploads\/2025\/06\/Webdo-Tunisie_168377.jpg","contentUrl":"https:\/\/www.webdo.tn\/fr\/wp-content\/uploads\/2025\/06\/Webdo-Tunisie_168377.jpg","width":301,"height":301,"caption":"Webdo"},"image":{"@id":"https:\/\/www.webdo.tn\/fr\/#\/schema\/logo\/image\/"},"sameAs":["https:\/\/www.facebook.com\/webdotn","https:\/\/x.com\/webdo_tn"],"description":"Webdo est un m\u00e9dia num\u00e9rique tunisien fond\u00e9 en 2010, sp\u00e9cialis\u00e9 dans l\u2019actualit\u00e9 nationale et internationale, l\u2019\u00e9conomie, la soci\u00e9t\u00e9 et les analyses politiques. Le site s\u2019adresse \u00e0 un large public francophone et couvre l\u2019information tunisienne en temps r\u00e9el.","email":"redac@webdo.tn","legalName":"YNJ SARL","foundingDate":"2010-09-06","numberOfEmployees":{"@type":"QuantitativeValue","minValue":"11","maxValue":"50"}},{"@type":"Person","@id":"https:\/\/www.webdo.tn\/fr\/#\/schema\/person\/b9ecde7a5574cb4fcf4b496ea5fadb15","name":"Wided Belhaj","image":{"@type":"ImageObject","inLanguage":"fr-FR","@id":"https:\/\/www.webdo.tn\/fr\/wp-content\/uploads\/2026\/04\/wided-belhaj_avatar-96x96.jpg","url":"https:\/\/www.webdo.tn\/fr\/wp-content\/uploads\/2026\/04\/wided-belhaj_avatar-96x96.jpg","contentUrl":"https:\/\/www.webdo.tn\/fr\/wp-content\/uploads\/2026\/04\/wided-belhaj_avatar-96x96.jpg","caption":"Wided Belhaj"},"description":"Wided Belhaj est le pseudonyme \u00e9ditorial utilis\u00e9 par Khalil Jelassi, journaliste, ma\u00eetre-assistant \u00e0 l\u2019Institut de presse et des sciences de l\u2019information (IPSI) et chercheur en sciences de l\u2019information et de la communication. Cette signature est d\u00e9di\u00e9e \u00e0 l\u2019analyse des m\u00e9dias, des pratiques journalistiques et des mutations de l\u2019information \u00e0 l\u2019\u00e8re digitale. \u00c0 travers ses contributions, Wided Belhaj propose une lecture analytique de l\u2019actualit\u00e9, en croisant regard critique et expertise acad\u00e9mique.","knowsAbout":["m\u00e9dias","journalisme","communication","information","transformation num\u00e9rique","analyse des m\u00e9dias"],"knowsLanguage":["Fran\u00e7ais","Arabe"],"jobTitle":"Webdo.tn","worksFor":"Journaliste \u2013 Analyse des m\u00e9dias","url":"https:\/\/www.webdo.tn\/fr\/actualite\/author\/wided-belhaj\/"}]}},"_links":{"self":[{"href":"https:\/\/www.webdo.tn\/fr\/wp-json\/wp\/v2\/posts\/394585","targetHints":{"allow":["GET"]}}],"collection":[{"href":"https:\/\/www.webdo.tn\/fr\/wp-json\/wp\/v2\/posts"}],"about":[{"href":"https:\/\/www.webdo.tn\/fr\/wp-json\/wp\/v2\/types\/post"}],"author":[{"embeddable":true,"href":"https:\/\/www.webdo.tn\/fr\/wp-json\/wp\/v2\/users\/3184"}],"replies":[{"embeddable":true,"href":"https:\/\/www.webdo.tn\/fr\/wp-json\/wp\/v2\/comments?post=394585"}],"version-history":[{"count":0,"href":"https:\/\/www.webdo.tn\/fr\/wp-json\/wp\/v2\/posts\/394585\/revisions"}],"wp:featuredmedia":[{"embeddable":true,"href":"https:\/\/www.webdo.tn\/fr\/wp-json\/wp\/v2\/media\/386210"}],"wp:attachment":[{"href":"https:\/\/www.webdo.tn\/fr\/wp-json\/wp\/v2\/media?parent=394585"}],"wp:term":[{"taxonomy":"category","embeddable":true,"href":"https:\/\/www.webdo.tn\/fr\/wp-json\/wp\/v2\/categories?post=394585"},{"taxonomy":"post_tag","embeddable":true,"href":"https:\/\/www.webdo.tn\/fr\/wp-json\/wp\/v2\/tags?post=394585"}],"curies":[{"name":"wp","href":"https:\/\/api.w.org\/{rel}","templated":true}]}}