{"id":394574,"date":"2026-03-13T18:27:11","date_gmt":"2026-03-13T17:27:11","guid":{"rendered":"https:\/\/www.webdo.tn\/fr\/?p=394574"},"modified":"2026-03-13T18:27:12","modified_gmt":"2026-03-13T17:27:12","slug":"guerre-contre-liran-les-calculs-de-washington-mis-a-lepreuve","status":"publish","type":"post","link":"https:\/\/www.webdo.tn\/fr\/actualite\/international\/guerre-contre-liran-les-calculs-de-washington-mis-a-lepreuve\/394574\/","title":{"rendered":"Guerre contre l\u2019Iran : Les calculs de Washington mis \u00e0 l\u2019\u00e9preuve"},"content":{"rendered":"\n<p><strong>Quinze jours apr\u00e8s le d\u00e9clenchement de la guerre contre l\u2019Iran men\u00e9e par Isra\u00ebl avec le soutien des \u00c9tats-Unis, plusieurs signaux montrent que les calculs strat\u00e9giques de Washington sont aujourd\u2019hui mis \u00e0 l\u2019\u00e9preuve. Entre ripostes iraniennes dans la r\u00e9gion, tensions sur les routes p\u00e9troli\u00e8res et divergences entre alli\u00e9s, la crise r\u00e9v\u00e8le les limites d\u2019un sc\u00e9nario initial visiblement mal calibr\u00e9.<\/strong><\/p>\n\n\n\n<h2 class=\"wp-block-heading\" id=\"h-une-riposte-iranienne-qui-complique-la-strategie-americaine\">Une riposte iranienne qui complique la strat\u00e9gie am\u00e9ricaine<\/h2>\n\n\n\n<p>Depuis le d\u00e9but des hostilit\u00e9s, l\u2019Iran a multipli\u00e9 les actions militaires directes et indirectes dans la r\u00e9gion. Selon plusieurs estimations d\u2019analystes militaires occidentaux, plus de 200 missiles et drones auraient \u00e9t\u00e9 tir\u00e9s vers Isra\u00ebl ou vers des installations militaires li\u00e9es aux \u00c9tats-Unis dans la r\u00e9gion durant les premi\u00e8res semaines du conflit.<\/p>\n\n\n\n<p>Parall\u00e8lement, T\u00e9h\u00e9ran a activ\u00e9 plusieurs relais r\u00e9gionaux. Au Liban, en Irak ou encore au Y\u00e9men, des groupes alli\u00e9s ont men\u00e9 des attaques visant des int\u00e9r\u00eats isra\u00e9liens ou occidentaux. Cette strat\u00e9gie vise \u00e0 transformer une confrontation bilat\u00e9rale en crise r\u00e9gionale, augmentant ainsi le co\u00fbt politique et militaire du conflit pour Washington et ses partenaires.<\/p>\n\n\n\n<p>Dans ce contexte, la pr\u00e9sence militaire am\u00e9ricaine dans la r\u00e9gion \u2013 estim\u00e9e entre 40.000 et 50.000 soldats r\u00e9partis dans plusieurs bases au Qatar, au Bahre\u00efn, au Kowe\u00eft ou encore aux \u00c9mirats arabes unis \u2013 expose directement Washington aux cons\u00e9quences d\u2019une escalade r\u00e9gionale, compliquant les calculs initiaux de l\u2019administration am\u00e9ricaine.<\/p>\n\n\n\n<h2 class=\"wp-block-heading\" id=\"h-le-detroit-d-ormuz-arme-strategique-de-l-iran\">Le d\u00e9troit d\u2019Ormuz, arme strat\u00e9gique de l\u2019Iran<\/h2>\n\n\n\n<p>La principale inqui\u00e9tude concerne le d\u00e9troit d\u2019Ormuz, passage maritime strat\u00e9gique par lequel transite environ 20 % du p\u00e9trole consomm\u00e9 dans le monde, soit pr\u00e8s de 20 millions de barils par jour.<\/p>\n\n\n\n<p>Depuis l\u2019escalade militaire, plusieurs compagnies maritimes ont r\u00e9duit leurs passages dans la zone, alimentant la volatilit\u00e9 des march\u00e9s \u00e9nerg\u00e9tiques. Le prix du baril de Brent a ainsi franchi la barre des 100 dollars, certains analystes \u00e9voquant m\u00eame la possibilit\u00e9 d\u2019un baril \u00e0 120 dollars si les tensions se prolongent.<\/p>\n\n\n\n<p>Pour l\u2019Iran, ce corridor maritime constitue un levier g\u00e9o-\u00e9conomique majeur. Sans n\u00e9cessairement fermer totalement le d\u00e9troit, l\u2019introduction d\u2019un risque s\u00e9curitaire suffit \u00e0 perturber les flux \u00e9nerg\u00e9tiques mondiaux et \u00e0 exercer une pression indirecte sur les grandes puissances.<\/p>\n\n\n\n<blockquote class=\"wp-block-quote is-layout-flow wp-block-quote-is-layout-flow\">\n<blockquote class=\"wp-block-quote is-layout-flow wp-block-quote-is-layout-flow\">\n<p><strong>Lire aussi:<\/strong><\/p>\n\n\n\n<ul class=\"wp-block-list\">\n<li class=\"has-medium-font-size\"><a href=\"https:\/\/www.webdo.tn\/fr\/actualite\/international\/guerre-contre-liran-les-etats-liberent-leurs-reserves-petrolieres-face-a-la-flambee-des-prix\/394489\/\">Guerre contre l\u2019Iran : Les \u00c9tats lib\u00e8rent leurs r\u00e9serves p\u00e9troli\u00e8res face \u00e0 la flamb\u00e9e des prix<\/a><\/li>\n<\/ul>\n<\/blockquote>\n<\/blockquote>\n\n\n\n<h2 class=\"wp-block-heading\" id=\"h-washington-face-aux-limites-de-sa-strategie\">Washington face aux limites de sa strat\u00e9gie<\/h2>\n\n\n\n<p>La crise met \u00e9galement en lumi\u00e8re certaines divergences entre les \u00c9tats-Unis et Isra\u00ebl. Washington semble chercher \u00e0 \u00e9viter une guerre r\u00e9gionale prolong\u00e9e tout en affaiblissant les capacit\u00e9s militaires iraniennes, tandis qu\u2019Isra\u00ebl poursuit un objectif plus large consistant \u00e0 r\u00e9duire durablement l\u2019influence strat\u00e9gique de T\u00e9h\u00e9ran dans la r\u00e9gion.<\/p>\n\n\n\n<p>Dans ce contexte, le r\u00e9gime iranien appara\u00eet plus r\u00e9silient que ne l\u2019avaient anticip\u00e9 certains analystes occidentaux. L\u2019Iran dispose en effet d\u2019un appareil militaire cons\u00e9quent, avec pr\u00e8s de 600.000 militaires actifs, plus de 350.000 r\u00e9servistes et un arsenal estim\u00e9 \u00e0 plusieurs milliers de missiles balistiques et de croisi\u00e8re.<\/p>\n\n\n\n<p>Au-del\u00e0 du terrain militaire, la guerre pourrait avoir des cons\u00e9quences \u00e9conomiques mondiales. Chaque jour, une part importante du commerce \u00e9nerg\u00e9tique international transite par le Golfe. Toute perturbation durable dans cette zone strat\u00e9gique pourrait entra\u00eener une flamb\u00e9e des prix de l\u2019\u00e9nergie et peser sur la croissance mondiale.<\/p>\n\n\n\n<p>Dans ces conditions, la guerre contre l\u2019Iran appara\u00eet de plus en plus comme un test strat\u00e9gique pour Washington, dont les calculs initiaux semblent d\u00e9sormais confront\u00e9s \u00e0 une r\u00e9alit\u00e9 r\u00e9gionale plus complexe que pr\u00e9vu.<\/p>\n\n\n\n<blockquote class=\"wp-block-quote is-layout-flow wp-block-quote-is-layout-flow\">\n<blockquote class=\"wp-block-quote is-layout-flow wp-block-quote-is-layout-flow\">\n<p><strong>Lire aussi:<\/strong><\/p>\n\n\n\n<ul class=\"wp-block-list\">\n<li class=\"has-medium-font-size\"><a href=\"https:\/\/www.webdo.tn\/fr\/actualite\/international\/irak-quatre-militaires-americains-tues-dans-le-crash-dun-avion-militaire\/394564\/\">Irak : Quatre militaires am\u00e9ricains tu\u00e9s dans le crash d\u2019un avion militaire<\/a><\/li>\n\n\n\n<li class=\"has-medium-font-size\"><a href=\"https:\/\/www.webdo.tn\/fr\/actualite\/international\/feu-a-bord-dun-porte-avions-americain-deploye-au-moyen-orient\/394540\/\">Feu \u00e0 bord d\u2019un porte-avions am\u00e9ricain d\u00e9ploy\u00e9 au Moyen-Orient<\/a><\/li>\n\n\n\n<li class=\"has-medium-font-size\"><a href=\"https:\/\/www.webdo.tn\/fr\/actualite\/international\/detroit-dormuz-premiere-mise-en-garde-du-nouveau-guide-supreme-iranien\/394536\/\">D\u00e9troit d\u2019Ormuz : Premi\u00e8re mise en garde du nouveau guide supr\u00eame iranien<\/a><\/li>\n<\/ul>\n<\/blockquote>\n<\/blockquote>\n","protected":false},"excerpt":{"rendered":"<p>Quinze jours apr\u00e8s le d\u00e9clenchement de la guerre contre l\u2019Iran men\u00e9e par Isra\u00ebl avec le soutien des \u00c9tats-Unis, plusieurs signaux montrent que les calculs strat\u00e9giques de Washington sont aujourd\u2019hui mis \u00e0 l\u2019\u00e9preuve. Entre ripostes iraniennes dans la r\u00e9gion, tensions sur les routes p\u00e9troli\u00e8res et divergences entre alli\u00e9s, la crise r\u00e9v\u00e8le les limites d\u2019un sc\u00e9nario initial [&hellip;]<\/p>\n","protected":false},"author":4779,"featured_media":394576,"comment_status":"closed","ping_status":"closed","sticky":false,"template":"","format":"standard","meta":{"footnotes":""},"categories":[2598],"tags":[],"class_list":["post-394574","post","type-post","status-publish","format-standard","has-post-thumbnail","hentry","category-international"],"yoast_head":"<!-- This site is optimized with the Yoast SEO Premium plugin v27.5 (Yoast SEO v27.5) - https:\/\/yoast.com\/product\/yoast-seo-premium-wordpress\/ -->\n<title>Guerre contre l\u2019Iran : Les calculs de Washington mis \u00e0 l\u2019\u00e9preuve - webdo<\/title>\n<meta name=\"description\" content=\"Les calculs de Washington mis \u00e0 l\u2019\u00e9preuve par le conflit Isra\u00ebl-Iran. Un regard sur les r\u00e9percussions r\u00e9gionales et militaires.\" \/>\n<link rel=\"canonical\" href=\"https:\/\/www.webdo.tn\/fr\/actualite\/international\/guerre-contre-liran-les-calculs-de-washington-mis-a-lepreuve\/394574\/\" \/>\n<meta property=\"og:locale\" content=\"fr_FR\" \/>\n<meta property=\"og:type\" content=\"article\" \/>\n<meta property=\"og:title\" content=\"Guerre contre l\u2019Iran : Les calculs de Washington mis \u00e0 l\u2019\u00e9preuve\" \/>\n<meta property=\"og:description\" content=\"Les calculs de Washington mis \u00e0 l\u2019\u00e9preuve par le conflit Isra\u00ebl-Iran. Un regard sur les r\u00e9percussions r\u00e9gionales et militaires.\" \/>\n<meta property=\"og:url\" content=\"https:\/\/www.webdo.tn\/fr\/actualite\/international\/guerre-contre-liran-les-calculs-de-washington-mis-a-lepreuve\/394574\/\" \/>\n<meta property=\"og:site_name\" content=\"webdo\" \/>\n<meta property=\"article:publisher\" content=\"https:\/\/www.facebook.com\/webdotn\" \/>\n<meta property=\"article:published_time\" content=\"2026-03-13T17:27:11+00:00\" \/>\n<meta property=\"article:modified_time\" content=\"2026-03-13T17:27:12+00:00\" \/>\n<meta property=\"og:image\" content=\"https:\/\/www.webdo.tn\/fr\/wp-content\/uploads\/2026\/03\/petroliers.jpg\" \/>\n\t<meta property=\"og:image:width\" content=\"1200\" \/>\n\t<meta property=\"og:image:height\" content=\"600\" \/>\n\t<meta property=\"og:image:type\" content=\"image\/jpeg\" \/>\n<meta name=\"author\" content=\"Firas Ben Abdeltif\" \/>\n<meta name=\"twitter:card\" content=\"summary_large_image\" \/>\n<meta name=\"twitter:creator\" content=\"@webdo_tn\" \/>\n<meta name=\"twitter:site\" content=\"@webdo_tn\" \/>\n<meta name=\"twitter:label1\" content=\"\u00c9crit par\" \/>\n\t<meta name=\"twitter:data1\" content=\"Firas Ben Abdeltif\" \/>\n\t<meta name=\"twitter:label2\" content=\"Dur\u00e9e de lecture estim\u00e9e\" \/>\n\t<meta name=\"twitter:data2\" content=\"3 minutes\" \/>\n<script type=\"application\/ld+json\" class=\"yoast-schema-graph\">{\"@context\":\"https:\\\/\\\/schema.org\",\"@graph\":[{\"@type\":\"NewsArticle\",\"@id\":\"https:\\\/\\\/www.webdo.tn\\\/fr\\\/actualite\\\/international\\\/guerre-contre-liran-les-calculs-de-washington-mis-a-lepreuve\\\/394574\\\/#article\",\"isPartOf\":{\"@id\":\"https:\\\/\\\/www.webdo.tn\\\/fr\\\/actualite\\\/international\\\/guerre-contre-liran-les-calculs-de-washington-mis-a-lepreuve\\\/394574\\\/\"},\"author\":{\"name\":\"Firas Ben Abdeltif\",\"@id\":\"https:\\\/\\\/www.webdo.tn\\\/fr\\\/#\\\/schema\\\/person\\\/19664196c9bfdcda126f3c27709f7d11\"},\"headline\":\"Guerre contre l\u2019Iran : Les calculs de Washington mis \u00e0 l\u2019\u00e9preuve\",\"datePublished\":\"2026-03-13T17:27:11+00:00\",\"dateModified\":\"2026-03-13T17:27:12+00:00\",\"mainEntityOfPage\":{\"@id\":\"https:\\\/\\\/www.webdo.tn\\\/fr\\\/actualite\\\/international\\\/guerre-contre-liran-les-calculs-de-washington-mis-a-lepreuve\\\/394574\\\/\"},\"wordCount\":693,\"publisher\":{\"@id\":\"https:\\\/\\\/www.webdo.tn\\\/fr\\\/#organization\"},\"image\":{\"@id\":\"https:\\\/\\\/www.webdo.tn\\\/fr\\\/actualite\\\/international\\\/guerre-contre-liran-les-calculs-de-washington-mis-a-lepreuve\\\/394574\\\/#primaryimage\"},\"thumbnailUrl\":\"https:\\\/\\\/www.webdo.tn\\\/fr\\\/wp-content\\\/uploads\\\/2026\\\/03\\\/petroliers.jpg\",\"articleSection\":[\"International\"],\"inLanguage\":\"fr-FR\"},{\"@type\":\"WebPage\",\"@id\":\"https:\\\/\\\/www.webdo.tn\\\/fr\\\/actualite\\\/international\\\/guerre-contre-liran-les-calculs-de-washington-mis-a-lepreuve\\\/394574\\\/\",\"url\":\"https:\\\/\\\/www.webdo.tn\\\/fr\\\/actualite\\\/international\\\/guerre-contre-liran-les-calculs-de-washington-mis-a-lepreuve\\\/394574\\\/\",\"name\":\"Guerre contre l\u2019Iran : Les calculs de Washington mis \u00e0 l\u2019\u00e9preuve - webdo\",\"isPartOf\":{\"@id\":\"https:\\\/\\\/www.webdo.tn\\\/fr\\\/#website\"},\"primaryImageOfPage\":{\"@id\":\"https:\\\/\\\/www.webdo.tn\\\/fr\\\/actualite\\\/international\\\/guerre-contre-liran-les-calculs-de-washington-mis-a-lepreuve\\\/394574\\\/#primaryimage\"},\"image\":{\"@id\":\"https:\\\/\\\/www.webdo.tn\\\/fr\\\/actualite\\\/international\\\/guerre-contre-liran-les-calculs-de-washington-mis-a-lepreuve\\\/394574\\\/#primaryimage\"},\"thumbnailUrl\":\"https:\\\/\\\/www.webdo.tn\\\/fr\\\/wp-content\\\/uploads\\\/2026\\\/03\\\/petroliers.jpg\",\"datePublished\":\"2026-03-13T17:27:11+00:00\",\"dateModified\":\"2026-03-13T17:27:12+00:00\",\"description\":\"Les calculs de Washington mis \u00e0 l\u2019\u00e9preuve par le conflit Isra\u00ebl-Iran. Un regard sur les r\u00e9percussions r\u00e9gionales et militaires.\",\"breadcrumb\":{\"@id\":\"https:\\\/\\\/www.webdo.tn\\\/fr\\\/actualite\\\/international\\\/guerre-contre-liran-les-calculs-de-washington-mis-a-lepreuve\\\/394574\\\/#breadcrumb\"},\"inLanguage\":\"fr-FR\",\"potentialAction\":[{\"@type\":\"ReadAction\",\"target\":[\"https:\\\/\\\/www.webdo.tn\\\/fr\\\/actualite\\\/international\\\/guerre-contre-liran-les-calculs-de-washington-mis-a-lepreuve\\\/394574\\\/\"]}]},{\"@type\":\"ImageObject\",\"inLanguage\":\"fr-FR\",\"@id\":\"https:\\\/\\\/www.webdo.tn\\\/fr\\\/actualite\\\/international\\\/guerre-contre-liran-les-calculs-de-washington-mis-a-lepreuve\\\/394574\\\/#primaryimage\",\"url\":\"https:\\\/\\\/www.webdo.tn\\\/fr\\\/wp-content\\\/uploads\\\/2026\\\/03\\\/petroliers.jpg\",\"contentUrl\":\"https:\\\/\\\/www.webdo.tn\\\/fr\\\/wp-content\\\/uploads\\\/2026\\\/03\\\/petroliers.jpg\",\"width\":1200,\"height\":600,\"caption\":\"Des p\u00e9troliers naviguent dans le Golfe pr\u00e8s du d\u00e9troit d\u2019Ormuz, au large des \u00c9mirats arabes unis, dans un contexte de tensions li\u00e9es \u00e0 la guerre entre les \u00c9tats-Unis, Isra\u00ebl et l\u2019Iran.\"},{\"@type\":\"BreadcrumbList\",\"@id\":\"https:\\\/\\\/www.webdo.tn\\\/fr\\\/actualite\\\/international\\\/guerre-contre-liran-les-calculs-de-washington-mis-a-lepreuve\\\/394574\\\/#breadcrumb\",\"itemListElement\":[{\"@type\":\"ListItem\",\"position\":1,\"name\":\"Accueil\",\"item\":\"https:\\\/\\\/www.webdo.tn\\\/fr\\\/\"},{\"@type\":\"ListItem\",\"position\":2,\"name\":\"Guerre contre l\u2019Iran : Les calculs de Washington mis \u00e0 l\u2019\u00e9preuve\"}]},{\"@type\":\"WebSite\",\"@id\":\"https:\\\/\\\/www.webdo.tn\\\/fr\\\/#website\",\"url\":\"https:\\\/\\\/www.webdo.tn\\\/fr\\\/\",\"name\":\"webdo\",\"description\":\"Tunisie - News en Tunisie et \u00e0 l&#039;international sur Webdo.tn\",\"publisher\":{\"@id\":\"https:\\\/\\\/www.webdo.tn\\\/fr\\\/#organization\"},\"potentialAction\":[{\"@type\":\"SearchAction\",\"target\":{\"@type\":\"EntryPoint\",\"urlTemplate\":\"https:\\\/\\\/www.webdo.tn\\\/fr\\\/?s={search_term_string}\"},\"query-input\":{\"@type\":\"PropertyValueSpecification\",\"valueRequired\":true,\"valueName\":\"search_term_string\"}}],\"inLanguage\":\"fr-FR\"},{\"@type\":\"Organization\",\"@id\":\"https:\\\/\\\/www.webdo.tn\\\/fr\\\/#organization\",\"name\":\"Webdo\",\"alternateName\":\"Webdo.tn\",\"url\":\"https:\\\/\\\/www.webdo.tn\\\/fr\\\/\",\"logo\":{\"@type\":\"ImageObject\",\"inLanguage\":\"fr-FR\",\"@id\":\"https:\\\/\\\/www.webdo.tn\\\/fr\\\/#\\\/schema\\\/logo\\\/image\\\/\",\"url\":\"https:\\\/\\\/www.webdo.tn\\\/fr\\\/wp-content\\\/uploads\\\/2025\\\/06\\\/Webdo-Tunisie_168377.jpg\",\"contentUrl\":\"https:\\\/\\\/www.webdo.tn\\\/fr\\\/wp-content\\\/uploads\\\/2025\\\/06\\\/Webdo-Tunisie_168377.jpg\",\"width\":301,\"height\":301,\"caption\":\"Webdo\"},\"image\":{\"@id\":\"https:\\\/\\\/www.webdo.tn\\\/fr\\\/#\\\/schema\\\/logo\\\/image\\\/\"},\"sameAs\":[\"https:\\\/\\\/www.facebook.com\\\/webdotn\",\"https:\\\/\\\/x.com\\\/webdo_tn\"],\"description\":\"Webdo est un m\u00e9dia num\u00e9rique tunisien fond\u00e9 en 2010, sp\u00e9cialis\u00e9 dans l\u2019actualit\u00e9 nationale et internationale, l\u2019\u00e9conomie, la soci\u00e9t\u00e9 et les analyses politiques. Le site s\u2019adresse \u00e0 un large public francophone et couvre l\u2019information tunisienne en temps r\u00e9el.\",\"email\":\"redac@webdo.tn\",\"legalName\":\"YNJ SARL\",\"foundingDate\":\"2010-09-06\",\"numberOfEmployees\":{\"@type\":\"QuantitativeValue\",\"minValue\":\"11\",\"maxValue\":\"50\"}},{\"@type\":\"Person\",\"@id\":\"https:\\\/\\\/www.webdo.tn\\\/fr\\\/#\\\/schema\\\/person\\\/19664196c9bfdcda126f3c27709f7d11\",\"name\":\"Firas Ben Abdeltif\",\"image\":{\"@type\":\"ImageObject\",\"inLanguage\":\"fr-FR\",\"@id\":\"https:\\\/\\\/secure.gravatar.com\\\/avatar\\\/161a347d40df098a084778c52ed133dbd85f14df003867067c5948081241ec55?s=96&d=mm&r=g\",\"url\":\"https:\\\/\\\/secure.gravatar.com\\\/avatar\\\/161a347d40df098a084778c52ed133dbd85f14df003867067c5948081241ec55?s=96&d=mm&r=g\",\"contentUrl\":\"https:\\\/\\\/secure.gravatar.com\\\/avatar\\\/161a347d40df098a084778c52ed133dbd85f14df003867067c5948081241ec55?s=96&d=mm&r=g\",\"caption\":\"Firas Ben Abdeltif\"},\"url\":\"https:\\\/\\\/www.webdo.tn\\\/fr\\\/actualite\\\/author\\\/firas-ben-abdeltif\\\/\"}]}<\/script>\n<!-- \/ Yoast SEO Premium plugin. -->","yoast_head_json":{"title":"Guerre contre l\u2019Iran : Les calculs de Washington mis \u00e0 l\u2019\u00e9preuve - webdo","description":"Les calculs de Washington mis \u00e0 l\u2019\u00e9preuve par le conflit Isra\u00ebl-Iran. Un regard sur les r\u00e9percussions r\u00e9gionales et militaires.","canonical":"https:\/\/www.webdo.tn\/fr\/actualite\/international\/guerre-contre-liran-les-calculs-de-washington-mis-a-lepreuve\/394574\/","og_locale":"fr_FR","og_type":"article","og_title":"Guerre contre l\u2019Iran : Les calculs de Washington mis \u00e0 l\u2019\u00e9preuve","og_description":"Les calculs de Washington mis \u00e0 l\u2019\u00e9preuve par le conflit Isra\u00ebl-Iran. Un regard sur les r\u00e9percussions r\u00e9gionales et militaires.","og_url":"https:\/\/www.webdo.tn\/fr\/actualite\/international\/guerre-contre-liran-les-calculs-de-washington-mis-a-lepreuve\/394574\/","og_site_name":"webdo","article_publisher":"https:\/\/www.facebook.com\/webdotn","article_published_time":"2026-03-13T17:27:11+00:00","article_modified_time":"2026-03-13T17:27:12+00:00","og_image":[{"width":1200,"height":600,"url":"https:\/\/www.webdo.tn\/fr\/wp-content\/uploads\/2026\/03\/petroliers.jpg","type":"image\/jpeg"}],"author":"Firas Ben Abdeltif","twitter_card":"summary_large_image","twitter_creator":"@webdo_tn","twitter_site":"@webdo_tn","twitter_misc":{"\u00c9crit par":"Firas Ben Abdeltif","Dur\u00e9e de lecture estim\u00e9e":"3 minutes"},"schema":{"@context":"https:\/\/schema.org","@graph":[{"@type":"NewsArticle","@id":"https:\/\/www.webdo.tn\/fr\/actualite\/international\/guerre-contre-liran-les-calculs-de-washington-mis-a-lepreuve\/394574\/#article","isPartOf":{"@id":"https:\/\/www.webdo.tn\/fr\/actualite\/international\/guerre-contre-liran-les-calculs-de-washington-mis-a-lepreuve\/394574\/"},"author":{"name":"Firas Ben Abdeltif","@id":"https:\/\/www.webdo.tn\/fr\/#\/schema\/person\/19664196c9bfdcda126f3c27709f7d11"},"headline":"Guerre contre l\u2019Iran : Les calculs de Washington mis \u00e0 l\u2019\u00e9preuve","datePublished":"2026-03-13T17:27:11+00:00","dateModified":"2026-03-13T17:27:12+00:00","mainEntityOfPage":{"@id":"https:\/\/www.webdo.tn\/fr\/actualite\/international\/guerre-contre-liran-les-calculs-de-washington-mis-a-lepreuve\/394574\/"},"wordCount":693,"publisher":{"@id":"https:\/\/www.webdo.tn\/fr\/#organization"},"image":{"@id":"https:\/\/www.webdo.tn\/fr\/actualite\/international\/guerre-contre-liran-les-calculs-de-washington-mis-a-lepreuve\/394574\/#primaryimage"},"thumbnailUrl":"https:\/\/www.webdo.tn\/fr\/wp-content\/uploads\/2026\/03\/petroliers.jpg","articleSection":["International"],"inLanguage":"fr-FR"},{"@type":"WebPage","@id":"https:\/\/www.webdo.tn\/fr\/actualite\/international\/guerre-contre-liran-les-calculs-de-washington-mis-a-lepreuve\/394574\/","url":"https:\/\/www.webdo.tn\/fr\/actualite\/international\/guerre-contre-liran-les-calculs-de-washington-mis-a-lepreuve\/394574\/","name":"Guerre contre l\u2019Iran : Les calculs de Washington mis \u00e0 l\u2019\u00e9preuve - webdo","isPartOf":{"@id":"https:\/\/www.webdo.tn\/fr\/#website"},"primaryImageOfPage":{"@id":"https:\/\/www.webdo.tn\/fr\/actualite\/international\/guerre-contre-liran-les-calculs-de-washington-mis-a-lepreuve\/394574\/#primaryimage"},"image":{"@id":"https:\/\/www.webdo.tn\/fr\/actualite\/international\/guerre-contre-liran-les-calculs-de-washington-mis-a-lepreuve\/394574\/#primaryimage"},"thumbnailUrl":"https:\/\/www.webdo.tn\/fr\/wp-content\/uploads\/2026\/03\/petroliers.jpg","datePublished":"2026-03-13T17:27:11+00:00","dateModified":"2026-03-13T17:27:12+00:00","description":"Les calculs de Washington mis \u00e0 l\u2019\u00e9preuve par le conflit Isra\u00ebl-Iran. Un regard sur les r\u00e9percussions r\u00e9gionales et militaires.","breadcrumb":{"@id":"https:\/\/www.webdo.tn\/fr\/actualite\/international\/guerre-contre-liran-les-calculs-de-washington-mis-a-lepreuve\/394574\/#breadcrumb"},"inLanguage":"fr-FR","potentialAction":[{"@type":"ReadAction","target":["https:\/\/www.webdo.tn\/fr\/actualite\/international\/guerre-contre-liran-les-calculs-de-washington-mis-a-lepreuve\/394574\/"]}]},{"@type":"ImageObject","inLanguage":"fr-FR","@id":"https:\/\/www.webdo.tn\/fr\/actualite\/international\/guerre-contre-liran-les-calculs-de-washington-mis-a-lepreuve\/394574\/#primaryimage","url":"https:\/\/www.webdo.tn\/fr\/wp-content\/uploads\/2026\/03\/petroliers.jpg","contentUrl":"https:\/\/www.webdo.tn\/fr\/wp-content\/uploads\/2026\/03\/petroliers.jpg","width":1200,"height":600,"caption":"Des p\u00e9troliers naviguent dans le Golfe pr\u00e8s du d\u00e9troit d\u2019Ormuz, au large des \u00c9mirats arabes unis, dans un contexte de tensions li\u00e9es \u00e0 la guerre entre les \u00c9tats-Unis, Isra\u00ebl et l\u2019Iran."},{"@type":"BreadcrumbList","@id":"https:\/\/www.webdo.tn\/fr\/actualite\/international\/guerre-contre-liran-les-calculs-de-washington-mis-a-lepreuve\/394574\/#breadcrumb","itemListElement":[{"@type":"ListItem","position":1,"name":"Accueil","item":"https:\/\/www.webdo.tn\/fr\/"},{"@type":"ListItem","position":2,"name":"Guerre contre l\u2019Iran : Les calculs de Washington mis \u00e0 l\u2019\u00e9preuve"}]},{"@type":"WebSite","@id":"https:\/\/www.webdo.tn\/fr\/#website","url":"https:\/\/www.webdo.tn\/fr\/","name":"webdo","description":"Tunisie - News en Tunisie et \u00e0 l&#039;international sur Webdo.tn","publisher":{"@id":"https:\/\/www.webdo.tn\/fr\/#organization"},"potentialAction":[{"@type":"SearchAction","target":{"@type":"EntryPoint","urlTemplate":"https:\/\/www.webdo.tn\/fr\/?s={search_term_string}"},"query-input":{"@type":"PropertyValueSpecification","valueRequired":true,"valueName":"search_term_string"}}],"inLanguage":"fr-FR"},{"@type":"Organization","@id":"https:\/\/www.webdo.tn\/fr\/#organization","name":"Webdo","alternateName":"Webdo.tn","url":"https:\/\/www.webdo.tn\/fr\/","logo":{"@type":"ImageObject","inLanguage":"fr-FR","@id":"https:\/\/www.webdo.tn\/fr\/#\/schema\/logo\/image\/","url":"https:\/\/www.webdo.tn\/fr\/wp-content\/uploads\/2025\/06\/Webdo-Tunisie_168377.jpg","contentUrl":"https:\/\/www.webdo.tn\/fr\/wp-content\/uploads\/2025\/06\/Webdo-Tunisie_168377.jpg","width":301,"height":301,"caption":"Webdo"},"image":{"@id":"https:\/\/www.webdo.tn\/fr\/#\/schema\/logo\/image\/"},"sameAs":["https:\/\/www.facebook.com\/webdotn","https:\/\/x.com\/webdo_tn"],"description":"Webdo est un m\u00e9dia num\u00e9rique tunisien fond\u00e9 en 2010, sp\u00e9cialis\u00e9 dans l\u2019actualit\u00e9 nationale et internationale, l\u2019\u00e9conomie, la soci\u00e9t\u00e9 et les analyses politiques. Le site s\u2019adresse \u00e0 un large public francophone et couvre l\u2019information tunisienne en temps r\u00e9el.","email":"redac@webdo.tn","legalName":"YNJ SARL","foundingDate":"2010-09-06","numberOfEmployees":{"@type":"QuantitativeValue","minValue":"11","maxValue":"50"}},{"@type":"Person","@id":"https:\/\/www.webdo.tn\/fr\/#\/schema\/person\/19664196c9bfdcda126f3c27709f7d11","name":"Firas Ben Abdeltif","image":{"@type":"ImageObject","inLanguage":"fr-FR","@id":"https:\/\/secure.gravatar.com\/avatar\/161a347d40df098a084778c52ed133dbd85f14df003867067c5948081241ec55?s=96&d=mm&r=g","url":"https:\/\/secure.gravatar.com\/avatar\/161a347d40df098a084778c52ed133dbd85f14df003867067c5948081241ec55?s=96&d=mm&r=g","contentUrl":"https:\/\/secure.gravatar.com\/avatar\/161a347d40df098a084778c52ed133dbd85f14df003867067c5948081241ec55?s=96&d=mm&r=g","caption":"Firas Ben Abdeltif"},"url":"https:\/\/www.webdo.tn\/fr\/actualite\/author\/firas-ben-abdeltif\/"}]}},"_links":{"self":[{"href":"https:\/\/www.webdo.tn\/fr\/wp-json\/wp\/v2\/posts\/394574","targetHints":{"allow":["GET"]}}],"collection":[{"href":"https:\/\/www.webdo.tn\/fr\/wp-json\/wp\/v2\/posts"}],"about":[{"href":"https:\/\/www.webdo.tn\/fr\/wp-json\/wp\/v2\/types\/post"}],"author":[{"embeddable":true,"href":"https:\/\/www.webdo.tn\/fr\/wp-json\/wp\/v2\/users\/4779"}],"replies":[{"embeddable":true,"href":"https:\/\/www.webdo.tn\/fr\/wp-json\/wp\/v2\/comments?post=394574"}],"version-history":[{"count":0,"href":"https:\/\/www.webdo.tn\/fr\/wp-json\/wp\/v2\/posts\/394574\/revisions"}],"wp:featuredmedia":[{"embeddable":true,"href":"https:\/\/www.webdo.tn\/fr\/wp-json\/wp\/v2\/media\/394576"}],"wp:attachment":[{"href":"https:\/\/www.webdo.tn\/fr\/wp-json\/wp\/v2\/media?parent=394574"}],"wp:term":[{"taxonomy":"category","embeddable":true,"href":"https:\/\/www.webdo.tn\/fr\/wp-json\/wp\/v2\/categories?post=394574"},{"taxonomy":"post_tag","embeddable":true,"href":"https:\/\/www.webdo.tn\/fr\/wp-json\/wp\/v2\/tags?post=394574"}],"curies":[{"name":"wp","href":"https:\/\/api.w.org\/{rel}","templated":true}]}}