{"id":394572,"date":"2026-03-13T14:03:12","date_gmt":"2026-03-13T13:03:12","guid":{"rendered":"https:\/\/www.webdo.tn\/fr\/?p=394572"},"modified":"2026-03-13T14:03:14","modified_gmt":"2026-03-13T13:03:14","slug":"gabes-pression-sur-le-groupe-chimique-pour-une-station-de-dessalement","status":"publish","type":"post","link":"https:\/\/www.webdo.tn\/fr\/actualite\/regions\/gabes-pression-sur-le-groupe-chimique-pour-une-station-de-dessalement\/394572\/","title":{"rendered":"Gab\u00e8s : Pression sur le Groupe chimique pour une station de dessalement"},"content":{"rendered":"\n<p><strong>Une s\u00e9ance pl\u00e9ni\u00e8re s\u2019est tenue, vendredi 13 mars 2026, \u00e0 l\u2019Assembl\u00e9e des repr\u00e9sentants du peuple pour adresser des questions orales au ministre de l\u2019Agriculture, des Ressources hydrauliques et de la P\u00eache, Ezzeddine Ben Cheikh, pr\u00e9sent avec une d\u00e9l\u00e9gation de son d\u00e9partement.<\/strong><\/p>\n\n\n\n<p>\u00c0 cette occasion, le d\u00e9put\u00e9 de Gab\u00e8s, Issam Bahri Jebri, a interpell\u00e9 le ministre sur les raisons du non-lancement d\u2019une station de dessalement dans la r\u00e9gion. Il a estim\u00e9 que le minist\u00e8re avait \u00ab abandonn\u00e9 \u00bb le gouvernorat de Gab\u00e8s, pourtant \u00e0 vocation agricole, au profit de la zone industrielle qui, selon lui, consomme une grande partie des ressources hydriques. Le d\u00e9put\u00e9 a \u00e9galement fait part de son \u00e9tonnement face \u00e0 la vacance du poste de commissaire r\u00e9gional \u00e0 l\u2019agriculture dans la r\u00e9gion depuis pr\u00e8s de deux ans.<\/p>\n\n\n\n<h2 class=\"wp-block-heading\" id=\"h-eau-souterraine\">Eau souterraine<\/h2>\n\n\n\n<p>En r\u00e9ponse, le ministre a indiqu\u00e9 que des demandes d\u2019autorisations de forage d\u2019eau souterraine au profit du complexe industriel avaient \u00e9t\u00e9 refus\u00e9es, la zone \u00e9tant class\u00e9e en p\u00e9rim\u00e8tre de protection des ressources hydriques. Il a ajout\u00e9 que le Groupe chimique tunisien a \u00e9t\u00e9 appel\u00e9 \u00e0 acc\u00e9l\u00e9rer la r\u00e9alisation d\u2019une station de dessalement dans les plus brefs d\u00e9lais.<\/p>\n\n\n\n<p>Le ministre a par ailleurs pr\u00e9cis\u00e9 que le gouvernorat de Gab\u00e8s compte environ 2 000 puits anarchiques. Certains ont \u00e9t\u00e9 r\u00e9gularis\u00e9s, tandis que les autres dossiers sont encore \u00e0 l\u2019\u00e9tude. Il a \u00e9galement affirm\u00e9 que le minist\u00e8re a engag\u00e9 des actions juridiques pour mettre fin \u00e0 plusieurs infractions, avec l\u2019\u00e9tablissement de 43 proc\u00e8s-verbaux et la saisie d\u2019\u00e9quipements.<\/p>\n\n\n\n<p class=\"has-medium-font-size\"><strong>Lire aussi :<\/strong>\u00a0<a href=\"https:\/\/www.webdo.tn\/fr\/actualite\/regions\/pollution-a-gabes-la-justice-rejette-la-demande-darret-des-unites-industrielles\/393804\/\">Pollution \u00e0 Gab\u00e8s : La justice rejette la demande d\u2019arr\u00eat des unit\u00e9s industrielles<\/a><\/p>\n\n\n\n<p>Concernant la protection du Golfe de Gab\u00e8s, le ministre a expliqu\u00e9 que la strat\u00e9gie de son d\u00e9partement repose sur trois axes principaux : l\u2019instauration d\u2019une p\u00e9riode de repos biologique de trois mois par an afin de pr\u00e9server les ressources halieutiques, la lutte contre la p\u00eache anarchique et le renforcement du contr\u00f4le maritime, notamment \u00e0 travers l\u2019acquisition de navires de surveillance. Il a indiqu\u00e9 que 178 proc\u00e8s-verbaux ont \u00e9t\u00e9 dress\u00e9s dans le secteur de la p\u00eache.<\/p>\n\n\n\n<h2 class=\"wp-block-heading\" id=\"h-mise-en-place-de-recifs-artificiels-immerges\"> Mise en place de r\u00e9cifs artificiels immerg\u00e9s<\/h2>\n\n\n\n<p>Le responsable a \u00e9galement \u00e9voqu\u00e9 la mise en place de r\u00e9cifs artificiels immerg\u00e9s sur les c\u00f4tes du golfe, une mesure qui aurait favoris\u00e9 la reprise de la croissance des herbiers marins.<\/p>\n\n\n\n<p>Enfin, le ministre a indiqu\u00e9 que plusieurs projets sont programm\u00e9s dans la r\u00e9gion, dont la protection du port de p\u00eache de Zarzis, ainsi que la r\u00e9alisation d\u2019\u00e9tudes de faisabilit\u00e9 pour diff\u00e9rents projets li\u00e9s au d\u00e9veloppement de l\u2019aquaculture.<\/p>\n\n\n\n<p><\/p>\n","protected":false},"excerpt":{"rendered":"<p>Une s\u00e9ance pl\u00e9ni\u00e8re s\u2019est tenue, vendredi 13 mars 2026, \u00e0 l\u2019Assembl\u00e9e des repr\u00e9sentants du peuple pour adresser des questions orales au ministre de l\u2019Agriculture, des Ressources hydrauliques et de la P\u00eache, Ezzeddine Ben Cheikh, pr\u00e9sent avec une d\u00e9l\u00e9gation de son d\u00e9partement. \u00c0 cette occasion, le d\u00e9put\u00e9 de Gab\u00e8s, Issam Bahri Jebri, a interpell\u00e9 le ministre [&hellip;]<\/p>\n","protected":false},"author":3184,"featured_media":385954,"comment_status":"closed","ping_status":"closed","sticky":false,"template":"","format":"standard","meta":{"footnotes":""},"categories":[2595],"tags":[3878,3126],"class_list":["post-394572","post","type-post","status-publish","format-standard","has-post-thumbnail","hentry","category-regions","tag-dessalement","tag-gabes"],"yoast_head":"<!-- This site is optimized with the Yoast SEO Premium plugin v27.5 (Yoast SEO v27.5) - https:\/\/yoast.com\/product\/yoast-seo-premium-wordpress\/ -->\n<title>Gab\u00e8s : Pression sur le Groupe chimique pour une station de dessalement - webdo<\/title>\n<meta name=\"description\" content=\"Le d\u00e9put\u00e9 de Gab\u00e8s questionne le ministre sur le projet de station de dessalement. D\u00e9couvrez les enjeux agricoles de la r\u00e9gion.\" \/>\n<link rel=\"canonical\" href=\"https:\/\/www.webdo.tn\/fr\/actualite\/regions\/gabes-pression-sur-le-groupe-chimique-pour-une-station-de-dessalement\/394572\/\" \/>\n<meta property=\"og:locale\" content=\"fr_FR\" \/>\n<meta property=\"og:type\" content=\"article\" \/>\n<meta property=\"og:title\" content=\"Gab\u00e8s : Pression sur le Groupe chimique pour une station de dessalement\" \/>\n<meta property=\"og:description\" content=\"Le d\u00e9put\u00e9 de Gab\u00e8s questionne le ministre sur le projet de station de dessalement. D\u00e9couvrez les enjeux agricoles de la r\u00e9gion.\" \/>\n<meta property=\"og:url\" content=\"https:\/\/www.webdo.tn\/fr\/actualite\/regions\/gabes-pression-sur-le-groupe-chimique-pour-une-station-de-dessalement\/394572\/\" \/>\n<meta property=\"og:site_name\" content=\"webdo\" \/>\n<meta property=\"article:publisher\" content=\"https:\/\/www.facebook.com\/webdotn\" \/>\n<meta property=\"article:published_time\" content=\"2026-03-13T13:03:12+00:00\" \/>\n<meta property=\"article:modified_time\" content=\"2026-03-13T13:03:14+00:00\" \/>\n<meta property=\"og:image\" content=\"https:\/\/www.webdo.tn\/fr\/wp-content\/uploads\/2025\/10\/GCT-Gabes.jpg\" \/>\n\t<meta property=\"og:image:width\" content=\"1200\" \/>\n\t<meta property=\"og:image:height\" content=\"600\" \/>\n\t<meta property=\"og:image:type\" content=\"image\/jpeg\" \/>\n<meta name=\"author\" content=\"Wided Belhaj\" \/>\n<meta name=\"twitter:card\" content=\"summary_large_image\" \/>\n<meta name=\"twitter:creator\" content=\"@webdo_tn\" \/>\n<meta name=\"twitter:site\" content=\"@webdo_tn\" \/>\n<meta name=\"twitter:label1\" content=\"\u00c9crit par\" \/>\n\t<meta name=\"twitter:data1\" content=\"Wided Belhaj\" \/>\n\t<meta name=\"twitter:label2\" content=\"Dur\u00e9e de lecture estim\u00e9e\" \/>\n\t<meta name=\"twitter:data2\" content=\"3 minutes\" \/>\n<script type=\"application\/ld+json\" class=\"yoast-schema-graph\">{\"@context\":\"https:\\\/\\\/schema.org\",\"@graph\":[{\"@type\":\"NewsArticle\",\"@id\":\"https:\\\/\\\/www.webdo.tn\\\/fr\\\/actualite\\\/regions\\\/gabes-pression-sur-le-groupe-chimique-pour-une-station-de-dessalement\\\/394572\\\/#article\",\"isPartOf\":{\"@id\":\"https:\\\/\\\/www.webdo.tn\\\/fr\\\/actualite\\\/regions\\\/gabes-pression-sur-le-groupe-chimique-pour-une-station-de-dessalement\\\/394572\\\/\"},\"author\":{\"name\":\"Wided Belhaj\",\"@id\":\"https:\\\/\\\/www.webdo.tn\\\/fr\\\/#\\\/schema\\\/person\\\/b9ecde7a5574cb4fcf4b496ea5fadb15\"},\"headline\":\"Gab\u00e8s : Pression sur le Groupe chimique pour une station de dessalement\",\"datePublished\":\"2026-03-13T13:03:12+00:00\",\"dateModified\":\"2026-03-13T13:03:14+00:00\",\"mainEntityOfPage\":{\"@id\":\"https:\\\/\\\/www.webdo.tn\\\/fr\\\/actualite\\\/regions\\\/gabes-pression-sur-le-groupe-chimique-pour-une-station-de-dessalement\\\/394572\\\/\"},\"wordCount\":478,\"publisher\":{\"@id\":\"https:\\\/\\\/www.webdo.tn\\\/fr\\\/#organization\"},\"image\":{\"@id\":\"https:\\\/\\\/www.webdo.tn\\\/fr\\\/actualite\\\/regions\\\/gabes-pression-sur-le-groupe-chimique-pour-une-station-de-dessalement\\\/394572\\\/#primaryimage\"},\"thumbnailUrl\":\"https:\\\/\\\/www.webdo.tn\\\/fr\\\/wp-content\\\/uploads\\\/2025\\\/10\\\/GCT-Gabes.jpg\",\"keywords\":[\"Dessalement\",\"gab\u00e8s\"],\"articleSection\":[\"regions\"],\"inLanguage\":\"fr-FR\"},{\"@type\":\"WebPage\",\"@id\":\"https:\\\/\\\/www.webdo.tn\\\/fr\\\/actualite\\\/regions\\\/gabes-pression-sur-le-groupe-chimique-pour-une-station-de-dessalement\\\/394572\\\/\",\"url\":\"https:\\\/\\\/www.webdo.tn\\\/fr\\\/actualite\\\/regions\\\/gabes-pression-sur-le-groupe-chimique-pour-une-station-de-dessalement\\\/394572\\\/\",\"name\":\"Gab\u00e8s : Pression sur le Groupe chimique pour une station de dessalement - webdo\",\"isPartOf\":{\"@id\":\"https:\\\/\\\/www.webdo.tn\\\/fr\\\/#website\"},\"primaryImageOfPage\":{\"@id\":\"https:\\\/\\\/www.webdo.tn\\\/fr\\\/actualite\\\/regions\\\/gabes-pression-sur-le-groupe-chimique-pour-une-station-de-dessalement\\\/394572\\\/#primaryimage\"},\"image\":{\"@id\":\"https:\\\/\\\/www.webdo.tn\\\/fr\\\/actualite\\\/regions\\\/gabes-pression-sur-le-groupe-chimique-pour-une-station-de-dessalement\\\/394572\\\/#primaryimage\"},\"thumbnailUrl\":\"https:\\\/\\\/www.webdo.tn\\\/fr\\\/wp-content\\\/uploads\\\/2025\\\/10\\\/GCT-Gabes.jpg\",\"datePublished\":\"2026-03-13T13:03:12+00:00\",\"dateModified\":\"2026-03-13T13:03:14+00:00\",\"description\":\"Le d\u00e9put\u00e9 de Gab\u00e8s questionne le ministre sur le projet de station de dessalement. D\u00e9couvrez les enjeux agricoles de la r\u00e9gion.\",\"breadcrumb\":{\"@id\":\"https:\\\/\\\/www.webdo.tn\\\/fr\\\/actualite\\\/regions\\\/gabes-pression-sur-le-groupe-chimique-pour-une-station-de-dessalement\\\/394572\\\/#breadcrumb\"},\"inLanguage\":\"fr-FR\",\"potentialAction\":[{\"@type\":\"ReadAction\",\"target\":[\"https:\\\/\\\/www.webdo.tn\\\/fr\\\/actualite\\\/regions\\\/gabes-pression-sur-le-groupe-chimique-pour-une-station-de-dessalement\\\/394572\\\/\"]}]},{\"@type\":\"ImageObject\",\"inLanguage\":\"fr-FR\",\"@id\":\"https:\\\/\\\/www.webdo.tn\\\/fr\\\/actualite\\\/regions\\\/gabes-pression-sur-le-groupe-chimique-pour-une-station-de-dessalement\\\/394572\\\/#primaryimage\",\"url\":\"https:\\\/\\\/www.webdo.tn\\\/fr\\\/wp-content\\\/uploads\\\/2025\\\/10\\\/GCT-Gabes.jpg\",\"contentUrl\":\"https:\\\/\\\/www.webdo.tn\\\/fr\\\/wp-content\\\/uploads\\\/2025\\\/10\\\/GCT-Gabes.jpg\",\"width\":1200,\"height\":600,\"caption\":\"Gab\u00e8s - GCT : Le verdict contest\u00e9 par le FTDES dans le dossier des unit\u00e9s polluantes\"},{\"@type\":\"BreadcrumbList\",\"@id\":\"https:\\\/\\\/www.webdo.tn\\\/fr\\\/actualite\\\/regions\\\/gabes-pression-sur-le-groupe-chimique-pour-une-station-de-dessalement\\\/394572\\\/#breadcrumb\",\"itemListElement\":[{\"@type\":\"ListItem\",\"position\":1,\"name\":\"Accueil\",\"item\":\"https:\\\/\\\/www.webdo.tn\\\/fr\\\/\"},{\"@type\":\"ListItem\",\"position\":2,\"name\":\"Gab\u00e8s : Pression sur le Groupe chimique pour une station de dessalement\"}]},{\"@type\":\"WebSite\",\"@id\":\"https:\\\/\\\/www.webdo.tn\\\/fr\\\/#website\",\"url\":\"https:\\\/\\\/www.webdo.tn\\\/fr\\\/\",\"name\":\"webdo\",\"description\":\"Tunisie - News en Tunisie et \u00e0 l&#039;international sur Webdo.tn\",\"publisher\":{\"@id\":\"https:\\\/\\\/www.webdo.tn\\\/fr\\\/#organization\"},\"potentialAction\":[{\"@type\":\"SearchAction\",\"target\":{\"@type\":\"EntryPoint\",\"urlTemplate\":\"https:\\\/\\\/www.webdo.tn\\\/fr\\\/?s={search_term_string}\"},\"query-input\":{\"@type\":\"PropertyValueSpecification\",\"valueRequired\":true,\"valueName\":\"search_term_string\"}}],\"inLanguage\":\"fr-FR\"},{\"@type\":\"Organization\",\"@id\":\"https:\\\/\\\/www.webdo.tn\\\/fr\\\/#organization\",\"name\":\"Webdo\",\"alternateName\":\"Webdo.tn\",\"url\":\"https:\\\/\\\/www.webdo.tn\\\/fr\\\/\",\"logo\":{\"@type\":\"ImageObject\",\"inLanguage\":\"fr-FR\",\"@id\":\"https:\\\/\\\/www.webdo.tn\\\/fr\\\/#\\\/schema\\\/logo\\\/image\\\/\",\"url\":\"https:\\\/\\\/www.webdo.tn\\\/fr\\\/wp-content\\\/uploads\\\/2025\\\/06\\\/Webdo-Tunisie_168377.jpg\",\"contentUrl\":\"https:\\\/\\\/www.webdo.tn\\\/fr\\\/wp-content\\\/uploads\\\/2025\\\/06\\\/Webdo-Tunisie_168377.jpg\",\"width\":301,\"height\":301,\"caption\":\"Webdo\"},\"image\":{\"@id\":\"https:\\\/\\\/www.webdo.tn\\\/fr\\\/#\\\/schema\\\/logo\\\/image\\\/\"},\"sameAs\":[\"https:\\\/\\\/www.facebook.com\\\/webdotn\",\"https:\\\/\\\/x.com\\\/webdo_tn\"],\"description\":\"Webdo est un m\u00e9dia num\u00e9rique tunisien fond\u00e9 en 2010, sp\u00e9cialis\u00e9 dans l\u2019actualit\u00e9 nationale et internationale, l\u2019\u00e9conomie, la soci\u00e9t\u00e9 et les analyses politiques. Le site s\u2019adresse \u00e0 un large public francophone et couvre l\u2019information tunisienne en temps r\u00e9el.\",\"email\":\"redac@webdo.tn\",\"legalName\":\"YNJ SARL\",\"foundingDate\":\"2010-09-06\",\"numberOfEmployees\":{\"@type\":\"QuantitativeValue\",\"minValue\":\"11\",\"maxValue\":\"50\"}},{\"@type\":\"Person\",\"@id\":\"https:\\\/\\\/www.webdo.tn\\\/fr\\\/#\\\/schema\\\/person\\\/b9ecde7a5574cb4fcf4b496ea5fadb15\",\"name\":\"Wided Belhaj\",\"image\":{\"@type\":\"ImageObject\",\"inLanguage\":\"fr-FR\",\"@id\":\"https:\\\/\\\/www.webdo.tn\\\/fr\\\/wp-content\\\/uploads\\\/2026\\\/04\\\/wided-belhaj_avatar-96x96.jpg\",\"url\":\"https:\\\/\\\/www.webdo.tn\\\/fr\\\/wp-content\\\/uploads\\\/2026\\\/04\\\/wided-belhaj_avatar-96x96.jpg\",\"contentUrl\":\"https:\\\/\\\/www.webdo.tn\\\/fr\\\/wp-content\\\/uploads\\\/2026\\\/04\\\/wided-belhaj_avatar-96x96.jpg\",\"caption\":\"Wided Belhaj\"},\"description\":\"Wided Belhaj est le pseudonyme \u00e9ditorial utilis\u00e9 par Khalil Jelassi, journaliste, ma\u00eetre-assistant \u00e0 l\u2019Institut de presse et des sciences de l\u2019information (IPSI) et chercheur en sciences de l\u2019information et de la communication. Cette signature est d\u00e9di\u00e9e \u00e0 l\u2019analyse des m\u00e9dias, des pratiques journalistiques et des mutations de l\u2019information \u00e0 l\u2019\u00e8re digitale. \u00c0 travers ses contributions, Wided Belhaj propose une lecture analytique de l\u2019actualit\u00e9, en croisant regard critique et expertise acad\u00e9mique.\",\"knowsAbout\":[\"m\u00e9dias\",\"journalisme\",\"communication\",\"information\",\"transformation num\u00e9rique\",\"analyse des m\u00e9dias\"],\"knowsLanguage\":[\"Fran\u00e7ais\",\"Arabe\"],\"jobTitle\":\"Webdo.tn\",\"worksFor\":\"Journaliste \u2013 Analyse des m\u00e9dias\",\"url\":\"https:\\\/\\\/www.webdo.tn\\\/fr\\\/actualite\\\/author\\\/wided-belhaj\\\/\"}]}<\/script>\n<!-- \/ Yoast SEO Premium plugin. -->","yoast_head_json":{"title":"Gab\u00e8s : Pression sur le Groupe chimique pour une station de dessalement - webdo","description":"Le d\u00e9put\u00e9 de Gab\u00e8s questionne le ministre sur le projet de station de dessalement. D\u00e9couvrez les enjeux agricoles de la r\u00e9gion.","canonical":"https:\/\/www.webdo.tn\/fr\/actualite\/regions\/gabes-pression-sur-le-groupe-chimique-pour-une-station-de-dessalement\/394572\/","og_locale":"fr_FR","og_type":"article","og_title":"Gab\u00e8s : Pression sur le Groupe chimique pour une station de dessalement","og_description":"Le d\u00e9put\u00e9 de Gab\u00e8s questionne le ministre sur le projet de station de dessalement. D\u00e9couvrez les enjeux agricoles de la r\u00e9gion.","og_url":"https:\/\/www.webdo.tn\/fr\/actualite\/regions\/gabes-pression-sur-le-groupe-chimique-pour-une-station-de-dessalement\/394572\/","og_site_name":"webdo","article_publisher":"https:\/\/www.facebook.com\/webdotn","article_published_time":"2026-03-13T13:03:12+00:00","article_modified_time":"2026-03-13T13:03:14+00:00","og_image":[{"width":1200,"height":600,"url":"https:\/\/www.webdo.tn\/fr\/wp-content\/uploads\/2025\/10\/GCT-Gabes.jpg","type":"image\/jpeg"}],"author":"Wided Belhaj","twitter_card":"summary_large_image","twitter_creator":"@webdo_tn","twitter_site":"@webdo_tn","twitter_misc":{"\u00c9crit par":"Wided Belhaj","Dur\u00e9e de lecture estim\u00e9e":"3 minutes"},"schema":{"@context":"https:\/\/schema.org","@graph":[{"@type":"NewsArticle","@id":"https:\/\/www.webdo.tn\/fr\/actualite\/regions\/gabes-pression-sur-le-groupe-chimique-pour-une-station-de-dessalement\/394572\/#article","isPartOf":{"@id":"https:\/\/www.webdo.tn\/fr\/actualite\/regions\/gabes-pression-sur-le-groupe-chimique-pour-une-station-de-dessalement\/394572\/"},"author":{"name":"Wided Belhaj","@id":"https:\/\/www.webdo.tn\/fr\/#\/schema\/person\/b9ecde7a5574cb4fcf4b496ea5fadb15"},"headline":"Gab\u00e8s : Pression sur le Groupe chimique pour une station de dessalement","datePublished":"2026-03-13T13:03:12+00:00","dateModified":"2026-03-13T13:03:14+00:00","mainEntityOfPage":{"@id":"https:\/\/www.webdo.tn\/fr\/actualite\/regions\/gabes-pression-sur-le-groupe-chimique-pour-une-station-de-dessalement\/394572\/"},"wordCount":478,"publisher":{"@id":"https:\/\/www.webdo.tn\/fr\/#organization"},"image":{"@id":"https:\/\/www.webdo.tn\/fr\/actualite\/regions\/gabes-pression-sur-le-groupe-chimique-pour-une-station-de-dessalement\/394572\/#primaryimage"},"thumbnailUrl":"https:\/\/www.webdo.tn\/fr\/wp-content\/uploads\/2025\/10\/GCT-Gabes.jpg","keywords":["Dessalement","gab\u00e8s"],"articleSection":["regions"],"inLanguage":"fr-FR"},{"@type":"WebPage","@id":"https:\/\/www.webdo.tn\/fr\/actualite\/regions\/gabes-pression-sur-le-groupe-chimique-pour-une-station-de-dessalement\/394572\/","url":"https:\/\/www.webdo.tn\/fr\/actualite\/regions\/gabes-pression-sur-le-groupe-chimique-pour-une-station-de-dessalement\/394572\/","name":"Gab\u00e8s : Pression sur le Groupe chimique pour une station de dessalement - webdo","isPartOf":{"@id":"https:\/\/www.webdo.tn\/fr\/#website"},"primaryImageOfPage":{"@id":"https:\/\/www.webdo.tn\/fr\/actualite\/regions\/gabes-pression-sur-le-groupe-chimique-pour-une-station-de-dessalement\/394572\/#primaryimage"},"image":{"@id":"https:\/\/www.webdo.tn\/fr\/actualite\/regions\/gabes-pression-sur-le-groupe-chimique-pour-une-station-de-dessalement\/394572\/#primaryimage"},"thumbnailUrl":"https:\/\/www.webdo.tn\/fr\/wp-content\/uploads\/2025\/10\/GCT-Gabes.jpg","datePublished":"2026-03-13T13:03:12+00:00","dateModified":"2026-03-13T13:03:14+00:00","description":"Le d\u00e9put\u00e9 de Gab\u00e8s questionne le ministre sur le projet de station de dessalement. D\u00e9couvrez les enjeux agricoles de la r\u00e9gion.","breadcrumb":{"@id":"https:\/\/www.webdo.tn\/fr\/actualite\/regions\/gabes-pression-sur-le-groupe-chimique-pour-une-station-de-dessalement\/394572\/#breadcrumb"},"inLanguage":"fr-FR","potentialAction":[{"@type":"ReadAction","target":["https:\/\/www.webdo.tn\/fr\/actualite\/regions\/gabes-pression-sur-le-groupe-chimique-pour-une-station-de-dessalement\/394572\/"]}]},{"@type":"ImageObject","inLanguage":"fr-FR","@id":"https:\/\/www.webdo.tn\/fr\/actualite\/regions\/gabes-pression-sur-le-groupe-chimique-pour-une-station-de-dessalement\/394572\/#primaryimage","url":"https:\/\/www.webdo.tn\/fr\/wp-content\/uploads\/2025\/10\/GCT-Gabes.jpg","contentUrl":"https:\/\/www.webdo.tn\/fr\/wp-content\/uploads\/2025\/10\/GCT-Gabes.jpg","width":1200,"height":600,"caption":"Gab\u00e8s - GCT : Le verdict contest\u00e9 par le FTDES dans le dossier des unit\u00e9s polluantes"},{"@type":"BreadcrumbList","@id":"https:\/\/www.webdo.tn\/fr\/actualite\/regions\/gabes-pression-sur-le-groupe-chimique-pour-une-station-de-dessalement\/394572\/#breadcrumb","itemListElement":[{"@type":"ListItem","position":1,"name":"Accueil","item":"https:\/\/www.webdo.tn\/fr\/"},{"@type":"ListItem","position":2,"name":"Gab\u00e8s : Pression sur le Groupe chimique pour une station de dessalement"}]},{"@type":"WebSite","@id":"https:\/\/www.webdo.tn\/fr\/#website","url":"https:\/\/www.webdo.tn\/fr\/","name":"webdo","description":"Tunisie - News en Tunisie et \u00e0 l&#039;international sur Webdo.tn","publisher":{"@id":"https:\/\/www.webdo.tn\/fr\/#organization"},"potentialAction":[{"@type":"SearchAction","target":{"@type":"EntryPoint","urlTemplate":"https:\/\/www.webdo.tn\/fr\/?s={search_term_string}"},"query-input":{"@type":"PropertyValueSpecification","valueRequired":true,"valueName":"search_term_string"}}],"inLanguage":"fr-FR"},{"@type":"Organization","@id":"https:\/\/www.webdo.tn\/fr\/#organization","name":"Webdo","alternateName":"Webdo.tn","url":"https:\/\/www.webdo.tn\/fr\/","logo":{"@type":"ImageObject","inLanguage":"fr-FR","@id":"https:\/\/www.webdo.tn\/fr\/#\/schema\/logo\/image\/","url":"https:\/\/www.webdo.tn\/fr\/wp-content\/uploads\/2025\/06\/Webdo-Tunisie_168377.jpg","contentUrl":"https:\/\/www.webdo.tn\/fr\/wp-content\/uploads\/2025\/06\/Webdo-Tunisie_168377.jpg","width":301,"height":301,"caption":"Webdo"},"image":{"@id":"https:\/\/www.webdo.tn\/fr\/#\/schema\/logo\/image\/"},"sameAs":["https:\/\/www.facebook.com\/webdotn","https:\/\/x.com\/webdo_tn"],"description":"Webdo est un m\u00e9dia num\u00e9rique tunisien fond\u00e9 en 2010, sp\u00e9cialis\u00e9 dans l\u2019actualit\u00e9 nationale et internationale, l\u2019\u00e9conomie, la soci\u00e9t\u00e9 et les analyses politiques. Le site s\u2019adresse \u00e0 un large public francophone et couvre l\u2019information tunisienne en temps r\u00e9el.","email":"redac@webdo.tn","legalName":"YNJ SARL","foundingDate":"2010-09-06","numberOfEmployees":{"@type":"QuantitativeValue","minValue":"11","maxValue":"50"}},{"@type":"Person","@id":"https:\/\/www.webdo.tn\/fr\/#\/schema\/person\/b9ecde7a5574cb4fcf4b496ea5fadb15","name":"Wided Belhaj","image":{"@type":"ImageObject","inLanguage":"fr-FR","@id":"https:\/\/www.webdo.tn\/fr\/wp-content\/uploads\/2026\/04\/wided-belhaj_avatar-96x96.jpg","url":"https:\/\/www.webdo.tn\/fr\/wp-content\/uploads\/2026\/04\/wided-belhaj_avatar-96x96.jpg","contentUrl":"https:\/\/www.webdo.tn\/fr\/wp-content\/uploads\/2026\/04\/wided-belhaj_avatar-96x96.jpg","caption":"Wided Belhaj"},"description":"Wided Belhaj est le pseudonyme \u00e9ditorial utilis\u00e9 par Khalil Jelassi, journaliste, ma\u00eetre-assistant \u00e0 l\u2019Institut de presse et des sciences de l\u2019information (IPSI) et chercheur en sciences de l\u2019information et de la communication. Cette signature est d\u00e9di\u00e9e \u00e0 l\u2019analyse des m\u00e9dias, des pratiques journalistiques et des mutations de l\u2019information \u00e0 l\u2019\u00e8re digitale. \u00c0 travers ses contributions, Wided Belhaj propose une lecture analytique de l\u2019actualit\u00e9, en croisant regard critique et expertise acad\u00e9mique.","knowsAbout":["m\u00e9dias","journalisme","communication","information","transformation num\u00e9rique","analyse des m\u00e9dias"],"knowsLanguage":["Fran\u00e7ais","Arabe"],"jobTitle":"Webdo.tn","worksFor":"Journaliste \u2013 Analyse des m\u00e9dias","url":"https:\/\/www.webdo.tn\/fr\/actualite\/author\/wided-belhaj\/"}]}},"_links":{"self":[{"href":"https:\/\/www.webdo.tn\/fr\/wp-json\/wp\/v2\/posts\/394572","targetHints":{"allow":["GET"]}}],"collection":[{"href":"https:\/\/www.webdo.tn\/fr\/wp-json\/wp\/v2\/posts"}],"about":[{"href":"https:\/\/www.webdo.tn\/fr\/wp-json\/wp\/v2\/types\/post"}],"author":[{"embeddable":true,"href":"https:\/\/www.webdo.tn\/fr\/wp-json\/wp\/v2\/users\/3184"}],"replies":[{"embeddable":true,"href":"https:\/\/www.webdo.tn\/fr\/wp-json\/wp\/v2\/comments?post=394572"}],"version-history":[{"count":0,"href":"https:\/\/www.webdo.tn\/fr\/wp-json\/wp\/v2\/posts\/394572\/revisions"}],"wp:featuredmedia":[{"embeddable":true,"href":"https:\/\/www.webdo.tn\/fr\/wp-json\/wp\/v2\/media\/385954"}],"wp:attachment":[{"href":"https:\/\/www.webdo.tn\/fr\/wp-json\/wp\/v2\/media?parent=394572"}],"wp:term":[{"taxonomy":"category","embeddable":true,"href":"https:\/\/www.webdo.tn\/fr\/wp-json\/wp\/v2\/categories?post=394572"},{"taxonomy":"post_tag","embeddable":true,"href":"https:\/\/www.webdo.tn\/fr\/wp-json\/wp\/v2\/tags?post=394572"}],"curies":[{"name":"wp","href":"https:\/\/api.w.org\/{rel}","templated":true}]}}