{"id":394564,"date":"2026-03-13T11:34:06","date_gmt":"2026-03-13T10:34:06","guid":{"rendered":"https:\/\/www.webdo.tn\/fr\/?p=394564"},"modified":"2026-03-13T11:34:08","modified_gmt":"2026-03-13T10:34:08","slug":"irak-quatre-militaires-americains-tues-dans-le-crash-dun-avion-militaire","status":"publish","type":"post","link":"https:\/\/www.webdo.tn\/fr\/actualite\/international\/irak-quatre-militaires-americains-tues-dans-le-crash-dun-avion-militaire\/394564\/","title":{"rendered":"Irak : Quatre militaires am\u00e9ricains tu\u00e9s dans le crash d\u2019un avion militaire"},"content":{"rendered":"\n<p><strong>Un avion militaire am\u00e9ricain s\u2019est \u00e9cras\u00e9 jeudi 12 mars 2026 dans l\u2019ouest de l\u2019Irak, provoquant la mort d\u2019au moins quatre militaires am\u00e9ricains, selon des responsables du commandement militaire am\u00e9ricain au Moyen-Orient.<\/strong><\/p>\n\n\n\n<p>L\u2019appareil accident\u00e9 est un Boeing KC-135 Stratotanker, un avion ravitailleur utilis\u00e9 par l\u2019United States Air Force pour ravitailler d\u2019autres avions en vol.<\/p>\n\n\n\n<h2 class=\"wp-block-heading\" id=\"h-six-membres-d-equipage-se-trouvaient-a-bord\">Six membres d\u2019\u00e9quipage se trouvaient \u00e0 bord<\/h2>\n\n\n\n<p>Selon les premi\u00e8res informations, six membres d\u2019\u00e9quipage se trouvaient \u00e0 bord au moment du crash. Quatre ont \u00e9t\u00e9 confirm\u00e9s morts, tandis que le sort des deux autres faisait encore l\u2019objet d\u2019op\u00e9rations de recherche dans les heures suivant l\u2019accident.<\/p>\n\n\n\n<p>L\u2019incident serait survenu apr\u00e8s un \u00e9v\u00e9nement impliquant deux avions ravitailleurs du m\u00eame type dans ce que les autorit\u00e9s am\u00e9ricaines d\u00e9crivent comme un \u00ab espace a\u00e9rien ami \u00bb. L\u2019un des appareils s\u2019est \u00e9cras\u00e9 en territoire irakien, tandis que l\u2019autre a r\u00e9ussi \u00e0 atterrir en s\u00e9curit\u00e9 en Isra\u00ebl.<\/p>\n\n\n\n<p>Le commandement militaire am\u00e9ricain a pr\u00e9cis\u00e9 que l\u2019accident n\u2019\u00e9tait pas li\u00e9 \u00e0 un tir ennemi ni \u00e0 un tir ami. Une enqu\u00eate a \u00e9t\u00e9 ouverte pour d\u00e9terminer les causes exactes de la catastrophe.<\/p>\n\n\n\n<h2 class=\"wp-block-heading\" id=\"h-derive-du-boeing-707\">D\u00e9riv\u00e9 du Boeing 707<\/h2>\n\n\n\n<p>Cet appareil, d\u00e9riv\u00e9 du Boeing 707 et en service depuis plus de soixante ans, constitue l\u2019un des principaux avions de ravitaillement de l\u2019arm\u00e9e am\u00e9ricaine, m\u00eame s\u2019il est progressivement remplac\u00e9 par des mod\u00e8les plus r\u00e9cents.<\/p>\n\n\n\n<p><strong>Lire aussi :<\/strong> <a href=\"https:\/\/www.webdo.tn\/fr\/actualite\/international\/irak-un-avion-ravitailleur-de-lus-air-force-secrase\/394559\/\" type=\"link\" id=\"https:\/\/www.webdo.tn\/fr\/actualite\/international\/irak-un-avion-ravitailleur-de-lus-air-force-secrase\/394559\/\">Irak : Un avion ravitailleur de l\u2019US Air Force s\u2019\u00e9crase<\/a><br><\/p>\n\n\n\n<p><\/p>\n","protected":false},"excerpt":{"rendered":"<p>Un avion militaire am\u00e9ricain s\u2019est \u00e9cras\u00e9 jeudi 12 mars 2026 dans l\u2019ouest de l\u2019Irak, provoquant la mort d\u2019au moins quatre militaires am\u00e9ricains, selon des responsables du commandement militaire am\u00e9ricain au Moyen-Orient. L\u2019appareil accident\u00e9 est un Boeing KC-135 Stratotanker, un avion ravitailleur utilis\u00e9 par l\u2019United States Air Force pour ravitailler d\u2019autres avions en vol. Six membres [&hellip;]<\/p>\n","protected":false},"author":3184,"featured_media":394565,"comment_status":"closed","ping_status":"closed","sticky":false,"template":"","format":"standard","meta":{"footnotes":""},"categories":[2598],"tags":[4664,3061],"class_list":["post-394564","post","type-post","status-publish","format-standard","has-post-thumbnail","hentry","category-international","tag-avion","tag-usa"],"yoast_head":"<!-- This site is optimized with the Yoast SEO Premium plugin v27.5 (Yoast SEO v27.5) - https:\/\/yoast.com\/product\/yoast-seo-premium-wordpress\/ -->\n<title>Irak : Quatre militaires am\u00e9ricains tu\u00e9s dans le crash d\u2019un avion militaire - webdo<\/title>\n<meta name=\"description\" content=\"D\u00e9couvrez les d\u00e9tails du crash d&#039;un avion militaire am\u00e9ricain en Irak, causant la mort de quatre militaires.\" \/>\n<link rel=\"canonical\" href=\"https:\/\/www.webdo.tn\/fr\/actualite\/international\/irak-quatre-militaires-americains-tues-dans-le-crash-dun-avion-militaire\/394564\/\" \/>\n<meta property=\"og:locale\" content=\"fr_FR\" \/>\n<meta property=\"og:type\" content=\"article\" \/>\n<meta property=\"og:title\" content=\"Irak : Quatre militaires am\u00e9ricains tu\u00e9s dans le crash d\u2019un avion militaire\" \/>\n<meta property=\"og:description\" content=\"D\u00e9couvrez les d\u00e9tails du crash d&#039;un avion militaire am\u00e9ricain en Irak, causant la mort de quatre militaires.\" \/>\n<meta property=\"og:url\" content=\"https:\/\/www.webdo.tn\/fr\/actualite\/international\/irak-quatre-militaires-americains-tues-dans-le-crash-dun-avion-militaire\/394564\/\" \/>\n<meta property=\"og:site_name\" content=\"webdo\" \/>\n<meta property=\"article:publisher\" content=\"https:\/\/www.facebook.com\/webdotn\" \/>\n<meta property=\"article:published_time\" content=\"2026-03-13T10:34:06+00:00\" \/>\n<meta property=\"article:modified_time\" content=\"2026-03-13T10:34:08+00:00\" \/>\n<meta property=\"og:image\" content=\"https:\/\/www.webdo.tn\/fr\/wp-content\/uploads\/2026\/03\/avion-am.jpg\" \/>\n\t<meta property=\"og:image:width\" content=\"1299\" \/>\n\t<meta property=\"og:image:height\" content=\"603\" \/>\n\t<meta property=\"og:image:type\" content=\"image\/jpeg\" \/>\n<meta name=\"author\" content=\"Wided Belhaj\" \/>\n<meta name=\"twitter:card\" content=\"summary_large_image\" \/>\n<meta name=\"twitter:creator\" content=\"@webdo_tn\" \/>\n<meta name=\"twitter:site\" content=\"@webdo_tn\" \/>\n<meta name=\"twitter:label1\" content=\"\u00c9crit par\" \/>\n\t<meta name=\"twitter:data1\" content=\"Wided Belhaj\" \/>\n\t<meta name=\"twitter:label2\" content=\"Dur\u00e9e de lecture estim\u00e9e\" \/>\n\t<meta name=\"twitter:data2\" content=\"2 minutes\" \/>\n<script type=\"application\/ld+json\" class=\"yoast-schema-graph\">{\"@context\":\"https:\\\/\\\/schema.org\",\"@graph\":[{\"@type\":\"NewsArticle\",\"@id\":\"https:\\\/\\\/www.webdo.tn\\\/fr\\\/actualite\\\/international\\\/irak-quatre-militaires-americains-tues-dans-le-crash-dun-avion-militaire\\\/394564\\\/#article\",\"isPartOf\":{\"@id\":\"https:\\\/\\\/www.webdo.tn\\\/fr\\\/actualite\\\/international\\\/irak-quatre-militaires-americains-tues-dans-le-crash-dun-avion-militaire\\\/394564\\\/\"},\"author\":{\"name\":\"Wided Belhaj\",\"@id\":\"https:\\\/\\\/www.webdo.tn\\\/fr\\\/#\\\/schema\\\/person\\\/b9ecde7a5574cb4fcf4b496ea5fadb15\"},\"headline\":\"Irak : Quatre militaires am\u00e9ricains tu\u00e9s dans le crash d\u2019un avion militaire\",\"datePublished\":\"2026-03-13T10:34:06+00:00\",\"dateModified\":\"2026-03-13T10:34:08+00:00\",\"mainEntityOfPage\":{\"@id\":\"https:\\\/\\\/www.webdo.tn\\\/fr\\\/actualite\\\/international\\\/irak-quatre-militaires-americains-tues-dans-le-crash-dun-avion-militaire\\\/394564\\\/\"},\"wordCount\":279,\"publisher\":{\"@id\":\"https:\\\/\\\/www.webdo.tn\\\/fr\\\/#organization\"},\"image\":{\"@id\":\"https:\\\/\\\/www.webdo.tn\\\/fr\\\/actualite\\\/international\\\/irak-quatre-militaires-americains-tues-dans-le-crash-dun-avion-militaire\\\/394564\\\/#primaryimage\"},\"thumbnailUrl\":\"https:\\\/\\\/www.webdo.tn\\\/fr\\\/wp-content\\\/uploads\\\/2026\\\/03\\\/avion-am.jpg\",\"keywords\":[\"Avion\",\"USA\"],\"articleSection\":[\"International\"],\"inLanguage\":\"fr-FR\"},{\"@type\":\"WebPage\",\"@id\":\"https:\\\/\\\/www.webdo.tn\\\/fr\\\/actualite\\\/international\\\/irak-quatre-militaires-americains-tues-dans-le-crash-dun-avion-militaire\\\/394564\\\/\",\"url\":\"https:\\\/\\\/www.webdo.tn\\\/fr\\\/actualite\\\/international\\\/irak-quatre-militaires-americains-tues-dans-le-crash-dun-avion-militaire\\\/394564\\\/\",\"name\":\"Irak : Quatre militaires am\u00e9ricains tu\u00e9s dans le crash d\u2019un avion militaire - webdo\",\"isPartOf\":{\"@id\":\"https:\\\/\\\/www.webdo.tn\\\/fr\\\/#website\"},\"primaryImageOfPage\":{\"@id\":\"https:\\\/\\\/www.webdo.tn\\\/fr\\\/actualite\\\/international\\\/irak-quatre-militaires-americains-tues-dans-le-crash-dun-avion-militaire\\\/394564\\\/#primaryimage\"},\"image\":{\"@id\":\"https:\\\/\\\/www.webdo.tn\\\/fr\\\/actualite\\\/international\\\/irak-quatre-militaires-americains-tues-dans-le-crash-dun-avion-militaire\\\/394564\\\/#primaryimage\"},\"thumbnailUrl\":\"https:\\\/\\\/www.webdo.tn\\\/fr\\\/wp-content\\\/uploads\\\/2026\\\/03\\\/avion-am.jpg\",\"datePublished\":\"2026-03-13T10:34:06+00:00\",\"dateModified\":\"2026-03-13T10:34:08+00:00\",\"description\":\"D\u00e9couvrez les d\u00e9tails du crash d'un avion militaire am\u00e9ricain en Irak, causant la mort de quatre militaires.\",\"breadcrumb\":{\"@id\":\"https:\\\/\\\/www.webdo.tn\\\/fr\\\/actualite\\\/international\\\/irak-quatre-militaires-americains-tues-dans-le-crash-dun-avion-militaire\\\/394564\\\/#breadcrumb\"},\"inLanguage\":\"fr-FR\",\"potentialAction\":[{\"@type\":\"ReadAction\",\"target\":[\"https:\\\/\\\/www.webdo.tn\\\/fr\\\/actualite\\\/international\\\/irak-quatre-militaires-americains-tues-dans-le-crash-dun-avion-militaire\\\/394564\\\/\"]}]},{\"@type\":\"ImageObject\",\"inLanguage\":\"fr-FR\",\"@id\":\"https:\\\/\\\/www.webdo.tn\\\/fr\\\/actualite\\\/international\\\/irak-quatre-militaires-americains-tues-dans-le-crash-dun-avion-militaire\\\/394564\\\/#primaryimage\",\"url\":\"https:\\\/\\\/www.webdo.tn\\\/fr\\\/wp-content\\\/uploads\\\/2026\\\/03\\\/avion-am.jpg\",\"contentUrl\":\"https:\\\/\\\/www.webdo.tn\\\/fr\\\/wp-content\\\/uploads\\\/2026\\\/03\\\/avion-am.jpg\",\"width\":1299,\"height\":603,\"caption\":\"avion us\"},{\"@type\":\"BreadcrumbList\",\"@id\":\"https:\\\/\\\/www.webdo.tn\\\/fr\\\/actualite\\\/international\\\/irak-quatre-militaires-americains-tues-dans-le-crash-dun-avion-militaire\\\/394564\\\/#breadcrumb\",\"itemListElement\":[{\"@type\":\"ListItem\",\"position\":1,\"name\":\"Accueil\",\"item\":\"https:\\\/\\\/www.webdo.tn\\\/fr\\\/\"},{\"@type\":\"ListItem\",\"position\":2,\"name\":\"Irak : Quatre militaires am\u00e9ricains tu\u00e9s dans le crash d\u2019un avion militaire\"}]},{\"@type\":\"WebSite\",\"@id\":\"https:\\\/\\\/www.webdo.tn\\\/fr\\\/#website\",\"url\":\"https:\\\/\\\/www.webdo.tn\\\/fr\\\/\",\"name\":\"webdo\",\"description\":\"Tunisie - News en Tunisie et \u00e0 l&#039;international sur Webdo.tn\",\"publisher\":{\"@id\":\"https:\\\/\\\/www.webdo.tn\\\/fr\\\/#organization\"},\"potentialAction\":[{\"@type\":\"SearchAction\",\"target\":{\"@type\":\"EntryPoint\",\"urlTemplate\":\"https:\\\/\\\/www.webdo.tn\\\/fr\\\/?s={search_term_string}\"},\"query-input\":{\"@type\":\"PropertyValueSpecification\",\"valueRequired\":true,\"valueName\":\"search_term_string\"}}],\"inLanguage\":\"fr-FR\"},{\"@type\":\"Organization\",\"@id\":\"https:\\\/\\\/www.webdo.tn\\\/fr\\\/#organization\",\"name\":\"Webdo\",\"alternateName\":\"Webdo.tn\",\"url\":\"https:\\\/\\\/www.webdo.tn\\\/fr\\\/\",\"logo\":{\"@type\":\"ImageObject\",\"inLanguage\":\"fr-FR\",\"@id\":\"https:\\\/\\\/www.webdo.tn\\\/fr\\\/#\\\/schema\\\/logo\\\/image\\\/\",\"url\":\"https:\\\/\\\/www.webdo.tn\\\/fr\\\/wp-content\\\/uploads\\\/2025\\\/06\\\/Webdo-Tunisie_168377.jpg\",\"contentUrl\":\"https:\\\/\\\/www.webdo.tn\\\/fr\\\/wp-content\\\/uploads\\\/2025\\\/06\\\/Webdo-Tunisie_168377.jpg\",\"width\":301,\"height\":301,\"caption\":\"Webdo\"},\"image\":{\"@id\":\"https:\\\/\\\/www.webdo.tn\\\/fr\\\/#\\\/schema\\\/logo\\\/image\\\/\"},\"sameAs\":[\"https:\\\/\\\/www.facebook.com\\\/webdotn\",\"https:\\\/\\\/x.com\\\/webdo_tn\"],\"description\":\"Webdo est un m\u00e9dia num\u00e9rique tunisien fond\u00e9 en 2010, sp\u00e9cialis\u00e9 dans l\u2019actualit\u00e9 nationale et internationale, l\u2019\u00e9conomie, la soci\u00e9t\u00e9 et les analyses politiques. Le site s\u2019adresse \u00e0 un large public francophone et couvre l\u2019information tunisienne en temps r\u00e9el.\",\"email\":\"redac@webdo.tn\",\"legalName\":\"YNJ SARL\",\"foundingDate\":\"2010-09-06\",\"numberOfEmployees\":{\"@type\":\"QuantitativeValue\",\"minValue\":\"11\",\"maxValue\":\"50\"}},{\"@type\":\"Person\",\"@id\":\"https:\\\/\\\/www.webdo.tn\\\/fr\\\/#\\\/schema\\\/person\\\/b9ecde7a5574cb4fcf4b496ea5fadb15\",\"name\":\"Wided Belhaj\",\"image\":{\"@type\":\"ImageObject\",\"inLanguage\":\"fr-FR\",\"@id\":\"https:\\\/\\\/www.webdo.tn\\\/fr\\\/wp-content\\\/uploads\\\/2026\\\/04\\\/wided-belhaj_avatar-96x96.jpg\",\"url\":\"https:\\\/\\\/www.webdo.tn\\\/fr\\\/wp-content\\\/uploads\\\/2026\\\/04\\\/wided-belhaj_avatar-96x96.jpg\",\"contentUrl\":\"https:\\\/\\\/www.webdo.tn\\\/fr\\\/wp-content\\\/uploads\\\/2026\\\/04\\\/wided-belhaj_avatar-96x96.jpg\",\"caption\":\"Wided Belhaj\"},\"description\":\"Wided Belhaj est le pseudonyme \u00e9ditorial utilis\u00e9 par Khalil Jelassi, journaliste, ma\u00eetre-assistant \u00e0 l\u2019Institut de presse et des sciences de l\u2019information (IPSI) et chercheur en sciences de l\u2019information et de la communication. Cette signature est d\u00e9di\u00e9e \u00e0 l\u2019analyse des m\u00e9dias, des pratiques journalistiques et des mutations de l\u2019information \u00e0 l\u2019\u00e8re digitale. \u00c0 travers ses contributions, Wided Belhaj propose une lecture analytique de l\u2019actualit\u00e9, en croisant regard critique et expertise acad\u00e9mique.\",\"knowsAbout\":[\"m\u00e9dias\",\"journalisme\",\"communication\",\"information\",\"transformation num\u00e9rique\",\"analyse des m\u00e9dias\"],\"knowsLanguage\":[\"Fran\u00e7ais\",\"Arabe\"],\"jobTitle\":\"Webdo.tn\",\"worksFor\":\"Journaliste \u2013 Analyse des m\u00e9dias\",\"url\":\"https:\\\/\\\/www.webdo.tn\\\/fr\\\/actualite\\\/author\\\/wided-belhaj\\\/\"}]}<\/script>\n<!-- \/ Yoast SEO Premium plugin. -->","yoast_head_json":{"title":"Irak : Quatre militaires am\u00e9ricains tu\u00e9s dans le crash d\u2019un avion militaire - webdo","description":"D\u00e9couvrez les d\u00e9tails du crash d'un avion militaire am\u00e9ricain en Irak, causant la mort de quatre militaires.","canonical":"https:\/\/www.webdo.tn\/fr\/actualite\/international\/irak-quatre-militaires-americains-tues-dans-le-crash-dun-avion-militaire\/394564\/","og_locale":"fr_FR","og_type":"article","og_title":"Irak : Quatre militaires am\u00e9ricains tu\u00e9s dans le crash d\u2019un avion militaire","og_description":"D\u00e9couvrez les d\u00e9tails du crash d'un avion militaire am\u00e9ricain en Irak, causant la mort de quatre militaires.","og_url":"https:\/\/www.webdo.tn\/fr\/actualite\/international\/irak-quatre-militaires-americains-tues-dans-le-crash-dun-avion-militaire\/394564\/","og_site_name":"webdo","article_publisher":"https:\/\/www.facebook.com\/webdotn","article_published_time":"2026-03-13T10:34:06+00:00","article_modified_time":"2026-03-13T10:34:08+00:00","og_image":[{"width":1299,"height":603,"url":"https:\/\/www.webdo.tn\/fr\/wp-content\/uploads\/2026\/03\/avion-am.jpg","type":"image\/jpeg"}],"author":"Wided Belhaj","twitter_card":"summary_large_image","twitter_creator":"@webdo_tn","twitter_site":"@webdo_tn","twitter_misc":{"\u00c9crit par":"Wided Belhaj","Dur\u00e9e de lecture estim\u00e9e":"2 minutes"},"schema":{"@context":"https:\/\/schema.org","@graph":[{"@type":"NewsArticle","@id":"https:\/\/www.webdo.tn\/fr\/actualite\/international\/irak-quatre-militaires-americains-tues-dans-le-crash-dun-avion-militaire\/394564\/#article","isPartOf":{"@id":"https:\/\/www.webdo.tn\/fr\/actualite\/international\/irak-quatre-militaires-americains-tues-dans-le-crash-dun-avion-militaire\/394564\/"},"author":{"name":"Wided Belhaj","@id":"https:\/\/www.webdo.tn\/fr\/#\/schema\/person\/b9ecde7a5574cb4fcf4b496ea5fadb15"},"headline":"Irak : Quatre militaires am\u00e9ricains tu\u00e9s dans le crash d\u2019un avion militaire","datePublished":"2026-03-13T10:34:06+00:00","dateModified":"2026-03-13T10:34:08+00:00","mainEntityOfPage":{"@id":"https:\/\/www.webdo.tn\/fr\/actualite\/international\/irak-quatre-militaires-americains-tues-dans-le-crash-dun-avion-militaire\/394564\/"},"wordCount":279,"publisher":{"@id":"https:\/\/www.webdo.tn\/fr\/#organization"},"image":{"@id":"https:\/\/www.webdo.tn\/fr\/actualite\/international\/irak-quatre-militaires-americains-tues-dans-le-crash-dun-avion-militaire\/394564\/#primaryimage"},"thumbnailUrl":"https:\/\/www.webdo.tn\/fr\/wp-content\/uploads\/2026\/03\/avion-am.jpg","keywords":["Avion","USA"],"articleSection":["International"],"inLanguage":"fr-FR"},{"@type":"WebPage","@id":"https:\/\/www.webdo.tn\/fr\/actualite\/international\/irak-quatre-militaires-americains-tues-dans-le-crash-dun-avion-militaire\/394564\/","url":"https:\/\/www.webdo.tn\/fr\/actualite\/international\/irak-quatre-militaires-americains-tues-dans-le-crash-dun-avion-militaire\/394564\/","name":"Irak : Quatre militaires am\u00e9ricains tu\u00e9s dans le crash d\u2019un avion militaire - webdo","isPartOf":{"@id":"https:\/\/www.webdo.tn\/fr\/#website"},"primaryImageOfPage":{"@id":"https:\/\/www.webdo.tn\/fr\/actualite\/international\/irak-quatre-militaires-americains-tues-dans-le-crash-dun-avion-militaire\/394564\/#primaryimage"},"image":{"@id":"https:\/\/www.webdo.tn\/fr\/actualite\/international\/irak-quatre-militaires-americains-tues-dans-le-crash-dun-avion-militaire\/394564\/#primaryimage"},"thumbnailUrl":"https:\/\/www.webdo.tn\/fr\/wp-content\/uploads\/2026\/03\/avion-am.jpg","datePublished":"2026-03-13T10:34:06+00:00","dateModified":"2026-03-13T10:34:08+00:00","description":"D\u00e9couvrez les d\u00e9tails du crash d'un avion militaire am\u00e9ricain en Irak, causant la mort de quatre militaires.","breadcrumb":{"@id":"https:\/\/www.webdo.tn\/fr\/actualite\/international\/irak-quatre-militaires-americains-tues-dans-le-crash-dun-avion-militaire\/394564\/#breadcrumb"},"inLanguage":"fr-FR","potentialAction":[{"@type":"ReadAction","target":["https:\/\/www.webdo.tn\/fr\/actualite\/international\/irak-quatre-militaires-americains-tues-dans-le-crash-dun-avion-militaire\/394564\/"]}]},{"@type":"ImageObject","inLanguage":"fr-FR","@id":"https:\/\/www.webdo.tn\/fr\/actualite\/international\/irak-quatre-militaires-americains-tues-dans-le-crash-dun-avion-militaire\/394564\/#primaryimage","url":"https:\/\/www.webdo.tn\/fr\/wp-content\/uploads\/2026\/03\/avion-am.jpg","contentUrl":"https:\/\/www.webdo.tn\/fr\/wp-content\/uploads\/2026\/03\/avion-am.jpg","width":1299,"height":603,"caption":"avion us"},{"@type":"BreadcrumbList","@id":"https:\/\/www.webdo.tn\/fr\/actualite\/international\/irak-quatre-militaires-americains-tues-dans-le-crash-dun-avion-militaire\/394564\/#breadcrumb","itemListElement":[{"@type":"ListItem","position":1,"name":"Accueil","item":"https:\/\/www.webdo.tn\/fr\/"},{"@type":"ListItem","position":2,"name":"Irak : Quatre militaires am\u00e9ricains tu\u00e9s dans le crash d\u2019un avion militaire"}]},{"@type":"WebSite","@id":"https:\/\/www.webdo.tn\/fr\/#website","url":"https:\/\/www.webdo.tn\/fr\/","name":"webdo","description":"Tunisie - News en Tunisie et \u00e0 l&#039;international sur Webdo.tn","publisher":{"@id":"https:\/\/www.webdo.tn\/fr\/#organization"},"potentialAction":[{"@type":"SearchAction","target":{"@type":"EntryPoint","urlTemplate":"https:\/\/www.webdo.tn\/fr\/?s={search_term_string}"},"query-input":{"@type":"PropertyValueSpecification","valueRequired":true,"valueName":"search_term_string"}}],"inLanguage":"fr-FR"},{"@type":"Organization","@id":"https:\/\/www.webdo.tn\/fr\/#organization","name":"Webdo","alternateName":"Webdo.tn","url":"https:\/\/www.webdo.tn\/fr\/","logo":{"@type":"ImageObject","inLanguage":"fr-FR","@id":"https:\/\/www.webdo.tn\/fr\/#\/schema\/logo\/image\/","url":"https:\/\/www.webdo.tn\/fr\/wp-content\/uploads\/2025\/06\/Webdo-Tunisie_168377.jpg","contentUrl":"https:\/\/www.webdo.tn\/fr\/wp-content\/uploads\/2025\/06\/Webdo-Tunisie_168377.jpg","width":301,"height":301,"caption":"Webdo"},"image":{"@id":"https:\/\/www.webdo.tn\/fr\/#\/schema\/logo\/image\/"},"sameAs":["https:\/\/www.facebook.com\/webdotn","https:\/\/x.com\/webdo_tn"],"description":"Webdo est un m\u00e9dia num\u00e9rique tunisien fond\u00e9 en 2010, sp\u00e9cialis\u00e9 dans l\u2019actualit\u00e9 nationale et internationale, l\u2019\u00e9conomie, la soci\u00e9t\u00e9 et les analyses politiques. Le site s\u2019adresse \u00e0 un large public francophone et couvre l\u2019information tunisienne en temps r\u00e9el.","email":"redac@webdo.tn","legalName":"YNJ SARL","foundingDate":"2010-09-06","numberOfEmployees":{"@type":"QuantitativeValue","minValue":"11","maxValue":"50"}},{"@type":"Person","@id":"https:\/\/www.webdo.tn\/fr\/#\/schema\/person\/b9ecde7a5574cb4fcf4b496ea5fadb15","name":"Wided Belhaj","image":{"@type":"ImageObject","inLanguage":"fr-FR","@id":"https:\/\/www.webdo.tn\/fr\/wp-content\/uploads\/2026\/04\/wided-belhaj_avatar-96x96.jpg","url":"https:\/\/www.webdo.tn\/fr\/wp-content\/uploads\/2026\/04\/wided-belhaj_avatar-96x96.jpg","contentUrl":"https:\/\/www.webdo.tn\/fr\/wp-content\/uploads\/2026\/04\/wided-belhaj_avatar-96x96.jpg","caption":"Wided Belhaj"},"description":"Wided Belhaj est le pseudonyme \u00e9ditorial utilis\u00e9 par Khalil Jelassi, journaliste, ma\u00eetre-assistant \u00e0 l\u2019Institut de presse et des sciences de l\u2019information (IPSI) et chercheur en sciences de l\u2019information et de la communication. Cette signature est d\u00e9di\u00e9e \u00e0 l\u2019analyse des m\u00e9dias, des pratiques journalistiques et des mutations de l\u2019information \u00e0 l\u2019\u00e8re digitale. \u00c0 travers ses contributions, Wided Belhaj propose une lecture analytique de l\u2019actualit\u00e9, en croisant regard critique et expertise acad\u00e9mique.","knowsAbout":["m\u00e9dias","journalisme","communication","information","transformation num\u00e9rique","analyse des m\u00e9dias"],"knowsLanguage":["Fran\u00e7ais","Arabe"],"jobTitle":"Webdo.tn","worksFor":"Journaliste \u2013 Analyse des m\u00e9dias","url":"https:\/\/www.webdo.tn\/fr\/actualite\/author\/wided-belhaj\/"}]}},"_links":{"self":[{"href":"https:\/\/www.webdo.tn\/fr\/wp-json\/wp\/v2\/posts\/394564","targetHints":{"allow":["GET"]}}],"collection":[{"href":"https:\/\/www.webdo.tn\/fr\/wp-json\/wp\/v2\/posts"}],"about":[{"href":"https:\/\/www.webdo.tn\/fr\/wp-json\/wp\/v2\/types\/post"}],"author":[{"embeddable":true,"href":"https:\/\/www.webdo.tn\/fr\/wp-json\/wp\/v2\/users\/3184"}],"replies":[{"embeddable":true,"href":"https:\/\/www.webdo.tn\/fr\/wp-json\/wp\/v2\/comments?post=394564"}],"version-history":[{"count":0,"href":"https:\/\/www.webdo.tn\/fr\/wp-json\/wp\/v2\/posts\/394564\/revisions"}],"wp:featuredmedia":[{"embeddable":true,"href":"https:\/\/www.webdo.tn\/fr\/wp-json\/wp\/v2\/media\/394565"}],"wp:attachment":[{"href":"https:\/\/www.webdo.tn\/fr\/wp-json\/wp\/v2\/media?parent=394564"}],"wp:term":[{"taxonomy":"category","embeddable":true,"href":"https:\/\/www.webdo.tn\/fr\/wp-json\/wp\/v2\/categories?post=394564"},{"taxonomy":"post_tag","embeddable":true,"href":"https:\/\/www.webdo.tn\/fr\/wp-json\/wp\/v2\/tags?post=394564"}],"curies":[{"name":"wp","href":"https:\/\/api.w.org\/{rel}","templated":true}]}}