{"id":394562,"date":"2026-03-13T10:30:42","date_gmt":"2026-03-13T09:30:42","guid":{"rendered":"https:\/\/www.webdo.tn\/fr\/?p=394562"},"modified":"2026-03-13T10:30:43","modified_gmt":"2026-03-13T09:30:43","slug":"transport-interurbain-48-nouveaux-bus-entrent-en-service","status":"publish","type":"post","link":"https:\/\/www.webdo.tn\/fr\/actualite\/national\/transport-interurbain-48-nouveaux-bus-entrent-en-service\/394562\/","title":{"rendered":"Transport interurbain : 48 nouveaux bus entrent en service"},"content":{"rendered":"\n<p><\/p>\n\n\n\n<p><strong>La Soci\u00e9t\u00e9 nationale de transport interurbain (SNTRI) a entam\u00e9, \u00e0 partir du jeudi soir 12 mars 2026, l\u2019exploitation de 48 nouveaux bus acquis dans le cadre d\u2019un march\u00e9 international conclu avec la Chine. Cette op\u00e9ration vise \u00e0 renforcer le parc de v\u00e9hicules de l\u2019entreprise et \u00e0 am\u00e9liorer la qualit\u00e9 des services offerts aux voyageurs.<\/strong><\/p>\n\n\n\n<p>Dans une d\u00e9claration \u00e0 la radio Mosa\u00efque FM, l\u2019administrateur d\u00e9l\u00e9gu\u00e9 de la SNTRI, Chamseddine Toumi, a indiqu\u00e9 que ces nouveaux bus assureront, dans une premi\u00e8re \u00e9tape, des liaisons nocturnes d\u00e8s ce soir. Les dessertes de jour devraient quant \u00e0 elles d\u00e9marrer \u00e0 partir de vendredi.<\/p>\n\n\n\n<h2 class=\"wp-block-heading\" id=\"h-un-moment-marque-par-l-augmentation-de-la-demande-en-transport\">Un moment marqu\u00e9 par l\u2019augmentation de la demande en transport<\/h2>\n\n\n\n<p>L\u2019entr\u00e9e en service de ces v\u00e9hicules intervient \u00e0 un moment marqu\u00e9 par l\u2019augmentation de la demande en transport, en raison des vacances scolaires et de l\u2019approche de l\u2019A\u00efd al-Fitr. <\/p>\n\n\n\n<p>Selon Toumi, cette mise en exploitation permettra d\u2019augmenter la capacit\u00e9 d\u2019accueil et d\u2019offrir des conditions de voyage plus confortables entre les diff\u00e9rentes r\u00e9gions du pays.<\/p>\n\n\n\n<p>Le responsable a \u00e9galement soulign\u00e9 que le renforcement du parc s\u2019inscrit dans le cadre d\u2019un programme plus large visant \u00e0 moderniser le secteur du transport et \u00e0 am\u00e9liorer la qualit\u00e9 des prestations. <\/p>\n\n\n\n<h2 class=\"wp-block-heading\" id=\"h-poursuivre-le-renforcement-de-la-flotte\"> Poursuivre le renforcement de la flotte<\/h2>\n\n\n\n<p>La soci\u00e9t\u00e9 pr\u00e9voit ainsi, au cours de la prochaine p\u00e9riode, de poursuivre le renforcement de sa flotte, de relancer certaines lignes et de d\u00e9velopper davantage le r\u00e9seau de transport interurbain.<\/p>\n\n\n\n<p><\/p>\n\n\n\n<p><strong>Lire aussi :<\/strong><\/p>\n\n\n\n<ul class=\"wp-block-list\">\n<li><a href=\"https:\/\/www.webdo.tn\/fr\/actualite\/national\/transport-public-le-gouvernement-annonce-un-vaste-renouvellement-de-la-flotte\/391211\/\">Transport public : Le gouvernement annonce un vaste renouvellement de la flotte<\/a><\/li>\n\n\n\n<li><a href=\"https:\/\/www.webdo.tn\/fr\/actualite\/national\/transport-700-md-250-bus-30-rames-de-metros-8-avions-les-annonces-du-ministre\/387781\/\">Transport : 700 MD, 250 bus, 30 rames de m\u00e9tros, 8 avions\u2026 les annonces du ministre<\/a><\/li>\n\n\n\n<li><a href=\"https:\/\/www.webdo.tn\/fr\/actualite\/national\/transport-ferroviaire-le-ministre-appelle-a-accelerer-la-remise-en-etat-des-equipements-lourds\/390227\/\">Transport ferroviaire : Le ministre appelle \u00e0 acc\u00e9l\u00e9rer la remise en \u00e9tat des \u00e9quipements lourds<\/a><\/li>\n<\/ul>\n","protected":false},"excerpt":{"rendered":"<p>La Soci\u00e9t\u00e9 nationale de transport interurbain (SNTRI) a entam\u00e9, \u00e0 partir du jeudi soir 12 mars 2026, l\u2019exploitation de 48 nouveaux bus acquis dans le cadre d\u2019un march\u00e9 international conclu avec la Chine. Cette op\u00e9ration vise \u00e0 renforcer le parc de v\u00e9hicules de l\u2019entreprise et \u00e0 am\u00e9liorer la qualit\u00e9 des services offerts aux voyageurs. Dans [&hellip;]<\/p>\n","protected":false},"author":3184,"featured_media":392878,"comment_status":"closed","ping_status":"closed","sticky":false,"template":"","format":"standard","meta":{"footnotes":""},"categories":[44],"tags":[3403,2818,2608],"class_list":["post-394562","post","type-post","status-publish","format-standard","has-post-thumbnail","hentry","category-national","tag-bus","tag-transport","tag-tunisie"],"yoast_head":"<!-- This site is optimized with the Yoast SEO Premium plugin v27.4 (Yoast SEO v27.5) - https:\/\/yoast.com\/product\/yoast-seo-premium-wordpress\/ -->\n<title>Transport interurbain : 48 nouveaux bus entrent en service - webdo<\/title>\n<meta name=\"description\" content=\"D\u00e9couvrez les nouveaux bus de la SNTRI qui am\u00e9liorent le transport interurbain et r\u00e9pondent \u00e0 la demande croissante.\" \/>\n<link rel=\"canonical\" href=\"https:\/\/www.webdo.tn\/fr\/actualite\/national\/transport-interurbain-48-nouveaux-bus-entrent-en-service\/394562\/\" \/>\n<meta property=\"og:locale\" content=\"fr_FR\" \/>\n<meta property=\"og:type\" content=\"article\" \/>\n<meta property=\"og:title\" content=\"Transport interurbain : 48 nouveaux bus entrent en service\" \/>\n<meta property=\"og:description\" content=\"D\u00e9couvrez les nouveaux bus de la SNTRI qui am\u00e9liorent le transport interurbain et r\u00e9pondent \u00e0 la demande croissante.\" \/>\n<meta property=\"og:url\" content=\"https:\/\/www.webdo.tn\/fr\/actualite\/national\/transport-interurbain-48-nouveaux-bus-entrent-en-service\/394562\/\" \/>\n<meta property=\"og:site_name\" content=\"webdo\" \/>\n<meta property=\"article:publisher\" content=\"https:\/\/www.facebook.com\/webdotn\" \/>\n<meta property=\"article:published_time\" content=\"2026-03-13T09:30:42+00:00\" \/>\n<meta property=\"article:modified_time\" content=\"2026-03-13T09:30:43+00:00\" \/>\n<meta property=\"og:image\" content=\"https:\/\/www.webdo.tn\/fr\/wp-content\/uploads\/2026\/02\/bus-chinois.jpg\" \/>\n\t<meta property=\"og:image:width\" content=\"1200\" \/>\n\t<meta property=\"og:image:height\" content=\"602\" \/>\n\t<meta property=\"og:image:type\" content=\"image\/jpeg\" \/>\n<meta name=\"author\" content=\"Wided Belhaj\" \/>\n<meta name=\"twitter:card\" content=\"summary_large_image\" \/>\n<meta name=\"twitter:creator\" content=\"@webdo_tn\" \/>\n<meta name=\"twitter:site\" content=\"@webdo_tn\" \/>\n<meta name=\"twitter:label1\" content=\"\u00c9crit par\" \/>\n\t<meta name=\"twitter:data1\" content=\"Wided Belhaj\" \/>\n\t<meta name=\"twitter:label2\" content=\"Dur\u00e9e de lecture estim\u00e9e\" \/>\n\t<meta name=\"twitter:data2\" content=\"2 minutes\" \/>\n<script type=\"application\/ld+json\" class=\"yoast-schema-graph\">{\"@context\":\"https:\\\/\\\/schema.org\",\"@graph\":[{\"@type\":\"NewsArticle\",\"@id\":\"https:\\\/\\\/www.webdo.tn\\\/fr\\\/actualite\\\/national\\\/transport-interurbain-48-nouveaux-bus-entrent-en-service\\\/394562\\\/#article\",\"isPartOf\":{\"@id\":\"https:\\\/\\\/www.webdo.tn\\\/fr\\\/actualite\\\/national\\\/transport-interurbain-48-nouveaux-bus-entrent-en-service\\\/394562\\\/\"},\"author\":{\"name\":\"Wided Belhaj\",\"@id\":\"https:\\\/\\\/www.webdo.tn\\\/fr\\\/#\\\/schema\\\/person\\\/b9ecde7a5574cb4fcf4b496ea5fadb15\"},\"headline\":\"Transport interurbain : 48 nouveaux bus entrent en service\",\"datePublished\":\"2026-03-13T09:30:42+00:00\",\"dateModified\":\"2026-03-13T09:30:43+00:00\",\"mainEntityOfPage\":{\"@id\":\"https:\\\/\\\/www.webdo.tn\\\/fr\\\/actualite\\\/national\\\/transport-interurbain-48-nouveaux-bus-entrent-en-service\\\/394562\\\/\"},\"wordCount\":302,\"publisher\":{\"@id\":\"https:\\\/\\\/www.webdo.tn\\\/fr\\\/#organization\"},\"image\":{\"@id\":\"https:\\\/\\\/www.webdo.tn\\\/fr\\\/actualite\\\/national\\\/transport-interurbain-48-nouveaux-bus-entrent-en-service\\\/394562\\\/#primaryimage\"},\"thumbnailUrl\":\"https:\\\/\\\/www.webdo.tn\\\/fr\\\/wp-content\\\/uploads\\\/2026\\\/02\\\/bus-chinois.jpg\",\"keywords\":[\"Bus\",\"Transport\",\"Tunisie\"],\"articleSection\":[\"National\"],\"inLanguage\":\"fr-FR\"},{\"@type\":\"WebPage\",\"@id\":\"https:\\\/\\\/www.webdo.tn\\\/fr\\\/actualite\\\/national\\\/transport-interurbain-48-nouveaux-bus-entrent-en-service\\\/394562\\\/\",\"url\":\"https:\\\/\\\/www.webdo.tn\\\/fr\\\/actualite\\\/national\\\/transport-interurbain-48-nouveaux-bus-entrent-en-service\\\/394562\\\/\",\"name\":\"Transport interurbain : 48 nouveaux bus entrent en service - webdo\",\"isPartOf\":{\"@id\":\"https:\\\/\\\/www.webdo.tn\\\/fr\\\/#website\"},\"primaryImageOfPage\":{\"@id\":\"https:\\\/\\\/www.webdo.tn\\\/fr\\\/actualite\\\/national\\\/transport-interurbain-48-nouveaux-bus-entrent-en-service\\\/394562\\\/#primaryimage\"},\"image\":{\"@id\":\"https:\\\/\\\/www.webdo.tn\\\/fr\\\/actualite\\\/national\\\/transport-interurbain-48-nouveaux-bus-entrent-en-service\\\/394562\\\/#primaryimage\"},\"thumbnailUrl\":\"https:\\\/\\\/www.webdo.tn\\\/fr\\\/wp-content\\\/uploads\\\/2026\\\/02\\\/bus-chinois.jpg\",\"datePublished\":\"2026-03-13T09:30:42+00:00\",\"dateModified\":\"2026-03-13T09:30:43+00:00\",\"description\":\"D\u00e9couvrez les nouveaux bus de la SNTRI qui am\u00e9liorent le transport interurbain et r\u00e9pondent \u00e0 la demande croissante.\",\"breadcrumb\":{\"@id\":\"https:\\\/\\\/www.webdo.tn\\\/fr\\\/actualite\\\/national\\\/transport-interurbain-48-nouveaux-bus-entrent-en-service\\\/394562\\\/#breadcrumb\"},\"inLanguage\":\"fr-FR\",\"potentialAction\":[{\"@type\":\"ReadAction\",\"target\":[\"https:\\\/\\\/www.webdo.tn\\\/fr\\\/actualite\\\/national\\\/transport-interurbain-48-nouveaux-bus-entrent-en-service\\\/394562\\\/\"]}]},{\"@type\":\"ImageObject\",\"inLanguage\":\"fr-FR\",\"@id\":\"https:\\\/\\\/www.webdo.tn\\\/fr\\\/actualite\\\/national\\\/transport-interurbain-48-nouveaux-bus-entrent-en-service\\\/394562\\\/#primaryimage\",\"url\":\"https:\\\/\\\/www.webdo.tn\\\/fr\\\/wp-content\\\/uploads\\\/2026\\\/02\\\/bus-chinois.jpg\",\"contentUrl\":\"https:\\\/\\\/www.webdo.tn\\\/fr\\\/wp-content\\\/uploads\\\/2026\\\/02\\\/bus-chinois.jpg\",\"width\":1200,\"height\":602,\"caption\":\"Transport public : Un second lot de bus chinois en route et 621 autres en appel d\u2019offres\"},{\"@type\":\"BreadcrumbList\",\"@id\":\"https:\\\/\\\/www.webdo.tn\\\/fr\\\/actualite\\\/national\\\/transport-interurbain-48-nouveaux-bus-entrent-en-service\\\/394562\\\/#breadcrumb\",\"itemListElement\":[{\"@type\":\"ListItem\",\"position\":1,\"name\":\"Accueil\",\"item\":\"https:\\\/\\\/www.webdo.tn\\\/fr\\\/\"},{\"@type\":\"ListItem\",\"position\":2,\"name\":\"Transport interurbain : 48 nouveaux bus entrent en service\"}]},{\"@type\":\"WebSite\",\"@id\":\"https:\\\/\\\/www.webdo.tn\\\/fr\\\/#website\",\"url\":\"https:\\\/\\\/www.webdo.tn\\\/fr\\\/\",\"name\":\"webdo\",\"description\":\"Tunisie - News en Tunisie et \u00e0 l&#039;international sur Webdo.tn\",\"publisher\":{\"@id\":\"https:\\\/\\\/www.webdo.tn\\\/fr\\\/#organization\"},\"potentialAction\":[{\"@type\":\"SearchAction\",\"target\":{\"@type\":\"EntryPoint\",\"urlTemplate\":\"https:\\\/\\\/www.webdo.tn\\\/fr\\\/?s={search_term_string}\"},\"query-input\":{\"@type\":\"PropertyValueSpecification\",\"valueRequired\":true,\"valueName\":\"search_term_string\"}}],\"inLanguage\":\"fr-FR\"},{\"@type\":\"Organization\",\"@id\":\"https:\\\/\\\/www.webdo.tn\\\/fr\\\/#organization\",\"name\":\"Webdo\",\"alternateName\":\"Webdo.tn\",\"url\":\"https:\\\/\\\/www.webdo.tn\\\/fr\\\/\",\"logo\":{\"@type\":\"ImageObject\",\"inLanguage\":\"fr-FR\",\"@id\":\"https:\\\/\\\/www.webdo.tn\\\/fr\\\/#\\\/schema\\\/logo\\\/image\\\/\",\"url\":\"https:\\\/\\\/www.webdo.tn\\\/fr\\\/wp-content\\\/uploads\\\/2025\\\/06\\\/Webdo-Tunisie_168377.jpg\",\"contentUrl\":\"https:\\\/\\\/www.webdo.tn\\\/fr\\\/wp-content\\\/uploads\\\/2025\\\/06\\\/Webdo-Tunisie_168377.jpg\",\"width\":301,\"height\":301,\"caption\":\"Webdo\"},\"image\":{\"@id\":\"https:\\\/\\\/www.webdo.tn\\\/fr\\\/#\\\/schema\\\/logo\\\/image\\\/\"},\"sameAs\":[\"https:\\\/\\\/www.facebook.com\\\/webdotn\",\"https:\\\/\\\/x.com\\\/webdo_tn\"],\"description\":\"Webdo est un m\u00e9dia num\u00e9rique tunisien fond\u00e9 en 2010, sp\u00e9cialis\u00e9 dans l\u2019actualit\u00e9 nationale et internationale, l\u2019\u00e9conomie, la soci\u00e9t\u00e9 et les analyses politiques. Le site s\u2019adresse \u00e0 un large public francophone et couvre l\u2019information tunisienne en temps r\u00e9el.\",\"email\":\"redac@webdo.tn\",\"legalName\":\"YNJ SARL\",\"foundingDate\":\"2010-09-06\",\"numberOfEmployees\":{\"@type\":\"QuantitativeValue\",\"minValue\":\"11\",\"maxValue\":\"50\"}},{\"@type\":\"Person\",\"@id\":\"https:\\\/\\\/www.webdo.tn\\\/fr\\\/#\\\/schema\\\/person\\\/b9ecde7a5574cb4fcf4b496ea5fadb15\",\"name\":\"Wided Belhaj\",\"image\":{\"@type\":\"ImageObject\",\"inLanguage\":\"fr-FR\",\"@id\":\"https:\\\/\\\/www.webdo.tn\\\/fr\\\/wp-content\\\/uploads\\\/2026\\\/04\\\/wided-belhaj_avatar-96x96.jpg\",\"url\":\"https:\\\/\\\/www.webdo.tn\\\/fr\\\/wp-content\\\/uploads\\\/2026\\\/04\\\/wided-belhaj_avatar-96x96.jpg\",\"contentUrl\":\"https:\\\/\\\/www.webdo.tn\\\/fr\\\/wp-content\\\/uploads\\\/2026\\\/04\\\/wided-belhaj_avatar-96x96.jpg\",\"caption\":\"Wided Belhaj\"},\"description\":\"Wided Belhaj est le pseudonyme \u00e9ditorial utilis\u00e9 par Khalil Jelassi, journaliste, ma\u00eetre-assistant \u00e0 l\u2019Institut de presse et des sciences de l\u2019information (IPSI) et chercheur en sciences de l\u2019information et de la communication. Cette signature est d\u00e9di\u00e9e \u00e0 l\u2019analyse des m\u00e9dias, des pratiques journalistiques et des mutations de l\u2019information \u00e0 l\u2019\u00e8re digitale. \u00c0 travers ses contributions, Wided Belhaj propose une lecture analytique de l\u2019actualit\u00e9, en croisant regard critique et expertise acad\u00e9mique.\",\"knowsAbout\":[\"m\u00e9dias\",\"journalisme\",\"communication\",\"information\",\"transformation num\u00e9rique\",\"analyse des m\u00e9dias\"],\"knowsLanguage\":[\"Fran\u00e7ais\",\"Arabe\"],\"jobTitle\":\"Webdo.tn\",\"worksFor\":\"Journaliste \u2013 Analyse des m\u00e9dias\",\"url\":\"https:\\\/\\\/www.webdo.tn\\\/fr\\\/actualite\\\/author\\\/wided-belhaj\\\/\"}]}<\/script>\n<!-- \/ Yoast SEO Premium plugin. -->","yoast_head_json":{"title":"Transport interurbain : 48 nouveaux bus entrent en service - webdo","description":"D\u00e9couvrez les nouveaux bus de la SNTRI qui am\u00e9liorent le transport interurbain et r\u00e9pondent \u00e0 la demande croissante.","canonical":"https:\/\/www.webdo.tn\/fr\/actualite\/national\/transport-interurbain-48-nouveaux-bus-entrent-en-service\/394562\/","og_locale":"fr_FR","og_type":"article","og_title":"Transport interurbain : 48 nouveaux bus entrent en service","og_description":"D\u00e9couvrez les nouveaux bus de la SNTRI qui am\u00e9liorent le transport interurbain et r\u00e9pondent \u00e0 la demande croissante.","og_url":"https:\/\/www.webdo.tn\/fr\/actualite\/national\/transport-interurbain-48-nouveaux-bus-entrent-en-service\/394562\/","og_site_name":"webdo","article_publisher":"https:\/\/www.facebook.com\/webdotn","article_published_time":"2026-03-13T09:30:42+00:00","article_modified_time":"2026-03-13T09:30:43+00:00","og_image":[{"width":1200,"height":602,"url":"https:\/\/www.webdo.tn\/fr\/wp-content\/uploads\/2026\/02\/bus-chinois.jpg","type":"image\/jpeg"}],"author":"Wided Belhaj","twitter_card":"summary_large_image","twitter_creator":"@webdo_tn","twitter_site":"@webdo_tn","twitter_misc":{"\u00c9crit par":"Wided Belhaj","Dur\u00e9e de lecture estim\u00e9e":"2 minutes"},"schema":{"@context":"https:\/\/schema.org","@graph":[{"@type":"NewsArticle","@id":"https:\/\/www.webdo.tn\/fr\/actualite\/national\/transport-interurbain-48-nouveaux-bus-entrent-en-service\/394562\/#article","isPartOf":{"@id":"https:\/\/www.webdo.tn\/fr\/actualite\/national\/transport-interurbain-48-nouveaux-bus-entrent-en-service\/394562\/"},"author":{"name":"Wided Belhaj","@id":"https:\/\/www.webdo.tn\/fr\/#\/schema\/person\/b9ecde7a5574cb4fcf4b496ea5fadb15"},"headline":"Transport interurbain : 48 nouveaux bus entrent en service","datePublished":"2026-03-13T09:30:42+00:00","dateModified":"2026-03-13T09:30:43+00:00","mainEntityOfPage":{"@id":"https:\/\/www.webdo.tn\/fr\/actualite\/national\/transport-interurbain-48-nouveaux-bus-entrent-en-service\/394562\/"},"wordCount":302,"publisher":{"@id":"https:\/\/www.webdo.tn\/fr\/#organization"},"image":{"@id":"https:\/\/www.webdo.tn\/fr\/actualite\/national\/transport-interurbain-48-nouveaux-bus-entrent-en-service\/394562\/#primaryimage"},"thumbnailUrl":"https:\/\/www.webdo.tn\/fr\/wp-content\/uploads\/2026\/02\/bus-chinois.jpg","keywords":["Bus","Transport","Tunisie"],"articleSection":["National"],"inLanguage":"fr-FR"},{"@type":"WebPage","@id":"https:\/\/www.webdo.tn\/fr\/actualite\/national\/transport-interurbain-48-nouveaux-bus-entrent-en-service\/394562\/","url":"https:\/\/www.webdo.tn\/fr\/actualite\/national\/transport-interurbain-48-nouveaux-bus-entrent-en-service\/394562\/","name":"Transport interurbain : 48 nouveaux bus entrent en service - webdo","isPartOf":{"@id":"https:\/\/www.webdo.tn\/fr\/#website"},"primaryImageOfPage":{"@id":"https:\/\/www.webdo.tn\/fr\/actualite\/national\/transport-interurbain-48-nouveaux-bus-entrent-en-service\/394562\/#primaryimage"},"image":{"@id":"https:\/\/www.webdo.tn\/fr\/actualite\/national\/transport-interurbain-48-nouveaux-bus-entrent-en-service\/394562\/#primaryimage"},"thumbnailUrl":"https:\/\/www.webdo.tn\/fr\/wp-content\/uploads\/2026\/02\/bus-chinois.jpg","datePublished":"2026-03-13T09:30:42+00:00","dateModified":"2026-03-13T09:30:43+00:00","description":"D\u00e9couvrez les nouveaux bus de la SNTRI qui am\u00e9liorent le transport interurbain et r\u00e9pondent \u00e0 la demande croissante.","breadcrumb":{"@id":"https:\/\/www.webdo.tn\/fr\/actualite\/national\/transport-interurbain-48-nouveaux-bus-entrent-en-service\/394562\/#breadcrumb"},"inLanguage":"fr-FR","potentialAction":[{"@type":"ReadAction","target":["https:\/\/www.webdo.tn\/fr\/actualite\/national\/transport-interurbain-48-nouveaux-bus-entrent-en-service\/394562\/"]}]},{"@type":"ImageObject","inLanguage":"fr-FR","@id":"https:\/\/www.webdo.tn\/fr\/actualite\/national\/transport-interurbain-48-nouveaux-bus-entrent-en-service\/394562\/#primaryimage","url":"https:\/\/www.webdo.tn\/fr\/wp-content\/uploads\/2026\/02\/bus-chinois.jpg","contentUrl":"https:\/\/www.webdo.tn\/fr\/wp-content\/uploads\/2026\/02\/bus-chinois.jpg","width":1200,"height":602,"caption":"Transport public : Un second lot de bus chinois en route et 621 autres en appel d\u2019offres"},{"@type":"BreadcrumbList","@id":"https:\/\/www.webdo.tn\/fr\/actualite\/national\/transport-interurbain-48-nouveaux-bus-entrent-en-service\/394562\/#breadcrumb","itemListElement":[{"@type":"ListItem","position":1,"name":"Accueil","item":"https:\/\/www.webdo.tn\/fr\/"},{"@type":"ListItem","position":2,"name":"Transport interurbain : 48 nouveaux bus entrent en service"}]},{"@type":"WebSite","@id":"https:\/\/www.webdo.tn\/fr\/#website","url":"https:\/\/www.webdo.tn\/fr\/","name":"webdo","description":"Tunisie - News en Tunisie et \u00e0 l&#039;international sur Webdo.tn","publisher":{"@id":"https:\/\/www.webdo.tn\/fr\/#organization"},"potentialAction":[{"@type":"SearchAction","target":{"@type":"EntryPoint","urlTemplate":"https:\/\/www.webdo.tn\/fr\/?s={search_term_string}"},"query-input":{"@type":"PropertyValueSpecification","valueRequired":true,"valueName":"search_term_string"}}],"inLanguage":"fr-FR"},{"@type":"Organization","@id":"https:\/\/www.webdo.tn\/fr\/#organization","name":"Webdo","alternateName":"Webdo.tn","url":"https:\/\/www.webdo.tn\/fr\/","logo":{"@type":"ImageObject","inLanguage":"fr-FR","@id":"https:\/\/www.webdo.tn\/fr\/#\/schema\/logo\/image\/","url":"https:\/\/www.webdo.tn\/fr\/wp-content\/uploads\/2025\/06\/Webdo-Tunisie_168377.jpg","contentUrl":"https:\/\/www.webdo.tn\/fr\/wp-content\/uploads\/2025\/06\/Webdo-Tunisie_168377.jpg","width":301,"height":301,"caption":"Webdo"},"image":{"@id":"https:\/\/www.webdo.tn\/fr\/#\/schema\/logo\/image\/"},"sameAs":["https:\/\/www.facebook.com\/webdotn","https:\/\/x.com\/webdo_tn"],"description":"Webdo est un m\u00e9dia num\u00e9rique tunisien fond\u00e9 en 2010, sp\u00e9cialis\u00e9 dans l\u2019actualit\u00e9 nationale et internationale, l\u2019\u00e9conomie, la soci\u00e9t\u00e9 et les analyses politiques. Le site s\u2019adresse \u00e0 un large public francophone et couvre l\u2019information tunisienne en temps r\u00e9el.","email":"redac@webdo.tn","legalName":"YNJ SARL","foundingDate":"2010-09-06","numberOfEmployees":{"@type":"QuantitativeValue","minValue":"11","maxValue":"50"}},{"@type":"Person","@id":"https:\/\/www.webdo.tn\/fr\/#\/schema\/person\/b9ecde7a5574cb4fcf4b496ea5fadb15","name":"Wided Belhaj","image":{"@type":"ImageObject","inLanguage":"fr-FR","@id":"https:\/\/www.webdo.tn\/fr\/wp-content\/uploads\/2026\/04\/wided-belhaj_avatar-96x96.jpg","url":"https:\/\/www.webdo.tn\/fr\/wp-content\/uploads\/2026\/04\/wided-belhaj_avatar-96x96.jpg","contentUrl":"https:\/\/www.webdo.tn\/fr\/wp-content\/uploads\/2026\/04\/wided-belhaj_avatar-96x96.jpg","caption":"Wided Belhaj"},"description":"Wided Belhaj est le pseudonyme \u00e9ditorial utilis\u00e9 par Khalil Jelassi, journaliste, ma\u00eetre-assistant \u00e0 l\u2019Institut de presse et des sciences de l\u2019information (IPSI) et chercheur en sciences de l\u2019information et de la communication. Cette signature est d\u00e9di\u00e9e \u00e0 l\u2019analyse des m\u00e9dias, des pratiques journalistiques et des mutations de l\u2019information \u00e0 l\u2019\u00e8re digitale. \u00c0 travers ses contributions, Wided Belhaj propose une lecture analytique de l\u2019actualit\u00e9, en croisant regard critique et expertise acad\u00e9mique.","knowsAbout":["m\u00e9dias","journalisme","communication","information","transformation num\u00e9rique","analyse des m\u00e9dias"],"knowsLanguage":["Fran\u00e7ais","Arabe"],"jobTitle":"Webdo.tn","worksFor":"Journaliste \u2013 Analyse des m\u00e9dias","url":"https:\/\/www.webdo.tn\/fr\/actualite\/author\/wided-belhaj\/"}]}},"_links":{"self":[{"href":"https:\/\/www.webdo.tn\/fr\/wp-json\/wp\/v2\/posts\/394562","targetHints":{"allow":["GET"]}}],"collection":[{"href":"https:\/\/www.webdo.tn\/fr\/wp-json\/wp\/v2\/posts"}],"about":[{"href":"https:\/\/www.webdo.tn\/fr\/wp-json\/wp\/v2\/types\/post"}],"author":[{"embeddable":true,"href":"https:\/\/www.webdo.tn\/fr\/wp-json\/wp\/v2\/users\/3184"}],"replies":[{"embeddable":true,"href":"https:\/\/www.webdo.tn\/fr\/wp-json\/wp\/v2\/comments?post=394562"}],"version-history":[{"count":0,"href":"https:\/\/www.webdo.tn\/fr\/wp-json\/wp\/v2\/posts\/394562\/revisions"}],"wp:featuredmedia":[{"embeddable":true,"href":"https:\/\/www.webdo.tn\/fr\/wp-json\/wp\/v2\/media\/392878"}],"wp:attachment":[{"href":"https:\/\/www.webdo.tn\/fr\/wp-json\/wp\/v2\/media?parent=394562"}],"wp:term":[{"taxonomy":"category","embeddable":true,"href":"https:\/\/www.webdo.tn\/fr\/wp-json\/wp\/v2\/categories?post=394562"},{"taxonomy":"post_tag","embeddable":true,"href":"https:\/\/www.webdo.tn\/fr\/wp-json\/wp\/v2\/tags?post=394562"}],"curies":[{"name":"wp","href":"https:\/\/api.w.org\/{rel}","templated":true}]}}