{"id":394559,"date":"2026-03-13T09:09:35","date_gmt":"2026-03-13T08:09:35","guid":{"rendered":"https:\/\/www.webdo.tn\/fr\/?p=394559"},"modified":"2026-03-13T09:09:37","modified_gmt":"2026-03-13T08:09:37","slug":"irak-un-avion-ravitailleur-de-lus-air-force-secrase","status":"publish","type":"post","link":"https:\/\/www.webdo.tn\/fr\/actualite\/international\/irak-un-avion-ravitailleur-de-lus-air-force-secrase\/394559\/","title":{"rendered":"Irak : Un avion ravitailleur de l\u2019US Air Force s\u2019\u00e9crase"},"content":{"rendered":"\n<p><strong>Un avion militaire am\u00e9ricain s\u2019est \u00e9cras\u00e9 jeudi 12 mars 2026 dans l\u2019ouest de l\u2019Irak, ont annonc\u00e9 les autorit\u00e9s militaires am\u00e9ricaines, pr\u00e9cisant qu\u2019une op\u00e9ration de secours est en cours pour retrouver l\u2019\u00e9quipage.<\/strong><\/p>\n\n\n\n<p>Selon le commandement militaire am\u00e9ricain pour le Moyen-Orient (CENTCOM), l\u2019appareil impliqu\u00e9 est un KC-135 Stratotanker, un avion ravitailleur utilis\u00e9 pour alimenter en carburant d\u2019autres avions en plein vol lors d\u2019op\u00e9rations militaires. L\u2019incident s\u2019est produit dans un espace a\u00e9rien qualifi\u00e9 de \u00ab zone amie \u00bb.<\/p>\n\n\n\n<h2 class=\"wp-block-heading\" id=\"h-deux-avions-etaient-impliques-dans-l-incident\">Deux avions \u00e9taient impliqu\u00e9s dans l\u2019incident<\/h2>\n\n\n\n<p>Les autorit\u00e9s militaires am\u00e9ricaines ont indiqu\u00e9 que deux avions \u00e9taient impliqu\u00e9s dans l\u2019incident. L\u2019un d\u2019eux s\u2019est \u00e9cras\u00e9 dans l\u2019ouest de l\u2019Irak, tandis que le second a r\u00e9ussi \u00e0 atterrir en toute s\u00e9curit\u00e9. Selon les premi\u00e8res informations, l\u2019accident ne serait ni d\u00fb \u00e0 des tirs ennemis ni \u00e0 un tir ami.<\/p>\n\n\n\n<p>Au moins cinq membres d\u2019\u00e9quipage se trouvaient \u00e0 bord de l\u2019appareil au moment du crash, mais leur \u00e9tat reste encore inconnu. Des \u00e9quipes de secours ont \u00e9t\u00e9 d\u00e9ploy\u00e9es pour localiser l\u2019avion et porter assistance aux militaires impliqu\u00e9s.<\/p>\n\n\n\n<h2 class=\"wp-block-heading\" id=\"h-contexte-de-fortes-tensions-regionales\">Contexte de fortes tensions r\u00e9gionales<\/h2>\n\n\n\n<p>L\u2019avion participait \u00e0 des op\u00e9rations militaires am\u00e9ricaines en cours au Moyen-Orient, dans un contexte de fortes tensions r\u00e9gionales li\u00e9es au conflit impliquant l\u2019Iran et ses alli\u00e9s.<\/p>\n\n\n\n<p>Le KC-135 est l\u2019un des principaux avions ravitailleurs de l\u2019US Air Force, utilis\u00e9 depuis plusieurs d\u00e9cennies pour soutenir les missions a\u00e9riennes \u00e0 longue distance.<\/p>\n\n\n\n<p><\/p>\n\n\n\n<p><\/p>\n\n\n\n<p class=\"has-medium-font-size\"><strong>Lire aussi :<a href=\"https:\/\/www.webdo.tn\/fr\/actualite\/international\/feu-a-bord-dun-porte-avions-americain-deploye-au-moyen-orient\/394540\/\"> <\/a><\/strong><a href=\"https:\/\/www.webdo.tn\/fr\/actualite\/international\/feu-a-bord-dun-porte-avions-americain-deploye-au-moyen-orient\/394540\/\">Feu \u00e0 bord d\u2019un porte-avions am\u00e9ricain d\u00e9ploy\u00e9 au Moyen-Orient<\/a><br><\/p>\n","protected":false},"excerpt":{"rendered":"<p>Un avion militaire am\u00e9ricain s\u2019est \u00e9cras\u00e9 jeudi 12 mars 2026 dans l\u2019ouest de l\u2019Irak, ont annonc\u00e9 les autorit\u00e9s militaires am\u00e9ricaines, pr\u00e9cisant qu\u2019une op\u00e9ration de secours est en cours pour retrouver l\u2019\u00e9quipage. Selon le commandement militaire am\u00e9ricain pour le Moyen-Orient (CENTCOM), l\u2019appareil impliqu\u00e9 est un KC-135 Stratotanker, un avion ravitailleur utilis\u00e9 pour alimenter en carburant d\u2019autres [&hellip;]<\/p>\n","protected":false},"author":3184,"featured_media":394560,"comment_status":"closed","ping_status":"closed","sticky":false,"template":"","format":"standard","meta":{"footnotes":""},"categories":[2598],"tags":[4664,2600,3061],"class_list":["post-394559","post","type-post","status-publish","format-standard","has-post-thumbnail","hentry","category-international","tag-avion","tag-guerre","tag-usa"],"yoast_head":"<!-- This site is optimized with the Yoast SEO Premium plugin v27.5 (Yoast SEO v27.5) - https:\/\/yoast.com\/product\/yoast-seo-premium-wordpress\/ -->\n<title>Irak : Un avion ravitailleur de l\u2019US Air Force s\u2019\u00e9crase - webdo<\/title>\n<meta name=\"description\" content=\"Un avion ravitailleur de l\u2019US Air Force s\u2019est \u00e9cras\u00e9 en Irak. Les op\u00e9rations de secours pour l\u2019\u00e9quipage sont en cours.\" \/>\n<link rel=\"canonical\" href=\"https:\/\/www.webdo.tn\/fr\/actualite\/international\/irak-un-avion-ravitailleur-de-lus-air-force-secrase\/394559\/\" \/>\n<meta property=\"og:locale\" content=\"fr_FR\" \/>\n<meta property=\"og:type\" content=\"article\" \/>\n<meta property=\"og:title\" content=\"Irak : Un avion ravitailleur de l\u2019US Air Force s\u2019\u00e9crase\" \/>\n<meta property=\"og:description\" content=\"Un avion ravitailleur de l\u2019US Air Force s\u2019est \u00e9cras\u00e9 en Irak. Les op\u00e9rations de secours pour l\u2019\u00e9quipage sont en cours.\" \/>\n<meta property=\"og:url\" content=\"https:\/\/www.webdo.tn\/fr\/actualite\/international\/irak-un-avion-ravitailleur-de-lus-air-force-secrase\/394559\/\" \/>\n<meta property=\"og:site_name\" content=\"webdo\" \/>\n<meta property=\"article:publisher\" content=\"https:\/\/www.facebook.com\/webdotn\" \/>\n<meta property=\"article:published_time\" content=\"2026-03-13T08:09:35+00:00\" \/>\n<meta property=\"article:modified_time\" content=\"2026-03-13T08:09:37+00:00\" \/>\n<meta property=\"og:image\" content=\"https:\/\/www.webdo.tn\/fr\/wp-content\/uploads\/2026\/03\/avion-US.jpg\" \/>\n\t<meta property=\"og:image:width\" content=\"1200\" \/>\n\t<meta property=\"og:image:height\" content=\"600\" \/>\n\t<meta property=\"og:image:type\" content=\"image\/jpeg\" \/>\n<meta name=\"author\" content=\"Wided Belhaj\" \/>\n<meta name=\"twitter:card\" content=\"summary_large_image\" \/>\n<meta name=\"twitter:creator\" content=\"@webdo_tn\" \/>\n<meta name=\"twitter:site\" content=\"@webdo_tn\" \/>\n<meta name=\"twitter:label1\" content=\"\u00c9crit par\" \/>\n\t<meta name=\"twitter:data1\" content=\"Wided Belhaj\" \/>\n\t<meta name=\"twitter:label2\" content=\"Dur\u00e9e de lecture estim\u00e9e\" \/>\n\t<meta name=\"twitter:data2\" content=\"2 minutes\" \/>\n<script type=\"application\/ld+json\" class=\"yoast-schema-graph\">{\"@context\":\"https:\\\/\\\/schema.org\",\"@graph\":[{\"@type\":\"NewsArticle\",\"@id\":\"https:\\\/\\\/www.webdo.tn\\\/fr\\\/actualite\\\/international\\\/irak-un-avion-ravitailleur-de-lus-air-force-secrase\\\/394559\\\/#article\",\"isPartOf\":{\"@id\":\"https:\\\/\\\/www.webdo.tn\\\/fr\\\/actualite\\\/international\\\/irak-un-avion-ravitailleur-de-lus-air-force-secrase\\\/394559\\\/\"},\"author\":{\"name\":\"Wided Belhaj\",\"@id\":\"https:\\\/\\\/www.webdo.tn\\\/fr\\\/#\\\/schema\\\/person\\\/b9ecde7a5574cb4fcf4b496ea5fadb15\"},\"headline\":\"Irak : Un avion ravitailleur de l\u2019US Air Force s\u2019\u00e9crase\",\"datePublished\":\"2026-03-13T08:09:35+00:00\",\"dateModified\":\"2026-03-13T08:09:37+00:00\",\"mainEntityOfPage\":{\"@id\":\"https:\\\/\\\/www.webdo.tn\\\/fr\\\/actualite\\\/international\\\/irak-un-avion-ravitailleur-de-lus-air-force-secrase\\\/394559\\\/\"},\"wordCount\":288,\"publisher\":{\"@id\":\"https:\\\/\\\/www.webdo.tn\\\/fr\\\/#organization\"},\"image\":{\"@id\":\"https:\\\/\\\/www.webdo.tn\\\/fr\\\/actualite\\\/international\\\/irak-un-avion-ravitailleur-de-lus-air-force-secrase\\\/394559\\\/#primaryimage\"},\"thumbnailUrl\":\"https:\\\/\\\/www.webdo.tn\\\/fr\\\/wp-content\\\/uploads\\\/2026\\\/03\\\/avion-US.jpg\",\"keywords\":[\"Avion\",\"guerre\",\"USA\"],\"articleSection\":[\"International\"],\"inLanguage\":\"fr-FR\"},{\"@type\":\"WebPage\",\"@id\":\"https:\\\/\\\/www.webdo.tn\\\/fr\\\/actualite\\\/international\\\/irak-un-avion-ravitailleur-de-lus-air-force-secrase\\\/394559\\\/\",\"url\":\"https:\\\/\\\/www.webdo.tn\\\/fr\\\/actualite\\\/international\\\/irak-un-avion-ravitailleur-de-lus-air-force-secrase\\\/394559\\\/\",\"name\":\"Irak : Un avion ravitailleur de l\u2019US Air Force s\u2019\u00e9crase - webdo\",\"isPartOf\":{\"@id\":\"https:\\\/\\\/www.webdo.tn\\\/fr\\\/#website\"},\"primaryImageOfPage\":{\"@id\":\"https:\\\/\\\/www.webdo.tn\\\/fr\\\/actualite\\\/international\\\/irak-un-avion-ravitailleur-de-lus-air-force-secrase\\\/394559\\\/#primaryimage\"},\"image\":{\"@id\":\"https:\\\/\\\/www.webdo.tn\\\/fr\\\/actualite\\\/international\\\/irak-un-avion-ravitailleur-de-lus-air-force-secrase\\\/394559\\\/#primaryimage\"},\"thumbnailUrl\":\"https:\\\/\\\/www.webdo.tn\\\/fr\\\/wp-content\\\/uploads\\\/2026\\\/03\\\/avion-US.jpg\",\"datePublished\":\"2026-03-13T08:09:35+00:00\",\"dateModified\":\"2026-03-13T08:09:37+00:00\",\"description\":\"Un avion ravitailleur de l\u2019US Air Force s\u2019est \u00e9cras\u00e9 en Irak. Les op\u00e9rations de secours pour l\u2019\u00e9quipage sont en cours.\",\"breadcrumb\":{\"@id\":\"https:\\\/\\\/www.webdo.tn\\\/fr\\\/actualite\\\/international\\\/irak-un-avion-ravitailleur-de-lus-air-force-secrase\\\/394559\\\/#breadcrumb\"},\"inLanguage\":\"fr-FR\",\"potentialAction\":[{\"@type\":\"ReadAction\",\"target\":[\"https:\\\/\\\/www.webdo.tn\\\/fr\\\/actualite\\\/international\\\/irak-un-avion-ravitailleur-de-lus-air-force-secrase\\\/394559\\\/\"]}]},{\"@type\":\"ImageObject\",\"inLanguage\":\"fr-FR\",\"@id\":\"https:\\\/\\\/www.webdo.tn\\\/fr\\\/actualite\\\/international\\\/irak-un-avion-ravitailleur-de-lus-air-force-secrase\\\/394559\\\/#primaryimage\",\"url\":\"https:\\\/\\\/www.webdo.tn\\\/fr\\\/wp-content\\\/uploads\\\/2026\\\/03\\\/avion-US.jpg\",\"contentUrl\":\"https:\\\/\\\/www.webdo.tn\\\/fr\\\/wp-content\\\/uploads\\\/2026\\\/03\\\/avion-US.jpg\",\"width\":1200,\"height\":600,\"caption\":\"Avion am\u00e9ricain\"},{\"@type\":\"BreadcrumbList\",\"@id\":\"https:\\\/\\\/www.webdo.tn\\\/fr\\\/actualite\\\/international\\\/irak-un-avion-ravitailleur-de-lus-air-force-secrase\\\/394559\\\/#breadcrumb\",\"itemListElement\":[{\"@type\":\"ListItem\",\"position\":1,\"name\":\"Accueil\",\"item\":\"https:\\\/\\\/www.webdo.tn\\\/fr\\\/\"},{\"@type\":\"ListItem\",\"position\":2,\"name\":\"Irak : Un avion ravitailleur de l\u2019US Air Force s\u2019\u00e9crase\"}]},{\"@type\":\"WebSite\",\"@id\":\"https:\\\/\\\/www.webdo.tn\\\/fr\\\/#website\",\"url\":\"https:\\\/\\\/www.webdo.tn\\\/fr\\\/\",\"name\":\"webdo\",\"description\":\"Tunisie - News en Tunisie et \u00e0 l&#039;international sur Webdo.tn\",\"publisher\":{\"@id\":\"https:\\\/\\\/www.webdo.tn\\\/fr\\\/#organization\"},\"potentialAction\":[{\"@type\":\"SearchAction\",\"target\":{\"@type\":\"EntryPoint\",\"urlTemplate\":\"https:\\\/\\\/www.webdo.tn\\\/fr\\\/?s={search_term_string}\"},\"query-input\":{\"@type\":\"PropertyValueSpecification\",\"valueRequired\":true,\"valueName\":\"search_term_string\"}}],\"inLanguage\":\"fr-FR\"},{\"@type\":\"Organization\",\"@id\":\"https:\\\/\\\/www.webdo.tn\\\/fr\\\/#organization\",\"name\":\"Webdo\",\"alternateName\":\"Webdo.tn\",\"url\":\"https:\\\/\\\/www.webdo.tn\\\/fr\\\/\",\"logo\":{\"@type\":\"ImageObject\",\"inLanguage\":\"fr-FR\",\"@id\":\"https:\\\/\\\/www.webdo.tn\\\/fr\\\/#\\\/schema\\\/logo\\\/image\\\/\",\"url\":\"https:\\\/\\\/www.webdo.tn\\\/fr\\\/wp-content\\\/uploads\\\/2025\\\/06\\\/Webdo-Tunisie_168377.jpg\",\"contentUrl\":\"https:\\\/\\\/www.webdo.tn\\\/fr\\\/wp-content\\\/uploads\\\/2025\\\/06\\\/Webdo-Tunisie_168377.jpg\",\"width\":301,\"height\":301,\"caption\":\"Webdo\"},\"image\":{\"@id\":\"https:\\\/\\\/www.webdo.tn\\\/fr\\\/#\\\/schema\\\/logo\\\/image\\\/\"},\"sameAs\":[\"https:\\\/\\\/www.facebook.com\\\/webdotn\",\"https:\\\/\\\/x.com\\\/webdo_tn\"],\"description\":\"Webdo est un m\u00e9dia num\u00e9rique tunisien fond\u00e9 en 2010, sp\u00e9cialis\u00e9 dans l\u2019actualit\u00e9 nationale et internationale, l\u2019\u00e9conomie, la soci\u00e9t\u00e9 et les analyses politiques. Le site s\u2019adresse \u00e0 un large public francophone et couvre l\u2019information tunisienne en temps r\u00e9el.\",\"email\":\"redac@webdo.tn\",\"legalName\":\"YNJ SARL\",\"foundingDate\":\"2010-09-06\",\"numberOfEmployees\":{\"@type\":\"QuantitativeValue\",\"minValue\":\"11\",\"maxValue\":\"50\"}},{\"@type\":\"Person\",\"@id\":\"https:\\\/\\\/www.webdo.tn\\\/fr\\\/#\\\/schema\\\/person\\\/b9ecde7a5574cb4fcf4b496ea5fadb15\",\"name\":\"Wided Belhaj\",\"image\":{\"@type\":\"ImageObject\",\"inLanguage\":\"fr-FR\",\"@id\":\"https:\\\/\\\/www.webdo.tn\\\/fr\\\/wp-content\\\/uploads\\\/2026\\\/04\\\/wided-belhaj_avatar-96x96.jpg\",\"url\":\"https:\\\/\\\/www.webdo.tn\\\/fr\\\/wp-content\\\/uploads\\\/2026\\\/04\\\/wided-belhaj_avatar-96x96.jpg\",\"contentUrl\":\"https:\\\/\\\/www.webdo.tn\\\/fr\\\/wp-content\\\/uploads\\\/2026\\\/04\\\/wided-belhaj_avatar-96x96.jpg\",\"caption\":\"Wided Belhaj\"},\"description\":\"Wided Belhaj est le pseudonyme \u00e9ditorial utilis\u00e9 par Khalil Jelassi, journaliste, ma\u00eetre-assistant \u00e0 l\u2019Institut de presse et des sciences de l\u2019information (IPSI) et chercheur en sciences de l\u2019information et de la communication. Cette signature est d\u00e9di\u00e9e \u00e0 l\u2019analyse des m\u00e9dias, des pratiques journalistiques et des mutations de l\u2019information \u00e0 l\u2019\u00e8re digitale. \u00c0 travers ses contributions, Wided Belhaj propose une lecture analytique de l\u2019actualit\u00e9, en croisant regard critique et expertise acad\u00e9mique.\",\"knowsAbout\":[\"m\u00e9dias\",\"journalisme\",\"communication\",\"information\",\"transformation num\u00e9rique\",\"analyse des m\u00e9dias\"],\"knowsLanguage\":[\"Fran\u00e7ais\",\"Arabe\"],\"jobTitle\":\"Webdo.tn\",\"worksFor\":\"Journaliste \u2013 Analyse des m\u00e9dias\",\"url\":\"https:\\\/\\\/www.webdo.tn\\\/fr\\\/actualite\\\/author\\\/wided-belhaj\\\/\"}]}<\/script>\n<!-- \/ Yoast SEO Premium plugin. -->","yoast_head_json":{"title":"Irak : Un avion ravitailleur de l\u2019US Air Force s\u2019\u00e9crase - webdo","description":"Un avion ravitailleur de l\u2019US Air Force s\u2019est \u00e9cras\u00e9 en Irak. Les op\u00e9rations de secours pour l\u2019\u00e9quipage sont en cours.","canonical":"https:\/\/www.webdo.tn\/fr\/actualite\/international\/irak-un-avion-ravitailleur-de-lus-air-force-secrase\/394559\/","og_locale":"fr_FR","og_type":"article","og_title":"Irak : Un avion ravitailleur de l\u2019US Air Force s\u2019\u00e9crase","og_description":"Un avion ravitailleur de l\u2019US Air Force s\u2019est \u00e9cras\u00e9 en Irak. Les op\u00e9rations de secours pour l\u2019\u00e9quipage sont en cours.","og_url":"https:\/\/www.webdo.tn\/fr\/actualite\/international\/irak-un-avion-ravitailleur-de-lus-air-force-secrase\/394559\/","og_site_name":"webdo","article_publisher":"https:\/\/www.facebook.com\/webdotn","article_published_time":"2026-03-13T08:09:35+00:00","article_modified_time":"2026-03-13T08:09:37+00:00","og_image":[{"width":1200,"height":600,"url":"https:\/\/www.webdo.tn\/fr\/wp-content\/uploads\/2026\/03\/avion-US.jpg","type":"image\/jpeg"}],"author":"Wided Belhaj","twitter_card":"summary_large_image","twitter_creator":"@webdo_tn","twitter_site":"@webdo_tn","twitter_misc":{"\u00c9crit par":"Wided Belhaj","Dur\u00e9e de lecture estim\u00e9e":"2 minutes"},"schema":{"@context":"https:\/\/schema.org","@graph":[{"@type":"NewsArticle","@id":"https:\/\/www.webdo.tn\/fr\/actualite\/international\/irak-un-avion-ravitailleur-de-lus-air-force-secrase\/394559\/#article","isPartOf":{"@id":"https:\/\/www.webdo.tn\/fr\/actualite\/international\/irak-un-avion-ravitailleur-de-lus-air-force-secrase\/394559\/"},"author":{"name":"Wided Belhaj","@id":"https:\/\/www.webdo.tn\/fr\/#\/schema\/person\/b9ecde7a5574cb4fcf4b496ea5fadb15"},"headline":"Irak : Un avion ravitailleur de l\u2019US Air Force s\u2019\u00e9crase","datePublished":"2026-03-13T08:09:35+00:00","dateModified":"2026-03-13T08:09:37+00:00","mainEntityOfPage":{"@id":"https:\/\/www.webdo.tn\/fr\/actualite\/international\/irak-un-avion-ravitailleur-de-lus-air-force-secrase\/394559\/"},"wordCount":288,"publisher":{"@id":"https:\/\/www.webdo.tn\/fr\/#organization"},"image":{"@id":"https:\/\/www.webdo.tn\/fr\/actualite\/international\/irak-un-avion-ravitailleur-de-lus-air-force-secrase\/394559\/#primaryimage"},"thumbnailUrl":"https:\/\/www.webdo.tn\/fr\/wp-content\/uploads\/2026\/03\/avion-US.jpg","keywords":["Avion","guerre","USA"],"articleSection":["International"],"inLanguage":"fr-FR"},{"@type":"WebPage","@id":"https:\/\/www.webdo.tn\/fr\/actualite\/international\/irak-un-avion-ravitailleur-de-lus-air-force-secrase\/394559\/","url":"https:\/\/www.webdo.tn\/fr\/actualite\/international\/irak-un-avion-ravitailleur-de-lus-air-force-secrase\/394559\/","name":"Irak : Un avion ravitailleur de l\u2019US Air Force s\u2019\u00e9crase - webdo","isPartOf":{"@id":"https:\/\/www.webdo.tn\/fr\/#website"},"primaryImageOfPage":{"@id":"https:\/\/www.webdo.tn\/fr\/actualite\/international\/irak-un-avion-ravitailleur-de-lus-air-force-secrase\/394559\/#primaryimage"},"image":{"@id":"https:\/\/www.webdo.tn\/fr\/actualite\/international\/irak-un-avion-ravitailleur-de-lus-air-force-secrase\/394559\/#primaryimage"},"thumbnailUrl":"https:\/\/www.webdo.tn\/fr\/wp-content\/uploads\/2026\/03\/avion-US.jpg","datePublished":"2026-03-13T08:09:35+00:00","dateModified":"2026-03-13T08:09:37+00:00","description":"Un avion ravitailleur de l\u2019US Air Force s\u2019est \u00e9cras\u00e9 en Irak. Les op\u00e9rations de secours pour l\u2019\u00e9quipage sont en cours.","breadcrumb":{"@id":"https:\/\/www.webdo.tn\/fr\/actualite\/international\/irak-un-avion-ravitailleur-de-lus-air-force-secrase\/394559\/#breadcrumb"},"inLanguage":"fr-FR","potentialAction":[{"@type":"ReadAction","target":["https:\/\/www.webdo.tn\/fr\/actualite\/international\/irak-un-avion-ravitailleur-de-lus-air-force-secrase\/394559\/"]}]},{"@type":"ImageObject","inLanguage":"fr-FR","@id":"https:\/\/www.webdo.tn\/fr\/actualite\/international\/irak-un-avion-ravitailleur-de-lus-air-force-secrase\/394559\/#primaryimage","url":"https:\/\/www.webdo.tn\/fr\/wp-content\/uploads\/2026\/03\/avion-US.jpg","contentUrl":"https:\/\/www.webdo.tn\/fr\/wp-content\/uploads\/2026\/03\/avion-US.jpg","width":1200,"height":600,"caption":"Avion am\u00e9ricain"},{"@type":"BreadcrumbList","@id":"https:\/\/www.webdo.tn\/fr\/actualite\/international\/irak-un-avion-ravitailleur-de-lus-air-force-secrase\/394559\/#breadcrumb","itemListElement":[{"@type":"ListItem","position":1,"name":"Accueil","item":"https:\/\/www.webdo.tn\/fr\/"},{"@type":"ListItem","position":2,"name":"Irak : Un avion ravitailleur de l\u2019US Air Force s\u2019\u00e9crase"}]},{"@type":"WebSite","@id":"https:\/\/www.webdo.tn\/fr\/#website","url":"https:\/\/www.webdo.tn\/fr\/","name":"webdo","description":"Tunisie - News en Tunisie et \u00e0 l&#039;international sur Webdo.tn","publisher":{"@id":"https:\/\/www.webdo.tn\/fr\/#organization"},"potentialAction":[{"@type":"SearchAction","target":{"@type":"EntryPoint","urlTemplate":"https:\/\/www.webdo.tn\/fr\/?s={search_term_string}"},"query-input":{"@type":"PropertyValueSpecification","valueRequired":true,"valueName":"search_term_string"}}],"inLanguage":"fr-FR"},{"@type":"Organization","@id":"https:\/\/www.webdo.tn\/fr\/#organization","name":"Webdo","alternateName":"Webdo.tn","url":"https:\/\/www.webdo.tn\/fr\/","logo":{"@type":"ImageObject","inLanguage":"fr-FR","@id":"https:\/\/www.webdo.tn\/fr\/#\/schema\/logo\/image\/","url":"https:\/\/www.webdo.tn\/fr\/wp-content\/uploads\/2025\/06\/Webdo-Tunisie_168377.jpg","contentUrl":"https:\/\/www.webdo.tn\/fr\/wp-content\/uploads\/2025\/06\/Webdo-Tunisie_168377.jpg","width":301,"height":301,"caption":"Webdo"},"image":{"@id":"https:\/\/www.webdo.tn\/fr\/#\/schema\/logo\/image\/"},"sameAs":["https:\/\/www.facebook.com\/webdotn","https:\/\/x.com\/webdo_tn"],"description":"Webdo est un m\u00e9dia num\u00e9rique tunisien fond\u00e9 en 2010, sp\u00e9cialis\u00e9 dans l\u2019actualit\u00e9 nationale et internationale, l\u2019\u00e9conomie, la soci\u00e9t\u00e9 et les analyses politiques. Le site s\u2019adresse \u00e0 un large public francophone et couvre l\u2019information tunisienne en temps r\u00e9el.","email":"redac@webdo.tn","legalName":"YNJ SARL","foundingDate":"2010-09-06","numberOfEmployees":{"@type":"QuantitativeValue","minValue":"11","maxValue":"50"}},{"@type":"Person","@id":"https:\/\/www.webdo.tn\/fr\/#\/schema\/person\/b9ecde7a5574cb4fcf4b496ea5fadb15","name":"Wided Belhaj","image":{"@type":"ImageObject","inLanguage":"fr-FR","@id":"https:\/\/www.webdo.tn\/fr\/wp-content\/uploads\/2026\/04\/wided-belhaj_avatar-96x96.jpg","url":"https:\/\/www.webdo.tn\/fr\/wp-content\/uploads\/2026\/04\/wided-belhaj_avatar-96x96.jpg","contentUrl":"https:\/\/www.webdo.tn\/fr\/wp-content\/uploads\/2026\/04\/wided-belhaj_avatar-96x96.jpg","caption":"Wided Belhaj"},"description":"Wided Belhaj est le pseudonyme \u00e9ditorial utilis\u00e9 par Khalil Jelassi, journaliste, ma\u00eetre-assistant \u00e0 l\u2019Institut de presse et des sciences de l\u2019information (IPSI) et chercheur en sciences de l\u2019information et de la communication. Cette signature est d\u00e9di\u00e9e \u00e0 l\u2019analyse des m\u00e9dias, des pratiques journalistiques et des mutations de l\u2019information \u00e0 l\u2019\u00e8re digitale. \u00c0 travers ses contributions, Wided Belhaj propose une lecture analytique de l\u2019actualit\u00e9, en croisant regard critique et expertise acad\u00e9mique.","knowsAbout":["m\u00e9dias","journalisme","communication","information","transformation num\u00e9rique","analyse des m\u00e9dias"],"knowsLanguage":["Fran\u00e7ais","Arabe"],"jobTitle":"Webdo.tn","worksFor":"Journaliste \u2013 Analyse des m\u00e9dias","url":"https:\/\/www.webdo.tn\/fr\/actualite\/author\/wided-belhaj\/"}]}},"_links":{"self":[{"href":"https:\/\/www.webdo.tn\/fr\/wp-json\/wp\/v2\/posts\/394559","targetHints":{"allow":["GET"]}}],"collection":[{"href":"https:\/\/www.webdo.tn\/fr\/wp-json\/wp\/v2\/posts"}],"about":[{"href":"https:\/\/www.webdo.tn\/fr\/wp-json\/wp\/v2\/types\/post"}],"author":[{"embeddable":true,"href":"https:\/\/www.webdo.tn\/fr\/wp-json\/wp\/v2\/users\/3184"}],"replies":[{"embeddable":true,"href":"https:\/\/www.webdo.tn\/fr\/wp-json\/wp\/v2\/comments?post=394559"}],"version-history":[{"count":0,"href":"https:\/\/www.webdo.tn\/fr\/wp-json\/wp\/v2\/posts\/394559\/revisions"}],"wp:featuredmedia":[{"embeddable":true,"href":"https:\/\/www.webdo.tn\/fr\/wp-json\/wp\/v2\/media\/394560"}],"wp:attachment":[{"href":"https:\/\/www.webdo.tn\/fr\/wp-json\/wp\/v2\/media?parent=394559"}],"wp:term":[{"taxonomy":"category","embeddable":true,"href":"https:\/\/www.webdo.tn\/fr\/wp-json\/wp\/v2\/categories?post=394559"},{"taxonomy":"post_tag","embeddable":true,"href":"https:\/\/www.webdo.tn\/fr\/wp-json\/wp\/v2\/tags?post=394559"}],"curies":[{"name":"wp","href":"https:\/\/api.w.org\/{rel}","templated":true}]}}