{"id":394547,"date":"2026-03-13T08:10:24","date_gmt":"2026-03-13T07:10:24","guid":{"rendered":"https:\/\/www.webdo.tn\/fr\/?p=394547"},"modified":"2026-03-13T08:10:26","modified_gmt":"2026-03-13T07:10:26","slug":"la-grande-mosquee-du-faubourg-sud-a-la-memoire-de-sidi-bechir-ziri","status":"publish","type":"post","link":"https:\/\/www.webdo.tn\/fr\/actualite\/chroniques\/la-grande-mosquee-du-faubourg-sud-a-la-memoire-de-sidi-bechir-ziri\/394547\/","title":{"rendered":"La grande mosqu\u00e9e du faubourg sud : \u00c0 la m\u00e9moire de Sidi B\u00e9chir Ziri"},"content":{"rendered":"\n<p><\/p>\n\n\n\n<p><strong>Il existe dans le quartier de Bab Al Djazira une mosqu\u00e9e qui se trouve \u00e0 la confluence des rues Bab El Fella et Sidi B\u00e9chir. Cette mosqu\u00e9e est fort ancienne car elle a \u00e9t\u00e9 fond\u00e9e au quatorzi\u00e8me si\u00e8cle.<\/strong><\/p>\n\n\n\n<p>C&rsquo;est ensuite au dix-septi\u00e8me si\u00e8cle qu&rsquo;elle sera restaur\u00e9e et r\u00e9nov\u00e9e par Ali Thabet, l&rsquo;un des ministres de Youssef Dey. C&rsquo;est \u00e0 la fin du dix-neuvi\u00e8me si\u00e8cle que sera enti\u00e8rement reconstruit le minaret de cette mosqu\u00e9e qui porte le nom de Sidi B\u00e9chir.<\/p>\n\n\n\n<p>Elle doit son nom \u00e0 Sidi B\u00e9chir Ziri, un saint personnage d&rsquo;origine kabyle qui fonda \u00e0 Tunis une filiale de la zaouia Rahmania, une confr\u00e9rie tr\u00e8s puissante en Alg\u00e9rie.<\/p>\n\n\n\n<h2 class=\"wp-block-heading\" id=\"h-sous-le-nom-de-mosquee-el-jenaiez\"> Sous le nom de mosqu\u00e9e El Jenaiez<\/h2>\n\n\n\n<p>A sa mort, la zaouia o\u00f9 il a \u00e9t\u00e9 inhum\u00e9 a donn\u00e9 son nom \u00e0 la rue puis \u00e0 la mosqu\u00e9e. Cette mosqu\u00e9e est \u00e9galement connue sous le nom de mosqu\u00e9e El Jenaiez, ce qui signifie mosqu\u00e9e des fun\u00e9railles.<\/p>\n\n\n\n<p>En effet, les convois mortuaires ont coutume de s&rsquo;y arr\u00eater sur leur route vers le cimeti\u00e8re du Jellaz pour y r\u00e9citer la pri\u00e8re des morts.<\/p>\n\n\n\n<p>Il existe dans les parages imm\u00e9diats plusieurs autres sanctuaires et mosqu\u00e9es \u00e0 l&rsquo;instar des zaouias de Sidi Mansour, Sidi Bou Madian ou Sidi Bou Mendil.<\/p>\n\n\n\n<p><\/p>\n","protected":false},"excerpt":{"rendered":"<p>Il existe dans le quartier de Bab Al Djazira une mosqu\u00e9e qui se trouve \u00e0 la confluence des rues Bab El Fella et Sidi B\u00e9chir. Cette mosqu\u00e9e est fort ancienne car elle a \u00e9t\u00e9 fond\u00e9e au quatorzi\u00e8me si\u00e8cle. C&rsquo;est ensuite au dix-septi\u00e8me si\u00e8cle qu&rsquo;elle sera restaur\u00e9e et r\u00e9nov\u00e9e par Ali Thabet, l&rsquo;un des ministres de [&hellip;]<\/p>\n","protected":false},"author":3229,"featured_media":394548,"comment_status":"closed","ping_status":"closed","sticky":false,"template":"","format":"standard","meta":{"footnotes":""},"categories":[2596],"tags":[3364,2954],"class_list":["post-394547","post","type-post","status-publish","format-standard","has-post-thumbnail","hentry","category-chroniques","tag-histoire","tag-mosquee"],"yoast_head":"<!-- This site is optimized with the Yoast SEO Premium plugin v27.4 (Yoast SEO v27.5) - https:\/\/yoast.com\/product\/yoast-seo-premium-wordpress\/ -->\n<title>La grande mosqu\u00e9e du faubourg sud : \u00c0 la m\u00e9moire de Sidi B\u00e9chir Ziri - webdo<\/title>\n<meta name=\"description\" content=\"D\u00e9couvrez l&#039;histoire de la mosqu\u00e9e Sidi B\u00e9chir Ziri, fond\u00e9e au quatorzi\u00e8me si\u00e8cle et r\u00e9nov\u00e9e au dix-septi\u00e8me si\u00e8cle.\" \/>\n<link rel=\"canonical\" href=\"https:\/\/www.webdo.tn\/fr\/actualite\/chroniques\/la-grande-mosquee-du-faubourg-sud-a-la-memoire-de-sidi-bechir-ziri\/394547\/\" \/>\n<meta property=\"og:locale\" content=\"fr_FR\" \/>\n<meta property=\"og:type\" content=\"article\" \/>\n<meta property=\"og:title\" content=\"La grande mosqu\u00e9e du faubourg sud : \u00c0 la m\u00e9moire de Sidi B\u00e9chir Ziri\" \/>\n<meta property=\"og:description\" content=\"D\u00e9couvrez l&#039;histoire de la mosqu\u00e9e Sidi B\u00e9chir Ziri, fond\u00e9e au quatorzi\u00e8me si\u00e8cle et r\u00e9nov\u00e9e au dix-septi\u00e8me si\u00e8cle.\" \/>\n<meta property=\"og:url\" content=\"https:\/\/www.webdo.tn\/fr\/actualite\/chroniques\/la-grande-mosquee-du-faubourg-sud-a-la-memoire-de-sidi-bechir-ziri\/394547\/\" \/>\n<meta property=\"og:site_name\" content=\"webdo\" \/>\n<meta property=\"article:publisher\" content=\"https:\/\/www.facebook.com\/webdotn\" \/>\n<meta property=\"article:author\" content=\"https:\/\/www.facebook.com\/hatem.bourial.2025\" \/>\n<meta property=\"article:published_time\" content=\"2026-03-13T07:10:24+00:00\" \/>\n<meta property=\"article:modified_time\" content=\"2026-03-13T07:10:26+00:00\" \/>\n<meta property=\"og:image\" content=\"https:\/\/www.webdo.tn\/fr\/wp-content\/uploads\/2026\/03\/mosquee.jpg\" \/>\n\t<meta property=\"og:image:width\" content=\"1200\" \/>\n\t<meta property=\"og:image:height\" content=\"600\" \/>\n\t<meta property=\"og:image:type\" content=\"image\/jpeg\" \/>\n<meta name=\"author\" content=\"Hatem Bourial\" \/>\n<meta name=\"twitter:card\" content=\"summary_large_image\" \/>\n<meta name=\"twitter:creator\" content=\"@webdo_tn\" \/>\n<meta name=\"twitter:site\" content=\"@webdo_tn\" \/>\n<meta name=\"twitter:label1\" content=\"\u00c9crit par\" \/>\n\t<meta name=\"twitter:data1\" content=\"Hatem Bourial\" \/>\n\t<meta name=\"twitter:label2\" content=\"Dur\u00e9e de lecture estim\u00e9e\" \/>\n\t<meta name=\"twitter:data2\" content=\"2 minutes\" \/>\n<script type=\"application\/ld+json\" class=\"yoast-schema-graph\">{\"@context\":\"https:\\\/\\\/schema.org\",\"@graph\":[{\"@type\":\"NewsArticle\",\"@id\":\"https:\\\/\\\/www.webdo.tn\\\/fr\\\/actualite\\\/chroniques\\\/la-grande-mosquee-du-faubourg-sud-a-la-memoire-de-sidi-bechir-ziri\\\/394547\\\/#article\",\"isPartOf\":{\"@id\":\"https:\\\/\\\/www.webdo.tn\\\/fr\\\/actualite\\\/chroniques\\\/la-grande-mosquee-du-faubourg-sud-a-la-memoire-de-sidi-bechir-ziri\\\/394547\\\/\"},\"author\":{\"name\":\"Hatem Bourial\",\"@id\":\"https:\\\/\\\/www.webdo.tn\\\/fr\\\/#\\\/schema\\\/person\\\/6bc0beba2cd23aec27cb5df85ca2554f\"},\"headline\":\"La grande mosqu\u00e9e du faubourg sud : \u00c0 la m\u00e9moire de Sidi B\u00e9chir Ziri\",\"datePublished\":\"2026-03-13T07:10:24+00:00\",\"dateModified\":\"2026-03-13T07:10:26+00:00\",\"mainEntityOfPage\":{\"@id\":\"https:\\\/\\\/www.webdo.tn\\\/fr\\\/actualite\\\/chroniques\\\/la-grande-mosquee-du-faubourg-sud-a-la-memoire-de-sidi-bechir-ziri\\\/394547\\\/\"},\"wordCount\":252,\"publisher\":{\"@id\":\"https:\\\/\\\/www.webdo.tn\\\/fr\\\/#organization\"},\"image\":{\"@id\":\"https:\\\/\\\/www.webdo.tn\\\/fr\\\/actualite\\\/chroniques\\\/la-grande-mosquee-du-faubourg-sud-a-la-memoire-de-sidi-bechir-ziri\\\/394547\\\/#primaryimage\"},\"thumbnailUrl\":\"https:\\\/\\\/www.webdo.tn\\\/fr\\\/wp-content\\\/uploads\\\/2026\\\/03\\\/mosquee.jpg\",\"keywords\":[\"histoire\",\"Mosqu\u00e9e\"],\"articleSection\":[\"Chroniques\"],\"inLanguage\":\"fr-FR\"},{\"@type\":\"WebPage\",\"@id\":\"https:\\\/\\\/www.webdo.tn\\\/fr\\\/actualite\\\/chroniques\\\/la-grande-mosquee-du-faubourg-sud-a-la-memoire-de-sidi-bechir-ziri\\\/394547\\\/\",\"url\":\"https:\\\/\\\/www.webdo.tn\\\/fr\\\/actualite\\\/chroniques\\\/la-grande-mosquee-du-faubourg-sud-a-la-memoire-de-sidi-bechir-ziri\\\/394547\\\/\",\"name\":\"La grande mosqu\u00e9e du faubourg sud : \u00c0 la m\u00e9moire de Sidi B\u00e9chir Ziri - webdo\",\"isPartOf\":{\"@id\":\"https:\\\/\\\/www.webdo.tn\\\/fr\\\/#website\"},\"primaryImageOfPage\":{\"@id\":\"https:\\\/\\\/www.webdo.tn\\\/fr\\\/actualite\\\/chroniques\\\/la-grande-mosquee-du-faubourg-sud-a-la-memoire-de-sidi-bechir-ziri\\\/394547\\\/#primaryimage\"},\"image\":{\"@id\":\"https:\\\/\\\/www.webdo.tn\\\/fr\\\/actualite\\\/chroniques\\\/la-grande-mosquee-du-faubourg-sud-a-la-memoire-de-sidi-bechir-ziri\\\/394547\\\/#primaryimage\"},\"thumbnailUrl\":\"https:\\\/\\\/www.webdo.tn\\\/fr\\\/wp-content\\\/uploads\\\/2026\\\/03\\\/mosquee.jpg\",\"datePublished\":\"2026-03-13T07:10:24+00:00\",\"dateModified\":\"2026-03-13T07:10:26+00:00\",\"description\":\"D\u00e9couvrez l'histoire de la mosqu\u00e9e Sidi B\u00e9chir Ziri, fond\u00e9e au quatorzi\u00e8me si\u00e8cle et r\u00e9nov\u00e9e au dix-septi\u00e8me si\u00e8cle.\",\"breadcrumb\":{\"@id\":\"https:\\\/\\\/www.webdo.tn\\\/fr\\\/actualite\\\/chroniques\\\/la-grande-mosquee-du-faubourg-sud-a-la-memoire-de-sidi-bechir-ziri\\\/394547\\\/#breadcrumb\"},\"inLanguage\":\"fr-FR\",\"potentialAction\":[{\"@type\":\"ReadAction\",\"target\":[\"https:\\\/\\\/www.webdo.tn\\\/fr\\\/actualite\\\/chroniques\\\/la-grande-mosquee-du-faubourg-sud-a-la-memoire-de-sidi-bechir-ziri\\\/394547\\\/\"]}]},{\"@type\":\"ImageObject\",\"inLanguage\":\"fr-FR\",\"@id\":\"https:\\\/\\\/www.webdo.tn\\\/fr\\\/actualite\\\/chroniques\\\/la-grande-mosquee-du-faubourg-sud-a-la-memoire-de-sidi-bechir-ziri\\\/394547\\\/#primaryimage\",\"url\":\"https:\\\/\\\/www.webdo.tn\\\/fr\\\/wp-content\\\/uploads\\\/2026\\\/03\\\/mosquee.jpg\",\"contentUrl\":\"https:\\\/\\\/www.webdo.tn\\\/fr\\\/wp-content\\\/uploads\\\/2026\\\/03\\\/mosquee.jpg\",\"width\":1200,\"height\":600,\"caption\":\"Mosqu\u00e9e\"},{\"@type\":\"BreadcrumbList\",\"@id\":\"https:\\\/\\\/www.webdo.tn\\\/fr\\\/actualite\\\/chroniques\\\/la-grande-mosquee-du-faubourg-sud-a-la-memoire-de-sidi-bechir-ziri\\\/394547\\\/#breadcrumb\",\"itemListElement\":[{\"@type\":\"ListItem\",\"position\":1,\"name\":\"Accueil\",\"item\":\"https:\\\/\\\/www.webdo.tn\\\/fr\\\/\"},{\"@type\":\"ListItem\",\"position\":2,\"name\":\"La grande mosqu\u00e9e du faubourg sud : \u00c0 la m\u00e9moire de Sidi B\u00e9chir Ziri\"}]},{\"@type\":\"WebSite\",\"@id\":\"https:\\\/\\\/www.webdo.tn\\\/fr\\\/#website\",\"url\":\"https:\\\/\\\/www.webdo.tn\\\/fr\\\/\",\"name\":\"webdo\",\"description\":\"Tunisie - News en Tunisie et \u00e0 l&#039;international sur Webdo.tn\",\"publisher\":{\"@id\":\"https:\\\/\\\/www.webdo.tn\\\/fr\\\/#organization\"},\"potentialAction\":[{\"@type\":\"SearchAction\",\"target\":{\"@type\":\"EntryPoint\",\"urlTemplate\":\"https:\\\/\\\/www.webdo.tn\\\/fr\\\/?s={search_term_string}\"},\"query-input\":{\"@type\":\"PropertyValueSpecification\",\"valueRequired\":true,\"valueName\":\"search_term_string\"}}],\"inLanguage\":\"fr-FR\"},{\"@type\":\"Organization\",\"@id\":\"https:\\\/\\\/www.webdo.tn\\\/fr\\\/#organization\",\"name\":\"Webdo\",\"alternateName\":\"Webdo.tn\",\"url\":\"https:\\\/\\\/www.webdo.tn\\\/fr\\\/\",\"logo\":{\"@type\":\"ImageObject\",\"inLanguage\":\"fr-FR\",\"@id\":\"https:\\\/\\\/www.webdo.tn\\\/fr\\\/#\\\/schema\\\/logo\\\/image\\\/\",\"url\":\"https:\\\/\\\/www.webdo.tn\\\/fr\\\/wp-content\\\/uploads\\\/2025\\\/06\\\/Webdo-Tunisie_168377.jpg\",\"contentUrl\":\"https:\\\/\\\/www.webdo.tn\\\/fr\\\/wp-content\\\/uploads\\\/2025\\\/06\\\/Webdo-Tunisie_168377.jpg\",\"width\":301,\"height\":301,\"caption\":\"Webdo\"},\"image\":{\"@id\":\"https:\\\/\\\/www.webdo.tn\\\/fr\\\/#\\\/schema\\\/logo\\\/image\\\/\"},\"sameAs\":[\"https:\\\/\\\/www.facebook.com\\\/webdotn\",\"https:\\\/\\\/x.com\\\/webdo_tn\"],\"description\":\"Webdo est un m\u00e9dia num\u00e9rique tunisien fond\u00e9 en 2010, sp\u00e9cialis\u00e9 dans l\u2019actualit\u00e9 nationale et internationale, l\u2019\u00e9conomie, la soci\u00e9t\u00e9 et les analyses politiques. Le site s\u2019adresse \u00e0 un large public francophone et couvre l\u2019information tunisienne en temps r\u00e9el.\",\"email\":\"redac@webdo.tn\",\"legalName\":\"YNJ SARL\",\"foundingDate\":\"2010-09-06\",\"numberOfEmployees\":{\"@type\":\"QuantitativeValue\",\"minValue\":\"11\",\"maxValue\":\"50\"}},{\"@type\":\"Person\",\"@id\":\"https:\\\/\\\/www.webdo.tn\\\/fr\\\/#\\\/schema\\\/person\\\/6bc0beba2cd23aec27cb5df85ca2554f\",\"name\":\"Hatem Bourial\",\"image\":{\"@type\":\"ImageObject\",\"inLanguage\":\"fr-FR\",\"@id\":\"https:\\\/\\\/www.webdo.tn\\\/fr\\\/wp-content\\\/uploads\\\/2026\\\/04\\\/hatem-bourial_avatar-96x96.jpg\",\"url\":\"https:\\\/\\\/www.webdo.tn\\\/fr\\\/wp-content\\\/uploads\\\/2026\\\/04\\\/hatem-bourial_avatar-96x96.jpg\",\"contentUrl\":\"https:\\\/\\\/www.webdo.tn\\\/fr\\\/wp-content\\\/uploads\\\/2026\\\/04\\\/hatem-bourial_avatar-96x96.jpg\",\"caption\":\"Hatem Bourial\"},\"description\":\"Hatem Bourial est journaliste, \u00e9crivain et chroniqueur tunisien. Actif depuis plusieurs d\u00e9cennies, il s\u2019est impos\u00e9 comme un observateur attentif de la soci\u00e9t\u00e9 tunisienne, m\u00ealant dans ses \u00e9crits m\u00e9moire, culture et analyse du quotidien. Auteur de nombreux ouvrages, il d\u00e9veloppe une \u0153uvre \u00e0 la crois\u00e9e du r\u00e9cit, de la po\u00e9sie et de l\u2019observation sociologique. Parall\u00e8lement \u00e0 ses contributions dans la presse, il intervient r\u00e9guli\u00e8rement \u00e0 la radio et dans des espaces culturels, o\u00f9 il explore les enjeux li\u00e9s au patrimoine, \u00e0 l\u2019identit\u00e9 et aux transformations du monde contemporain. \u00c0 travers ses chroniques, Hatem Bourial propose une lecture sensible et approfondie de l\u2019actualit\u00e9, nourrie par une exp\u00e9rience journalistique et litt\u00e9raire reconnue. \ud83d\udd17 Facebook : https:\\\/\\\/www.facebook.com\\\/hatem.bourial.2025\",\"sameAs\":[\"https:\\\/\\\/www.facebook.com\\\/hatem.bourial.2025\",\"https:\\\/\\\/fr.wikipedia.org\\\/wiki\\\/Fichier:Hatem_Bourial.jpg\"],\"knowsAbout\":[\"Culture & patrimoine tunisien\",\"Chronique soci\u00e9tale\",\"Litt\u00e9rature & m\u00e9moire\",\"Cin\u00e9ma & critique culturelle\",\"Identit\u00e9 & mutations sociales\"],\"knowsLanguage\":[\"Arabe\",\"Fran\u00e7ais\",\"Anglais\",\"Italien\",\"Polonais\"],\"jobTitle\":\"Journaliste, \u00e9crivain et chroniqueur culturel\",\"worksFor\":\"Webdo\",\"url\":\"https:\\\/\\\/www.webdo.tn\\\/fr\\\/actualite\\\/author\\\/hatem-bourial-2\\\/\"}]}<\/script>\n<!-- \/ Yoast SEO Premium plugin. -->","yoast_head_json":{"title":"La grande mosqu\u00e9e du faubourg sud : \u00c0 la m\u00e9moire de Sidi B\u00e9chir Ziri - webdo","description":"D\u00e9couvrez l'histoire de la mosqu\u00e9e Sidi B\u00e9chir Ziri, fond\u00e9e au quatorzi\u00e8me si\u00e8cle et r\u00e9nov\u00e9e au dix-septi\u00e8me si\u00e8cle.","canonical":"https:\/\/www.webdo.tn\/fr\/actualite\/chroniques\/la-grande-mosquee-du-faubourg-sud-a-la-memoire-de-sidi-bechir-ziri\/394547\/","og_locale":"fr_FR","og_type":"article","og_title":"La grande mosqu\u00e9e du faubourg sud : \u00c0 la m\u00e9moire de Sidi B\u00e9chir Ziri","og_description":"D\u00e9couvrez l'histoire de la mosqu\u00e9e Sidi B\u00e9chir Ziri, fond\u00e9e au quatorzi\u00e8me si\u00e8cle et r\u00e9nov\u00e9e au dix-septi\u00e8me si\u00e8cle.","og_url":"https:\/\/www.webdo.tn\/fr\/actualite\/chroniques\/la-grande-mosquee-du-faubourg-sud-a-la-memoire-de-sidi-bechir-ziri\/394547\/","og_site_name":"webdo","article_publisher":"https:\/\/www.facebook.com\/webdotn","article_author":"https:\/\/www.facebook.com\/hatem.bourial.2025","article_published_time":"2026-03-13T07:10:24+00:00","article_modified_time":"2026-03-13T07:10:26+00:00","og_image":[{"width":1200,"height":600,"url":"https:\/\/www.webdo.tn\/fr\/wp-content\/uploads\/2026\/03\/mosquee.jpg","type":"image\/jpeg"}],"author":"Hatem Bourial","twitter_card":"summary_large_image","twitter_creator":"@webdo_tn","twitter_site":"@webdo_tn","twitter_misc":{"\u00c9crit par":"Hatem Bourial","Dur\u00e9e de lecture estim\u00e9e":"2 minutes"},"schema":{"@context":"https:\/\/schema.org","@graph":[{"@type":"NewsArticle","@id":"https:\/\/www.webdo.tn\/fr\/actualite\/chroniques\/la-grande-mosquee-du-faubourg-sud-a-la-memoire-de-sidi-bechir-ziri\/394547\/#article","isPartOf":{"@id":"https:\/\/www.webdo.tn\/fr\/actualite\/chroniques\/la-grande-mosquee-du-faubourg-sud-a-la-memoire-de-sidi-bechir-ziri\/394547\/"},"author":{"name":"Hatem Bourial","@id":"https:\/\/www.webdo.tn\/fr\/#\/schema\/person\/6bc0beba2cd23aec27cb5df85ca2554f"},"headline":"La grande mosqu\u00e9e du faubourg sud : \u00c0 la m\u00e9moire de Sidi B\u00e9chir Ziri","datePublished":"2026-03-13T07:10:24+00:00","dateModified":"2026-03-13T07:10:26+00:00","mainEntityOfPage":{"@id":"https:\/\/www.webdo.tn\/fr\/actualite\/chroniques\/la-grande-mosquee-du-faubourg-sud-a-la-memoire-de-sidi-bechir-ziri\/394547\/"},"wordCount":252,"publisher":{"@id":"https:\/\/www.webdo.tn\/fr\/#organization"},"image":{"@id":"https:\/\/www.webdo.tn\/fr\/actualite\/chroniques\/la-grande-mosquee-du-faubourg-sud-a-la-memoire-de-sidi-bechir-ziri\/394547\/#primaryimage"},"thumbnailUrl":"https:\/\/www.webdo.tn\/fr\/wp-content\/uploads\/2026\/03\/mosquee.jpg","keywords":["histoire","Mosqu\u00e9e"],"articleSection":["Chroniques"],"inLanguage":"fr-FR"},{"@type":"WebPage","@id":"https:\/\/www.webdo.tn\/fr\/actualite\/chroniques\/la-grande-mosquee-du-faubourg-sud-a-la-memoire-de-sidi-bechir-ziri\/394547\/","url":"https:\/\/www.webdo.tn\/fr\/actualite\/chroniques\/la-grande-mosquee-du-faubourg-sud-a-la-memoire-de-sidi-bechir-ziri\/394547\/","name":"La grande mosqu\u00e9e du faubourg sud : \u00c0 la m\u00e9moire de Sidi B\u00e9chir Ziri - webdo","isPartOf":{"@id":"https:\/\/www.webdo.tn\/fr\/#website"},"primaryImageOfPage":{"@id":"https:\/\/www.webdo.tn\/fr\/actualite\/chroniques\/la-grande-mosquee-du-faubourg-sud-a-la-memoire-de-sidi-bechir-ziri\/394547\/#primaryimage"},"image":{"@id":"https:\/\/www.webdo.tn\/fr\/actualite\/chroniques\/la-grande-mosquee-du-faubourg-sud-a-la-memoire-de-sidi-bechir-ziri\/394547\/#primaryimage"},"thumbnailUrl":"https:\/\/www.webdo.tn\/fr\/wp-content\/uploads\/2026\/03\/mosquee.jpg","datePublished":"2026-03-13T07:10:24+00:00","dateModified":"2026-03-13T07:10:26+00:00","description":"D\u00e9couvrez l'histoire de la mosqu\u00e9e Sidi B\u00e9chir Ziri, fond\u00e9e au quatorzi\u00e8me si\u00e8cle et r\u00e9nov\u00e9e au dix-septi\u00e8me si\u00e8cle.","breadcrumb":{"@id":"https:\/\/www.webdo.tn\/fr\/actualite\/chroniques\/la-grande-mosquee-du-faubourg-sud-a-la-memoire-de-sidi-bechir-ziri\/394547\/#breadcrumb"},"inLanguage":"fr-FR","potentialAction":[{"@type":"ReadAction","target":["https:\/\/www.webdo.tn\/fr\/actualite\/chroniques\/la-grande-mosquee-du-faubourg-sud-a-la-memoire-de-sidi-bechir-ziri\/394547\/"]}]},{"@type":"ImageObject","inLanguage":"fr-FR","@id":"https:\/\/www.webdo.tn\/fr\/actualite\/chroniques\/la-grande-mosquee-du-faubourg-sud-a-la-memoire-de-sidi-bechir-ziri\/394547\/#primaryimage","url":"https:\/\/www.webdo.tn\/fr\/wp-content\/uploads\/2026\/03\/mosquee.jpg","contentUrl":"https:\/\/www.webdo.tn\/fr\/wp-content\/uploads\/2026\/03\/mosquee.jpg","width":1200,"height":600,"caption":"Mosqu\u00e9e"},{"@type":"BreadcrumbList","@id":"https:\/\/www.webdo.tn\/fr\/actualite\/chroniques\/la-grande-mosquee-du-faubourg-sud-a-la-memoire-de-sidi-bechir-ziri\/394547\/#breadcrumb","itemListElement":[{"@type":"ListItem","position":1,"name":"Accueil","item":"https:\/\/www.webdo.tn\/fr\/"},{"@type":"ListItem","position":2,"name":"La grande mosqu\u00e9e du faubourg sud : \u00c0 la m\u00e9moire de Sidi B\u00e9chir Ziri"}]},{"@type":"WebSite","@id":"https:\/\/www.webdo.tn\/fr\/#website","url":"https:\/\/www.webdo.tn\/fr\/","name":"webdo","description":"Tunisie - News en Tunisie et \u00e0 l&#039;international sur Webdo.tn","publisher":{"@id":"https:\/\/www.webdo.tn\/fr\/#organization"},"potentialAction":[{"@type":"SearchAction","target":{"@type":"EntryPoint","urlTemplate":"https:\/\/www.webdo.tn\/fr\/?s={search_term_string}"},"query-input":{"@type":"PropertyValueSpecification","valueRequired":true,"valueName":"search_term_string"}}],"inLanguage":"fr-FR"},{"@type":"Organization","@id":"https:\/\/www.webdo.tn\/fr\/#organization","name":"Webdo","alternateName":"Webdo.tn","url":"https:\/\/www.webdo.tn\/fr\/","logo":{"@type":"ImageObject","inLanguage":"fr-FR","@id":"https:\/\/www.webdo.tn\/fr\/#\/schema\/logo\/image\/","url":"https:\/\/www.webdo.tn\/fr\/wp-content\/uploads\/2025\/06\/Webdo-Tunisie_168377.jpg","contentUrl":"https:\/\/www.webdo.tn\/fr\/wp-content\/uploads\/2025\/06\/Webdo-Tunisie_168377.jpg","width":301,"height":301,"caption":"Webdo"},"image":{"@id":"https:\/\/www.webdo.tn\/fr\/#\/schema\/logo\/image\/"},"sameAs":["https:\/\/www.facebook.com\/webdotn","https:\/\/x.com\/webdo_tn"],"description":"Webdo est un m\u00e9dia num\u00e9rique tunisien fond\u00e9 en 2010, sp\u00e9cialis\u00e9 dans l\u2019actualit\u00e9 nationale et internationale, l\u2019\u00e9conomie, la soci\u00e9t\u00e9 et les analyses politiques. Le site s\u2019adresse \u00e0 un large public francophone et couvre l\u2019information tunisienne en temps r\u00e9el.","email":"redac@webdo.tn","legalName":"YNJ SARL","foundingDate":"2010-09-06","numberOfEmployees":{"@type":"QuantitativeValue","minValue":"11","maxValue":"50"}},{"@type":"Person","@id":"https:\/\/www.webdo.tn\/fr\/#\/schema\/person\/6bc0beba2cd23aec27cb5df85ca2554f","name":"Hatem Bourial","image":{"@type":"ImageObject","inLanguage":"fr-FR","@id":"https:\/\/www.webdo.tn\/fr\/wp-content\/uploads\/2026\/04\/hatem-bourial_avatar-96x96.jpg","url":"https:\/\/www.webdo.tn\/fr\/wp-content\/uploads\/2026\/04\/hatem-bourial_avatar-96x96.jpg","contentUrl":"https:\/\/www.webdo.tn\/fr\/wp-content\/uploads\/2026\/04\/hatem-bourial_avatar-96x96.jpg","caption":"Hatem Bourial"},"description":"Hatem Bourial est journaliste, \u00e9crivain et chroniqueur tunisien. Actif depuis plusieurs d\u00e9cennies, il s\u2019est impos\u00e9 comme un observateur attentif de la soci\u00e9t\u00e9 tunisienne, m\u00ealant dans ses \u00e9crits m\u00e9moire, culture et analyse du quotidien. Auteur de nombreux ouvrages, il d\u00e9veloppe une \u0153uvre \u00e0 la crois\u00e9e du r\u00e9cit, de la po\u00e9sie et de l\u2019observation sociologique. Parall\u00e8lement \u00e0 ses contributions dans la presse, il intervient r\u00e9guli\u00e8rement \u00e0 la radio et dans des espaces culturels, o\u00f9 il explore les enjeux li\u00e9s au patrimoine, \u00e0 l\u2019identit\u00e9 et aux transformations du monde contemporain. \u00c0 travers ses chroniques, Hatem Bourial propose une lecture sensible et approfondie de l\u2019actualit\u00e9, nourrie par une exp\u00e9rience journalistique et litt\u00e9raire reconnue. \ud83d\udd17 Facebook : https:\/\/www.facebook.com\/hatem.bourial.2025","sameAs":["https:\/\/www.facebook.com\/hatem.bourial.2025","https:\/\/fr.wikipedia.org\/wiki\/Fichier:Hatem_Bourial.jpg"],"knowsAbout":["Culture & patrimoine tunisien","Chronique soci\u00e9tale","Litt\u00e9rature & m\u00e9moire","Cin\u00e9ma & critique culturelle","Identit\u00e9 & mutations sociales"],"knowsLanguage":["Arabe","Fran\u00e7ais","Anglais","Italien","Polonais"],"jobTitle":"Journaliste, \u00e9crivain et chroniqueur culturel","worksFor":"Webdo","url":"https:\/\/www.webdo.tn\/fr\/actualite\/author\/hatem-bourial-2\/"}]}},"_links":{"self":[{"href":"https:\/\/www.webdo.tn\/fr\/wp-json\/wp\/v2\/posts\/394547","targetHints":{"allow":["GET"]}}],"collection":[{"href":"https:\/\/www.webdo.tn\/fr\/wp-json\/wp\/v2\/posts"}],"about":[{"href":"https:\/\/www.webdo.tn\/fr\/wp-json\/wp\/v2\/types\/post"}],"author":[{"embeddable":true,"href":"https:\/\/www.webdo.tn\/fr\/wp-json\/wp\/v2\/users\/3229"}],"replies":[{"embeddable":true,"href":"https:\/\/www.webdo.tn\/fr\/wp-json\/wp\/v2\/comments?post=394547"}],"version-history":[{"count":0,"href":"https:\/\/www.webdo.tn\/fr\/wp-json\/wp\/v2\/posts\/394547\/revisions"}],"wp:featuredmedia":[{"embeddable":true,"href":"https:\/\/www.webdo.tn\/fr\/wp-json\/wp\/v2\/media\/394548"}],"wp:attachment":[{"href":"https:\/\/www.webdo.tn\/fr\/wp-json\/wp\/v2\/media?parent=394547"}],"wp:term":[{"taxonomy":"category","embeddable":true,"href":"https:\/\/www.webdo.tn\/fr\/wp-json\/wp\/v2\/categories?post=394547"},{"taxonomy":"post_tag","embeddable":true,"href":"https:\/\/www.webdo.tn\/fr\/wp-json\/wp\/v2\/tags?post=394547"}],"curies":[{"name":"wp","href":"https:\/\/api.w.org\/{rel}","templated":true}]}}