{"id":394540,"date":"2026-03-12T19:51:22","date_gmt":"2026-03-12T18:51:22","guid":{"rendered":"https:\/\/www.webdo.tn\/fr\/?p=394540"},"modified":"2026-03-12T19:51:23","modified_gmt":"2026-03-12T18:51:23","slug":"feu-a-bord-dun-porte-avions-americain-deploye-au-moyen-orient","status":"publish","type":"post","link":"https:\/\/www.webdo.tn\/fr\/actualite\/international\/feu-a-bord-dun-porte-avions-americain-deploye-au-moyen-orient\/394540\/","title":{"rendered":"Feu \u00e0 bord d\u2019un porte-avions am\u00e9ricain d\u00e9ploy\u00e9 au Moyen-Orient"},"content":{"rendered":"\n<p><strong>Un incendie s\u2019est d\u00e9clar\u00e9 jeudi \u00e0 bord du porte-avions am\u00e9ricain USS Gerald R. Ford alors qu\u2019il se trouvait en mer Rouge, sans perturber ses op\u00e9rations, a annonc\u00e9 la marine am\u00e9ricaine.<\/strong><\/p>\n\n\n\n<p>Selon les premi\u00e8res informations communiqu\u00e9es par l\u2019US Navy, le feu a \u00e9clat\u00e9 dans une zone de service du navire avant d\u2019\u00eatre rapidement ma\u00eetris\u00e9 par l\u2019\u00e9quipage. L\u2019incident ne serait pas li\u00e9 \u00e0 une action de combat.<\/p>\n\n\n\n<h2 class=\"wp-block-heading\" id=\"h-deux-marins-legerement-blesses\">Deux marins l\u00e9g\u00e8rement bless\u00e9s<\/h2>\n\n\n\n<p>Deux marins ont \u00e9t\u00e9 l\u00e9g\u00e8rement bless\u00e9s lors de l\u2019intervention visant \u00e0 contenir les flammes. Ils ont re\u00e7u des soins m\u00e9dicaux \u00e0 bord et leur \u00e9tat n\u2019inspire pas d\u2019inqui\u00e9tude, d\u2019apr\u00e8s les autorit\u00e9s militaires am\u00e9ricaines.<\/p>\n\n\n\n<p>La marine am\u00e9ricaine a indiqu\u00e9 que le porte-avions restait pleinement op\u00e9rationnel et poursuivait sa mission dans la r\u00e9gion.<\/p>\n\n\n\n<h2 class=\"wp-block-heading\" id=\"h-le-plus-recent-et-le-plus-avance\">Le plus r\u00e9cent et le plus avanc\u00e9<\/h2>\n\n\n\n<p>D\u00e9ploy\u00e9 au Moyen-Orient dans un contexte de fortes tensions r\u00e9gionales, le USS Gerald R. Ford est le plus r\u00e9cent et le plus avanc\u00e9 des porte-avions de la flotte am\u00e9ricaine. Con\u00e7u pour remplacer progressivement la classe Nimitz, il constitue l\u2019un des piliers de la projection de puissance navale des \u00c9tats-Unis.<\/p>\n\n\n\n<p>Une enqu\u00eate interne a \u00e9t\u00e9 ouverte afin de d\u00e9terminer l\u2019origine exacte de l\u2019incendie.<\/p>\n\n\n\n<p><\/p>\n\n\n\n<p><strong>Lire aussi :<\/strong> <a href=\"https:\/\/www.webdo.tn\/fr\/actualite\/national\/petrole-chaque-dollar-de-hausse-coute-164-millions-de-dinars-supplementaires-a-la-tunisie\/394034\/\">P\u00e9trole : Chaque dollar de hausse co\u00fbte 164 millions de dinars suppl\u00e9mentaires \u00e0 la Tunisie<\/a><\/p>\n\n\n\n<p><\/p>\n","protected":false},"excerpt":{"rendered":"<p>Un incendie s\u2019est d\u00e9clar\u00e9 jeudi \u00e0 bord du porte-avions am\u00e9ricain USS Gerald R. Ford alors qu\u2019il se trouvait en mer Rouge, sans perturber ses op\u00e9rations, a annonc\u00e9 la marine am\u00e9ricaine. Selon les premi\u00e8res informations communiqu\u00e9es par l\u2019US Navy, le feu a \u00e9clat\u00e9 dans une zone de service du navire avant d\u2019\u00eatre rapidement ma\u00eetris\u00e9 par l\u2019\u00e9quipage. [&hellip;]<\/p>\n","protected":false},"author":3184,"featured_media":394541,"comment_status":"closed","ping_status":"closed","sticky":false,"template":"","format":"standard","meta":{"footnotes":""},"categories":[2598],"tags":[2600,13221],"class_list":["post-394540","post","type-post","status-publish","format-standard","has-post-thumbnail","hentry","category-international","tag-guerre","tag-porte-avions"],"yoast_head":"<!-- This site is optimized with the Yoast SEO Premium plugin v27.5 (Yoast SEO v27.5) - https:\/\/yoast.com\/product\/yoast-seo-premium-wordpress\/ -->\n<title>Feu \u00e0 bord d\u2019un porte-avions am\u00e9ricain d\u00e9ploy\u00e9 au Moyen-Orient - webdo<\/title>\n<meta name=\"description\" content=\"Un incendie \u00e0 bord du porte-avions USS Gerald R. Ford a \u00e9t\u00e9 ma\u00eetris\u00e9 rapidement. L&#039;incident n&#039;a pas perturb\u00e9 ses op\u00e9rations.\" \/>\n<link rel=\"canonical\" href=\"https:\/\/www.webdo.tn\/fr\/actualite\/international\/feu-a-bord-dun-porte-avions-americain-deploye-au-moyen-orient\/394540\/\" \/>\n<meta property=\"og:locale\" content=\"fr_FR\" \/>\n<meta property=\"og:type\" content=\"article\" \/>\n<meta property=\"og:title\" content=\"Feu \u00e0 bord d\u2019un porte-avions am\u00e9ricain d\u00e9ploy\u00e9 au Moyen-Orient\" \/>\n<meta property=\"og:description\" content=\"Un incendie \u00e0 bord du porte-avions USS Gerald R. Ford a \u00e9t\u00e9 ma\u00eetris\u00e9 rapidement. L&#039;incident n&#039;a pas perturb\u00e9 ses op\u00e9rations.\" \/>\n<meta property=\"og:url\" content=\"https:\/\/www.webdo.tn\/fr\/actualite\/international\/feu-a-bord-dun-porte-avions-americain-deploye-au-moyen-orient\/394540\/\" \/>\n<meta property=\"og:site_name\" content=\"webdo\" \/>\n<meta property=\"article:publisher\" content=\"https:\/\/www.facebook.com\/webdotn\" \/>\n<meta property=\"article:published_time\" content=\"2026-03-12T18:51:22+00:00\" \/>\n<meta property=\"article:modified_time\" content=\"2026-03-12T18:51:23+00:00\" \/>\n<meta property=\"og:image\" content=\"https:\/\/www.webdo.tn\/fr\/wp-content\/uploads\/2026\/03\/porte-avion.jpg\" \/>\n\t<meta property=\"og:image:width\" content=\"1200\" \/>\n\t<meta property=\"og:image:height\" content=\"602\" \/>\n\t<meta property=\"og:image:type\" content=\"image\/jpeg\" \/>\n<meta name=\"author\" content=\"Wided Belhaj\" \/>\n<meta name=\"twitter:card\" content=\"summary_large_image\" \/>\n<meta name=\"twitter:creator\" content=\"@webdo_tn\" \/>\n<meta name=\"twitter:site\" content=\"@webdo_tn\" \/>\n<meta name=\"twitter:label1\" content=\"\u00c9crit par\" \/>\n\t<meta name=\"twitter:data1\" content=\"Wided Belhaj\" \/>\n\t<meta name=\"twitter:label2\" content=\"Dur\u00e9e de lecture estim\u00e9e\" \/>\n\t<meta name=\"twitter:data2\" content=\"2 minutes\" \/>\n<script type=\"application\/ld+json\" class=\"yoast-schema-graph\">{\"@context\":\"https:\\\/\\\/schema.org\",\"@graph\":[{\"@type\":\"NewsArticle\",\"@id\":\"https:\\\/\\\/www.webdo.tn\\\/fr\\\/actualite\\\/international\\\/feu-a-bord-dun-porte-avions-americain-deploye-au-moyen-orient\\\/394540\\\/#article\",\"isPartOf\":{\"@id\":\"https:\\\/\\\/www.webdo.tn\\\/fr\\\/actualite\\\/international\\\/feu-a-bord-dun-porte-avions-americain-deploye-au-moyen-orient\\\/394540\\\/\"},\"author\":{\"name\":\"Wided Belhaj\",\"@id\":\"https:\\\/\\\/www.webdo.tn\\\/fr\\\/#\\\/schema\\\/person\\\/b9ecde7a5574cb4fcf4b496ea5fadb15\"},\"headline\":\"Feu \u00e0 bord d\u2019un porte-avions am\u00e9ricain d\u00e9ploy\u00e9 au Moyen-Orient\",\"datePublished\":\"2026-03-12T18:51:22+00:00\",\"dateModified\":\"2026-03-12T18:51:23+00:00\",\"mainEntityOfPage\":{\"@id\":\"https:\\\/\\\/www.webdo.tn\\\/fr\\\/actualite\\\/international\\\/feu-a-bord-dun-porte-avions-americain-deploye-au-moyen-orient\\\/394540\\\/\"},\"wordCount\":256,\"publisher\":{\"@id\":\"https:\\\/\\\/www.webdo.tn\\\/fr\\\/#organization\"},\"image\":{\"@id\":\"https:\\\/\\\/www.webdo.tn\\\/fr\\\/actualite\\\/international\\\/feu-a-bord-dun-porte-avions-americain-deploye-au-moyen-orient\\\/394540\\\/#primaryimage\"},\"thumbnailUrl\":\"https:\\\/\\\/www.webdo.tn\\\/fr\\\/wp-content\\\/uploads\\\/2026\\\/03\\\/porte-avion.jpg\",\"keywords\":[\"guerre\",\"porte-avions\"],\"articleSection\":[\"International\"],\"inLanguage\":\"fr-FR\"},{\"@type\":\"WebPage\",\"@id\":\"https:\\\/\\\/www.webdo.tn\\\/fr\\\/actualite\\\/international\\\/feu-a-bord-dun-porte-avions-americain-deploye-au-moyen-orient\\\/394540\\\/\",\"url\":\"https:\\\/\\\/www.webdo.tn\\\/fr\\\/actualite\\\/international\\\/feu-a-bord-dun-porte-avions-americain-deploye-au-moyen-orient\\\/394540\\\/\",\"name\":\"Feu \u00e0 bord d\u2019un porte-avions am\u00e9ricain d\u00e9ploy\u00e9 au Moyen-Orient - webdo\",\"isPartOf\":{\"@id\":\"https:\\\/\\\/www.webdo.tn\\\/fr\\\/#website\"},\"primaryImageOfPage\":{\"@id\":\"https:\\\/\\\/www.webdo.tn\\\/fr\\\/actualite\\\/international\\\/feu-a-bord-dun-porte-avions-americain-deploye-au-moyen-orient\\\/394540\\\/#primaryimage\"},\"image\":{\"@id\":\"https:\\\/\\\/www.webdo.tn\\\/fr\\\/actualite\\\/international\\\/feu-a-bord-dun-porte-avions-americain-deploye-au-moyen-orient\\\/394540\\\/#primaryimage\"},\"thumbnailUrl\":\"https:\\\/\\\/www.webdo.tn\\\/fr\\\/wp-content\\\/uploads\\\/2026\\\/03\\\/porte-avion.jpg\",\"datePublished\":\"2026-03-12T18:51:22+00:00\",\"dateModified\":\"2026-03-12T18:51:23+00:00\",\"description\":\"Un incendie \u00e0 bord du porte-avions USS Gerald R. Ford a \u00e9t\u00e9 ma\u00eetris\u00e9 rapidement. L'incident n'a pas perturb\u00e9 ses op\u00e9rations.\",\"breadcrumb\":{\"@id\":\"https:\\\/\\\/www.webdo.tn\\\/fr\\\/actualite\\\/international\\\/feu-a-bord-dun-porte-avions-americain-deploye-au-moyen-orient\\\/394540\\\/#breadcrumb\"},\"inLanguage\":\"fr-FR\",\"potentialAction\":[{\"@type\":\"ReadAction\",\"target\":[\"https:\\\/\\\/www.webdo.tn\\\/fr\\\/actualite\\\/international\\\/feu-a-bord-dun-porte-avions-americain-deploye-au-moyen-orient\\\/394540\\\/\"]}]},{\"@type\":\"ImageObject\",\"inLanguage\":\"fr-FR\",\"@id\":\"https:\\\/\\\/www.webdo.tn\\\/fr\\\/actualite\\\/international\\\/feu-a-bord-dun-porte-avions-americain-deploye-au-moyen-orient\\\/394540\\\/#primaryimage\",\"url\":\"https:\\\/\\\/www.webdo.tn\\\/fr\\\/wp-content\\\/uploads\\\/2026\\\/03\\\/porte-avion.jpg\",\"contentUrl\":\"https:\\\/\\\/www.webdo.tn\\\/fr\\\/wp-content\\\/uploads\\\/2026\\\/03\\\/porte-avion.jpg\",\"width\":1200,\"height\":602,\"caption\":\"Porte-avions\"},{\"@type\":\"BreadcrumbList\",\"@id\":\"https:\\\/\\\/www.webdo.tn\\\/fr\\\/actualite\\\/international\\\/feu-a-bord-dun-porte-avions-americain-deploye-au-moyen-orient\\\/394540\\\/#breadcrumb\",\"itemListElement\":[{\"@type\":\"ListItem\",\"position\":1,\"name\":\"Accueil\",\"item\":\"https:\\\/\\\/www.webdo.tn\\\/fr\\\/\"},{\"@type\":\"ListItem\",\"position\":2,\"name\":\"Feu \u00e0 bord d\u2019un porte-avions am\u00e9ricain d\u00e9ploy\u00e9 au Moyen-Orient\"}]},{\"@type\":\"WebSite\",\"@id\":\"https:\\\/\\\/www.webdo.tn\\\/fr\\\/#website\",\"url\":\"https:\\\/\\\/www.webdo.tn\\\/fr\\\/\",\"name\":\"webdo\",\"description\":\"Tunisie - News en Tunisie et \u00e0 l&#039;international sur Webdo.tn\",\"publisher\":{\"@id\":\"https:\\\/\\\/www.webdo.tn\\\/fr\\\/#organization\"},\"potentialAction\":[{\"@type\":\"SearchAction\",\"target\":{\"@type\":\"EntryPoint\",\"urlTemplate\":\"https:\\\/\\\/www.webdo.tn\\\/fr\\\/?s={search_term_string}\"},\"query-input\":{\"@type\":\"PropertyValueSpecification\",\"valueRequired\":true,\"valueName\":\"search_term_string\"}}],\"inLanguage\":\"fr-FR\"},{\"@type\":\"Organization\",\"@id\":\"https:\\\/\\\/www.webdo.tn\\\/fr\\\/#organization\",\"name\":\"Webdo\",\"alternateName\":\"Webdo.tn\",\"url\":\"https:\\\/\\\/www.webdo.tn\\\/fr\\\/\",\"logo\":{\"@type\":\"ImageObject\",\"inLanguage\":\"fr-FR\",\"@id\":\"https:\\\/\\\/www.webdo.tn\\\/fr\\\/#\\\/schema\\\/logo\\\/image\\\/\",\"url\":\"https:\\\/\\\/www.webdo.tn\\\/fr\\\/wp-content\\\/uploads\\\/2025\\\/06\\\/Webdo-Tunisie_168377.jpg\",\"contentUrl\":\"https:\\\/\\\/www.webdo.tn\\\/fr\\\/wp-content\\\/uploads\\\/2025\\\/06\\\/Webdo-Tunisie_168377.jpg\",\"width\":301,\"height\":301,\"caption\":\"Webdo\"},\"image\":{\"@id\":\"https:\\\/\\\/www.webdo.tn\\\/fr\\\/#\\\/schema\\\/logo\\\/image\\\/\"},\"sameAs\":[\"https:\\\/\\\/www.facebook.com\\\/webdotn\",\"https:\\\/\\\/x.com\\\/webdo_tn\"],\"description\":\"Webdo est un m\u00e9dia num\u00e9rique tunisien fond\u00e9 en 2010, sp\u00e9cialis\u00e9 dans l\u2019actualit\u00e9 nationale et internationale, l\u2019\u00e9conomie, la soci\u00e9t\u00e9 et les analyses politiques. Le site s\u2019adresse \u00e0 un large public francophone et couvre l\u2019information tunisienne en temps r\u00e9el.\",\"email\":\"redac@webdo.tn\",\"legalName\":\"YNJ SARL\",\"foundingDate\":\"2010-09-06\",\"numberOfEmployees\":{\"@type\":\"QuantitativeValue\",\"minValue\":\"11\",\"maxValue\":\"50\"}},{\"@type\":\"Person\",\"@id\":\"https:\\\/\\\/www.webdo.tn\\\/fr\\\/#\\\/schema\\\/person\\\/b9ecde7a5574cb4fcf4b496ea5fadb15\",\"name\":\"Wided Belhaj\",\"image\":{\"@type\":\"ImageObject\",\"inLanguage\":\"fr-FR\",\"@id\":\"https:\\\/\\\/www.webdo.tn\\\/fr\\\/wp-content\\\/uploads\\\/2026\\\/04\\\/wided-belhaj_avatar-96x96.jpg\",\"url\":\"https:\\\/\\\/www.webdo.tn\\\/fr\\\/wp-content\\\/uploads\\\/2026\\\/04\\\/wided-belhaj_avatar-96x96.jpg\",\"contentUrl\":\"https:\\\/\\\/www.webdo.tn\\\/fr\\\/wp-content\\\/uploads\\\/2026\\\/04\\\/wided-belhaj_avatar-96x96.jpg\",\"caption\":\"Wided Belhaj\"},\"description\":\"Wided Belhaj est le pseudonyme \u00e9ditorial utilis\u00e9 par Khalil Jelassi, journaliste, ma\u00eetre-assistant \u00e0 l\u2019Institut de presse et des sciences de l\u2019information (IPSI) et chercheur en sciences de l\u2019information et de la communication. Cette signature est d\u00e9di\u00e9e \u00e0 l\u2019analyse des m\u00e9dias, des pratiques journalistiques et des mutations de l\u2019information \u00e0 l\u2019\u00e8re digitale. \u00c0 travers ses contributions, Wided Belhaj propose une lecture analytique de l\u2019actualit\u00e9, en croisant regard critique et expertise acad\u00e9mique.\",\"knowsAbout\":[\"m\u00e9dias\",\"journalisme\",\"communication\",\"information\",\"transformation num\u00e9rique\",\"analyse des m\u00e9dias\"],\"knowsLanguage\":[\"Fran\u00e7ais\",\"Arabe\"],\"jobTitle\":\"Webdo.tn\",\"worksFor\":\"Journaliste \u2013 Analyse des m\u00e9dias\",\"url\":\"https:\\\/\\\/www.webdo.tn\\\/fr\\\/actualite\\\/author\\\/wided-belhaj\\\/\"}]}<\/script>\n<!-- \/ Yoast SEO Premium plugin. -->","yoast_head_json":{"title":"Feu \u00e0 bord d\u2019un porte-avions am\u00e9ricain d\u00e9ploy\u00e9 au Moyen-Orient - webdo","description":"Un incendie \u00e0 bord du porte-avions USS Gerald R. Ford a \u00e9t\u00e9 ma\u00eetris\u00e9 rapidement. L'incident n'a pas perturb\u00e9 ses op\u00e9rations.","canonical":"https:\/\/www.webdo.tn\/fr\/actualite\/international\/feu-a-bord-dun-porte-avions-americain-deploye-au-moyen-orient\/394540\/","og_locale":"fr_FR","og_type":"article","og_title":"Feu \u00e0 bord d\u2019un porte-avions am\u00e9ricain d\u00e9ploy\u00e9 au Moyen-Orient","og_description":"Un incendie \u00e0 bord du porte-avions USS Gerald R. Ford a \u00e9t\u00e9 ma\u00eetris\u00e9 rapidement. L'incident n'a pas perturb\u00e9 ses op\u00e9rations.","og_url":"https:\/\/www.webdo.tn\/fr\/actualite\/international\/feu-a-bord-dun-porte-avions-americain-deploye-au-moyen-orient\/394540\/","og_site_name":"webdo","article_publisher":"https:\/\/www.facebook.com\/webdotn","article_published_time":"2026-03-12T18:51:22+00:00","article_modified_time":"2026-03-12T18:51:23+00:00","og_image":[{"width":1200,"height":602,"url":"https:\/\/www.webdo.tn\/fr\/wp-content\/uploads\/2026\/03\/porte-avion.jpg","type":"image\/jpeg"}],"author":"Wided Belhaj","twitter_card":"summary_large_image","twitter_creator":"@webdo_tn","twitter_site":"@webdo_tn","twitter_misc":{"\u00c9crit par":"Wided Belhaj","Dur\u00e9e de lecture estim\u00e9e":"2 minutes"},"schema":{"@context":"https:\/\/schema.org","@graph":[{"@type":"NewsArticle","@id":"https:\/\/www.webdo.tn\/fr\/actualite\/international\/feu-a-bord-dun-porte-avions-americain-deploye-au-moyen-orient\/394540\/#article","isPartOf":{"@id":"https:\/\/www.webdo.tn\/fr\/actualite\/international\/feu-a-bord-dun-porte-avions-americain-deploye-au-moyen-orient\/394540\/"},"author":{"name":"Wided Belhaj","@id":"https:\/\/www.webdo.tn\/fr\/#\/schema\/person\/b9ecde7a5574cb4fcf4b496ea5fadb15"},"headline":"Feu \u00e0 bord d\u2019un porte-avions am\u00e9ricain d\u00e9ploy\u00e9 au Moyen-Orient","datePublished":"2026-03-12T18:51:22+00:00","dateModified":"2026-03-12T18:51:23+00:00","mainEntityOfPage":{"@id":"https:\/\/www.webdo.tn\/fr\/actualite\/international\/feu-a-bord-dun-porte-avions-americain-deploye-au-moyen-orient\/394540\/"},"wordCount":256,"publisher":{"@id":"https:\/\/www.webdo.tn\/fr\/#organization"},"image":{"@id":"https:\/\/www.webdo.tn\/fr\/actualite\/international\/feu-a-bord-dun-porte-avions-americain-deploye-au-moyen-orient\/394540\/#primaryimage"},"thumbnailUrl":"https:\/\/www.webdo.tn\/fr\/wp-content\/uploads\/2026\/03\/porte-avion.jpg","keywords":["guerre","porte-avions"],"articleSection":["International"],"inLanguage":"fr-FR"},{"@type":"WebPage","@id":"https:\/\/www.webdo.tn\/fr\/actualite\/international\/feu-a-bord-dun-porte-avions-americain-deploye-au-moyen-orient\/394540\/","url":"https:\/\/www.webdo.tn\/fr\/actualite\/international\/feu-a-bord-dun-porte-avions-americain-deploye-au-moyen-orient\/394540\/","name":"Feu \u00e0 bord d\u2019un porte-avions am\u00e9ricain d\u00e9ploy\u00e9 au Moyen-Orient - webdo","isPartOf":{"@id":"https:\/\/www.webdo.tn\/fr\/#website"},"primaryImageOfPage":{"@id":"https:\/\/www.webdo.tn\/fr\/actualite\/international\/feu-a-bord-dun-porte-avions-americain-deploye-au-moyen-orient\/394540\/#primaryimage"},"image":{"@id":"https:\/\/www.webdo.tn\/fr\/actualite\/international\/feu-a-bord-dun-porte-avions-americain-deploye-au-moyen-orient\/394540\/#primaryimage"},"thumbnailUrl":"https:\/\/www.webdo.tn\/fr\/wp-content\/uploads\/2026\/03\/porte-avion.jpg","datePublished":"2026-03-12T18:51:22+00:00","dateModified":"2026-03-12T18:51:23+00:00","description":"Un incendie \u00e0 bord du porte-avions USS Gerald R. Ford a \u00e9t\u00e9 ma\u00eetris\u00e9 rapidement. L'incident n'a pas perturb\u00e9 ses op\u00e9rations.","breadcrumb":{"@id":"https:\/\/www.webdo.tn\/fr\/actualite\/international\/feu-a-bord-dun-porte-avions-americain-deploye-au-moyen-orient\/394540\/#breadcrumb"},"inLanguage":"fr-FR","potentialAction":[{"@type":"ReadAction","target":["https:\/\/www.webdo.tn\/fr\/actualite\/international\/feu-a-bord-dun-porte-avions-americain-deploye-au-moyen-orient\/394540\/"]}]},{"@type":"ImageObject","inLanguage":"fr-FR","@id":"https:\/\/www.webdo.tn\/fr\/actualite\/international\/feu-a-bord-dun-porte-avions-americain-deploye-au-moyen-orient\/394540\/#primaryimage","url":"https:\/\/www.webdo.tn\/fr\/wp-content\/uploads\/2026\/03\/porte-avion.jpg","contentUrl":"https:\/\/www.webdo.tn\/fr\/wp-content\/uploads\/2026\/03\/porte-avion.jpg","width":1200,"height":602,"caption":"Porte-avions"},{"@type":"BreadcrumbList","@id":"https:\/\/www.webdo.tn\/fr\/actualite\/international\/feu-a-bord-dun-porte-avions-americain-deploye-au-moyen-orient\/394540\/#breadcrumb","itemListElement":[{"@type":"ListItem","position":1,"name":"Accueil","item":"https:\/\/www.webdo.tn\/fr\/"},{"@type":"ListItem","position":2,"name":"Feu \u00e0 bord d\u2019un porte-avions am\u00e9ricain d\u00e9ploy\u00e9 au Moyen-Orient"}]},{"@type":"WebSite","@id":"https:\/\/www.webdo.tn\/fr\/#website","url":"https:\/\/www.webdo.tn\/fr\/","name":"webdo","description":"Tunisie - News en Tunisie et \u00e0 l&#039;international sur Webdo.tn","publisher":{"@id":"https:\/\/www.webdo.tn\/fr\/#organization"},"potentialAction":[{"@type":"SearchAction","target":{"@type":"EntryPoint","urlTemplate":"https:\/\/www.webdo.tn\/fr\/?s={search_term_string}"},"query-input":{"@type":"PropertyValueSpecification","valueRequired":true,"valueName":"search_term_string"}}],"inLanguage":"fr-FR"},{"@type":"Organization","@id":"https:\/\/www.webdo.tn\/fr\/#organization","name":"Webdo","alternateName":"Webdo.tn","url":"https:\/\/www.webdo.tn\/fr\/","logo":{"@type":"ImageObject","inLanguage":"fr-FR","@id":"https:\/\/www.webdo.tn\/fr\/#\/schema\/logo\/image\/","url":"https:\/\/www.webdo.tn\/fr\/wp-content\/uploads\/2025\/06\/Webdo-Tunisie_168377.jpg","contentUrl":"https:\/\/www.webdo.tn\/fr\/wp-content\/uploads\/2025\/06\/Webdo-Tunisie_168377.jpg","width":301,"height":301,"caption":"Webdo"},"image":{"@id":"https:\/\/www.webdo.tn\/fr\/#\/schema\/logo\/image\/"},"sameAs":["https:\/\/www.facebook.com\/webdotn","https:\/\/x.com\/webdo_tn"],"description":"Webdo est un m\u00e9dia num\u00e9rique tunisien fond\u00e9 en 2010, sp\u00e9cialis\u00e9 dans l\u2019actualit\u00e9 nationale et internationale, l\u2019\u00e9conomie, la soci\u00e9t\u00e9 et les analyses politiques. Le site s\u2019adresse \u00e0 un large public francophone et couvre l\u2019information tunisienne en temps r\u00e9el.","email":"redac@webdo.tn","legalName":"YNJ SARL","foundingDate":"2010-09-06","numberOfEmployees":{"@type":"QuantitativeValue","minValue":"11","maxValue":"50"}},{"@type":"Person","@id":"https:\/\/www.webdo.tn\/fr\/#\/schema\/person\/b9ecde7a5574cb4fcf4b496ea5fadb15","name":"Wided Belhaj","image":{"@type":"ImageObject","inLanguage":"fr-FR","@id":"https:\/\/www.webdo.tn\/fr\/wp-content\/uploads\/2026\/04\/wided-belhaj_avatar-96x96.jpg","url":"https:\/\/www.webdo.tn\/fr\/wp-content\/uploads\/2026\/04\/wided-belhaj_avatar-96x96.jpg","contentUrl":"https:\/\/www.webdo.tn\/fr\/wp-content\/uploads\/2026\/04\/wided-belhaj_avatar-96x96.jpg","caption":"Wided Belhaj"},"description":"Wided Belhaj est le pseudonyme \u00e9ditorial utilis\u00e9 par Khalil Jelassi, journaliste, ma\u00eetre-assistant \u00e0 l\u2019Institut de presse et des sciences de l\u2019information (IPSI) et chercheur en sciences de l\u2019information et de la communication. Cette signature est d\u00e9di\u00e9e \u00e0 l\u2019analyse des m\u00e9dias, des pratiques journalistiques et des mutations de l\u2019information \u00e0 l\u2019\u00e8re digitale. \u00c0 travers ses contributions, Wided Belhaj propose une lecture analytique de l\u2019actualit\u00e9, en croisant regard critique et expertise acad\u00e9mique.","knowsAbout":["m\u00e9dias","journalisme","communication","information","transformation num\u00e9rique","analyse des m\u00e9dias"],"knowsLanguage":["Fran\u00e7ais","Arabe"],"jobTitle":"Webdo.tn","worksFor":"Journaliste \u2013 Analyse des m\u00e9dias","url":"https:\/\/www.webdo.tn\/fr\/actualite\/author\/wided-belhaj\/"}]}},"_links":{"self":[{"href":"https:\/\/www.webdo.tn\/fr\/wp-json\/wp\/v2\/posts\/394540","targetHints":{"allow":["GET"]}}],"collection":[{"href":"https:\/\/www.webdo.tn\/fr\/wp-json\/wp\/v2\/posts"}],"about":[{"href":"https:\/\/www.webdo.tn\/fr\/wp-json\/wp\/v2\/types\/post"}],"author":[{"embeddable":true,"href":"https:\/\/www.webdo.tn\/fr\/wp-json\/wp\/v2\/users\/3184"}],"replies":[{"embeddable":true,"href":"https:\/\/www.webdo.tn\/fr\/wp-json\/wp\/v2\/comments?post=394540"}],"version-history":[{"count":0,"href":"https:\/\/www.webdo.tn\/fr\/wp-json\/wp\/v2\/posts\/394540\/revisions"}],"wp:featuredmedia":[{"embeddable":true,"href":"https:\/\/www.webdo.tn\/fr\/wp-json\/wp\/v2\/media\/394541"}],"wp:attachment":[{"href":"https:\/\/www.webdo.tn\/fr\/wp-json\/wp\/v2\/media?parent=394540"}],"wp:term":[{"taxonomy":"category","embeddable":true,"href":"https:\/\/www.webdo.tn\/fr\/wp-json\/wp\/v2\/categories?post=394540"},{"taxonomy":"post_tag","embeddable":true,"href":"https:\/\/www.webdo.tn\/fr\/wp-json\/wp\/v2\/tags?post=394540"}],"curies":[{"name":"wp","href":"https:\/\/api.w.org\/{rel}","templated":true}]}}