{"id":394538,"date":"2026-03-12T19:25:37","date_gmt":"2026-03-12T18:25:37","guid":{"rendered":"https:\/\/www.webdo.tn\/fr\/?p=394538"},"modified":"2026-03-12T19:25:39","modified_gmt":"2026-03-12T18:25:39","slug":"tunisie-quatre-ans-de-prison-pour-lex-depute-seifeddine-makhlouf","status":"publish","type":"post","link":"https:\/\/www.webdo.tn\/fr\/actualite\/national\/tunisie-quatre-ans-de-prison-pour-lex-depute-seifeddine-makhlouf\/394538\/","title":{"rendered":"Tunisie : Quatre ans de prison pour l\u2019ex-d\u00e9put\u00e9 Seifeddine Makhlouf"},"content":{"rendered":"\n<p>La Chambre p\u00e9nale pr\u00e8s le tribunal de premi\u00e8re instance de Tunis a condamn\u00e9 l\u2019ancien d\u00e9put\u00e9 Seifeddine Makhlouf \u00e0 quatre ans de prison dans une affaire intent\u00e9e par un syndicaliste s\u00e9curitaire qui l\u2019accusait de complot contre la s\u00fbret\u00e9 de l\u2019\u00c9tat.<\/p>\n\n\n\n<h2 class=\"wp-block-heading\" id=\"h-l-ancien-elu-avait-deja-ete-condamne\"> L\u2019ancien \u00e9lu avait d\u00e9j\u00e0 \u00e9t\u00e9 condamn\u00e9 <\/h2>\n\n\n\n<p>Selon les \u00e9l\u00e9ments de l\u2019affaire, l\u2019ancien \u00e9lu avait d\u00e9j\u00e0 \u00e9t\u00e9 condamn\u00e9 par contumace \u00e0 cinq ans de prison ferme. Apr\u00e8s avoir fait opposition \u00e0 ce jugement, l\u2019affaire a \u00e9t\u00e9 rejug\u00e9e par la juridiction comp\u00e9tente, qui a finalement prononc\u00e9 une peine de quatre ans de prison.<\/p>\n\n\n\n<p>Cette d\u00e9cision intervient \u00e0 l\u2019issue d\u2019une proc\u00e9dure judiciaire engag\u00e9e \u00e0 la suite d\u2019une plainte d\u00e9pos\u00e9e par un syndicaliste des forces de s\u00e9curit\u00e9, qui accusait Makhlouf d\u2019implication dans des faits qualifi\u00e9s de complot contre la s\u00e9curit\u00e9 de l\u2019\u00c9tat.<\/p>\n\n\n\n<h2 class=\"wp-block-heading\" id=\"h-makhlouf-fait-l-objet-de-plusieurs-procedures-judiciaires\">Makhlouf fait l\u2019objet de plusieurs proc\u00e9dures judiciaires<\/h2>\n\n\n\n<p>Ancien d\u00e9put\u00e9 et dirigeant de la Coalition Al\u2011Karama, Makhlouf fait l\u2019objet de plusieurs proc\u00e9dures judiciaires depuis la dissolution du parlement en 2021.<\/p>\n\n\n\n<p>Son parcours politique a \u00e9t\u00e9 marqu\u00e9 par plusieurs confrontations avec les institutions judiciaires et s\u00e9curitaires, notamment apr\u00e8s la suspension puis la dissolution du Parlement tunisien.<\/p>\n\n\n\n<p><\/p>\n\n\n\n<blockquote class=\"wp-block-quote is-layout-flow wp-block-quote-is-layout-flow\">\n<blockquote class=\"wp-block-quote is-layout-flow wp-block-quote-is-layout-flow\">\n<p><strong>Lire aussi :<\/strong>\u00a0<a href=\"https:\/\/www.webdo.tn\/fr\/actualite\/national\/makhlouf-condamne-a-cinq-ans-de-prison-par-contumace\/391338\/\">Makhlouf condamn\u00e9 \u00e0 cinq ans de prison, par contumace<\/a><\/p>\n<\/blockquote>\n<\/blockquote>\n\n\n\n<p><\/p>\n","protected":false},"excerpt":{"rendered":"<p>La Chambre p\u00e9nale pr\u00e8s le tribunal de premi\u00e8re instance de Tunis a condamn\u00e9 l\u2019ancien d\u00e9put\u00e9 Seifeddine Makhlouf \u00e0 quatre ans de prison dans une affaire intent\u00e9e par un syndicaliste s\u00e9curitaire qui l\u2019accusait de complot contre la s\u00fbret\u00e9 de l\u2019\u00c9tat. L\u2019ancien \u00e9lu avait d\u00e9j\u00e0 \u00e9t\u00e9 condamn\u00e9 Selon les \u00e9l\u00e9ments de l\u2019affaire, l\u2019ancien \u00e9lu avait d\u00e9j\u00e0 \u00e9t\u00e9 [&hellip;]<\/p>\n","protected":false},"author":3184,"featured_media":391340,"comment_status":"closed","ping_status":"closed","sticky":false,"template":"","format":"standard","meta":{"footnotes":""},"categories":[44],"tags":[2619,6166],"class_list":["post-394538","post","type-post","status-publish","format-standard","has-post-thumbnail","hentry","category-national","tag-justice","tag-seifeddine-makhlouf"],"yoast_head":"<!-- This site is optimized with the Yoast SEO Premium plugin v27.5 (Yoast SEO v27.5) - https:\/\/yoast.com\/product\/yoast-seo-premium-wordpress\/ -->\n<title>Tunisie : Quatre ans de prison pour l\u2019ex-d\u00e9put\u00e9 Seifeddine Makhlouf - webdo<\/title>\n<meta name=\"description\" content=\"Seifeddine Makhlouf condamn\u00e9 \u00e0 quatre ans de prison pour complot contre la s\u00fbret\u00e9 de l&#039;\u00c9tat. D\u00e9couvrez les d\u00e9tails de l&#039;affaire.\" \/>\n<link rel=\"canonical\" href=\"https:\/\/www.webdo.tn\/fr\/actualite\/national\/tunisie-quatre-ans-de-prison-pour-lex-depute-seifeddine-makhlouf\/394538\/\" \/>\n<meta property=\"og:locale\" content=\"fr_FR\" \/>\n<meta property=\"og:type\" content=\"article\" \/>\n<meta property=\"og:title\" content=\"Tunisie : Quatre ans de prison pour l\u2019ex-d\u00e9put\u00e9 Seifeddine Makhlouf\" \/>\n<meta property=\"og:description\" content=\"Seifeddine Makhlouf condamn\u00e9 \u00e0 quatre ans de prison pour complot contre la s\u00fbret\u00e9 de l&#039;\u00c9tat. D\u00e9couvrez les d\u00e9tails de l&#039;affaire.\" \/>\n<meta property=\"og:url\" content=\"https:\/\/www.webdo.tn\/fr\/actualite\/national\/tunisie-quatre-ans-de-prison-pour-lex-depute-seifeddine-makhlouf\/394538\/\" \/>\n<meta property=\"og:site_name\" content=\"webdo\" \/>\n<meta property=\"article:publisher\" content=\"https:\/\/www.facebook.com\/webdotn\" \/>\n<meta property=\"article:published_time\" content=\"2026-03-12T18:25:37+00:00\" \/>\n<meta property=\"article:modified_time\" content=\"2026-03-12T18:25:39+00:00\" \/>\n<meta property=\"og:image\" content=\"https:\/\/www.webdo.tn\/fr\/wp-content\/uploads\/2026\/01\/Makhlouf.jpg\" \/>\n\t<meta property=\"og:image:width\" content=\"1200\" \/>\n\t<meta property=\"og:image:height\" content=\"600\" \/>\n\t<meta property=\"og:image:type\" content=\"image\/jpeg\" \/>\n<meta name=\"author\" content=\"Wided Belhaj\" \/>\n<meta name=\"twitter:card\" content=\"summary_large_image\" \/>\n<meta name=\"twitter:creator\" content=\"@webdo_tn\" \/>\n<meta name=\"twitter:site\" content=\"@webdo_tn\" \/>\n<meta name=\"twitter:label1\" content=\"\u00c9crit par\" \/>\n\t<meta name=\"twitter:data1\" content=\"Wided Belhaj\" \/>\n\t<meta name=\"twitter:label2\" content=\"Dur\u00e9e de lecture estim\u00e9e\" \/>\n\t<meta name=\"twitter:data2\" content=\"2 minutes\" \/>\n<script type=\"application\/ld+json\" class=\"yoast-schema-graph\">{\"@context\":\"https:\\\/\\\/schema.org\",\"@graph\":[{\"@type\":\"NewsArticle\",\"@id\":\"https:\\\/\\\/www.webdo.tn\\\/fr\\\/actualite\\\/national\\\/tunisie-quatre-ans-de-prison-pour-lex-depute-seifeddine-makhlouf\\\/394538\\\/#article\",\"isPartOf\":{\"@id\":\"https:\\\/\\\/www.webdo.tn\\\/fr\\\/actualite\\\/national\\\/tunisie-quatre-ans-de-prison-pour-lex-depute-seifeddine-makhlouf\\\/394538\\\/\"},\"author\":{\"name\":\"Wided Belhaj\",\"@id\":\"https:\\\/\\\/www.webdo.tn\\\/fr\\\/#\\\/schema\\\/person\\\/b9ecde7a5574cb4fcf4b496ea5fadb15\"},\"headline\":\"Tunisie : Quatre ans de prison pour l\u2019ex-d\u00e9put\u00e9 Seifeddine Makhlouf\",\"datePublished\":\"2026-03-12T18:25:37+00:00\",\"dateModified\":\"2026-03-12T18:25:39+00:00\",\"mainEntityOfPage\":{\"@id\":\"https:\\\/\\\/www.webdo.tn\\\/fr\\\/actualite\\\/national\\\/tunisie-quatre-ans-de-prison-pour-lex-depute-seifeddine-makhlouf\\\/394538\\\/\"},\"wordCount\":237,\"publisher\":{\"@id\":\"https:\\\/\\\/www.webdo.tn\\\/fr\\\/#organization\"},\"image\":{\"@id\":\"https:\\\/\\\/www.webdo.tn\\\/fr\\\/actualite\\\/national\\\/tunisie-quatre-ans-de-prison-pour-lex-depute-seifeddine-makhlouf\\\/394538\\\/#primaryimage\"},\"thumbnailUrl\":\"https:\\\/\\\/www.webdo.tn\\\/fr\\\/wp-content\\\/uploads\\\/2026\\\/01\\\/Makhlouf.jpg\",\"keywords\":[\"justice\",\"Seifeddine Makhlouf\"],\"articleSection\":[\"National\"],\"inLanguage\":\"fr-FR\"},{\"@type\":\"WebPage\",\"@id\":\"https:\\\/\\\/www.webdo.tn\\\/fr\\\/actualite\\\/national\\\/tunisie-quatre-ans-de-prison-pour-lex-depute-seifeddine-makhlouf\\\/394538\\\/\",\"url\":\"https:\\\/\\\/www.webdo.tn\\\/fr\\\/actualite\\\/national\\\/tunisie-quatre-ans-de-prison-pour-lex-depute-seifeddine-makhlouf\\\/394538\\\/\",\"name\":\"Tunisie : Quatre ans de prison pour l\u2019ex-d\u00e9put\u00e9 Seifeddine Makhlouf - webdo\",\"isPartOf\":{\"@id\":\"https:\\\/\\\/www.webdo.tn\\\/fr\\\/#website\"},\"primaryImageOfPage\":{\"@id\":\"https:\\\/\\\/www.webdo.tn\\\/fr\\\/actualite\\\/national\\\/tunisie-quatre-ans-de-prison-pour-lex-depute-seifeddine-makhlouf\\\/394538\\\/#primaryimage\"},\"image\":{\"@id\":\"https:\\\/\\\/www.webdo.tn\\\/fr\\\/actualite\\\/national\\\/tunisie-quatre-ans-de-prison-pour-lex-depute-seifeddine-makhlouf\\\/394538\\\/#primaryimage\"},\"thumbnailUrl\":\"https:\\\/\\\/www.webdo.tn\\\/fr\\\/wp-content\\\/uploads\\\/2026\\\/01\\\/Makhlouf.jpg\",\"datePublished\":\"2026-03-12T18:25:37+00:00\",\"dateModified\":\"2026-03-12T18:25:39+00:00\",\"description\":\"Seifeddine Makhlouf condamn\u00e9 \u00e0 quatre ans de prison pour complot contre la s\u00fbret\u00e9 de l'\u00c9tat. D\u00e9couvrez les d\u00e9tails de l'affaire.\",\"breadcrumb\":{\"@id\":\"https:\\\/\\\/www.webdo.tn\\\/fr\\\/actualite\\\/national\\\/tunisie-quatre-ans-de-prison-pour-lex-depute-seifeddine-makhlouf\\\/394538\\\/#breadcrumb\"},\"inLanguage\":\"fr-FR\",\"potentialAction\":[{\"@type\":\"ReadAction\",\"target\":[\"https:\\\/\\\/www.webdo.tn\\\/fr\\\/actualite\\\/national\\\/tunisie-quatre-ans-de-prison-pour-lex-depute-seifeddine-makhlouf\\\/394538\\\/\"]}]},{\"@type\":\"ImageObject\",\"inLanguage\":\"fr-FR\",\"@id\":\"https:\\\/\\\/www.webdo.tn\\\/fr\\\/actualite\\\/national\\\/tunisie-quatre-ans-de-prison-pour-lex-depute-seifeddine-makhlouf\\\/394538\\\/#primaryimage\",\"url\":\"https:\\\/\\\/www.webdo.tn\\\/fr\\\/wp-content\\\/uploads\\\/2026\\\/01\\\/Makhlouf.jpg\",\"contentUrl\":\"https:\\\/\\\/www.webdo.tn\\\/fr\\\/wp-content\\\/uploads\\\/2026\\\/01\\\/Makhlouf.jpg\",\"width\":1200,\"height\":600,\"caption\":\"La justice met l\u2019affaire Seifeddine Makhlouf en d\u00e9lib\u00e9r\u00e9 au 11 mars\"},{\"@type\":\"BreadcrumbList\",\"@id\":\"https:\\\/\\\/www.webdo.tn\\\/fr\\\/actualite\\\/national\\\/tunisie-quatre-ans-de-prison-pour-lex-depute-seifeddine-makhlouf\\\/394538\\\/#breadcrumb\",\"itemListElement\":[{\"@type\":\"ListItem\",\"position\":1,\"name\":\"Accueil\",\"item\":\"https:\\\/\\\/www.webdo.tn\\\/fr\\\/\"},{\"@type\":\"ListItem\",\"position\":2,\"name\":\"Tunisie : Quatre ans de prison pour l\u2019ex-d\u00e9put\u00e9 Seifeddine Makhlouf\"}]},{\"@type\":\"WebSite\",\"@id\":\"https:\\\/\\\/www.webdo.tn\\\/fr\\\/#website\",\"url\":\"https:\\\/\\\/www.webdo.tn\\\/fr\\\/\",\"name\":\"webdo\",\"description\":\"Tunisie - News en Tunisie et \u00e0 l&#039;international sur Webdo.tn\",\"publisher\":{\"@id\":\"https:\\\/\\\/www.webdo.tn\\\/fr\\\/#organization\"},\"potentialAction\":[{\"@type\":\"SearchAction\",\"target\":{\"@type\":\"EntryPoint\",\"urlTemplate\":\"https:\\\/\\\/www.webdo.tn\\\/fr\\\/?s={search_term_string}\"},\"query-input\":{\"@type\":\"PropertyValueSpecification\",\"valueRequired\":true,\"valueName\":\"search_term_string\"}}],\"inLanguage\":\"fr-FR\"},{\"@type\":\"Organization\",\"@id\":\"https:\\\/\\\/www.webdo.tn\\\/fr\\\/#organization\",\"name\":\"Webdo\",\"alternateName\":\"Webdo.tn\",\"url\":\"https:\\\/\\\/www.webdo.tn\\\/fr\\\/\",\"logo\":{\"@type\":\"ImageObject\",\"inLanguage\":\"fr-FR\",\"@id\":\"https:\\\/\\\/www.webdo.tn\\\/fr\\\/#\\\/schema\\\/logo\\\/image\\\/\",\"url\":\"https:\\\/\\\/www.webdo.tn\\\/fr\\\/wp-content\\\/uploads\\\/2025\\\/06\\\/Webdo-Tunisie_168377.jpg\",\"contentUrl\":\"https:\\\/\\\/www.webdo.tn\\\/fr\\\/wp-content\\\/uploads\\\/2025\\\/06\\\/Webdo-Tunisie_168377.jpg\",\"width\":301,\"height\":301,\"caption\":\"Webdo\"},\"image\":{\"@id\":\"https:\\\/\\\/www.webdo.tn\\\/fr\\\/#\\\/schema\\\/logo\\\/image\\\/\"},\"sameAs\":[\"https:\\\/\\\/www.facebook.com\\\/webdotn\",\"https:\\\/\\\/x.com\\\/webdo_tn\"],\"description\":\"Webdo est un m\u00e9dia num\u00e9rique tunisien fond\u00e9 en 2010, sp\u00e9cialis\u00e9 dans l\u2019actualit\u00e9 nationale et internationale, l\u2019\u00e9conomie, la soci\u00e9t\u00e9 et les analyses politiques. Le site s\u2019adresse \u00e0 un large public francophone et couvre l\u2019information tunisienne en temps r\u00e9el.\",\"email\":\"redac@webdo.tn\",\"legalName\":\"YNJ SARL\",\"foundingDate\":\"2010-09-06\",\"numberOfEmployees\":{\"@type\":\"QuantitativeValue\",\"minValue\":\"11\",\"maxValue\":\"50\"}},{\"@type\":\"Person\",\"@id\":\"https:\\\/\\\/www.webdo.tn\\\/fr\\\/#\\\/schema\\\/person\\\/b9ecde7a5574cb4fcf4b496ea5fadb15\",\"name\":\"Wided Belhaj\",\"image\":{\"@type\":\"ImageObject\",\"inLanguage\":\"fr-FR\",\"@id\":\"https:\\\/\\\/www.webdo.tn\\\/fr\\\/wp-content\\\/uploads\\\/2026\\\/04\\\/wided-belhaj_avatar-96x96.jpg\",\"url\":\"https:\\\/\\\/www.webdo.tn\\\/fr\\\/wp-content\\\/uploads\\\/2026\\\/04\\\/wided-belhaj_avatar-96x96.jpg\",\"contentUrl\":\"https:\\\/\\\/www.webdo.tn\\\/fr\\\/wp-content\\\/uploads\\\/2026\\\/04\\\/wided-belhaj_avatar-96x96.jpg\",\"caption\":\"Wided Belhaj\"},\"description\":\"Wided Belhaj est le pseudonyme \u00e9ditorial utilis\u00e9 par Khalil Jelassi, journaliste, ma\u00eetre-assistant \u00e0 l\u2019Institut de presse et des sciences de l\u2019information (IPSI) et chercheur en sciences de l\u2019information et de la communication. Cette signature est d\u00e9di\u00e9e \u00e0 l\u2019analyse des m\u00e9dias, des pratiques journalistiques et des mutations de l\u2019information \u00e0 l\u2019\u00e8re digitale. \u00c0 travers ses contributions, Wided Belhaj propose une lecture analytique de l\u2019actualit\u00e9, en croisant regard critique et expertise acad\u00e9mique.\",\"knowsAbout\":[\"m\u00e9dias\",\"journalisme\",\"communication\",\"information\",\"transformation num\u00e9rique\",\"analyse des m\u00e9dias\"],\"knowsLanguage\":[\"Fran\u00e7ais\",\"Arabe\"],\"jobTitle\":\"Webdo.tn\",\"worksFor\":\"Journaliste \u2013 Analyse des m\u00e9dias\",\"url\":\"https:\\\/\\\/www.webdo.tn\\\/fr\\\/actualite\\\/author\\\/wided-belhaj\\\/\"}]}<\/script>\n<!-- \/ Yoast SEO Premium plugin. -->","yoast_head_json":{"title":"Tunisie : Quatre ans de prison pour l\u2019ex-d\u00e9put\u00e9 Seifeddine Makhlouf - webdo","description":"Seifeddine Makhlouf condamn\u00e9 \u00e0 quatre ans de prison pour complot contre la s\u00fbret\u00e9 de l'\u00c9tat. D\u00e9couvrez les d\u00e9tails de l'affaire.","canonical":"https:\/\/www.webdo.tn\/fr\/actualite\/national\/tunisie-quatre-ans-de-prison-pour-lex-depute-seifeddine-makhlouf\/394538\/","og_locale":"fr_FR","og_type":"article","og_title":"Tunisie : Quatre ans de prison pour l\u2019ex-d\u00e9put\u00e9 Seifeddine Makhlouf","og_description":"Seifeddine Makhlouf condamn\u00e9 \u00e0 quatre ans de prison pour complot contre la s\u00fbret\u00e9 de l'\u00c9tat. D\u00e9couvrez les d\u00e9tails de l'affaire.","og_url":"https:\/\/www.webdo.tn\/fr\/actualite\/national\/tunisie-quatre-ans-de-prison-pour-lex-depute-seifeddine-makhlouf\/394538\/","og_site_name":"webdo","article_publisher":"https:\/\/www.facebook.com\/webdotn","article_published_time":"2026-03-12T18:25:37+00:00","article_modified_time":"2026-03-12T18:25:39+00:00","og_image":[{"width":1200,"height":600,"url":"https:\/\/www.webdo.tn\/fr\/wp-content\/uploads\/2026\/01\/Makhlouf.jpg","type":"image\/jpeg"}],"author":"Wided Belhaj","twitter_card":"summary_large_image","twitter_creator":"@webdo_tn","twitter_site":"@webdo_tn","twitter_misc":{"\u00c9crit par":"Wided Belhaj","Dur\u00e9e de lecture estim\u00e9e":"2 minutes"},"schema":{"@context":"https:\/\/schema.org","@graph":[{"@type":"NewsArticle","@id":"https:\/\/www.webdo.tn\/fr\/actualite\/national\/tunisie-quatre-ans-de-prison-pour-lex-depute-seifeddine-makhlouf\/394538\/#article","isPartOf":{"@id":"https:\/\/www.webdo.tn\/fr\/actualite\/national\/tunisie-quatre-ans-de-prison-pour-lex-depute-seifeddine-makhlouf\/394538\/"},"author":{"name":"Wided Belhaj","@id":"https:\/\/www.webdo.tn\/fr\/#\/schema\/person\/b9ecde7a5574cb4fcf4b496ea5fadb15"},"headline":"Tunisie : Quatre ans de prison pour l\u2019ex-d\u00e9put\u00e9 Seifeddine Makhlouf","datePublished":"2026-03-12T18:25:37+00:00","dateModified":"2026-03-12T18:25:39+00:00","mainEntityOfPage":{"@id":"https:\/\/www.webdo.tn\/fr\/actualite\/national\/tunisie-quatre-ans-de-prison-pour-lex-depute-seifeddine-makhlouf\/394538\/"},"wordCount":237,"publisher":{"@id":"https:\/\/www.webdo.tn\/fr\/#organization"},"image":{"@id":"https:\/\/www.webdo.tn\/fr\/actualite\/national\/tunisie-quatre-ans-de-prison-pour-lex-depute-seifeddine-makhlouf\/394538\/#primaryimage"},"thumbnailUrl":"https:\/\/www.webdo.tn\/fr\/wp-content\/uploads\/2026\/01\/Makhlouf.jpg","keywords":["justice","Seifeddine Makhlouf"],"articleSection":["National"],"inLanguage":"fr-FR"},{"@type":"WebPage","@id":"https:\/\/www.webdo.tn\/fr\/actualite\/national\/tunisie-quatre-ans-de-prison-pour-lex-depute-seifeddine-makhlouf\/394538\/","url":"https:\/\/www.webdo.tn\/fr\/actualite\/national\/tunisie-quatre-ans-de-prison-pour-lex-depute-seifeddine-makhlouf\/394538\/","name":"Tunisie : Quatre ans de prison pour l\u2019ex-d\u00e9put\u00e9 Seifeddine Makhlouf - webdo","isPartOf":{"@id":"https:\/\/www.webdo.tn\/fr\/#website"},"primaryImageOfPage":{"@id":"https:\/\/www.webdo.tn\/fr\/actualite\/national\/tunisie-quatre-ans-de-prison-pour-lex-depute-seifeddine-makhlouf\/394538\/#primaryimage"},"image":{"@id":"https:\/\/www.webdo.tn\/fr\/actualite\/national\/tunisie-quatre-ans-de-prison-pour-lex-depute-seifeddine-makhlouf\/394538\/#primaryimage"},"thumbnailUrl":"https:\/\/www.webdo.tn\/fr\/wp-content\/uploads\/2026\/01\/Makhlouf.jpg","datePublished":"2026-03-12T18:25:37+00:00","dateModified":"2026-03-12T18:25:39+00:00","description":"Seifeddine Makhlouf condamn\u00e9 \u00e0 quatre ans de prison pour complot contre la s\u00fbret\u00e9 de l'\u00c9tat. D\u00e9couvrez les d\u00e9tails de l'affaire.","breadcrumb":{"@id":"https:\/\/www.webdo.tn\/fr\/actualite\/national\/tunisie-quatre-ans-de-prison-pour-lex-depute-seifeddine-makhlouf\/394538\/#breadcrumb"},"inLanguage":"fr-FR","potentialAction":[{"@type":"ReadAction","target":["https:\/\/www.webdo.tn\/fr\/actualite\/national\/tunisie-quatre-ans-de-prison-pour-lex-depute-seifeddine-makhlouf\/394538\/"]}]},{"@type":"ImageObject","inLanguage":"fr-FR","@id":"https:\/\/www.webdo.tn\/fr\/actualite\/national\/tunisie-quatre-ans-de-prison-pour-lex-depute-seifeddine-makhlouf\/394538\/#primaryimage","url":"https:\/\/www.webdo.tn\/fr\/wp-content\/uploads\/2026\/01\/Makhlouf.jpg","contentUrl":"https:\/\/www.webdo.tn\/fr\/wp-content\/uploads\/2026\/01\/Makhlouf.jpg","width":1200,"height":600,"caption":"La justice met l\u2019affaire Seifeddine Makhlouf en d\u00e9lib\u00e9r\u00e9 au 11 mars"},{"@type":"BreadcrumbList","@id":"https:\/\/www.webdo.tn\/fr\/actualite\/national\/tunisie-quatre-ans-de-prison-pour-lex-depute-seifeddine-makhlouf\/394538\/#breadcrumb","itemListElement":[{"@type":"ListItem","position":1,"name":"Accueil","item":"https:\/\/www.webdo.tn\/fr\/"},{"@type":"ListItem","position":2,"name":"Tunisie : Quatre ans de prison pour l\u2019ex-d\u00e9put\u00e9 Seifeddine Makhlouf"}]},{"@type":"WebSite","@id":"https:\/\/www.webdo.tn\/fr\/#website","url":"https:\/\/www.webdo.tn\/fr\/","name":"webdo","description":"Tunisie - News en Tunisie et \u00e0 l&#039;international sur Webdo.tn","publisher":{"@id":"https:\/\/www.webdo.tn\/fr\/#organization"},"potentialAction":[{"@type":"SearchAction","target":{"@type":"EntryPoint","urlTemplate":"https:\/\/www.webdo.tn\/fr\/?s={search_term_string}"},"query-input":{"@type":"PropertyValueSpecification","valueRequired":true,"valueName":"search_term_string"}}],"inLanguage":"fr-FR"},{"@type":"Organization","@id":"https:\/\/www.webdo.tn\/fr\/#organization","name":"Webdo","alternateName":"Webdo.tn","url":"https:\/\/www.webdo.tn\/fr\/","logo":{"@type":"ImageObject","inLanguage":"fr-FR","@id":"https:\/\/www.webdo.tn\/fr\/#\/schema\/logo\/image\/","url":"https:\/\/www.webdo.tn\/fr\/wp-content\/uploads\/2025\/06\/Webdo-Tunisie_168377.jpg","contentUrl":"https:\/\/www.webdo.tn\/fr\/wp-content\/uploads\/2025\/06\/Webdo-Tunisie_168377.jpg","width":301,"height":301,"caption":"Webdo"},"image":{"@id":"https:\/\/www.webdo.tn\/fr\/#\/schema\/logo\/image\/"},"sameAs":["https:\/\/www.facebook.com\/webdotn","https:\/\/x.com\/webdo_tn"],"description":"Webdo est un m\u00e9dia num\u00e9rique tunisien fond\u00e9 en 2010, sp\u00e9cialis\u00e9 dans l\u2019actualit\u00e9 nationale et internationale, l\u2019\u00e9conomie, la soci\u00e9t\u00e9 et les analyses politiques. Le site s\u2019adresse \u00e0 un large public francophone et couvre l\u2019information tunisienne en temps r\u00e9el.","email":"redac@webdo.tn","legalName":"YNJ SARL","foundingDate":"2010-09-06","numberOfEmployees":{"@type":"QuantitativeValue","minValue":"11","maxValue":"50"}},{"@type":"Person","@id":"https:\/\/www.webdo.tn\/fr\/#\/schema\/person\/b9ecde7a5574cb4fcf4b496ea5fadb15","name":"Wided Belhaj","image":{"@type":"ImageObject","inLanguage":"fr-FR","@id":"https:\/\/www.webdo.tn\/fr\/wp-content\/uploads\/2026\/04\/wided-belhaj_avatar-96x96.jpg","url":"https:\/\/www.webdo.tn\/fr\/wp-content\/uploads\/2026\/04\/wided-belhaj_avatar-96x96.jpg","contentUrl":"https:\/\/www.webdo.tn\/fr\/wp-content\/uploads\/2026\/04\/wided-belhaj_avatar-96x96.jpg","caption":"Wided Belhaj"},"description":"Wided Belhaj est le pseudonyme \u00e9ditorial utilis\u00e9 par Khalil Jelassi, journaliste, ma\u00eetre-assistant \u00e0 l\u2019Institut de presse et des sciences de l\u2019information (IPSI) et chercheur en sciences de l\u2019information et de la communication. Cette signature est d\u00e9di\u00e9e \u00e0 l\u2019analyse des m\u00e9dias, des pratiques journalistiques et des mutations de l\u2019information \u00e0 l\u2019\u00e8re digitale. \u00c0 travers ses contributions, Wided Belhaj propose une lecture analytique de l\u2019actualit\u00e9, en croisant regard critique et expertise acad\u00e9mique.","knowsAbout":["m\u00e9dias","journalisme","communication","information","transformation num\u00e9rique","analyse des m\u00e9dias"],"knowsLanguage":["Fran\u00e7ais","Arabe"],"jobTitle":"Webdo.tn","worksFor":"Journaliste \u2013 Analyse des m\u00e9dias","url":"https:\/\/www.webdo.tn\/fr\/actualite\/author\/wided-belhaj\/"}]}},"_links":{"self":[{"href":"https:\/\/www.webdo.tn\/fr\/wp-json\/wp\/v2\/posts\/394538","targetHints":{"allow":["GET"]}}],"collection":[{"href":"https:\/\/www.webdo.tn\/fr\/wp-json\/wp\/v2\/posts"}],"about":[{"href":"https:\/\/www.webdo.tn\/fr\/wp-json\/wp\/v2\/types\/post"}],"author":[{"embeddable":true,"href":"https:\/\/www.webdo.tn\/fr\/wp-json\/wp\/v2\/users\/3184"}],"replies":[{"embeddable":true,"href":"https:\/\/www.webdo.tn\/fr\/wp-json\/wp\/v2\/comments?post=394538"}],"version-history":[{"count":0,"href":"https:\/\/www.webdo.tn\/fr\/wp-json\/wp\/v2\/posts\/394538\/revisions"}],"wp:featuredmedia":[{"embeddable":true,"href":"https:\/\/www.webdo.tn\/fr\/wp-json\/wp\/v2\/media\/391340"}],"wp:attachment":[{"href":"https:\/\/www.webdo.tn\/fr\/wp-json\/wp\/v2\/media?parent=394538"}],"wp:term":[{"taxonomy":"category","embeddable":true,"href":"https:\/\/www.webdo.tn\/fr\/wp-json\/wp\/v2\/categories?post=394538"},{"taxonomy":"post_tag","embeddable":true,"href":"https:\/\/www.webdo.tn\/fr\/wp-json\/wp\/v2\/tags?post=394538"}],"curies":[{"name":"wp","href":"https:\/\/api.w.org\/{rel}","templated":true}]}}