{"id":394536,"date":"2026-03-12T14:48:02","date_gmt":"2026-03-12T13:48:02","guid":{"rendered":"https:\/\/www.webdo.tn\/fr\/?p=394536"},"modified":"2026-03-12T14:48:03","modified_gmt":"2026-03-12T13:48:03","slug":"detroit-dormuz-premiere-mise-en-garde-du-nouveau-guide-supreme-iranien","status":"publish","type":"post","link":"https:\/\/www.webdo.tn\/fr\/actualite\/international\/detroit-dormuz-premiere-mise-en-garde-du-nouveau-guide-supreme-iranien\/394536\/","title":{"rendered":"D\u00e9troit d\u2019Ormuz : Premi\u00e8re mise en garde du nouveau guide supr\u00eame iranien"},"content":{"rendered":"\n<p><strong>Le nouveau guide supr\u00eame iranien, l\u2019ayatollah Mojtaba Khamenei, s\u2019est exprim\u00e9 pour la premi\u00e8re fois depuis sa nomination \u00e0 la t\u00eate de la R\u00e9publique islamique, dans un message diffus\u00e9 par la t\u00e9l\u00e9vision d\u2019\u00c9tat iranienne sur fond de guerre r\u00e9gionale et de fortes tensions au Moyen-Orient.<\/strong><\/p>\n\n\n\n<p>Dans cette d\u00e9claration, le successeur d\u2019Ali Khamenei a affirm\u00e9 que l\u2019Iran entendait poursuivre sa strat\u00e9gie face \u00e0 ses adversaires, notamment en utilisant le d\u00e9troit strat\u00e9gique d\u2019Ormuz comme moyen de pression dans le conflit en cours. Cette voie maritime, par laquelle transite une part importante du p\u00e9trole mondial, constitue selon lui un levier g\u00e9opolitique majeur pour T\u00e9h\u00e9ran.<\/p>\n\n\n\n<h2 class=\"wp-block-heading\" id=\"h-les-bases-militaires-americaines-comme-cibles\">Les bases militaires am\u00e9ricaines comme cibles<\/h2>\n\n\n\n<p>Le nouveau dirigeant iranien a \u00e9galement averti que les bases militaires am\u00e9ricaines dans la r\u00e9gion pourraient devenir des cibles, tout en appelant les pays voisins \u00e0 ne pas servir de plateforme aux forces hostiles \u00e0 l\u2019Iran.<\/p>\n\n\n\n<p>Cette prise de parole intervient alors que la situation militaire reste extr\u00eamement tendue. Depuis le d\u00e9but des hostilit\u00e9s, plusieurs attaques ont vis\u00e9 des infrastructures \u00e9nerg\u00e9tiques et des routes maritimes dans le Golfe, provoquant une flamb\u00e9e des prix du p\u00e9trole et une inqui\u00e9tude croissante sur les march\u00e9s internationaux.<\/p>\n\n\n\n<p class=\"has-medium-font-size\"><strong>Lire aussi :<\/strong> <a href=\"https:\/\/www.webdo.tn\/fr\/actualite\/international\/guerre-contre-liran-succession-a-teheran-et-choc-petrolier-mondial\/394271\/\">Guerre contre l\u2019Iran : Succession \u00e0 T\u00e9h\u00e9ran et choc p\u00e9trolier mondial<\/a><br><\/p>\n\n\n\n<p>Malgr\u00e9 ce message officiel, Mojtaba Khamenei n\u2019est toujours pas apparu publiquement depuis son accession au pouvoir. Des informations concordantes indiquent qu\u2019il aurait \u00e9t\u00e9 bless\u00e9 lors de la frappe qui a tu\u00e9 son p\u00e8re, l\u2019ancien guide supr\u00eame Ali Khamenei, \u00e0 la fin du mois de f\u00e9vrier.<\/p>\n\n\n\n<h2 class=\"wp-block-heading\" id=\"h-la-fonction-la-plus-elevee-du-systeme-politique-iranien\">La fonction la plus \u00e9lev\u00e9e du syst\u00e8me politique iranien<\/h2>\n\n\n\n<p>\u00c2g\u00e9 de 56 ans, Mojtaba Khamenei a \u00e9t\u00e9 d\u00e9sign\u00e9 par l\u2019Assembl\u00e9e des experts pour diriger l\u2019Iran. Cette fonction, la plus \u00e9lev\u00e9e du syst\u00e8me politique iranien, lui conf\u00e8re le dernier mot sur les grandes orientations politiques, militaires et strat\u00e9giques du pays.<\/p>\n\n\n\n<p><\/p>\n","protected":false},"excerpt":{"rendered":"<p>Le nouveau guide supr\u00eame iranien, l\u2019ayatollah Mojtaba Khamenei, s\u2019est exprim\u00e9 pour la premi\u00e8re fois depuis sa nomination \u00e0 la t\u00eate de la R\u00e9publique islamique, dans un message diffus\u00e9 par la t\u00e9l\u00e9vision d\u2019\u00c9tat iranienne sur fond de guerre r\u00e9gionale et de fortes tensions au Moyen-Orient. Dans cette d\u00e9claration, le successeur d\u2019Ali Khamenei a affirm\u00e9 que l\u2019Iran [&hellip;]<\/p>\n","protected":false},"author":3184,"featured_media":394274,"comment_status":"closed","ping_status":"closed","sticky":false,"template":"","format":"standard","meta":{"footnotes":""},"categories":[2598],"tags":[2912,6438],"class_list":["post-394536","post","type-post","status-publish","format-standard","has-post-thumbnail","hentry","category-international","tag-iran","tag-khamenei"],"yoast_head":"<!-- This site is optimized with the Yoast SEO Premium plugin v27.5 (Yoast SEO v27.5) - https:\/\/yoast.com\/product\/yoast-seo-premium-wordpress\/ -->\n<title>D\u00e9troit d\u2019Ormuz : Premi\u00e8re mise en garde du nouveau guide supr\u00eame iranien - webdo<\/title>\n<meta name=\"description\" content=\"D\u00e9couvrez le nouveau guide supr\u00eame iranien et son message sur la strat\u00e9gie de l&#039;Iran face \u00e0 la guerre r\u00e9gionale.\" \/>\n<link rel=\"canonical\" href=\"https:\/\/www.webdo.tn\/fr\/actualite\/international\/detroit-dormuz-premiere-mise-en-garde-du-nouveau-guide-supreme-iranien\/394536\/\" \/>\n<meta property=\"og:locale\" content=\"fr_FR\" \/>\n<meta property=\"og:type\" content=\"article\" \/>\n<meta property=\"og:title\" content=\"D\u00e9troit d\u2019Ormuz : Premi\u00e8re mise en garde du nouveau guide supr\u00eame iranien\" \/>\n<meta property=\"og:description\" content=\"D\u00e9couvrez le nouveau guide supr\u00eame iranien et son message sur la strat\u00e9gie de l&#039;Iran face \u00e0 la guerre r\u00e9gionale.\" \/>\n<meta property=\"og:url\" content=\"https:\/\/www.webdo.tn\/fr\/actualite\/international\/detroit-dormuz-premiere-mise-en-garde-du-nouveau-guide-supreme-iranien\/394536\/\" \/>\n<meta property=\"og:site_name\" content=\"webdo\" \/>\n<meta property=\"article:publisher\" content=\"https:\/\/www.facebook.com\/webdotn\" \/>\n<meta property=\"article:published_time\" content=\"2026-03-12T13:48:02+00:00\" \/>\n<meta property=\"article:modified_time\" content=\"2026-03-12T13:48:03+00:00\" \/>\n<meta property=\"og:image\" content=\"https:\/\/www.webdo.tn\/fr\/wp-content\/uploads\/2026\/03\/Mojtaba-Khamenei.jpg\" \/>\n\t<meta property=\"og:image:width\" content=\"1200\" \/>\n\t<meta property=\"og:image:height\" content=\"600\" \/>\n\t<meta property=\"og:image:type\" content=\"image\/jpeg\" \/>\n<meta name=\"author\" content=\"Wided Belhaj\" \/>\n<meta name=\"twitter:card\" content=\"summary_large_image\" \/>\n<meta name=\"twitter:creator\" content=\"@webdo_tn\" \/>\n<meta name=\"twitter:site\" content=\"@webdo_tn\" \/>\n<meta name=\"twitter:label1\" content=\"\u00c9crit par\" \/>\n\t<meta name=\"twitter:data1\" content=\"Wided Belhaj\" \/>\n\t<meta name=\"twitter:label2\" content=\"Dur\u00e9e de lecture estim\u00e9e\" \/>\n\t<meta name=\"twitter:data2\" content=\"2 minutes\" \/>\n<script type=\"application\/ld+json\" class=\"yoast-schema-graph\">{\"@context\":\"https:\\\/\\\/schema.org\",\"@graph\":[{\"@type\":\"NewsArticle\",\"@id\":\"https:\\\/\\\/www.webdo.tn\\\/fr\\\/actualite\\\/international\\\/detroit-dormuz-premiere-mise-en-garde-du-nouveau-guide-supreme-iranien\\\/394536\\\/#article\",\"isPartOf\":{\"@id\":\"https:\\\/\\\/www.webdo.tn\\\/fr\\\/actualite\\\/international\\\/detroit-dormuz-premiere-mise-en-garde-du-nouveau-guide-supreme-iranien\\\/394536\\\/\"},\"author\":{\"name\":\"Wided Belhaj\",\"@id\":\"https:\\\/\\\/www.webdo.tn\\\/fr\\\/#\\\/schema\\\/person\\\/b9ecde7a5574cb4fcf4b496ea5fadb15\"},\"headline\":\"D\u00e9troit d\u2019Ormuz : Premi\u00e8re mise en garde du nouveau guide supr\u00eame iranien\",\"datePublished\":\"2026-03-12T13:48:02+00:00\",\"dateModified\":\"2026-03-12T13:48:03+00:00\",\"mainEntityOfPage\":{\"@id\":\"https:\\\/\\\/www.webdo.tn\\\/fr\\\/actualite\\\/international\\\/detroit-dormuz-premiere-mise-en-garde-du-nouveau-guide-supreme-iranien\\\/394536\\\/\"},\"wordCount\":356,\"publisher\":{\"@id\":\"https:\\\/\\\/www.webdo.tn\\\/fr\\\/#organization\"},\"image\":{\"@id\":\"https:\\\/\\\/www.webdo.tn\\\/fr\\\/actualite\\\/international\\\/detroit-dormuz-premiere-mise-en-garde-du-nouveau-guide-supreme-iranien\\\/394536\\\/#primaryimage\"},\"thumbnailUrl\":\"https:\\\/\\\/www.webdo.tn\\\/fr\\\/wp-content\\\/uploads\\\/2026\\\/03\\\/Mojtaba-Khamenei.jpg\",\"keywords\":[\"Iran\",\"Khamenei\"],\"articleSection\":[\"International\"],\"inLanguage\":\"fr-FR\"},{\"@type\":\"WebPage\",\"@id\":\"https:\\\/\\\/www.webdo.tn\\\/fr\\\/actualite\\\/international\\\/detroit-dormuz-premiere-mise-en-garde-du-nouveau-guide-supreme-iranien\\\/394536\\\/\",\"url\":\"https:\\\/\\\/www.webdo.tn\\\/fr\\\/actualite\\\/international\\\/detroit-dormuz-premiere-mise-en-garde-du-nouveau-guide-supreme-iranien\\\/394536\\\/\",\"name\":\"D\u00e9troit d\u2019Ormuz : Premi\u00e8re mise en garde du nouveau guide supr\u00eame iranien - webdo\",\"isPartOf\":{\"@id\":\"https:\\\/\\\/www.webdo.tn\\\/fr\\\/#website\"},\"primaryImageOfPage\":{\"@id\":\"https:\\\/\\\/www.webdo.tn\\\/fr\\\/actualite\\\/international\\\/detroit-dormuz-premiere-mise-en-garde-du-nouveau-guide-supreme-iranien\\\/394536\\\/#primaryimage\"},\"image\":{\"@id\":\"https:\\\/\\\/www.webdo.tn\\\/fr\\\/actualite\\\/international\\\/detroit-dormuz-premiere-mise-en-garde-du-nouveau-guide-supreme-iranien\\\/394536\\\/#primaryimage\"},\"thumbnailUrl\":\"https:\\\/\\\/www.webdo.tn\\\/fr\\\/wp-content\\\/uploads\\\/2026\\\/03\\\/Mojtaba-Khamenei.jpg\",\"datePublished\":\"2026-03-12T13:48:02+00:00\",\"dateModified\":\"2026-03-12T13:48:03+00:00\",\"description\":\"D\u00e9couvrez le nouveau guide supr\u00eame iranien et son message sur la strat\u00e9gie de l'Iran face \u00e0 la guerre r\u00e9gionale.\",\"breadcrumb\":{\"@id\":\"https:\\\/\\\/www.webdo.tn\\\/fr\\\/actualite\\\/international\\\/detroit-dormuz-premiere-mise-en-garde-du-nouveau-guide-supreme-iranien\\\/394536\\\/#breadcrumb\"},\"inLanguage\":\"fr-FR\",\"potentialAction\":[{\"@type\":\"ReadAction\",\"target\":[\"https:\\\/\\\/www.webdo.tn\\\/fr\\\/actualite\\\/international\\\/detroit-dormuz-premiere-mise-en-garde-du-nouveau-guide-supreme-iranien\\\/394536\\\/\"]}]},{\"@type\":\"ImageObject\",\"inLanguage\":\"fr-FR\",\"@id\":\"https:\\\/\\\/www.webdo.tn\\\/fr\\\/actualite\\\/international\\\/detroit-dormuz-premiere-mise-en-garde-du-nouveau-guide-supreme-iranien\\\/394536\\\/#primaryimage\",\"url\":\"https:\\\/\\\/www.webdo.tn\\\/fr\\\/wp-content\\\/uploads\\\/2026\\\/03\\\/Mojtaba-Khamenei.jpg\",\"contentUrl\":\"https:\\\/\\\/www.webdo.tn\\\/fr\\\/wp-content\\\/uploads\\\/2026\\\/03\\\/Mojtaba-Khamenei.jpg\",\"width\":1200,\"height\":600,\"caption\":\"Mojtaba Khamenei nouveau guide supr\u00eame\"},{\"@type\":\"BreadcrumbList\",\"@id\":\"https:\\\/\\\/www.webdo.tn\\\/fr\\\/actualite\\\/international\\\/detroit-dormuz-premiere-mise-en-garde-du-nouveau-guide-supreme-iranien\\\/394536\\\/#breadcrumb\",\"itemListElement\":[{\"@type\":\"ListItem\",\"position\":1,\"name\":\"Accueil\",\"item\":\"https:\\\/\\\/www.webdo.tn\\\/fr\\\/\"},{\"@type\":\"ListItem\",\"position\":2,\"name\":\"D\u00e9troit d\u2019Ormuz : Premi\u00e8re mise en garde du nouveau guide supr\u00eame iranien\"}]},{\"@type\":\"WebSite\",\"@id\":\"https:\\\/\\\/www.webdo.tn\\\/fr\\\/#website\",\"url\":\"https:\\\/\\\/www.webdo.tn\\\/fr\\\/\",\"name\":\"webdo\",\"description\":\"Tunisie - News en Tunisie et \u00e0 l&#039;international sur Webdo.tn\",\"publisher\":{\"@id\":\"https:\\\/\\\/www.webdo.tn\\\/fr\\\/#organization\"},\"potentialAction\":[{\"@type\":\"SearchAction\",\"target\":{\"@type\":\"EntryPoint\",\"urlTemplate\":\"https:\\\/\\\/www.webdo.tn\\\/fr\\\/?s={search_term_string}\"},\"query-input\":{\"@type\":\"PropertyValueSpecification\",\"valueRequired\":true,\"valueName\":\"search_term_string\"}}],\"inLanguage\":\"fr-FR\"},{\"@type\":\"Organization\",\"@id\":\"https:\\\/\\\/www.webdo.tn\\\/fr\\\/#organization\",\"name\":\"Webdo\",\"alternateName\":\"Webdo.tn\",\"url\":\"https:\\\/\\\/www.webdo.tn\\\/fr\\\/\",\"logo\":{\"@type\":\"ImageObject\",\"inLanguage\":\"fr-FR\",\"@id\":\"https:\\\/\\\/www.webdo.tn\\\/fr\\\/#\\\/schema\\\/logo\\\/image\\\/\",\"url\":\"https:\\\/\\\/www.webdo.tn\\\/fr\\\/wp-content\\\/uploads\\\/2025\\\/06\\\/Webdo-Tunisie_168377.jpg\",\"contentUrl\":\"https:\\\/\\\/www.webdo.tn\\\/fr\\\/wp-content\\\/uploads\\\/2025\\\/06\\\/Webdo-Tunisie_168377.jpg\",\"width\":301,\"height\":301,\"caption\":\"Webdo\"},\"image\":{\"@id\":\"https:\\\/\\\/www.webdo.tn\\\/fr\\\/#\\\/schema\\\/logo\\\/image\\\/\"},\"sameAs\":[\"https:\\\/\\\/www.facebook.com\\\/webdotn\",\"https:\\\/\\\/x.com\\\/webdo_tn\"],\"description\":\"Webdo est un m\u00e9dia num\u00e9rique tunisien fond\u00e9 en 2010, sp\u00e9cialis\u00e9 dans l\u2019actualit\u00e9 nationale et internationale, l\u2019\u00e9conomie, la soci\u00e9t\u00e9 et les analyses politiques. Le site s\u2019adresse \u00e0 un large public francophone et couvre l\u2019information tunisienne en temps r\u00e9el.\",\"email\":\"redac@webdo.tn\",\"legalName\":\"YNJ SARL\",\"foundingDate\":\"2010-09-06\",\"numberOfEmployees\":{\"@type\":\"QuantitativeValue\",\"minValue\":\"11\",\"maxValue\":\"50\"}},{\"@type\":\"Person\",\"@id\":\"https:\\\/\\\/www.webdo.tn\\\/fr\\\/#\\\/schema\\\/person\\\/b9ecde7a5574cb4fcf4b496ea5fadb15\",\"name\":\"Wided Belhaj\",\"image\":{\"@type\":\"ImageObject\",\"inLanguage\":\"fr-FR\",\"@id\":\"https:\\\/\\\/www.webdo.tn\\\/fr\\\/wp-content\\\/uploads\\\/2026\\\/04\\\/wided-belhaj_avatar-96x96.jpg\",\"url\":\"https:\\\/\\\/www.webdo.tn\\\/fr\\\/wp-content\\\/uploads\\\/2026\\\/04\\\/wided-belhaj_avatar-96x96.jpg\",\"contentUrl\":\"https:\\\/\\\/www.webdo.tn\\\/fr\\\/wp-content\\\/uploads\\\/2026\\\/04\\\/wided-belhaj_avatar-96x96.jpg\",\"caption\":\"Wided Belhaj\"},\"description\":\"Wided Belhaj est le pseudonyme \u00e9ditorial utilis\u00e9 par Khalil Jelassi, journaliste, ma\u00eetre-assistant \u00e0 l\u2019Institut de presse et des sciences de l\u2019information (IPSI) et chercheur en sciences de l\u2019information et de la communication. Cette signature est d\u00e9di\u00e9e \u00e0 l\u2019analyse des m\u00e9dias, des pratiques journalistiques et des mutations de l\u2019information \u00e0 l\u2019\u00e8re digitale. \u00c0 travers ses contributions, Wided Belhaj propose une lecture analytique de l\u2019actualit\u00e9, en croisant regard critique et expertise acad\u00e9mique.\",\"knowsAbout\":[\"m\u00e9dias\",\"journalisme\",\"communication\",\"information\",\"transformation num\u00e9rique\",\"analyse des m\u00e9dias\"],\"knowsLanguage\":[\"Fran\u00e7ais\",\"Arabe\"],\"jobTitle\":\"Webdo.tn\",\"worksFor\":\"Journaliste \u2013 Analyse des m\u00e9dias\",\"url\":\"https:\\\/\\\/www.webdo.tn\\\/fr\\\/actualite\\\/author\\\/wided-belhaj\\\/\"}]}<\/script>\n<!-- \/ Yoast SEO Premium plugin. -->","yoast_head_json":{"title":"D\u00e9troit d\u2019Ormuz : Premi\u00e8re mise en garde du nouveau guide supr\u00eame iranien - webdo","description":"D\u00e9couvrez le nouveau guide supr\u00eame iranien et son message sur la strat\u00e9gie de l'Iran face \u00e0 la guerre r\u00e9gionale.","canonical":"https:\/\/www.webdo.tn\/fr\/actualite\/international\/detroit-dormuz-premiere-mise-en-garde-du-nouveau-guide-supreme-iranien\/394536\/","og_locale":"fr_FR","og_type":"article","og_title":"D\u00e9troit d\u2019Ormuz : Premi\u00e8re mise en garde du nouveau guide supr\u00eame iranien","og_description":"D\u00e9couvrez le nouveau guide supr\u00eame iranien et son message sur la strat\u00e9gie de l'Iran face \u00e0 la guerre r\u00e9gionale.","og_url":"https:\/\/www.webdo.tn\/fr\/actualite\/international\/detroit-dormuz-premiere-mise-en-garde-du-nouveau-guide-supreme-iranien\/394536\/","og_site_name":"webdo","article_publisher":"https:\/\/www.facebook.com\/webdotn","article_published_time":"2026-03-12T13:48:02+00:00","article_modified_time":"2026-03-12T13:48:03+00:00","og_image":[{"width":1200,"height":600,"url":"https:\/\/www.webdo.tn\/fr\/wp-content\/uploads\/2026\/03\/Mojtaba-Khamenei.jpg","type":"image\/jpeg"}],"author":"Wided Belhaj","twitter_card":"summary_large_image","twitter_creator":"@webdo_tn","twitter_site":"@webdo_tn","twitter_misc":{"\u00c9crit par":"Wided Belhaj","Dur\u00e9e de lecture estim\u00e9e":"2 minutes"},"schema":{"@context":"https:\/\/schema.org","@graph":[{"@type":"NewsArticle","@id":"https:\/\/www.webdo.tn\/fr\/actualite\/international\/detroit-dormuz-premiere-mise-en-garde-du-nouveau-guide-supreme-iranien\/394536\/#article","isPartOf":{"@id":"https:\/\/www.webdo.tn\/fr\/actualite\/international\/detroit-dormuz-premiere-mise-en-garde-du-nouveau-guide-supreme-iranien\/394536\/"},"author":{"name":"Wided Belhaj","@id":"https:\/\/www.webdo.tn\/fr\/#\/schema\/person\/b9ecde7a5574cb4fcf4b496ea5fadb15"},"headline":"D\u00e9troit d\u2019Ormuz : Premi\u00e8re mise en garde du nouveau guide supr\u00eame iranien","datePublished":"2026-03-12T13:48:02+00:00","dateModified":"2026-03-12T13:48:03+00:00","mainEntityOfPage":{"@id":"https:\/\/www.webdo.tn\/fr\/actualite\/international\/detroit-dormuz-premiere-mise-en-garde-du-nouveau-guide-supreme-iranien\/394536\/"},"wordCount":356,"publisher":{"@id":"https:\/\/www.webdo.tn\/fr\/#organization"},"image":{"@id":"https:\/\/www.webdo.tn\/fr\/actualite\/international\/detroit-dormuz-premiere-mise-en-garde-du-nouveau-guide-supreme-iranien\/394536\/#primaryimage"},"thumbnailUrl":"https:\/\/www.webdo.tn\/fr\/wp-content\/uploads\/2026\/03\/Mojtaba-Khamenei.jpg","keywords":["Iran","Khamenei"],"articleSection":["International"],"inLanguage":"fr-FR"},{"@type":"WebPage","@id":"https:\/\/www.webdo.tn\/fr\/actualite\/international\/detroit-dormuz-premiere-mise-en-garde-du-nouveau-guide-supreme-iranien\/394536\/","url":"https:\/\/www.webdo.tn\/fr\/actualite\/international\/detroit-dormuz-premiere-mise-en-garde-du-nouveau-guide-supreme-iranien\/394536\/","name":"D\u00e9troit d\u2019Ormuz : Premi\u00e8re mise en garde du nouveau guide supr\u00eame iranien - webdo","isPartOf":{"@id":"https:\/\/www.webdo.tn\/fr\/#website"},"primaryImageOfPage":{"@id":"https:\/\/www.webdo.tn\/fr\/actualite\/international\/detroit-dormuz-premiere-mise-en-garde-du-nouveau-guide-supreme-iranien\/394536\/#primaryimage"},"image":{"@id":"https:\/\/www.webdo.tn\/fr\/actualite\/international\/detroit-dormuz-premiere-mise-en-garde-du-nouveau-guide-supreme-iranien\/394536\/#primaryimage"},"thumbnailUrl":"https:\/\/www.webdo.tn\/fr\/wp-content\/uploads\/2026\/03\/Mojtaba-Khamenei.jpg","datePublished":"2026-03-12T13:48:02+00:00","dateModified":"2026-03-12T13:48:03+00:00","description":"D\u00e9couvrez le nouveau guide supr\u00eame iranien et son message sur la strat\u00e9gie de l'Iran face \u00e0 la guerre r\u00e9gionale.","breadcrumb":{"@id":"https:\/\/www.webdo.tn\/fr\/actualite\/international\/detroit-dormuz-premiere-mise-en-garde-du-nouveau-guide-supreme-iranien\/394536\/#breadcrumb"},"inLanguage":"fr-FR","potentialAction":[{"@type":"ReadAction","target":["https:\/\/www.webdo.tn\/fr\/actualite\/international\/detroit-dormuz-premiere-mise-en-garde-du-nouveau-guide-supreme-iranien\/394536\/"]}]},{"@type":"ImageObject","inLanguage":"fr-FR","@id":"https:\/\/www.webdo.tn\/fr\/actualite\/international\/detroit-dormuz-premiere-mise-en-garde-du-nouveau-guide-supreme-iranien\/394536\/#primaryimage","url":"https:\/\/www.webdo.tn\/fr\/wp-content\/uploads\/2026\/03\/Mojtaba-Khamenei.jpg","contentUrl":"https:\/\/www.webdo.tn\/fr\/wp-content\/uploads\/2026\/03\/Mojtaba-Khamenei.jpg","width":1200,"height":600,"caption":"Mojtaba Khamenei nouveau guide supr\u00eame"},{"@type":"BreadcrumbList","@id":"https:\/\/www.webdo.tn\/fr\/actualite\/international\/detroit-dormuz-premiere-mise-en-garde-du-nouveau-guide-supreme-iranien\/394536\/#breadcrumb","itemListElement":[{"@type":"ListItem","position":1,"name":"Accueil","item":"https:\/\/www.webdo.tn\/fr\/"},{"@type":"ListItem","position":2,"name":"D\u00e9troit d\u2019Ormuz : Premi\u00e8re mise en garde du nouveau guide supr\u00eame iranien"}]},{"@type":"WebSite","@id":"https:\/\/www.webdo.tn\/fr\/#website","url":"https:\/\/www.webdo.tn\/fr\/","name":"webdo","description":"Tunisie - News en Tunisie et \u00e0 l&#039;international sur Webdo.tn","publisher":{"@id":"https:\/\/www.webdo.tn\/fr\/#organization"},"potentialAction":[{"@type":"SearchAction","target":{"@type":"EntryPoint","urlTemplate":"https:\/\/www.webdo.tn\/fr\/?s={search_term_string}"},"query-input":{"@type":"PropertyValueSpecification","valueRequired":true,"valueName":"search_term_string"}}],"inLanguage":"fr-FR"},{"@type":"Organization","@id":"https:\/\/www.webdo.tn\/fr\/#organization","name":"Webdo","alternateName":"Webdo.tn","url":"https:\/\/www.webdo.tn\/fr\/","logo":{"@type":"ImageObject","inLanguage":"fr-FR","@id":"https:\/\/www.webdo.tn\/fr\/#\/schema\/logo\/image\/","url":"https:\/\/www.webdo.tn\/fr\/wp-content\/uploads\/2025\/06\/Webdo-Tunisie_168377.jpg","contentUrl":"https:\/\/www.webdo.tn\/fr\/wp-content\/uploads\/2025\/06\/Webdo-Tunisie_168377.jpg","width":301,"height":301,"caption":"Webdo"},"image":{"@id":"https:\/\/www.webdo.tn\/fr\/#\/schema\/logo\/image\/"},"sameAs":["https:\/\/www.facebook.com\/webdotn","https:\/\/x.com\/webdo_tn"],"description":"Webdo est un m\u00e9dia num\u00e9rique tunisien fond\u00e9 en 2010, sp\u00e9cialis\u00e9 dans l\u2019actualit\u00e9 nationale et internationale, l\u2019\u00e9conomie, la soci\u00e9t\u00e9 et les analyses politiques. Le site s\u2019adresse \u00e0 un large public francophone et couvre l\u2019information tunisienne en temps r\u00e9el.","email":"redac@webdo.tn","legalName":"YNJ SARL","foundingDate":"2010-09-06","numberOfEmployees":{"@type":"QuantitativeValue","minValue":"11","maxValue":"50"}},{"@type":"Person","@id":"https:\/\/www.webdo.tn\/fr\/#\/schema\/person\/b9ecde7a5574cb4fcf4b496ea5fadb15","name":"Wided Belhaj","image":{"@type":"ImageObject","inLanguage":"fr-FR","@id":"https:\/\/www.webdo.tn\/fr\/wp-content\/uploads\/2026\/04\/wided-belhaj_avatar-96x96.jpg","url":"https:\/\/www.webdo.tn\/fr\/wp-content\/uploads\/2026\/04\/wided-belhaj_avatar-96x96.jpg","contentUrl":"https:\/\/www.webdo.tn\/fr\/wp-content\/uploads\/2026\/04\/wided-belhaj_avatar-96x96.jpg","caption":"Wided Belhaj"},"description":"Wided Belhaj est le pseudonyme \u00e9ditorial utilis\u00e9 par Khalil Jelassi, journaliste, ma\u00eetre-assistant \u00e0 l\u2019Institut de presse et des sciences de l\u2019information (IPSI) et chercheur en sciences de l\u2019information et de la communication. Cette signature est d\u00e9di\u00e9e \u00e0 l\u2019analyse des m\u00e9dias, des pratiques journalistiques et des mutations de l\u2019information \u00e0 l\u2019\u00e8re digitale. \u00c0 travers ses contributions, Wided Belhaj propose une lecture analytique de l\u2019actualit\u00e9, en croisant regard critique et expertise acad\u00e9mique.","knowsAbout":["m\u00e9dias","journalisme","communication","information","transformation num\u00e9rique","analyse des m\u00e9dias"],"knowsLanguage":["Fran\u00e7ais","Arabe"],"jobTitle":"Webdo.tn","worksFor":"Journaliste \u2013 Analyse des m\u00e9dias","url":"https:\/\/www.webdo.tn\/fr\/actualite\/author\/wided-belhaj\/"}]}},"_links":{"self":[{"href":"https:\/\/www.webdo.tn\/fr\/wp-json\/wp\/v2\/posts\/394536","targetHints":{"allow":["GET"]}}],"collection":[{"href":"https:\/\/www.webdo.tn\/fr\/wp-json\/wp\/v2\/posts"}],"about":[{"href":"https:\/\/www.webdo.tn\/fr\/wp-json\/wp\/v2\/types\/post"}],"author":[{"embeddable":true,"href":"https:\/\/www.webdo.tn\/fr\/wp-json\/wp\/v2\/users\/3184"}],"replies":[{"embeddable":true,"href":"https:\/\/www.webdo.tn\/fr\/wp-json\/wp\/v2\/comments?post=394536"}],"version-history":[{"count":0,"href":"https:\/\/www.webdo.tn\/fr\/wp-json\/wp\/v2\/posts\/394536\/revisions"}],"wp:featuredmedia":[{"embeddable":true,"href":"https:\/\/www.webdo.tn\/fr\/wp-json\/wp\/v2\/media\/394274"}],"wp:attachment":[{"href":"https:\/\/www.webdo.tn\/fr\/wp-json\/wp\/v2\/media?parent=394536"}],"wp:term":[{"taxonomy":"category","embeddable":true,"href":"https:\/\/www.webdo.tn\/fr\/wp-json\/wp\/v2\/categories?post=394536"},{"taxonomy":"post_tag","embeddable":true,"href":"https:\/\/www.webdo.tn\/fr\/wp-json\/wp\/v2\/tags?post=394536"}],"curies":[{"name":"wp","href":"https:\/\/api.w.org\/{rel}","templated":true}]}}