{"id":394517,"date":"2026-03-12T11:34:58","date_gmt":"2026-03-12T10:34:58","guid":{"rendered":"https:\/\/www.webdo.tn\/fr\/?p=394517"},"modified":"2026-03-12T11:35:02","modified_gmt":"2026-03-12T10:35:02","slug":"tunisie-le-deficit-commercial-recule-a-278-milliards-de-dinars-debut-2026","status":"publish","type":"post","link":"https:\/\/www.webdo.tn\/fr\/actualite\/national\/tunisie-le-deficit-commercial-recule-a-278-milliards-de-dinars-debut-2026\/394517\/","title":{"rendered":"Tunisie : Le d\u00e9ficit commercial recule \u00e0 2,78 milliards de dinars d\u00e9but 2026"},"content":{"rendered":"\n<p><strong>Le d\u00e9ficit commercial de la Tunisie s\u2019est r\u00e9duit au cours des deux premiers mois de l\u2019ann\u00e9e 2026 pour s\u2019\u00e9tablir \u00e0 2 784,2 millions de dinars, contre 3 517 millions de dinars durant la m\u00eame p\u00e9riode de 2025.<\/strong><\/p>\n\n\n\n<p>Cette am\u00e9lioration s\u2019explique par une hausse des exportations de 6,2 % et un l\u00e9ger recul des importations de 0,7 %, selon les donn\u00e9es publi\u00e9es jeudi par l\u2019Institut national de la statistique (INS) et rapport\u00e9es par l\u2019agence TAP.<\/p>\n\n\n\n<p>Dans ce contexte, le taux de couverture des importations par les exportations a atteint 79,5 %, contre 74,3 % au cours des deux premiers mois de l\u2019ann\u00e9e 2025.<\/p>\n\n\n\n<h2 class=\"wp-block-heading\" id=\"h-l-energie-continue-de-peser-sur-la-balance-commerciale\">L\u2019\u00e9nergie continue de peser sur la balance commerciale<\/h2>\n\n\n\n<p>Malgr\u00e9 cette am\u00e9lioration, le d\u00e9ficit \u00e9nerg\u00e9tique demeure l\u2019un des principaux facteurs du d\u00e9s\u00e9quilibre commercial du pays, en raison du poids des importations de produits \u00e9nerg\u00e9tiques dans la facture ext\u00e9rieure.<\/p>\n\n\n\n<p>Cette \u00e9volution intervient par ailleurs apr\u00e8s une ann\u00e9e 2025 marqu\u00e9e par un d\u00e9ficit commercial particuli\u00e8rement \u00e9lev\u00e9, ayant d\u00e9pass\u00e9 21,8 milliards de dinars, selon les donn\u00e9es de l\u2019INS.<\/p>\n\n\n\n<blockquote class=\"wp-block-quote is-layout-flow wp-block-quote-is-layout-flow\">\n<blockquote class=\"wp-block-quote is-layout-flow wp-block-quote-is-layout-flow\">\n<p><strong>Lire aussi:<\/strong><\/p>\n\n\n\n<ul class=\"wp-block-list\">\n<li class=\"has-medium-font-size\"><a href=\"https:\/\/www.webdo.tn\/fr\/actualite\/national\/commerce-exterieur-le-deficit-se-creuse-et-depasse-les-218-milliards-de-dinars\/391174\/\">Commerce ext\u00e9rieur : Le d\u00e9ficit se creuse et d\u00e9passe les 21,8 milliards de dinars (janvier 2026)<\/a><\/li>\n<\/ul>\n<\/blockquote>\n<\/blockquote>\n","protected":false},"excerpt":{"rendered":"<p>Le d\u00e9ficit commercial de la Tunisie s\u2019est r\u00e9duit au cours des deux premiers mois de l\u2019ann\u00e9e 2026 pour s\u2019\u00e9tablir \u00e0 2 784,2 millions de dinars, contre 3 517 millions de dinars durant la m\u00eame p\u00e9riode de 2025. Cette am\u00e9lioration s\u2019explique par une hausse des exportations de 6,2 % et un l\u00e9ger recul des importations de [&hellip;]<\/p>\n","protected":false},"author":4779,"featured_media":391175,"comment_status":"closed","ping_status":"closed","sticky":false,"template":"","format":"standard","meta":{"footnotes":""},"categories":[44],"tags":[4398,2608],"class_list":["post-394517","post","type-post","status-publish","format-standard","has-post-thumbnail","hentry","category-national","tag-deficit-commercial","tag-tunisie"],"yoast_head":"<!-- This site is optimized with the Yoast SEO Premium plugin v27.5 (Yoast SEO v27.5) - https:\/\/yoast.com\/product\/yoast-seo-premium-wordpress\/ -->\n<title>Tunisie : Le d\u00e9ficit commercial recule \u00e0 2,78 milliards de dinars d\u00e9but 2026 - webdo<\/title>\n<meta name=\"description\" content=\"Le d\u00e9ficit commercial en Tunisie recule \u00e0 2,78 milliards de dinars d\u00e9but 2026, gr\u00e2ce \u00e0 une hausse des exportations.\" \/>\n<link rel=\"canonical\" href=\"https:\/\/www.webdo.tn\/fr\/actualite\/national\/tunisie-le-deficit-commercial-recule-a-278-milliards-de-dinars-debut-2026\/394517\/\" \/>\n<meta property=\"og:locale\" content=\"fr_FR\" \/>\n<meta property=\"og:type\" content=\"article\" \/>\n<meta property=\"og:title\" content=\"Tunisie : Le d\u00e9ficit commercial recule \u00e0 2,78 milliards de dinars d\u00e9but 2026\" \/>\n<meta property=\"og:description\" content=\"Le d\u00e9ficit commercial en Tunisie recule \u00e0 2,78 milliards de dinars d\u00e9but 2026, gr\u00e2ce \u00e0 une hausse des exportations.\" \/>\n<meta property=\"og:url\" content=\"https:\/\/www.webdo.tn\/fr\/actualite\/national\/tunisie-le-deficit-commercial-recule-a-278-milliards-de-dinars-debut-2026\/394517\/\" \/>\n<meta property=\"og:site_name\" content=\"webdo\" \/>\n<meta property=\"article:publisher\" content=\"https:\/\/www.facebook.com\/webdotn\" \/>\n<meta property=\"article:published_time\" content=\"2026-03-12T10:34:58+00:00\" \/>\n<meta property=\"article:modified_time\" content=\"2026-03-12T10:35:02+00:00\" \/>\n<meta property=\"og:image\" content=\"https:\/\/www.webdo.tn\/fr\/wp-content\/uploads\/2026\/01\/port-rades.jpg\" \/>\n\t<meta property=\"og:image:width\" content=\"1200\" \/>\n\t<meta property=\"og:image:height\" content=\"603\" \/>\n\t<meta property=\"og:image:type\" content=\"image\/jpeg\" \/>\n<meta name=\"author\" content=\"Firas Ben Abdeltif\" \/>\n<meta name=\"twitter:card\" content=\"summary_large_image\" \/>\n<meta name=\"twitter:creator\" content=\"@webdo_tn\" \/>\n<meta name=\"twitter:site\" content=\"@webdo_tn\" \/>\n<meta name=\"twitter:label1\" content=\"\u00c9crit par\" \/>\n\t<meta name=\"twitter:data1\" content=\"Firas Ben Abdeltif\" \/>\n\t<meta name=\"twitter:label2\" content=\"Dur\u00e9e de lecture estim\u00e9e\" \/>\n\t<meta name=\"twitter:data2\" content=\"2 minutes\" \/>\n<script type=\"application\/ld+json\" class=\"yoast-schema-graph\">{\"@context\":\"https:\\\/\\\/schema.org\",\"@graph\":[{\"@type\":\"NewsArticle\",\"@id\":\"https:\\\/\\\/www.webdo.tn\\\/fr\\\/actualite\\\/national\\\/tunisie-le-deficit-commercial-recule-a-278-milliards-de-dinars-debut-2026\\\/394517\\\/#article\",\"isPartOf\":{\"@id\":\"https:\\\/\\\/www.webdo.tn\\\/fr\\\/actualite\\\/national\\\/tunisie-le-deficit-commercial-recule-a-278-milliards-de-dinars-debut-2026\\\/394517\\\/\"},\"author\":{\"name\":\"Firas Ben Abdeltif\",\"@id\":\"https:\\\/\\\/www.webdo.tn\\\/fr\\\/#\\\/schema\\\/person\\\/19664196c9bfdcda126f3c27709f7d11\"},\"headline\":\"Tunisie : Le d\u00e9ficit commercial recule \u00e0 2,78 milliards de dinars d\u00e9but 2026\",\"datePublished\":\"2026-03-12T10:34:58+00:00\",\"dateModified\":\"2026-03-12T10:35:02+00:00\",\"mainEntityOfPage\":{\"@id\":\"https:\\\/\\\/www.webdo.tn\\\/fr\\\/actualite\\\/national\\\/tunisie-le-deficit-commercial-recule-a-278-milliards-de-dinars-debut-2026\\\/394517\\\/\"},\"wordCount\":212,\"publisher\":{\"@id\":\"https:\\\/\\\/www.webdo.tn\\\/fr\\\/#organization\"},\"image\":{\"@id\":\"https:\\\/\\\/www.webdo.tn\\\/fr\\\/actualite\\\/national\\\/tunisie-le-deficit-commercial-recule-a-278-milliards-de-dinars-debut-2026\\\/394517\\\/#primaryimage\"},\"thumbnailUrl\":\"https:\\\/\\\/www.webdo.tn\\\/fr\\\/wp-content\\\/uploads\\\/2026\\\/01\\\/port-rades.jpg\",\"keywords\":[\"d\u00e9ficit commercial\",\"Tunisie\"],\"articleSection\":[\"National\"],\"inLanguage\":\"fr-FR\"},{\"@type\":\"WebPage\",\"@id\":\"https:\\\/\\\/www.webdo.tn\\\/fr\\\/actualite\\\/national\\\/tunisie-le-deficit-commercial-recule-a-278-milliards-de-dinars-debut-2026\\\/394517\\\/\",\"url\":\"https:\\\/\\\/www.webdo.tn\\\/fr\\\/actualite\\\/national\\\/tunisie-le-deficit-commercial-recule-a-278-milliards-de-dinars-debut-2026\\\/394517\\\/\",\"name\":\"Tunisie : Le d\u00e9ficit commercial recule \u00e0 2,78 milliards de dinars d\u00e9but 2026 - webdo\",\"isPartOf\":{\"@id\":\"https:\\\/\\\/www.webdo.tn\\\/fr\\\/#website\"},\"primaryImageOfPage\":{\"@id\":\"https:\\\/\\\/www.webdo.tn\\\/fr\\\/actualite\\\/national\\\/tunisie-le-deficit-commercial-recule-a-278-milliards-de-dinars-debut-2026\\\/394517\\\/#primaryimage\"},\"image\":{\"@id\":\"https:\\\/\\\/www.webdo.tn\\\/fr\\\/actualite\\\/national\\\/tunisie-le-deficit-commercial-recule-a-278-milliards-de-dinars-debut-2026\\\/394517\\\/#primaryimage\"},\"thumbnailUrl\":\"https:\\\/\\\/www.webdo.tn\\\/fr\\\/wp-content\\\/uploads\\\/2026\\\/01\\\/port-rades.jpg\",\"datePublished\":\"2026-03-12T10:34:58+00:00\",\"dateModified\":\"2026-03-12T10:35:02+00:00\",\"description\":\"Le d\u00e9ficit commercial en Tunisie recule \u00e0 2,78 milliards de dinars d\u00e9but 2026, gr\u00e2ce \u00e0 une hausse des exportations.\",\"breadcrumb\":{\"@id\":\"https:\\\/\\\/www.webdo.tn\\\/fr\\\/actualite\\\/national\\\/tunisie-le-deficit-commercial-recule-a-278-milliards-de-dinars-debut-2026\\\/394517\\\/#breadcrumb\"},\"inLanguage\":\"fr-FR\",\"potentialAction\":[{\"@type\":\"ReadAction\",\"target\":[\"https:\\\/\\\/www.webdo.tn\\\/fr\\\/actualite\\\/national\\\/tunisie-le-deficit-commercial-recule-a-278-milliards-de-dinars-debut-2026\\\/394517\\\/\"]}]},{\"@type\":\"ImageObject\",\"inLanguage\":\"fr-FR\",\"@id\":\"https:\\\/\\\/www.webdo.tn\\\/fr\\\/actualite\\\/national\\\/tunisie-le-deficit-commercial-recule-a-278-milliards-de-dinars-debut-2026\\\/394517\\\/#primaryimage\",\"url\":\"https:\\\/\\\/www.webdo.tn\\\/fr\\\/wp-content\\\/uploads\\\/2026\\\/01\\\/port-rades.jpg\",\"contentUrl\":\"https:\\\/\\\/www.webdo.tn\\\/fr\\\/wp-content\\\/uploads\\\/2026\\\/01\\\/port-rades.jpg\",\"width\":1200,\"height\":603,\"caption\":\"Agroalimentaire : L\u2019exc\u00e9dent commercial franchit les 798 MD au premier trimestre\"},{\"@type\":\"BreadcrumbList\",\"@id\":\"https:\\\/\\\/www.webdo.tn\\\/fr\\\/actualite\\\/national\\\/tunisie-le-deficit-commercial-recule-a-278-milliards-de-dinars-debut-2026\\\/394517\\\/#breadcrumb\",\"itemListElement\":[{\"@type\":\"ListItem\",\"position\":1,\"name\":\"Accueil\",\"item\":\"https:\\\/\\\/www.webdo.tn\\\/fr\\\/\"},{\"@type\":\"ListItem\",\"position\":2,\"name\":\"Tunisie : Le d\u00e9ficit commercial recule \u00e0 2,78 milliards de dinars d\u00e9but 2026\"}]},{\"@type\":\"WebSite\",\"@id\":\"https:\\\/\\\/www.webdo.tn\\\/fr\\\/#website\",\"url\":\"https:\\\/\\\/www.webdo.tn\\\/fr\\\/\",\"name\":\"webdo\",\"description\":\"Tunisie - News en Tunisie et \u00e0 l&#039;international sur Webdo.tn\",\"publisher\":{\"@id\":\"https:\\\/\\\/www.webdo.tn\\\/fr\\\/#organization\"},\"potentialAction\":[{\"@type\":\"SearchAction\",\"target\":{\"@type\":\"EntryPoint\",\"urlTemplate\":\"https:\\\/\\\/www.webdo.tn\\\/fr\\\/?s={search_term_string}\"},\"query-input\":{\"@type\":\"PropertyValueSpecification\",\"valueRequired\":true,\"valueName\":\"search_term_string\"}}],\"inLanguage\":\"fr-FR\"},{\"@type\":\"Organization\",\"@id\":\"https:\\\/\\\/www.webdo.tn\\\/fr\\\/#organization\",\"name\":\"Webdo\",\"alternateName\":\"Webdo.tn\",\"url\":\"https:\\\/\\\/www.webdo.tn\\\/fr\\\/\",\"logo\":{\"@type\":\"ImageObject\",\"inLanguage\":\"fr-FR\",\"@id\":\"https:\\\/\\\/www.webdo.tn\\\/fr\\\/#\\\/schema\\\/logo\\\/image\\\/\",\"url\":\"https:\\\/\\\/www.webdo.tn\\\/fr\\\/wp-content\\\/uploads\\\/2025\\\/06\\\/Webdo-Tunisie_168377.jpg\",\"contentUrl\":\"https:\\\/\\\/www.webdo.tn\\\/fr\\\/wp-content\\\/uploads\\\/2025\\\/06\\\/Webdo-Tunisie_168377.jpg\",\"width\":301,\"height\":301,\"caption\":\"Webdo\"},\"image\":{\"@id\":\"https:\\\/\\\/www.webdo.tn\\\/fr\\\/#\\\/schema\\\/logo\\\/image\\\/\"},\"sameAs\":[\"https:\\\/\\\/www.facebook.com\\\/webdotn\",\"https:\\\/\\\/x.com\\\/webdo_tn\"],\"description\":\"Webdo est un m\u00e9dia num\u00e9rique tunisien fond\u00e9 en 2010, sp\u00e9cialis\u00e9 dans l\u2019actualit\u00e9 nationale et internationale, l\u2019\u00e9conomie, la soci\u00e9t\u00e9 et les analyses politiques. Le site s\u2019adresse \u00e0 un large public francophone et couvre l\u2019information tunisienne en temps r\u00e9el.\",\"email\":\"redac@webdo.tn\",\"legalName\":\"YNJ SARL\",\"foundingDate\":\"2010-09-06\",\"numberOfEmployees\":{\"@type\":\"QuantitativeValue\",\"minValue\":\"11\",\"maxValue\":\"50\"}},{\"@type\":\"Person\",\"@id\":\"https:\\\/\\\/www.webdo.tn\\\/fr\\\/#\\\/schema\\\/person\\\/19664196c9bfdcda126f3c27709f7d11\",\"name\":\"Firas Ben Abdeltif\",\"image\":{\"@type\":\"ImageObject\",\"inLanguage\":\"fr-FR\",\"@id\":\"https:\\\/\\\/secure.gravatar.com\\\/avatar\\\/161a347d40df098a084778c52ed133dbd85f14df003867067c5948081241ec55?s=96&d=mm&r=g\",\"url\":\"https:\\\/\\\/secure.gravatar.com\\\/avatar\\\/161a347d40df098a084778c52ed133dbd85f14df003867067c5948081241ec55?s=96&d=mm&r=g\",\"contentUrl\":\"https:\\\/\\\/secure.gravatar.com\\\/avatar\\\/161a347d40df098a084778c52ed133dbd85f14df003867067c5948081241ec55?s=96&d=mm&r=g\",\"caption\":\"Firas Ben Abdeltif\"},\"url\":\"https:\\\/\\\/www.webdo.tn\\\/fr\\\/actualite\\\/author\\\/firas-ben-abdeltif\\\/\"}]}<\/script>\n<!-- \/ Yoast SEO Premium plugin. -->","yoast_head_json":{"title":"Tunisie : Le d\u00e9ficit commercial recule \u00e0 2,78 milliards de dinars d\u00e9but 2026 - webdo","description":"Le d\u00e9ficit commercial en Tunisie recule \u00e0 2,78 milliards de dinars d\u00e9but 2026, gr\u00e2ce \u00e0 une hausse des exportations.","canonical":"https:\/\/www.webdo.tn\/fr\/actualite\/national\/tunisie-le-deficit-commercial-recule-a-278-milliards-de-dinars-debut-2026\/394517\/","og_locale":"fr_FR","og_type":"article","og_title":"Tunisie : Le d\u00e9ficit commercial recule \u00e0 2,78 milliards de dinars d\u00e9but 2026","og_description":"Le d\u00e9ficit commercial en Tunisie recule \u00e0 2,78 milliards de dinars d\u00e9but 2026, gr\u00e2ce \u00e0 une hausse des exportations.","og_url":"https:\/\/www.webdo.tn\/fr\/actualite\/national\/tunisie-le-deficit-commercial-recule-a-278-milliards-de-dinars-debut-2026\/394517\/","og_site_name":"webdo","article_publisher":"https:\/\/www.facebook.com\/webdotn","article_published_time":"2026-03-12T10:34:58+00:00","article_modified_time":"2026-03-12T10:35:02+00:00","og_image":[{"width":1200,"height":603,"url":"https:\/\/www.webdo.tn\/fr\/wp-content\/uploads\/2026\/01\/port-rades.jpg","type":"image\/jpeg"}],"author":"Firas Ben Abdeltif","twitter_card":"summary_large_image","twitter_creator":"@webdo_tn","twitter_site":"@webdo_tn","twitter_misc":{"\u00c9crit par":"Firas Ben Abdeltif","Dur\u00e9e de lecture estim\u00e9e":"2 minutes"},"schema":{"@context":"https:\/\/schema.org","@graph":[{"@type":"NewsArticle","@id":"https:\/\/www.webdo.tn\/fr\/actualite\/national\/tunisie-le-deficit-commercial-recule-a-278-milliards-de-dinars-debut-2026\/394517\/#article","isPartOf":{"@id":"https:\/\/www.webdo.tn\/fr\/actualite\/national\/tunisie-le-deficit-commercial-recule-a-278-milliards-de-dinars-debut-2026\/394517\/"},"author":{"name":"Firas Ben Abdeltif","@id":"https:\/\/www.webdo.tn\/fr\/#\/schema\/person\/19664196c9bfdcda126f3c27709f7d11"},"headline":"Tunisie : Le d\u00e9ficit commercial recule \u00e0 2,78 milliards de dinars d\u00e9but 2026","datePublished":"2026-03-12T10:34:58+00:00","dateModified":"2026-03-12T10:35:02+00:00","mainEntityOfPage":{"@id":"https:\/\/www.webdo.tn\/fr\/actualite\/national\/tunisie-le-deficit-commercial-recule-a-278-milliards-de-dinars-debut-2026\/394517\/"},"wordCount":212,"publisher":{"@id":"https:\/\/www.webdo.tn\/fr\/#organization"},"image":{"@id":"https:\/\/www.webdo.tn\/fr\/actualite\/national\/tunisie-le-deficit-commercial-recule-a-278-milliards-de-dinars-debut-2026\/394517\/#primaryimage"},"thumbnailUrl":"https:\/\/www.webdo.tn\/fr\/wp-content\/uploads\/2026\/01\/port-rades.jpg","keywords":["d\u00e9ficit commercial","Tunisie"],"articleSection":["National"],"inLanguage":"fr-FR"},{"@type":"WebPage","@id":"https:\/\/www.webdo.tn\/fr\/actualite\/national\/tunisie-le-deficit-commercial-recule-a-278-milliards-de-dinars-debut-2026\/394517\/","url":"https:\/\/www.webdo.tn\/fr\/actualite\/national\/tunisie-le-deficit-commercial-recule-a-278-milliards-de-dinars-debut-2026\/394517\/","name":"Tunisie : Le d\u00e9ficit commercial recule \u00e0 2,78 milliards de dinars d\u00e9but 2026 - webdo","isPartOf":{"@id":"https:\/\/www.webdo.tn\/fr\/#website"},"primaryImageOfPage":{"@id":"https:\/\/www.webdo.tn\/fr\/actualite\/national\/tunisie-le-deficit-commercial-recule-a-278-milliards-de-dinars-debut-2026\/394517\/#primaryimage"},"image":{"@id":"https:\/\/www.webdo.tn\/fr\/actualite\/national\/tunisie-le-deficit-commercial-recule-a-278-milliards-de-dinars-debut-2026\/394517\/#primaryimage"},"thumbnailUrl":"https:\/\/www.webdo.tn\/fr\/wp-content\/uploads\/2026\/01\/port-rades.jpg","datePublished":"2026-03-12T10:34:58+00:00","dateModified":"2026-03-12T10:35:02+00:00","description":"Le d\u00e9ficit commercial en Tunisie recule \u00e0 2,78 milliards de dinars d\u00e9but 2026, gr\u00e2ce \u00e0 une hausse des exportations.","breadcrumb":{"@id":"https:\/\/www.webdo.tn\/fr\/actualite\/national\/tunisie-le-deficit-commercial-recule-a-278-milliards-de-dinars-debut-2026\/394517\/#breadcrumb"},"inLanguage":"fr-FR","potentialAction":[{"@type":"ReadAction","target":["https:\/\/www.webdo.tn\/fr\/actualite\/national\/tunisie-le-deficit-commercial-recule-a-278-milliards-de-dinars-debut-2026\/394517\/"]}]},{"@type":"ImageObject","inLanguage":"fr-FR","@id":"https:\/\/www.webdo.tn\/fr\/actualite\/national\/tunisie-le-deficit-commercial-recule-a-278-milliards-de-dinars-debut-2026\/394517\/#primaryimage","url":"https:\/\/www.webdo.tn\/fr\/wp-content\/uploads\/2026\/01\/port-rades.jpg","contentUrl":"https:\/\/www.webdo.tn\/fr\/wp-content\/uploads\/2026\/01\/port-rades.jpg","width":1200,"height":603,"caption":"Agroalimentaire : L\u2019exc\u00e9dent commercial franchit les 798 MD au premier trimestre"},{"@type":"BreadcrumbList","@id":"https:\/\/www.webdo.tn\/fr\/actualite\/national\/tunisie-le-deficit-commercial-recule-a-278-milliards-de-dinars-debut-2026\/394517\/#breadcrumb","itemListElement":[{"@type":"ListItem","position":1,"name":"Accueil","item":"https:\/\/www.webdo.tn\/fr\/"},{"@type":"ListItem","position":2,"name":"Tunisie : Le d\u00e9ficit commercial recule \u00e0 2,78 milliards de dinars d\u00e9but 2026"}]},{"@type":"WebSite","@id":"https:\/\/www.webdo.tn\/fr\/#website","url":"https:\/\/www.webdo.tn\/fr\/","name":"webdo","description":"Tunisie - News en Tunisie et \u00e0 l&#039;international sur Webdo.tn","publisher":{"@id":"https:\/\/www.webdo.tn\/fr\/#organization"},"potentialAction":[{"@type":"SearchAction","target":{"@type":"EntryPoint","urlTemplate":"https:\/\/www.webdo.tn\/fr\/?s={search_term_string}"},"query-input":{"@type":"PropertyValueSpecification","valueRequired":true,"valueName":"search_term_string"}}],"inLanguage":"fr-FR"},{"@type":"Organization","@id":"https:\/\/www.webdo.tn\/fr\/#organization","name":"Webdo","alternateName":"Webdo.tn","url":"https:\/\/www.webdo.tn\/fr\/","logo":{"@type":"ImageObject","inLanguage":"fr-FR","@id":"https:\/\/www.webdo.tn\/fr\/#\/schema\/logo\/image\/","url":"https:\/\/www.webdo.tn\/fr\/wp-content\/uploads\/2025\/06\/Webdo-Tunisie_168377.jpg","contentUrl":"https:\/\/www.webdo.tn\/fr\/wp-content\/uploads\/2025\/06\/Webdo-Tunisie_168377.jpg","width":301,"height":301,"caption":"Webdo"},"image":{"@id":"https:\/\/www.webdo.tn\/fr\/#\/schema\/logo\/image\/"},"sameAs":["https:\/\/www.facebook.com\/webdotn","https:\/\/x.com\/webdo_tn"],"description":"Webdo est un m\u00e9dia num\u00e9rique tunisien fond\u00e9 en 2010, sp\u00e9cialis\u00e9 dans l\u2019actualit\u00e9 nationale et internationale, l\u2019\u00e9conomie, la soci\u00e9t\u00e9 et les analyses politiques. Le site s\u2019adresse \u00e0 un large public francophone et couvre l\u2019information tunisienne en temps r\u00e9el.","email":"redac@webdo.tn","legalName":"YNJ SARL","foundingDate":"2010-09-06","numberOfEmployees":{"@type":"QuantitativeValue","minValue":"11","maxValue":"50"}},{"@type":"Person","@id":"https:\/\/www.webdo.tn\/fr\/#\/schema\/person\/19664196c9bfdcda126f3c27709f7d11","name":"Firas Ben Abdeltif","image":{"@type":"ImageObject","inLanguage":"fr-FR","@id":"https:\/\/secure.gravatar.com\/avatar\/161a347d40df098a084778c52ed133dbd85f14df003867067c5948081241ec55?s=96&d=mm&r=g","url":"https:\/\/secure.gravatar.com\/avatar\/161a347d40df098a084778c52ed133dbd85f14df003867067c5948081241ec55?s=96&d=mm&r=g","contentUrl":"https:\/\/secure.gravatar.com\/avatar\/161a347d40df098a084778c52ed133dbd85f14df003867067c5948081241ec55?s=96&d=mm&r=g","caption":"Firas Ben Abdeltif"},"url":"https:\/\/www.webdo.tn\/fr\/actualite\/author\/firas-ben-abdeltif\/"}]}},"_links":{"self":[{"href":"https:\/\/www.webdo.tn\/fr\/wp-json\/wp\/v2\/posts\/394517","targetHints":{"allow":["GET"]}}],"collection":[{"href":"https:\/\/www.webdo.tn\/fr\/wp-json\/wp\/v2\/posts"}],"about":[{"href":"https:\/\/www.webdo.tn\/fr\/wp-json\/wp\/v2\/types\/post"}],"author":[{"embeddable":true,"href":"https:\/\/www.webdo.tn\/fr\/wp-json\/wp\/v2\/users\/4779"}],"replies":[{"embeddable":true,"href":"https:\/\/www.webdo.tn\/fr\/wp-json\/wp\/v2\/comments?post=394517"}],"version-history":[{"count":0,"href":"https:\/\/www.webdo.tn\/fr\/wp-json\/wp\/v2\/posts\/394517\/revisions"}],"wp:featuredmedia":[{"embeddable":true,"href":"https:\/\/www.webdo.tn\/fr\/wp-json\/wp\/v2\/media\/391175"}],"wp:attachment":[{"href":"https:\/\/www.webdo.tn\/fr\/wp-json\/wp\/v2\/media?parent=394517"}],"wp:term":[{"taxonomy":"category","embeddable":true,"href":"https:\/\/www.webdo.tn\/fr\/wp-json\/wp\/v2\/categories?post=394517"},{"taxonomy":"post_tag","embeddable":true,"href":"https:\/\/www.webdo.tn\/fr\/wp-json\/wp\/v2\/tags?post=394517"}],"curies":[{"name":"wp","href":"https:\/\/api.w.org\/{rel}","templated":true}]}}