{"id":394495,"date":"2026-03-12T10:16:04","date_gmt":"2026-03-12T09:16:04","guid":{"rendered":"https:\/\/www.webdo.tn\/fr\/?p=394495"},"modified":"2026-03-12T10:17:48","modified_gmt":"2026-03-12T09:17:48","slug":"faux-diplomes-a-tunisair-peines-alourdies-pour-lex-pdg-khaled-chelly-et-un-syndicaliste","status":"publish","type":"post","link":"https:\/\/www.webdo.tn\/fr\/actualite\/national\/faux-diplomes-a-tunisair-peines-alourdies-pour-lex-pdg-khaled-chelly-et-un-syndicaliste\/394495\/","title":{"rendered":"Faux dipl\u00f4mes \u00e0 Tunisair : Peines alourdies pour l\u2019ex-PDG Khaled Chelly et un syndicaliste"},"content":{"rendered":"\n<p><strong>Nouveau rebondissement dans l\u2019affaire des faux dipl\u00f4mes \u00e0 Tunisair. La chambre criminelle de la cour d\u2019appel de Tunis a alourdi les peines prononc\u00e9es contre Khaled Chelly, ancien PDG de la compagnie nationale, et Nejmeddine Mzoughi, ex-secr\u00e9taire g\u00e9n\u00e9ral du syndicat de Tunisair. <\/strong><\/p>\n\n\n\n<p>Le premier a \u00e9t\u00e9 condamn\u00e9 \u00e0 cinq ans de prison, contre trois ans en premi\u00e8re instance, tandis que le second a \u00e9cop\u00e9 de six ans, au lieu de quatre.<\/p>\n\n\n\n<h2 class=\"wp-block-heading\" id=\"h-des-peines-revues-a-la-hausse-en-appel\">Des peines revues \u00e0 la hausse en appel<\/h2>\n\n\n\n<p>La justice a donc durci sa position dans ce dossier li\u00e9 \u00e0 des soup\u00e7ons de recrutements sur la base de dipl\u00f4mes falsifi\u00e9s au sein de Tunisair. <\/p>\n\n\n\n<p>En premi\u00e8re instance, Khaled Chelly avait \u00e9t\u00e9 condamn\u00e9 \u00e0 trois ans de prison et Nejmeddine Mzoughi \u00e0 quatre ans. La cour d\u2019appel de Tunis a finalement port\u00e9 ces peines \u00e0 respectivement cinq et six ans de prison.<\/p>\n\n\n\n<h2 class=\"wp-block-heading\" id=\"h-un-dossier-portant-sur-des-recrutements-suspects\">Un dossier portant sur des recrutements suspects<\/h2>\n\n\n\n<p>Pour rappel, l\u2019affaire concerne des soup\u00e7ons d\u2019embauches li\u00e9es \u00e0 des faux dipl\u00f4mes, ainsi que des accusations d\u2019exploitation par un agent public de sa qualit\u00e9 pour obtenir un avantage indu pour lui-m\u00eame ou pour autrui, avec pr\u00e9judice caus\u00e9 \u00e0 l\u2019administration. <\/p>\n\n\n\n<p>Avant l\u2019ouverture du proc\u00e8s, la chambre d\u2019accusation pr\u00e8s la cour d\u2019appel de Tunis avait d\u00e9cid\u00e9 de renvoyer Khaled Chelly et Nejmeddine Mzoughi devant la chambre criminelle pour y \u00eatre jug\u00e9s. Les deux hommes comparaissaient en \u00e9tat de d\u00e9tention, tandis que d\u2019autres accus\u00e9s dans l\u2019affaire \u00e9taient poursuivis en libert\u00e9.<\/p>\n\n\n\n<blockquote class=\"wp-block-quote is-layout-flow wp-block-quote-is-layout-flow\">\n<blockquote class=\"wp-block-quote is-layout-flow wp-block-quote-is-layout-flow\">\n<p><strong>Lire aussi:<\/strong><\/p>\n\n\n\n<ul class=\"wp-block-list\">\n<li class=\"has-medium-font-size\"><a href=\"https:\/\/www.webdo.tn\/fr\/actualite\/national\/affaire-des-faux-diplomes-a-tunisair-prison-ferme-pour-lex-pdg-khaled-chelly-et-un-syndicaliste\/386283\/\">Affaire des faux dipl\u00f4mes \u00e0 Tunisair : prison ferme pour l\u2019ex-PDG Khaled Chelly et un syndicaliste<\/a><\/li>\n<\/ul>\n<\/blockquote>\n<\/blockquote>\n\n\n\n<p><\/p>\n","protected":false},"excerpt":{"rendered":"<p>Nouveau rebondissement dans l\u2019affaire des faux dipl\u00f4mes \u00e0 Tunisair. La chambre criminelle de la cour d\u2019appel de Tunis a alourdi les peines prononc\u00e9es contre Khaled Chelly, ancien PDG de la compagnie nationale, et Nejmeddine Mzoughi, ex-secr\u00e9taire g\u00e9n\u00e9ral du syndicat de Tunisair. Le premier a \u00e9t\u00e9 condamn\u00e9 \u00e0 cinq ans de prison, contre trois ans en [&hellip;]<\/p>\n","protected":false},"author":4779,"featured_media":386285,"comment_status":"closed","ping_status":"closed","sticky":false,"template":"","format":"standard","meta":{"footnotes":""},"categories":[44],"tags":[10105,6034,3451],"class_list":["post-394495","post","type-post","status-publish","format-standard","has-post-thumbnail","hentry","category-national","tag-faux-diplomes","tag-khaled-chelly","tag-tunisair"],"yoast_head":"<!-- This site is optimized with the Yoast SEO Premium plugin v27.5 (Yoast SEO v27.5) - https:\/\/yoast.com\/product\/yoast-seo-premium-wordpress\/ -->\n<title>Faux dipl\u00f4mes \u00e0 Tunisair : Peines alourdies pour l\u2019ex-PDG Khaled Chelly et un syndicaliste - webdo<\/title>\n<meta name=\"description\" content=\"L\u2019affaire des faux dipl\u00f4mes \u00e0 Tunisair prend un nouveau tournant : Khaled Chelly et Nejmeddine Mzoughi condamn\u00e9s \u00e0 des peines plus lourdes.\" \/>\n<link rel=\"canonical\" href=\"https:\/\/www.webdo.tn\/fr\/actualite\/national\/faux-diplomes-a-tunisair-peines-alourdies-pour-lex-pdg-khaled-chelly-et-un-syndicaliste\/394495\/\" \/>\n<meta property=\"og:locale\" content=\"fr_FR\" \/>\n<meta property=\"og:type\" content=\"article\" \/>\n<meta property=\"og:title\" content=\"Faux dipl\u00f4mes \u00e0 Tunisair : Peines alourdies pour l\u2019ex-PDG Khaled Chelly et un syndicaliste\" \/>\n<meta property=\"og:description\" content=\"L\u2019affaire des faux dipl\u00f4mes \u00e0 Tunisair prend un nouveau tournant : Khaled Chelly et Nejmeddine Mzoughi condamn\u00e9s \u00e0 des peines plus lourdes.\" \/>\n<meta property=\"og:url\" content=\"https:\/\/www.webdo.tn\/fr\/actualite\/national\/faux-diplomes-a-tunisair-peines-alourdies-pour-lex-pdg-khaled-chelly-et-un-syndicaliste\/394495\/\" \/>\n<meta property=\"og:site_name\" content=\"webdo\" \/>\n<meta property=\"article:publisher\" content=\"https:\/\/www.facebook.com\/webdotn\" \/>\n<meta property=\"article:published_time\" content=\"2026-03-12T09:16:04+00:00\" \/>\n<meta property=\"article:modified_time\" content=\"2026-03-12T09:17:48+00:00\" \/>\n<meta property=\"og:image\" content=\"https:\/\/www.webdo.tn\/fr\/wp-content\/uploads\/2025\/10\/Khaled-Chelly.jpg\" \/>\n\t<meta property=\"og:image:width\" content=\"1200\" \/>\n\t<meta property=\"og:image:height\" content=\"600\" \/>\n\t<meta property=\"og:image:type\" content=\"image\/jpeg\" \/>\n<meta name=\"author\" content=\"Firas Ben Abdeltif\" \/>\n<meta name=\"twitter:card\" content=\"summary_large_image\" \/>\n<meta name=\"twitter:creator\" content=\"@webdo_tn\" \/>\n<meta name=\"twitter:site\" content=\"@webdo_tn\" \/>\n<meta name=\"twitter:label1\" content=\"\u00c9crit par\" \/>\n\t<meta name=\"twitter:data1\" content=\"Firas Ben Abdeltif\" \/>\n\t<meta name=\"twitter:label2\" content=\"Dur\u00e9e de lecture estim\u00e9e\" \/>\n\t<meta name=\"twitter:data2\" content=\"2 minutes\" \/>\n<script type=\"application\/ld+json\" class=\"yoast-schema-graph\">{\"@context\":\"https:\\\/\\\/schema.org\",\"@graph\":[{\"@type\":\"NewsArticle\",\"@id\":\"https:\\\/\\\/www.webdo.tn\\\/fr\\\/actualite\\\/national\\\/faux-diplomes-a-tunisair-peines-alourdies-pour-lex-pdg-khaled-chelly-et-un-syndicaliste\\\/394495\\\/#article\",\"isPartOf\":{\"@id\":\"https:\\\/\\\/www.webdo.tn\\\/fr\\\/actualite\\\/national\\\/faux-diplomes-a-tunisair-peines-alourdies-pour-lex-pdg-khaled-chelly-et-un-syndicaliste\\\/394495\\\/\"},\"author\":{\"name\":\"Firas Ben Abdeltif\",\"@id\":\"https:\\\/\\\/www.webdo.tn\\\/fr\\\/#\\\/schema\\\/person\\\/19664196c9bfdcda126f3c27709f7d11\"},\"headline\":\"Faux dipl\u00f4mes \u00e0 Tunisair : Peines alourdies pour l\u2019ex-PDG Khaled Chelly et un syndicaliste\",\"datePublished\":\"2026-03-12T09:16:04+00:00\",\"dateModified\":\"2026-03-12T09:17:48+00:00\",\"mainEntityOfPage\":{\"@id\":\"https:\\\/\\\/www.webdo.tn\\\/fr\\\/actualite\\\/national\\\/faux-diplomes-a-tunisair-peines-alourdies-pour-lex-pdg-khaled-chelly-et-un-syndicaliste\\\/394495\\\/\"},\"wordCount\":291,\"publisher\":{\"@id\":\"https:\\\/\\\/www.webdo.tn\\\/fr\\\/#organization\"},\"image\":{\"@id\":\"https:\\\/\\\/www.webdo.tn\\\/fr\\\/actualite\\\/national\\\/faux-diplomes-a-tunisair-peines-alourdies-pour-lex-pdg-khaled-chelly-et-un-syndicaliste\\\/394495\\\/#primaryimage\"},\"thumbnailUrl\":\"https:\\\/\\\/www.webdo.tn\\\/fr\\\/wp-content\\\/uploads\\\/2025\\\/10\\\/Khaled-Chelly.jpg\",\"keywords\":[\"'Faux dipl\u00f4mes']\",\"Khaled Chelly\",\"Tunisair\"],\"articleSection\":[\"National\"],\"inLanguage\":\"fr-FR\"},{\"@type\":\"WebPage\",\"@id\":\"https:\\\/\\\/www.webdo.tn\\\/fr\\\/actualite\\\/national\\\/faux-diplomes-a-tunisair-peines-alourdies-pour-lex-pdg-khaled-chelly-et-un-syndicaliste\\\/394495\\\/\",\"url\":\"https:\\\/\\\/www.webdo.tn\\\/fr\\\/actualite\\\/national\\\/faux-diplomes-a-tunisair-peines-alourdies-pour-lex-pdg-khaled-chelly-et-un-syndicaliste\\\/394495\\\/\",\"name\":\"Faux dipl\u00f4mes \u00e0 Tunisair : Peines alourdies pour l\u2019ex-PDG Khaled Chelly et un syndicaliste - webdo\",\"isPartOf\":{\"@id\":\"https:\\\/\\\/www.webdo.tn\\\/fr\\\/#website\"},\"primaryImageOfPage\":{\"@id\":\"https:\\\/\\\/www.webdo.tn\\\/fr\\\/actualite\\\/national\\\/faux-diplomes-a-tunisair-peines-alourdies-pour-lex-pdg-khaled-chelly-et-un-syndicaliste\\\/394495\\\/#primaryimage\"},\"image\":{\"@id\":\"https:\\\/\\\/www.webdo.tn\\\/fr\\\/actualite\\\/national\\\/faux-diplomes-a-tunisair-peines-alourdies-pour-lex-pdg-khaled-chelly-et-un-syndicaliste\\\/394495\\\/#primaryimage\"},\"thumbnailUrl\":\"https:\\\/\\\/www.webdo.tn\\\/fr\\\/wp-content\\\/uploads\\\/2025\\\/10\\\/Khaled-Chelly.jpg\",\"datePublished\":\"2026-03-12T09:16:04+00:00\",\"dateModified\":\"2026-03-12T09:17:48+00:00\",\"description\":\"L\u2019affaire des faux dipl\u00f4mes \u00e0 Tunisair prend un nouveau tournant : Khaled Chelly et Nejmeddine Mzoughi condamn\u00e9s \u00e0 des peines plus lourdes.\",\"breadcrumb\":{\"@id\":\"https:\\\/\\\/www.webdo.tn\\\/fr\\\/actualite\\\/national\\\/faux-diplomes-a-tunisair-peines-alourdies-pour-lex-pdg-khaled-chelly-et-un-syndicaliste\\\/394495\\\/#breadcrumb\"},\"inLanguage\":\"fr-FR\",\"potentialAction\":[{\"@type\":\"ReadAction\",\"target\":[\"https:\\\/\\\/www.webdo.tn\\\/fr\\\/actualite\\\/national\\\/faux-diplomes-a-tunisair-peines-alourdies-pour-lex-pdg-khaled-chelly-et-un-syndicaliste\\\/394495\\\/\"]}]},{\"@type\":\"ImageObject\",\"inLanguage\":\"fr-FR\",\"@id\":\"https:\\\/\\\/www.webdo.tn\\\/fr\\\/actualite\\\/national\\\/faux-diplomes-a-tunisair-peines-alourdies-pour-lex-pdg-khaled-chelly-et-un-syndicaliste\\\/394495\\\/#primaryimage\",\"url\":\"https:\\\/\\\/www.webdo.tn\\\/fr\\\/wp-content\\\/uploads\\\/2025\\\/10\\\/Khaled-Chelly.jpg\",\"contentUrl\":\"https:\\\/\\\/www.webdo.tn\\\/fr\\\/wp-content\\\/uploads\\\/2025\\\/10\\\/Khaled-Chelly.jpg\",\"width\":1200,\"height\":600,\"caption\":\"Ancien PDG de Tunisiar, Khaled Chelly\"},{\"@type\":\"BreadcrumbList\",\"@id\":\"https:\\\/\\\/www.webdo.tn\\\/fr\\\/actualite\\\/national\\\/faux-diplomes-a-tunisair-peines-alourdies-pour-lex-pdg-khaled-chelly-et-un-syndicaliste\\\/394495\\\/#breadcrumb\",\"itemListElement\":[{\"@type\":\"ListItem\",\"position\":1,\"name\":\"Accueil\",\"item\":\"https:\\\/\\\/www.webdo.tn\\\/fr\\\/\"},{\"@type\":\"ListItem\",\"position\":2,\"name\":\"Faux dipl\u00f4mes \u00e0 Tunisair : Peines alourdies pour l\u2019ex-PDG Khaled Chelly et un syndicaliste\"}]},{\"@type\":\"WebSite\",\"@id\":\"https:\\\/\\\/www.webdo.tn\\\/fr\\\/#website\",\"url\":\"https:\\\/\\\/www.webdo.tn\\\/fr\\\/\",\"name\":\"webdo\",\"description\":\"Tunisie - News en Tunisie et \u00e0 l&#039;international sur Webdo.tn\",\"publisher\":{\"@id\":\"https:\\\/\\\/www.webdo.tn\\\/fr\\\/#organization\"},\"potentialAction\":[{\"@type\":\"SearchAction\",\"target\":{\"@type\":\"EntryPoint\",\"urlTemplate\":\"https:\\\/\\\/www.webdo.tn\\\/fr\\\/?s={search_term_string}\"},\"query-input\":{\"@type\":\"PropertyValueSpecification\",\"valueRequired\":true,\"valueName\":\"search_term_string\"}}],\"inLanguage\":\"fr-FR\"},{\"@type\":\"Organization\",\"@id\":\"https:\\\/\\\/www.webdo.tn\\\/fr\\\/#organization\",\"name\":\"Webdo\",\"alternateName\":\"Webdo.tn\",\"url\":\"https:\\\/\\\/www.webdo.tn\\\/fr\\\/\",\"logo\":{\"@type\":\"ImageObject\",\"inLanguage\":\"fr-FR\",\"@id\":\"https:\\\/\\\/www.webdo.tn\\\/fr\\\/#\\\/schema\\\/logo\\\/image\\\/\",\"url\":\"https:\\\/\\\/www.webdo.tn\\\/fr\\\/wp-content\\\/uploads\\\/2025\\\/06\\\/Webdo-Tunisie_168377.jpg\",\"contentUrl\":\"https:\\\/\\\/www.webdo.tn\\\/fr\\\/wp-content\\\/uploads\\\/2025\\\/06\\\/Webdo-Tunisie_168377.jpg\",\"width\":301,\"height\":301,\"caption\":\"Webdo\"},\"image\":{\"@id\":\"https:\\\/\\\/www.webdo.tn\\\/fr\\\/#\\\/schema\\\/logo\\\/image\\\/\"},\"sameAs\":[\"https:\\\/\\\/www.facebook.com\\\/webdotn\",\"https:\\\/\\\/x.com\\\/webdo_tn\"],\"description\":\"Webdo est un m\u00e9dia num\u00e9rique tunisien fond\u00e9 en 2010, sp\u00e9cialis\u00e9 dans l\u2019actualit\u00e9 nationale et internationale, l\u2019\u00e9conomie, la soci\u00e9t\u00e9 et les analyses politiques. Le site s\u2019adresse \u00e0 un large public francophone et couvre l\u2019information tunisienne en temps r\u00e9el.\",\"email\":\"redac@webdo.tn\",\"legalName\":\"YNJ SARL\",\"foundingDate\":\"2010-09-06\",\"numberOfEmployees\":{\"@type\":\"QuantitativeValue\",\"minValue\":\"11\",\"maxValue\":\"50\"}},{\"@type\":\"Person\",\"@id\":\"https:\\\/\\\/www.webdo.tn\\\/fr\\\/#\\\/schema\\\/person\\\/19664196c9bfdcda126f3c27709f7d11\",\"name\":\"Firas Ben Abdeltif\",\"image\":{\"@type\":\"ImageObject\",\"inLanguage\":\"fr-FR\",\"@id\":\"https:\\\/\\\/secure.gravatar.com\\\/avatar\\\/161a347d40df098a084778c52ed133dbd85f14df003867067c5948081241ec55?s=96&d=mm&r=g\",\"url\":\"https:\\\/\\\/secure.gravatar.com\\\/avatar\\\/161a347d40df098a084778c52ed133dbd85f14df003867067c5948081241ec55?s=96&d=mm&r=g\",\"contentUrl\":\"https:\\\/\\\/secure.gravatar.com\\\/avatar\\\/161a347d40df098a084778c52ed133dbd85f14df003867067c5948081241ec55?s=96&d=mm&r=g\",\"caption\":\"Firas Ben Abdeltif\"},\"url\":\"https:\\\/\\\/www.webdo.tn\\\/fr\\\/actualite\\\/author\\\/firas-ben-abdeltif\\\/\"}]}<\/script>\n<!-- \/ Yoast SEO Premium plugin. -->","yoast_head_json":{"title":"Faux dipl\u00f4mes \u00e0 Tunisair : Peines alourdies pour l\u2019ex-PDG Khaled Chelly et un syndicaliste - webdo","description":"L\u2019affaire des faux dipl\u00f4mes \u00e0 Tunisair prend un nouveau tournant : Khaled Chelly et Nejmeddine Mzoughi condamn\u00e9s \u00e0 des peines plus lourdes.","canonical":"https:\/\/www.webdo.tn\/fr\/actualite\/national\/faux-diplomes-a-tunisair-peines-alourdies-pour-lex-pdg-khaled-chelly-et-un-syndicaliste\/394495\/","og_locale":"fr_FR","og_type":"article","og_title":"Faux dipl\u00f4mes \u00e0 Tunisair : Peines alourdies pour l\u2019ex-PDG Khaled Chelly et un syndicaliste","og_description":"L\u2019affaire des faux dipl\u00f4mes \u00e0 Tunisair prend un nouveau tournant : Khaled Chelly et Nejmeddine Mzoughi condamn\u00e9s \u00e0 des peines plus lourdes.","og_url":"https:\/\/www.webdo.tn\/fr\/actualite\/national\/faux-diplomes-a-tunisair-peines-alourdies-pour-lex-pdg-khaled-chelly-et-un-syndicaliste\/394495\/","og_site_name":"webdo","article_publisher":"https:\/\/www.facebook.com\/webdotn","article_published_time":"2026-03-12T09:16:04+00:00","article_modified_time":"2026-03-12T09:17:48+00:00","og_image":[{"width":1200,"height":600,"url":"https:\/\/www.webdo.tn\/fr\/wp-content\/uploads\/2025\/10\/Khaled-Chelly.jpg","type":"image\/jpeg"}],"author":"Firas Ben Abdeltif","twitter_card":"summary_large_image","twitter_creator":"@webdo_tn","twitter_site":"@webdo_tn","twitter_misc":{"\u00c9crit par":"Firas Ben Abdeltif","Dur\u00e9e de lecture estim\u00e9e":"2 minutes"},"schema":{"@context":"https:\/\/schema.org","@graph":[{"@type":"NewsArticle","@id":"https:\/\/www.webdo.tn\/fr\/actualite\/national\/faux-diplomes-a-tunisair-peines-alourdies-pour-lex-pdg-khaled-chelly-et-un-syndicaliste\/394495\/#article","isPartOf":{"@id":"https:\/\/www.webdo.tn\/fr\/actualite\/national\/faux-diplomes-a-tunisair-peines-alourdies-pour-lex-pdg-khaled-chelly-et-un-syndicaliste\/394495\/"},"author":{"name":"Firas Ben Abdeltif","@id":"https:\/\/www.webdo.tn\/fr\/#\/schema\/person\/19664196c9bfdcda126f3c27709f7d11"},"headline":"Faux dipl\u00f4mes \u00e0 Tunisair : Peines alourdies pour l\u2019ex-PDG Khaled Chelly et un syndicaliste","datePublished":"2026-03-12T09:16:04+00:00","dateModified":"2026-03-12T09:17:48+00:00","mainEntityOfPage":{"@id":"https:\/\/www.webdo.tn\/fr\/actualite\/national\/faux-diplomes-a-tunisair-peines-alourdies-pour-lex-pdg-khaled-chelly-et-un-syndicaliste\/394495\/"},"wordCount":291,"publisher":{"@id":"https:\/\/www.webdo.tn\/fr\/#organization"},"image":{"@id":"https:\/\/www.webdo.tn\/fr\/actualite\/national\/faux-diplomes-a-tunisair-peines-alourdies-pour-lex-pdg-khaled-chelly-et-un-syndicaliste\/394495\/#primaryimage"},"thumbnailUrl":"https:\/\/www.webdo.tn\/fr\/wp-content\/uploads\/2025\/10\/Khaled-Chelly.jpg","keywords":["'Faux dipl\u00f4mes']","Khaled Chelly","Tunisair"],"articleSection":["National"],"inLanguage":"fr-FR"},{"@type":"WebPage","@id":"https:\/\/www.webdo.tn\/fr\/actualite\/national\/faux-diplomes-a-tunisair-peines-alourdies-pour-lex-pdg-khaled-chelly-et-un-syndicaliste\/394495\/","url":"https:\/\/www.webdo.tn\/fr\/actualite\/national\/faux-diplomes-a-tunisair-peines-alourdies-pour-lex-pdg-khaled-chelly-et-un-syndicaliste\/394495\/","name":"Faux dipl\u00f4mes \u00e0 Tunisair : Peines alourdies pour l\u2019ex-PDG Khaled Chelly et un syndicaliste - webdo","isPartOf":{"@id":"https:\/\/www.webdo.tn\/fr\/#website"},"primaryImageOfPage":{"@id":"https:\/\/www.webdo.tn\/fr\/actualite\/national\/faux-diplomes-a-tunisair-peines-alourdies-pour-lex-pdg-khaled-chelly-et-un-syndicaliste\/394495\/#primaryimage"},"image":{"@id":"https:\/\/www.webdo.tn\/fr\/actualite\/national\/faux-diplomes-a-tunisair-peines-alourdies-pour-lex-pdg-khaled-chelly-et-un-syndicaliste\/394495\/#primaryimage"},"thumbnailUrl":"https:\/\/www.webdo.tn\/fr\/wp-content\/uploads\/2025\/10\/Khaled-Chelly.jpg","datePublished":"2026-03-12T09:16:04+00:00","dateModified":"2026-03-12T09:17:48+00:00","description":"L\u2019affaire des faux dipl\u00f4mes \u00e0 Tunisair prend un nouveau tournant : Khaled Chelly et Nejmeddine Mzoughi condamn\u00e9s \u00e0 des peines plus lourdes.","breadcrumb":{"@id":"https:\/\/www.webdo.tn\/fr\/actualite\/national\/faux-diplomes-a-tunisair-peines-alourdies-pour-lex-pdg-khaled-chelly-et-un-syndicaliste\/394495\/#breadcrumb"},"inLanguage":"fr-FR","potentialAction":[{"@type":"ReadAction","target":["https:\/\/www.webdo.tn\/fr\/actualite\/national\/faux-diplomes-a-tunisair-peines-alourdies-pour-lex-pdg-khaled-chelly-et-un-syndicaliste\/394495\/"]}]},{"@type":"ImageObject","inLanguage":"fr-FR","@id":"https:\/\/www.webdo.tn\/fr\/actualite\/national\/faux-diplomes-a-tunisair-peines-alourdies-pour-lex-pdg-khaled-chelly-et-un-syndicaliste\/394495\/#primaryimage","url":"https:\/\/www.webdo.tn\/fr\/wp-content\/uploads\/2025\/10\/Khaled-Chelly.jpg","contentUrl":"https:\/\/www.webdo.tn\/fr\/wp-content\/uploads\/2025\/10\/Khaled-Chelly.jpg","width":1200,"height":600,"caption":"Ancien PDG de Tunisiar, Khaled Chelly"},{"@type":"BreadcrumbList","@id":"https:\/\/www.webdo.tn\/fr\/actualite\/national\/faux-diplomes-a-tunisair-peines-alourdies-pour-lex-pdg-khaled-chelly-et-un-syndicaliste\/394495\/#breadcrumb","itemListElement":[{"@type":"ListItem","position":1,"name":"Accueil","item":"https:\/\/www.webdo.tn\/fr\/"},{"@type":"ListItem","position":2,"name":"Faux dipl\u00f4mes \u00e0 Tunisair : Peines alourdies pour l\u2019ex-PDG Khaled Chelly et un syndicaliste"}]},{"@type":"WebSite","@id":"https:\/\/www.webdo.tn\/fr\/#website","url":"https:\/\/www.webdo.tn\/fr\/","name":"webdo","description":"Tunisie - News en Tunisie et \u00e0 l&#039;international sur Webdo.tn","publisher":{"@id":"https:\/\/www.webdo.tn\/fr\/#organization"},"potentialAction":[{"@type":"SearchAction","target":{"@type":"EntryPoint","urlTemplate":"https:\/\/www.webdo.tn\/fr\/?s={search_term_string}"},"query-input":{"@type":"PropertyValueSpecification","valueRequired":true,"valueName":"search_term_string"}}],"inLanguage":"fr-FR"},{"@type":"Organization","@id":"https:\/\/www.webdo.tn\/fr\/#organization","name":"Webdo","alternateName":"Webdo.tn","url":"https:\/\/www.webdo.tn\/fr\/","logo":{"@type":"ImageObject","inLanguage":"fr-FR","@id":"https:\/\/www.webdo.tn\/fr\/#\/schema\/logo\/image\/","url":"https:\/\/www.webdo.tn\/fr\/wp-content\/uploads\/2025\/06\/Webdo-Tunisie_168377.jpg","contentUrl":"https:\/\/www.webdo.tn\/fr\/wp-content\/uploads\/2025\/06\/Webdo-Tunisie_168377.jpg","width":301,"height":301,"caption":"Webdo"},"image":{"@id":"https:\/\/www.webdo.tn\/fr\/#\/schema\/logo\/image\/"},"sameAs":["https:\/\/www.facebook.com\/webdotn","https:\/\/x.com\/webdo_tn"],"description":"Webdo est un m\u00e9dia num\u00e9rique tunisien fond\u00e9 en 2010, sp\u00e9cialis\u00e9 dans l\u2019actualit\u00e9 nationale et internationale, l\u2019\u00e9conomie, la soci\u00e9t\u00e9 et les analyses politiques. Le site s\u2019adresse \u00e0 un large public francophone et couvre l\u2019information tunisienne en temps r\u00e9el.","email":"redac@webdo.tn","legalName":"YNJ SARL","foundingDate":"2010-09-06","numberOfEmployees":{"@type":"QuantitativeValue","minValue":"11","maxValue":"50"}},{"@type":"Person","@id":"https:\/\/www.webdo.tn\/fr\/#\/schema\/person\/19664196c9bfdcda126f3c27709f7d11","name":"Firas Ben Abdeltif","image":{"@type":"ImageObject","inLanguage":"fr-FR","@id":"https:\/\/secure.gravatar.com\/avatar\/161a347d40df098a084778c52ed133dbd85f14df003867067c5948081241ec55?s=96&d=mm&r=g","url":"https:\/\/secure.gravatar.com\/avatar\/161a347d40df098a084778c52ed133dbd85f14df003867067c5948081241ec55?s=96&d=mm&r=g","contentUrl":"https:\/\/secure.gravatar.com\/avatar\/161a347d40df098a084778c52ed133dbd85f14df003867067c5948081241ec55?s=96&d=mm&r=g","caption":"Firas Ben Abdeltif"},"url":"https:\/\/www.webdo.tn\/fr\/actualite\/author\/firas-ben-abdeltif\/"}]}},"_links":{"self":[{"href":"https:\/\/www.webdo.tn\/fr\/wp-json\/wp\/v2\/posts\/394495","targetHints":{"allow":["GET"]}}],"collection":[{"href":"https:\/\/www.webdo.tn\/fr\/wp-json\/wp\/v2\/posts"}],"about":[{"href":"https:\/\/www.webdo.tn\/fr\/wp-json\/wp\/v2\/types\/post"}],"author":[{"embeddable":true,"href":"https:\/\/www.webdo.tn\/fr\/wp-json\/wp\/v2\/users\/4779"}],"replies":[{"embeddable":true,"href":"https:\/\/www.webdo.tn\/fr\/wp-json\/wp\/v2\/comments?post=394495"}],"version-history":[{"count":0,"href":"https:\/\/www.webdo.tn\/fr\/wp-json\/wp\/v2\/posts\/394495\/revisions"}],"wp:featuredmedia":[{"embeddable":true,"href":"https:\/\/www.webdo.tn\/fr\/wp-json\/wp\/v2\/media\/386285"}],"wp:attachment":[{"href":"https:\/\/www.webdo.tn\/fr\/wp-json\/wp\/v2\/media?parent=394495"}],"wp:term":[{"taxonomy":"category","embeddable":true,"href":"https:\/\/www.webdo.tn\/fr\/wp-json\/wp\/v2\/categories?post=394495"},{"taxonomy":"post_tag","embeddable":true,"href":"https:\/\/www.webdo.tn\/fr\/wp-json\/wp\/v2\/tags?post=394495"}],"curies":[{"name":"wp","href":"https:\/\/api.w.org\/{rel}","templated":true}]}}