{"id":394489,"date":"2026-03-12T09:40:34","date_gmt":"2026-03-12T08:40:34","guid":{"rendered":"https:\/\/www.webdo.tn\/fr\/?p=394489"},"modified":"2026-03-12T09:40:36","modified_gmt":"2026-03-12T08:40:36","slug":"guerre-contre-liran-les-etats-liberent-leurs-reserves-petrolieres-face-a-la-flambee-des-prix","status":"publish","type":"post","link":"https:\/\/www.webdo.tn\/fr\/actualite\/international\/guerre-contre-liran-les-etats-liberent-leurs-reserves-petrolieres-face-a-la-flambee-des-prix\/394489\/","title":{"rendered":"Guerre contre l\u2019Iran : Les \u00c9tats lib\u00e8rent leurs r\u00e9serves p\u00e9troli\u00e8res face \u00e0 la flamb\u00e9e des prix"},"content":{"rendered":"\n<p><strong>Alors que le conflit impliquant l\u2019Iran, Isra\u00ebl et les \u00c9tats-Unis continue de provoquer de fortes tensions au Moyen-Orient, plusieurs pays commencent \u00e0 prendre des mesures d\u2019urgence pour limiter les cons\u00e9quences \u00e9conomiques de la crise \u00e9nerg\u00e9tique qui s\u2019annonce.<\/strong><\/p>\n\n\n\n<p>Face \u00e0 la hausse rapide des prix du p\u00e9trole et aux perturbations des routes maritimes dans le Golfe, plusieurs gouvernements ont d\u00e9cid\u00e9 de mobiliser leurs r\u00e9serves strat\u00e9giques de p\u00e9trole afin de stabiliser les march\u00e9s.<\/p>\n\n\n\n<h2 class=\"wp-block-heading\" id=\"h-une-intervention-coordonnee-de-l-agence-internationale-de-l-energie\">Une intervention coordonn\u00e9e de l\u2019Agence internationale de l\u2019\u00e9nergie<\/h2>\n\n\n\n<p>Plusieurs \u00c9tats membres de l\u2019International Energy Agency ont d\u00e9cid\u00e9 d\u2019injecter d\u2019importants volumes de p\u00e9trole sur le march\u00e9 afin d\u2019\u00e9viter un choc \u00e9nerg\u00e9tique.<\/p>\n\n\n\n<p>Selon des informations relay\u00e9es par Reuters, l\u2019Italie pr\u00e9voit notamment de lib\u00e9rer 9 millions de barils de ses r\u00e9serves strat\u00e9giques, disponibles imm\u00e9diatement.<\/p>\n\n\n\n<p>Cette d\u00e9cision s\u2019inscrit dans une recommandation de l\u2019agence visant \u00e0 injecter jusqu\u2019\u00e0 400 millions de barils de p\u00e9trole sur les march\u00e9s mondiaux, ce qui constituerait la plus importante op\u00e9ration coordonn\u00e9e de ce type jamais men\u00e9e.<\/p>\n\n\n\n<p>L\u2019objectif est de contenir la flamb\u00e9e des prix provoqu\u00e9e par les tensions militaires et les risques pesant sur les routes p\u00e9troli\u00e8res du Golfe.<\/p>\n\n\n\n<h2 class=\"wp-block-heading\" id=\"h-des-tensions-sur-les-routes-petrolieres-du-golfe\">Des tensions sur les routes p\u00e9troli\u00e8res du Golfe<\/h2>\n\n\n\n<p>La situation est particuli\u00e8rement surveill\u00e9e autour du d\u00e9troit d\u2019Ormuz, un passage strat\u00e9gique par lequel transite environ un cinqui\u00e8me du p\u00e9trole consomm\u00e9 dans le monde.<\/p>\n\n\n\n<p>Les attaques r\u00e9centes contre des navires pr\u00e8s des terminaux p\u00e9troliers irakiens de Bassora ont raviv\u00e9 les inqui\u00e9tudes concernant la s\u00e9curit\u00e9 du transport maritime dans la r\u00e9gion.<\/p>\n\n\n\n<p>Les autorit\u00e9s irakiennes ont averti que toute perturbation prolong\u00e9e dans cette zone pourrait avoir des cons\u00e9quences \u00e9conomiques importantes, l\u2019Irak d\u00e9pendant largement de ses exportations de p\u00e9trole.<\/p>\n\n\n\n<h2 class=\"wp-block-heading\" id=\"h-le-carburant-deja-plus-cher-dans-de-nombreux-pays\">Le carburant d\u00e9j\u00e0 plus cher dans de nombreux pays<\/h2>\n\n\n\n<p>Les consommateurs commencent d\u00e9j\u00e0 \u00e0 ressentir l\u2019impact de ces tensions.<\/p>\n\n\n\n<p>Aux \u00c9tats-Unis, le prix moyen de l\u2019essence est pass\u00e9 d\u2019environ 2,94 dollars par gallon en f\u00e9vrier \u00e0 3,58 dollars, soit une hausse proche de 20 %, selon les donn\u00e9es de l\u2019American Automobile Association.<\/p>\n\n\n\n<p>Selon les donn\u00e9es compil\u00e9es par Global Petrol Prices, plus de 80 pays ont enregistr\u00e9 une augmentation du prix du carburant depuis les premi\u00e8res frappes contre l\u2019Iran fin f\u00e9vrier.<\/p>\n\n\n\n<p>Dans plusieurs r\u00e9gions du monde, les gouvernements commencent d\u00e9j\u00e0 \u00e0 adopter des mesures pour limiter les tensions d\u2019approvisionnement.<\/p>\n\n\n\n<h2 class=\"wp-block-heading\" id=\"h-l-australie-adopte-des-mesures-d-urgence\">L\u2019Australie adopte des mesures d\u2019urgence<\/h2>\n\n\n\n<p>L\u2019Australie a ainsi annonc\u00e9 un assouplissement temporaire de ses normes de carburant.<\/p>\n\n\n\n<p>Pendant 60 jours, les distributeurs pourront vendre du carburant contenant un taux de soufre plus \u00e9lev\u00e9, une mesure qui pourrait injecter pr\u00e8s de 100 millions de litres suppl\u00e9mentaires par mois sur le march\u00e9.<\/p>\n\n\n\n<p>Canberra \u00e9tudie \u00e9galement la possibilit\u00e9 de participer \u00e0 une lib\u00e9ration coordonn\u00e9e de p\u00e9trole avec l\u2019Agence internationale de l\u2019\u00e9nergie.<\/p>\n\n\n\n<p>M\u00eame si les combats restent concentr\u00e9s au Moyen-Orient, les r\u00e9actions des march\u00e9s et des gouvernements montrent que les effets \u00e9conomiques du conflit d\u00e9passent d\u00e9j\u00e0 largement la r\u00e9gion.<\/p>\n\n\n\n<p>Entre mobilisation des r\u00e9serves strat\u00e9giques, hausse des prix du carburant et inqui\u00e9tudes pour les routes p\u00e9troli\u00e8res du Golfe, les premiers signes d\u2019une nouvelle crise \u00e9nerg\u00e9tique mondiale commencent \u00e0 appara\u00eetre.<\/p>\n\n\n\n<blockquote class=\"wp-block-quote is-layout-flow wp-block-quote-is-layout-flow\">\n<blockquote class=\"wp-block-quote is-layout-flow wp-block-quote-is-layout-flow\">\n<p><strong>Lire aussi:<\/strong><\/p>\n\n\n\n<ul class=\"wp-block-list\">\n<li class=\"has-medium-font-size\"><a href=\"https:\/\/www.webdo.tn\/fr\/actualite\/national\/petrole-chaque-dollar-de-hausse-coute-164-millions-de-dinars-supplementaires-a-la-tunisie\/394034\/\">P\u00e9trole : Chaque dollar de hausse co\u00fbte 164 millions de dinars suppl\u00e9mentaires \u00e0 la Tunisie<\/a><\/li>\n<\/ul>\n<\/blockquote>\n<\/blockquote>\n","protected":false},"excerpt":{"rendered":"<p>Alors que le conflit impliquant l\u2019Iran, Isra\u00ebl et les \u00c9tats-Unis continue de provoquer de fortes tensions au Moyen-Orient, plusieurs pays commencent \u00e0 prendre des mesures d\u2019urgence pour limiter les cons\u00e9quences \u00e9conomiques de la crise \u00e9nerg\u00e9tique qui s\u2019annonce. Face \u00e0 la hausse rapide des prix du p\u00e9trole et aux perturbations des routes maritimes dans le Golfe, [&hellip;]<\/p>\n","protected":false},"author":3203,"featured_media":394492,"comment_status":"closed","ping_status":"closed","sticky":false,"template":"","format":"standard","meta":{"footnotes":""},"categories":[1,2598],"tags":[3035,2600,2912,4691],"class_list":["post-394489","post","type-post","status-publish","format-standard","has-post-thumbnail","hentry","category-blog","category-international","tag-etats-unis","tag-guerre","tag-iran","tag-petrole"],"yoast_head":"<!-- This site is optimized with the Yoast SEO Premium plugin v27.5 (Yoast SEO v27.5) - https:\/\/yoast.com\/product\/yoast-seo-premium-wordpress\/ -->\n<title>Guerre contre l\u2019Iran : Les \u00c9tats lib\u00e8rent leurs r\u00e9serves p\u00e9troli\u00e8res face \u00e0 la flamb\u00e9e des prix - webdo<\/title>\n<meta name=\"description\" content=\"La guerre contre l\u2019Iran entra\u00eene des actions des \u00c9tats pour lib\u00e9rer leurs r\u00e9serves p\u00e9troli\u00e8res face aux hausses des prix du p\u00e9trole.\" \/>\n<link rel=\"canonical\" href=\"https:\/\/www.webdo.tn\/fr\/actualite\/international\/guerre-contre-liran-les-etats-liberent-leurs-reserves-petrolieres-face-a-la-flambee-des-prix\/394489\/\" \/>\n<meta property=\"og:locale\" content=\"fr_FR\" \/>\n<meta property=\"og:type\" content=\"article\" \/>\n<meta property=\"og:title\" content=\"Guerre contre l\u2019Iran : Les \u00c9tats lib\u00e8rent leurs r\u00e9serves p\u00e9troli\u00e8res face \u00e0 la flamb\u00e9e des prix\" \/>\n<meta property=\"og:description\" content=\"La guerre contre l\u2019Iran entra\u00eene des actions des \u00c9tats pour lib\u00e9rer leurs r\u00e9serves p\u00e9troli\u00e8res face aux hausses des prix du p\u00e9trole.\" \/>\n<meta property=\"og:url\" content=\"https:\/\/www.webdo.tn\/fr\/actualite\/international\/guerre-contre-liran-les-etats-liberent-leurs-reserves-petrolieres-face-a-la-flambee-des-prix\/394489\/\" \/>\n<meta property=\"og:site_name\" content=\"webdo\" \/>\n<meta property=\"article:publisher\" content=\"https:\/\/www.facebook.com\/webdotn\" \/>\n<meta property=\"article:published_time\" content=\"2026-03-12T08:40:34+00:00\" \/>\n<meta property=\"article:modified_time\" content=\"2026-03-12T08:40:36+00:00\" \/>\n<meta property=\"og:image\" content=\"https:\/\/www.webdo.tn\/fr\/wp-content\/uploads\/2026\/03\/Adnoc.jpg\" \/>\n\t<meta property=\"og:image:width\" content=\"1200\" \/>\n\t<meta property=\"og:image:height\" content=\"602\" \/>\n\t<meta property=\"og:image:type\" content=\"image\/jpeg\" \/>\n<meta name=\"author\" content=\"Ramzi Haddad\" \/>\n<meta name=\"twitter:card\" content=\"summary_large_image\" \/>\n<meta name=\"twitter:creator\" content=\"@webdo_tn\" \/>\n<meta name=\"twitter:site\" content=\"@webdo_tn\" \/>\n<meta name=\"twitter:label1\" content=\"\u00c9crit par\" \/>\n\t<meta name=\"twitter:data1\" content=\"Ramzi Haddad\" \/>\n\t<meta name=\"twitter:label2\" content=\"Dur\u00e9e de lecture estim\u00e9e\" \/>\n\t<meta name=\"twitter:data2\" content=\"3 minutes\" \/>\n<script type=\"application\/ld+json\" class=\"yoast-schema-graph\">{\"@context\":\"https:\\\/\\\/schema.org\",\"@graph\":[{\"@type\":\"NewsArticle\",\"@id\":\"https:\\\/\\\/www.webdo.tn\\\/fr\\\/actualite\\\/international\\\/guerre-contre-liran-les-etats-liberent-leurs-reserves-petrolieres-face-a-la-flambee-des-prix\\\/394489\\\/#article\",\"isPartOf\":{\"@id\":\"https:\\\/\\\/www.webdo.tn\\\/fr\\\/actualite\\\/international\\\/guerre-contre-liran-les-etats-liberent-leurs-reserves-petrolieres-face-a-la-flambee-des-prix\\\/394489\\\/\"},\"author\":{\"name\":\"Ramzi Haddad\",\"@id\":\"https:\\\/\\\/www.webdo.tn\\\/fr\\\/#\\\/schema\\\/person\\\/5663044c25eb36d8f88ba5b653f12f8c\"},\"headline\":\"Guerre contre l\u2019Iran : Les \u00c9tats lib\u00e8rent leurs r\u00e9serves p\u00e9troli\u00e8res face \u00e0 la flamb\u00e9e des prix\",\"datePublished\":\"2026-03-12T08:40:34+00:00\",\"dateModified\":\"2026-03-12T08:40:36+00:00\",\"mainEntityOfPage\":{\"@id\":\"https:\\\/\\\/www.webdo.tn\\\/fr\\\/actualite\\\/international\\\/guerre-contre-liran-les-etats-liberent-leurs-reserves-petrolieres-face-a-la-flambee-des-prix\\\/394489\\\/\"},\"wordCount\":610,\"publisher\":{\"@id\":\"https:\\\/\\\/www.webdo.tn\\\/fr\\\/#organization\"},\"image\":{\"@id\":\"https:\\\/\\\/www.webdo.tn\\\/fr\\\/actualite\\\/international\\\/guerre-contre-liran-les-etats-liberent-leurs-reserves-petrolieres-face-a-la-flambee-des-prix\\\/394489\\\/#primaryimage\"},\"thumbnailUrl\":\"https:\\\/\\\/www.webdo.tn\\\/fr\\\/wp-content\\\/uploads\\\/2026\\\/03\\\/Adnoc.jpg\",\"keywords\":[\"Etats-Unis\",\"guerre\",\"Iran\",\"p\u00e9trole\"],\"articleSection\":[\"Blog\",\"International\"],\"inLanguage\":\"fr-FR\"},{\"@type\":\"WebPage\",\"@id\":\"https:\\\/\\\/www.webdo.tn\\\/fr\\\/actualite\\\/international\\\/guerre-contre-liran-les-etats-liberent-leurs-reserves-petrolieres-face-a-la-flambee-des-prix\\\/394489\\\/\",\"url\":\"https:\\\/\\\/www.webdo.tn\\\/fr\\\/actualite\\\/international\\\/guerre-contre-liran-les-etats-liberent-leurs-reserves-petrolieres-face-a-la-flambee-des-prix\\\/394489\\\/\",\"name\":\"Guerre contre l\u2019Iran : Les \u00c9tats lib\u00e8rent leurs r\u00e9serves p\u00e9troli\u00e8res face \u00e0 la flamb\u00e9e des prix - webdo\",\"isPartOf\":{\"@id\":\"https:\\\/\\\/www.webdo.tn\\\/fr\\\/#website\"},\"primaryImageOfPage\":{\"@id\":\"https:\\\/\\\/www.webdo.tn\\\/fr\\\/actualite\\\/international\\\/guerre-contre-liran-les-etats-liberent-leurs-reserves-petrolieres-face-a-la-flambee-des-prix\\\/394489\\\/#primaryimage\"},\"image\":{\"@id\":\"https:\\\/\\\/www.webdo.tn\\\/fr\\\/actualite\\\/international\\\/guerre-contre-liran-les-etats-liberent-leurs-reserves-petrolieres-face-a-la-flambee-des-prix\\\/394489\\\/#primaryimage\"},\"thumbnailUrl\":\"https:\\\/\\\/www.webdo.tn\\\/fr\\\/wp-content\\\/uploads\\\/2026\\\/03\\\/Adnoc.jpg\",\"datePublished\":\"2026-03-12T08:40:34+00:00\",\"dateModified\":\"2026-03-12T08:40:36+00:00\",\"description\":\"La guerre contre l\u2019Iran entra\u00eene des actions des \u00c9tats pour lib\u00e9rer leurs r\u00e9serves p\u00e9troli\u00e8res face aux hausses des prix du p\u00e9trole.\",\"breadcrumb\":{\"@id\":\"https:\\\/\\\/www.webdo.tn\\\/fr\\\/actualite\\\/international\\\/guerre-contre-liran-les-etats-liberent-leurs-reserves-petrolieres-face-a-la-flambee-des-prix\\\/394489\\\/#breadcrumb\"},\"inLanguage\":\"fr-FR\",\"potentialAction\":[{\"@type\":\"ReadAction\",\"target\":[\"https:\\\/\\\/www.webdo.tn\\\/fr\\\/actualite\\\/international\\\/guerre-contre-liran-les-etats-liberent-leurs-reserves-petrolieres-face-a-la-flambee-des-prix\\\/394489\\\/\"]}]},{\"@type\":\"ImageObject\",\"inLanguage\":\"fr-FR\",\"@id\":\"https:\\\/\\\/www.webdo.tn\\\/fr\\\/actualite\\\/international\\\/guerre-contre-liran-les-etats-liberent-leurs-reserves-petrolieres-face-a-la-flambee-des-prix\\\/394489\\\/#primaryimage\",\"url\":\"https:\\\/\\\/www.webdo.tn\\\/fr\\\/wp-content\\\/uploads\\\/2026\\\/03\\\/Adnoc.jpg\",\"contentUrl\":\"https:\\\/\\\/www.webdo.tn\\\/fr\\\/wp-content\\\/uploads\\\/2026\\\/03\\\/Adnoc.jpg\",\"width\":1200,\"height\":602,\"caption\":\"Guerre contre l\u2019Iran : r\u00e9serves p\u00e9troli\u00e8res lib\u00e9r\u00e9es et carburant en hausse dans le monde\"},{\"@type\":\"BreadcrumbList\",\"@id\":\"https:\\\/\\\/www.webdo.tn\\\/fr\\\/actualite\\\/international\\\/guerre-contre-liran-les-etats-liberent-leurs-reserves-petrolieres-face-a-la-flambee-des-prix\\\/394489\\\/#breadcrumb\",\"itemListElement\":[{\"@type\":\"ListItem\",\"position\":1,\"name\":\"Accueil\",\"item\":\"https:\\\/\\\/www.webdo.tn\\\/fr\\\/\"},{\"@type\":\"ListItem\",\"position\":2,\"name\":\"Guerre contre l\u2019Iran : Les \u00c9tats lib\u00e8rent leurs r\u00e9serves p\u00e9troli\u00e8res face \u00e0 la flamb\u00e9e des prix\"}]},{\"@type\":\"WebSite\",\"@id\":\"https:\\\/\\\/www.webdo.tn\\\/fr\\\/#website\",\"url\":\"https:\\\/\\\/www.webdo.tn\\\/fr\\\/\",\"name\":\"webdo\",\"description\":\"Tunisie - News en Tunisie et \u00e0 l&#039;international sur Webdo.tn\",\"publisher\":{\"@id\":\"https:\\\/\\\/www.webdo.tn\\\/fr\\\/#organization\"},\"potentialAction\":[{\"@type\":\"SearchAction\",\"target\":{\"@type\":\"EntryPoint\",\"urlTemplate\":\"https:\\\/\\\/www.webdo.tn\\\/fr\\\/?s={search_term_string}\"},\"query-input\":{\"@type\":\"PropertyValueSpecification\",\"valueRequired\":true,\"valueName\":\"search_term_string\"}}],\"inLanguage\":\"fr-FR\"},{\"@type\":\"Organization\",\"@id\":\"https:\\\/\\\/www.webdo.tn\\\/fr\\\/#organization\",\"name\":\"Webdo\",\"alternateName\":\"Webdo.tn\",\"url\":\"https:\\\/\\\/www.webdo.tn\\\/fr\\\/\",\"logo\":{\"@type\":\"ImageObject\",\"inLanguage\":\"fr-FR\",\"@id\":\"https:\\\/\\\/www.webdo.tn\\\/fr\\\/#\\\/schema\\\/logo\\\/image\\\/\",\"url\":\"https:\\\/\\\/www.webdo.tn\\\/fr\\\/wp-content\\\/uploads\\\/2025\\\/06\\\/Webdo-Tunisie_168377.jpg\",\"contentUrl\":\"https:\\\/\\\/www.webdo.tn\\\/fr\\\/wp-content\\\/uploads\\\/2025\\\/06\\\/Webdo-Tunisie_168377.jpg\",\"width\":301,\"height\":301,\"caption\":\"Webdo\"},\"image\":{\"@id\":\"https:\\\/\\\/www.webdo.tn\\\/fr\\\/#\\\/schema\\\/logo\\\/image\\\/\"},\"sameAs\":[\"https:\\\/\\\/www.facebook.com\\\/webdotn\",\"https:\\\/\\\/x.com\\\/webdo_tn\"],\"description\":\"Webdo est un m\u00e9dia num\u00e9rique tunisien fond\u00e9 en 2010, sp\u00e9cialis\u00e9 dans l\u2019actualit\u00e9 nationale et internationale, l\u2019\u00e9conomie, la soci\u00e9t\u00e9 et les analyses politiques. Le site s\u2019adresse \u00e0 un large public francophone et couvre l\u2019information tunisienne en temps r\u00e9el.\",\"email\":\"redac@webdo.tn\",\"legalName\":\"YNJ SARL\",\"foundingDate\":\"2010-09-06\",\"numberOfEmployees\":{\"@type\":\"QuantitativeValue\",\"minValue\":\"11\",\"maxValue\":\"50\"}},{\"@type\":\"Person\",\"@id\":\"https:\\\/\\\/www.webdo.tn\\\/fr\\\/#\\\/schema\\\/person\\\/5663044c25eb36d8f88ba5b653f12f8c\",\"name\":\"Ramzi Haddad\",\"image\":{\"@type\":\"ImageObject\",\"inLanguage\":\"fr-FR\",\"@id\":\"https:\\\/\\\/www.webdo.tn\\\/fr\\\/wp-content\\\/uploads\\\/2026\\\/04\\\/ramzi-haddad_avatar-96x96.jpg\",\"url\":\"https:\\\/\\\/www.webdo.tn\\\/fr\\\/wp-content\\\/uploads\\\/2026\\\/04\\\/ramzi-haddad_avatar-96x96.jpg\",\"contentUrl\":\"https:\\\/\\\/www.webdo.tn\\\/fr\\\/wp-content\\\/uploads\\\/2026\\\/04\\\/ramzi-haddad_avatar-96x96.jpg\",\"caption\":\"Ramzi Haddad\"},\"description\":\"Signature \u00e9ditoriale de Walid Ben Youssef Ramzi Haddad est le pseudonyme \u00e9ditorial de Walid Ben Youssef, fondateur et g\u00e9rant de Webdo.tn. Cette signature est d\u00e9di\u00e9e \u00e0 la couverture de l'actualit\u00e9 nationale et internationale, ainsi qu'aux analyses des dynamiques num\u00e9riques. Ce profil b\u00e9n\u00e9ficie de l'expertise de Walid Ben Youssef, pionnier du web en Tunisie depuis 2000 et dipl\u00f4m\u00e9 en Math\u00e9matiques pures de l'Universit\u00e9 d'Oregon. \u00c0 travers cette signature, la r\u00e9daction de Webdo garantit une information structur\u00e9e et v\u00e9rifi\u00e9e, fid\u00e8le aux standards journalistiques du m\u00e9dia.\",\"url\":\"https:\\\/\\\/www.webdo.tn\\\/fr\\\/actualite\\\/author\\\/ramzi-haddad\\\/\"}]}<\/script>\n<!-- \/ Yoast SEO Premium plugin. -->","yoast_head_json":{"title":"Guerre contre l\u2019Iran : Les \u00c9tats lib\u00e8rent leurs r\u00e9serves p\u00e9troli\u00e8res face \u00e0 la flamb\u00e9e des prix - webdo","description":"La guerre contre l\u2019Iran entra\u00eene des actions des \u00c9tats pour lib\u00e9rer leurs r\u00e9serves p\u00e9troli\u00e8res face aux hausses des prix du p\u00e9trole.","canonical":"https:\/\/www.webdo.tn\/fr\/actualite\/international\/guerre-contre-liran-les-etats-liberent-leurs-reserves-petrolieres-face-a-la-flambee-des-prix\/394489\/","og_locale":"fr_FR","og_type":"article","og_title":"Guerre contre l\u2019Iran : Les \u00c9tats lib\u00e8rent leurs r\u00e9serves p\u00e9troli\u00e8res face \u00e0 la flamb\u00e9e des prix","og_description":"La guerre contre l\u2019Iran entra\u00eene des actions des \u00c9tats pour lib\u00e9rer leurs r\u00e9serves p\u00e9troli\u00e8res face aux hausses des prix du p\u00e9trole.","og_url":"https:\/\/www.webdo.tn\/fr\/actualite\/international\/guerre-contre-liran-les-etats-liberent-leurs-reserves-petrolieres-face-a-la-flambee-des-prix\/394489\/","og_site_name":"webdo","article_publisher":"https:\/\/www.facebook.com\/webdotn","article_published_time":"2026-03-12T08:40:34+00:00","article_modified_time":"2026-03-12T08:40:36+00:00","og_image":[{"width":1200,"height":602,"url":"https:\/\/www.webdo.tn\/fr\/wp-content\/uploads\/2026\/03\/Adnoc.jpg","type":"image\/jpeg"}],"author":"Ramzi Haddad","twitter_card":"summary_large_image","twitter_creator":"@webdo_tn","twitter_site":"@webdo_tn","twitter_misc":{"\u00c9crit par":"Ramzi Haddad","Dur\u00e9e de lecture estim\u00e9e":"3 minutes"},"schema":{"@context":"https:\/\/schema.org","@graph":[{"@type":"NewsArticle","@id":"https:\/\/www.webdo.tn\/fr\/actualite\/international\/guerre-contre-liran-les-etats-liberent-leurs-reserves-petrolieres-face-a-la-flambee-des-prix\/394489\/#article","isPartOf":{"@id":"https:\/\/www.webdo.tn\/fr\/actualite\/international\/guerre-contre-liran-les-etats-liberent-leurs-reserves-petrolieres-face-a-la-flambee-des-prix\/394489\/"},"author":{"name":"Ramzi Haddad","@id":"https:\/\/www.webdo.tn\/fr\/#\/schema\/person\/5663044c25eb36d8f88ba5b653f12f8c"},"headline":"Guerre contre l\u2019Iran : Les \u00c9tats lib\u00e8rent leurs r\u00e9serves p\u00e9troli\u00e8res face \u00e0 la flamb\u00e9e des prix","datePublished":"2026-03-12T08:40:34+00:00","dateModified":"2026-03-12T08:40:36+00:00","mainEntityOfPage":{"@id":"https:\/\/www.webdo.tn\/fr\/actualite\/international\/guerre-contre-liran-les-etats-liberent-leurs-reserves-petrolieres-face-a-la-flambee-des-prix\/394489\/"},"wordCount":610,"publisher":{"@id":"https:\/\/www.webdo.tn\/fr\/#organization"},"image":{"@id":"https:\/\/www.webdo.tn\/fr\/actualite\/international\/guerre-contre-liran-les-etats-liberent-leurs-reserves-petrolieres-face-a-la-flambee-des-prix\/394489\/#primaryimage"},"thumbnailUrl":"https:\/\/www.webdo.tn\/fr\/wp-content\/uploads\/2026\/03\/Adnoc.jpg","keywords":["Etats-Unis","guerre","Iran","p\u00e9trole"],"articleSection":["Blog","International"],"inLanguage":"fr-FR"},{"@type":"WebPage","@id":"https:\/\/www.webdo.tn\/fr\/actualite\/international\/guerre-contre-liran-les-etats-liberent-leurs-reserves-petrolieres-face-a-la-flambee-des-prix\/394489\/","url":"https:\/\/www.webdo.tn\/fr\/actualite\/international\/guerre-contre-liran-les-etats-liberent-leurs-reserves-petrolieres-face-a-la-flambee-des-prix\/394489\/","name":"Guerre contre l\u2019Iran : Les \u00c9tats lib\u00e8rent leurs r\u00e9serves p\u00e9troli\u00e8res face \u00e0 la flamb\u00e9e des prix - webdo","isPartOf":{"@id":"https:\/\/www.webdo.tn\/fr\/#website"},"primaryImageOfPage":{"@id":"https:\/\/www.webdo.tn\/fr\/actualite\/international\/guerre-contre-liran-les-etats-liberent-leurs-reserves-petrolieres-face-a-la-flambee-des-prix\/394489\/#primaryimage"},"image":{"@id":"https:\/\/www.webdo.tn\/fr\/actualite\/international\/guerre-contre-liran-les-etats-liberent-leurs-reserves-petrolieres-face-a-la-flambee-des-prix\/394489\/#primaryimage"},"thumbnailUrl":"https:\/\/www.webdo.tn\/fr\/wp-content\/uploads\/2026\/03\/Adnoc.jpg","datePublished":"2026-03-12T08:40:34+00:00","dateModified":"2026-03-12T08:40:36+00:00","description":"La guerre contre l\u2019Iran entra\u00eene des actions des \u00c9tats pour lib\u00e9rer leurs r\u00e9serves p\u00e9troli\u00e8res face aux hausses des prix du p\u00e9trole.","breadcrumb":{"@id":"https:\/\/www.webdo.tn\/fr\/actualite\/international\/guerre-contre-liran-les-etats-liberent-leurs-reserves-petrolieres-face-a-la-flambee-des-prix\/394489\/#breadcrumb"},"inLanguage":"fr-FR","potentialAction":[{"@type":"ReadAction","target":["https:\/\/www.webdo.tn\/fr\/actualite\/international\/guerre-contre-liran-les-etats-liberent-leurs-reserves-petrolieres-face-a-la-flambee-des-prix\/394489\/"]}]},{"@type":"ImageObject","inLanguage":"fr-FR","@id":"https:\/\/www.webdo.tn\/fr\/actualite\/international\/guerre-contre-liran-les-etats-liberent-leurs-reserves-petrolieres-face-a-la-flambee-des-prix\/394489\/#primaryimage","url":"https:\/\/www.webdo.tn\/fr\/wp-content\/uploads\/2026\/03\/Adnoc.jpg","contentUrl":"https:\/\/www.webdo.tn\/fr\/wp-content\/uploads\/2026\/03\/Adnoc.jpg","width":1200,"height":602,"caption":"Guerre contre l\u2019Iran : r\u00e9serves p\u00e9troli\u00e8res lib\u00e9r\u00e9es et carburant en hausse dans le monde"},{"@type":"BreadcrumbList","@id":"https:\/\/www.webdo.tn\/fr\/actualite\/international\/guerre-contre-liran-les-etats-liberent-leurs-reserves-petrolieres-face-a-la-flambee-des-prix\/394489\/#breadcrumb","itemListElement":[{"@type":"ListItem","position":1,"name":"Accueil","item":"https:\/\/www.webdo.tn\/fr\/"},{"@type":"ListItem","position":2,"name":"Guerre contre l\u2019Iran : Les \u00c9tats lib\u00e8rent leurs r\u00e9serves p\u00e9troli\u00e8res face \u00e0 la flamb\u00e9e des prix"}]},{"@type":"WebSite","@id":"https:\/\/www.webdo.tn\/fr\/#website","url":"https:\/\/www.webdo.tn\/fr\/","name":"webdo","description":"Tunisie - News en Tunisie et \u00e0 l&#039;international sur Webdo.tn","publisher":{"@id":"https:\/\/www.webdo.tn\/fr\/#organization"},"potentialAction":[{"@type":"SearchAction","target":{"@type":"EntryPoint","urlTemplate":"https:\/\/www.webdo.tn\/fr\/?s={search_term_string}"},"query-input":{"@type":"PropertyValueSpecification","valueRequired":true,"valueName":"search_term_string"}}],"inLanguage":"fr-FR"},{"@type":"Organization","@id":"https:\/\/www.webdo.tn\/fr\/#organization","name":"Webdo","alternateName":"Webdo.tn","url":"https:\/\/www.webdo.tn\/fr\/","logo":{"@type":"ImageObject","inLanguage":"fr-FR","@id":"https:\/\/www.webdo.tn\/fr\/#\/schema\/logo\/image\/","url":"https:\/\/www.webdo.tn\/fr\/wp-content\/uploads\/2025\/06\/Webdo-Tunisie_168377.jpg","contentUrl":"https:\/\/www.webdo.tn\/fr\/wp-content\/uploads\/2025\/06\/Webdo-Tunisie_168377.jpg","width":301,"height":301,"caption":"Webdo"},"image":{"@id":"https:\/\/www.webdo.tn\/fr\/#\/schema\/logo\/image\/"},"sameAs":["https:\/\/www.facebook.com\/webdotn","https:\/\/x.com\/webdo_tn"],"description":"Webdo est un m\u00e9dia num\u00e9rique tunisien fond\u00e9 en 2010, sp\u00e9cialis\u00e9 dans l\u2019actualit\u00e9 nationale et internationale, l\u2019\u00e9conomie, la soci\u00e9t\u00e9 et les analyses politiques. Le site s\u2019adresse \u00e0 un large public francophone et couvre l\u2019information tunisienne en temps r\u00e9el.","email":"redac@webdo.tn","legalName":"YNJ SARL","foundingDate":"2010-09-06","numberOfEmployees":{"@type":"QuantitativeValue","minValue":"11","maxValue":"50"}},{"@type":"Person","@id":"https:\/\/www.webdo.tn\/fr\/#\/schema\/person\/5663044c25eb36d8f88ba5b653f12f8c","name":"Ramzi Haddad","image":{"@type":"ImageObject","inLanguage":"fr-FR","@id":"https:\/\/www.webdo.tn\/fr\/wp-content\/uploads\/2026\/04\/ramzi-haddad_avatar-96x96.jpg","url":"https:\/\/www.webdo.tn\/fr\/wp-content\/uploads\/2026\/04\/ramzi-haddad_avatar-96x96.jpg","contentUrl":"https:\/\/www.webdo.tn\/fr\/wp-content\/uploads\/2026\/04\/ramzi-haddad_avatar-96x96.jpg","caption":"Ramzi Haddad"},"description":"Signature \u00e9ditoriale de Walid Ben Youssef Ramzi Haddad est le pseudonyme \u00e9ditorial de Walid Ben Youssef, fondateur et g\u00e9rant de Webdo.tn. Cette signature est d\u00e9di\u00e9e \u00e0 la couverture de l'actualit\u00e9 nationale et internationale, ainsi qu'aux analyses des dynamiques num\u00e9riques. Ce profil b\u00e9n\u00e9ficie de l'expertise de Walid Ben Youssef, pionnier du web en Tunisie depuis 2000 et dipl\u00f4m\u00e9 en Math\u00e9matiques pures de l'Universit\u00e9 d'Oregon. \u00c0 travers cette signature, la r\u00e9daction de Webdo garantit une information structur\u00e9e et v\u00e9rifi\u00e9e, fid\u00e8le aux standards journalistiques du m\u00e9dia.","url":"https:\/\/www.webdo.tn\/fr\/actualite\/author\/ramzi-haddad\/"}]}},"_links":{"self":[{"href":"https:\/\/www.webdo.tn\/fr\/wp-json\/wp\/v2\/posts\/394489","targetHints":{"allow":["GET"]}}],"collection":[{"href":"https:\/\/www.webdo.tn\/fr\/wp-json\/wp\/v2\/posts"}],"about":[{"href":"https:\/\/www.webdo.tn\/fr\/wp-json\/wp\/v2\/types\/post"}],"author":[{"embeddable":true,"href":"https:\/\/www.webdo.tn\/fr\/wp-json\/wp\/v2\/users\/3203"}],"replies":[{"embeddable":true,"href":"https:\/\/www.webdo.tn\/fr\/wp-json\/wp\/v2\/comments?post=394489"}],"version-history":[{"count":0,"href":"https:\/\/www.webdo.tn\/fr\/wp-json\/wp\/v2\/posts\/394489\/revisions"}],"wp:featuredmedia":[{"embeddable":true,"href":"https:\/\/www.webdo.tn\/fr\/wp-json\/wp\/v2\/media\/394492"}],"wp:attachment":[{"href":"https:\/\/www.webdo.tn\/fr\/wp-json\/wp\/v2\/media?parent=394489"}],"wp:term":[{"taxonomy":"category","embeddable":true,"href":"https:\/\/www.webdo.tn\/fr\/wp-json\/wp\/v2\/categories?post=394489"},{"taxonomy":"post_tag","embeddable":true,"href":"https:\/\/www.webdo.tn\/fr\/wp-json\/wp\/v2\/tags?post=394489"}],"curies":[{"name":"wp","href":"https:\/\/api.w.org\/{rel}","templated":true}]}}