{"id":394479,"date":"2026-03-12T08:21:42","date_gmt":"2026-03-12T07:21:42","guid":{"rendered":"https:\/\/www.webdo.tn\/fr\/?p=394479"},"modified":"2026-03-12T08:21:44","modified_gmt":"2026-03-12T07:21:44","slug":"affaire-de-la-flottille-soumoud-un-comite-de-soutien-annonce-une-mobilisation","status":"publish","type":"post","link":"https:\/\/www.webdo.tn\/fr\/actualite\/national\/affaire-de-la-flottille-soumoud-un-comite-de-soutien-annonce-une-mobilisation\/394479\/","title":{"rendered":"Affaire de la flottille Soumoud : Un comit\u00e9 de soutien annonce une mobilisation"},"content":{"rendered":"\n<p><strong>Un collectif de soutiens aux personnes arr\u00eat\u00e9es dans l\u2019affaire li\u00e9e \u00e0 la flottille Soumoud a annonc\u00e9, dans un communiqu\u00e9 publi\u00e9 le 11 mars 2026 \u00e0 Tunis, la cr\u00e9ation d\u2019une \u00ab commission nationale pour la d\u00e9fense des militants de la flottille Soumoud et du droit palestinien \u00bb.<\/strong><\/p>\n\n\n\n<p>Cette initiative intervient apr\u00e8s l\u2019interpellation de plusieurs personnes impliqu\u00e9es dans la pr\u00e9paration de l\u2019initiative maritime Soumoud 2, pr\u00e9sent\u00e9e par ses organisateurs comme une action de solidarit\u00e9 avec la population de Gaza.<\/p>\n\n\n\n<h2 class=\"wp-block-heading\" id=\"h-une-enquete-sur-des-flux-financiers\">Une enqu\u00eate sur des flux financiers<\/h2>\n\n\n\n<p>Les arrestations ont \u00e9t\u00e9 effectu\u00e9es dans le cadre d\u2019une enqu\u00eate ouverte sur ordre du P\u00f4le judiciaire \u00e9conomique et financier, portant notamment sur des flux financiers jug\u00e9s suspects.<\/p>\n\n\n\n<p>Selon les informations communiqu\u00e9es par la d\u00e9fense, la p\u00e9riode de d\u00e9tention de plusieurs personnes arr\u00eat\u00e9es samedi dernier a \u00e9t\u00e9 prolong\u00e9e de cinq jours, afin de permettre la poursuite des investigations.<\/p>\n\n\n\n<p>L\u2019enqu\u00eate vise notamment \u00e0 examiner l\u2019origine des fonds collect\u00e9s et les circuits de financement li\u00e9s aux activit\u00e9s du collectif.<\/p>\n\n\n\n<h2 class=\"wp-block-heading\" id=\"h-les-soutiens-denoncent-une-decision-politique\">Les soutiens d\u00e9noncent une d\u00e9cision \u00ab politique \u00bb<\/h2>\n\n\n\n<p>Dans leur communiqu\u00e9, les soutiens des personnes arr\u00eat\u00e9es estiment que ces interpellations constituent une \u00ab mesure de repr\u00e9sailles \u00e0 caract\u00e8re politique \u00bb visant des militants engag\u00e9s dans des actions de solidarit\u00e9 avec Gaza.<\/p>\n\n\n\n<p>Ils consid\u00e8rent \u00e9galement que les soup\u00e7ons financiers \u00e9voqu\u00e9s dans l\u2019enqu\u00eate seraient utilis\u00e9s pour cibler des activistes connus pour leur engagement en faveur de la cause palestinienne.<\/p>\n\n\n\n<h2 class=\"wp-block-heading\" id=\"h-creation-d-une-commission-nationale-de-soutien\">Cr\u00e9ation d\u2019une commission nationale de soutien<\/h2>\n\n\n\n<p>Face \u00e0 cette situation, les signataires du communiqu\u00e9 annoncent la mise en place d\u2019une commission nationale ouverte aux organisations, associations, syndicats, partis politiques et personnalit\u00e9s publiques.<\/p>\n\n\n\n<p>Selon le texte, cette structure aura pour mission de coordonner les initiatives de soutien aux personnes arr\u00eat\u00e9es, d\u2019\u0153uvrer pour leur lib\u00e9ration et de soutenir les actions de solidarit\u00e9 avec la cause palestinienne.<\/p>\n\n\n\n<p>Le communiqu\u00e9 \u00e9voque \u00e9galement l\u2019organisation prochaine d\u2019une marche de soutien aux personnes arr\u00eat\u00e9es, dont la date et le lieu seront communiqu\u00e9s ult\u00e9rieurement.<\/p>\n\n\n\n<iframe src=\"https:\/\/www.facebook.com\/plugins\/post.php?href=https%3A%2F%2Fwww.facebook.com%2Fphoto.php%3Ffbid%3D122094851379025968%26set%3Da.122094781839025968%26type%3D3&#038;show_text=true&#038;width=500\" width=\"500\" height=\"537\" style=\"border:none;overflow:hidden\" scrolling=\"no\" frameborder=\"0\" allowfullscreen=\"true\" allow=\"autoplay; clipboard-write; encrypted-media; picture-in-picture; web-share\"><\/iframe>\n\n\n\n<blockquote class=\"wp-block-quote is-layout-flow wp-block-quote-is-layout-flow\">\n<blockquote class=\"wp-block-quote is-layout-flow wp-block-quote-is-layout-flow\">\n<p><strong>Lire aussi:<\/strong><\/p>\n\n\n\n<ul class=\"wp-block-list\">\n<li class=\"has-medium-font-size\"><a href=\"https:\/\/www.webdo.tn\/fr\/actualite\/national\/tunisie-arrestation-de-wael-naouar-et-jawaher-channa-membres-de-la-flottille-soumoud\/394205\/\">Tunisie : Arrestation de Wael Naouar et Jawaher Channa, membres de la flottille Soumoud<\/a><\/li>\n<\/ul>\n<\/blockquote>\n<\/blockquote>\n\n\n\n<p><\/p>\n","protected":false},"excerpt":{"rendered":"<p>Un collectif de soutiens aux personnes arr\u00eat\u00e9es dans l\u2019affaire li\u00e9e \u00e0 la flottille Soumoud a annonc\u00e9, dans un communiqu\u00e9 publi\u00e9 le 11 mars 2026 \u00e0 Tunis, la cr\u00e9ation d\u2019une \u00ab commission nationale pour la d\u00e9fense des militants de la flottille Soumoud et du droit palestinien \u00bb. Cette initiative intervient apr\u00e8s l\u2019interpellation de plusieurs personnes impliqu\u00e9es [&hellip;]<\/p>\n","protected":false},"author":4779,"featured_media":394481,"comment_status":"closed","ping_status":"closed","sticky":false,"template":"","format":"standard","meta":{"footnotes":""},"categories":[44],"tags":[3673,7121,11913,2608],"class_list":["post-394479","post","type-post","status-publish","format-standard","has-post-thumbnail","hentry","category-national","tag-arrestations","tag-mobilisation","tag-soumoud","tag-tunisie"],"yoast_head":"<!-- This site is optimized with the Yoast SEO Premium plugin v27.5 (Yoast SEO v27.5) - https:\/\/yoast.com\/product\/yoast-seo-premium-wordpress\/ -->\n<title>Affaire de la flottille Soumoud : Un comit\u00e9 de soutien annonce une mobilisation - webdo<\/title>\n<meta name=\"description\" content=\"Soutenez l&#039;affaire de la flottille Soumoud : un comit\u00e9 se mobilise pour la d\u00e9fense des droits et des militants arr\u00eat\u00e9s.\" \/>\n<link rel=\"canonical\" href=\"https:\/\/www.webdo.tn\/fr\/actualite\/national\/affaire-de-la-flottille-soumoud-un-comite-de-soutien-annonce-une-mobilisation\/394479\/\" \/>\n<meta property=\"og:locale\" content=\"fr_FR\" \/>\n<meta property=\"og:type\" content=\"article\" \/>\n<meta property=\"og:title\" content=\"Affaire de la flottille Soumoud : Un comit\u00e9 de soutien annonce une mobilisation\" \/>\n<meta property=\"og:description\" content=\"Soutenez l&#039;affaire de la flottille Soumoud : un comit\u00e9 se mobilise pour la d\u00e9fense des droits et des militants arr\u00eat\u00e9s.\" \/>\n<meta property=\"og:url\" content=\"https:\/\/www.webdo.tn\/fr\/actualite\/national\/affaire-de-la-flottille-soumoud-un-comite-de-soutien-annonce-une-mobilisation\/394479\/\" \/>\n<meta property=\"og:site_name\" content=\"webdo\" \/>\n<meta property=\"article:publisher\" content=\"https:\/\/www.facebook.com\/webdotn\" \/>\n<meta property=\"article:published_time\" content=\"2026-03-12T07:21:42+00:00\" \/>\n<meta property=\"article:modified_time\" content=\"2026-03-12T07:21:44+00:00\" \/>\n<meta property=\"og:image\" content=\"https:\/\/www.webdo.tn\/fr\/wp-content\/uploads\/2026\/03\/soumoud-5.jpg\" \/>\n\t<meta property=\"og:image:width\" content=\"1200\" \/>\n\t<meta property=\"og:image:height\" content=\"601\" \/>\n\t<meta property=\"og:image:type\" content=\"image\/jpeg\" \/>\n<meta name=\"author\" content=\"Firas Ben Abdeltif\" \/>\n<meta name=\"twitter:card\" content=\"summary_large_image\" \/>\n<meta name=\"twitter:creator\" content=\"@webdo_tn\" \/>\n<meta name=\"twitter:site\" content=\"@webdo_tn\" \/>\n<meta name=\"twitter:label1\" content=\"\u00c9crit par\" \/>\n\t<meta name=\"twitter:data1\" content=\"Firas Ben Abdeltif\" \/>\n\t<meta name=\"twitter:label2\" content=\"Dur\u00e9e de lecture estim\u00e9e\" \/>\n\t<meta name=\"twitter:data2\" content=\"2 minutes\" \/>\n<script type=\"application\/ld+json\" class=\"yoast-schema-graph\">{\"@context\":\"https:\\\/\\\/schema.org\",\"@graph\":[{\"@type\":\"NewsArticle\",\"@id\":\"https:\\\/\\\/www.webdo.tn\\\/fr\\\/actualite\\\/national\\\/affaire-de-la-flottille-soumoud-un-comite-de-soutien-annonce-une-mobilisation\\\/394479\\\/#article\",\"isPartOf\":{\"@id\":\"https:\\\/\\\/www.webdo.tn\\\/fr\\\/actualite\\\/national\\\/affaire-de-la-flottille-soumoud-un-comite-de-soutien-annonce-une-mobilisation\\\/394479\\\/\"},\"author\":{\"name\":\"Firas Ben Abdeltif\",\"@id\":\"https:\\\/\\\/www.webdo.tn\\\/fr\\\/#\\\/schema\\\/person\\\/19664196c9bfdcda126f3c27709f7d11\"},\"headline\":\"Affaire de la flottille Soumoud : Un comit\u00e9 de soutien annonce une mobilisation\",\"datePublished\":\"2026-03-12T07:21:42+00:00\",\"dateModified\":\"2026-03-12T07:21:44+00:00\",\"mainEntityOfPage\":{\"@id\":\"https:\\\/\\\/www.webdo.tn\\\/fr\\\/actualite\\\/national\\\/affaire-de-la-flottille-soumoud-un-comite-de-soutien-annonce-une-mobilisation\\\/394479\\\/\"},\"wordCount\":385,\"publisher\":{\"@id\":\"https:\\\/\\\/www.webdo.tn\\\/fr\\\/#organization\"},\"image\":{\"@id\":\"https:\\\/\\\/www.webdo.tn\\\/fr\\\/actualite\\\/national\\\/affaire-de-la-flottille-soumoud-un-comite-de-soutien-annonce-une-mobilisation\\\/394479\\\/#primaryimage\"},\"thumbnailUrl\":\"https:\\\/\\\/www.webdo.tn\\\/fr\\\/wp-content\\\/uploads\\\/2026\\\/03\\\/soumoud-5.jpg\",\"keywords\":[\"arrestations\",\"mobilisation\",\"soumoud\",\"Tunisie\"],\"articleSection\":[\"National\"],\"inLanguage\":\"fr-FR\"},{\"@type\":\"WebPage\",\"@id\":\"https:\\\/\\\/www.webdo.tn\\\/fr\\\/actualite\\\/national\\\/affaire-de-la-flottille-soumoud-un-comite-de-soutien-annonce-une-mobilisation\\\/394479\\\/\",\"url\":\"https:\\\/\\\/www.webdo.tn\\\/fr\\\/actualite\\\/national\\\/affaire-de-la-flottille-soumoud-un-comite-de-soutien-annonce-une-mobilisation\\\/394479\\\/\",\"name\":\"Affaire de la flottille Soumoud : Un comit\u00e9 de soutien annonce une mobilisation - webdo\",\"isPartOf\":{\"@id\":\"https:\\\/\\\/www.webdo.tn\\\/fr\\\/#website\"},\"primaryImageOfPage\":{\"@id\":\"https:\\\/\\\/www.webdo.tn\\\/fr\\\/actualite\\\/national\\\/affaire-de-la-flottille-soumoud-un-comite-de-soutien-annonce-une-mobilisation\\\/394479\\\/#primaryimage\"},\"image\":{\"@id\":\"https:\\\/\\\/www.webdo.tn\\\/fr\\\/actualite\\\/national\\\/affaire-de-la-flottille-soumoud-un-comite-de-soutien-annonce-une-mobilisation\\\/394479\\\/#primaryimage\"},\"thumbnailUrl\":\"https:\\\/\\\/www.webdo.tn\\\/fr\\\/wp-content\\\/uploads\\\/2026\\\/03\\\/soumoud-5.jpg\",\"datePublished\":\"2026-03-12T07:21:42+00:00\",\"dateModified\":\"2026-03-12T07:21:44+00:00\",\"description\":\"Soutenez l'affaire de la flottille Soumoud : un comit\u00e9 se mobilise pour la d\u00e9fense des droits et des militants arr\u00eat\u00e9s.\",\"breadcrumb\":{\"@id\":\"https:\\\/\\\/www.webdo.tn\\\/fr\\\/actualite\\\/national\\\/affaire-de-la-flottille-soumoud-un-comite-de-soutien-annonce-une-mobilisation\\\/394479\\\/#breadcrumb\"},\"inLanguage\":\"fr-FR\",\"potentialAction\":[{\"@type\":\"ReadAction\",\"target\":[\"https:\\\/\\\/www.webdo.tn\\\/fr\\\/actualite\\\/national\\\/affaire-de-la-flottille-soumoud-un-comite-de-soutien-annonce-une-mobilisation\\\/394479\\\/\"]}]},{\"@type\":\"ImageObject\",\"inLanguage\":\"fr-FR\",\"@id\":\"https:\\\/\\\/www.webdo.tn\\\/fr\\\/actualite\\\/national\\\/affaire-de-la-flottille-soumoud-un-comite-de-soutien-annonce-une-mobilisation\\\/394479\\\/#primaryimage\",\"url\":\"https:\\\/\\\/www.webdo.tn\\\/fr\\\/wp-content\\\/uploads\\\/2026\\\/03\\\/soumoud-5.jpg\",\"contentUrl\":\"https:\\\/\\\/www.webdo.tn\\\/fr\\\/wp-content\\\/uploads\\\/2026\\\/03\\\/soumoud-5.jpg\",\"width\":1200,\"height\":601,\"caption\":\"Flottille Soumoud : lmandats de d\u00e9p\u00f4t contre sept membres\"},{\"@type\":\"BreadcrumbList\",\"@id\":\"https:\\\/\\\/www.webdo.tn\\\/fr\\\/actualite\\\/national\\\/affaire-de-la-flottille-soumoud-un-comite-de-soutien-annonce-une-mobilisation\\\/394479\\\/#breadcrumb\",\"itemListElement\":[{\"@type\":\"ListItem\",\"position\":1,\"name\":\"Accueil\",\"item\":\"https:\\\/\\\/www.webdo.tn\\\/fr\\\/\"},{\"@type\":\"ListItem\",\"position\":2,\"name\":\"Affaire de la flottille Soumoud : Un comit\u00e9 de soutien annonce une mobilisation\"}]},{\"@type\":\"WebSite\",\"@id\":\"https:\\\/\\\/www.webdo.tn\\\/fr\\\/#website\",\"url\":\"https:\\\/\\\/www.webdo.tn\\\/fr\\\/\",\"name\":\"webdo\",\"description\":\"Tunisie - News en Tunisie et \u00e0 l&#039;international sur Webdo.tn\",\"publisher\":{\"@id\":\"https:\\\/\\\/www.webdo.tn\\\/fr\\\/#organization\"},\"potentialAction\":[{\"@type\":\"SearchAction\",\"target\":{\"@type\":\"EntryPoint\",\"urlTemplate\":\"https:\\\/\\\/www.webdo.tn\\\/fr\\\/?s={search_term_string}\"},\"query-input\":{\"@type\":\"PropertyValueSpecification\",\"valueRequired\":true,\"valueName\":\"search_term_string\"}}],\"inLanguage\":\"fr-FR\"},{\"@type\":\"Organization\",\"@id\":\"https:\\\/\\\/www.webdo.tn\\\/fr\\\/#organization\",\"name\":\"Webdo\",\"alternateName\":\"Webdo.tn\",\"url\":\"https:\\\/\\\/www.webdo.tn\\\/fr\\\/\",\"logo\":{\"@type\":\"ImageObject\",\"inLanguage\":\"fr-FR\",\"@id\":\"https:\\\/\\\/www.webdo.tn\\\/fr\\\/#\\\/schema\\\/logo\\\/image\\\/\",\"url\":\"https:\\\/\\\/www.webdo.tn\\\/fr\\\/wp-content\\\/uploads\\\/2025\\\/06\\\/Webdo-Tunisie_168377.jpg\",\"contentUrl\":\"https:\\\/\\\/www.webdo.tn\\\/fr\\\/wp-content\\\/uploads\\\/2025\\\/06\\\/Webdo-Tunisie_168377.jpg\",\"width\":301,\"height\":301,\"caption\":\"Webdo\"},\"image\":{\"@id\":\"https:\\\/\\\/www.webdo.tn\\\/fr\\\/#\\\/schema\\\/logo\\\/image\\\/\"},\"sameAs\":[\"https:\\\/\\\/www.facebook.com\\\/webdotn\",\"https:\\\/\\\/x.com\\\/webdo_tn\"],\"description\":\"Webdo est un m\u00e9dia num\u00e9rique tunisien fond\u00e9 en 2010, sp\u00e9cialis\u00e9 dans l\u2019actualit\u00e9 nationale et internationale, l\u2019\u00e9conomie, la soci\u00e9t\u00e9 et les analyses politiques. Le site s\u2019adresse \u00e0 un large public francophone et couvre l\u2019information tunisienne en temps r\u00e9el.\",\"email\":\"redac@webdo.tn\",\"legalName\":\"YNJ SARL\",\"foundingDate\":\"2010-09-06\",\"numberOfEmployees\":{\"@type\":\"QuantitativeValue\",\"minValue\":\"11\",\"maxValue\":\"50\"}},{\"@type\":\"Person\",\"@id\":\"https:\\\/\\\/www.webdo.tn\\\/fr\\\/#\\\/schema\\\/person\\\/19664196c9bfdcda126f3c27709f7d11\",\"name\":\"Firas Ben Abdeltif\",\"image\":{\"@type\":\"ImageObject\",\"inLanguage\":\"fr-FR\",\"@id\":\"https:\\\/\\\/secure.gravatar.com\\\/avatar\\\/161a347d40df098a084778c52ed133dbd85f14df003867067c5948081241ec55?s=96&d=mm&r=g\",\"url\":\"https:\\\/\\\/secure.gravatar.com\\\/avatar\\\/161a347d40df098a084778c52ed133dbd85f14df003867067c5948081241ec55?s=96&d=mm&r=g\",\"contentUrl\":\"https:\\\/\\\/secure.gravatar.com\\\/avatar\\\/161a347d40df098a084778c52ed133dbd85f14df003867067c5948081241ec55?s=96&d=mm&r=g\",\"caption\":\"Firas Ben Abdeltif\"},\"url\":\"https:\\\/\\\/www.webdo.tn\\\/fr\\\/actualite\\\/author\\\/firas-ben-abdeltif\\\/\"}]}<\/script>\n<!-- \/ Yoast SEO Premium plugin. -->","yoast_head_json":{"title":"Affaire de la flottille Soumoud : Un comit\u00e9 de soutien annonce une mobilisation - webdo","description":"Soutenez l'affaire de la flottille Soumoud : un comit\u00e9 se mobilise pour la d\u00e9fense des droits et des militants arr\u00eat\u00e9s.","canonical":"https:\/\/www.webdo.tn\/fr\/actualite\/national\/affaire-de-la-flottille-soumoud-un-comite-de-soutien-annonce-une-mobilisation\/394479\/","og_locale":"fr_FR","og_type":"article","og_title":"Affaire de la flottille Soumoud : Un comit\u00e9 de soutien annonce une mobilisation","og_description":"Soutenez l'affaire de la flottille Soumoud : un comit\u00e9 se mobilise pour la d\u00e9fense des droits et des militants arr\u00eat\u00e9s.","og_url":"https:\/\/www.webdo.tn\/fr\/actualite\/national\/affaire-de-la-flottille-soumoud-un-comite-de-soutien-annonce-une-mobilisation\/394479\/","og_site_name":"webdo","article_publisher":"https:\/\/www.facebook.com\/webdotn","article_published_time":"2026-03-12T07:21:42+00:00","article_modified_time":"2026-03-12T07:21:44+00:00","og_image":[{"width":1200,"height":601,"url":"https:\/\/www.webdo.tn\/fr\/wp-content\/uploads\/2026\/03\/soumoud-5.jpg","type":"image\/jpeg"}],"author":"Firas Ben Abdeltif","twitter_card":"summary_large_image","twitter_creator":"@webdo_tn","twitter_site":"@webdo_tn","twitter_misc":{"\u00c9crit par":"Firas Ben Abdeltif","Dur\u00e9e de lecture estim\u00e9e":"2 minutes"},"schema":{"@context":"https:\/\/schema.org","@graph":[{"@type":"NewsArticle","@id":"https:\/\/www.webdo.tn\/fr\/actualite\/national\/affaire-de-la-flottille-soumoud-un-comite-de-soutien-annonce-une-mobilisation\/394479\/#article","isPartOf":{"@id":"https:\/\/www.webdo.tn\/fr\/actualite\/national\/affaire-de-la-flottille-soumoud-un-comite-de-soutien-annonce-une-mobilisation\/394479\/"},"author":{"name":"Firas Ben Abdeltif","@id":"https:\/\/www.webdo.tn\/fr\/#\/schema\/person\/19664196c9bfdcda126f3c27709f7d11"},"headline":"Affaire de la flottille Soumoud : Un comit\u00e9 de soutien annonce une mobilisation","datePublished":"2026-03-12T07:21:42+00:00","dateModified":"2026-03-12T07:21:44+00:00","mainEntityOfPage":{"@id":"https:\/\/www.webdo.tn\/fr\/actualite\/national\/affaire-de-la-flottille-soumoud-un-comite-de-soutien-annonce-une-mobilisation\/394479\/"},"wordCount":385,"publisher":{"@id":"https:\/\/www.webdo.tn\/fr\/#organization"},"image":{"@id":"https:\/\/www.webdo.tn\/fr\/actualite\/national\/affaire-de-la-flottille-soumoud-un-comite-de-soutien-annonce-une-mobilisation\/394479\/#primaryimage"},"thumbnailUrl":"https:\/\/www.webdo.tn\/fr\/wp-content\/uploads\/2026\/03\/soumoud-5.jpg","keywords":["arrestations","mobilisation","soumoud","Tunisie"],"articleSection":["National"],"inLanguage":"fr-FR"},{"@type":"WebPage","@id":"https:\/\/www.webdo.tn\/fr\/actualite\/national\/affaire-de-la-flottille-soumoud-un-comite-de-soutien-annonce-une-mobilisation\/394479\/","url":"https:\/\/www.webdo.tn\/fr\/actualite\/national\/affaire-de-la-flottille-soumoud-un-comite-de-soutien-annonce-une-mobilisation\/394479\/","name":"Affaire de la flottille Soumoud : Un comit\u00e9 de soutien annonce une mobilisation - webdo","isPartOf":{"@id":"https:\/\/www.webdo.tn\/fr\/#website"},"primaryImageOfPage":{"@id":"https:\/\/www.webdo.tn\/fr\/actualite\/national\/affaire-de-la-flottille-soumoud-un-comite-de-soutien-annonce-une-mobilisation\/394479\/#primaryimage"},"image":{"@id":"https:\/\/www.webdo.tn\/fr\/actualite\/national\/affaire-de-la-flottille-soumoud-un-comite-de-soutien-annonce-une-mobilisation\/394479\/#primaryimage"},"thumbnailUrl":"https:\/\/www.webdo.tn\/fr\/wp-content\/uploads\/2026\/03\/soumoud-5.jpg","datePublished":"2026-03-12T07:21:42+00:00","dateModified":"2026-03-12T07:21:44+00:00","description":"Soutenez l'affaire de la flottille Soumoud : un comit\u00e9 se mobilise pour la d\u00e9fense des droits et des militants arr\u00eat\u00e9s.","breadcrumb":{"@id":"https:\/\/www.webdo.tn\/fr\/actualite\/national\/affaire-de-la-flottille-soumoud-un-comite-de-soutien-annonce-une-mobilisation\/394479\/#breadcrumb"},"inLanguage":"fr-FR","potentialAction":[{"@type":"ReadAction","target":["https:\/\/www.webdo.tn\/fr\/actualite\/national\/affaire-de-la-flottille-soumoud-un-comite-de-soutien-annonce-une-mobilisation\/394479\/"]}]},{"@type":"ImageObject","inLanguage":"fr-FR","@id":"https:\/\/www.webdo.tn\/fr\/actualite\/national\/affaire-de-la-flottille-soumoud-un-comite-de-soutien-annonce-une-mobilisation\/394479\/#primaryimage","url":"https:\/\/www.webdo.tn\/fr\/wp-content\/uploads\/2026\/03\/soumoud-5.jpg","contentUrl":"https:\/\/www.webdo.tn\/fr\/wp-content\/uploads\/2026\/03\/soumoud-5.jpg","width":1200,"height":601,"caption":"Flottille Soumoud : lmandats de d\u00e9p\u00f4t contre sept membres"},{"@type":"BreadcrumbList","@id":"https:\/\/www.webdo.tn\/fr\/actualite\/national\/affaire-de-la-flottille-soumoud-un-comite-de-soutien-annonce-une-mobilisation\/394479\/#breadcrumb","itemListElement":[{"@type":"ListItem","position":1,"name":"Accueil","item":"https:\/\/www.webdo.tn\/fr\/"},{"@type":"ListItem","position":2,"name":"Affaire de la flottille Soumoud : Un comit\u00e9 de soutien annonce une mobilisation"}]},{"@type":"WebSite","@id":"https:\/\/www.webdo.tn\/fr\/#website","url":"https:\/\/www.webdo.tn\/fr\/","name":"webdo","description":"Tunisie - News en Tunisie et \u00e0 l&#039;international sur Webdo.tn","publisher":{"@id":"https:\/\/www.webdo.tn\/fr\/#organization"},"potentialAction":[{"@type":"SearchAction","target":{"@type":"EntryPoint","urlTemplate":"https:\/\/www.webdo.tn\/fr\/?s={search_term_string}"},"query-input":{"@type":"PropertyValueSpecification","valueRequired":true,"valueName":"search_term_string"}}],"inLanguage":"fr-FR"},{"@type":"Organization","@id":"https:\/\/www.webdo.tn\/fr\/#organization","name":"Webdo","alternateName":"Webdo.tn","url":"https:\/\/www.webdo.tn\/fr\/","logo":{"@type":"ImageObject","inLanguage":"fr-FR","@id":"https:\/\/www.webdo.tn\/fr\/#\/schema\/logo\/image\/","url":"https:\/\/www.webdo.tn\/fr\/wp-content\/uploads\/2025\/06\/Webdo-Tunisie_168377.jpg","contentUrl":"https:\/\/www.webdo.tn\/fr\/wp-content\/uploads\/2025\/06\/Webdo-Tunisie_168377.jpg","width":301,"height":301,"caption":"Webdo"},"image":{"@id":"https:\/\/www.webdo.tn\/fr\/#\/schema\/logo\/image\/"},"sameAs":["https:\/\/www.facebook.com\/webdotn","https:\/\/x.com\/webdo_tn"],"description":"Webdo est un m\u00e9dia num\u00e9rique tunisien fond\u00e9 en 2010, sp\u00e9cialis\u00e9 dans l\u2019actualit\u00e9 nationale et internationale, l\u2019\u00e9conomie, la soci\u00e9t\u00e9 et les analyses politiques. Le site s\u2019adresse \u00e0 un large public francophone et couvre l\u2019information tunisienne en temps r\u00e9el.","email":"redac@webdo.tn","legalName":"YNJ SARL","foundingDate":"2010-09-06","numberOfEmployees":{"@type":"QuantitativeValue","minValue":"11","maxValue":"50"}},{"@type":"Person","@id":"https:\/\/www.webdo.tn\/fr\/#\/schema\/person\/19664196c9bfdcda126f3c27709f7d11","name":"Firas Ben Abdeltif","image":{"@type":"ImageObject","inLanguage":"fr-FR","@id":"https:\/\/secure.gravatar.com\/avatar\/161a347d40df098a084778c52ed133dbd85f14df003867067c5948081241ec55?s=96&d=mm&r=g","url":"https:\/\/secure.gravatar.com\/avatar\/161a347d40df098a084778c52ed133dbd85f14df003867067c5948081241ec55?s=96&d=mm&r=g","contentUrl":"https:\/\/secure.gravatar.com\/avatar\/161a347d40df098a084778c52ed133dbd85f14df003867067c5948081241ec55?s=96&d=mm&r=g","caption":"Firas Ben Abdeltif"},"url":"https:\/\/www.webdo.tn\/fr\/actualite\/author\/firas-ben-abdeltif\/"}]}},"_links":{"self":[{"href":"https:\/\/www.webdo.tn\/fr\/wp-json\/wp\/v2\/posts\/394479","targetHints":{"allow":["GET"]}}],"collection":[{"href":"https:\/\/www.webdo.tn\/fr\/wp-json\/wp\/v2\/posts"}],"about":[{"href":"https:\/\/www.webdo.tn\/fr\/wp-json\/wp\/v2\/types\/post"}],"author":[{"embeddable":true,"href":"https:\/\/www.webdo.tn\/fr\/wp-json\/wp\/v2\/users\/4779"}],"replies":[{"embeddable":true,"href":"https:\/\/www.webdo.tn\/fr\/wp-json\/wp\/v2\/comments?post=394479"}],"version-history":[{"count":0,"href":"https:\/\/www.webdo.tn\/fr\/wp-json\/wp\/v2\/posts\/394479\/revisions"}],"wp:featuredmedia":[{"embeddable":true,"href":"https:\/\/www.webdo.tn\/fr\/wp-json\/wp\/v2\/media\/394481"}],"wp:attachment":[{"href":"https:\/\/www.webdo.tn\/fr\/wp-json\/wp\/v2\/media?parent=394479"}],"wp:term":[{"taxonomy":"category","embeddable":true,"href":"https:\/\/www.webdo.tn\/fr\/wp-json\/wp\/v2\/categories?post=394479"},{"taxonomy":"post_tag","embeddable":true,"href":"https:\/\/www.webdo.tn\/fr\/wp-json\/wp\/v2\/tags?post=394479"}],"curies":[{"name":"wp","href":"https:\/\/api.w.org\/{rel}","templated":true}]}}