{"id":394471,"date":"2026-03-12T07:30:31","date_gmt":"2026-03-12T06:30:31","guid":{"rendered":"https:\/\/www.webdo.tn\/fr\/?p=394471"},"modified":"2026-03-12T07:30:35","modified_gmt":"2026-03-12T06:30:35","slug":"crise-au-moyen-orient-comment-tunis-gere-la-situation-de-ses-ressortissants-dans-la-region","status":"publish","type":"post","link":"https:\/\/www.webdo.tn\/fr\/actualite\/national\/crise-au-moyen-orient-comment-tunis-gere-la-situation-de-ses-ressortissants-dans-la-region\/394471\/","title":{"rendered":"Crise au Moyen-Orient : Comment Tunis g\u00e8re la situation de ses ressortissants dans la r\u00e9gion"},"content":{"rendered":"\n<p><strong>Face \u00e0 l\u2019escalade militaire au Moyen-Orient apr\u00e8s les frappes am\u00e9ricaines et isra\u00e9liennes contre l\u2019Iran, la Tunisie a activ\u00e9 plusieurs m\u00e9canismes pour suivre la situation de ses ressortissants dans les pays du Golfe et dans la r\u00e9gion.<\/strong><\/p>\n\n\n\n<p>Intervenant devant la Commission des relations ext\u00e9rieures de l\u2019Assembl\u00e9e des repr\u00e9sentants du peuple, le ministre des Affaires \u00e9trang\u00e8res Mohamed Ali Nafti a indiqu\u00e9 que le minist\u00e8re a mis en place une cellule de crise fonctionnant 24 heures sur 24 afin de coordonner les actions avec les missions diplomatiques tunisiennes \u00e0 l\u2019\u00e9tranger.<\/p>\n\n\n\n<h2 class=\"wp-block-heading\" id=\"h-une-mobilisation-des-ambassades-et-consulats\">Une mobilisation des ambassades et consulats<\/h2>\n\n\n\n<p>Selon le chef de la diplomatie tunisienne, les repr\u00e9sentations diplomatiques tunisiennes dans les pays concern\u00e9s sont mobilis\u00e9es pour rester en contact avec la communaut\u00e9 tunisienne et intervenir lorsque des situations d\u2019urgence sont signal\u00e9es.<\/p>\n\n\n\n<p>Le ministre a rappel\u00e9 que la r\u00e9gion traverse une p\u00e9riode exceptionnelle, ce qui n\u00e9cessite, selon ses mots, \u00ab des efforts exceptionnels \u00bb pour assurer le suivi des ressortissants tunisiens pr\u00e9sents dans les pays du Golfe et au Moyen-Orient.<\/p>\n\n\n\n<h2 class=\"wp-block-heading\" id=\"h-des-interventions-ponctuelles-pour-les-situations-urgentes\">Des interventions ponctuelles pour les situations urgentes<\/h2>\n\n\n\n<p>Mohamed Ali Nafti a expliqu\u00e9 que les autorit\u00e9s tunisiennes interviennent en priorit\u00e9 dans les situations impliquant des citoyens non r\u00e9sidents ou des personnes bloqu\u00e9es en raison des perturbations du trafic a\u00e9rien.<\/p>\n\n\n\n<p>Dans ce cadre, 17 Tunisiens ont \u00e9t\u00e9 rapatri\u00e9s depuis l\u2019Iran dans des conditions exceptionnelles, alors que la fronti\u00e8re entre l\u2019Iran et la Turquie conna\u00eet un afflux de ressortissants \u00e9trangers.<\/p>\n\n\n\n<p>Le ministre a \u00e9galement indiqu\u00e9 qu\u2019entre 45 et 50 familles tunisiennes se trouvent encore en Iran, tandis que les autorit\u00e9s continuent de suivre leur situation.<\/p>\n\n\n\n<h2 class=\"wp-block-heading\" id=\"h-des-solutions-de-transit-pour-les-tunisiens-bloques\">Des solutions de transit pour les Tunisiens bloqu\u00e9s<\/h2>\n\n\n\n<p>La fermeture de certains espaces a\u00e9riens dans la r\u00e9gion a \u00e9galement provoqu\u00e9 des difficult\u00e9s pour plusieurs voyageurs tunisiens.<\/p>\n\n\n\n<p>Selon le ministre, 174 Tunisiens ont pu obtenir des visas de transit d\u2019urgence afin de quitter l\u2019Arabie saoudite par voie terrestre apr\u00e8s la fermeture de l\u2019espace a\u00e9rien dans certains pays voisins.<\/p>\n\n\n\n<p>Par ailleurs, environ 100 Tunisiens se trouvant au Qatar apr\u00e8s \u00eatre arriv\u00e9s depuis d\u2019autres destinations ont \u00e9t\u00e9 pris en charge dans l\u2019attente de la r\u00e9ouverture de l\u2019espace a\u00e9rien.<\/p>\n\n\n\n<h2 class=\"wp-block-heading\" id=\"h-une-surveillance-permanente-de-la-situation\">Une surveillance permanente de la situation<\/h2>\n\n\n\n<p>Le ministre des Affaires \u00e9trang\u00e8res a assur\u00e9 que les autorit\u00e9s tunisiennes suivent la situation au cas par cas, en coordination avec les ambassades et consulats dans la r\u00e9gion.<\/p>\n\n\n\n<p>Il a \u00e9galement indiqu\u00e9 que les ressortissants tunisiens concern\u00e9s se trouvent actuellement en bonne sant\u00e9, tout en soulignant que la situation r\u00e9gionale reste fragile et peut \u00e9voluer rapidement.<\/p>\n","protected":false},"excerpt":{"rendered":"<p>Face \u00e0 l\u2019escalade militaire au Moyen-Orient apr\u00e8s les frappes am\u00e9ricaines et isra\u00e9liennes contre l\u2019Iran, la Tunisie a activ\u00e9 plusieurs m\u00e9canismes pour suivre la situation de ses ressortissants dans les pays du Golfe et dans la r\u00e9gion. Intervenant devant la Commission des relations ext\u00e9rieures de l\u2019Assembl\u00e9e des repr\u00e9sentants du peuple, le ministre des Affaires \u00e9trang\u00e8res Mohamed [&hellip;]<\/p>\n","protected":false},"author":3203,"featured_media":394473,"comment_status":"closed","ping_status":"closed","sticky":false,"template":"","format":"standard","meta":{"footnotes":""},"categories":[44],"tags":[5480,3035,2912,3317],"class_list":["post-394471","post","type-post","status-publish","format-standard","has-post-thumbnail","hentry","category-national","tag-conflit-au-moyen-orient","tag-etats-unis","tag-iran","tag-tunisiens"],"yoast_head":"<!-- This site is optimized with the Yoast SEO Premium plugin v27.5 (Yoast SEO v27.5) - https:\/\/yoast.com\/product\/yoast-seo-premium-wordpress\/ -->\n<title>Crise au Moyen-Orient : Comment Tunis g\u00e8re la situation de ses ressortissants dans la r\u00e9gion - webdo<\/title>\n<meta name=\"description\" content=\"Le ministre des Affaires \u00e9trang\u00e8res tunisien explique comment la Tunisie r\u00e9pond \u00e0 la crise au Moyen-Orient pour ses ressortissants.\" \/>\n<link rel=\"canonical\" href=\"https:\/\/www.webdo.tn\/fr\/actualite\/national\/crise-au-moyen-orient-comment-tunis-gere-la-situation-de-ses-ressortissants-dans-la-region\/394471\/\" \/>\n<meta property=\"og:locale\" content=\"fr_FR\" \/>\n<meta property=\"og:type\" content=\"article\" \/>\n<meta property=\"og:title\" content=\"Crise au Moyen-Orient : Comment Tunis g\u00e8re la situation de ses ressortissants dans la r\u00e9gion\" \/>\n<meta property=\"og:description\" content=\"Le ministre des Affaires \u00e9trang\u00e8res tunisien explique comment la Tunisie r\u00e9pond \u00e0 la crise au Moyen-Orient pour ses ressortissants.\" \/>\n<meta property=\"og:url\" content=\"https:\/\/www.webdo.tn\/fr\/actualite\/national\/crise-au-moyen-orient-comment-tunis-gere-la-situation-de-ses-ressortissants-dans-la-region\/394471\/\" \/>\n<meta property=\"og:site_name\" content=\"webdo\" \/>\n<meta property=\"article:publisher\" content=\"https:\/\/www.facebook.com\/webdotn\" \/>\n<meta property=\"article:published_time\" content=\"2026-03-12T06:30:31+00:00\" \/>\n<meta property=\"article:modified_time\" content=\"2026-03-12T06:30:35+00:00\" \/>\n<meta property=\"og:image\" content=\"https:\/\/www.webdo.tn\/fr\/wp-content\/uploads\/2026\/03\/mohamed-ali-nafti-1.jpg\" \/>\n\t<meta property=\"og:image:width\" content=\"1200\" \/>\n\t<meta property=\"og:image:height\" content=\"601\" \/>\n\t<meta property=\"og:image:type\" content=\"image\/jpeg\" \/>\n<meta name=\"author\" content=\"Ramzi Haddad\" \/>\n<meta name=\"twitter:card\" content=\"summary_large_image\" \/>\n<meta name=\"twitter:creator\" content=\"@webdo_tn\" \/>\n<meta name=\"twitter:site\" content=\"@webdo_tn\" \/>\n<meta name=\"twitter:label1\" content=\"\u00c9crit par\" \/>\n\t<meta name=\"twitter:data1\" content=\"Ramzi Haddad\" \/>\n\t<meta name=\"twitter:label2\" content=\"Dur\u00e9e de lecture estim\u00e9e\" \/>\n\t<meta name=\"twitter:data2\" content=\"3 minutes\" \/>\n<script type=\"application\/ld+json\" class=\"yoast-schema-graph\">{\"@context\":\"https:\\\/\\\/schema.org\",\"@graph\":[{\"@type\":\"NewsArticle\",\"@id\":\"https:\\\/\\\/www.webdo.tn\\\/fr\\\/actualite\\\/national\\\/crise-au-moyen-orient-comment-tunis-gere-la-situation-de-ses-ressortissants-dans-la-region\\\/394471\\\/#article\",\"isPartOf\":{\"@id\":\"https:\\\/\\\/www.webdo.tn\\\/fr\\\/actualite\\\/national\\\/crise-au-moyen-orient-comment-tunis-gere-la-situation-de-ses-ressortissants-dans-la-region\\\/394471\\\/\"},\"author\":{\"name\":\"Ramzi Haddad\",\"@id\":\"https:\\\/\\\/www.webdo.tn\\\/fr\\\/#\\\/schema\\\/person\\\/5663044c25eb36d8f88ba5b653f12f8c\"},\"headline\":\"Crise au Moyen-Orient : Comment Tunis g\u00e8re la situation de ses ressortissants dans la r\u00e9gion\",\"datePublished\":\"2026-03-12T06:30:31+00:00\",\"dateModified\":\"2026-03-12T06:30:35+00:00\",\"mainEntityOfPage\":{\"@id\":\"https:\\\/\\\/www.webdo.tn\\\/fr\\\/actualite\\\/national\\\/crise-au-moyen-orient-comment-tunis-gere-la-situation-de-ses-ressortissants-dans-la-region\\\/394471\\\/\"},\"wordCount\":463,\"publisher\":{\"@id\":\"https:\\\/\\\/www.webdo.tn\\\/fr\\\/#organization\"},\"image\":{\"@id\":\"https:\\\/\\\/www.webdo.tn\\\/fr\\\/actualite\\\/national\\\/crise-au-moyen-orient-comment-tunis-gere-la-situation-de-ses-ressortissants-dans-la-region\\\/394471\\\/#primaryimage\"},\"thumbnailUrl\":\"https:\\\/\\\/www.webdo.tn\\\/fr\\\/wp-content\\\/uploads\\\/2026\\\/03\\\/mohamed-ali-nafti-1.jpg\",\"keywords\":[\"Conflit au Moyen-Orient\",\"Etats-Unis\",\"Iran\",\"Tunisiens\"],\"articleSection\":[\"National\"],\"inLanguage\":\"fr-FR\"},{\"@type\":\"WebPage\",\"@id\":\"https:\\\/\\\/www.webdo.tn\\\/fr\\\/actualite\\\/national\\\/crise-au-moyen-orient-comment-tunis-gere-la-situation-de-ses-ressortissants-dans-la-region\\\/394471\\\/\",\"url\":\"https:\\\/\\\/www.webdo.tn\\\/fr\\\/actualite\\\/national\\\/crise-au-moyen-orient-comment-tunis-gere-la-situation-de-ses-ressortissants-dans-la-region\\\/394471\\\/\",\"name\":\"Crise au Moyen-Orient : Comment Tunis g\u00e8re la situation de ses ressortissants dans la r\u00e9gion - webdo\",\"isPartOf\":{\"@id\":\"https:\\\/\\\/www.webdo.tn\\\/fr\\\/#website\"},\"primaryImageOfPage\":{\"@id\":\"https:\\\/\\\/www.webdo.tn\\\/fr\\\/actualite\\\/national\\\/crise-au-moyen-orient-comment-tunis-gere-la-situation-de-ses-ressortissants-dans-la-region\\\/394471\\\/#primaryimage\"},\"image\":{\"@id\":\"https:\\\/\\\/www.webdo.tn\\\/fr\\\/actualite\\\/national\\\/crise-au-moyen-orient-comment-tunis-gere-la-situation-de-ses-ressortissants-dans-la-region\\\/394471\\\/#primaryimage\"},\"thumbnailUrl\":\"https:\\\/\\\/www.webdo.tn\\\/fr\\\/wp-content\\\/uploads\\\/2026\\\/03\\\/mohamed-ali-nafti-1.jpg\",\"datePublished\":\"2026-03-12T06:30:31+00:00\",\"dateModified\":\"2026-03-12T06:30:35+00:00\",\"description\":\"Le ministre des Affaires \u00e9trang\u00e8res tunisien explique comment la Tunisie r\u00e9pond \u00e0 la crise au Moyen-Orient pour ses ressortissants.\",\"breadcrumb\":{\"@id\":\"https:\\\/\\\/www.webdo.tn\\\/fr\\\/actualite\\\/national\\\/crise-au-moyen-orient-comment-tunis-gere-la-situation-de-ses-ressortissants-dans-la-region\\\/394471\\\/#breadcrumb\"},\"inLanguage\":\"fr-FR\",\"potentialAction\":[{\"@type\":\"ReadAction\",\"target\":[\"https:\\\/\\\/www.webdo.tn\\\/fr\\\/actualite\\\/national\\\/crise-au-moyen-orient-comment-tunis-gere-la-situation-de-ses-ressortissants-dans-la-region\\\/394471\\\/\"]}]},{\"@type\":\"ImageObject\",\"inLanguage\":\"fr-FR\",\"@id\":\"https:\\\/\\\/www.webdo.tn\\\/fr\\\/actualite\\\/national\\\/crise-au-moyen-orient-comment-tunis-gere-la-situation-de-ses-ressortissants-dans-la-region\\\/394471\\\/#primaryimage\",\"url\":\"https:\\\/\\\/www.webdo.tn\\\/fr\\\/wp-content\\\/uploads\\\/2026\\\/03\\\/mohamed-ali-nafti-1.jpg\",\"contentUrl\":\"https:\\\/\\\/www.webdo.tn\\\/fr\\\/wp-content\\\/uploads\\\/2026\\\/03\\\/mohamed-ali-nafti-1.jpg\",\"width\":1200,\"height\":601,\"caption\":\"Crise au Moyen-Orient : Tunis active une cellule de crise pour ses ressortissants dans le Golfe\"},{\"@type\":\"BreadcrumbList\",\"@id\":\"https:\\\/\\\/www.webdo.tn\\\/fr\\\/actualite\\\/national\\\/crise-au-moyen-orient-comment-tunis-gere-la-situation-de-ses-ressortissants-dans-la-region\\\/394471\\\/#breadcrumb\",\"itemListElement\":[{\"@type\":\"ListItem\",\"position\":1,\"name\":\"Accueil\",\"item\":\"https:\\\/\\\/www.webdo.tn\\\/fr\\\/\"},{\"@type\":\"ListItem\",\"position\":2,\"name\":\"Crise au Moyen-Orient : Comment Tunis g\u00e8re la situation de ses ressortissants dans la r\u00e9gion\"}]},{\"@type\":\"WebSite\",\"@id\":\"https:\\\/\\\/www.webdo.tn\\\/fr\\\/#website\",\"url\":\"https:\\\/\\\/www.webdo.tn\\\/fr\\\/\",\"name\":\"webdo\",\"description\":\"Tunisie - News en Tunisie et \u00e0 l&#039;international sur Webdo.tn\",\"publisher\":{\"@id\":\"https:\\\/\\\/www.webdo.tn\\\/fr\\\/#organization\"},\"potentialAction\":[{\"@type\":\"SearchAction\",\"target\":{\"@type\":\"EntryPoint\",\"urlTemplate\":\"https:\\\/\\\/www.webdo.tn\\\/fr\\\/?s={search_term_string}\"},\"query-input\":{\"@type\":\"PropertyValueSpecification\",\"valueRequired\":true,\"valueName\":\"search_term_string\"}}],\"inLanguage\":\"fr-FR\"},{\"@type\":\"Organization\",\"@id\":\"https:\\\/\\\/www.webdo.tn\\\/fr\\\/#organization\",\"name\":\"Webdo\",\"alternateName\":\"Webdo.tn\",\"url\":\"https:\\\/\\\/www.webdo.tn\\\/fr\\\/\",\"logo\":{\"@type\":\"ImageObject\",\"inLanguage\":\"fr-FR\",\"@id\":\"https:\\\/\\\/www.webdo.tn\\\/fr\\\/#\\\/schema\\\/logo\\\/image\\\/\",\"url\":\"https:\\\/\\\/www.webdo.tn\\\/fr\\\/wp-content\\\/uploads\\\/2025\\\/06\\\/Webdo-Tunisie_168377.jpg\",\"contentUrl\":\"https:\\\/\\\/www.webdo.tn\\\/fr\\\/wp-content\\\/uploads\\\/2025\\\/06\\\/Webdo-Tunisie_168377.jpg\",\"width\":301,\"height\":301,\"caption\":\"Webdo\"},\"image\":{\"@id\":\"https:\\\/\\\/www.webdo.tn\\\/fr\\\/#\\\/schema\\\/logo\\\/image\\\/\"},\"sameAs\":[\"https:\\\/\\\/www.facebook.com\\\/webdotn\",\"https:\\\/\\\/x.com\\\/webdo_tn\"],\"description\":\"Webdo est un m\u00e9dia num\u00e9rique tunisien fond\u00e9 en 2010, sp\u00e9cialis\u00e9 dans l\u2019actualit\u00e9 nationale et internationale, l\u2019\u00e9conomie, la soci\u00e9t\u00e9 et les analyses politiques. Le site s\u2019adresse \u00e0 un large public francophone et couvre l\u2019information tunisienne en temps r\u00e9el.\",\"email\":\"redac@webdo.tn\",\"legalName\":\"YNJ SARL\",\"foundingDate\":\"2010-09-06\",\"numberOfEmployees\":{\"@type\":\"QuantitativeValue\",\"minValue\":\"11\",\"maxValue\":\"50\"}},{\"@type\":\"Person\",\"@id\":\"https:\\\/\\\/www.webdo.tn\\\/fr\\\/#\\\/schema\\\/person\\\/5663044c25eb36d8f88ba5b653f12f8c\",\"name\":\"Ramzi Haddad\",\"image\":{\"@type\":\"ImageObject\",\"inLanguage\":\"fr-FR\",\"@id\":\"https:\\\/\\\/www.webdo.tn\\\/fr\\\/wp-content\\\/uploads\\\/2026\\\/04\\\/ramzi-haddad_avatar-96x96.jpg\",\"url\":\"https:\\\/\\\/www.webdo.tn\\\/fr\\\/wp-content\\\/uploads\\\/2026\\\/04\\\/ramzi-haddad_avatar-96x96.jpg\",\"contentUrl\":\"https:\\\/\\\/www.webdo.tn\\\/fr\\\/wp-content\\\/uploads\\\/2026\\\/04\\\/ramzi-haddad_avatar-96x96.jpg\",\"caption\":\"Ramzi Haddad\"},\"description\":\"Signature \u00e9ditoriale de Walid Ben Youssef Ramzi Haddad est le pseudonyme \u00e9ditorial de Walid Ben Youssef, fondateur et g\u00e9rant de Webdo.tn. Cette signature est d\u00e9di\u00e9e \u00e0 la couverture de l'actualit\u00e9 nationale et internationale, ainsi qu'aux analyses des dynamiques num\u00e9riques. Ce profil b\u00e9n\u00e9ficie de l'expertise de Walid Ben Youssef, pionnier du web en Tunisie depuis 2000 et dipl\u00f4m\u00e9 en Math\u00e9matiques pures de l'Universit\u00e9 d'Oregon. \u00c0 travers cette signature, la r\u00e9daction de Webdo garantit une information structur\u00e9e et v\u00e9rifi\u00e9e, fid\u00e8le aux standards journalistiques du m\u00e9dia.\",\"url\":\"https:\\\/\\\/www.webdo.tn\\\/fr\\\/actualite\\\/author\\\/ramzi-haddad\\\/\"}]}<\/script>\n<!-- \/ Yoast SEO Premium plugin. -->","yoast_head_json":{"title":"Crise au Moyen-Orient : Comment Tunis g\u00e8re la situation de ses ressortissants dans la r\u00e9gion - webdo","description":"Le ministre des Affaires \u00e9trang\u00e8res tunisien explique comment la Tunisie r\u00e9pond \u00e0 la crise au Moyen-Orient pour ses ressortissants.","canonical":"https:\/\/www.webdo.tn\/fr\/actualite\/national\/crise-au-moyen-orient-comment-tunis-gere-la-situation-de-ses-ressortissants-dans-la-region\/394471\/","og_locale":"fr_FR","og_type":"article","og_title":"Crise au Moyen-Orient : Comment Tunis g\u00e8re la situation de ses ressortissants dans la r\u00e9gion","og_description":"Le ministre des Affaires \u00e9trang\u00e8res tunisien explique comment la Tunisie r\u00e9pond \u00e0 la crise au Moyen-Orient pour ses ressortissants.","og_url":"https:\/\/www.webdo.tn\/fr\/actualite\/national\/crise-au-moyen-orient-comment-tunis-gere-la-situation-de-ses-ressortissants-dans-la-region\/394471\/","og_site_name":"webdo","article_publisher":"https:\/\/www.facebook.com\/webdotn","article_published_time":"2026-03-12T06:30:31+00:00","article_modified_time":"2026-03-12T06:30:35+00:00","og_image":[{"width":1200,"height":601,"url":"https:\/\/www.webdo.tn\/fr\/wp-content\/uploads\/2026\/03\/mohamed-ali-nafti-1.jpg","type":"image\/jpeg"}],"author":"Ramzi Haddad","twitter_card":"summary_large_image","twitter_creator":"@webdo_tn","twitter_site":"@webdo_tn","twitter_misc":{"\u00c9crit par":"Ramzi Haddad","Dur\u00e9e de lecture estim\u00e9e":"3 minutes"},"schema":{"@context":"https:\/\/schema.org","@graph":[{"@type":"NewsArticle","@id":"https:\/\/www.webdo.tn\/fr\/actualite\/national\/crise-au-moyen-orient-comment-tunis-gere-la-situation-de-ses-ressortissants-dans-la-region\/394471\/#article","isPartOf":{"@id":"https:\/\/www.webdo.tn\/fr\/actualite\/national\/crise-au-moyen-orient-comment-tunis-gere-la-situation-de-ses-ressortissants-dans-la-region\/394471\/"},"author":{"name":"Ramzi Haddad","@id":"https:\/\/www.webdo.tn\/fr\/#\/schema\/person\/5663044c25eb36d8f88ba5b653f12f8c"},"headline":"Crise au Moyen-Orient : Comment Tunis g\u00e8re la situation de ses ressortissants dans la r\u00e9gion","datePublished":"2026-03-12T06:30:31+00:00","dateModified":"2026-03-12T06:30:35+00:00","mainEntityOfPage":{"@id":"https:\/\/www.webdo.tn\/fr\/actualite\/national\/crise-au-moyen-orient-comment-tunis-gere-la-situation-de-ses-ressortissants-dans-la-region\/394471\/"},"wordCount":463,"publisher":{"@id":"https:\/\/www.webdo.tn\/fr\/#organization"},"image":{"@id":"https:\/\/www.webdo.tn\/fr\/actualite\/national\/crise-au-moyen-orient-comment-tunis-gere-la-situation-de-ses-ressortissants-dans-la-region\/394471\/#primaryimage"},"thumbnailUrl":"https:\/\/www.webdo.tn\/fr\/wp-content\/uploads\/2026\/03\/mohamed-ali-nafti-1.jpg","keywords":["Conflit au Moyen-Orient","Etats-Unis","Iran","Tunisiens"],"articleSection":["National"],"inLanguage":"fr-FR"},{"@type":"WebPage","@id":"https:\/\/www.webdo.tn\/fr\/actualite\/national\/crise-au-moyen-orient-comment-tunis-gere-la-situation-de-ses-ressortissants-dans-la-region\/394471\/","url":"https:\/\/www.webdo.tn\/fr\/actualite\/national\/crise-au-moyen-orient-comment-tunis-gere-la-situation-de-ses-ressortissants-dans-la-region\/394471\/","name":"Crise au Moyen-Orient : Comment Tunis g\u00e8re la situation de ses ressortissants dans la r\u00e9gion - webdo","isPartOf":{"@id":"https:\/\/www.webdo.tn\/fr\/#website"},"primaryImageOfPage":{"@id":"https:\/\/www.webdo.tn\/fr\/actualite\/national\/crise-au-moyen-orient-comment-tunis-gere-la-situation-de-ses-ressortissants-dans-la-region\/394471\/#primaryimage"},"image":{"@id":"https:\/\/www.webdo.tn\/fr\/actualite\/national\/crise-au-moyen-orient-comment-tunis-gere-la-situation-de-ses-ressortissants-dans-la-region\/394471\/#primaryimage"},"thumbnailUrl":"https:\/\/www.webdo.tn\/fr\/wp-content\/uploads\/2026\/03\/mohamed-ali-nafti-1.jpg","datePublished":"2026-03-12T06:30:31+00:00","dateModified":"2026-03-12T06:30:35+00:00","description":"Le ministre des Affaires \u00e9trang\u00e8res tunisien explique comment la Tunisie r\u00e9pond \u00e0 la crise au Moyen-Orient pour ses ressortissants.","breadcrumb":{"@id":"https:\/\/www.webdo.tn\/fr\/actualite\/national\/crise-au-moyen-orient-comment-tunis-gere-la-situation-de-ses-ressortissants-dans-la-region\/394471\/#breadcrumb"},"inLanguage":"fr-FR","potentialAction":[{"@type":"ReadAction","target":["https:\/\/www.webdo.tn\/fr\/actualite\/national\/crise-au-moyen-orient-comment-tunis-gere-la-situation-de-ses-ressortissants-dans-la-region\/394471\/"]}]},{"@type":"ImageObject","inLanguage":"fr-FR","@id":"https:\/\/www.webdo.tn\/fr\/actualite\/national\/crise-au-moyen-orient-comment-tunis-gere-la-situation-de-ses-ressortissants-dans-la-region\/394471\/#primaryimage","url":"https:\/\/www.webdo.tn\/fr\/wp-content\/uploads\/2026\/03\/mohamed-ali-nafti-1.jpg","contentUrl":"https:\/\/www.webdo.tn\/fr\/wp-content\/uploads\/2026\/03\/mohamed-ali-nafti-1.jpg","width":1200,"height":601,"caption":"Crise au Moyen-Orient : Tunis active une cellule de crise pour ses ressortissants dans le Golfe"},{"@type":"BreadcrumbList","@id":"https:\/\/www.webdo.tn\/fr\/actualite\/national\/crise-au-moyen-orient-comment-tunis-gere-la-situation-de-ses-ressortissants-dans-la-region\/394471\/#breadcrumb","itemListElement":[{"@type":"ListItem","position":1,"name":"Accueil","item":"https:\/\/www.webdo.tn\/fr\/"},{"@type":"ListItem","position":2,"name":"Crise au Moyen-Orient : Comment Tunis g\u00e8re la situation de ses ressortissants dans la r\u00e9gion"}]},{"@type":"WebSite","@id":"https:\/\/www.webdo.tn\/fr\/#website","url":"https:\/\/www.webdo.tn\/fr\/","name":"webdo","description":"Tunisie - News en Tunisie et \u00e0 l&#039;international sur Webdo.tn","publisher":{"@id":"https:\/\/www.webdo.tn\/fr\/#organization"},"potentialAction":[{"@type":"SearchAction","target":{"@type":"EntryPoint","urlTemplate":"https:\/\/www.webdo.tn\/fr\/?s={search_term_string}"},"query-input":{"@type":"PropertyValueSpecification","valueRequired":true,"valueName":"search_term_string"}}],"inLanguage":"fr-FR"},{"@type":"Organization","@id":"https:\/\/www.webdo.tn\/fr\/#organization","name":"Webdo","alternateName":"Webdo.tn","url":"https:\/\/www.webdo.tn\/fr\/","logo":{"@type":"ImageObject","inLanguage":"fr-FR","@id":"https:\/\/www.webdo.tn\/fr\/#\/schema\/logo\/image\/","url":"https:\/\/www.webdo.tn\/fr\/wp-content\/uploads\/2025\/06\/Webdo-Tunisie_168377.jpg","contentUrl":"https:\/\/www.webdo.tn\/fr\/wp-content\/uploads\/2025\/06\/Webdo-Tunisie_168377.jpg","width":301,"height":301,"caption":"Webdo"},"image":{"@id":"https:\/\/www.webdo.tn\/fr\/#\/schema\/logo\/image\/"},"sameAs":["https:\/\/www.facebook.com\/webdotn","https:\/\/x.com\/webdo_tn"],"description":"Webdo est un m\u00e9dia num\u00e9rique tunisien fond\u00e9 en 2010, sp\u00e9cialis\u00e9 dans l\u2019actualit\u00e9 nationale et internationale, l\u2019\u00e9conomie, la soci\u00e9t\u00e9 et les analyses politiques. Le site s\u2019adresse \u00e0 un large public francophone et couvre l\u2019information tunisienne en temps r\u00e9el.","email":"redac@webdo.tn","legalName":"YNJ SARL","foundingDate":"2010-09-06","numberOfEmployees":{"@type":"QuantitativeValue","minValue":"11","maxValue":"50"}},{"@type":"Person","@id":"https:\/\/www.webdo.tn\/fr\/#\/schema\/person\/5663044c25eb36d8f88ba5b653f12f8c","name":"Ramzi Haddad","image":{"@type":"ImageObject","inLanguage":"fr-FR","@id":"https:\/\/www.webdo.tn\/fr\/wp-content\/uploads\/2026\/04\/ramzi-haddad_avatar-96x96.jpg","url":"https:\/\/www.webdo.tn\/fr\/wp-content\/uploads\/2026\/04\/ramzi-haddad_avatar-96x96.jpg","contentUrl":"https:\/\/www.webdo.tn\/fr\/wp-content\/uploads\/2026\/04\/ramzi-haddad_avatar-96x96.jpg","caption":"Ramzi Haddad"},"description":"Signature \u00e9ditoriale de Walid Ben Youssef Ramzi Haddad est le pseudonyme \u00e9ditorial de Walid Ben Youssef, fondateur et g\u00e9rant de Webdo.tn. Cette signature est d\u00e9di\u00e9e \u00e0 la couverture de l'actualit\u00e9 nationale et internationale, ainsi qu'aux analyses des dynamiques num\u00e9riques. Ce profil b\u00e9n\u00e9ficie de l'expertise de Walid Ben Youssef, pionnier du web en Tunisie depuis 2000 et dipl\u00f4m\u00e9 en Math\u00e9matiques pures de l'Universit\u00e9 d'Oregon. \u00c0 travers cette signature, la r\u00e9daction de Webdo garantit une information structur\u00e9e et v\u00e9rifi\u00e9e, fid\u00e8le aux standards journalistiques du m\u00e9dia.","url":"https:\/\/www.webdo.tn\/fr\/actualite\/author\/ramzi-haddad\/"}]}},"_links":{"self":[{"href":"https:\/\/www.webdo.tn\/fr\/wp-json\/wp\/v2\/posts\/394471","targetHints":{"allow":["GET"]}}],"collection":[{"href":"https:\/\/www.webdo.tn\/fr\/wp-json\/wp\/v2\/posts"}],"about":[{"href":"https:\/\/www.webdo.tn\/fr\/wp-json\/wp\/v2\/types\/post"}],"author":[{"embeddable":true,"href":"https:\/\/www.webdo.tn\/fr\/wp-json\/wp\/v2\/users\/3203"}],"replies":[{"embeddable":true,"href":"https:\/\/www.webdo.tn\/fr\/wp-json\/wp\/v2\/comments?post=394471"}],"version-history":[{"count":0,"href":"https:\/\/www.webdo.tn\/fr\/wp-json\/wp\/v2\/posts\/394471\/revisions"}],"wp:featuredmedia":[{"embeddable":true,"href":"https:\/\/www.webdo.tn\/fr\/wp-json\/wp\/v2\/media\/394473"}],"wp:attachment":[{"href":"https:\/\/www.webdo.tn\/fr\/wp-json\/wp\/v2\/media?parent=394471"}],"wp:term":[{"taxonomy":"category","embeddable":true,"href":"https:\/\/www.webdo.tn\/fr\/wp-json\/wp\/v2\/categories?post=394471"},{"taxonomy":"post_tag","embeddable":true,"href":"https:\/\/www.webdo.tn\/fr\/wp-json\/wp\/v2\/tags?post=394471"}],"curies":[{"name":"wp","href":"https:\/\/api.w.org\/{rel}","templated":true}]}}