{"id":394466,"date":"2026-03-05T19:16:00","date_gmt":"2026-03-05T18:16:00","guid":{"rendered":"https:\/\/www.webdo.tn\/fr\/?p=394466"},"modified":"2026-03-12T00:17:22","modified_gmt":"2026-03-11T23:17:22","slug":"cannes-2026-une-palme-dor-dhonneur-pour-peter-jackson","status":"publish","type":"post","link":"https:\/\/www.webdo.tn\/fr\/actualite\/culture\/cannes-2026-une-palme-dor-dhonneur-pour-peter-jackson\/394466\/","title":{"rendered":"Cannes 2026 \u2013 Une Palme d\u2019or d\u2019honneur pour Peter Jackson"},"content":{"rendered":"\n<p><\/p>\n\n\n\n<p>Apr\u00e8s Agn\u00e8s Varda, Marco Bellocchio, <a href=\"https:\/\/www.webdo.tn\/fr\/actualite\/culture\/cannes-2021-une-ceremonie-qui-annonce-le-retour-a-la-vie-grace-a-la-magie-du-cinema\/200001\/\">Jodie Foster<\/a>, <a href=\"https:\/\/www.webdo.tn\/fr\/actualite\/culture\/cannes-2024-une-palme-d-or-d-honneur-pour-meryl-streep\/213940\/\">Meryl Streep<\/a> ou encore <a href=\"https:\/\/www.webdo.tn\/fr\/actualite\/culture\/cannes-2025-robert-de-niro-une-palme-d-or-d-honneur-pour-un-monument-du-cinema\/221064\/\">Robert De Niro<\/a> l\u2019an dernier, le cin\u00e9aste n\u00e9oz\u00e9landais Peter Jackson recevra une Palme d\u2019or d\u2019honneur lors du 79e Festival de Cannes. Cette distinction vient saluer une \u0153uvre singuli\u00e8re, capable de fusionner blockbusters hollywoodiens et films d\u2019auteur, port\u00e9e par une volont\u00e9 artistique et une audace technologique hors normes.<\/p>\n\n\n\n<p>\u00ab <em>Recevoir la Palme d&rsquo;or d&rsquo;honneur \u00e0 Cannes sera l&rsquo;un des plus grands moments de ma carri\u00e8re, confie Peter Jackson. Cannes a jou\u00e9 un r\u00f4le d\u00e9cisif dans mon parcours de cin\u00e9aste. En 1988, j&rsquo;ai particip\u00e9 au March\u00e9 du Film avec mon premier film, <\/em><em>Bad Taste<\/em><em>, puis, en 2001, nous avons projet\u00e9 une s\u00e9quence en avant-premi\u00e8re du <\/em><em>Seigneur des Anneaux<\/em><em>. Je suis extr\u00eamement reconnaissant envers le Festival de Cannes, qui a toujours c\u00e9l\u00e9br\u00e9 un cin\u00e9ma audacieux et visionnaire, de me reconna\u00eetre parmi les artistes dont le travail continue de m&rsquo;inspirer.<\/em> \u00bb<\/p>\n\n\n\n<p>Le souvenir de cette projection est rest\u00e9 c\u00e9l\u00e8bre. Le 13 mai 2001, <em>Moulin Rouge!<\/em> de Baz Luhrmann venait d\u2019ouvrir le 54e Festival de Cannes. Quelques jours plus tard, le jury pr\u00e9sid\u00e9 par Liv Ullmann remettrait la Palme d\u2019or \u00e0 <em>La Chambre du fils<\/em> de Nanni Moretti. Sur la Croisette, pourtant, un autre \u00e9v\u00e9nement allait marquer les esprits. Vingt-six minutes d\u2019images, pr\u00e9sent\u00e9es \u00e0 la presse alors que le film n\u2019\u00e9tait encore que sur les tables de montage, r\u00e9v\u00e9l\u00e8rent les premi\u00e8res s\u00e9quences de <em>Le Seigneur des Anneaux<\/em>, sept mois avant sa sortie mondiale.<\/p>\n\n\n\n<p>Le scepticisme initial se transforma rapidement en enthousiasme g\u00e9n\u00e9ral. Ce jour-l\u00e0, le succ\u00e8s de la saga en Terre du Milieu commen\u00e7ait \u00e0 se dessiner. Peter Jackson et la soci\u00e9t\u00e9 New Line Cinema \u2014 avec en France la distribution assur\u00e9e par Metropolitan Filmexport des fr\u00e8res Hadida \u2014 s\u2019engageaient alors dans un parcours de reconnaissance plan\u00e9taire, aussi bien critique que populaire. La trilogie remportera au total 17 Oscars, dont 11 pour son dernier opus, un score \u00e9gal\u00e9 seulement par <em>Ben-Hur<\/em> et <em>Titanic<\/em>. Elle g\u00e9n\u00e9rera \u00e9galement trois milliards de dollars de recettes au box-office mondial, devenant la huiti\u00e8me franchise la plus rentable de l\u2019histoire du cin\u00e9ma, pour un investissement dix fois moindre.<\/p>\n\n\n\n<p>Vingt-cinq ans plus tard, le Festival de Cannes rendra hommage \u00e0 Peter Jackson lors de sa c\u00e9r\u00e9monie d\u2019ouverture, le mardi 12 mai 2026.<\/p>\n\n\n\n<p><a href=\"https:\/\/www.webdo.tn\/fr\/actualite\/culture\/iris-knobloch-reconduite-a-la-presidence-du-festival-de-cannes\/219099\/\">La Pr\u00e9sidente du Festival, Iris Knobloch<\/a>, se r\u00e9jouit que \u00ab <em>pour sa 79e \u00e9dition, l\u2019institution accueille et remercie un r\u00e9alisateur \u00e0 la cr\u00e9ativit\u00e9 d\u00e9bordante qui a offert au genre de l\u2019heroic fantasy ses lettres de noblesse<\/em> \u00bb.<\/p>\n\n\n\n<p>Le D\u00e9l\u00e9gu\u00e9 g\u00e9n\u00e9ral du Festival, Thierry Fr\u00e9maux, estime pour sa part qu\u2019il y a <em>\u00ab clairement un avant et un apr\u00e8s Peter Jackson. Le cin\u00e9ma de la d\u00e9mesure est sa marque de fabrique et son art total du divertissement particuli\u00e8rement ambitieux. Il a durablement transform\u00e9 le cin\u00e9ma hollywoodien et sa conception du grand spectacle. Mais Peter Jackson n\u2019est pas seulement un tr\u00e8s grand technicien ; c\u2019est avant tout un immense conteur. Et un artiste impr\u00e9visible : quel sera son prochain univers ?<\/em> \u00bb<\/p>\n\n\n\n<p>Rares sont en effet les cin\u00e9astes \u00e0 avoir provoqu\u00e9 des virages aussi d\u00e9cisifs dans leur pratique. R\u00e9alisateur, producteur et sc\u00e9nariste, Peter Jackson s\u2019est impos\u00e9 comme l\u2019un de ceux qui ont profond\u00e9ment transform\u00e9 l\u2019industrie. Sa trilogie du <em>Seigneur des Anneaux<\/em>, commenc\u00e9e en 2001, a r\u00e9volutionn\u00e9 la mani\u00e8re de fabriquer des images, de cr\u00e9er des univers et de raconter des histoires sur grand \u00e9cran. Adapter le monument de la litt\u00e9rature fantastique de J. R. R. Tolkien semblait pourtant une entreprise quasi impossible.<\/p>\n\n\n\n<p>Apr\u00e8s plusieurs succ\u00e8s d\u2019estime \u2014 <em>Bad Taste<\/em> (1987), <em>Braindead<\/em> (1992) et <em>Cr\u00e9atures c\u00e9lestes<\/em> (1994) \u2014 Peter Jackson se lance dans la pr\u00e9paration des trois volets de la saga : <em>La Communaut\u00e9 de l\u2019Anneau<\/em> (2001), <em>Les Deux Tours<\/em> (2002) et <em>Le Retour du roi<\/em> (2003). Le projet constitue alors un d\u00e9fi logistique hors norme. La trilogie est int\u00e9gralement tourn\u00e9e en Nouvelle-Z\u00e9lande, dont les paysages spectaculaires servent de d\u00e9cor naturel, tandis que la post-production \u2014 effets sp\u00e9ciaux, montage et mixage \u2014 est \u00e9galement r\u00e9alis\u00e9e sur place. Le chantier mobilise deux ann\u00e9es de pr\u00e9-production, 274 jours de tournage et trois ans de post-production. Il implique 20 602 figurants et 2 400 techniciens, pour un budget estim\u00e9 \u00e0 un million de dollars par jour.<\/p>\n\n\n\n<p>\u00c0 l\u2019\u00e9cran, le r\u00e9sultat se distingue par une intensit\u00e9 ph\u00e9nom\u00e9nale et une fid\u00e9lit\u00e9 visuelle remarquable \u00e0 l\u2019univers de Tolkien. Les Mines de la Moria, l\u2019affrontement entre Gandalf et le Balrog, la bataille du Gouffre de Helm, la charge des cavaliers du Rohan aux Champs du Pelennor ou encore l\u2019ultime confrontation aux Portes du Mordor composent une fresque spectaculaire devenue embl\u00e9matique du cin\u00e9ma contemporain.<\/p>\n\n\n\n<p>Pour donner vie \u00e0 ces sc\u00e8nes d\u2019ampleur, Peter Jackson s\u2019appuie sur le studio d\u2019effets sp\u00e9ciaux W\u0113t\u0101 FX, install\u00e9 \u00e0 Wellington. Les \u00e9quipes y d\u00e9veloppent des technologies permettant de recr\u00e9er num\u00e9riquement des foules immenses et des combats \u00e9piques, tout en combinant ces innovations avec des proc\u00e9d\u00e9s plus traditionnels \u2014 jeux d\u2019\u00e9chelle, d\u00e9cors naturels et effets optiques r\u00e9alis\u00e9s directement \u00e0 la cam\u00e9ra. Ce m\u00e9lange d\u2019algorithmes et de techniques h\u00e9rit\u00e9es des origines du cin\u00e9matographe conf\u00e8re \u00e0 la trilogie une authenticit\u00e9 qui explique sans doute sa long\u00e9vit\u00e9, tout en contribuant \u00e0 inscrire durablement l\u2019univers de Tolkien dans la culture populaire mondiale.<\/p>\n\n\n\n<p>Apr\u00e8s ce succ\u00e8s plan\u00e9taire, Peter Jackson signe en 2005 un remake du classique <em>King Kong<\/em>. Quelques ann\u00e9es plus tard, il revient \u00e0 la Terre du Milieu en r\u00e9alisant une nouvelle trilogie inspir\u00e9e de Tolkien, <em>Le Hobbit<\/em>, tourn\u00e9e entre 2012 et 2014.<\/p>\n\n\n\n<p>Conteuse infatigable d\u2019histoires, la carri\u00e8re du cin\u00e9aste prend ensuite une direction inattendue avec plusieurs projets documentaires d\u2019envergure. En 2018, <em>Pour les soldats tomb\u00e9s<\/em> revisite les archives de la Premi\u00e8re Guerre mondiale \u00e0 partir de 600 heures d\u2019interviews et de 100 heures de s\u00e9quences restaur\u00e9es et coloris\u00e9es.<\/p>\n\n\n\n<p>Trois ans plus tard, la minis\u00e9rie <em>The Beatles: Get Back<\/em> propose un montage de soixante heures d\u2019images in\u00e9dites film\u00e9es lors de l\u2019enregistrement de l\u2019album <em>Let It Be<\/em> au d\u00e9but de l\u2019ann\u00e9e 1969. L\u2019anecdote veut que cette m\u00eame ann\u00e9e, les The Beatles aient sollicit\u00e9 J. R. R. Tolkien pour adapter <em>Le Seigneur des Anneaux<\/em> au cin\u00e9ma, imaginant Stanley Kubrick \u00e0 la r\u00e9alisation, avec John Lennon en Gollum, Paul McCartney en Frodon, George Harrison en Gandalf et Ringo Starr dans le r\u00f4le de Sam. Tolkien avait refus\u00e9 ce projet. Trente-deux ans plus tard, Peter Jackson offrira \u00e0 ces admirateurs inattendus une forme de r\u00e9paration en donnant vie \u00e0 l\u2019univers qu\u2019ils r\u00eavaient d\u2019adapter.<\/p>\n\n\n\n<p>Le 79e Festival de Cannes se d\u00e9roulera du mardi 12 au samedi 23 mai 2026.<\/p>\n\n\n\n<p>La S\u00e9lection officielle sera d\u00e9voil\u00e9e le jeudi 9 avril 2026 \u00e0 11h00 (heure de Paris).<\/p>\n\n\n\n<p><strong>Ne\u00efla Driss<\/strong><\/p>\n","protected":false},"excerpt":{"rendered":"<p>Apr\u00e8s Agn\u00e8s Varda, Marco Bellocchio, Jodie Foster, Meryl Streep ou encore Robert De Niro l\u2019an dernier, le cin\u00e9aste n\u00e9oz\u00e9landais Peter Jackson recevra une Palme d\u2019or d\u2019honneur lors du 79e Festival de Cannes. Cette distinction vient saluer une \u0153uvre singuli\u00e8re, capable de fusionner blockbusters hollywoodiens et films d\u2019auteur, port\u00e9e par une volont\u00e9 artistique et une audace [&hellip;]<\/p>\n","protected":false},"author":3164,"featured_media":394467,"comment_status":"closed","ping_status":"closed","sticky":false,"template":"","format":"standard","meta":{"footnotes":""},"categories":[2594],"tags":[13783,2626,2628,2627,6564],"class_list":["post-394466","post","type-post","status-publish","format-standard","has-post-thumbnail","hentry","category-culture","tag-cannes-2026","tag-cinema","tag-festival","tag-festival-de-cannes","tag-palme-dor-dhonneur"],"yoast_head":"<!-- This site is optimized with the Yoast SEO Premium plugin v27.5 (Yoast SEO v27.5) - https:\/\/yoast.com\/product\/yoast-seo-premium-wordpress\/ -->\n<title>Cannes 2026 \u2013 Une Palme d\u2019or d\u2019honneur pour Peter Jackson - webdo<\/title>\n<meta name=\"description\" content=\"Cannes 2026 : Peter Jackson recevra une Palme d\u2019or d\u2019honneur lors de la c\u00e9r\u00e9monie d\u2019ouverture du 79e Festival de Cannes, le 12 mai.\" \/>\n<link rel=\"canonical\" href=\"https:\/\/www.webdo.tn\/fr\/actualite\/culture\/cannes-2026-une-palme-dor-dhonneur-pour-peter-jackson\/394466\/\" \/>\n<meta property=\"og:locale\" content=\"fr_FR\" \/>\n<meta property=\"og:type\" content=\"article\" \/>\n<meta property=\"og:title\" content=\"Cannes 2026 \u2013 Une Palme d\u2019or d\u2019honneur pour Peter Jackson\" \/>\n<meta property=\"og:description\" content=\"Cannes 2026 : Peter Jackson recevra une Palme d\u2019or d\u2019honneur lors de la c\u00e9r\u00e9monie d\u2019ouverture du 79e Festival de Cannes, le 12 mai.\" \/>\n<meta property=\"og:url\" content=\"https:\/\/www.webdo.tn\/fr\/actualite\/culture\/cannes-2026-une-palme-dor-dhonneur-pour-peter-jackson\/394466\/\" \/>\n<meta property=\"og:site_name\" content=\"webdo\" \/>\n<meta property=\"article:publisher\" content=\"https:\/\/www.facebook.com\/webdotn\" \/>\n<meta property=\"article:author\" content=\"https:\/\/www.facebook.com\/massir.destiniii\/\" \/>\n<meta property=\"article:published_time\" content=\"2026-03-05T18:16:00+00:00\" \/>\n<meta property=\"article:modified_time\" content=\"2026-03-11T23:17:22+00:00\" \/>\n<meta property=\"og:image\" content=\"https:\/\/www.webdo.tn\/fr\/wp-content\/uploads\/2026\/03\/Cannes-2026-Peter-Jackson.jpg\" \/>\n\t<meta property=\"og:image:width\" content=\"2048\" \/>\n\t<meta property=\"og:image:height\" content=\"1361\" \/>\n\t<meta property=\"og:image:type\" content=\"image\/jpeg\" \/>\n<meta name=\"author\" content=\"Ne\u00efla DRISS\" \/>\n<meta name=\"twitter:card\" content=\"summary_large_image\" \/>\n<meta name=\"twitter:creator\" content=\"@https:\/\/x.com\/MassirDestin\" \/>\n<meta name=\"twitter:site\" content=\"@webdo_tn\" \/>\n<meta name=\"twitter:label1\" content=\"\u00c9crit par\" \/>\n\t<meta name=\"twitter:data1\" content=\"Ne\u00efla DRISS\" \/>\n\t<meta name=\"twitter:label2\" content=\"Dur\u00e9e de lecture estim\u00e9e\" \/>\n\t<meta name=\"twitter:data2\" content=\"6 minutes\" \/>\n<script type=\"application\/ld+json\" class=\"yoast-schema-graph\">{\"@context\":\"https:\\\/\\\/schema.org\",\"@graph\":[{\"@type\":\"NewsArticle\",\"@id\":\"https:\\\/\\\/www.webdo.tn\\\/fr\\\/actualite\\\/culture\\\/cannes-2026-une-palme-dor-dhonneur-pour-peter-jackson\\\/394466\\\/#article\",\"isPartOf\":{\"@id\":\"https:\\\/\\\/www.webdo.tn\\\/fr\\\/actualite\\\/culture\\\/cannes-2026-une-palme-dor-dhonneur-pour-peter-jackson\\\/394466\\\/\"},\"author\":{\"name\":\"Ne\u00efla DRISS\",\"@id\":\"https:\\\/\\\/www.webdo.tn\\\/fr\\\/#\\\/schema\\\/person\\\/60d5ba619ed3f58783b0dc82b7dada80\"},\"headline\":\"Cannes 2026 \u2013 Une Palme d\u2019or d\u2019honneur pour Peter Jackson\",\"datePublished\":\"2026-03-05T18:16:00+00:00\",\"dateModified\":\"2026-03-11T23:17:22+00:00\",\"mainEntityOfPage\":{\"@id\":\"https:\\\/\\\/www.webdo.tn\\\/fr\\\/actualite\\\/culture\\\/cannes-2026-une-palme-dor-dhonneur-pour-peter-jackson\\\/394466\\\/\"},\"wordCount\":1207,\"publisher\":{\"@id\":\"https:\\\/\\\/www.webdo.tn\\\/fr\\\/#organization\"},\"image\":{\"@id\":\"https:\\\/\\\/www.webdo.tn\\\/fr\\\/actualite\\\/culture\\\/cannes-2026-une-palme-dor-dhonneur-pour-peter-jackson\\\/394466\\\/#primaryimage\"},\"thumbnailUrl\":\"https:\\\/\\\/www.webdo.tn\\\/fr\\\/wp-content\\\/uploads\\\/2026\\\/03\\\/Cannes-2026-Peter-Jackson.jpg\",\"keywords\":[\"Cannes 2026\",\"Cin\u00e9ma\",\"Festival\",\"Festival de Cannes\",\"Palme d'Or d'honneur\"],\"articleSection\":[\"Culture\"],\"inLanguage\":\"fr-FR\"},{\"@type\":\"WebPage\",\"@id\":\"https:\\\/\\\/www.webdo.tn\\\/fr\\\/actualite\\\/culture\\\/cannes-2026-une-palme-dor-dhonneur-pour-peter-jackson\\\/394466\\\/\",\"url\":\"https:\\\/\\\/www.webdo.tn\\\/fr\\\/actualite\\\/culture\\\/cannes-2026-une-palme-dor-dhonneur-pour-peter-jackson\\\/394466\\\/\",\"name\":\"Cannes 2026 \u2013 Une Palme d\u2019or d\u2019honneur pour Peter Jackson - webdo\",\"isPartOf\":{\"@id\":\"https:\\\/\\\/www.webdo.tn\\\/fr\\\/#website\"},\"primaryImageOfPage\":{\"@id\":\"https:\\\/\\\/www.webdo.tn\\\/fr\\\/actualite\\\/culture\\\/cannes-2026-une-palme-dor-dhonneur-pour-peter-jackson\\\/394466\\\/#primaryimage\"},\"image\":{\"@id\":\"https:\\\/\\\/www.webdo.tn\\\/fr\\\/actualite\\\/culture\\\/cannes-2026-une-palme-dor-dhonneur-pour-peter-jackson\\\/394466\\\/#primaryimage\"},\"thumbnailUrl\":\"https:\\\/\\\/www.webdo.tn\\\/fr\\\/wp-content\\\/uploads\\\/2026\\\/03\\\/Cannes-2026-Peter-Jackson.jpg\",\"datePublished\":\"2026-03-05T18:16:00+00:00\",\"dateModified\":\"2026-03-11T23:17:22+00:00\",\"description\":\"Cannes 2026 : Peter Jackson recevra une Palme d\u2019or d\u2019honneur lors de la c\u00e9r\u00e9monie d\u2019ouverture du 79e Festival de Cannes, le 12 mai.\",\"breadcrumb\":{\"@id\":\"https:\\\/\\\/www.webdo.tn\\\/fr\\\/actualite\\\/culture\\\/cannes-2026-une-palme-dor-dhonneur-pour-peter-jackson\\\/394466\\\/#breadcrumb\"},\"inLanguage\":\"fr-FR\",\"potentialAction\":[{\"@type\":\"ReadAction\",\"target\":[\"https:\\\/\\\/www.webdo.tn\\\/fr\\\/actualite\\\/culture\\\/cannes-2026-une-palme-dor-dhonneur-pour-peter-jackson\\\/394466\\\/\"]}]},{\"@type\":\"ImageObject\",\"inLanguage\":\"fr-FR\",\"@id\":\"https:\\\/\\\/www.webdo.tn\\\/fr\\\/actualite\\\/culture\\\/cannes-2026-une-palme-dor-dhonneur-pour-peter-jackson\\\/394466\\\/#primaryimage\",\"url\":\"https:\\\/\\\/www.webdo.tn\\\/fr\\\/wp-content\\\/uploads\\\/2026\\\/03\\\/Cannes-2026-Peter-Jackson.jpg\",\"contentUrl\":\"https:\\\/\\\/www.webdo.tn\\\/fr\\\/wp-content\\\/uploads\\\/2026\\\/03\\\/Cannes-2026-Peter-Jackson.jpg\",\"width\":2048,\"height\":1361,\"caption\":\"Peter Jackson - \u00a9 Michael Tran\\\/FilmMagic\"},{\"@type\":\"BreadcrumbList\",\"@id\":\"https:\\\/\\\/www.webdo.tn\\\/fr\\\/actualite\\\/culture\\\/cannes-2026-une-palme-dor-dhonneur-pour-peter-jackson\\\/394466\\\/#breadcrumb\",\"itemListElement\":[{\"@type\":\"ListItem\",\"position\":1,\"name\":\"Accueil\",\"item\":\"https:\\\/\\\/www.webdo.tn\\\/fr\\\/\"},{\"@type\":\"ListItem\",\"position\":2,\"name\":\"Cannes 2026 \u2013 Une Palme d\u2019or d\u2019honneur pour Peter Jackson\"}]},{\"@type\":\"WebSite\",\"@id\":\"https:\\\/\\\/www.webdo.tn\\\/fr\\\/#website\",\"url\":\"https:\\\/\\\/www.webdo.tn\\\/fr\\\/\",\"name\":\"webdo\",\"description\":\"Tunisie - News en Tunisie et \u00e0 l&#039;international sur Webdo.tn\",\"publisher\":{\"@id\":\"https:\\\/\\\/www.webdo.tn\\\/fr\\\/#organization\"},\"potentialAction\":[{\"@type\":\"SearchAction\",\"target\":{\"@type\":\"EntryPoint\",\"urlTemplate\":\"https:\\\/\\\/www.webdo.tn\\\/fr\\\/?s={search_term_string}\"},\"query-input\":{\"@type\":\"PropertyValueSpecification\",\"valueRequired\":true,\"valueName\":\"search_term_string\"}}],\"inLanguage\":\"fr-FR\"},{\"@type\":\"Organization\",\"@id\":\"https:\\\/\\\/www.webdo.tn\\\/fr\\\/#organization\",\"name\":\"Webdo\",\"alternateName\":\"Webdo.tn\",\"url\":\"https:\\\/\\\/www.webdo.tn\\\/fr\\\/\",\"logo\":{\"@type\":\"ImageObject\",\"inLanguage\":\"fr-FR\",\"@id\":\"https:\\\/\\\/www.webdo.tn\\\/fr\\\/#\\\/schema\\\/logo\\\/image\\\/\",\"url\":\"https:\\\/\\\/www.webdo.tn\\\/fr\\\/wp-content\\\/uploads\\\/2025\\\/06\\\/Webdo-Tunisie_168377.jpg\",\"contentUrl\":\"https:\\\/\\\/www.webdo.tn\\\/fr\\\/wp-content\\\/uploads\\\/2025\\\/06\\\/Webdo-Tunisie_168377.jpg\",\"width\":301,\"height\":301,\"caption\":\"Webdo\"},\"image\":{\"@id\":\"https:\\\/\\\/www.webdo.tn\\\/fr\\\/#\\\/schema\\\/logo\\\/image\\\/\"},\"sameAs\":[\"https:\\\/\\\/www.facebook.com\\\/webdotn\",\"https:\\\/\\\/x.com\\\/webdo_tn\"],\"description\":\"Webdo est un m\u00e9dia num\u00e9rique tunisien fond\u00e9 en 2010, sp\u00e9cialis\u00e9 dans l\u2019actualit\u00e9 nationale et internationale, l\u2019\u00e9conomie, la soci\u00e9t\u00e9 et les analyses politiques. Le site s\u2019adresse \u00e0 un large public francophone et couvre l\u2019information tunisienne en temps r\u00e9el.\",\"email\":\"redac@webdo.tn\",\"legalName\":\"YNJ SARL\",\"foundingDate\":\"2010-09-06\",\"numberOfEmployees\":{\"@type\":\"QuantitativeValue\",\"minValue\":\"11\",\"maxValue\":\"50\"}},{\"@type\":\"Person\",\"@id\":\"https:\\\/\\\/www.webdo.tn\\\/fr\\\/#\\\/schema\\\/person\\\/60d5ba619ed3f58783b0dc82b7dada80\",\"name\":\"Ne\u00efla DRISS\",\"image\":{\"@type\":\"ImageObject\",\"inLanguage\":\"fr-FR\",\"@id\":\"https:\\\/\\\/www.webdo.tn\\\/fr\\\/wp-content\\\/uploads\\\/2026\\\/04\\\/neila-driss_avatar-96x96.jpg\",\"url\":\"https:\\\/\\\/www.webdo.tn\\\/fr\\\/wp-content\\\/uploads\\\/2026\\\/04\\\/neila-driss_avatar-96x96.jpg\",\"contentUrl\":\"https:\\\/\\\/www.webdo.tn\\\/fr\\\/wp-content\\\/uploads\\\/2026\\\/04\\\/neila-driss_avatar-96x96.jpg\",\"caption\":\"Ne\u00efla DRISS\"},\"description\":\"Ne\u00efla Driss est juriste, journaliste culturelle et critique de cin\u00e9ma tunisienne. Titulaire d\u2019un DEA en droit priv\u00e9 de l\u2019Universit\u00e9 Paris II et d\u2019un DESS de l\u2019IHEC Carthage, elle d\u00e9bute sa carri\u00e8re comme juriste sp\u00e9cialis\u00e9e en gestion de patrimoine immobilier. Elle s\u2019oriente ensuite vers l\u2019\u00e9criture en ligne, o\u00f9 elle se distingue d\u00e8s 2006 aux Tunisia Blog Awards, avant de se consacrer au journalisme culturel, avec une sp\u00e9cialisation dans la critique cin\u00e9matographique. Elle couvre r\u00e9guli\u00e8rement les grands festivals internationaux, notamment le Festival de Cannes, les Journ\u00e9es Cin\u00e9matographiques de Carthage et le Festival du film du Caire. Membre de l\u2019ATPCC et de la FIPRESCI, elle participe \u00e0 des jurys et initiatives internationales de critique. Depuis 2024, elle est \u00e9lectrice internationale aux Golden Globes. Facebook : https:\\\/\\\/www.facebook.com\\\/massir.destiniii\\\/ X : https:\\\/\\\/x.com\\\/MassirDestin\",\"sameAs\":[\"https:\\\/\\\/www.facebook.com\\\/massir.destiniii\\\/\",\"https:\\\/\\\/www.instagram.com\\\/neila.driss\\\/?hl=fr\",\"https:\\\/\\\/www.linkedin.com\\\/in\\\/neila-driss-22606a80\\\/\",\"https:\\\/\\\/x.com\\\/https:\\\/\\\/x.com\\\/MassirDestin\"],\"knowsAbout\":[\"Cin\u00e9ma international\",\"critique cin\u00e9matographique\",\"festivals de cin\u00e9ma\",\"journalisme culturel\"],\"knowsLanguage\":[\"Fran\u00e7ais\",\"Arabe\",\"Anglais\"],\"jobTitle\":\"Journaliste culturelle et critique de cin\u00e9ma\",\"worksFor\":\"Webdo\",\"url\":\"https:\\\/\\\/www.webdo.tn\\\/fr\\\/actualite\\\/author\\\/neila-driss\\\/\"}]}<\/script>\n<!-- \/ Yoast SEO Premium plugin. -->","yoast_head_json":{"title":"Cannes 2026 \u2013 Une Palme d\u2019or d\u2019honneur pour Peter Jackson - webdo","description":"Cannes 2026 : Peter Jackson recevra une Palme d\u2019or d\u2019honneur lors de la c\u00e9r\u00e9monie d\u2019ouverture du 79e Festival de Cannes, le 12 mai.","canonical":"https:\/\/www.webdo.tn\/fr\/actualite\/culture\/cannes-2026-une-palme-dor-dhonneur-pour-peter-jackson\/394466\/","og_locale":"fr_FR","og_type":"article","og_title":"Cannes 2026 \u2013 Une Palme d\u2019or d\u2019honneur pour Peter Jackson","og_description":"Cannes 2026 : Peter Jackson recevra une Palme d\u2019or d\u2019honneur lors de la c\u00e9r\u00e9monie d\u2019ouverture du 79e Festival de Cannes, le 12 mai.","og_url":"https:\/\/www.webdo.tn\/fr\/actualite\/culture\/cannes-2026-une-palme-dor-dhonneur-pour-peter-jackson\/394466\/","og_site_name":"webdo","article_publisher":"https:\/\/www.facebook.com\/webdotn","article_author":"https:\/\/www.facebook.com\/massir.destiniii\/","article_published_time":"2026-03-05T18:16:00+00:00","article_modified_time":"2026-03-11T23:17:22+00:00","og_image":[{"width":2048,"height":1361,"url":"https:\/\/www.webdo.tn\/fr\/wp-content\/uploads\/2026\/03\/Cannes-2026-Peter-Jackson.jpg","type":"image\/jpeg"}],"author":"Ne\u00efla DRISS","twitter_card":"summary_large_image","twitter_creator":"@https:\/\/x.com\/MassirDestin","twitter_site":"@webdo_tn","twitter_misc":{"\u00c9crit par":"Ne\u00efla DRISS","Dur\u00e9e de lecture estim\u00e9e":"6 minutes"},"schema":{"@context":"https:\/\/schema.org","@graph":[{"@type":"NewsArticle","@id":"https:\/\/www.webdo.tn\/fr\/actualite\/culture\/cannes-2026-une-palme-dor-dhonneur-pour-peter-jackson\/394466\/#article","isPartOf":{"@id":"https:\/\/www.webdo.tn\/fr\/actualite\/culture\/cannes-2026-une-palme-dor-dhonneur-pour-peter-jackson\/394466\/"},"author":{"name":"Ne\u00efla DRISS","@id":"https:\/\/www.webdo.tn\/fr\/#\/schema\/person\/60d5ba619ed3f58783b0dc82b7dada80"},"headline":"Cannes 2026 \u2013 Une Palme d\u2019or d\u2019honneur pour Peter Jackson","datePublished":"2026-03-05T18:16:00+00:00","dateModified":"2026-03-11T23:17:22+00:00","mainEntityOfPage":{"@id":"https:\/\/www.webdo.tn\/fr\/actualite\/culture\/cannes-2026-une-palme-dor-dhonneur-pour-peter-jackson\/394466\/"},"wordCount":1207,"publisher":{"@id":"https:\/\/www.webdo.tn\/fr\/#organization"},"image":{"@id":"https:\/\/www.webdo.tn\/fr\/actualite\/culture\/cannes-2026-une-palme-dor-dhonneur-pour-peter-jackson\/394466\/#primaryimage"},"thumbnailUrl":"https:\/\/www.webdo.tn\/fr\/wp-content\/uploads\/2026\/03\/Cannes-2026-Peter-Jackson.jpg","keywords":["Cannes 2026","Cin\u00e9ma","Festival","Festival de Cannes","Palme d'Or d'honneur"],"articleSection":["Culture"],"inLanguage":"fr-FR"},{"@type":"WebPage","@id":"https:\/\/www.webdo.tn\/fr\/actualite\/culture\/cannes-2026-une-palme-dor-dhonneur-pour-peter-jackson\/394466\/","url":"https:\/\/www.webdo.tn\/fr\/actualite\/culture\/cannes-2026-une-palme-dor-dhonneur-pour-peter-jackson\/394466\/","name":"Cannes 2026 \u2013 Une Palme d\u2019or d\u2019honneur pour Peter Jackson - webdo","isPartOf":{"@id":"https:\/\/www.webdo.tn\/fr\/#website"},"primaryImageOfPage":{"@id":"https:\/\/www.webdo.tn\/fr\/actualite\/culture\/cannes-2026-une-palme-dor-dhonneur-pour-peter-jackson\/394466\/#primaryimage"},"image":{"@id":"https:\/\/www.webdo.tn\/fr\/actualite\/culture\/cannes-2026-une-palme-dor-dhonneur-pour-peter-jackson\/394466\/#primaryimage"},"thumbnailUrl":"https:\/\/www.webdo.tn\/fr\/wp-content\/uploads\/2026\/03\/Cannes-2026-Peter-Jackson.jpg","datePublished":"2026-03-05T18:16:00+00:00","dateModified":"2026-03-11T23:17:22+00:00","description":"Cannes 2026 : Peter Jackson recevra une Palme d\u2019or d\u2019honneur lors de la c\u00e9r\u00e9monie d\u2019ouverture du 79e Festival de Cannes, le 12 mai.","breadcrumb":{"@id":"https:\/\/www.webdo.tn\/fr\/actualite\/culture\/cannes-2026-une-palme-dor-dhonneur-pour-peter-jackson\/394466\/#breadcrumb"},"inLanguage":"fr-FR","potentialAction":[{"@type":"ReadAction","target":["https:\/\/www.webdo.tn\/fr\/actualite\/culture\/cannes-2026-une-palme-dor-dhonneur-pour-peter-jackson\/394466\/"]}]},{"@type":"ImageObject","inLanguage":"fr-FR","@id":"https:\/\/www.webdo.tn\/fr\/actualite\/culture\/cannes-2026-une-palme-dor-dhonneur-pour-peter-jackson\/394466\/#primaryimage","url":"https:\/\/www.webdo.tn\/fr\/wp-content\/uploads\/2026\/03\/Cannes-2026-Peter-Jackson.jpg","contentUrl":"https:\/\/www.webdo.tn\/fr\/wp-content\/uploads\/2026\/03\/Cannes-2026-Peter-Jackson.jpg","width":2048,"height":1361,"caption":"Peter Jackson - \u00a9 Michael Tran\/FilmMagic"},{"@type":"BreadcrumbList","@id":"https:\/\/www.webdo.tn\/fr\/actualite\/culture\/cannes-2026-une-palme-dor-dhonneur-pour-peter-jackson\/394466\/#breadcrumb","itemListElement":[{"@type":"ListItem","position":1,"name":"Accueil","item":"https:\/\/www.webdo.tn\/fr\/"},{"@type":"ListItem","position":2,"name":"Cannes 2026 \u2013 Une Palme d\u2019or d\u2019honneur pour Peter Jackson"}]},{"@type":"WebSite","@id":"https:\/\/www.webdo.tn\/fr\/#website","url":"https:\/\/www.webdo.tn\/fr\/","name":"webdo","description":"Tunisie - News en Tunisie et \u00e0 l&#039;international sur Webdo.tn","publisher":{"@id":"https:\/\/www.webdo.tn\/fr\/#organization"},"potentialAction":[{"@type":"SearchAction","target":{"@type":"EntryPoint","urlTemplate":"https:\/\/www.webdo.tn\/fr\/?s={search_term_string}"},"query-input":{"@type":"PropertyValueSpecification","valueRequired":true,"valueName":"search_term_string"}}],"inLanguage":"fr-FR"},{"@type":"Organization","@id":"https:\/\/www.webdo.tn\/fr\/#organization","name":"Webdo","alternateName":"Webdo.tn","url":"https:\/\/www.webdo.tn\/fr\/","logo":{"@type":"ImageObject","inLanguage":"fr-FR","@id":"https:\/\/www.webdo.tn\/fr\/#\/schema\/logo\/image\/","url":"https:\/\/www.webdo.tn\/fr\/wp-content\/uploads\/2025\/06\/Webdo-Tunisie_168377.jpg","contentUrl":"https:\/\/www.webdo.tn\/fr\/wp-content\/uploads\/2025\/06\/Webdo-Tunisie_168377.jpg","width":301,"height":301,"caption":"Webdo"},"image":{"@id":"https:\/\/www.webdo.tn\/fr\/#\/schema\/logo\/image\/"},"sameAs":["https:\/\/www.facebook.com\/webdotn","https:\/\/x.com\/webdo_tn"],"description":"Webdo est un m\u00e9dia num\u00e9rique tunisien fond\u00e9 en 2010, sp\u00e9cialis\u00e9 dans l\u2019actualit\u00e9 nationale et internationale, l\u2019\u00e9conomie, la soci\u00e9t\u00e9 et les analyses politiques. Le site s\u2019adresse \u00e0 un large public francophone et couvre l\u2019information tunisienne en temps r\u00e9el.","email":"redac@webdo.tn","legalName":"YNJ SARL","foundingDate":"2010-09-06","numberOfEmployees":{"@type":"QuantitativeValue","minValue":"11","maxValue":"50"}},{"@type":"Person","@id":"https:\/\/www.webdo.tn\/fr\/#\/schema\/person\/60d5ba619ed3f58783b0dc82b7dada80","name":"Ne\u00efla DRISS","image":{"@type":"ImageObject","inLanguage":"fr-FR","@id":"https:\/\/www.webdo.tn\/fr\/wp-content\/uploads\/2026\/04\/neila-driss_avatar-96x96.jpg","url":"https:\/\/www.webdo.tn\/fr\/wp-content\/uploads\/2026\/04\/neila-driss_avatar-96x96.jpg","contentUrl":"https:\/\/www.webdo.tn\/fr\/wp-content\/uploads\/2026\/04\/neila-driss_avatar-96x96.jpg","caption":"Ne\u00efla DRISS"},"description":"Ne\u00efla Driss est juriste, journaliste culturelle et critique de cin\u00e9ma tunisienne. Titulaire d\u2019un DEA en droit priv\u00e9 de l\u2019Universit\u00e9 Paris II et d\u2019un DESS de l\u2019IHEC Carthage, elle d\u00e9bute sa carri\u00e8re comme juriste sp\u00e9cialis\u00e9e en gestion de patrimoine immobilier. Elle s\u2019oriente ensuite vers l\u2019\u00e9criture en ligne, o\u00f9 elle se distingue d\u00e8s 2006 aux Tunisia Blog Awards, avant de se consacrer au journalisme culturel, avec une sp\u00e9cialisation dans la critique cin\u00e9matographique. Elle couvre r\u00e9guli\u00e8rement les grands festivals internationaux, notamment le Festival de Cannes, les Journ\u00e9es Cin\u00e9matographiques de Carthage et le Festival du film du Caire. Membre de l\u2019ATPCC et de la FIPRESCI, elle participe \u00e0 des jurys et initiatives internationales de critique. Depuis 2024, elle est \u00e9lectrice internationale aux Golden Globes. Facebook : https:\/\/www.facebook.com\/massir.destiniii\/ X : https:\/\/x.com\/MassirDestin","sameAs":["https:\/\/www.facebook.com\/massir.destiniii\/","https:\/\/www.instagram.com\/neila.driss\/?hl=fr","https:\/\/www.linkedin.com\/in\/neila-driss-22606a80\/","https:\/\/x.com\/https:\/\/x.com\/MassirDestin"],"knowsAbout":["Cin\u00e9ma international","critique cin\u00e9matographique","festivals de cin\u00e9ma","journalisme culturel"],"knowsLanguage":["Fran\u00e7ais","Arabe","Anglais"],"jobTitle":"Journaliste culturelle et critique de cin\u00e9ma","worksFor":"Webdo","url":"https:\/\/www.webdo.tn\/fr\/actualite\/author\/neila-driss\/"}]}},"_links":{"self":[{"href":"https:\/\/www.webdo.tn\/fr\/wp-json\/wp\/v2\/posts\/394466","targetHints":{"allow":["GET"]}}],"collection":[{"href":"https:\/\/www.webdo.tn\/fr\/wp-json\/wp\/v2\/posts"}],"about":[{"href":"https:\/\/www.webdo.tn\/fr\/wp-json\/wp\/v2\/types\/post"}],"author":[{"embeddable":true,"href":"https:\/\/www.webdo.tn\/fr\/wp-json\/wp\/v2\/users\/3164"}],"replies":[{"embeddable":true,"href":"https:\/\/www.webdo.tn\/fr\/wp-json\/wp\/v2\/comments?post=394466"}],"version-history":[{"count":0,"href":"https:\/\/www.webdo.tn\/fr\/wp-json\/wp\/v2\/posts\/394466\/revisions"}],"wp:featuredmedia":[{"embeddable":true,"href":"https:\/\/www.webdo.tn\/fr\/wp-json\/wp\/v2\/media\/394467"}],"wp:attachment":[{"href":"https:\/\/www.webdo.tn\/fr\/wp-json\/wp\/v2\/media?parent=394466"}],"wp:term":[{"taxonomy":"category","embeddable":true,"href":"https:\/\/www.webdo.tn\/fr\/wp-json\/wp\/v2\/categories?post=394466"},{"taxonomy":"post_tag","embeddable":true,"href":"https:\/\/www.webdo.tn\/fr\/wp-json\/wp\/v2\/tags?post=394466"}],"curies":[{"name":"wp","href":"https:\/\/api.w.org\/{rel}","templated":true}]}}