{"id":394460,"date":"2026-03-11T22:10:47","date_gmt":"2026-03-11T21:10:47","guid":{"rendered":"https:\/\/www.webdo.tn\/fr\/?p=394460"},"modified":"2026-03-12T00:20:12","modified_gmt":"2026-03-11T23:20:12","slug":"cannes-2026-une-palme-dor-dhonneur-pour-barbra-streisand","status":"publish","type":"post","link":"https:\/\/www.webdo.tn\/fr\/actualite\/culture\/cannes-2026-une-palme-dor-dhonneur-pour-barbra-streisand\/394460\/","title":{"rendered":"Cannes 2026 \u2013 Une Palme d\u2019or d\u2019honneur pour Barbra Streisand"},"content":{"rendered":"\n<p><\/p>\n\n\n\n<p><strong><br><br><\/strong>Le 79\u1d49 Festival de Cannes rendra hommage \u00e0 l\u2019une des figures les plus embl\u00e9matiques de l\u2019histoire du spectacle. Barbra Streisand recevra une Palme d\u2019or d\u2019honneur lors de la c\u00e9r\u00e9monie du Palmar\u00e8s, retransmise en direct depuis la sc\u00e8ne du Palais des Festivals le samedi 23 mai 2026. Actrice, r\u00e9alisatrice, productrice, sc\u00e9nariste, chanteuse et auteure-compositrice mondialement reconnue, elle incarne depuis plus d\u2019un demi-si\u00e8cle une forme d\u2019id\u00e9al am\u00e9ricain, celui d\u2019une artiste qui a su imposer sa voix et son ind\u00e9pendance dans un univers longtemps domin\u00e9 par les hommes.<\/p>\n\n\n\n<p>Dans un message adress\u00e9 au Festival, Barbra Streisand a d\u00e9clar\u00e9 recevoir cette distinction \u00ab <em>avec fiert\u00e9 et une profonde humilit\u00e9<\/em> \u00bb. Elle a \u00e9galement soulign\u00e9 la port\u00e9e du cin\u00e9ma dans le monde contemporain : \u00ab <em>En ces temps difficiles, le cin\u00e9ma a le pouvoir d\u2019ouvrir nos c\u0153urs et nos esprits \u00e0 des histoires qui refl\u00e8tent notre humanit\u00e9 commune et \u00e0 des perspectives qui nous rappellent notre fragilit\u00e9 et notre r\u00e9silience. Le cin\u00e9ma transcende les fronti\u00e8res et la politique, et affirme le pouvoir de l\u2019imagination pour fa\u00e7onner un monde plus compatissant.<\/em> \u00bb<\/p>\n\n\n\n<p>La trajectoire de Barbra Streisand d\u00e9fie les statistiques tant elle s\u2019\u00e9tend sur plusieurs domaines et plusieurs d\u00e9cennies. Pour le grand \u00e9cran, elle compte dix-neuf interpr\u00e9tations et trois r\u00e9alisations, deux Oscars, et elle est devenue en 1977 la premi\u00e8re femme \u00e0 recevoir l\u2019Oscar de la meilleure chanson originale. Aux Golden Globes, elle a remport\u00e9 onze r\u00e9compenses, et en 1984 elle est devenue la premi\u00e8re femme \u00e0 recevoir celui de la meilleure r\u00e9alisation. Sa carri\u00e8re musicale est tout aussi impressionnante : trente-sept albums studio, treize bandes originales de films et dix Grammy Awards. Elle demeure \u00e9galement la seule artiste \u00e0 avoir atteint la premi\u00e8re place des ventes d\u2019albums pendant six d\u00e9cennies cons\u00e9cutives, et jusqu\u2019en 2023 elle \u00e9tait l\u2019artiste f\u00e9minine ayant cumul\u00e9 le plus grand nombre d\u2019albums class\u00e9s num\u00e9ro un des ventes de tous les temps. Mais au-del\u00e0 de ces chiffres, c\u2019est surtout son influence durable sur la culture populaire de la seconde moiti\u00e9 du XX\u1d49 si\u00e8cle qui a marqu\u00e9 l\u2019histoire du spectacle.<\/p>\n\n\n\n<p>Barbra Streisand s\u2019est impos\u00e9e par une personnalit\u00e9 artistique aussi forte que sa voix de mezzo-soprano, capable de couvrir deux octaves. Libre, ind\u00e9pendante, souvent anticonformiste dans ses choix, elle a construit une carri\u00e8re guid\u00e9e par l\u2019exigence et la ma\u00eetrise de ses projets. La pr\u00e9sidente du Festival de Cannes, Iris Knobloch, explique ce choix en ces termes : \u00ab <em>Cette ann\u00e9e, nous avions \u00e0 c\u0153ur de saluer une artiste qui s\u2019est impos\u00e9e par la force de son art et l\u2019exigence de sa libert\u00e9. En tant que femme, je me r\u00e9jouis de pouvoir dire notre admiration \u00e0 cette cr\u00e9atrice absolue, \u00e0 cette citoyenne courageuse, dont l\u2019exemple traverse le temps et continue d\u2019inspirer.<\/em> \u00bb<\/p>\n\n\n\n<p>Cette d\u00e9termination s\u2019illustre particuli\u00e8rement dans le projet <em>Yentl<\/em>. Boulevers\u00e9e par une nouvelle d\u2019Isaac Bashevis Singer qu\u2019elle d\u00e9couvre en 1963, Barbra Streisand en acquiert imm\u00e9diatement les droits. Le film ne verra pourtant le jour que vingt ans plus tard. Elle d\u00e9cide alors de le produire, de l\u2019adapter, de le r\u00e9aliser et de l\u2019interpr\u00e9ter elle-m\u00eame. Cette premi\u00e8re r\u00e9alisation marque un tournant historique : pour la premi\u00e8re fois, Hollywood confie un budget de production aussi important \u00e0 une femme cin\u00e9aste. Le r\u00e9cit, qui raconte l\u2019\u00e9mancipation d\u2019une jeune femme se d\u00e9guisant en homme pour acc\u00e9der \u00e0 l\u2019\u00e9tude religieuse, appara\u00eet aujourd\u2019hui comme une m\u00e9taphore \u00e9vidente du parcours de Streisand elle-m\u00eame. Elle r\u00e9alisera ensuite deux autres films : <em>Le Prince des mar\u00e9es<\/em>, nomm\u00e9 sept fois aux Oscars, et <em>Le\u00e7ons de s\u00e9duction<\/em>, adaptation du film <em>Le Miroir \u00e0 deux faces<\/em> d\u2019Andr\u00e9 Cayatte, qui recevra deux nominations aux Oscars.<\/p>\n\n\n\n<p>Son parcours artistique commence pourtant ailleurs. Enfant, Barbra Streisand r\u00eave d\u2019\u00eatre actrice, mais c\u2019est par la chanson qu\u2019elle fait ses premiers pas, par n\u00e9cessit\u00e9. La progression est fulgurante : \u00e0 dix-huit ans, elle triomphe dans les cabarets new-yorkais ; \u00e0 vingt ans, elle conquiert Broadway ; \u00e0 vingt-et-un ans, elle enregistre son premier album. \u00c0 vingt-six ans enfin, elle passe devant la cam\u00e9ra dans <em>Funny Girl<\/em> de William Wyler. Le film lui vaut imm\u00e9diatement l\u2019Oscar de la meilleure actrice. Face \u00e0 elle, dans cette com\u00e9die musicale devenue classique, se tient le grand Omar Sharif, partenaire \u00e0 l\u2019\u00e9cran dans l\u2019histoire d\u2019amour qui unit Fanny Brice et Nick Arnstein.<\/p>\n\n\n\n<p><\/p>\n\n\n<div class=\"wp-block-image\">\n<figure class=\"aligncenter size-full\"><img decoding=\"async\" width=\"977\" height=\"718\" src=\"https:\/\/www.webdo.tn\/fr\/wp-content\/uploads\/2026\/03\/Cannes-2026-Barbra-Streisand-Funny-Girl.jpg\" alt=\"Cannes 2026\nBarbra Streisand\" class=\"wp-image-394462\" srcset=\"https:\/\/www.webdo.tn\/fr\/wp-content\/uploads\/2026\/03\/Cannes-2026-Barbra-Streisand-Funny-Girl.jpg 977w, https:\/\/www.webdo.tn\/fr\/wp-content\/uploads\/2026\/03\/Cannes-2026-Barbra-Streisand-Funny-Girl-300x220.jpg 300w, https:\/\/www.webdo.tn\/fr\/wp-content\/uploads\/2026\/03\/Cannes-2026-Barbra-Streisand-Funny-Girl-768x564.jpg 768w, https:\/\/www.webdo.tn\/fr\/wp-content\/uploads\/2026\/03\/Cannes-2026-Barbra-Streisand-Funny-Girl-750x551.jpg 750w\" sizes=\"(max-width: 977px) 100vw, 977px\" \/><figcaption class=\"wp-element-caption\"><em>Omar Sharif et Barbra Streisand dans \u00ab\u00a0Funny Girl\u00a0\u00bb<\/em><\/figcaption><\/figure>\n<\/div>\n\n\n<p><\/p>\n\n\n\n<p>Au cin\u00e9ma, Barbra Streisand d\u00e9ploie une palette qui traverse plusieurs genres. Elle triomphe dans les com\u00e9dies musicales comme <em>Hello, Dolly !<\/em> (1969) ou <em>Une \u00e9toile est n\u00e9e<\/em> (1976). Elle s\u2019impose aussi dans la com\u00e9die classique avec <em>La Chouette et le Pussycat<\/em> (1970), <em>Ma femme est dingue<\/em> (1974) ou encore <em>Mon beau-p\u00e8re, mes parents et moi<\/em> (2003). Dans un registre plus dramatique, elle bouleverse le public dans <em>Cingl\u00e9e<\/em> (1987), et elle reste l\u2019une des figures centrales de l\u2019un des grands m\u00e9lodrames du cin\u00e9ma hollywoodien de l\u2019apr\u00e8s-guerre, <em>Nos plus belles ann\u00e9es<\/em> (1973).<\/p>\n\n\n\n<p>Pour le d\u00e9l\u00e9gu\u00e9 g\u00e9n\u00e9ral du Festival de Cannes, Thierry Fr\u00e9maux, cette trajectoire r\u00e9sume une figure artistique unique : \u00ab <em>Star plan\u00e9taire, Barbra Streisand est avant tout une artiste, initiant des projets qui lui ressemblent, qui lui appartiennent et qu\u2019elle aura partag\u00e9s avec le monde entier. Elle est la synth\u00e8se l\u00e9gendaire entre Broadway et Hollywood, entre la sc\u00e8ne du music-hall et le grand \u00e9cran de cin\u00e9ma. L\u2019entendre chanter et la voir jouer font partie de nos plus belles ann\u00e9es !<\/em> \u00bb<\/p>\n\n\n\n<p>Parall\u00e8lement \u00e0 cette carri\u00e8re exceptionnelle, Barbra Streisand s\u2019est engag\u00e9e dans de nombreuses causes. Elle soutient notamment la recherche sur les maladies cardiovasculaires chez les femmes \u00e0 travers le Barbra Streisand Women\u2019s Heart Center du Cedars-Sinai Heart Institute. \u00c0 travers la Fondation Streisand, cr\u00e9\u00e9e en 1986, elle soutient \u00e9galement l\u2019\u00e9galit\u00e9 entre les sexes et les minorit\u00e9s, la d\u00e9fense des droits LGBTQ+, la protection de l\u2019environnement, la recherche m\u00e9dicale et l\u2019\u00e9ducation artistique pour les enfants d\u00e9favoris\u00e9s.<\/p>\n\n\n\n<p>Le Festival de Cannes accueillera ainsi pour la premi\u00e8re fois sur la Croisette celle qui fut, \u00e0 l\u2019\u00e9cran comme sur sc\u00e8ne, la mythique <em>Funny Girl<\/em>. Une arriv\u00e9e que les organisateurs r\u00e9sument avec la formule devenue indissociable de l\u2019actrice : \u00ab Hello, Gorgeous ! \u00bb<\/p>\n\n\n\n<p><strong>Ne\u00efla Driss<\/strong><\/p>\n","protected":false},"excerpt":{"rendered":"<p>Le 79\u1d49 Festival de Cannes rendra hommage \u00e0 l\u2019une des figures les plus embl\u00e9matiques de l\u2019histoire du spectacle. Barbra Streisand recevra une Palme d\u2019or d\u2019honneur lors de la c\u00e9r\u00e9monie du Palmar\u00e8s, retransmise en direct depuis la sc\u00e8ne du Palais des Festivals le samedi 23 mai 2026. Actrice, r\u00e9alisatrice, productrice, sc\u00e9nariste, chanteuse et auteure-compositrice mondialement reconnue, [&hellip;]<\/p>\n","protected":false},"author":3164,"featured_media":394461,"comment_status":"closed","ping_status":"closed","sticky":false,"template":"","format":"standard","meta":{"footnotes":""},"categories":[2594],"tags":[4724,4733,13783,9076,2626,2628,2627,6564],"class_list":["post-394460","post","type-post","status-publish","format-standard","has-post-thumbnail","hentry","category-culture","tag-actrice","tag-actrice-americaine","tag-cannes-2026","tag-chanteuse","tag-cinema","tag-festival","tag-festival-de-cannes","tag-palme-dor-dhonneur"],"yoast_head":"<!-- This site is optimized with the Yoast SEO Premium plugin v27.5 (Yoast SEO v27.5) - https:\/\/yoast.com\/product\/yoast-seo-premium-wordpress\/ -->\n<title>Cannes 2026 \u2013 Une Palme d\u2019or d\u2019honneur pour Barbra Streisand - webdo<\/title>\n<meta name=\"description\" content=\"Barbra Streisand recevra une Palme d\u2019or d\u2019honneur au Festival de Cannes 2026, saluant une carri\u00e8re exceptionnelle entre cin\u00e9ma, musique.\" \/>\n<link rel=\"canonical\" href=\"https:\/\/www.webdo.tn\/fr\/actualite\/culture\/cannes-2026-une-palme-dor-dhonneur-pour-barbra-streisand\/394460\/\" \/>\n<meta property=\"og:locale\" content=\"fr_FR\" \/>\n<meta property=\"og:type\" content=\"article\" \/>\n<meta property=\"og:title\" content=\"Cannes 2026 \u2013 Une Palme d\u2019or d\u2019honneur pour Barbra Streisand\" \/>\n<meta property=\"og:description\" content=\"Barbra Streisand recevra une Palme d\u2019or d\u2019honneur au Festival de Cannes 2026, saluant une carri\u00e8re exceptionnelle entre cin\u00e9ma, musique.\" \/>\n<meta property=\"og:url\" content=\"https:\/\/www.webdo.tn\/fr\/actualite\/culture\/cannes-2026-une-palme-dor-dhonneur-pour-barbra-streisand\/394460\/\" \/>\n<meta property=\"og:site_name\" content=\"webdo\" \/>\n<meta property=\"article:publisher\" content=\"https:\/\/www.facebook.com\/webdotn\" \/>\n<meta property=\"article:author\" content=\"https:\/\/www.facebook.com\/massir.destiniii\/\" \/>\n<meta property=\"article:published_time\" content=\"2026-03-11T21:10:47+00:00\" \/>\n<meta property=\"article:modified_time\" content=\"2026-03-11T23:20:12+00:00\" \/>\n<meta property=\"og:image\" content=\"https:\/\/www.webdo.tn\/fr\/wp-content\/uploads\/2026\/03\/Cannes-2026-Barbra-Streisand.jpg\" \/>\n\t<meta property=\"og:image:width\" content=\"1242\" \/>\n\t<meta property=\"og:image:height\" content=\"866\" \/>\n\t<meta property=\"og:image:type\" content=\"image\/jpeg\" \/>\n<meta name=\"author\" content=\"Ne\u00efla DRISS\" \/>\n<meta name=\"twitter:card\" content=\"summary_large_image\" \/>\n<meta name=\"twitter:creator\" content=\"@https:\/\/x.com\/MassirDestin\" \/>\n<meta name=\"twitter:site\" content=\"@webdo_tn\" \/>\n<meta name=\"twitter:label1\" content=\"\u00c9crit par\" \/>\n\t<meta name=\"twitter:data1\" content=\"Ne\u00efla DRISS\" \/>\n\t<meta name=\"twitter:label2\" content=\"Dur\u00e9e de lecture estim\u00e9e\" \/>\n\t<meta name=\"twitter:data2\" content=\"6 minutes\" \/>\n<script type=\"application\/ld+json\" class=\"yoast-schema-graph\">{\"@context\":\"https:\\\/\\\/schema.org\",\"@graph\":[{\"@type\":\"NewsArticle\",\"@id\":\"https:\\\/\\\/www.webdo.tn\\\/fr\\\/actualite\\\/culture\\\/cannes-2026-une-palme-dor-dhonneur-pour-barbra-streisand\\\/394460\\\/#article\",\"isPartOf\":{\"@id\":\"https:\\\/\\\/www.webdo.tn\\\/fr\\\/actualite\\\/culture\\\/cannes-2026-une-palme-dor-dhonneur-pour-barbra-streisand\\\/394460\\\/\"},\"author\":{\"name\":\"Ne\u00efla DRISS\",\"@id\":\"https:\\\/\\\/www.webdo.tn\\\/fr\\\/#\\\/schema\\\/person\\\/60d5ba619ed3f58783b0dc82b7dada80\"},\"headline\":\"Cannes 2026 \u2013 Une Palme d\u2019or d\u2019honneur pour Barbra Streisand\",\"datePublished\":\"2026-03-11T21:10:47+00:00\",\"dateModified\":\"2026-03-11T23:20:12+00:00\",\"mainEntityOfPage\":{\"@id\":\"https:\\\/\\\/www.webdo.tn\\\/fr\\\/actualite\\\/culture\\\/cannes-2026-une-palme-dor-dhonneur-pour-barbra-streisand\\\/394460\\\/\"},\"wordCount\":1109,\"publisher\":{\"@id\":\"https:\\\/\\\/www.webdo.tn\\\/fr\\\/#organization\"},\"image\":{\"@id\":\"https:\\\/\\\/www.webdo.tn\\\/fr\\\/actualite\\\/culture\\\/cannes-2026-une-palme-dor-dhonneur-pour-barbra-streisand\\\/394460\\\/#primaryimage\"},\"thumbnailUrl\":\"https:\\\/\\\/www.webdo.tn\\\/fr\\\/wp-content\\\/uploads\\\/2026\\\/03\\\/Cannes-2026-Barbra-Streisand.jpg\",\"keywords\":[\"actrice\",\"Actrice Am\u00e9ricaine\",\"Cannes 2026\",\"chanteuse\",\"Cin\u00e9ma\",\"Festival\",\"Festival de Cannes\",\"Palme d'Or d'honneur\"],\"articleSection\":[\"Culture\"],\"inLanguage\":\"fr-FR\"},{\"@type\":\"WebPage\",\"@id\":\"https:\\\/\\\/www.webdo.tn\\\/fr\\\/actualite\\\/culture\\\/cannes-2026-une-palme-dor-dhonneur-pour-barbra-streisand\\\/394460\\\/\",\"url\":\"https:\\\/\\\/www.webdo.tn\\\/fr\\\/actualite\\\/culture\\\/cannes-2026-une-palme-dor-dhonneur-pour-barbra-streisand\\\/394460\\\/\",\"name\":\"Cannes 2026 \u2013 Une Palme d\u2019or d\u2019honneur pour Barbra Streisand - webdo\",\"isPartOf\":{\"@id\":\"https:\\\/\\\/www.webdo.tn\\\/fr\\\/#website\"},\"primaryImageOfPage\":{\"@id\":\"https:\\\/\\\/www.webdo.tn\\\/fr\\\/actualite\\\/culture\\\/cannes-2026-une-palme-dor-dhonneur-pour-barbra-streisand\\\/394460\\\/#primaryimage\"},\"image\":{\"@id\":\"https:\\\/\\\/www.webdo.tn\\\/fr\\\/actualite\\\/culture\\\/cannes-2026-une-palme-dor-dhonneur-pour-barbra-streisand\\\/394460\\\/#primaryimage\"},\"thumbnailUrl\":\"https:\\\/\\\/www.webdo.tn\\\/fr\\\/wp-content\\\/uploads\\\/2026\\\/03\\\/Cannes-2026-Barbra-Streisand.jpg\",\"datePublished\":\"2026-03-11T21:10:47+00:00\",\"dateModified\":\"2026-03-11T23:20:12+00:00\",\"description\":\"Barbra Streisand recevra une Palme d\u2019or d\u2019honneur au Festival de Cannes 2026, saluant une carri\u00e8re exceptionnelle entre cin\u00e9ma, musique.\",\"breadcrumb\":{\"@id\":\"https:\\\/\\\/www.webdo.tn\\\/fr\\\/actualite\\\/culture\\\/cannes-2026-une-palme-dor-dhonneur-pour-barbra-streisand\\\/394460\\\/#breadcrumb\"},\"inLanguage\":\"fr-FR\",\"potentialAction\":[{\"@type\":\"ReadAction\",\"target\":[\"https:\\\/\\\/www.webdo.tn\\\/fr\\\/actualite\\\/culture\\\/cannes-2026-une-palme-dor-dhonneur-pour-barbra-streisand\\\/394460\\\/\"]}]},{\"@type\":\"ImageObject\",\"inLanguage\":\"fr-FR\",\"@id\":\"https:\\\/\\\/www.webdo.tn\\\/fr\\\/actualite\\\/culture\\\/cannes-2026-une-palme-dor-dhonneur-pour-barbra-streisand\\\/394460\\\/#primaryimage\",\"url\":\"https:\\\/\\\/www.webdo.tn\\\/fr\\\/wp-content\\\/uploads\\\/2026\\\/03\\\/Cannes-2026-Barbra-Streisand.jpg\",\"contentUrl\":\"https:\\\/\\\/www.webdo.tn\\\/fr\\\/wp-content\\\/uploads\\\/2026\\\/03\\\/Cannes-2026-Barbra-Streisand.jpg\",\"width\":1242,\"height\":866,\"caption\":\"Cannes 2026 Barbra Streisand\"},{\"@type\":\"BreadcrumbList\",\"@id\":\"https:\\\/\\\/www.webdo.tn\\\/fr\\\/actualite\\\/culture\\\/cannes-2026-une-palme-dor-dhonneur-pour-barbra-streisand\\\/394460\\\/#breadcrumb\",\"itemListElement\":[{\"@type\":\"ListItem\",\"position\":1,\"name\":\"Accueil\",\"item\":\"https:\\\/\\\/www.webdo.tn\\\/fr\\\/\"},{\"@type\":\"ListItem\",\"position\":2,\"name\":\"Cannes 2026 \u2013 Une Palme d\u2019or d\u2019honneur pour Barbra Streisand\"}]},{\"@type\":\"WebSite\",\"@id\":\"https:\\\/\\\/www.webdo.tn\\\/fr\\\/#website\",\"url\":\"https:\\\/\\\/www.webdo.tn\\\/fr\\\/\",\"name\":\"webdo\",\"description\":\"Tunisie - News en Tunisie et \u00e0 l&#039;international sur Webdo.tn\",\"publisher\":{\"@id\":\"https:\\\/\\\/www.webdo.tn\\\/fr\\\/#organization\"},\"potentialAction\":[{\"@type\":\"SearchAction\",\"target\":{\"@type\":\"EntryPoint\",\"urlTemplate\":\"https:\\\/\\\/www.webdo.tn\\\/fr\\\/?s={search_term_string}\"},\"query-input\":{\"@type\":\"PropertyValueSpecification\",\"valueRequired\":true,\"valueName\":\"search_term_string\"}}],\"inLanguage\":\"fr-FR\"},{\"@type\":\"Organization\",\"@id\":\"https:\\\/\\\/www.webdo.tn\\\/fr\\\/#organization\",\"name\":\"Webdo\",\"alternateName\":\"Webdo.tn\",\"url\":\"https:\\\/\\\/www.webdo.tn\\\/fr\\\/\",\"logo\":{\"@type\":\"ImageObject\",\"inLanguage\":\"fr-FR\",\"@id\":\"https:\\\/\\\/www.webdo.tn\\\/fr\\\/#\\\/schema\\\/logo\\\/image\\\/\",\"url\":\"https:\\\/\\\/www.webdo.tn\\\/fr\\\/wp-content\\\/uploads\\\/2025\\\/06\\\/Webdo-Tunisie_168377.jpg\",\"contentUrl\":\"https:\\\/\\\/www.webdo.tn\\\/fr\\\/wp-content\\\/uploads\\\/2025\\\/06\\\/Webdo-Tunisie_168377.jpg\",\"width\":301,\"height\":301,\"caption\":\"Webdo\"},\"image\":{\"@id\":\"https:\\\/\\\/www.webdo.tn\\\/fr\\\/#\\\/schema\\\/logo\\\/image\\\/\"},\"sameAs\":[\"https:\\\/\\\/www.facebook.com\\\/webdotn\",\"https:\\\/\\\/x.com\\\/webdo_tn\"],\"description\":\"Webdo est un m\u00e9dia num\u00e9rique tunisien fond\u00e9 en 2010, sp\u00e9cialis\u00e9 dans l\u2019actualit\u00e9 nationale et internationale, l\u2019\u00e9conomie, la soci\u00e9t\u00e9 et les analyses politiques. Le site s\u2019adresse \u00e0 un large public francophone et couvre l\u2019information tunisienne en temps r\u00e9el.\",\"email\":\"redac@webdo.tn\",\"legalName\":\"YNJ SARL\",\"foundingDate\":\"2010-09-06\",\"numberOfEmployees\":{\"@type\":\"QuantitativeValue\",\"minValue\":\"11\",\"maxValue\":\"50\"}},{\"@type\":\"Person\",\"@id\":\"https:\\\/\\\/www.webdo.tn\\\/fr\\\/#\\\/schema\\\/person\\\/60d5ba619ed3f58783b0dc82b7dada80\",\"name\":\"Ne\u00efla DRISS\",\"image\":{\"@type\":\"ImageObject\",\"inLanguage\":\"fr-FR\",\"@id\":\"https:\\\/\\\/www.webdo.tn\\\/fr\\\/wp-content\\\/uploads\\\/2026\\\/04\\\/neila-driss_avatar-96x96.jpg\",\"url\":\"https:\\\/\\\/www.webdo.tn\\\/fr\\\/wp-content\\\/uploads\\\/2026\\\/04\\\/neila-driss_avatar-96x96.jpg\",\"contentUrl\":\"https:\\\/\\\/www.webdo.tn\\\/fr\\\/wp-content\\\/uploads\\\/2026\\\/04\\\/neila-driss_avatar-96x96.jpg\",\"caption\":\"Ne\u00efla DRISS\"},\"description\":\"Ne\u00efla Driss est juriste, journaliste culturelle et critique de cin\u00e9ma tunisienne. Titulaire d\u2019un DEA en droit priv\u00e9 de l\u2019Universit\u00e9 Paris II et d\u2019un DESS de l\u2019IHEC Carthage, elle d\u00e9bute sa carri\u00e8re comme juriste sp\u00e9cialis\u00e9e en gestion de patrimoine immobilier. Elle s\u2019oriente ensuite vers l\u2019\u00e9criture en ligne, o\u00f9 elle se distingue d\u00e8s 2006 aux Tunisia Blog Awards, avant de se consacrer au journalisme culturel, avec une sp\u00e9cialisation dans la critique cin\u00e9matographique. Elle couvre r\u00e9guli\u00e8rement les grands festivals internationaux, notamment le Festival de Cannes, les Journ\u00e9es Cin\u00e9matographiques de Carthage et le Festival du film du Caire. Membre de l\u2019ATPCC et de la FIPRESCI, elle participe \u00e0 des jurys et initiatives internationales de critique. Depuis 2024, elle est \u00e9lectrice internationale aux Golden Globes. Facebook : https:\\\/\\\/www.facebook.com\\\/massir.destiniii\\\/ X : https:\\\/\\\/x.com\\\/MassirDestin\",\"sameAs\":[\"https:\\\/\\\/www.facebook.com\\\/massir.destiniii\\\/\",\"https:\\\/\\\/www.instagram.com\\\/neila.driss\\\/?hl=fr\",\"https:\\\/\\\/www.linkedin.com\\\/in\\\/neila-driss-22606a80\\\/\",\"https:\\\/\\\/x.com\\\/https:\\\/\\\/x.com\\\/MassirDestin\"],\"knowsAbout\":[\"Cin\u00e9ma international\",\"critique cin\u00e9matographique\",\"festivals de cin\u00e9ma\",\"journalisme culturel\"],\"knowsLanguage\":[\"Fran\u00e7ais\",\"Arabe\",\"Anglais\"],\"jobTitle\":\"Journaliste culturelle et critique de cin\u00e9ma\",\"worksFor\":\"Webdo\",\"url\":\"https:\\\/\\\/www.webdo.tn\\\/fr\\\/actualite\\\/author\\\/neila-driss\\\/\"}]}<\/script>\n<!-- \/ Yoast SEO Premium plugin. -->","yoast_head_json":{"title":"Cannes 2026 \u2013 Une Palme d\u2019or d\u2019honneur pour Barbra Streisand - webdo","description":"Barbra Streisand recevra une Palme d\u2019or d\u2019honneur au Festival de Cannes 2026, saluant une carri\u00e8re exceptionnelle entre cin\u00e9ma, musique.","canonical":"https:\/\/www.webdo.tn\/fr\/actualite\/culture\/cannes-2026-une-palme-dor-dhonneur-pour-barbra-streisand\/394460\/","og_locale":"fr_FR","og_type":"article","og_title":"Cannes 2026 \u2013 Une Palme d\u2019or d\u2019honneur pour Barbra Streisand","og_description":"Barbra Streisand recevra une Palme d\u2019or d\u2019honneur au Festival de Cannes 2026, saluant une carri\u00e8re exceptionnelle entre cin\u00e9ma, musique.","og_url":"https:\/\/www.webdo.tn\/fr\/actualite\/culture\/cannes-2026-une-palme-dor-dhonneur-pour-barbra-streisand\/394460\/","og_site_name":"webdo","article_publisher":"https:\/\/www.facebook.com\/webdotn","article_author":"https:\/\/www.facebook.com\/massir.destiniii\/","article_published_time":"2026-03-11T21:10:47+00:00","article_modified_time":"2026-03-11T23:20:12+00:00","og_image":[{"width":1242,"height":866,"url":"https:\/\/www.webdo.tn\/fr\/wp-content\/uploads\/2026\/03\/Cannes-2026-Barbra-Streisand.jpg","type":"image\/jpeg"}],"author":"Ne\u00efla DRISS","twitter_card":"summary_large_image","twitter_creator":"@https:\/\/x.com\/MassirDestin","twitter_site":"@webdo_tn","twitter_misc":{"\u00c9crit par":"Ne\u00efla DRISS","Dur\u00e9e de lecture estim\u00e9e":"6 minutes"},"schema":{"@context":"https:\/\/schema.org","@graph":[{"@type":"NewsArticle","@id":"https:\/\/www.webdo.tn\/fr\/actualite\/culture\/cannes-2026-une-palme-dor-dhonneur-pour-barbra-streisand\/394460\/#article","isPartOf":{"@id":"https:\/\/www.webdo.tn\/fr\/actualite\/culture\/cannes-2026-une-palme-dor-dhonneur-pour-barbra-streisand\/394460\/"},"author":{"name":"Ne\u00efla DRISS","@id":"https:\/\/www.webdo.tn\/fr\/#\/schema\/person\/60d5ba619ed3f58783b0dc82b7dada80"},"headline":"Cannes 2026 \u2013 Une Palme d\u2019or d\u2019honneur pour Barbra Streisand","datePublished":"2026-03-11T21:10:47+00:00","dateModified":"2026-03-11T23:20:12+00:00","mainEntityOfPage":{"@id":"https:\/\/www.webdo.tn\/fr\/actualite\/culture\/cannes-2026-une-palme-dor-dhonneur-pour-barbra-streisand\/394460\/"},"wordCount":1109,"publisher":{"@id":"https:\/\/www.webdo.tn\/fr\/#organization"},"image":{"@id":"https:\/\/www.webdo.tn\/fr\/actualite\/culture\/cannes-2026-une-palme-dor-dhonneur-pour-barbra-streisand\/394460\/#primaryimage"},"thumbnailUrl":"https:\/\/www.webdo.tn\/fr\/wp-content\/uploads\/2026\/03\/Cannes-2026-Barbra-Streisand.jpg","keywords":["actrice","Actrice Am\u00e9ricaine","Cannes 2026","chanteuse","Cin\u00e9ma","Festival","Festival de Cannes","Palme d'Or d'honneur"],"articleSection":["Culture"],"inLanguage":"fr-FR"},{"@type":"WebPage","@id":"https:\/\/www.webdo.tn\/fr\/actualite\/culture\/cannes-2026-une-palme-dor-dhonneur-pour-barbra-streisand\/394460\/","url":"https:\/\/www.webdo.tn\/fr\/actualite\/culture\/cannes-2026-une-palme-dor-dhonneur-pour-barbra-streisand\/394460\/","name":"Cannes 2026 \u2013 Une Palme d\u2019or d\u2019honneur pour Barbra Streisand - webdo","isPartOf":{"@id":"https:\/\/www.webdo.tn\/fr\/#website"},"primaryImageOfPage":{"@id":"https:\/\/www.webdo.tn\/fr\/actualite\/culture\/cannes-2026-une-palme-dor-dhonneur-pour-barbra-streisand\/394460\/#primaryimage"},"image":{"@id":"https:\/\/www.webdo.tn\/fr\/actualite\/culture\/cannes-2026-une-palme-dor-dhonneur-pour-barbra-streisand\/394460\/#primaryimage"},"thumbnailUrl":"https:\/\/www.webdo.tn\/fr\/wp-content\/uploads\/2026\/03\/Cannes-2026-Barbra-Streisand.jpg","datePublished":"2026-03-11T21:10:47+00:00","dateModified":"2026-03-11T23:20:12+00:00","description":"Barbra Streisand recevra une Palme d\u2019or d\u2019honneur au Festival de Cannes 2026, saluant une carri\u00e8re exceptionnelle entre cin\u00e9ma, musique.","breadcrumb":{"@id":"https:\/\/www.webdo.tn\/fr\/actualite\/culture\/cannes-2026-une-palme-dor-dhonneur-pour-barbra-streisand\/394460\/#breadcrumb"},"inLanguage":"fr-FR","potentialAction":[{"@type":"ReadAction","target":["https:\/\/www.webdo.tn\/fr\/actualite\/culture\/cannes-2026-une-palme-dor-dhonneur-pour-barbra-streisand\/394460\/"]}]},{"@type":"ImageObject","inLanguage":"fr-FR","@id":"https:\/\/www.webdo.tn\/fr\/actualite\/culture\/cannes-2026-une-palme-dor-dhonneur-pour-barbra-streisand\/394460\/#primaryimage","url":"https:\/\/www.webdo.tn\/fr\/wp-content\/uploads\/2026\/03\/Cannes-2026-Barbra-Streisand.jpg","contentUrl":"https:\/\/www.webdo.tn\/fr\/wp-content\/uploads\/2026\/03\/Cannes-2026-Barbra-Streisand.jpg","width":1242,"height":866,"caption":"Cannes 2026 Barbra Streisand"},{"@type":"BreadcrumbList","@id":"https:\/\/www.webdo.tn\/fr\/actualite\/culture\/cannes-2026-une-palme-dor-dhonneur-pour-barbra-streisand\/394460\/#breadcrumb","itemListElement":[{"@type":"ListItem","position":1,"name":"Accueil","item":"https:\/\/www.webdo.tn\/fr\/"},{"@type":"ListItem","position":2,"name":"Cannes 2026 \u2013 Une Palme d\u2019or d\u2019honneur pour Barbra Streisand"}]},{"@type":"WebSite","@id":"https:\/\/www.webdo.tn\/fr\/#website","url":"https:\/\/www.webdo.tn\/fr\/","name":"webdo","description":"Tunisie - News en Tunisie et \u00e0 l&#039;international sur Webdo.tn","publisher":{"@id":"https:\/\/www.webdo.tn\/fr\/#organization"},"potentialAction":[{"@type":"SearchAction","target":{"@type":"EntryPoint","urlTemplate":"https:\/\/www.webdo.tn\/fr\/?s={search_term_string}"},"query-input":{"@type":"PropertyValueSpecification","valueRequired":true,"valueName":"search_term_string"}}],"inLanguage":"fr-FR"},{"@type":"Organization","@id":"https:\/\/www.webdo.tn\/fr\/#organization","name":"Webdo","alternateName":"Webdo.tn","url":"https:\/\/www.webdo.tn\/fr\/","logo":{"@type":"ImageObject","inLanguage":"fr-FR","@id":"https:\/\/www.webdo.tn\/fr\/#\/schema\/logo\/image\/","url":"https:\/\/www.webdo.tn\/fr\/wp-content\/uploads\/2025\/06\/Webdo-Tunisie_168377.jpg","contentUrl":"https:\/\/www.webdo.tn\/fr\/wp-content\/uploads\/2025\/06\/Webdo-Tunisie_168377.jpg","width":301,"height":301,"caption":"Webdo"},"image":{"@id":"https:\/\/www.webdo.tn\/fr\/#\/schema\/logo\/image\/"},"sameAs":["https:\/\/www.facebook.com\/webdotn","https:\/\/x.com\/webdo_tn"],"description":"Webdo est un m\u00e9dia num\u00e9rique tunisien fond\u00e9 en 2010, sp\u00e9cialis\u00e9 dans l\u2019actualit\u00e9 nationale et internationale, l\u2019\u00e9conomie, la soci\u00e9t\u00e9 et les analyses politiques. Le site s\u2019adresse \u00e0 un large public francophone et couvre l\u2019information tunisienne en temps r\u00e9el.","email":"redac@webdo.tn","legalName":"YNJ SARL","foundingDate":"2010-09-06","numberOfEmployees":{"@type":"QuantitativeValue","minValue":"11","maxValue":"50"}},{"@type":"Person","@id":"https:\/\/www.webdo.tn\/fr\/#\/schema\/person\/60d5ba619ed3f58783b0dc82b7dada80","name":"Ne\u00efla DRISS","image":{"@type":"ImageObject","inLanguage":"fr-FR","@id":"https:\/\/www.webdo.tn\/fr\/wp-content\/uploads\/2026\/04\/neila-driss_avatar-96x96.jpg","url":"https:\/\/www.webdo.tn\/fr\/wp-content\/uploads\/2026\/04\/neila-driss_avatar-96x96.jpg","contentUrl":"https:\/\/www.webdo.tn\/fr\/wp-content\/uploads\/2026\/04\/neila-driss_avatar-96x96.jpg","caption":"Ne\u00efla DRISS"},"description":"Ne\u00efla Driss est juriste, journaliste culturelle et critique de cin\u00e9ma tunisienne. Titulaire d\u2019un DEA en droit priv\u00e9 de l\u2019Universit\u00e9 Paris II et d\u2019un DESS de l\u2019IHEC Carthage, elle d\u00e9bute sa carri\u00e8re comme juriste sp\u00e9cialis\u00e9e en gestion de patrimoine immobilier. Elle s\u2019oriente ensuite vers l\u2019\u00e9criture en ligne, o\u00f9 elle se distingue d\u00e8s 2006 aux Tunisia Blog Awards, avant de se consacrer au journalisme culturel, avec une sp\u00e9cialisation dans la critique cin\u00e9matographique. Elle couvre r\u00e9guli\u00e8rement les grands festivals internationaux, notamment le Festival de Cannes, les Journ\u00e9es Cin\u00e9matographiques de Carthage et le Festival du film du Caire. Membre de l\u2019ATPCC et de la FIPRESCI, elle participe \u00e0 des jurys et initiatives internationales de critique. Depuis 2024, elle est \u00e9lectrice internationale aux Golden Globes. Facebook : https:\/\/www.facebook.com\/massir.destiniii\/ X : https:\/\/x.com\/MassirDestin","sameAs":["https:\/\/www.facebook.com\/massir.destiniii\/","https:\/\/www.instagram.com\/neila.driss\/?hl=fr","https:\/\/www.linkedin.com\/in\/neila-driss-22606a80\/","https:\/\/x.com\/https:\/\/x.com\/MassirDestin"],"knowsAbout":["Cin\u00e9ma international","critique cin\u00e9matographique","festivals de cin\u00e9ma","journalisme culturel"],"knowsLanguage":["Fran\u00e7ais","Arabe","Anglais"],"jobTitle":"Journaliste culturelle et critique de cin\u00e9ma","worksFor":"Webdo","url":"https:\/\/www.webdo.tn\/fr\/actualite\/author\/neila-driss\/"}]}},"_links":{"self":[{"href":"https:\/\/www.webdo.tn\/fr\/wp-json\/wp\/v2\/posts\/394460","targetHints":{"allow":["GET"]}}],"collection":[{"href":"https:\/\/www.webdo.tn\/fr\/wp-json\/wp\/v2\/posts"}],"about":[{"href":"https:\/\/www.webdo.tn\/fr\/wp-json\/wp\/v2\/types\/post"}],"author":[{"embeddable":true,"href":"https:\/\/www.webdo.tn\/fr\/wp-json\/wp\/v2\/users\/3164"}],"replies":[{"embeddable":true,"href":"https:\/\/www.webdo.tn\/fr\/wp-json\/wp\/v2\/comments?post=394460"}],"version-history":[{"count":0,"href":"https:\/\/www.webdo.tn\/fr\/wp-json\/wp\/v2\/posts\/394460\/revisions"}],"wp:featuredmedia":[{"embeddable":true,"href":"https:\/\/www.webdo.tn\/fr\/wp-json\/wp\/v2\/media\/394461"}],"wp:attachment":[{"href":"https:\/\/www.webdo.tn\/fr\/wp-json\/wp\/v2\/media?parent=394460"}],"wp:term":[{"taxonomy":"category","embeddable":true,"href":"https:\/\/www.webdo.tn\/fr\/wp-json\/wp\/v2\/categories?post=394460"},{"taxonomy":"post_tag","embeddable":true,"href":"https:\/\/www.webdo.tn\/fr\/wp-json\/wp\/v2\/tags?post=394460"}],"curies":[{"name":"wp","href":"https:\/\/api.w.org\/{rel}","templated":true}]}}