{"id":394458,"date":"2026-03-11T20:56:26","date_gmt":"2026-03-11T19:56:26","guid":{"rendered":"https:\/\/www.webdo.tn\/fr\/?p=394458"},"modified":"2026-03-11T20:56:28","modified_gmt":"2026-03-11T19:56:28","slug":"autoroutes-salah-zouari-exige-un-rythme-plus-soutenu","status":"publish","type":"post","link":"https:\/\/www.webdo.tn\/fr\/actualite\/national\/autoroutes-salah-zouari-exige-un-rythme-plus-soutenu\/394458\/","title":{"rendered":"Autoroutes : Salah Zouari exige un rythme plus soutenu"},"content":{"rendered":"\n<p><strong>Le ministre de l\u2019\u00c9quipement et de l\u2019Habitat, Salah Zouari, a pr\u00e9sid\u00e9 mardi une s\u00e9ance de travail consacr\u00e9e au suivi de l\u2019avancement des projets de la Soci\u00e9t\u00e9 Tunisie Autoroutes.<\/strong><\/p>\n\n\n\n<p>La r\u00e9union a permis d\u2019examiner l\u2019\u00e9tat de progression des diff\u00e9rents chantiers pris en charge par l\u2019entreprise, notamment ceux programm\u00e9s pour l\u2019ann\u00e9e 2026. Parmi les projets en cours figurent les travaux de renouvellement et de maintenance des structures m\u00e9talliques sur l\u2019autoroute A4 entre Sidi Thabet et El Alia, ainsi que l\u2019am\u00e9nagement de la station d\u2019entr\u00e9e et de sortie de Hergla sur l\u2019autoroute A1, dont le taux d\u2019avancement a atteint 40 %.<\/p>\n\n\n\n<h2 class=\"wp-block-heading\" id=\"h-renforcement-de-la-chaussee\">Renforcement de la chauss\u00e9e <\/h2>\n\n\n\n<p>Les participants ont \u00e9galement pass\u00e9 en revue les travaux de renforcement de la chauss\u00e9e sur l\u2019autoroute A1 entre les points kilom\u00e9triques 69 et 85, un chantier dont l\u2019\u00e9tat d\u2019avancement s\u2019\u00e9l\u00e8ve actuellement \u00e0 60 %.<\/p>\n\n\n\n<p>La s\u00e9ance a en outre permis de pr\u00e9senter les nouveaux projets programm\u00e9s dans le cadre du plan de maintenance du r\u00e9seau autoroutier, notamment la r\u00e9novation des glissi\u00e8res de s\u00e9curit\u00e9, l\u2019entretien des structures m\u00e9talliques, l\u2019am\u00e9nagement des aires de repos et les op\u00e9rations de reboisement le long des axes autoroutiers.<\/p>\n\n\n\n<p class=\"has-medium-font-size\"><strong>Lire aussi :<\/strong>\u00a0<a href=\"https:\/\/www.webdo.tn\/fr\/actualite\/national\/tunisie-autoroutes-modernisation-des-aires-de-services-et-creation-de-nouvelles-zones-de-repos\/382303\/\">Tunisie Autoroutes : Modernisation des aires de services et cr\u00e9ation de nouvelles zones de repos<\/a><\/p>\n\n\n\n<p>Les discussions ont \u00e9galement port\u00e9 sur certaines difficult\u00e9s d\u2019approvisionnement en mat\u00e9riaux et sur l\u2019introduction de nouvelles solutions technologiques visant \u00e0 moderniser le syst\u00e8me de p\u00e9age. Dans ce cadre, un accord de partenariat a \u00e9t\u00e9 conclu entre la Soci\u00e9t\u00e9 Tunisie Autoroutes et la La Poste Tunisienne afin de permettre le rechargement des badges \u00e9lectroniques via l\u2019application D17 et leur distribution \u00e0 travers le service Rapid Poste.<\/p>\n\n\n\n<h2 class=\"wp-block-heading\" id=\"h-accelerer-le-rythme-des-travaux\"> Acc\u00e9l\u00e9rer le rythme des travaux <\/h2>\n\n\n\n<p>\u00c0 cette occasion, le ministre a appel\u00e9 \u00e0 acc\u00e9l\u00e9rer le rythme des travaux tout en veillant au respect des d\u00e9lais fix\u00e9s et au renforcement des mesures de s\u00e9curit\u00e9 au profit des usagers du r\u00e9seau autoroutier. Il a \u00e9galement \u00e9voqu\u00e9 un projet de restructuration de la Soci\u00e9t\u00e9 Tunisie Autoroutes visant \u00e0 am\u00e9liorer la qualit\u00e9 des services offerts aux citoyens.<\/p>\n\n\n\n<p><\/p>\n","protected":false},"excerpt":{"rendered":"<p>Le ministre de l\u2019\u00c9quipement et de l\u2019Habitat, Salah Zouari, a pr\u00e9sid\u00e9 mardi une s\u00e9ance de travail consacr\u00e9e au suivi de l\u2019avancement des projets de la Soci\u00e9t\u00e9 Tunisie Autoroutes. La r\u00e9union a permis d\u2019examiner l\u2019\u00e9tat de progression des diff\u00e9rents chantiers pris en charge par l\u2019entreprise, notamment ceux programm\u00e9s pour l\u2019ann\u00e9e 2026. Parmi les projets en cours [&hellip;]<\/p>\n","protected":false},"author":3184,"featured_media":394217,"comment_status":"closed","ping_status":"closed","sticky":false,"template":"","format":"standard","meta":{"footnotes":""},"categories":[44],"tags":[4163,2819,2608],"class_list":["post-394458","post","type-post","status-publish","format-standard","has-post-thumbnail","hentry","category-national","tag-autoroute","tag-projets","tag-tunisie"],"yoast_head":"<!-- This site is optimized with the Yoast SEO Premium plugin v27.5 (Yoast SEO v27.5) - https:\/\/yoast.com\/product\/yoast-seo-premium-wordpress\/ -->\n<title>Autoroutes : Salah Zouari exige un rythme plus soutenu - webdo<\/title>\n<meta name=\"description\" content=\"D\u00e9couvrez les avanc\u00e9es des projets d&#039;autoroutes en Tunisie et les travaux de maintenance sur l&#039;autoroute A4.\" \/>\n<link rel=\"canonical\" href=\"https:\/\/www.webdo.tn\/fr\/actualite\/national\/autoroutes-salah-zouari-exige-un-rythme-plus-soutenu\/394458\/\" \/>\n<meta property=\"og:locale\" content=\"fr_FR\" \/>\n<meta property=\"og:type\" content=\"article\" \/>\n<meta property=\"og:title\" content=\"Autoroutes : Salah Zouari exige un rythme plus soutenu\" \/>\n<meta property=\"og:description\" content=\"D\u00e9couvrez les avanc\u00e9es des projets d&#039;autoroutes en Tunisie et les travaux de maintenance sur l&#039;autoroute A4.\" \/>\n<meta property=\"og:url\" content=\"https:\/\/www.webdo.tn\/fr\/actualite\/national\/autoroutes-salah-zouari-exige-un-rythme-plus-soutenu\/394458\/\" \/>\n<meta property=\"og:site_name\" content=\"webdo\" \/>\n<meta property=\"article:publisher\" content=\"https:\/\/www.facebook.com\/webdotn\" \/>\n<meta property=\"article:published_time\" content=\"2026-03-11T19:56:26+00:00\" \/>\n<meta property=\"article:modified_time\" content=\"2026-03-11T19:56:28+00:00\" \/>\n<meta property=\"og:image\" content=\"https:\/\/www.webdo.tn\/fr\/wp-content\/uploads\/2026\/03\/Tunisie_Autoroute_A1_sortie_Boumerdas.jpg\" \/>\n\t<meta property=\"og:image:width\" content=\"1200\" \/>\n\t<meta property=\"og:image:height\" content=\"603\" \/>\n\t<meta property=\"og:image:type\" content=\"image\/jpeg\" \/>\n<meta name=\"author\" content=\"Wided Belhaj\" \/>\n<meta name=\"twitter:card\" content=\"summary_large_image\" \/>\n<meta name=\"twitter:creator\" content=\"@webdo_tn\" \/>\n<meta name=\"twitter:site\" content=\"@webdo_tn\" \/>\n<meta name=\"twitter:label1\" content=\"\u00c9crit par\" \/>\n\t<meta name=\"twitter:data1\" content=\"Wided Belhaj\" \/>\n\t<meta name=\"twitter:label2\" content=\"Dur\u00e9e de lecture estim\u00e9e\" \/>\n\t<meta name=\"twitter:data2\" content=\"2 minutes\" \/>\n<script type=\"application\/ld+json\" class=\"yoast-schema-graph\">{\"@context\":\"https:\\\/\\\/schema.org\",\"@graph\":[{\"@type\":\"NewsArticle\",\"@id\":\"https:\\\/\\\/www.webdo.tn\\\/fr\\\/actualite\\\/national\\\/autoroutes-salah-zouari-exige-un-rythme-plus-soutenu\\\/394458\\\/#article\",\"isPartOf\":{\"@id\":\"https:\\\/\\\/www.webdo.tn\\\/fr\\\/actualite\\\/national\\\/autoroutes-salah-zouari-exige-un-rythme-plus-soutenu\\\/394458\\\/\"},\"author\":{\"name\":\"Wided Belhaj\",\"@id\":\"https:\\\/\\\/www.webdo.tn\\\/fr\\\/#\\\/schema\\\/person\\\/b9ecde7a5574cb4fcf4b496ea5fadb15\"},\"headline\":\"Autoroutes : Salah Zouari exige un rythme plus soutenu\",\"datePublished\":\"2026-03-11T19:56:26+00:00\",\"dateModified\":\"2026-03-11T19:56:28+00:00\",\"mainEntityOfPage\":{\"@id\":\"https:\\\/\\\/www.webdo.tn\\\/fr\\\/actualite\\\/national\\\/autoroutes-salah-zouari-exige-un-rythme-plus-soutenu\\\/394458\\\/\"},\"wordCount\":385,\"publisher\":{\"@id\":\"https:\\\/\\\/www.webdo.tn\\\/fr\\\/#organization\"},\"image\":{\"@id\":\"https:\\\/\\\/www.webdo.tn\\\/fr\\\/actualite\\\/national\\\/autoroutes-salah-zouari-exige-un-rythme-plus-soutenu\\\/394458\\\/#primaryimage\"},\"thumbnailUrl\":\"https:\\\/\\\/www.webdo.tn\\\/fr\\\/wp-content\\\/uploads\\\/2026\\\/03\\\/Tunisie_Autoroute_A1_sortie_Boumerdas.jpg\",\"keywords\":[\"Autoroute\",\"projets\",\"Tunisie\"],\"articleSection\":[\"National\"],\"inLanguage\":\"fr-FR\"},{\"@type\":\"WebPage\",\"@id\":\"https:\\\/\\\/www.webdo.tn\\\/fr\\\/actualite\\\/national\\\/autoroutes-salah-zouari-exige-un-rythme-plus-soutenu\\\/394458\\\/\",\"url\":\"https:\\\/\\\/www.webdo.tn\\\/fr\\\/actualite\\\/national\\\/autoroutes-salah-zouari-exige-un-rythme-plus-soutenu\\\/394458\\\/\",\"name\":\"Autoroutes : Salah Zouari exige un rythme plus soutenu - webdo\",\"isPartOf\":{\"@id\":\"https:\\\/\\\/www.webdo.tn\\\/fr\\\/#website\"},\"primaryImageOfPage\":{\"@id\":\"https:\\\/\\\/www.webdo.tn\\\/fr\\\/actualite\\\/national\\\/autoroutes-salah-zouari-exige-un-rythme-plus-soutenu\\\/394458\\\/#primaryimage\"},\"image\":{\"@id\":\"https:\\\/\\\/www.webdo.tn\\\/fr\\\/actualite\\\/national\\\/autoroutes-salah-zouari-exige-un-rythme-plus-soutenu\\\/394458\\\/#primaryimage\"},\"thumbnailUrl\":\"https:\\\/\\\/www.webdo.tn\\\/fr\\\/wp-content\\\/uploads\\\/2026\\\/03\\\/Tunisie_Autoroute_A1_sortie_Boumerdas.jpg\",\"datePublished\":\"2026-03-11T19:56:26+00:00\",\"dateModified\":\"2026-03-11T19:56:28+00:00\",\"description\":\"D\u00e9couvrez les avanc\u00e9es des projets d'autoroutes en Tunisie et les travaux de maintenance sur l'autoroute A4.\",\"breadcrumb\":{\"@id\":\"https:\\\/\\\/www.webdo.tn\\\/fr\\\/actualite\\\/national\\\/autoroutes-salah-zouari-exige-un-rythme-plus-soutenu\\\/394458\\\/#breadcrumb\"},\"inLanguage\":\"fr-FR\",\"potentialAction\":[{\"@type\":\"ReadAction\",\"target\":[\"https:\\\/\\\/www.webdo.tn\\\/fr\\\/actualite\\\/national\\\/autoroutes-salah-zouari-exige-un-rythme-plus-soutenu\\\/394458\\\/\"]}]},{\"@type\":\"ImageObject\",\"inLanguage\":\"fr-FR\",\"@id\":\"https:\\\/\\\/www.webdo.tn\\\/fr\\\/actualite\\\/national\\\/autoroutes-salah-zouari-exige-un-rythme-plus-soutenu\\\/394458\\\/#primaryimage\",\"url\":\"https:\\\/\\\/www.webdo.tn\\\/fr\\\/wp-content\\\/uploads\\\/2026\\\/03\\\/Tunisie_Autoroute_A1_sortie_Boumerdas.jpg\",\"contentUrl\":\"https:\\\/\\\/www.webdo.tn\\\/fr\\\/wp-content\\\/uploads\\\/2026\\\/03\\\/Tunisie_Autoroute_A1_sortie_Boumerdas.jpg\",\"width\":1200,\"height\":603,\"caption\":\"Autoroute A1 : Travaux d\u2019entretien entre Tunis et Sousse\"},{\"@type\":\"BreadcrumbList\",\"@id\":\"https:\\\/\\\/www.webdo.tn\\\/fr\\\/actualite\\\/national\\\/autoroutes-salah-zouari-exige-un-rythme-plus-soutenu\\\/394458\\\/#breadcrumb\",\"itemListElement\":[{\"@type\":\"ListItem\",\"position\":1,\"name\":\"Accueil\",\"item\":\"https:\\\/\\\/www.webdo.tn\\\/fr\\\/\"},{\"@type\":\"ListItem\",\"position\":2,\"name\":\"Autoroutes : Salah Zouari exige un rythme plus soutenu\"}]},{\"@type\":\"WebSite\",\"@id\":\"https:\\\/\\\/www.webdo.tn\\\/fr\\\/#website\",\"url\":\"https:\\\/\\\/www.webdo.tn\\\/fr\\\/\",\"name\":\"webdo\",\"description\":\"Tunisie - News en Tunisie et \u00e0 l&#039;international sur Webdo.tn\",\"publisher\":{\"@id\":\"https:\\\/\\\/www.webdo.tn\\\/fr\\\/#organization\"},\"potentialAction\":[{\"@type\":\"SearchAction\",\"target\":{\"@type\":\"EntryPoint\",\"urlTemplate\":\"https:\\\/\\\/www.webdo.tn\\\/fr\\\/?s={search_term_string}\"},\"query-input\":{\"@type\":\"PropertyValueSpecification\",\"valueRequired\":true,\"valueName\":\"search_term_string\"}}],\"inLanguage\":\"fr-FR\"},{\"@type\":\"Organization\",\"@id\":\"https:\\\/\\\/www.webdo.tn\\\/fr\\\/#organization\",\"name\":\"Webdo\",\"alternateName\":\"Webdo.tn\",\"url\":\"https:\\\/\\\/www.webdo.tn\\\/fr\\\/\",\"logo\":{\"@type\":\"ImageObject\",\"inLanguage\":\"fr-FR\",\"@id\":\"https:\\\/\\\/www.webdo.tn\\\/fr\\\/#\\\/schema\\\/logo\\\/image\\\/\",\"url\":\"https:\\\/\\\/www.webdo.tn\\\/fr\\\/wp-content\\\/uploads\\\/2025\\\/06\\\/Webdo-Tunisie_168377.jpg\",\"contentUrl\":\"https:\\\/\\\/www.webdo.tn\\\/fr\\\/wp-content\\\/uploads\\\/2025\\\/06\\\/Webdo-Tunisie_168377.jpg\",\"width\":301,\"height\":301,\"caption\":\"Webdo\"},\"image\":{\"@id\":\"https:\\\/\\\/www.webdo.tn\\\/fr\\\/#\\\/schema\\\/logo\\\/image\\\/\"},\"sameAs\":[\"https:\\\/\\\/www.facebook.com\\\/webdotn\",\"https:\\\/\\\/x.com\\\/webdo_tn\"],\"description\":\"Webdo est un m\u00e9dia num\u00e9rique tunisien fond\u00e9 en 2010, sp\u00e9cialis\u00e9 dans l\u2019actualit\u00e9 nationale et internationale, l\u2019\u00e9conomie, la soci\u00e9t\u00e9 et les analyses politiques. Le site s\u2019adresse \u00e0 un large public francophone et couvre l\u2019information tunisienne en temps r\u00e9el.\",\"email\":\"redac@webdo.tn\",\"legalName\":\"YNJ SARL\",\"foundingDate\":\"2010-09-06\",\"numberOfEmployees\":{\"@type\":\"QuantitativeValue\",\"minValue\":\"11\",\"maxValue\":\"50\"}},{\"@type\":\"Person\",\"@id\":\"https:\\\/\\\/www.webdo.tn\\\/fr\\\/#\\\/schema\\\/person\\\/b9ecde7a5574cb4fcf4b496ea5fadb15\",\"name\":\"Wided Belhaj\",\"image\":{\"@type\":\"ImageObject\",\"inLanguage\":\"fr-FR\",\"@id\":\"https:\\\/\\\/www.webdo.tn\\\/fr\\\/wp-content\\\/uploads\\\/2026\\\/04\\\/wided-belhaj_avatar-96x96.jpg\",\"url\":\"https:\\\/\\\/www.webdo.tn\\\/fr\\\/wp-content\\\/uploads\\\/2026\\\/04\\\/wided-belhaj_avatar-96x96.jpg\",\"contentUrl\":\"https:\\\/\\\/www.webdo.tn\\\/fr\\\/wp-content\\\/uploads\\\/2026\\\/04\\\/wided-belhaj_avatar-96x96.jpg\",\"caption\":\"Wided Belhaj\"},\"description\":\"Wided Belhaj est le pseudonyme \u00e9ditorial utilis\u00e9 par Khalil Jelassi, journaliste, ma\u00eetre-assistant \u00e0 l\u2019Institut de presse et des sciences de l\u2019information (IPSI) et chercheur en sciences de l\u2019information et de la communication. Cette signature est d\u00e9di\u00e9e \u00e0 l\u2019analyse des m\u00e9dias, des pratiques journalistiques et des mutations de l\u2019information \u00e0 l\u2019\u00e8re digitale. \u00c0 travers ses contributions, Wided Belhaj propose une lecture analytique de l\u2019actualit\u00e9, en croisant regard critique et expertise acad\u00e9mique.\",\"knowsAbout\":[\"m\u00e9dias\",\"journalisme\",\"communication\",\"information\",\"transformation num\u00e9rique\",\"analyse des m\u00e9dias\"],\"knowsLanguage\":[\"Fran\u00e7ais\",\"Arabe\"],\"jobTitle\":\"Webdo.tn\",\"worksFor\":\"Journaliste \u2013 Analyse des m\u00e9dias\",\"url\":\"https:\\\/\\\/www.webdo.tn\\\/fr\\\/actualite\\\/author\\\/wided-belhaj\\\/\"}]}<\/script>\n<!-- \/ Yoast SEO Premium plugin. -->","yoast_head_json":{"title":"Autoroutes : Salah Zouari exige un rythme plus soutenu - webdo","description":"D\u00e9couvrez les avanc\u00e9es des projets d'autoroutes en Tunisie et les travaux de maintenance sur l'autoroute A4.","canonical":"https:\/\/www.webdo.tn\/fr\/actualite\/national\/autoroutes-salah-zouari-exige-un-rythme-plus-soutenu\/394458\/","og_locale":"fr_FR","og_type":"article","og_title":"Autoroutes : Salah Zouari exige un rythme plus soutenu","og_description":"D\u00e9couvrez les avanc\u00e9es des projets d'autoroutes en Tunisie et les travaux de maintenance sur l'autoroute A4.","og_url":"https:\/\/www.webdo.tn\/fr\/actualite\/national\/autoroutes-salah-zouari-exige-un-rythme-plus-soutenu\/394458\/","og_site_name":"webdo","article_publisher":"https:\/\/www.facebook.com\/webdotn","article_published_time":"2026-03-11T19:56:26+00:00","article_modified_time":"2026-03-11T19:56:28+00:00","og_image":[{"width":1200,"height":603,"url":"https:\/\/www.webdo.tn\/fr\/wp-content\/uploads\/2026\/03\/Tunisie_Autoroute_A1_sortie_Boumerdas.jpg","type":"image\/jpeg"}],"author":"Wided Belhaj","twitter_card":"summary_large_image","twitter_creator":"@webdo_tn","twitter_site":"@webdo_tn","twitter_misc":{"\u00c9crit par":"Wided Belhaj","Dur\u00e9e de lecture estim\u00e9e":"2 minutes"},"schema":{"@context":"https:\/\/schema.org","@graph":[{"@type":"NewsArticle","@id":"https:\/\/www.webdo.tn\/fr\/actualite\/national\/autoroutes-salah-zouari-exige-un-rythme-plus-soutenu\/394458\/#article","isPartOf":{"@id":"https:\/\/www.webdo.tn\/fr\/actualite\/national\/autoroutes-salah-zouari-exige-un-rythme-plus-soutenu\/394458\/"},"author":{"name":"Wided Belhaj","@id":"https:\/\/www.webdo.tn\/fr\/#\/schema\/person\/b9ecde7a5574cb4fcf4b496ea5fadb15"},"headline":"Autoroutes : Salah Zouari exige un rythme plus soutenu","datePublished":"2026-03-11T19:56:26+00:00","dateModified":"2026-03-11T19:56:28+00:00","mainEntityOfPage":{"@id":"https:\/\/www.webdo.tn\/fr\/actualite\/national\/autoroutes-salah-zouari-exige-un-rythme-plus-soutenu\/394458\/"},"wordCount":385,"publisher":{"@id":"https:\/\/www.webdo.tn\/fr\/#organization"},"image":{"@id":"https:\/\/www.webdo.tn\/fr\/actualite\/national\/autoroutes-salah-zouari-exige-un-rythme-plus-soutenu\/394458\/#primaryimage"},"thumbnailUrl":"https:\/\/www.webdo.tn\/fr\/wp-content\/uploads\/2026\/03\/Tunisie_Autoroute_A1_sortie_Boumerdas.jpg","keywords":["Autoroute","projets","Tunisie"],"articleSection":["National"],"inLanguage":"fr-FR"},{"@type":"WebPage","@id":"https:\/\/www.webdo.tn\/fr\/actualite\/national\/autoroutes-salah-zouari-exige-un-rythme-plus-soutenu\/394458\/","url":"https:\/\/www.webdo.tn\/fr\/actualite\/national\/autoroutes-salah-zouari-exige-un-rythme-plus-soutenu\/394458\/","name":"Autoroutes : Salah Zouari exige un rythme plus soutenu - webdo","isPartOf":{"@id":"https:\/\/www.webdo.tn\/fr\/#website"},"primaryImageOfPage":{"@id":"https:\/\/www.webdo.tn\/fr\/actualite\/national\/autoroutes-salah-zouari-exige-un-rythme-plus-soutenu\/394458\/#primaryimage"},"image":{"@id":"https:\/\/www.webdo.tn\/fr\/actualite\/national\/autoroutes-salah-zouari-exige-un-rythme-plus-soutenu\/394458\/#primaryimage"},"thumbnailUrl":"https:\/\/www.webdo.tn\/fr\/wp-content\/uploads\/2026\/03\/Tunisie_Autoroute_A1_sortie_Boumerdas.jpg","datePublished":"2026-03-11T19:56:26+00:00","dateModified":"2026-03-11T19:56:28+00:00","description":"D\u00e9couvrez les avanc\u00e9es des projets d'autoroutes en Tunisie et les travaux de maintenance sur l'autoroute A4.","breadcrumb":{"@id":"https:\/\/www.webdo.tn\/fr\/actualite\/national\/autoroutes-salah-zouari-exige-un-rythme-plus-soutenu\/394458\/#breadcrumb"},"inLanguage":"fr-FR","potentialAction":[{"@type":"ReadAction","target":["https:\/\/www.webdo.tn\/fr\/actualite\/national\/autoroutes-salah-zouari-exige-un-rythme-plus-soutenu\/394458\/"]}]},{"@type":"ImageObject","inLanguage":"fr-FR","@id":"https:\/\/www.webdo.tn\/fr\/actualite\/national\/autoroutes-salah-zouari-exige-un-rythme-plus-soutenu\/394458\/#primaryimage","url":"https:\/\/www.webdo.tn\/fr\/wp-content\/uploads\/2026\/03\/Tunisie_Autoroute_A1_sortie_Boumerdas.jpg","contentUrl":"https:\/\/www.webdo.tn\/fr\/wp-content\/uploads\/2026\/03\/Tunisie_Autoroute_A1_sortie_Boumerdas.jpg","width":1200,"height":603,"caption":"Autoroute A1 : Travaux d\u2019entretien entre Tunis et Sousse"},{"@type":"BreadcrumbList","@id":"https:\/\/www.webdo.tn\/fr\/actualite\/national\/autoroutes-salah-zouari-exige-un-rythme-plus-soutenu\/394458\/#breadcrumb","itemListElement":[{"@type":"ListItem","position":1,"name":"Accueil","item":"https:\/\/www.webdo.tn\/fr\/"},{"@type":"ListItem","position":2,"name":"Autoroutes : Salah Zouari exige un rythme plus soutenu"}]},{"@type":"WebSite","@id":"https:\/\/www.webdo.tn\/fr\/#website","url":"https:\/\/www.webdo.tn\/fr\/","name":"webdo","description":"Tunisie - News en Tunisie et \u00e0 l&#039;international sur Webdo.tn","publisher":{"@id":"https:\/\/www.webdo.tn\/fr\/#organization"},"potentialAction":[{"@type":"SearchAction","target":{"@type":"EntryPoint","urlTemplate":"https:\/\/www.webdo.tn\/fr\/?s={search_term_string}"},"query-input":{"@type":"PropertyValueSpecification","valueRequired":true,"valueName":"search_term_string"}}],"inLanguage":"fr-FR"},{"@type":"Organization","@id":"https:\/\/www.webdo.tn\/fr\/#organization","name":"Webdo","alternateName":"Webdo.tn","url":"https:\/\/www.webdo.tn\/fr\/","logo":{"@type":"ImageObject","inLanguage":"fr-FR","@id":"https:\/\/www.webdo.tn\/fr\/#\/schema\/logo\/image\/","url":"https:\/\/www.webdo.tn\/fr\/wp-content\/uploads\/2025\/06\/Webdo-Tunisie_168377.jpg","contentUrl":"https:\/\/www.webdo.tn\/fr\/wp-content\/uploads\/2025\/06\/Webdo-Tunisie_168377.jpg","width":301,"height":301,"caption":"Webdo"},"image":{"@id":"https:\/\/www.webdo.tn\/fr\/#\/schema\/logo\/image\/"},"sameAs":["https:\/\/www.facebook.com\/webdotn","https:\/\/x.com\/webdo_tn"],"description":"Webdo est un m\u00e9dia num\u00e9rique tunisien fond\u00e9 en 2010, sp\u00e9cialis\u00e9 dans l\u2019actualit\u00e9 nationale et internationale, l\u2019\u00e9conomie, la soci\u00e9t\u00e9 et les analyses politiques. Le site s\u2019adresse \u00e0 un large public francophone et couvre l\u2019information tunisienne en temps r\u00e9el.","email":"redac@webdo.tn","legalName":"YNJ SARL","foundingDate":"2010-09-06","numberOfEmployees":{"@type":"QuantitativeValue","minValue":"11","maxValue":"50"}},{"@type":"Person","@id":"https:\/\/www.webdo.tn\/fr\/#\/schema\/person\/b9ecde7a5574cb4fcf4b496ea5fadb15","name":"Wided Belhaj","image":{"@type":"ImageObject","inLanguage":"fr-FR","@id":"https:\/\/www.webdo.tn\/fr\/wp-content\/uploads\/2026\/04\/wided-belhaj_avatar-96x96.jpg","url":"https:\/\/www.webdo.tn\/fr\/wp-content\/uploads\/2026\/04\/wided-belhaj_avatar-96x96.jpg","contentUrl":"https:\/\/www.webdo.tn\/fr\/wp-content\/uploads\/2026\/04\/wided-belhaj_avatar-96x96.jpg","caption":"Wided Belhaj"},"description":"Wided Belhaj est le pseudonyme \u00e9ditorial utilis\u00e9 par Khalil Jelassi, journaliste, ma\u00eetre-assistant \u00e0 l\u2019Institut de presse et des sciences de l\u2019information (IPSI) et chercheur en sciences de l\u2019information et de la communication. Cette signature est d\u00e9di\u00e9e \u00e0 l\u2019analyse des m\u00e9dias, des pratiques journalistiques et des mutations de l\u2019information \u00e0 l\u2019\u00e8re digitale. \u00c0 travers ses contributions, Wided Belhaj propose une lecture analytique de l\u2019actualit\u00e9, en croisant regard critique et expertise acad\u00e9mique.","knowsAbout":["m\u00e9dias","journalisme","communication","information","transformation num\u00e9rique","analyse des m\u00e9dias"],"knowsLanguage":["Fran\u00e7ais","Arabe"],"jobTitle":"Webdo.tn","worksFor":"Journaliste \u2013 Analyse des m\u00e9dias","url":"https:\/\/www.webdo.tn\/fr\/actualite\/author\/wided-belhaj\/"}]}},"_links":{"self":[{"href":"https:\/\/www.webdo.tn\/fr\/wp-json\/wp\/v2\/posts\/394458","targetHints":{"allow":["GET"]}}],"collection":[{"href":"https:\/\/www.webdo.tn\/fr\/wp-json\/wp\/v2\/posts"}],"about":[{"href":"https:\/\/www.webdo.tn\/fr\/wp-json\/wp\/v2\/types\/post"}],"author":[{"embeddable":true,"href":"https:\/\/www.webdo.tn\/fr\/wp-json\/wp\/v2\/users\/3184"}],"replies":[{"embeddable":true,"href":"https:\/\/www.webdo.tn\/fr\/wp-json\/wp\/v2\/comments?post=394458"}],"version-history":[{"count":0,"href":"https:\/\/www.webdo.tn\/fr\/wp-json\/wp\/v2\/posts\/394458\/revisions"}],"wp:featuredmedia":[{"embeddable":true,"href":"https:\/\/www.webdo.tn\/fr\/wp-json\/wp\/v2\/media\/394217"}],"wp:attachment":[{"href":"https:\/\/www.webdo.tn\/fr\/wp-json\/wp\/v2\/media?parent=394458"}],"wp:term":[{"taxonomy":"category","embeddable":true,"href":"https:\/\/www.webdo.tn\/fr\/wp-json\/wp\/v2\/categories?post=394458"},{"taxonomy":"post_tag","embeddable":true,"href":"https:\/\/www.webdo.tn\/fr\/wp-json\/wp\/v2\/tags?post=394458"}],"curies":[{"name":"wp","href":"https:\/\/api.w.org\/{rel}","templated":true}]}}