{"id":394453,"date":"2026-03-11T20:18:34","date_gmt":"2026-03-11T19:18:34","guid":{"rendered":"https:\/\/www.webdo.tn\/fr\/?p=394453"},"modified":"2026-03-11T20:18:37","modified_gmt":"2026-03-11T19:18:37","slug":"bizerte-un-incendie-criminel-cible-ladministration-dun-lycee","status":"publish","type":"post","link":"https:\/\/www.webdo.tn\/fr\/actualite\/regions\/bizerte-un-incendie-criminel-cible-ladministration-dun-lycee\/394453\/","title":{"rendered":"Bizerte : Un incendie criminel cible l\u2019administration d\u2019un lyc\u00e9e"},"content":{"rendered":"\n<p><\/p>\n\n\n\n<p><strong>Un incendie s\u2019est d\u00e9clar\u00e9 \u00e0 l\u2019aube de ce mercredi dans l\u2019enceinte de l\u2019Institut de Menzel Jemil, apr\u00e8s que des inconnus ont pris pour cible le bureau du directeur ainsi que celui du surveillant g\u00e9n\u00e9ral.<\/strong><\/p>\n\n\n\n<p>Selon les premiers \u00e9l\u00e9ments disponibles, les faits se sont produits vers quatre heures du matin lorsque des individus non identifi\u00e9s ont vers\u00e9 de l\u2019essence \u00e0 travers l\u2019une des fen\u00eatres des bureaux administratifs avant d\u2019y mettre le feu.<\/p>\n\n\n\n<h2 class=\"wp-block-heading\" id=\"h-l-incendie-maitrise-en-peu-de-temps\">L\u2019incendie maitris\u00e9  en peu de temps<\/h2>\n\n\n\n<p>Alert\u00e9s rapidement, les agents de la protection civile et les unit\u00e9s de s\u00e9curit\u00e9 se sont rendus sur les lieux et ont r\u00e9ussi \u00e0 ma\u00eetriser l\u2019incendie en peu de temps, emp\u00eachant ainsi la propagation des flammes vers d\u2019autres bureaux ou salles de l\u2019\u00e9tablissement.<\/p>\n\n\n\n<p>Les d\u00e9g\u00e2ts mat\u00e9riels restent limit\u00e9s et concernent principalement une partie du bureau de l\u2019administration ainsi que certains \u00e9quipements. Aucun bless\u00e9 n\u2019a \u00e9t\u00e9 signal\u00e9.<\/p>\n\n\n\n<h2 class=\"wp-block-heading\" id=\"h-une-enquete-a-ete-ouverte\">Une enqu\u00eate a \u00e9t\u00e9 ouverte <\/h2>\n\n\n\n<p>Une enqu\u00eate a \u00e9t\u00e9 ouverte par les unit\u00e9s s\u00e9curitaires afin d\u2019identifier les auteurs de cet acte et d\u2019en d\u00e9terminer les circonstances exactes. L\u2019incident a suscit\u00e9 la stupeur et l\u2019indignation parmi le personnel \u00e9ducatif et les parents d\u2019\u00e9l\u00e8ves de la r\u00e9gion.<\/p>\n\n\n\n<p><\/p>\n\n\n\n<p class=\"has-medium-font-size\"><strong>Lire aussi\u00a0<\/strong>:\u00a0<a href=\"https:\/\/www.webdo.tn\/fr\/actualite\/divers\/tunisie-en-deux-semaines-deux-enseignants-poignardes\/217398\/\">Tunisie : En deux semaines, deux enseignants poignard\u00e9s<\/a><\/p>\n\n\n\n<p><\/p>\n","protected":false},"excerpt":{"rendered":"<p>Un incendie s\u2019est d\u00e9clar\u00e9 \u00e0 l\u2019aube de ce mercredi dans l\u2019enceinte de l\u2019Institut de Menzel Jemil, apr\u00e8s que des inconnus ont pris pour cible le bureau du directeur ainsi que celui du surveillant g\u00e9n\u00e9ral. Selon les premiers \u00e9l\u00e9ments disponibles, les faits se sont produits vers quatre heures du matin lorsque des individus non identifi\u00e9s ont [&hellip;]<\/p>\n","protected":false},"author":3184,"featured_media":394454,"comment_status":"closed","ping_status":"closed","sticky":false,"template":"","format":"standard","meta":{"footnotes":""},"categories":[2595],"tags":[2707,3089,2870],"class_list":["post-394453","post","type-post","status-publish","format-standard","has-post-thumbnail","hentry","category-regions","tag-bizerte","tag-incendie","tag-lycee"],"yoast_head":"<!-- This site is optimized with the Yoast SEO Premium plugin v27.5 (Yoast SEO v27.5) - https:\/\/yoast.com\/product\/yoast-seo-premium-wordpress\/ -->\n<title>Bizerte : Un incendie criminel cible l\u2019administration d\u2019un lyc\u00e9e - webdo<\/title>\n<meta name=\"description\" content=\"Un incendie a eu lieu au lyc\u00e9e de Menzel Jemil, ciblant les bureaux de la direction et du surveillant.\" \/>\n<link rel=\"canonical\" href=\"https:\/\/www.webdo.tn\/fr\/actualite\/regions\/bizerte-un-incendie-criminel-cible-ladministration-dun-lycee\/394453\/\" \/>\n<meta property=\"og:locale\" content=\"fr_FR\" \/>\n<meta property=\"og:type\" content=\"article\" \/>\n<meta property=\"og:title\" content=\"Bizerte : Un incendie criminel cible l\u2019administration d\u2019un lyc\u00e9e\" \/>\n<meta property=\"og:description\" content=\"Un incendie a eu lieu au lyc\u00e9e de Menzel Jemil, ciblant les bureaux de la direction et du surveillant.\" \/>\n<meta property=\"og:url\" content=\"https:\/\/www.webdo.tn\/fr\/actualite\/regions\/bizerte-un-incendie-criminel-cible-ladministration-dun-lycee\/394453\/\" \/>\n<meta property=\"og:site_name\" content=\"webdo\" \/>\n<meta property=\"article:publisher\" content=\"https:\/\/www.facebook.com\/webdotn\" \/>\n<meta property=\"article:published_time\" content=\"2026-03-11T19:18:34+00:00\" \/>\n<meta property=\"article:modified_time\" content=\"2026-03-11T19:18:37+00:00\" \/>\n<meta property=\"og:image\" content=\"https:\/\/www.webdo.tn\/fr\/wp-content\/uploads\/2026\/03\/incendie.jpg\" \/>\n\t<meta property=\"og:image:width\" content=\"1200\" \/>\n\t<meta property=\"og:image:height\" content=\"548\" \/>\n\t<meta property=\"og:image:type\" content=\"image\/jpeg\" \/>\n<meta name=\"author\" content=\"Wided Belhaj\" \/>\n<meta name=\"twitter:card\" content=\"summary_large_image\" \/>\n<meta name=\"twitter:creator\" content=\"@webdo_tn\" \/>\n<meta name=\"twitter:site\" content=\"@webdo_tn\" \/>\n<meta name=\"twitter:label1\" content=\"\u00c9crit par\" \/>\n\t<meta name=\"twitter:data1\" content=\"Wided Belhaj\" \/>\n\t<meta name=\"twitter:label2\" content=\"Dur\u00e9e de lecture estim\u00e9e\" \/>\n\t<meta name=\"twitter:data2\" content=\"2 minutes\" \/>\n<script type=\"application\/ld+json\" class=\"yoast-schema-graph\">{\"@context\":\"https:\\\/\\\/schema.org\",\"@graph\":[{\"@type\":\"NewsArticle\",\"@id\":\"https:\\\/\\\/www.webdo.tn\\\/fr\\\/actualite\\\/regions\\\/bizerte-un-incendie-criminel-cible-ladministration-dun-lycee\\\/394453\\\/#article\",\"isPartOf\":{\"@id\":\"https:\\\/\\\/www.webdo.tn\\\/fr\\\/actualite\\\/regions\\\/bizerte-un-incendie-criminel-cible-ladministration-dun-lycee\\\/394453\\\/\"},\"author\":{\"name\":\"Wided Belhaj\",\"@id\":\"https:\\\/\\\/www.webdo.tn\\\/fr\\\/#\\\/schema\\\/person\\\/b9ecde7a5574cb4fcf4b496ea5fadb15\"},\"headline\":\"Bizerte : Un incendie criminel cible l\u2019administration d\u2019un lyc\u00e9e\",\"datePublished\":\"2026-03-11T19:18:34+00:00\",\"dateModified\":\"2026-03-11T19:18:37+00:00\",\"mainEntityOfPage\":{\"@id\":\"https:\\\/\\\/www.webdo.tn\\\/fr\\\/actualite\\\/regions\\\/bizerte-un-incendie-criminel-cible-ladministration-dun-lycee\\\/394453\\\/\"},\"wordCount\":247,\"publisher\":{\"@id\":\"https:\\\/\\\/www.webdo.tn\\\/fr\\\/#organization\"},\"image\":{\"@id\":\"https:\\\/\\\/www.webdo.tn\\\/fr\\\/actualite\\\/regions\\\/bizerte-un-incendie-criminel-cible-ladministration-dun-lycee\\\/394453\\\/#primaryimage\"},\"thumbnailUrl\":\"https:\\\/\\\/www.webdo.tn\\\/fr\\\/wp-content\\\/uploads\\\/2026\\\/03\\\/incendie.jpg\",\"keywords\":[\"Bizerte\",\"incendie\",\"lyc\u00e9e\"],\"articleSection\":[\"regions\"],\"inLanguage\":\"fr-FR\"},{\"@type\":\"WebPage\",\"@id\":\"https:\\\/\\\/www.webdo.tn\\\/fr\\\/actualite\\\/regions\\\/bizerte-un-incendie-criminel-cible-ladministration-dun-lycee\\\/394453\\\/\",\"url\":\"https:\\\/\\\/www.webdo.tn\\\/fr\\\/actualite\\\/regions\\\/bizerte-un-incendie-criminel-cible-ladministration-dun-lycee\\\/394453\\\/\",\"name\":\"Bizerte : Un incendie criminel cible l\u2019administration d\u2019un lyc\u00e9e - webdo\",\"isPartOf\":{\"@id\":\"https:\\\/\\\/www.webdo.tn\\\/fr\\\/#website\"},\"primaryImageOfPage\":{\"@id\":\"https:\\\/\\\/www.webdo.tn\\\/fr\\\/actualite\\\/regions\\\/bizerte-un-incendie-criminel-cible-ladministration-dun-lycee\\\/394453\\\/#primaryimage\"},\"image\":{\"@id\":\"https:\\\/\\\/www.webdo.tn\\\/fr\\\/actualite\\\/regions\\\/bizerte-un-incendie-criminel-cible-ladministration-dun-lycee\\\/394453\\\/#primaryimage\"},\"thumbnailUrl\":\"https:\\\/\\\/www.webdo.tn\\\/fr\\\/wp-content\\\/uploads\\\/2026\\\/03\\\/incendie.jpg\",\"datePublished\":\"2026-03-11T19:18:34+00:00\",\"dateModified\":\"2026-03-11T19:18:37+00:00\",\"description\":\"Un incendie a eu lieu au lyc\u00e9e de Menzel Jemil, ciblant les bureaux de la direction et du surveillant.\",\"breadcrumb\":{\"@id\":\"https:\\\/\\\/www.webdo.tn\\\/fr\\\/actualite\\\/regions\\\/bizerte-un-incendie-criminel-cible-ladministration-dun-lycee\\\/394453\\\/#breadcrumb\"},\"inLanguage\":\"fr-FR\",\"potentialAction\":[{\"@type\":\"ReadAction\",\"target\":[\"https:\\\/\\\/www.webdo.tn\\\/fr\\\/actualite\\\/regions\\\/bizerte-un-incendie-criminel-cible-ladministration-dun-lycee\\\/394453\\\/\"]}]},{\"@type\":\"ImageObject\",\"inLanguage\":\"fr-FR\",\"@id\":\"https:\\\/\\\/www.webdo.tn\\\/fr\\\/actualite\\\/regions\\\/bizerte-un-incendie-criminel-cible-ladministration-dun-lycee\\\/394453\\\/#primaryimage\",\"url\":\"https:\\\/\\\/www.webdo.tn\\\/fr\\\/wp-content\\\/uploads\\\/2026\\\/03\\\/incendie.jpg\",\"contentUrl\":\"https:\\\/\\\/www.webdo.tn\\\/fr\\\/wp-content\\\/uploads\\\/2026\\\/03\\\/incendie.jpg\",\"width\":1200,\"height\":548},{\"@type\":\"BreadcrumbList\",\"@id\":\"https:\\\/\\\/www.webdo.tn\\\/fr\\\/actualite\\\/regions\\\/bizerte-un-incendie-criminel-cible-ladministration-dun-lycee\\\/394453\\\/#breadcrumb\",\"itemListElement\":[{\"@type\":\"ListItem\",\"position\":1,\"name\":\"Accueil\",\"item\":\"https:\\\/\\\/www.webdo.tn\\\/fr\\\/\"},{\"@type\":\"ListItem\",\"position\":2,\"name\":\"Bizerte : Un incendie criminel cible l\u2019administration d\u2019un lyc\u00e9e\"}]},{\"@type\":\"WebSite\",\"@id\":\"https:\\\/\\\/www.webdo.tn\\\/fr\\\/#website\",\"url\":\"https:\\\/\\\/www.webdo.tn\\\/fr\\\/\",\"name\":\"webdo\",\"description\":\"Tunisie - News en Tunisie et \u00e0 l&#039;international sur Webdo.tn\",\"publisher\":{\"@id\":\"https:\\\/\\\/www.webdo.tn\\\/fr\\\/#organization\"},\"potentialAction\":[{\"@type\":\"SearchAction\",\"target\":{\"@type\":\"EntryPoint\",\"urlTemplate\":\"https:\\\/\\\/www.webdo.tn\\\/fr\\\/?s={search_term_string}\"},\"query-input\":{\"@type\":\"PropertyValueSpecification\",\"valueRequired\":true,\"valueName\":\"search_term_string\"}}],\"inLanguage\":\"fr-FR\"},{\"@type\":\"Organization\",\"@id\":\"https:\\\/\\\/www.webdo.tn\\\/fr\\\/#organization\",\"name\":\"Webdo\",\"alternateName\":\"Webdo.tn\",\"url\":\"https:\\\/\\\/www.webdo.tn\\\/fr\\\/\",\"logo\":{\"@type\":\"ImageObject\",\"inLanguage\":\"fr-FR\",\"@id\":\"https:\\\/\\\/www.webdo.tn\\\/fr\\\/#\\\/schema\\\/logo\\\/image\\\/\",\"url\":\"https:\\\/\\\/www.webdo.tn\\\/fr\\\/wp-content\\\/uploads\\\/2025\\\/06\\\/Webdo-Tunisie_168377.jpg\",\"contentUrl\":\"https:\\\/\\\/www.webdo.tn\\\/fr\\\/wp-content\\\/uploads\\\/2025\\\/06\\\/Webdo-Tunisie_168377.jpg\",\"width\":301,\"height\":301,\"caption\":\"Webdo\"},\"image\":{\"@id\":\"https:\\\/\\\/www.webdo.tn\\\/fr\\\/#\\\/schema\\\/logo\\\/image\\\/\"},\"sameAs\":[\"https:\\\/\\\/www.facebook.com\\\/webdotn\",\"https:\\\/\\\/x.com\\\/webdo_tn\"],\"description\":\"Webdo est un m\u00e9dia num\u00e9rique tunisien fond\u00e9 en 2010, sp\u00e9cialis\u00e9 dans l\u2019actualit\u00e9 nationale et internationale, l\u2019\u00e9conomie, la soci\u00e9t\u00e9 et les analyses politiques. Le site s\u2019adresse \u00e0 un large public francophone et couvre l\u2019information tunisienne en temps r\u00e9el.\",\"email\":\"redac@webdo.tn\",\"legalName\":\"YNJ SARL\",\"foundingDate\":\"2010-09-06\",\"numberOfEmployees\":{\"@type\":\"QuantitativeValue\",\"minValue\":\"11\",\"maxValue\":\"50\"}},{\"@type\":\"Person\",\"@id\":\"https:\\\/\\\/www.webdo.tn\\\/fr\\\/#\\\/schema\\\/person\\\/b9ecde7a5574cb4fcf4b496ea5fadb15\",\"name\":\"Wided Belhaj\",\"image\":{\"@type\":\"ImageObject\",\"inLanguage\":\"fr-FR\",\"@id\":\"https:\\\/\\\/www.webdo.tn\\\/fr\\\/wp-content\\\/uploads\\\/2026\\\/04\\\/wided-belhaj_avatar-96x96.jpg\",\"url\":\"https:\\\/\\\/www.webdo.tn\\\/fr\\\/wp-content\\\/uploads\\\/2026\\\/04\\\/wided-belhaj_avatar-96x96.jpg\",\"contentUrl\":\"https:\\\/\\\/www.webdo.tn\\\/fr\\\/wp-content\\\/uploads\\\/2026\\\/04\\\/wided-belhaj_avatar-96x96.jpg\",\"caption\":\"Wided Belhaj\"},\"description\":\"Wided Belhaj est le pseudonyme \u00e9ditorial utilis\u00e9 par Khalil Jelassi, journaliste, ma\u00eetre-assistant \u00e0 l\u2019Institut de presse et des sciences de l\u2019information (IPSI) et chercheur en sciences de l\u2019information et de la communication. Cette signature est d\u00e9di\u00e9e \u00e0 l\u2019analyse des m\u00e9dias, des pratiques journalistiques et des mutations de l\u2019information \u00e0 l\u2019\u00e8re digitale. \u00c0 travers ses contributions, Wided Belhaj propose une lecture analytique de l\u2019actualit\u00e9, en croisant regard critique et expertise acad\u00e9mique.\",\"knowsAbout\":[\"m\u00e9dias\",\"journalisme\",\"communication\",\"information\",\"transformation num\u00e9rique\",\"analyse des m\u00e9dias\"],\"knowsLanguage\":[\"Fran\u00e7ais\",\"Arabe\"],\"jobTitle\":\"Webdo.tn\",\"worksFor\":\"Journaliste \u2013 Analyse des m\u00e9dias\",\"url\":\"https:\\\/\\\/www.webdo.tn\\\/fr\\\/actualite\\\/author\\\/wided-belhaj\\\/\"}]}<\/script>\n<!-- \/ Yoast SEO Premium plugin. -->","yoast_head_json":{"title":"Bizerte : Un incendie criminel cible l\u2019administration d\u2019un lyc\u00e9e - webdo","description":"Un incendie a eu lieu au lyc\u00e9e de Menzel Jemil, ciblant les bureaux de la direction et du surveillant.","canonical":"https:\/\/www.webdo.tn\/fr\/actualite\/regions\/bizerte-un-incendie-criminel-cible-ladministration-dun-lycee\/394453\/","og_locale":"fr_FR","og_type":"article","og_title":"Bizerte : Un incendie criminel cible l\u2019administration d\u2019un lyc\u00e9e","og_description":"Un incendie a eu lieu au lyc\u00e9e de Menzel Jemil, ciblant les bureaux de la direction et du surveillant.","og_url":"https:\/\/www.webdo.tn\/fr\/actualite\/regions\/bizerte-un-incendie-criminel-cible-ladministration-dun-lycee\/394453\/","og_site_name":"webdo","article_publisher":"https:\/\/www.facebook.com\/webdotn","article_published_time":"2026-03-11T19:18:34+00:00","article_modified_time":"2026-03-11T19:18:37+00:00","og_image":[{"width":1200,"height":548,"url":"https:\/\/www.webdo.tn\/fr\/wp-content\/uploads\/2026\/03\/incendie.jpg","type":"image\/jpeg"}],"author":"Wided Belhaj","twitter_card":"summary_large_image","twitter_creator":"@webdo_tn","twitter_site":"@webdo_tn","twitter_misc":{"\u00c9crit par":"Wided Belhaj","Dur\u00e9e de lecture estim\u00e9e":"2 minutes"},"schema":{"@context":"https:\/\/schema.org","@graph":[{"@type":"NewsArticle","@id":"https:\/\/www.webdo.tn\/fr\/actualite\/regions\/bizerte-un-incendie-criminel-cible-ladministration-dun-lycee\/394453\/#article","isPartOf":{"@id":"https:\/\/www.webdo.tn\/fr\/actualite\/regions\/bizerte-un-incendie-criminel-cible-ladministration-dun-lycee\/394453\/"},"author":{"name":"Wided Belhaj","@id":"https:\/\/www.webdo.tn\/fr\/#\/schema\/person\/b9ecde7a5574cb4fcf4b496ea5fadb15"},"headline":"Bizerte : Un incendie criminel cible l\u2019administration d\u2019un lyc\u00e9e","datePublished":"2026-03-11T19:18:34+00:00","dateModified":"2026-03-11T19:18:37+00:00","mainEntityOfPage":{"@id":"https:\/\/www.webdo.tn\/fr\/actualite\/regions\/bizerte-un-incendie-criminel-cible-ladministration-dun-lycee\/394453\/"},"wordCount":247,"publisher":{"@id":"https:\/\/www.webdo.tn\/fr\/#organization"},"image":{"@id":"https:\/\/www.webdo.tn\/fr\/actualite\/regions\/bizerte-un-incendie-criminel-cible-ladministration-dun-lycee\/394453\/#primaryimage"},"thumbnailUrl":"https:\/\/www.webdo.tn\/fr\/wp-content\/uploads\/2026\/03\/incendie.jpg","keywords":["Bizerte","incendie","lyc\u00e9e"],"articleSection":["regions"],"inLanguage":"fr-FR"},{"@type":"WebPage","@id":"https:\/\/www.webdo.tn\/fr\/actualite\/regions\/bizerte-un-incendie-criminel-cible-ladministration-dun-lycee\/394453\/","url":"https:\/\/www.webdo.tn\/fr\/actualite\/regions\/bizerte-un-incendie-criminel-cible-ladministration-dun-lycee\/394453\/","name":"Bizerte : Un incendie criminel cible l\u2019administration d\u2019un lyc\u00e9e - webdo","isPartOf":{"@id":"https:\/\/www.webdo.tn\/fr\/#website"},"primaryImageOfPage":{"@id":"https:\/\/www.webdo.tn\/fr\/actualite\/regions\/bizerte-un-incendie-criminel-cible-ladministration-dun-lycee\/394453\/#primaryimage"},"image":{"@id":"https:\/\/www.webdo.tn\/fr\/actualite\/regions\/bizerte-un-incendie-criminel-cible-ladministration-dun-lycee\/394453\/#primaryimage"},"thumbnailUrl":"https:\/\/www.webdo.tn\/fr\/wp-content\/uploads\/2026\/03\/incendie.jpg","datePublished":"2026-03-11T19:18:34+00:00","dateModified":"2026-03-11T19:18:37+00:00","description":"Un incendie a eu lieu au lyc\u00e9e de Menzel Jemil, ciblant les bureaux de la direction et du surveillant.","breadcrumb":{"@id":"https:\/\/www.webdo.tn\/fr\/actualite\/regions\/bizerte-un-incendie-criminel-cible-ladministration-dun-lycee\/394453\/#breadcrumb"},"inLanguage":"fr-FR","potentialAction":[{"@type":"ReadAction","target":["https:\/\/www.webdo.tn\/fr\/actualite\/regions\/bizerte-un-incendie-criminel-cible-ladministration-dun-lycee\/394453\/"]}]},{"@type":"ImageObject","inLanguage":"fr-FR","@id":"https:\/\/www.webdo.tn\/fr\/actualite\/regions\/bizerte-un-incendie-criminel-cible-ladministration-dun-lycee\/394453\/#primaryimage","url":"https:\/\/www.webdo.tn\/fr\/wp-content\/uploads\/2026\/03\/incendie.jpg","contentUrl":"https:\/\/www.webdo.tn\/fr\/wp-content\/uploads\/2026\/03\/incendie.jpg","width":1200,"height":548},{"@type":"BreadcrumbList","@id":"https:\/\/www.webdo.tn\/fr\/actualite\/regions\/bizerte-un-incendie-criminel-cible-ladministration-dun-lycee\/394453\/#breadcrumb","itemListElement":[{"@type":"ListItem","position":1,"name":"Accueil","item":"https:\/\/www.webdo.tn\/fr\/"},{"@type":"ListItem","position":2,"name":"Bizerte : Un incendie criminel cible l\u2019administration d\u2019un lyc\u00e9e"}]},{"@type":"WebSite","@id":"https:\/\/www.webdo.tn\/fr\/#website","url":"https:\/\/www.webdo.tn\/fr\/","name":"webdo","description":"Tunisie - News en Tunisie et \u00e0 l&#039;international sur Webdo.tn","publisher":{"@id":"https:\/\/www.webdo.tn\/fr\/#organization"},"potentialAction":[{"@type":"SearchAction","target":{"@type":"EntryPoint","urlTemplate":"https:\/\/www.webdo.tn\/fr\/?s={search_term_string}"},"query-input":{"@type":"PropertyValueSpecification","valueRequired":true,"valueName":"search_term_string"}}],"inLanguage":"fr-FR"},{"@type":"Organization","@id":"https:\/\/www.webdo.tn\/fr\/#organization","name":"Webdo","alternateName":"Webdo.tn","url":"https:\/\/www.webdo.tn\/fr\/","logo":{"@type":"ImageObject","inLanguage":"fr-FR","@id":"https:\/\/www.webdo.tn\/fr\/#\/schema\/logo\/image\/","url":"https:\/\/www.webdo.tn\/fr\/wp-content\/uploads\/2025\/06\/Webdo-Tunisie_168377.jpg","contentUrl":"https:\/\/www.webdo.tn\/fr\/wp-content\/uploads\/2025\/06\/Webdo-Tunisie_168377.jpg","width":301,"height":301,"caption":"Webdo"},"image":{"@id":"https:\/\/www.webdo.tn\/fr\/#\/schema\/logo\/image\/"},"sameAs":["https:\/\/www.facebook.com\/webdotn","https:\/\/x.com\/webdo_tn"],"description":"Webdo est un m\u00e9dia num\u00e9rique tunisien fond\u00e9 en 2010, sp\u00e9cialis\u00e9 dans l\u2019actualit\u00e9 nationale et internationale, l\u2019\u00e9conomie, la soci\u00e9t\u00e9 et les analyses politiques. Le site s\u2019adresse \u00e0 un large public francophone et couvre l\u2019information tunisienne en temps r\u00e9el.","email":"redac@webdo.tn","legalName":"YNJ SARL","foundingDate":"2010-09-06","numberOfEmployees":{"@type":"QuantitativeValue","minValue":"11","maxValue":"50"}},{"@type":"Person","@id":"https:\/\/www.webdo.tn\/fr\/#\/schema\/person\/b9ecde7a5574cb4fcf4b496ea5fadb15","name":"Wided Belhaj","image":{"@type":"ImageObject","inLanguage":"fr-FR","@id":"https:\/\/www.webdo.tn\/fr\/wp-content\/uploads\/2026\/04\/wided-belhaj_avatar-96x96.jpg","url":"https:\/\/www.webdo.tn\/fr\/wp-content\/uploads\/2026\/04\/wided-belhaj_avatar-96x96.jpg","contentUrl":"https:\/\/www.webdo.tn\/fr\/wp-content\/uploads\/2026\/04\/wided-belhaj_avatar-96x96.jpg","caption":"Wided Belhaj"},"description":"Wided Belhaj est le pseudonyme \u00e9ditorial utilis\u00e9 par Khalil Jelassi, journaliste, ma\u00eetre-assistant \u00e0 l\u2019Institut de presse et des sciences de l\u2019information (IPSI) et chercheur en sciences de l\u2019information et de la communication. Cette signature est d\u00e9di\u00e9e \u00e0 l\u2019analyse des m\u00e9dias, des pratiques journalistiques et des mutations de l\u2019information \u00e0 l\u2019\u00e8re digitale. \u00c0 travers ses contributions, Wided Belhaj propose une lecture analytique de l\u2019actualit\u00e9, en croisant regard critique et expertise acad\u00e9mique.","knowsAbout":["m\u00e9dias","journalisme","communication","information","transformation num\u00e9rique","analyse des m\u00e9dias"],"knowsLanguage":["Fran\u00e7ais","Arabe"],"jobTitle":"Webdo.tn","worksFor":"Journaliste \u2013 Analyse des m\u00e9dias","url":"https:\/\/www.webdo.tn\/fr\/actualite\/author\/wided-belhaj\/"}]}},"_links":{"self":[{"href":"https:\/\/www.webdo.tn\/fr\/wp-json\/wp\/v2\/posts\/394453","targetHints":{"allow":["GET"]}}],"collection":[{"href":"https:\/\/www.webdo.tn\/fr\/wp-json\/wp\/v2\/posts"}],"about":[{"href":"https:\/\/www.webdo.tn\/fr\/wp-json\/wp\/v2\/types\/post"}],"author":[{"embeddable":true,"href":"https:\/\/www.webdo.tn\/fr\/wp-json\/wp\/v2\/users\/3184"}],"replies":[{"embeddable":true,"href":"https:\/\/www.webdo.tn\/fr\/wp-json\/wp\/v2\/comments?post=394453"}],"version-history":[{"count":0,"href":"https:\/\/www.webdo.tn\/fr\/wp-json\/wp\/v2\/posts\/394453\/revisions"}],"wp:featuredmedia":[{"embeddable":true,"href":"https:\/\/www.webdo.tn\/fr\/wp-json\/wp\/v2\/media\/394454"}],"wp:attachment":[{"href":"https:\/\/www.webdo.tn\/fr\/wp-json\/wp\/v2\/media?parent=394453"}],"wp:term":[{"taxonomy":"category","embeddable":true,"href":"https:\/\/www.webdo.tn\/fr\/wp-json\/wp\/v2\/categories?post=394453"},{"taxonomy":"post_tag","embeddable":true,"href":"https:\/\/www.webdo.tn\/fr\/wp-json\/wp\/v2\/tags?post=394453"}],"curies":[{"name":"wp","href":"https:\/\/api.w.org\/{rel}","templated":true}]}}