{"id":394450,"date":"2026-03-11T18:25:56","date_gmt":"2026-03-11T17:25:56","guid":{"rendered":"https:\/\/www.webdo.tn\/fr\/?p=394450"},"modified":"2026-03-11T18:25:58","modified_gmt":"2026-03-11T17:25:58","slug":"golden-globes-2027-nikki-glaser-presentera-la-84%e1%b5%89-ceremonie","status":"publish","type":"post","link":"https:\/\/www.webdo.tn\/fr\/actualite\/culture\/golden-globes-2027-nikki-glaser-presentera-la-84%e1%b5%89-ceremonie\/394450\/","title":{"rendered":"Golden Globes 2027 : Nikki Glaser pr\u00e9sentera la 84\u1d49 c\u00e9r\u00e9monie"},"content":{"rendered":"\n<p><\/p>\n\n\n\n<p>Les Golden Globes ont annonc\u00e9, mercredi 11 mars 2026, que la com\u00e9dienne, autrice et actrice am\u00e9ricaine Nikki Glaser pr\u00e9sentera \u00e0 nouveau la c\u00e9r\u00e9monie des Golden Globes. Elle animera ainsi la 84\u1d49 \u00e9dition de la remise de prix, pr\u00e9vue le dimanche 10 janvier 2027. Diffus\u00e9e en direct sur la cha\u00eene am\u00e9ricaine CBS, la c\u00e9r\u00e9monie sera \u00e9galement accessible en streaming aux \u00c9tats-Unis sur la plateforme Paramount+.<\/p>\n\n\n\n<p>Il s\u2019agira de la troisi\u00e8me ann\u00e9e cons\u00e9cutive pour Nikki Glaser \u00e0 la t\u00eate de cette c\u00e9r\u00e9monie, qui ouvre traditionnellement la saison des r\u00e9compenses hollywoodiennes. La com\u00e9dienne avait d\u00e9j\u00e0 pr\u00e9sent\u00e9 les Golden Globes en 2025 et en 2026. En janvier 2025, elle \u00e9tait entr\u00e9e dans l\u2019histoire de l\u2019\u00e9v\u00e9nement en devenant la premi\u00e8re femme \u00e0 animer seule la c\u00e9r\u00e9monie.<\/p>\n\n\n\n<p>Connue pour son humour incisif, son style direct et ses monologues d\u2019ouverture souvent tr\u00e8s comment\u00e9s, <a href=\"https:\/\/www.webdo.tn\/fr\/actualite\/culture\/golden-globes-2026-le-palmares-complet-de-la-soiree\/391177\/\">Nikki Glaser s\u2019est impos\u00e9e comme l\u2019une des figures marquantes de ces derni\u00e8res \u00e9ditions. Son monologue lors de la derni\u00e8re c\u00e9r\u00e9monie a \u00e9t\u00e9 particuli\u00e8rement remarqu\u00e9<\/a> : selon les Golden Globes, il a cumul\u00e9 pr\u00e8s de 14 millions de vues sur les plateformes sociales de l\u2019organisation dans les trente-six heures suivant sa diffusion.<\/p>\n\n\n\n<p>La pr\u00e9sidente des Golden Globes, Helen Hoehne, a salu\u00e9 ce retour dans un communiqu\u00e9. \u00ab Nous sommes ravis d\u2019accueillir \u00e0 nouveau Nikki sur la sc\u00e8ne des Golden Globes en 2027. Sa pr\u00e9cision comique, son authenticit\u00e9 et sa capacit\u00e9 \u00e0 captiver la salle sont incomparables, et nous avons h\u00e2te de d\u00e9couvrir ce qu\u2019elle pr\u00e9pare pour la prochaine c\u00e9r\u00e9monie. \u00bb<\/p>\n\n\n\n<p>Nikki Glaser a, de son c\u00f4t\u00e9, r\u00e9agi avec l\u2019humour qui caract\u00e9rise son style. \u00ab Je suis ravie de pr\u00e9senter les Golden Globes pour la troisi\u00e8me fois, non seulement parce que c\u2019est le meilleur travail que j\u2019aie jamais eu, mais aussi parce que ma s\u0153ur a trois enfants et que d\u00e9sormais nous serons \u00e0 \u00e9galit\u00e9 aux yeux de nos parents et du Seigneur. \u00bb<\/p>\n\n\n\n<p>Figure importante de la sc\u00e8ne comique am\u00e9ricaine, Nikki Glaser a connu ces derni\u00e8res ann\u00e9es une progression marqu\u00e9e dans sa carri\u00e8re. En 2024, elle a \u00e9t\u00e9 d\u00e9sign\u00e9e \u00ab Com\u00e9dienne de l\u2019ann\u00e9e \u00bb par <em>The New York Times<\/em>, avant d\u2019\u00eatre inscrite en 2025 sur la liste TIME100 des personnalit\u00e9s les plus influentes au monde.<\/p>\n\n\n\n<p>Son spectacle sp\u00e9cial pour HBO <em>Someday You\u2019ll Die<\/em> a \u00e9galement rencontr\u00e9 un large \u00e9cho. Diffus\u00e9 en mai 2024, il a \u00e9tabli un record d\u2019audience pour une soir\u00e9e de premi\u00e8re d\u2019un spectacle d\u2019humour sur HBO depuis plus de deux ans et est devenu le programme de stand-up ayant r\u00e9alis\u00e9 la plus grande audience en streaming dans l\u2019histoire de HBO Max\/Max. Le spectacle a valu \u00e0 Nikki Glaser des nominations aux Emmy Awards, aux Grammy Awards, aux Golden Globes et aux Critics Choice Awards. Elle a remport\u00e9 le WGA Award dans la cat\u00e9gorie \u00ab Comedy\/Variety Special \u00bb.<\/p>\n\n\n\n<p>Parall\u00e8lement \u00e0 sa carri\u00e8re de stand-up, Nikki Glaser multiplie les projets dans le cin\u00e9ma et la t\u00e9l\u00e9vision. Elle appara\u00eetra prochainement aux c\u00f4t\u00e9s de Kim Kardashian dans la com\u00e9die <em>The Fifth Wheel<\/em>, r\u00e9alis\u00e9e par Eva Longoria pour Netflix. Elle co\u00e9crira, produira et interpr\u00e9tera \u00e9galement une com\u00e9die inspir\u00e9e du jeu classique MASH pour Paramount Pictures. Un autre projet de com\u00e9die romantique est en pr\u00e9paration pour Universal Pictures, avec Judd Apatow \u00e0 la production.<\/p>\n\n\n\n<p>Un nouveau spectacle de stand-up, <em>Good Girl<\/em>, doit par ailleurs \u00eatre diffus\u00e9 le 24 avril 2026 sur la plateforme Hulu. La com\u00e9dienne poursuit \u00e9galement ses tourn\u00e9es internationales et pr\u00e9pare une nouvelle s\u00e9rie de spectacles intitul\u00e9e <em>The Stunning Tour<\/em>, pr\u00e9vue en Europe et en Am\u00e9rique du Nord en 2026.<\/p>\n\n\n\n<p>Cr\u00e9\u00e9e en 1944, la c\u00e9r\u00e9monie des Golden Globes r\u00e9compense chaque ann\u00e9e les productions de cin\u00e9ma et de t\u00e9l\u00e9vision, et plus r\u00e9cemment de podcasts. L\u2019\u00e9v\u00e9nement est produit par Dick Clark Productions et est diffus\u00e9 dans plus de 185 pays et territoires \u00e0 travers le monde.<\/p>\n\n\n\n<p>La derni\u00e8re \u00e9dition a enregistr\u00e9 une audience importante. Selon les donn\u00e9es Nielsen, la c\u00e9r\u00e9monie des 83\u1d49 Golden Globes, ainsi que les programmes sp\u00e9ciaux qui l\u2019entouraient, ont totalis\u00e9 21,77 millions de t\u00e9l\u00e9spectateurs aux \u00c9tats-Unis sur CBS et Paramount+, auxquels s\u2019ajoutent 27,07 millions de t\u00e9l\u00e9spectateurs internationaux r\u00e9partis dans 169 territoires (<a href=\"https:\/\/www.webdo.tn\/fr\/actualite\/culture\/golden-globes-2026-la-83e-ceremonie-rassemble-18-millions-de-telespectateurs-dans-le-monde\/391380\/\">d\u00e9tails ici<\/a>).<\/p>\n\n\n\n<p>Depuis trois d\u00e9cennies, les Golden Globes ont \u00e9galement contribu\u00e9 \u00e0 financer de nombreuses initiatives dans l\u2019industrie du divertissement. L\u2019organisation indique avoir permis le versement de plus de 55 millions de dollars \u00e0 des \u0153uvres caritatives li\u00e9es au cin\u00e9ma et \u00e0 la t\u00e9l\u00e9vision, notamment des programmes de bourses, des projets de restauration de films et diverses actions humanitaires. Ces financements soutiennent \u00e9galement des programmes destin\u00e9s \u00e0 favoriser un meilleur acc\u00e8s \u00e0 l\u2019industrie hollywoodienne pour des communaut\u00e9s sous-repr\u00e9sent\u00e9es.<\/p>\n\n\n\n<p>La 84\u1d49 \u00e9dition des Golden Globes se tiendra donc le 10 janvier 2027, marquant une nouvelle ouverture de la saison des prix \u00e0 Hollywood, avec Nikki Glaser de retour sur sc\u00e8ne pour la troisi\u00e8me ann\u00e9e cons\u00e9cutive.<\/p>\n","protected":false},"excerpt":{"rendered":"<p>Les Golden Globes ont annonc\u00e9, mercredi 11 mars 2026, que la com\u00e9dienne, autrice et actrice am\u00e9ricaine Nikki Glaser pr\u00e9sentera \u00e0 nouveau la c\u00e9r\u00e9monie des Golden Globes. Elle animera ainsi la 84\u1d49 \u00e9dition de la remise de prix, pr\u00e9vue le dimanche 10 janvier 2027. Diffus\u00e9e en direct sur la cha\u00eene am\u00e9ricaine CBS, la c\u00e9r\u00e9monie sera \u00e9galement [&hellip;]<\/p>\n","protected":false},"author":3164,"featured_media":394451,"comment_status":"closed","ping_status":"closed","sticky":false,"template":"","format":"standard","meta":{"footnotes":""},"categories":[2594],"tags":[2626,4494,13828,13829],"class_list":["post-394450","post","type-post","status-publish","format-standard","has-post-thumbnail","hentry","category-culture","tag-cinema","tag-golden-globes","tag-golden-globes-2027","tag-golden-globes-84th"],"yoast_head":"<!-- This site is optimized with the Yoast SEO Premium plugin v27.5 (Yoast SEO v27.5) - https:\/\/yoast.com\/product\/yoast-seo-premium-wordpress\/ -->\n<title>Golden Globes 2027 : Nikki Glaser pr\u00e9sentera la 84\u1d49 c\u00e9r\u00e9monie - webdo<\/title>\n<meta name=\"description\" content=\"Golden Globes 2027 : Nikki Glaser pr\u00e9sentera la 84\u1d49 c\u00e9r\u00e9monie, diffus\u00e9e le 10 janvier sur CBS et Paramount+, pour la troisi\u00e8me ann\u00e9e cons\u00e9cutive\" \/>\n<link rel=\"canonical\" href=\"https:\/\/www.webdo.tn\/fr\/actualite\/culture\/golden-globes-2027-nikki-glaser-presentera-la-84\u1d49-ceremonie\/394450\/\" \/>\n<meta property=\"og:locale\" content=\"fr_FR\" \/>\n<meta property=\"og:type\" content=\"article\" \/>\n<meta property=\"og:title\" content=\"Golden Globes 2027 : Nikki Glaser pr\u00e9sentera la 84\u1d49 c\u00e9r\u00e9monie\" \/>\n<meta property=\"og:description\" content=\"Golden Globes 2027 : Nikki Glaser pr\u00e9sentera la 84\u1d49 c\u00e9r\u00e9monie, diffus\u00e9e le 10 janvier sur CBS et Paramount+, pour la troisi\u00e8me ann\u00e9e cons\u00e9cutive\" \/>\n<meta property=\"og:url\" content=\"https:\/\/www.webdo.tn\/fr\/actualite\/culture\/golden-globes-2027-nikki-glaser-presentera-la-84\u1d49-ceremonie\/394450\/\" \/>\n<meta property=\"og:site_name\" content=\"webdo\" \/>\n<meta property=\"article:publisher\" content=\"https:\/\/www.facebook.com\/webdotn\" \/>\n<meta property=\"article:author\" content=\"https:\/\/www.facebook.com\/massir.destiniii\/\" \/>\n<meta property=\"article:published_time\" content=\"2026-03-11T17:25:56+00:00\" \/>\n<meta property=\"article:modified_time\" content=\"2026-03-11T17:25:58+00:00\" \/>\n<meta property=\"og:image\" content=\"https:\/\/www.webdo.tn\/fr\/wp-content\/uploads\/2026\/03\/Golden-Globes-2027-Nikki-presente-ceremonie.jpg\" \/>\n\t<meta property=\"og:image:width\" content=\"1080\" \/>\n\t<meta property=\"og:image:height\" content=\"608\" \/>\n\t<meta property=\"og:image:type\" content=\"image\/jpeg\" \/>\n<meta name=\"author\" content=\"Ne\u00efla DRISS\" \/>\n<meta name=\"twitter:card\" content=\"summary_large_image\" \/>\n<meta name=\"twitter:creator\" content=\"@https:\/\/x.com\/MassirDestin\" \/>\n<meta name=\"twitter:site\" content=\"@webdo_tn\" \/>\n<meta name=\"twitter:label1\" content=\"\u00c9crit par\" \/>\n\t<meta name=\"twitter:data1\" content=\"Ne\u00efla DRISS\" \/>\n\t<meta name=\"twitter:label2\" content=\"Dur\u00e9e de lecture estim\u00e9e\" \/>\n\t<meta name=\"twitter:data2\" content=\"5 minutes\" \/>\n<script type=\"application\/ld+json\" class=\"yoast-schema-graph\">{\"@context\":\"https:\\\/\\\/schema.org\",\"@graph\":[{\"@type\":\"NewsArticle\",\"@id\":\"https:\\\/\\\/www.webdo.tn\\\/fr\\\/actualite\\\/culture\\\/golden-globes-2027-nikki-glaser-presentera-la-84%e1%b5%89-ceremonie\\\/394450\\\/#article\",\"isPartOf\":{\"@id\":\"https:\\\/\\\/www.webdo.tn\\\/fr\\\/actualite\\\/culture\\\/golden-globes-2027-nikki-glaser-presentera-la-84%e1%b5%89-ceremonie\\\/394450\\\/\"},\"author\":{\"name\":\"Ne\u00efla DRISS\",\"@id\":\"https:\\\/\\\/www.webdo.tn\\\/fr\\\/#\\\/schema\\\/person\\\/60d5ba619ed3f58783b0dc82b7dada80\"},\"headline\":\"Golden Globes 2027 : Nikki Glaser pr\u00e9sentera la 84\u1d49 c\u00e9r\u00e9monie\",\"datePublished\":\"2026-03-11T17:25:56+00:00\",\"dateModified\":\"2026-03-11T17:25:58+00:00\",\"mainEntityOfPage\":{\"@id\":\"https:\\\/\\\/www.webdo.tn\\\/fr\\\/actualite\\\/culture\\\/golden-globes-2027-nikki-glaser-presentera-la-84%e1%b5%89-ceremonie\\\/394450\\\/\"},\"wordCount\":891,\"publisher\":{\"@id\":\"https:\\\/\\\/www.webdo.tn\\\/fr\\\/#organization\"},\"image\":{\"@id\":\"https:\\\/\\\/www.webdo.tn\\\/fr\\\/actualite\\\/culture\\\/golden-globes-2027-nikki-glaser-presentera-la-84%e1%b5%89-ceremonie\\\/394450\\\/#primaryimage\"},\"thumbnailUrl\":\"https:\\\/\\\/www.webdo.tn\\\/fr\\\/wp-content\\\/uploads\\\/2026\\\/03\\\/Golden-Globes-2027-Nikki-presente-ceremonie.jpg\",\"keywords\":[\"Cin\u00e9ma\",\"Golden Globes\",\"Golden Globes 2027\",\"Golden Globes 84th\"],\"articleSection\":[\"Culture\"],\"inLanguage\":\"fr-FR\"},{\"@type\":\"WebPage\",\"@id\":\"https:\\\/\\\/www.webdo.tn\\\/fr\\\/actualite\\\/culture\\\/golden-globes-2027-nikki-glaser-presentera-la-84%e1%b5%89-ceremonie\\\/394450\\\/\",\"url\":\"https:\\\/\\\/www.webdo.tn\\\/fr\\\/actualite\\\/culture\\\/golden-globes-2027-nikki-glaser-presentera-la-84%e1%b5%89-ceremonie\\\/394450\\\/\",\"name\":\"Golden Globes 2027 : Nikki Glaser pr\u00e9sentera la 84\u1d49 c\u00e9r\u00e9monie - webdo\",\"isPartOf\":{\"@id\":\"https:\\\/\\\/www.webdo.tn\\\/fr\\\/#website\"},\"primaryImageOfPage\":{\"@id\":\"https:\\\/\\\/www.webdo.tn\\\/fr\\\/actualite\\\/culture\\\/golden-globes-2027-nikki-glaser-presentera-la-84%e1%b5%89-ceremonie\\\/394450\\\/#primaryimage\"},\"image\":{\"@id\":\"https:\\\/\\\/www.webdo.tn\\\/fr\\\/actualite\\\/culture\\\/golden-globes-2027-nikki-glaser-presentera-la-84%e1%b5%89-ceremonie\\\/394450\\\/#primaryimage\"},\"thumbnailUrl\":\"https:\\\/\\\/www.webdo.tn\\\/fr\\\/wp-content\\\/uploads\\\/2026\\\/03\\\/Golden-Globes-2027-Nikki-presente-ceremonie.jpg\",\"datePublished\":\"2026-03-11T17:25:56+00:00\",\"dateModified\":\"2026-03-11T17:25:58+00:00\",\"description\":\"Golden Globes 2027 : Nikki Glaser pr\u00e9sentera la 84\u1d49 c\u00e9r\u00e9monie, diffus\u00e9e le 10 janvier sur CBS et Paramount+, pour la troisi\u00e8me ann\u00e9e cons\u00e9cutive\",\"breadcrumb\":{\"@id\":\"https:\\\/\\\/www.webdo.tn\\\/fr\\\/actualite\\\/culture\\\/golden-globes-2027-nikki-glaser-presentera-la-84%e1%b5%89-ceremonie\\\/394450\\\/#breadcrumb\"},\"inLanguage\":\"fr-FR\",\"potentialAction\":[{\"@type\":\"ReadAction\",\"target\":[\"https:\\\/\\\/www.webdo.tn\\\/fr\\\/actualite\\\/culture\\\/golden-globes-2027-nikki-glaser-presentera-la-84%e1%b5%89-ceremonie\\\/394450\\\/\"]}]},{\"@type\":\"ImageObject\",\"inLanguage\":\"fr-FR\",\"@id\":\"https:\\\/\\\/www.webdo.tn\\\/fr\\\/actualite\\\/culture\\\/golden-globes-2027-nikki-glaser-presentera-la-84%e1%b5%89-ceremonie\\\/394450\\\/#primaryimage\",\"url\":\"https:\\\/\\\/www.webdo.tn\\\/fr\\\/wp-content\\\/uploads\\\/2026\\\/03\\\/Golden-Globes-2027-Nikki-presente-ceremonie.jpg\",\"contentUrl\":\"https:\\\/\\\/www.webdo.tn\\\/fr\\\/wp-content\\\/uploads\\\/2026\\\/03\\\/Golden-Globes-2027-Nikki-presente-ceremonie.jpg\",\"width\":1080,\"height\":608,\"caption\":\"Golden Globes 2027 Nikki Glaser\"},{\"@type\":\"BreadcrumbList\",\"@id\":\"https:\\\/\\\/www.webdo.tn\\\/fr\\\/actualite\\\/culture\\\/golden-globes-2027-nikki-glaser-presentera-la-84%e1%b5%89-ceremonie\\\/394450\\\/#breadcrumb\",\"itemListElement\":[{\"@type\":\"ListItem\",\"position\":1,\"name\":\"Accueil\",\"item\":\"https:\\\/\\\/www.webdo.tn\\\/fr\\\/\"},{\"@type\":\"ListItem\",\"position\":2,\"name\":\"Golden Globes 2027 : Nikki Glaser pr\u00e9sentera la 84\u1d49 c\u00e9r\u00e9monie\"}]},{\"@type\":\"WebSite\",\"@id\":\"https:\\\/\\\/www.webdo.tn\\\/fr\\\/#website\",\"url\":\"https:\\\/\\\/www.webdo.tn\\\/fr\\\/\",\"name\":\"webdo\",\"description\":\"Tunisie - News en Tunisie et \u00e0 l&#039;international sur Webdo.tn\",\"publisher\":{\"@id\":\"https:\\\/\\\/www.webdo.tn\\\/fr\\\/#organization\"},\"potentialAction\":[{\"@type\":\"SearchAction\",\"target\":{\"@type\":\"EntryPoint\",\"urlTemplate\":\"https:\\\/\\\/www.webdo.tn\\\/fr\\\/?s={search_term_string}\"},\"query-input\":{\"@type\":\"PropertyValueSpecification\",\"valueRequired\":true,\"valueName\":\"search_term_string\"}}],\"inLanguage\":\"fr-FR\"},{\"@type\":\"Organization\",\"@id\":\"https:\\\/\\\/www.webdo.tn\\\/fr\\\/#organization\",\"name\":\"Webdo\",\"alternateName\":\"Webdo.tn\",\"url\":\"https:\\\/\\\/www.webdo.tn\\\/fr\\\/\",\"logo\":{\"@type\":\"ImageObject\",\"inLanguage\":\"fr-FR\",\"@id\":\"https:\\\/\\\/www.webdo.tn\\\/fr\\\/#\\\/schema\\\/logo\\\/image\\\/\",\"url\":\"https:\\\/\\\/www.webdo.tn\\\/fr\\\/wp-content\\\/uploads\\\/2025\\\/06\\\/Webdo-Tunisie_168377.jpg\",\"contentUrl\":\"https:\\\/\\\/www.webdo.tn\\\/fr\\\/wp-content\\\/uploads\\\/2025\\\/06\\\/Webdo-Tunisie_168377.jpg\",\"width\":301,\"height\":301,\"caption\":\"Webdo\"},\"image\":{\"@id\":\"https:\\\/\\\/www.webdo.tn\\\/fr\\\/#\\\/schema\\\/logo\\\/image\\\/\"},\"sameAs\":[\"https:\\\/\\\/www.facebook.com\\\/webdotn\",\"https:\\\/\\\/x.com\\\/webdo_tn\"],\"description\":\"Webdo est un m\u00e9dia num\u00e9rique tunisien fond\u00e9 en 2010, sp\u00e9cialis\u00e9 dans l\u2019actualit\u00e9 nationale et internationale, l\u2019\u00e9conomie, la soci\u00e9t\u00e9 et les analyses politiques. Le site s\u2019adresse \u00e0 un large public francophone et couvre l\u2019information tunisienne en temps r\u00e9el.\",\"email\":\"redac@webdo.tn\",\"legalName\":\"YNJ SARL\",\"foundingDate\":\"2010-09-06\",\"numberOfEmployees\":{\"@type\":\"QuantitativeValue\",\"minValue\":\"11\",\"maxValue\":\"50\"}},{\"@type\":\"Person\",\"@id\":\"https:\\\/\\\/www.webdo.tn\\\/fr\\\/#\\\/schema\\\/person\\\/60d5ba619ed3f58783b0dc82b7dada80\",\"name\":\"Ne\u00efla DRISS\",\"image\":{\"@type\":\"ImageObject\",\"inLanguage\":\"fr-FR\",\"@id\":\"https:\\\/\\\/www.webdo.tn\\\/fr\\\/wp-content\\\/uploads\\\/2026\\\/04\\\/neila-driss_avatar-96x96.jpg\",\"url\":\"https:\\\/\\\/www.webdo.tn\\\/fr\\\/wp-content\\\/uploads\\\/2026\\\/04\\\/neila-driss_avatar-96x96.jpg\",\"contentUrl\":\"https:\\\/\\\/www.webdo.tn\\\/fr\\\/wp-content\\\/uploads\\\/2026\\\/04\\\/neila-driss_avatar-96x96.jpg\",\"caption\":\"Ne\u00efla DRISS\"},\"description\":\"Ne\u00efla Driss est juriste, journaliste culturelle et critique de cin\u00e9ma tunisienne. Titulaire d\u2019un DEA en droit priv\u00e9 de l\u2019Universit\u00e9 Paris II et d\u2019un DESS de l\u2019IHEC Carthage, elle d\u00e9bute sa carri\u00e8re comme juriste sp\u00e9cialis\u00e9e en gestion de patrimoine immobilier. Elle s\u2019oriente ensuite vers l\u2019\u00e9criture en ligne, o\u00f9 elle se distingue d\u00e8s 2006 aux Tunisia Blog Awards, avant de se consacrer au journalisme culturel, avec une sp\u00e9cialisation dans la critique cin\u00e9matographique. Elle couvre r\u00e9guli\u00e8rement les grands festivals internationaux, notamment le Festival de Cannes, les Journ\u00e9es Cin\u00e9matographiques de Carthage et le Festival du film du Caire. Membre de l\u2019ATPCC et de la FIPRESCI, elle participe \u00e0 des jurys et initiatives internationales de critique. Depuis 2024, elle est \u00e9lectrice internationale aux Golden Globes. Facebook : https:\\\/\\\/www.facebook.com\\\/massir.destiniii\\\/ X : https:\\\/\\\/x.com\\\/MassirDestin\",\"sameAs\":[\"https:\\\/\\\/www.facebook.com\\\/massir.destiniii\\\/\",\"https:\\\/\\\/www.instagram.com\\\/neila.driss\\\/?hl=fr\",\"https:\\\/\\\/www.linkedin.com\\\/in\\\/neila-driss-22606a80\\\/\",\"https:\\\/\\\/x.com\\\/https:\\\/\\\/x.com\\\/MassirDestin\"],\"knowsAbout\":[\"Cin\u00e9ma international\",\"critique cin\u00e9matographique\",\"festivals de cin\u00e9ma\",\"journalisme culturel\"],\"knowsLanguage\":[\"Fran\u00e7ais\",\"Arabe\",\"Anglais\"],\"jobTitle\":\"Journaliste culturelle et critique de cin\u00e9ma\",\"worksFor\":\"Webdo\",\"url\":\"https:\\\/\\\/www.webdo.tn\\\/fr\\\/actualite\\\/author\\\/neila-driss\\\/\"}]}<\/script>\n<!-- \/ Yoast SEO Premium plugin. -->","yoast_head_json":{"title":"Golden Globes 2027 : Nikki Glaser pr\u00e9sentera la 84\u1d49 c\u00e9r\u00e9monie - webdo","description":"Golden Globes 2027 : Nikki Glaser pr\u00e9sentera la 84\u1d49 c\u00e9r\u00e9monie, diffus\u00e9e le 10 janvier sur CBS et Paramount+, pour la troisi\u00e8me ann\u00e9e cons\u00e9cutive","canonical":"https:\/\/www.webdo.tn\/fr\/actualite\/culture\/golden-globes-2027-nikki-glaser-presentera-la-84\u1d49-ceremonie\/394450\/","og_locale":"fr_FR","og_type":"article","og_title":"Golden Globes 2027 : Nikki Glaser pr\u00e9sentera la 84\u1d49 c\u00e9r\u00e9monie","og_description":"Golden Globes 2027 : Nikki Glaser pr\u00e9sentera la 84\u1d49 c\u00e9r\u00e9monie, diffus\u00e9e le 10 janvier sur CBS et Paramount+, pour la troisi\u00e8me ann\u00e9e cons\u00e9cutive","og_url":"https:\/\/www.webdo.tn\/fr\/actualite\/culture\/golden-globes-2027-nikki-glaser-presentera-la-84\u1d49-ceremonie\/394450\/","og_site_name":"webdo","article_publisher":"https:\/\/www.facebook.com\/webdotn","article_author":"https:\/\/www.facebook.com\/massir.destiniii\/","article_published_time":"2026-03-11T17:25:56+00:00","article_modified_time":"2026-03-11T17:25:58+00:00","og_image":[{"width":1080,"height":608,"url":"https:\/\/www.webdo.tn\/fr\/wp-content\/uploads\/2026\/03\/Golden-Globes-2027-Nikki-presente-ceremonie.jpg","type":"image\/jpeg"}],"author":"Ne\u00efla DRISS","twitter_card":"summary_large_image","twitter_creator":"@https:\/\/x.com\/MassirDestin","twitter_site":"@webdo_tn","twitter_misc":{"\u00c9crit par":"Ne\u00efla DRISS","Dur\u00e9e de lecture estim\u00e9e":"5 minutes"},"schema":{"@context":"https:\/\/schema.org","@graph":[{"@type":"NewsArticle","@id":"https:\/\/www.webdo.tn\/fr\/actualite\/culture\/golden-globes-2027-nikki-glaser-presentera-la-84%e1%b5%89-ceremonie\/394450\/#article","isPartOf":{"@id":"https:\/\/www.webdo.tn\/fr\/actualite\/culture\/golden-globes-2027-nikki-glaser-presentera-la-84%e1%b5%89-ceremonie\/394450\/"},"author":{"name":"Ne\u00efla DRISS","@id":"https:\/\/www.webdo.tn\/fr\/#\/schema\/person\/60d5ba619ed3f58783b0dc82b7dada80"},"headline":"Golden Globes 2027 : Nikki Glaser pr\u00e9sentera la 84\u1d49 c\u00e9r\u00e9monie","datePublished":"2026-03-11T17:25:56+00:00","dateModified":"2026-03-11T17:25:58+00:00","mainEntityOfPage":{"@id":"https:\/\/www.webdo.tn\/fr\/actualite\/culture\/golden-globes-2027-nikki-glaser-presentera-la-84%e1%b5%89-ceremonie\/394450\/"},"wordCount":891,"publisher":{"@id":"https:\/\/www.webdo.tn\/fr\/#organization"},"image":{"@id":"https:\/\/www.webdo.tn\/fr\/actualite\/culture\/golden-globes-2027-nikki-glaser-presentera-la-84%e1%b5%89-ceremonie\/394450\/#primaryimage"},"thumbnailUrl":"https:\/\/www.webdo.tn\/fr\/wp-content\/uploads\/2026\/03\/Golden-Globes-2027-Nikki-presente-ceremonie.jpg","keywords":["Cin\u00e9ma","Golden Globes","Golden Globes 2027","Golden Globes 84th"],"articleSection":["Culture"],"inLanguage":"fr-FR"},{"@type":"WebPage","@id":"https:\/\/www.webdo.tn\/fr\/actualite\/culture\/golden-globes-2027-nikki-glaser-presentera-la-84%e1%b5%89-ceremonie\/394450\/","url":"https:\/\/www.webdo.tn\/fr\/actualite\/culture\/golden-globes-2027-nikki-glaser-presentera-la-84%e1%b5%89-ceremonie\/394450\/","name":"Golden Globes 2027 : Nikki Glaser pr\u00e9sentera la 84\u1d49 c\u00e9r\u00e9monie - webdo","isPartOf":{"@id":"https:\/\/www.webdo.tn\/fr\/#website"},"primaryImageOfPage":{"@id":"https:\/\/www.webdo.tn\/fr\/actualite\/culture\/golden-globes-2027-nikki-glaser-presentera-la-84%e1%b5%89-ceremonie\/394450\/#primaryimage"},"image":{"@id":"https:\/\/www.webdo.tn\/fr\/actualite\/culture\/golden-globes-2027-nikki-glaser-presentera-la-84%e1%b5%89-ceremonie\/394450\/#primaryimage"},"thumbnailUrl":"https:\/\/www.webdo.tn\/fr\/wp-content\/uploads\/2026\/03\/Golden-Globes-2027-Nikki-presente-ceremonie.jpg","datePublished":"2026-03-11T17:25:56+00:00","dateModified":"2026-03-11T17:25:58+00:00","description":"Golden Globes 2027 : Nikki Glaser pr\u00e9sentera la 84\u1d49 c\u00e9r\u00e9monie, diffus\u00e9e le 10 janvier sur CBS et Paramount+, pour la troisi\u00e8me ann\u00e9e cons\u00e9cutive","breadcrumb":{"@id":"https:\/\/www.webdo.tn\/fr\/actualite\/culture\/golden-globes-2027-nikki-glaser-presentera-la-84%e1%b5%89-ceremonie\/394450\/#breadcrumb"},"inLanguage":"fr-FR","potentialAction":[{"@type":"ReadAction","target":["https:\/\/www.webdo.tn\/fr\/actualite\/culture\/golden-globes-2027-nikki-glaser-presentera-la-84%e1%b5%89-ceremonie\/394450\/"]}]},{"@type":"ImageObject","inLanguage":"fr-FR","@id":"https:\/\/www.webdo.tn\/fr\/actualite\/culture\/golden-globes-2027-nikki-glaser-presentera-la-84%e1%b5%89-ceremonie\/394450\/#primaryimage","url":"https:\/\/www.webdo.tn\/fr\/wp-content\/uploads\/2026\/03\/Golden-Globes-2027-Nikki-presente-ceremonie.jpg","contentUrl":"https:\/\/www.webdo.tn\/fr\/wp-content\/uploads\/2026\/03\/Golden-Globes-2027-Nikki-presente-ceremonie.jpg","width":1080,"height":608,"caption":"Golden Globes 2027 Nikki Glaser"},{"@type":"BreadcrumbList","@id":"https:\/\/www.webdo.tn\/fr\/actualite\/culture\/golden-globes-2027-nikki-glaser-presentera-la-84%e1%b5%89-ceremonie\/394450\/#breadcrumb","itemListElement":[{"@type":"ListItem","position":1,"name":"Accueil","item":"https:\/\/www.webdo.tn\/fr\/"},{"@type":"ListItem","position":2,"name":"Golden Globes 2027 : Nikki Glaser pr\u00e9sentera la 84\u1d49 c\u00e9r\u00e9monie"}]},{"@type":"WebSite","@id":"https:\/\/www.webdo.tn\/fr\/#website","url":"https:\/\/www.webdo.tn\/fr\/","name":"webdo","description":"Tunisie - News en Tunisie et \u00e0 l&#039;international sur Webdo.tn","publisher":{"@id":"https:\/\/www.webdo.tn\/fr\/#organization"},"potentialAction":[{"@type":"SearchAction","target":{"@type":"EntryPoint","urlTemplate":"https:\/\/www.webdo.tn\/fr\/?s={search_term_string}"},"query-input":{"@type":"PropertyValueSpecification","valueRequired":true,"valueName":"search_term_string"}}],"inLanguage":"fr-FR"},{"@type":"Organization","@id":"https:\/\/www.webdo.tn\/fr\/#organization","name":"Webdo","alternateName":"Webdo.tn","url":"https:\/\/www.webdo.tn\/fr\/","logo":{"@type":"ImageObject","inLanguage":"fr-FR","@id":"https:\/\/www.webdo.tn\/fr\/#\/schema\/logo\/image\/","url":"https:\/\/www.webdo.tn\/fr\/wp-content\/uploads\/2025\/06\/Webdo-Tunisie_168377.jpg","contentUrl":"https:\/\/www.webdo.tn\/fr\/wp-content\/uploads\/2025\/06\/Webdo-Tunisie_168377.jpg","width":301,"height":301,"caption":"Webdo"},"image":{"@id":"https:\/\/www.webdo.tn\/fr\/#\/schema\/logo\/image\/"},"sameAs":["https:\/\/www.facebook.com\/webdotn","https:\/\/x.com\/webdo_tn"],"description":"Webdo est un m\u00e9dia num\u00e9rique tunisien fond\u00e9 en 2010, sp\u00e9cialis\u00e9 dans l\u2019actualit\u00e9 nationale et internationale, l\u2019\u00e9conomie, la soci\u00e9t\u00e9 et les analyses politiques. Le site s\u2019adresse \u00e0 un large public francophone et couvre l\u2019information tunisienne en temps r\u00e9el.","email":"redac@webdo.tn","legalName":"YNJ SARL","foundingDate":"2010-09-06","numberOfEmployees":{"@type":"QuantitativeValue","minValue":"11","maxValue":"50"}},{"@type":"Person","@id":"https:\/\/www.webdo.tn\/fr\/#\/schema\/person\/60d5ba619ed3f58783b0dc82b7dada80","name":"Ne\u00efla DRISS","image":{"@type":"ImageObject","inLanguage":"fr-FR","@id":"https:\/\/www.webdo.tn\/fr\/wp-content\/uploads\/2026\/04\/neila-driss_avatar-96x96.jpg","url":"https:\/\/www.webdo.tn\/fr\/wp-content\/uploads\/2026\/04\/neila-driss_avatar-96x96.jpg","contentUrl":"https:\/\/www.webdo.tn\/fr\/wp-content\/uploads\/2026\/04\/neila-driss_avatar-96x96.jpg","caption":"Ne\u00efla DRISS"},"description":"Ne\u00efla Driss est juriste, journaliste culturelle et critique de cin\u00e9ma tunisienne. Titulaire d\u2019un DEA en droit priv\u00e9 de l\u2019Universit\u00e9 Paris II et d\u2019un DESS de l\u2019IHEC Carthage, elle d\u00e9bute sa carri\u00e8re comme juriste sp\u00e9cialis\u00e9e en gestion de patrimoine immobilier. Elle s\u2019oriente ensuite vers l\u2019\u00e9criture en ligne, o\u00f9 elle se distingue d\u00e8s 2006 aux Tunisia Blog Awards, avant de se consacrer au journalisme culturel, avec une sp\u00e9cialisation dans la critique cin\u00e9matographique. Elle couvre r\u00e9guli\u00e8rement les grands festivals internationaux, notamment le Festival de Cannes, les Journ\u00e9es Cin\u00e9matographiques de Carthage et le Festival du film du Caire. Membre de l\u2019ATPCC et de la FIPRESCI, elle participe \u00e0 des jurys et initiatives internationales de critique. Depuis 2024, elle est \u00e9lectrice internationale aux Golden Globes. Facebook : https:\/\/www.facebook.com\/massir.destiniii\/ X : https:\/\/x.com\/MassirDestin","sameAs":["https:\/\/www.facebook.com\/massir.destiniii\/","https:\/\/www.instagram.com\/neila.driss\/?hl=fr","https:\/\/www.linkedin.com\/in\/neila-driss-22606a80\/","https:\/\/x.com\/https:\/\/x.com\/MassirDestin"],"knowsAbout":["Cin\u00e9ma international","critique cin\u00e9matographique","festivals de cin\u00e9ma","journalisme culturel"],"knowsLanguage":["Fran\u00e7ais","Arabe","Anglais"],"jobTitle":"Journaliste culturelle et critique de cin\u00e9ma","worksFor":"Webdo","url":"https:\/\/www.webdo.tn\/fr\/actualite\/author\/neila-driss\/"}]}},"_links":{"self":[{"href":"https:\/\/www.webdo.tn\/fr\/wp-json\/wp\/v2\/posts\/394450","targetHints":{"allow":["GET"]}}],"collection":[{"href":"https:\/\/www.webdo.tn\/fr\/wp-json\/wp\/v2\/posts"}],"about":[{"href":"https:\/\/www.webdo.tn\/fr\/wp-json\/wp\/v2\/types\/post"}],"author":[{"embeddable":true,"href":"https:\/\/www.webdo.tn\/fr\/wp-json\/wp\/v2\/users\/3164"}],"replies":[{"embeddable":true,"href":"https:\/\/www.webdo.tn\/fr\/wp-json\/wp\/v2\/comments?post=394450"}],"version-history":[{"count":0,"href":"https:\/\/www.webdo.tn\/fr\/wp-json\/wp\/v2\/posts\/394450\/revisions"}],"wp:featuredmedia":[{"embeddable":true,"href":"https:\/\/www.webdo.tn\/fr\/wp-json\/wp\/v2\/media\/394451"}],"wp:attachment":[{"href":"https:\/\/www.webdo.tn\/fr\/wp-json\/wp\/v2\/media?parent=394450"}],"wp:term":[{"taxonomy":"category","embeddable":true,"href":"https:\/\/www.webdo.tn\/fr\/wp-json\/wp\/v2\/categories?post=394450"},{"taxonomy":"post_tag","embeddable":true,"href":"https:\/\/www.webdo.tn\/fr\/wp-json\/wp\/v2\/tags?post=394450"}],"curies":[{"name":"wp","href":"https:\/\/api.w.org\/{rel}","templated":true}]}}