{"id":394446,"date":"2026-03-11T12:20:45","date_gmt":"2026-03-11T11:20:45","guid":{"rendered":"https:\/\/www.webdo.tn\/fr\/?p=394446"},"modified":"2026-03-11T12:20:48","modified_gmt":"2026-03-11T11:20:48","slug":"automobile-en-tunisie-la-transition-energetique-face-a-la-montee-du-marche-parallele","status":"publish","type":"post","link":"https:\/\/www.webdo.tn\/fr\/actualite\/national\/automobile-en-tunisie-la-transition-energetique-face-a-la-montee-du-marche-parallele\/394446\/","title":{"rendered":"Automobile en Tunisie : La transition \u00e9nerg\u00e9tique face \u00e0 la mont\u00e9e du march\u00e9 parall\u00e8le"},"content":{"rendered":"\n<p><strong>Le march\u00e9 automobile tunisien r\u00e9v\u00e8le un paradoxe de plus en plus visible : alors que les autorit\u00e9s encouragent la transition \u00e9nerg\u00e9tique et l\u2019adoption de v\u00e9hicules \u00e9lectriques et hybrides, les importations de voitures d\u2019occasion via le march\u00e9 parall\u00e8le continuent de progresser.<\/strong><\/p>\n\n\n\n<p>Intervenant mercredi sur les ondes de Mosa\u00efque FM, Ibrahim Debbache, pr\u00e9sident de la Chambre nationale des constructeurs et des concessionnaires automobiles, a indiqu\u00e9 que plus de 90.000 voitures ont \u00e9t\u00e9 import\u00e9es en Tunisie en 2025. Sur ce total, 63.000 v\u00e9hicules ont \u00e9t\u00e9 introduits via les concessionnaires officiels, tandis qu\u2019une part importante correspond \u00e0 des voitures d\u2019occasion import\u00e9es via des circuits parall\u00e8les.<\/p>\n\n\n\n<h2 class=\"wp-block-heading\" id=\"h-un-marche-parallele-en-expansion\">Un march\u00e9 parall\u00e8le en expansion<\/h2>\n\n\n\n<p>D\u2019apr\u00e8s les donn\u00e9es pr\u00e9sent\u00e9es par les professionnels du secteur, le ph\u00e9nom\u00e8ne s\u2019est accentu\u00e9 r\u00e9cemment.<\/p>\n\n\n\n<p>Au d\u00e9but de l\u2019ann\u00e9e 2026, environ 2.500 voitures ont \u00e9t\u00e9 import\u00e9es via le march\u00e9 parall\u00e8le, soit une hausse de 23 % par rapport \u00e0 janvier 2025.<\/p>\n\n\n\n<p>Dans le m\u00eame temps, les importations de voitures neuves par les concessionnaires ont recul\u00e9 de 14 %, avec 3.300 v\u00e9hicules seulement import\u00e9s sur la m\u00eame p\u00e9riode.<\/p>\n\n\n\n<p>Cette \u00e9volution traduit un d\u00e9s\u00e9quilibre croissant entre le march\u00e9 organis\u00e9 et les circuits informels. Selon Ibrahim Debbache, pour quatre voitures neuves import\u00e9es l\u00e9galement, une voiture d\u2019occasion entre d\u00e9sormais sur le territoire via le march\u00e9 parall\u00e8le.<\/p>\n\n\n\n<h2 class=\"wp-block-heading\" id=\"h-un-impact-direct-sur-la-transition-energetique\">Un impact direct sur la transition \u00e9nerg\u00e9tique<\/h2>\n\n\n\n<p>Cette situation inqui\u00e8te les professionnels du secteur automobile, car les v\u00e9hicules introduits via ces circuits sont g\u00e9n\u00e9ralement \u00e2g\u00e9s de quatre \u00e0 cinq ans et \u00e9quip\u00e9s de moteurs thermiques.<\/p>\n\n\n\n<p>Autrement dit, alors que la Tunisie cherche \u00e0 r\u00e9duire la d\u00e9pendance aux carburants fossiles et \u00e0 encourager les v\u00e9hicules \u00e9lectriques et hybrides, l\u2019essor du march\u00e9 parall\u00e8le contribue \u00e0 renforcer la pr\u00e9sence de voitures thermiques sur les routes.<\/p>\n\n\n\n<p>Les concessionnaires estiment que ce ph\u00e9nom\u00e8ne risque de freiner les efforts engag\u00e9s par l\u2019\u00c9tat pour orienter le march\u00e9 vers des motorisations plus propres.<\/p>\n\n\n\n<blockquote class=\"wp-block-quote is-layout-flow wp-block-quote-is-layout-flow\">\n<blockquote class=\"wp-block-quote is-layout-flow wp-block-quote-is-layout-flow\">\n<p><strong>Lire aussi:<\/strong><\/p>\n\n\n\n<ul class=\"wp-block-list\">\n<li class=\"has-medium-font-size\"><a href=\"https:\/\/www.webdo.tn\/fr\/actualite\/national\/voitures-electriques-cap-sur-50-mille-vehicules-et-5-mille-bornes-a-lhorizon-2030\/393692\/\">Voitures \u00e9lectriques : Cap sur 50 mille v\u00e9hicules et 5 mille bornes \u00e0 l\u2019horizon 2030<\/a><\/li>\n<\/ul>\n<\/blockquote>\n<\/blockquote>\n\n\n\n<h2 class=\"wp-block-heading\" id=\"h-l-hybride-pourrait-devancer-l-electrique\">L\u2019hybride pourrait devancer l\u2019\u00e9lectrique<\/h2>\n\n\n\n<p>Par ailleurs, les professionnels anticipent une \u00e9volution des pr\u00e9f\u00e9rences des consommateurs. Malgr\u00e9 les incitations pr\u00e9vues dans la loi de finances 2026, notamment la r\u00e9duction des droits de douane sur les v\u00e9hicules \u00e9lectriques et hybrides, l\u2019adoption des voitures 100 % \u00e9lectriques pourrait rester limit\u00e9e.<\/p>\n\n\n\n<p>La principale raison avanc\u00e9e est le manque d\u2019infrastructures de recharge \u00e0 l\u2019\u00e9chelle nationale, qui continue de susciter des r\u00e9ticences chez de nombreux acheteurs.<\/p>\n\n\n\n<p>Dans ce contexte, les voitures hybrides pourraient gagner du terrain, car elles offrent une solution interm\u00e9diaire permettant de combiner motorisation \u00e9lectrique et carburant traditionnel.<\/p>\n\n\n\n<blockquote class=\"wp-block-quote is-layout-flow wp-block-quote-is-layout-flow\">\n<blockquote class=\"wp-block-quote is-layout-flow wp-block-quote-is-layout-flow\">\n<p><strong>Lire aussi:<\/strong><\/p>\n\n\n\n<ul class=\"wp-block-list\">\n<li class=\"has-medium-font-size\"><a href=\"https:\/\/www.webdo.tn\/fr\/actualite\/national\/au-dela-du-rav4-la-fiscalite-tunisienne-face-aux-hybrides\/389675\/\">Au-del\u00e0 du RAV4, la fiscalit\u00e9 tunisienne face aux hybrides<\/a><\/li>\n<\/ul>\n<\/blockquote>\n<\/blockquote>\n\n\n\n<h2 class=\"wp-block-heading\" id=\"h-les-concessionnaires-appellent-a-une-intervention\">Les concessionnaires appellent \u00e0 une intervention<\/h2>\n\n\n\n<p>Face \u00e0 cette situation, les professionnels du secteur demandent la tenue d\u2019une r\u00e9union urgente avec le minist\u00e8re du Commerce afin d\u2019examiner les moyens de mieux encadrer le march\u00e9 automobile.<\/p>\n\n\n\n<p>Ils estiment que la r\u00e9gulation du march\u00e9 parall\u00e8le sera d\u00e9terminante pour pr\u00e9server l\u2019\u00e9quilibre du secteur et accompagner les objectifs de transition \u00e9nerg\u00e9tique fix\u00e9s par les autorit\u00e9s.<\/p>\n\n\n\n<p>Le march\u00e9 automobile tunisien compte aujourd\u2019hui 45 concessionnaires repr\u00e9sentant diff\u00e9rentes marques, dans un contexte o\u00f9 la demande des consommateurs \u00e9volue progressivement, notamment vers les v\u00e9hicules hybrides.<\/p>\n\n\n\n<blockquote class=\"wp-block-quote is-layout-flow wp-block-quote-is-layout-flow\">\n<blockquote class=\"wp-block-quote is-layout-flow wp-block-quote-is-layout-flow\">\n<p><strong>Lire aussi:<\/strong><\/p>\n\n\n\n<ul class=\"wp-block-list\">\n<li class=\"has-medium-font-size\"><a href=\"https:\/\/www.webdo.tn\/fr\/actualite\/national\/tunisie-la-formation-professionnelle-se-tourne-vers-les-voitures-electriques-et-hybrides\/394259\/\">Tunisie : La formation professionnelle se tourne vers les voitures \u00e9lectriques et hybrides<\/a><\/li>\n\n\n\n<li class=\"has-medium-font-size\"><a href=\"https:\/\/www.webdo.tn\/fr\/actualite\/tendances\/le-geant-byd-recule-en-chine-geely-et-les-nouveaux-rivaux-passent-a-loffensive\/394296\/\">Le g\u00e9ant BYD recule en Chine : Geely et les nouveaux rivaux passent \u00e0 l\u2019offensive<\/a><\/li>\n<\/ul>\n<\/blockquote>\n<\/blockquote>\n\n\n\n<p><\/p>\n","protected":false},"excerpt":{"rendered":"<p>Le march\u00e9 automobile tunisien r\u00e9v\u00e8le un paradoxe de plus en plus visible : alors que les autorit\u00e9s encouragent la transition \u00e9nerg\u00e9tique et l\u2019adoption de v\u00e9hicules \u00e9lectriques et hybrides, les importations de voitures d\u2019occasion via le march\u00e9 parall\u00e8le continuent de progresser. Intervenant mercredi sur les ondes de Mosa\u00efque FM, Ibrahim Debbache, pr\u00e9sident de la Chambre nationale [&hellip;]<\/p>\n","protected":false},"author":3203,"featured_media":394448,"comment_status":"closed","ping_status":"closed","sticky":false,"template":"","format":"standard","meta":{"footnotes":""},"categories":[44],"tags":[3867,2608,6177],"class_list":["post-394446","post","type-post","status-publish","format-standard","has-post-thumbnail","hentry","category-national","tag-transition-energetique","tag-tunisie","tag-voiture-electrique"],"yoast_head":"<!-- This site is optimized with the Yoast SEO Premium plugin v27.4 (Yoast SEO v27.5) - https:\/\/yoast.com\/product\/yoast-seo-premium-wordpress\/ -->\n<title>Automobile en Tunisie : La transition \u00e9nerg\u00e9tique face \u00e0 la mont\u00e9e du march\u00e9 parall\u00e8le - webdo<\/title>\n<meta name=\"description\" content=\"Analyse des effets du march\u00e9 parall\u00e8le sur la transition \u00e9nerg\u00e9tique en Tunisie : que signifie l&#039;augmentation des voitures d&#039;occasion ?\" \/>\n<link rel=\"canonical\" href=\"https:\/\/www.webdo.tn\/fr\/actualite\/national\/automobile-en-tunisie-la-transition-energetique-face-a-la-montee-du-marche-parallele\/394446\/\" \/>\n<meta property=\"og:locale\" content=\"fr_FR\" \/>\n<meta property=\"og:type\" content=\"article\" \/>\n<meta property=\"og:title\" content=\"Automobile en Tunisie : La transition \u00e9nerg\u00e9tique face \u00e0 la mont\u00e9e du march\u00e9 parall\u00e8le\" \/>\n<meta property=\"og:description\" content=\"Analyse des effets du march\u00e9 parall\u00e8le sur la transition \u00e9nerg\u00e9tique en Tunisie : que signifie l&#039;augmentation des voitures d&#039;occasion ?\" \/>\n<meta property=\"og:url\" content=\"https:\/\/www.webdo.tn\/fr\/actualite\/national\/automobile-en-tunisie-la-transition-energetique-face-a-la-montee-du-marche-parallele\/394446\/\" \/>\n<meta property=\"og:site_name\" content=\"webdo\" \/>\n<meta property=\"article:publisher\" content=\"https:\/\/www.facebook.com\/webdotn\" \/>\n<meta property=\"article:published_time\" content=\"2026-03-11T11:20:45+00:00\" \/>\n<meta property=\"article:modified_time\" content=\"2026-03-11T11:20:48+00:00\" \/>\n<meta property=\"og:image\" content=\"https:\/\/www.webdo.tn\/fr\/wp-content\/uploads\/2026\/03\/concessionnaires-automobiles.jpg\" \/>\n\t<meta property=\"og:image:width\" content=\"1200\" \/>\n\t<meta property=\"og:image:height\" content=\"600\" \/>\n\t<meta property=\"og:image:type\" content=\"image\/jpeg\" \/>\n<meta name=\"author\" content=\"Ramzi Haddad\" \/>\n<meta name=\"twitter:card\" content=\"summary_large_image\" \/>\n<meta name=\"twitter:creator\" content=\"@webdo_tn\" \/>\n<meta name=\"twitter:site\" content=\"@webdo_tn\" \/>\n<meta name=\"twitter:label1\" content=\"\u00c9crit par\" \/>\n\t<meta name=\"twitter:data1\" content=\"Ramzi Haddad\" \/>\n\t<meta name=\"twitter:label2\" content=\"Dur\u00e9e de lecture estim\u00e9e\" \/>\n\t<meta name=\"twitter:data2\" content=\"3 minutes\" \/>\n<script type=\"application\/ld+json\" class=\"yoast-schema-graph\">{\"@context\":\"https:\\\/\\\/schema.org\",\"@graph\":[{\"@type\":\"NewsArticle\",\"@id\":\"https:\\\/\\\/www.webdo.tn\\\/fr\\\/actualite\\\/national\\\/automobile-en-tunisie-la-transition-energetique-face-a-la-montee-du-marche-parallele\\\/394446\\\/#article\",\"isPartOf\":{\"@id\":\"https:\\\/\\\/www.webdo.tn\\\/fr\\\/actualite\\\/national\\\/automobile-en-tunisie-la-transition-energetique-face-a-la-montee-du-marche-parallele\\\/394446\\\/\"},\"author\":{\"name\":\"Ramzi Haddad\",\"@id\":\"https:\\\/\\\/www.webdo.tn\\\/fr\\\/#\\\/schema\\\/person\\\/5663044c25eb36d8f88ba5b653f12f8c\"},\"headline\":\"Automobile en Tunisie : La transition \u00e9nerg\u00e9tique face \u00e0 la mont\u00e9e du march\u00e9 parall\u00e8le\",\"datePublished\":\"2026-03-11T11:20:45+00:00\",\"dateModified\":\"2026-03-11T11:20:48+00:00\",\"mainEntityOfPage\":{\"@id\":\"https:\\\/\\\/www.webdo.tn\\\/fr\\\/actualite\\\/national\\\/automobile-en-tunisie-la-transition-energetique-face-a-la-montee-du-marche-parallele\\\/394446\\\/\"},\"wordCount\":617,\"publisher\":{\"@id\":\"https:\\\/\\\/www.webdo.tn\\\/fr\\\/#organization\"},\"image\":{\"@id\":\"https:\\\/\\\/www.webdo.tn\\\/fr\\\/actualite\\\/national\\\/automobile-en-tunisie-la-transition-energetique-face-a-la-montee-du-marche-parallele\\\/394446\\\/#primaryimage\"},\"thumbnailUrl\":\"https:\\\/\\\/www.webdo.tn\\\/fr\\\/wp-content\\\/uploads\\\/2026\\\/03\\\/concessionnaires-automobiles.jpg\",\"keywords\":[\"Transition \u00e9nerg\u00e9tique\",\"Tunisie\",\"Voiture \u00e9lectrique\"],\"articleSection\":[\"National\"],\"inLanguage\":\"fr-FR\"},{\"@type\":\"WebPage\",\"@id\":\"https:\\\/\\\/www.webdo.tn\\\/fr\\\/actualite\\\/national\\\/automobile-en-tunisie-la-transition-energetique-face-a-la-montee-du-marche-parallele\\\/394446\\\/\",\"url\":\"https:\\\/\\\/www.webdo.tn\\\/fr\\\/actualite\\\/national\\\/automobile-en-tunisie-la-transition-energetique-face-a-la-montee-du-marche-parallele\\\/394446\\\/\",\"name\":\"Automobile en Tunisie : La transition \u00e9nerg\u00e9tique face \u00e0 la mont\u00e9e du march\u00e9 parall\u00e8le - webdo\",\"isPartOf\":{\"@id\":\"https:\\\/\\\/www.webdo.tn\\\/fr\\\/#website\"},\"primaryImageOfPage\":{\"@id\":\"https:\\\/\\\/www.webdo.tn\\\/fr\\\/actualite\\\/national\\\/automobile-en-tunisie-la-transition-energetique-face-a-la-montee-du-marche-parallele\\\/394446\\\/#primaryimage\"},\"image\":{\"@id\":\"https:\\\/\\\/www.webdo.tn\\\/fr\\\/actualite\\\/national\\\/automobile-en-tunisie-la-transition-energetique-face-a-la-montee-du-marche-parallele\\\/394446\\\/#primaryimage\"},\"thumbnailUrl\":\"https:\\\/\\\/www.webdo.tn\\\/fr\\\/wp-content\\\/uploads\\\/2026\\\/03\\\/concessionnaires-automobiles.jpg\",\"datePublished\":\"2026-03-11T11:20:45+00:00\",\"dateModified\":\"2026-03-11T11:20:48+00:00\",\"description\":\"Analyse des effets du march\u00e9 parall\u00e8le sur la transition \u00e9nerg\u00e9tique en Tunisie : que signifie l'augmentation des voitures d'occasion ?\",\"breadcrumb\":{\"@id\":\"https:\\\/\\\/www.webdo.tn\\\/fr\\\/actualite\\\/national\\\/automobile-en-tunisie-la-transition-energetique-face-a-la-montee-du-marche-parallele\\\/394446\\\/#breadcrumb\"},\"inLanguage\":\"fr-FR\",\"potentialAction\":[{\"@type\":\"ReadAction\",\"target\":[\"https:\\\/\\\/www.webdo.tn\\\/fr\\\/actualite\\\/national\\\/automobile-en-tunisie-la-transition-energetique-face-a-la-montee-du-marche-parallele\\\/394446\\\/\"]}]},{\"@type\":\"ImageObject\",\"inLanguage\":\"fr-FR\",\"@id\":\"https:\\\/\\\/www.webdo.tn\\\/fr\\\/actualite\\\/national\\\/automobile-en-tunisie-la-transition-energetique-face-a-la-montee-du-marche-parallele\\\/394446\\\/#primaryimage\",\"url\":\"https:\\\/\\\/www.webdo.tn\\\/fr\\\/wp-content\\\/uploads\\\/2026\\\/03\\\/concessionnaires-automobiles.jpg\",\"contentUrl\":\"https:\\\/\\\/www.webdo.tn\\\/fr\\\/wp-content\\\/uploads\\\/2026\\\/03\\\/concessionnaires-automobiles.jpg\",\"width\":1200,\"height\":600,\"caption\":\"Voitures : la mont\u00e9e du march\u00e9 parall\u00e8le inqui\u00e8te les concessionnaires en Tunisie\"},{\"@type\":\"BreadcrumbList\",\"@id\":\"https:\\\/\\\/www.webdo.tn\\\/fr\\\/actualite\\\/national\\\/automobile-en-tunisie-la-transition-energetique-face-a-la-montee-du-marche-parallele\\\/394446\\\/#breadcrumb\",\"itemListElement\":[{\"@type\":\"ListItem\",\"position\":1,\"name\":\"Accueil\",\"item\":\"https:\\\/\\\/www.webdo.tn\\\/fr\\\/\"},{\"@type\":\"ListItem\",\"position\":2,\"name\":\"Automobile en Tunisie : La transition \u00e9nerg\u00e9tique face \u00e0 la mont\u00e9e du march\u00e9 parall\u00e8le\"}]},{\"@type\":\"WebSite\",\"@id\":\"https:\\\/\\\/www.webdo.tn\\\/fr\\\/#website\",\"url\":\"https:\\\/\\\/www.webdo.tn\\\/fr\\\/\",\"name\":\"webdo\",\"description\":\"Tunisie - News en Tunisie et \u00e0 l&#039;international sur Webdo.tn\",\"publisher\":{\"@id\":\"https:\\\/\\\/www.webdo.tn\\\/fr\\\/#organization\"},\"potentialAction\":[{\"@type\":\"SearchAction\",\"target\":{\"@type\":\"EntryPoint\",\"urlTemplate\":\"https:\\\/\\\/www.webdo.tn\\\/fr\\\/?s={search_term_string}\"},\"query-input\":{\"@type\":\"PropertyValueSpecification\",\"valueRequired\":true,\"valueName\":\"search_term_string\"}}],\"inLanguage\":\"fr-FR\"},{\"@type\":\"Organization\",\"@id\":\"https:\\\/\\\/www.webdo.tn\\\/fr\\\/#organization\",\"name\":\"Webdo\",\"alternateName\":\"Webdo.tn\",\"url\":\"https:\\\/\\\/www.webdo.tn\\\/fr\\\/\",\"logo\":{\"@type\":\"ImageObject\",\"inLanguage\":\"fr-FR\",\"@id\":\"https:\\\/\\\/www.webdo.tn\\\/fr\\\/#\\\/schema\\\/logo\\\/image\\\/\",\"url\":\"https:\\\/\\\/www.webdo.tn\\\/fr\\\/wp-content\\\/uploads\\\/2025\\\/06\\\/Webdo-Tunisie_168377.jpg\",\"contentUrl\":\"https:\\\/\\\/www.webdo.tn\\\/fr\\\/wp-content\\\/uploads\\\/2025\\\/06\\\/Webdo-Tunisie_168377.jpg\",\"width\":301,\"height\":301,\"caption\":\"Webdo\"},\"image\":{\"@id\":\"https:\\\/\\\/www.webdo.tn\\\/fr\\\/#\\\/schema\\\/logo\\\/image\\\/\"},\"sameAs\":[\"https:\\\/\\\/www.facebook.com\\\/webdotn\",\"https:\\\/\\\/x.com\\\/webdo_tn\"],\"description\":\"Webdo est un m\u00e9dia num\u00e9rique tunisien fond\u00e9 en 2010, sp\u00e9cialis\u00e9 dans l\u2019actualit\u00e9 nationale et internationale, l\u2019\u00e9conomie, la soci\u00e9t\u00e9 et les analyses politiques. Le site s\u2019adresse \u00e0 un large public francophone et couvre l\u2019information tunisienne en temps r\u00e9el.\",\"email\":\"redac@webdo.tn\",\"legalName\":\"YNJ SARL\",\"foundingDate\":\"2010-09-06\",\"numberOfEmployees\":{\"@type\":\"QuantitativeValue\",\"minValue\":\"11\",\"maxValue\":\"50\"}},{\"@type\":\"Person\",\"@id\":\"https:\\\/\\\/www.webdo.tn\\\/fr\\\/#\\\/schema\\\/person\\\/5663044c25eb36d8f88ba5b653f12f8c\",\"name\":\"Ramzi Haddad\",\"image\":{\"@type\":\"ImageObject\",\"inLanguage\":\"fr-FR\",\"@id\":\"https:\\\/\\\/www.webdo.tn\\\/fr\\\/wp-content\\\/uploads\\\/2026\\\/04\\\/ramzi-haddad_avatar-96x96.jpg\",\"url\":\"https:\\\/\\\/www.webdo.tn\\\/fr\\\/wp-content\\\/uploads\\\/2026\\\/04\\\/ramzi-haddad_avatar-96x96.jpg\",\"contentUrl\":\"https:\\\/\\\/www.webdo.tn\\\/fr\\\/wp-content\\\/uploads\\\/2026\\\/04\\\/ramzi-haddad_avatar-96x96.jpg\",\"caption\":\"Ramzi Haddad\"},\"description\":\"Signature \u00e9ditoriale de Walid Ben Youssef Ramzi Haddad est le pseudonyme \u00e9ditorial de Walid Ben Youssef, fondateur et g\u00e9rant de Webdo.tn. Cette signature est d\u00e9di\u00e9e \u00e0 la couverture de l'actualit\u00e9 nationale et internationale, ainsi qu'aux analyses des dynamiques num\u00e9riques. Ce profil b\u00e9n\u00e9ficie de l'expertise de Walid Ben Youssef, pionnier du web en Tunisie depuis 2000 et dipl\u00f4m\u00e9 en Math\u00e9matiques pures de l'Universit\u00e9 d'Oregon. \u00c0 travers cette signature, la r\u00e9daction de Webdo garantit une information structur\u00e9e et v\u00e9rifi\u00e9e, fid\u00e8le aux standards journalistiques du m\u00e9dia.\",\"url\":\"https:\\\/\\\/www.webdo.tn\\\/fr\\\/actualite\\\/author\\\/ramzi-haddad\\\/\"}]}<\/script>\n<!-- \/ Yoast SEO Premium plugin. -->","yoast_head_json":{"title":"Automobile en Tunisie : La transition \u00e9nerg\u00e9tique face \u00e0 la mont\u00e9e du march\u00e9 parall\u00e8le - webdo","description":"Analyse des effets du march\u00e9 parall\u00e8le sur la transition \u00e9nerg\u00e9tique en Tunisie : que signifie l'augmentation des voitures d'occasion ?","canonical":"https:\/\/www.webdo.tn\/fr\/actualite\/national\/automobile-en-tunisie-la-transition-energetique-face-a-la-montee-du-marche-parallele\/394446\/","og_locale":"fr_FR","og_type":"article","og_title":"Automobile en Tunisie : La transition \u00e9nerg\u00e9tique face \u00e0 la mont\u00e9e du march\u00e9 parall\u00e8le","og_description":"Analyse des effets du march\u00e9 parall\u00e8le sur la transition \u00e9nerg\u00e9tique en Tunisie : que signifie l'augmentation des voitures d'occasion ?","og_url":"https:\/\/www.webdo.tn\/fr\/actualite\/national\/automobile-en-tunisie-la-transition-energetique-face-a-la-montee-du-marche-parallele\/394446\/","og_site_name":"webdo","article_publisher":"https:\/\/www.facebook.com\/webdotn","article_published_time":"2026-03-11T11:20:45+00:00","article_modified_time":"2026-03-11T11:20:48+00:00","og_image":[{"width":1200,"height":600,"url":"https:\/\/www.webdo.tn\/fr\/wp-content\/uploads\/2026\/03\/concessionnaires-automobiles.jpg","type":"image\/jpeg"}],"author":"Ramzi Haddad","twitter_card":"summary_large_image","twitter_creator":"@webdo_tn","twitter_site":"@webdo_tn","twitter_misc":{"\u00c9crit par":"Ramzi Haddad","Dur\u00e9e de lecture estim\u00e9e":"3 minutes"},"schema":{"@context":"https:\/\/schema.org","@graph":[{"@type":"NewsArticle","@id":"https:\/\/www.webdo.tn\/fr\/actualite\/national\/automobile-en-tunisie-la-transition-energetique-face-a-la-montee-du-marche-parallele\/394446\/#article","isPartOf":{"@id":"https:\/\/www.webdo.tn\/fr\/actualite\/national\/automobile-en-tunisie-la-transition-energetique-face-a-la-montee-du-marche-parallele\/394446\/"},"author":{"name":"Ramzi Haddad","@id":"https:\/\/www.webdo.tn\/fr\/#\/schema\/person\/5663044c25eb36d8f88ba5b653f12f8c"},"headline":"Automobile en Tunisie : La transition \u00e9nerg\u00e9tique face \u00e0 la mont\u00e9e du march\u00e9 parall\u00e8le","datePublished":"2026-03-11T11:20:45+00:00","dateModified":"2026-03-11T11:20:48+00:00","mainEntityOfPage":{"@id":"https:\/\/www.webdo.tn\/fr\/actualite\/national\/automobile-en-tunisie-la-transition-energetique-face-a-la-montee-du-marche-parallele\/394446\/"},"wordCount":617,"publisher":{"@id":"https:\/\/www.webdo.tn\/fr\/#organization"},"image":{"@id":"https:\/\/www.webdo.tn\/fr\/actualite\/national\/automobile-en-tunisie-la-transition-energetique-face-a-la-montee-du-marche-parallele\/394446\/#primaryimage"},"thumbnailUrl":"https:\/\/www.webdo.tn\/fr\/wp-content\/uploads\/2026\/03\/concessionnaires-automobiles.jpg","keywords":["Transition \u00e9nerg\u00e9tique","Tunisie","Voiture \u00e9lectrique"],"articleSection":["National"],"inLanguage":"fr-FR"},{"@type":"WebPage","@id":"https:\/\/www.webdo.tn\/fr\/actualite\/national\/automobile-en-tunisie-la-transition-energetique-face-a-la-montee-du-marche-parallele\/394446\/","url":"https:\/\/www.webdo.tn\/fr\/actualite\/national\/automobile-en-tunisie-la-transition-energetique-face-a-la-montee-du-marche-parallele\/394446\/","name":"Automobile en Tunisie : La transition \u00e9nerg\u00e9tique face \u00e0 la mont\u00e9e du march\u00e9 parall\u00e8le - webdo","isPartOf":{"@id":"https:\/\/www.webdo.tn\/fr\/#website"},"primaryImageOfPage":{"@id":"https:\/\/www.webdo.tn\/fr\/actualite\/national\/automobile-en-tunisie-la-transition-energetique-face-a-la-montee-du-marche-parallele\/394446\/#primaryimage"},"image":{"@id":"https:\/\/www.webdo.tn\/fr\/actualite\/national\/automobile-en-tunisie-la-transition-energetique-face-a-la-montee-du-marche-parallele\/394446\/#primaryimage"},"thumbnailUrl":"https:\/\/www.webdo.tn\/fr\/wp-content\/uploads\/2026\/03\/concessionnaires-automobiles.jpg","datePublished":"2026-03-11T11:20:45+00:00","dateModified":"2026-03-11T11:20:48+00:00","description":"Analyse des effets du march\u00e9 parall\u00e8le sur la transition \u00e9nerg\u00e9tique en Tunisie : que signifie l'augmentation des voitures d'occasion ?","breadcrumb":{"@id":"https:\/\/www.webdo.tn\/fr\/actualite\/national\/automobile-en-tunisie-la-transition-energetique-face-a-la-montee-du-marche-parallele\/394446\/#breadcrumb"},"inLanguage":"fr-FR","potentialAction":[{"@type":"ReadAction","target":["https:\/\/www.webdo.tn\/fr\/actualite\/national\/automobile-en-tunisie-la-transition-energetique-face-a-la-montee-du-marche-parallele\/394446\/"]}]},{"@type":"ImageObject","inLanguage":"fr-FR","@id":"https:\/\/www.webdo.tn\/fr\/actualite\/national\/automobile-en-tunisie-la-transition-energetique-face-a-la-montee-du-marche-parallele\/394446\/#primaryimage","url":"https:\/\/www.webdo.tn\/fr\/wp-content\/uploads\/2026\/03\/concessionnaires-automobiles.jpg","contentUrl":"https:\/\/www.webdo.tn\/fr\/wp-content\/uploads\/2026\/03\/concessionnaires-automobiles.jpg","width":1200,"height":600,"caption":"Voitures : la mont\u00e9e du march\u00e9 parall\u00e8le inqui\u00e8te les concessionnaires en Tunisie"},{"@type":"BreadcrumbList","@id":"https:\/\/www.webdo.tn\/fr\/actualite\/national\/automobile-en-tunisie-la-transition-energetique-face-a-la-montee-du-marche-parallele\/394446\/#breadcrumb","itemListElement":[{"@type":"ListItem","position":1,"name":"Accueil","item":"https:\/\/www.webdo.tn\/fr\/"},{"@type":"ListItem","position":2,"name":"Automobile en Tunisie : La transition \u00e9nerg\u00e9tique face \u00e0 la mont\u00e9e du march\u00e9 parall\u00e8le"}]},{"@type":"WebSite","@id":"https:\/\/www.webdo.tn\/fr\/#website","url":"https:\/\/www.webdo.tn\/fr\/","name":"webdo","description":"Tunisie - News en Tunisie et \u00e0 l&#039;international sur Webdo.tn","publisher":{"@id":"https:\/\/www.webdo.tn\/fr\/#organization"},"potentialAction":[{"@type":"SearchAction","target":{"@type":"EntryPoint","urlTemplate":"https:\/\/www.webdo.tn\/fr\/?s={search_term_string}"},"query-input":{"@type":"PropertyValueSpecification","valueRequired":true,"valueName":"search_term_string"}}],"inLanguage":"fr-FR"},{"@type":"Organization","@id":"https:\/\/www.webdo.tn\/fr\/#organization","name":"Webdo","alternateName":"Webdo.tn","url":"https:\/\/www.webdo.tn\/fr\/","logo":{"@type":"ImageObject","inLanguage":"fr-FR","@id":"https:\/\/www.webdo.tn\/fr\/#\/schema\/logo\/image\/","url":"https:\/\/www.webdo.tn\/fr\/wp-content\/uploads\/2025\/06\/Webdo-Tunisie_168377.jpg","contentUrl":"https:\/\/www.webdo.tn\/fr\/wp-content\/uploads\/2025\/06\/Webdo-Tunisie_168377.jpg","width":301,"height":301,"caption":"Webdo"},"image":{"@id":"https:\/\/www.webdo.tn\/fr\/#\/schema\/logo\/image\/"},"sameAs":["https:\/\/www.facebook.com\/webdotn","https:\/\/x.com\/webdo_tn"],"description":"Webdo est un m\u00e9dia num\u00e9rique tunisien fond\u00e9 en 2010, sp\u00e9cialis\u00e9 dans l\u2019actualit\u00e9 nationale et internationale, l\u2019\u00e9conomie, la soci\u00e9t\u00e9 et les analyses politiques. Le site s\u2019adresse \u00e0 un large public francophone et couvre l\u2019information tunisienne en temps r\u00e9el.","email":"redac@webdo.tn","legalName":"YNJ SARL","foundingDate":"2010-09-06","numberOfEmployees":{"@type":"QuantitativeValue","minValue":"11","maxValue":"50"}},{"@type":"Person","@id":"https:\/\/www.webdo.tn\/fr\/#\/schema\/person\/5663044c25eb36d8f88ba5b653f12f8c","name":"Ramzi Haddad","image":{"@type":"ImageObject","inLanguage":"fr-FR","@id":"https:\/\/www.webdo.tn\/fr\/wp-content\/uploads\/2026\/04\/ramzi-haddad_avatar-96x96.jpg","url":"https:\/\/www.webdo.tn\/fr\/wp-content\/uploads\/2026\/04\/ramzi-haddad_avatar-96x96.jpg","contentUrl":"https:\/\/www.webdo.tn\/fr\/wp-content\/uploads\/2026\/04\/ramzi-haddad_avatar-96x96.jpg","caption":"Ramzi Haddad"},"description":"Signature \u00e9ditoriale de Walid Ben Youssef Ramzi Haddad est le pseudonyme \u00e9ditorial de Walid Ben Youssef, fondateur et g\u00e9rant de Webdo.tn. Cette signature est d\u00e9di\u00e9e \u00e0 la couverture de l'actualit\u00e9 nationale et internationale, ainsi qu'aux analyses des dynamiques num\u00e9riques. Ce profil b\u00e9n\u00e9ficie de l'expertise de Walid Ben Youssef, pionnier du web en Tunisie depuis 2000 et dipl\u00f4m\u00e9 en Math\u00e9matiques pures de l'Universit\u00e9 d'Oregon. \u00c0 travers cette signature, la r\u00e9daction de Webdo garantit une information structur\u00e9e et v\u00e9rifi\u00e9e, fid\u00e8le aux standards journalistiques du m\u00e9dia.","url":"https:\/\/www.webdo.tn\/fr\/actualite\/author\/ramzi-haddad\/"}]}},"_links":{"self":[{"href":"https:\/\/www.webdo.tn\/fr\/wp-json\/wp\/v2\/posts\/394446","targetHints":{"allow":["GET"]}}],"collection":[{"href":"https:\/\/www.webdo.tn\/fr\/wp-json\/wp\/v2\/posts"}],"about":[{"href":"https:\/\/www.webdo.tn\/fr\/wp-json\/wp\/v2\/types\/post"}],"author":[{"embeddable":true,"href":"https:\/\/www.webdo.tn\/fr\/wp-json\/wp\/v2\/users\/3203"}],"replies":[{"embeddable":true,"href":"https:\/\/www.webdo.tn\/fr\/wp-json\/wp\/v2\/comments?post=394446"}],"version-history":[{"count":0,"href":"https:\/\/www.webdo.tn\/fr\/wp-json\/wp\/v2\/posts\/394446\/revisions"}],"wp:featuredmedia":[{"embeddable":true,"href":"https:\/\/www.webdo.tn\/fr\/wp-json\/wp\/v2\/media\/394448"}],"wp:attachment":[{"href":"https:\/\/www.webdo.tn\/fr\/wp-json\/wp\/v2\/media?parent=394446"}],"wp:term":[{"taxonomy":"category","embeddable":true,"href":"https:\/\/www.webdo.tn\/fr\/wp-json\/wp\/v2\/categories?post=394446"},{"taxonomy":"post_tag","embeddable":true,"href":"https:\/\/www.webdo.tn\/fr\/wp-json\/wp\/v2\/tags?post=394446"}],"curies":[{"name":"wp","href":"https:\/\/api.w.org\/{rel}","templated":true}]}}