{"id":394440,"date":"2026-03-11T11:01:12","date_gmt":"2026-03-11T10:01:12","guid":{"rendered":"https:\/\/www.webdo.tn\/fr\/?p=394440"},"modified":"2026-03-11T11:01:16","modified_gmt":"2026-03-11T10:01:16","slug":"en-2001-le-face-a-face-de-deux-candidats-tunisiens-pour-la-mairie-de-paris","status":"publish","type":"post","link":"https:\/\/www.webdo.tn\/fr\/actualite\/chroniques\/en-2001-le-face-a-face-de-deux-candidats-tunisiens-pour-la-mairie-de-paris\/394440\/","title":{"rendered":"En 2001, le face \u00e0 face de deux candidats \u00ab\u00a0tunisiens\u00a0\u00bb pour la mairie de Paris"},"content":{"rendered":"\n<p>En 2001, le hasard a voulu que les deux principaux candidats au fauteuil de maire de Paris soient n\u00e9s en Tunisie.<\/p>\n\n\n\n<p>En effet, aussi bien le candidat de la droite que celui de la gauche \u00e9taient n\u00e9s \u00e0 Tunis \u00e0 quelques ann\u00e9es d&rsquo;intervalle. Tous deux ont d&rsquo;ailleurs pass\u00e9 leurs jeunes ann\u00e9es en Bizerte pour l&rsquo;un et \u00e0 Tunis pour l&rsquo;autre.<\/p>\n\n\n\n<p>Le candidat malheureux \u00e0 la Mairie de la capitale fran\u00e7aise n&rsquo;\u00e9tait autre que Philippe S\u00e9guin. N\u00e9 en 1943, il sera d\u00e9put\u00e9 et ministre, occupant aussi le poste de pr\u00e9sident de l&rsquo;Assembl\u00e9e nationale fran\u00e7aise.<\/p>\n\n\n\n<p>Pour sa part, Bertrand Delanoe a remport\u00e9 le si\u00e8ge de maire de Paris qu&rsquo;il occupera durablement, laissant son empreinte dans la capitale fran\u00e7aise.<\/p>\n\n\n\n<p>Aussi bien, S\u00e9guin que Delanoe sont rest\u00e9s fid\u00e8les \u00e0 la Tunisie. Ce dernier continue \u00e0 y r\u00e9sider fr\u00e9quemment pour y retrouver les nostalgies du Bizerte de son enfance.<\/p>\n\n\n\n<p>Ce \u00a0\u00bb derby \u00a0\u00bb tunisois pour la mairie de Paris avait \u00e9t\u00e9 largement comment\u00e9 par la presse tunisienne de l&rsquo;\u00e9poque.<\/p>\n\n\n\n<blockquote class=\"wp-block-quote is-layout-flow wp-block-quote-is-layout-flow\">\n<blockquote class=\"wp-block-quote is-layout-flow wp-block-quote-is-layout-flow\">\n<p><strong>Lire aussi:<\/strong><\/p>\n\n\n\n<ul class=\"wp-block-list\">\n<li class=\"has-medium-font-size\"><a href=\"https:\/\/www.webdo.tn\/fr\/actualite\/tunis-hebdo\/chronique-de-hatem-bourial-petit-paris-malta-sghira-petite-sicile\/173299\/\">Petit Paris, Malta Sghira, Petite Sicile<\/a><\/li>\n\n\n\n<li class=\"has-medium-font-size\"><a href=\"https:\/\/www.webdo.tn\/fr\/actualite\/chroniques\/le-billet-de-hatem-bourial-aux-larmes-citoyens\/186764\/\">Le billet de Hatem Bourial \u2013 Aux larmes, citoyens\u2026<\/a><\/li>\n<\/ul>\n<\/blockquote>\n<\/blockquote>\n","protected":false},"excerpt":{"rendered":"<p>En 2001, le hasard a voulu que les deux principaux candidats au fauteuil de maire de Paris soient n\u00e9s en Tunisie. En effet, aussi bien le candidat de la droite que celui de la gauche \u00e9taient n\u00e9s \u00e0 Tunis \u00e0 quelques ann\u00e9es d&rsquo;intervalle. Tous deux ont d&rsquo;ailleurs pass\u00e9 leurs jeunes ann\u00e9es en Bizerte pour l&rsquo;un [&hellip;]<\/p>\n","protected":false},"author":3229,"featured_media":394442,"comment_status":"closed","ping_status":"closed","sticky":false,"template":"","format":"standard","meta":{"footnotes":""},"categories":[2596],"tags":[4888,5270],"class_list":["post-394440","post","type-post","status-publish","format-standard","has-post-thumbnail","hentry","category-chroniques","tag-maire","tag-paris"],"yoast_head":"<!-- This site is optimized with the Yoast SEO Premium plugin v27.5 (Yoast SEO v27.5) - https:\/\/yoast.com\/product\/yoast-seo-premium-wordpress\/ -->\n<title>En 2001, le face \u00e0 face de deux candidats &quot;tunisiens&quot; pour la mairie de Paris - webdo<\/title>\n<meta name=\"description\" content=\"D\u00e9couvrez comment, en 2001, deux candidats tunisiens ont disput\u00e9 la mairie de Paris. Un face-\u00e0-face m\u00e9morable.\" \/>\n<link rel=\"canonical\" href=\"https:\/\/www.webdo.tn\/fr\/actualite\/chroniques\/en-2001-le-face-a-face-de-deux-candidats-tunisiens-pour-la-mairie-de-paris\/394440\/\" \/>\n<meta property=\"og:locale\" content=\"fr_FR\" \/>\n<meta property=\"og:type\" content=\"article\" \/>\n<meta property=\"og:title\" content=\"En 2001, le face \u00e0 face de deux candidats &quot;tunisiens&quot; pour la mairie de Paris\" \/>\n<meta property=\"og:description\" content=\"D\u00e9couvrez comment, en 2001, deux candidats tunisiens ont disput\u00e9 la mairie de Paris. Un face-\u00e0-face m\u00e9morable.\" \/>\n<meta property=\"og:url\" content=\"https:\/\/www.webdo.tn\/fr\/actualite\/chroniques\/en-2001-le-face-a-face-de-deux-candidats-tunisiens-pour-la-mairie-de-paris\/394440\/\" \/>\n<meta property=\"og:site_name\" content=\"webdo\" \/>\n<meta property=\"article:publisher\" content=\"https:\/\/www.facebook.com\/webdotn\" \/>\n<meta property=\"article:author\" content=\"https:\/\/www.facebook.com\/hatem.bourial.2025\" \/>\n<meta property=\"article:published_time\" content=\"2026-03-11T10:01:12+00:00\" \/>\n<meta property=\"article:modified_time\" content=\"2026-03-11T10:01:16+00:00\" \/>\n<meta property=\"og:image\" content=\"https:\/\/www.webdo.tn\/fr\/wp-content\/uploads\/2026\/03\/Mairie-de-Paris.jpg\" \/>\n\t<meta property=\"og:image:width\" content=\"1200\" \/>\n\t<meta property=\"og:image:height\" content=\"600\" \/>\n\t<meta property=\"og:image:type\" content=\"image\/jpeg\" \/>\n<meta name=\"author\" content=\"Hatem Bourial\" \/>\n<meta name=\"twitter:card\" content=\"summary_large_image\" \/>\n<meta name=\"twitter:creator\" content=\"@webdo_tn\" \/>\n<meta name=\"twitter:site\" content=\"@webdo_tn\" \/>\n<meta name=\"twitter:label1\" content=\"\u00c9crit par\" \/>\n\t<meta name=\"twitter:data1\" content=\"Hatem Bourial\" \/>\n\t<meta name=\"twitter:label2\" content=\"Dur\u00e9e de lecture estim\u00e9e\" \/>\n\t<meta name=\"twitter:data2\" content=\"2 minutes\" \/>\n<script type=\"application\/ld+json\" class=\"yoast-schema-graph\">{\"@context\":\"https:\\\/\\\/schema.org\",\"@graph\":[{\"@type\":\"NewsArticle\",\"@id\":\"https:\\\/\\\/www.webdo.tn\\\/fr\\\/actualite\\\/chroniques\\\/en-2001-le-face-a-face-de-deux-candidats-tunisiens-pour-la-mairie-de-paris\\\/394440\\\/#article\",\"isPartOf\":{\"@id\":\"https:\\\/\\\/www.webdo.tn\\\/fr\\\/actualite\\\/chroniques\\\/en-2001-le-face-a-face-de-deux-candidats-tunisiens-pour-la-mairie-de-paris\\\/394440\\\/\"},\"author\":{\"name\":\"Hatem Bourial\",\"@id\":\"https:\\\/\\\/www.webdo.tn\\\/fr\\\/#\\\/schema\\\/person\\\/6bc0beba2cd23aec27cb5df85ca2554f\"},\"headline\":\"En 2001, le face \u00e0 face de deux candidats \u00ab\u00a0tunisiens\u00a0\u00bb pour la mairie de Paris\",\"datePublished\":\"2026-03-11T10:01:12+00:00\",\"dateModified\":\"2026-03-11T10:01:16+00:00\",\"mainEntityOfPage\":{\"@id\":\"https:\\\/\\\/www.webdo.tn\\\/fr\\\/actualite\\\/chroniques\\\/en-2001-le-face-a-face-de-deux-candidats-tunisiens-pour-la-mairie-de-paris\\\/394440\\\/\"},\"wordCount\":208,\"publisher\":{\"@id\":\"https:\\\/\\\/www.webdo.tn\\\/fr\\\/#organization\"},\"image\":{\"@id\":\"https:\\\/\\\/www.webdo.tn\\\/fr\\\/actualite\\\/chroniques\\\/en-2001-le-face-a-face-de-deux-candidats-tunisiens-pour-la-mairie-de-paris\\\/394440\\\/#primaryimage\"},\"thumbnailUrl\":\"https:\\\/\\\/www.webdo.tn\\\/fr\\\/wp-content\\\/uploads\\\/2026\\\/03\\\/Mairie-de-Paris.jpg\",\"keywords\":[\"Maire\",\"Paris\"],\"articleSection\":[\"Chroniques\"],\"inLanguage\":\"fr-FR\"},{\"@type\":\"WebPage\",\"@id\":\"https:\\\/\\\/www.webdo.tn\\\/fr\\\/actualite\\\/chroniques\\\/en-2001-le-face-a-face-de-deux-candidats-tunisiens-pour-la-mairie-de-paris\\\/394440\\\/\",\"url\":\"https:\\\/\\\/www.webdo.tn\\\/fr\\\/actualite\\\/chroniques\\\/en-2001-le-face-a-face-de-deux-candidats-tunisiens-pour-la-mairie-de-paris\\\/394440\\\/\",\"name\":\"En 2001, le face \u00e0 face de deux candidats \\\"tunisiens\\\" pour la mairie de Paris - webdo\",\"isPartOf\":{\"@id\":\"https:\\\/\\\/www.webdo.tn\\\/fr\\\/#website\"},\"primaryImageOfPage\":{\"@id\":\"https:\\\/\\\/www.webdo.tn\\\/fr\\\/actualite\\\/chroniques\\\/en-2001-le-face-a-face-de-deux-candidats-tunisiens-pour-la-mairie-de-paris\\\/394440\\\/#primaryimage\"},\"image\":{\"@id\":\"https:\\\/\\\/www.webdo.tn\\\/fr\\\/actualite\\\/chroniques\\\/en-2001-le-face-a-face-de-deux-candidats-tunisiens-pour-la-mairie-de-paris\\\/394440\\\/#primaryimage\"},\"thumbnailUrl\":\"https:\\\/\\\/www.webdo.tn\\\/fr\\\/wp-content\\\/uploads\\\/2026\\\/03\\\/Mairie-de-Paris.jpg\",\"datePublished\":\"2026-03-11T10:01:12+00:00\",\"dateModified\":\"2026-03-11T10:01:16+00:00\",\"description\":\"D\u00e9couvrez comment, en 2001, deux candidats tunisiens ont disput\u00e9 la mairie de Paris. Un face-\u00e0-face m\u00e9morable.\",\"breadcrumb\":{\"@id\":\"https:\\\/\\\/www.webdo.tn\\\/fr\\\/actualite\\\/chroniques\\\/en-2001-le-face-a-face-de-deux-candidats-tunisiens-pour-la-mairie-de-paris\\\/394440\\\/#breadcrumb\"},\"inLanguage\":\"fr-FR\",\"potentialAction\":[{\"@type\":\"ReadAction\",\"target\":[\"https:\\\/\\\/www.webdo.tn\\\/fr\\\/actualite\\\/chroniques\\\/en-2001-le-face-a-face-de-deux-candidats-tunisiens-pour-la-mairie-de-paris\\\/394440\\\/\"]}]},{\"@type\":\"ImageObject\",\"inLanguage\":\"fr-FR\",\"@id\":\"https:\\\/\\\/www.webdo.tn\\\/fr\\\/actualite\\\/chroniques\\\/en-2001-le-face-a-face-de-deux-candidats-tunisiens-pour-la-mairie-de-paris\\\/394440\\\/#primaryimage\",\"url\":\"https:\\\/\\\/www.webdo.tn\\\/fr\\\/wp-content\\\/uploads\\\/2026\\\/03\\\/Mairie-de-Paris.jpg\",\"contentUrl\":\"https:\\\/\\\/www.webdo.tn\\\/fr\\\/wp-content\\\/uploads\\\/2026\\\/03\\\/Mairie-de-Paris.jpg\",\"width\":1200,\"height\":600,\"caption\":\"En 2001, le hasard a voulu que les deux principaux candidats au fauteuil de maire de Paris soient n\u00e9s en Tunisie.\"},{\"@type\":\"BreadcrumbList\",\"@id\":\"https:\\\/\\\/www.webdo.tn\\\/fr\\\/actualite\\\/chroniques\\\/en-2001-le-face-a-face-de-deux-candidats-tunisiens-pour-la-mairie-de-paris\\\/394440\\\/#breadcrumb\",\"itemListElement\":[{\"@type\":\"ListItem\",\"position\":1,\"name\":\"Accueil\",\"item\":\"https:\\\/\\\/www.webdo.tn\\\/fr\\\/\"},{\"@type\":\"ListItem\",\"position\":2,\"name\":\"En 2001, le face \u00e0 face de deux candidats \u00ab\u00a0tunisiens\u00a0\u00bb pour la mairie de Paris\"}]},{\"@type\":\"WebSite\",\"@id\":\"https:\\\/\\\/www.webdo.tn\\\/fr\\\/#website\",\"url\":\"https:\\\/\\\/www.webdo.tn\\\/fr\\\/\",\"name\":\"webdo\",\"description\":\"Tunisie - News en Tunisie et \u00e0 l&#039;international sur Webdo.tn\",\"publisher\":{\"@id\":\"https:\\\/\\\/www.webdo.tn\\\/fr\\\/#organization\"},\"potentialAction\":[{\"@type\":\"SearchAction\",\"target\":{\"@type\":\"EntryPoint\",\"urlTemplate\":\"https:\\\/\\\/www.webdo.tn\\\/fr\\\/?s={search_term_string}\"},\"query-input\":{\"@type\":\"PropertyValueSpecification\",\"valueRequired\":true,\"valueName\":\"search_term_string\"}}],\"inLanguage\":\"fr-FR\"},{\"@type\":\"Organization\",\"@id\":\"https:\\\/\\\/www.webdo.tn\\\/fr\\\/#organization\",\"name\":\"Webdo\",\"alternateName\":\"Webdo.tn\",\"url\":\"https:\\\/\\\/www.webdo.tn\\\/fr\\\/\",\"logo\":{\"@type\":\"ImageObject\",\"inLanguage\":\"fr-FR\",\"@id\":\"https:\\\/\\\/www.webdo.tn\\\/fr\\\/#\\\/schema\\\/logo\\\/image\\\/\",\"url\":\"https:\\\/\\\/www.webdo.tn\\\/fr\\\/wp-content\\\/uploads\\\/2025\\\/06\\\/Webdo-Tunisie_168377.jpg\",\"contentUrl\":\"https:\\\/\\\/www.webdo.tn\\\/fr\\\/wp-content\\\/uploads\\\/2025\\\/06\\\/Webdo-Tunisie_168377.jpg\",\"width\":301,\"height\":301,\"caption\":\"Webdo\"},\"image\":{\"@id\":\"https:\\\/\\\/www.webdo.tn\\\/fr\\\/#\\\/schema\\\/logo\\\/image\\\/\"},\"sameAs\":[\"https:\\\/\\\/www.facebook.com\\\/webdotn\",\"https:\\\/\\\/x.com\\\/webdo_tn\"],\"description\":\"Webdo est un m\u00e9dia num\u00e9rique tunisien fond\u00e9 en 2010, sp\u00e9cialis\u00e9 dans l\u2019actualit\u00e9 nationale et internationale, l\u2019\u00e9conomie, la soci\u00e9t\u00e9 et les analyses politiques. Le site s\u2019adresse \u00e0 un large public francophone et couvre l\u2019information tunisienne en temps r\u00e9el.\",\"email\":\"redac@webdo.tn\",\"legalName\":\"YNJ SARL\",\"foundingDate\":\"2010-09-06\",\"numberOfEmployees\":{\"@type\":\"QuantitativeValue\",\"minValue\":\"11\",\"maxValue\":\"50\"}},{\"@type\":\"Person\",\"@id\":\"https:\\\/\\\/www.webdo.tn\\\/fr\\\/#\\\/schema\\\/person\\\/6bc0beba2cd23aec27cb5df85ca2554f\",\"name\":\"Hatem Bourial\",\"image\":{\"@type\":\"ImageObject\",\"inLanguage\":\"fr-FR\",\"@id\":\"https:\\\/\\\/www.webdo.tn\\\/fr\\\/wp-content\\\/uploads\\\/2026\\\/04\\\/hatem-bourial_avatar-96x96.jpg\",\"url\":\"https:\\\/\\\/www.webdo.tn\\\/fr\\\/wp-content\\\/uploads\\\/2026\\\/04\\\/hatem-bourial_avatar-96x96.jpg\",\"contentUrl\":\"https:\\\/\\\/www.webdo.tn\\\/fr\\\/wp-content\\\/uploads\\\/2026\\\/04\\\/hatem-bourial_avatar-96x96.jpg\",\"caption\":\"Hatem Bourial\"},\"description\":\"Hatem Bourial est journaliste, \u00e9crivain et chroniqueur tunisien. Actif depuis plusieurs d\u00e9cennies, il s\u2019est impos\u00e9 comme un observateur attentif de la soci\u00e9t\u00e9 tunisienne, m\u00ealant dans ses \u00e9crits m\u00e9moire, culture et analyse du quotidien. Auteur de nombreux ouvrages, il d\u00e9veloppe une \u0153uvre \u00e0 la crois\u00e9e du r\u00e9cit, de la po\u00e9sie et de l\u2019observation sociologique. Parall\u00e8lement \u00e0 ses contributions dans la presse, il intervient r\u00e9guli\u00e8rement \u00e0 la radio et dans des espaces culturels, o\u00f9 il explore les enjeux li\u00e9s au patrimoine, \u00e0 l\u2019identit\u00e9 et aux transformations du monde contemporain. \u00c0 travers ses chroniques, Hatem Bourial propose une lecture sensible et approfondie de l\u2019actualit\u00e9, nourrie par une exp\u00e9rience journalistique et litt\u00e9raire reconnue. \ud83d\udd17 Facebook : https:\\\/\\\/www.facebook.com\\\/hatem.bourial.2025\",\"sameAs\":[\"https:\\\/\\\/www.facebook.com\\\/hatem.bourial.2025\",\"https:\\\/\\\/fr.wikipedia.org\\\/wiki\\\/Fichier:Hatem_Bourial.jpg\"],\"knowsAbout\":[\"Culture & patrimoine tunisien\",\"Chronique soci\u00e9tale\",\"Litt\u00e9rature & m\u00e9moire\",\"Cin\u00e9ma & critique culturelle\",\"Identit\u00e9 & mutations sociales\"],\"knowsLanguage\":[\"Arabe\",\"Fran\u00e7ais\",\"Anglais\",\"Italien\",\"Polonais\"],\"jobTitle\":\"Journaliste, \u00e9crivain et chroniqueur culturel\",\"worksFor\":\"Webdo\",\"url\":\"https:\\\/\\\/www.webdo.tn\\\/fr\\\/actualite\\\/author\\\/hatem-bourial-2\\\/\"}]}<\/script>\n<!-- \/ Yoast SEO Premium plugin. -->","yoast_head_json":{"title":"En 2001, le face \u00e0 face de deux candidats \"tunisiens\" pour la mairie de Paris - webdo","description":"D\u00e9couvrez comment, en 2001, deux candidats tunisiens ont disput\u00e9 la mairie de Paris. Un face-\u00e0-face m\u00e9morable.","canonical":"https:\/\/www.webdo.tn\/fr\/actualite\/chroniques\/en-2001-le-face-a-face-de-deux-candidats-tunisiens-pour-la-mairie-de-paris\/394440\/","og_locale":"fr_FR","og_type":"article","og_title":"En 2001, le face \u00e0 face de deux candidats \"tunisiens\" pour la mairie de Paris","og_description":"D\u00e9couvrez comment, en 2001, deux candidats tunisiens ont disput\u00e9 la mairie de Paris. Un face-\u00e0-face m\u00e9morable.","og_url":"https:\/\/www.webdo.tn\/fr\/actualite\/chroniques\/en-2001-le-face-a-face-de-deux-candidats-tunisiens-pour-la-mairie-de-paris\/394440\/","og_site_name":"webdo","article_publisher":"https:\/\/www.facebook.com\/webdotn","article_author":"https:\/\/www.facebook.com\/hatem.bourial.2025","article_published_time":"2026-03-11T10:01:12+00:00","article_modified_time":"2026-03-11T10:01:16+00:00","og_image":[{"width":1200,"height":600,"url":"https:\/\/www.webdo.tn\/fr\/wp-content\/uploads\/2026\/03\/Mairie-de-Paris.jpg","type":"image\/jpeg"}],"author":"Hatem Bourial","twitter_card":"summary_large_image","twitter_creator":"@webdo_tn","twitter_site":"@webdo_tn","twitter_misc":{"\u00c9crit par":"Hatem Bourial","Dur\u00e9e de lecture estim\u00e9e":"2 minutes"},"schema":{"@context":"https:\/\/schema.org","@graph":[{"@type":"NewsArticle","@id":"https:\/\/www.webdo.tn\/fr\/actualite\/chroniques\/en-2001-le-face-a-face-de-deux-candidats-tunisiens-pour-la-mairie-de-paris\/394440\/#article","isPartOf":{"@id":"https:\/\/www.webdo.tn\/fr\/actualite\/chroniques\/en-2001-le-face-a-face-de-deux-candidats-tunisiens-pour-la-mairie-de-paris\/394440\/"},"author":{"name":"Hatem Bourial","@id":"https:\/\/www.webdo.tn\/fr\/#\/schema\/person\/6bc0beba2cd23aec27cb5df85ca2554f"},"headline":"En 2001, le face \u00e0 face de deux candidats \u00ab\u00a0tunisiens\u00a0\u00bb pour la mairie de Paris","datePublished":"2026-03-11T10:01:12+00:00","dateModified":"2026-03-11T10:01:16+00:00","mainEntityOfPage":{"@id":"https:\/\/www.webdo.tn\/fr\/actualite\/chroniques\/en-2001-le-face-a-face-de-deux-candidats-tunisiens-pour-la-mairie-de-paris\/394440\/"},"wordCount":208,"publisher":{"@id":"https:\/\/www.webdo.tn\/fr\/#organization"},"image":{"@id":"https:\/\/www.webdo.tn\/fr\/actualite\/chroniques\/en-2001-le-face-a-face-de-deux-candidats-tunisiens-pour-la-mairie-de-paris\/394440\/#primaryimage"},"thumbnailUrl":"https:\/\/www.webdo.tn\/fr\/wp-content\/uploads\/2026\/03\/Mairie-de-Paris.jpg","keywords":["Maire","Paris"],"articleSection":["Chroniques"],"inLanguage":"fr-FR"},{"@type":"WebPage","@id":"https:\/\/www.webdo.tn\/fr\/actualite\/chroniques\/en-2001-le-face-a-face-de-deux-candidats-tunisiens-pour-la-mairie-de-paris\/394440\/","url":"https:\/\/www.webdo.tn\/fr\/actualite\/chroniques\/en-2001-le-face-a-face-de-deux-candidats-tunisiens-pour-la-mairie-de-paris\/394440\/","name":"En 2001, le face \u00e0 face de deux candidats \"tunisiens\" pour la mairie de Paris - webdo","isPartOf":{"@id":"https:\/\/www.webdo.tn\/fr\/#website"},"primaryImageOfPage":{"@id":"https:\/\/www.webdo.tn\/fr\/actualite\/chroniques\/en-2001-le-face-a-face-de-deux-candidats-tunisiens-pour-la-mairie-de-paris\/394440\/#primaryimage"},"image":{"@id":"https:\/\/www.webdo.tn\/fr\/actualite\/chroniques\/en-2001-le-face-a-face-de-deux-candidats-tunisiens-pour-la-mairie-de-paris\/394440\/#primaryimage"},"thumbnailUrl":"https:\/\/www.webdo.tn\/fr\/wp-content\/uploads\/2026\/03\/Mairie-de-Paris.jpg","datePublished":"2026-03-11T10:01:12+00:00","dateModified":"2026-03-11T10:01:16+00:00","description":"D\u00e9couvrez comment, en 2001, deux candidats tunisiens ont disput\u00e9 la mairie de Paris. Un face-\u00e0-face m\u00e9morable.","breadcrumb":{"@id":"https:\/\/www.webdo.tn\/fr\/actualite\/chroniques\/en-2001-le-face-a-face-de-deux-candidats-tunisiens-pour-la-mairie-de-paris\/394440\/#breadcrumb"},"inLanguage":"fr-FR","potentialAction":[{"@type":"ReadAction","target":["https:\/\/www.webdo.tn\/fr\/actualite\/chroniques\/en-2001-le-face-a-face-de-deux-candidats-tunisiens-pour-la-mairie-de-paris\/394440\/"]}]},{"@type":"ImageObject","inLanguage":"fr-FR","@id":"https:\/\/www.webdo.tn\/fr\/actualite\/chroniques\/en-2001-le-face-a-face-de-deux-candidats-tunisiens-pour-la-mairie-de-paris\/394440\/#primaryimage","url":"https:\/\/www.webdo.tn\/fr\/wp-content\/uploads\/2026\/03\/Mairie-de-Paris.jpg","contentUrl":"https:\/\/www.webdo.tn\/fr\/wp-content\/uploads\/2026\/03\/Mairie-de-Paris.jpg","width":1200,"height":600,"caption":"En 2001, le hasard a voulu que les deux principaux candidats au fauteuil de maire de Paris soient n\u00e9s en Tunisie."},{"@type":"BreadcrumbList","@id":"https:\/\/www.webdo.tn\/fr\/actualite\/chroniques\/en-2001-le-face-a-face-de-deux-candidats-tunisiens-pour-la-mairie-de-paris\/394440\/#breadcrumb","itemListElement":[{"@type":"ListItem","position":1,"name":"Accueil","item":"https:\/\/www.webdo.tn\/fr\/"},{"@type":"ListItem","position":2,"name":"En 2001, le face \u00e0 face de deux candidats \u00ab\u00a0tunisiens\u00a0\u00bb pour la mairie de Paris"}]},{"@type":"WebSite","@id":"https:\/\/www.webdo.tn\/fr\/#website","url":"https:\/\/www.webdo.tn\/fr\/","name":"webdo","description":"Tunisie - News en Tunisie et \u00e0 l&#039;international sur Webdo.tn","publisher":{"@id":"https:\/\/www.webdo.tn\/fr\/#organization"},"potentialAction":[{"@type":"SearchAction","target":{"@type":"EntryPoint","urlTemplate":"https:\/\/www.webdo.tn\/fr\/?s={search_term_string}"},"query-input":{"@type":"PropertyValueSpecification","valueRequired":true,"valueName":"search_term_string"}}],"inLanguage":"fr-FR"},{"@type":"Organization","@id":"https:\/\/www.webdo.tn\/fr\/#organization","name":"Webdo","alternateName":"Webdo.tn","url":"https:\/\/www.webdo.tn\/fr\/","logo":{"@type":"ImageObject","inLanguage":"fr-FR","@id":"https:\/\/www.webdo.tn\/fr\/#\/schema\/logo\/image\/","url":"https:\/\/www.webdo.tn\/fr\/wp-content\/uploads\/2025\/06\/Webdo-Tunisie_168377.jpg","contentUrl":"https:\/\/www.webdo.tn\/fr\/wp-content\/uploads\/2025\/06\/Webdo-Tunisie_168377.jpg","width":301,"height":301,"caption":"Webdo"},"image":{"@id":"https:\/\/www.webdo.tn\/fr\/#\/schema\/logo\/image\/"},"sameAs":["https:\/\/www.facebook.com\/webdotn","https:\/\/x.com\/webdo_tn"],"description":"Webdo est un m\u00e9dia num\u00e9rique tunisien fond\u00e9 en 2010, sp\u00e9cialis\u00e9 dans l\u2019actualit\u00e9 nationale et internationale, l\u2019\u00e9conomie, la soci\u00e9t\u00e9 et les analyses politiques. Le site s\u2019adresse \u00e0 un large public francophone et couvre l\u2019information tunisienne en temps r\u00e9el.","email":"redac@webdo.tn","legalName":"YNJ SARL","foundingDate":"2010-09-06","numberOfEmployees":{"@type":"QuantitativeValue","minValue":"11","maxValue":"50"}},{"@type":"Person","@id":"https:\/\/www.webdo.tn\/fr\/#\/schema\/person\/6bc0beba2cd23aec27cb5df85ca2554f","name":"Hatem Bourial","image":{"@type":"ImageObject","inLanguage":"fr-FR","@id":"https:\/\/www.webdo.tn\/fr\/wp-content\/uploads\/2026\/04\/hatem-bourial_avatar-96x96.jpg","url":"https:\/\/www.webdo.tn\/fr\/wp-content\/uploads\/2026\/04\/hatem-bourial_avatar-96x96.jpg","contentUrl":"https:\/\/www.webdo.tn\/fr\/wp-content\/uploads\/2026\/04\/hatem-bourial_avatar-96x96.jpg","caption":"Hatem Bourial"},"description":"Hatem Bourial est journaliste, \u00e9crivain et chroniqueur tunisien. Actif depuis plusieurs d\u00e9cennies, il s\u2019est impos\u00e9 comme un observateur attentif de la soci\u00e9t\u00e9 tunisienne, m\u00ealant dans ses \u00e9crits m\u00e9moire, culture et analyse du quotidien. Auteur de nombreux ouvrages, il d\u00e9veloppe une \u0153uvre \u00e0 la crois\u00e9e du r\u00e9cit, de la po\u00e9sie et de l\u2019observation sociologique. Parall\u00e8lement \u00e0 ses contributions dans la presse, il intervient r\u00e9guli\u00e8rement \u00e0 la radio et dans des espaces culturels, o\u00f9 il explore les enjeux li\u00e9s au patrimoine, \u00e0 l\u2019identit\u00e9 et aux transformations du monde contemporain. \u00c0 travers ses chroniques, Hatem Bourial propose une lecture sensible et approfondie de l\u2019actualit\u00e9, nourrie par une exp\u00e9rience journalistique et litt\u00e9raire reconnue. \ud83d\udd17 Facebook : https:\/\/www.facebook.com\/hatem.bourial.2025","sameAs":["https:\/\/www.facebook.com\/hatem.bourial.2025","https:\/\/fr.wikipedia.org\/wiki\/Fichier:Hatem_Bourial.jpg"],"knowsAbout":["Culture & patrimoine tunisien","Chronique soci\u00e9tale","Litt\u00e9rature & m\u00e9moire","Cin\u00e9ma & critique culturelle","Identit\u00e9 & mutations sociales"],"knowsLanguage":["Arabe","Fran\u00e7ais","Anglais","Italien","Polonais"],"jobTitle":"Journaliste, \u00e9crivain et chroniqueur culturel","worksFor":"Webdo","url":"https:\/\/www.webdo.tn\/fr\/actualite\/author\/hatem-bourial-2\/"}]}},"_links":{"self":[{"href":"https:\/\/www.webdo.tn\/fr\/wp-json\/wp\/v2\/posts\/394440","targetHints":{"allow":["GET"]}}],"collection":[{"href":"https:\/\/www.webdo.tn\/fr\/wp-json\/wp\/v2\/posts"}],"about":[{"href":"https:\/\/www.webdo.tn\/fr\/wp-json\/wp\/v2\/types\/post"}],"author":[{"embeddable":true,"href":"https:\/\/www.webdo.tn\/fr\/wp-json\/wp\/v2\/users\/3229"}],"replies":[{"embeddable":true,"href":"https:\/\/www.webdo.tn\/fr\/wp-json\/wp\/v2\/comments?post=394440"}],"version-history":[{"count":0,"href":"https:\/\/www.webdo.tn\/fr\/wp-json\/wp\/v2\/posts\/394440\/revisions"}],"wp:featuredmedia":[{"embeddable":true,"href":"https:\/\/www.webdo.tn\/fr\/wp-json\/wp\/v2\/media\/394442"}],"wp:attachment":[{"href":"https:\/\/www.webdo.tn\/fr\/wp-json\/wp\/v2\/media?parent=394440"}],"wp:term":[{"taxonomy":"category","embeddable":true,"href":"https:\/\/www.webdo.tn\/fr\/wp-json\/wp\/v2\/categories?post=394440"},{"taxonomy":"post_tag","embeddable":true,"href":"https:\/\/www.webdo.tn\/fr\/wp-json\/wp\/v2\/tags?post=394440"}],"curies":[{"name":"wp","href":"https:\/\/api.w.org\/{rel}","templated":true}]}}