{"id":394422,"date":"2026-03-11T09:07:40","date_gmt":"2026-03-11T08:07:40","guid":{"rendered":"https:\/\/www.webdo.tn\/fr\/?p=394422"},"modified":"2026-03-11T09:07:42","modified_gmt":"2026-03-11T08:07:42","slug":"blanchiment-des-dents-mise-en-garde-contre-des-pratiques-illegales-en-tunisie","status":"publish","type":"post","link":"https:\/\/www.webdo.tn\/fr\/actualite\/national\/blanchiment-des-dents-mise-en-garde-contre-des-pratiques-illegales-en-tunisie\/394422\/","title":{"rendered":"Blanchiment des dents : Mise en garde contre des pratiques ill\u00e9gales en Tunisie"},"content":{"rendered":"\n<p><strong>Le minist\u00e8re de la Sant\u00e9 et le minist\u00e8re du Commerce et du D\u00e9veloppement des exportations ont mis en garde contre la multiplication d\u2019offres de blanchiment des dents propos\u00e9es en dehors du cadre m\u00e9dical. Dans un communiqu\u00e9 conjoint, les deux d\u00e9partements alertent sur des pratiques exerc\u00e9es dans des espaces non autoris\u00e9s et susceptibles de pr\u00e9senter des risques pour la sant\u00e9.<\/strong><\/p>\n\n\n\n<p>Selon ce communiqu\u00e9, des annonces et offres promotionnelles circulent sur internet et les r\u00e9seaux sociaux proposant des services de blanchiment dentaire dans des centres ou espaces non habilit\u00e9s. Ces services sont parfois accompagn\u00e9s de publicit\u00e9s trompeuses et de prix attractifs destin\u00e9s \u00e0 attirer les consommateurs.<\/p>\n\n\n\n<h2 class=\"wp-block-heading\" id=\"h-un-acte-medical-encadre-par-la-loi\">Un acte m\u00e9dical encadr\u00e9 par la loi<\/h2>\n\n\n\n<p>Les deux minist\u00e8res rappellent que le blanchiment des dents est consid\u00e9r\u00e9 comme un acte m\u00e9dical et qu\u2019il ne peut \u00eatre pratiqu\u00e9 que par un chirurgien-dentiste et dans des structures autoris\u00e9es.<\/p>\n\n\n\n<p>Les autorit\u00e9s soulignent \u00e9galement que les produits utilis\u00e9s dans ce type de traitement contiennent souvent des substances chimiques, notamment du peroxyde d\u2019hydrog\u00e8ne, qui peuvent pr\u00e9senter des risques en cas de mauvaise utilisation ou d\u2019absence de supervision m\u00e9dicale.<\/p>\n\n\n\n<h2 class=\"wp-block-heading\" id=\"h-des-limites-strictes-pour-les-produits-utilises\">Des limites strictes pour les produits utilis\u00e9s<\/h2>\n\n\n\n<p>Le communiqu\u00e9 pr\u00e9cise que l\u2019utilisation de produits contenant plus de 0,1 % de peroxyde d\u2019hydrog\u00e8ne est interdite en dehors des structures m\u00e9dicales autoris\u00e9es.<\/p>\n\n\n\n<p>Les produits dont la concentration se situe entre 0,1 % et 6 % ne peuvent \u00eatre utilis\u00e9s que par un chirurgien-dentiste ou sur prescription m\u00e9dicale. L\u2019usage de produits d\u00e9passant 6 % de peroxyde d\u2019hydrog\u00e8ne est \u00e9galement interdit.<\/p>\n\n\n\n<h2 class=\"wp-block-heading\" id=\"h-appel-a-la-vigilance\">Appel \u00e0 la vigilance<\/h2>\n\n\n\n<p>Face \u00e0 la prolif\u00e9ration de ces offres, les deux minist\u00e8res appellent les citoyens \u00e0 faire preuve de vigilance et \u00e0 \u00e9viter les centres improvis\u00e9s ou les services propos\u00e9s par des personnes non qualifi\u00e9es.<\/p>\n\n\n\n<p>Ils invitent \u00e9galement le public \u00e0 signaler toute activit\u00e9 suspecte ou toute pratique ill\u00e9gale aux autorit\u00e9s comp\u00e9tentes afin de permettre l\u2019application des mesures pr\u00e9vues par la loi.<\/p>\n\n\n\n<blockquote class=\"wp-block-quote is-layout-flow wp-block-quote-is-layout-flow\">\n<blockquote class=\"wp-block-quote is-layout-flow wp-block-quote-is-layout-flow\">\n<p><strong>Lire aussi:<\/strong><\/p>\n\n\n\n<ul class=\"wp-block-list\">\n<li class=\"has-medium-font-size\"><a href=\"https:\/\/www.webdo.tn\/fr\/actualite\/national\/lordre-des-pharmaciens-alerte-sur-la-vente-illegale-de-medicaments-dangereux-sur-les-reseaux-sociaux\/391606\/\">L\u2019Ordre des pharmaciens alerte sur la vente ill\u00e9gale de m\u00e9dicaments dangereux sur les r\u00e9seaux sociaux<\/a><\/li>\n<\/ul>\n<\/blockquote>\n<\/blockquote>\n\n\n\n<iframe src=\"https:\/\/www.facebook.com\/plugins\/post.php?href=https%3A%2F%2Fwww.facebook.com%2Fsantetunisie.rns.tn%2Fposts%2Fpfbid05AYFYdTjcUq5nqGRChqi6ffyY94wk8QXQ6yDkGMzFswn843z3yS94Ub2NmF4kHQJl&#038;show_text=true&#038;width=500\" width=\"500\" height=\"590\" style=\"border:none;overflow:hidden\" scrolling=\"no\" frameborder=\"0\" allowfullscreen=\"true\" allow=\"autoplay; clipboard-write; encrypted-media; picture-in-picture; web-share\"><\/iframe>\n","protected":false},"excerpt":{"rendered":"<p>Le minist\u00e8re de la Sant\u00e9 et le minist\u00e8re du Commerce et du D\u00e9veloppement des exportations ont mis en garde contre la multiplication d\u2019offres de blanchiment des dents propos\u00e9es en dehors du cadre m\u00e9dical. Dans un communiqu\u00e9 conjoint, les deux d\u00e9partements alertent sur des pratiques exerc\u00e9es dans des espaces non autoris\u00e9s et susceptibles de pr\u00e9senter des [&hellip;]<\/p>\n","protected":false},"author":3203,"featured_media":394424,"comment_status":"closed","ping_status":"closed","sticky":false,"template":"","format":"standard","meta":{"footnotes":""},"categories":[44],"tags":[3193,3009,2608],"class_list":["post-394422","post","type-post","status-publish","format-standard","has-post-thumbnail","hentry","category-national","tag-dentistes","tag-ministere-de-la-sante","tag-tunisie"],"yoast_head":"<!-- This site is optimized with the Yoast SEO Premium plugin v27.5 (Yoast SEO v27.5) - https:\/\/yoast.com\/product\/yoast-seo-premium-wordpress\/ -->\n<title>Blanchiment des dents : Mise en garde contre des pratiques ill\u00e9gales en Tunisie - webdo<\/title>\n<meta name=\"description\" content=\"Le blanchiment des dents doit \u00eatre effectu\u00e9 par des professionnels. D\u00e9couvrez les mises en garde contre les pratiques ill\u00e9gales en Tunisie.\" \/>\n<link rel=\"canonical\" href=\"https:\/\/www.webdo.tn\/fr\/actualite\/national\/blanchiment-des-dents-mise-en-garde-contre-des-pratiques-illegales-en-tunisie\/394422\/\" \/>\n<meta property=\"og:locale\" content=\"fr_FR\" \/>\n<meta property=\"og:type\" content=\"article\" \/>\n<meta property=\"og:title\" content=\"Blanchiment des dents : Mise en garde contre des pratiques ill\u00e9gales en Tunisie\" \/>\n<meta property=\"og:description\" content=\"Le blanchiment des dents doit \u00eatre effectu\u00e9 par des professionnels. D\u00e9couvrez les mises en garde contre les pratiques ill\u00e9gales en Tunisie.\" \/>\n<meta property=\"og:url\" content=\"https:\/\/www.webdo.tn\/fr\/actualite\/national\/blanchiment-des-dents-mise-en-garde-contre-des-pratiques-illegales-en-tunisie\/394422\/\" \/>\n<meta property=\"og:site_name\" content=\"webdo\" \/>\n<meta property=\"article:publisher\" content=\"https:\/\/www.facebook.com\/webdotn\" \/>\n<meta property=\"article:published_time\" content=\"2026-03-11T08:07:40+00:00\" \/>\n<meta property=\"article:modified_time\" content=\"2026-03-11T08:07:42+00:00\" \/>\n<meta property=\"og:image\" content=\"https:\/\/www.webdo.tn\/fr\/wp-content\/uploads\/2026\/03\/Blanchiment-des-dents.jpg\" \/>\n\t<meta property=\"og:image:width\" content=\"1200\" \/>\n\t<meta property=\"og:image:height\" content=\"600\" \/>\n\t<meta property=\"og:image:type\" content=\"image\/jpeg\" \/>\n<meta name=\"author\" content=\"Ramzi Haddad\" \/>\n<meta name=\"twitter:card\" content=\"summary_large_image\" \/>\n<meta name=\"twitter:creator\" content=\"@webdo_tn\" \/>\n<meta name=\"twitter:site\" content=\"@webdo_tn\" \/>\n<meta name=\"twitter:label1\" content=\"\u00c9crit par\" \/>\n\t<meta name=\"twitter:data1\" content=\"Ramzi Haddad\" \/>\n\t<meta name=\"twitter:label2\" content=\"Dur\u00e9e de lecture estim\u00e9e\" \/>\n\t<meta name=\"twitter:data2\" content=\"2 minutes\" \/>\n<script type=\"application\/ld+json\" class=\"yoast-schema-graph\">{\"@context\":\"https:\\\/\\\/schema.org\",\"@graph\":[{\"@type\":\"NewsArticle\",\"@id\":\"https:\\\/\\\/www.webdo.tn\\\/fr\\\/actualite\\\/national\\\/blanchiment-des-dents-mise-en-garde-contre-des-pratiques-illegales-en-tunisie\\\/394422\\\/#article\",\"isPartOf\":{\"@id\":\"https:\\\/\\\/www.webdo.tn\\\/fr\\\/actualite\\\/national\\\/blanchiment-des-dents-mise-en-garde-contre-des-pratiques-illegales-en-tunisie\\\/394422\\\/\"},\"author\":{\"name\":\"Ramzi Haddad\",\"@id\":\"https:\\\/\\\/www.webdo.tn\\\/fr\\\/#\\\/schema\\\/person\\\/5663044c25eb36d8f88ba5b653f12f8c\"},\"headline\":\"Blanchiment des dents : Mise en garde contre des pratiques ill\u00e9gales en Tunisie\",\"datePublished\":\"2026-03-11T08:07:40+00:00\",\"dateModified\":\"2026-03-11T08:07:42+00:00\",\"mainEntityOfPage\":{\"@id\":\"https:\\\/\\\/www.webdo.tn\\\/fr\\\/actualite\\\/national\\\/blanchiment-des-dents-mise-en-garde-contre-des-pratiques-illegales-en-tunisie\\\/394422\\\/\"},\"wordCount\":380,\"publisher\":{\"@id\":\"https:\\\/\\\/www.webdo.tn\\\/fr\\\/#organization\"},\"image\":{\"@id\":\"https:\\\/\\\/www.webdo.tn\\\/fr\\\/actualite\\\/national\\\/blanchiment-des-dents-mise-en-garde-contre-des-pratiques-illegales-en-tunisie\\\/394422\\\/#primaryimage\"},\"thumbnailUrl\":\"https:\\\/\\\/www.webdo.tn\\\/fr\\\/wp-content\\\/uploads\\\/2026\\\/03\\\/Blanchiment-des-dents.jpg\",\"keywords\":[\"dentistes\",\"Minist\u00e8re de la Sant\u00e9\",\"Tunisie\"],\"articleSection\":[\"National\"],\"inLanguage\":\"fr-FR\"},{\"@type\":\"WebPage\",\"@id\":\"https:\\\/\\\/www.webdo.tn\\\/fr\\\/actualite\\\/national\\\/blanchiment-des-dents-mise-en-garde-contre-des-pratiques-illegales-en-tunisie\\\/394422\\\/\",\"url\":\"https:\\\/\\\/www.webdo.tn\\\/fr\\\/actualite\\\/national\\\/blanchiment-des-dents-mise-en-garde-contre-des-pratiques-illegales-en-tunisie\\\/394422\\\/\",\"name\":\"Blanchiment des dents : Mise en garde contre des pratiques ill\u00e9gales en Tunisie - webdo\",\"isPartOf\":{\"@id\":\"https:\\\/\\\/www.webdo.tn\\\/fr\\\/#website\"},\"primaryImageOfPage\":{\"@id\":\"https:\\\/\\\/www.webdo.tn\\\/fr\\\/actualite\\\/national\\\/blanchiment-des-dents-mise-en-garde-contre-des-pratiques-illegales-en-tunisie\\\/394422\\\/#primaryimage\"},\"image\":{\"@id\":\"https:\\\/\\\/www.webdo.tn\\\/fr\\\/actualite\\\/national\\\/blanchiment-des-dents-mise-en-garde-contre-des-pratiques-illegales-en-tunisie\\\/394422\\\/#primaryimage\"},\"thumbnailUrl\":\"https:\\\/\\\/www.webdo.tn\\\/fr\\\/wp-content\\\/uploads\\\/2026\\\/03\\\/Blanchiment-des-dents.jpg\",\"datePublished\":\"2026-03-11T08:07:40+00:00\",\"dateModified\":\"2026-03-11T08:07:42+00:00\",\"description\":\"Le blanchiment des dents doit \u00eatre effectu\u00e9 par des professionnels. D\u00e9couvrez les mises en garde contre les pratiques ill\u00e9gales en Tunisie.\",\"breadcrumb\":{\"@id\":\"https:\\\/\\\/www.webdo.tn\\\/fr\\\/actualite\\\/national\\\/blanchiment-des-dents-mise-en-garde-contre-des-pratiques-illegales-en-tunisie\\\/394422\\\/#breadcrumb\"},\"inLanguage\":\"fr-FR\",\"potentialAction\":[{\"@type\":\"ReadAction\",\"target\":[\"https:\\\/\\\/www.webdo.tn\\\/fr\\\/actualite\\\/national\\\/blanchiment-des-dents-mise-en-garde-contre-des-pratiques-illegales-en-tunisie\\\/394422\\\/\"]}]},{\"@type\":\"ImageObject\",\"inLanguage\":\"fr-FR\",\"@id\":\"https:\\\/\\\/www.webdo.tn\\\/fr\\\/actualite\\\/national\\\/blanchiment-des-dents-mise-en-garde-contre-des-pratiques-illegales-en-tunisie\\\/394422\\\/#primaryimage\",\"url\":\"https:\\\/\\\/www.webdo.tn\\\/fr\\\/wp-content\\\/uploads\\\/2026\\\/03\\\/Blanchiment-des-dents.jpg\",\"contentUrl\":\"https:\\\/\\\/www.webdo.tn\\\/fr\\\/wp-content\\\/uploads\\\/2026\\\/03\\\/Blanchiment-des-dents.jpg\",\"width\":1200,\"height\":600,\"caption\":\"Promotions sur internet : les autorit\u00e9s alertent sur le blanchiment des dents hors cabinets m\u00e9dicaux\"},{\"@type\":\"BreadcrumbList\",\"@id\":\"https:\\\/\\\/www.webdo.tn\\\/fr\\\/actualite\\\/national\\\/blanchiment-des-dents-mise-en-garde-contre-des-pratiques-illegales-en-tunisie\\\/394422\\\/#breadcrumb\",\"itemListElement\":[{\"@type\":\"ListItem\",\"position\":1,\"name\":\"Accueil\",\"item\":\"https:\\\/\\\/www.webdo.tn\\\/fr\\\/\"},{\"@type\":\"ListItem\",\"position\":2,\"name\":\"Blanchiment des dents : Mise en garde contre des pratiques ill\u00e9gales en Tunisie\"}]},{\"@type\":\"WebSite\",\"@id\":\"https:\\\/\\\/www.webdo.tn\\\/fr\\\/#website\",\"url\":\"https:\\\/\\\/www.webdo.tn\\\/fr\\\/\",\"name\":\"webdo\",\"description\":\"Tunisie - News en Tunisie et \u00e0 l&#039;international sur Webdo.tn\",\"publisher\":{\"@id\":\"https:\\\/\\\/www.webdo.tn\\\/fr\\\/#organization\"},\"potentialAction\":[{\"@type\":\"SearchAction\",\"target\":{\"@type\":\"EntryPoint\",\"urlTemplate\":\"https:\\\/\\\/www.webdo.tn\\\/fr\\\/?s={search_term_string}\"},\"query-input\":{\"@type\":\"PropertyValueSpecification\",\"valueRequired\":true,\"valueName\":\"search_term_string\"}}],\"inLanguage\":\"fr-FR\"},{\"@type\":\"Organization\",\"@id\":\"https:\\\/\\\/www.webdo.tn\\\/fr\\\/#organization\",\"name\":\"Webdo\",\"alternateName\":\"Webdo.tn\",\"url\":\"https:\\\/\\\/www.webdo.tn\\\/fr\\\/\",\"logo\":{\"@type\":\"ImageObject\",\"inLanguage\":\"fr-FR\",\"@id\":\"https:\\\/\\\/www.webdo.tn\\\/fr\\\/#\\\/schema\\\/logo\\\/image\\\/\",\"url\":\"https:\\\/\\\/www.webdo.tn\\\/fr\\\/wp-content\\\/uploads\\\/2025\\\/06\\\/Webdo-Tunisie_168377.jpg\",\"contentUrl\":\"https:\\\/\\\/www.webdo.tn\\\/fr\\\/wp-content\\\/uploads\\\/2025\\\/06\\\/Webdo-Tunisie_168377.jpg\",\"width\":301,\"height\":301,\"caption\":\"Webdo\"},\"image\":{\"@id\":\"https:\\\/\\\/www.webdo.tn\\\/fr\\\/#\\\/schema\\\/logo\\\/image\\\/\"},\"sameAs\":[\"https:\\\/\\\/www.facebook.com\\\/webdotn\",\"https:\\\/\\\/x.com\\\/webdo_tn\"],\"description\":\"Webdo est un m\u00e9dia num\u00e9rique tunisien fond\u00e9 en 2010, sp\u00e9cialis\u00e9 dans l\u2019actualit\u00e9 nationale et internationale, l\u2019\u00e9conomie, la soci\u00e9t\u00e9 et les analyses politiques. Le site s\u2019adresse \u00e0 un large public francophone et couvre l\u2019information tunisienne en temps r\u00e9el.\",\"email\":\"redac@webdo.tn\",\"legalName\":\"YNJ SARL\",\"foundingDate\":\"2010-09-06\",\"numberOfEmployees\":{\"@type\":\"QuantitativeValue\",\"minValue\":\"11\",\"maxValue\":\"50\"}},{\"@type\":\"Person\",\"@id\":\"https:\\\/\\\/www.webdo.tn\\\/fr\\\/#\\\/schema\\\/person\\\/5663044c25eb36d8f88ba5b653f12f8c\",\"name\":\"Ramzi Haddad\",\"image\":{\"@type\":\"ImageObject\",\"inLanguage\":\"fr-FR\",\"@id\":\"https:\\\/\\\/www.webdo.tn\\\/fr\\\/wp-content\\\/uploads\\\/2026\\\/04\\\/ramzi-haddad_avatar-96x96.jpg\",\"url\":\"https:\\\/\\\/www.webdo.tn\\\/fr\\\/wp-content\\\/uploads\\\/2026\\\/04\\\/ramzi-haddad_avatar-96x96.jpg\",\"contentUrl\":\"https:\\\/\\\/www.webdo.tn\\\/fr\\\/wp-content\\\/uploads\\\/2026\\\/04\\\/ramzi-haddad_avatar-96x96.jpg\",\"caption\":\"Ramzi Haddad\"},\"description\":\"Signature \u00e9ditoriale de Walid Ben Youssef Ramzi Haddad est le pseudonyme \u00e9ditorial de Walid Ben Youssef, fondateur et g\u00e9rant de Webdo.tn. Cette signature est d\u00e9di\u00e9e \u00e0 la couverture de l'actualit\u00e9 nationale et internationale, ainsi qu'aux analyses des dynamiques num\u00e9riques. Ce profil b\u00e9n\u00e9ficie de l'expertise de Walid Ben Youssef, pionnier du web en Tunisie depuis 2000 et dipl\u00f4m\u00e9 en Math\u00e9matiques pures de l'Universit\u00e9 d'Oregon. \u00c0 travers cette signature, la r\u00e9daction de Webdo garantit une information structur\u00e9e et v\u00e9rifi\u00e9e, fid\u00e8le aux standards journalistiques du m\u00e9dia.\",\"url\":\"https:\\\/\\\/www.webdo.tn\\\/fr\\\/actualite\\\/author\\\/ramzi-haddad\\\/\"}]}<\/script>\n<!-- \/ Yoast SEO Premium plugin. -->","yoast_head_json":{"title":"Blanchiment des dents : Mise en garde contre des pratiques ill\u00e9gales en Tunisie - webdo","description":"Le blanchiment des dents doit \u00eatre effectu\u00e9 par des professionnels. D\u00e9couvrez les mises en garde contre les pratiques ill\u00e9gales en Tunisie.","canonical":"https:\/\/www.webdo.tn\/fr\/actualite\/national\/blanchiment-des-dents-mise-en-garde-contre-des-pratiques-illegales-en-tunisie\/394422\/","og_locale":"fr_FR","og_type":"article","og_title":"Blanchiment des dents : Mise en garde contre des pratiques ill\u00e9gales en Tunisie","og_description":"Le blanchiment des dents doit \u00eatre effectu\u00e9 par des professionnels. D\u00e9couvrez les mises en garde contre les pratiques ill\u00e9gales en Tunisie.","og_url":"https:\/\/www.webdo.tn\/fr\/actualite\/national\/blanchiment-des-dents-mise-en-garde-contre-des-pratiques-illegales-en-tunisie\/394422\/","og_site_name":"webdo","article_publisher":"https:\/\/www.facebook.com\/webdotn","article_published_time":"2026-03-11T08:07:40+00:00","article_modified_time":"2026-03-11T08:07:42+00:00","og_image":[{"width":1200,"height":600,"url":"https:\/\/www.webdo.tn\/fr\/wp-content\/uploads\/2026\/03\/Blanchiment-des-dents.jpg","type":"image\/jpeg"}],"author":"Ramzi Haddad","twitter_card":"summary_large_image","twitter_creator":"@webdo_tn","twitter_site":"@webdo_tn","twitter_misc":{"\u00c9crit par":"Ramzi Haddad","Dur\u00e9e de lecture estim\u00e9e":"2 minutes"},"schema":{"@context":"https:\/\/schema.org","@graph":[{"@type":"NewsArticle","@id":"https:\/\/www.webdo.tn\/fr\/actualite\/national\/blanchiment-des-dents-mise-en-garde-contre-des-pratiques-illegales-en-tunisie\/394422\/#article","isPartOf":{"@id":"https:\/\/www.webdo.tn\/fr\/actualite\/national\/blanchiment-des-dents-mise-en-garde-contre-des-pratiques-illegales-en-tunisie\/394422\/"},"author":{"name":"Ramzi Haddad","@id":"https:\/\/www.webdo.tn\/fr\/#\/schema\/person\/5663044c25eb36d8f88ba5b653f12f8c"},"headline":"Blanchiment des dents : Mise en garde contre des pratiques ill\u00e9gales en Tunisie","datePublished":"2026-03-11T08:07:40+00:00","dateModified":"2026-03-11T08:07:42+00:00","mainEntityOfPage":{"@id":"https:\/\/www.webdo.tn\/fr\/actualite\/national\/blanchiment-des-dents-mise-en-garde-contre-des-pratiques-illegales-en-tunisie\/394422\/"},"wordCount":380,"publisher":{"@id":"https:\/\/www.webdo.tn\/fr\/#organization"},"image":{"@id":"https:\/\/www.webdo.tn\/fr\/actualite\/national\/blanchiment-des-dents-mise-en-garde-contre-des-pratiques-illegales-en-tunisie\/394422\/#primaryimage"},"thumbnailUrl":"https:\/\/www.webdo.tn\/fr\/wp-content\/uploads\/2026\/03\/Blanchiment-des-dents.jpg","keywords":["dentistes","Minist\u00e8re de la Sant\u00e9","Tunisie"],"articleSection":["National"],"inLanguage":"fr-FR"},{"@type":"WebPage","@id":"https:\/\/www.webdo.tn\/fr\/actualite\/national\/blanchiment-des-dents-mise-en-garde-contre-des-pratiques-illegales-en-tunisie\/394422\/","url":"https:\/\/www.webdo.tn\/fr\/actualite\/national\/blanchiment-des-dents-mise-en-garde-contre-des-pratiques-illegales-en-tunisie\/394422\/","name":"Blanchiment des dents : Mise en garde contre des pratiques ill\u00e9gales en Tunisie - webdo","isPartOf":{"@id":"https:\/\/www.webdo.tn\/fr\/#website"},"primaryImageOfPage":{"@id":"https:\/\/www.webdo.tn\/fr\/actualite\/national\/blanchiment-des-dents-mise-en-garde-contre-des-pratiques-illegales-en-tunisie\/394422\/#primaryimage"},"image":{"@id":"https:\/\/www.webdo.tn\/fr\/actualite\/national\/blanchiment-des-dents-mise-en-garde-contre-des-pratiques-illegales-en-tunisie\/394422\/#primaryimage"},"thumbnailUrl":"https:\/\/www.webdo.tn\/fr\/wp-content\/uploads\/2026\/03\/Blanchiment-des-dents.jpg","datePublished":"2026-03-11T08:07:40+00:00","dateModified":"2026-03-11T08:07:42+00:00","description":"Le blanchiment des dents doit \u00eatre effectu\u00e9 par des professionnels. D\u00e9couvrez les mises en garde contre les pratiques ill\u00e9gales en Tunisie.","breadcrumb":{"@id":"https:\/\/www.webdo.tn\/fr\/actualite\/national\/blanchiment-des-dents-mise-en-garde-contre-des-pratiques-illegales-en-tunisie\/394422\/#breadcrumb"},"inLanguage":"fr-FR","potentialAction":[{"@type":"ReadAction","target":["https:\/\/www.webdo.tn\/fr\/actualite\/national\/blanchiment-des-dents-mise-en-garde-contre-des-pratiques-illegales-en-tunisie\/394422\/"]}]},{"@type":"ImageObject","inLanguage":"fr-FR","@id":"https:\/\/www.webdo.tn\/fr\/actualite\/national\/blanchiment-des-dents-mise-en-garde-contre-des-pratiques-illegales-en-tunisie\/394422\/#primaryimage","url":"https:\/\/www.webdo.tn\/fr\/wp-content\/uploads\/2026\/03\/Blanchiment-des-dents.jpg","contentUrl":"https:\/\/www.webdo.tn\/fr\/wp-content\/uploads\/2026\/03\/Blanchiment-des-dents.jpg","width":1200,"height":600,"caption":"Promotions sur internet : les autorit\u00e9s alertent sur le blanchiment des dents hors cabinets m\u00e9dicaux"},{"@type":"BreadcrumbList","@id":"https:\/\/www.webdo.tn\/fr\/actualite\/national\/blanchiment-des-dents-mise-en-garde-contre-des-pratiques-illegales-en-tunisie\/394422\/#breadcrumb","itemListElement":[{"@type":"ListItem","position":1,"name":"Accueil","item":"https:\/\/www.webdo.tn\/fr\/"},{"@type":"ListItem","position":2,"name":"Blanchiment des dents : Mise en garde contre des pratiques ill\u00e9gales en Tunisie"}]},{"@type":"WebSite","@id":"https:\/\/www.webdo.tn\/fr\/#website","url":"https:\/\/www.webdo.tn\/fr\/","name":"webdo","description":"Tunisie - News en Tunisie et \u00e0 l&#039;international sur Webdo.tn","publisher":{"@id":"https:\/\/www.webdo.tn\/fr\/#organization"},"potentialAction":[{"@type":"SearchAction","target":{"@type":"EntryPoint","urlTemplate":"https:\/\/www.webdo.tn\/fr\/?s={search_term_string}"},"query-input":{"@type":"PropertyValueSpecification","valueRequired":true,"valueName":"search_term_string"}}],"inLanguage":"fr-FR"},{"@type":"Organization","@id":"https:\/\/www.webdo.tn\/fr\/#organization","name":"Webdo","alternateName":"Webdo.tn","url":"https:\/\/www.webdo.tn\/fr\/","logo":{"@type":"ImageObject","inLanguage":"fr-FR","@id":"https:\/\/www.webdo.tn\/fr\/#\/schema\/logo\/image\/","url":"https:\/\/www.webdo.tn\/fr\/wp-content\/uploads\/2025\/06\/Webdo-Tunisie_168377.jpg","contentUrl":"https:\/\/www.webdo.tn\/fr\/wp-content\/uploads\/2025\/06\/Webdo-Tunisie_168377.jpg","width":301,"height":301,"caption":"Webdo"},"image":{"@id":"https:\/\/www.webdo.tn\/fr\/#\/schema\/logo\/image\/"},"sameAs":["https:\/\/www.facebook.com\/webdotn","https:\/\/x.com\/webdo_tn"],"description":"Webdo est un m\u00e9dia num\u00e9rique tunisien fond\u00e9 en 2010, sp\u00e9cialis\u00e9 dans l\u2019actualit\u00e9 nationale et internationale, l\u2019\u00e9conomie, la soci\u00e9t\u00e9 et les analyses politiques. Le site s\u2019adresse \u00e0 un large public francophone et couvre l\u2019information tunisienne en temps r\u00e9el.","email":"redac@webdo.tn","legalName":"YNJ SARL","foundingDate":"2010-09-06","numberOfEmployees":{"@type":"QuantitativeValue","minValue":"11","maxValue":"50"}},{"@type":"Person","@id":"https:\/\/www.webdo.tn\/fr\/#\/schema\/person\/5663044c25eb36d8f88ba5b653f12f8c","name":"Ramzi Haddad","image":{"@type":"ImageObject","inLanguage":"fr-FR","@id":"https:\/\/www.webdo.tn\/fr\/wp-content\/uploads\/2026\/04\/ramzi-haddad_avatar-96x96.jpg","url":"https:\/\/www.webdo.tn\/fr\/wp-content\/uploads\/2026\/04\/ramzi-haddad_avatar-96x96.jpg","contentUrl":"https:\/\/www.webdo.tn\/fr\/wp-content\/uploads\/2026\/04\/ramzi-haddad_avatar-96x96.jpg","caption":"Ramzi Haddad"},"description":"Signature \u00e9ditoriale de Walid Ben Youssef Ramzi Haddad est le pseudonyme \u00e9ditorial de Walid Ben Youssef, fondateur et g\u00e9rant de Webdo.tn. Cette signature est d\u00e9di\u00e9e \u00e0 la couverture de l'actualit\u00e9 nationale et internationale, ainsi qu'aux analyses des dynamiques num\u00e9riques. Ce profil b\u00e9n\u00e9ficie de l'expertise de Walid Ben Youssef, pionnier du web en Tunisie depuis 2000 et dipl\u00f4m\u00e9 en Math\u00e9matiques pures de l'Universit\u00e9 d'Oregon. \u00c0 travers cette signature, la r\u00e9daction de Webdo garantit une information structur\u00e9e et v\u00e9rifi\u00e9e, fid\u00e8le aux standards journalistiques du m\u00e9dia.","url":"https:\/\/www.webdo.tn\/fr\/actualite\/author\/ramzi-haddad\/"}]}},"_links":{"self":[{"href":"https:\/\/www.webdo.tn\/fr\/wp-json\/wp\/v2\/posts\/394422","targetHints":{"allow":["GET"]}}],"collection":[{"href":"https:\/\/www.webdo.tn\/fr\/wp-json\/wp\/v2\/posts"}],"about":[{"href":"https:\/\/www.webdo.tn\/fr\/wp-json\/wp\/v2\/types\/post"}],"author":[{"embeddable":true,"href":"https:\/\/www.webdo.tn\/fr\/wp-json\/wp\/v2\/users\/3203"}],"replies":[{"embeddable":true,"href":"https:\/\/www.webdo.tn\/fr\/wp-json\/wp\/v2\/comments?post=394422"}],"version-history":[{"count":0,"href":"https:\/\/www.webdo.tn\/fr\/wp-json\/wp\/v2\/posts\/394422\/revisions"}],"wp:featuredmedia":[{"embeddable":true,"href":"https:\/\/www.webdo.tn\/fr\/wp-json\/wp\/v2\/media\/394424"}],"wp:attachment":[{"href":"https:\/\/www.webdo.tn\/fr\/wp-json\/wp\/v2\/media?parent=394422"}],"wp:term":[{"taxonomy":"category","embeddable":true,"href":"https:\/\/www.webdo.tn\/fr\/wp-json\/wp\/v2\/categories?post=394422"},{"taxonomy":"post_tag","embeddable":true,"href":"https:\/\/www.webdo.tn\/fr\/wp-json\/wp\/v2\/tags?post=394422"}],"curies":[{"name":"wp","href":"https:\/\/api.w.org\/{rel}","templated":true}]}}