{"id":394417,"date":"2026-03-11T08:38:31","date_gmt":"2026-03-11T07:38:31","guid":{"rendered":"https:\/\/www.webdo.tn\/fr\/?p=394417"},"modified":"2026-03-11T10:44:35","modified_gmt":"2026-03-11T09:44:35","slug":"explosions-a-teheran-et-frappes-a-beyrouth-lescalade-militaire-se-poursuit","status":"publish","type":"post","link":"https:\/\/www.webdo.tn\/fr\/actualite\/international\/explosions-a-teheran-et-frappes-a-beyrouth-lescalade-militaire-se-poursuit\/394417\/","title":{"rendered":"Explosions \u00e0 T\u00e9h\u00e9ran et frappes \u00e0 Beyrouth : L\u2019escalade militaire se poursuit"},"content":{"rendered":"\n<p><strong>De fortes explosions ont \u00e9t\u00e9 signal\u00e9es dans plusieurs quartiers de T\u00e9h\u00e9ran alors que le conflit opposant l\u2019Iran, Isra\u00ebl et les \u00c9tats-Unis se poursuit pour la onzi\u00e8me journ\u00e9e cons\u00e9cutive. Des journalistes de l\u2019Agence France-Presse ont notamment fait \u00e9tat de d\u00e9tonations entendues dans le nord et l\u2019ouest de la capitale iranienne, d\u00e9j\u00e0 vis\u00e9e par plusieurs vagues de frappes ces derniers jours.<\/strong><\/p>\n\n\n\n<p>Selon plusieurs m\u00e9dias internationaux, les bombardements ont notamment cibl\u00e9 des infrastructures \u00e9nerg\u00e9tiques, dont des d\u00e9p\u00f4ts p\u00e9troliers et des installations li\u00e9es au soutien logistique militaire iranien, provoquant d\u2019importants incendies et d\u2019\u00e9paisses colonnes de fum\u00e9e visibles au-dessus de la ville.<\/p>\n\n\n\n<p>Les autorit\u00e9s iraniennes accusent de leur c\u00f4t\u00e9 les \u00c9tats-Unis et Isra\u00ebl d\u2019avoir frapp\u00e9 pr\u00e8s de 10 000 sites civils dans le pays et d\u2019avoir caus\u00e9 la mort de plus de 1 300 civils depuis le d\u00e9but de la guerre. Ces chiffres ont \u00e9t\u00e9 avanc\u00e9s par le repr\u00e9sentant iranien aupr\u00e8s des Nations unies et n\u2019ont pas pu \u00eatre v\u00e9rifi\u00e9s de mani\u00e8re ind\u00e9pendante.<\/p>\n\n\n\n<h2 class=\"wp-block-heading\" id=\"h-un-immeuble-vise-au-centre-de-beyrouth\">Un immeuble vis\u00e9 au centre de Beyrouth<\/h2>\n\n\n\n<p>Au Liban, Isra\u00ebl a men\u00e9 de nouvelles frappes sur Beyrouth et sa banlieue sud, bastion du Hezbollah soutenu par l\u2019Iran. Pour la deuxi\u00e8me fois depuis le d\u00e9but de la guerre d\u00e9but mars, le centre de la capitale libanaise a \u00e9t\u00e9 touch\u00e9.<\/p>\n\n\n\n<p>Selon l\u2019agence officielle libanaise ANI, un appartement situ\u00e9 dans le quartier d\u2019A\u00efcha Bakkar, au c\u0153ur de Beyrouth, a \u00e9t\u00e9 frapp\u00e9. Parall\u00e8lement, un raid qualifi\u00e9 de \u00ab violent \u00bb a vis\u00e9 la banlieue sud de la capitale, une zone r\u00e9guli\u00e8rement cibl\u00e9e ces derniers jours en raison de la pr\u00e9sence d\u2019infrastructures du Hezbollah.<\/p>\n\n\n\n<p>Des images diffus\u00e9es par des m\u00e9dias internationaux montrent d\u2019importantes colonnes de fum\u00e9e s\u2019\u00e9levant au-dessus des zones touch\u00e9es. L\u2019arm\u00e9e isra\u00e9lienne affirme pour sa part viser des positions et des infrastructures appartenant au mouvement chiite.<\/p>\n\n\n\n<p>Depuis le lancement de l\u2019offensive d\u00e9but mars, les frappes isra\u00e9liennes au Liban ont fait pr\u00e8s de 500 morts, selon des chiffres officiels, et provoqu\u00e9 un d\u00e9placement massif de population. Les autorit\u00e9s libanaises estiment que plus de 759 000 personnes ont \u00e9t\u00e9 contraintes de quitter leur domicile.<\/p>\n\n\n\n<h2 class=\"wp-block-heading\" id=\"h-interceptions-de-missiles-dans-le-golfe\">Interceptions de missiles dans le Golfe<\/h2>\n\n\n\n<p>Dans la nuit, des missiles iraniens ont d\u00e9clench\u00e9 des sir\u00e8nes d\u2019alerte \u00e0 Tel-Aviv et dans le centre d\u2019Isra\u00ebl, tandis que les \u00e9changes de tirs entre l\u2019arm\u00e9e isra\u00e9lienne et le Hezbollah se poursuivent le long de la fronti\u00e8re libanaise.<\/p>\n\n\n\n<p>Les contre-attaques iraniennes se poursuivent \u00e9galement dans la r\u00e9gion. Le Kowe\u00eft, l\u2019Arabie saoudite et les \u00c9mirats arabes unis ont annonc\u00e9 avoir intercept\u00e9 plusieurs missiles et drones au cours des derni\u00e8res heures.<\/p>\n\n\n\n<p>Dans le m\u00eame temps, l\u2019arm\u00e9e am\u00e9ricaine affirme avoir d\u00e9truit 16 navires iraniens capables de poser des mines, apr\u00e8s que le pr\u00e9sident am\u00e9ricain Donald Trump a averti que toute tentative de perturber le trafic p\u00e9trolier dans le d\u00e9troit d\u2019Ormuz entra\u00eenerait de graves cons\u00e9quences.<\/p>\n\n\n\n<p>Alors que les op\u00e9rations militaires s\u2019intensifient sur plusieurs fronts, la crainte d\u2019un \u00e9largissement du conflit \u00e0 l\u2019ensemble du Moyen-Orient continue de grandir.<\/p>\n\n\n\n<blockquote class=\"wp-block-quote is-layout-flow wp-block-quote-is-layout-flow\">\n<blockquote class=\"wp-block-quote is-layout-flow wp-block-quote-is-layout-flow\">\n<p><strong>Lire aussi:<\/strong><\/p>\n\n\n\n<ul class=\"wp-block-list\">\n<li class=\"has-medium-font-size\"><a href=\"https:\/\/www.webdo.tn\/fr\/actualite\/international\/trump-envoie-des-signaux-contradictoires-sur-la-guerre-contre-liran\/394375\/\">Trump envoie des signaux contradictoires sur la guerre contre l\u2019Iran<\/a><\/li>\n<\/ul>\n<\/blockquote>\n<\/blockquote>\n\n\n\n<p><\/p>\n","protected":false},"excerpt":{"rendered":"<p>De fortes explosions ont \u00e9t\u00e9 signal\u00e9es dans plusieurs quartiers de T\u00e9h\u00e9ran alors que le conflit opposant l\u2019Iran, Isra\u00ebl et les \u00c9tats-Unis se poursuit pour la onzi\u00e8me journ\u00e9e cons\u00e9cutive. Des journalistes de l\u2019Agence France-Presse ont notamment fait \u00e9tat de d\u00e9tonations entendues dans le nord et l\u2019ouest de la capitale iranienne, d\u00e9j\u00e0 vis\u00e9e par plusieurs vagues de [&hellip;]<\/p>\n","protected":false},"author":4779,"featured_media":394420,"comment_status":"closed","ping_status":"closed","sticky":false,"template":"","format":"standard","meta":{"footnotes":""},"categories":[2598],"tags":[3505,3035,2912],"class_list":["post-394417","post","type-post","status-publish","format-standard","has-post-thumbnail","hentry","category-international","tag-beyrouth","tag-etats-unis","tag-iran"],"yoast_head":"<!-- This site is optimized with the Yoast SEO Premium plugin v27.5 (Yoast SEO v27.5) - https:\/\/yoast.com\/product\/yoast-seo-premium-wordpress\/ -->\n<title>Explosions \u00e0 T\u00e9h\u00e9ran et frappes \u00e0 Beyrouth : L\u2019escalade militaire se poursuit - webdo<\/title>\n<meta name=\"description\" content=\"Les explosions \u00e0 T\u00e9h\u00e9ran et les frappes \u00e0 Beyrouth soulignent l&#039;intensification du conflit entre l&#039;Iran, Isra\u00ebl et les \u00c9tats-Unis.\" \/>\n<link rel=\"canonical\" href=\"https:\/\/www.webdo.tn\/fr\/actualite\/international\/explosions-a-teheran-et-frappes-a-beyrouth-lescalade-militaire-se-poursuit\/394417\/\" \/>\n<meta property=\"og:locale\" content=\"fr_FR\" \/>\n<meta property=\"og:type\" content=\"article\" \/>\n<meta property=\"og:title\" content=\"Explosions \u00e0 T\u00e9h\u00e9ran et frappes \u00e0 Beyrouth : L\u2019escalade militaire se poursuit\" \/>\n<meta property=\"og:description\" content=\"Les explosions \u00e0 T\u00e9h\u00e9ran et les frappes \u00e0 Beyrouth soulignent l&#039;intensification du conflit entre l&#039;Iran, Isra\u00ebl et les \u00c9tats-Unis.\" \/>\n<meta property=\"og:url\" content=\"https:\/\/www.webdo.tn\/fr\/actualite\/international\/explosions-a-teheran-et-frappes-a-beyrouth-lescalade-militaire-se-poursuit\/394417\/\" \/>\n<meta property=\"og:site_name\" content=\"webdo\" \/>\n<meta property=\"article:publisher\" content=\"https:\/\/www.facebook.com\/webdotn\" \/>\n<meta property=\"article:published_time\" content=\"2026-03-11T07:38:31+00:00\" \/>\n<meta property=\"article:modified_time\" content=\"2026-03-11T09:44:35+00:00\" \/>\n<meta property=\"og:image\" content=\"https:\/\/www.webdo.tn\/fr\/wp-content\/uploads\/2026\/03\/Beyrouth-bombarde.jpg\" \/>\n\t<meta property=\"og:image:width\" content=\"1200\" \/>\n\t<meta property=\"og:image:height\" content=\"600\" \/>\n\t<meta property=\"og:image:type\" content=\"image\/jpeg\" \/>\n<meta name=\"author\" content=\"Firas Ben Abdeltif\" \/>\n<meta name=\"twitter:card\" content=\"summary_large_image\" \/>\n<meta name=\"twitter:creator\" content=\"@webdo_tn\" \/>\n<meta name=\"twitter:site\" content=\"@webdo_tn\" \/>\n<meta name=\"twitter:label1\" content=\"\u00c9crit par\" \/>\n\t<meta name=\"twitter:data1\" content=\"Firas Ben Abdeltif\" \/>\n\t<meta name=\"twitter:label2\" content=\"Dur\u00e9e de lecture estim\u00e9e\" \/>\n\t<meta name=\"twitter:data2\" content=\"3 minutes\" \/>\n<script type=\"application\/ld+json\" class=\"yoast-schema-graph\">{\"@context\":\"https:\\\/\\\/schema.org\",\"@graph\":[{\"@type\":\"NewsArticle\",\"@id\":\"https:\\\/\\\/www.webdo.tn\\\/fr\\\/actualite\\\/international\\\/explosions-a-teheran-et-frappes-a-beyrouth-lescalade-militaire-se-poursuit\\\/394417\\\/#article\",\"isPartOf\":{\"@id\":\"https:\\\/\\\/www.webdo.tn\\\/fr\\\/actualite\\\/international\\\/explosions-a-teheran-et-frappes-a-beyrouth-lescalade-militaire-se-poursuit\\\/394417\\\/\"},\"author\":{\"name\":\"Firas Ben Abdeltif\",\"@id\":\"https:\\\/\\\/www.webdo.tn\\\/fr\\\/#\\\/schema\\\/person\\\/19664196c9bfdcda126f3c27709f7d11\"},\"headline\":\"Explosions \u00e0 T\u00e9h\u00e9ran et frappes \u00e0 Beyrouth : L\u2019escalade militaire se poursuit\",\"datePublished\":\"2026-03-11T07:38:31+00:00\",\"dateModified\":\"2026-03-11T09:44:35+00:00\",\"mainEntityOfPage\":{\"@id\":\"https:\\\/\\\/www.webdo.tn\\\/fr\\\/actualite\\\/international\\\/explosions-a-teheran-et-frappes-a-beyrouth-lescalade-militaire-se-poursuit\\\/394417\\\/\"},\"wordCount\":585,\"publisher\":{\"@id\":\"https:\\\/\\\/www.webdo.tn\\\/fr\\\/#organization\"},\"image\":{\"@id\":\"https:\\\/\\\/www.webdo.tn\\\/fr\\\/actualite\\\/international\\\/explosions-a-teheran-et-frappes-a-beyrouth-lescalade-militaire-se-poursuit\\\/394417\\\/#primaryimage\"},\"thumbnailUrl\":\"https:\\\/\\\/www.webdo.tn\\\/fr\\\/wp-content\\\/uploads\\\/2026\\\/03\\\/Beyrouth-bombarde.jpg\",\"keywords\":[\"Beyrouth\",\"Etats-Unis\",\"Iran\"],\"articleSection\":[\"International\"],\"inLanguage\":\"fr-FR\"},{\"@type\":\"WebPage\",\"@id\":\"https:\\\/\\\/www.webdo.tn\\\/fr\\\/actualite\\\/international\\\/explosions-a-teheran-et-frappes-a-beyrouth-lescalade-militaire-se-poursuit\\\/394417\\\/\",\"url\":\"https:\\\/\\\/www.webdo.tn\\\/fr\\\/actualite\\\/international\\\/explosions-a-teheran-et-frappes-a-beyrouth-lescalade-militaire-se-poursuit\\\/394417\\\/\",\"name\":\"Explosions \u00e0 T\u00e9h\u00e9ran et frappes \u00e0 Beyrouth : L\u2019escalade militaire se poursuit - webdo\",\"isPartOf\":{\"@id\":\"https:\\\/\\\/www.webdo.tn\\\/fr\\\/#website\"},\"primaryImageOfPage\":{\"@id\":\"https:\\\/\\\/www.webdo.tn\\\/fr\\\/actualite\\\/international\\\/explosions-a-teheran-et-frappes-a-beyrouth-lescalade-militaire-se-poursuit\\\/394417\\\/#primaryimage\"},\"image\":{\"@id\":\"https:\\\/\\\/www.webdo.tn\\\/fr\\\/actualite\\\/international\\\/explosions-a-teheran-et-frappes-a-beyrouth-lescalade-militaire-se-poursuit\\\/394417\\\/#primaryimage\"},\"thumbnailUrl\":\"https:\\\/\\\/www.webdo.tn\\\/fr\\\/wp-content\\\/uploads\\\/2026\\\/03\\\/Beyrouth-bombarde.jpg\",\"datePublished\":\"2026-03-11T07:38:31+00:00\",\"dateModified\":\"2026-03-11T09:44:35+00:00\",\"description\":\"Les explosions \u00e0 T\u00e9h\u00e9ran et les frappes \u00e0 Beyrouth soulignent l'intensification du conflit entre l'Iran, Isra\u00ebl et les \u00c9tats-Unis.\",\"breadcrumb\":{\"@id\":\"https:\\\/\\\/www.webdo.tn\\\/fr\\\/actualite\\\/international\\\/explosions-a-teheran-et-frappes-a-beyrouth-lescalade-militaire-se-poursuit\\\/394417\\\/#breadcrumb\"},\"inLanguage\":\"fr-FR\",\"potentialAction\":[{\"@type\":\"ReadAction\",\"target\":[\"https:\\\/\\\/www.webdo.tn\\\/fr\\\/actualite\\\/international\\\/explosions-a-teheran-et-frappes-a-beyrouth-lescalade-militaire-se-poursuit\\\/394417\\\/\"]}]},{\"@type\":\"ImageObject\",\"inLanguage\":\"fr-FR\",\"@id\":\"https:\\\/\\\/www.webdo.tn\\\/fr\\\/actualite\\\/international\\\/explosions-a-teheran-et-frappes-a-beyrouth-lescalade-militaire-se-poursuit\\\/394417\\\/#primaryimage\",\"url\":\"https:\\\/\\\/www.webdo.tn\\\/fr\\\/wp-content\\\/uploads\\\/2026\\\/03\\\/Beyrouth-bombarde.jpg\",\"contentUrl\":\"https:\\\/\\\/www.webdo.tn\\\/fr\\\/wp-content\\\/uploads\\\/2026\\\/03\\\/Beyrouth-bombarde.jpg\",\"width\":1200,\"height\":600,\"caption\":\"Conflit Iran\u2013Isra\u00ebl : T\u00e9h\u00e9ran bombard\u00e9e, Beyrouth \u00e0 son tour frapp\u00e9e\"},{\"@type\":\"BreadcrumbList\",\"@id\":\"https:\\\/\\\/www.webdo.tn\\\/fr\\\/actualite\\\/international\\\/explosions-a-teheran-et-frappes-a-beyrouth-lescalade-militaire-se-poursuit\\\/394417\\\/#breadcrumb\",\"itemListElement\":[{\"@type\":\"ListItem\",\"position\":1,\"name\":\"Accueil\",\"item\":\"https:\\\/\\\/www.webdo.tn\\\/fr\\\/\"},{\"@type\":\"ListItem\",\"position\":2,\"name\":\"Explosions \u00e0 T\u00e9h\u00e9ran et frappes \u00e0 Beyrouth : L\u2019escalade militaire se poursuit\"}]},{\"@type\":\"WebSite\",\"@id\":\"https:\\\/\\\/www.webdo.tn\\\/fr\\\/#website\",\"url\":\"https:\\\/\\\/www.webdo.tn\\\/fr\\\/\",\"name\":\"webdo\",\"description\":\"Tunisie - News en Tunisie et \u00e0 l&#039;international sur Webdo.tn\",\"publisher\":{\"@id\":\"https:\\\/\\\/www.webdo.tn\\\/fr\\\/#organization\"},\"potentialAction\":[{\"@type\":\"SearchAction\",\"target\":{\"@type\":\"EntryPoint\",\"urlTemplate\":\"https:\\\/\\\/www.webdo.tn\\\/fr\\\/?s={search_term_string}\"},\"query-input\":{\"@type\":\"PropertyValueSpecification\",\"valueRequired\":true,\"valueName\":\"search_term_string\"}}],\"inLanguage\":\"fr-FR\"},{\"@type\":\"Organization\",\"@id\":\"https:\\\/\\\/www.webdo.tn\\\/fr\\\/#organization\",\"name\":\"Webdo\",\"alternateName\":\"Webdo.tn\",\"url\":\"https:\\\/\\\/www.webdo.tn\\\/fr\\\/\",\"logo\":{\"@type\":\"ImageObject\",\"inLanguage\":\"fr-FR\",\"@id\":\"https:\\\/\\\/www.webdo.tn\\\/fr\\\/#\\\/schema\\\/logo\\\/image\\\/\",\"url\":\"https:\\\/\\\/www.webdo.tn\\\/fr\\\/wp-content\\\/uploads\\\/2025\\\/06\\\/Webdo-Tunisie_168377.jpg\",\"contentUrl\":\"https:\\\/\\\/www.webdo.tn\\\/fr\\\/wp-content\\\/uploads\\\/2025\\\/06\\\/Webdo-Tunisie_168377.jpg\",\"width\":301,\"height\":301,\"caption\":\"Webdo\"},\"image\":{\"@id\":\"https:\\\/\\\/www.webdo.tn\\\/fr\\\/#\\\/schema\\\/logo\\\/image\\\/\"},\"sameAs\":[\"https:\\\/\\\/www.facebook.com\\\/webdotn\",\"https:\\\/\\\/x.com\\\/webdo_tn\"],\"description\":\"Webdo est un m\u00e9dia num\u00e9rique tunisien fond\u00e9 en 2010, sp\u00e9cialis\u00e9 dans l\u2019actualit\u00e9 nationale et internationale, l\u2019\u00e9conomie, la soci\u00e9t\u00e9 et les analyses politiques. Le site s\u2019adresse \u00e0 un large public francophone et couvre l\u2019information tunisienne en temps r\u00e9el.\",\"email\":\"redac@webdo.tn\",\"legalName\":\"YNJ SARL\",\"foundingDate\":\"2010-09-06\",\"numberOfEmployees\":{\"@type\":\"QuantitativeValue\",\"minValue\":\"11\",\"maxValue\":\"50\"}},{\"@type\":\"Person\",\"@id\":\"https:\\\/\\\/www.webdo.tn\\\/fr\\\/#\\\/schema\\\/person\\\/19664196c9bfdcda126f3c27709f7d11\",\"name\":\"Firas Ben Abdeltif\",\"image\":{\"@type\":\"ImageObject\",\"inLanguage\":\"fr-FR\",\"@id\":\"https:\\\/\\\/secure.gravatar.com\\\/avatar\\\/161a347d40df098a084778c52ed133dbd85f14df003867067c5948081241ec55?s=96&d=mm&r=g\",\"url\":\"https:\\\/\\\/secure.gravatar.com\\\/avatar\\\/161a347d40df098a084778c52ed133dbd85f14df003867067c5948081241ec55?s=96&d=mm&r=g\",\"contentUrl\":\"https:\\\/\\\/secure.gravatar.com\\\/avatar\\\/161a347d40df098a084778c52ed133dbd85f14df003867067c5948081241ec55?s=96&d=mm&r=g\",\"caption\":\"Firas Ben Abdeltif\"},\"url\":\"https:\\\/\\\/www.webdo.tn\\\/fr\\\/actualite\\\/author\\\/firas-ben-abdeltif\\\/\"}]}<\/script>\n<!-- \/ Yoast SEO Premium plugin. -->","yoast_head_json":{"title":"Explosions \u00e0 T\u00e9h\u00e9ran et frappes \u00e0 Beyrouth : L\u2019escalade militaire se poursuit - webdo","description":"Les explosions \u00e0 T\u00e9h\u00e9ran et les frappes \u00e0 Beyrouth soulignent l'intensification du conflit entre l'Iran, Isra\u00ebl et les \u00c9tats-Unis.","canonical":"https:\/\/www.webdo.tn\/fr\/actualite\/international\/explosions-a-teheran-et-frappes-a-beyrouth-lescalade-militaire-se-poursuit\/394417\/","og_locale":"fr_FR","og_type":"article","og_title":"Explosions \u00e0 T\u00e9h\u00e9ran et frappes \u00e0 Beyrouth : L\u2019escalade militaire se poursuit","og_description":"Les explosions \u00e0 T\u00e9h\u00e9ran et les frappes \u00e0 Beyrouth soulignent l'intensification du conflit entre l'Iran, Isra\u00ebl et les \u00c9tats-Unis.","og_url":"https:\/\/www.webdo.tn\/fr\/actualite\/international\/explosions-a-teheran-et-frappes-a-beyrouth-lescalade-militaire-se-poursuit\/394417\/","og_site_name":"webdo","article_publisher":"https:\/\/www.facebook.com\/webdotn","article_published_time":"2026-03-11T07:38:31+00:00","article_modified_time":"2026-03-11T09:44:35+00:00","og_image":[{"width":1200,"height":600,"url":"https:\/\/www.webdo.tn\/fr\/wp-content\/uploads\/2026\/03\/Beyrouth-bombarde.jpg","type":"image\/jpeg"}],"author":"Firas Ben Abdeltif","twitter_card":"summary_large_image","twitter_creator":"@webdo_tn","twitter_site":"@webdo_tn","twitter_misc":{"\u00c9crit par":"Firas Ben Abdeltif","Dur\u00e9e de lecture estim\u00e9e":"3 minutes"},"schema":{"@context":"https:\/\/schema.org","@graph":[{"@type":"NewsArticle","@id":"https:\/\/www.webdo.tn\/fr\/actualite\/international\/explosions-a-teheran-et-frappes-a-beyrouth-lescalade-militaire-se-poursuit\/394417\/#article","isPartOf":{"@id":"https:\/\/www.webdo.tn\/fr\/actualite\/international\/explosions-a-teheran-et-frappes-a-beyrouth-lescalade-militaire-se-poursuit\/394417\/"},"author":{"name":"Firas Ben Abdeltif","@id":"https:\/\/www.webdo.tn\/fr\/#\/schema\/person\/19664196c9bfdcda126f3c27709f7d11"},"headline":"Explosions \u00e0 T\u00e9h\u00e9ran et frappes \u00e0 Beyrouth : L\u2019escalade militaire se poursuit","datePublished":"2026-03-11T07:38:31+00:00","dateModified":"2026-03-11T09:44:35+00:00","mainEntityOfPage":{"@id":"https:\/\/www.webdo.tn\/fr\/actualite\/international\/explosions-a-teheran-et-frappes-a-beyrouth-lescalade-militaire-se-poursuit\/394417\/"},"wordCount":585,"publisher":{"@id":"https:\/\/www.webdo.tn\/fr\/#organization"},"image":{"@id":"https:\/\/www.webdo.tn\/fr\/actualite\/international\/explosions-a-teheran-et-frappes-a-beyrouth-lescalade-militaire-se-poursuit\/394417\/#primaryimage"},"thumbnailUrl":"https:\/\/www.webdo.tn\/fr\/wp-content\/uploads\/2026\/03\/Beyrouth-bombarde.jpg","keywords":["Beyrouth","Etats-Unis","Iran"],"articleSection":["International"],"inLanguage":"fr-FR"},{"@type":"WebPage","@id":"https:\/\/www.webdo.tn\/fr\/actualite\/international\/explosions-a-teheran-et-frappes-a-beyrouth-lescalade-militaire-se-poursuit\/394417\/","url":"https:\/\/www.webdo.tn\/fr\/actualite\/international\/explosions-a-teheran-et-frappes-a-beyrouth-lescalade-militaire-se-poursuit\/394417\/","name":"Explosions \u00e0 T\u00e9h\u00e9ran et frappes \u00e0 Beyrouth : L\u2019escalade militaire se poursuit - webdo","isPartOf":{"@id":"https:\/\/www.webdo.tn\/fr\/#website"},"primaryImageOfPage":{"@id":"https:\/\/www.webdo.tn\/fr\/actualite\/international\/explosions-a-teheran-et-frappes-a-beyrouth-lescalade-militaire-se-poursuit\/394417\/#primaryimage"},"image":{"@id":"https:\/\/www.webdo.tn\/fr\/actualite\/international\/explosions-a-teheran-et-frappes-a-beyrouth-lescalade-militaire-se-poursuit\/394417\/#primaryimage"},"thumbnailUrl":"https:\/\/www.webdo.tn\/fr\/wp-content\/uploads\/2026\/03\/Beyrouth-bombarde.jpg","datePublished":"2026-03-11T07:38:31+00:00","dateModified":"2026-03-11T09:44:35+00:00","description":"Les explosions \u00e0 T\u00e9h\u00e9ran et les frappes \u00e0 Beyrouth soulignent l'intensification du conflit entre l'Iran, Isra\u00ebl et les \u00c9tats-Unis.","breadcrumb":{"@id":"https:\/\/www.webdo.tn\/fr\/actualite\/international\/explosions-a-teheran-et-frappes-a-beyrouth-lescalade-militaire-se-poursuit\/394417\/#breadcrumb"},"inLanguage":"fr-FR","potentialAction":[{"@type":"ReadAction","target":["https:\/\/www.webdo.tn\/fr\/actualite\/international\/explosions-a-teheran-et-frappes-a-beyrouth-lescalade-militaire-se-poursuit\/394417\/"]}]},{"@type":"ImageObject","inLanguage":"fr-FR","@id":"https:\/\/www.webdo.tn\/fr\/actualite\/international\/explosions-a-teheran-et-frappes-a-beyrouth-lescalade-militaire-se-poursuit\/394417\/#primaryimage","url":"https:\/\/www.webdo.tn\/fr\/wp-content\/uploads\/2026\/03\/Beyrouth-bombarde.jpg","contentUrl":"https:\/\/www.webdo.tn\/fr\/wp-content\/uploads\/2026\/03\/Beyrouth-bombarde.jpg","width":1200,"height":600,"caption":"Conflit Iran\u2013Isra\u00ebl : T\u00e9h\u00e9ran bombard\u00e9e, Beyrouth \u00e0 son tour frapp\u00e9e"},{"@type":"BreadcrumbList","@id":"https:\/\/www.webdo.tn\/fr\/actualite\/international\/explosions-a-teheran-et-frappes-a-beyrouth-lescalade-militaire-se-poursuit\/394417\/#breadcrumb","itemListElement":[{"@type":"ListItem","position":1,"name":"Accueil","item":"https:\/\/www.webdo.tn\/fr\/"},{"@type":"ListItem","position":2,"name":"Explosions \u00e0 T\u00e9h\u00e9ran et frappes \u00e0 Beyrouth : L\u2019escalade militaire se poursuit"}]},{"@type":"WebSite","@id":"https:\/\/www.webdo.tn\/fr\/#website","url":"https:\/\/www.webdo.tn\/fr\/","name":"webdo","description":"Tunisie - News en Tunisie et \u00e0 l&#039;international sur Webdo.tn","publisher":{"@id":"https:\/\/www.webdo.tn\/fr\/#organization"},"potentialAction":[{"@type":"SearchAction","target":{"@type":"EntryPoint","urlTemplate":"https:\/\/www.webdo.tn\/fr\/?s={search_term_string}"},"query-input":{"@type":"PropertyValueSpecification","valueRequired":true,"valueName":"search_term_string"}}],"inLanguage":"fr-FR"},{"@type":"Organization","@id":"https:\/\/www.webdo.tn\/fr\/#organization","name":"Webdo","alternateName":"Webdo.tn","url":"https:\/\/www.webdo.tn\/fr\/","logo":{"@type":"ImageObject","inLanguage":"fr-FR","@id":"https:\/\/www.webdo.tn\/fr\/#\/schema\/logo\/image\/","url":"https:\/\/www.webdo.tn\/fr\/wp-content\/uploads\/2025\/06\/Webdo-Tunisie_168377.jpg","contentUrl":"https:\/\/www.webdo.tn\/fr\/wp-content\/uploads\/2025\/06\/Webdo-Tunisie_168377.jpg","width":301,"height":301,"caption":"Webdo"},"image":{"@id":"https:\/\/www.webdo.tn\/fr\/#\/schema\/logo\/image\/"},"sameAs":["https:\/\/www.facebook.com\/webdotn","https:\/\/x.com\/webdo_tn"],"description":"Webdo est un m\u00e9dia num\u00e9rique tunisien fond\u00e9 en 2010, sp\u00e9cialis\u00e9 dans l\u2019actualit\u00e9 nationale et internationale, l\u2019\u00e9conomie, la soci\u00e9t\u00e9 et les analyses politiques. Le site s\u2019adresse \u00e0 un large public francophone et couvre l\u2019information tunisienne en temps r\u00e9el.","email":"redac@webdo.tn","legalName":"YNJ SARL","foundingDate":"2010-09-06","numberOfEmployees":{"@type":"QuantitativeValue","minValue":"11","maxValue":"50"}},{"@type":"Person","@id":"https:\/\/www.webdo.tn\/fr\/#\/schema\/person\/19664196c9bfdcda126f3c27709f7d11","name":"Firas Ben Abdeltif","image":{"@type":"ImageObject","inLanguage":"fr-FR","@id":"https:\/\/secure.gravatar.com\/avatar\/161a347d40df098a084778c52ed133dbd85f14df003867067c5948081241ec55?s=96&d=mm&r=g","url":"https:\/\/secure.gravatar.com\/avatar\/161a347d40df098a084778c52ed133dbd85f14df003867067c5948081241ec55?s=96&d=mm&r=g","contentUrl":"https:\/\/secure.gravatar.com\/avatar\/161a347d40df098a084778c52ed133dbd85f14df003867067c5948081241ec55?s=96&d=mm&r=g","caption":"Firas Ben Abdeltif"},"url":"https:\/\/www.webdo.tn\/fr\/actualite\/author\/firas-ben-abdeltif\/"}]}},"_links":{"self":[{"href":"https:\/\/www.webdo.tn\/fr\/wp-json\/wp\/v2\/posts\/394417","targetHints":{"allow":["GET"]}}],"collection":[{"href":"https:\/\/www.webdo.tn\/fr\/wp-json\/wp\/v2\/posts"}],"about":[{"href":"https:\/\/www.webdo.tn\/fr\/wp-json\/wp\/v2\/types\/post"}],"author":[{"embeddable":true,"href":"https:\/\/www.webdo.tn\/fr\/wp-json\/wp\/v2\/users\/4779"}],"replies":[{"embeddable":true,"href":"https:\/\/www.webdo.tn\/fr\/wp-json\/wp\/v2\/comments?post=394417"}],"version-history":[{"count":0,"href":"https:\/\/www.webdo.tn\/fr\/wp-json\/wp\/v2\/posts\/394417\/revisions"}],"wp:featuredmedia":[{"embeddable":true,"href":"https:\/\/www.webdo.tn\/fr\/wp-json\/wp\/v2\/media\/394420"}],"wp:attachment":[{"href":"https:\/\/www.webdo.tn\/fr\/wp-json\/wp\/v2\/media?parent=394417"}],"wp:term":[{"taxonomy":"category","embeddable":true,"href":"https:\/\/www.webdo.tn\/fr\/wp-json\/wp\/v2\/categories?post=394417"},{"taxonomy":"post_tag","embeddable":true,"href":"https:\/\/www.webdo.tn\/fr\/wp-json\/wp\/v2\/tags?post=394417"}],"curies":[{"name":"wp","href":"https:\/\/api.w.org\/{rel}","templated":true}]}}