{"id":394406,"date":"2026-03-11T08:09:12","date_gmt":"2026-03-11T07:09:12","guid":{"rendered":"https:\/\/www.webdo.tn\/fr\/?p=394406"},"modified":"2026-03-11T10:43:57","modified_gmt":"2026-03-11T09:43:57","slug":"rjim-maatoug-la-presidence-met-en-avant-le-role-de-larmee-dans-la-transformation-du-desert","status":"publish","type":"post","link":"https:\/\/www.webdo.tn\/fr\/actualite\/national\/rjim-maatoug-la-presidence-met-en-avant-le-role-de-larmee-dans-la-transformation-du-desert\/394406\/","title":{"rendered":"Rjim Maatoug : La Pr\u00e9sidence met en avant le r\u00f4le de l\u2019arm\u00e9e dans la transformation du d\u00e9sert"},"content":{"rendered":"\n<p><strong>Le d\u00e9sert peut-il devenir un espace agricole ? La question s\u2019est invit\u00e9e, une nouvelle fois, au palais de Carthage. Lors d\u2019une rencontre tenue lundi 10 mars entre le pr\u00e9sident de la R\u00e9publique, Ka\u00efs Sa\u00efed, et le ministre de la D\u00e9fense nationale, Khaled Sehili, la Pr\u00e9sidence a \u00e9voqu\u00e9 l\u2019exp\u00e9rience de Rjim Maatoug, dans le sud tunisien, pr\u00e9sent\u00e9e comme l\u2019un des exemples les plus marquants de transformation du d\u00e9sert.<\/strong><\/p>\n\n\n\n<p>Selon le communiqu\u00e9 pr\u00e9sidentiel, le chef de l\u2019\u00c9tat a salu\u00e9 les efforts des forces arm\u00e9es tunisiennes \u00ab pour d\u00e9fendre la patrie et porter secours aux citoyens chaque fois que le devoir l\u2019exige \u00bb, tout en rappelant les projets men\u00e9s par la Direction g\u00e9n\u00e9rale du g\u00e9nie militaire dans plusieurs r\u00e9gions du pays.<\/p>\n\n\n\n<h2 class=\"wp-block-heading\" id=\"h-l-armee-acteur-discret-de-l-amenagement\">L\u2019arm\u00e9e, acteur discret de l\u2019am\u00e9nagement<\/h2>\n\n\n\n<p>Au-del\u00e0 de ses missions de d\u00e9fense, l\u2019arm\u00e9e tunisienne intervient depuis longtemps dans des chantiers d\u2019infrastructures et d\u2019am\u00e9nagement, en particulier dans des zones difficiles d\u2019acc\u00e8s.<\/p>\n\n\n\n<p>Routes, forages, installations hydrauliques ou encore travaux agricoles : l\u2019expertise du g\u00e9nie militaire a parfois \u00e9t\u00e9 mobilis\u00e9e pour accompagner des projets de d\u00e9veloppement dans les r\u00e9gions du sud.<\/p>\n\n\n\n<p>C\u2019est dans cette logique que la Pr\u00e9sidence a \u00e9voqu\u00e9 l\u2019activit\u00e9 de l\u2019Office de d\u00e9veloppement de Rjim Maatoug, structure charg\u00e9e de la mise en valeur d\u2019une zone situ\u00e9e dans le gouvernorat de K\u00e9bili.<\/p>\n\n\n\n<h2 class=\"wp-block-heading\" id=\"h-rjim-maatoug-une-oasis-nee-au-coeur-des-dunes\">Rjim Maatoug, une oasis n\u00e9e au c\u0153ur des dunes<\/h2>\n\n\n\n<p>Lorsque le projet de Rjim Maatoug est lanc\u00e9 \u00e0 la fin des ann\u00e9es 1980, la r\u00e9gion n\u2019est qu\u2019un paysage de dunes aux portes du Sahara. L\u2019objectif est alors d\u2019utiliser les ressources hydriques profondes pour faire \u00e9merger une agriculture saharienne dans une zone jusque-l\u00e0 inhabit\u00e9e.<\/p>\n\n\n\n<p>Le projet repose sur des forages profonds, la mise en place de r\u00e9seaux d\u2019irrigation et la cr\u00e9ation de vastes palmeraies, accompagn\u00e9es d\u2019infrastructures permettant l\u2019installation de populations et d\u2019exploitations agricoles.<\/p>\n\n\n\n<p>Au fil des ann\u00e9es, le paysage se transforme progressivement. L\u00e0 o\u00f9 dominaient les dunes apparaissent des rang\u00e9es de dattiers, des cultures mara\u00eech\u00e8res et des exploitations agricoles qui transforment cette portion du Sahara en oasis am\u00e9nag\u00e9e.<\/p>\n\n\n\n<p>Aujourd\u2019hui, Rjim Maatoug est surtout connu pour ses palmeraies de dattes Deglet Nour, mais aussi pour des cultures de l\u00e9gumes et de fruits rendues possibles gr\u00e2ce \u00e0 l\u2019irrigation. Le p\u00e9rim\u00e8tre agricole am\u00e9nag\u00e9 couvre plusieurs centaines d\u2019hectares et constitue l\u2019un des exemples les plus visibles de mise en valeur agricole du d\u00e9sert tunisien.<\/p>\n\n\n\n<p>Pour la Pr\u00e9sidence, cette exp\u00e9rience montre que certaines zones sahariennes peuvent devenir productives lorsque les conditions techniques et hydrauliques sont r\u00e9unies.<\/p>\n\n\n\n<blockquote class=\"wp-block-quote is-layout-flow wp-block-quote-is-layout-flow\">\n<blockquote class=\"wp-block-quote is-layout-flow wp-block-quote-is-layout-flow\">\n<p><strong>Lire aussi:<\/strong><\/p>\n\n\n\n<ul class=\"wp-block-list\">\n<li class=\"has-medium-font-size\"><a href=\"https:\/\/www.webdo.tn\/fr\/actualite\/national\/rjim-maatoug-comment-l-armee-a-transforme-le-desert-en-zone-verte\/210090\/\">Rjim Maatoug : Comment l\u2019arm\u00e9e a transform\u00e9 le d\u00e9sert en zone verte ! (2023)<\/a><\/li>\n\n\n\n<li class=\"has-medium-font-size\"><a href=\"https:\/\/www.webdo.tn\/fr\/actualite\/regions\/tunisie-developpement-du-reseau-de-puits-de-substitution-pour-pallier-le-manque-d-eau-a-kebili\/220581\/\">Tunisie : D\u00e9veloppement du r\u00e9seau de puits de substitution pour pallier le manque d\u2019eau \u00e0 K\u00e9bili (2025)<\/a><\/li>\n<\/ul>\n<\/blockquote>\n<\/blockquote>\n\n\n\n<p><\/p>\n","protected":false},"excerpt":{"rendered":"<p>Le d\u00e9sert peut-il devenir un espace agricole ? La question s\u2019est invit\u00e9e, une nouvelle fois, au palais de Carthage. Lors d\u2019une rencontre tenue lundi 10 mars entre le pr\u00e9sident de la R\u00e9publique, Ka\u00efs Sa\u00efed, et le ministre de la D\u00e9fense nationale, Khaled Sehili, la Pr\u00e9sidence a \u00e9voqu\u00e9 l\u2019exp\u00e9rience de Rjim Maatoug, dans le sud tunisien, [&hellip;]<\/p>\n","protected":false},"author":4779,"featured_media":394409,"comment_status":"closed","ping_status":"closed","sticky":false,"template":"","format":"standard","meta":{"footnotes":""},"categories":[44],"tags":[3036,2614,6399,4908],"class_list":["post-394406","post","type-post","status-publish","format-standard","has-post-thumbnail","hentry","category-national","tag-armee-tunisienne","tag-kais-saied","tag-rjim-maatoug","tag-sahara"],"yoast_head":"<!-- This site is optimized with the Yoast SEO Premium plugin v27.5 (Yoast SEO v27.5) - https:\/\/yoast.com\/product\/yoast-seo-premium-wordpress\/ -->\n<title>Rjim Maatoug : La Pr\u00e9sidence met en avant le r\u00f4le de l\u2019arm\u00e9e dans la transformation du d\u00e9sert - webdo<\/title>\n<meta name=\"description\" content=\"Rjim Maatoug : une initiative marquante qui montre le r\u00f4le crucial de l\u2019arm\u00e9e dans la transformation du d\u00e9sert en espace cultivable.\" \/>\n<link rel=\"canonical\" href=\"https:\/\/www.webdo.tn\/fr\/actualite\/national\/rjim-maatoug-la-presidence-met-en-avant-le-role-de-larmee-dans-la-transformation-du-desert\/394406\/\" \/>\n<meta property=\"og:locale\" content=\"fr_FR\" \/>\n<meta property=\"og:type\" content=\"article\" \/>\n<meta property=\"og:title\" content=\"Rjim Maatoug : La Pr\u00e9sidence met en avant le r\u00f4le de l\u2019arm\u00e9e dans la transformation du d\u00e9sert\" \/>\n<meta property=\"og:description\" content=\"Rjim Maatoug : une initiative marquante qui montre le r\u00f4le crucial de l\u2019arm\u00e9e dans la transformation du d\u00e9sert en espace cultivable.\" \/>\n<meta property=\"og:url\" content=\"https:\/\/www.webdo.tn\/fr\/actualite\/national\/rjim-maatoug-la-presidence-met-en-avant-le-role-de-larmee-dans-la-transformation-du-desert\/394406\/\" \/>\n<meta property=\"og:site_name\" content=\"webdo\" \/>\n<meta property=\"article:publisher\" content=\"https:\/\/www.facebook.com\/webdotn\" \/>\n<meta property=\"article:published_time\" content=\"2026-03-11T07:09:12+00:00\" \/>\n<meta property=\"article:modified_time\" content=\"2026-03-11T09:43:57+00:00\" \/>\n<meta property=\"og:image\" content=\"https:\/\/www.webdo.tn\/fr\/wp-content\/uploads\/2026\/03\/rjim-maatoug.jpg\" \/>\n\t<meta property=\"og:image:width\" content=\"1200\" \/>\n\t<meta property=\"og:image:height\" content=\"600\" \/>\n\t<meta property=\"og:image:type\" content=\"image\/jpeg\" \/>\n<meta name=\"author\" content=\"Firas Ben Abdeltif\" \/>\n<meta name=\"twitter:card\" content=\"summary_large_image\" \/>\n<meta name=\"twitter:creator\" content=\"@webdo_tn\" \/>\n<meta name=\"twitter:site\" content=\"@webdo_tn\" \/>\n<meta name=\"twitter:label1\" content=\"\u00c9crit par\" \/>\n\t<meta name=\"twitter:data1\" content=\"Firas Ben Abdeltif\" \/>\n\t<meta name=\"twitter:label2\" content=\"Dur\u00e9e de lecture estim\u00e9e\" \/>\n\t<meta name=\"twitter:data2\" content=\"3 minutes\" \/>\n<script type=\"application\/ld+json\" class=\"yoast-schema-graph\">{\"@context\":\"https:\\\/\\\/schema.org\",\"@graph\":[{\"@type\":\"NewsArticle\",\"@id\":\"https:\\\/\\\/www.webdo.tn\\\/fr\\\/actualite\\\/national\\\/rjim-maatoug-la-presidence-met-en-avant-le-role-de-larmee-dans-la-transformation-du-desert\\\/394406\\\/#article\",\"isPartOf\":{\"@id\":\"https:\\\/\\\/www.webdo.tn\\\/fr\\\/actualite\\\/national\\\/rjim-maatoug-la-presidence-met-en-avant-le-role-de-larmee-dans-la-transformation-du-desert\\\/394406\\\/\"},\"author\":{\"name\":\"Firas Ben Abdeltif\",\"@id\":\"https:\\\/\\\/www.webdo.tn\\\/fr\\\/#\\\/schema\\\/person\\\/19664196c9bfdcda126f3c27709f7d11\"},\"headline\":\"Rjim Maatoug : La Pr\u00e9sidence met en avant le r\u00f4le de l\u2019arm\u00e9e dans la transformation du d\u00e9sert\",\"datePublished\":\"2026-03-11T07:09:12+00:00\",\"dateModified\":\"2026-03-11T09:43:57+00:00\",\"mainEntityOfPage\":{\"@id\":\"https:\\\/\\\/www.webdo.tn\\\/fr\\\/actualite\\\/national\\\/rjim-maatoug-la-presidence-met-en-avant-le-role-de-larmee-dans-la-transformation-du-desert\\\/394406\\\/\"},\"wordCount\":531,\"publisher\":{\"@id\":\"https:\\\/\\\/www.webdo.tn\\\/fr\\\/#organization\"},\"image\":{\"@id\":\"https:\\\/\\\/www.webdo.tn\\\/fr\\\/actualite\\\/national\\\/rjim-maatoug-la-presidence-met-en-avant-le-role-de-larmee-dans-la-transformation-du-desert\\\/394406\\\/#primaryimage\"},\"thumbnailUrl\":\"https:\\\/\\\/www.webdo.tn\\\/fr\\\/wp-content\\\/uploads\\\/2026\\\/03\\\/rjim-maatoug.jpg\",\"keywords\":[\"Arm\u00e9e tunisienne\",\"Kais Saied\",\"Rjim Maatoug\",\"sahara\"],\"articleSection\":[\"National\"],\"inLanguage\":\"fr-FR\"},{\"@type\":\"WebPage\",\"@id\":\"https:\\\/\\\/www.webdo.tn\\\/fr\\\/actualite\\\/national\\\/rjim-maatoug-la-presidence-met-en-avant-le-role-de-larmee-dans-la-transformation-du-desert\\\/394406\\\/\",\"url\":\"https:\\\/\\\/www.webdo.tn\\\/fr\\\/actualite\\\/national\\\/rjim-maatoug-la-presidence-met-en-avant-le-role-de-larmee-dans-la-transformation-du-desert\\\/394406\\\/\",\"name\":\"Rjim Maatoug : La Pr\u00e9sidence met en avant le r\u00f4le de l\u2019arm\u00e9e dans la transformation du d\u00e9sert - webdo\",\"isPartOf\":{\"@id\":\"https:\\\/\\\/www.webdo.tn\\\/fr\\\/#website\"},\"primaryImageOfPage\":{\"@id\":\"https:\\\/\\\/www.webdo.tn\\\/fr\\\/actualite\\\/national\\\/rjim-maatoug-la-presidence-met-en-avant-le-role-de-larmee-dans-la-transformation-du-desert\\\/394406\\\/#primaryimage\"},\"image\":{\"@id\":\"https:\\\/\\\/www.webdo.tn\\\/fr\\\/actualite\\\/national\\\/rjim-maatoug-la-presidence-met-en-avant-le-role-de-larmee-dans-la-transformation-du-desert\\\/394406\\\/#primaryimage\"},\"thumbnailUrl\":\"https:\\\/\\\/www.webdo.tn\\\/fr\\\/wp-content\\\/uploads\\\/2026\\\/03\\\/rjim-maatoug.jpg\",\"datePublished\":\"2026-03-11T07:09:12+00:00\",\"dateModified\":\"2026-03-11T09:43:57+00:00\",\"description\":\"Rjim Maatoug : une initiative marquante qui montre le r\u00f4le crucial de l\u2019arm\u00e9e dans la transformation du d\u00e9sert en espace cultivable.\",\"breadcrumb\":{\"@id\":\"https:\\\/\\\/www.webdo.tn\\\/fr\\\/actualite\\\/national\\\/rjim-maatoug-la-presidence-met-en-avant-le-role-de-larmee-dans-la-transformation-du-desert\\\/394406\\\/#breadcrumb\"},\"inLanguage\":\"fr-FR\",\"potentialAction\":[{\"@type\":\"ReadAction\",\"target\":[\"https:\\\/\\\/www.webdo.tn\\\/fr\\\/actualite\\\/national\\\/rjim-maatoug-la-presidence-met-en-avant-le-role-de-larmee-dans-la-transformation-du-desert\\\/394406\\\/\"]}]},{\"@type\":\"ImageObject\",\"inLanguage\":\"fr-FR\",\"@id\":\"https:\\\/\\\/www.webdo.tn\\\/fr\\\/actualite\\\/national\\\/rjim-maatoug-la-presidence-met-en-avant-le-role-de-larmee-dans-la-transformation-du-desert\\\/394406\\\/#primaryimage\",\"url\":\"https:\\\/\\\/www.webdo.tn\\\/fr\\\/wp-content\\\/uploads\\\/2026\\\/03\\\/rjim-maatoug.jpg\",\"contentUrl\":\"https:\\\/\\\/www.webdo.tn\\\/fr\\\/wp-content\\\/uploads\\\/2026\\\/03\\\/rjim-maatoug.jpg\",\"width\":1200,\"height\":600,\"caption\":\"Rjim Maatoug : comment l\u2019arm\u00e9e a contribu\u00e9 \u00e0 transformer le d\u00e9sert tunisien\"},{\"@type\":\"BreadcrumbList\",\"@id\":\"https:\\\/\\\/www.webdo.tn\\\/fr\\\/actualite\\\/national\\\/rjim-maatoug-la-presidence-met-en-avant-le-role-de-larmee-dans-la-transformation-du-desert\\\/394406\\\/#breadcrumb\",\"itemListElement\":[{\"@type\":\"ListItem\",\"position\":1,\"name\":\"Accueil\",\"item\":\"https:\\\/\\\/www.webdo.tn\\\/fr\\\/\"},{\"@type\":\"ListItem\",\"position\":2,\"name\":\"Rjim Maatoug : La Pr\u00e9sidence met en avant le r\u00f4le de l\u2019arm\u00e9e dans la transformation du d\u00e9sert\"}]},{\"@type\":\"WebSite\",\"@id\":\"https:\\\/\\\/www.webdo.tn\\\/fr\\\/#website\",\"url\":\"https:\\\/\\\/www.webdo.tn\\\/fr\\\/\",\"name\":\"webdo\",\"description\":\"Tunisie - News en Tunisie et \u00e0 l&#039;international sur Webdo.tn\",\"publisher\":{\"@id\":\"https:\\\/\\\/www.webdo.tn\\\/fr\\\/#organization\"},\"potentialAction\":[{\"@type\":\"SearchAction\",\"target\":{\"@type\":\"EntryPoint\",\"urlTemplate\":\"https:\\\/\\\/www.webdo.tn\\\/fr\\\/?s={search_term_string}\"},\"query-input\":{\"@type\":\"PropertyValueSpecification\",\"valueRequired\":true,\"valueName\":\"search_term_string\"}}],\"inLanguage\":\"fr-FR\"},{\"@type\":\"Organization\",\"@id\":\"https:\\\/\\\/www.webdo.tn\\\/fr\\\/#organization\",\"name\":\"Webdo\",\"alternateName\":\"Webdo.tn\",\"url\":\"https:\\\/\\\/www.webdo.tn\\\/fr\\\/\",\"logo\":{\"@type\":\"ImageObject\",\"inLanguage\":\"fr-FR\",\"@id\":\"https:\\\/\\\/www.webdo.tn\\\/fr\\\/#\\\/schema\\\/logo\\\/image\\\/\",\"url\":\"https:\\\/\\\/www.webdo.tn\\\/fr\\\/wp-content\\\/uploads\\\/2025\\\/06\\\/Webdo-Tunisie_168377.jpg\",\"contentUrl\":\"https:\\\/\\\/www.webdo.tn\\\/fr\\\/wp-content\\\/uploads\\\/2025\\\/06\\\/Webdo-Tunisie_168377.jpg\",\"width\":301,\"height\":301,\"caption\":\"Webdo\"},\"image\":{\"@id\":\"https:\\\/\\\/www.webdo.tn\\\/fr\\\/#\\\/schema\\\/logo\\\/image\\\/\"},\"sameAs\":[\"https:\\\/\\\/www.facebook.com\\\/webdotn\",\"https:\\\/\\\/x.com\\\/webdo_tn\"],\"description\":\"Webdo est un m\u00e9dia num\u00e9rique tunisien fond\u00e9 en 2010, sp\u00e9cialis\u00e9 dans l\u2019actualit\u00e9 nationale et internationale, l\u2019\u00e9conomie, la soci\u00e9t\u00e9 et les analyses politiques. Le site s\u2019adresse \u00e0 un large public francophone et couvre l\u2019information tunisienne en temps r\u00e9el.\",\"email\":\"redac@webdo.tn\",\"legalName\":\"YNJ SARL\",\"foundingDate\":\"2010-09-06\",\"numberOfEmployees\":{\"@type\":\"QuantitativeValue\",\"minValue\":\"11\",\"maxValue\":\"50\"}},{\"@type\":\"Person\",\"@id\":\"https:\\\/\\\/www.webdo.tn\\\/fr\\\/#\\\/schema\\\/person\\\/19664196c9bfdcda126f3c27709f7d11\",\"name\":\"Firas Ben Abdeltif\",\"image\":{\"@type\":\"ImageObject\",\"inLanguage\":\"fr-FR\",\"@id\":\"https:\\\/\\\/secure.gravatar.com\\\/avatar\\\/161a347d40df098a084778c52ed133dbd85f14df003867067c5948081241ec55?s=96&d=mm&r=g\",\"url\":\"https:\\\/\\\/secure.gravatar.com\\\/avatar\\\/161a347d40df098a084778c52ed133dbd85f14df003867067c5948081241ec55?s=96&d=mm&r=g\",\"contentUrl\":\"https:\\\/\\\/secure.gravatar.com\\\/avatar\\\/161a347d40df098a084778c52ed133dbd85f14df003867067c5948081241ec55?s=96&d=mm&r=g\",\"caption\":\"Firas Ben Abdeltif\"},\"url\":\"https:\\\/\\\/www.webdo.tn\\\/fr\\\/actualite\\\/author\\\/firas-ben-abdeltif\\\/\"}]}<\/script>\n<!-- \/ Yoast SEO Premium plugin. -->","yoast_head_json":{"title":"Rjim Maatoug : La Pr\u00e9sidence met en avant le r\u00f4le de l\u2019arm\u00e9e dans la transformation du d\u00e9sert - webdo","description":"Rjim Maatoug : une initiative marquante qui montre le r\u00f4le crucial de l\u2019arm\u00e9e dans la transformation du d\u00e9sert en espace cultivable.","canonical":"https:\/\/www.webdo.tn\/fr\/actualite\/national\/rjim-maatoug-la-presidence-met-en-avant-le-role-de-larmee-dans-la-transformation-du-desert\/394406\/","og_locale":"fr_FR","og_type":"article","og_title":"Rjim Maatoug : La Pr\u00e9sidence met en avant le r\u00f4le de l\u2019arm\u00e9e dans la transformation du d\u00e9sert","og_description":"Rjim Maatoug : une initiative marquante qui montre le r\u00f4le crucial de l\u2019arm\u00e9e dans la transformation du d\u00e9sert en espace cultivable.","og_url":"https:\/\/www.webdo.tn\/fr\/actualite\/national\/rjim-maatoug-la-presidence-met-en-avant-le-role-de-larmee-dans-la-transformation-du-desert\/394406\/","og_site_name":"webdo","article_publisher":"https:\/\/www.facebook.com\/webdotn","article_published_time":"2026-03-11T07:09:12+00:00","article_modified_time":"2026-03-11T09:43:57+00:00","og_image":[{"width":1200,"height":600,"url":"https:\/\/www.webdo.tn\/fr\/wp-content\/uploads\/2026\/03\/rjim-maatoug.jpg","type":"image\/jpeg"}],"author":"Firas Ben Abdeltif","twitter_card":"summary_large_image","twitter_creator":"@webdo_tn","twitter_site":"@webdo_tn","twitter_misc":{"\u00c9crit par":"Firas Ben Abdeltif","Dur\u00e9e de lecture estim\u00e9e":"3 minutes"},"schema":{"@context":"https:\/\/schema.org","@graph":[{"@type":"NewsArticle","@id":"https:\/\/www.webdo.tn\/fr\/actualite\/national\/rjim-maatoug-la-presidence-met-en-avant-le-role-de-larmee-dans-la-transformation-du-desert\/394406\/#article","isPartOf":{"@id":"https:\/\/www.webdo.tn\/fr\/actualite\/national\/rjim-maatoug-la-presidence-met-en-avant-le-role-de-larmee-dans-la-transformation-du-desert\/394406\/"},"author":{"name":"Firas Ben Abdeltif","@id":"https:\/\/www.webdo.tn\/fr\/#\/schema\/person\/19664196c9bfdcda126f3c27709f7d11"},"headline":"Rjim Maatoug : La Pr\u00e9sidence met en avant le r\u00f4le de l\u2019arm\u00e9e dans la transformation du d\u00e9sert","datePublished":"2026-03-11T07:09:12+00:00","dateModified":"2026-03-11T09:43:57+00:00","mainEntityOfPage":{"@id":"https:\/\/www.webdo.tn\/fr\/actualite\/national\/rjim-maatoug-la-presidence-met-en-avant-le-role-de-larmee-dans-la-transformation-du-desert\/394406\/"},"wordCount":531,"publisher":{"@id":"https:\/\/www.webdo.tn\/fr\/#organization"},"image":{"@id":"https:\/\/www.webdo.tn\/fr\/actualite\/national\/rjim-maatoug-la-presidence-met-en-avant-le-role-de-larmee-dans-la-transformation-du-desert\/394406\/#primaryimage"},"thumbnailUrl":"https:\/\/www.webdo.tn\/fr\/wp-content\/uploads\/2026\/03\/rjim-maatoug.jpg","keywords":["Arm\u00e9e tunisienne","Kais Saied","Rjim Maatoug","sahara"],"articleSection":["National"],"inLanguage":"fr-FR"},{"@type":"WebPage","@id":"https:\/\/www.webdo.tn\/fr\/actualite\/national\/rjim-maatoug-la-presidence-met-en-avant-le-role-de-larmee-dans-la-transformation-du-desert\/394406\/","url":"https:\/\/www.webdo.tn\/fr\/actualite\/national\/rjim-maatoug-la-presidence-met-en-avant-le-role-de-larmee-dans-la-transformation-du-desert\/394406\/","name":"Rjim Maatoug : La Pr\u00e9sidence met en avant le r\u00f4le de l\u2019arm\u00e9e dans la transformation du d\u00e9sert - webdo","isPartOf":{"@id":"https:\/\/www.webdo.tn\/fr\/#website"},"primaryImageOfPage":{"@id":"https:\/\/www.webdo.tn\/fr\/actualite\/national\/rjim-maatoug-la-presidence-met-en-avant-le-role-de-larmee-dans-la-transformation-du-desert\/394406\/#primaryimage"},"image":{"@id":"https:\/\/www.webdo.tn\/fr\/actualite\/national\/rjim-maatoug-la-presidence-met-en-avant-le-role-de-larmee-dans-la-transformation-du-desert\/394406\/#primaryimage"},"thumbnailUrl":"https:\/\/www.webdo.tn\/fr\/wp-content\/uploads\/2026\/03\/rjim-maatoug.jpg","datePublished":"2026-03-11T07:09:12+00:00","dateModified":"2026-03-11T09:43:57+00:00","description":"Rjim Maatoug : une initiative marquante qui montre le r\u00f4le crucial de l\u2019arm\u00e9e dans la transformation du d\u00e9sert en espace cultivable.","breadcrumb":{"@id":"https:\/\/www.webdo.tn\/fr\/actualite\/national\/rjim-maatoug-la-presidence-met-en-avant-le-role-de-larmee-dans-la-transformation-du-desert\/394406\/#breadcrumb"},"inLanguage":"fr-FR","potentialAction":[{"@type":"ReadAction","target":["https:\/\/www.webdo.tn\/fr\/actualite\/national\/rjim-maatoug-la-presidence-met-en-avant-le-role-de-larmee-dans-la-transformation-du-desert\/394406\/"]}]},{"@type":"ImageObject","inLanguage":"fr-FR","@id":"https:\/\/www.webdo.tn\/fr\/actualite\/national\/rjim-maatoug-la-presidence-met-en-avant-le-role-de-larmee-dans-la-transformation-du-desert\/394406\/#primaryimage","url":"https:\/\/www.webdo.tn\/fr\/wp-content\/uploads\/2026\/03\/rjim-maatoug.jpg","contentUrl":"https:\/\/www.webdo.tn\/fr\/wp-content\/uploads\/2026\/03\/rjim-maatoug.jpg","width":1200,"height":600,"caption":"Rjim Maatoug : comment l\u2019arm\u00e9e a contribu\u00e9 \u00e0 transformer le d\u00e9sert tunisien"},{"@type":"BreadcrumbList","@id":"https:\/\/www.webdo.tn\/fr\/actualite\/national\/rjim-maatoug-la-presidence-met-en-avant-le-role-de-larmee-dans-la-transformation-du-desert\/394406\/#breadcrumb","itemListElement":[{"@type":"ListItem","position":1,"name":"Accueil","item":"https:\/\/www.webdo.tn\/fr\/"},{"@type":"ListItem","position":2,"name":"Rjim Maatoug : La Pr\u00e9sidence met en avant le r\u00f4le de l\u2019arm\u00e9e dans la transformation du d\u00e9sert"}]},{"@type":"WebSite","@id":"https:\/\/www.webdo.tn\/fr\/#website","url":"https:\/\/www.webdo.tn\/fr\/","name":"webdo","description":"Tunisie - News en Tunisie et \u00e0 l&#039;international sur Webdo.tn","publisher":{"@id":"https:\/\/www.webdo.tn\/fr\/#organization"},"potentialAction":[{"@type":"SearchAction","target":{"@type":"EntryPoint","urlTemplate":"https:\/\/www.webdo.tn\/fr\/?s={search_term_string}"},"query-input":{"@type":"PropertyValueSpecification","valueRequired":true,"valueName":"search_term_string"}}],"inLanguage":"fr-FR"},{"@type":"Organization","@id":"https:\/\/www.webdo.tn\/fr\/#organization","name":"Webdo","alternateName":"Webdo.tn","url":"https:\/\/www.webdo.tn\/fr\/","logo":{"@type":"ImageObject","inLanguage":"fr-FR","@id":"https:\/\/www.webdo.tn\/fr\/#\/schema\/logo\/image\/","url":"https:\/\/www.webdo.tn\/fr\/wp-content\/uploads\/2025\/06\/Webdo-Tunisie_168377.jpg","contentUrl":"https:\/\/www.webdo.tn\/fr\/wp-content\/uploads\/2025\/06\/Webdo-Tunisie_168377.jpg","width":301,"height":301,"caption":"Webdo"},"image":{"@id":"https:\/\/www.webdo.tn\/fr\/#\/schema\/logo\/image\/"},"sameAs":["https:\/\/www.facebook.com\/webdotn","https:\/\/x.com\/webdo_tn"],"description":"Webdo est un m\u00e9dia num\u00e9rique tunisien fond\u00e9 en 2010, sp\u00e9cialis\u00e9 dans l\u2019actualit\u00e9 nationale et internationale, l\u2019\u00e9conomie, la soci\u00e9t\u00e9 et les analyses politiques. Le site s\u2019adresse \u00e0 un large public francophone et couvre l\u2019information tunisienne en temps r\u00e9el.","email":"redac@webdo.tn","legalName":"YNJ SARL","foundingDate":"2010-09-06","numberOfEmployees":{"@type":"QuantitativeValue","minValue":"11","maxValue":"50"}},{"@type":"Person","@id":"https:\/\/www.webdo.tn\/fr\/#\/schema\/person\/19664196c9bfdcda126f3c27709f7d11","name":"Firas Ben Abdeltif","image":{"@type":"ImageObject","inLanguage":"fr-FR","@id":"https:\/\/secure.gravatar.com\/avatar\/161a347d40df098a084778c52ed133dbd85f14df003867067c5948081241ec55?s=96&d=mm&r=g","url":"https:\/\/secure.gravatar.com\/avatar\/161a347d40df098a084778c52ed133dbd85f14df003867067c5948081241ec55?s=96&d=mm&r=g","contentUrl":"https:\/\/secure.gravatar.com\/avatar\/161a347d40df098a084778c52ed133dbd85f14df003867067c5948081241ec55?s=96&d=mm&r=g","caption":"Firas Ben Abdeltif"},"url":"https:\/\/www.webdo.tn\/fr\/actualite\/author\/firas-ben-abdeltif\/"}]}},"_links":{"self":[{"href":"https:\/\/www.webdo.tn\/fr\/wp-json\/wp\/v2\/posts\/394406","targetHints":{"allow":["GET"]}}],"collection":[{"href":"https:\/\/www.webdo.tn\/fr\/wp-json\/wp\/v2\/posts"}],"about":[{"href":"https:\/\/www.webdo.tn\/fr\/wp-json\/wp\/v2\/types\/post"}],"author":[{"embeddable":true,"href":"https:\/\/www.webdo.tn\/fr\/wp-json\/wp\/v2\/users\/4779"}],"replies":[{"embeddable":true,"href":"https:\/\/www.webdo.tn\/fr\/wp-json\/wp\/v2\/comments?post=394406"}],"version-history":[{"count":0,"href":"https:\/\/www.webdo.tn\/fr\/wp-json\/wp\/v2\/posts\/394406\/revisions"}],"wp:featuredmedia":[{"embeddable":true,"href":"https:\/\/www.webdo.tn\/fr\/wp-json\/wp\/v2\/media\/394409"}],"wp:attachment":[{"href":"https:\/\/www.webdo.tn\/fr\/wp-json\/wp\/v2\/media?parent=394406"}],"wp:term":[{"taxonomy":"category","embeddable":true,"href":"https:\/\/www.webdo.tn\/fr\/wp-json\/wp\/v2\/categories?post=394406"},{"taxonomy":"post_tag","embeddable":true,"href":"https:\/\/www.webdo.tn\/fr\/wp-json\/wp\/v2\/tags?post=394406"}],"curies":[{"name":"wp","href":"https:\/\/api.w.org\/{rel}","templated":true}]}}