{"id":394402,"date":"2026-03-11T07:36:57","date_gmt":"2026-03-11T06:36:57","guid":{"rendered":"https:\/\/www.webdo.tn\/fr\/?p=394402"},"modified":"2026-03-11T07:57:08","modified_gmt":"2026-03-11T06:57:08","slug":"plan-de-developpement-2026-2030-saied-veut-batir-un-modele-venu-des-citoyens","status":"publish","type":"post","link":"https:\/\/www.webdo.tn\/fr\/actualite\/national\/plan-de-developpement-2026-2030-saied-veut-batir-un-modele-venu-des-citoyens\/394402\/","title":{"rendered":"Plan de d\u00e9veloppement 2026-2030 : Sa\u00efed veut b\u00e2tir un mod\u00e8le venu des citoyens"},"content":{"rendered":"\n<p><strong>Le pr\u00e9sident de la R\u00e9publique, Ka\u00efs Sa\u00efed, a re\u00e7u dans l\u2019apr\u00e8s-midi du 10 mars au palais de Carthage la cheffe du gouvernement, Sarrah Za\u00e2frani Zenzri, ainsi que le ministre de l\u2019\u00c9conomie et de la Planification, Samir Abdelhafidh.<\/strong><\/p>\n\n\n\n<p>La rencontre a port\u00e9 sur le projet pr\u00e9liminaire du plan de d\u00e9veloppement 2026-2030.<\/p>\n\n\n\n<h2 class=\"wp-block-heading\" id=\"h-un-plan-construit-a-partir-des-propositions-des-citoyens\">Un plan construit \u00e0 partir des propositions des citoyens<\/h2>\n\n\n\n<p>Selon la pr\u00e9sidence, le chef de l\u2019\u00c9tat a indiqu\u00e9 que ce plan sera \u00e9labor\u00e9 \u00e0 partir des attentes et des demandes des citoyens, contrairement aux approches pr\u00e9c\u00e9dentes o\u00f9 les plans de d\u00e9veloppement \u00e9taient con\u00e7us de mani\u00e8re centralis\u00e9e.<\/p>\n\n\n\n<p>Il a expliqu\u00e9 que le syst\u00e8me \u00e9lectoral des conseils locaux, conseils r\u00e9gionaux et conseils des r\u00e9gions, jusqu\u2019au Conseil national des r\u00e9gions et des districts, constituera le cadre dans lequel seront rassembl\u00e9s les projets propos\u00e9s par les citoyens.<\/p>\n\n\n\n<h2 class=\"wp-block-heading\" id=\"h-education-sante-transport-le-role-central-de-l-etat-rappele\">\u00c9ducation, sant\u00e9, transport : le r\u00f4le central de l\u2019\u00c9tat rappel\u00e9<\/h2>\n\n\n\n<p>Le pr\u00e9sident de la R\u00e9publique a \u00e9galement \u00e9voqu\u00e9 le r\u00f4le central de l\u2019\u00c9tat dans le domaine social, notamment dans les secteurs de l\u2019\u00e9ducation, de la sant\u00e9, du transport et du logement.<\/p>\n\n\n\n<p>Selon lui, ces domaines ont \u00e9t\u00e9 n\u00e9glig\u00e9s par le pass\u00e9, tandis que certaines institutions et entreprises publiques ont \u00e9t\u00e9 fragilis\u00e9es par la corruption et par des politiques ayant conduit \u00e0 leur d\u00e9valorisation avant leur cession \u00e0 bas prix.<\/p>\n\n\n\n<h2 class=\"wp-block-heading\" id=\"h-travail-et-repartition-equitable-des-richesses\">Travail et r\u00e9partition \u00e9quitable des richesses<\/h2>\n\n\n\n<p>Le chef de l\u2019\u00c9tat a \u00e9galement insist\u00e9 sur le droit au travail dans des conditions d\u00e9centes et avec un salaire \u00e9quitable, affirmant que les efforts se poursuivront malgr\u00e9 les difficult\u00e9s afin que ce droit constitutionnel se concr\u00e9tise.<\/p>\n\n\n\n<p>Il a en outre soulign\u00e9 que la r\u00e9partition \u00e9quitable des richesses constitue un objectif central, estimant que la Tunisie dispose de nombreuses ressources mais que certaines politiques pass\u00e9es ont repos\u00e9 sur des choix jug\u00e9s injustes ou dict\u00e9s par des pressions ext\u00e9rieures.<\/p>\n\n\n\n<p>Enfin, le pr\u00e9sident a indiqu\u00e9 que les indicateurs \u00e9conomiques et les pourcentages, malgr\u00e9 leur importance, doivent se traduire concr\u00e8tement dans la vie quotidienne des citoyens dans toutes les r\u00e9gions, et non rester de simples chiffres annonc\u00e9s lors de conf\u00e9rences ou dans les bulletins d\u2019information.<\/p>\n\n\n\n<blockquote class=\"wp-block-quote is-layout-flow wp-block-quote-is-layout-flow\">\n<blockquote class=\"wp-block-quote is-layout-flow wp-block-quote-is-layout-flow\">\n<p><strong>Lire aussi:<\/strong><\/p>\n\n\n\n<ul class=\"wp-block-list\">\n<li class=\"has-medium-font-size\"><a href=\"https:\/\/www.webdo.tn\/fr\/actualite\/national\/tunisie-le-gouvernement-fixe-les-grandes-lignes-du-plan-de-developpement-2026-2030\/390800\/\">Tunisie : Le gouvernement fixe les grandes lignes du Plan de d\u00e9veloppement 2026-2030<\/a><\/li>\n<\/ul>\n<\/blockquote>\n<\/blockquote>\n","protected":false},"excerpt":{"rendered":"<p>Le pr\u00e9sident de la R\u00e9publique, Ka\u00efs Sa\u00efed, a re\u00e7u dans l\u2019apr\u00e8s-midi du 10 mars au palais de Carthage la cheffe du gouvernement, Sarrah Za\u00e2frani Zenzri, ainsi que le ministre de l\u2019\u00c9conomie et de la Planification, Samir Abdelhafidh. La rencontre a port\u00e9 sur le projet pr\u00e9liminaire du plan de d\u00e9veloppement 2026-2030. Un plan construit \u00e0 partir [&hellip;]<\/p>\n","protected":false},"author":3203,"featured_media":394404,"comment_status":"closed","ping_status":"closed","sticky":false,"template":"","format":"standard","meta":{"footnotes":""},"categories":[44],"tags":[2614,8899,2608],"class_list":["post-394402","post","type-post","status-publish","format-standard","has-post-thumbnail","hentry","category-national","tag-kais-saied","tag-plan-de-developpement","tag-tunisie"],"yoast_head":"<!-- This site is optimized with the Yoast SEO Premium plugin v27.5 (Yoast SEO v27.5) - https:\/\/yoast.com\/product\/yoast-seo-premium-wordpress\/ -->\n<title>Plan de d\u00e9veloppement 2026-2030 : Sa\u00efed veut b\u00e2tir un mod\u00e8le venu des citoyens - webdo<\/title>\n<meta name=\"description\" content=\"Plan de d\u00e9veloppement 2026-2030 : Sa\u00efed veut b\u00e2tir un mod\u00e8le bas\u00e9 sur les attentes des citoyens pour un avenir meilleur.\" \/>\n<link rel=\"canonical\" href=\"https:\/\/www.webdo.tn\/fr\/actualite\/national\/plan-de-developpement-2026-2030-saied-veut-batir-un-modele-venu-des-citoyens\/394402\/\" \/>\n<meta property=\"og:locale\" content=\"fr_FR\" \/>\n<meta property=\"og:type\" content=\"article\" \/>\n<meta property=\"og:title\" content=\"Plan de d\u00e9veloppement 2026-2030 : Sa\u00efed veut b\u00e2tir un mod\u00e8le venu des citoyens\" \/>\n<meta property=\"og:description\" content=\"Plan de d\u00e9veloppement 2026-2030 : Sa\u00efed veut b\u00e2tir un mod\u00e8le bas\u00e9 sur les attentes des citoyens pour un avenir meilleur.\" \/>\n<meta property=\"og:url\" content=\"https:\/\/www.webdo.tn\/fr\/actualite\/national\/plan-de-developpement-2026-2030-saied-veut-batir-un-modele-venu-des-citoyens\/394402\/\" \/>\n<meta property=\"og:site_name\" content=\"webdo\" \/>\n<meta property=\"article:publisher\" content=\"https:\/\/www.facebook.com\/webdotn\" \/>\n<meta property=\"article:published_time\" content=\"2026-03-11T06:36:57+00:00\" \/>\n<meta property=\"article:modified_time\" content=\"2026-03-11T06:57:08+00:00\" \/>\n<meta property=\"og:image\" content=\"https:\/\/www.webdo.tn\/fr\/wp-content\/uploads\/2026\/03\/kais-saied-plan-de-developpement.jpg\" \/>\n\t<meta property=\"og:image:width\" content=\"1200\" \/>\n\t<meta property=\"og:image:height\" content=\"600\" \/>\n\t<meta property=\"og:image:type\" content=\"image\/jpeg\" \/>\n<meta name=\"author\" content=\"Ramzi Haddad\" \/>\n<meta name=\"twitter:card\" content=\"summary_large_image\" \/>\n<meta name=\"twitter:creator\" content=\"@webdo_tn\" \/>\n<meta name=\"twitter:site\" content=\"@webdo_tn\" \/>\n<meta name=\"twitter:label1\" content=\"\u00c9crit par\" \/>\n\t<meta name=\"twitter:data1\" content=\"Ramzi Haddad\" \/>\n\t<meta name=\"twitter:label2\" content=\"Dur\u00e9e de lecture estim\u00e9e\" \/>\n\t<meta name=\"twitter:data2\" content=\"2 minutes\" \/>\n<script type=\"application\/ld+json\" class=\"yoast-schema-graph\">{\"@context\":\"https:\\\/\\\/schema.org\",\"@graph\":[{\"@type\":\"NewsArticle\",\"@id\":\"https:\\\/\\\/www.webdo.tn\\\/fr\\\/actualite\\\/national\\\/plan-de-developpement-2026-2030-saied-veut-batir-un-modele-venu-des-citoyens\\\/394402\\\/#article\",\"isPartOf\":{\"@id\":\"https:\\\/\\\/www.webdo.tn\\\/fr\\\/actualite\\\/national\\\/plan-de-developpement-2026-2030-saied-veut-batir-un-modele-venu-des-citoyens\\\/394402\\\/\"},\"author\":{\"name\":\"Ramzi Haddad\",\"@id\":\"https:\\\/\\\/www.webdo.tn\\\/fr\\\/#\\\/schema\\\/person\\\/5663044c25eb36d8f88ba5b653f12f8c\"},\"headline\":\"Plan de d\u00e9veloppement 2026-2030 : Sa\u00efed veut b\u00e2tir un mod\u00e8le venu des citoyens\",\"datePublished\":\"2026-03-11T06:36:57+00:00\",\"dateModified\":\"2026-03-11T06:57:08+00:00\",\"mainEntityOfPage\":{\"@id\":\"https:\\\/\\\/www.webdo.tn\\\/fr\\\/actualite\\\/national\\\/plan-de-developpement-2026-2030-saied-veut-batir-un-modele-venu-des-citoyens\\\/394402\\\/\"},\"wordCount\":418,\"publisher\":{\"@id\":\"https:\\\/\\\/www.webdo.tn\\\/fr\\\/#organization\"},\"image\":{\"@id\":\"https:\\\/\\\/www.webdo.tn\\\/fr\\\/actualite\\\/national\\\/plan-de-developpement-2026-2030-saied-veut-batir-un-modele-venu-des-citoyens\\\/394402\\\/#primaryimage\"},\"thumbnailUrl\":\"https:\\\/\\\/www.webdo.tn\\\/fr\\\/wp-content\\\/uploads\\\/2026\\\/03\\\/kais-saied-plan-de-developpement.jpg\",\"keywords\":[\"Kais Saied\",\"plan de d\u00e9veloppement\",\"Tunisie\"],\"articleSection\":[\"National\"],\"inLanguage\":\"fr-FR\"},{\"@type\":\"WebPage\",\"@id\":\"https:\\\/\\\/www.webdo.tn\\\/fr\\\/actualite\\\/national\\\/plan-de-developpement-2026-2030-saied-veut-batir-un-modele-venu-des-citoyens\\\/394402\\\/\",\"url\":\"https:\\\/\\\/www.webdo.tn\\\/fr\\\/actualite\\\/national\\\/plan-de-developpement-2026-2030-saied-veut-batir-un-modele-venu-des-citoyens\\\/394402\\\/\",\"name\":\"Plan de d\u00e9veloppement 2026-2030 : Sa\u00efed veut b\u00e2tir un mod\u00e8le venu des citoyens - webdo\",\"isPartOf\":{\"@id\":\"https:\\\/\\\/www.webdo.tn\\\/fr\\\/#website\"},\"primaryImageOfPage\":{\"@id\":\"https:\\\/\\\/www.webdo.tn\\\/fr\\\/actualite\\\/national\\\/plan-de-developpement-2026-2030-saied-veut-batir-un-modele-venu-des-citoyens\\\/394402\\\/#primaryimage\"},\"image\":{\"@id\":\"https:\\\/\\\/www.webdo.tn\\\/fr\\\/actualite\\\/national\\\/plan-de-developpement-2026-2030-saied-veut-batir-un-modele-venu-des-citoyens\\\/394402\\\/#primaryimage\"},\"thumbnailUrl\":\"https:\\\/\\\/www.webdo.tn\\\/fr\\\/wp-content\\\/uploads\\\/2026\\\/03\\\/kais-saied-plan-de-developpement.jpg\",\"datePublished\":\"2026-03-11T06:36:57+00:00\",\"dateModified\":\"2026-03-11T06:57:08+00:00\",\"description\":\"Plan de d\u00e9veloppement 2026-2030 : Sa\u00efed veut b\u00e2tir un mod\u00e8le bas\u00e9 sur les attentes des citoyens pour un avenir meilleur.\",\"breadcrumb\":{\"@id\":\"https:\\\/\\\/www.webdo.tn\\\/fr\\\/actualite\\\/national\\\/plan-de-developpement-2026-2030-saied-veut-batir-un-modele-venu-des-citoyens\\\/394402\\\/#breadcrumb\"},\"inLanguage\":\"fr-FR\",\"potentialAction\":[{\"@type\":\"ReadAction\",\"target\":[\"https:\\\/\\\/www.webdo.tn\\\/fr\\\/actualite\\\/national\\\/plan-de-developpement-2026-2030-saied-veut-batir-un-modele-venu-des-citoyens\\\/394402\\\/\"]}]},{\"@type\":\"ImageObject\",\"inLanguage\":\"fr-FR\",\"@id\":\"https:\\\/\\\/www.webdo.tn\\\/fr\\\/actualite\\\/national\\\/plan-de-developpement-2026-2030-saied-veut-batir-un-modele-venu-des-citoyens\\\/394402\\\/#primaryimage\",\"url\":\"https:\\\/\\\/www.webdo.tn\\\/fr\\\/wp-content\\\/uploads\\\/2026\\\/03\\\/kais-saied-plan-de-developpement.jpg\",\"contentUrl\":\"https:\\\/\\\/www.webdo.tn\\\/fr\\\/wp-content\\\/uploads\\\/2026\\\/03\\\/kais-saied-plan-de-developpement.jpg\",\"width\":1200,\"height\":600,\"caption\":\"Plan 2026-2030 : Sa\u00efed promet une r\u00e9partition plus \u00e9quitable des richesses\"},{\"@type\":\"BreadcrumbList\",\"@id\":\"https:\\\/\\\/www.webdo.tn\\\/fr\\\/actualite\\\/national\\\/plan-de-developpement-2026-2030-saied-veut-batir-un-modele-venu-des-citoyens\\\/394402\\\/#breadcrumb\",\"itemListElement\":[{\"@type\":\"ListItem\",\"position\":1,\"name\":\"Accueil\",\"item\":\"https:\\\/\\\/www.webdo.tn\\\/fr\\\/\"},{\"@type\":\"ListItem\",\"position\":2,\"name\":\"Plan de d\u00e9veloppement 2026-2030 : Sa\u00efed veut b\u00e2tir un mod\u00e8le venu des citoyens\"}]},{\"@type\":\"WebSite\",\"@id\":\"https:\\\/\\\/www.webdo.tn\\\/fr\\\/#website\",\"url\":\"https:\\\/\\\/www.webdo.tn\\\/fr\\\/\",\"name\":\"webdo\",\"description\":\"Tunisie - News en Tunisie et \u00e0 l&#039;international sur Webdo.tn\",\"publisher\":{\"@id\":\"https:\\\/\\\/www.webdo.tn\\\/fr\\\/#organization\"},\"potentialAction\":[{\"@type\":\"SearchAction\",\"target\":{\"@type\":\"EntryPoint\",\"urlTemplate\":\"https:\\\/\\\/www.webdo.tn\\\/fr\\\/?s={search_term_string}\"},\"query-input\":{\"@type\":\"PropertyValueSpecification\",\"valueRequired\":true,\"valueName\":\"search_term_string\"}}],\"inLanguage\":\"fr-FR\"},{\"@type\":\"Organization\",\"@id\":\"https:\\\/\\\/www.webdo.tn\\\/fr\\\/#organization\",\"name\":\"Webdo\",\"alternateName\":\"Webdo.tn\",\"url\":\"https:\\\/\\\/www.webdo.tn\\\/fr\\\/\",\"logo\":{\"@type\":\"ImageObject\",\"inLanguage\":\"fr-FR\",\"@id\":\"https:\\\/\\\/www.webdo.tn\\\/fr\\\/#\\\/schema\\\/logo\\\/image\\\/\",\"url\":\"https:\\\/\\\/www.webdo.tn\\\/fr\\\/wp-content\\\/uploads\\\/2025\\\/06\\\/Webdo-Tunisie_168377.jpg\",\"contentUrl\":\"https:\\\/\\\/www.webdo.tn\\\/fr\\\/wp-content\\\/uploads\\\/2025\\\/06\\\/Webdo-Tunisie_168377.jpg\",\"width\":301,\"height\":301,\"caption\":\"Webdo\"},\"image\":{\"@id\":\"https:\\\/\\\/www.webdo.tn\\\/fr\\\/#\\\/schema\\\/logo\\\/image\\\/\"},\"sameAs\":[\"https:\\\/\\\/www.facebook.com\\\/webdotn\",\"https:\\\/\\\/x.com\\\/webdo_tn\"],\"description\":\"Webdo est un m\u00e9dia num\u00e9rique tunisien fond\u00e9 en 2010, sp\u00e9cialis\u00e9 dans l\u2019actualit\u00e9 nationale et internationale, l\u2019\u00e9conomie, la soci\u00e9t\u00e9 et les analyses politiques. Le site s\u2019adresse \u00e0 un large public francophone et couvre l\u2019information tunisienne en temps r\u00e9el.\",\"email\":\"redac@webdo.tn\",\"legalName\":\"YNJ SARL\",\"foundingDate\":\"2010-09-06\",\"numberOfEmployees\":{\"@type\":\"QuantitativeValue\",\"minValue\":\"11\",\"maxValue\":\"50\"}},{\"@type\":\"Person\",\"@id\":\"https:\\\/\\\/www.webdo.tn\\\/fr\\\/#\\\/schema\\\/person\\\/5663044c25eb36d8f88ba5b653f12f8c\",\"name\":\"Ramzi Haddad\",\"image\":{\"@type\":\"ImageObject\",\"inLanguage\":\"fr-FR\",\"@id\":\"https:\\\/\\\/www.webdo.tn\\\/fr\\\/wp-content\\\/uploads\\\/2026\\\/04\\\/ramzi-haddad_avatar-96x96.jpg\",\"url\":\"https:\\\/\\\/www.webdo.tn\\\/fr\\\/wp-content\\\/uploads\\\/2026\\\/04\\\/ramzi-haddad_avatar-96x96.jpg\",\"contentUrl\":\"https:\\\/\\\/www.webdo.tn\\\/fr\\\/wp-content\\\/uploads\\\/2026\\\/04\\\/ramzi-haddad_avatar-96x96.jpg\",\"caption\":\"Ramzi Haddad\"},\"description\":\"Signature \u00e9ditoriale de Walid Ben Youssef Ramzi Haddad est le pseudonyme \u00e9ditorial de Walid Ben Youssef, fondateur et g\u00e9rant de Webdo.tn. Cette signature est d\u00e9di\u00e9e \u00e0 la couverture de l'actualit\u00e9 nationale et internationale, ainsi qu'aux analyses des dynamiques num\u00e9riques. Ce profil b\u00e9n\u00e9ficie de l'expertise de Walid Ben Youssef, pionnier du web en Tunisie depuis 2000 et dipl\u00f4m\u00e9 en Math\u00e9matiques pures de l'Universit\u00e9 d'Oregon. \u00c0 travers cette signature, la r\u00e9daction de Webdo garantit une information structur\u00e9e et v\u00e9rifi\u00e9e, fid\u00e8le aux standards journalistiques du m\u00e9dia.\",\"url\":\"https:\\\/\\\/www.webdo.tn\\\/fr\\\/actualite\\\/author\\\/ramzi-haddad\\\/\"}]}<\/script>\n<!-- \/ Yoast SEO Premium plugin. -->","yoast_head_json":{"title":"Plan de d\u00e9veloppement 2026-2030 : Sa\u00efed veut b\u00e2tir un mod\u00e8le venu des citoyens - webdo","description":"Plan de d\u00e9veloppement 2026-2030 : Sa\u00efed veut b\u00e2tir un mod\u00e8le bas\u00e9 sur les attentes des citoyens pour un avenir meilleur.","canonical":"https:\/\/www.webdo.tn\/fr\/actualite\/national\/plan-de-developpement-2026-2030-saied-veut-batir-un-modele-venu-des-citoyens\/394402\/","og_locale":"fr_FR","og_type":"article","og_title":"Plan de d\u00e9veloppement 2026-2030 : Sa\u00efed veut b\u00e2tir un mod\u00e8le venu des citoyens","og_description":"Plan de d\u00e9veloppement 2026-2030 : Sa\u00efed veut b\u00e2tir un mod\u00e8le bas\u00e9 sur les attentes des citoyens pour un avenir meilleur.","og_url":"https:\/\/www.webdo.tn\/fr\/actualite\/national\/plan-de-developpement-2026-2030-saied-veut-batir-un-modele-venu-des-citoyens\/394402\/","og_site_name":"webdo","article_publisher":"https:\/\/www.facebook.com\/webdotn","article_published_time":"2026-03-11T06:36:57+00:00","article_modified_time":"2026-03-11T06:57:08+00:00","og_image":[{"width":1200,"height":600,"url":"https:\/\/www.webdo.tn\/fr\/wp-content\/uploads\/2026\/03\/kais-saied-plan-de-developpement.jpg","type":"image\/jpeg"}],"author":"Ramzi Haddad","twitter_card":"summary_large_image","twitter_creator":"@webdo_tn","twitter_site":"@webdo_tn","twitter_misc":{"\u00c9crit par":"Ramzi Haddad","Dur\u00e9e de lecture estim\u00e9e":"2 minutes"},"schema":{"@context":"https:\/\/schema.org","@graph":[{"@type":"NewsArticle","@id":"https:\/\/www.webdo.tn\/fr\/actualite\/national\/plan-de-developpement-2026-2030-saied-veut-batir-un-modele-venu-des-citoyens\/394402\/#article","isPartOf":{"@id":"https:\/\/www.webdo.tn\/fr\/actualite\/national\/plan-de-developpement-2026-2030-saied-veut-batir-un-modele-venu-des-citoyens\/394402\/"},"author":{"name":"Ramzi Haddad","@id":"https:\/\/www.webdo.tn\/fr\/#\/schema\/person\/5663044c25eb36d8f88ba5b653f12f8c"},"headline":"Plan de d\u00e9veloppement 2026-2030 : Sa\u00efed veut b\u00e2tir un mod\u00e8le venu des citoyens","datePublished":"2026-03-11T06:36:57+00:00","dateModified":"2026-03-11T06:57:08+00:00","mainEntityOfPage":{"@id":"https:\/\/www.webdo.tn\/fr\/actualite\/national\/plan-de-developpement-2026-2030-saied-veut-batir-un-modele-venu-des-citoyens\/394402\/"},"wordCount":418,"publisher":{"@id":"https:\/\/www.webdo.tn\/fr\/#organization"},"image":{"@id":"https:\/\/www.webdo.tn\/fr\/actualite\/national\/plan-de-developpement-2026-2030-saied-veut-batir-un-modele-venu-des-citoyens\/394402\/#primaryimage"},"thumbnailUrl":"https:\/\/www.webdo.tn\/fr\/wp-content\/uploads\/2026\/03\/kais-saied-plan-de-developpement.jpg","keywords":["Kais Saied","plan de d\u00e9veloppement","Tunisie"],"articleSection":["National"],"inLanguage":"fr-FR"},{"@type":"WebPage","@id":"https:\/\/www.webdo.tn\/fr\/actualite\/national\/plan-de-developpement-2026-2030-saied-veut-batir-un-modele-venu-des-citoyens\/394402\/","url":"https:\/\/www.webdo.tn\/fr\/actualite\/national\/plan-de-developpement-2026-2030-saied-veut-batir-un-modele-venu-des-citoyens\/394402\/","name":"Plan de d\u00e9veloppement 2026-2030 : Sa\u00efed veut b\u00e2tir un mod\u00e8le venu des citoyens - webdo","isPartOf":{"@id":"https:\/\/www.webdo.tn\/fr\/#website"},"primaryImageOfPage":{"@id":"https:\/\/www.webdo.tn\/fr\/actualite\/national\/plan-de-developpement-2026-2030-saied-veut-batir-un-modele-venu-des-citoyens\/394402\/#primaryimage"},"image":{"@id":"https:\/\/www.webdo.tn\/fr\/actualite\/national\/plan-de-developpement-2026-2030-saied-veut-batir-un-modele-venu-des-citoyens\/394402\/#primaryimage"},"thumbnailUrl":"https:\/\/www.webdo.tn\/fr\/wp-content\/uploads\/2026\/03\/kais-saied-plan-de-developpement.jpg","datePublished":"2026-03-11T06:36:57+00:00","dateModified":"2026-03-11T06:57:08+00:00","description":"Plan de d\u00e9veloppement 2026-2030 : Sa\u00efed veut b\u00e2tir un mod\u00e8le bas\u00e9 sur les attentes des citoyens pour un avenir meilleur.","breadcrumb":{"@id":"https:\/\/www.webdo.tn\/fr\/actualite\/national\/plan-de-developpement-2026-2030-saied-veut-batir-un-modele-venu-des-citoyens\/394402\/#breadcrumb"},"inLanguage":"fr-FR","potentialAction":[{"@type":"ReadAction","target":["https:\/\/www.webdo.tn\/fr\/actualite\/national\/plan-de-developpement-2026-2030-saied-veut-batir-un-modele-venu-des-citoyens\/394402\/"]}]},{"@type":"ImageObject","inLanguage":"fr-FR","@id":"https:\/\/www.webdo.tn\/fr\/actualite\/national\/plan-de-developpement-2026-2030-saied-veut-batir-un-modele-venu-des-citoyens\/394402\/#primaryimage","url":"https:\/\/www.webdo.tn\/fr\/wp-content\/uploads\/2026\/03\/kais-saied-plan-de-developpement.jpg","contentUrl":"https:\/\/www.webdo.tn\/fr\/wp-content\/uploads\/2026\/03\/kais-saied-plan-de-developpement.jpg","width":1200,"height":600,"caption":"Plan 2026-2030 : Sa\u00efed promet une r\u00e9partition plus \u00e9quitable des richesses"},{"@type":"BreadcrumbList","@id":"https:\/\/www.webdo.tn\/fr\/actualite\/national\/plan-de-developpement-2026-2030-saied-veut-batir-un-modele-venu-des-citoyens\/394402\/#breadcrumb","itemListElement":[{"@type":"ListItem","position":1,"name":"Accueil","item":"https:\/\/www.webdo.tn\/fr\/"},{"@type":"ListItem","position":2,"name":"Plan de d\u00e9veloppement 2026-2030 : Sa\u00efed veut b\u00e2tir un mod\u00e8le venu des citoyens"}]},{"@type":"WebSite","@id":"https:\/\/www.webdo.tn\/fr\/#website","url":"https:\/\/www.webdo.tn\/fr\/","name":"webdo","description":"Tunisie - News en Tunisie et \u00e0 l&#039;international sur Webdo.tn","publisher":{"@id":"https:\/\/www.webdo.tn\/fr\/#organization"},"potentialAction":[{"@type":"SearchAction","target":{"@type":"EntryPoint","urlTemplate":"https:\/\/www.webdo.tn\/fr\/?s={search_term_string}"},"query-input":{"@type":"PropertyValueSpecification","valueRequired":true,"valueName":"search_term_string"}}],"inLanguage":"fr-FR"},{"@type":"Organization","@id":"https:\/\/www.webdo.tn\/fr\/#organization","name":"Webdo","alternateName":"Webdo.tn","url":"https:\/\/www.webdo.tn\/fr\/","logo":{"@type":"ImageObject","inLanguage":"fr-FR","@id":"https:\/\/www.webdo.tn\/fr\/#\/schema\/logo\/image\/","url":"https:\/\/www.webdo.tn\/fr\/wp-content\/uploads\/2025\/06\/Webdo-Tunisie_168377.jpg","contentUrl":"https:\/\/www.webdo.tn\/fr\/wp-content\/uploads\/2025\/06\/Webdo-Tunisie_168377.jpg","width":301,"height":301,"caption":"Webdo"},"image":{"@id":"https:\/\/www.webdo.tn\/fr\/#\/schema\/logo\/image\/"},"sameAs":["https:\/\/www.facebook.com\/webdotn","https:\/\/x.com\/webdo_tn"],"description":"Webdo est un m\u00e9dia num\u00e9rique tunisien fond\u00e9 en 2010, sp\u00e9cialis\u00e9 dans l\u2019actualit\u00e9 nationale et internationale, l\u2019\u00e9conomie, la soci\u00e9t\u00e9 et les analyses politiques. Le site s\u2019adresse \u00e0 un large public francophone et couvre l\u2019information tunisienne en temps r\u00e9el.","email":"redac@webdo.tn","legalName":"YNJ SARL","foundingDate":"2010-09-06","numberOfEmployees":{"@type":"QuantitativeValue","minValue":"11","maxValue":"50"}},{"@type":"Person","@id":"https:\/\/www.webdo.tn\/fr\/#\/schema\/person\/5663044c25eb36d8f88ba5b653f12f8c","name":"Ramzi Haddad","image":{"@type":"ImageObject","inLanguage":"fr-FR","@id":"https:\/\/www.webdo.tn\/fr\/wp-content\/uploads\/2026\/04\/ramzi-haddad_avatar-96x96.jpg","url":"https:\/\/www.webdo.tn\/fr\/wp-content\/uploads\/2026\/04\/ramzi-haddad_avatar-96x96.jpg","contentUrl":"https:\/\/www.webdo.tn\/fr\/wp-content\/uploads\/2026\/04\/ramzi-haddad_avatar-96x96.jpg","caption":"Ramzi Haddad"},"description":"Signature \u00e9ditoriale de Walid Ben Youssef Ramzi Haddad est le pseudonyme \u00e9ditorial de Walid Ben Youssef, fondateur et g\u00e9rant de Webdo.tn. Cette signature est d\u00e9di\u00e9e \u00e0 la couverture de l'actualit\u00e9 nationale et internationale, ainsi qu'aux analyses des dynamiques num\u00e9riques. Ce profil b\u00e9n\u00e9ficie de l'expertise de Walid Ben Youssef, pionnier du web en Tunisie depuis 2000 et dipl\u00f4m\u00e9 en Math\u00e9matiques pures de l'Universit\u00e9 d'Oregon. \u00c0 travers cette signature, la r\u00e9daction de Webdo garantit une information structur\u00e9e et v\u00e9rifi\u00e9e, fid\u00e8le aux standards journalistiques du m\u00e9dia.","url":"https:\/\/www.webdo.tn\/fr\/actualite\/author\/ramzi-haddad\/"}]}},"_links":{"self":[{"href":"https:\/\/www.webdo.tn\/fr\/wp-json\/wp\/v2\/posts\/394402","targetHints":{"allow":["GET"]}}],"collection":[{"href":"https:\/\/www.webdo.tn\/fr\/wp-json\/wp\/v2\/posts"}],"about":[{"href":"https:\/\/www.webdo.tn\/fr\/wp-json\/wp\/v2\/types\/post"}],"author":[{"embeddable":true,"href":"https:\/\/www.webdo.tn\/fr\/wp-json\/wp\/v2\/users\/3203"}],"replies":[{"embeddable":true,"href":"https:\/\/www.webdo.tn\/fr\/wp-json\/wp\/v2\/comments?post=394402"}],"version-history":[{"count":0,"href":"https:\/\/www.webdo.tn\/fr\/wp-json\/wp\/v2\/posts\/394402\/revisions"}],"wp:featuredmedia":[{"embeddable":true,"href":"https:\/\/www.webdo.tn\/fr\/wp-json\/wp\/v2\/media\/394404"}],"wp:attachment":[{"href":"https:\/\/www.webdo.tn\/fr\/wp-json\/wp\/v2\/media?parent=394402"}],"wp:term":[{"taxonomy":"category","embeddable":true,"href":"https:\/\/www.webdo.tn\/fr\/wp-json\/wp\/v2\/categories?post=394402"},{"taxonomy":"post_tag","embeddable":true,"href":"https:\/\/www.webdo.tn\/fr\/wp-json\/wp\/v2\/tags?post=394402"}],"curies":[{"name":"wp","href":"https:\/\/api.w.org\/{rel}","templated":true}]}}