{"id":394395,"date":"2026-03-10T19:35:45","date_gmt":"2026-03-10T18:35:45","guid":{"rendered":"https:\/\/www.webdo.tn\/fr\/?p=394395"},"modified":"2026-03-10T19:35:47","modified_gmt":"2026-03-10T18:35:47","slug":"mandat-de-depot-contre-ahmed-amiri-president-de-la-chambre-des-bouchers-de-tunis","status":"publish","type":"post","link":"https:\/\/www.webdo.tn\/fr\/actualite\/national\/mandat-de-depot-contre-ahmed-amiri-president-de-la-chambre-des-bouchers-de-tunis\/394395\/","title":{"rendered":"Mandat de d\u00e9p\u00f4t contre Ahmed Amiri, pr\u00e9sident de la chambre des bouchers de Tunis"},"content":{"rendered":"\n<p><strong>Le premier juge d\u2019instruction du p\u00f4le judiciaire \u00e9conomique et financier a \u00e9mis, mardi, un mandat de d\u00e9p\u00f4t contre Ahmed Amiri, pr\u00e9sident de la Chambre des bouchers de Tunis, arr\u00eat\u00e9 il y a quatre jours, dans le cadre d\u2019une enqu\u00eate portant sur des soup\u00e7ons de corruption, de sp\u00e9culation et de blanchiment d\u2019argent dans le secteur de la viande, rapporte l\u2019agence TAP.<\/strong><\/p>\n\n\n\n<p>L\u2019affaire fait suite \u00e0 une plainte d\u00e9pos\u00e9e par la Soci\u00e9t\u00e9 Ellouhoum (Soci\u00e9t\u00e9 des viandes) aupr\u00e8s du parquet du tribunal de premi\u00e8re instance de Tunis. La plainte \u00e9voque des soup\u00e7ons d\u2019appropriation de fonds publics appartenant \u00e0 cette entreprise publique, qui auraient \u00e9t\u00e9 confi\u00e9s \u00e0 Ahmed Amiri par procuration de plusieurs bouchers afin d\u2019assurer l\u2019approvisionnement en viandes r\u00e9frig\u00e9r\u00e9es import\u00e9es.<\/p>\n\n\n\n<h2 class=\"wp-block-heading\" id=\"h-soupcons-de-manipulation-des-circuits-de-distribution\">Soup\u00e7ons de manipulation des circuits de distribution<\/h2>\n\n\n\n<p>Selon les \u00e9l\u00e9ments de l\u2019enqu\u00eate, le responsable est \u00e9galement soup\u00e7onn\u00e9 d\u2019avoir manipul\u00e9 les circuits de distribution de la viande en utilisant les cartes fiscales de certains bouchers \u00e0 leur insu afin de retirer des quantit\u00e9s de viande aupr\u00e8s de la Soci\u00e9t\u00e9 Ellouhoum.<\/p>\n\n\n\n<p>Ces viandes, subventionn\u00e9es par l\u2019\u00c9tat, auraient ensuite \u00e9t\u00e9 revendues dans d\u2019autres circuits que ceux d\u00e9clar\u00e9s \u00e0 l\u2019entreprise publique, dans le but de sp\u00e9culer sur les prix et de les \u00e9couler en dehors des canaux officiels.<\/p>\n\n\n\n<p>Apr\u00e8s r\u00e9ception du proc\u00e8s-verbal de l\u2019enqu\u00eate men\u00e9e par la sous-direction des recherches \u00e9conomiques et financi\u00e8res de la police judiciaire, une information judiciaire a \u00e9t\u00e9 ouverte au p\u00f4le judiciaire \u00e9conomique et financier.<\/p>\n\n\n\n<h2 class=\"wp-block-heading\" id=\"h-plusieurs-chefs-d-accusation-retenus\">Plusieurs chefs d\u2019accusation retenus<\/h2>\n\n\n\n<p>\u00c0 l\u2019issue de son interrogatoire, le juge d\u2019instruction a d\u00e9cid\u00e9 de d\u00e9livrer un mandat de d\u00e9p\u00f4t contre Ahmed Amiri pour plusieurs chefs d\u2019accusation, notamment le blanchiment d\u2019argent en exploitant les facilit\u00e9s li\u00e9es \u00e0 sa fonction et \u00e0 son activit\u00e9 professionnelle, la sp\u00e9culation ill\u00e9gale, l\u2019abus de confiance aggrav\u00e9 ainsi que la participation \u00e0 l\u2019exploitation abusive de la qualit\u00e9 de quasi-agent public ayant caus\u00e9 un pr\u00e9judice mat\u00e9riel \u00e0 une entreprise \u00e9conomique \u00e0 participation publique.<\/p>\n\n\n\n<blockquote class=\"wp-block-quote is-layout-flow wp-block-quote-is-layout-flow\">\n<blockquote class=\"wp-block-quote is-layout-flow wp-block-quote-is-layout-flow\">\n<p><strong>Lire aussi:<\/strong><\/p>\n\n\n\n<ul class=\"wp-block-list\">\n<li class=\"has-medium-font-size\"><em>\u00a0<\/em><a href=\"https:\/\/www.webdo.tn\/fr\/actualite\/national\/viande-rouge-les-bouchers-alertent-sur-une-flambee-des-prix-pour-le-ramadan\/393094\/\">Viande rouge : Les bouchers alertent sur une flamb\u00e9e des prix pour le Ramadan<\/a><\/li>\n\n\n\n<li class=\"has-medium-font-size\"><a href=\"https:\/\/www.webdo.tn\/fr\/actualite\/national\/viande-corruption-et-entreprises-publiques-kais-saied-hausse-le-ton\/393706\/\">Viande, corruption et entreprises publiques : Ka\u00efs Sa\u00efed hausse le ton<\/a><\/li>\n<\/ul>\n<\/blockquote>\n<\/blockquote>\n\n\n\n<p><\/p>\n","protected":false},"excerpt":{"rendered":"<p>Le premier juge d\u2019instruction du p\u00f4le judiciaire \u00e9conomique et financier a \u00e9mis, mardi, un mandat de d\u00e9p\u00f4t contre Ahmed Amiri, pr\u00e9sident de la Chambre des bouchers de Tunis, arr\u00eat\u00e9 il y a quatre jours, dans le cadre d\u2019une enqu\u00eate portant sur des soup\u00e7ons de corruption, de sp\u00e9culation et de blanchiment d\u2019argent dans le secteur de [&hellip;]<\/p>\n","protected":false},"author":4779,"featured_media":394193,"comment_status":"closed","ping_status":"closed","sticky":false,"template":"","format":"standard","meta":{"footnotes":""},"categories":[44],"tags":[13824,11748,2886,2608],"class_list":["post-394395","post","type-post","status-publish","format-standard","has-post-thumbnail","hentry","category-national","tag-ahmed-amiri","tag-bouchers","tag-mandat-de-depot","tag-tunisie"],"yoast_head":"<!-- This site is optimized with the Yoast SEO Premium plugin v27.5 (Yoast SEO v27.5) - https:\/\/yoast.com\/product\/yoast-seo-premium-wordpress\/ -->\n<title>Mandat de d\u00e9p\u00f4t contre Ahmed Amiri, pr\u00e9sident de la chambre des bouchers de Tunis - webdo<\/title>\n<meta name=\"description\" content=\"Un mandat de d\u00e9p\u00f4t a \u00e9t\u00e9 \u00e9mis contre Ahmed Amiri pour des soup\u00e7ons de corruption dans le secteur de la viande \u00e0 Tunis.\" \/>\n<link rel=\"canonical\" href=\"https:\/\/www.webdo.tn\/fr\/actualite\/national\/mandat-de-depot-contre-ahmed-amiri-president-de-la-chambre-des-bouchers-de-tunis\/394395\/\" \/>\n<meta property=\"og:locale\" content=\"fr_FR\" \/>\n<meta property=\"og:type\" content=\"article\" \/>\n<meta property=\"og:title\" content=\"Mandat de d\u00e9p\u00f4t contre Ahmed Amiri, pr\u00e9sident de la chambre des bouchers de Tunis\" \/>\n<meta property=\"og:description\" content=\"Un mandat de d\u00e9p\u00f4t a \u00e9t\u00e9 \u00e9mis contre Ahmed Amiri pour des soup\u00e7ons de corruption dans le secteur de la viande \u00e0 Tunis.\" \/>\n<meta property=\"og:url\" content=\"https:\/\/www.webdo.tn\/fr\/actualite\/national\/mandat-de-depot-contre-ahmed-amiri-president-de-la-chambre-des-bouchers-de-tunis\/394395\/\" \/>\n<meta property=\"og:site_name\" content=\"webdo\" \/>\n<meta property=\"article:publisher\" content=\"https:\/\/www.facebook.com\/webdotn\" \/>\n<meta property=\"article:published_time\" content=\"2026-03-10T18:35:45+00:00\" \/>\n<meta property=\"article:modified_time\" content=\"2026-03-10T18:35:47+00:00\" \/>\n<meta property=\"og:image\" content=\"https:\/\/www.webdo.tn\/fr\/wp-content\/uploads\/2026\/03\/laamiri-1.jpg\" \/>\n\t<meta property=\"og:image:width\" content=\"1200\" \/>\n\t<meta property=\"og:image:height\" content=\"602\" \/>\n\t<meta property=\"og:image:type\" content=\"image\/jpeg\" \/>\n<meta name=\"author\" content=\"Firas Ben Abdeltif\" \/>\n<meta name=\"twitter:card\" content=\"summary_large_image\" \/>\n<meta name=\"twitter:creator\" content=\"@webdo_tn\" \/>\n<meta name=\"twitter:site\" content=\"@webdo_tn\" \/>\n<meta name=\"twitter:label1\" content=\"\u00c9crit par\" \/>\n\t<meta name=\"twitter:data1\" content=\"Firas Ben Abdeltif\" \/>\n\t<meta name=\"twitter:label2\" content=\"Dur\u00e9e de lecture estim\u00e9e\" \/>\n\t<meta name=\"twitter:data2\" content=\"2 minutes\" \/>\n<script type=\"application\/ld+json\" class=\"yoast-schema-graph\">{\"@context\":\"https:\\\/\\\/schema.org\",\"@graph\":[{\"@type\":\"NewsArticle\",\"@id\":\"https:\\\/\\\/www.webdo.tn\\\/fr\\\/actualite\\\/national\\\/mandat-de-depot-contre-ahmed-amiri-president-de-la-chambre-des-bouchers-de-tunis\\\/394395\\\/#article\",\"isPartOf\":{\"@id\":\"https:\\\/\\\/www.webdo.tn\\\/fr\\\/actualite\\\/national\\\/mandat-de-depot-contre-ahmed-amiri-president-de-la-chambre-des-bouchers-de-tunis\\\/394395\\\/\"},\"author\":{\"name\":\"Firas Ben Abdeltif\",\"@id\":\"https:\\\/\\\/www.webdo.tn\\\/fr\\\/#\\\/schema\\\/person\\\/19664196c9bfdcda126f3c27709f7d11\"},\"headline\":\"Mandat de d\u00e9p\u00f4t contre Ahmed Amiri, pr\u00e9sident de la chambre des bouchers de Tunis\",\"datePublished\":\"2026-03-10T18:35:45+00:00\",\"dateModified\":\"2026-03-10T18:35:47+00:00\",\"mainEntityOfPage\":{\"@id\":\"https:\\\/\\\/www.webdo.tn\\\/fr\\\/actualite\\\/national\\\/mandat-de-depot-contre-ahmed-amiri-president-de-la-chambre-des-bouchers-de-tunis\\\/394395\\\/\"},\"wordCount\":411,\"publisher\":{\"@id\":\"https:\\\/\\\/www.webdo.tn\\\/fr\\\/#organization\"},\"image\":{\"@id\":\"https:\\\/\\\/www.webdo.tn\\\/fr\\\/actualite\\\/national\\\/mandat-de-depot-contre-ahmed-amiri-president-de-la-chambre-des-bouchers-de-tunis\\\/394395\\\/#primaryimage\"},\"thumbnailUrl\":\"https:\\\/\\\/www.webdo.tn\\\/fr\\\/wp-content\\\/uploads\\\/2026\\\/03\\\/laamiri-1.jpg\",\"keywords\":[\"Ahmed Amiri\",\"bouchers\",\"mandat de d\u00e9p\u00f4t\",\"Tunisie\"],\"articleSection\":[\"National\"],\"inLanguage\":\"fr-FR\"},{\"@type\":\"WebPage\",\"@id\":\"https:\\\/\\\/www.webdo.tn\\\/fr\\\/actualite\\\/national\\\/mandat-de-depot-contre-ahmed-amiri-president-de-la-chambre-des-bouchers-de-tunis\\\/394395\\\/\",\"url\":\"https:\\\/\\\/www.webdo.tn\\\/fr\\\/actualite\\\/national\\\/mandat-de-depot-contre-ahmed-amiri-president-de-la-chambre-des-bouchers-de-tunis\\\/394395\\\/\",\"name\":\"Mandat de d\u00e9p\u00f4t contre Ahmed Amiri, pr\u00e9sident de la chambre des bouchers de Tunis - webdo\",\"isPartOf\":{\"@id\":\"https:\\\/\\\/www.webdo.tn\\\/fr\\\/#website\"},\"primaryImageOfPage\":{\"@id\":\"https:\\\/\\\/www.webdo.tn\\\/fr\\\/actualite\\\/national\\\/mandat-de-depot-contre-ahmed-amiri-president-de-la-chambre-des-bouchers-de-tunis\\\/394395\\\/#primaryimage\"},\"image\":{\"@id\":\"https:\\\/\\\/www.webdo.tn\\\/fr\\\/actualite\\\/national\\\/mandat-de-depot-contre-ahmed-amiri-president-de-la-chambre-des-bouchers-de-tunis\\\/394395\\\/#primaryimage\"},\"thumbnailUrl\":\"https:\\\/\\\/www.webdo.tn\\\/fr\\\/wp-content\\\/uploads\\\/2026\\\/03\\\/laamiri-1.jpg\",\"datePublished\":\"2026-03-10T18:35:45+00:00\",\"dateModified\":\"2026-03-10T18:35:47+00:00\",\"description\":\"Un mandat de d\u00e9p\u00f4t a \u00e9t\u00e9 \u00e9mis contre Ahmed Amiri pour des soup\u00e7ons de corruption dans le secteur de la viande \u00e0 Tunis.\",\"breadcrumb\":{\"@id\":\"https:\\\/\\\/www.webdo.tn\\\/fr\\\/actualite\\\/national\\\/mandat-de-depot-contre-ahmed-amiri-president-de-la-chambre-des-bouchers-de-tunis\\\/394395\\\/#breadcrumb\"},\"inLanguage\":\"fr-FR\",\"potentialAction\":[{\"@type\":\"ReadAction\",\"target\":[\"https:\\\/\\\/www.webdo.tn\\\/fr\\\/actualite\\\/national\\\/mandat-de-depot-contre-ahmed-amiri-president-de-la-chambre-des-bouchers-de-tunis\\\/394395\\\/\"]}]},{\"@type\":\"ImageObject\",\"inLanguage\":\"fr-FR\",\"@id\":\"https:\\\/\\\/www.webdo.tn\\\/fr\\\/actualite\\\/national\\\/mandat-de-depot-contre-ahmed-amiri-president-de-la-chambre-des-bouchers-de-tunis\\\/394395\\\/#primaryimage\",\"url\":\"https:\\\/\\\/www.webdo.tn\\\/fr\\\/wp-content\\\/uploads\\\/2026\\\/03\\\/laamiri-1.jpg\",\"contentUrl\":\"https:\\\/\\\/www.webdo.tn\\\/fr\\\/wp-content\\\/uploads\\\/2026\\\/03\\\/laamiri-1.jpg\",\"width\":1200,\"height\":602,\"caption\":\"Ahmed Laamiri, pr\u00e9sident de la Chambre des bouchers, plac\u00e9 en garde \u00e0 vue\"},{\"@type\":\"BreadcrumbList\",\"@id\":\"https:\\\/\\\/www.webdo.tn\\\/fr\\\/actualite\\\/national\\\/mandat-de-depot-contre-ahmed-amiri-president-de-la-chambre-des-bouchers-de-tunis\\\/394395\\\/#breadcrumb\",\"itemListElement\":[{\"@type\":\"ListItem\",\"position\":1,\"name\":\"Accueil\",\"item\":\"https:\\\/\\\/www.webdo.tn\\\/fr\\\/\"},{\"@type\":\"ListItem\",\"position\":2,\"name\":\"Mandat de d\u00e9p\u00f4t contre Ahmed Amiri, pr\u00e9sident de la chambre des bouchers de Tunis\"}]},{\"@type\":\"WebSite\",\"@id\":\"https:\\\/\\\/www.webdo.tn\\\/fr\\\/#website\",\"url\":\"https:\\\/\\\/www.webdo.tn\\\/fr\\\/\",\"name\":\"webdo\",\"description\":\"Tunisie - News en Tunisie et \u00e0 l&#039;international sur Webdo.tn\",\"publisher\":{\"@id\":\"https:\\\/\\\/www.webdo.tn\\\/fr\\\/#organization\"},\"potentialAction\":[{\"@type\":\"SearchAction\",\"target\":{\"@type\":\"EntryPoint\",\"urlTemplate\":\"https:\\\/\\\/www.webdo.tn\\\/fr\\\/?s={search_term_string}\"},\"query-input\":{\"@type\":\"PropertyValueSpecification\",\"valueRequired\":true,\"valueName\":\"search_term_string\"}}],\"inLanguage\":\"fr-FR\"},{\"@type\":\"Organization\",\"@id\":\"https:\\\/\\\/www.webdo.tn\\\/fr\\\/#organization\",\"name\":\"Webdo\",\"alternateName\":\"Webdo.tn\",\"url\":\"https:\\\/\\\/www.webdo.tn\\\/fr\\\/\",\"logo\":{\"@type\":\"ImageObject\",\"inLanguage\":\"fr-FR\",\"@id\":\"https:\\\/\\\/www.webdo.tn\\\/fr\\\/#\\\/schema\\\/logo\\\/image\\\/\",\"url\":\"https:\\\/\\\/www.webdo.tn\\\/fr\\\/wp-content\\\/uploads\\\/2025\\\/06\\\/Webdo-Tunisie_168377.jpg\",\"contentUrl\":\"https:\\\/\\\/www.webdo.tn\\\/fr\\\/wp-content\\\/uploads\\\/2025\\\/06\\\/Webdo-Tunisie_168377.jpg\",\"width\":301,\"height\":301,\"caption\":\"Webdo\"},\"image\":{\"@id\":\"https:\\\/\\\/www.webdo.tn\\\/fr\\\/#\\\/schema\\\/logo\\\/image\\\/\"},\"sameAs\":[\"https:\\\/\\\/www.facebook.com\\\/webdotn\",\"https:\\\/\\\/x.com\\\/webdo_tn\"],\"description\":\"Webdo est un m\u00e9dia num\u00e9rique tunisien fond\u00e9 en 2010, sp\u00e9cialis\u00e9 dans l\u2019actualit\u00e9 nationale et internationale, l\u2019\u00e9conomie, la soci\u00e9t\u00e9 et les analyses politiques. Le site s\u2019adresse \u00e0 un large public francophone et couvre l\u2019information tunisienne en temps r\u00e9el.\",\"email\":\"redac@webdo.tn\",\"legalName\":\"YNJ SARL\",\"foundingDate\":\"2010-09-06\",\"numberOfEmployees\":{\"@type\":\"QuantitativeValue\",\"minValue\":\"11\",\"maxValue\":\"50\"}},{\"@type\":\"Person\",\"@id\":\"https:\\\/\\\/www.webdo.tn\\\/fr\\\/#\\\/schema\\\/person\\\/19664196c9bfdcda126f3c27709f7d11\",\"name\":\"Firas Ben Abdeltif\",\"image\":{\"@type\":\"ImageObject\",\"inLanguage\":\"fr-FR\",\"@id\":\"https:\\\/\\\/secure.gravatar.com\\\/avatar\\\/161a347d40df098a084778c52ed133dbd85f14df003867067c5948081241ec55?s=96&d=mm&r=g\",\"url\":\"https:\\\/\\\/secure.gravatar.com\\\/avatar\\\/161a347d40df098a084778c52ed133dbd85f14df003867067c5948081241ec55?s=96&d=mm&r=g\",\"contentUrl\":\"https:\\\/\\\/secure.gravatar.com\\\/avatar\\\/161a347d40df098a084778c52ed133dbd85f14df003867067c5948081241ec55?s=96&d=mm&r=g\",\"caption\":\"Firas Ben Abdeltif\"},\"url\":\"https:\\\/\\\/www.webdo.tn\\\/fr\\\/actualite\\\/author\\\/firas-ben-abdeltif\\\/\"}]}<\/script>\n<!-- \/ Yoast SEO Premium plugin. -->","yoast_head_json":{"title":"Mandat de d\u00e9p\u00f4t contre Ahmed Amiri, pr\u00e9sident de la chambre des bouchers de Tunis - webdo","description":"Un mandat de d\u00e9p\u00f4t a \u00e9t\u00e9 \u00e9mis contre Ahmed Amiri pour des soup\u00e7ons de corruption dans le secteur de la viande \u00e0 Tunis.","canonical":"https:\/\/www.webdo.tn\/fr\/actualite\/national\/mandat-de-depot-contre-ahmed-amiri-president-de-la-chambre-des-bouchers-de-tunis\/394395\/","og_locale":"fr_FR","og_type":"article","og_title":"Mandat de d\u00e9p\u00f4t contre Ahmed Amiri, pr\u00e9sident de la chambre des bouchers de Tunis","og_description":"Un mandat de d\u00e9p\u00f4t a \u00e9t\u00e9 \u00e9mis contre Ahmed Amiri pour des soup\u00e7ons de corruption dans le secteur de la viande \u00e0 Tunis.","og_url":"https:\/\/www.webdo.tn\/fr\/actualite\/national\/mandat-de-depot-contre-ahmed-amiri-president-de-la-chambre-des-bouchers-de-tunis\/394395\/","og_site_name":"webdo","article_publisher":"https:\/\/www.facebook.com\/webdotn","article_published_time":"2026-03-10T18:35:45+00:00","article_modified_time":"2026-03-10T18:35:47+00:00","og_image":[{"width":1200,"height":602,"url":"https:\/\/www.webdo.tn\/fr\/wp-content\/uploads\/2026\/03\/laamiri-1.jpg","type":"image\/jpeg"}],"author":"Firas Ben Abdeltif","twitter_card":"summary_large_image","twitter_creator":"@webdo_tn","twitter_site":"@webdo_tn","twitter_misc":{"\u00c9crit par":"Firas Ben Abdeltif","Dur\u00e9e de lecture estim\u00e9e":"2 minutes"},"schema":{"@context":"https:\/\/schema.org","@graph":[{"@type":"NewsArticle","@id":"https:\/\/www.webdo.tn\/fr\/actualite\/national\/mandat-de-depot-contre-ahmed-amiri-president-de-la-chambre-des-bouchers-de-tunis\/394395\/#article","isPartOf":{"@id":"https:\/\/www.webdo.tn\/fr\/actualite\/national\/mandat-de-depot-contre-ahmed-amiri-president-de-la-chambre-des-bouchers-de-tunis\/394395\/"},"author":{"name":"Firas Ben Abdeltif","@id":"https:\/\/www.webdo.tn\/fr\/#\/schema\/person\/19664196c9bfdcda126f3c27709f7d11"},"headline":"Mandat de d\u00e9p\u00f4t contre Ahmed Amiri, pr\u00e9sident de la chambre des bouchers de Tunis","datePublished":"2026-03-10T18:35:45+00:00","dateModified":"2026-03-10T18:35:47+00:00","mainEntityOfPage":{"@id":"https:\/\/www.webdo.tn\/fr\/actualite\/national\/mandat-de-depot-contre-ahmed-amiri-president-de-la-chambre-des-bouchers-de-tunis\/394395\/"},"wordCount":411,"publisher":{"@id":"https:\/\/www.webdo.tn\/fr\/#organization"},"image":{"@id":"https:\/\/www.webdo.tn\/fr\/actualite\/national\/mandat-de-depot-contre-ahmed-amiri-president-de-la-chambre-des-bouchers-de-tunis\/394395\/#primaryimage"},"thumbnailUrl":"https:\/\/www.webdo.tn\/fr\/wp-content\/uploads\/2026\/03\/laamiri-1.jpg","keywords":["Ahmed Amiri","bouchers","mandat de d\u00e9p\u00f4t","Tunisie"],"articleSection":["National"],"inLanguage":"fr-FR"},{"@type":"WebPage","@id":"https:\/\/www.webdo.tn\/fr\/actualite\/national\/mandat-de-depot-contre-ahmed-amiri-president-de-la-chambre-des-bouchers-de-tunis\/394395\/","url":"https:\/\/www.webdo.tn\/fr\/actualite\/national\/mandat-de-depot-contre-ahmed-amiri-president-de-la-chambre-des-bouchers-de-tunis\/394395\/","name":"Mandat de d\u00e9p\u00f4t contre Ahmed Amiri, pr\u00e9sident de la chambre des bouchers de Tunis - webdo","isPartOf":{"@id":"https:\/\/www.webdo.tn\/fr\/#website"},"primaryImageOfPage":{"@id":"https:\/\/www.webdo.tn\/fr\/actualite\/national\/mandat-de-depot-contre-ahmed-amiri-president-de-la-chambre-des-bouchers-de-tunis\/394395\/#primaryimage"},"image":{"@id":"https:\/\/www.webdo.tn\/fr\/actualite\/national\/mandat-de-depot-contre-ahmed-amiri-president-de-la-chambre-des-bouchers-de-tunis\/394395\/#primaryimage"},"thumbnailUrl":"https:\/\/www.webdo.tn\/fr\/wp-content\/uploads\/2026\/03\/laamiri-1.jpg","datePublished":"2026-03-10T18:35:45+00:00","dateModified":"2026-03-10T18:35:47+00:00","description":"Un mandat de d\u00e9p\u00f4t a \u00e9t\u00e9 \u00e9mis contre Ahmed Amiri pour des soup\u00e7ons de corruption dans le secteur de la viande \u00e0 Tunis.","breadcrumb":{"@id":"https:\/\/www.webdo.tn\/fr\/actualite\/national\/mandat-de-depot-contre-ahmed-amiri-president-de-la-chambre-des-bouchers-de-tunis\/394395\/#breadcrumb"},"inLanguage":"fr-FR","potentialAction":[{"@type":"ReadAction","target":["https:\/\/www.webdo.tn\/fr\/actualite\/national\/mandat-de-depot-contre-ahmed-amiri-president-de-la-chambre-des-bouchers-de-tunis\/394395\/"]}]},{"@type":"ImageObject","inLanguage":"fr-FR","@id":"https:\/\/www.webdo.tn\/fr\/actualite\/national\/mandat-de-depot-contre-ahmed-amiri-president-de-la-chambre-des-bouchers-de-tunis\/394395\/#primaryimage","url":"https:\/\/www.webdo.tn\/fr\/wp-content\/uploads\/2026\/03\/laamiri-1.jpg","contentUrl":"https:\/\/www.webdo.tn\/fr\/wp-content\/uploads\/2026\/03\/laamiri-1.jpg","width":1200,"height":602,"caption":"Ahmed Laamiri, pr\u00e9sident de la Chambre des bouchers, plac\u00e9 en garde \u00e0 vue"},{"@type":"BreadcrumbList","@id":"https:\/\/www.webdo.tn\/fr\/actualite\/national\/mandat-de-depot-contre-ahmed-amiri-president-de-la-chambre-des-bouchers-de-tunis\/394395\/#breadcrumb","itemListElement":[{"@type":"ListItem","position":1,"name":"Accueil","item":"https:\/\/www.webdo.tn\/fr\/"},{"@type":"ListItem","position":2,"name":"Mandat de d\u00e9p\u00f4t contre Ahmed Amiri, pr\u00e9sident de la chambre des bouchers de Tunis"}]},{"@type":"WebSite","@id":"https:\/\/www.webdo.tn\/fr\/#website","url":"https:\/\/www.webdo.tn\/fr\/","name":"webdo","description":"Tunisie - News en Tunisie et \u00e0 l&#039;international sur Webdo.tn","publisher":{"@id":"https:\/\/www.webdo.tn\/fr\/#organization"},"potentialAction":[{"@type":"SearchAction","target":{"@type":"EntryPoint","urlTemplate":"https:\/\/www.webdo.tn\/fr\/?s={search_term_string}"},"query-input":{"@type":"PropertyValueSpecification","valueRequired":true,"valueName":"search_term_string"}}],"inLanguage":"fr-FR"},{"@type":"Organization","@id":"https:\/\/www.webdo.tn\/fr\/#organization","name":"Webdo","alternateName":"Webdo.tn","url":"https:\/\/www.webdo.tn\/fr\/","logo":{"@type":"ImageObject","inLanguage":"fr-FR","@id":"https:\/\/www.webdo.tn\/fr\/#\/schema\/logo\/image\/","url":"https:\/\/www.webdo.tn\/fr\/wp-content\/uploads\/2025\/06\/Webdo-Tunisie_168377.jpg","contentUrl":"https:\/\/www.webdo.tn\/fr\/wp-content\/uploads\/2025\/06\/Webdo-Tunisie_168377.jpg","width":301,"height":301,"caption":"Webdo"},"image":{"@id":"https:\/\/www.webdo.tn\/fr\/#\/schema\/logo\/image\/"},"sameAs":["https:\/\/www.facebook.com\/webdotn","https:\/\/x.com\/webdo_tn"],"description":"Webdo est un m\u00e9dia num\u00e9rique tunisien fond\u00e9 en 2010, sp\u00e9cialis\u00e9 dans l\u2019actualit\u00e9 nationale et internationale, l\u2019\u00e9conomie, la soci\u00e9t\u00e9 et les analyses politiques. Le site s\u2019adresse \u00e0 un large public francophone et couvre l\u2019information tunisienne en temps r\u00e9el.","email":"redac@webdo.tn","legalName":"YNJ SARL","foundingDate":"2010-09-06","numberOfEmployees":{"@type":"QuantitativeValue","minValue":"11","maxValue":"50"}},{"@type":"Person","@id":"https:\/\/www.webdo.tn\/fr\/#\/schema\/person\/19664196c9bfdcda126f3c27709f7d11","name":"Firas Ben Abdeltif","image":{"@type":"ImageObject","inLanguage":"fr-FR","@id":"https:\/\/secure.gravatar.com\/avatar\/161a347d40df098a084778c52ed133dbd85f14df003867067c5948081241ec55?s=96&d=mm&r=g","url":"https:\/\/secure.gravatar.com\/avatar\/161a347d40df098a084778c52ed133dbd85f14df003867067c5948081241ec55?s=96&d=mm&r=g","contentUrl":"https:\/\/secure.gravatar.com\/avatar\/161a347d40df098a084778c52ed133dbd85f14df003867067c5948081241ec55?s=96&d=mm&r=g","caption":"Firas Ben Abdeltif"},"url":"https:\/\/www.webdo.tn\/fr\/actualite\/author\/firas-ben-abdeltif\/"}]}},"_links":{"self":[{"href":"https:\/\/www.webdo.tn\/fr\/wp-json\/wp\/v2\/posts\/394395","targetHints":{"allow":["GET"]}}],"collection":[{"href":"https:\/\/www.webdo.tn\/fr\/wp-json\/wp\/v2\/posts"}],"about":[{"href":"https:\/\/www.webdo.tn\/fr\/wp-json\/wp\/v2\/types\/post"}],"author":[{"embeddable":true,"href":"https:\/\/www.webdo.tn\/fr\/wp-json\/wp\/v2\/users\/4779"}],"replies":[{"embeddable":true,"href":"https:\/\/www.webdo.tn\/fr\/wp-json\/wp\/v2\/comments?post=394395"}],"version-history":[{"count":0,"href":"https:\/\/www.webdo.tn\/fr\/wp-json\/wp\/v2\/posts\/394395\/revisions"}],"wp:featuredmedia":[{"embeddable":true,"href":"https:\/\/www.webdo.tn\/fr\/wp-json\/wp\/v2\/media\/394193"}],"wp:attachment":[{"href":"https:\/\/www.webdo.tn\/fr\/wp-json\/wp\/v2\/media?parent=394395"}],"wp:term":[{"taxonomy":"category","embeddable":true,"href":"https:\/\/www.webdo.tn\/fr\/wp-json\/wp\/v2\/categories?post=394395"},{"taxonomy":"post_tag","embeddable":true,"href":"https:\/\/www.webdo.tn\/fr\/wp-json\/wp\/v2\/tags?post=394395"}],"curies":[{"name":"wp","href":"https:\/\/api.w.org\/{rel}","templated":true}]}}