{"id":394385,"date":"2026-03-10T18:07:26","date_gmt":"2026-03-10T17:07:26","guid":{"rendered":"https:\/\/www.webdo.tn\/fr\/?p=394385"},"modified":"2026-03-10T18:18:04","modified_gmt":"2026-03-10T17:18:04","slug":"arrete-a-tunis-qui-est-diego-bocciero-fugitif-italien-recherche-par-interpol","status":"publish","type":"post","link":"https:\/\/www.webdo.tn\/fr\/actualite\/national\/arrete-a-tunis-qui-est-diego-bocciero-fugitif-italien-recherche-par-interpol\/394385\/","title":{"rendered":"Arr\u00eat\u00e9 en Tunisie : Qui est Diego Bocciero, fugitif italien recherch\u00e9 par Interpol ?"},"content":{"rendered":"\n<p id=\"h-\"><strong>L\u2019arrestation \u00e0 Tunis, le 9 mars 2026, d\u2019un fugitif recherch\u00e9 par Interpol a suscit\u00e9 un \u00e9cho particulier dans la presse italienne. L\u2019homme interpell\u00e9, Diego Bocciero, 37 ans, est soup\u00e7onn\u00e9 par les autorit\u00e9s italiennes d\u2019\u00eatre une figure du clan Nuovo Partenio, une organisation criminelle li\u00e9e \u00e0 la Camorra, la mafia napolitaine.<\/strong><\/p>\n\n\n\n<p>Sa capture en Tunisie met fin \u00e0 plusieurs semaines de cavale, \u00e0 l\u2019issue d\u2019une enqu\u00eate men\u00e9e par les magistrats antimafia de Salerne.<\/p>\n\n\n\n<h2 class=\"wp-block-heading\">Un membre pr\u00e9sum\u00e9 d\u2019un clan mafieux actif en Campanie<\/h2>\n\n\n\n<p>Selon les enqu\u00eateurs italiens, Diego Bocciero serait impliqu\u00e9 dans les activit\u00e9s du clan Nuovo Partenio, actif dans la province d\u2019Avellino, en Campanie.<\/p>\n\n\n\n<p>Les investigations de la Direction antimafia du district de Salerne portent notamment sur des faits d\u2019extorsion aggrav\u00e9e r\u00e9alis\u00e9s selon des m\u00e9thodes mafieuses. Les enqu\u00eateurs soup\u00e7onnent le clan d\u2019exercer des pressions sur des entreprises locales pour obtenir de l\u2019argent ou des avantages \u00e9conomiques.<\/p>\n\n\n\n<p>Un mandat de d\u00e9tention provisoire avait \u00e9t\u00e9 \u00e9mis le 12 d\u00e9cembre 2025 par un juge d\u2019instruction de Salerne dans le cadre de cette affaire.<\/p>\n\n\n\n<h2 class=\"wp-block-heading\">Une cavale entam\u00e9e en d\u00e9cembre 2025<\/h2>\n\n\n\n<p>Diego Bocciero avait disparu peu apr\u00e8s l\u2019\u00e9mission de ce mandat judiciaire. Le 17 d\u00e9cembre 2025, il \u00e9tait officiellement d\u00e9clar\u00e9 fugitif par les autorit\u00e9s italiennes.<\/p>\n\n\n\n<p>Les recherches ont \u00e9t\u00e9 confi\u00e9es \u00e0 l\u2019unit\u00e9 d\u2019enqu\u00eate des carabiniers du commandement provincial d\u2019Avellino, qui ont multipli\u00e9 les investigations : surveillance de l\u2019entourage du suspect, analyse de transactions financi\u00e8res et suivi de donn\u00e9es de d\u00e9placements.<\/p>\n\n\n\n<p>Ces \u00e9l\u00e9ments ont progressivement permis aux enqu\u00eateurs de retracer les mouvements de certains proches susceptibles de lui apporter un soutien logistique.<\/p>\n\n\n\n<p>La piste tunisienne aurait \u00e9merg\u00e9 gr\u00e2ce \u00e0 la coop\u00e9ration internationale entre les carabiniers italiens et Interpol.<\/p>\n\n\n\n<p>Une fois sa pr\u00e9sence en Tunisie identifi\u00e9e, les autorit\u00e9s tunisiennes ont proc\u00e9d\u00e9 \u00e0 son arrestation dans un quartier de la ville de Sousse, dans le cadre du mandat international \u00e9mis \u00e0 son encontre.<\/p>\n\n\n\n<h2 class=\"wp-block-heading\">Pourquoi certains fugitifs italiens se r\u00e9fugient en Tunisie<\/h2>\n\n\n\n<p>L\u2019arrestation de Diego Bocciero n\u2019est pas un cas isol\u00e9. Ces derni\u00e8res ann\u00e9es, plusieurs fugitifs italiens li\u00e9s \u00e0 des organisations mafieuses ont \u00e9t\u00e9 interpell\u00e9s en Tunisie. En 2020, par exemple, une figure importante de la mafia italienne avait \u00e9t\u00e9 arr\u00eat\u00e9e \u00e0 Tunis apr\u00e8s plusieurs mois de cavale. En 2023, un autre ressortissant italien soup\u00e7onn\u00e9 de liens avec la Cosa Nostra avait \u00e9galement \u00e9t\u00e9 interpell\u00e9 en Tunisie dans le cadre d\u2019une coop\u00e9ration entre les autorit\u00e9s tunisiennes et italiennes.<\/p>\n\n\n\n<p>La proximit\u00e9 g\u00e9ographique entre l\u2019Italie et la Tunisie, les liaisons maritimes et a\u00e9riennes r\u00e9guli\u00e8res entre les deux rives de la M\u00e9diterran\u00e9e ainsi que l\u2019intensit\u00e9 des \u00e9changes touristiques et \u00e9conomiques peuvent expliquer que certains fugitifs tentent de s\u2019y r\u00e9fugier pour \u00e9chapper temporairement aux enqu\u00eateurs europ\u00e9ens.<\/p>\n\n\n\n<h2 class=\"wp-block-heading\">Une lourde condamnation d\u00e9j\u00e0 prononc\u00e9e<\/h2>\n\n\n\n<p>Selon la presse italienne, Diego Bocciero aurait d\u00e9j\u00e0 \u00e9t\u00e9 condamn\u00e9 \u00e0 19 ans et 10 mois de prison en premi\u00e8re instance et en appel pour son appartenance au clan Nuovo Partenio.<\/p>\n\n\n\n<p>La Cour de cassation italienne doit encore se prononcer d\u00e9finitivement sur ce dossier lors d\u2019une audience pr\u00e9vue le 2 avril 2026.<\/p>\n\n\n\n<p id=\"h-\">En attendant, le suspect devrait rester d\u00e9tenu en Tunisie dans le cadre de la proc\u00e9dure d\u2019extradition vers l\u2019Italie.<\/p>\n\n\n\n<blockquote class=\"wp-block-quote is-layout-flow wp-block-quote-is-layout-flow\">\n<blockquote class=\"wp-block-quote is-layout-flow wp-block-quote-is-layout-flow\">\n<p><strong>lire aussi:<\/strong><\/p>\n\n\n\n<ul class=\"wp-block-list\">\n<li class=\"has-medium-font-size\"><a href=\"https:\/\/www.webdo.tn\/fr\/actualite\/national\/tunisie-arrestation-dun-fugitif-recherche-par-interpol\/394322\/\">Tunisie : Arrestation d\u2019un fugitif recherch\u00e9 par Interpol<\/a><\/li>\n\n\n\n<li class=\"has-medium-font-size\"><a href=\"https:\/\/www.webdo.tn\/fr\/actualite\/national\/une-grosse-tete-de-la-mafia-italienne-arretee-a-tunis\/134573\/\">Une grosse t\u00eate de la mafia italienne arr\u00eat\u00e9e \u00e0 Tunis<\/a><\/li>\n\n\n\n<li class=\"has-medium-font-size\"><a href=\"https:\/\/www.webdo.tn\/fr\/actualite\/international\/tunisie-arrestation-d-un-italien-proche-de-la-cosa-nostra\/215717\/\">Tunisie : Arrestation d\u2019un Italien proche de la Cosa Nostra<\/a><\/li>\n<\/ul>\n<\/blockquote>\n<\/blockquote>\n\n\n\n<p><\/p>\n","protected":false},"excerpt":{"rendered":"<p>L\u2019arrestation \u00e0 Tunis, le 9 mars 2026, d\u2019un fugitif recherch\u00e9 par Interpol a suscit\u00e9 un \u00e9cho particulier dans la presse italienne. L\u2019homme interpell\u00e9, Diego Bocciero, 37 ans, est soup\u00e7onn\u00e9 par les autorit\u00e9s italiennes d\u2019\u00eatre une figure du clan Nuovo Partenio, une organisation criminelle li\u00e9e \u00e0 la Camorra, la mafia napolitaine. Sa capture en Tunisie met [&hellip;]<\/p>\n","protected":false},"author":4779,"featured_media":394387,"comment_status":"closed","ping_status":"closed","sticky":false,"template":"","format":"standard","meta":{"footnotes":""},"categories":[44],"tags":[],"class_list":["post-394385","post","type-post","status-publish","format-standard","has-post-thumbnail","hentry","category-national"],"yoast_head":"<!-- This site is optimized with the Yoast SEO Premium plugin v27.5 (Yoast SEO v27.5) - https:\/\/yoast.com\/product\/yoast-seo-premium-wordpress\/ -->\n<title>Arr\u00eat\u00e9 en Tunisie : Qui est Diego Bocciero, fugitif italien recherch\u00e9 par Interpol ? - webdo<\/title>\n<meta name=\"description\" content=\"L&#039;arrestation de Diego Bocciero \u00e0 Tunis soul\u00e8ve des questions. Qui est ce fugitif italien li\u00e9 au clan Nuovo Partenio ?\" \/>\n<link rel=\"canonical\" href=\"https:\/\/www.webdo.tn\/fr\/actualite\/national\/arrete-a-tunis-qui-est-diego-bocciero-fugitif-italien-recherche-par-interpol\/394385\/\" \/>\n<meta property=\"og:locale\" content=\"fr_FR\" \/>\n<meta property=\"og:type\" content=\"article\" \/>\n<meta property=\"og:title\" content=\"Arr\u00eat\u00e9 en Tunisie : Qui est Diego Bocciero, fugitif italien recherch\u00e9 par Interpol ?\" \/>\n<meta property=\"og:description\" content=\"L&#039;arrestation de Diego Bocciero \u00e0 Tunis soul\u00e8ve des questions. Qui est ce fugitif italien li\u00e9 au clan Nuovo Partenio ?\" \/>\n<meta property=\"og:url\" content=\"https:\/\/www.webdo.tn\/fr\/actualite\/national\/arrete-a-tunis-qui-est-diego-bocciero-fugitif-italien-recherche-par-interpol\/394385\/\" \/>\n<meta property=\"og:site_name\" content=\"webdo\" \/>\n<meta property=\"article:publisher\" content=\"https:\/\/www.facebook.com\/webdotn\" \/>\n<meta property=\"article:published_time\" content=\"2026-03-10T17:07:26+00:00\" \/>\n<meta property=\"article:modified_time\" content=\"2026-03-10T17:18:04+00:00\" \/>\n<meta property=\"og:image\" content=\"https:\/\/www.webdo.tn\/fr\/wp-content\/uploads\/2026\/03\/Diego-Bocciero.jpg\" \/>\n\t<meta property=\"og:image:width\" content=\"1150\" \/>\n\t<meta property=\"og:image:height\" content=\"600\" \/>\n\t<meta property=\"og:image:type\" content=\"image\/jpeg\" \/>\n<meta name=\"author\" content=\"Firas Ben Abdeltif\" \/>\n<meta name=\"twitter:card\" content=\"summary_large_image\" \/>\n<meta name=\"twitter:creator\" content=\"@webdo_tn\" \/>\n<meta name=\"twitter:site\" content=\"@webdo_tn\" \/>\n<meta name=\"twitter:label1\" content=\"\u00c9crit par\" \/>\n\t<meta name=\"twitter:data1\" content=\"Firas Ben Abdeltif\" \/>\n\t<meta name=\"twitter:label2\" content=\"Dur\u00e9e de lecture estim\u00e9e\" \/>\n\t<meta name=\"twitter:data2\" content=\"3 minutes\" \/>\n<script type=\"application\/ld+json\" class=\"yoast-schema-graph\">{\"@context\":\"https:\\\/\\\/schema.org\",\"@graph\":[{\"@type\":\"NewsArticle\",\"@id\":\"https:\\\/\\\/www.webdo.tn\\\/fr\\\/actualite\\\/national\\\/arrete-a-tunis-qui-est-diego-bocciero-fugitif-italien-recherche-par-interpol\\\/394385\\\/#article\",\"isPartOf\":{\"@id\":\"https:\\\/\\\/www.webdo.tn\\\/fr\\\/actualite\\\/national\\\/arrete-a-tunis-qui-est-diego-bocciero-fugitif-italien-recherche-par-interpol\\\/394385\\\/\"},\"author\":{\"name\":\"Firas Ben Abdeltif\",\"@id\":\"https:\\\/\\\/www.webdo.tn\\\/fr\\\/#\\\/schema\\\/person\\\/19664196c9bfdcda126f3c27709f7d11\"},\"headline\":\"Arr\u00eat\u00e9 en Tunisie : Qui est Diego Bocciero, fugitif italien recherch\u00e9 par Interpol ?\",\"datePublished\":\"2026-03-10T17:07:26+00:00\",\"dateModified\":\"2026-03-10T17:18:04+00:00\",\"mainEntityOfPage\":{\"@id\":\"https:\\\/\\\/www.webdo.tn\\\/fr\\\/actualite\\\/national\\\/arrete-a-tunis-qui-est-diego-bocciero-fugitif-italien-recherche-par-interpol\\\/394385\\\/\"},\"wordCount\":615,\"publisher\":{\"@id\":\"https:\\\/\\\/www.webdo.tn\\\/fr\\\/#organization\"},\"image\":{\"@id\":\"https:\\\/\\\/www.webdo.tn\\\/fr\\\/actualite\\\/national\\\/arrete-a-tunis-qui-est-diego-bocciero-fugitif-italien-recherche-par-interpol\\\/394385\\\/#primaryimage\"},\"thumbnailUrl\":\"https:\\\/\\\/www.webdo.tn\\\/fr\\\/wp-content\\\/uploads\\\/2026\\\/03\\\/Diego-Bocciero.jpg\",\"articleSection\":[\"National\"],\"inLanguage\":\"fr-FR\"},{\"@type\":\"WebPage\",\"@id\":\"https:\\\/\\\/www.webdo.tn\\\/fr\\\/actualite\\\/national\\\/arrete-a-tunis-qui-est-diego-bocciero-fugitif-italien-recherche-par-interpol\\\/394385\\\/\",\"url\":\"https:\\\/\\\/www.webdo.tn\\\/fr\\\/actualite\\\/national\\\/arrete-a-tunis-qui-est-diego-bocciero-fugitif-italien-recherche-par-interpol\\\/394385\\\/\",\"name\":\"Arr\u00eat\u00e9 en Tunisie : Qui est Diego Bocciero, fugitif italien recherch\u00e9 par Interpol ? - webdo\",\"isPartOf\":{\"@id\":\"https:\\\/\\\/www.webdo.tn\\\/fr\\\/#website\"},\"primaryImageOfPage\":{\"@id\":\"https:\\\/\\\/www.webdo.tn\\\/fr\\\/actualite\\\/national\\\/arrete-a-tunis-qui-est-diego-bocciero-fugitif-italien-recherche-par-interpol\\\/394385\\\/#primaryimage\"},\"image\":{\"@id\":\"https:\\\/\\\/www.webdo.tn\\\/fr\\\/actualite\\\/national\\\/arrete-a-tunis-qui-est-diego-bocciero-fugitif-italien-recherche-par-interpol\\\/394385\\\/#primaryimage\"},\"thumbnailUrl\":\"https:\\\/\\\/www.webdo.tn\\\/fr\\\/wp-content\\\/uploads\\\/2026\\\/03\\\/Diego-Bocciero.jpg\",\"datePublished\":\"2026-03-10T17:07:26+00:00\",\"dateModified\":\"2026-03-10T17:18:04+00:00\",\"description\":\"L'arrestation de Diego Bocciero \u00e0 Tunis soul\u00e8ve des questions. Qui est ce fugitif italien li\u00e9 au clan Nuovo Partenio ?\",\"breadcrumb\":{\"@id\":\"https:\\\/\\\/www.webdo.tn\\\/fr\\\/actualite\\\/national\\\/arrete-a-tunis-qui-est-diego-bocciero-fugitif-italien-recherche-par-interpol\\\/394385\\\/#breadcrumb\"},\"inLanguage\":\"fr-FR\",\"potentialAction\":[{\"@type\":\"ReadAction\",\"target\":[\"https:\\\/\\\/www.webdo.tn\\\/fr\\\/actualite\\\/national\\\/arrete-a-tunis-qui-est-diego-bocciero-fugitif-italien-recherche-par-interpol\\\/394385\\\/\"]}]},{\"@type\":\"ImageObject\",\"inLanguage\":\"fr-FR\",\"@id\":\"https:\\\/\\\/www.webdo.tn\\\/fr\\\/actualite\\\/national\\\/arrete-a-tunis-qui-est-diego-bocciero-fugitif-italien-recherche-par-interpol\\\/394385\\\/#primaryimage\",\"url\":\"https:\\\/\\\/www.webdo.tn\\\/fr\\\/wp-content\\\/uploads\\\/2026\\\/03\\\/Diego-Bocciero.jpg\",\"contentUrl\":\"https:\\\/\\\/www.webdo.tn\\\/fr\\\/wp-content\\\/uploads\\\/2026\\\/03\\\/Diego-Bocciero.jpg\",\"width\":1150,\"height\":600,\"caption\":\"Camorra : le fugitif Diego Bocciero captur\u00e9 \u00e0 Tunis apr\u00e8s trois mois de cavale\"},{\"@type\":\"BreadcrumbList\",\"@id\":\"https:\\\/\\\/www.webdo.tn\\\/fr\\\/actualite\\\/national\\\/arrete-a-tunis-qui-est-diego-bocciero-fugitif-italien-recherche-par-interpol\\\/394385\\\/#breadcrumb\",\"itemListElement\":[{\"@type\":\"ListItem\",\"position\":1,\"name\":\"Accueil\",\"item\":\"https:\\\/\\\/www.webdo.tn\\\/fr\\\/\"},{\"@type\":\"ListItem\",\"position\":2,\"name\":\"Arr\u00eat\u00e9 en Tunisie : Qui est Diego Bocciero, fugitif italien recherch\u00e9 par Interpol ?\"}]},{\"@type\":\"WebSite\",\"@id\":\"https:\\\/\\\/www.webdo.tn\\\/fr\\\/#website\",\"url\":\"https:\\\/\\\/www.webdo.tn\\\/fr\\\/\",\"name\":\"webdo\",\"description\":\"Tunisie - News en Tunisie et \u00e0 l&#039;international sur Webdo.tn\",\"publisher\":{\"@id\":\"https:\\\/\\\/www.webdo.tn\\\/fr\\\/#organization\"},\"potentialAction\":[{\"@type\":\"SearchAction\",\"target\":{\"@type\":\"EntryPoint\",\"urlTemplate\":\"https:\\\/\\\/www.webdo.tn\\\/fr\\\/?s={search_term_string}\"},\"query-input\":{\"@type\":\"PropertyValueSpecification\",\"valueRequired\":true,\"valueName\":\"search_term_string\"}}],\"inLanguage\":\"fr-FR\"},{\"@type\":\"Organization\",\"@id\":\"https:\\\/\\\/www.webdo.tn\\\/fr\\\/#organization\",\"name\":\"Webdo\",\"alternateName\":\"Webdo.tn\",\"url\":\"https:\\\/\\\/www.webdo.tn\\\/fr\\\/\",\"logo\":{\"@type\":\"ImageObject\",\"inLanguage\":\"fr-FR\",\"@id\":\"https:\\\/\\\/www.webdo.tn\\\/fr\\\/#\\\/schema\\\/logo\\\/image\\\/\",\"url\":\"https:\\\/\\\/www.webdo.tn\\\/fr\\\/wp-content\\\/uploads\\\/2025\\\/06\\\/Webdo-Tunisie_168377.jpg\",\"contentUrl\":\"https:\\\/\\\/www.webdo.tn\\\/fr\\\/wp-content\\\/uploads\\\/2025\\\/06\\\/Webdo-Tunisie_168377.jpg\",\"width\":301,\"height\":301,\"caption\":\"Webdo\"},\"image\":{\"@id\":\"https:\\\/\\\/www.webdo.tn\\\/fr\\\/#\\\/schema\\\/logo\\\/image\\\/\"},\"sameAs\":[\"https:\\\/\\\/www.facebook.com\\\/webdotn\",\"https:\\\/\\\/x.com\\\/webdo_tn\"],\"description\":\"Webdo est un m\u00e9dia num\u00e9rique tunisien fond\u00e9 en 2010, sp\u00e9cialis\u00e9 dans l\u2019actualit\u00e9 nationale et internationale, l\u2019\u00e9conomie, la soci\u00e9t\u00e9 et les analyses politiques. Le site s\u2019adresse \u00e0 un large public francophone et couvre l\u2019information tunisienne en temps r\u00e9el.\",\"email\":\"redac@webdo.tn\",\"legalName\":\"YNJ SARL\",\"foundingDate\":\"2010-09-06\",\"numberOfEmployees\":{\"@type\":\"QuantitativeValue\",\"minValue\":\"11\",\"maxValue\":\"50\"}},{\"@type\":\"Person\",\"@id\":\"https:\\\/\\\/www.webdo.tn\\\/fr\\\/#\\\/schema\\\/person\\\/19664196c9bfdcda126f3c27709f7d11\",\"name\":\"Firas Ben Abdeltif\",\"image\":{\"@type\":\"ImageObject\",\"inLanguage\":\"fr-FR\",\"@id\":\"https:\\\/\\\/secure.gravatar.com\\\/avatar\\\/161a347d40df098a084778c52ed133dbd85f14df003867067c5948081241ec55?s=96&d=mm&r=g\",\"url\":\"https:\\\/\\\/secure.gravatar.com\\\/avatar\\\/161a347d40df098a084778c52ed133dbd85f14df003867067c5948081241ec55?s=96&d=mm&r=g\",\"contentUrl\":\"https:\\\/\\\/secure.gravatar.com\\\/avatar\\\/161a347d40df098a084778c52ed133dbd85f14df003867067c5948081241ec55?s=96&d=mm&r=g\",\"caption\":\"Firas Ben Abdeltif\"},\"url\":\"https:\\\/\\\/www.webdo.tn\\\/fr\\\/actualite\\\/author\\\/firas-ben-abdeltif\\\/\"}]}<\/script>\n<!-- \/ Yoast SEO Premium plugin. -->","yoast_head_json":{"title":"Arr\u00eat\u00e9 en Tunisie : Qui est Diego Bocciero, fugitif italien recherch\u00e9 par Interpol ? - webdo","description":"L'arrestation de Diego Bocciero \u00e0 Tunis soul\u00e8ve des questions. Qui est ce fugitif italien li\u00e9 au clan Nuovo Partenio ?","canonical":"https:\/\/www.webdo.tn\/fr\/actualite\/national\/arrete-a-tunis-qui-est-diego-bocciero-fugitif-italien-recherche-par-interpol\/394385\/","og_locale":"fr_FR","og_type":"article","og_title":"Arr\u00eat\u00e9 en Tunisie : Qui est Diego Bocciero, fugitif italien recherch\u00e9 par Interpol ?","og_description":"L'arrestation de Diego Bocciero \u00e0 Tunis soul\u00e8ve des questions. Qui est ce fugitif italien li\u00e9 au clan Nuovo Partenio ?","og_url":"https:\/\/www.webdo.tn\/fr\/actualite\/national\/arrete-a-tunis-qui-est-diego-bocciero-fugitif-italien-recherche-par-interpol\/394385\/","og_site_name":"webdo","article_publisher":"https:\/\/www.facebook.com\/webdotn","article_published_time":"2026-03-10T17:07:26+00:00","article_modified_time":"2026-03-10T17:18:04+00:00","og_image":[{"width":1150,"height":600,"url":"https:\/\/www.webdo.tn\/fr\/wp-content\/uploads\/2026\/03\/Diego-Bocciero.jpg","type":"image\/jpeg"}],"author":"Firas Ben Abdeltif","twitter_card":"summary_large_image","twitter_creator":"@webdo_tn","twitter_site":"@webdo_tn","twitter_misc":{"\u00c9crit par":"Firas Ben Abdeltif","Dur\u00e9e de lecture estim\u00e9e":"3 minutes"},"schema":{"@context":"https:\/\/schema.org","@graph":[{"@type":"NewsArticle","@id":"https:\/\/www.webdo.tn\/fr\/actualite\/national\/arrete-a-tunis-qui-est-diego-bocciero-fugitif-italien-recherche-par-interpol\/394385\/#article","isPartOf":{"@id":"https:\/\/www.webdo.tn\/fr\/actualite\/national\/arrete-a-tunis-qui-est-diego-bocciero-fugitif-italien-recherche-par-interpol\/394385\/"},"author":{"name":"Firas Ben Abdeltif","@id":"https:\/\/www.webdo.tn\/fr\/#\/schema\/person\/19664196c9bfdcda126f3c27709f7d11"},"headline":"Arr\u00eat\u00e9 en Tunisie : Qui est Diego Bocciero, fugitif italien recherch\u00e9 par Interpol ?","datePublished":"2026-03-10T17:07:26+00:00","dateModified":"2026-03-10T17:18:04+00:00","mainEntityOfPage":{"@id":"https:\/\/www.webdo.tn\/fr\/actualite\/national\/arrete-a-tunis-qui-est-diego-bocciero-fugitif-italien-recherche-par-interpol\/394385\/"},"wordCount":615,"publisher":{"@id":"https:\/\/www.webdo.tn\/fr\/#organization"},"image":{"@id":"https:\/\/www.webdo.tn\/fr\/actualite\/national\/arrete-a-tunis-qui-est-diego-bocciero-fugitif-italien-recherche-par-interpol\/394385\/#primaryimage"},"thumbnailUrl":"https:\/\/www.webdo.tn\/fr\/wp-content\/uploads\/2026\/03\/Diego-Bocciero.jpg","articleSection":["National"],"inLanguage":"fr-FR"},{"@type":"WebPage","@id":"https:\/\/www.webdo.tn\/fr\/actualite\/national\/arrete-a-tunis-qui-est-diego-bocciero-fugitif-italien-recherche-par-interpol\/394385\/","url":"https:\/\/www.webdo.tn\/fr\/actualite\/national\/arrete-a-tunis-qui-est-diego-bocciero-fugitif-italien-recherche-par-interpol\/394385\/","name":"Arr\u00eat\u00e9 en Tunisie : Qui est Diego Bocciero, fugitif italien recherch\u00e9 par Interpol ? - webdo","isPartOf":{"@id":"https:\/\/www.webdo.tn\/fr\/#website"},"primaryImageOfPage":{"@id":"https:\/\/www.webdo.tn\/fr\/actualite\/national\/arrete-a-tunis-qui-est-diego-bocciero-fugitif-italien-recherche-par-interpol\/394385\/#primaryimage"},"image":{"@id":"https:\/\/www.webdo.tn\/fr\/actualite\/national\/arrete-a-tunis-qui-est-diego-bocciero-fugitif-italien-recherche-par-interpol\/394385\/#primaryimage"},"thumbnailUrl":"https:\/\/www.webdo.tn\/fr\/wp-content\/uploads\/2026\/03\/Diego-Bocciero.jpg","datePublished":"2026-03-10T17:07:26+00:00","dateModified":"2026-03-10T17:18:04+00:00","description":"L'arrestation de Diego Bocciero \u00e0 Tunis soul\u00e8ve des questions. Qui est ce fugitif italien li\u00e9 au clan Nuovo Partenio ?","breadcrumb":{"@id":"https:\/\/www.webdo.tn\/fr\/actualite\/national\/arrete-a-tunis-qui-est-diego-bocciero-fugitif-italien-recherche-par-interpol\/394385\/#breadcrumb"},"inLanguage":"fr-FR","potentialAction":[{"@type":"ReadAction","target":["https:\/\/www.webdo.tn\/fr\/actualite\/national\/arrete-a-tunis-qui-est-diego-bocciero-fugitif-italien-recherche-par-interpol\/394385\/"]}]},{"@type":"ImageObject","inLanguage":"fr-FR","@id":"https:\/\/www.webdo.tn\/fr\/actualite\/national\/arrete-a-tunis-qui-est-diego-bocciero-fugitif-italien-recherche-par-interpol\/394385\/#primaryimage","url":"https:\/\/www.webdo.tn\/fr\/wp-content\/uploads\/2026\/03\/Diego-Bocciero.jpg","contentUrl":"https:\/\/www.webdo.tn\/fr\/wp-content\/uploads\/2026\/03\/Diego-Bocciero.jpg","width":1150,"height":600,"caption":"Camorra : le fugitif Diego Bocciero captur\u00e9 \u00e0 Tunis apr\u00e8s trois mois de cavale"},{"@type":"BreadcrumbList","@id":"https:\/\/www.webdo.tn\/fr\/actualite\/national\/arrete-a-tunis-qui-est-diego-bocciero-fugitif-italien-recherche-par-interpol\/394385\/#breadcrumb","itemListElement":[{"@type":"ListItem","position":1,"name":"Accueil","item":"https:\/\/www.webdo.tn\/fr\/"},{"@type":"ListItem","position":2,"name":"Arr\u00eat\u00e9 en Tunisie : Qui est Diego Bocciero, fugitif italien recherch\u00e9 par Interpol ?"}]},{"@type":"WebSite","@id":"https:\/\/www.webdo.tn\/fr\/#website","url":"https:\/\/www.webdo.tn\/fr\/","name":"webdo","description":"Tunisie - News en Tunisie et \u00e0 l&#039;international sur Webdo.tn","publisher":{"@id":"https:\/\/www.webdo.tn\/fr\/#organization"},"potentialAction":[{"@type":"SearchAction","target":{"@type":"EntryPoint","urlTemplate":"https:\/\/www.webdo.tn\/fr\/?s={search_term_string}"},"query-input":{"@type":"PropertyValueSpecification","valueRequired":true,"valueName":"search_term_string"}}],"inLanguage":"fr-FR"},{"@type":"Organization","@id":"https:\/\/www.webdo.tn\/fr\/#organization","name":"Webdo","alternateName":"Webdo.tn","url":"https:\/\/www.webdo.tn\/fr\/","logo":{"@type":"ImageObject","inLanguage":"fr-FR","@id":"https:\/\/www.webdo.tn\/fr\/#\/schema\/logo\/image\/","url":"https:\/\/www.webdo.tn\/fr\/wp-content\/uploads\/2025\/06\/Webdo-Tunisie_168377.jpg","contentUrl":"https:\/\/www.webdo.tn\/fr\/wp-content\/uploads\/2025\/06\/Webdo-Tunisie_168377.jpg","width":301,"height":301,"caption":"Webdo"},"image":{"@id":"https:\/\/www.webdo.tn\/fr\/#\/schema\/logo\/image\/"},"sameAs":["https:\/\/www.facebook.com\/webdotn","https:\/\/x.com\/webdo_tn"],"description":"Webdo est un m\u00e9dia num\u00e9rique tunisien fond\u00e9 en 2010, sp\u00e9cialis\u00e9 dans l\u2019actualit\u00e9 nationale et internationale, l\u2019\u00e9conomie, la soci\u00e9t\u00e9 et les analyses politiques. Le site s\u2019adresse \u00e0 un large public francophone et couvre l\u2019information tunisienne en temps r\u00e9el.","email":"redac@webdo.tn","legalName":"YNJ SARL","foundingDate":"2010-09-06","numberOfEmployees":{"@type":"QuantitativeValue","minValue":"11","maxValue":"50"}},{"@type":"Person","@id":"https:\/\/www.webdo.tn\/fr\/#\/schema\/person\/19664196c9bfdcda126f3c27709f7d11","name":"Firas Ben Abdeltif","image":{"@type":"ImageObject","inLanguage":"fr-FR","@id":"https:\/\/secure.gravatar.com\/avatar\/161a347d40df098a084778c52ed133dbd85f14df003867067c5948081241ec55?s=96&d=mm&r=g","url":"https:\/\/secure.gravatar.com\/avatar\/161a347d40df098a084778c52ed133dbd85f14df003867067c5948081241ec55?s=96&d=mm&r=g","contentUrl":"https:\/\/secure.gravatar.com\/avatar\/161a347d40df098a084778c52ed133dbd85f14df003867067c5948081241ec55?s=96&d=mm&r=g","caption":"Firas Ben Abdeltif"},"url":"https:\/\/www.webdo.tn\/fr\/actualite\/author\/firas-ben-abdeltif\/"}]}},"_links":{"self":[{"href":"https:\/\/www.webdo.tn\/fr\/wp-json\/wp\/v2\/posts\/394385","targetHints":{"allow":["GET"]}}],"collection":[{"href":"https:\/\/www.webdo.tn\/fr\/wp-json\/wp\/v2\/posts"}],"about":[{"href":"https:\/\/www.webdo.tn\/fr\/wp-json\/wp\/v2\/types\/post"}],"author":[{"embeddable":true,"href":"https:\/\/www.webdo.tn\/fr\/wp-json\/wp\/v2\/users\/4779"}],"replies":[{"embeddable":true,"href":"https:\/\/www.webdo.tn\/fr\/wp-json\/wp\/v2\/comments?post=394385"}],"version-history":[{"count":0,"href":"https:\/\/www.webdo.tn\/fr\/wp-json\/wp\/v2\/posts\/394385\/revisions"}],"wp:featuredmedia":[{"embeddable":true,"href":"https:\/\/www.webdo.tn\/fr\/wp-json\/wp\/v2\/media\/394387"}],"wp:attachment":[{"href":"https:\/\/www.webdo.tn\/fr\/wp-json\/wp\/v2\/media?parent=394385"}],"wp:term":[{"taxonomy":"category","embeddable":true,"href":"https:\/\/www.webdo.tn\/fr\/wp-json\/wp\/v2\/categories?post=394385"},{"taxonomy":"post_tag","embeddable":true,"href":"https:\/\/www.webdo.tn\/fr\/wp-json\/wp\/v2\/tags?post=394385"}],"curies":[{"name":"wp","href":"https:\/\/api.w.org\/{rel}","templated":true}]}}