{"id":394375,"date":"2026-03-10T14:02:13","date_gmt":"2026-03-10T13:02:13","guid":{"rendered":"https:\/\/www.webdo.tn\/fr\/?p=394375"},"modified":"2026-03-11T08:29:39","modified_gmt":"2026-03-11T07:29:39","slug":"trump-envoie-des-signaux-contradictoires-sur-la-guerre-contre-liran","status":"publish","type":"post","link":"https:\/\/www.webdo.tn\/fr\/actualite\/international\/trump-envoie-des-signaux-contradictoires-sur-la-guerre-contre-liran\/394375\/","title":{"rendered":"Trump envoie des signaux contradictoires sur la guerre contre l\u2019Iran"},"content":{"rendered":"\n<p><strong>Le pr\u00e9sident am\u00e9ricain Donald Trump a multipli\u00e9 les d\u00e9clarations contradictoires sur l\u2019\u00e9volution de la guerre contre l\u2019Iran, laissant planer l\u2019incertitude sur la strat\u00e9gie am\u00e9ricaine dans ce conflit qui s\u2019\u00e9tend d\u00e9sormais \u00e0 plusieurs pays du Moyen-Orient.<\/strong><\/p>\n\n\n\n<p>Lors d\u2019une conf\u00e9rence de presse \u00e0 Miami, le pr\u00e9sident a affirm\u00e9 que les \u00c9tats-Unis avaient lanc\u00e9 de nouvelles frappes contre des installations de drones iraniens ainsi que des sites de fabrication et de livraison de missiles. Washington affirme ainsi avoir d\u00e9j\u00e0 d\u00e9truit une grande partie des capacit\u00e9s militaires iraniennes.<\/p>\n\n\n\n<p>Mais au fil de ses interventions, Donald Trump a donn\u00e9 des messages divergents sur l\u2019issue du conflit.<\/p>\n\n\n\n<h2 class=\"wp-block-heading\" id=\"h-une-guerre-presque-terminee-mais-pas-encore\">Une guerre \u00ab presque termin\u00e9e \u00bb\u2026 mais pas encore<\/h2>\n\n\n\n<p>Dans un entretien avec la cha\u00eene CBS, le pr\u00e9sident am\u00e9ricain a estim\u00e9 que la guerre \u00e9tait \u00ab tr\u00e8s largement termin\u00e9e \u00bb, affirmant que les forces am\u00e9ricaines avaient atteint leurs principaux objectifs militaires.<\/p>\n\n\n\n<p>Quelques heures plus tard, devant des \u00e9lus r\u00e9publicains, il a pourtant adopt\u00e9 un ton diff\u00e9rent, expliquant que les \u00c9tats-Unis devaient encore poursuivre leurs op\u00e9rations afin d\u2019obtenir une \u00ab victoire ultime \u00bb contre l\u2019Iran.<\/p>\n\n\n\n<p>Dans le m\u00eame temps, Trump a averti T\u00e9h\u00e9ran que toute tentative de perturber l\u2019approvisionnement mondial en p\u00e9trole, notamment dans le d\u00e9troit d\u2019Ormuz, entra\u00eenerait une riposte \u00ab vingt fois plus forte \u00bb de la part des \u00c9tats-Unis.<\/p>\n\n\n\n<blockquote class=\"wp-block-quote is-layout-flow wp-block-quote-is-layout-flow\">\n<blockquote class=\"wp-block-quote is-layout-flow wp-block-quote-is-layout-flow\">\n<p><strong>Lire aussi:<\/strong><\/p>\n\n\n\n<ul class=\"wp-block-list\">\n<li class=\"has-medium-font-size\"><a href=\"https:\/\/www.webdo.tn\/fr\/actualite\/international\/trump-menace-de-frapper-liran-20-fois-plus-fort\/394352\/\">Trump menace de frapper l\u2019Iran \u00ab 20 fois plus fort \u00bb<\/a><\/li>\n<\/ul>\n<\/blockquote>\n<\/blockquote>\n\n\n\n<h2 class=\"wp-block-heading\" id=\"h-une-guerre-qui-continue-de-s-etendre\">Une guerre qui continue de s\u2019\u00e9tendre<\/h2>\n\n\n\n<p>Depuis le d\u00e9but du conflit, les affrontements entre l\u2019Iran, les \u00c9tats-Unis et Isra\u00ebl ont provoqu\u00e9 une escalade r\u00e9gionale.<\/p>\n\n\n\n<p>Des attaques de drones et de missiles ont vis\u00e9 plusieurs pays du Golfe et des installations \u00e9nerg\u00e9tiques, tandis que les forces am\u00e9ricaines et isra\u00e9liennes poursuivent leurs frappes contre des cibles militaires en Iran.<\/p>\n\n\n\n<p>Selon les autorit\u00e9s iraniennes et libanaises, plus de 1.200 personnes ont \u00e9t\u00e9 tu\u00e9es en Iran et pr\u00e8s de 500 au Liban depuis le d\u00e9but de la campagne militaire.<\/p>\n\n\n\n<p>Malgr\u00e9 les d\u00e9clarations optimistes de Washington, aucun calendrier clair de fin du conflit n\u2019a pour l\u2019instant \u00e9t\u00e9 annonc\u00e9.<\/p>\n\n\n\n<iframe width=\"560\" height=\"315\" src=\"https:\/\/www.youtube.com\/embed\/m7aA-T-QKdY?si=fvgj4zMKSKlErFIP\" title=\"YouTube video player\" frameborder=\"0\" allow=\"accelerometer; autoplay; clipboard-write; encrypted-media; gyroscope; picture-in-picture; web-share\" referrerpolicy=\"strict-origin-when-cross-origin\" allowfullscreen><\/iframe>\n\n\n\n<p><\/p>\n\n\n\n<blockquote class=\"wp-block-quote is-layout-flow wp-block-quote-is-layout-flow\">\n<blockquote class=\"wp-block-quote is-layout-flow wp-block-quote-is-layout-flow\">\n<p><strong>Lire aussi:<\/strong><\/p>\n\n\n\n<ul class=\"wp-block-list\">\n<li class=\"has-medium-font-size\"><a href=\"https:\/\/www.webdo.tn\/fr\/actualite\/national\/tunisie-limpact-dun-baril-de-brent-a-150-dollars-se-rapproche-sinquiete-cet-expert\/394294\/\">Tunisie : L\u2019impact d\u2019un baril de Brent \u00e0 150 dollars se rapproche, s\u2019inqui\u00e8te cet expert<\/a><\/li>\n\n\n\n<li class=\"has-medium-font-size\"><a href=\"https:\/\/www.webdo.tn\/fr\/actualite\/international\/guerre-contre-liran-lalgerie-peut-elle-vraiment-profiter-de-la-crise-energetique\/394303\/\">Guerre contre l\u2019Iran : L\u2019Alg\u00e9rie peut-elle vraiment profiter de la crise \u00e9nerg\u00e9tique ?<\/a><\/li>\n<\/ul>\n<\/blockquote>\n<\/blockquote>\n","protected":false},"excerpt":{"rendered":"<p>Le pr\u00e9sident am\u00e9ricain Donald Trump a multipli\u00e9 les d\u00e9clarations contradictoires sur l\u2019\u00e9volution de la guerre contre l\u2019Iran, laissant planer l\u2019incertitude sur la strat\u00e9gie am\u00e9ricaine dans ce conflit qui s\u2019\u00e9tend d\u00e9sormais \u00e0 plusieurs pays du Moyen-Orient. Lors d\u2019une conf\u00e9rence de presse \u00e0 Miami, le pr\u00e9sident a affirm\u00e9 que les \u00c9tats-Unis avaient lanc\u00e9 de nouvelles frappes contre [&hellip;]<\/p>\n","protected":false},"author":3183,"featured_media":394377,"comment_status":"closed","ping_status":"closed","sticky":false,"template":"","format":"standard","meta":{"footnotes":""},"categories":[2598],"tags":[],"class_list":["post-394375","post","type-post","status-publish","format-standard","has-post-thumbnail","hentry","category-international"],"yoast_head":"<!-- This site is optimized with the Yoast SEO Premium plugin v27.5 (Yoast SEO v27.5) - https:\/\/yoast.com\/product\/yoast-seo-premium-wordpress\/ -->\n<title>Trump envoie des signaux contradictoires sur la guerre contre l\u2019Iran - webdo<\/title>\n<link rel=\"canonical\" href=\"https:\/\/www.webdo.tn\/fr\/actualite\/international\/trump-envoie-des-signaux-contradictoires-sur-la-guerre-contre-liran\/394375\/\" \/>\n<meta property=\"og:locale\" content=\"fr_FR\" \/>\n<meta property=\"og:type\" content=\"article\" \/>\n<meta property=\"og:title\" content=\"Trump envoie des signaux contradictoires sur la guerre contre l\u2019Iran\" \/>\n<meta property=\"og:description\" content=\"Le pr\u00e9sident am\u00e9ricain Donald Trump a multipli\u00e9 les d\u00e9clarations contradictoires sur l\u2019\u00e9volution de la guerre contre l\u2019Iran, laissant planer l\u2019incertitude sur la strat\u00e9gie am\u00e9ricaine dans ce conflit qui s\u2019\u00e9tend d\u00e9sormais \u00e0 plusieurs pays du Moyen-Orient. Lors d\u2019une conf\u00e9rence de presse \u00e0 Miami, le pr\u00e9sident a affirm\u00e9 que les \u00c9tats-Unis avaient lanc\u00e9 de nouvelles frappes contre [&hellip;]\" \/>\n<meta property=\"og:url\" content=\"https:\/\/www.webdo.tn\/fr\/actualite\/international\/trump-envoie-des-signaux-contradictoires-sur-la-guerre-contre-liran\/394375\/\" \/>\n<meta property=\"og:site_name\" content=\"webdo\" \/>\n<meta property=\"article:publisher\" content=\"https:\/\/www.facebook.com\/webdotn\" \/>\n<meta property=\"article:author\" content=\"https:\/\/www.facebook.com\/wby.webdo\" \/>\n<meta property=\"article:published_time\" content=\"2026-03-10T13:02:13+00:00\" \/>\n<meta property=\"article:modified_time\" content=\"2026-03-11T07:29:39+00:00\" \/>\n<meta property=\"og:image\" content=\"https:\/\/www.webdo.tn\/fr\/wp-content\/uploads\/2026\/03\/Trump-says-Iran-war-will-end-very-soon.jpg\" \/>\n\t<meta property=\"og:image:width\" content=\"1200\" \/>\n\t<meta property=\"og:image:height\" content=\"600\" \/>\n\t<meta property=\"og:image:type\" content=\"image\/jpeg\" \/>\n<meta name=\"author\" content=\"Walid Ben Youssef\" \/>\n<meta name=\"twitter:card\" content=\"summary_large_image\" \/>\n<meta name=\"twitter:creator\" content=\"@webdo_tn\" \/>\n<meta name=\"twitter:site\" content=\"@webdo_tn\" \/>\n<meta name=\"twitter:label1\" content=\"\u00c9crit par\" \/>\n\t<meta name=\"twitter:data1\" content=\"Walid Ben Youssef\" \/>\n\t<meta name=\"twitter:label2\" content=\"Dur\u00e9e de lecture estim\u00e9e\" \/>\n\t<meta name=\"twitter:data2\" content=\"2 minutes\" \/>\n<script type=\"application\/ld+json\" class=\"yoast-schema-graph\">{\"@context\":\"https:\\\/\\\/schema.org\",\"@graph\":[{\"@type\":\"NewsArticle\",\"@id\":\"https:\\\/\\\/www.webdo.tn\\\/fr\\\/actualite\\\/international\\\/trump-envoie-des-signaux-contradictoires-sur-la-guerre-contre-liran\\\/394375\\\/#article\",\"isPartOf\":{\"@id\":\"https:\\\/\\\/www.webdo.tn\\\/fr\\\/actualite\\\/international\\\/trump-envoie-des-signaux-contradictoires-sur-la-guerre-contre-liran\\\/394375\\\/\"},\"author\":{\"name\":\"Walid Ben Youssef\",\"@id\":\"https:\\\/\\\/www.webdo.tn\\\/fr\\\/#\\\/schema\\\/person\\\/2c509d3aeb706736cdf7dc93d76b6fe1\"},\"headline\":\"Trump envoie des signaux contradictoires sur la guerre contre l\u2019Iran\",\"datePublished\":\"2026-03-10T13:02:13+00:00\",\"dateModified\":\"2026-03-11T07:29:39+00:00\",\"mainEntityOfPage\":{\"@id\":\"https:\\\/\\\/www.webdo.tn\\\/fr\\\/actualite\\\/international\\\/trump-envoie-des-signaux-contradictoires-sur-la-guerre-contre-liran\\\/394375\\\/\"},\"wordCount\":409,\"publisher\":{\"@id\":\"https:\\\/\\\/www.webdo.tn\\\/fr\\\/#organization\"},\"image\":{\"@id\":\"https:\\\/\\\/www.webdo.tn\\\/fr\\\/actualite\\\/international\\\/trump-envoie-des-signaux-contradictoires-sur-la-guerre-contre-liran\\\/394375\\\/#primaryimage\"},\"thumbnailUrl\":\"https:\\\/\\\/www.webdo.tn\\\/fr\\\/wp-content\\\/uploads\\\/2026\\\/03\\\/Trump-says-Iran-war-will-end-very-soon.jpg\",\"articleSection\":[\"International\"],\"inLanguage\":\"fr-FR\"},{\"@type\":\"WebPage\",\"@id\":\"https:\\\/\\\/www.webdo.tn\\\/fr\\\/actualite\\\/international\\\/trump-envoie-des-signaux-contradictoires-sur-la-guerre-contre-liran\\\/394375\\\/\",\"url\":\"https:\\\/\\\/www.webdo.tn\\\/fr\\\/actualite\\\/international\\\/trump-envoie-des-signaux-contradictoires-sur-la-guerre-contre-liran\\\/394375\\\/\",\"name\":\"Trump envoie des signaux contradictoires sur la guerre contre l\u2019Iran - webdo\",\"isPartOf\":{\"@id\":\"https:\\\/\\\/www.webdo.tn\\\/fr\\\/#website\"},\"primaryImageOfPage\":{\"@id\":\"https:\\\/\\\/www.webdo.tn\\\/fr\\\/actualite\\\/international\\\/trump-envoie-des-signaux-contradictoires-sur-la-guerre-contre-liran\\\/394375\\\/#primaryimage\"},\"image\":{\"@id\":\"https:\\\/\\\/www.webdo.tn\\\/fr\\\/actualite\\\/international\\\/trump-envoie-des-signaux-contradictoires-sur-la-guerre-contre-liran\\\/394375\\\/#primaryimage\"},\"thumbnailUrl\":\"https:\\\/\\\/www.webdo.tn\\\/fr\\\/wp-content\\\/uploads\\\/2026\\\/03\\\/Trump-says-Iran-war-will-end-very-soon.jpg\",\"datePublished\":\"2026-03-10T13:02:13+00:00\",\"dateModified\":\"2026-03-11T07:29:39+00:00\",\"breadcrumb\":{\"@id\":\"https:\\\/\\\/www.webdo.tn\\\/fr\\\/actualite\\\/international\\\/trump-envoie-des-signaux-contradictoires-sur-la-guerre-contre-liran\\\/394375\\\/#breadcrumb\"},\"inLanguage\":\"fr-FR\",\"potentialAction\":[{\"@type\":\"ReadAction\",\"target\":[\"https:\\\/\\\/www.webdo.tn\\\/fr\\\/actualite\\\/international\\\/trump-envoie-des-signaux-contradictoires-sur-la-guerre-contre-liran\\\/394375\\\/\"]}]},{\"@type\":\"ImageObject\",\"inLanguage\":\"fr-FR\",\"@id\":\"https:\\\/\\\/www.webdo.tn\\\/fr\\\/actualite\\\/international\\\/trump-envoie-des-signaux-contradictoires-sur-la-guerre-contre-liran\\\/394375\\\/#primaryimage\",\"url\":\"https:\\\/\\\/www.webdo.tn\\\/fr\\\/wp-content\\\/uploads\\\/2026\\\/03\\\/Trump-says-Iran-war-will-end-very-soon.jpg\",\"contentUrl\":\"https:\\\/\\\/www.webdo.tn\\\/fr\\\/wp-content\\\/uploads\\\/2026\\\/03\\\/Trump-says-Iran-war-will-end-very-soon.jpg\",\"width\":1200,\"height\":600,\"caption\":\"Iran : Trump annonce des frappes mais \u00e9voque d\u00e9j\u00e0 la fin de la guerre\"},{\"@type\":\"BreadcrumbList\",\"@id\":\"https:\\\/\\\/www.webdo.tn\\\/fr\\\/actualite\\\/international\\\/trump-envoie-des-signaux-contradictoires-sur-la-guerre-contre-liran\\\/394375\\\/#breadcrumb\",\"itemListElement\":[{\"@type\":\"ListItem\",\"position\":1,\"name\":\"Accueil\",\"item\":\"https:\\\/\\\/www.webdo.tn\\\/fr\\\/\"},{\"@type\":\"ListItem\",\"position\":2,\"name\":\"Trump envoie des signaux contradictoires sur la guerre contre l\u2019Iran\"}]},{\"@type\":\"WebSite\",\"@id\":\"https:\\\/\\\/www.webdo.tn\\\/fr\\\/#website\",\"url\":\"https:\\\/\\\/www.webdo.tn\\\/fr\\\/\",\"name\":\"webdo\",\"description\":\"Tunisie - News en Tunisie et \u00e0 l&#039;international sur Webdo.tn\",\"publisher\":{\"@id\":\"https:\\\/\\\/www.webdo.tn\\\/fr\\\/#organization\"},\"potentialAction\":[{\"@type\":\"SearchAction\",\"target\":{\"@type\":\"EntryPoint\",\"urlTemplate\":\"https:\\\/\\\/www.webdo.tn\\\/fr\\\/?s={search_term_string}\"},\"query-input\":{\"@type\":\"PropertyValueSpecification\",\"valueRequired\":true,\"valueName\":\"search_term_string\"}}],\"inLanguage\":\"fr-FR\"},{\"@type\":\"Organization\",\"@id\":\"https:\\\/\\\/www.webdo.tn\\\/fr\\\/#organization\",\"name\":\"Webdo\",\"alternateName\":\"Webdo.tn\",\"url\":\"https:\\\/\\\/www.webdo.tn\\\/fr\\\/\",\"logo\":{\"@type\":\"ImageObject\",\"inLanguage\":\"fr-FR\",\"@id\":\"https:\\\/\\\/www.webdo.tn\\\/fr\\\/#\\\/schema\\\/logo\\\/image\\\/\",\"url\":\"https:\\\/\\\/www.webdo.tn\\\/fr\\\/wp-content\\\/uploads\\\/2025\\\/06\\\/Webdo-Tunisie_168377.jpg\",\"contentUrl\":\"https:\\\/\\\/www.webdo.tn\\\/fr\\\/wp-content\\\/uploads\\\/2025\\\/06\\\/Webdo-Tunisie_168377.jpg\",\"width\":301,\"height\":301,\"caption\":\"Webdo\"},\"image\":{\"@id\":\"https:\\\/\\\/www.webdo.tn\\\/fr\\\/#\\\/schema\\\/logo\\\/image\\\/\"},\"sameAs\":[\"https:\\\/\\\/www.facebook.com\\\/webdotn\",\"https:\\\/\\\/x.com\\\/webdo_tn\"],\"description\":\"Webdo est un m\u00e9dia num\u00e9rique tunisien fond\u00e9 en 2010, sp\u00e9cialis\u00e9 dans l\u2019actualit\u00e9 nationale et internationale, l\u2019\u00e9conomie, la soci\u00e9t\u00e9 et les analyses politiques. Le site s\u2019adresse \u00e0 un large public francophone et couvre l\u2019information tunisienne en temps r\u00e9el.\",\"email\":\"redac@webdo.tn\",\"legalName\":\"YNJ SARL\",\"foundingDate\":\"2010-09-06\",\"numberOfEmployees\":{\"@type\":\"QuantitativeValue\",\"minValue\":\"11\",\"maxValue\":\"50\"}},{\"@type\":\"Person\",\"@id\":\"https:\\\/\\\/www.webdo.tn\\\/fr\\\/#\\\/schema\\\/person\\\/2c509d3aeb706736cdf7dc93d76b6fe1\",\"name\":\"Walid Ben Youssef\",\"image\":{\"@type\":\"ImageObject\",\"inLanguage\":\"fr-FR\",\"@id\":\"https:\\\/\\\/www.webdo.tn\\\/fr\\\/wp-content\\\/uploads\\\/2026\\\/04\\\/walid-ben-youssef_avatar-96x96.jpg\",\"url\":\"https:\\\/\\\/www.webdo.tn\\\/fr\\\/wp-content\\\/uploads\\\/2026\\\/04\\\/walid-ben-youssef_avatar-96x96.jpg\",\"contentUrl\":\"https:\\\/\\\/www.webdo.tn\\\/fr\\\/wp-content\\\/uploads\\\/2026\\\/04\\\/walid-ben-youssef_avatar-96x96.jpg\",\"caption\":\"Walid Ben Youssef\"},\"description\":\"Walid Ben Youssef est fondateur et directeur de publication de Webdo.tn, m\u00e9dia num\u00e9rique tunisien lanc\u00e9 en 2011. Journaliste depuis plus de 20 ans, il a d\u00e9but\u00e9 sa carri\u00e8re au sein du groupe Dar Tunis-Hebdo, o\u00f9 il a contribu\u00e9 d\u00e8s le d\u00e9but des ann\u00e9es 2000 au d\u00e9veloppement des premi\u00e8res initiatives web du titre. Avant de fonder Webdo, il a occup\u00e9 les fonctions de directeur adjoint du groupe Dar Tunis-Hebdo, participant au d\u00e9veloppement \u00e9ditorial, publicitaire et num\u00e9rique du groupe. Sp\u00e9cialis\u00e9 dans les m\u00e9dias num\u00e9riques, la transformation digitale de l\u2019information et l\u2019actualit\u00e9 nationale et internationale, il supervise la ligne \u00e9ditoriale de Webdo et pilote son d\u00e9veloppement strat\u00e9gique. Dipl\u00f4m\u00e9 en math\u00e9matiques de l\u2019Universit\u00e9 d\u2019Oregon (\u00c9tats-Unis), il associe une approche analytique \u00e0 une expertise de terrain du journalisme. \ud83d\udd17 Facebook : https:\\\/\\\/www.facebook.com\\\/wby.webdo\",\"sameAs\":[\"https:\\\/\\\/www.facebook.com\\\/wby.webdo\"],\"knowsAbout\":[\"journalisme\",\"m\u00e9dias num\u00e9riques\",\"transformation digitale\",\"actualit\u00e9 tunisienne\",\"g\u00e9opolitique\"],\"knowsLanguage\":[\"Fran\u00e7ais\",\"Arabe\",\"Anglais\"],\"jobTitle\":\"Fondateur et directeur de publication\",\"worksFor\":\"Webdo.tn\",\"url\":\"https:\\\/\\\/www.webdo.tn\\\/fr\\\/actualite\\\/author\\\/walid-ben-youssef\\\/\"}]}<\/script>\n<!-- \/ Yoast SEO Premium plugin. -->","yoast_head_json":{"title":"Trump envoie des signaux contradictoires sur la guerre contre l\u2019Iran - webdo","canonical":"https:\/\/www.webdo.tn\/fr\/actualite\/international\/trump-envoie-des-signaux-contradictoires-sur-la-guerre-contre-liran\/394375\/","og_locale":"fr_FR","og_type":"article","og_title":"Trump envoie des signaux contradictoires sur la guerre contre l\u2019Iran","og_description":"Le pr\u00e9sident am\u00e9ricain Donald Trump a multipli\u00e9 les d\u00e9clarations contradictoires sur l\u2019\u00e9volution de la guerre contre l\u2019Iran, laissant planer l\u2019incertitude sur la strat\u00e9gie am\u00e9ricaine dans ce conflit qui s\u2019\u00e9tend d\u00e9sormais \u00e0 plusieurs pays du Moyen-Orient. Lors d\u2019une conf\u00e9rence de presse \u00e0 Miami, le pr\u00e9sident a affirm\u00e9 que les \u00c9tats-Unis avaient lanc\u00e9 de nouvelles frappes contre [&hellip;]","og_url":"https:\/\/www.webdo.tn\/fr\/actualite\/international\/trump-envoie-des-signaux-contradictoires-sur-la-guerre-contre-liran\/394375\/","og_site_name":"webdo","article_publisher":"https:\/\/www.facebook.com\/webdotn","article_author":"https:\/\/www.facebook.com\/wby.webdo","article_published_time":"2026-03-10T13:02:13+00:00","article_modified_time":"2026-03-11T07:29:39+00:00","og_image":[{"width":1200,"height":600,"url":"https:\/\/www.webdo.tn\/fr\/wp-content\/uploads\/2026\/03\/Trump-says-Iran-war-will-end-very-soon.jpg","type":"image\/jpeg"}],"author":"Walid Ben Youssef","twitter_card":"summary_large_image","twitter_creator":"@webdo_tn","twitter_site":"@webdo_tn","twitter_misc":{"\u00c9crit par":"Walid Ben Youssef","Dur\u00e9e de lecture estim\u00e9e":"2 minutes"},"schema":{"@context":"https:\/\/schema.org","@graph":[{"@type":"NewsArticle","@id":"https:\/\/www.webdo.tn\/fr\/actualite\/international\/trump-envoie-des-signaux-contradictoires-sur-la-guerre-contre-liran\/394375\/#article","isPartOf":{"@id":"https:\/\/www.webdo.tn\/fr\/actualite\/international\/trump-envoie-des-signaux-contradictoires-sur-la-guerre-contre-liran\/394375\/"},"author":{"name":"Walid Ben Youssef","@id":"https:\/\/www.webdo.tn\/fr\/#\/schema\/person\/2c509d3aeb706736cdf7dc93d76b6fe1"},"headline":"Trump envoie des signaux contradictoires sur la guerre contre l\u2019Iran","datePublished":"2026-03-10T13:02:13+00:00","dateModified":"2026-03-11T07:29:39+00:00","mainEntityOfPage":{"@id":"https:\/\/www.webdo.tn\/fr\/actualite\/international\/trump-envoie-des-signaux-contradictoires-sur-la-guerre-contre-liran\/394375\/"},"wordCount":409,"publisher":{"@id":"https:\/\/www.webdo.tn\/fr\/#organization"},"image":{"@id":"https:\/\/www.webdo.tn\/fr\/actualite\/international\/trump-envoie-des-signaux-contradictoires-sur-la-guerre-contre-liran\/394375\/#primaryimage"},"thumbnailUrl":"https:\/\/www.webdo.tn\/fr\/wp-content\/uploads\/2026\/03\/Trump-says-Iran-war-will-end-very-soon.jpg","articleSection":["International"],"inLanguage":"fr-FR"},{"@type":"WebPage","@id":"https:\/\/www.webdo.tn\/fr\/actualite\/international\/trump-envoie-des-signaux-contradictoires-sur-la-guerre-contre-liran\/394375\/","url":"https:\/\/www.webdo.tn\/fr\/actualite\/international\/trump-envoie-des-signaux-contradictoires-sur-la-guerre-contre-liran\/394375\/","name":"Trump envoie des signaux contradictoires sur la guerre contre l\u2019Iran - webdo","isPartOf":{"@id":"https:\/\/www.webdo.tn\/fr\/#website"},"primaryImageOfPage":{"@id":"https:\/\/www.webdo.tn\/fr\/actualite\/international\/trump-envoie-des-signaux-contradictoires-sur-la-guerre-contre-liran\/394375\/#primaryimage"},"image":{"@id":"https:\/\/www.webdo.tn\/fr\/actualite\/international\/trump-envoie-des-signaux-contradictoires-sur-la-guerre-contre-liran\/394375\/#primaryimage"},"thumbnailUrl":"https:\/\/www.webdo.tn\/fr\/wp-content\/uploads\/2026\/03\/Trump-says-Iran-war-will-end-very-soon.jpg","datePublished":"2026-03-10T13:02:13+00:00","dateModified":"2026-03-11T07:29:39+00:00","breadcrumb":{"@id":"https:\/\/www.webdo.tn\/fr\/actualite\/international\/trump-envoie-des-signaux-contradictoires-sur-la-guerre-contre-liran\/394375\/#breadcrumb"},"inLanguage":"fr-FR","potentialAction":[{"@type":"ReadAction","target":["https:\/\/www.webdo.tn\/fr\/actualite\/international\/trump-envoie-des-signaux-contradictoires-sur-la-guerre-contre-liran\/394375\/"]}]},{"@type":"ImageObject","inLanguage":"fr-FR","@id":"https:\/\/www.webdo.tn\/fr\/actualite\/international\/trump-envoie-des-signaux-contradictoires-sur-la-guerre-contre-liran\/394375\/#primaryimage","url":"https:\/\/www.webdo.tn\/fr\/wp-content\/uploads\/2026\/03\/Trump-says-Iran-war-will-end-very-soon.jpg","contentUrl":"https:\/\/www.webdo.tn\/fr\/wp-content\/uploads\/2026\/03\/Trump-says-Iran-war-will-end-very-soon.jpg","width":1200,"height":600,"caption":"Iran : Trump annonce des frappes mais \u00e9voque d\u00e9j\u00e0 la fin de la guerre"},{"@type":"BreadcrumbList","@id":"https:\/\/www.webdo.tn\/fr\/actualite\/international\/trump-envoie-des-signaux-contradictoires-sur-la-guerre-contre-liran\/394375\/#breadcrumb","itemListElement":[{"@type":"ListItem","position":1,"name":"Accueil","item":"https:\/\/www.webdo.tn\/fr\/"},{"@type":"ListItem","position":2,"name":"Trump envoie des signaux contradictoires sur la guerre contre l\u2019Iran"}]},{"@type":"WebSite","@id":"https:\/\/www.webdo.tn\/fr\/#website","url":"https:\/\/www.webdo.tn\/fr\/","name":"webdo","description":"Tunisie - News en Tunisie et \u00e0 l&#039;international sur Webdo.tn","publisher":{"@id":"https:\/\/www.webdo.tn\/fr\/#organization"},"potentialAction":[{"@type":"SearchAction","target":{"@type":"EntryPoint","urlTemplate":"https:\/\/www.webdo.tn\/fr\/?s={search_term_string}"},"query-input":{"@type":"PropertyValueSpecification","valueRequired":true,"valueName":"search_term_string"}}],"inLanguage":"fr-FR"},{"@type":"Organization","@id":"https:\/\/www.webdo.tn\/fr\/#organization","name":"Webdo","alternateName":"Webdo.tn","url":"https:\/\/www.webdo.tn\/fr\/","logo":{"@type":"ImageObject","inLanguage":"fr-FR","@id":"https:\/\/www.webdo.tn\/fr\/#\/schema\/logo\/image\/","url":"https:\/\/www.webdo.tn\/fr\/wp-content\/uploads\/2025\/06\/Webdo-Tunisie_168377.jpg","contentUrl":"https:\/\/www.webdo.tn\/fr\/wp-content\/uploads\/2025\/06\/Webdo-Tunisie_168377.jpg","width":301,"height":301,"caption":"Webdo"},"image":{"@id":"https:\/\/www.webdo.tn\/fr\/#\/schema\/logo\/image\/"},"sameAs":["https:\/\/www.facebook.com\/webdotn","https:\/\/x.com\/webdo_tn"],"description":"Webdo est un m\u00e9dia num\u00e9rique tunisien fond\u00e9 en 2010, sp\u00e9cialis\u00e9 dans l\u2019actualit\u00e9 nationale et internationale, l\u2019\u00e9conomie, la soci\u00e9t\u00e9 et les analyses politiques. Le site s\u2019adresse \u00e0 un large public francophone et couvre l\u2019information tunisienne en temps r\u00e9el.","email":"redac@webdo.tn","legalName":"YNJ SARL","foundingDate":"2010-09-06","numberOfEmployees":{"@type":"QuantitativeValue","minValue":"11","maxValue":"50"}},{"@type":"Person","@id":"https:\/\/www.webdo.tn\/fr\/#\/schema\/person\/2c509d3aeb706736cdf7dc93d76b6fe1","name":"Walid Ben Youssef","image":{"@type":"ImageObject","inLanguage":"fr-FR","@id":"https:\/\/www.webdo.tn\/fr\/wp-content\/uploads\/2026\/04\/walid-ben-youssef_avatar-96x96.jpg","url":"https:\/\/www.webdo.tn\/fr\/wp-content\/uploads\/2026\/04\/walid-ben-youssef_avatar-96x96.jpg","contentUrl":"https:\/\/www.webdo.tn\/fr\/wp-content\/uploads\/2026\/04\/walid-ben-youssef_avatar-96x96.jpg","caption":"Walid Ben Youssef"},"description":"Walid Ben Youssef est fondateur et directeur de publication de Webdo.tn, m\u00e9dia num\u00e9rique tunisien lanc\u00e9 en 2011. Journaliste depuis plus de 20 ans, il a d\u00e9but\u00e9 sa carri\u00e8re au sein du groupe Dar Tunis-Hebdo, o\u00f9 il a contribu\u00e9 d\u00e8s le d\u00e9but des ann\u00e9es 2000 au d\u00e9veloppement des premi\u00e8res initiatives web du titre. Avant de fonder Webdo, il a occup\u00e9 les fonctions de directeur adjoint du groupe Dar Tunis-Hebdo, participant au d\u00e9veloppement \u00e9ditorial, publicitaire et num\u00e9rique du groupe. Sp\u00e9cialis\u00e9 dans les m\u00e9dias num\u00e9riques, la transformation digitale de l\u2019information et l\u2019actualit\u00e9 nationale et internationale, il supervise la ligne \u00e9ditoriale de Webdo et pilote son d\u00e9veloppement strat\u00e9gique. Dipl\u00f4m\u00e9 en math\u00e9matiques de l\u2019Universit\u00e9 d\u2019Oregon (\u00c9tats-Unis), il associe une approche analytique \u00e0 une expertise de terrain du journalisme. \ud83d\udd17 Facebook : https:\/\/www.facebook.com\/wby.webdo","sameAs":["https:\/\/www.facebook.com\/wby.webdo"],"knowsAbout":["journalisme","m\u00e9dias num\u00e9riques","transformation digitale","actualit\u00e9 tunisienne","g\u00e9opolitique"],"knowsLanguage":["Fran\u00e7ais","Arabe","Anglais"],"jobTitle":"Fondateur et directeur de publication","worksFor":"Webdo.tn","url":"https:\/\/www.webdo.tn\/fr\/actualite\/author\/walid-ben-youssef\/"}]}},"_links":{"self":[{"href":"https:\/\/www.webdo.tn\/fr\/wp-json\/wp\/v2\/posts\/394375","targetHints":{"allow":["GET"]}}],"collection":[{"href":"https:\/\/www.webdo.tn\/fr\/wp-json\/wp\/v2\/posts"}],"about":[{"href":"https:\/\/www.webdo.tn\/fr\/wp-json\/wp\/v2\/types\/post"}],"author":[{"embeddable":true,"href":"https:\/\/www.webdo.tn\/fr\/wp-json\/wp\/v2\/users\/3183"}],"replies":[{"embeddable":true,"href":"https:\/\/www.webdo.tn\/fr\/wp-json\/wp\/v2\/comments?post=394375"}],"version-history":[{"count":0,"href":"https:\/\/www.webdo.tn\/fr\/wp-json\/wp\/v2\/posts\/394375\/revisions"}],"wp:featuredmedia":[{"embeddable":true,"href":"https:\/\/www.webdo.tn\/fr\/wp-json\/wp\/v2\/media\/394377"}],"wp:attachment":[{"href":"https:\/\/www.webdo.tn\/fr\/wp-json\/wp\/v2\/media?parent=394375"}],"wp:term":[{"taxonomy":"category","embeddable":true,"href":"https:\/\/www.webdo.tn\/fr\/wp-json\/wp\/v2\/categories?post=394375"},{"taxonomy":"post_tag","embeddable":true,"href":"https:\/\/www.webdo.tn\/fr\/wp-json\/wp\/v2\/tags?post=394375"}],"curies":[{"name":"wp","href":"https:\/\/api.w.org\/{rel}","templated":true}]}}