{"id":394361,"date":"2026-03-10T10:44:36","date_gmt":"2026-03-10T09:44:36","guid":{"rendered":"https:\/\/www.webdo.tn\/fr\/?p=394361"},"modified":"2026-03-10T10:45:52","modified_gmt":"2026-03-10T09:45:52","slug":"guerre-au-moyen-orient-les-prix-des-vols-internationaux-risquent-de-senvoler","status":"publish","type":"post","link":"https:\/\/www.webdo.tn\/fr\/actualite\/international\/guerre-au-moyen-orient-les-prix-des-vols-internationaux-risquent-de-senvoler\/394361\/","title":{"rendered":"Guerre au Moyen-Orient : Les prix des vols internationaux risquent de s\u2019envoler"},"content":{"rendered":"\n<p><strong>La crise au Moyen-Orient commence \u00e0 se r\u00e9percuter sur le secteur a\u00e9rien mondial, avec une hausse progressive des prix des billets annonc\u00e9e par plusieurs compagnies. L\u2019augmentation rapide du prix du p\u00e9trole, cons\u00e9quence directe des tensions dans la r\u00e9gion, entra\u00eene m\u00e9caniquement une hausse du co\u00fbt du carburant a\u00e9rien, l\u2019un des principaux postes de d\u00e9penses des transporteurs.<\/strong><\/p>\n\n\n\n<p>Plusieurs compagnies ont d\u00e9j\u00e0 ajust\u00e9 leurs tarifs : Qantas et Air New Zealand ont relev\u00e9 leurs prix sur certaines lignes internationales. \u00c0 Hong Kong, Hong Kong Airlines a augment\u00e9 ses surcharges carburant de plus de 35 % sur certains vols. <\/p>\n\n\n\n<h2 class=\"wp-block-heading\" id=\"h-emirates-qatar-airways-et-etihad-airways\">Emirates, Qatar Airways et Etihad Airways &#8230; <\/h2>\n\n\n\n<p>D\u2019autres transporteurs, comme Cathay Pacific ou United Airlines, annoncent des hausses potentielles si les prix du carburant continuent de grimper. Enfin, les compagnies du Golfe \u2014 Emirates, Qatar Airways et Etihad Airways \u2014 subissent \u00e0 la fois la hausse du k\u00e9ros\u00e8ne et les perturbations de l\u2019espace a\u00e9rien dans la r\u00e9gion.<\/p>\n\n\n\n<p>Le prix du carburant a\u00e9rien a ainsi explos\u00e9, passant d\u2019environ 85\u201390 dollars \u00e0 150\u2013200 dollars le baril, accentuant la pression sur les compagnies. Cette flamb\u00e9e s\u2019ajoute aux contraintes li\u00e9es \u00e0 des d\u00e9tours obligatoires pour \u00e9viter certaines zones a\u00e9riennes, allongeant la dur\u00e9e des vols et augmentant la consommation de carburant.<\/p>\n\n\n\n<p class=\"has-medium-font-size\"><strong>Lire aussi : <\/strong><a href=\"https:\/\/www.webdo.tn\/fr\/actualite\/national\/tunisiens-dans-le-golfe-le-ministere-des-affaires-etrangeres-diffuse-les-contacts-consulaires\/394053\/\">Tunisiens dans le Golfe : Le minist\u00e8re des Affaires \u00e9trang\u00e8res diffuse les contacts consulaires<\/a><\/p>\n\n\n\n<h2 class=\"wp-block-heading\" id=\"h-hausses-spectaculaires\">Hausses spectaculaires <\/h2>\n\n\n\n<p>Certaines routes internationales subissent d\u00e9j\u00e0 des hausses spectaculaires : entre l\u2019Europe et le Moyen-Orient, les billets ont connu des augmentations pouvant d\u00e9passer 30 % en quelques jours, et des trajets comme Dubai\u2013Londres ont vu leurs prix quadrupler dans certains cas.<\/p>\n\n\n\n<p>Les analystes estiment que cette tendance pourrait se poursuivre si les tensions se prolongent et continuent d\u2019alimenter la hausse du p\u00e9trole. Pour les voyageurs, notamment ceux en provenance ou \u00e0 destination de l\u2019Europe et du Moyen-Orient, les billets pourraient devenir significativement plus chers dans les semaines \u00e0 venir.<\/p>\n\n\n\n<p><\/p>\n","protected":false},"excerpt":{"rendered":"<p>La crise au Moyen-Orient commence \u00e0 se r\u00e9percuter sur le secteur a\u00e9rien mondial, avec une hausse progressive des prix des billets annonc\u00e9e par plusieurs compagnies. L\u2019augmentation rapide du prix du p\u00e9trole, cons\u00e9quence directe des tensions dans la r\u00e9gion, entra\u00eene m\u00e9caniquement une hausse du co\u00fbt du carburant a\u00e9rien, l\u2019un des principaux postes de d\u00e9penses des transporteurs. [&hellip;]<\/p>\n","protected":false},"author":3184,"featured_media":394365,"comment_status":"closed","ping_status":"closed","sticky":false,"template":"","format":"standard","meta":{"footnotes":""},"categories":[2598],"tags":[4664,2995],"class_list":["post-394361","post","type-post","status-publish","format-standard","has-post-thumbnail","hentry","category-international","tag-avion","tag-vol"],"yoast_head":"<!-- This site is optimized with the Yoast SEO Premium plugin v27.5 (Yoast SEO v27.5) - https:\/\/yoast.com\/product\/yoast-seo-premium-wordpress\/ -->\n<title>Guerre au Moyen-Orient : Les prix des vols internationaux risquent de s\u2019envoler - webdo<\/title>\n<meta name=\"description\" content=\"D\u00e9couvrez comment la crise au Moyen-Orient impacte les Vols et les tarifs des billets dans le secteur a\u00e9rien mondial.\" \/>\n<link rel=\"canonical\" href=\"https:\/\/www.webdo.tn\/fr\/actualite\/international\/guerre-au-moyen-orient-les-prix-des-vols-internationaux-risquent-de-senvoler\/394361\/\" \/>\n<meta property=\"og:locale\" content=\"fr_FR\" \/>\n<meta property=\"og:type\" content=\"article\" \/>\n<meta property=\"og:title\" content=\"Guerre au Moyen-Orient : Les prix des vols internationaux risquent de s\u2019envoler\" \/>\n<meta property=\"og:description\" content=\"D\u00e9couvrez comment la crise au Moyen-Orient impacte les Vols et les tarifs des billets dans le secteur a\u00e9rien mondial.\" \/>\n<meta property=\"og:url\" content=\"https:\/\/www.webdo.tn\/fr\/actualite\/international\/guerre-au-moyen-orient-les-prix-des-vols-internationaux-risquent-de-senvoler\/394361\/\" \/>\n<meta property=\"og:site_name\" content=\"webdo\" \/>\n<meta property=\"article:publisher\" content=\"https:\/\/www.facebook.com\/webdotn\" \/>\n<meta property=\"article:published_time\" content=\"2026-03-10T09:44:36+00:00\" \/>\n<meta property=\"article:modified_time\" content=\"2026-03-10T09:45:52+00:00\" \/>\n<meta property=\"og:image\" content=\"https:\/\/www.webdo.tn\/fr\/wp-content\/uploads\/2026\/03\/avion.jpg\" \/>\n\t<meta property=\"og:image:width\" content=\"1200\" \/>\n\t<meta property=\"og:image:height\" content=\"603\" \/>\n\t<meta property=\"og:image:type\" content=\"image\/jpeg\" \/>\n<meta name=\"author\" content=\"Wided Belhaj\" \/>\n<meta name=\"twitter:card\" content=\"summary_large_image\" \/>\n<meta name=\"twitter:creator\" content=\"@webdo_tn\" \/>\n<meta name=\"twitter:site\" content=\"@webdo_tn\" \/>\n<meta name=\"twitter:label1\" content=\"\u00c9crit par\" \/>\n\t<meta name=\"twitter:data1\" content=\"Wided Belhaj\" \/>\n\t<meta name=\"twitter:label2\" content=\"Dur\u00e9e de lecture estim\u00e9e\" \/>\n\t<meta name=\"twitter:data2\" content=\"2 minutes\" \/>\n<script type=\"application\/ld+json\" class=\"yoast-schema-graph\">{\"@context\":\"https:\\\/\\\/schema.org\",\"@graph\":[{\"@type\":\"NewsArticle\",\"@id\":\"https:\\\/\\\/www.webdo.tn\\\/fr\\\/actualite\\\/international\\\/guerre-au-moyen-orient-les-prix-des-vols-internationaux-risquent-de-senvoler\\\/394361\\\/#article\",\"isPartOf\":{\"@id\":\"https:\\\/\\\/www.webdo.tn\\\/fr\\\/actualite\\\/international\\\/guerre-au-moyen-orient-les-prix-des-vols-internationaux-risquent-de-senvoler\\\/394361\\\/\"},\"author\":{\"name\":\"Wided Belhaj\",\"@id\":\"https:\\\/\\\/www.webdo.tn\\\/fr\\\/#\\\/schema\\\/person\\\/b9ecde7a5574cb4fcf4b496ea5fadb15\"},\"headline\":\"Guerre au Moyen-Orient : Les prix des vols internationaux risquent de s\u2019envoler\",\"datePublished\":\"2026-03-10T09:44:36+00:00\",\"dateModified\":\"2026-03-10T09:45:52+00:00\",\"mainEntityOfPage\":{\"@id\":\"https:\\\/\\\/www.webdo.tn\\\/fr\\\/actualite\\\/international\\\/guerre-au-moyen-orient-les-prix-des-vols-internationaux-risquent-de-senvoler\\\/394361\\\/\"},\"wordCount\":337,\"publisher\":{\"@id\":\"https:\\\/\\\/www.webdo.tn\\\/fr\\\/#organization\"},\"image\":{\"@id\":\"https:\\\/\\\/www.webdo.tn\\\/fr\\\/actualite\\\/international\\\/guerre-au-moyen-orient-les-prix-des-vols-internationaux-risquent-de-senvoler\\\/394361\\\/#primaryimage\"},\"thumbnailUrl\":\"https:\\\/\\\/www.webdo.tn\\\/fr\\\/wp-content\\\/uploads\\\/2026\\\/03\\\/avion.jpg\",\"keywords\":[\"Avion\",\"vol\"],\"articleSection\":[\"International\"],\"inLanguage\":\"fr-FR\"},{\"@type\":\"WebPage\",\"@id\":\"https:\\\/\\\/www.webdo.tn\\\/fr\\\/actualite\\\/international\\\/guerre-au-moyen-orient-les-prix-des-vols-internationaux-risquent-de-senvoler\\\/394361\\\/\",\"url\":\"https:\\\/\\\/www.webdo.tn\\\/fr\\\/actualite\\\/international\\\/guerre-au-moyen-orient-les-prix-des-vols-internationaux-risquent-de-senvoler\\\/394361\\\/\",\"name\":\"Guerre au Moyen-Orient : Les prix des vols internationaux risquent de s\u2019envoler - webdo\",\"isPartOf\":{\"@id\":\"https:\\\/\\\/www.webdo.tn\\\/fr\\\/#website\"},\"primaryImageOfPage\":{\"@id\":\"https:\\\/\\\/www.webdo.tn\\\/fr\\\/actualite\\\/international\\\/guerre-au-moyen-orient-les-prix-des-vols-internationaux-risquent-de-senvoler\\\/394361\\\/#primaryimage\"},\"image\":{\"@id\":\"https:\\\/\\\/www.webdo.tn\\\/fr\\\/actualite\\\/international\\\/guerre-au-moyen-orient-les-prix-des-vols-internationaux-risquent-de-senvoler\\\/394361\\\/#primaryimage\"},\"thumbnailUrl\":\"https:\\\/\\\/www.webdo.tn\\\/fr\\\/wp-content\\\/uploads\\\/2026\\\/03\\\/avion.jpg\",\"datePublished\":\"2026-03-10T09:44:36+00:00\",\"dateModified\":\"2026-03-10T09:45:52+00:00\",\"description\":\"D\u00e9couvrez comment la crise au Moyen-Orient impacte les Vols et les tarifs des billets dans le secteur a\u00e9rien mondial.\",\"breadcrumb\":{\"@id\":\"https:\\\/\\\/www.webdo.tn\\\/fr\\\/actualite\\\/international\\\/guerre-au-moyen-orient-les-prix-des-vols-internationaux-risquent-de-senvoler\\\/394361\\\/#breadcrumb\"},\"inLanguage\":\"fr-FR\",\"potentialAction\":[{\"@type\":\"ReadAction\",\"target\":[\"https:\\\/\\\/www.webdo.tn\\\/fr\\\/actualite\\\/international\\\/guerre-au-moyen-orient-les-prix-des-vols-internationaux-risquent-de-senvoler\\\/394361\\\/\"]}]},{\"@type\":\"ImageObject\",\"inLanguage\":\"fr-FR\",\"@id\":\"https:\\\/\\\/www.webdo.tn\\\/fr\\\/actualite\\\/international\\\/guerre-au-moyen-orient-les-prix-des-vols-internationaux-risquent-de-senvoler\\\/394361\\\/#primaryimage\",\"url\":\"https:\\\/\\\/www.webdo.tn\\\/fr\\\/wp-content\\\/uploads\\\/2026\\\/03\\\/avion.jpg\",\"contentUrl\":\"https:\\\/\\\/www.webdo.tn\\\/fr\\\/wp-content\\\/uploads\\\/2026\\\/03\\\/avion.jpg\",\"width\":1200,\"height\":603,\"caption\":\"Avion\"},{\"@type\":\"BreadcrumbList\",\"@id\":\"https:\\\/\\\/www.webdo.tn\\\/fr\\\/actualite\\\/international\\\/guerre-au-moyen-orient-les-prix-des-vols-internationaux-risquent-de-senvoler\\\/394361\\\/#breadcrumb\",\"itemListElement\":[{\"@type\":\"ListItem\",\"position\":1,\"name\":\"Accueil\",\"item\":\"https:\\\/\\\/www.webdo.tn\\\/fr\\\/\"},{\"@type\":\"ListItem\",\"position\":2,\"name\":\"Guerre au Moyen-Orient : Les prix des vols internationaux risquent de s\u2019envoler\"}]},{\"@type\":\"WebSite\",\"@id\":\"https:\\\/\\\/www.webdo.tn\\\/fr\\\/#website\",\"url\":\"https:\\\/\\\/www.webdo.tn\\\/fr\\\/\",\"name\":\"webdo\",\"description\":\"Tunisie - News en Tunisie et \u00e0 l&#039;international sur Webdo.tn\",\"publisher\":{\"@id\":\"https:\\\/\\\/www.webdo.tn\\\/fr\\\/#organization\"},\"potentialAction\":[{\"@type\":\"SearchAction\",\"target\":{\"@type\":\"EntryPoint\",\"urlTemplate\":\"https:\\\/\\\/www.webdo.tn\\\/fr\\\/?s={search_term_string}\"},\"query-input\":{\"@type\":\"PropertyValueSpecification\",\"valueRequired\":true,\"valueName\":\"search_term_string\"}}],\"inLanguage\":\"fr-FR\"},{\"@type\":\"Organization\",\"@id\":\"https:\\\/\\\/www.webdo.tn\\\/fr\\\/#organization\",\"name\":\"Webdo\",\"alternateName\":\"Webdo.tn\",\"url\":\"https:\\\/\\\/www.webdo.tn\\\/fr\\\/\",\"logo\":{\"@type\":\"ImageObject\",\"inLanguage\":\"fr-FR\",\"@id\":\"https:\\\/\\\/www.webdo.tn\\\/fr\\\/#\\\/schema\\\/logo\\\/image\\\/\",\"url\":\"https:\\\/\\\/www.webdo.tn\\\/fr\\\/wp-content\\\/uploads\\\/2025\\\/06\\\/Webdo-Tunisie_168377.jpg\",\"contentUrl\":\"https:\\\/\\\/www.webdo.tn\\\/fr\\\/wp-content\\\/uploads\\\/2025\\\/06\\\/Webdo-Tunisie_168377.jpg\",\"width\":301,\"height\":301,\"caption\":\"Webdo\"},\"image\":{\"@id\":\"https:\\\/\\\/www.webdo.tn\\\/fr\\\/#\\\/schema\\\/logo\\\/image\\\/\"},\"sameAs\":[\"https:\\\/\\\/www.facebook.com\\\/webdotn\",\"https:\\\/\\\/x.com\\\/webdo_tn\"],\"description\":\"Webdo est un m\u00e9dia num\u00e9rique tunisien fond\u00e9 en 2010, sp\u00e9cialis\u00e9 dans l\u2019actualit\u00e9 nationale et internationale, l\u2019\u00e9conomie, la soci\u00e9t\u00e9 et les analyses politiques. Le site s\u2019adresse \u00e0 un large public francophone et couvre l\u2019information tunisienne en temps r\u00e9el.\",\"email\":\"redac@webdo.tn\",\"legalName\":\"YNJ SARL\",\"foundingDate\":\"2010-09-06\",\"numberOfEmployees\":{\"@type\":\"QuantitativeValue\",\"minValue\":\"11\",\"maxValue\":\"50\"}},{\"@type\":\"Person\",\"@id\":\"https:\\\/\\\/www.webdo.tn\\\/fr\\\/#\\\/schema\\\/person\\\/b9ecde7a5574cb4fcf4b496ea5fadb15\",\"name\":\"Wided Belhaj\",\"image\":{\"@type\":\"ImageObject\",\"inLanguage\":\"fr-FR\",\"@id\":\"https:\\\/\\\/www.webdo.tn\\\/fr\\\/wp-content\\\/uploads\\\/2026\\\/04\\\/wided-belhaj_avatar-96x96.jpg\",\"url\":\"https:\\\/\\\/www.webdo.tn\\\/fr\\\/wp-content\\\/uploads\\\/2026\\\/04\\\/wided-belhaj_avatar-96x96.jpg\",\"contentUrl\":\"https:\\\/\\\/www.webdo.tn\\\/fr\\\/wp-content\\\/uploads\\\/2026\\\/04\\\/wided-belhaj_avatar-96x96.jpg\",\"caption\":\"Wided Belhaj\"},\"description\":\"Wided Belhaj est le pseudonyme \u00e9ditorial utilis\u00e9 par Khalil Jelassi, journaliste, ma\u00eetre-assistant \u00e0 l\u2019Institut de presse et des sciences de l\u2019information (IPSI) et chercheur en sciences de l\u2019information et de la communication. Cette signature est d\u00e9di\u00e9e \u00e0 l\u2019analyse des m\u00e9dias, des pratiques journalistiques et des mutations de l\u2019information \u00e0 l\u2019\u00e8re digitale. \u00c0 travers ses contributions, Wided Belhaj propose une lecture analytique de l\u2019actualit\u00e9, en croisant regard critique et expertise acad\u00e9mique.\",\"knowsAbout\":[\"m\u00e9dias\",\"journalisme\",\"communication\",\"information\",\"transformation num\u00e9rique\",\"analyse des m\u00e9dias\"],\"knowsLanguage\":[\"Fran\u00e7ais\",\"Arabe\"],\"jobTitle\":\"Webdo.tn\",\"worksFor\":\"Journaliste \u2013 Analyse des m\u00e9dias\",\"url\":\"https:\\\/\\\/www.webdo.tn\\\/fr\\\/actualite\\\/author\\\/wided-belhaj\\\/\"}]}<\/script>\n<!-- \/ Yoast SEO Premium plugin. -->","yoast_head_json":{"title":"Guerre au Moyen-Orient : Les prix des vols internationaux risquent de s\u2019envoler - webdo","description":"D\u00e9couvrez comment la crise au Moyen-Orient impacte les Vols et les tarifs des billets dans le secteur a\u00e9rien mondial.","canonical":"https:\/\/www.webdo.tn\/fr\/actualite\/international\/guerre-au-moyen-orient-les-prix-des-vols-internationaux-risquent-de-senvoler\/394361\/","og_locale":"fr_FR","og_type":"article","og_title":"Guerre au Moyen-Orient : Les prix des vols internationaux risquent de s\u2019envoler","og_description":"D\u00e9couvrez comment la crise au Moyen-Orient impacte les Vols et les tarifs des billets dans le secteur a\u00e9rien mondial.","og_url":"https:\/\/www.webdo.tn\/fr\/actualite\/international\/guerre-au-moyen-orient-les-prix-des-vols-internationaux-risquent-de-senvoler\/394361\/","og_site_name":"webdo","article_publisher":"https:\/\/www.facebook.com\/webdotn","article_published_time":"2026-03-10T09:44:36+00:00","article_modified_time":"2026-03-10T09:45:52+00:00","og_image":[{"width":1200,"height":603,"url":"https:\/\/www.webdo.tn\/fr\/wp-content\/uploads\/2026\/03\/avion.jpg","type":"image\/jpeg"}],"author":"Wided Belhaj","twitter_card":"summary_large_image","twitter_creator":"@webdo_tn","twitter_site":"@webdo_tn","twitter_misc":{"\u00c9crit par":"Wided Belhaj","Dur\u00e9e de lecture estim\u00e9e":"2 minutes"},"schema":{"@context":"https:\/\/schema.org","@graph":[{"@type":"NewsArticle","@id":"https:\/\/www.webdo.tn\/fr\/actualite\/international\/guerre-au-moyen-orient-les-prix-des-vols-internationaux-risquent-de-senvoler\/394361\/#article","isPartOf":{"@id":"https:\/\/www.webdo.tn\/fr\/actualite\/international\/guerre-au-moyen-orient-les-prix-des-vols-internationaux-risquent-de-senvoler\/394361\/"},"author":{"name":"Wided Belhaj","@id":"https:\/\/www.webdo.tn\/fr\/#\/schema\/person\/b9ecde7a5574cb4fcf4b496ea5fadb15"},"headline":"Guerre au Moyen-Orient : Les prix des vols internationaux risquent de s\u2019envoler","datePublished":"2026-03-10T09:44:36+00:00","dateModified":"2026-03-10T09:45:52+00:00","mainEntityOfPage":{"@id":"https:\/\/www.webdo.tn\/fr\/actualite\/international\/guerre-au-moyen-orient-les-prix-des-vols-internationaux-risquent-de-senvoler\/394361\/"},"wordCount":337,"publisher":{"@id":"https:\/\/www.webdo.tn\/fr\/#organization"},"image":{"@id":"https:\/\/www.webdo.tn\/fr\/actualite\/international\/guerre-au-moyen-orient-les-prix-des-vols-internationaux-risquent-de-senvoler\/394361\/#primaryimage"},"thumbnailUrl":"https:\/\/www.webdo.tn\/fr\/wp-content\/uploads\/2026\/03\/avion.jpg","keywords":["Avion","vol"],"articleSection":["International"],"inLanguage":"fr-FR"},{"@type":"WebPage","@id":"https:\/\/www.webdo.tn\/fr\/actualite\/international\/guerre-au-moyen-orient-les-prix-des-vols-internationaux-risquent-de-senvoler\/394361\/","url":"https:\/\/www.webdo.tn\/fr\/actualite\/international\/guerre-au-moyen-orient-les-prix-des-vols-internationaux-risquent-de-senvoler\/394361\/","name":"Guerre au Moyen-Orient : Les prix des vols internationaux risquent de s\u2019envoler - webdo","isPartOf":{"@id":"https:\/\/www.webdo.tn\/fr\/#website"},"primaryImageOfPage":{"@id":"https:\/\/www.webdo.tn\/fr\/actualite\/international\/guerre-au-moyen-orient-les-prix-des-vols-internationaux-risquent-de-senvoler\/394361\/#primaryimage"},"image":{"@id":"https:\/\/www.webdo.tn\/fr\/actualite\/international\/guerre-au-moyen-orient-les-prix-des-vols-internationaux-risquent-de-senvoler\/394361\/#primaryimage"},"thumbnailUrl":"https:\/\/www.webdo.tn\/fr\/wp-content\/uploads\/2026\/03\/avion.jpg","datePublished":"2026-03-10T09:44:36+00:00","dateModified":"2026-03-10T09:45:52+00:00","description":"D\u00e9couvrez comment la crise au Moyen-Orient impacte les Vols et les tarifs des billets dans le secteur a\u00e9rien mondial.","breadcrumb":{"@id":"https:\/\/www.webdo.tn\/fr\/actualite\/international\/guerre-au-moyen-orient-les-prix-des-vols-internationaux-risquent-de-senvoler\/394361\/#breadcrumb"},"inLanguage":"fr-FR","potentialAction":[{"@type":"ReadAction","target":["https:\/\/www.webdo.tn\/fr\/actualite\/international\/guerre-au-moyen-orient-les-prix-des-vols-internationaux-risquent-de-senvoler\/394361\/"]}]},{"@type":"ImageObject","inLanguage":"fr-FR","@id":"https:\/\/www.webdo.tn\/fr\/actualite\/international\/guerre-au-moyen-orient-les-prix-des-vols-internationaux-risquent-de-senvoler\/394361\/#primaryimage","url":"https:\/\/www.webdo.tn\/fr\/wp-content\/uploads\/2026\/03\/avion.jpg","contentUrl":"https:\/\/www.webdo.tn\/fr\/wp-content\/uploads\/2026\/03\/avion.jpg","width":1200,"height":603,"caption":"Avion"},{"@type":"BreadcrumbList","@id":"https:\/\/www.webdo.tn\/fr\/actualite\/international\/guerre-au-moyen-orient-les-prix-des-vols-internationaux-risquent-de-senvoler\/394361\/#breadcrumb","itemListElement":[{"@type":"ListItem","position":1,"name":"Accueil","item":"https:\/\/www.webdo.tn\/fr\/"},{"@type":"ListItem","position":2,"name":"Guerre au Moyen-Orient : Les prix des vols internationaux risquent de s\u2019envoler"}]},{"@type":"WebSite","@id":"https:\/\/www.webdo.tn\/fr\/#website","url":"https:\/\/www.webdo.tn\/fr\/","name":"webdo","description":"Tunisie - News en Tunisie et \u00e0 l&#039;international sur Webdo.tn","publisher":{"@id":"https:\/\/www.webdo.tn\/fr\/#organization"},"potentialAction":[{"@type":"SearchAction","target":{"@type":"EntryPoint","urlTemplate":"https:\/\/www.webdo.tn\/fr\/?s={search_term_string}"},"query-input":{"@type":"PropertyValueSpecification","valueRequired":true,"valueName":"search_term_string"}}],"inLanguage":"fr-FR"},{"@type":"Organization","@id":"https:\/\/www.webdo.tn\/fr\/#organization","name":"Webdo","alternateName":"Webdo.tn","url":"https:\/\/www.webdo.tn\/fr\/","logo":{"@type":"ImageObject","inLanguage":"fr-FR","@id":"https:\/\/www.webdo.tn\/fr\/#\/schema\/logo\/image\/","url":"https:\/\/www.webdo.tn\/fr\/wp-content\/uploads\/2025\/06\/Webdo-Tunisie_168377.jpg","contentUrl":"https:\/\/www.webdo.tn\/fr\/wp-content\/uploads\/2025\/06\/Webdo-Tunisie_168377.jpg","width":301,"height":301,"caption":"Webdo"},"image":{"@id":"https:\/\/www.webdo.tn\/fr\/#\/schema\/logo\/image\/"},"sameAs":["https:\/\/www.facebook.com\/webdotn","https:\/\/x.com\/webdo_tn"],"description":"Webdo est un m\u00e9dia num\u00e9rique tunisien fond\u00e9 en 2010, sp\u00e9cialis\u00e9 dans l\u2019actualit\u00e9 nationale et internationale, l\u2019\u00e9conomie, la soci\u00e9t\u00e9 et les analyses politiques. Le site s\u2019adresse \u00e0 un large public francophone et couvre l\u2019information tunisienne en temps r\u00e9el.","email":"redac@webdo.tn","legalName":"YNJ SARL","foundingDate":"2010-09-06","numberOfEmployees":{"@type":"QuantitativeValue","minValue":"11","maxValue":"50"}},{"@type":"Person","@id":"https:\/\/www.webdo.tn\/fr\/#\/schema\/person\/b9ecde7a5574cb4fcf4b496ea5fadb15","name":"Wided Belhaj","image":{"@type":"ImageObject","inLanguage":"fr-FR","@id":"https:\/\/www.webdo.tn\/fr\/wp-content\/uploads\/2026\/04\/wided-belhaj_avatar-96x96.jpg","url":"https:\/\/www.webdo.tn\/fr\/wp-content\/uploads\/2026\/04\/wided-belhaj_avatar-96x96.jpg","contentUrl":"https:\/\/www.webdo.tn\/fr\/wp-content\/uploads\/2026\/04\/wided-belhaj_avatar-96x96.jpg","caption":"Wided Belhaj"},"description":"Wided Belhaj est le pseudonyme \u00e9ditorial utilis\u00e9 par Khalil Jelassi, journaliste, ma\u00eetre-assistant \u00e0 l\u2019Institut de presse et des sciences de l\u2019information (IPSI) et chercheur en sciences de l\u2019information et de la communication. Cette signature est d\u00e9di\u00e9e \u00e0 l\u2019analyse des m\u00e9dias, des pratiques journalistiques et des mutations de l\u2019information \u00e0 l\u2019\u00e8re digitale. \u00c0 travers ses contributions, Wided Belhaj propose une lecture analytique de l\u2019actualit\u00e9, en croisant regard critique et expertise acad\u00e9mique.","knowsAbout":["m\u00e9dias","journalisme","communication","information","transformation num\u00e9rique","analyse des m\u00e9dias"],"knowsLanguage":["Fran\u00e7ais","Arabe"],"jobTitle":"Webdo.tn","worksFor":"Journaliste \u2013 Analyse des m\u00e9dias","url":"https:\/\/www.webdo.tn\/fr\/actualite\/author\/wided-belhaj\/"}]}},"_links":{"self":[{"href":"https:\/\/www.webdo.tn\/fr\/wp-json\/wp\/v2\/posts\/394361","targetHints":{"allow":["GET"]}}],"collection":[{"href":"https:\/\/www.webdo.tn\/fr\/wp-json\/wp\/v2\/posts"}],"about":[{"href":"https:\/\/www.webdo.tn\/fr\/wp-json\/wp\/v2\/types\/post"}],"author":[{"embeddable":true,"href":"https:\/\/www.webdo.tn\/fr\/wp-json\/wp\/v2\/users\/3184"}],"replies":[{"embeddable":true,"href":"https:\/\/www.webdo.tn\/fr\/wp-json\/wp\/v2\/comments?post=394361"}],"version-history":[{"count":0,"href":"https:\/\/www.webdo.tn\/fr\/wp-json\/wp\/v2\/posts\/394361\/revisions"}],"wp:featuredmedia":[{"embeddable":true,"href":"https:\/\/www.webdo.tn\/fr\/wp-json\/wp\/v2\/media\/394365"}],"wp:attachment":[{"href":"https:\/\/www.webdo.tn\/fr\/wp-json\/wp\/v2\/media?parent=394361"}],"wp:term":[{"taxonomy":"category","embeddable":true,"href":"https:\/\/www.webdo.tn\/fr\/wp-json\/wp\/v2\/categories?post=394361"},{"taxonomy":"post_tag","embeddable":true,"href":"https:\/\/www.webdo.tn\/fr\/wp-json\/wp\/v2\/tags?post=394361"}],"curies":[{"name":"wp","href":"https:\/\/api.w.org\/{rel}","templated":true}]}}