{"id":394359,"date":"2026-03-10T10:47:34","date_gmt":"2026-03-10T09:47:34","guid":{"rendered":"https:\/\/www.webdo.tn\/fr\/?p=394359"},"modified":"2026-03-12T09:47:41","modified_gmt":"2026-03-12T08:47:41","slug":"tunisiens-aux-emirats-une-procedure-speciale-pour-faciliter-leur-retour-via-larabie-saoudite","status":"publish","type":"post","link":"https:\/\/www.webdo.tn\/fr\/actualite\/national\/tunisiens-aux-emirats-une-procedure-speciale-pour-faciliter-leur-retour-via-larabie-saoudite\/394359\/","title":{"rendered":"Tunisiens aux \u00c9mirats : Une proc\u00e9dure sp\u00e9ciale pour faciliter leur retour via l\u2019Arabie saoudite"},"content":{"rendered":"\n<p><strong>Mise \u00e0 jour &#8211; 12 mars 2026: Une cellule de crise pour suivre les Tunisiens dans la r\u00e9gion<\/strong><\/p>\n\n\n\n<p>Cette proc\u00e9dure s\u2019inscrit dans un dispositif plus large mis en place par les autorit\u00e9s tunisiennes pour suivre la situation de leurs ressortissants dans plusieurs pays du Moyen-Orient, dans le contexte des tensions r\u00e9gionales.<\/p>\n\n\n\n<p>Intervenant devant la Commission des relations ext\u00e9rieures de l\u2019Assembl\u00e9e des repr\u00e9sentants du peuple, le ministre des Affaires \u00e9trang\u00e8res Mohamed Ali Nafti a indiqu\u00e9 que le minist\u00e8re a activ\u00e9 une cellule de crise fonctionnant 24 heures sur 24 afin de coordonner les actions avec les missions diplomatiques tunisiennes dans la r\u00e9gion.<\/p>\n\n\n\n<p>Selon lui, les autorit\u00e9s suivent la situation \u00ab au cas par cas \u00bb en coordination avec les ambassades et consulats, tout en assurant que les ressortissants tunisiens concern\u00e9s se trouvent pour l\u2019instant en bonne sant\u00e9, m\u00eame si la situation r\u00e9gionale demeure fragile et susceptible d\u2019\u00e9voluer rapidement.<\/p>\n\n\n\n<p>Dans ce cadre, plusieurs sc\u00e9narios d\u2019assistance et de retour restent \u00e0 l\u2019\u00e9tude pour les Tunisiens pr\u00e9sents dans les pays du Golfe, selon l\u2019\u00e9volution de la crise.<\/p>\n\n\n\n<p><strong>Lire aussi:<\/strong><\/p>\n\n\n\n<p><a href=\"https:\/\/www.webdo.tn\/fr\/actualite\/national\/crise-au-moyen-orient-comment-tunis-gere-la-situation-de-ses-ressortissants-dans-la-region\/394471\/\">Crise au Moyen-Orient : Comment Tunis g\u00e8re la situation de ses ressortissants dans la r\u00e9gion<br><\/a><\/p>\n\n\n\n<p><strong>L\u2019ambassade de Tunisie \u00e0 Abou Dhabi a annonc\u00e9 l\u2019instauration d\u2019un dispositif exceptionnel visant \u00e0 faciliter le retour en Tunisie des ressortissants tunisiens actuellement pr\u00e9sents dans l\u2019\u00e9mirat d\u2019Abou Dhabi ainsi que dans les zones relevant de sa circonscription consulaire, notamment Al A\u00efn et Al Dhafra.<\/strong><\/p>\n\n\n\n<p>Dans un communiqu\u00e9 publi\u00e9 le 10 mars 2026, la repr\u00e9sentation diplomatique indique que cette mesure concerne les Tunisiens entr\u00e9s aux \u00c9mirats arabes unis avec des visas touristiques ou dans le cadre de visites familiales et qui souhaitent regagner la Tunisie en empruntant des vols au d\u00e9part de l\u2019Arabie saoudite.<\/p>\n\n\n\n<h2 class=\"wp-block-heading\" id=\"h-une-demande-a-adresser-par-courrier-electronique\">Une demande \u00e0 adresser par courrier \u00e9lectronique<\/h2>\n\n\n\n<p>Les personnes concern\u00e9es doivent adresser leur demande directement \u00e0 l\u2019ambassade par e-mail, en joignant plusieurs documents justificatifs.<\/p>\n\n\n\n<p>Parmi les pi\u00e8ces demand\u00e9es figurent une copie du passeport, une copie du visa d\u2019entr\u00e9e aux \u00c9mirats arabes unis ainsi qu\u2019un document attestant du lieu de r\u00e9sidence actuel. Pour les d\u00e9tenteurs d\u2019un visa touristique ou de visite familiale, il peut s\u2019agir par exemple d\u2019un contrat de location ou d\u2019un justificatif d\u2019h\u00e9bergement.<\/p>\n\n\n\n<p>Les int\u00e9ress\u00e9s sont \u00e9galement invit\u00e9s \u00e0 transmettre, dans la mesure du possible, une copie de leur r\u00e9servation de billet d\u2019avion ou les informations relatives \u00e0 leur itin\u00e9raire de voyage, ainsi qu\u2019un num\u00e9ro de t\u00e9l\u00e9phone ou un contact WhatsApp permettant de les joindre.<\/p>\n\n\n\n<p>Les demandes doivent \u00eatre envoy\u00e9es \u00e0 l\u2019adresse suivante : <strong><a>at.abou@diplomatie.gov.tn<\/a><\/strong>.<\/p>\n\n\n\n<h2 class=\"wp-block-heading\" id=\"h-des-visas-de-transit-exceptionnels-envisages\">Des visas de transit exceptionnels envisag\u00e9s<\/h2>\n\n\n\n<p>Selon l\u2019ambassade, les dossiers re\u00e7us seront transmis aux autorit\u00e9s saoudiennes comp\u00e9tentes, en coordination avec l\u2019ambassade de Tunisie \u00e0 Riyad.<\/p>\n\n\n\n<p>Cette coordination vise \u00e0 permettre aux ressortissants tunisiens concern\u00e9s d\u2019obtenir des visas de transit exceptionnels afin de franchir par voie terrestre la fronti\u00e8re entre les \u00c9mirats arabes unis et l\u2019Arabie saoudite, avant de poursuivre leur voyage vers la Tunisie par avion.<\/p>\n\n\n\n<p>Cette proc\u00e9dure s\u2019inscrit dans un contexte r\u00e9gional tendu. La veille, les autorit\u00e9s tunisiennes avaient indiqu\u00e9 travailler sur plusieurs sc\u00e9narios d\u2019\u00e9vacuation pour leurs ressortissants dans certains pays du Golfe, en fonction de l\u2019\u00e9volution de la situation au Moyen-Orient.<\/p>\n\n\n\n<blockquote class=\"wp-block-quote is-layout-flow wp-block-quote-is-layout-flow\">\n<blockquote class=\"wp-block-quote is-layout-flow wp-block-quote-is-layout-flow\">\n<p><strong>Lire aussi:<\/strong><\/p>\n\n\n\n<ul class=\"wp-block-list\">\n<li class=\"has-medium-font-size\"><a href=\"https:\/\/www.webdo.tn\/fr\/actualite\/national\/crise-au-moyen-orient-tunis-prepare-des-scenarios-devacuation-pour-ses-ressortissants\/394316\/\">Crise au Moyen-Orient : Tunis pr\u00e9pare des sc\u00e9narios d\u2019\u00e9vacuation pour ses ressortissants<\/a><\/li>\n<\/ul>\n<\/blockquote>\n<\/blockquote>\n\n\n\n<p><\/p>\n","protected":false},"excerpt":{"rendered":"<p>Mise \u00e0 jour &#8211; 12 mars 2026: Une cellule de crise pour suivre les Tunisiens dans la r\u00e9gion Cette proc\u00e9dure s\u2019inscrit dans un dispositif plus large mis en place par les autorit\u00e9s tunisiennes pour suivre la situation de leurs ressortissants dans plusieurs pays du Moyen-Orient, dans le contexte des tensions r\u00e9gionales. Intervenant devant la Commission [&hellip;]<\/p>\n","protected":false},"author":3203,"featured_media":394362,"comment_status":"closed","ping_status":"closed","sticky":false,"template":"","format":"standard","meta":{"footnotes":""},"categories":[44],"tags":[3002,3346,4210],"class_list":["post-394359","post","type-post","status-publish","format-standard","has-post-thumbnail","hentry","category-national","tag-arabie-saoudite","tag-emirats","tag-tunisiens-a-letranger"],"yoast_head":"<!-- This site is optimized with the Yoast SEO Premium plugin v27.5 (Yoast SEO v27.5) - https:\/\/yoast.com\/product\/yoast-seo-premium-wordpress\/ -->\n<title>Tunisiens aux \u00c9mirats : Une proc\u00e9dure sp\u00e9ciale pour faciliter leur retour via l\u2019Arabie saoudite - webdo<\/title>\n<meta name=\"description\" content=\"L&#039;ambassade de Tunisie facilite le retour des ressortissants tunisiens aux \u00c9mirats gr\u00e2ce \u00e0 une nouvelle proc\u00e9dure sp\u00e9ciale.\" \/>\n<link rel=\"canonical\" href=\"https:\/\/www.webdo.tn\/fr\/actualite\/national\/tunisiens-aux-emirats-une-procedure-speciale-pour-faciliter-leur-retour-via-larabie-saoudite\/394359\/\" \/>\n<meta property=\"og:locale\" content=\"fr_FR\" \/>\n<meta property=\"og:type\" content=\"article\" \/>\n<meta property=\"og:title\" content=\"Tunisiens aux \u00c9mirats : Une proc\u00e9dure sp\u00e9ciale pour faciliter leur retour via l\u2019Arabie saoudite\" \/>\n<meta property=\"og:description\" content=\"L&#039;ambassade de Tunisie facilite le retour des ressortissants tunisiens aux \u00c9mirats gr\u00e2ce \u00e0 une nouvelle proc\u00e9dure sp\u00e9ciale.\" \/>\n<meta property=\"og:url\" content=\"https:\/\/www.webdo.tn\/fr\/actualite\/national\/tunisiens-aux-emirats-une-procedure-speciale-pour-faciliter-leur-retour-via-larabie-saoudite\/394359\/\" \/>\n<meta property=\"og:site_name\" content=\"webdo\" \/>\n<meta property=\"article:publisher\" content=\"https:\/\/www.facebook.com\/webdotn\" \/>\n<meta property=\"article:published_time\" content=\"2026-03-10T09:47:34+00:00\" \/>\n<meta property=\"article:modified_time\" content=\"2026-03-12T08:47:41+00:00\" \/>\n<meta property=\"og:image\" content=\"https:\/\/www.webdo.tn\/fr\/wp-content\/uploads\/2026\/03\/LAmbassade-de-Tunisie-a-Abou-Dhabi.jpg\" \/>\n\t<meta property=\"og:image:width\" content=\"1200\" \/>\n\t<meta property=\"og:image:height\" content=\"600\" \/>\n\t<meta property=\"og:image:type\" content=\"image\/jpeg\" \/>\n<meta name=\"author\" content=\"Ramzi Haddad\" \/>\n<meta name=\"twitter:card\" content=\"summary_large_image\" \/>\n<meta name=\"twitter:creator\" content=\"@webdo_tn\" \/>\n<meta name=\"twitter:site\" content=\"@webdo_tn\" \/>\n<meta name=\"twitter:label1\" content=\"\u00c9crit par\" \/>\n\t<meta name=\"twitter:data1\" content=\"Ramzi Haddad\" \/>\n\t<meta name=\"twitter:label2\" content=\"Dur\u00e9e de lecture estim\u00e9e\" \/>\n\t<meta name=\"twitter:data2\" content=\"3 minutes\" \/>\n<script type=\"application\/ld+json\" class=\"yoast-schema-graph\">{\"@context\":\"https:\\\/\\\/schema.org\",\"@graph\":[{\"@type\":\"NewsArticle\",\"@id\":\"https:\\\/\\\/www.webdo.tn\\\/fr\\\/actualite\\\/national\\\/tunisiens-aux-emirats-une-procedure-speciale-pour-faciliter-leur-retour-via-larabie-saoudite\\\/394359\\\/#article\",\"isPartOf\":{\"@id\":\"https:\\\/\\\/www.webdo.tn\\\/fr\\\/actualite\\\/national\\\/tunisiens-aux-emirats-une-procedure-speciale-pour-faciliter-leur-retour-via-larabie-saoudite\\\/394359\\\/\"},\"author\":{\"name\":\"Ramzi Haddad\",\"@id\":\"https:\\\/\\\/www.webdo.tn\\\/fr\\\/#\\\/schema\\\/person\\\/5663044c25eb36d8f88ba5b653f12f8c\"},\"headline\":\"Tunisiens aux \u00c9mirats : Une proc\u00e9dure sp\u00e9ciale pour faciliter leur retour via l\u2019Arabie saoudite\",\"datePublished\":\"2026-03-10T09:47:34+00:00\",\"dateModified\":\"2026-03-12T08:47:41+00:00\",\"mainEntityOfPage\":{\"@id\":\"https:\\\/\\\/www.webdo.tn\\\/fr\\\/actualite\\\/national\\\/tunisiens-aux-emirats-une-procedure-speciale-pour-faciliter-leur-retour-via-larabie-saoudite\\\/394359\\\/\"},\"wordCount\":607,\"publisher\":{\"@id\":\"https:\\\/\\\/www.webdo.tn\\\/fr\\\/#organization\"},\"image\":{\"@id\":\"https:\\\/\\\/www.webdo.tn\\\/fr\\\/actualite\\\/national\\\/tunisiens-aux-emirats-une-procedure-speciale-pour-faciliter-leur-retour-via-larabie-saoudite\\\/394359\\\/#primaryimage\"},\"thumbnailUrl\":\"https:\\\/\\\/www.webdo.tn\\\/fr\\\/wp-content\\\/uploads\\\/2026\\\/03\\\/LAmbassade-de-Tunisie-a-Abou-Dhabi.jpg\",\"keywords\":[\"Arabie Saoudite\",\"Emirats\",\"tunisiens \u00e0 l'\u00e9tranger\"],\"articleSection\":[\"National\"],\"inLanguage\":\"fr-FR\"},{\"@type\":\"WebPage\",\"@id\":\"https:\\\/\\\/www.webdo.tn\\\/fr\\\/actualite\\\/national\\\/tunisiens-aux-emirats-une-procedure-speciale-pour-faciliter-leur-retour-via-larabie-saoudite\\\/394359\\\/\",\"url\":\"https:\\\/\\\/www.webdo.tn\\\/fr\\\/actualite\\\/national\\\/tunisiens-aux-emirats-une-procedure-speciale-pour-faciliter-leur-retour-via-larabie-saoudite\\\/394359\\\/\",\"name\":\"Tunisiens aux \u00c9mirats : Une proc\u00e9dure sp\u00e9ciale pour faciliter leur retour via l\u2019Arabie saoudite - webdo\",\"isPartOf\":{\"@id\":\"https:\\\/\\\/www.webdo.tn\\\/fr\\\/#website\"},\"primaryImageOfPage\":{\"@id\":\"https:\\\/\\\/www.webdo.tn\\\/fr\\\/actualite\\\/national\\\/tunisiens-aux-emirats-une-procedure-speciale-pour-faciliter-leur-retour-via-larabie-saoudite\\\/394359\\\/#primaryimage\"},\"image\":{\"@id\":\"https:\\\/\\\/www.webdo.tn\\\/fr\\\/actualite\\\/national\\\/tunisiens-aux-emirats-une-procedure-speciale-pour-faciliter-leur-retour-via-larabie-saoudite\\\/394359\\\/#primaryimage\"},\"thumbnailUrl\":\"https:\\\/\\\/www.webdo.tn\\\/fr\\\/wp-content\\\/uploads\\\/2026\\\/03\\\/LAmbassade-de-Tunisie-a-Abou-Dhabi.jpg\",\"datePublished\":\"2026-03-10T09:47:34+00:00\",\"dateModified\":\"2026-03-12T08:47:41+00:00\",\"description\":\"L'ambassade de Tunisie facilite le retour des ressortissants tunisiens aux \u00c9mirats gr\u00e2ce \u00e0 une nouvelle proc\u00e9dure sp\u00e9ciale.\",\"breadcrumb\":{\"@id\":\"https:\\\/\\\/www.webdo.tn\\\/fr\\\/actualite\\\/national\\\/tunisiens-aux-emirats-une-procedure-speciale-pour-faciliter-leur-retour-via-larabie-saoudite\\\/394359\\\/#breadcrumb\"},\"inLanguage\":\"fr-FR\",\"potentialAction\":[{\"@type\":\"ReadAction\",\"target\":[\"https:\\\/\\\/www.webdo.tn\\\/fr\\\/actualite\\\/national\\\/tunisiens-aux-emirats-une-procedure-speciale-pour-faciliter-leur-retour-via-larabie-saoudite\\\/394359\\\/\"]}]},{\"@type\":\"ImageObject\",\"inLanguage\":\"fr-FR\",\"@id\":\"https:\\\/\\\/www.webdo.tn\\\/fr\\\/actualite\\\/national\\\/tunisiens-aux-emirats-une-procedure-speciale-pour-faciliter-leur-retour-via-larabie-saoudite\\\/394359\\\/#primaryimage\",\"url\":\"https:\\\/\\\/www.webdo.tn\\\/fr\\\/wp-content\\\/uploads\\\/2026\\\/03\\\/LAmbassade-de-Tunisie-a-Abou-Dhabi.jpg\",\"contentUrl\":\"https:\\\/\\\/www.webdo.tn\\\/fr\\\/wp-content\\\/uploads\\\/2026\\\/03\\\/LAmbassade-de-Tunisie-a-Abou-Dhabi.jpg\",\"width\":1200,\"height\":600,\"caption\":\"L'Ambassade de Tunisie \u00e0 Abou Dhabi\"},{\"@type\":\"BreadcrumbList\",\"@id\":\"https:\\\/\\\/www.webdo.tn\\\/fr\\\/actualite\\\/national\\\/tunisiens-aux-emirats-une-procedure-speciale-pour-faciliter-leur-retour-via-larabie-saoudite\\\/394359\\\/#breadcrumb\",\"itemListElement\":[{\"@type\":\"ListItem\",\"position\":1,\"name\":\"Accueil\",\"item\":\"https:\\\/\\\/www.webdo.tn\\\/fr\\\/\"},{\"@type\":\"ListItem\",\"position\":2,\"name\":\"Tunisiens aux \u00c9mirats : Une proc\u00e9dure sp\u00e9ciale pour faciliter leur retour via l\u2019Arabie saoudite\"}]},{\"@type\":\"WebSite\",\"@id\":\"https:\\\/\\\/www.webdo.tn\\\/fr\\\/#website\",\"url\":\"https:\\\/\\\/www.webdo.tn\\\/fr\\\/\",\"name\":\"webdo\",\"description\":\"Tunisie - News en Tunisie et \u00e0 l&#039;international sur Webdo.tn\",\"publisher\":{\"@id\":\"https:\\\/\\\/www.webdo.tn\\\/fr\\\/#organization\"},\"potentialAction\":[{\"@type\":\"SearchAction\",\"target\":{\"@type\":\"EntryPoint\",\"urlTemplate\":\"https:\\\/\\\/www.webdo.tn\\\/fr\\\/?s={search_term_string}\"},\"query-input\":{\"@type\":\"PropertyValueSpecification\",\"valueRequired\":true,\"valueName\":\"search_term_string\"}}],\"inLanguage\":\"fr-FR\"},{\"@type\":\"Organization\",\"@id\":\"https:\\\/\\\/www.webdo.tn\\\/fr\\\/#organization\",\"name\":\"Webdo\",\"alternateName\":\"Webdo.tn\",\"url\":\"https:\\\/\\\/www.webdo.tn\\\/fr\\\/\",\"logo\":{\"@type\":\"ImageObject\",\"inLanguage\":\"fr-FR\",\"@id\":\"https:\\\/\\\/www.webdo.tn\\\/fr\\\/#\\\/schema\\\/logo\\\/image\\\/\",\"url\":\"https:\\\/\\\/www.webdo.tn\\\/fr\\\/wp-content\\\/uploads\\\/2025\\\/06\\\/Webdo-Tunisie_168377.jpg\",\"contentUrl\":\"https:\\\/\\\/www.webdo.tn\\\/fr\\\/wp-content\\\/uploads\\\/2025\\\/06\\\/Webdo-Tunisie_168377.jpg\",\"width\":301,\"height\":301,\"caption\":\"Webdo\"},\"image\":{\"@id\":\"https:\\\/\\\/www.webdo.tn\\\/fr\\\/#\\\/schema\\\/logo\\\/image\\\/\"},\"sameAs\":[\"https:\\\/\\\/www.facebook.com\\\/webdotn\",\"https:\\\/\\\/x.com\\\/webdo_tn\"],\"description\":\"Webdo est un m\u00e9dia num\u00e9rique tunisien fond\u00e9 en 2010, sp\u00e9cialis\u00e9 dans l\u2019actualit\u00e9 nationale et internationale, l\u2019\u00e9conomie, la soci\u00e9t\u00e9 et les analyses politiques. Le site s\u2019adresse \u00e0 un large public francophone et couvre l\u2019information tunisienne en temps r\u00e9el.\",\"email\":\"redac@webdo.tn\",\"legalName\":\"YNJ SARL\",\"foundingDate\":\"2010-09-06\",\"numberOfEmployees\":{\"@type\":\"QuantitativeValue\",\"minValue\":\"11\",\"maxValue\":\"50\"}},{\"@type\":\"Person\",\"@id\":\"https:\\\/\\\/www.webdo.tn\\\/fr\\\/#\\\/schema\\\/person\\\/5663044c25eb36d8f88ba5b653f12f8c\",\"name\":\"Ramzi Haddad\",\"image\":{\"@type\":\"ImageObject\",\"inLanguage\":\"fr-FR\",\"@id\":\"https:\\\/\\\/www.webdo.tn\\\/fr\\\/wp-content\\\/uploads\\\/2026\\\/04\\\/ramzi-haddad_avatar-96x96.jpg\",\"url\":\"https:\\\/\\\/www.webdo.tn\\\/fr\\\/wp-content\\\/uploads\\\/2026\\\/04\\\/ramzi-haddad_avatar-96x96.jpg\",\"contentUrl\":\"https:\\\/\\\/www.webdo.tn\\\/fr\\\/wp-content\\\/uploads\\\/2026\\\/04\\\/ramzi-haddad_avatar-96x96.jpg\",\"caption\":\"Ramzi Haddad\"},\"description\":\"Signature \u00e9ditoriale de Walid Ben Youssef Ramzi Haddad est le pseudonyme \u00e9ditorial de Walid Ben Youssef, fondateur et g\u00e9rant de Webdo.tn. Cette signature est d\u00e9di\u00e9e \u00e0 la couverture de l'actualit\u00e9 nationale et internationale, ainsi qu'aux analyses des dynamiques num\u00e9riques. Ce profil b\u00e9n\u00e9ficie de l'expertise de Walid Ben Youssef, pionnier du web en Tunisie depuis 2000 et dipl\u00f4m\u00e9 en Math\u00e9matiques pures de l'Universit\u00e9 d'Oregon. \u00c0 travers cette signature, la r\u00e9daction de Webdo garantit une information structur\u00e9e et v\u00e9rifi\u00e9e, fid\u00e8le aux standards journalistiques du m\u00e9dia.\",\"url\":\"https:\\\/\\\/www.webdo.tn\\\/fr\\\/actualite\\\/author\\\/ramzi-haddad\\\/\"}]}<\/script>\n<!-- \/ Yoast SEO Premium plugin. -->","yoast_head_json":{"title":"Tunisiens aux \u00c9mirats : Une proc\u00e9dure sp\u00e9ciale pour faciliter leur retour via l\u2019Arabie saoudite - webdo","description":"L'ambassade de Tunisie facilite le retour des ressortissants tunisiens aux \u00c9mirats gr\u00e2ce \u00e0 une nouvelle proc\u00e9dure sp\u00e9ciale.","canonical":"https:\/\/www.webdo.tn\/fr\/actualite\/national\/tunisiens-aux-emirats-une-procedure-speciale-pour-faciliter-leur-retour-via-larabie-saoudite\/394359\/","og_locale":"fr_FR","og_type":"article","og_title":"Tunisiens aux \u00c9mirats : Une proc\u00e9dure sp\u00e9ciale pour faciliter leur retour via l\u2019Arabie saoudite","og_description":"L'ambassade de Tunisie facilite le retour des ressortissants tunisiens aux \u00c9mirats gr\u00e2ce \u00e0 une nouvelle proc\u00e9dure sp\u00e9ciale.","og_url":"https:\/\/www.webdo.tn\/fr\/actualite\/national\/tunisiens-aux-emirats-une-procedure-speciale-pour-faciliter-leur-retour-via-larabie-saoudite\/394359\/","og_site_name":"webdo","article_publisher":"https:\/\/www.facebook.com\/webdotn","article_published_time":"2026-03-10T09:47:34+00:00","article_modified_time":"2026-03-12T08:47:41+00:00","og_image":[{"width":1200,"height":600,"url":"https:\/\/www.webdo.tn\/fr\/wp-content\/uploads\/2026\/03\/LAmbassade-de-Tunisie-a-Abou-Dhabi.jpg","type":"image\/jpeg"}],"author":"Ramzi Haddad","twitter_card":"summary_large_image","twitter_creator":"@webdo_tn","twitter_site":"@webdo_tn","twitter_misc":{"\u00c9crit par":"Ramzi Haddad","Dur\u00e9e de lecture estim\u00e9e":"3 minutes"},"schema":{"@context":"https:\/\/schema.org","@graph":[{"@type":"NewsArticle","@id":"https:\/\/www.webdo.tn\/fr\/actualite\/national\/tunisiens-aux-emirats-une-procedure-speciale-pour-faciliter-leur-retour-via-larabie-saoudite\/394359\/#article","isPartOf":{"@id":"https:\/\/www.webdo.tn\/fr\/actualite\/national\/tunisiens-aux-emirats-une-procedure-speciale-pour-faciliter-leur-retour-via-larabie-saoudite\/394359\/"},"author":{"name":"Ramzi Haddad","@id":"https:\/\/www.webdo.tn\/fr\/#\/schema\/person\/5663044c25eb36d8f88ba5b653f12f8c"},"headline":"Tunisiens aux \u00c9mirats : Une proc\u00e9dure sp\u00e9ciale pour faciliter leur retour via l\u2019Arabie saoudite","datePublished":"2026-03-10T09:47:34+00:00","dateModified":"2026-03-12T08:47:41+00:00","mainEntityOfPage":{"@id":"https:\/\/www.webdo.tn\/fr\/actualite\/national\/tunisiens-aux-emirats-une-procedure-speciale-pour-faciliter-leur-retour-via-larabie-saoudite\/394359\/"},"wordCount":607,"publisher":{"@id":"https:\/\/www.webdo.tn\/fr\/#organization"},"image":{"@id":"https:\/\/www.webdo.tn\/fr\/actualite\/national\/tunisiens-aux-emirats-une-procedure-speciale-pour-faciliter-leur-retour-via-larabie-saoudite\/394359\/#primaryimage"},"thumbnailUrl":"https:\/\/www.webdo.tn\/fr\/wp-content\/uploads\/2026\/03\/LAmbassade-de-Tunisie-a-Abou-Dhabi.jpg","keywords":["Arabie Saoudite","Emirats","tunisiens \u00e0 l'\u00e9tranger"],"articleSection":["National"],"inLanguage":"fr-FR"},{"@type":"WebPage","@id":"https:\/\/www.webdo.tn\/fr\/actualite\/national\/tunisiens-aux-emirats-une-procedure-speciale-pour-faciliter-leur-retour-via-larabie-saoudite\/394359\/","url":"https:\/\/www.webdo.tn\/fr\/actualite\/national\/tunisiens-aux-emirats-une-procedure-speciale-pour-faciliter-leur-retour-via-larabie-saoudite\/394359\/","name":"Tunisiens aux \u00c9mirats : Une proc\u00e9dure sp\u00e9ciale pour faciliter leur retour via l\u2019Arabie saoudite - webdo","isPartOf":{"@id":"https:\/\/www.webdo.tn\/fr\/#website"},"primaryImageOfPage":{"@id":"https:\/\/www.webdo.tn\/fr\/actualite\/national\/tunisiens-aux-emirats-une-procedure-speciale-pour-faciliter-leur-retour-via-larabie-saoudite\/394359\/#primaryimage"},"image":{"@id":"https:\/\/www.webdo.tn\/fr\/actualite\/national\/tunisiens-aux-emirats-une-procedure-speciale-pour-faciliter-leur-retour-via-larabie-saoudite\/394359\/#primaryimage"},"thumbnailUrl":"https:\/\/www.webdo.tn\/fr\/wp-content\/uploads\/2026\/03\/LAmbassade-de-Tunisie-a-Abou-Dhabi.jpg","datePublished":"2026-03-10T09:47:34+00:00","dateModified":"2026-03-12T08:47:41+00:00","description":"L'ambassade de Tunisie facilite le retour des ressortissants tunisiens aux \u00c9mirats gr\u00e2ce \u00e0 une nouvelle proc\u00e9dure sp\u00e9ciale.","breadcrumb":{"@id":"https:\/\/www.webdo.tn\/fr\/actualite\/national\/tunisiens-aux-emirats-une-procedure-speciale-pour-faciliter-leur-retour-via-larabie-saoudite\/394359\/#breadcrumb"},"inLanguage":"fr-FR","potentialAction":[{"@type":"ReadAction","target":["https:\/\/www.webdo.tn\/fr\/actualite\/national\/tunisiens-aux-emirats-une-procedure-speciale-pour-faciliter-leur-retour-via-larabie-saoudite\/394359\/"]}]},{"@type":"ImageObject","inLanguage":"fr-FR","@id":"https:\/\/www.webdo.tn\/fr\/actualite\/national\/tunisiens-aux-emirats-une-procedure-speciale-pour-faciliter-leur-retour-via-larabie-saoudite\/394359\/#primaryimage","url":"https:\/\/www.webdo.tn\/fr\/wp-content\/uploads\/2026\/03\/LAmbassade-de-Tunisie-a-Abou-Dhabi.jpg","contentUrl":"https:\/\/www.webdo.tn\/fr\/wp-content\/uploads\/2026\/03\/LAmbassade-de-Tunisie-a-Abou-Dhabi.jpg","width":1200,"height":600,"caption":"L'Ambassade de Tunisie \u00e0 Abou Dhabi"},{"@type":"BreadcrumbList","@id":"https:\/\/www.webdo.tn\/fr\/actualite\/national\/tunisiens-aux-emirats-une-procedure-speciale-pour-faciliter-leur-retour-via-larabie-saoudite\/394359\/#breadcrumb","itemListElement":[{"@type":"ListItem","position":1,"name":"Accueil","item":"https:\/\/www.webdo.tn\/fr\/"},{"@type":"ListItem","position":2,"name":"Tunisiens aux \u00c9mirats : Une proc\u00e9dure sp\u00e9ciale pour faciliter leur retour via l\u2019Arabie saoudite"}]},{"@type":"WebSite","@id":"https:\/\/www.webdo.tn\/fr\/#website","url":"https:\/\/www.webdo.tn\/fr\/","name":"webdo","description":"Tunisie - News en Tunisie et \u00e0 l&#039;international sur Webdo.tn","publisher":{"@id":"https:\/\/www.webdo.tn\/fr\/#organization"},"potentialAction":[{"@type":"SearchAction","target":{"@type":"EntryPoint","urlTemplate":"https:\/\/www.webdo.tn\/fr\/?s={search_term_string}"},"query-input":{"@type":"PropertyValueSpecification","valueRequired":true,"valueName":"search_term_string"}}],"inLanguage":"fr-FR"},{"@type":"Organization","@id":"https:\/\/www.webdo.tn\/fr\/#organization","name":"Webdo","alternateName":"Webdo.tn","url":"https:\/\/www.webdo.tn\/fr\/","logo":{"@type":"ImageObject","inLanguage":"fr-FR","@id":"https:\/\/www.webdo.tn\/fr\/#\/schema\/logo\/image\/","url":"https:\/\/www.webdo.tn\/fr\/wp-content\/uploads\/2025\/06\/Webdo-Tunisie_168377.jpg","contentUrl":"https:\/\/www.webdo.tn\/fr\/wp-content\/uploads\/2025\/06\/Webdo-Tunisie_168377.jpg","width":301,"height":301,"caption":"Webdo"},"image":{"@id":"https:\/\/www.webdo.tn\/fr\/#\/schema\/logo\/image\/"},"sameAs":["https:\/\/www.facebook.com\/webdotn","https:\/\/x.com\/webdo_tn"],"description":"Webdo est un m\u00e9dia num\u00e9rique tunisien fond\u00e9 en 2010, sp\u00e9cialis\u00e9 dans l\u2019actualit\u00e9 nationale et internationale, l\u2019\u00e9conomie, la soci\u00e9t\u00e9 et les analyses politiques. Le site s\u2019adresse \u00e0 un large public francophone et couvre l\u2019information tunisienne en temps r\u00e9el.","email":"redac@webdo.tn","legalName":"YNJ SARL","foundingDate":"2010-09-06","numberOfEmployees":{"@type":"QuantitativeValue","minValue":"11","maxValue":"50"}},{"@type":"Person","@id":"https:\/\/www.webdo.tn\/fr\/#\/schema\/person\/5663044c25eb36d8f88ba5b653f12f8c","name":"Ramzi Haddad","image":{"@type":"ImageObject","inLanguage":"fr-FR","@id":"https:\/\/www.webdo.tn\/fr\/wp-content\/uploads\/2026\/04\/ramzi-haddad_avatar-96x96.jpg","url":"https:\/\/www.webdo.tn\/fr\/wp-content\/uploads\/2026\/04\/ramzi-haddad_avatar-96x96.jpg","contentUrl":"https:\/\/www.webdo.tn\/fr\/wp-content\/uploads\/2026\/04\/ramzi-haddad_avatar-96x96.jpg","caption":"Ramzi Haddad"},"description":"Signature \u00e9ditoriale de Walid Ben Youssef Ramzi Haddad est le pseudonyme \u00e9ditorial de Walid Ben Youssef, fondateur et g\u00e9rant de Webdo.tn. Cette signature est d\u00e9di\u00e9e \u00e0 la couverture de l'actualit\u00e9 nationale et internationale, ainsi qu'aux analyses des dynamiques num\u00e9riques. Ce profil b\u00e9n\u00e9ficie de l'expertise de Walid Ben Youssef, pionnier du web en Tunisie depuis 2000 et dipl\u00f4m\u00e9 en Math\u00e9matiques pures de l'Universit\u00e9 d'Oregon. \u00c0 travers cette signature, la r\u00e9daction de Webdo garantit une information structur\u00e9e et v\u00e9rifi\u00e9e, fid\u00e8le aux standards journalistiques du m\u00e9dia.","url":"https:\/\/www.webdo.tn\/fr\/actualite\/author\/ramzi-haddad\/"}]}},"_links":{"self":[{"href":"https:\/\/www.webdo.tn\/fr\/wp-json\/wp\/v2\/posts\/394359","targetHints":{"allow":["GET"]}}],"collection":[{"href":"https:\/\/www.webdo.tn\/fr\/wp-json\/wp\/v2\/posts"}],"about":[{"href":"https:\/\/www.webdo.tn\/fr\/wp-json\/wp\/v2\/types\/post"}],"author":[{"embeddable":true,"href":"https:\/\/www.webdo.tn\/fr\/wp-json\/wp\/v2\/users\/3203"}],"replies":[{"embeddable":true,"href":"https:\/\/www.webdo.tn\/fr\/wp-json\/wp\/v2\/comments?post=394359"}],"version-history":[{"count":0,"href":"https:\/\/www.webdo.tn\/fr\/wp-json\/wp\/v2\/posts\/394359\/revisions"}],"wp:featuredmedia":[{"embeddable":true,"href":"https:\/\/www.webdo.tn\/fr\/wp-json\/wp\/v2\/media\/394362"}],"wp:attachment":[{"href":"https:\/\/www.webdo.tn\/fr\/wp-json\/wp\/v2\/media?parent=394359"}],"wp:term":[{"taxonomy":"category","embeddable":true,"href":"https:\/\/www.webdo.tn\/fr\/wp-json\/wp\/v2\/categories?post=394359"},{"taxonomy":"post_tag","embeddable":true,"href":"https:\/\/www.webdo.tn\/fr\/wp-json\/wp\/v2\/tags?post=394359"}],"curies":[{"name":"wp","href":"https:\/\/api.w.org\/{rel}","templated":true}]}}