{"id":394352,"date":"2026-03-10T10:25:23","date_gmt":"2026-03-10T09:25:23","guid":{"rendered":"https:\/\/www.webdo.tn\/fr\/?p=394352"},"modified":"2026-03-10T10:26:01","modified_gmt":"2026-03-10T09:26:01","slug":"trump-menace-de-frapper-liran-20-fois-plus-fort","status":"publish","type":"post","link":"https:\/\/www.webdo.tn\/fr\/actualite\/international\/trump-menace-de-frapper-liran-20-fois-plus-fort\/394352\/","title":{"rendered":"Trump menace de frapper l\u2019Iran \u00ab 20 fois plus fort \u00bb"},"content":{"rendered":"\n<p><strong>La guerre au Moyen-Orient continue de s\u2019intensifier alors que les bombardements se multiplient en Iran et que les tensions s\u2019\u00e9tendent \u00e0 l\u2019ensemble de la r\u00e9gion du Golfe. Dans la nuit de lundi \u00e0 mardi, la capitale iranienne a subi de nouvelles frappes tandis que T\u00e9h\u00e9ran poursuivait ses attaques de repr\u00e9sailles contre Isra\u00ebl et des installations li\u00e9es aux \u00c9tats-Unis.<\/strong><\/p>\n\n\n\n<p>Cette nouvelle phase du conflit intervient dans un contexte de forte inqui\u00e9tude internationale autour du d\u00e9troit d\u2019Ormuz, passage strat\u00e9gique par lequel transite une part importante du p\u00e9trole mondial.<\/p>\n\n\n\n<h2 class=\"wp-block-heading\" id=\"h-trump-brandit-la-menace-d-une-riposte-massive\">Trump brandit la menace d\u2019une riposte massive<\/h2>\n\n\n\n<p>Le pr\u00e9sident am\u00e9ricain Donald Trump a affirm\u00e9 que la guerre pourrait se terminer \u00ab tr\u00e8s bient\u00f4t \u00bb, tout en adressant un avertissement particuli\u00e8rement ferme \u00e0 T\u00e9h\u00e9ran.<\/p>\n\n\n\n<p>Il a menac\u00e9 l\u2019Iran d\u2019une riposte \u00ab vingt fois plus forte \u00bb si la R\u00e9publique islamique tentait de bloquer le trafic p\u00e9trolier dans le d\u00e9troit d\u2019Ormuz, une zone cl\u00e9 pour l\u2019approvisionnement \u00e9nerg\u00e9tique mondial.<\/p>\n\n\n\n<p>Cette d\u00e9claration intervient alors que les march\u00e9s p\u00e9troliers restent extr\u00eamement sensibles \u00e0 toute perturbation dans cette r\u00e9gion strat\u00e9gique.<\/p>\n\n\n\n<blockquote class=\"wp-block-quote is-layout-flow wp-block-quote-is-layout-flow\">\n<blockquote class=\"wp-block-quote is-layout-flow wp-block-quote-is-layout-flow\">\n<p><strong>Lire aussi:<\/strong><\/p>\n\n\n\n<ul class=\"wp-block-list\">\n<li class=\"has-medium-font-size\"><a href=\"https:\/\/www.webdo.tn\/fr\/actualite\/international\/guerre-contre-liran-succession-a-teheran-et-choc-petrolier-mondial\/394271\/\">Guerre contre l\u2019Iran : Succession \u00e0 T\u00e9h\u00e9ran et choc p\u00e9trolier mondial<\/a><\/li>\n<\/ul>\n<\/blockquote>\n<\/blockquote>\n\n\n\n<h2 class=\"wp-block-heading\" id=\"h-l-iran-poursuit-ses-frappes-de-represailles\">L\u2019Iran poursuit ses frappes de repr\u00e9sailles<\/h2>\n\n\n\n<p>Dans le m\u00eame temps, l\u2019Iran a poursuivi ses contre-attaques contre Isra\u00ebl et des cibles militaires associ\u00e9es aux \u00c9tats-Unis dans la r\u00e9gion.<\/p>\n\n\n\n<p>Des missiles ou drones iraniens ont \u00e9t\u00e9 signal\u00e9s dans plusieurs pays du Golfe, notamment \u00e0 Bahre\u00efn, au Kowe\u00eft et aux \u00c9mirats arabes unis. \u00c0 Manama, la capitale de Bahre\u00efn, une personne aurait \u00e9t\u00e9 tu\u00e9e apr\u00e8s l\u2019impact d\u2019un projectile.<\/p>\n\n\n\n<p>En Isra\u00ebl, des frappes iraniennes ont \u00e9galement vis\u00e9 le centre du pays, faisant plusieurs victimes selon les autorit\u00e9s locales.<\/p>\n\n\n\n<h2 class=\"wp-block-heading\" id=\"h-bombardements-intenses-sur-teheran\">Bombardements intenses sur T\u00e9h\u00e9ran<\/h2>\n\n\n\n<p>Parall\u00e8lement, Isra\u00ebl et les \u00c9tats-Unis ont intensifi\u00e9 leurs frappes contre des infrastructures militaires iraniennes.<\/p>\n\n\n\n<p>Des correspondants \u00e9voquent certaines des frappes les plus intenses depuis le d\u00e9but de la guerre dans plusieurs quartiers de T\u00e9h\u00e9ran, notamment autour de la place Risalat. Des sources locales font \u00e9tat de dizaines de morts, sans bilan officiel d\u00e9finitif pour l\u2019instant.<\/p>\n\n\n\n<h2 class=\"wp-block-heading\" id=\"h-le-liban-egalement-touche-par-l-escalade\">Le Liban \u00e9galement touch\u00e9 par l\u2019escalade<\/h2>\n\n\n\n<p>Au Liban, les \u00e9changes de tirs entre Isra\u00ebl et le Hezbollah se poursuivent.<\/p>\n\n\n\n<p>Selon les autorit\u00e9s libanaises, les frappes isra\u00e9liennes ont fait plus de 486 morts depuis le d\u00e9but de l\u2019escalade, tandis que des centaines de milliers de civils ont \u00e9t\u00e9 d\u00e9plac\u00e9s.<\/p>\n\n\n\n<p>L\u2019\u00e9volution du conflit d\u00e9pend d\u00e9sormais en grande partie de la situation dans le Golfe et du sort du d\u00e9troit d\u2019Ormuz, dont une \u00e9ventuelle fermeture pourrait provoquer une crise \u00e9nerg\u00e9tique mondiale.<\/p>\n\n\n\n<iframe width=\"560\" height=\"315\" src=\"https:\/\/www.youtube.com\/embed\/ZxMlrZbsKF4?si=KpsAd3KIHlXUpAtg\" title=\"YouTube video player\" frameborder=\"0\" allow=\"accelerometer; autoplay; clipboard-write; encrypted-media; gyroscope; picture-in-picture; web-share\" referrerpolicy=\"strict-origin-when-cross-origin\" allowfullscreen><\/iframe>\n\n\n\n<blockquote class=\"wp-block-quote is-layout-flow wp-block-quote-is-layout-flow\">\n<blockquote class=\"wp-block-quote is-layout-flow wp-block-quote-is-layout-flow\">\n<p><strong>Lire aussi:<\/strong><\/p>\n\n\n\n<ul class=\"wp-block-list\">\n<li class=\"has-medium-font-size\"><a href=\"https:\/\/www.webdo.tn\/fr\/actualite\/national\/tunisie-limpact-dun-baril-de-brent-a-150-dollars-se-rapproche-sinquiete-cet-expert\/394294\/\">Tunisie : L\u2019impact d\u2019un baril de Brent \u00e0 150 dollars se rapproche, s\u2019inqui\u00e8te cet expert<\/a><\/li>\n\n\n\n<li class=\"has-medium-font-size\"><a href=\"https:\/\/www.webdo.tn\/fr\/actualite\/international\/guerre-contre-liran-lalgerie-peut-elle-vraiment-profiter-de-la-crise-energetique\/394303\/\">Guerre contre l\u2019Iran : L\u2019Alg\u00e9rie peut-elle vraiment profiter de la crise \u00e9nerg\u00e9tique ?<\/a><\/li>\n<\/ul>\n<\/blockquote>\n<\/blockquote>\n","protected":false},"excerpt":{"rendered":"<p>La guerre au Moyen-Orient continue de s\u2019intensifier alors que les bombardements se multiplient en Iran et que les tensions s\u2019\u00e9tendent \u00e0 l\u2019ensemble de la r\u00e9gion du Golfe. Dans la nuit de lundi \u00e0 mardi, la capitale iranienne a subi de nouvelles frappes tandis que T\u00e9h\u00e9ran poursuivait ses attaques de repr\u00e9sailles contre Isra\u00ebl et des installations [&hellip;]<\/p>\n","protected":false},"author":4779,"featured_media":394355,"comment_status":"closed","ping_status":"closed","sticky":false,"template":"","format":"standard","meta":{"footnotes":""},"categories":[2598],"tags":[2912,3309],"class_list":["post-394352","post","type-post","status-publish","format-standard","has-post-thumbnail","hentry","category-international","tag-iran","tag-trump"],"yoast_head":"<!-- This site is optimized with the Yoast SEO Premium plugin v27.5 (Yoast SEO v27.5) - https:\/\/yoast.com\/product\/yoast-seo-premium-wordpress\/ -->\n<title>Trump menace de frapper l\u2019Iran \u00ab 20 fois plus fort \u00bb - webdo<\/title>\n<meta name=\"description\" content=\"Trump menace de frapper l\u2019Iran \u00ab 20 fois plus fort \u00bb alors que les tensions au Moyen-Orient s&#039;intensifient.\" \/>\n<link rel=\"canonical\" href=\"https:\/\/www.webdo.tn\/fr\/actualite\/international\/trump-menace-de-frapper-liran-20-fois-plus-fort\/394352\/\" \/>\n<meta property=\"og:locale\" content=\"fr_FR\" \/>\n<meta property=\"og:type\" content=\"article\" \/>\n<meta property=\"og:title\" content=\"Trump menace de frapper l\u2019Iran \u00ab 20 fois plus fort \u00bb\" \/>\n<meta property=\"og:description\" content=\"Trump menace de frapper l\u2019Iran \u00ab 20 fois plus fort \u00bb alors que les tensions au Moyen-Orient s&#039;intensifient.\" \/>\n<meta property=\"og:url\" content=\"https:\/\/www.webdo.tn\/fr\/actualite\/international\/trump-menace-de-frapper-liran-20-fois-plus-fort\/394352\/\" \/>\n<meta property=\"og:site_name\" content=\"webdo\" \/>\n<meta property=\"article:publisher\" content=\"https:\/\/www.facebook.com\/webdotn\" \/>\n<meta property=\"article:published_time\" content=\"2026-03-10T09:25:23+00:00\" \/>\n<meta property=\"article:modified_time\" content=\"2026-03-10T09:26:01+00:00\" \/>\n<meta property=\"og:image\" content=\"https:\/\/www.webdo.tn\/fr\/wp-content\/uploads\/2026\/03\/trump-iran-harder.jpg\" \/>\n\t<meta property=\"og:image:width\" content=\"1200\" \/>\n\t<meta property=\"og:image:height\" content=\"600\" \/>\n\t<meta property=\"og:image:type\" content=\"image\/jpeg\" \/>\n<meta name=\"author\" content=\"Firas Ben Abdeltif\" \/>\n<meta name=\"twitter:card\" content=\"summary_large_image\" \/>\n<meta name=\"twitter:creator\" content=\"@webdo_tn\" \/>\n<meta name=\"twitter:site\" content=\"@webdo_tn\" \/>\n<meta name=\"twitter:label1\" content=\"\u00c9crit par\" \/>\n\t<meta name=\"twitter:data1\" content=\"Firas Ben Abdeltif\" \/>\n\t<meta name=\"twitter:label2\" content=\"Dur\u00e9e de lecture estim\u00e9e\" \/>\n\t<meta name=\"twitter:data2\" content=\"3 minutes\" \/>\n<script type=\"application\/ld+json\" class=\"yoast-schema-graph\">{\"@context\":\"https:\\\/\\\/schema.org\",\"@graph\":[{\"@type\":\"NewsArticle\",\"@id\":\"https:\\\/\\\/www.webdo.tn\\\/fr\\\/actualite\\\/international\\\/trump-menace-de-frapper-liran-20-fois-plus-fort\\\/394352\\\/#article\",\"isPartOf\":{\"@id\":\"https:\\\/\\\/www.webdo.tn\\\/fr\\\/actualite\\\/international\\\/trump-menace-de-frapper-liran-20-fois-plus-fort\\\/394352\\\/\"},\"author\":{\"name\":\"Firas Ben Abdeltif\",\"@id\":\"https:\\\/\\\/www.webdo.tn\\\/fr\\\/#\\\/schema\\\/person\\\/19664196c9bfdcda126f3c27709f7d11\"},\"headline\":\"Trump menace de frapper l\u2019Iran \u00ab 20 fois plus fort \u00bb\",\"datePublished\":\"2026-03-10T09:25:23+00:00\",\"dateModified\":\"2026-03-10T09:26:01+00:00\",\"mainEntityOfPage\":{\"@id\":\"https:\\\/\\\/www.webdo.tn\\\/fr\\\/actualite\\\/international\\\/trump-menace-de-frapper-liran-20-fois-plus-fort\\\/394352\\\/\"},\"wordCount\":513,\"publisher\":{\"@id\":\"https:\\\/\\\/www.webdo.tn\\\/fr\\\/#organization\"},\"image\":{\"@id\":\"https:\\\/\\\/www.webdo.tn\\\/fr\\\/actualite\\\/international\\\/trump-menace-de-frapper-liran-20-fois-plus-fort\\\/394352\\\/#primaryimage\"},\"thumbnailUrl\":\"https:\\\/\\\/www.webdo.tn\\\/fr\\\/wp-content\\\/uploads\\\/2026\\\/03\\\/trump-iran-harder.jpg\",\"keywords\":[\"Iran\",\"trump\"],\"articleSection\":[\"International\"],\"inLanguage\":\"fr-FR\"},{\"@type\":\"WebPage\",\"@id\":\"https:\\\/\\\/www.webdo.tn\\\/fr\\\/actualite\\\/international\\\/trump-menace-de-frapper-liran-20-fois-plus-fort\\\/394352\\\/\",\"url\":\"https:\\\/\\\/www.webdo.tn\\\/fr\\\/actualite\\\/international\\\/trump-menace-de-frapper-liran-20-fois-plus-fort\\\/394352\\\/\",\"name\":\"Trump menace de frapper l\u2019Iran \u00ab 20 fois plus fort \u00bb - webdo\",\"isPartOf\":{\"@id\":\"https:\\\/\\\/www.webdo.tn\\\/fr\\\/#website\"},\"primaryImageOfPage\":{\"@id\":\"https:\\\/\\\/www.webdo.tn\\\/fr\\\/actualite\\\/international\\\/trump-menace-de-frapper-liran-20-fois-plus-fort\\\/394352\\\/#primaryimage\"},\"image\":{\"@id\":\"https:\\\/\\\/www.webdo.tn\\\/fr\\\/actualite\\\/international\\\/trump-menace-de-frapper-liran-20-fois-plus-fort\\\/394352\\\/#primaryimage\"},\"thumbnailUrl\":\"https:\\\/\\\/www.webdo.tn\\\/fr\\\/wp-content\\\/uploads\\\/2026\\\/03\\\/trump-iran-harder.jpg\",\"datePublished\":\"2026-03-10T09:25:23+00:00\",\"dateModified\":\"2026-03-10T09:26:01+00:00\",\"description\":\"Trump menace de frapper l\u2019Iran \u00ab 20 fois plus fort \u00bb alors que les tensions au Moyen-Orient s'intensifient.\",\"breadcrumb\":{\"@id\":\"https:\\\/\\\/www.webdo.tn\\\/fr\\\/actualite\\\/international\\\/trump-menace-de-frapper-liran-20-fois-plus-fort\\\/394352\\\/#breadcrumb\"},\"inLanguage\":\"fr-FR\",\"potentialAction\":[{\"@type\":\"ReadAction\",\"target\":[\"https:\\\/\\\/www.webdo.tn\\\/fr\\\/actualite\\\/international\\\/trump-menace-de-frapper-liran-20-fois-plus-fort\\\/394352\\\/\"]}]},{\"@type\":\"ImageObject\",\"inLanguage\":\"fr-FR\",\"@id\":\"https:\\\/\\\/www.webdo.tn\\\/fr\\\/actualite\\\/international\\\/trump-menace-de-frapper-liran-20-fois-plus-fort\\\/394352\\\/#primaryimage\",\"url\":\"https:\\\/\\\/www.webdo.tn\\\/fr\\\/wp-content\\\/uploads\\\/2026\\\/03\\\/trump-iran-harder.jpg\",\"contentUrl\":\"https:\\\/\\\/www.webdo.tn\\\/fr\\\/wp-content\\\/uploads\\\/2026\\\/03\\\/trump-iran-harder.jpg\",\"width\":1200,\"height\":600,\"caption\":\"Ormuz sous tension : Washington menace T\u00e9h\u00e9ran d\u2019une riposte massive\"},{\"@type\":\"BreadcrumbList\",\"@id\":\"https:\\\/\\\/www.webdo.tn\\\/fr\\\/actualite\\\/international\\\/trump-menace-de-frapper-liran-20-fois-plus-fort\\\/394352\\\/#breadcrumb\",\"itemListElement\":[{\"@type\":\"ListItem\",\"position\":1,\"name\":\"Accueil\",\"item\":\"https:\\\/\\\/www.webdo.tn\\\/fr\\\/\"},{\"@type\":\"ListItem\",\"position\":2,\"name\":\"Trump menace de frapper l\u2019Iran \u00ab 20 fois plus fort \u00bb\"}]},{\"@type\":\"WebSite\",\"@id\":\"https:\\\/\\\/www.webdo.tn\\\/fr\\\/#website\",\"url\":\"https:\\\/\\\/www.webdo.tn\\\/fr\\\/\",\"name\":\"webdo\",\"description\":\"Tunisie - News en Tunisie et \u00e0 l&#039;international sur Webdo.tn\",\"publisher\":{\"@id\":\"https:\\\/\\\/www.webdo.tn\\\/fr\\\/#organization\"},\"potentialAction\":[{\"@type\":\"SearchAction\",\"target\":{\"@type\":\"EntryPoint\",\"urlTemplate\":\"https:\\\/\\\/www.webdo.tn\\\/fr\\\/?s={search_term_string}\"},\"query-input\":{\"@type\":\"PropertyValueSpecification\",\"valueRequired\":true,\"valueName\":\"search_term_string\"}}],\"inLanguage\":\"fr-FR\"},{\"@type\":\"Organization\",\"@id\":\"https:\\\/\\\/www.webdo.tn\\\/fr\\\/#organization\",\"name\":\"Webdo\",\"alternateName\":\"Webdo.tn\",\"url\":\"https:\\\/\\\/www.webdo.tn\\\/fr\\\/\",\"logo\":{\"@type\":\"ImageObject\",\"inLanguage\":\"fr-FR\",\"@id\":\"https:\\\/\\\/www.webdo.tn\\\/fr\\\/#\\\/schema\\\/logo\\\/image\\\/\",\"url\":\"https:\\\/\\\/www.webdo.tn\\\/fr\\\/wp-content\\\/uploads\\\/2025\\\/06\\\/Webdo-Tunisie_168377.jpg\",\"contentUrl\":\"https:\\\/\\\/www.webdo.tn\\\/fr\\\/wp-content\\\/uploads\\\/2025\\\/06\\\/Webdo-Tunisie_168377.jpg\",\"width\":301,\"height\":301,\"caption\":\"Webdo\"},\"image\":{\"@id\":\"https:\\\/\\\/www.webdo.tn\\\/fr\\\/#\\\/schema\\\/logo\\\/image\\\/\"},\"sameAs\":[\"https:\\\/\\\/www.facebook.com\\\/webdotn\",\"https:\\\/\\\/x.com\\\/webdo_tn\"],\"description\":\"Webdo est un m\u00e9dia num\u00e9rique tunisien fond\u00e9 en 2010, sp\u00e9cialis\u00e9 dans l\u2019actualit\u00e9 nationale et internationale, l\u2019\u00e9conomie, la soci\u00e9t\u00e9 et les analyses politiques. Le site s\u2019adresse \u00e0 un large public francophone et couvre l\u2019information tunisienne en temps r\u00e9el.\",\"email\":\"redac@webdo.tn\",\"legalName\":\"YNJ SARL\",\"foundingDate\":\"2010-09-06\",\"numberOfEmployees\":{\"@type\":\"QuantitativeValue\",\"minValue\":\"11\",\"maxValue\":\"50\"}},{\"@type\":\"Person\",\"@id\":\"https:\\\/\\\/www.webdo.tn\\\/fr\\\/#\\\/schema\\\/person\\\/19664196c9bfdcda126f3c27709f7d11\",\"name\":\"Firas Ben Abdeltif\",\"image\":{\"@type\":\"ImageObject\",\"inLanguage\":\"fr-FR\",\"@id\":\"https:\\\/\\\/secure.gravatar.com\\\/avatar\\\/161a347d40df098a084778c52ed133dbd85f14df003867067c5948081241ec55?s=96&d=mm&r=g\",\"url\":\"https:\\\/\\\/secure.gravatar.com\\\/avatar\\\/161a347d40df098a084778c52ed133dbd85f14df003867067c5948081241ec55?s=96&d=mm&r=g\",\"contentUrl\":\"https:\\\/\\\/secure.gravatar.com\\\/avatar\\\/161a347d40df098a084778c52ed133dbd85f14df003867067c5948081241ec55?s=96&d=mm&r=g\",\"caption\":\"Firas Ben Abdeltif\"},\"url\":\"https:\\\/\\\/www.webdo.tn\\\/fr\\\/actualite\\\/author\\\/firas-ben-abdeltif\\\/\"}]}<\/script>\n<!-- \/ Yoast SEO Premium plugin. -->","yoast_head_json":{"title":"Trump menace de frapper l\u2019Iran \u00ab 20 fois plus fort \u00bb - webdo","description":"Trump menace de frapper l\u2019Iran \u00ab 20 fois plus fort \u00bb alors que les tensions au Moyen-Orient s'intensifient.","canonical":"https:\/\/www.webdo.tn\/fr\/actualite\/international\/trump-menace-de-frapper-liran-20-fois-plus-fort\/394352\/","og_locale":"fr_FR","og_type":"article","og_title":"Trump menace de frapper l\u2019Iran \u00ab 20 fois plus fort \u00bb","og_description":"Trump menace de frapper l\u2019Iran \u00ab 20 fois plus fort \u00bb alors que les tensions au Moyen-Orient s'intensifient.","og_url":"https:\/\/www.webdo.tn\/fr\/actualite\/international\/trump-menace-de-frapper-liran-20-fois-plus-fort\/394352\/","og_site_name":"webdo","article_publisher":"https:\/\/www.facebook.com\/webdotn","article_published_time":"2026-03-10T09:25:23+00:00","article_modified_time":"2026-03-10T09:26:01+00:00","og_image":[{"width":1200,"height":600,"url":"https:\/\/www.webdo.tn\/fr\/wp-content\/uploads\/2026\/03\/trump-iran-harder.jpg","type":"image\/jpeg"}],"author":"Firas Ben Abdeltif","twitter_card":"summary_large_image","twitter_creator":"@webdo_tn","twitter_site":"@webdo_tn","twitter_misc":{"\u00c9crit par":"Firas Ben Abdeltif","Dur\u00e9e de lecture estim\u00e9e":"3 minutes"},"schema":{"@context":"https:\/\/schema.org","@graph":[{"@type":"NewsArticle","@id":"https:\/\/www.webdo.tn\/fr\/actualite\/international\/trump-menace-de-frapper-liran-20-fois-plus-fort\/394352\/#article","isPartOf":{"@id":"https:\/\/www.webdo.tn\/fr\/actualite\/international\/trump-menace-de-frapper-liran-20-fois-plus-fort\/394352\/"},"author":{"name":"Firas Ben Abdeltif","@id":"https:\/\/www.webdo.tn\/fr\/#\/schema\/person\/19664196c9bfdcda126f3c27709f7d11"},"headline":"Trump menace de frapper l\u2019Iran \u00ab 20 fois plus fort \u00bb","datePublished":"2026-03-10T09:25:23+00:00","dateModified":"2026-03-10T09:26:01+00:00","mainEntityOfPage":{"@id":"https:\/\/www.webdo.tn\/fr\/actualite\/international\/trump-menace-de-frapper-liran-20-fois-plus-fort\/394352\/"},"wordCount":513,"publisher":{"@id":"https:\/\/www.webdo.tn\/fr\/#organization"},"image":{"@id":"https:\/\/www.webdo.tn\/fr\/actualite\/international\/trump-menace-de-frapper-liran-20-fois-plus-fort\/394352\/#primaryimage"},"thumbnailUrl":"https:\/\/www.webdo.tn\/fr\/wp-content\/uploads\/2026\/03\/trump-iran-harder.jpg","keywords":["Iran","trump"],"articleSection":["International"],"inLanguage":"fr-FR"},{"@type":"WebPage","@id":"https:\/\/www.webdo.tn\/fr\/actualite\/international\/trump-menace-de-frapper-liran-20-fois-plus-fort\/394352\/","url":"https:\/\/www.webdo.tn\/fr\/actualite\/international\/trump-menace-de-frapper-liran-20-fois-plus-fort\/394352\/","name":"Trump menace de frapper l\u2019Iran \u00ab 20 fois plus fort \u00bb - webdo","isPartOf":{"@id":"https:\/\/www.webdo.tn\/fr\/#website"},"primaryImageOfPage":{"@id":"https:\/\/www.webdo.tn\/fr\/actualite\/international\/trump-menace-de-frapper-liran-20-fois-plus-fort\/394352\/#primaryimage"},"image":{"@id":"https:\/\/www.webdo.tn\/fr\/actualite\/international\/trump-menace-de-frapper-liran-20-fois-plus-fort\/394352\/#primaryimage"},"thumbnailUrl":"https:\/\/www.webdo.tn\/fr\/wp-content\/uploads\/2026\/03\/trump-iran-harder.jpg","datePublished":"2026-03-10T09:25:23+00:00","dateModified":"2026-03-10T09:26:01+00:00","description":"Trump menace de frapper l\u2019Iran \u00ab 20 fois plus fort \u00bb alors que les tensions au Moyen-Orient s'intensifient.","breadcrumb":{"@id":"https:\/\/www.webdo.tn\/fr\/actualite\/international\/trump-menace-de-frapper-liran-20-fois-plus-fort\/394352\/#breadcrumb"},"inLanguage":"fr-FR","potentialAction":[{"@type":"ReadAction","target":["https:\/\/www.webdo.tn\/fr\/actualite\/international\/trump-menace-de-frapper-liran-20-fois-plus-fort\/394352\/"]}]},{"@type":"ImageObject","inLanguage":"fr-FR","@id":"https:\/\/www.webdo.tn\/fr\/actualite\/international\/trump-menace-de-frapper-liran-20-fois-plus-fort\/394352\/#primaryimage","url":"https:\/\/www.webdo.tn\/fr\/wp-content\/uploads\/2026\/03\/trump-iran-harder.jpg","contentUrl":"https:\/\/www.webdo.tn\/fr\/wp-content\/uploads\/2026\/03\/trump-iran-harder.jpg","width":1200,"height":600,"caption":"Ormuz sous tension : Washington menace T\u00e9h\u00e9ran d\u2019une riposte massive"},{"@type":"BreadcrumbList","@id":"https:\/\/www.webdo.tn\/fr\/actualite\/international\/trump-menace-de-frapper-liran-20-fois-plus-fort\/394352\/#breadcrumb","itemListElement":[{"@type":"ListItem","position":1,"name":"Accueil","item":"https:\/\/www.webdo.tn\/fr\/"},{"@type":"ListItem","position":2,"name":"Trump menace de frapper l\u2019Iran \u00ab 20 fois plus fort \u00bb"}]},{"@type":"WebSite","@id":"https:\/\/www.webdo.tn\/fr\/#website","url":"https:\/\/www.webdo.tn\/fr\/","name":"webdo","description":"Tunisie - News en Tunisie et \u00e0 l&#039;international sur Webdo.tn","publisher":{"@id":"https:\/\/www.webdo.tn\/fr\/#organization"},"potentialAction":[{"@type":"SearchAction","target":{"@type":"EntryPoint","urlTemplate":"https:\/\/www.webdo.tn\/fr\/?s={search_term_string}"},"query-input":{"@type":"PropertyValueSpecification","valueRequired":true,"valueName":"search_term_string"}}],"inLanguage":"fr-FR"},{"@type":"Organization","@id":"https:\/\/www.webdo.tn\/fr\/#organization","name":"Webdo","alternateName":"Webdo.tn","url":"https:\/\/www.webdo.tn\/fr\/","logo":{"@type":"ImageObject","inLanguage":"fr-FR","@id":"https:\/\/www.webdo.tn\/fr\/#\/schema\/logo\/image\/","url":"https:\/\/www.webdo.tn\/fr\/wp-content\/uploads\/2025\/06\/Webdo-Tunisie_168377.jpg","contentUrl":"https:\/\/www.webdo.tn\/fr\/wp-content\/uploads\/2025\/06\/Webdo-Tunisie_168377.jpg","width":301,"height":301,"caption":"Webdo"},"image":{"@id":"https:\/\/www.webdo.tn\/fr\/#\/schema\/logo\/image\/"},"sameAs":["https:\/\/www.facebook.com\/webdotn","https:\/\/x.com\/webdo_tn"],"description":"Webdo est un m\u00e9dia num\u00e9rique tunisien fond\u00e9 en 2010, sp\u00e9cialis\u00e9 dans l\u2019actualit\u00e9 nationale et internationale, l\u2019\u00e9conomie, la soci\u00e9t\u00e9 et les analyses politiques. Le site s\u2019adresse \u00e0 un large public francophone et couvre l\u2019information tunisienne en temps r\u00e9el.","email":"redac@webdo.tn","legalName":"YNJ SARL","foundingDate":"2010-09-06","numberOfEmployees":{"@type":"QuantitativeValue","minValue":"11","maxValue":"50"}},{"@type":"Person","@id":"https:\/\/www.webdo.tn\/fr\/#\/schema\/person\/19664196c9bfdcda126f3c27709f7d11","name":"Firas Ben Abdeltif","image":{"@type":"ImageObject","inLanguage":"fr-FR","@id":"https:\/\/secure.gravatar.com\/avatar\/161a347d40df098a084778c52ed133dbd85f14df003867067c5948081241ec55?s=96&d=mm&r=g","url":"https:\/\/secure.gravatar.com\/avatar\/161a347d40df098a084778c52ed133dbd85f14df003867067c5948081241ec55?s=96&d=mm&r=g","contentUrl":"https:\/\/secure.gravatar.com\/avatar\/161a347d40df098a084778c52ed133dbd85f14df003867067c5948081241ec55?s=96&d=mm&r=g","caption":"Firas Ben Abdeltif"},"url":"https:\/\/www.webdo.tn\/fr\/actualite\/author\/firas-ben-abdeltif\/"}]}},"_links":{"self":[{"href":"https:\/\/www.webdo.tn\/fr\/wp-json\/wp\/v2\/posts\/394352","targetHints":{"allow":["GET"]}}],"collection":[{"href":"https:\/\/www.webdo.tn\/fr\/wp-json\/wp\/v2\/posts"}],"about":[{"href":"https:\/\/www.webdo.tn\/fr\/wp-json\/wp\/v2\/types\/post"}],"author":[{"embeddable":true,"href":"https:\/\/www.webdo.tn\/fr\/wp-json\/wp\/v2\/users\/4779"}],"replies":[{"embeddable":true,"href":"https:\/\/www.webdo.tn\/fr\/wp-json\/wp\/v2\/comments?post=394352"}],"version-history":[{"count":0,"href":"https:\/\/www.webdo.tn\/fr\/wp-json\/wp\/v2\/posts\/394352\/revisions"}],"wp:featuredmedia":[{"embeddable":true,"href":"https:\/\/www.webdo.tn\/fr\/wp-json\/wp\/v2\/media\/394355"}],"wp:attachment":[{"href":"https:\/\/www.webdo.tn\/fr\/wp-json\/wp\/v2\/media?parent=394352"}],"wp:term":[{"taxonomy":"category","embeddable":true,"href":"https:\/\/www.webdo.tn\/fr\/wp-json\/wp\/v2\/categories?post=394352"},{"taxonomy":"post_tag","embeddable":true,"href":"https:\/\/www.webdo.tn\/fr\/wp-json\/wp\/v2\/tags?post=394352"}],"curies":[{"name":"wp","href":"https:\/\/api.w.org\/{rel}","templated":true}]}}