{"id":394344,"date":"2026-03-10T09:40:30","date_gmt":"2026-03-10T08:40:30","guid":{"rendered":"https:\/\/www.webdo.tn\/fr\/?p=394344"},"modified":"2026-03-10T09:41:07","modified_gmt":"2026-03-10T08:41:07","slug":"arabe-berbere-et-ottomane-la-patisserie-algerienne-et-ses-delices","status":"publish","type":"post","link":"https:\/\/www.webdo.tn\/fr\/actualite\/chroniques\/arabe-berbere-et-ottomane-la-patisserie-algerienne-et-ses-delices\/394344\/","title":{"rendered":"Arabe, berb\u00e8re et ottomane : La p\u00e2tisserie alg\u00e9rienne et ses d\u00e9lices"},"content":{"rendered":"\n<p>Que savons-nous des saveurs plurielles de la p\u00e2tisserie alg\u00e9rienne ? Rares sont ceux qui parmi nous peuvent se pr\u00e9valoir de bien connaitre les douceurs de la cuisine alg\u00e9rienne et l\u2019art des p\u00e2tissiers de Constantine, Alger ou Oran.<\/p>\n\n\n\n<p>Car, malgr\u00e9 la proximit\u00e9 g\u00e9ographique et des h\u00e9ritages similaires, les p\u00e2tisseries tunisienne et alg\u00e9rienne diff\u00e9rent sensiblement.<\/p>\n\n\n\n<p>Pour s&rsquo;initier aux g\u00e2teaux alg\u00e9riens, il faut go\u00fbter aux Tcherek en forme de croissant ou au Araiech en forme d\u2019\u00e9toile ! Il importe aussi de d\u00e9guster les fameuses Knidlet Dziriyet et autres Mchahlla et Mchaouek ! Voici une opportunit\u00e9 de comparer les saveurs du Mlabess tunisien et du Mkhabez alg\u00e9rien !<\/p>\n\n\n\n<p>Deux traditions se rencontrent pour une d\u00e9couverte rare. Avec des racines arabes, ottomanes et europ\u00e9ennes, la p\u00e2tisserie alg\u00e9rienne est un pur d\u00e9lice qu\u2019il convient d\u2019appr\u00e9cier \u00e0 sa pleine mesure.<\/p>\n\n\n\n<figure class=\"wp-block-image size-full\"><img decoding=\"async\" width=\"606\" height=\"401\" src=\"https:\/\/www.webdo.tn\/fr\/wp-content\/uploads\/2026\/03\/patisserie-algerienne2.jpg\" alt=\"\" class=\"wp-image-394347\" srcset=\"https:\/\/www.webdo.tn\/fr\/wp-content\/uploads\/2026\/03\/patisserie-algerienne2.jpg 606w, https:\/\/www.webdo.tn\/fr\/wp-content\/uploads\/2026\/03\/patisserie-algerienne2-300x199.jpg 300w\" sizes=\"(max-width: 606px) 100vw, 606px\" \/><\/figure>\n\n\n\n<p><\/p>\n\n\n\n<blockquote class=\"wp-block-quote is-layout-flow wp-block-quote-is-layout-flow\">\n<blockquote class=\"wp-block-quote is-layout-flow wp-block-quote-is-layout-flow\">\n<p><strong>Lire aussi:<\/strong> <\/p>\n\n\n\n<ul class=\"wp-block-list\">\n<li class=\"has-medium-font-size\"><a href=\"https:\/\/www.webdo.tn\/fr\/actualite\/chroniques\/cap-sur-le-maroc-des-patisseries-decouvrons-les-cousins-de-nos-gateaux\/394256\/\">Cap sur le Maroc des p\u00e2tisseries : D\u00e9couvrons les cousins de nos g\u00e2teaux !<\/a><\/li>\n\n\n\n<li class=\"has-medium-font-size\"><a href=\"https:\/\/www.webdo.tn\/fr\/actualite\/chroniques\/nostalgies-jean-giovanni-et-luigi-garza-patissiers-de-pere-en-fils\/390323\/\">Nostalgies : Jean, Giovanni et Luigi Garza, p\u00e2tissiers de p\u00e8re en fils<\/a><\/li>\n\n\n\n<li class=\"has-medium-font-size\"><a href=\"https:\/\/www.webdo.tn\/fr\/actualite\/chroniques\/patisserie-mythique-de-tunis-il-etait-une-fois-la-parisienne\/210207\/\">P\u00e2tisserie mythique de Tunis : Il \u00e9tait une fois \u00ab\u00a0La Parisienne\u00a0\u00bb<\/a><\/li>\n<\/ul>\n<\/blockquote>\n<\/blockquote>\n\n\n\n<p><\/p>\n","protected":false},"excerpt":{"rendered":"<p>Que savons-nous des saveurs plurielles de la p\u00e2tisserie alg\u00e9rienne ? Rares sont ceux qui parmi nous peuvent se pr\u00e9valoir de bien connaitre les douceurs de la cuisine alg\u00e9rienne et l\u2019art des p\u00e2tissiers de Constantine, Alger ou Oran. Car, malgr\u00e9 la proximit\u00e9 g\u00e9ographique et des h\u00e9ritages similaires, les p\u00e2tisseries tunisienne et alg\u00e9rienne diff\u00e9rent sensiblement. Pour s&rsquo;initier [&hellip;]<\/p>\n","protected":false},"author":3229,"featured_media":394348,"comment_status":"closed","ping_status":"closed","sticky":false,"template":"","format":"standard","meta":{"footnotes":""},"categories":[2596],"tags":[13408,13821,13822,7291],"class_list":["post-394344","post","type-post","status-publish","format-standard","has-post-thumbnail","hentry","category-chroniques","tag-algerie-2","tag-berbere","tag-ottomane","tag-patisserie-traditionnelle"],"yoast_head":"<!-- This site is optimized with the Yoast SEO Premium plugin v27.4 (Yoast SEO v27.5) - https:\/\/yoast.com\/product\/yoast-seo-premium-wordpress\/ -->\n<title>Arabe, berb\u00e8re et ottomane : La p\u00e2tisserie alg\u00e9rienne et ses d\u00e9lices - webdo<\/title>\n<meta name=\"description\" content=\"D\u00e9couvrez les d\u00e9lices de la p\u00e2tisserie alg\u00e9rienne : Arabe, berb\u00e8re et ottomane, une explosion de saveurs \u00e0 savourer.\" \/>\n<link rel=\"canonical\" href=\"https:\/\/www.webdo.tn\/fr\/actualite\/chroniques\/arabe-berbere-et-ottomane-la-patisserie-algerienne-et-ses-delices\/394344\/\" \/>\n<meta property=\"og:locale\" content=\"fr_FR\" \/>\n<meta property=\"og:type\" content=\"article\" \/>\n<meta property=\"og:title\" content=\"Arabe, berb\u00e8re et ottomane : La p\u00e2tisserie alg\u00e9rienne et ses d\u00e9lices\" \/>\n<meta property=\"og:description\" content=\"D\u00e9couvrez les d\u00e9lices de la p\u00e2tisserie alg\u00e9rienne : Arabe, berb\u00e8re et ottomane, une explosion de saveurs \u00e0 savourer.\" \/>\n<meta property=\"og:url\" content=\"https:\/\/www.webdo.tn\/fr\/actualite\/chroniques\/arabe-berbere-et-ottomane-la-patisserie-algerienne-et-ses-delices\/394344\/\" \/>\n<meta property=\"og:site_name\" content=\"webdo\" \/>\n<meta property=\"article:publisher\" content=\"https:\/\/www.facebook.com\/webdotn\" \/>\n<meta property=\"article:author\" content=\"https:\/\/www.facebook.com\/hatem.bourial.2025\" \/>\n<meta property=\"article:published_time\" content=\"2026-03-10T08:40:30+00:00\" \/>\n<meta property=\"article:modified_time\" content=\"2026-03-10T08:41:07+00:00\" \/>\n<meta property=\"og:image\" content=\"https:\/\/www.webdo.tn\/fr\/wp-content\/uploads\/2026\/03\/patisserie-algerienne.jpg\" \/>\n\t<meta property=\"og:image:width\" content=\"1200\" \/>\n\t<meta property=\"og:image:height\" content=\"600\" \/>\n\t<meta property=\"og:image:type\" content=\"image\/jpeg\" \/>\n<meta name=\"author\" content=\"Hatem Bourial\" \/>\n<meta name=\"twitter:card\" content=\"summary_large_image\" \/>\n<meta name=\"twitter:creator\" content=\"@webdo_tn\" \/>\n<meta name=\"twitter:site\" content=\"@webdo_tn\" \/>\n<meta name=\"twitter:label1\" content=\"\u00c9crit par\" \/>\n\t<meta name=\"twitter:data1\" content=\"Hatem Bourial\" \/>\n\t<meta name=\"twitter:label2\" content=\"Dur\u00e9e de lecture estim\u00e9e\" \/>\n\t<meta name=\"twitter:data2\" content=\"2 minutes\" \/>\n<script type=\"application\/ld+json\" class=\"yoast-schema-graph\">{\"@context\":\"https:\\\/\\\/schema.org\",\"@graph\":[{\"@type\":\"NewsArticle\",\"@id\":\"https:\\\/\\\/www.webdo.tn\\\/fr\\\/actualite\\\/chroniques\\\/arabe-berbere-et-ottomane-la-patisserie-algerienne-et-ses-delices\\\/394344\\\/#article\",\"isPartOf\":{\"@id\":\"https:\\\/\\\/www.webdo.tn\\\/fr\\\/actualite\\\/chroniques\\\/arabe-berbere-et-ottomane-la-patisserie-algerienne-et-ses-delices\\\/394344\\\/\"},\"author\":{\"name\":\"Hatem Bourial\",\"@id\":\"https:\\\/\\\/www.webdo.tn\\\/fr\\\/#\\\/schema\\\/person\\\/6bc0beba2cd23aec27cb5df85ca2554f\"},\"headline\":\"Arabe, berb\u00e8re et ottomane : La p\u00e2tisserie alg\u00e9rienne et ses d\u00e9lices\",\"datePublished\":\"2026-03-10T08:40:30+00:00\",\"dateModified\":\"2026-03-10T08:41:07+00:00\",\"mainEntityOfPage\":{\"@id\":\"https:\\\/\\\/www.webdo.tn\\\/fr\\\/actualite\\\/chroniques\\\/arabe-berbere-et-ottomane-la-patisserie-algerienne-et-ses-delices\\\/394344\\\/\"},\"wordCount\":209,\"publisher\":{\"@id\":\"https:\\\/\\\/www.webdo.tn\\\/fr\\\/#organization\"},\"image\":{\"@id\":\"https:\\\/\\\/www.webdo.tn\\\/fr\\\/actualite\\\/chroniques\\\/arabe-berbere-et-ottomane-la-patisserie-algerienne-et-ses-delices\\\/394344\\\/#primaryimage\"},\"thumbnailUrl\":\"https:\\\/\\\/www.webdo.tn\\\/fr\\\/wp-content\\\/uploads\\\/2026\\\/03\\\/patisserie-algerienne.jpg\",\"keywords\":[\"ALGERIE\",\"berb\u00e8re\",\"ottomane\",\"p\u00e2tisserie traditionnelle\"],\"articleSection\":[\"Chroniques\"],\"inLanguage\":\"fr-FR\"},{\"@type\":\"WebPage\",\"@id\":\"https:\\\/\\\/www.webdo.tn\\\/fr\\\/actualite\\\/chroniques\\\/arabe-berbere-et-ottomane-la-patisserie-algerienne-et-ses-delices\\\/394344\\\/\",\"url\":\"https:\\\/\\\/www.webdo.tn\\\/fr\\\/actualite\\\/chroniques\\\/arabe-berbere-et-ottomane-la-patisserie-algerienne-et-ses-delices\\\/394344\\\/\",\"name\":\"Arabe, berb\u00e8re et ottomane : La p\u00e2tisserie alg\u00e9rienne et ses d\u00e9lices - webdo\",\"isPartOf\":{\"@id\":\"https:\\\/\\\/www.webdo.tn\\\/fr\\\/#website\"},\"primaryImageOfPage\":{\"@id\":\"https:\\\/\\\/www.webdo.tn\\\/fr\\\/actualite\\\/chroniques\\\/arabe-berbere-et-ottomane-la-patisserie-algerienne-et-ses-delices\\\/394344\\\/#primaryimage\"},\"image\":{\"@id\":\"https:\\\/\\\/www.webdo.tn\\\/fr\\\/actualite\\\/chroniques\\\/arabe-berbere-et-ottomane-la-patisserie-algerienne-et-ses-delices\\\/394344\\\/#primaryimage\"},\"thumbnailUrl\":\"https:\\\/\\\/www.webdo.tn\\\/fr\\\/wp-content\\\/uploads\\\/2026\\\/03\\\/patisserie-algerienne.jpg\",\"datePublished\":\"2026-03-10T08:40:30+00:00\",\"dateModified\":\"2026-03-10T08:41:07+00:00\",\"description\":\"D\u00e9couvrez les d\u00e9lices de la p\u00e2tisserie alg\u00e9rienne : Arabe, berb\u00e8re et ottomane, une explosion de saveurs \u00e0 savourer.\",\"breadcrumb\":{\"@id\":\"https:\\\/\\\/www.webdo.tn\\\/fr\\\/actualite\\\/chroniques\\\/arabe-berbere-et-ottomane-la-patisserie-algerienne-et-ses-delices\\\/394344\\\/#breadcrumb\"},\"inLanguage\":\"fr-FR\",\"potentialAction\":[{\"@type\":\"ReadAction\",\"target\":[\"https:\\\/\\\/www.webdo.tn\\\/fr\\\/actualite\\\/chroniques\\\/arabe-berbere-et-ottomane-la-patisserie-algerienne-et-ses-delices\\\/394344\\\/\"]}]},{\"@type\":\"ImageObject\",\"inLanguage\":\"fr-FR\",\"@id\":\"https:\\\/\\\/www.webdo.tn\\\/fr\\\/actualite\\\/chroniques\\\/arabe-berbere-et-ottomane-la-patisserie-algerienne-et-ses-delices\\\/394344\\\/#primaryimage\",\"url\":\"https:\\\/\\\/www.webdo.tn\\\/fr\\\/wp-content\\\/uploads\\\/2026\\\/03\\\/patisserie-algerienne.jpg\",\"contentUrl\":\"https:\\\/\\\/www.webdo.tn\\\/fr\\\/wp-content\\\/uploads\\\/2026\\\/03\\\/patisserie-algerienne.jpg\",\"width\":1200,\"height\":600,\"caption\":\"La p\u00e2tisserie alg\u00e9rienne et ses d\u00e9lices\"},{\"@type\":\"BreadcrumbList\",\"@id\":\"https:\\\/\\\/www.webdo.tn\\\/fr\\\/actualite\\\/chroniques\\\/arabe-berbere-et-ottomane-la-patisserie-algerienne-et-ses-delices\\\/394344\\\/#breadcrumb\",\"itemListElement\":[{\"@type\":\"ListItem\",\"position\":1,\"name\":\"Accueil\",\"item\":\"https:\\\/\\\/www.webdo.tn\\\/fr\\\/\"},{\"@type\":\"ListItem\",\"position\":2,\"name\":\"Arabe, berb\u00e8re et ottomane : La p\u00e2tisserie alg\u00e9rienne et ses d\u00e9lices\"}]},{\"@type\":\"WebSite\",\"@id\":\"https:\\\/\\\/www.webdo.tn\\\/fr\\\/#website\",\"url\":\"https:\\\/\\\/www.webdo.tn\\\/fr\\\/\",\"name\":\"webdo\",\"description\":\"Tunisie - News en Tunisie et \u00e0 l&#039;international sur Webdo.tn\",\"publisher\":{\"@id\":\"https:\\\/\\\/www.webdo.tn\\\/fr\\\/#organization\"},\"potentialAction\":[{\"@type\":\"SearchAction\",\"target\":{\"@type\":\"EntryPoint\",\"urlTemplate\":\"https:\\\/\\\/www.webdo.tn\\\/fr\\\/?s={search_term_string}\"},\"query-input\":{\"@type\":\"PropertyValueSpecification\",\"valueRequired\":true,\"valueName\":\"search_term_string\"}}],\"inLanguage\":\"fr-FR\"},{\"@type\":\"Organization\",\"@id\":\"https:\\\/\\\/www.webdo.tn\\\/fr\\\/#organization\",\"name\":\"Webdo\",\"alternateName\":\"Webdo.tn\",\"url\":\"https:\\\/\\\/www.webdo.tn\\\/fr\\\/\",\"logo\":{\"@type\":\"ImageObject\",\"inLanguage\":\"fr-FR\",\"@id\":\"https:\\\/\\\/www.webdo.tn\\\/fr\\\/#\\\/schema\\\/logo\\\/image\\\/\",\"url\":\"https:\\\/\\\/www.webdo.tn\\\/fr\\\/wp-content\\\/uploads\\\/2025\\\/06\\\/Webdo-Tunisie_168377.jpg\",\"contentUrl\":\"https:\\\/\\\/www.webdo.tn\\\/fr\\\/wp-content\\\/uploads\\\/2025\\\/06\\\/Webdo-Tunisie_168377.jpg\",\"width\":301,\"height\":301,\"caption\":\"Webdo\"},\"image\":{\"@id\":\"https:\\\/\\\/www.webdo.tn\\\/fr\\\/#\\\/schema\\\/logo\\\/image\\\/\"},\"sameAs\":[\"https:\\\/\\\/www.facebook.com\\\/webdotn\",\"https:\\\/\\\/x.com\\\/webdo_tn\"],\"description\":\"Webdo est un m\u00e9dia num\u00e9rique tunisien fond\u00e9 en 2010, sp\u00e9cialis\u00e9 dans l\u2019actualit\u00e9 nationale et internationale, l\u2019\u00e9conomie, la soci\u00e9t\u00e9 et les analyses politiques. Le site s\u2019adresse \u00e0 un large public francophone et couvre l\u2019information tunisienne en temps r\u00e9el.\",\"email\":\"redac@webdo.tn\",\"legalName\":\"YNJ SARL\",\"foundingDate\":\"2010-09-06\",\"numberOfEmployees\":{\"@type\":\"QuantitativeValue\",\"minValue\":\"11\",\"maxValue\":\"50\"}},{\"@type\":\"Person\",\"@id\":\"https:\\\/\\\/www.webdo.tn\\\/fr\\\/#\\\/schema\\\/person\\\/6bc0beba2cd23aec27cb5df85ca2554f\",\"name\":\"Hatem Bourial\",\"image\":{\"@type\":\"ImageObject\",\"inLanguage\":\"fr-FR\",\"@id\":\"https:\\\/\\\/www.webdo.tn\\\/fr\\\/wp-content\\\/uploads\\\/2026\\\/04\\\/hatem-bourial_avatar-96x96.jpg\",\"url\":\"https:\\\/\\\/www.webdo.tn\\\/fr\\\/wp-content\\\/uploads\\\/2026\\\/04\\\/hatem-bourial_avatar-96x96.jpg\",\"contentUrl\":\"https:\\\/\\\/www.webdo.tn\\\/fr\\\/wp-content\\\/uploads\\\/2026\\\/04\\\/hatem-bourial_avatar-96x96.jpg\",\"caption\":\"Hatem Bourial\"},\"description\":\"Hatem Bourial est journaliste, \u00e9crivain et chroniqueur tunisien. Actif depuis plusieurs d\u00e9cennies, il s\u2019est impos\u00e9 comme un observateur attentif de la soci\u00e9t\u00e9 tunisienne, m\u00ealant dans ses \u00e9crits m\u00e9moire, culture et analyse du quotidien. Auteur de nombreux ouvrages, il d\u00e9veloppe une \u0153uvre \u00e0 la crois\u00e9e du r\u00e9cit, de la po\u00e9sie et de l\u2019observation sociologique. Parall\u00e8lement \u00e0 ses contributions dans la presse, il intervient r\u00e9guli\u00e8rement \u00e0 la radio et dans des espaces culturels, o\u00f9 il explore les enjeux li\u00e9s au patrimoine, \u00e0 l\u2019identit\u00e9 et aux transformations du monde contemporain. \u00c0 travers ses chroniques, Hatem Bourial propose une lecture sensible et approfondie de l\u2019actualit\u00e9, nourrie par une exp\u00e9rience journalistique et litt\u00e9raire reconnue. \ud83d\udd17 Facebook : https:\\\/\\\/www.facebook.com\\\/hatem.bourial.2025\",\"sameAs\":[\"https:\\\/\\\/www.facebook.com\\\/hatem.bourial.2025\",\"https:\\\/\\\/fr.wikipedia.org\\\/wiki\\\/Fichier:Hatem_Bourial.jpg\"],\"knowsAbout\":[\"Culture & patrimoine tunisien\",\"Chronique soci\u00e9tale\",\"Litt\u00e9rature & m\u00e9moire\",\"Cin\u00e9ma & critique culturelle\",\"Identit\u00e9 & mutations sociales\"],\"knowsLanguage\":[\"Arabe\",\"Fran\u00e7ais\",\"Anglais\",\"Italien\",\"Polonais\"],\"jobTitle\":\"Journaliste, \u00e9crivain et chroniqueur culturel\",\"worksFor\":\"Webdo\",\"url\":\"https:\\\/\\\/www.webdo.tn\\\/fr\\\/actualite\\\/author\\\/hatem-bourial-2\\\/\"}]}<\/script>\n<!-- \/ Yoast SEO Premium plugin. -->","yoast_head_json":{"title":"Arabe, berb\u00e8re et ottomane : La p\u00e2tisserie alg\u00e9rienne et ses d\u00e9lices - webdo","description":"D\u00e9couvrez les d\u00e9lices de la p\u00e2tisserie alg\u00e9rienne : Arabe, berb\u00e8re et ottomane, une explosion de saveurs \u00e0 savourer.","canonical":"https:\/\/www.webdo.tn\/fr\/actualite\/chroniques\/arabe-berbere-et-ottomane-la-patisserie-algerienne-et-ses-delices\/394344\/","og_locale":"fr_FR","og_type":"article","og_title":"Arabe, berb\u00e8re et ottomane : La p\u00e2tisserie alg\u00e9rienne et ses d\u00e9lices","og_description":"D\u00e9couvrez les d\u00e9lices de la p\u00e2tisserie alg\u00e9rienne : Arabe, berb\u00e8re et ottomane, une explosion de saveurs \u00e0 savourer.","og_url":"https:\/\/www.webdo.tn\/fr\/actualite\/chroniques\/arabe-berbere-et-ottomane-la-patisserie-algerienne-et-ses-delices\/394344\/","og_site_name":"webdo","article_publisher":"https:\/\/www.facebook.com\/webdotn","article_author":"https:\/\/www.facebook.com\/hatem.bourial.2025","article_published_time":"2026-03-10T08:40:30+00:00","article_modified_time":"2026-03-10T08:41:07+00:00","og_image":[{"width":1200,"height":600,"url":"https:\/\/www.webdo.tn\/fr\/wp-content\/uploads\/2026\/03\/patisserie-algerienne.jpg","type":"image\/jpeg"}],"author":"Hatem Bourial","twitter_card":"summary_large_image","twitter_creator":"@webdo_tn","twitter_site":"@webdo_tn","twitter_misc":{"\u00c9crit par":"Hatem Bourial","Dur\u00e9e de lecture estim\u00e9e":"2 minutes"},"schema":{"@context":"https:\/\/schema.org","@graph":[{"@type":"NewsArticle","@id":"https:\/\/www.webdo.tn\/fr\/actualite\/chroniques\/arabe-berbere-et-ottomane-la-patisserie-algerienne-et-ses-delices\/394344\/#article","isPartOf":{"@id":"https:\/\/www.webdo.tn\/fr\/actualite\/chroniques\/arabe-berbere-et-ottomane-la-patisserie-algerienne-et-ses-delices\/394344\/"},"author":{"name":"Hatem Bourial","@id":"https:\/\/www.webdo.tn\/fr\/#\/schema\/person\/6bc0beba2cd23aec27cb5df85ca2554f"},"headline":"Arabe, berb\u00e8re et ottomane : La p\u00e2tisserie alg\u00e9rienne et ses d\u00e9lices","datePublished":"2026-03-10T08:40:30+00:00","dateModified":"2026-03-10T08:41:07+00:00","mainEntityOfPage":{"@id":"https:\/\/www.webdo.tn\/fr\/actualite\/chroniques\/arabe-berbere-et-ottomane-la-patisserie-algerienne-et-ses-delices\/394344\/"},"wordCount":209,"publisher":{"@id":"https:\/\/www.webdo.tn\/fr\/#organization"},"image":{"@id":"https:\/\/www.webdo.tn\/fr\/actualite\/chroniques\/arabe-berbere-et-ottomane-la-patisserie-algerienne-et-ses-delices\/394344\/#primaryimage"},"thumbnailUrl":"https:\/\/www.webdo.tn\/fr\/wp-content\/uploads\/2026\/03\/patisserie-algerienne.jpg","keywords":["ALGERIE","berb\u00e8re","ottomane","p\u00e2tisserie traditionnelle"],"articleSection":["Chroniques"],"inLanguage":"fr-FR"},{"@type":"WebPage","@id":"https:\/\/www.webdo.tn\/fr\/actualite\/chroniques\/arabe-berbere-et-ottomane-la-patisserie-algerienne-et-ses-delices\/394344\/","url":"https:\/\/www.webdo.tn\/fr\/actualite\/chroniques\/arabe-berbere-et-ottomane-la-patisserie-algerienne-et-ses-delices\/394344\/","name":"Arabe, berb\u00e8re et ottomane : La p\u00e2tisserie alg\u00e9rienne et ses d\u00e9lices - webdo","isPartOf":{"@id":"https:\/\/www.webdo.tn\/fr\/#website"},"primaryImageOfPage":{"@id":"https:\/\/www.webdo.tn\/fr\/actualite\/chroniques\/arabe-berbere-et-ottomane-la-patisserie-algerienne-et-ses-delices\/394344\/#primaryimage"},"image":{"@id":"https:\/\/www.webdo.tn\/fr\/actualite\/chroniques\/arabe-berbere-et-ottomane-la-patisserie-algerienne-et-ses-delices\/394344\/#primaryimage"},"thumbnailUrl":"https:\/\/www.webdo.tn\/fr\/wp-content\/uploads\/2026\/03\/patisserie-algerienne.jpg","datePublished":"2026-03-10T08:40:30+00:00","dateModified":"2026-03-10T08:41:07+00:00","description":"D\u00e9couvrez les d\u00e9lices de la p\u00e2tisserie alg\u00e9rienne : Arabe, berb\u00e8re et ottomane, une explosion de saveurs \u00e0 savourer.","breadcrumb":{"@id":"https:\/\/www.webdo.tn\/fr\/actualite\/chroniques\/arabe-berbere-et-ottomane-la-patisserie-algerienne-et-ses-delices\/394344\/#breadcrumb"},"inLanguage":"fr-FR","potentialAction":[{"@type":"ReadAction","target":["https:\/\/www.webdo.tn\/fr\/actualite\/chroniques\/arabe-berbere-et-ottomane-la-patisserie-algerienne-et-ses-delices\/394344\/"]}]},{"@type":"ImageObject","inLanguage":"fr-FR","@id":"https:\/\/www.webdo.tn\/fr\/actualite\/chroniques\/arabe-berbere-et-ottomane-la-patisserie-algerienne-et-ses-delices\/394344\/#primaryimage","url":"https:\/\/www.webdo.tn\/fr\/wp-content\/uploads\/2026\/03\/patisserie-algerienne.jpg","contentUrl":"https:\/\/www.webdo.tn\/fr\/wp-content\/uploads\/2026\/03\/patisserie-algerienne.jpg","width":1200,"height":600,"caption":"La p\u00e2tisserie alg\u00e9rienne et ses d\u00e9lices"},{"@type":"BreadcrumbList","@id":"https:\/\/www.webdo.tn\/fr\/actualite\/chroniques\/arabe-berbere-et-ottomane-la-patisserie-algerienne-et-ses-delices\/394344\/#breadcrumb","itemListElement":[{"@type":"ListItem","position":1,"name":"Accueil","item":"https:\/\/www.webdo.tn\/fr\/"},{"@type":"ListItem","position":2,"name":"Arabe, berb\u00e8re et ottomane : La p\u00e2tisserie alg\u00e9rienne et ses d\u00e9lices"}]},{"@type":"WebSite","@id":"https:\/\/www.webdo.tn\/fr\/#website","url":"https:\/\/www.webdo.tn\/fr\/","name":"webdo","description":"Tunisie - News en Tunisie et \u00e0 l&#039;international sur Webdo.tn","publisher":{"@id":"https:\/\/www.webdo.tn\/fr\/#organization"},"potentialAction":[{"@type":"SearchAction","target":{"@type":"EntryPoint","urlTemplate":"https:\/\/www.webdo.tn\/fr\/?s={search_term_string}"},"query-input":{"@type":"PropertyValueSpecification","valueRequired":true,"valueName":"search_term_string"}}],"inLanguage":"fr-FR"},{"@type":"Organization","@id":"https:\/\/www.webdo.tn\/fr\/#organization","name":"Webdo","alternateName":"Webdo.tn","url":"https:\/\/www.webdo.tn\/fr\/","logo":{"@type":"ImageObject","inLanguage":"fr-FR","@id":"https:\/\/www.webdo.tn\/fr\/#\/schema\/logo\/image\/","url":"https:\/\/www.webdo.tn\/fr\/wp-content\/uploads\/2025\/06\/Webdo-Tunisie_168377.jpg","contentUrl":"https:\/\/www.webdo.tn\/fr\/wp-content\/uploads\/2025\/06\/Webdo-Tunisie_168377.jpg","width":301,"height":301,"caption":"Webdo"},"image":{"@id":"https:\/\/www.webdo.tn\/fr\/#\/schema\/logo\/image\/"},"sameAs":["https:\/\/www.facebook.com\/webdotn","https:\/\/x.com\/webdo_tn"],"description":"Webdo est un m\u00e9dia num\u00e9rique tunisien fond\u00e9 en 2010, sp\u00e9cialis\u00e9 dans l\u2019actualit\u00e9 nationale et internationale, l\u2019\u00e9conomie, la soci\u00e9t\u00e9 et les analyses politiques. Le site s\u2019adresse \u00e0 un large public francophone et couvre l\u2019information tunisienne en temps r\u00e9el.","email":"redac@webdo.tn","legalName":"YNJ SARL","foundingDate":"2010-09-06","numberOfEmployees":{"@type":"QuantitativeValue","minValue":"11","maxValue":"50"}},{"@type":"Person","@id":"https:\/\/www.webdo.tn\/fr\/#\/schema\/person\/6bc0beba2cd23aec27cb5df85ca2554f","name":"Hatem Bourial","image":{"@type":"ImageObject","inLanguage":"fr-FR","@id":"https:\/\/www.webdo.tn\/fr\/wp-content\/uploads\/2026\/04\/hatem-bourial_avatar-96x96.jpg","url":"https:\/\/www.webdo.tn\/fr\/wp-content\/uploads\/2026\/04\/hatem-bourial_avatar-96x96.jpg","contentUrl":"https:\/\/www.webdo.tn\/fr\/wp-content\/uploads\/2026\/04\/hatem-bourial_avatar-96x96.jpg","caption":"Hatem Bourial"},"description":"Hatem Bourial est journaliste, \u00e9crivain et chroniqueur tunisien. Actif depuis plusieurs d\u00e9cennies, il s\u2019est impos\u00e9 comme un observateur attentif de la soci\u00e9t\u00e9 tunisienne, m\u00ealant dans ses \u00e9crits m\u00e9moire, culture et analyse du quotidien. Auteur de nombreux ouvrages, il d\u00e9veloppe une \u0153uvre \u00e0 la crois\u00e9e du r\u00e9cit, de la po\u00e9sie et de l\u2019observation sociologique. Parall\u00e8lement \u00e0 ses contributions dans la presse, il intervient r\u00e9guli\u00e8rement \u00e0 la radio et dans des espaces culturels, o\u00f9 il explore les enjeux li\u00e9s au patrimoine, \u00e0 l\u2019identit\u00e9 et aux transformations du monde contemporain. \u00c0 travers ses chroniques, Hatem Bourial propose une lecture sensible et approfondie de l\u2019actualit\u00e9, nourrie par une exp\u00e9rience journalistique et litt\u00e9raire reconnue. \ud83d\udd17 Facebook : https:\/\/www.facebook.com\/hatem.bourial.2025","sameAs":["https:\/\/www.facebook.com\/hatem.bourial.2025","https:\/\/fr.wikipedia.org\/wiki\/Fichier:Hatem_Bourial.jpg"],"knowsAbout":["Culture & patrimoine tunisien","Chronique soci\u00e9tale","Litt\u00e9rature & m\u00e9moire","Cin\u00e9ma & critique culturelle","Identit\u00e9 & mutations sociales"],"knowsLanguage":["Arabe","Fran\u00e7ais","Anglais","Italien","Polonais"],"jobTitle":"Journaliste, \u00e9crivain et chroniqueur culturel","worksFor":"Webdo","url":"https:\/\/www.webdo.tn\/fr\/actualite\/author\/hatem-bourial-2\/"}]}},"_links":{"self":[{"href":"https:\/\/www.webdo.tn\/fr\/wp-json\/wp\/v2\/posts\/394344","targetHints":{"allow":["GET"]}}],"collection":[{"href":"https:\/\/www.webdo.tn\/fr\/wp-json\/wp\/v2\/posts"}],"about":[{"href":"https:\/\/www.webdo.tn\/fr\/wp-json\/wp\/v2\/types\/post"}],"author":[{"embeddable":true,"href":"https:\/\/www.webdo.tn\/fr\/wp-json\/wp\/v2\/users\/3229"}],"replies":[{"embeddable":true,"href":"https:\/\/www.webdo.tn\/fr\/wp-json\/wp\/v2\/comments?post=394344"}],"version-history":[{"count":0,"href":"https:\/\/www.webdo.tn\/fr\/wp-json\/wp\/v2\/posts\/394344\/revisions"}],"wp:featuredmedia":[{"embeddable":true,"href":"https:\/\/www.webdo.tn\/fr\/wp-json\/wp\/v2\/media\/394348"}],"wp:attachment":[{"href":"https:\/\/www.webdo.tn\/fr\/wp-json\/wp\/v2\/media?parent=394344"}],"wp:term":[{"taxonomy":"category","embeddable":true,"href":"https:\/\/www.webdo.tn\/fr\/wp-json\/wp\/v2\/categories?post=394344"},{"taxonomy":"post_tag","embeddable":true,"href":"https:\/\/www.webdo.tn\/fr\/wp-json\/wp\/v2\/tags?post=394344"}],"curies":[{"name":"wp","href":"https:\/\/api.w.org\/{rel}","templated":true}]}}