{"id":394330,"date":"2026-03-10T09:10:32","date_gmt":"2026-03-10T08:10:32","guid":{"rendered":"https:\/\/www.webdo.tn\/fr\/?p=394330"},"modified":"2026-03-10T09:37:28","modified_gmt":"2026-03-10T08:37:28","slug":"tous-les-details-sur-les-deux-nouvelles-liaisons-terrestres-entre-la-tunisie-et-lalgerie","status":"publish","type":"post","link":"https:\/\/www.webdo.tn\/fr\/actualite\/national\/tous-les-details-sur-les-deux-nouvelles-liaisons-terrestres-entre-la-tunisie-et-lalgerie\/394330\/","title":{"rendered":"Tous les d\u00e9tails sur les deux nouvelles liaisons terrestres entre la Tunisie et l&rsquo;Alg\u00e9rie"},"content":{"rendered":"\n<p><strong>La Soci\u00e9t\u00e9 nationale de transport interurbain a annonc\u00e9 l\u2019ouverture prochaine de deux nouvelles lignes internationales reliant la Tunisie \u00e0 l\u2019Alg\u00e9rie. Cette initiative, r\u00e9alis\u00e9e en coordination avec l\u2019entreprise alg\u00e9rienne \u00ab\u00a0Entreprise publique \u00e9conomique universitaire du transport et des services\u00a0\u00bb, vise \u00e0 renforcer la mobilit\u00e9 des voyageurs entre les deux pays.<\/strong><\/p>\n\n\n\n<p>La premi\u00e8re ligne reliera Tunis \u00e0 Alger. Le premier voyage est pr\u00e9vu le jeudi 12 mars 2026 au d\u00e9part de la gare routi\u00e8re de Bab Alioua \u00e0 Tunis \u00e0 20 heures. L\u2019itin\u00e9raire traversera plusieurs villes tunisiennes et alg\u00e9riennes, notamment Le Kef, Tajerouine, Kalaat Senan, Constantine, S\u00e9tif et Bordj Bou Arr\u00e9ridj, avant d\u2019atteindre Alger. Deux rotations hebdomadaires sont programm\u00e9es, avec des d\u00e9parts de Tunis les jeudis et samedis \u00e0 20 heures et des trajets retour depuis Alger aux m\u00eames jours et horaires.<\/p>\n\n\n\n<h2 class=\"wp-block-heading\" id=\"h-tunis-a-annaba\">Tunis \u00e0 Annaba<\/h2>\n\n\n\n<p>La seconde ligne reliera Tunis \u00e0 Annaba. Le premier d\u00e9part est annonc\u00e9 pour le vendredi 13 mars 2026 depuis la gare routi\u00e8re de Bab Saadoun \u00e0 7 heures du matin. Le parcours passera par B\u00e9ja, Jendouba, A\u00efn Draham, Babouch, El Ayoun, El Kala (wilaya d\u2019El Tarf), A\u00efn Assel et Ben M\u2019hidi avant d\u2019arriver \u00e0 Annaba. Cette ligne offrira une fr\u00e9quence plus \u00e9lev\u00e9e, avec quatre voyages hebdomadaires dans chaque sens, les jeudis, vendredis, samedis et dimanches, avec un d\u00e9part fix\u00e9 \u00e0 7 heures du matin.<\/p>\n\n\n\n<p class=\"has-medium-font-size\"><strong>Lire aussi :<\/strong> <a href=\"https:\/\/www.webdo.tn\/fr\/actualite\/national\/tendance-nouveaux-flux-de-touristes-tunisiens-en-algerie\/394253\/\">Tendance : Nouveaux flux de touristes tunisiens en Alg\u00e9rie<br><\/a><\/p>\n\n\n\n<p>La compagnie invite les voyageurs \u00e0 effectuer leurs r\u00e9servations \u00e0 l\u2019avance dans les gares routi\u00e8res de Bab Saadoun et Bab Alioua ou dans les agences commerciales affili\u00e9es. Les passagers devront \u00e9galement pr\u00e9senter un passeport valide pour effectuer le trajet.<\/p>\n\n\n\n<h2 class=\"wp-block-heading\" id=\"h-renforcement-des-echanges-et-de-la-mobilite\"> Renforcement des \u00e9changes et de la mobilit\u00e9 <\/h2>\n\n\n\n<p>L\u2019ouverture de ces deux lignes intervient dans un contexte de renforcement des \u00e9changes et de la mobilit\u00e9 entre la Tunisie et l\u2019Alg\u00e9rie, deux pays voisins o\u00f9 les d\u00e9placements routiers restent l\u2019un des moyens de transport privil\u00e9gi\u00e9s, notamment pour les \u00e9tudiants, les familles et les commer\u00e7ants transfrontaliers. Elle pourrait \u00e9galement contribuer \u00e0 dynamiser le tourisme et les \u00e9changes \u00e9conomiques entre les r\u00e9gions frontali\u00e8res.<\/p>\n","protected":false},"excerpt":{"rendered":"<p>La Soci\u00e9t\u00e9 nationale de transport interurbain a annonc\u00e9 l\u2019ouverture prochaine de deux nouvelles lignes internationales reliant la Tunisie \u00e0 l\u2019Alg\u00e9rie. Cette initiative, r\u00e9alis\u00e9e en coordination avec l\u2019entreprise alg\u00e9rienne \u00ab\u00a0Entreprise publique \u00e9conomique universitaire du transport et des services\u00a0\u00bb, vise \u00e0 renforcer la mobilit\u00e9 des voyageurs entre les deux pays. La premi\u00e8re ligne reliera Tunis \u00e0 Alger. [&hellip;]<\/p>\n","protected":false},"author":3184,"featured_media":393809,"comment_status":"closed","ping_status":"closed","sticky":false,"template":"","format":"standard","meta":{"footnotes":""},"categories":[44],"tags":[2907,13819,2608],"class_list":["post-394330","post","type-post","status-publish","format-standard","has-post-thumbnail","hentry","category-national","tag-algerie","tag-lignes","tag-tunisie"],"yoast_head":"<!-- This site is optimized with the Yoast SEO Premium plugin v27.5 (Yoast SEO v27.5) - https:\/\/yoast.com\/product\/yoast-seo-premium-wordpress\/ -->\n<title>Tous les d\u00e9tails sur les deux nouvelles liaisons terrestres entre la Tunisie et l&#039;Alg\u00e9rie - webdo<\/title>\n<meta name=\"description\" content=\"D\u00e9couvrez les nouvelles lignes terrestres entre la Tunisie et l&#039;Alg\u00e9rie pour faciliter votre voyage. Voyagez d\u00e8s le 12 mars 2026.\" \/>\n<link rel=\"canonical\" href=\"https:\/\/www.webdo.tn\/fr\/actualite\/national\/tous-les-details-sur-les-deux-nouvelles-liaisons-terrestres-entre-la-tunisie-et-lalgerie\/394330\/\" \/>\n<meta property=\"og:locale\" content=\"fr_FR\" \/>\n<meta property=\"og:type\" content=\"article\" \/>\n<meta property=\"og:title\" content=\"Tous les d\u00e9tails sur les deux nouvelles liaisons terrestres entre la Tunisie et l&#039;Alg\u00e9rie\" \/>\n<meta property=\"og:description\" content=\"D\u00e9couvrez les nouvelles lignes terrestres entre la Tunisie et l&#039;Alg\u00e9rie pour faciliter votre voyage. Voyagez d\u00e8s le 12 mars 2026.\" \/>\n<meta property=\"og:url\" content=\"https:\/\/www.webdo.tn\/fr\/actualite\/national\/tous-les-details-sur-les-deux-nouvelles-liaisons-terrestres-entre-la-tunisie-et-lalgerie\/394330\/\" \/>\n<meta property=\"og:site_name\" content=\"webdo\" \/>\n<meta property=\"article:publisher\" content=\"https:\/\/www.facebook.com\/webdotn\" \/>\n<meta property=\"article:published_time\" content=\"2026-03-10T08:10:32+00:00\" \/>\n<meta property=\"article:modified_time\" content=\"2026-03-10T08:37:28+00:00\" \/>\n<meta property=\"og:image\" content=\"https:\/\/www.webdo.tn\/fr\/wp-content\/uploads\/2026\/02\/frontiere-tunisie-algerie-oum-theboul.jpg\" \/>\n\t<meta property=\"og:image:width\" content=\"1200\" \/>\n\t<meta property=\"og:image:height\" content=\"601\" \/>\n\t<meta property=\"og:image:type\" content=\"image\/jpeg\" \/>\n<meta name=\"author\" content=\"Wided Belhaj\" \/>\n<meta name=\"twitter:card\" content=\"summary_large_image\" \/>\n<meta name=\"twitter:creator\" content=\"@webdo_tn\" \/>\n<meta name=\"twitter:site\" content=\"@webdo_tn\" \/>\n<meta name=\"twitter:label1\" content=\"\u00c9crit par\" \/>\n\t<meta name=\"twitter:data1\" content=\"Wided Belhaj\" \/>\n\t<meta name=\"twitter:label2\" content=\"Dur\u00e9e de lecture estim\u00e9e\" \/>\n\t<meta name=\"twitter:data2\" content=\"2 minutes\" \/>\n<script type=\"application\/ld+json\" class=\"yoast-schema-graph\">{\"@context\":\"https:\\\/\\\/schema.org\",\"@graph\":[{\"@type\":\"NewsArticle\",\"@id\":\"https:\\\/\\\/www.webdo.tn\\\/fr\\\/actualite\\\/national\\\/tous-les-details-sur-les-deux-nouvelles-liaisons-terrestres-entre-la-tunisie-et-lalgerie\\\/394330\\\/#article\",\"isPartOf\":{\"@id\":\"https:\\\/\\\/www.webdo.tn\\\/fr\\\/actualite\\\/national\\\/tous-les-details-sur-les-deux-nouvelles-liaisons-terrestres-entre-la-tunisie-et-lalgerie\\\/394330\\\/\"},\"author\":{\"name\":\"Wided Belhaj\",\"@id\":\"https:\\\/\\\/www.webdo.tn\\\/fr\\\/#\\\/schema\\\/person\\\/b9ecde7a5574cb4fcf4b496ea5fadb15\"},\"headline\":\"Tous les d\u00e9tails sur les deux nouvelles liaisons terrestres entre la Tunisie et l&rsquo;Alg\u00e9rie\",\"datePublished\":\"2026-03-10T08:10:32+00:00\",\"dateModified\":\"2026-03-10T08:37:28+00:00\",\"mainEntityOfPage\":{\"@id\":\"https:\\\/\\\/www.webdo.tn\\\/fr\\\/actualite\\\/national\\\/tous-les-details-sur-les-deux-nouvelles-liaisons-terrestres-entre-la-tunisie-et-lalgerie\\\/394330\\\/\"},\"wordCount\":377,\"publisher\":{\"@id\":\"https:\\\/\\\/www.webdo.tn\\\/fr\\\/#organization\"},\"image\":{\"@id\":\"https:\\\/\\\/www.webdo.tn\\\/fr\\\/actualite\\\/national\\\/tous-les-details-sur-les-deux-nouvelles-liaisons-terrestres-entre-la-tunisie-et-lalgerie\\\/394330\\\/#primaryimage\"},\"thumbnailUrl\":\"https:\\\/\\\/www.webdo.tn\\\/fr\\\/wp-content\\\/uploads\\\/2026\\\/02\\\/frontiere-tunisie-algerie-oum-theboul.jpg\",\"keywords\":[\"Alg\u00e9rie\",\"Lignes\",\"Tunisie\"],\"articleSection\":[\"National\"],\"inLanguage\":\"fr-FR\"},{\"@type\":\"WebPage\",\"@id\":\"https:\\\/\\\/www.webdo.tn\\\/fr\\\/actualite\\\/national\\\/tous-les-details-sur-les-deux-nouvelles-liaisons-terrestres-entre-la-tunisie-et-lalgerie\\\/394330\\\/\",\"url\":\"https:\\\/\\\/www.webdo.tn\\\/fr\\\/actualite\\\/national\\\/tous-les-details-sur-les-deux-nouvelles-liaisons-terrestres-entre-la-tunisie-et-lalgerie\\\/394330\\\/\",\"name\":\"Tous les d\u00e9tails sur les deux nouvelles liaisons terrestres entre la Tunisie et l'Alg\u00e9rie - webdo\",\"isPartOf\":{\"@id\":\"https:\\\/\\\/www.webdo.tn\\\/fr\\\/#website\"},\"primaryImageOfPage\":{\"@id\":\"https:\\\/\\\/www.webdo.tn\\\/fr\\\/actualite\\\/national\\\/tous-les-details-sur-les-deux-nouvelles-liaisons-terrestres-entre-la-tunisie-et-lalgerie\\\/394330\\\/#primaryimage\"},\"image\":{\"@id\":\"https:\\\/\\\/www.webdo.tn\\\/fr\\\/actualite\\\/national\\\/tous-les-details-sur-les-deux-nouvelles-liaisons-terrestres-entre-la-tunisie-et-lalgerie\\\/394330\\\/#primaryimage\"},\"thumbnailUrl\":\"https:\\\/\\\/www.webdo.tn\\\/fr\\\/wp-content\\\/uploads\\\/2026\\\/02\\\/frontiere-tunisie-algerie-oum-theboul.jpg\",\"datePublished\":\"2026-03-10T08:10:32+00:00\",\"dateModified\":\"2026-03-10T08:37:28+00:00\",\"description\":\"D\u00e9couvrez les nouvelles lignes terrestres entre la Tunisie et l'Alg\u00e9rie pour faciliter votre voyage. Voyagez d\u00e8s le 12 mars 2026.\",\"breadcrumb\":{\"@id\":\"https:\\\/\\\/www.webdo.tn\\\/fr\\\/actualite\\\/national\\\/tous-les-details-sur-les-deux-nouvelles-liaisons-terrestres-entre-la-tunisie-et-lalgerie\\\/394330\\\/#breadcrumb\"},\"inLanguage\":\"fr-FR\",\"potentialAction\":[{\"@type\":\"ReadAction\",\"target\":[\"https:\\\/\\\/www.webdo.tn\\\/fr\\\/actualite\\\/national\\\/tous-les-details-sur-les-deux-nouvelles-liaisons-terrestres-entre-la-tunisie-et-lalgerie\\\/394330\\\/\"]}]},{\"@type\":\"ImageObject\",\"inLanguage\":\"fr-FR\",\"@id\":\"https:\\\/\\\/www.webdo.tn\\\/fr\\\/actualite\\\/national\\\/tous-les-details-sur-les-deux-nouvelles-liaisons-terrestres-entre-la-tunisie-et-lalgerie\\\/394330\\\/#primaryimage\",\"url\":\"https:\\\/\\\/www.webdo.tn\\\/fr\\\/wp-content\\\/uploads\\\/2026\\\/02\\\/frontiere-tunisie-algerie-oum-theboul.jpg\",\"contentUrl\":\"https:\\\/\\\/www.webdo.tn\\\/fr\\\/wp-content\\\/uploads\\\/2026\\\/02\\\/frontiere-tunisie-algerie-oum-theboul.jpg\",\"width\":1200,\"height\":601,\"caption\":\"Afflux record de visiteurs alg\u00e9riens : Plus de 131 mille entr\u00e9es en moins de deux mois\"},{\"@type\":\"BreadcrumbList\",\"@id\":\"https:\\\/\\\/www.webdo.tn\\\/fr\\\/actualite\\\/national\\\/tous-les-details-sur-les-deux-nouvelles-liaisons-terrestres-entre-la-tunisie-et-lalgerie\\\/394330\\\/#breadcrumb\",\"itemListElement\":[{\"@type\":\"ListItem\",\"position\":1,\"name\":\"Accueil\",\"item\":\"https:\\\/\\\/www.webdo.tn\\\/fr\\\/\"},{\"@type\":\"ListItem\",\"position\":2,\"name\":\"Tous les d\u00e9tails sur les deux nouvelles liaisons terrestres entre la Tunisie et l&rsquo;Alg\u00e9rie\"}]},{\"@type\":\"WebSite\",\"@id\":\"https:\\\/\\\/www.webdo.tn\\\/fr\\\/#website\",\"url\":\"https:\\\/\\\/www.webdo.tn\\\/fr\\\/\",\"name\":\"webdo\",\"description\":\"Tunisie - News en Tunisie et \u00e0 l&#039;international sur Webdo.tn\",\"publisher\":{\"@id\":\"https:\\\/\\\/www.webdo.tn\\\/fr\\\/#organization\"},\"potentialAction\":[{\"@type\":\"SearchAction\",\"target\":{\"@type\":\"EntryPoint\",\"urlTemplate\":\"https:\\\/\\\/www.webdo.tn\\\/fr\\\/?s={search_term_string}\"},\"query-input\":{\"@type\":\"PropertyValueSpecification\",\"valueRequired\":true,\"valueName\":\"search_term_string\"}}],\"inLanguage\":\"fr-FR\"},{\"@type\":\"Organization\",\"@id\":\"https:\\\/\\\/www.webdo.tn\\\/fr\\\/#organization\",\"name\":\"Webdo\",\"alternateName\":\"Webdo.tn\",\"url\":\"https:\\\/\\\/www.webdo.tn\\\/fr\\\/\",\"logo\":{\"@type\":\"ImageObject\",\"inLanguage\":\"fr-FR\",\"@id\":\"https:\\\/\\\/www.webdo.tn\\\/fr\\\/#\\\/schema\\\/logo\\\/image\\\/\",\"url\":\"https:\\\/\\\/www.webdo.tn\\\/fr\\\/wp-content\\\/uploads\\\/2025\\\/06\\\/Webdo-Tunisie_168377.jpg\",\"contentUrl\":\"https:\\\/\\\/www.webdo.tn\\\/fr\\\/wp-content\\\/uploads\\\/2025\\\/06\\\/Webdo-Tunisie_168377.jpg\",\"width\":301,\"height\":301,\"caption\":\"Webdo\"},\"image\":{\"@id\":\"https:\\\/\\\/www.webdo.tn\\\/fr\\\/#\\\/schema\\\/logo\\\/image\\\/\"},\"sameAs\":[\"https:\\\/\\\/www.facebook.com\\\/webdotn\",\"https:\\\/\\\/x.com\\\/webdo_tn\"],\"description\":\"Webdo est un m\u00e9dia num\u00e9rique tunisien fond\u00e9 en 2010, sp\u00e9cialis\u00e9 dans l\u2019actualit\u00e9 nationale et internationale, l\u2019\u00e9conomie, la soci\u00e9t\u00e9 et les analyses politiques. Le site s\u2019adresse \u00e0 un large public francophone et couvre l\u2019information tunisienne en temps r\u00e9el.\",\"email\":\"redac@webdo.tn\",\"legalName\":\"YNJ SARL\",\"foundingDate\":\"2010-09-06\",\"numberOfEmployees\":{\"@type\":\"QuantitativeValue\",\"minValue\":\"11\",\"maxValue\":\"50\"}},{\"@type\":\"Person\",\"@id\":\"https:\\\/\\\/www.webdo.tn\\\/fr\\\/#\\\/schema\\\/person\\\/b9ecde7a5574cb4fcf4b496ea5fadb15\",\"name\":\"Wided Belhaj\",\"image\":{\"@type\":\"ImageObject\",\"inLanguage\":\"fr-FR\",\"@id\":\"https:\\\/\\\/www.webdo.tn\\\/fr\\\/wp-content\\\/uploads\\\/2026\\\/04\\\/wided-belhaj_avatar-96x96.jpg\",\"url\":\"https:\\\/\\\/www.webdo.tn\\\/fr\\\/wp-content\\\/uploads\\\/2026\\\/04\\\/wided-belhaj_avatar-96x96.jpg\",\"contentUrl\":\"https:\\\/\\\/www.webdo.tn\\\/fr\\\/wp-content\\\/uploads\\\/2026\\\/04\\\/wided-belhaj_avatar-96x96.jpg\",\"caption\":\"Wided Belhaj\"},\"description\":\"Wided Belhaj est le pseudonyme \u00e9ditorial utilis\u00e9 par Khalil Jelassi, journaliste, ma\u00eetre-assistant \u00e0 l\u2019Institut de presse et des sciences de l\u2019information (IPSI) et chercheur en sciences de l\u2019information et de la communication. Cette signature est d\u00e9di\u00e9e \u00e0 l\u2019analyse des m\u00e9dias, des pratiques journalistiques et des mutations de l\u2019information \u00e0 l\u2019\u00e8re digitale. \u00c0 travers ses contributions, Wided Belhaj propose une lecture analytique de l\u2019actualit\u00e9, en croisant regard critique et expertise acad\u00e9mique.\",\"knowsAbout\":[\"m\u00e9dias\",\"journalisme\",\"communication\",\"information\",\"transformation num\u00e9rique\",\"analyse des m\u00e9dias\"],\"knowsLanguage\":[\"Fran\u00e7ais\",\"Arabe\"],\"jobTitle\":\"Webdo.tn\",\"worksFor\":\"Journaliste \u2013 Analyse des m\u00e9dias\",\"url\":\"https:\\\/\\\/www.webdo.tn\\\/fr\\\/actualite\\\/author\\\/wided-belhaj\\\/\"}]}<\/script>\n<!-- \/ Yoast SEO Premium plugin. -->","yoast_head_json":{"title":"Tous les d\u00e9tails sur les deux nouvelles liaisons terrestres entre la Tunisie et l'Alg\u00e9rie - webdo","description":"D\u00e9couvrez les nouvelles lignes terrestres entre la Tunisie et l'Alg\u00e9rie pour faciliter votre voyage. Voyagez d\u00e8s le 12 mars 2026.","canonical":"https:\/\/www.webdo.tn\/fr\/actualite\/national\/tous-les-details-sur-les-deux-nouvelles-liaisons-terrestres-entre-la-tunisie-et-lalgerie\/394330\/","og_locale":"fr_FR","og_type":"article","og_title":"Tous les d\u00e9tails sur les deux nouvelles liaisons terrestres entre la Tunisie et l'Alg\u00e9rie","og_description":"D\u00e9couvrez les nouvelles lignes terrestres entre la Tunisie et l'Alg\u00e9rie pour faciliter votre voyage. Voyagez d\u00e8s le 12 mars 2026.","og_url":"https:\/\/www.webdo.tn\/fr\/actualite\/national\/tous-les-details-sur-les-deux-nouvelles-liaisons-terrestres-entre-la-tunisie-et-lalgerie\/394330\/","og_site_name":"webdo","article_publisher":"https:\/\/www.facebook.com\/webdotn","article_published_time":"2026-03-10T08:10:32+00:00","article_modified_time":"2026-03-10T08:37:28+00:00","og_image":[{"width":1200,"height":601,"url":"https:\/\/www.webdo.tn\/fr\/wp-content\/uploads\/2026\/02\/frontiere-tunisie-algerie-oum-theboul.jpg","type":"image\/jpeg"}],"author":"Wided Belhaj","twitter_card":"summary_large_image","twitter_creator":"@webdo_tn","twitter_site":"@webdo_tn","twitter_misc":{"\u00c9crit par":"Wided Belhaj","Dur\u00e9e de lecture estim\u00e9e":"2 minutes"},"schema":{"@context":"https:\/\/schema.org","@graph":[{"@type":"NewsArticle","@id":"https:\/\/www.webdo.tn\/fr\/actualite\/national\/tous-les-details-sur-les-deux-nouvelles-liaisons-terrestres-entre-la-tunisie-et-lalgerie\/394330\/#article","isPartOf":{"@id":"https:\/\/www.webdo.tn\/fr\/actualite\/national\/tous-les-details-sur-les-deux-nouvelles-liaisons-terrestres-entre-la-tunisie-et-lalgerie\/394330\/"},"author":{"name":"Wided Belhaj","@id":"https:\/\/www.webdo.tn\/fr\/#\/schema\/person\/b9ecde7a5574cb4fcf4b496ea5fadb15"},"headline":"Tous les d\u00e9tails sur les deux nouvelles liaisons terrestres entre la Tunisie et l&rsquo;Alg\u00e9rie","datePublished":"2026-03-10T08:10:32+00:00","dateModified":"2026-03-10T08:37:28+00:00","mainEntityOfPage":{"@id":"https:\/\/www.webdo.tn\/fr\/actualite\/national\/tous-les-details-sur-les-deux-nouvelles-liaisons-terrestres-entre-la-tunisie-et-lalgerie\/394330\/"},"wordCount":377,"publisher":{"@id":"https:\/\/www.webdo.tn\/fr\/#organization"},"image":{"@id":"https:\/\/www.webdo.tn\/fr\/actualite\/national\/tous-les-details-sur-les-deux-nouvelles-liaisons-terrestres-entre-la-tunisie-et-lalgerie\/394330\/#primaryimage"},"thumbnailUrl":"https:\/\/www.webdo.tn\/fr\/wp-content\/uploads\/2026\/02\/frontiere-tunisie-algerie-oum-theboul.jpg","keywords":["Alg\u00e9rie","Lignes","Tunisie"],"articleSection":["National"],"inLanguage":"fr-FR"},{"@type":"WebPage","@id":"https:\/\/www.webdo.tn\/fr\/actualite\/national\/tous-les-details-sur-les-deux-nouvelles-liaisons-terrestres-entre-la-tunisie-et-lalgerie\/394330\/","url":"https:\/\/www.webdo.tn\/fr\/actualite\/national\/tous-les-details-sur-les-deux-nouvelles-liaisons-terrestres-entre-la-tunisie-et-lalgerie\/394330\/","name":"Tous les d\u00e9tails sur les deux nouvelles liaisons terrestres entre la Tunisie et l'Alg\u00e9rie - webdo","isPartOf":{"@id":"https:\/\/www.webdo.tn\/fr\/#website"},"primaryImageOfPage":{"@id":"https:\/\/www.webdo.tn\/fr\/actualite\/national\/tous-les-details-sur-les-deux-nouvelles-liaisons-terrestres-entre-la-tunisie-et-lalgerie\/394330\/#primaryimage"},"image":{"@id":"https:\/\/www.webdo.tn\/fr\/actualite\/national\/tous-les-details-sur-les-deux-nouvelles-liaisons-terrestres-entre-la-tunisie-et-lalgerie\/394330\/#primaryimage"},"thumbnailUrl":"https:\/\/www.webdo.tn\/fr\/wp-content\/uploads\/2026\/02\/frontiere-tunisie-algerie-oum-theboul.jpg","datePublished":"2026-03-10T08:10:32+00:00","dateModified":"2026-03-10T08:37:28+00:00","description":"D\u00e9couvrez les nouvelles lignes terrestres entre la Tunisie et l'Alg\u00e9rie pour faciliter votre voyage. Voyagez d\u00e8s le 12 mars 2026.","breadcrumb":{"@id":"https:\/\/www.webdo.tn\/fr\/actualite\/national\/tous-les-details-sur-les-deux-nouvelles-liaisons-terrestres-entre-la-tunisie-et-lalgerie\/394330\/#breadcrumb"},"inLanguage":"fr-FR","potentialAction":[{"@type":"ReadAction","target":["https:\/\/www.webdo.tn\/fr\/actualite\/national\/tous-les-details-sur-les-deux-nouvelles-liaisons-terrestres-entre-la-tunisie-et-lalgerie\/394330\/"]}]},{"@type":"ImageObject","inLanguage":"fr-FR","@id":"https:\/\/www.webdo.tn\/fr\/actualite\/national\/tous-les-details-sur-les-deux-nouvelles-liaisons-terrestres-entre-la-tunisie-et-lalgerie\/394330\/#primaryimage","url":"https:\/\/www.webdo.tn\/fr\/wp-content\/uploads\/2026\/02\/frontiere-tunisie-algerie-oum-theboul.jpg","contentUrl":"https:\/\/www.webdo.tn\/fr\/wp-content\/uploads\/2026\/02\/frontiere-tunisie-algerie-oum-theboul.jpg","width":1200,"height":601,"caption":"Afflux record de visiteurs alg\u00e9riens : Plus de 131 mille entr\u00e9es en moins de deux mois"},{"@type":"BreadcrumbList","@id":"https:\/\/www.webdo.tn\/fr\/actualite\/national\/tous-les-details-sur-les-deux-nouvelles-liaisons-terrestres-entre-la-tunisie-et-lalgerie\/394330\/#breadcrumb","itemListElement":[{"@type":"ListItem","position":1,"name":"Accueil","item":"https:\/\/www.webdo.tn\/fr\/"},{"@type":"ListItem","position":2,"name":"Tous les d\u00e9tails sur les deux nouvelles liaisons terrestres entre la Tunisie et l&rsquo;Alg\u00e9rie"}]},{"@type":"WebSite","@id":"https:\/\/www.webdo.tn\/fr\/#website","url":"https:\/\/www.webdo.tn\/fr\/","name":"webdo","description":"Tunisie - News en Tunisie et \u00e0 l&#039;international sur Webdo.tn","publisher":{"@id":"https:\/\/www.webdo.tn\/fr\/#organization"},"potentialAction":[{"@type":"SearchAction","target":{"@type":"EntryPoint","urlTemplate":"https:\/\/www.webdo.tn\/fr\/?s={search_term_string}"},"query-input":{"@type":"PropertyValueSpecification","valueRequired":true,"valueName":"search_term_string"}}],"inLanguage":"fr-FR"},{"@type":"Organization","@id":"https:\/\/www.webdo.tn\/fr\/#organization","name":"Webdo","alternateName":"Webdo.tn","url":"https:\/\/www.webdo.tn\/fr\/","logo":{"@type":"ImageObject","inLanguage":"fr-FR","@id":"https:\/\/www.webdo.tn\/fr\/#\/schema\/logo\/image\/","url":"https:\/\/www.webdo.tn\/fr\/wp-content\/uploads\/2025\/06\/Webdo-Tunisie_168377.jpg","contentUrl":"https:\/\/www.webdo.tn\/fr\/wp-content\/uploads\/2025\/06\/Webdo-Tunisie_168377.jpg","width":301,"height":301,"caption":"Webdo"},"image":{"@id":"https:\/\/www.webdo.tn\/fr\/#\/schema\/logo\/image\/"},"sameAs":["https:\/\/www.facebook.com\/webdotn","https:\/\/x.com\/webdo_tn"],"description":"Webdo est un m\u00e9dia num\u00e9rique tunisien fond\u00e9 en 2010, sp\u00e9cialis\u00e9 dans l\u2019actualit\u00e9 nationale et internationale, l\u2019\u00e9conomie, la soci\u00e9t\u00e9 et les analyses politiques. Le site s\u2019adresse \u00e0 un large public francophone et couvre l\u2019information tunisienne en temps r\u00e9el.","email":"redac@webdo.tn","legalName":"YNJ SARL","foundingDate":"2010-09-06","numberOfEmployees":{"@type":"QuantitativeValue","minValue":"11","maxValue":"50"}},{"@type":"Person","@id":"https:\/\/www.webdo.tn\/fr\/#\/schema\/person\/b9ecde7a5574cb4fcf4b496ea5fadb15","name":"Wided Belhaj","image":{"@type":"ImageObject","inLanguage":"fr-FR","@id":"https:\/\/www.webdo.tn\/fr\/wp-content\/uploads\/2026\/04\/wided-belhaj_avatar-96x96.jpg","url":"https:\/\/www.webdo.tn\/fr\/wp-content\/uploads\/2026\/04\/wided-belhaj_avatar-96x96.jpg","contentUrl":"https:\/\/www.webdo.tn\/fr\/wp-content\/uploads\/2026\/04\/wided-belhaj_avatar-96x96.jpg","caption":"Wided Belhaj"},"description":"Wided Belhaj est le pseudonyme \u00e9ditorial utilis\u00e9 par Khalil Jelassi, journaliste, ma\u00eetre-assistant \u00e0 l\u2019Institut de presse et des sciences de l\u2019information (IPSI) et chercheur en sciences de l\u2019information et de la communication. Cette signature est d\u00e9di\u00e9e \u00e0 l\u2019analyse des m\u00e9dias, des pratiques journalistiques et des mutations de l\u2019information \u00e0 l\u2019\u00e8re digitale. \u00c0 travers ses contributions, Wided Belhaj propose une lecture analytique de l\u2019actualit\u00e9, en croisant regard critique et expertise acad\u00e9mique.","knowsAbout":["m\u00e9dias","journalisme","communication","information","transformation num\u00e9rique","analyse des m\u00e9dias"],"knowsLanguage":["Fran\u00e7ais","Arabe"],"jobTitle":"Webdo.tn","worksFor":"Journaliste \u2013 Analyse des m\u00e9dias","url":"https:\/\/www.webdo.tn\/fr\/actualite\/author\/wided-belhaj\/"}]}},"_links":{"self":[{"href":"https:\/\/www.webdo.tn\/fr\/wp-json\/wp\/v2\/posts\/394330","targetHints":{"allow":["GET"]}}],"collection":[{"href":"https:\/\/www.webdo.tn\/fr\/wp-json\/wp\/v2\/posts"}],"about":[{"href":"https:\/\/www.webdo.tn\/fr\/wp-json\/wp\/v2\/types\/post"}],"author":[{"embeddable":true,"href":"https:\/\/www.webdo.tn\/fr\/wp-json\/wp\/v2\/users\/3184"}],"replies":[{"embeddable":true,"href":"https:\/\/www.webdo.tn\/fr\/wp-json\/wp\/v2\/comments?post=394330"}],"version-history":[{"count":0,"href":"https:\/\/www.webdo.tn\/fr\/wp-json\/wp\/v2\/posts\/394330\/revisions"}],"wp:featuredmedia":[{"embeddable":true,"href":"https:\/\/www.webdo.tn\/fr\/wp-json\/wp\/v2\/media\/393809"}],"wp:attachment":[{"href":"https:\/\/www.webdo.tn\/fr\/wp-json\/wp\/v2\/media?parent=394330"}],"wp:term":[{"taxonomy":"category","embeddable":true,"href":"https:\/\/www.webdo.tn\/fr\/wp-json\/wp\/v2\/categories?post=394330"},{"taxonomy":"post_tag","embeddable":true,"href":"https:\/\/www.webdo.tn\/fr\/wp-json\/wp\/v2\/tags?post=394330"}],"curies":[{"name":"wp","href":"https:\/\/api.w.org\/{rel}","templated":true}]}}