{"id":394316,"date":"2026-03-09T19:27:46","date_gmt":"2026-03-09T18:27:46","guid":{"rendered":"https:\/\/www.webdo.tn\/fr\/?p=394316"},"modified":"2026-03-12T07:40:39","modified_gmt":"2026-03-12T06:40:39","slug":"crise-au-moyen-orient-tunis-prepare-des-scenarios-devacuation-pour-ses-ressortissants","status":"publish","type":"post","link":"https:\/\/www.webdo.tn\/fr\/actualite\/national\/crise-au-moyen-orient-tunis-prepare-des-scenarios-devacuation-pour-ses-ressortissants\/394316\/","title":{"rendered":"Crise au Moyen-Orient : Tunis pr\u00e9pare des sc\u00e9narios d\u2019\u00e9vacuation pour ses ressortissants"},"content":{"rendered":"\n<h2 class=\"wp-block-heading\">Mise \u00e0 jour \u2013 12 mars 2026<\/h2>\n\n\n\n<p>La position de la Tunisie face \u00e0 l\u2019escalade militaire au Moyen-Orient repose sur les principes constants de la diplomatie tunisienne, notamment le respect de la souverainet\u00e9 des \u00c9tats et le refus de toute atteinte \u00e0 la s\u00e9curit\u00e9 de la r\u00e9gion.<\/p>\n\n\n\n<p>Intervenant mardi soir devant la Commission des relations ext\u00e9rieures de l\u2019Assembl\u00e9e des repr\u00e9sentants du peuple, le ministre des Affaires \u00e9trang\u00e8res Mohamed Ali Nafti a indiqu\u00e9 que le communiqu\u00e9 publi\u00e9 par Tunis appelait clairement \u00e0 privil\u00e9gier la diplomatie et le dialogue afin d\u2019ouvrir \u00ab une nouvelle page permettant aux pays de la r\u00e9gion de coexister dans la paix \u00bb.<\/p>\n\n\n\n<p>Le ministre a \u00e9galement confirm\u00e9 l\u2019activation d\u2019une cellule de crise au minist\u00e8re des Affaires \u00e9trang\u00e8res pour suivre la situation de la communaut\u00e9 tunisienne dans les pays du Golfe et au Moyen-Orient.<\/p>\n\n\n\n<p>Selon lui, 17 Tunisiens ont pu \u00eatre rapatri\u00e9s d\u2019Iran dans des conditions exceptionnelles, tandis qu\u2019entre 45 et 50 familles tunisiennes se trouvent encore sur le territoire iranien.<\/p>\n\n\n\n<p><strong>Pour plus de d\u00e9tails, lire aussi:<\/strong><\/p>\n\n\n\n<p><a href=\"https:\/\/www.webdo.tn\/fr\/actualite\/national\/crise-au-moyen-orient-comment-tunis-gere-la-situation-de-ses-ressortissants-dans-la-region\/394471\/\">Crise au Moyen-Orient : Comment Tunis g\u00e8re la situation de ses ressortissants dans la r\u00e9gion<br><\/a><\/p>\n\n\n\n<p><strong>Mise \u00e0 jour \u2013 10 mars 2026<\/strong><\/p>\n\n\n\n<blockquote class=\"wp-block-quote is-layout-flow wp-block-quote-is-layout-flow\">\n<p>L\u2019ambassade de Tunisie \u00e0 Abou Dhabi a annonc\u00e9 la mise en place d\u2019une proc\u00e9dure exceptionnelle permettant aux Tunisiens pr\u00e9sents aux \u00c9mirats arabes unis de rentrer en Tunisie via l\u2019Arabie saoudite. Les ressortissants concern\u00e9s peuvent demander un visa de transit exceptionnel pour traverser la fronti\u00e8re par voie terrestre avant de poursuivre leur voyage par avion.<\/p>\n<\/blockquote>\n\n\n\n<p><strong>Lire aussi :<\/strong><br><a href=\"https:\/\/www.webdo.tn\/fr\/actualite\/national\/tunisiens-aux-emirats-une-procedure-speciale-pour-faciliter-leur-retour-via-larabie-saoudite\/394359\/\">Tunisiens aux \u00c9mirats : Une proc\u00e9dure sp\u00e9ciale pour faciliter leur retour via l\u2019Arabie saoudite<\/a><\/p>\n\n\n\n<p><strong>La Tunisie pr\u00e9pare des sc\u00e9narios d\u2019\u00e9vacuation d\u2019urgence pour ses ressortissants dans certains pays du Golfe, en fonction de l\u2019\u00e9volution de la situation r\u00e9gionale, a indiqu\u00e9 lundi le directeur g\u00e9n\u00e9ral de la migration et des Tunisiens \u00e0 l\u2019\u00e9tranger, Slah Salhi.<\/strong><\/p>\n\n\n\n<p>Intervenant sur les ondes de la radio nationale, le responsable a pr\u00e9cis\u00e9 que le minist\u00e8re des Affaires \u00e9trang\u00e8res coordonne avec les structures nationales concern\u00e9es la mise en place de plans d\u2019urgence destin\u00e9s \u00e0 la communaut\u00e9 tunisienne dans la r\u00e9gion.<\/p>\n\n\n\n<p>Selon lui, des cellules de crise ont \u00e9t\u00e9 activ\u00e9es aussi bien \u00e0 l\u2019administration centrale qu\u2019au sein des ambassades et missions diplomatiques dans les pays concern\u00e9s, tandis que des plans d\u2019intervention locaux sont en cours d\u2019\u00e9laboration dans chaque \u00c9tat.<\/p>\n\n\n\n<p>Le nombre de Tunisiens r\u00e9sidant dans les pays du Golfe est estim\u00e9 \u00e0 environ 150.000 personnes, dont pr\u00e8s de 65.000 au Qatar, environ 35.000 en Arabie saoudite et plus de 30.000 aux \u00c9mirats arabes unis.<\/p>\n\n\n\n<h2 class=\"wp-block-heading\" id=\"h-158-pelerins-rapatries-d-arabie-saoudite\">158 p\u00e8lerins rapatri\u00e9s d\u2019Arabie saoudite<\/h2>\n\n\n\n<p>Dans ce contexte marqu\u00e9 par les perturbations du trafic a\u00e9rien dans la r\u00e9gion, 158 p\u00e8lerins tunisiens bloqu\u00e9s en Arabie saoudite ont d\u00e9j\u00e0 \u00e9t\u00e9 rapatri\u00e9s vers la Tunisie.<\/p>\n\n\n\n<p>Selon Slah Salhi, 14 autres p\u00e8lerins devraient rentrer ce lundi \u00e0 bord d\u2019un vol de la compagnie Saudi Airlines \u00e0 destination de l\u2019Alg\u00e9rie, avant de poursuivre leur trajet vers la Tunisie.<\/p>\n\n\n\n<p>Par ailleurs, 13 Tunisiens ayant quitt\u00e9 T\u00e9h\u00e9ran par voie terrestre via la Turquie sont arriv\u00e9s dimanche \u00e0 Tunis apr\u00e8s un transit \u00e0 Istanbul.<\/p>\n\n\n\n<h2 class=\"wp-block-heading\" id=\"h-pres-de-100-tunisiens-bloques-a-doha-dont-31-etudiants\">Pr\u00e8s de 100 Tunisiens bloqu\u00e9s \u00e0 Doha, dont 31 \u00e9tudiants<\/h2>\n\n\n\n<p>\u00c0 Doha, environ 100 voyageurs tunisiens en transit, en provenance de plusieurs pays, sont actuellement pris en charge par l\u2019\u00c9tat qatari et la compagnie Qatar Airways, qui assurent leur h\u00e9bergement et leur restauration jusqu\u2019\u00e0 la reprise des vols.<\/p>\n\n\n\n<p>Parmi eux figurent 31 \u00e9tudiants inscrits dans des universit\u00e9s jordaniennes, actuellement dans la capitale qatarie en attendant la reprise des cours et la tenue de leurs examens.<\/p>\n\n\n\n<p>L\u2019ambassade de Tunisie en Jordanie est intervenue aupr\u00e8s des \u00e9tablissements universitaires concern\u00e9s, qui ont accept\u00e9 de reporter leurs examens en raison des circonstances exceptionnelles.<\/p>\n\n\n\n<h2 class=\"wp-block-heading\" id=\"h-106-demandes-de-retour-vers-la-tunisie-via-l-arabie-saoudite\">106 demandes de retour vers la Tunisie via l\u2019Arabie saoudite<\/h2>\n\n\n\n<p>Le responsable a \u00e9galement indiqu\u00e9 que le minist\u00e8re des Affaires \u00e9trang\u00e8res a re\u00e7u 106 demandes de Tunisiens souhaitant rejoindre leur pays par voie terrestre via l\u2019Arabie saoudite. <\/p>\n\n\n\n<p>Les proc\u00e9dures diff\u00e8rent selon le statut des personnes concern\u00e9es. Les r\u00e9sidents peuvent obtenir un visa d\u2019entr\u00e9e via une plateforme \u00e9lectronique en se basant sur leur statut de r\u00e9sidence, tandis que les non-r\u00e9sidents doivent d\u00e9poser leurs demandes aupr\u00e8s des ambassades tunisiennes avant transmission \u00e0 l\u2019ambassade de Tunisie \u00e0 Riyad pour approbation par les autorit\u00e9s saoudiennes.<\/p>\n\n\n\n<p>Slah Salhi a enfin rappel\u00e9 que des num\u00e9ros de t\u00e9l\u00e9phone et une adresse \u00e9lectronique restent disponibles 24 heures sur 24 pour les Tunisiens bloqu\u00e9s \u00e0 l\u2019\u00e9tranger, appelant les membres de la communaut\u00e9 tunisienne dans la r\u00e9gion \u00e0 s\u2019inscrire aupr\u00e8s des ambassades et consulats afin de faciliter toute op\u00e9ration d\u2019assistance ou d\u2019\u00e9vacuation \u00e9ventuelle.<\/p>\n\n\n\n<blockquote class=\"wp-block-quote is-layout-flow wp-block-quote-is-layout-flow\">\n<blockquote class=\"wp-block-quote is-layout-flow wp-block-quote-is-layout-flow\">\n<p><strong>Lire aussi:<\/strong><\/p>\n\n\n\n<ul class=\"wp-block-list\">\n<li class=\"has-medium-font-size\"><a href=\"https:\/\/www.webdo.tn\/fr\/actualite\/national\/tunisiens-dans-le-golfe-le-ministere-des-affaires-etrangeres-diffuse-les-contacts-consulaires\/394053\/\">Tunisiens dans le Golfe : Le minist\u00e8re des Affaires \u00e9trang\u00e8res diffuse les contacts consulaires<\/a><\/li>\n<\/ul>\n<\/blockquote>\n<\/blockquote>\n\n\n\n<p><\/p>\n","protected":false},"excerpt":{"rendered":"<p>Mise \u00e0 jour \u2013 12 mars 2026 La position de la Tunisie face \u00e0 l\u2019escalade militaire au Moyen-Orient repose sur les principes constants de la diplomatie tunisienne, notamment le respect de la souverainet\u00e9 des \u00c9tats et le refus de toute atteinte \u00e0 la s\u00e9curit\u00e9 de la r\u00e9gion. Intervenant mardi soir devant la Commission des relations [&hellip;]<\/p>\n","protected":false},"author":3203,"featured_media":394318,"comment_status":"closed","ping_status":"closed","sticky":false,"template":"","format":"standard","meta":{"footnotes":""},"categories":[44],"tags":[3002,4034,2912,4210],"class_list":["post-394316","post","type-post","status-publish","format-standard","has-post-thumbnail","hentry","category-national","tag-arabie-saoudite","tag-doha","tag-iran","tag-tunisiens-a-letranger"],"yoast_head":"<!-- This site is optimized with the Yoast SEO Premium plugin v27.5 (Yoast SEO v27.5) - https:\/\/yoast.com\/product\/yoast-seo-premium-wordpress\/ -->\n<title>Crise au Moyen-Orient : Tunis pr\u00e9pare des sc\u00e9narios d\u2019\u00e9vacuation pour ses ressortissants - webdo<\/title>\n<meta name=\"description\" content=\"La Tunisie pr\u00e9pare des sc\u00e9narios d\u2019\u00e9vacuation pour ses ressortissants en r\u00e9ponse \u00e0 la crise au Moyen-Orient, selon le minist\u00e8re.\" \/>\n<link rel=\"canonical\" href=\"https:\/\/www.webdo.tn\/fr\/actualite\/national\/crise-au-moyen-orient-tunis-prepare-des-scenarios-devacuation-pour-ses-ressortissants\/394316\/\" \/>\n<meta property=\"og:locale\" content=\"fr_FR\" \/>\n<meta property=\"og:type\" content=\"article\" \/>\n<meta property=\"og:title\" content=\"Crise au Moyen-Orient : Tunis pr\u00e9pare des sc\u00e9narios d\u2019\u00e9vacuation pour ses ressortissants\" \/>\n<meta property=\"og:description\" content=\"La Tunisie pr\u00e9pare des sc\u00e9narios d\u2019\u00e9vacuation pour ses ressortissants en r\u00e9ponse \u00e0 la crise au Moyen-Orient, selon le minist\u00e8re.\" \/>\n<meta property=\"og:url\" content=\"https:\/\/www.webdo.tn\/fr\/actualite\/national\/crise-au-moyen-orient-tunis-prepare-des-scenarios-devacuation-pour-ses-ressortissants\/394316\/\" \/>\n<meta property=\"og:site_name\" content=\"webdo\" \/>\n<meta property=\"article:publisher\" content=\"https:\/\/www.facebook.com\/webdotn\" \/>\n<meta property=\"article:published_time\" content=\"2026-03-09T18:27:46+00:00\" \/>\n<meta property=\"article:modified_time\" content=\"2026-03-12T06:40:39+00:00\" \/>\n<meta property=\"og:image\" content=\"https:\/\/www.webdo.tn\/fr\/wp-content\/uploads\/2026\/03\/repatriment-doha.jpg\" \/>\n\t<meta property=\"og:image:width\" content=\"1200\" \/>\n\t<meta property=\"og:image:height\" content=\"600\" \/>\n\t<meta property=\"og:image:type\" content=\"image\/jpeg\" \/>\n<meta name=\"author\" content=\"Ramzi Haddad\" \/>\n<meta name=\"twitter:card\" content=\"summary_large_image\" \/>\n<meta name=\"twitter:creator\" content=\"@webdo_tn\" \/>\n<meta name=\"twitter:site\" content=\"@webdo_tn\" \/>\n<meta name=\"twitter:label1\" content=\"\u00c9crit par\" \/>\n\t<meta name=\"twitter:data1\" content=\"Ramzi Haddad\" \/>\n\t<meta name=\"twitter:label2\" content=\"Dur\u00e9e de lecture estim\u00e9e\" \/>\n\t<meta name=\"twitter:data2\" content=\"4 minutes\" \/>\n<script type=\"application\/ld+json\" class=\"yoast-schema-graph\">{\"@context\":\"https:\\\/\\\/schema.org\",\"@graph\":[{\"@type\":\"NewsArticle\",\"@id\":\"https:\\\/\\\/www.webdo.tn\\\/fr\\\/actualite\\\/national\\\/crise-au-moyen-orient-tunis-prepare-des-scenarios-devacuation-pour-ses-ressortissants\\\/394316\\\/#article\",\"isPartOf\":{\"@id\":\"https:\\\/\\\/www.webdo.tn\\\/fr\\\/actualite\\\/national\\\/crise-au-moyen-orient-tunis-prepare-des-scenarios-devacuation-pour-ses-ressortissants\\\/394316\\\/\"},\"author\":{\"name\":\"Ramzi Haddad\",\"@id\":\"https:\\\/\\\/www.webdo.tn\\\/fr\\\/#\\\/schema\\\/person\\\/5663044c25eb36d8f88ba5b653f12f8c\"},\"headline\":\"Crise au Moyen-Orient : Tunis pr\u00e9pare des sc\u00e9narios d\u2019\u00e9vacuation pour ses ressortissants\",\"datePublished\":\"2026-03-09T18:27:46+00:00\",\"dateModified\":\"2026-03-12T06:40:39+00:00\",\"mainEntityOfPage\":{\"@id\":\"https:\\\/\\\/www.webdo.tn\\\/fr\\\/actualite\\\/national\\\/crise-au-moyen-orient-tunis-prepare-des-scenarios-devacuation-pour-ses-ressortissants\\\/394316\\\/\"},\"wordCount\":830,\"publisher\":{\"@id\":\"https:\\\/\\\/www.webdo.tn\\\/fr\\\/#organization\"},\"image\":{\"@id\":\"https:\\\/\\\/www.webdo.tn\\\/fr\\\/actualite\\\/national\\\/crise-au-moyen-orient-tunis-prepare-des-scenarios-devacuation-pour-ses-ressortissants\\\/394316\\\/#primaryimage\"},\"thumbnailUrl\":\"https:\\\/\\\/www.webdo.tn\\\/fr\\\/wp-content\\\/uploads\\\/2026\\\/03\\\/repatriment-doha.jpg\",\"keywords\":[\"Arabie Saoudite\",\"doha\",\"Iran\",\"tunisiens \u00e0 l'\u00e9tranger\"],\"articleSection\":[\"National\"],\"inLanguage\":\"fr-FR\"},{\"@type\":\"WebPage\",\"@id\":\"https:\\\/\\\/www.webdo.tn\\\/fr\\\/actualite\\\/national\\\/crise-au-moyen-orient-tunis-prepare-des-scenarios-devacuation-pour-ses-ressortissants\\\/394316\\\/\",\"url\":\"https:\\\/\\\/www.webdo.tn\\\/fr\\\/actualite\\\/national\\\/crise-au-moyen-orient-tunis-prepare-des-scenarios-devacuation-pour-ses-ressortissants\\\/394316\\\/\",\"name\":\"Crise au Moyen-Orient : Tunis pr\u00e9pare des sc\u00e9narios d\u2019\u00e9vacuation pour ses ressortissants - webdo\",\"isPartOf\":{\"@id\":\"https:\\\/\\\/www.webdo.tn\\\/fr\\\/#website\"},\"primaryImageOfPage\":{\"@id\":\"https:\\\/\\\/www.webdo.tn\\\/fr\\\/actualite\\\/national\\\/crise-au-moyen-orient-tunis-prepare-des-scenarios-devacuation-pour-ses-ressortissants\\\/394316\\\/#primaryimage\"},\"image\":{\"@id\":\"https:\\\/\\\/www.webdo.tn\\\/fr\\\/actualite\\\/national\\\/crise-au-moyen-orient-tunis-prepare-des-scenarios-devacuation-pour-ses-ressortissants\\\/394316\\\/#primaryimage\"},\"thumbnailUrl\":\"https:\\\/\\\/www.webdo.tn\\\/fr\\\/wp-content\\\/uploads\\\/2026\\\/03\\\/repatriment-doha.jpg\",\"datePublished\":\"2026-03-09T18:27:46+00:00\",\"dateModified\":\"2026-03-12T06:40:39+00:00\",\"description\":\"La Tunisie pr\u00e9pare des sc\u00e9narios d\u2019\u00e9vacuation pour ses ressortissants en r\u00e9ponse \u00e0 la crise au Moyen-Orient, selon le minist\u00e8re.\",\"breadcrumb\":{\"@id\":\"https:\\\/\\\/www.webdo.tn\\\/fr\\\/actualite\\\/national\\\/crise-au-moyen-orient-tunis-prepare-des-scenarios-devacuation-pour-ses-ressortissants\\\/394316\\\/#breadcrumb\"},\"inLanguage\":\"fr-FR\",\"potentialAction\":[{\"@type\":\"ReadAction\",\"target\":[\"https:\\\/\\\/www.webdo.tn\\\/fr\\\/actualite\\\/national\\\/crise-au-moyen-orient-tunis-prepare-des-scenarios-devacuation-pour-ses-ressortissants\\\/394316\\\/\"]}]},{\"@type\":\"ImageObject\",\"inLanguage\":\"fr-FR\",\"@id\":\"https:\\\/\\\/www.webdo.tn\\\/fr\\\/actualite\\\/national\\\/crise-au-moyen-orient-tunis-prepare-des-scenarios-devacuation-pour-ses-ressortissants\\\/394316\\\/#primaryimage\",\"url\":\"https:\\\/\\\/www.webdo.tn\\\/fr\\\/wp-content\\\/uploads\\\/2026\\\/03\\\/repatriment-doha.jpg\",\"contentUrl\":\"https:\\\/\\\/www.webdo.tn\\\/fr\\\/wp-content\\\/uploads\\\/2026\\\/03\\\/repatriment-doha.jpg\",\"width\":1200,\"height\":600,\"caption\":\"Tunis pr\u00e9pare des sc\u00e9narios d\u2019\u00e9vacuation pour 150.000 ressortissants dans le Golfe\"},{\"@type\":\"BreadcrumbList\",\"@id\":\"https:\\\/\\\/www.webdo.tn\\\/fr\\\/actualite\\\/national\\\/crise-au-moyen-orient-tunis-prepare-des-scenarios-devacuation-pour-ses-ressortissants\\\/394316\\\/#breadcrumb\",\"itemListElement\":[{\"@type\":\"ListItem\",\"position\":1,\"name\":\"Accueil\",\"item\":\"https:\\\/\\\/www.webdo.tn\\\/fr\\\/\"},{\"@type\":\"ListItem\",\"position\":2,\"name\":\"Crise au Moyen-Orient : Tunis pr\u00e9pare des sc\u00e9narios d\u2019\u00e9vacuation pour ses ressortissants\"}]},{\"@type\":\"WebSite\",\"@id\":\"https:\\\/\\\/www.webdo.tn\\\/fr\\\/#website\",\"url\":\"https:\\\/\\\/www.webdo.tn\\\/fr\\\/\",\"name\":\"webdo\",\"description\":\"Tunisie - News en Tunisie et \u00e0 l&#039;international sur Webdo.tn\",\"publisher\":{\"@id\":\"https:\\\/\\\/www.webdo.tn\\\/fr\\\/#organization\"},\"potentialAction\":[{\"@type\":\"SearchAction\",\"target\":{\"@type\":\"EntryPoint\",\"urlTemplate\":\"https:\\\/\\\/www.webdo.tn\\\/fr\\\/?s={search_term_string}\"},\"query-input\":{\"@type\":\"PropertyValueSpecification\",\"valueRequired\":true,\"valueName\":\"search_term_string\"}}],\"inLanguage\":\"fr-FR\"},{\"@type\":\"Organization\",\"@id\":\"https:\\\/\\\/www.webdo.tn\\\/fr\\\/#organization\",\"name\":\"Webdo\",\"alternateName\":\"Webdo.tn\",\"url\":\"https:\\\/\\\/www.webdo.tn\\\/fr\\\/\",\"logo\":{\"@type\":\"ImageObject\",\"inLanguage\":\"fr-FR\",\"@id\":\"https:\\\/\\\/www.webdo.tn\\\/fr\\\/#\\\/schema\\\/logo\\\/image\\\/\",\"url\":\"https:\\\/\\\/www.webdo.tn\\\/fr\\\/wp-content\\\/uploads\\\/2025\\\/06\\\/Webdo-Tunisie_168377.jpg\",\"contentUrl\":\"https:\\\/\\\/www.webdo.tn\\\/fr\\\/wp-content\\\/uploads\\\/2025\\\/06\\\/Webdo-Tunisie_168377.jpg\",\"width\":301,\"height\":301,\"caption\":\"Webdo\"},\"image\":{\"@id\":\"https:\\\/\\\/www.webdo.tn\\\/fr\\\/#\\\/schema\\\/logo\\\/image\\\/\"},\"sameAs\":[\"https:\\\/\\\/www.facebook.com\\\/webdotn\",\"https:\\\/\\\/x.com\\\/webdo_tn\"],\"description\":\"Webdo est un m\u00e9dia num\u00e9rique tunisien fond\u00e9 en 2010, sp\u00e9cialis\u00e9 dans l\u2019actualit\u00e9 nationale et internationale, l\u2019\u00e9conomie, la soci\u00e9t\u00e9 et les analyses politiques. Le site s\u2019adresse \u00e0 un large public francophone et couvre l\u2019information tunisienne en temps r\u00e9el.\",\"email\":\"redac@webdo.tn\",\"legalName\":\"YNJ SARL\",\"foundingDate\":\"2010-09-06\",\"numberOfEmployees\":{\"@type\":\"QuantitativeValue\",\"minValue\":\"11\",\"maxValue\":\"50\"}},{\"@type\":\"Person\",\"@id\":\"https:\\\/\\\/www.webdo.tn\\\/fr\\\/#\\\/schema\\\/person\\\/5663044c25eb36d8f88ba5b653f12f8c\",\"name\":\"Ramzi Haddad\",\"image\":{\"@type\":\"ImageObject\",\"inLanguage\":\"fr-FR\",\"@id\":\"https:\\\/\\\/www.webdo.tn\\\/fr\\\/wp-content\\\/uploads\\\/2026\\\/04\\\/ramzi-haddad_avatar-96x96.jpg\",\"url\":\"https:\\\/\\\/www.webdo.tn\\\/fr\\\/wp-content\\\/uploads\\\/2026\\\/04\\\/ramzi-haddad_avatar-96x96.jpg\",\"contentUrl\":\"https:\\\/\\\/www.webdo.tn\\\/fr\\\/wp-content\\\/uploads\\\/2026\\\/04\\\/ramzi-haddad_avatar-96x96.jpg\",\"caption\":\"Ramzi Haddad\"},\"description\":\"Signature \u00e9ditoriale de Walid Ben Youssef Ramzi Haddad est le pseudonyme \u00e9ditorial de Walid Ben Youssef, fondateur et g\u00e9rant de Webdo.tn. Cette signature est d\u00e9di\u00e9e \u00e0 la couverture de l'actualit\u00e9 nationale et internationale, ainsi qu'aux analyses des dynamiques num\u00e9riques. Ce profil b\u00e9n\u00e9ficie de l'expertise de Walid Ben Youssef, pionnier du web en Tunisie depuis 2000 et dipl\u00f4m\u00e9 en Math\u00e9matiques pures de l'Universit\u00e9 d'Oregon. \u00c0 travers cette signature, la r\u00e9daction de Webdo garantit une information structur\u00e9e et v\u00e9rifi\u00e9e, fid\u00e8le aux standards journalistiques du m\u00e9dia.\",\"url\":\"https:\\\/\\\/www.webdo.tn\\\/fr\\\/actualite\\\/author\\\/ramzi-haddad\\\/\"}]}<\/script>\n<!-- \/ Yoast SEO Premium plugin. -->","yoast_head_json":{"title":"Crise au Moyen-Orient : Tunis pr\u00e9pare des sc\u00e9narios d\u2019\u00e9vacuation pour ses ressortissants - webdo","description":"La Tunisie pr\u00e9pare des sc\u00e9narios d\u2019\u00e9vacuation pour ses ressortissants en r\u00e9ponse \u00e0 la crise au Moyen-Orient, selon le minist\u00e8re.","canonical":"https:\/\/www.webdo.tn\/fr\/actualite\/national\/crise-au-moyen-orient-tunis-prepare-des-scenarios-devacuation-pour-ses-ressortissants\/394316\/","og_locale":"fr_FR","og_type":"article","og_title":"Crise au Moyen-Orient : Tunis pr\u00e9pare des sc\u00e9narios d\u2019\u00e9vacuation pour ses ressortissants","og_description":"La Tunisie pr\u00e9pare des sc\u00e9narios d\u2019\u00e9vacuation pour ses ressortissants en r\u00e9ponse \u00e0 la crise au Moyen-Orient, selon le minist\u00e8re.","og_url":"https:\/\/www.webdo.tn\/fr\/actualite\/national\/crise-au-moyen-orient-tunis-prepare-des-scenarios-devacuation-pour-ses-ressortissants\/394316\/","og_site_name":"webdo","article_publisher":"https:\/\/www.facebook.com\/webdotn","article_published_time":"2026-03-09T18:27:46+00:00","article_modified_time":"2026-03-12T06:40:39+00:00","og_image":[{"width":1200,"height":600,"url":"https:\/\/www.webdo.tn\/fr\/wp-content\/uploads\/2026\/03\/repatriment-doha.jpg","type":"image\/jpeg"}],"author":"Ramzi Haddad","twitter_card":"summary_large_image","twitter_creator":"@webdo_tn","twitter_site":"@webdo_tn","twitter_misc":{"\u00c9crit par":"Ramzi Haddad","Dur\u00e9e de lecture estim\u00e9e":"4 minutes"},"schema":{"@context":"https:\/\/schema.org","@graph":[{"@type":"NewsArticle","@id":"https:\/\/www.webdo.tn\/fr\/actualite\/national\/crise-au-moyen-orient-tunis-prepare-des-scenarios-devacuation-pour-ses-ressortissants\/394316\/#article","isPartOf":{"@id":"https:\/\/www.webdo.tn\/fr\/actualite\/national\/crise-au-moyen-orient-tunis-prepare-des-scenarios-devacuation-pour-ses-ressortissants\/394316\/"},"author":{"name":"Ramzi Haddad","@id":"https:\/\/www.webdo.tn\/fr\/#\/schema\/person\/5663044c25eb36d8f88ba5b653f12f8c"},"headline":"Crise au Moyen-Orient : Tunis pr\u00e9pare des sc\u00e9narios d\u2019\u00e9vacuation pour ses ressortissants","datePublished":"2026-03-09T18:27:46+00:00","dateModified":"2026-03-12T06:40:39+00:00","mainEntityOfPage":{"@id":"https:\/\/www.webdo.tn\/fr\/actualite\/national\/crise-au-moyen-orient-tunis-prepare-des-scenarios-devacuation-pour-ses-ressortissants\/394316\/"},"wordCount":830,"publisher":{"@id":"https:\/\/www.webdo.tn\/fr\/#organization"},"image":{"@id":"https:\/\/www.webdo.tn\/fr\/actualite\/national\/crise-au-moyen-orient-tunis-prepare-des-scenarios-devacuation-pour-ses-ressortissants\/394316\/#primaryimage"},"thumbnailUrl":"https:\/\/www.webdo.tn\/fr\/wp-content\/uploads\/2026\/03\/repatriment-doha.jpg","keywords":["Arabie Saoudite","doha","Iran","tunisiens \u00e0 l'\u00e9tranger"],"articleSection":["National"],"inLanguage":"fr-FR"},{"@type":"WebPage","@id":"https:\/\/www.webdo.tn\/fr\/actualite\/national\/crise-au-moyen-orient-tunis-prepare-des-scenarios-devacuation-pour-ses-ressortissants\/394316\/","url":"https:\/\/www.webdo.tn\/fr\/actualite\/national\/crise-au-moyen-orient-tunis-prepare-des-scenarios-devacuation-pour-ses-ressortissants\/394316\/","name":"Crise au Moyen-Orient : Tunis pr\u00e9pare des sc\u00e9narios d\u2019\u00e9vacuation pour ses ressortissants - webdo","isPartOf":{"@id":"https:\/\/www.webdo.tn\/fr\/#website"},"primaryImageOfPage":{"@id":"https:\/\/www.webdo.tn\/fr\/actualite\/national\/crise-au-moyen-orient-tunis-prepare-des-scenarios-devacuation-pour-ses-ressortissants\/394316\/#primaryimage"},"image":{"@id":"https:\/\/www.webdo.tn\/fr\/actualite\/national\/crise-au-moyen-orient-tunis-prepare-des-scenarios-devacuation-pour-ses-ressortissants\/394316\/#primaryimage"},"thumbnailUrl":"https:\/\/www.webdo.tn\/fr\/wp-content\/uploads\/2026\/03\/repatriment-doha.jpg","datePublished":"2026-03-09T18:27:46+00:00","dateModified":"2026-03-12T06:40:39+00:00","description":"La Tunisie pr\u00e9pare des sc\u00e9narios d\u2019\u00e9vacuation pour ses ressortissants en r\u00e9ponse \u00e0 la crise au Moyen-Orient, selon le minist\u00e8re.","breadcrumb":{"@id":"https:\/\/www.webdo.tn\/fr\/actualite\/national\/crise-au-moyen-orient-tunis-prepare-des-scenarios-devacuation-pour-ses-ressortissants\/394316\/#breadcrumb"},"inLanguage":"fr-FR","potentialAction":[{"@type":"ReadAction","target":["https:\/\/www.webdo.tn\/fr\/actualite\/national\/crise-au-moyen-orient-tunis-prepare-des-scenarios-devacuation-pour-ses-ressortissants\/394316\/"]}]},{"@type":"ImageObject","inLanguage":"fr-FR","@id":"https:\/\/www.webdo.tn\/fr\/actualite\/national\/crise-au-moyen-orient-tunis-prepare-des-scenarios-devacuation-pour-ses-ressortissants\/394316\/#primaryimage","url":"https:\/\/www.webdo.tn\/fr\/wp-content\/uploads\/2026\/03\/repatriment-doha.jpg","contentUrl":"https:\/\/www.webdo.tn\/fr\/wp-content\/uploads\/2026\/03\/repatriment-doha.jpg","width":1200,"height":600,"caption":"Tunis pr\u00e9pare des sc\u00e9narios d\u2019\u00e9vacuation pour 150.000 ressortissants dans le Golfe"},{"@type":"BreadcrumbList","@id":"https:\/\/www.webdo.tn\/fr\/actualite\/national\/crise-au-moyen-orient-tunis-prepare-des-scenarios-devacuation-pour-ses-ressortissants\/394316\/#breadcrumb","itemListElement":[{"@type":"ListItem","position":1,"name":"Accueil","item":"https:\/\/www.webdo.tn\/fr\/"},{"@type":"ListItem","position":2,"name":"Crise au Moyen-Orient : Tunis pr\u00e9pare des sc\u00e9narios d\u2019\u00e9vacuation pour ses ressortissants"}]},{"@type":"WebSite","@id":"https:\/\/www.webdo.tn\/fr\/#website","url":"https:\/\/www.webdo.tn\/fr\/","name":"webdo","description":"Tunisie - News en Tunisie et \u00e0 l&#039;international sur Webdo.tn","publisher":{"@id":"https:\/\/www.webdo.tn\/fr\/#organization"},"potentialAction":[{"@type":"SearchAction","target":{"@type":"EntryPoint","urlTemplate":"https:\/\/www.webdo.tn\/fr\/?s={search_term_string}"},"query-input":{"@type":"PropertyValueSpecification","valueRequired":true,"valueName":"search_term_string"}}],"inLanguage":"fr-FR"},{"@type":"Organization","@id":"https:\/\/www.webdo.tn\/fr\/#organization","name":"Webdo","alternateName":"Webdo.tn","url":"https:\/\/www.webdo.tn\/fr\/","logo":{"@type":"ImageObject","inLanguage":"fr-FR","@id":"https:\/\/www.webdo.tn\/fr\/#\/schema\/logo\/image\/","url":"https:\/\/www.webdo.tn\/fr\/wp-content\/uploads\/2025\/06\/Webdo-Tunisie_168377.jpg","contentUrl":"https:\/\/www.webdo.tn\/fr\/wp-content\/uploads\/2025\/06\/Webdo-Tunisie_168377.jpg","width":301,"height":301,"caption":"Webdo"},"image":{"@id":"https:\/\/www.webdo.tn\/fr\/#\/schema\/logo\/image\/"},"sameAs":["https:\/\/www.facebook.com\/webdotn","https:\/\/x.com\/webdo_tn"],"description":"Webdo est un m\u00e9dia num\u00e9rique tunisien fond\u00e9 en 2010, sp\u00e9cialis\u00e9 dans l\u2019actualit\u00e9 nationale et internationale, l\u2019\u00e9conomie, la soci\u00e9t\u00e9 et les analyses politiques. Le site s\u2019adresse \u00e0 un large public francophone et couvre l\u2019information tunisienne en temps r\u00e9el.","email":"redac@webdo.tn","legalName":"YNJ SARL","foundingDate":"2010-09-06","numberOfEmployees":{"@type":"QuantitativeValue","minValue":"11","maxValue":"50"}},{"@type":"Person","@id":"https:\/\/www.webdo.tn\/fr\/#\/schema\/person\/5663044c25eb36d8f88ba5b653f12f8c","name":"Ramzi Haddad","image":{"@type":"ImageObject","inLanguage":"fr-FR","@id":"https:\/\/www.webdo.tn\/fr\/wp-content\/uploads\/2026\/04\/ramzi-haddad_avatar-96x96.jpg","url":"https:\/\/www.webdo.tn\/fr\/wp-content\/uploads\/2026\/04\/ramzi-haddad_avatar-96x96.jpg","contentUrl":"https:\/\/www.webdo.tn\/fr\/wp-content\/uploads\/2026\/04\/ramzi-haddad_avatar-96x96.jpg","caption":"Ramzi Haddad"},"description":"Signature \u00e9ditoriale de Walid Ben Youssef Ramzi Haddad est le pseudonyme \u00e9ditorial de Walid Ben Youssef, fondateur et g\u00e9rant de Webdo.tn. Cette signature est d\u00e9di\u00e9e \u00e0 la couverture de l'actualit\u00e9 nationale et internationale, ainsi qu'aux analyses des dynamiques num\u00e9riques. Ce profil b\u00e9n\u00e9ficie de l'expertise de Walid Ben Youssef, pionnier du web en Tunisie depuis 2000 et dipl\u00f4m\u00e9 en Math\u00e9matiques pures de l'Universit\u00e9 d'Oregon. \u00c0 travers cette signature, la r\u00e9daction de Webdo garantit une information structur\u00e9e et v\u00e9rifi\u00e9e, fid\u00e8le aux standards journalistiques du m\u00e9dia.","url":"https:\/\/www.webdo.tn\/fr\/actualite\/author\/ramzi-haddad\/"}]}},"_links":{"self":[{"href":"https:\/\/www.webdo.tn\/fr\/wp-json\/wp\/v2\/posts\/394316","targetHints":{"allow":["GET"]}}],"collection":[{"href":"https:\/\/www.webdo.tn\/fr\/wp-json\/wp\/v2\/posts"}],"about":[{"href":"https:\/\/www.webdo.tn\/fr\/wp-json\/wp\/v2\/types\/post"}],"author":[{"embeddable":true,"href":"https:\/\/www.webdo.tn\/fr\/wp-json\/wp\/v2\/users\/3203"}],"replies":[{"embeddable":true,"href":"https:\/\/www.webdo.tn\/fr\/wp-json\/wp\/v2\/comments?post=394316"}],"version-history":[{"count":0,"href":"https:\/\/www.webdo.tn\/fr\/wp-json\/wp\/v2\/posts\/394316\/revisions"}],"wp:featuredmedia":[{"embeddable":true,"href":"https:\/\/www.webdo.tn\/fr\/wp-json\/wp\/v2\/media\/394318"}],"wp:attachment":[{"href":"https:\/\/www.webdo.tn\/fr\/wp-json\/wp\/v2\/media?parent=394316"}],"wp:term":[{"taxonomy":"category","embeddable":true,"href":"https:\/\/www.webdo.tn\/fr\/wp-json\/wp\/v2\/categories?post=394316"},{"taxonomy":"post_tag","embeddable":true,"href":"https:\/\/www.webdo.tn\/fr\/wp-json\/wp\/v2\/tags?post=394316"}],"curies":[{"name":"wp","href":"https:\/\/api.w.org\/{rel}","templated":true}]}}