{"id":394296,"date":"2026-03-09T19:30:32","date_gmt":"2026-03-09T18:30:32","guid":{"rendered":"https:\/\/www.webdo.tn\/fr\/?p=394296"},"modified":"2026-03-09T19:31:11","modified_gmt":"2026-03-09T18:31:11","slug":"le-geant-byd-recule-en-chine-geely-et-les-nouveaux-rivaux-passent-a-loffensive","status":"publish","type":"post","link":"https:\/\/www.webdo.tn\/fr\/actualite\/tendances\/le-geant-byd-recule-en-chine-geely-et-les-nouveaux-rivaux-passent-a-loffensive\/394296\/","title":{"rendered":"Le g\u00e9ant BYD recule en Chine : Geely et les nouveaux rivaux passent \u00e0 l\u2019offensive"},"content":{"rendered":"\n<p><strong>Apr\u00e8s plusieurs ann\u00e9es d\u2019hyper-croissance, le constructeur chinois BYD, devenu l\u2019un des symboles de la r\u00e9volution mondiale de la voiture \u00e9lectrique, conna\u00eet un d\u00e9but d\u2019ann\u00e9e plus difficile sur son propre march\u00e9. Les ventes du groupe ont nettement ralenti en Chine au cours des premiers mois de 2026, tandis que plusieurs concurrents locaux acc\u00e9l\u00e8rent et grignotent des parts de march\u00e9.<\/strong><\/p>\n\n\n\n<p>Selon les donn\u00e9es publi\u00e9es d\u00e9but mars, BYD a \u00e9coul\u00e9 190 190 v\u00e9hicules en f\u00e9vrier, soit une baisse d\u2019environ 41 % par rapport \u00e0 f\u00e9vrier 2025. Sur l\u2019ensemble des deux premiers mois de l\u2019ann\u00e9e, le constructeur totalise 400 241 v\u00e9hicules vendus, ce qui repr\u00e9sente un recul d\u2019environ 36 % sur un an.<\/p>\n\n\n\n<p>Ce ralentissement intervient alors que le march\u00e9 chinois de la voiture \u00e9lectrique, longtemps domin\u00e9 par BYD, entre dans une phase de concurrence plus intense.<\/p>\n\n\n\n<h2 class=\"wp-block-heading\" id=\"h-geely-en-tete-la-concurrence-chinoise-se-durcit\">Geely en t\u00eate : la concurrence chinoise se durcit<\/h2>\n\n\n\n<p>Plusieurs constructeurs locaux profitent du ralentissement du leader pour acc\u00e9l\u00e9rer leur progression. Le groupe Geely aurait ainsi vendu environ 76 000 v\u00e9hicules de plus que BYD sur la p\u00e9riode janvier-f\u00e9vrier, une situation qui ne s\u2019\u00e9tait plus produite depuis 2022.<\/p>\n\n\n\n<p>Dans le m\u00eame temps, d\u2019autres marques affichent des progressions rapides. Les livraisons de Nio et de Zeekr augmentent fortement, tandis que le g\u00e9ant technologique Xiaomi, r\u00e9cemment entr\u00e9 sur le march\u00e9 automobile, gagne lui aussi du terrain.<\/p>\n\n\n\n<p>Ces \u00e9volutions illustrent l\u2019intensit\u00e9 de la bataille industrielle qui se joue d\u00e9sormais en Chine. Apr\u00e8s avoir domin\u00e9 pendant plusieurs ann\u00e9es, BYD doit d\u00e9sormais composer avec une nouvelle g\u00e9n\u00e9ration de constructeurs et d\u2019acteurs technologiques d\u00e9cid\u00e9s \u00e0 s\u2019imposer dans le secteur de la mobilit\u00e9 \u00e9lectrique.<\/p>\n\n\n\n<blockquote class=\"wp-block-quote is-layout-flow wp-block-quote-is-layout-flow\">\n<blockquote class=\"wp-block-quote is-layout-flow wp-block-quote-is-layout-flow\">\n<p><strong>Lire aussi:<\/strong><\/p>\n\n\n\n<ul class=\"wp-block-list\">\n<li class=\"has-medium-font-size\"><a href=\"https:\/\/www.webdo.tn\/fr\/actualite\/national\/voitures-electriques-en-tunisie-installation-de-160-bornes-de-recharge-d-ici-2025\/215155\/\">Voitures \u00e9lectriques en Tunisie : Installation de 160 bornes de recharge d\u2019ici 2025<\/a><\/li>\n<\/ul>\n<\/blockquote>\n<\/blockquote>\n\n\n\n<h2 class=\"wp-block-heading\" id=\"h-nouvel-an-lunaire-et-guerre-des-prix-un-ralentissement-conjoncturel\">Nouvel An lunaire et guerre des prix : un ralentissement conjoncturel<\/h2>\n\n\n\n<p>Plusieurs facteurs expliquent la baisse observ\u00e9e en d\u00e9but d\u2019ann\u00e9e. La p\u00e9riode du Nouvel An lunaire, qui ralentit traditionnellement l\u2019activit\u00e9 commerciale pendant plusieurs semaines, a pes\u00e9 sur les ventes automobiles.<\/p>\n\n\n\n<p>\u00c0 cela s\u2019ajoutent la r\u00e9duction progressive de certaines aides publiques et une concurrence de plus en plus agressive entre constructeurs, aliment\u00e9e par une v\u00e9ritable guerre des prix sur le march\u00e9 chinois de l\u2019\u00e9lectrique.<\/p>\n\n\n\n<p>Parall\u00e8lement, BYD continue d\u2019acc\u00e9l\u00e9rer \u00e0 l\u2019international. Les exportations du constructeur progressent rapidement et repr\u00e9sentent d\u00e9sormais une part croissante de ses ventes, signe que la bataille industrielle d\u00e9passe d\u00e9sormais largement les fronti\u00e8res chinoises.<\/p>\n\n\n\n<blockquote class=\"wp-block-quote is-layout-flow wp-block-quote-is-layout-flow\">\n<blockquote class=\"wp-block-quote is-layout-flow wp-block-quote-is-layout-flow\">\n<p><strong>Lire aussi:<\/strong><\/p>\n\n\n\n<ul class=\"wp-block-list\">\n<li class=\"has-medium-font-size\"><a href=\"https:\/\/www.webdo.tn\/fr\/actualite\/national\/en-tunisie-la-riposte-chinoise-des-concessionnaires-du-luxe\/392822\/\">En Tunisie, la riposte chinoise des concessionnaires du luxe<\/a><\/li>\n<\/ul>\n<\/blockquote>\n<\/blockquote>\n\n\n\n<h2 class=\"wp-block-heading\" id=\"h-tunisie-l-offensive-chinoise-commence-deja-a-redessiner-le-marche\">Tunisie : l\u2019offensive chinoise commence d\u00e9j\u00e0 \u00e0 redessiner le march\u00e9<\/h2>\n\n\n\n<p>Cette strat\u00e9gie d\u2019expansion et de prix agressifs n\u2019est pas sans cons\u00e9quences sur d\u2019autres march\u00e9s, y compris en Afrique du Nord. En Tunisie, l\u2019arriv\u00e9e progressive de mod\u00e8les chinois plus comp\u00e9titifs commence d\u00e9j\u00e0 \u00e0 modifier certains \u00e9quilibres du secteur automobile.<\/p>\n\n\n\n<p>Sur Webdo, plusieurs articles ont r\u00e9cemment mis en lumi\u00e8re cette dynamique. Nous \u00e9voquions notamment l\u2019offensive de BYD avec un mod\u00e8le \u00e9lectrique propos\u00e9 autour de 51 000 dinars, ou encore l\u2019hybride affich\u00e9e \u00e0 115 990 dinars, des tarifs susceptibles de bouleverser les rep\u00e8res du march\u00e9.<\/p>\n\n\n\n<p>Dans le m\u00eame temps, l\u2019arriv\u00e9e de ces nouveaux acteurs pousse certains concessionnaires traditionnels \u00e0 r\u00e9agir, y compris dans le segment premium, signe que la comp\u00e9tition automobile mondiale commence \u00e0 produire ses effets jusque sur le march\u00e9 tunisien.<\/p>\n\n\n\n<p>Le ralentissement actuel de BYD ne signifie donc pas un retournement de tendance. Il marque plut\u00f4t l\u2019entr\u00e9e du march\u00e9 chinois de la voiture \u00e9lectrique dans une nouvelle phase : celle d\u2019une concurrence accrue entre plusieurs g\u00e9ants industriels qui se disputent d\u00e9sormais le leadership mondial.<\/p>\n\n\n\n<blockquote class=\"wp-block-quote is-layout-flow wp-block-quote-is-layout-flow\">\n<blockquote class=\"wp-block-quote is-layout-flow wp-block-quote-is-layout-flow\">\n<p><strong>Lire aussi:<\/strong><\/p>\n\n\n\n<ul class=\"wp-block-list\">\n<li class=\"has-medium-font-size\"><a href=\"https:\/\/www.webdo.tn\/fr\/actualite\/tendances\/electrique-a-51-000-dinars-byd-ouvre-un-nouveau-front-dans-la-bataille-automobile\/391481\/\">\u00c9lectrique \u00e0 51.000 dinars : BYD ouvre un nouveau front dans la bataille automobile<\/a><\/li>\n\n\n\n<li class=\"has-medium-font-size\"><a href=\"https:\/\/www.webdo.tn\/fr\/actualite\/tendances\/byd-hybride-a-115-990-dinars-le-prix-qui-reconfigure-le-marche-automobile\/390744\/\">BYD hybride \u00e0 115.990 dinars : Le prix qui reconfigure le march\u00e9 automobile<\/a><\/li>\n<\/ul>\n<\/blockquote>\n<\/blockquote>\n\n\n\n<p><\/p>\n","protected":false},"excerpt":{"rendered":"<p>Apr\u00e8s plusieurs ann\u00e9es d\u2019hyper-croissance, le constructeur chinois BYD, devenu l\u2019un des symboles de la r\u00e9volution mondiale de la voiture \u00e9lectrique, conna\u00eet un d\u00e9but d\u2019ann\u00e9e plus difficile sur son propre march\u00e9. Les ventes du groupe ont nettement ralenti en Chine au cours des premiers mois de 2026, tandis que plusieurs concurrents locaux acc\u00e9l\u00e8rent et grignotent des [&hellip;]<\/p>\n","protected":false},"author":4779,"featured_media":394300,"comment_status":"closed","ping_status":"closed","sticky":false,"template":"","format":"standard","meta":{"footnotes":""},"categories":[11909],"tags":[6373,2694,13817,6177],"class_list":["post-394296","post","type-post","status-publish","format-standard","has-post-thumbnail","hentry","category-tendances","tag-byd","tag-chine","tag-geely","tag-voiture-electrique"],"yoast_head":"<!-- This site is optimized with the Yoast SEO Premium plugin v27.5 (Yoast SEO v27.5) - https:\/\/yoast.com\/product\/yoast-seo-premium-wordpress\/ -->\n<title>Le g\u00e9ant BYD recule en Chine : Geely et les nouveaux rivaux passent \u00e0 l\u2019offensive - webdo<\/title>\n<meta name=\"description\" content=\"Le march\u00e9 des voitures \u00e9lectriques en Chine \u00e9volue. BYD recule tandis que Geely et d&#039;autres acteurs prennent de l&#039;ampleur.\" \/>\n<link rel=\"canonical\" href=\"https:\/\/www.webdo.tn\/fr\/actualite\/tendances\/le-geant-byd-recule-en-chine-geely-et-les-nouveaux-rivaux-passent-a-loffensive\/394296\/\" \/>\n<meta property=\"og:locale\" content=\"fr_FR\" \/>\n<meta property=\"og:type\" content=\"article\" \/>\n<meta property=\"og:title\" content=\"Le g\u00e9ant BYD recule en Chine : Geely et les nouveaux rivaux passent \u00e0 l\u2019offensive\" \/>\n<meta property=\"og:description\" content=\"Le march\u00e9 des voitures \u00e9lectriques en Chine \u00e9volue. BYD recule tandis que Geely et d&#039;autres acteurs prennent de l&#039;ampleur.\" \/>\n<meta property=\"og:url\" content=\"https:\/\/www.webdo.tn\/fr\/actualite\/tendances\/le-geant-byd-recule-en-chine-geely-et-les-nouveaux-rivaux-passent-a-loffensive\/394296\/\" \/>\n<meta property=\"og:site_name\" content=\"webdo\" \/>\n<meta property=\"article:publisher\" content=\"https:\/\/www.facebook.com\/webdotn\" \/>\n<meta property=\"article:published_time\" content=\"2026-03-09T18:30:32+00:00\" \/>\n<meta property=\"article:modified_time\" content=\"2026-03-09T18:31:11+00:00\" \/>\n<meta property=\"og:image\" content=\"https:\/\/www.webdo.tn\/fr\/wp-content\/uploads\/2026\/03\/byd.jpg\" \/>\n\t<meta property=\"og:image:width\" content=\"1200\" \/>\n\t<meta property=\"og:image:height\" content=\"600\" \/>\n\t<meta property=\"og:image:type\" content=\"image\/jpeg\" \/>\n<meta name=\"author\" content=\"Firas Ben Abdeltif\" \/>\n<meta name=\"twitter:card\" content=\"summary_large_image\" \/>\n<meta name=\"twitter:creator\" content=\"@webdo_tn\" \/>\n<meta name=\"twitter:site\" content=\"@webdo_tn\" \/>\n<meta name=\"twitter:label1\" content=\"\u00c9crit par\" \/>\n\t<meta name=\"twitter:data1\" content=\"Firas Ben Abdeltif\" \/>\n\t<meta name=\"twitter:label2\" content=\"Dur\u00e9e de lecture estim\u00e9e\" \/>\n\t<meta name=\"twitter:data2\" content=\"3 minutes\" \/>\n<script type=\"application\/ld+json\" class=\"yoast-schema-graph\">{\"@context\":\"https:\\\/\\\/schema.org\",\"@graph\":[{\"@type\":\"NewsArticle\",\"@id\":\"https:\\\/\\\/www.webdo.tn\\\/fr\\\/actualite\\\/tendances\\\/le-geant-byd-recule-en-chine-geely-et-les-nouveaux-rivaux-passent-a-loffensive\\\/394296\\\/#article\",\"isPartOf\":{\"@id\":\"https:\\\/\\\/www.webdo.tn\\\/fr\\\/actualite\\\/tendances\\\/le-geant-byd-recule-en-chine-geely-et-les-nouveaux-rivaux-passent-a-loffensive\\\/394296\\\/\"},\"author\":{\"name\":\"Firas Ben Abdeltif\",\"@id\":\"https:\\\/\\\/www.webdo.tn\\\/fr\\\/#\\\/schema\\\/person\\\/19664196c9bfdcda126f3c27709f7d11\"},\"headline\":\"Le g\u00e9ant BYD recule en Chine : Geely et les nouveaux rivaux passent \u00e0 l\u2019offensive\",\"datePublished\":\"2026-03-09T18:30:32+00:00\",\"dateModified\":\"2026-03-09T18:31:11+00:00\",\"mainEntityOfPage\":{\"@id\":\"https:\\\/\\\/www.webdo.tn\\\/fr\\\/actualite\\\/tendances\\\/le-geant-byd-recule-en-chine-geely-et-les-nouveaux-rivaux-passent-a-loffensive\\\/394296\\\/\"},\"wordCount\":668,\"publisher\":{\"@id\":\"https:\\\/\\\/www.webdo.tn\\\/fr\\\/#organization\"},\"image\":{\"@id\":\"https:\\\/\\\/www.webdo.tn\\\/fr\\\/actualite\\\/tendances\\\/le-geant-byd-recule-en-chine-geely-et-les-nouveaux-rivaux-passent-a-loffensive\\\/394296\\\/#primaryimage\"},\"thumbnailUrl\":\"https:\\\/\\\/www.webdo.tn\\\/fr\\\/wp-content\\\/uploads\\\/2026\\\/03\\\/byd.jpg\",\"keywords\":[\"BYD\",\"chine\",\"Geely\",\"Voiture \u00e9lectrique\"],\"articleSection\":[\"Tendances\"],\"inLanguage\":\"fr-FR\"},{\"@type\":\"WebPage\",\"@id\":\"https:\\\/\\\/www.webdo.tn\\\/fr\\\/actualite\\\/tendances\\\/le-geant-byd-recule-en-chine-geely-et-les-nouveaux-rivaux-passent-a-loffensive\\\/394296\\\/\",\"url\":\"https:\\\/\\\/www.webdo.tn\\\/fr\\\/actualite\\\/tendances\\\/le-geant-byd-recule-en-chine-geely-et-les-nouveaux-rivaux-passent-a-loffensive\\\/394296\\\/\",\"name\":\"Le g\u00e9ant BYD recule en Chine : Geely et les nouveaux rivaux passent \u00e0 l\u2019offensive - webdo\",\"isPartOf\":{\"@id\":\"https:\\\/\\\/www.webdo.tn\\\/fr\\\/#website\"},\"primaryImageOfPage\":{\"@id\":\"https:\\\/\\\/www.webdo.tn\\\/fr\\\/actualite\\\/tendances\\\/le-geant-byd-recule-en-chine-geely-et-les-nouveaux-rivaux-passent-a-loffensive\\\/394296\\\/#primaryimage\"},\"image\":{\"@id\":\"https:\\\/\\\/www.webdo.tn\\\/fr\\\/actualite\\\/tendances\\\/le-geant-byd-recule-en-chine-geely-et-les-nouveaux-rivaux-passent-a-loffensive\\\/394296\\\/#primaryimage\"},\"thumbnailUrl\":\"https:\\\/\\\/www.webdo.tn\\\/fr\\\/wp-content\\\/uploads\\\/2026\\\/03\\\/byd.jpg\",\"datePublished\":\"2026-03-09T18:30:32+00:00\",\"dateModified\":\"2026-03-09T18:31:11+00:00\",\"description\":\"Le march\u00e9 des voitures \u00e9lectriques en Chine \u00e9volue. BYD recule tandis que Geely et d'autres acteurs prennent de l'ampleur.\",\"breadcrumb\":{\"@id\":\"https:\\\/\\\/www.webdo.tn\\\/fr\\\/actualite\\\/tendances\\\/le-geant-byd-recule-en-chine-geely-et-les-nouveaux-rivaux-passent-a-loffensive\\\/394296\\\/#breadcrumb\"},\"inLanguage\":\"fr-FR\",\"potentialAction\":[{\"@type\":\"ReadAction\",\"target\":[\"https:\\\/\\\/www.webdo.tn\\\/fr\\\/actualite\\\/tendances\\\/le-geant-byd-recule-en-chine-geely-et-les-nouveaux-rivaux-passent-a-loffensive\\\/394296\\\/\"]}]},{\"@type\":\"ImageObject\",\"inLanguage\":\"fr-FR\",\"@id\":\"https:\\\/\\\/www.webdo.tn\\\/fr\\\/actualite\\\/tendances\\\/le-geant-byd-recule-en-chine-geely-et-les-nouveaux-rivaux-passent-a-loffensive\\\/394296\\\/#primaryimage\",\"url\":\"https:\\\/\\\/www.webdo.tn\\\/fr\\\/wp-content\\\/uploads\\\/2026\\\/03\\\/byd.jpg\",\"contentUrl\":\"https:\\\/\\\/www.webdo.tn\\\/fr\\\/wp-content\\\/uploads\\\/2026\\\/03\\\/byd.jpg\",\"width\":1200,\"height\":600,\"caption\":\"Le g\u00e9ant BYD recule en Chine : ses rivaux passent \u00e0 l\u2019offensive\"},{\"@type\":\"BreadcrumbList\",\"@id\":\"https:\\\/\\\/www.webdo.tn\\\/fr\\\/actualite\\\/tendances\\\/le-geant-byd-recule-en-chine-geely-et-les-nouveaux-rivaux-passent-a-loffensive\\\/394296\\\/#breadcrumb\",\"itemListElement\":[{\"@type\":\"ListItem\",\"position\":1,\"name\":\"Accueil\",\"item\":\"https:\\\/\\\/www.webdo.tn\\\/fr\\\/\"},{\"@type\":\"ListItem\",\"position\":2,\"name\":\"Le g\u00e9ant BYD recule en Chine : Geely et les nouveaux rivaux passent \u00e0 l\u2019offensive\"}]},{\"@type\":\"WebSite\",\"@id\":\"https:\\\/\\\/www.webdo.tn\\\/fr\\\/#website\",\"url\":\"https:\\\/\\\/www.webdo.tn\\\/fr\\\/\",\"name\":\"webdo\",\"description\":\"Tunisie - News en Tunisie et \u00e0 l&#039;international sur Webdo.tn\",\"publisher\":{\"@id\":\"https:\\\/\\\/www.webdo.tn\\\/fr\\\/#organization\"},\"potentialAction\":[{\"@type\":\"SearchAction\",\"target\":{\"@type\":\"EntryPoint\",\"urlTemplate\":\"https:\\\/\\\/www.webdo.tn\\\/fr\\\/?s={search_term_string}\"},\"query-input\":{\"@type\":\"PropertyValueSpecification\",\"valueRequired\":true,\"valueName\":\"search_term_string\"}}],\"inLanguage\":\"fr-FR\"},{\"@type\":\"Organization\",\"@id\":\"https:\\\/\\\/www.webdo.tn\\\/fr\\\/#organization\",\"name\":\"Webdo\",\"alternateName\":\"Webdo.tn\",\"url\":\"https:\\\/\\\/www.webdo.tn\\\/fr\\\/\",\"logo\":{\"@type\":\"ImageObject\",\"inLanguage\":\"fr-FR\",\"@id\":\"https:\\\/\\\/www.webdo.tn\\\/fr\\\/#\\\/schema\\\/logo\\\/image\\\/\",\"url\":\"https:\\\/\\\/www.webdo.tn\\\/fr\\\/wp-content\\\/uploads\\\/2025\\\/06\\\/Webdo-Tunisie_168377.jpg\",\"contentUrl\":\"https:\\\/\\\/www.webdo.tn\\\/fr\\\/wp-content\\\/uploads\\\/2025\\\/06\\\/Webdo-Tunisie_168377.jpg\",\"width\":301,\"height\":301,\"caption\":\"Webdo\"},\"image\":{\"@id\":\"https:\\\/\\\/www.webdo.tn\\\/fr\\\/#\\\/schema\\\/logo\\\/image\\\/\"},\"sameAs\":[\"https:\\\/\\\/www.facebook.com\\\/webdotn\",\"https:\\\/\\\/x.com\\\/webdo_tn\"],\"description\":\"Webdo est un m\u00e9dia num\u00e9rique tunisien fond\u00e9 en 2010, sp\u00e9cialis\u00e9 dans l\u2019actualit\u00e9 nationale et internationale, l\u2019\u00e9conomie, la soci\u00e9t\u00e9 et les analyses politiques. Le site s\u2019adresse \u00e0 un large public francophone et couvre l\u2019information tunisienne en temps r\u00e9el.\",\"email\":\"redac@webdo.tn\",\"legalName\":\"YNJ SARL\",\"foundingDate\":\"2010-09-06\",\"numberOfEmployees\":{\"@type\":\"QuantitativeValue\",\"minValue\":\"11\",\"maxValue\":\"50\"}},{\"@type\":\"Person\",\"@id\":\"https:\\\/\\\/www.webdo.tn\\\/fr\\\/#\\\/schema\\\/person\\\/19664196c9bfdcda126f3c27709f7d11\",\"name\":\"Firas Ben Abdeltif\",\"image\":{\"@type\":\"ImageObject\",\"inLanguage\":\"fr-FR\",\"@id\":\"https:\\\/\\\/secure.gravatar.com\\\/avatar\\\/161a347d40df098a084778c52ed133dbd85f14df003867067c5948081241ec55?s=96&d=mm&r=g\",\"url\":\"https:\\\/\\\/secure.gravatar.com\\\/avatar\\\/161a347d40df098a084778c52ed133dbd85f14df003867067c5948081241ec55?s=96&d=mm&r=g\",\"contentUrl\":\"https:\\\/\\\/secure.gravatar.com\\\/avatar\\\/161a347d40df098a084778c52ed133dbd85f14df003867067c5948081241ec55?s=96&d=mm&r=g\",\"caption\":\"Firas Ben Abdeltif\"},\"url\":\"https:\\\/\\\/www.webdo.tn\\\/fr\\\/actualite\\\/author\\\/firas-ben-abdeltif\\\/\"}]}<\/script>\n<!-- \/ Yoast SEO Premium plugin. -->","yoast_head_json":{"title":"Le g\u00e9ant BYD recule en Chine : Geely et les nouveaux rivaux passent \u00e0 l\u2019offensive - webdo","description":"Le march\u00e9 des voitures \u00e9lectriques en Chine \u00e9volue. BYD recule tandis que Geely et d'autres acteurs prennent de l'ampleur.","canonical":"https:\/\/www.webdo.tn\/fr\/actualite\/tendances\/le-geant-byd-recule-en-chine-geely-et-les-nouveaux-rivaux-passent-a-loffensive\/394296\/","og_locale":"fr_FR","og_type":"article","og_title":"Le g\u00e9ant BYD recule en Chine : Geely et les nouveaux rivaux passent \u00e0 l\u2019offensive","og_description":"Le march\u00e9 des voitures \u00e9lectriques en Chine \u00e9volue. BYD recule tandis que Geely et d'autres acteurs prennent de l'ampleur.","og_url":"https:\/\/www.webdo.tn\/fr\/actualite\/tendances\/le-geant-byd-recule-en-chine-geely-et-les-nouveaux-rivaux-passent-a-loffensive\/394296\/","og_site_name":"webdo","article_publisher":"https:\/\/www.facebook.com\/webdotn","article_published_time":"2026-03-09T18:30:32+00:00","article_modified_time":"2026-03-09T18:31:11+00:00","og_image":[{"width":1200,"height":600,"url":"https:\/\/www.webdo.tn\/fr\/wp-content\/uploads\/2026\/03\/byd.jpg","type":"image\/jpeg"}],"author":"Firas Ben Abdeltif","twitter_card":"summary_large_image","twitter_creator":"@webdo_tn","twitter_site":"@webdo_tn","twitter_misc":{"\u00c9crit par":"Firas Ben Abdeltif","Dur\u00e9e de lecture estim\u00e9e":"3 minutes"},"schema":{"@context":"https:\/\/schema.org","@graph":[{"@type":"NewsArticle","@id":"https:\/\/www.webdo.tn\/fr\/actualite\/tendances\/le-geant-byd-recule-en-chine-geely-et-les-nouveaux-rivaux-passent-a-loffensive\/394296\/#article","isPartOf":{"@id":"https:\/\/www.webdo.tn\/fr\/actualite\/tendances\/le-geant-byd-recule-en-chine-geely-et-les-nouveaux-rivaux-passent-a-loffensive\/394296\/"},"author":{"name":"Firas Ben Abdeltif","@id":"https:\/\/www.webdo.tn\/fr\/#\/schema\/person\/19664196c9bfdcda126f3c27709f7d11"},"headline":"Le g\u00e9ant BYD recule en Chine : Geely et les nouveaux rivaux passent \u00e0 l\u2019offensive","datePublished":"2026-03-09T18:30:32+00:00","dateModified":"2026-03-09T18:31:11+00:00","mainEntityOfPage":{"@id":"https:\/\/www.webdo.tn\/fr\/actualite\/tendances\/le-geant-byd-recule-en-chine-geely-et-les-nouveaux-rivaux-passent-a-loffensive\/394296\/"},"wordCount":668,"publisher":{"@id":"https:\/\/www.webdo.tn\/fr\/#organization"},"image":{"@id":"https:\/\/www.webdo.tn\/fr\/actualite\/tendances\/le-geant-byd-recule-en-chine-geely-et-les-nouveaux-rivaux-passent-a-loffensive\/394296\/#primaryimage"},"thumbnailUrl":"https:\/\/www.webdo.tn\/fr\/wp-content\/uploads\/2026\/03\/byd.jpg","keywords":["BYD","chine","Geely","Voiture \u00e9lectrique"],"articleSection":["Tendances"],"inLanguage":"fr-FR"},{"@type":"WebPage","@id":"https:\/\/www.webdo.tn\/fr\/actualite\/tendances\/le-geant-byd-recule-en-chine-geely-et-les-nouveaux-rivaux-passent-a-loffensive\/394296\/","url":"https:\/\/www.webdo.tn\/fr\/actualite\/tendances\/le-geant-byd-recule-en-chine-geely-et-les-nouveaux-rivaux-passent-a-loffensive\/394296\/","name":"Le g\u00e9ant BYD recule en Chine : Geely et les nouveaux rivaux passent \u00e0 l\u2019offensive - webdo","isPartOf":{"@id":"https:\/\/www.webdo.tn\/fr\/#website"},"primaryImageOfPage":{"@id":"https:\/\/www.webdo.tn\/fr\/actualite\/tendances\/le-geant-byd-recule-en-chine-geely-et-les-nouveaux-rivaux-passent-a-loffensive\/394296\/#primaryimage"},"image":{"@id":"https:\/\/www.webdo.tn\/fr\/actualite\/tendances\/le-geant-byd-recule-en-chine-geely-et-les-nouveaux-rivaux-passent-a-loffensive\/394296\/#primaryimage"},"thumbnailUrl":"https:\/\/www.webdo.tn\/fr\/wp-content\/uploads\/2026\/03\/byd.jpg","datePublished":"2026-03-09T18:30:32+00:00","dateModified":"2026-03-09T18:31:11+00:00","description":"Le march\u00e9 des voitures \u00e9lectriques en Chine \u00e9volue. BYD recule tandis que Geely et d'autres acteurs prennent de l'ampleur.","breadcrumb":{"@id":"https:\/\/www.webdo.tn\/fr\/actualite\/tendances\/le-geant-byd-recule-en-chine-geely-et-les-nouveaux-rivaux-passent-a-loffensive\/394296\/#breadcrumb"},"inLanguage":"fr-FR","potentialAction":[{"@type":"ReadAction","target":["https:\/\/www.webdo.tn\/fr\/actualite\/tendances\/le-geant-byd-recule-en-chine-geely-et-les-nouveaux-rivaux-passent-a-loffensive\/394296\/"]}]},{"@type":"ImageObject","inLanguage":"fr-FR","@id":"https:\/\/www.webdo.tn\/fr\/actualite\/tendances\/le-geant-byd-recule-en-chine-geely-et-les-nouveaux-rivaux-passent-a-loffensive\/394296\/#primaryimage","url":"https:\/\/www.webdo.tn\/fr\/wp-content\/uploads\/2026\/03\/byd.jpg","contentUrl":"https:\/\/www.webdo.tn\/fr\/wp-content\/uploads\/2026\/03\/byd.jpg","width":1200,"height":600,"caption":"Le g\u00e9ant BYD recule en Chine : ses rivaux passent \u00e0 l\u2019offensive"},{"@type":"BreadcrumbList","@id":"https:\/\/www.webdo.tn\/fr\/actualite\/tendances\/le-geant-byd-recule-en-chine-geely-et-les-nouveaux-rivaux-passent-a-loffensive\/394296\/#breadcrumb","itemListElement":[{"@type":"ListItem","position":1,"name":"Accueil","item":"https:\/\/www.webdo.tn\/fr\/"},{"@type":"ListItem","position":2,"name":"Le g\u00e9ant BYD recule en Chine : Geely et les nouveaux rivaux passent \u00e0 l\u2019offensive"}]},{"@type":"WebSite","@id":"https:\/\/www.webdo.tn\/fr\/#website","url":"https:\/\/www.webdo.tn\/fr\/","name":"webdo","description":"Tunisie - News en Tunisie et \u00e0 l&#039;international sur Webdo.tn","publisher":{"@id":"https:\/\/www.webdo.tn\/fr\/#organization"},"potentialAction":[{"@type":"SearchAction","target":{"@type":"EntryPoint","urlTemplate":"https:\/\/www.webdo.tn\/fr\/?s={search_term_string}"},"query-input":{"@type":"PropertyValueSpecification","valueRequired":true,"valueName":"search_term_string"}}],"inLanguage":"fr-FR"},{"@type":"Organization","@id":"https:\/\/www.webdo.tn\/fr\/#organization","name":"Webdo","alternateName":"Webdo.tn","url":"https:\/\/www.webdo.tn\/fr\/","logo":{"@type":"ImageObject","inLanguage":"fr-FR","@id":"https:\/\/www.webdo.tn\/fr\/#\/schema\/logo\/image\/","url":"https:\/\/www.webdo.tn\/fr\/wp-content\/uploads\/2025\/06\/Webdo-Tunisie_168377.jpg","contentUrl":"https:\/\/www.webdo.tn\/fr\/wp-content\/uploads\/2025\/06\/Webdo-Tunisie_168377.jpg","width":301,"height":301,"caption":"Webdo"},"image":{"@id":"https:\/\/www.webdo.tn\/fr\/#\/schema\/logo\/image\/"},"sameAs":["https:\/\/www.facebook.com\/webdotn","https:\/\/x.com\/webdo_tn"],"description":"Webdo est un m\u00e9dia num\u00e9rique tunisien fond\u00e9 en 2010, sp\u00e9cialis\u00e9 dans l\u2019actualit\u00e9 nationale et internationale, l\u2019\u00e9conomie, la soci\u00e9t\u00e9 et les analyses politiques. Le site s\u2019adresse \u00e0 un large public francophone et couvre l\u2019information tunisienne en temps r\u00e9el.","email":"redac@webdo.tn","legalName":"YNJ SARL","foundingDate":"2010-09-06","numberOfEmployees":{"@type":"QuantitativeValue","minValue":"11","maxValue":"50"}},{"@type":"Person","@id":"https:\/\/www.webdo.tn\/fr\/#\/schema\/person\/19664196c9bfdcda126f3c27709f7d11","name":"Firas Ben Abdeltif","image":{"@type":"ImageObject","inLanguage":"fr-FR","@id":"https:\/\/secure.gravatar.com\/avatar\/161a347d40df098a084778c52ed133dbd85f14df003867067c5948081241ec55?s=96&d=mm&r=g","url":"https:\/\/secure.gravatar.com\/avatar\/161a347d40df098a084778c52ed133dbd85f14df003867067c5948081241ec55?s=96&d=mm&r=g","contentUrl":"https:\/\/secure.gravatar.com\/avatar\/161a347d40df098a084778c52ed133dbd85f14df003867067c5948081241ec55?s=96&d=mm&r=g","caption":"Firas Ben Abdeltif"},"url":"https:\/\/www.webdo.tn\/fr\/actualite\/author\/firas-ben-abdeltif\/"}]}},"_links":{"self":[{"href":"https:\/\/www.webdo.tn\/fr\/wp-json\/wp\/v2\/posts\/394296","targetHints":{"allow":["GET"]}}],"collection":[{"href":"https:\/\/www.webdo.tn\/fr\/wp-json\/wp\/v2\/posts"}],"about":[{"href":"https:\/\/www.webdo.tn\/fr\/wp-json\/wp\/v2\/types\/post"}],"author":[{"embeddable":true,"href":"https:\/\/www.webdo.tn\/fr\/wp-json\/wp\/v2\/users\/4779"}],"replies":[{"embeddable":true,"href":"https:\/\/www.webdo.tn\/fr\/wp-json\/wp\/v2\/comments?post=394296"}],"version-history":[{"count":0,"href":"https:\/\/www.webdo.tn\/fr\/wp-json\/wp\/v2\/posts\/394296\/revisions"}],"wp:featuredmedia":[{"embeddable":true,"href":"https:\/\/www.webdo.tn\/fr\/wp-json\/wp\/v2\/media\/394300"}],"wp:attachment":[{"href":"https:\/\/www.webdo.tn\/fr\/wp-json\/wp\/v2\/media?parent=394296"}],"wp:term":[{"taxonomy":"category","embeddable":true,"href":"https:\/\/www.webdo.tn\/fr\/wp-json\/wp\/v2\/categories?post=394296"},{"taxonomy":"post_tag","embeddable":true,"href":"https:\/\/www.webdo.tn\/fr\/wp-json\/wp\/v2\/tags?post=394296"}],"curies":[{"name":"wp","href":"https:\/\/api.w.org\/{rel}","templated":true}]}}