{"id":394292,"date":"2026-03-09T10:02:24","date_gmt":"2026-03-09T09:02:24","guid":{"rendered":"https:\/\/www.webdo.tn\/fr\/?p=394292"},"modified":"2026-03-09T10:02:27","modified_gmt":"2026-03-09T09:02:27","slug":"tunisie-meteo-baisse-des-temperatures-et-pluies-orageuses-prevues","status":"publish","type":"post","link":"https:\/\/www.webdo.tn\/fr\/actualite\/national\/tunisie-meteo-baisse-des-temperatures-et-pluies-orageuses-prevues\/394292\/","title":{"rendered":"Tunisie &#8211; M\u00e9t\u00e9o : Baisse des temp\u00e9ratures et pluies orageuses pr\u00e9vues"},"content":{"rendered":"\n<p><strong>Selon l\u2019Institut national de la m\u00e9t\u00e9orologie (INM), des changements m\u00e9t\u00e9orologiques sont attendus en Tunisie au d\u00e9but de cette semaine, avec notamment une baisse des temp\u00e9ratures et le retour des pluies.<\/strong><\/p>\n\n\n\n<p>L\u2019ing\u00e9nieur \u00e0 l\u2019INM, Bilal Yahiaoui, a indiqu\u00e9 lundi 9 mars 2026 que des pluies sont pr\u00e9vues sur la plupart des r\u00e9gions du pays, \u00e0 l\u2019exception du gouvernorat de Tataouine. Ces pr\u00e9cipitations pourraient \u00eatre temporairement orageuses et localement abondantes dans certaines zones.<\/p>\n\n\n\n<h2 class=\"wp-block-heading\" id=\"h-temperatures-en-baisse\">Temp\u00e9ratures en baisse <\/h2>\n\n\n\n<p>Les temp\u00e9ratures maximales enregistrent \u00e9galement une baisse ce lundi. Elles devraient varier entre 15 et 20 degr\u00e9s dans le nord et le centre, ainsi que localement dans le sud, et entre 20 et 24 degr\u00e9s dans le sud-ouest et l\u2019extr\u00eame sud.<\/p>\n\n\n\n<p>La situation m\u00e9t\u00e9orologique sera aussi marqu\u00e9e par la formation de brouillard local le matin dans le nord. Des pluies \u00e9parses sont attendues sur les c\u00f4tes est avant de s\u2019\u00e9tendre dans l\u2019apr\u00e8s-midi au reste du nord, du centre et localement au sud, avec un caract\u00e8re temporairement orageux et parfois intense.<\/p>\n\n\n\n<p>Les vents souffleront du nord-est, relativement forts et parfois forts pr\u00e8s des c\u00f4tes orientales et dans le sud, tandis qu\u2019ils seront faibles \u00e0 mod\u00e9r\u00e9s ailleurs.<\/p>\n\n\n\n<p>La mer sera agit\u00e9e \u00e0 tr\u00e8s agit\u00e9e sur la plupart des c\u00f4tes, et agit\u00e9e \u00e0 localement tr\u00e8s agit\u00e9e au nord.<\/p>\n\n\n\n<p class=\"has-medium-font-size\"><strong>Lire aussi :\u00a0<\/strong><a href=\"https:\/\/www.webdo.tn\/fr\/actualite\/national\/tunisie-fortes-pluies-attendues-au-nord-est-et-sur-le-sahel-ce-vendredi\/394166\/\">Tunisie\u00a0: Fortes pluies attendues au nord-est et sur le Sahel ce vendredi<\/a><\/p>\n\n\n\n<p><\/p>\n","protected":false},"excerpt":{"rendered":"<p>Selon l\u2019Institut national de la m\u00e9t\u00e9orologie (INM), des changements m\u00e9t\u00e9orologiques sont attendus en Tunisie au d\u00e9but de cette semaine, avec notamment une baisse des temp\u00e9ratures et le retour des pluies. L\u2019ing\u00e9nieur \u00e0 l\u2019INM, Bilal Yahiaoui, a indiqu\u00e9 lundi 9 mars 2026 que des pluies sont pr\u00e9vues sur la plupart des r\u00e9gions du pays, \u00e0 l\u2019exception [&hellip;]<\/p>\n","protected":false},"author":3184,"featured_media":384069,"comment_status":"closed","ping_status":"closed","sticky":false,"template":"","format":"standard","meta":{"footnotes":""},"categories":[44],"tags":[2671,4806,2608],"class_list":["post-394292","post","type-post","status-publish","format-standard","has-post-thumbnail","hentry","category-national","tag-pluie","tag-temperature","tag-tunisie"],"yoast_head":"<!-- This site is optimized with the Yoast SEO Premium plugin v27.5 (Yoast SEO v27.5) - https:\/\/yoast.com\/product\/yoast-seo-premium-wordpress\/ -->\n<title>Tunisie - M\u00e9t\u00e9o : Baisse des temp\u00e9ratures et pluies orageuses pr\u00e9vues - webdo<\/title>\n<meta name=\"description\" content=\"D\u00e9couvrez les pr\u00e9visions de pluie en Tunisie cette semaine, avec des temp\u00e9ratures en baisse et des possibles orages.\" \/>\n<link rel=\"canonical\" href=\"https:\/\/www.webdo.tn\/fr\/actualite\/national\/tunisie-meteo-baisse-des-temperatures-et-pluies-orageuses-prevues\/394292\/\" \/>\n<meta property=\"og:locale\" content=\"fr_FR\" \/>\n<meta property=\"og:type\" content=\"article\" \/>\n<meta property=\"og:title\" content=\"Tunisie - M\u00e9t\u00e9o : Baisse des temp\u00e9ratures et pluies orageuses pr\u00e9vues\" \/>\n<meta property=\"og:description\" content=\"D\u00e9couvrez les pr\u00e9visions de pluie en Tunisie cette semaine, avec des temp\u00e9ratures en baisse et des possibles orages.\" \/>\n<meta property=\"og:url\" content=\"https:\/\/www.webdo.tn\/fr\/actualite\/national\/tunisie-meteo-baisse-des-temperatures-et-pluies-orageuses-prevues\/394292\/\" \/>\n<meta property=\"og:site_name\" content=\"webdo\" \/>\n<meta property=\"article:publisher\" content=\"https:\/\/www.facebook.com\/webdotn\" \/>\n<meta property=\"article:published_time\" content=\"2026-03-09T09:02:24+00:00\" \/>\n<meta property=\"article:modified_time\" content=\"2026-03-09T09:02:27+00:00\" \/>\n<meta property=\"og:image\" content=\"https:\/\/www.webdo.tn\/fr\/wp-content\/uploads\/2025\/09\/pluie-1.jpg\" \/>\n\t<meta property=\"og:image:width\" content=\"1200\" \/>\n\t<meta property=\"og:image:height\" content=\"600\" \/>\n\t<meta property=\"og:image:type\" content=\"image\/jpeg\" \/>\n<meta name=\"author\" content=\"Wided Belhaj\" \/>\n<meta name=\"twitter:card\" content=\"summary_large_image\" \/>\n<meta name=\"twitter:creator\" content=\"@webdo_tn\" \/>\n<meta name=\"twitter:site\" content=\"@webdo_tn\" \/>\n<meta name=\"twitter:label1\" content=\"\u00c9crit par\" \/>\n\t<meta name=\"twitter:data1\" content=\"Wided Belhaj\" \/>\n\t<meta name=\"twitter:label2\" content=\"Dur\u00e9e de lecture estim\u00e9e\" \/>\n\t<meta name=\"twitter:data2\" content=\"2 minutes\" \/>\n<script type=\"application\/ld+json\" class=\"yoast-schema-graph\">{\"@context\":\"https:\\\/\\\/schema.org\",\"@graph\":[{\"@type\":\"NewsArticle\",\"@id\":\"https:\\\/\\\/www.webdo.tn\\\/fr\\\/actualite\\\/national\\\/tunisie-meteo-baisse-des-temperatures-et-pluies-orageuses-prevues\\\/394292\\\/#article\",\"isPartOf\":{\"@id\":\"https:\\\/\\\/www.webdo.tn\\\/fr\\\/actualite\\\/national\\\/tunisie-meteo-baisse-des-temperatures-et-pluies-orageuses-prevues\\\/394292\\\/\"},\"author\":{\"name\":\"Wided Belhaj\",\"@id\":\"https:\\\/\\\/www.webdo.tn\\\/fr\\\/#\\\/schema\\\/person\\\/b9ecde7a5574cb4fcf4b496ea5fadb15\"},\"headline\":\"Tunisie &#8211; M\u00e9t\u00e9o : Baisse des temp\u00e9ratures et pluies orageuses pr\u00e9vues\",\"datePublished\":\"2026-03-09T09:02:24+00:00\",\"dateModified\":\"2026-03-09T09:02:27+00:00\",\"mainEntityOfPage\":{\"@id\":\"https:\\\/\\\/www.webdo.tn\\\/fr\\\/actualite\\\/national\\\/tunisie-meteo-baisse-des-temperatures-et-pluies-orageuses-prevues\\\/394292\\\/\"},\"wordCount\":266,\"publisher\":{\"@id\":\"https:\\\/\\\/www.webdo.tn\\\/fr\\\/#organization\"},\"image\":{\"@id\":\"https:\\\/\\\/www.webdo.tn\\\/fr\\\/actualite\\\/national\\\/tunisie-meteo-baisse-des-temperatures-et-pluies-orageuses-prevues\\\/394292\\\/#primaryimage\"},\"thumbnailUrl\":\"https:\\\/\\\/www.webdo.tn\\\/fr\\\/wp-content\\\/uploads\\\/2025\\\/09\\\/pluie-1.jpg\",\"keywords\":[\"Pluie\",\"Temp\u00e9rature\",\"Tunisie\"],\"articleSection\":[\"National\"],\"inLanguage\":\"fr-FR\"},{\"@type\":\"WebPage\",\"@id\":\"https:\\\/\\\/www.webdo.tn\\\/fr\\\/actualite\\\/national\\\/tunisie-meteo-baisse-des-temperatures-et-pluies-orageuses-prevues\\\/394292\\\/\",\"url\":\"https:\\\/\\\/www.webdo.tn\\\/fr\\\/actualite\\\/national\\\/tunisie-meteo-baisse-des-temperatures-et-pluies-orageuses-prevues\\\/394292\\\/\",\"name\":\"Tunisie - M\u00e9t\u00e9o : Baisse des temp\u00e9ratures et pluies orageuses pr\u00e9vues - webdo\",\"isPartOf\":{\"@id\":\"https:\\\/\\\/www.webdo.tn\\\/fr\\\/#website\"},\"primaryImageOfPage\":{\"@id\":\"https:\\\/\\\/www.webdo.tn\\\/fr\\\/actualite\\\/national\\\/tunisie-meteo-baisse-des-temperatures-et-pluies-orageuses-prevues\\\/394292\\\/#primaryimage\"},\"image\":{\"@id\":\"https:\\\/\\\/www.webdo.tn\\\/fr\\\/actualite\\\/national\\\/tunisie-meteo-baisse-des-temperatures-et-pluies-orageuses-prevues\\\/394292\\\/#primaryimage\"},\"thumbnailUrl\":\"https:\\\/\\\/www.webdo.tn\\\/fr\\\/wp-content\\\/uploads\\\/2025\\\/09\\\/pluie-1.jpg\",\"datePublished\":\"2026-03-09T09:02:24+00:00\",\"dateModified\":\"2026-03-09T09:02:27+00:00\",\"description\":\"D\u00e9couvrez les pr\u00e9visions de pluie en Tunisie cette semaine, avec des temp\u00e9ratures en baisse et des possibles orages.\",\"breadcrumb\":{\"@id\":\"https:\\\/\\\/www.webdo.tn\\\/fr\\\/actualite\\\/national\\\/tunisie-meteo-baisse-des-temperatures-et-pluies-orageuses-prevues\\\/394292\\\/#breadcrumb\"},\"inLanguage\":\"fr-FR\",\"potentialAction\":[{\"@type\":\"ReadAction\",\"target\":[\"https:\\\/\\\/www.webdo.tn\\\/fr\\\/actualite\\\/national\\\/tunisie-meteo-baisse-des-temperatures-et-pluies-orageuses-prevues\\\/394292\\\/\"]}]},{\"@type\":\"ImageObject\",\"inLanguage\":\"fr-FR\",\"@id\":\"https:\\\/\\\/www.webdo.tn\\\/fr\\\/actualite\\\/national\\\/tunisie-meteo-baisse-des-temperatures-et-pluies-orageuses-prevues\\\/394292\\\/#primaryimage\",\"url\":\"https:\\\/\\\/www.webdo.tn\\\/fr\\\/wp-content\\\/uploads\\\/2025\\\/09\\\/pluie-1.jpg\",\"contentUrl\":\"https:\\\/\\\/www.webdo.tn\\\/fr\\\/wp-content\\\/uploads\\\/2025\\\/09\\\/pluie-1.jpg\",\"width\":1200,\"height\":600,\"caption\":\"Tunisie : Pluies et baisse des temp\u00e9ratures attendues d\u00e8s dimanche\"},{\"@type\":\"BreadcrumbList\",\"@id\":\"https:\\\/\\\/www.webdo.tn\\\/fr\\\/actualite\\\/national\\\/tunisie-meteo-baisse-des-temperatures-et-pluies-orageuses-prevues\\\/394292\\\/#breadcrumb\",\"itemListElement\":[{\"@type\":\"ListItem\",\"position\":1,\"name\":\"Accueil\",\"item\":\"https:\\\/\\\/www.webdo.tn\\\/fr\\\/\"},{\"@type\":\"ListItem\",\"position\":2,\"name\":\"Tunisie &#8211; M\u00e9t\u00e9o : Baisse des temp\u00e9ratures et pluies orageuses pr\u00e9vues\"}]},{\"@type\":\"WebSite\",\"@id\":\"https:\\\/\\\/www.webdo.tn\\\/fr\\\/#website\",\"url\":\"https:\\\/\\\/www.webdo.tn\\\/fr\\\/\",\"name\":\"webdo\",\"description\":\"Tunisie - News en Tunisie et \u00e0 l&#039;international sur Webdo.tn\",\"publisher\":{\"@id\":\"https:\\\/\\\/www.webdo.tn\\\/fr\\\/#organization\"},\"potentialAction\":[{\"@type\":\"SearchAction\",\"target\":{\"@type\":\"EntryPoint\",\"urlTemplate\":\"https:\\\/\\\/www.webdo.tn\\\/fr\\\/?s={search_term_string}\"},\"query-input\":{\"@type\":\"PropertyValueSpecification\",\"valueRequired\":true,\"valueName\":\"search_term_string\"}}],\"inLanguage\":\"fr-FR\"},{\"@type\":\"Organization\",\"@id\":\"https:\\\/\\\/www.webdo.tn\\\/fr\\\/#organization\",\"name\":\"Webdo\",\"alternateName\":\"Webdo.tn\",\"url\":\"https:\\\/\\\/www.webdo.tn\\\/fr\\\/\",\"logo\":{\"@type\":\"ImageObject\",\"inLanguage\":\"fr-FR\",\"@id\":\"https:\\\/\\\/www.webdo.tn\\\/fr\\\/#\\\/schema\\\/logo\\\/image\\\/\",\"url\":\"https:\\\/\\\/www.webdo.tn\\\/fr\\\/wp-content\\\/uploads\\\/2025\\\/06\\\/Webdo-Tunisie_168377.jpg\",\"contentUrl\":\"https:\\\/\\\/www.webdo.tn\\\/fr\\\/wp-content\\\/uploads\\\/2025\\\/06\\\/Webdo-Tunisie_168377.jpg\",\"width\":301,\"height\":301,\"caption\":\"Webdo\"},\"image\":{\"@id\":\"https:\\\/\\\/www.webdo.tn\\\/fr\\\/#\\\/schema\\\/logo\\\/image\\\/\"},\"sameAs\":[\"https:\\\/\\\/www.facebook.com\\\/webdotn\",\"https:\\\/\\\/x.com\\\/webdo_tn\"],\"description\":\"Webdo est un m\u00e9dia num\u00e9rique tunisien fond\u00e9 en 2010, sp\u00e9cialis\u00e9 dans l\u2019actualit\u00e9 nationale et internationale, l\u2019\u00e9conomie, la soci\u00e9t\u00e9 et les analyses politiques. Le site s\u2019adresse \u00e0 un large public francophone et couvre l\u2019information tunisienne en temps r\u00e9el.\",\"email\":\"redac@webdo.tn\",\"legalName\":\"YNJ SARL\",\"foundingDate\":\"2010-09-06\",\"numberOfEmployees\":{\"@type\":\"QuantitativeValue\",\"minValue\":\"11\",\"maxValue\":\"50\"}},{\"@type\":\"Person\",\"@id\":\"https:\\\/\\\/www.webdo.tn\\\/fr\\\/#\\\/schema\\\/person\\\/b9ecde7a5574cb4fcf4b496ea5fadb15\",\"name\":\"Wided Belhaj\",\"image\":{\"@type\":\"ImageObject\",\"inLanguage\":\"fr-FR\",\"@id\":\"https:\\\/\\\/www.webdo.tn\\\/fr\\\/wp-content\\\/uploads\\\/2026\\\/04\\\/wided-belhaj_avatar-96x96.jpg\",\"url\":\"https:\\\/\\\/www.webdo.tn\\\/fr\\\/wp-content\\\/uploads\\\/2026\\\/04\\\/wided-belhaj_avatar-96x96.jpg\",\"contentUrl\":\"https:\\\/\\\/www.webdo.tn\\\/fr\\\/wp-content\\\/uploads\\\/2026\\\/04\\\/wided-belhaj_avatar-96x96.jpg\",\"caption\":\"Wided Belhaj\"},\"description\":\"Wided Belhaj est le pseudonyme \u00e9ditorial utilis\u00e9 par Khalil Jelassi, journaliste, ma\u00eetre-assistant \u00e0 l\u2019Institut de presse et des sciences de l\u2019information (IPSI) et chercheur en sciences de l\u2019information et de la communication. Cette signature est d\u00e9di\u00e9e \u00e0 l\u2019analyse des m\u00e9dias, des pratiques journalistiques et des mutations de l\u2019information \u00e0 l\u2019\u00e8re digitale. \u00c0 travers ses contributions, Wided Belhaj propose une lecture analytique de l\u2019actualit\u00e9, en croisant regard critique et expertise acad\u00e9mique.\",\"knowsAbout\":[\"m\u00e9dias\",\"journalisme\",\"communication\",\"information\",\"transformation num\u00e9rique\",\"analyse des m\u00e9dias\"],\"knowsLanguage\":[\"Fran\u00e7ais\",\"Arabe\"],\"jobTitle\":\"Webdo.tn\",\"worksFor\":\"Journaliste \u2013 Analyse des m\u00e9dias\",\"url\":\"https:\\\/\\\/www.webdo.tn\\\/fr\\\/actualite\\\/author\\\/wided-belhaj\\\/\"}]}<\/script>\n<!-- \/ Yoast SEO Premium plugin. -->","yoast_head_json":{"title":"Tunisie - M\u00e9t\u00e9o : Baisse des temp\u00e9ratures et pluies orageuses pr\u00e9vues - webdo","description":"D\u00e9couvrez les pr\u00e9visions de pluie en Tunisie cette semaine, avec des temp\u00e9ratures en baisse et des possibles orages.","canonical":"https:\/\/www.webdo.tn\/fr\/actualite\/national\/tunisie-meteo-baisse-des-temperatures-et-pluies-orageuses-prevues\/394292\/","og_locale":"fr_FR","og_type":"article","og_title":"Tunisie - M\u00e9t\u00e9o : Baisse des temp\u00e9ratures et pluies orageuses pr\u00e9vues","og_description":"D\u00e9couvrez les pr\u00e9visions de pluie en Tunisie cette semaine, avec des temp\u00e9ratures en baisse et des possibles orages.","og_url":"https:\/\/www.webdo.tn\/fr\/actualite\/national\/tunisie-meteo-baisse-des-temperatures-et-pluies-orageuses-prevues\/394292\/","og_site_name":"webdo","article_publisher":"https:\/\/www.facebook.com\/webdotn","article_published_time":"2026-03-09T09:02:24+00:00","article_modified_time":"2026-03-09T09:02:27+00:00","og_image":[{"width":1200,"height":600,"url":"https:\/\/www.webdo.tn\/fr\/wp-content\/uploads\/2025\/09\/pluie-1.jpg","type":"image\/jpeg"}],"author":"Wided Belhaj","twitter_card":"summary_large_image","twitter_creator":"@webdo_tn","twitter_site":"@webdo_tn","twitter_misc":{"\u00c9crit par":"Wided Belhaj","Dur\u00e9e de lecture estim\u00e9e":"2 minutes"},"schema":{"@context":"https:\/\/schema.org","@graph":[{"@type":"NewsArticle","@id":"https:\/\/www.webdo.tn\/fr\/actualite\/national\/tunisie-meteo-baisse-des-temperatures-et-pluies-orageuses-prevues\/394292\/#article","isPartOf":{"@id":"https:\/\/www.webdo.tn\/fr\/actualite\/national\/tunisie-meteo-baisse-des-temperatures-et-pluies-orageuses-prevues\/394292\/"},"author":{"name":"Wided Belhaj","@id":"https:\/\/www.webdo.tn\/fr\/#\/schema\/person\/b9ecde7a5574cb4fcf4b496ea5fadb15"},"headline":"Tunisie &#8211; M\u00e9t\u00e9o : Baisse des temp\u00e9ratures et pluies orageuses pr\u00e9vues","datePublished":"2026-03-09T09:02:24+00:00","dateModified":"2026-03-09T09:02:27+00:00","mainEntityOfPage":{"@id":"https:\/\/www.webdo.tn\/fr\/actualite\/national\/tunisie-meteo-baisse-des-temperatures-et-pluies-orageuses-prevues\/394292\/"},"wordCount":266,"publisher":{"@id":"https:\/\/www.webdo.tn\/fr\/#organization"},"image":{"@id":"https:\/\/www.webdo.tn\/fr\/actualite\/national\/tunisie-meteo-baisse-des-temperatures-et-pluies-orageuses-prevues\/394292\/#primaryimage"},"thumbnailUrl":"https:\/\/www.webdo.tn\/fr\/wp-content\/uploads\/2025\/09\/pluie-1.jpg","keywords":["Pluie","Temp\u00e9rature","Tunisie"],"articleSection":["National"],"inLanguage":"fr-FR"},{"@type":"WebPage","@id":"https:\/\/www.webdo.tn\/fr\/actualite\/national\/tunisie-meteo-baisse-des-temperatures-et-pluies-orageuses-prevues\/394292\/","url":"https:\/\/www.webdo.tn\/fr\/actualite\/national\/tunisie-meteo-baisse-des-temperatures-et-pluies-orageuses-prevues\/394292\/","name":"Tunisie - M\u00e9t\u00e9o : Baisse des temp\u00e9ratures et pluies orageuses pr\u00e9vues - webdo","isPartOf":{"@id":"https:\/\/www.webdo.tn\/fr\/#website"},"primaryImageOfPage":{"@id":"https:\/\/www.webdo.tn\/fr\/actualite\/national\/tunisie-meteo-baisse-des-temperatures-et-pluies-orageuses-prevues\/394292\/#primaryimage"},"image":{"@id":"https:\/\/www.webdo.tn\/fr\/actualite\/national\/tunisie-meteo-baisse-des-temperatures-et-pluies-orageuses-prevues\/394292\/#primaryimage"},"thumbnailUrl":"https:\/\/www.webdo.tn\/fr\/wp-content\/uploads\/2025\/09\/pluie-1.jpg","datePublished":"2026-03-09T09:02:24+00:00","dateModified":"2026-03-09T09:02:27+00:00","description":"D\u00e9couvrez les pr\u00e9visions de pluie en Tunisie cette semaine, avec des temp\u00e9ratures en baisse et des possibles orages.","breadcrumb":{"@id":"https:\/\/www.webdo.tn\/fr\/actualite\/national\/tunisie-meteo-baisse-des-temperatures-et-pluies-orageuses-prevues\/394292\/#breadcrumb"},"inLanguage":"fr-FR","potentialAction":[{"@type":"ReadAction","target":["https:\/\/www.webdo.tn\/fr\/actualite\/national\/tunisie-meteo-baisse-des-temperatures-et-pluies-orageuses-prevues\/394292\/"]}]},{"@type":"ImageObject","inLanguage":"fr-FR","@id":"https:\/\/www.webdo.tn\/fr\/actualite\/national\/tunisie-meteo-baisse-des-temperatures-et-pluies-orageuses-prevues\/394292\/#primaryimage","url":"https:\/\/www.webdo.tn\/fr\/wp-content\/uploads\/2025\/09\/pluie-1.jpg","contentUrl":"https:\/\/www.webdo.tn\/fr\/wp-content\/uploads\/2025\/09\/pluie-1.jpg","width":1200,"height":600,"caption":"Tunisie : Pluies et baisse des temp\u00e9ratures attendues d\u00e8s dimanche"},{"@type":"BreadcrumbList","@id":"https:\/\/www.webdo.tn\/fr\/actualite\/national\/tunisie-meteo-baisse-des-temperatures-et-pluies-orageuses-prevues\/394292\/#breadcrumb","itemListElement":[{"@type":"ListItem","position":1,"name":"Accueil","item":"https:\/\/www.webdo.tn\/fr\/"},{"@type":"ListItem","position":2,"name":"Tunisie &#8211; M\u00e9t\u00e9o : Baisse des temp\u00e9ratures et pluies orageuses pr\u00e9vues"}]},{"@type":"WebSite","@id":"https:\/\/www.webdo.tn\/fr\/#website","url":"https:\/\/www.webdo.tn\/fr\/","name":"webdo","description":"Tunisie - News en Tunisie et \u00e0 l&#039;international sur Webdo.tn","publisher":{"@id":"https:\/\/www.webdo.tn\/fr\/#organization"},"potentialAction":[{"@type":"SearchAction","target":{"@type":"EntryPoint","urlTemplate":"https:\/\/www.webdo.tn\/fr\/?s={search_term_string}"},"query-input":{"@type":"PropertyValueSpecification","valueRequired":true,"valueName":"search_term_string"}}],"inLanguage":"fr-FR"},{"@type":"Organization","@id":"https:\/\/www.webdo.tn\/fr\/#organization","name":"Webdo","alternateName":"Webdo.tn","url":"https:\/\/www.webdo.tn\/fr\/","logo":{"@type":"ImageObject","inLanguage":"fr-FR","@id":"https:\/\/www.webdo.tn\/fr\/#\/schema\/logo\/image\/","url":"https:\/\/www.webdo.tn\/fr\/wp-content\/uploads\/2025\/06\/Webdo-Tunisie_168377.jpg","contentUrl":"https:\/\/www.webdo.tn\/fr\/wp-content\/uploads\/2025\/06\/Webdo-Tunisie_168377.jpg","width":301,"height":301,"caption":"Webdo"},"image":{"@id":"https:\/\/www.webdo.tn\/fr\/#\/schema\/logo\/image\/"},"sameAs":["https:\/\/www.facebook.com\/webdotn","https:\/\/x.com\/webdo_tn"],"description":"Webdo est un m\u00e9dia num\u00e9rique tunisien fond\u00e9 en 2010, sp\u00e9cialis\u00e9 dans l\u2019actualit\u00e9 nationale et internationale, l\u2019\u00e9conomie, la soci\u00e9t\u00e9 et les analyses politiques. Le site s\u2019adresse \u00e0 un large public francophone et couvre l\u2019information tunisienne en temps r\u00e9el.","email":"redac@webdo.tn","legalName":"YNJ SARL","foundingDate":"2010-09-06","numberOfEmployees":{"@type":"QuantitativeValue","minValue":"11","maxValue":"50"}},{"@type":"Person","@id":"https:\/\/www.webdo.tn\/fr\/#\/schema\/person\/b9ecde7a5574cb4fcf4b496ea5fadb15","name":"Wided Belhaj","image":{"@type":"ImageObject","inLanguage":"fr-FR","@id":"https:\/\/www.webdo.tn\/fr\/wp-content\/uploads\/2026\/04\/wided-belhaj_avatar-96x96.jpg","url":"https:\/\/www.webdo.tn\/fr\/wp-content\/uploads\/2026\/04\/wided-belhaj_avatar-96x96.jpg","contentUrl":"https:\/\/www.webdo.tn\/fr\/wp-content\/uploads\/2026\/04\/wided-belhaj_avatar-96x96.jpg","caption":"Wided Belhaj"},"description":"Wided Belhaj est le pseudonyme \u00e9ditorial utilis\u00e9 par Khalil Jelassi, journaliste, ma\u00eetre-assistant \u00e0 l\u2019Institut de presse et des sciences de l\u2019information (IPSI) et chercheur en sciences de l\u2019information et de la communication. Cette signature est d\u00e9di\u00e9e \u00e0 l\u2019analyse des m\u00e9dias, des pratiques journalistiques et des mutations de l\u2019information \u00e0 l\u2019\u00e8re digitale. \u00c0 travers ses contributions, Wided Belhaj propose une lecture analytique de l\u2019actualit\u00e9, en croisant regard critique et expertise acad\u00e9mique.","knowsAbout":["m\u00e9dias","journalisme","communication","information","transformation num\u00e9rique","analyse des m\u00e9dias"],"knowsLanguage":["Fran\u00e7ais","Arabe"],"jobTitle":"Webdo.tn","worksFor":"Journaliste \u2013 Analyse des m\u00e9dias","url":"https:\/\/www.webdo.tn\/fr\/actualite\/author\/wided-belhaj\/"}]}},"_links":{"self":[{"href":"https:\/\/www.webdo.tn\/fr\/wp-json\/wp\/v2\/posts\/394292","targetHints":{"allow":["GET"]}}],"collection":[{"href":"https:\/\/www.webdo.tn\/fr\/wp-json\/wp\/v2\/posts"}],"about":[{"href":"https:\/\/www.webdo.tn\/fr\/wp-json\/wp\/v2\/types\/post"}],"author":[{"embeddable":true,"href":"https:\/\/www.webdo.tn\/fr\/wp-json\/wp\/v2\/users\/3184"}],"replies":[{"embeddable":true,"href":"https:\/\/www.webdo.tn\/fr\/wp-json\/wp\/v2\/comments?post=394292"}],"version-history":[{"count":0,"href":"https:\/\/www.webdo.tn\/fr\/wp-json\/wp\/v2\/posts\/394292\/revisions"}],"wp:featuredmedia":[{"embeddable":true,"href":"https:\/\/www.webdo.tn\/fr\/wp-json\/wp\/v2\/media\/384069"}],"wp:attachment":[{"href":"https:\/\/www.webdo.tn\/fr\/wp-json\/wp\/v2\/media?parent=394292"}],"wp:term":[{"taxonomy":"category","embeddable":true,"href":"https:\/\/www.webdo.tn\/fr\/wp-json\/wp\/v2\/categories?post=394292"},{"taxonomy":"post_tag","embeddable":true,"href":"https:\/\/www.webdo.tn\/fr\/wp-json\/wp\/v2\/tags?post=394292"}],"curies":[{"name":"wp","href":"https:\/\/api.w.org\/{rel}","templated":true}]}}