{"id":394266,"date":"2026-03-08T15:26:08","date_gmt":"2026-03-08T14:26:08","guid":{"rendered":"https:\/\/www.webdo.tn\/fr\/?p=394266"},"modified":"2026-03-08T15:26:11","modified_gmt":"2026-03-08T14:26:11","slug":"ligue-1-23eme-j-le-club-africain-arrache-la-victoire-a-la-101eme-minute","status":"publish","type":"post","link":"https:\/\/www.webdo.tn\/fr\/actualite\/sport\/ligue-1-23eme-j-le-club-africain-arrache-la-victoire-a-la-101eme-minute\/394266\/","title":{"rendered":"Ligue 1 | 23\u00e8me J. : Le Club Africain arrache la victoire \u00e0 la 101\u00e8me minute"},"content":{"rendered":"\n<p><strong>Le Club Africain est all\u00e9 chercher une victoire aussi tardive que pr\u00e9cieuse sur le terrain de l\u2019Union sportive de Ben Guerdane (1-0), dimanche, lors de la 23e journ\u00e9e de Ligue 1.<\/strong><\/p>\n\n\n\n<p>Longtemps incapables de trouver la faille, les joueurs dirig\u00e9s par Faouzi Benzarti ont finalement fait la diff\u00e9rence dans les ultimes instants de la rencontre. Au bout du temps additionnel, \u00e0 la 101e minute, Gha\u00efth Z\u00e2alouni a transform\u00e9 un penalty d\u00e9cisif qui a offert trois points inesp\u00e9r\u00e9s aux Clubistes.<\/p>\n\n\n\n<p>Gr\u00e2ce \u00e0 ce succ\u00e8s arrach\u00e9 au bout du suspense, le club de Bab Jedid r\u00e9duit l\u2019\u00e9cart avec l\u2019Esp\u00e9rance sportive de Tunis, qui s\u2019est impos\u00e9e samedi face \u00e0 l\u2019Avenir sportif de La Marsa. L\u2019\u00e9cart entre les deux formations n\u2019est d\u00e9sormais plus que de deux points.<\/p>\n\n\n\n<h2 class=\"wp-block-heading\" id=\"h-le-stade-tunisien-a-ete-tenu-en-echec-sur-sa-pelouse\">Le Stade Tunisien a \u00e9t\u00e9 tenu en \u00e9chec sur sa pelouse<\/h2>\n\n\n\n<p>Dans une autre rencontre de la journ\u00e9e, le Stade Tunisien a \u00e9t\u00e9 tenu en \u00e9chec sur sa pelouse par l\u2019\u00c9toile sportive du Sahel (1-1). Les Bardolais avaient pourtant pris l\u2019avantage d\u00e8s la 17e minute gr\u00e2ce \u00e0 Boubacar Junior Camara. Mais les visiteurs sont parvenus \u00e0 revenir au score dans les derniers instants, Nizar Smichi \u00e9galisant \u00e0 trois minutes de la fin.<\/p>\n\n\n\n<p>De son c\u00f4t\u00e9, le Club athl\u00e9tique bizertin a r\u00e9ussi une belle performance en d\u00e9placement face \u00e0 la Jeunesse sportive kairouanaise (2-1).<\/p>\n\n\n\n<p>Les Bizertins avaient pourtant mal entam\u00e9 la rencontre, encaissant un but d\u00e8s la 7e minute sign\u00e9 Amine Za\u00efri. Ils ont toutefois r\u00e9agi avant la pause gr\u00e2ce \u00e0 Mohamed Amine Allala (44e), avant qu\u2019Ibrahima Cissoko ne scelle la victoire sur penalty \u00e0 la 79e minute.<\/p>\n\n\n\n<p><\/p>\n\n\n\n<h2 class=\"wp-block-heading\" id=\"h-resultats-du-dimanche\">R\u00e9sultats du dimanche  <\/h2>\n\n\n\n<p><\/p>\n\n\n\n<ul class=\"wp-block-list\">\n<li>Stade Tunisien 1 &#8211; 1 \u00c9toile sportive du Sahel<\/li>\n\n\n\n<li>Jeunesse sportive kairouanaise 1 &#8211; 2 Club athl\u00e9tique bizertin<\/li>\n\n\n\n<li>Union sportive de Ben Guerdane 0 &#8211; 1 Club Africain<\/li>\n<\/ul>\n\n\n\n<p><\/p>\n\n\n\n<h2 class=\"wp-block-heading\" id=\"h-classement\">Classement <\/h2>\n\n\n\n<figure class=\"wp-block-image size-full\"><img decoding=\"async\" width=\"761\" height=\"911\" src=\"https:\/\/www.webdo.tn\/fr\/wp-content\/uploads\/2026\/03\/Capture-decran-2026-03-08-152520.jpg\" alt=\"\" class=\"wp-image-394267\" srcset=\"https:\/\/www.webdo.tn\/fr\/wp-content\/uploads\/2026\/03\/Capture-decran-2026-03-08-152520.jpg 761w, https:\/\/www.webdo.tn\/fr\/wp-content\/uploads\/2026\/03\/Capture-decran-2026-03-08-152520-251x300.jpg 251w, https:\/\/www.webdo.tn\/fr\/wp-content\/uploads\/2026\/03\/Capture-decran-2026-03-08-152520-750x898.jpg 750w\" sizes=\"(max-width: 761px) 100vw, 761px\" \/><\/figure>\n\n\n\n<p><\/p>\n","protected":false},"excerpt":{"rendered":"<p>Le Club Africain est all\u00e9 chercher une victoire aussi tardive que pr\u00e9cieuse sur le terrain de l\u2019Union sportive de Ben Guerdane (1-0), dimanche, lors de la 23e journ\u00e9e de Ligue 1. Longtemps incapables de trouver la faille, les joueurs dirig\u00e9s par Faouzi Benzarti ont finalement fait la diff\u00e9rence dans les ultimes instants de la rencontre. [&hellip;]<\/p>\n","protected":false},"author":3184,"featured_media":386702,"comment_status":"closed","ping_status":"closed","sticky":false,"template":"","format":"standard","meta":{"footnotes":""},"categories":[2593],"tags":[2778,2777,2608],"class_list":["post-394266","post","type-post","status-publish","format-standard","has-post-thumbnail","hentry","category-sport","tag-championnat","tag-ligue-1","tag-tunisie"],"yoast_head":"<!-- This site is optimized with the Yoast SEO Premium plugin v27.4 (Yoast SEO v27.5) - https:\/\/yoast.com\/product\/yoast-seo-premium-wordpress\/ -->\n<title>Ligue 1 | 23\u00e8me J. : Le Club Africain arrache la victoire \u00e0 la 101\u00e8me minute - webdo<\/title>\n<meta name=\"description\" content=\"Revivez la victoire pr\u00e9cieuse du Club Africain en Ligue 1, un penalty d\u00e9cisif \u00e0 la 101e minute a chang\u00e9 la donne.\" \/>\n<link rel=\"canonical\" href=\"https:\/\/www.webdo.tn\/fr\/actualite\/sport\/ligue-1-23eme-j-le-club-africain-arrache-la-victoire-a-la-101eme-minute\/394266\/\" \/>\n<meta property=\"og:locale\" content=\"fr_FR\" \/>\n<meta property=\"og:type\" content=\"article\" \/>\n<meta property=\"og:title\" content=\"Ligue 1 | 23\u00e8me J. : Le Club Africain arrache la victoire \u00e0 la 101\u00e8me minute\" \/>\n<meta property=\"og:description\" content=\"Revivez la victoire pr\u00e9cieuse du Club Africain en Ligue 1, un penalty d\u00e9cisif \u00e0 la 101e minute a chang\u00e9 la donne.\" \/>\n<meta property=\"og:url\" content=\"https:\/\/www.webdo.tn\/fr\/actualite\/sport\/ligue-1-23eme-j-le-club-africain-arrache-la-victoire-a-la-101eme-minute\/394266\/\" \/>\n<meta property=\"og:site_name\" content=\"webdo\" \/>\n<meta property=\"article:publisher\" content=\"https:\/\/www.facebook.com\/webdotn\" \/>\n<meta property=\"article:published_time\" content=\"2026-03-08T14:26:08+00:00\" \/>\n<meta property=\"article:modified_time\" content=\"2026-03-08T14:26:11+00:00\" \/>\n<meta property=\"og:image\" content=\"https:\/\/www.webdo.tn\/fr\/wp-content\/uploads\/2025\/11\/569028591_1273069918195244_3330928176897425035_n.jpg\" \/>\n\t<meta property=\"og:image:width\" content=\"1200\" \/>\n\t<meta property=\"og:image:height\" content=\"600\" \/>\n\t<meta property=\"og:image:type\" content=\"image\/jpeg\" \/>\n<meta name=\"author\" content=\"Wided Belhaj\" \/>\n<meta name=\"twitter:card\" content=\"summary_large_image\" \/>\n<meta name=\"twitter:creator\" content=\"@webdo_tn\" \/>\n<meta name=\"twitter:site\" content=\"@webdo_tn\" \/>\n<meta name=\"twitter:label1\" content=\"\u00c9crit par\" \/>\n\t<meta name=\"twitter:data1\" content=\"Wided Belhaj\" \/>\n\t<meta name=\"twitter:label2\" content=\"Dur\u00e9e de lecture estim\u00e9e\" \/>\n\t<meta name=\"twitter:data2\" content=\"2 minutes\" \/>\n<script type=\"application\/ld+json\" class=\"yoast-schema-graph\">{\"@context\":\"https:\\\/\\\/schema.org\",\"@graph\":[{\"@type\":\"NewsArticle\",\"@id\":\"https:\\\/\\\/www.webdo.tn\\\/fr\\\/actualite\\\/sport\\\/ligue-1-23eme-j-le-club-africain-arrache-la-victoire-a-la-101eme-minute\\\/394266\\\/#article\",\"isPartOf\":{\"@id\":\"https:\\\/\\\/www.webdo.tn\\\/fr\\\/actualite\\\/sport\\\/ligue-1-23eme-j-le-club-africain-arrache-la-victoire-a-la-101eme-minute\\\/394266\\\/\"},\"author\":{\"name\":\"Wided Belhaj\",\"@id\":\"https:\\\/\\\/www.webdo.tn\\\/fr\\\/#\\\/schema\\\/person\\\/b9ecde7a5574cb4fcf4b496ea5fadb15\"},\"headline\":\"Ligue 1 | 23\u00e8me J. : Le Club Africain arrache la victoire \u00e0 la 101\u00e8me minute\",\"datePublished\":\"2026-03-08T14:26:08+00:00\",\"dateModified\":\"2026-03-08T14:26:11+00:00\",\"mainEntityOfPage\":{\"@id\":\"https:\\\/\\\/www.webdo.tn\\\/fr\\\/actualite\\\/sport\\\/ligue-1-23eme-j-le-club-africain-arrache-la-victoire-a-la-101eme-minute\\\/394266\\\/\"},\"wordCount\":326,\"publisher\":{\"@id\":\"https:\\\/\\\/www.webdo.tn\\\/fr\\\/#organization\"},\"image\":{\"@id\":\"https:\\\/\\\/www.webdo.tn\\\/fr\\\/actualite\\\/sport\\\/ligue-1-23eme-j-le-club-africain-arrache-la-victoire-a-la-101eme-minute\\\/394266\\\/#primaryimage\"},\"thumbnailUrl\":\"https:\\\/\\\/www.webdo.tn\\\/fr\\\/wp-content\\\/uploads\\\/2025\\\/11\\\/569028591_1273069918195244_3330928176897425035_n.jpg\",\"keywords\":[\"championnat\",\"Ligue 1\",\"Tunisie\"],\"articleSection\":[\"Sport\"],\"inLanguage\":\"fr-FR\"},{\"@type\":\"WebPage\",\"@id\":\"https:\\\/\\\/www.webdo.tn\\\/fr\\\/actualite\\\/sport\\\/ligue-1-23eme-j-le-club-africain-arrache-la-victoire-a-la-101eme-minute\\\/394266\\\/\",\"url\":\"https:\\\/\\\/www.webdo.tn\\\/fr\\\/actualite\\\/sport\\\/ligue-1-23eme-j-le-club-africain-arrache-la-victoire-a-la-101eme-minute\\\/394266\\\/\",\"name\":\"Ligue 1 | 23\u00e8me J. : Le Club Africain arrache la victoire \u00e0 la 101\u00e8me minute - webdo\",\"isPartOf\":{\"@id\":\"https:\\\/\\\/www.webdo.tn\\\/fr\\\/#website\"},\"primaryImageOfPage\":{\"@id\":\"https:\\\/\\\/www.webdo.tn\\\/fr\\\/actualite\\\/sport\\\/ligue-1-23eme-j-le-club-africain-arrache-la-victoire-a-la-101eme-minute\\\/394266\\\/#primaryimage\"},\"image\":{\"@id\":\"https:\\\/\\\/www.webdo.tn\\\/fr\\\/actualite\\\/sport\\\/ligue-1-23eme-j-le-club-africain-arrache-la-victoire-a-la-101eme-minute\\\/394266\\\/#primaryimage\"},\"thumbnailUrl\":\"https:\\\/\\\/www.webdo.tn\\\/fr\\\/wp-content\\\/uploads\\\/2025\\\/11\\\/569028591_1273069918195244_3330928176897425035_n.jpg\",\"datePublished\":\"2026-03-08T14:26:08+00:00\",\"dateModified\":\"2026-03-08T14:26:11+00:00\",\"description\":\"Revivez la victoire pr\u00e9cieuse du Club Africain en Ligue 1, un penalty d\u00e9cisif \u00e0 la 101e minute a chang\u00e9 la donne.\",\"breadcrumb\":{\"@id\":\"https:\\\/\\\/www.webdo.tn\\\/fr\\\/actualite\\\/sport\\\/ligue-1-23eme-j-le-club-africain-arrache-la-victoire-a-la-101eme-minute\\\/394266\\\/#breadcrumb\"},\"inLanguage\":\"fr-FR\",\"potentialAction\":[{\"@type\":\"ReadAction\",\"target\":[\"https:\\\/\\\/www.webdo.tn\\\/fr\\\/actualite\\\/sport\\\/ligue-1-23eme-j-le-club-africain-arrache-la-victoire-a-la-101eme-minute\\\/394266\\\/\"]}]},{\"@type\":\"ImageObject\",\"inLanguage\":\"fr-FR\",\"@id\":\"https:\\\/\\\/www.webdo.tn\\\/fr\\\/actualite\\\/sport\\\/ligue-1-23eme-j-le-club-africain-arrache-la-victoire-a-la-101eme-minute\\\/394266\\\/#primaryimage\",\"url\":\"https:\\\/\\\/www.webdo.tn\\\/fr\\\/wp-content\\\/uploads\\\/2025\\\/11\\\/569028591_1273069918195244_3330928176897425035_n.jpg\",\"contentUrl\":\"https:\\\/\\\/www.webdo.tn\\\/fr\\\/wp-content\\\/uploads\\\/2025\\\/11\\\/569028591_1273069918195244_3330928176897425035_n.jpg\",\"width\":1200,\"height\":600,\"caption\":\"Cr\u00e9dit photo : Page fb Club Africain\"},{\"@type\":\"BreadcrumbList\",\"@id\":\"https:\\\/\\\/www.webdo.tn\\\/fr\\\/actualite\\\/sport\\\/ligue-1-23eme-j-le-club-africain-arrache-la-victoire-a-la-101eme-minute\\\/394266\\\/#breadcrumb\",\"itemListElement\":[{\"@type\":\"ListItem\",\"position\":1,\"name\":\"Accueil\",\"item\":\"https:\\\/\\\/www.webdo.tn\\\/fr\\\/\"},{\"@type\":\"ListItem\",\"position\":2,\"name\":\"Ligue 1 | 23\u00e8me J. : Le Club Africain arrache la victoire \u00e0 la 101\u00e8me minute\"}]},{\"@type\":\"WebSite\",\"@id\":\"https:\\\/\\\/www.webdo.tn\\\/fr\\\/#website\",\"url\":\"https:\\\/\\\/www.webdo.tn\\\/fr\\\/\",\"name\":\"webdo\",\"description\":\"Tunisie - News en Tunisie et \u00e0 l&#039;international sur Webdo.tn\",\"publisher\":{\"@id\":\"https:\\\/\\\/www.webdo.tn\\\/fr\\\/#organization\"},\"potentialAction\":[{\"@type\":\"SearchAction\",\"target\":{\"@type\":\"EntryPoint\",\"urlTemplate\":\"https:\\\/\\\/www.webdo.tn\\\/fr\\\/?s={search_term_string}\"},\"query-input\":{\"@type\":\"PropertyValueSpecification\",\"valueRequired\":true,\"valueName\":\"search_term_string\"}}],\"inLanguage\":\"fr-FR\"},{\"@type\":\"Organization\",\"@id\":\"https:\\\/\\\/www.webdo.tn\\\/fr\\\/#organization\",\"name\":\"Webdo\",\"alternateName\":\"Webdo.tn\",\"url\":\"https:\\\/\\\/www.webdo.tn\\\/fr\\\/\",\"logo\":{\"@type\":\"ImageObject\",\"inLanguage\":\"fr-FR\",\"@id\":\"https:\\\/\\\/www.webdo.tn\\\/fr\\\/#\\\/schema\\\/logo\\\/image\\\/\",\"url\":\"https:\\\/\\\/www.webdo.tn\\\/fr\\\/wp-content\\\/uploads\\\/2025\\\/06\\\/Webdo-Tunisie_168377.jpg\",\"contentUrl\":\"https:\\\/\\\/www.webdo.tn\\\/fr\\\/wp-content\\\/uploads\\\/2025\\\/06\\\/Webdo-Tunisie_168377.jpg\",\"width\":301,\"height\":301,\"caption\":\"Webdo\"},\"image\":{\"@id\":\"https:\\\/\\\/www.webdo.tn\\\/fr\\\/#\\\/schema\\\/logo\\\/image\\\/\"},\"sameAs\":[\"https:\\\/\\\/www.facebook.com\\\/webdotn\",\"https:\\\/\\\/x.com\\\/webdo_tn\"],\"description\":\"Webdo est un m\u00e9dia num\u00e9rique tunisien fond\u00e9 en 2010, sp\u00e9cialis\u00e9 dans l\u2019actualit\u00e9 nationale et internationale, l\u2019\u00e9conomie, la soci\u00e9t\u00e9 et les analyses politiques. Le site s\u2019adresse \u00e0 un large public francophone et couvre l\u2019information tunisienne en temps r\u00e9el.\",\"email\":\"redac@webdo.tn\",\"legalName\":\"YNJ SARL\",\"foundingDate\":\"2010-09-06\",\"numberOfEmployees\":{\"@type\":\"QuantitativeValue\",\"minValue\":\"11\",\"maxValue\":\"50\"}},{\"@type\":\"Person\",\"@id\":\"https:\\\/\\\/www.webdo.tn\\\/fr\\\/#\\\/schema\\\/person\\\/b9ecde7a5574cb4fcf4b496ea5fadb15\",\"name\":\"Wided Belhaj\",\"image\":{\"@type\":\"ImageObject\",\"inLanguage\":\"fr-FR\",\"@id\":\"https:\\\/\\\/www.webdo.tn\\\/fr\\\/wp-content\\\/uploads\\\/2026\\\/04\\\/wided-belhaj_avatar-96x96.jpg\",\"url\":\"https:\\\/\\\/www.webdo.tn\\\/fr\\\/wp-content\\\/uploads\\\/2026\\\/04\\\/wided-belhaj_avatar-96x96.jpg\",\"contentUrl\":\"https:\\\/\\\/www.webdo.tn\\\/fr\\\/wp-content\\\/uploads\\\/2026\\\/04\\\/wided-belhaj_avatar-96x96.jpg\",\"caption\":\"Wided Belhaj\"},\"description\":\"Wided Belhaj est le pseudonyme \u00e9ditorial utilis\u00e9 par Khalil Jelassi, journaliste, ma\u00eetre-assistant \u00e0 l\u2019Institut de presse et des sciences de l\u2019information (IPSI) et chercheur en sciences de l\u2019information et de la communication. Cette signature est d\u00e9di\u00e9e \u00e0 l\u2019analyse des m\u00e9dias, des pratiques journalistiques et des mutations de l\u2019information \u00e0 l\u2019\u00e8re digitale. \u00c0 travers ses contributions, Wided Belhaj propose une lecture analytique de l\u2019actualit\u00e9, en croisant regard critique et expertise acad\u00e9mique.\",\"knowsAbout\":[\"m\u00e9dias\",\"journalisme\",\"communication\",\"information\",\"transformation num\u00e9rique\",\"analyse des m\u00e9dias\"],\"knowsLanguage\":[\"Fran\u00e7ais\",\"Arabe\"],\"jobTitle\":\"Webdo.tn\",\"worksFor\":\"Journaliste \u2013 Analyse des m\u00e9dias\",\"url\":\"https:\\\/\\\/www.webdo.tn\\\/fr\\\/actualite\\\/author\\\/wided-belhaj\\\/\"}]}<\/script>\n<!-- \/ Yoast SEO Premium plugin. -->","yoast_head_json":{"title":"Ligue 1 | 23\u00e8me J. : Le Club Africain arrache la victoire \u00e0 la 101\u00e8me minute - webdo","description":"Revivez la victoire pr\u00e9cieuse du Club Africain en Ligue 1, un penalty d\u00e9cisif \u00e0 la 101e minute a chang\u00e9 la donne.","canonical":"https:\/\/www.webdo.tn\/fr\/actualite\/sport\/ligue-1-23eme-j-le-club-africain-arrache-la-victoire-a-la-101eme-minute\/394266\/","og_locale":"fr_FR","og_type":"article","og_title":"Ligue 1 | 23\u00e8me J. : Le Club Africain arrache la victoire \u00e0 la 101\u00e8me minute","og_description":"Revivez la victoire pr\u00e9cieuse du Club Africain en Ligue 1, un penalty d\u00e9cisif \u00e0 la 101e minute a chang\u00e9 la donne.","og_url":"https:\/\/www.webdo.tn\/fr\/actualite\/sport\/ligue-1-23eme-j-le-club-africain-arrache-la-victoire-a-la-101eme-minute\/394266\/","og_site_name":"webdo","article_publisher":"https:\/\/www.facebook.com\/webdotn","article_published_time":"2026-03-08T14:26:08+00:00","article_modified_time":"2026-03-08T14:26:11+00:00","og_image":[{"width":1200,"height":600,"url":"https:\/\/www.webdo.tn\/fr\/wp-content\/uploads\/2025\/11\/569028591_1273069918195244_3330928176897425035_n.jpg","type":"image\/jpeg"}],"author":"Wided Belhaj","twitter_card":"summary_large_image","twitter_creator":"@webdo_tn","twitter_site":"@webdo_tn","twitter_misc":{"\u00c9crit par":"Wided Belhaj","Dur\u00e9e de lecture estim\u00e9e":"2 minutes"},"schema":{"@context":"https:\/\/schema.org","@graph":[{"@type":"NewsArticle","@id":"https:\/\/www.webdo.tn\/fr\/actualite\/sport\/ligue-1-23eme-j-le-club-africain-arrache-la-victoire-a-la-101eme-minute\/394266\/#article","isPartOf":{"@id":"https:\/\/www.webdo.tn\/fr\/actualite\/sport\/ligue-1-23eme-j-le-club-africain-arrache-la-victoire-a-la-101eme-minute\/394266\/"},"author":{"name":"Wided Belhaj","@id":"https:\/\/www.webdo.tn\/fr\/#\/schema\/person\/b9ecde7a5574cb4fcf4b496ea5fadb15"},"headline":"Ligue 1 | 23\u00e8me J. : Le Club Africain arrache la victoire \u00e0 la 101\u00e8me minute","datePublished":"2026-03-08T14:26:08+00:00","dateModified":"2026-03-08T14:26:11+00:00","mainEntityOfPage":{"@id":"https:\/\/www.webdo.tn\/fr\/actualite\/sport\/ligue-1-23eme-j-le-club-africain-arrache-la-victoire-a-la-101eme-minute\/394266\/"},"wordCount":326,"publisher":{"@id":"https:\/\/www.webdo.tn\/fr\/#organization"},"image":{"@id":"https:\/\/www.webdo.tn\/fr\/actualite\/sport\/ligue-1-23eme-j-le-club-africain-arrache-la-victoire-a-la-101eme-minute\/394266\/#primaryimage"},"thumbnailUrl":"https:\/\/www.webdo.tn\/fr\/wp-content\/uploads\/2025\/11\/569028591_1273069918195244_3330928176897425035_n.jpg","keywords":["championnat","Ligue 1","Tunisie"],"articleSection":["Sport"],"inLanguage":"fr-FR"},{"@type":"WebPage","@id":"https:\/\/www.webdo.tn\/fr\/actualite\/sport\/ligue-1-23eme-j-le-club-africain-arrache-la-victoire-a-la-101eme-minute\/394266\/","url":"https:\/\/www.webdo.tn\/fr\/actualite\/sport\/ligue-1-23eme-j-le-club-africain-arrache-la-victoire-a-la-101eme-minute\/394266\/","name":"Ligue 1 | 23\u00e8me J. : Le Club Africain arrache la victoire \u00e0 la 101\u00e8me minute - webdo","isPartOf":{"@id":"https:\/\/www.webdo.tn\/fr\/#website"},"primaryImageOfPage":{"@id":"https:\/\/www.webdo.tn\/fr\/actualite\/sport\/ligue-1-23eme-j-le-club-africain-arrache-la-victoire-a-la-101eme-minute\/394266\/#primaryimage"},"image":{"@id":"https:\/\/www.webdo.tn\/fr\/actualite\/sport\/ligue-1-23eme-j-le-club-africain-arrache-la-victoire-a-la-101eme-minute\/394266\/#primaryimage"},"thumbnailUrl":"https:\/\/www.webdo.tn\/fr\/wp-content\/uploads\/2025\/11\/569028591_1273069918195244_3330928176897425035_n.jpg","datePublished":"2026-03-08T14:26:08+00:00","dateModified":"2026-03-08T14:26:11+00:00","description":"Revivez la victoire pr\u00e9cieuse du Club Africain en Ligue 1, un penalty d\u00e9cisif \u00e0 la 101e minute a chang\u00e9 la donne.","breadcrumb":{"@id":"https:\/\/www.webdo.tn\/fr\/actualite\/sport\/ligue-1-23eme-j-le-club-africain-arrache-la-victoire-a-la-101eme-minute\/394266\/#breadcrumb"},"inLanguage":"fr-FR","potentialAction":[{"@type":"ReadAction","target":["https:\/\/www.webdo.tn\/fr\/actualite\/sport\/ligue-1-23eme-j-le-club-africain-arrache-la-victoire-a-la-101eme-minute\/394266\/"]}]},{"@type":"ImageObject","inLanguage":"fr-FR","@id":"https:\/\/www.webdo.tn\/fr\/actualite\/sport\/ligue-1-23eme-j-le-club-africain-arrache-la-victoire-a-la-101eme-minute\/394266\/#primaryimage","url":"https:\/\/www.webdo.tn\/fr\/wp-content\/uploads\/2025\/11\/569028591_1273069918195244_3330928176897425035_n.jpg","contentUrl":"https:\/\/www.webdo.tn\/fr\/wp-content\/uploads\/2025\/11\/569028591_1273069918195244_3330928176897425035_n.jpg","width":1200,"height":600,"caption":"Cr\u00e9dit photo : Page fb Club Africain"},{"@type":"BreadcrumbList","@id":"https:\/\/www.webdo.tn\/fr\/actualite\/sport\/ligue-1-23eme-j-le-club-africain-arrache-la-victoire-a-la-101eme-minute\/394266\/#breadcrumb","itemListElement":[{"@type":"ListItem","position":1,"name":"Accueil","item":"https:\/\/www.webdo.tn\/fr\/"},{"@type":"ListItem","position":2,"name":"Ligue 1 | 23\u00e8me J. : Le Club Africain arrache la victoire \u00e0 la 101\u00e8me minute"}]},{"@type":"WebSite","@id":"https:\/\/www.webdo.tn\/fr\/#website","url":"https:\/\/www.webdo.tn\/fr\/","name":"webdo","description":"Tunisie - News en Tunisie et \u00e0 l&#039;international sur Webdo.tn","publisher":{"@id":"https:\/\/www.webdo.tn\/fr\/#organization"},"potentialAction":[{"@type":"SearchAction","target":{"@type":"EntryPoint","urlTemplate":"https:\/\/www.webdo.tn\/fr\/?s={search_term_string}"},"query-input":{"@type":"PropertyValueSpecification","valueRequired":true,"valueName":"search_term_string"}}],"inLanguage":"fr-FR"},{"@type":"Organization","@id":"https:\/\/www.webdo.tn\/fr\/#organization","name":"Webdo","alternateName":"Webdo.tn","url":"https:\/\/www.webdo.tn\/fr\/","logo":{"@type":"ImageObject","inLanguage":"fr-FR","@id":"https:\/\/www.webdo.tn\/fr\/#\/schema\/logo\/image\/","url":"https:\/\/www.webdo.tn\/fr\/wp-content\/uploads\/2025\/06\/Webdo-Tunisie_168377.jpg","contentUrl":"https:\/\/www.webdo.tn\/fr\/wp-content\/uploads\/2025\/06\/Webdo-Tunisie_168377.jpg","width":301,"height":301,"caption":"Webdo"},"image":{"@id":"https:\/\/www.webdo.tn\/fr\/#\/schema\/logo\/image\/"},"sameAs":["https:\/\/www.facebook.com\/webdotn","https:\/\/x.com\/webdo_tn"],"description":"Webdo est un m\u00e9dia num\u00e9rique tunisien fond\u00e9 en 2010, sp\u00e9cialis\u00e9 dans l\u2019actualit\u00e9 nationale et internationale, l\u2019\u00e9conomie, la soci\u00e9t\u00e9 et les analyses politiques. Le site s\u2019adresse \u00e0 un large public francophone et couvre l\u2019information tunisienne en temps r\u00e9el.","email":"redac@webdo.tn","legalName":"YNJ SARL","foundingDate":"2010-09-06","numberOfEmployees":{"@type":"QuantitativeValue","minValue":"11","maxValue":"50"}},{"@type":"Person","@id":"https:\/\/www.webdo.tn\/fr\/#\/schema\/person\/b9ecde7a5574cb4fcf4b496ea5fadb15","name":"Wided Belhaj","image":{"@type":"ImageObject","inLanguage":"fr-FR","@id":"https:\/\/www.webdo.tn\/fr\/wp-content\/uploads\/2026\/04\/wided-belhaj_avatar-96x96.jpg","url":"https:\/\/www.webdo.tn\/fr\/wp-content\/uploads\/2026\/04\/wided-belhaj_avatar-96x96.jpg","contentUrl":"https:\/\/www.webdo.tn\/fr\/wp-content\/uploads\/2026\/04\/wided-belhaj_avatar-96x96.jpg","caption":"Wided Belhaj"},"description":"Wided Belhaj est le pseudonyme \u00e9ditorial utilis\u00e9 par Khalil Jelassi, journaliste, ma\u00eetre-assistant \u00e0 l\u2019Institut de presse et des sciences de l\u2019information (IPSI) et chercheur en sciences de l\u2019information et de la communication. Cette signature est d\u00e9di\u00e9e \u00e0 l\u2019analyse des m\u00e9dias, des pratiques journalistiques et des mutations de l\u2019information \u00e0 l\u2019\u00e8re digitale. \u00c0 travers ses contributions, Wided Belhaj propose une lecture analytique de l\u2019actualit\u00e9, en croisant regard critique et expertise acad\u00e9mique.","knowsAbout":["m\u00e9dias","journalisme","communication","information","transformation num\u00e9rique","analyse des m\u00e9dias"],"knowsLanguage":["Fran\u00e7ais","Arabe"],"jobTitle":"Webdo.tn","worksFor":"Journaliste \u2013 Analyse des m\u00e9dias","url":"https:\/\/www.webdo.tn\/fr\/actualite\/author\/wided-belhaj\/"}]}},"_links":{"self":[{"href":"https:\/\/www.webdo.tn\/fr\/wp-json\/wp\/v2\/posts\/394266","targetHints":{"allow":["GET"]}}],"collection":[{"href":"https:\/\/www.webdo.tn\/fr\/wp-json\/wp\/v2\/posts"}],"about":[{"href":"https:\/\/www.webdo.tn\/fr\/wp-json\/wp\/v2\/types\/post"}],"author":[{"embeddable":true,"href":"https:\/\/www.webdo.tn\/fr\/wp-json\/wp\/v2\/users\/3184"}],"replies":[{"embeddable":true,"href":"https:\/\/www.webdo.tn\/fr\/wp-json\/wp\/v2\/comments?post=394266"}],"version-history":[{"count":0,"href":"https:\/\/www.webdo.tn\/fr\/wp-json\/wp\/v2\/posts\/394266\/revisions"}],"wp:featuredmedia":[{"embeddable":true,"href":"https:\/\/www.webdo.tn\/fr\/wp-json\/wp\/v2\/media\/386702"}],"wp:attachment":[{"href":"https:\/\/www.webdo.tn\/fr\/wp-json\/wp\/v2\/media?parent=394266"}],"wp:term":[{"taxonomy":"category","embeddable":true,"href":"https:\/\/www.webdo.tn\/fr\/wp-json\/wp\/v2\/categories?post=394266"},{"taxonomy":"post_tag","embeddable":true,"href":"https:\/\/www.webdo.tn\/fr\/wp-json\/wp\/v2\/tags?post=394266"}],"curies":[{"name":"wp","href":"https:\/\/api.w.org\/{rel}","templated":true}]}}