{"id":394263,"date":"2026-03-08T12:14:54","date_gmt":"2026-03-08T11:14:54","guid":{"rendered":"https:\/\/www.webdo.tn\/fr\/?p=394263"},"modified":"2026-03-08T12:16:19","modified_gmt":"2026-03-08T11:16:19","slug":"tunis-le-projet-dun-nouvel-aeroport-definitivement-abandonne","status":"publish","type":"post","link":"https:\/\/www.webdo.tn\/fr\/actualite\/national\/tunis-le-projet-dun-nouvel-aeroport-definitivement-abandonne\/394263\/","title":{"rendered":"Tunis : Le projet d\u2019un nouvel a\u00e9roport d\u00e9finitivement abandonn\u00e9"},"content":{"rendered":"\n<p><strong>La Minist\u00e8re du Transport a annonc\u00e9 l\u2019abandon d\u00e9finitif du projet de construction d\u2019un nouvel a\u00e9roport, au profit d\u2019un vaste programme d\u2019extension et de modernisation de l\u2019actuel A\u00e9roport Tunis-Carthage. L\u2019objectif est de porter sa capacit\u00e9 d\u2019accueil de 5 millions \u00e0 18,5 millions de passagers par an d\u2019ici la fin 2031, permettant ainsi son exploitation au-del\u00e0 de 2050.<\/strong><\/p>\n\n\n\n<p>Selon la r\u00e9ponse \u00e9crite du minist\u00e8re \u00e0 une question parlementaire du d\u00e9put\u00e9 Helmi Bousma, le projet figure dans le budget d\u2019investissement du Bureau de l\u2019Aviation Civile et des A\u00e9roports pour 2026, avec un co\u00fbt pr\u00e9visionnel de 3 milliards de dinars. <\/p>\n\n\n\n<h2 class=\"wp-block-heading\" id=\"h-une-nouvelle-aerogare-d-une-capacite-de-11-millions-de-passagers\">Une nouvelle a\u00e9rogare d\u2019une capacit\u00e9 de 11 millions de passagers<\/h2>\n\n\n\n<p>Le programme pr\u00e9voit la construction d\u2019une nouvelle a\u00e9rogare d\u2019une capacit\u00e9 de 11 millions de passagers, la r\u00e9novation et l\u2019extension partielle de l\u2019a\u00e9rogare existante pour accueillir jusqu\u2019\u00e0 7 millions de passagers, ainsi que la cr\u00e9ation d\u2019un nouveau b\u00e2timent technique et d\u2019une tour de contr\u00f4le. Les infrastructures de s\u00e9curit\u00e9, y compris une unit\u00e9 de protection contre les incendies, de nouvelles salles d\u2019honneur, des postes de police et une petite a\u00e9rogare pour les personnalit\u00e9s, seront \u00e9galement renforc\u00e9es. <\/p>\n\n\n\n<p>Le projet comprend en outre l\u2019installation d\u2019une nouvelle centrale \u00e9lectrique, d\u2019une station de pompage et de stockage d\u2019eau pour r\u00e9pondre aux besoins croissants, ainsi que la r\u00e9organisation et l\u2019extension partielle des aires de stationnement des avions et la r\u00e9novation du pont adjacent \u00e0 l\u2019a\u00e9rogare.<\/p>\n\n\n\n<p class=\"has-medium-font-size\"><strong>Lire aussi : <\/strong><a href=\"https:\/\/www.webdo.tn\/fr\/actualite\/national\/extension-de-laeroport-tunis-carthage-un-projet-a-3-milliards-de-dinars-avec-metro-aerien\/387370\/\">Extension de l\u2019a\u00e9roport Tunis-Carthage : Un projet \u00e0 3 milliards de dinars avec m\u00e9tro a\u00e9rien<\/a><\/p>\n\n\n\n<p>Le minist\u00e8re \u00e9tudie \u00e9galement la possibilit\u00e9 de r\u00e9cup\u00e9rer le A\u00e9roport de Enfidha-Hammamet apr\u00e8s 2047 et de le relier \u00e0 Tunis-Carthage via un train \u00e0 grande vitesse, afin de renforcer les capacit\u00e9s globales et accompagner la croissance du trafic a\u00e9rien.<\/p>\n\n\n\n<h2 class=\"wp-block-heading\" id=\"h-les-travaux-d-extension-de-tunis-carthage-debuteraient-prochainement\">Les travaux d\u2019extension de Tunis-Carthage d\u00e9buteraient prochainement <\/h2>\n\n\n\n<p>Le ministre du Transport avait d\u00e9j\u00e0 indiqu\u00e9 en janvier que les travaux d\u2019extension de Tunis-Carthage d\u00e9buteraient prochainement apr\u00e8s finalisation des \u00e9tudes, pr\u00e9cisant que la capacit\u00e9 de l\u2019a\u00e9roport atteindra entre 15 et 18 millions de passagers par an.<\/p>\n","protected":false},"excerpt":{"rendered":"<p>La Minist\u00e8re du Transport a annonc\u00e9 l\u2019abandon d\u00e9finitif du projet de construction d\u2019un nouvel a\u00e9roport, au profit d\u2019un vaste programme d\u2019extension et de modernisation de l\u2019actuel A\u00e9roport Tunis-Carthage. L\u2019objectif est de porter sa capacit\u00e9 d\u2019accueil de 5 millions \u00e0 18,5 millions de passagers par an d\u2019ici la fin 2031, permettant ainsi son exploitation au-del\u00e0 de [&hellip;]<\/p>\n","protected":false},"author":3184,"featured_media":387371,"comment_status":"closed","ping_status":"closed","sticky":false,"template":"","format":"standard","meta":{"footnotes":""},"categories":[44],"tags":[3974,2608],"class_list":["post-394263","post","type-post","status-publish","format-standard","has-post-thumbnail","hentry","category-national","tag-aeroport","tag-tunisie"],"yoast_head":"<!-- This site is optimized with the Yoast SEO Premium plugin v27.5 (Yoast SEO v27.5) - https:\/\/yoast.com\/product\/yoast-seo-premium-wordpress\/ -->\n<title>Tunis : Le projet d\u2019un nouvel a\u00e9roport d\u00e9finitivement abandonn\u00e9 - webdo<\/title>\n<meta name=\"description\" content=\"D\u00e9couvrez le projet de modernisation de l&#039;a\u00e9roport Tunis-Carthage, augmentant sa capacit\u00e9 d&#039;accueil \u00e0 18,5 millions de passagers.\" \/>\n<link rel=\"canonical\" href=\"https:\/\/www.webdo.tn\/fr\/actualite\/national\/tunis-le-projet-dun-nouvel-aeroport-definitivement-abandonne\/394263\/\" \/>\n<meta property=\"og:locale\" content=\"fr_FR\" \/>\n<meta property=\"og:type\" content=\"article\" \/>\n<meta property=\"og:title\" content=\"Tunis : Le projet d\u2019un nouvel a\u00e9roport d\u00e9finitivement abandonn\u00e9\" \/>\n<meta property=\"og:description\" content=\"D\u00e9couvrez le projet de modernisation de l&#039;a\u00e9roport Tunis-Carthage, augmentant sa capacit\u00e9 d&#039;accueil \u00e0 18,5 millions de passagers.\" \/>\n<meta property=\"og:url\" content=\"https:\/\/www.webdo.tn\/fr\/actualite\/national\/tunis-le-projet-dun-nouvel-aeroport-definitivement-abandonne\/394263\/\" \/>\n<meta property=\"og:site_name\" content=\"webdo\" \/>\n<meta property=\"article:publisher\" content=\"https:\/\/www.facebook.com\/webdotn\" \/>\n<meta property=\"article:published_time\" content=\"2026-03-08T11:14:54+00:00\" \/>\n<meta property=\"article:modified_time\" content=\"2026-03-08T11:16:19+00:00\" \/>\n<meta property=\"og:image\" content=\"https:\/\/www.webdo.tn\/fr\/wp-content\/uploads\/2025\/11\/Aeroport_Tunis_Carthage.jpg\" \/>\n\t<meta property=\"og:image:width\" content=\"1200\" \/>\n\t<meta property=\"og:image:height\" content=\"601\" \/>\n\t<meta property=\"og:image:type\" content=\"image\/jpeg\" \/>\n<meta name=\"author\" content=\"Wided Belhaj\" \/>\n<meta name=\"twitter:card\" content=\"summary_large_image\" \/>\n<meta name=\"twitter:creator\" content=\"@webdo_tn\" \/>\n<meta name=\"twitter:site\" content=\"@webdo_tn\" \/>\n<meta name=\"twitter:label1\" content=\"\u00c9crit par\" \/>\n\t<meta name=\"twitter:data1\" content=\"Wided Belhaj\" \/>\n\t<meta name=\"twitter:label2\" content=\"Dur\u00e9e de lecture estim\u00e9e\" \/>\n\t<meta name=\"twitter:data2\" content=\"2 minutes\" \/>\n<script type=\"application\/ld+json\" class=\"yoast-schema-graph\">{\"@context\":\"https:\\\/\\\/schema.org\",\"@graph\":[{\"@type\":\"NewsArticle\",\"@id\":\"https:\\\/\\\/www.webdo.tn\\\/fr\\\/actualite\\\/national\\\/tunis-le-projet-dun-nouvel-aeroport-definitivement-abandonne\\\/394263\\\/#article\",\"isPartOf\":{\"@id\":\"https:\\\/\\\/www.webdo.tn\\\/fr\\\/actualite\\\/national\\\/tunis-le-projet-dun-nouvel-aeroport-definitivement-abandonne\\\/394263\\\/\"},\"author\":{\"name\":\"Wided Belhaj\",\"@id\":\"https:\\\/\\\/www.webdo.tn\\\/fr\\\/#\\\/schema\\\/person\\\/b9ecde7a5574cb4fcf4b496ea5fadb15\"},\"headline\":\"Tunis : Le projet d\u2019un nouvel a\u00e9roport d\u00e9finitivement abandonn\u00e9\",\"datePublished\":\"2026-03-08T11:14:54+00:00\",\"dateModified\":\"2026-03-08T11:16:19+00:00\",\"mainEntityOfPage\":{\"@id\":\"https:\\\/\\\/www.webdo.tn\\\/fr\\\/actualite\\\/national\\\/tunis-le-projet-dun-nouvel-aeroport-definitivement-abandonne\\\/394263\\\/\"},\"wordCount\":385,\"publisher\":{\"@id\":\"https:\\\/\\\/www.webdo.tn\\\/fr\\\/#organization\"},\"image\":{\"@id\":\"https:\\\/\\\/www.webdo.tn\\\/fr\\\/actualite\\\/national\\\/tunis-le-projet-dun-nouvel-aeroport-definitivement-abandonne\\\/394263\\\/#primaryimage\"},\"thumbnailUrl\":\"https:\\\/\\\/www.webdo.tn\\\/fr\\\/wp-content\\\/uploads\\\/2025\\\/11\\\/Aeroport_Tunis_Carthage.jpg\",\"keywords\":[\"a\u00e9roport\",\"Tunisie\"],\"articleSection\":[\"National\"],\"inLanguage\":\"fr-FR\"},{\"@type\":\"WebPage\",\"@id\":\"https:\\\/\\\/www.webdo.tn\\\/fr\\\/actualite\\\/national\\\/tunis-le-projet-dun-nouvel-aeroport-definitivement-abandonne\\\/394263\\\/\",\"url\":\"https:\\\/\\\/www.webdo.tn\\\/fr\\\/actualite\\\/national\\\/tunis-le-projet-dun-nouvel-aeroport-definitivement-abandonne\\\/394263\\\/\",\"name\":\"Tunis : Le projet d\u2019un nouvel a\u00e9roport d\u00e9finitivement abandonn\u00e9 - webdo\",\"isPartOf\":{\"@id\":\"https:\\\/\\\/www.webdo.tn\\\/fr\\\/#website\"},\"primaryImageOfPage\":{\"@id\":\"https:\\\/\\\/www.webdo.tn\\\/fr\\\/actualite\\\/national\\\/tunis-le-projet-dun-nouvel-aeroport-definitivement-abandonne\\\/394263\\\/#primaryimage\"},\"image\":{\"@id\":\"https:\\\/\\\/www.webdo.tn\\\/fr\\\/actualite\\\/national\\\/tunis-le-projet-dun-nouvel-aeroport-definitivement-abandonne\\\/394263\\\/#primaryimage\"},\"thumbnailUrl\":\"https:\\\/\\\/www.webdo.tn\\\/fr\\\/wp-content\\\/uploads\\\/2025\\\/11\\\/Aeroport_Tunis_Carthage.jpg\",\"datePublished\":\"2026-03-08T11:14:54+00:00\",\"dateModified\":\"2026-03-08T11:16:19+00:00\",\"description\":\"D\u00e9couvrez le projet de modernisation de l'a\u00e9roport Tunis-Carthage, augmentant sa capacit\u00e9 d'accueil \u00e0 18,5 millions de passagers.\",\"breadcrumb\":{\"@id\":\"https:\\\/\\\/www.webdo.tn\\\/fr\\\/actualite\\\/national\\\/tunis-le-projet-dun-nouvel-aeroport-definitivement-abandonne\\\/394263\\\/#breadcrumb\"},\"inLanguage\":\"fr-FR\",\"potentialAction\":[{\"@type\":\"ReadAction\",\"target\":[\"https:\\\/\\\/www.webdo.tn\\\/fr\\\/actualite\\\/national\\\/tunis-le-projet-dun-nouvel-aeroport-definitivement-abandonne\\\/394263\\\/\"]}]},{\"@type\":\"ImageObject\",\"inLanguage\":\"fr-FR\",\"@id\":\"https:\\\/\\\/www.webdo.tn\\\/fr\\\/actualite\\\/national\\\/tunis-le-projet-dun-nouvel-aeroport-definitivement-abandonne\\\/394263\\\/#primaryimage\",\"url\":\"https:\\\/\\\/www.webdo.tn\\\/fr\\\/wp-content\\\/uploads\\\/2025\\\/11\\\/Aeroport_Tunis_Carthage.jpg\",\"contentUrl\":\"https:\\\/\\\/www.webdo.tn\\\/fr\\\/wp-content\\\/uploads\\\/2025\\\/11\\\/Aeroport_Tunis_Carthage.jpg\",\"width\":1200,\"height\":601,\"caption\":\"Extension de l\u2019a\u00e9roport Tunis-Carthage : Un projet \u00e0 3 milliards de dinars avec m\u00e9tro a\u00e9rien\"},{\"@type\":\"BreadcrumbList\",\"@id\":\"https:\\\/\\\/www.webdo.tn\\\/fr\\\/actualite\\\/national\\\/tunis-le-projet-dun-nouvel-aeroport-definitivement-abandonne\\\/394263\\\/#breadcrumb\",\"itemListElement\":[{\"@type\":\"ListItem\",\"position\":1,\"name\":\"Accueil\",\"item\":\"https:\\\/\\\/www.webdo.tn\\\/fr\\\/\"},{\"@type\":\"ListItem\",\"position\":2,\"name\":\"Tunis : Le projet d\u2019un nouvel a\u00e9roport d\u00e9finitivement abandonn\u00e9\"}]},{\"@type\":\"WebSite\",\"@id\":\"https:\\\/\\\/www.webdo.tn\\\/fr\\\/#website\",\"url\":\"https:\\\/\\\/www.webdo.tn\\\/fr\\\/\",\"name\":\"webdo\",\"description\":\"Tunisie - News en Tunisie et \u00e0 l&#039;international sur Webdo.tn\",\"publisher\":{\"@id\":\"https:\\\/\\\/www.webdo.tn\\\/fr\\\/#organization\"},\"potentialAction\":[{\"@type\":\"SearchAction\",\"target\":{\"@type\":\"EntryPoint\",\"urlTemplate\":\"https:\\\/\\\/www.webdo.tn\\\/fr\\\/?s={search_term_string}\"},\"query-input\":{\"@type\":\"PropertyValueSpecification\",\"valueRequired\":true,\"valueName\":\"search_term_string\"}}],\"inLanguage\":\"fr-FR\"},{\"@type\":\"Organization\",\"@id\":\"https:\\\/\\\/www.webdo.tn\\\/fr\\\/#organization\",\"name\":\"Webdo\",\"alternateName\":\"Webdo.tn\",\"url\":\"https:\\\/\\\/www.webdo.tn\\\/fr\\\/\",\"logo\":{\"@type\":\"ImageObject\",\"inLanguage\":\"fr-FR\",\"@id\":\"https:\\\/\\\/www.webdo.tn\\\/fr\\\/#\\\/schema\\\/logo\\\/image\\\/\",\"url\":\"https:\\\/\\\/www.webdo.tn\\\/fr\\\/wp-content\\\/uploads\\\/2025\\\/06\\\/Webdo-Tunisie_168377.jpg\",\"contentUrl\":\"https:\\\/\\\/www.webdo.tn\\\/fr\\\/wp-content\\\/uploads\\\/2025\\\/06\\\/Webdo-Tunisie_168377.jpg\",\"width\":301,\"height\":301,\"caption\":\"Webdo\"},\"image\":{\"@id\":\"https:\\\/\\\/www.webdo.tn\\\/fr\\\/#\\\/schema\\\/logo\\\/image\\\/\"},\"sameAs\":[\"https:\\\/\\\/www.facebook.com\\\/webdotn\",\"https:\\\/\\\/x.com\\\/webdo_tn\"],\"description\":\"Webdo est un m\u00e9dia num\u00e9rique tunisien fond\u00e9 en 2010, sp\u00e9cialis\u00e9 dans l\u2019actualit\u00e9 nationale et internationale, l\u2019\u00e9conomie, la soci\u00e9t\u00e9 et les analyses politiques. Le site s\u2019adresse \u00e0 un large public francophone et couvre l\u2019information tunisienne en temps r\u00e9el.\",\"email\":\"redac@webdo.tn\",\"legalName\":\"YNJ SARL\",\"foundingDate\":\"2010-09-06\",\"numberOfEmployees\":{\"@type\":\"QuantitativeValue\",\"minValue\":\"11\",\"maxValue\":\"50\"}},{\"@type\":\"Person\",\"@id\":\"https:\\\/\\\/www.webdo.tn\\\/fr\\\/#\\\/schema\\\/person\\\/b9ecde7a5574cb4fcf4b496ea5fadb15\",\"name\":\"Wided Belhaj\",\"image\":{\"@type\":\"ImageObject\",\"inLanguage\":\"fr-FR\",\"@id\":\"https:\\\/\\\/www.webdo.tn\\\/fr\\\/wp-content\\\/uploads\\\/2026\\\/04\\\/wided-belhaj_avatar-96x96.jpg\",\"url\":\"https:\\\/\\\/www.webdo.tn\\\/fr\\\/wp-content\\\/uploads\\\/2026\\\/04\\\/wided-belhaj_avatar-96x96.jpg\",\"contentUrl\":\"https:\\\/\\\/www.webdo.tn\\\/fr\\\/wp-content\\\/uploads\\\/2026\\\/04\\\/wided-belhaj_avatar-96x96.jpg\",\"caption\":\"Wided Belhaj\"},\"description\":\"Wided Belhaj est le pseudonyme \u00e9ditorial utilis\u00e9 par Khalil Jelassi, journaliste, ma\u00eetre-assistant \u00e0 l\u2019Institut de presse et des sciences de l\u2019information (IPSI) et chercheur en sciences de l\u2019information et de la communication. Cette signature est d\u00e9di\u00e9e \u00e0 l\u2019analyse des m\u00e9dias, des pratiques journalistiques et des mutations de l\u2019information \u00e0 l\u2019\u00e8re digitale. \u00c0 travers ses contributions, Wided Belhaj propose une lecture analytique de l\u2019actualit\u00e9, en croisant regard critique et expertise acad\u00e9mique.\",\"knowsAbout\":[\"m\u00e9dias\",\"journalisme\",\"communication\",\"information\",\"transformation num\u00e9rique\",\"analyse des m\u00e9dias\"],\"knowsLanguage\":[\"Fran\u00e7ais\",\"Arabe\"],\"jobTitle\":\"Webdo.tn\",\"worksFor\":\"Journaliste \u2013 Analyse des m\u00e9dias\",\"url\":\"https:\\\/\\\/www.webdo.tn\\\/fr\\\/actualite\\\/author\\\/wided-belhaj\\\/\"}]}<\/script>\n<!-- \/ Yoast SEO Premium plugin. -->","yoast_head_json":{"title":"Tunis : Le projet d\u2019un nouvel a\u00e9roport d\u00e9finitivement abandonn\u00e9 - webdo","description":"D\u00e9couvrez le projet de modernisation de l'a\u00e9roport Tunis-Carthage, augmentant sa capacit\u00e9 d'accueil \u00e0 18,5 millions de passagers.","canonical":"https:\/\/www.webdo.tn\/fr\/actualite\/national\/tunis-le-projet-dun-nouvel-aeroport-definitivement-abandonne\/394263\/","og_locale":"fr_FR","og_type":"article","og_title":"Tunis : Le projet d\u2019un nouvel a\u00e9roport d\u00e9finitivement abandonn\u00e9","og_description":"D\u00e9couvrez le projet de modernisation de l'a\u00e9roport Tunis-Carthage, augmentant sa capacit\u00e9 d'accueil \u00e0 18,5 millions de passagers.","og_url":"https:\/\/www.webdo.tn\/fr\/actualite\/national\/tunis-le-projet-dun-nouvel-aeroport-definitivement-abandonne\/394263\/","og_site_name":"webdo","article_publisher":"https:\/\/www.facebook.com\/webdotn","article_published_time":"2026-03-08T11:14:54+00:00","article_modified_time":"2026-03-08T11:16:19+00:00","og_image":[{"width":1200,"height":601,"url":"https:\/\/www.webdo.tn\/fr\/wp-content\/uploads\/2025\/11\/Aeroport_Tunis_Carthage.jpg","type":"image\/jpeg"}],"author":"Wided Belhaj","twitter_card":"summary_large_image","twitter_creator":"@webdo_tn","twitter_site":"@webdo_tn","twitter_misc":{"\u00c9crit par":"Wided Belhaj","Dur\u00e9e de lecture estim\u00e9e":"2 minutes"},"schema":{"@context":"https:\/\/schema.org","@graph":[{"@type":"NewsArticle","@id":"https:\/\/www.webdo.tn\/fr\/actualite\/national\/tunis-le-projet-dun-nouvel-aeroport-definitivement-abandonne\/394263\/#article","isPartOf":{"@id":"https:\/\/www.webdo.tn\/fr\/actualite\/national\/tunis-le-projet-dun-nouvel-aeroport-definitivement-abandonne\/394263\/"},"author":{"name":"Wided Belhaj","@id":"https:\/\/www.webdo.tn\/fr\/#\/schema\/person\/b9ecde7a5574cb4fcf4b496ea5fadb15"},"headline":"Tunis : Le projet d\u2019un nouvel a\u00e9roport d\u00e9finitivement abandonn\u00e9","datePublished":"2026-03-08T11:14:54+00:00","dateModified":"2026-03-08T11:16:19+00:00","mainEntityOfPage":{"@id":"https:\/\/www.webdo.tn\/fr\/actualite\/national\/tunis-le-projet-dun-nouvel-aeroport-definitivement-abandonne\/394263\/"},"wordCount":385,"publisher":{"@id":"https:\/\/www.webdo.tn\/fr\/#organization"},"image":{"@id":"https:\/\/www.webdo.tn\/fr\/actualite\/national\/tunis-le-projet-dun-nouvel-aeroport-definitivement-abandonne\/394263\/#primaryimage"},"thumbnailUrl":"https:\/\/www.webdo.tn\/fr\/wp-content\/uploads\/2025\/11\/Aeroport_Tunis_Carthage.jpg","keywords":["a\u00e9roport","Tunisie"],"articleSection":["National"],"inLanguage":"fr-FR"},{"@type":"WebPage","@id":"https:\/\/www.webdo.tn\/fr\/actualite\/national\/tunis-le-projet-dun-nouvel-aeroport-definitivement-abandonne\/394263\/","url":"https:\/\/www.webdo.tn\/fr\/actualite\/national\/tunis-le-projet-dun-nouvel-aeroport-definitivement-abandonne\/394263\/","name":"Tunis : Le projet d\u2019un nouvel a\u00e9roport d\u00e9finitivement abandonn\u00e9 - webdo","isPartOf":{"@id":"https:\/\/www.webdo.tn\/fr\/#website"},"primaryImageOfPage":{"@id":"https:\/\/www.webdo.tn\/fr\/actualite\/national\/tunis-le-projet-dun-nouvel-aeroport-definitivement-abandonne\/394263\/#primaryimage"},"image":{"@id":"https:\/\/www.webdo.tn\/fr\/actualite\/national\/tunis-le-projet-dun-nouvel-aeroport-definitivement-abandonne\/394263\/#primaryimage"},"thumbnailUrl":"https:\/\/www.webdo.tn\/fr\/wp-content\/uploads\/2025\/11\/Aeroport_Tunis_Carthage.jpg","datePublished":"2026-03-08T11:14:54+00:00","dateModified":"2026-03-08T11:16:19+00:00","description":"D\u00e9couvrez le projet de modernisation de l'a\u00e9roport Tunis-Carthage, augmentant sa capacit\u00e9 d'accueil \u00e0 18,5 millions de passagers.","breadcrumb":{"@id":"https:\/\/www.webdo.tn\/fr\/actualite\/national\/tunis-le-projet-dun-nouvel-aeroport-definitivement-abandonne\/394263\/#breadcrumb"},"inLanguage":"fr-FR","potentialAction":[{"@type":"ReadAction","target":["https:\/\/www.webdo.tn\/fr\/actualite\/national\/tunis-le-projet-dun-nouvel-aeroport-definitivement-abandonne\/394263\/"]}]},{"@type":"ImageObject","inLanguage":"fr-FR","@id":"https:\/\/www.webdo.tn\/fr\/actualite\/national\/tunis-le-projet-dun-nouvel-aeroport-definitivement-abandonne\/394263\/#primaryimage","url":"https:\/\/www.webdo.tn\/fr\/wp-content\/uploads\/2025\/11\/Aeroport_Tunis_Carthage.jpg","contentUrl":"https:\/\/www.webdo.tn\/fr\/wp-content\/uploads\/2025\/11\/Aeroport_Tunis_Carthage.jpg","width":1200,"height":601,"caption":"Extension de l\u2019a\u00e9roport Tunis-Carthage : Un projet \u00e0 3 milliards de dinars avec m\u00e9tro a\u00e9rien"},{"@type":"BreadcrumbList","@id":"https:\/\/www.webdo.tn\/fr\/actualite\/national\/tunis-le-projet-dun-nouvel-aeroport-definitivement-abandonne\/394263\/#breadcrumb","itemListElement":[{"@type":"ListItem","position":1,"name":"Accueil","item":"https:\/\/www.webdo.tn\/fr\/"},{"@type":"ListItem","position":2,"name":"Tunis : Le projet d\u2019un nouvel a\u00e9roport d\u00e9finitivement abandonn\u00e9"}]},{"@type":"WebSite","@id":"https:\/\/www.webdo.tn\/fr\/#website","url":"https:\/\/www.webdo.tn\/fr\/","name":"webdo","description":"Tunisie - News en Tunisie et \u00e0 l&#039;international sur Webdo.tn","publisher":{"@id":"https:\/\/www.webdo.tn\/fr\/#organization"},"potentialAction":[{"@type":"SearchAction","target":{"@type":"EntryPoint","urlTemplate":"https:\/\/www.webdo.tn\/fr\/?s={search_term_string}"},"query-input":{"@type":"PropertyValueSpecification","valueRequired":true,"valueName":"search_term_string"}}],"inLanguage":"fr-FR"},{"@type":"Organization","@id":"https:\/\/www.webdo.tn\/fr\/#organization","name":"Webdo","alternateName":"Webdo.tn","url":"https:\/\/www.webdo.tn\/fr\/","logo":{"@type":"ImageObject","inLanguage":"fr-FR","@id":"https:\/\/www.webdo.tn\/fr\/#\/schema\/logo\/image\/","url":"https:\/\/www.webdo.tn\/fr\/wp-content\/uploads\/2025\/06\/Webdo-Tunisie_168377.jpg","contentUrl":"https:\/\/www.webdo.tn\/fr\/wp-content\/uploads\/2025\/06\/Webdo-Tunisie_168377.jpg","width":301,"height":301,"caption":"Webdo"},"image":{"@id":"https:\/\/www.webdo.tn\/fr\/#\/schema\/logo\/image\/"},"sameAs":["https:\/\/www.facebook.com\/webdotn","https:\/\/x.com\/webdo_tn"],"description":"Webdo est un m\u00e9dia num\u00e9rique tunisien fond\u00e9 en 2010, sp\u00e9cialis\u00e9 dans l\u2019actualit\u00e9 nationale et internationale, l\u2019\u00e9conomie, la soci\u00e9t\u00e9 et les analyses politiques. Le site s\u2019adresse \u00e0 un large public francophone et couvre l\u2019information tunisienne en temps r\u00e9el.","email":"redac@webdo.tn","legalName":"YNJ SARL","foundingDate":"2010-09-06","numberOfEmployees":{"@type":"QuantitativeValue","minValue":"11","maxValue":"50"}},{"@type":"Person","@id":"https:\/\/www.webdo.tn\/fr\/#\/schema\/person\/b9ecde7a5574cb4fcf4b496ea5fadb15","name":"Wided Belhaj","image":{"@type":"ImageObject","inLanguage":"fr-FR","@id":"https:\/\/www.webdo.tn\/fr\/wp-content\/uploads\/2026\/04\/wided-belhaj_avatar-96x96.jpg","url":"https:\/\/www.webdo.tn\/fr\/wp-content\/uploads\/2026\/04\/wided-belhaj_avatar-96x96.jpg","contentUrl":"https:\/\/www.webdo.tn\/fr\/wp-content\/uploads\/2026\/04\/wided-belhaj_avatar-96x96.jpg","caption":"Wided Belhaj"},"description":"Wided Belhaj est le pseudonyme \u00e9ditorial utilis\u00e9 par Khalil Jelassi, journaliste, ma\u00eetre-assistant \u00e0 l\u2019Institut de presse et des sciences de l\u2019information (IPSI) et chercheur en sciences de l\u2019information et de la communication. Cette signature est d\u00e9di\u00e9e \u00e0 l\u2019analyse des m\u00e9dias, des pratiques journalistiques et des mutations de l\u2019information \u00e0 l\u2019\u00e8re digitale. \u00c0 travers ses contributions, Wided Belhaj propose une lecture analytique de l\u2019actualit\u00e9, en croisant regard critique et expertise acad\u00e9mique.","knowsAbout":["m\u00e9dias","journalisme","communication","information","transformation num\u00e9rique","analyse des m\u00e9dias"],"knowsLanguage":["Fran\u00e7ais","Arabe"],"jobTitle":"Webdo.tn","worksFor":"Journaliste \u2013 Analyse des m\u00e9dias","url":"https:\/\/www.webdo.tn\/fr\/actualite\/author\/wided-belhaj\/"}]}},"_links":{"self":[{"href":"https:\/\/www.webdo.tn\/fr\/wp-json\/wp\/v2\/posts\/394263","targetHints":{"allow":["GET"]}}],"collection":[{"href":"https:\/\/www.webdo.tn\/fr\/wp-json\/wp\/v2\/posts"}],"about":[{"href":"https:\/\/www.webdo.tn\/fr\/wp-json\/wp\/v2\/types\/post"}],"author":[{"embeddable":true,"href":"https:\/\/www.webdo.tn\/fr\/wp-json\/wp\/v2\/users\/3184"}],"replies":[{"embeddable":true,"href":"https:\/\/www.webdo.tn\/fr\/wp-json\/wp\/v2\/comments?post=394263"}],"version-history":[{"count":0,"href":"https:\/\/www.webdo.tn\/fr\/wp-json\/wp\/v2\/posts\/394263\/revisions"}],"wp:featuredmedia":[{"embeddable":true,"href":"https:\/\/www.webdo.tn\/fr\/wp-json\/wp\/v2\/media\/387371"}],"wp:attachment":[{"href":"https:\/\/www.webdo.tn\/fr\/wp-json\/wp\/v2\/media?parent=394263"}],"wp:term":[{"taxonomy":"category","embeddable":true,"href":"https:\/\/www.webdo.tn\/fr\/wp-json\/wp\/v2\/categories?post=394263"},{"taxonomy":"post_tag","embeddable":true,"href":"https:\/\/www.webdo.tn\/fr\/wp-json\/wp\/v2\/tags?post=394263"}],"curies":[{"name":"wp","href":"https:\/\/api.w.org\/{rel}","templated":true}]}}