{"id":394244,"date":"2026-03-07T19:11:21","date_gmt":"2026-03-07T18:11:21","guid":{"rendered":"https:\/\/www.webdo.tn\/fr\/?p=394244"},"modified":"2026-03-07T19:11:24","modified_gmt":"2026-03-07T18:11:24","slug":"ramadan-en-tunisie-quand-les-petards-transforment-les-nuits-en-cauchemar","status":"publish","type":"post","link":"https:\/\/www.webdo.tn\/fr\/actualite\/national\/ramadan-en-tunisie-quand-les-petards-transforment-les-nuits-en-cauchemar\/394244\/","title":{"rendered":"Ramadan en Tunisie : Quand les p\u00e9tards transforment les nuits en cauchemar"},"content":{"rendered":"\n<p><strong>Chaque ann\u00e9e, le mois de Ramadan transforme les soir\u00e9es tunisiennes en moments de convivialit\u00e9, de rencontres et de vie nocturne intense. Mais derri\u00e8re cette atmosph\u00e8re festive, une r\u00e9alit\u00e9 beaucoup moins \u00e9voqu\u00e9e s\u2019impose dans de nombreux quartiers : des nuisances sonores devenues pour beaucoup d\u2019habitants presque insupportables.<\/strong><\/p>\n\n\n\n<p>Dans plusieurs villes du pays, les nuits ramadanesques sont d\u00e9sormais rythm\u00e9es par les explosions de p\u00e9tards \u2013 appel\u00e9s commun\u00e9ment \u00ab fouchik \u00bb \u2013 lanc\u00e9s par des enfants et des adolescents dans les rues, parfois jusque tard apr\u00e8s minuit. Ce ph\u00e9nom\u00e8ne, devenu quasi quotidien pendant le mois saint, suscite une irritation croissante chez de nombreux riverains qui d\u00e9noncent une d\u00e9gradation du cadre de vie.<\/p>\n\n\n\n<h2 class=\"wp-block-heading\" id=\"h-une-nuisance-sonore-generalisee\">Une nuisance sonore g\u00e9n\u00e9ralis\u00e9e<\/h2>\n\n\n\n<p>Les tirs de p\u00e9tards et autres artifices produisent des bruits secs et puissants qui se r\u00e9p\u00e8tent tout au long de la soir\u00e9e. Dans certains quartiers, les explosions s\u2019encha\u00eenent pendant des heures, perturbant le sommeil des habitants, notamment des personnes \u00e2g\u00e9es, des malades ou des enfants en bas \u00e2ge.<\/p>\n\n\n\n<p>Plusieurs observateurs soulignent que ces d\u00e9tonations r\u00e9p\u00e9t\u00e9es transforment le paysage sonore urbain durant Ramadan. Les habitants \u00e9voquent des nuits \u00e9court\u00e9es, un stress permanent et un sentiment d\u2019impuissance face \u00e0 un ph\u00e9nom\u00e8ne difficile \u00e0 contr\u00f4ler. L\u2019exposition \u00e0 des bruits intenses peut par ailleurs provoquer des dommages \u00e0 l\u2019oreille interne et entra\u00eener une perte auditive ou des acouph\u00e8nes, m\u00eame apr\u00e8s une exposition relativement br\u00e8ve.<\/p>\n\n\n\n<h2 class=\"wp-block-heading\" id=\"h-des-risques-reels-pour-les-enfants\">Des risques r\u00e9els pour les enfants<\/h2>\n\n\n\n<p>Au-del\u00e0 des nuisances, l\u2019usage des p\u00e9tards repr\u00e9sente un danger r\u00e9el pour les enfants qui les manipulent. Les autorit\u00e9s sanitaires et plusieurs organismes de protection de l\u2019enfance mettent r\u00e9guli\u00e8rement en garde contre les blessures graves que peuvent provoquer ces objets.<\/p>\n\n\n\n<p>Br\u00fblures, coupures, l\u00e9sions oculaires ou amputations figurent parmi les accidents les plus redout\u00e9s. Dans certains cas, les blessures peuvent entra\u00eener des s\u00e9quelles permanentes.<\/p>\n\n\n\n<p>Le minist\u00e8re de la Sant\u00e9 appelle r\u00e9guli\u00e8rement les parents \u00e0 faire preuve de vigilance et \u00e0 \u00e9viter l\u2019achat de ces produits souvent vendus sur les march\u00e9s parall\u00e8les. Les p\u00e9tards et certains jouets dangereux peuvent provoquer des blessures graves, des br\u00fblures ou des atteintes aux yeux pouvant aller jusqu\u2019\u00e0 la perte de la vue.<\/p>\n\n\n\n<h2 class=\"wp-block-heading\" id=\"h-un-phenomene-alimente-par-la-contrebande\">Un ph\u00e9nom\u00e8ne aliment\u00e9 par la contrebande<\/h2>\n\n\n\n<p>Malgr\u00e9 leur interdiction, les p\u00e9tards continuent de circuler largement sur les march\u00e9s informels. Les services douaniers et de contr\u00f4le \u00e9conomique proc\u00e8dent chaque ann\u00e9e \u00e0 des saisies importantes.<\/p>\n\n\n\n<p>Des dizaines de milliers d\u2019unit\u00e9s sont r\u00e9guli\u00e8rement intercept\u00e9es dans diff\u00e9rents ports ou r\u00e9gions du pays, preuve de l\u2019ampleur d\u2019un commerce clandestin qui alimente cette pratique.<\/p>\n\n\n\n<p>Les autorit\u00e9s rappellent pourtant que l\u2019importation, la production et la vente de p\u00e9tards sont interdites par la l\u00e9gislation tunisienne et peuvent entra\u00eener des sanctions p\u00e9nales.<\/p>\n\n\n\n<h2 class=\"wp-block-heading\" id=\"h-entre-tradition-festive-et-incivilite\">Entre tradition festive et incivilit\u00e9<\/h2>\n\n\n\n<p>Pour beaucoup d\u2019enfants et d\u2019adolescents, les p\u00e9tards restent associ\u00e9s \u00e0 une forme de f\u00eate et de divertissement. Mais pour une partie croissante de la population, cette pratique s\u2019apparente de plus en plus \u00e0 une incivilit\u00e9 qui transforme les soir\u00e9es ramadanesques en source de stress.<\/p>\n\n\n\n<p><\/p>\n\n\n\n<p class=\"has-medium-font-size\"><strong>Lire aussi <\/strong>:<a href=\"https:\/\/www.webdo.tn\/fr\/actualite\/national-45\/les-petards-et-les-fumigenes-confisques-les-coupables-arretes\/170574\/\"> Les p\u00e9tards et les fumig\u00e8nes confisqu\u00e9s, les coupables arr\u00eat\u00e9s !<br><\/a><\/p>\n\n\n\n<p><\/p>\n","protected":false},"excerpt":{"rendered":"<p>Chaque ann\u00e9e, le mois de Ramadan transforme les soir\u00e9es tunisiennes en moments de convivialit\u00e9, de rencontres et de vie nocturne intense. Mais derri\u00e8re cette atmosph\u00e8re festive, une r\u00e9alit\u00e9 beaucoup moins \u00e9voqu\u00e9e s\u2019impose dans de nombreux quartiers : des nuisances sonores devenues pour beaucoup d\u2019habitants presque insupportables. Dans plusieurs villes du pays, les nuits ramadanesques sont [&hellip;]<\/p>\n","protected":false},"author":3184,"featured_media":394245,"comment_status":"closed","ping_status":"closed","sticky":false,"template":"","format":"standard","meta":{"footnotes":""},"categories":[44],"tags":[13815,2608],"class_list":["post-394244","post","type-post","status-publish","format-standard","has-post-thumbnail","hentry","category-national","tag-petards","tag-tunisie"],"yoast_head":"<!-- This site is optimized with the Yoast SEO Premium plugin v27.5 (Yoast SEO v27.5) - https:\/\/yoast.com\/product\/yoast-seo-premium-wordpress\/ -->\n<title>Ramadan en Tunisie : Quand les p\u00e9tards transforment les nuits en cauchemar - webdo<\/title>\n<meta name=\"description\" content=\"D\u00e9couvrez les nuisances sonores caus\u00e9es par les p\u00e9tards pendant le Ramadan et l&#039;impact sur la vie nocturne tunisienne.\" \/>\n<link rel=\"canonical\" href=\"https:\/\/www.webdo.tn\/fr\/actualite\/national\/ramadan-en-tunisie-quand-les-petards-transforment-les-nuits-en-cauchemar\/394244\/\" \/>\n<meta property=\"og:locale\" content=\"fr_FR\" \/>\n<meta property=\"og:type\" content=\"article\" \/>\n<meta property=\"og:title\" content=\"Ramadan en Tunisie : Quand les p\u00e9tards transforment les nuits en cauchemar\" \/>\n<meta property=\"og:description\" content=\"D\u00e9couvrez les nuisances sonores caus\u00e9es par les p\u00e9tards pendant le Ramadan et l&#039;impact sur la vie nocturne tunisienne.\" \/>\n<meta property=\"og:url\" content=\"https:\/\/www.webdo.tn\/fr\/actualite\/national\/ramadan-en-tunisie-quand-les-petards-transforment-les-nuits-en-cauchemar\/394244\/\" \/>\n<meta property=\"og:site_name\" content=\"webdo\" \/>\n<meta property=\"article:publisher\" content=\"https:\/\/www.facebook.com\/webdotn\" \/>\n<meta property=\"article:published_time\" content=\"2026-03-07T18:11:21+00:00\" \/>\n<meta property=\"article:modified_time\" content=\"2026-03-07T18:11:24+00:00\" \/>\n<meta property=\"og:image\" content=\"https:\/\/www.webdo.tn\/fr\/wp-content\/uploads\/2026\/03\/petard.jpg\" \/>\n\t<meta property=\"og:image:width\" content=\"1200\" \/>\n\t<meta property=\"og:image:height\" content=\"605\" \/>\n\t<meta property=\"og:image:type\" content=\"image\/jpeg\" \/>\n<meta name=\"author\" content=\"Wided Belhaj\" \/>\n<meta name=\"twitter:card\" content=\"summary_large_image\" \/>\n<meta name=\"twitter:creator\" content=\"@webdo_tn\" \/>\n<meta name=\"twitter:site\" content=\"@webdo_tn\" \/>\n<meta name=\"twitter:label1\" content=\"\u00c9crit par\" \/>\n\t<meta name=\"twitter:data1\" content=\"Wided Belhaj\" \/>\n\t<meta name=\"twitter:label2\" content=\"Dur\u00e9e de lecture estim\u00e9e\" \/>\n\t<meta name=\"twitter:data2\" content=\"3 minutes\" \/>\n<script type=\"application\/ld+json\" class=\"yoast-schema-graph\">{\"@context\":\"https:\\\/\\\/schema.org\",\"@graph\":[{\"@type\":\"NewsArticle\",\"@id\":\"https:\\\/\\\/www.webdo.tn\\\/fr\\\/actualite\\\/national\\\/ramadan-en-tunisie-quand-les-petards-transforment-les-nuits-en-cauchemar\\\/394244\\\/#article\",\"isPartOf\":{\"@id\":\"https:\\\/\\\/www.webdo.tn\\\/fr\\\/actualite\\\/national\\\/ramadan-en-tunisie-quand-les-petards-transforment-les-nuits-en-cauchemar\\\/394244\\\/\"},\"author\":{\"name\":\"Wided Belhaj\",\"@id\":\"https:\\\/\\\/www.webdo.tn\\\/fr\\\/#\\\/schema\\\/person\\\/b9ecde7a5574cb4fcf4b496ea5fadb15\"},\"headline\":\"Ramadan en Tunisie : Quand les p\u00e9tards transforment les nuits en cauchemar\",\"datePublished\":\"2026-03-07T18:11:21+00:00\",\"dateModified\":\"2026-03-07T18:11:24+00:00\",\"mainEntityOfPage\":{\"@id\":\"https:\\\/\\\/www.webdo.tn\\\/fr\\\/actualite\\\/national\\\/ramadan-en-tunisie-quand-les-petards-transforment-les-nuits-en-cauchemar\\\/394244\\\/\"},\"wordCount\":586,\"publisher\":{\"@id\":\"https:\\\/\\\/www.webdo.tn\\\/fr\\\/#organization\"},\"image\":{\"@id\":\"https:\\\/\\\/www.webdo.tn\\\/fr\\\/actualite\\\/national\\\/ramadan-en-tunisie-quand-les-petards-transforment-les-nuits-en-cauchemar\\\/394244\\\/#primaryimage\"},\"thumbnailUrl\":\"https:\\\/\\\/www.webdo.tn\\\/fr\\\/wp-content\\\/uploads\\\/2026\\\/03\\\/petard.jpg\",\"keywords\":[\"P\u00e9tards\",\"Tunisie\"],\"articleSection\":[\"National\"],\"inLanguage\":\"fr-FR\"},{\"@type\":\"WebPage\",\"@id\":\"https:\\\/\\\/www.webdo.tn\\\/fr\\\/actualite\\\/national\\\/ramadan-en-tunisie-quand-les-petards-transforment-les-nuits-en-cauchemar\\\/394244\\\/\",\"url\":\"https:\\\/\\\/www.webdo.tn\\\/fr\\\/actualite\\\/national\\\/ramadan-en-tunisie-quand-les-petards-transforment-les-nuits-en-cauchemar\\\/394244\\\/\",\"name\":\"Ramadan en Tunisie : Quand les p\u00e9tards transforment les nuits en cauchemar - webdo\",\"isPartOf\":{\"@id\":\"https:\\\/\\\/www.webdo.tn\\\/fr\\\/#website\"},\"primaryImageOfPage\":{\"@id\":\"https:\\\/\\\/www.webdo.tn\\\/fr\\\/actualite\\\/national\\\/ramadan-en-tunisie-quand-les-petards-transforment-les-nuits-en-cauchemar\\\/394244\\\/#primaryimage\"},\"image\":{\"@id\":\"https:\\\/\\\/www.webdo.tn\\\/fr\\\/actualite\\\/national\\\/ramadan-en-tunisie-quand-les-petards-transforment-les-nuits-en-cauchemar\\\/394244\\\/#primaryimage\"},\"thumbnailUrl\":\"https:\\\/\\\/www.webdo.tn\\\/fr\\\/wp-content\\\/uploads\\\/2026\\\/03\\\/petard.jpg\",\"datePublished\":\"2026-03-07T18:11:21+00:00\",\"dateModified\":\"2026-03-07T18:11:24+00:00\",\"description\":\"D\u00e9couvrez les nuisances sonores caus\u00e9es par les p\u00e9tards pendant le Ramadan et l'impact sur la vie nocturne tunisienne.\",\"breadcrumb\":{\"@id\":\"https:\\\/\\\/www.webdo.tn\\\/fr\\\/actualite\\\/national\\\/ramadan-en-tunisie-quand-les-petards-transforment-les-nuits-en-cauchemar\\\/394244\\\/#breadcrumb\"},\"inLanguage\":\"fr-FR\",\"potentialAction\":[{\"@type\":\"ReadAction\",\"target\":[\"https:\\\/\\\/www.webdo.tn\\\/fr\\\/actualite\\\/national\\\/ramadan-en-tunisie-quand-les-petards-transforment-les-nuits-en-cauchemar\\\/394244\\\/\"]}]},{\"@type\":\"ImageObject\",\"inLanguage\":\"fr-FR\",\"@id\":\"https:\\\/\\\/www.webdo.tn\\\/fr\\\/actualite\\\/national\\\/ramadan-en-tunisie-quand-les-petards-transforment-les-nuits-en-cauchemar\\\/394244\\\/#primaryimage\",\"url\":\"https:\\\/\\\/www.webdo.tn\\\/fr\\\/wp-content\\\/uploads\\\/2026\\\/03\\\/petard.jpg\",\"contentUrl\":\"https:\\\/\\\/www.webdo.tn\\\/fr\\\/wp-content\\\/uploads\\\/2026\\\/03\\\/petard.jpg\",\"width\":1200,\"height\":605,\"caption\":\"Petards\"},{\"@type\":\"BreadcrumbList\",\"@id\":\"https:\\\/\\\/www.webdo.tn\\\/fr\\\/actualite\\\/national\\\/ramadan-en-tunisie-quand-les-petards-transforment-les-nuits-en-cauchemar\\\/394244\\\/#breadcrumb\",\"itemListElement\":[{\"@type\":\"ListItem\",\"position\":1,\"name\":\"Accueil\",\"item\":\"https:\\\/\\\/www.webdo.tn\\\/fr\\\/\"},{\"@type\":\"ListItem\",\"position\":2,\"name\":\"Ramadan en Tunisie : Quand les p\u00e9tards transforment les nuits en cauchemar\"}]},{\"@type\":\"WebSite\",\"@id\":\"https:\\\/\\\/www.webdo.tn\\\/fr\\\/#website\",\"url\":\"https:\\\/\\\/www.webdo.tn\\\/fr\\\/\",\"name\":\"webdo\",\"description\":\"Tunisie - News en Tunisie et \u00e0 l&#039;international sur Webdo.tn\",\"publisher\":{\"@id\":\"https:\\\/\\\/www.webdo.tn\\\/fr\\\/#organization\"},\"potentialAction\":[{\"@type\":\"SearchAction\",\"target\":{\"@type\":\"EntryPoint\",\"urlTemplate\":\"https:\\\/\\\/www.webdo.tn\\\/fr\\\/?s={search_term_string}\"},\"query-input\":{\"@type\":\"PropertyValueSpecification\",\"valueRequired\":true,\"valueName\":\"search_term_string\"}}],\"inLanguage\":\"fr-FR\"},{\"@type\":\"Organization\",\"@id\":\"https:\\\/\\\/www.webdo.tn\\\/fr\\\/#organization\",\"name\":\"Webdo\",\"alternateName\":\"Webdo.tn\",\"url\":\"https:\\\/\\\/www.webdo.tn\\\/fr\\\/\",\"logo\":{\"@type\":\"ImageObject\",\"inLanguage\":\"fr-FR\",\"@id\":\"https:\\\/\\\/www.webdo.tn\\\/fr\\\/#\\\/schema\\\/logo\\\/image\\\/\",\"url\":\"https:\\\/\\\/www.webdo.tn\\\/fr\\\/wp-content\\\/uploads\\\/2025\\\/06\\\/Webdo-Tunisie_168377.jpg\",\"contentUrl\":\"https:\\\/\\\/www.webdo.tn\\\/fr\\\/wp-content\\\/uploads\\\/2025\\\/06\\\/Webdo-Tunisie_168377.jpg\",\"width\":301,\"height\":301,\"caption\":\"Webdo\"},\"image\":{\"@id\":\"https:\\\/\\\/www.webdo.tn\\\/fr\\\/#\\\/schema\\\/logo\\\/image\\\/\"},\"sameAs\":[\"https:\\\/\\\/www.facebook.com\\\/webdotn\",\"https:\\\/\\\/x.com\\\/webdo_tn\"],\"description\":\"Webdo est un m\u00e9dia num\u00e9rique tunisien fond\u00e9 en 2010, sp\u00e9cialis\u00e9 dans l\u2019actualit\u00e9 nationale et internationale, l\u2019\u00e9conomie, la soci\u00e9t\u00e9 et les analyses politiques. Le site s\u2019adresse \u00e0 un large public francophone et couvre l\u2019information tunisienne en temps r\u00e9el.\",\"email\":\"redac@webdo.tn\",\"legalName\":\"YNJ SARL\",\"foundingDate\":\"2010-09-06\",\"numberOfEmployees\":{\"@type\":\"QuantitativeValue\",\"minValue\":\"11\",\"maxValue\":\"50\"}},{\"@type\":\"Person\",\"@id\":\"https:\\\/\\\/www.webdo.tn\\\/fr\\\/#\\\/schema\\\/person\\\/b9ecde7a5574cb4fcf4b496ea5fadb15\",\"name\":\"Wided Belhaj\",\"image\":{\"@type\":\"ImageObject\",\"inLanguage\":\"fr-FR\",\"@id\":\"https:\\\/\\\/www.webdo.tn\\\/fr\\\/wp-content\\\/uploads\\\/2026\\\/04\\\/wided-belhaj_avatar-96x96.jpg\",\"url\":\"https:\\\/\\\/www.webdo.tn\\\/fr\\\/wp-content\\\/uploads\\\/2026\\\/04\\\/wided-belhaj_avatar-96x96.jpg\",\"contentUrl\":\"https:\\\/\\\/www.webdo.tn\\\/fr\\\/wp-content\\\/uploads\\\/2026\\\/04\\\/wided-belhaj_avatar-96x96.jpg\",\"caption\":\"Wided Belhaj\"},\"description\":\"Wided Belhaj est le pseudonyme \u00e9ditorial utilis\u00e9 par Khalil Jelassi, journaliste, ma\u00eetre-assistant \u00e0 l\u2019Institut de presse et des sciences de l\u2019information (IPSI) et chercheur en sciences de l\u2019information et de la communication. Cette signature est d\u00e9di\u00e9e \u00e0 l\u2019analyse des m\u00e9dias, des pratiques journalistiques et des mutations de l\u2019information \u00e0 l\u2019\u00e8re digitale. \u00c0 travers ses contributions, Wided Belhaj propose une lecture analytique de l\u2019actualit\u00e9, en croisant regard critique et expertise acad\u00e9mique.\",\"knowsAbout\":[\"m\u00e9dias\",\"journalisme\",\"communication\",\"information\",\"transformation num\u00e9rique\",\"analyse des m\u00e9dias\"],\"knowsLanguage\":[\"Fran\u00e7ais\",\"Arabe\"],\"jobTitle\":\"Webdo.tn\",\"worksFor\":\"Journaliste \u2013 Analyse des m\u00e9dias\",\"url\":\"https:\\\/\\\/www.webdo.tn\\\/fr\\\/actualite\\\/author\\\/wided-belhaj\\\/\"}]}<\/script>\n<!-- \/ Yoast SEO Premium plugin. -->","yoast_head_json":{"title":"Ramadan en Tunisie : Quand les p\u00e9tards transforment les nuits en cauchemar - webdo","description":"D\u00e9couvrez les nuisances sonores caus\u00e9es par les p\u00e9tards pendant le Ramadan et l'impact sur la vie nocturne tunisienne.","canonical":"https:\/\/www.webdo.tn\/fr\/actualite\/national\/ramadan-en-tunisie-quand-les-petards-transforment-les-nuits-en-cauchemar\/394244\/","og_locale":"fr_FR","og_type":"article","og_title":"Ramadan en Tunisie : Quand les p\u00e9tards transforment les nuits en cauchemar","og_description":"D\u00e9couvrez les nuisances sonores caus\u00e9es par les p\u00e9tards pendant le Ramadan et l'impact sur la vie nocturne tunisienne.","og_url":"https:\/\/www.webdo.tn\/fr\/actualite\/national\/ramadan-en-tunisie-quand-les-petards-transforment-les-nuits-en-cauchemar\/394244\/","og_site_name":"webdo","article_publisher":"https:\/\/www.facebook.com\/webdotn","article_published_time":"2026-03-07T18:11:21+00:00","article_modified_time":"2026-03-07T18:11:24+00:00","og_image":[{"width":1200,"height":605,"url":"https:\/\/www.webdo.tn\/fr\/wp-content\/uploads\/2026\/03\/petard.jpg","type":"image\/jpeg"}],"author":"Wided Belhaj","twitter_card":"summary_large_image","twitter_creator":"@webdo_tn","twitter_site":"@webdo_tn","twitter_misc":{"\u00c9crit par":"Wided Belhaj","Dur\u00e9e de lecture estim\u00e9e":"3 minutes"},"schema":{"@context":"https:\/\/schema.org","@graph":[{"@type":"NewsArticle","@id":"https:\/\/www.webdo.tn\/fr\/actualite\/national\/ramadan-en-tunisie-quand-les-petards-transforment-les-nuits-en-cauchemar\/394244\/#article","isPartOf":{"@id":"https:\/\/www.webdo.tn\/fr\/actualite\/national\/ramadan-en-tunisie-quand-les-petards-transforment-les-nuits-en-cauchemar\/394244\/"},"author":{"name":"Wided Belhaj","@id":"https:\/\/www.webdo.tn\/fr\/#\/schema\/person\/b9ecde7a5574cb4fcf4b496ea5fadb15"},"headline":"Ramadan en Tunisie : Quand les p\u00e9tards transforment les nuits en cauchemar","datePublished":"2026-03-07T18:11:21+00:00","dateModified":"2026-03-07T18:11:24+00:00","mainEntityOfPage":{"@id":"https:\/\/www.webdo.tn\/fr\/actualite\/national\/ramadan-en-tunisie-quand-les-petards-transforment-les-nuits-en-cauchemar\/394244\/"},"wordCount":586,"publisher":{"@id":"https:\/\/www.webdo.tn\/fr\/#organization"},"image":{"@id":"https:\/\/www.webdo.tn\/fr\/actualite\/national\/ramadan-en-tunisie-quand-les-petards-transforment-les-nuits-en-cauchemar\/394244\/#primaryimage"},"thumbnailUrl":"https:\/\/www.webdo.tn\/fr\/wp-content\/uploads\/2026\/03\/petard.jpg","keywords":["P\u00e9tards","Tunisie"],"articleSection":["National"],"inLanguage":"fr-FR"},{"@type":"WebPage","@id":"https:\/\/www.webdo.tn\/fr\/actualite\/national\/ramadan-en-tunisie-quand-les-petards-transforment-les-nuits-en-cauchemar\/394244\/","url":"https:\/\/www.webdo.tn\/fr\/actualite\/national\/ramadan-en-tunisie-quand-les-petards-transforment-les-nuits-en-cauchemar\/394244\/","name":"Ramadan en Tunisie : Quand les p\u00e9tards transforment les nuits en cauchemar - webdo","isPartOf":{"@id":"https:\/\/www.webdo.tn\/fr\/#website"},"primaryImageOfPage":{"@id":"https:\/\/www.webdo.tn\/fr\/actualite\/national\/ramadan-en-tunisie-quand-les-petards-transforment-les-nuits-en-cauchemar\/394244\/#primaryimage"},"image":{"@id":"https:\/\/www.webdo.tn\/fr\/actualite\/national\/ramadan-en-tunisie-quand-les-petards-transforment-les-nuits-en-cauchemar\/394244\/#primaryimage"},"thumbnailUrl":"https:\/\/www.webdo.tn\/fr\/wp-content\/uploads\/2026\/03\/petard.jpg","datePublished":"2026-03-07T18:11:21+00:00","dateModified":"2026-03-07T18:11:24+00:00","description":"D\u00e9couvrez les nuisances sonores caus\u00e9es par les p\u00e9tards pendant le Ramadan et l'impact sur la vie nocturne tunisienne.","breadcrumb":{"@id":"https:\/\/www.webdo.tn\/fr\/actualite\/national\/ramadan-en-tunisie-quand-les-petards-transforment-les-nuits-en-cauchemar\/394244\/#breadcrumb"},"inLanguage":"fr-FR","potentialAction":[{"@type":"ReadAction","target":["https:\/\/www.webdo.tn\/fr\/actualite\/national\/ramadan-en-tunisie-quand-les-petards-transforment-les-nuits-en-cauchemar\/394244\/"]}]},{"@type":"ImageObject","inLanguage":"fr-FR","@id":"https:\/\/www.webdo.tn\/fr\/actualite\/national\/ramadan-en-tunisie-quand-les-petards-transforment-les-nuits-en-cauchemar\/394244\/#primaryimage","url":"https:\/\/www.webdo.tn\/fr\/wp-content\/uploads\/2026\/03\/petard.jpg","contentUrl":"https:\/\/www.webdo.tn\/fr\/wp-content\/uploads\/2026\/03\/petard.jpg","width":1200,"height":605,"caption":"Petards"},{"@type":"BreadcrumbList","@id":"https:\/\/www.webdo.tn\/fr\/actualite\/national\/ramadan-en-tunisie-quand-les-petards-transforment-les-nuits-en-cauchemar\/394244\/#breadcrumb","itemListElement":[{"@type":"ListItem","position":1,"name":"Accueil","item":"https:\/\/www.webdo.tn\/fr\/"},{"@type":"ListItem","position":2,"name":"Ramadan en Tunisie : Quand les p\u00e9tards transforment les nuits en cauchemar"}]},{"@type":"WebSite","@id":"https:\/\/www.webdo.tn\/fr\/#website","url":"https:\/\/www.webdo.tn\/fr\/","name":"webdo","description":"Tunisie - News en Tunisie et \u00e0 l&#039;international sur Webdo.tn","publisher":{"@id":"https:\/\/www.webdo.tn\/fr\/#organization"},"potentialAction":[{"@type":"SearchAction","target":{"@type":"EntryPoint","urlTemplate":"https:\/\/www.webdo.tn\/fr\/?s={search_term_string}"},"query-input":{"@type":"PropertyValueSpecification","valueRequired":true,"valueName":"search_term_string"}}],"inLanguage":"fr-FR"},{"@type":"Organization","@id":"https:\/\/www.webdo.tn\/fr\/#organization","name":"Webdo","alternateName":"Webdo.tn","url":"https:\/\/www.webdo.tn\/fr\/","logo":{"@type":"ImageObject","inLanguage":"fr-FR","@id":"https:\/\/www.webdo.tn\/fr\/#\/schema\/logo\/image\/","url":"https:\/\/www.webdo.tn\/fr\/wp-content\/uploads\/2025\/06\/Webdo-Tunisie_168377.jpg","contentUrl":"https:\/\/www.webdo.tn\/fr\/wp-content\/uploads\/2025\/06\/Webdo-Tunisie_168377.jpg","width":301,"height":301,"caption":"Webdo"},"image":{"@id":"https:\/\/www.webdo.tn\/fr\/#\/schema\/logo\/image\/"},"sameAs":["https:\/\/www.facebook.com\/webdotn","https:\/\/x.com\/webdo_tn"],"description":"Webdo est un m\u00e9dia num\u00e9rique tunisien fond\u00e9 en 2010, sp\u00e9cialis\u00e9 dans l\u2019actualit\u00e9 nationale et internationale, l\u2019\u00e9conomie, la soci\u00e9t\u00e9 et les analyses politiques. Le site s\u2019adresse \u00e0 un large public francophone et couvre l\u2019information tunisienne en temps r\u00e9el.","email":"redac@webdo.tn","legalName":"YNJ SARL","foundingDate":"2010-09-06","numberOfEmployees":{"@type":"QuantitativeValue","minValue":"11","maxValue":"50"}},{"@type":"Person","@id":"https:\/\/www.webdo.tn\/fr\/#\/schema\/person\/b9ecde7a5574cb4fcf4b496ea5fadb15","name":"Wided Belhaj","image":{"@type":"ImageObject","inLanguage":"fr-FR","@id":"https:\/\/www.webdo.tn\/fr\/wp-content\/uploads\/2026\/04\/wided-belhaj_avatar-96x96.jpg","url":"https:\/\/www.webdo.tn\/fr\/wp-content\/uploads\/2026\/04\/wided-belhaj_avatar-96x96.jpg","contentUrl":"https:\/\/www.webdo.tn\/fr\/wp-content\/uploads\/2026\/04\/wided-belhaj_avatar-96x96.jpg","caption":"Wided Belhaj"},"description":"Wided Belhaj est le pseudonyme \u00e9ditorial utilis\u00e9 par Khalil Jelassi, journaliste, ma\u00eetre-assistant \u00e0 l\u2019Institut de presse et des sciences de l\u2019information (IPSI) et chercheur en sciences de l\u2019information et de la communication. Cette signature est d\u00e9di\u00e9e \u00e0 l\u2019analyse des m\u00e9dias, des pratiques journalistiques et des mutations de l\u2019information \u00e0 l\u2019\u00e8re digitale. \u00c0 travers ses contributions, Wided Belhaj propose une lecture analytique de l\u2019actualit\u00e9, en croisant regard critique et expertise acad\u00e9mique.","knowsAbout":["m\u00e9dias","journalisme","communication","information","transformation num\u00e9rique","analyse des m\u00e9dias"],"knowsLanguage":["Fran\u00e7ais","Arabe"],"jobTitle":"Webdo.tn","worksFor":"Journaliste \u2013 Analyse des m\u00e9dias","url":"https:\/\/www.webdo.tn\/fr\/actualite\/author\/wided-belhaj\/"}]}},"_links":{"self":[{"href":"https:\/\/www.webdo.tn\/fr\/wp-json\/wp\/v2\/posts\/394244","targetHints":{"allow":["GET"]}}],"collection":[{"href":"https:\/\/www.webdo.tn\/fr\/wp-json\/wp\/v2\/posts"}],"about":[{"href":"https:\/\/www.webdo.tn\/fr\/wp-json\/wp\/v2\/types\/post"}],"author":[{"embeddable":true,"href":"https:\/\/www.webdo.tn\/fr\/wp-json\/wp\/v2\/users\/3184"}],"replies":[{"embeddable":true,"href":"https:\/\/www.webdo.tn\/fr\/wp-json\/wp\/v2\/comments?post=394244"}],"version-history":[{"count":0,"href":"https:\/\/www.webdo.tn\/fr\/wp-json\/wp\/v2\/posts\/394244\/revisions"}],"wp:featuredmedia":[{"embeddable":true,"href":"https:\/\/www.webdo.tn\/fr\/wp-json\/wp\/v2\/media\/394245"}],"wp:attachment":[{"href":"https:\/\/www.webdo.tn\/fr\/wp-json\/wp\/v2\/media?parent=394244"}],"wp:term":[{"taxonomy":"category","embeddable":true,"href":"https:\/\/www.webdo.tn\/fr\/wp-json\/wp\/v2\/categories?post=394244"},{"taxonomy":"post_tag","embeddable":true,"href":"https:\/\/www.webdo.tn\/fr\/wp-json\/wp\/v2\/tags?post=394244"}],"curies":[{"name":"wp","href":"https:\/\/api.w.org\/{rel}","templated":true}]}}