{"id":394240,"date":"2026-03-07T16:10:42","date_gmt":"2026-03-07T15:10:42","guid":{"rendered":"https:\/\/www.webdo.tn\/fr\/?p=394240"},"modified":"2026-03-07T16:10:45","modified_gmt":"2026-03-07T15:10:45","slug":"hannibal-le-projet-du-film-avec-denzel-washington-avance-enfin","status":"publish","type":"post","link":"https:\/\/www.webdo.tn\/fr\/actualite\/culture\/hannibal-le-projet-du-film-avec-denzel-washington-avance-enfin\/394240\/","title":{"rendered":"Hannibal : Le projet du film avec Denzel Washington avance enfin"},"content":{"rendered":"\n<p><strong>Le film consacr\u00e9 \u00e0 Hannibal Barca, avec l\u2019acteur Denzel Washington dans le r\u00f4le principal, semble enfin prendre forme. Selon plusieurs m\u00e9dias sp\u00e9cialis\u00e9s am\u00e9ricains, le projet produit par Netflix devrait entrer en phase de tournage au cours de l\u2019\u00e9t\u00e9 2026, apr\u00e8s plusieurs mois d\u2019incertitudes.<\/strong><\/p>\n\n\n\n<p>R\u00e9alis\u00e9 par Antoine Fuqua, connu notamment pour la saga cin\u00e9matographique \u00ab The Equalizer \u00bb, le film ambitionne de retracer le parcours de Hannibal Barca, le c\u00e9l\u00e8bre strat\u00e8ge carthaginois qui a d\u00e9fi\u00e9 Rome durant la Deuxi\u00e8me guerre punique.<\/p>\n\n\n\n<h2 class=\"wp-block-heading\" id=\"h-le-tournage-pourrait-debuter-en-juin-2026\">Le tournage pourrait d\u00e9buter en juin 2026<\/h2>\n\n\n\n<p>D\u2019apr\u00e8s les derni\u00e8res informations publi\u00e9es par la presse hollywoodienne, le tournage pourrait d\u00e9buter en juin 2026. Le projet \u00e9tait initialement annonc\u00e9 en 2023 mais avait connu plusieurs retards li\u00e9s au d\u00e9veloppement du sc\u00e9nario et \u00e0 l\u2019organisation de la production.<\/p>\n\n\n\n<p>Le sc\u00e9nario est sign\u00e9 par John Logan, sc\u00e9nariste reconnu pour son travail sur le film \u00ab Gladiator \u00bb et le long-m\u00e9trage \u00ab Skyfall \u00bb. La direction de la photographie devrait \u00eatre assur\u00e9e par Robert Richardson, triple laur\u00e9at de l\u2019Oscar.<\/p>\n\n\n\n<p>Le film devrait se concentrer sur l\u2019une des campagnes militaires les plus c\u00e9l\u00e8bres de l\u2019histoire antique : la travers\u00e9e des Alpes par Hannibal et son arm\u00e9e, accompagn\u00e9e d\u2019\u00e9l\u00e9phants de guerre, pour attaquer la R\u00e9publique romaine sur son propre territoire.<\/p>\n\n\n\n<h2 class=\"wp-block-heading\" id=\"h-polemique-en-tunisie\">Pol\u00e9mique en Tunisie <\/h2>\n\n\n\n<p>Figure majeure de l\u2019histoire de Carthage, Hannibal demeure l\u2019un des strat\u00e8ges militaires les plus \u00e9tudi\u00e9s dans l\u2019histoire. Sa rivalit\u00e9 avec Rome a marqu\u00e9 durablement l\u2019\u00e9quilibre des puissances en M\u00e9diterran\u00e9e durant l\u2019Antiquit\u00e9.<\/p>\n\n\n\n<p>L\u2019annonce du choix de Denzel Washington pour incarner le g\u00e9n\u00e9ral carthaginois avait suscit\u00e9, ces derni\u00e8res ann\u00e9es, de nombreux d\u00e9bats, notamment en Tunisie o\u00f9 Hannibal est consid\u00e9r\u00e9 comme l\u2019une des figures historiques les plus embl\u00e9matiques du pays.<\/p>\n\n\n\n<p class=\"has-medium-font-size\"><strong>Lire aussi :<\/strong> <a href=\"https:\/\/www.webdo.tn\/fr\/actualite\/culture\/denzel-washington-incarnera-hannibal-sur-netflix-les-tunisiens-s-indignent\/210119\/\">Denzel Washington incarnera Hannibal sur Netflix : les Tunisiens s\u2019indignent !<\/a><br><\/p>\n\n\n\n<p>Aucune date officielle de sortie n\u2019a encore \u00e9t\u00e9 annonc\u00e9e. Si le calendrier de production se confirme, le film pourrait toutefois voir le jour sur la plateforme Netflix courant 2027.<\/p>\n\n\n\n<p><\/p>\n","protected":false},"excerpt":{"rendered":"<p>Le film consacr\u00e9 \u00e0 Hannibal Barca, avec l\u2019acteur Denzel Washington dans le r\u00f4le principal, semble enfin prendre forme. Selon plusieurs m\u00e9dias sp\u00e9cialis\u00e9s am\u00e9ricains, le projet produit par Netflix devrait entrer en phase de tournage au cours de l\u2019\u00e9t\u00e9 2026, apr\u00e8s plusieurs mois d\u2019incertitudes. R\u00e9alis\u00e9 par Antoine Fuqua, connu notamment pour la saga cin\u00e9matographique \u00ab The [&hellip;]<\/p>\n","protected":false},"author":3184,"featured_media":394241,"comment_status":"closed","ping_status":"closed","sticky":false,"template":"","format":"standard","meta":{"footnotes":""},"categories":[2594],"tags":[2655,6842,2608],"class_list":["post-394240","post","type-post","status-publish","format-standard","has-post-thumbnail","hentry","category-culture","tag-film","tag-hannibal","tag-tunisie"],"yoast_head":"<!-- This site is optimized with the Yoast SEO Premium plugin v27.5 (Yoast SEO v27.5) - https:\/\/yoast.com\/product\/yoast-seo-premium-wordpress\/ -->\n<title>Hannibal : Le projet du film avec Denzel Washington avance enfin - webdo<\/title>\n<meta name=\"description\" content=\"D\u00e9couvrez le nouveau film sur Hannibal Denzel Washington, avec un tournage pr\u00e9vu pour l&#039;\u00e9t\u00e9 2026 sous la direction d&#039;Antoine Fuqua.\" \/>\n<link rel=\"canonical\" href=\"https:\/\/www.webdo.tn\/fr\/actualite\/culture\/hannibal-le-projet-du-film-avec-denzel-washington-avance-enfin\/394240\/\" \/>\n<meta property=\"og:locale\" content=\"fr_FR\" \/>\n<meta property=\"og:type\" content=\"article\" \/>\n<meta property=\"og:title\" content=\"Hannibal : Le projet du film avec Denzel Washington avance enfin\" \/>\n<meta property=\"og:description\" content=\"D\u00e9couvrez le nouveau film sur Hannibal Denzel Washington, avec un tournage pr\u00e9vu pour l&#039;\u00e9t\u00e9 2026 sous la direction d&#039;Antoine Fuqua.\" \/>\n<meta property=\"og:url\" content=\"https:\/\/www.webdo.tn\/fr\/actualite\/culture\/hannibal-le-projet-du-film-avec-denzel-washington-avance-enfin\/394240\/\" \/>\n<meta property=\"og:site_name\" content=\"webdo\" \/>\n<meta property=\"article:publisher\" content=\"https:\/\/www.facebook.com\/webdotn\" \/>\n<meta property=\"article:published_time\" content=\"2026-03-07T15:10:42+00:00\" \/>\n<meta property=\"article:modified_time\" content=\"2026-03-07T15:10:45+00:00\" \/>\n<meta property=\"og:image\" content=\"https:\/\/www.webdo.tn\/fr\/wp-content\/uploads\/2026\/03\/hannibal.jpg\" \/>\n\t<meta property=\"og:image:width\" content=\"1200\" \/>\n\t<meta property=\"og:image:height\" content=\"600\" \/>\n\t<meta property=\"og:image:type\" content=\"image\/jpeg\" \/>\n<meta name=\"author\" content=\"Wided Belhaj\" \/>\n<meta name=\"twitter:card\" content=\"summary_large_image\" \/>\n<meta name=\"twitter:creator\" content=\"@webdo_tn\" \/>\n<meta name=\"twitter:site\" content=\"@webdo_tn\" \/>\n<meta name=\"twitter:label1\" content=\"\u00c9crit par\" \/>\n\t<meta name=\"twitter:data1\" content=\"Wided Belhaj\" \/>\n\t<meta name=\"twitter:label2\" content=\"Dur\u00e9e de lecture estim\u00e9e\" \/>\n\t<meta name=\"twitter:data2\" content=\"2 minutes\" \/>\n<script type=\"application\/ld+json\" class=\"yoast-schema-graph\">{\"@context\":\"https:\\\/\\\/schema.org\",\"@graph\":[{\"@type\":\"NewsArticle\",\"@id\":\"https:\\\/\\\/www.webdo.tn\\\/fr\\\/actualite\\\/culture\\\/hannibal-le-projet-du-film-avec-denzel-washington-avance-enfin\\\/394240\\\/#article\",\"isPartOf\":{\"@id\":\"https:\\\/\\\/www.webdo.tn\\\/fr\\\/actualite\\\/culture\\\/hannibal-le-projet-du-film-avec-denzel-washington-avance-enfin\\\/394240\\\/\"},\"author\":{\"name\":\"Wided Belhaj\",\"@id\":\"https:\\\/\\\/www.webdo.tn\\\/fr\\\/#\\\/schema\\\/person\\\/b9ecde7a5574cb4fcf4b496ea5fadb15\"},\"headline\":\"Hannibal : Le projet du film avec Denzel Washington avance enfin\",\"datePublished\":\"2026-03-07T15:10:42+00:00\",\"dateModified\":\"2026-03-07T15:10:45+00:00\",\"mainEntityOfPage\":{\"@id\":\"https:\\\/\\\/www.webdo.tn\\\/fr\\\/actualite\\\/culture\\\/hannibal-le-projet-du-film-avec-denzel-washington-avance-enfin\\\/394240\\\/\"},\"wordCount\":374,\"publisher\":{\"@id\":\"https:\\\/\\\/www.webdo.tn\\\/fr\\\/#organization\"},\"image\":{\"@id\":\"https:\\\/\\\/www.webdo.tn\\\/fr\\\/actualite\\\/culture\\\/hannibal-le-projet-du-film-avec-denzel-washington-avance-enfin\\\/394240\\\/#primaryimage\"},\"thumbnailUrl\":\"https:\\\/\\\/www.webdo.tn\\\/fr\\\/wp-content\\\/uploads\\\/2026\\\/03\\\/hannibal.jpg\",\"keywords\":[\"Film\",\"Hannibal\",\"Tunisie\"],\"articleSection\":[\"Culture\"],\"inLanguage\":\"fr-FR\"},{\"@type\":\"WebPage\",\"@id\":\"https:\\\/\\\/www.webdo.tn\\\/fr\\\/actualite\\\/culture\\\/hannibal-le-projet-du-film-avec-denzel-washington-avance-enfin\\\/394240\\\/\",\"url\":\"https:\\\/\\\/www.webdo.tn\\\/fr\\\/actualite\\\/culture\\\/hannibal-le-projet-du-film-avec-denzel-washington-avance-enfin\\\/394240\\\/\",\"name\":\"Hannibal : Le projet du film avec Denzel Washington avance enfin - webdo\",\"isPartOf\":{\"@id\":\"https:\\\/\\\/www.webdo.tn\\\/fr\\\/#website\"},\"primaryImageOfPage\":{\"@id\":\"https:\\\/\\\/www.webdo.tn\\\/fr\\\/actualite\\\/culture\\\/hannibal-le-projet-du-film-avec-denzel-washington-avance-enfin\\\/394240\\\/#primaryimage\"},\"image\":{\"@id\":\"https:\\\/\\\/www.webdo.tn\\\/fr\\\/actualite\\\/culture\\\/hannibal-le-projet-du-film-avec-denzel-washington-avance-enfin\\\/394240\\\/#primaryimage\"},\"thumbnailUrl\":\"https:\\\/\\\/www.webdo.tn\\\/fr\\\/wp-content\\\/uploads\\\/2026\\\/03\\\/hannibal.jpg\",\"datePublished\":\"2026-03-07T15:10:42+00:00\",\"dateModified\":\"2026-03-07T15:10:45+00:00\",\"description\":\"D\u00e9couvrez le nouveau film sur Hannibal Denzel Washington, avec un tournage pr\u00e9vu pour l'\u00e9t\u00e9 2026 sous la direction d'Antoine Fuqua.\",\"breadcrumb\":{\"@id\":\"https:\\\/\\\/www.webdo.tn\\\/fr\\\/actualite\\\/culture\\\/hannibal-le-projet-du-film-avec-denzel-washington-avance-enfin\\\/394240\\\/#breadcrumb\"},\"inLanguage\":\"fr-FR\",\"potentialAction\":[{\"@type\":\"ReadAction\",\"target\":[\"https:\\\/\\\/www.webdo.tn\\\/fr\\\/actualite\\\/culture\\\/hannibal-le-projet-du-film-avec-denzel-washington-avance-enfin\\\/394240\\\/\"]}]},{\"@type\":\"ImageObject\",\"inLanguage\":\"fr-FR\",\"@id\":\"https:\\\/\\\/www.webdo.tn\\\/fr\\\/actualite\\\/culture\\\/hannibal-le-projet-du-film-avec-denzel-washington-avance-enfin\\\/394240\\\/#primaryimage\",\"url\":\"https:\\\/\\\/www.webdo.tn\\\/fr\\\/wp-content\\\/uploads\\\/2026\\\/03\\\/hannibal.jpg\",\"contentUrl\":\"https:\\\/\\\/www.webdo.tn\\\/fr\\\/wp-content\\\/uploads\\\/2026\\\/03\\\/hannibal.jpg\",\"width\":1200,\"height\":600,\"caption\":\"Hannibal\"},{\"@type\":\"BreadcrumbList\",\"@id\":\"https:\\\/\\\/www.webdo.tn\\\/fr\\\/actualite\\\/culture\\\/hannibal-le-projet-du-film-avec-denzel-washington-avance-enfin\\\/394240\\\/#breadcrumb\",\"itemListElement\":[{\"@type\":\"ListItem\",\"position\":1,\"name\":\"Accueil\",\"item\":\"https:\\\/\\\/www.webdo.tn\\\/fr\\\/\"},{\"@type\":\"ListItem\",\"position\":2,\"name\":\"Hannibal : Le projet du film avec Denzel Washington avance enfin\"}]},{\"@type\":\"WebSite\",\"@id\":\"https:\\\/\\\/www.webdo.tn\\\/fr\\\/#website\",\"url\":\"https:\\\/\\\/www.webdo.tn\\\/fr\\\/\",\"name\":\"webdo\",\"description\":\"Tunisie - News en Tunisie et \u00e0 l&#039;international sur Webdo.tn\",\"publisher\":{\"@id\":\"https:\\\/\\\/www.webdo.tn\\\/fr\\\/#organization\"},\"potentialAction\":[{\"@type\":\"SearchAction\",\"target\":{\"@type\":\"EntryPoint\",\"urlTemplate\":\"https:\\\/\\\/www.webdo.tn\\\/fr\\\/?s={search_term_string}\"},\"query-input\":{\"@type\":\"PropertyValueSpecification\",\"valueRequired\":true,\"valueName\":\"search_term_string\"}}],\"inLanguage\":\"fr-FR\"},{\"@type\":\"Organization\",\"@id\":\"https:\\\/\\\/www.webdo.tn\\\/fr\\\/#organization\",\"name\":\"Webdo\",\"alternateName\":\"Webdo.tn\",\"url\":\"https:\\\/\\\/www.webdo.tn\\\/fr\\\/\",\"logo\":{\"@type\":\"ImageObject\",\"inLanguage\":\"fr-FR\",\"@id\":\"https:\\\/\\\/www.webdo.tn\\\/fr\\\/#\\\/schema\\\/logo\\\/image\\\/\",\"url\":\"https:\\\/\\\/www.webdo.tn\\\/fr\\\/wp-content\\\/uploads\\\/2025\\\/06\\\/Webdo-Tunisie_168377.jpg\",\"contentUrl\":\"https:\\\/\\\/www.webdo.tn\\\/fr\\\/wp-content\\\/uploads\\\/2025\\\/06\\\/Webdo-Tunisie_168377.jpg\",\"width\":301,\"height\":301,\"caption\":\"Webdo\"},\"image\":{\"@id\":\"https:\\\/\\\/www.webdo.tn\\\/fr\\\/#\\\/schema\\\/logo\\\/image\\\/\"},\"sameAs\":[\"https:\\\/\\\/www.facebook.com\\\/webdotn\",\"https:\\\/\\\/x.com\\\/webdo_tn\"],\"description\":\"Webdo est un m\u00e9dia num\u00e9rique tunisien fond\u00e9 en 2010, sp\u00e9cialis\u00e9 dans l\u2019actualit\u00e9 nationale et internationale, l\u2019\u00e9conomie, la soci\u00e9t\u00e9 et les analyses politiques. Le site s\u2019adresse \u00e0 un large public francophone et couvre l\u2019information tunisienne en temps r\u00e9el.\",\"email\":\"redac@webdo.tn\",\"legalName\":\"YNJ SARL\",\"foundingDate\":\"2010-09-06\",\"numberOfEmployees\":{\"@type\":\"QuantitativeValue\",\"minValue\":\"11\",\"maxValue\":\"50\"}},{\"@type\":\"Person\",\"@id\":\"https:\\\/\\\/www.webdo.tn\\\/fr\\\/#\\\/schema\\\/person\\\/b9ecde7a5574cb4fcf4b496ea5fadb15\",\"name\":\"Wided Belhaj\",\"image\":{\"@type\":\"ImageObject\",\"inLanguage\":\"fr-FR\",\"@id\":\"https:\\\/\\\/www.webdo.tn\\\/fr\\\/wp-content\\\/uploads\\\/2026\\\/04\\\/wided-belhaj_avatar-96x96.jpg\",\"url\":\"https:\\\/\\\/www.webdo.tn\\\/fr\\\/wp-content\\\/uploads\\\/2026\\\/04\\\/wided-belhaj_avatar-96x96.jpg\",\"contentUrl\":\"https:\\\/\\\/www.webdo.tn\\\/fr\\\/wp-content\\\/uploads\\\/2026\\\/04\\\/wided-belhaj_avatar-96x96.jpg\",\"caption\":\"Wided Belhaj\"},\"description\":\"Wided Belhaj est le pseudonyme \u00e9ditorial utilis\u00e9 par Khalil Jelassi, journaliste, ma\u00eetre-assistant \u00e0 l\u2019Institut de presse et des sciences de l\u2019information (IPSI) et chercheur en sciences de l\u2019information et de la communication. Cette signature est d\u00e9di\u00e9e \u00e0 l\u2019analyse des m\u00e9dias, des pratiques journalistiques et des mutations de l\u2019information \u00e0 l\u2019\u00e8re digitale. \u00c0 travers ses contributions, Wided Belhaj propose une lecture analytique de l\u2019actualit\u00e9, en croisant regard critique et expertise acad\u00e9mique.\",\"knowsAbout\":[\"m\u00e9dias\",\"journalisme\",\"communication\",\"information\",\"transformation num\u00e9rique\",\"analyse des m\u00e9dias\"],\"knowsLanguage\":[\"Fran\u00e7ais\",\"Arabe\"],\"jobTitle\":\"Webdo.tn\",\"worksFor\":\"Journaliste \u2013 Analyse des m\u00e9dias\",\"url\":\"https:\\\/\\\/www.webdo.tn\\\/fr\\\/actualite\\\/author\\\/wided-belhaj\\\/\"}]}<\/script>\n<!-- \/ Yoast SEO Premium plugin. -->","yoast_head_json":{"title":"Hannibal : Le projet du film avec Denzel Washington avance enfin - webdo","description":"D\u00e9couvrez le nouveau film sur Hannibal Denzel Washington, avec un tournage pr\u00e9vu pour l'\u00e9t\u00e9 2026 sous la direction d'Antoine Fuqua.","canonical":"https:\/\/www.webdo.tn\/fr\/actualite\/culture\/hannibal-le-projet-du-film-avec-denzel-washington-avance-enfin\/394240\/","og_locale":"fr_FR","og_type":"article","og_title":"Hannibal : Le projet du film avec Denzel Washington avance enfin","og_description":"D\u00e9couvrez le nouveau film sur Hannibal Denzel Washington, avec un tournage pr\u00e9vu pour l'\u00e9t\u00e9 2026 sous la direction d'Antoine Fuqua.","og_url":"https:\/\/www.webdo.tn\/fr\/actualite\/culture\/hannibal-le-projet-du-film-avec-denzel-washington-avance-enfin\/394240\/","og_site_name":"webdo","article_publisher":"https:\/\/www.facebook.com\/webdotn","article_published_time":"2026-03-07T15:10:42+00:00","article_modified_time":"2026-03-07T15:10:45+00:00","og_image":[{"width":1200,"height":600,"url":"https:\/\/www.webdo.tn\/fr\/wp-content\/uploads\/2026\/03\/hannibal.jpg","type":"image\/jpeg"}],"author":"Wided Belhaj","twitter_card":"summary_large_image","twitter_creator":"@webdo_tn","twitter_site":"@webdo_tn","twitter_misc":{"\u00c9crit par":"Wided Belhaj","Dur\u00e9e de lecture estim\u00e9e":"2 minutes"},"schema":{"@context":"https:\/\/schema.org","@graph":[{"@type":"NewsArticle","@id":"https:\/\/www.webdo.tn\/fr\/actualite\/culture\/hannibal-le-projet-du-film-avec-denzel-washington-avance-enfin\/394240\/#article","isPartOf":{"@id":"https:\/\/www.webdo.tn\/fr\/actualite\/culture\/hannibal-le-projet-du-film-avec-denzel-washington-avance-enfin\/394240\/"},"author":{"name":"Wided Belhaj","@id":"https:\/\/www.webdo.tn\/fr\/#\/schema\/person\/b9ecde7a5574cb4fcf4b496ea5fadb15"},"headline":"Hannibal : Le projet du film avec Denzel Washington avance enfin","datePublished":"2026-03-07T15:10:42+00:00","dateModified":"2026-03-07T15:10:45+00:00","mainEntityOfPage":{"@id":"https:\/\/www.webdo.tn\/fr\/actualite\/culture\/hannibal-le-projet-du-film-avec-denzel-washington-avance-enfin\/394240\/"},"wordCount":374,"publisher":{"@id":"https:\/\/www.webdo.tn\/fr\/#organization"},"image":{"@id":"https:\/\/www.webdo.tn\/fr\/actualite\/culture\/hannibal-le-projet-du-film-avec-denzel-washington-avance-enfin\/394240\/#primaryimage"},"thumbnailUrl":"https:\/\/www.webdo.tn\/fr\/wp-content\/uploads\/2026\/03\/hannibal.jpg","keywords":["Film","Hannibal","Tunisie"],"articleSection":["Culture"],"inLanguage":"fr-FR"},{"@type":"WebPage","@id":"https:\/\/www.webdo.tn\/fr\/actualite\/culture\/hannibal-le-projet-du-film-avec-denzel-washington-avance-enfin\/394240\/","url":"https:\/\/www.webdo.tn\/fr\/actualite\/culture\/hannibal-le-projet-du-film-avec-denzel-washington-avance-enfin\/394240\/","name":"Hannibal : Le projet du film avec Denzel Washington avance enfin - webdo","isPartOf":{"@id":"https:\/\/www.webdo.tn\/fr\/#website"},"primaryImageOfPage":{"@id":"https:\/\/www.webdo.tn\/fr\/actualite\/culture\/hannibal-le-projet-du-film-avec-denzel-washington-avance-enfin\/394240\/#primaryimage"},"image":{"@id":"https:\/\/www.webdo.tn\/fr\/actualite\/culture\/hannibal-le-projet-du-film-avec-denzel-washington-avance-enfin\/394240\/#primaryimage"},"thumbnailUrl":"https:\/\/www.webdo.tn\/fr\/wp-content\/uploads\/2026\/03\/hannibal.jpg","datePublished":"2026-03-07T15:10:42+00:00","dateModified":"2026-03-07T15:10:45+00:00","description":"D\u00e9couvrez le nouveau film sur Hannibal Denzel Washington, avec un tournage pr\u00e9vu pour l'\u00e9t\u00e9 2026 sous la direction d'Antoine Fuqua.","breadcrumb":{"@id":"https:\/\/www.webdo.tn\/fr\/actualite\/culture\/hannibal-le-projet-du-film-avec-denzel-washington-avance-enfin\/394240\/#breadcrumb"},"inLanguage":"fr-FR","potentialAction":[{"@type":"ReadAction","target":["https:\/\/www.webdo.tn\/fr\/actualite\/culture\/hannibal-le-projet-du-film-avec-denzel-washington-avance-enfin\/394240\/"]}]},{"@type":"ImageObject","inLanguage":"fr-FR","@id":"https:\/\/www.webdo.tn\/fr\/actualite\/culture\/hannibal-le-projet-du-film-avec-denzel-washington-avance-enfin\/394240\/#primaryimage","url":"https:\/\/www.webdo.tn\/fr\/wp-content\/uploads\/2026\/03\/hannibal.jpg","contentUrl":"https:\/\/www.webdo.tn\/fr\/wp-content\/uploads\/2026\/03\/hannibal.jpg","width":1200,"height":600,"caption":"Hannibal"},{"@type":"BreadcrumbList","@id":"https:\/\/www.webdo.tn\/fr\/actualite\/culture\/hannibal-le-projet-du-film-avec-denzel-washington-avance-enfin\/394240\/#breadcrumb","itemListElement":[{"@type":"ListItem","position":1,"name":"Accueil","item":"https:\/\/www.webdo.tn\/fr\/"},{"@type":"ListItem","position":2,"name":"Hannibal : Le projet du film avec Denzel Washington avance enfin"}]},{"@type":"WebSite","@id":"https:\/\/www.webdo.tn\/fr\/#website","url":"https:\/\/www.webdo.tn\/fr\/","name":"webdo","description":"Tunisie - News en Tunisie et \u00e0 l&#039;international sur Webdo.tn","publisher":{"@id":"https:\/\/www.webdo.tn\/fr\/#organization"},"potentialAction":[{"@type":"SearchAction","target":{"@type":"EntryPoint","urlTemplate":"https:\/\/www.webdo.tn\/fr\/?s={search_term_string}"},"query-input":{"@type":"PropertyValueSpecification","valueRequired":true,"valueName":"search_term_string"}}],"inLanguage":"fr-FR"},{"@type":"Organization","@id":"https:\/\/www.webdo.tn\/fr\/#organization","name":"Webdo","alternateName":"Webdo.tn","url":"https:\/\/www.webdo.tn\/fr\/","logo":{"@type":"ImageObject","inLanguage":"fr-FR","@id":"https:\/\/www.webdo.tn\/fr\/#\/schema\/logo\/image\/","url":"https:\/\/www.webdo.tn\/fr\/wp-content\/uploads\/2025\/06\/Webdo-Tunisie_168377.jpg","contentUrl":"https:\/\/www.webdo.tn\/fr\/wp-content\/uploads\/2025\/06\/Webdo-Tunisie_168377.jpg","width":301,"height":301,"caption":"Webdo"},"image":{"@id":"https:\/\/www.webdo.tn\/fr\/#\/schema\/logo\/image\/"},"sameAs":["https:\/\/www.facebook.com\/webdotn","https:\/\/x.com\/webdo_tn"],"description":"Webdo est un m\u00e9dia num\u00e9rique tunisien fond\u00e9 en 2010, sp\u00e9cialis\u00e9 dans l\u2019actualit\u00e9 nationale et internationale, l\u2019\u00e9conomie, la soci\u00e9t\u00e9 et les analyses politiques. Le site s\u2019adresse \u00e0 un large public francophone et couvre l\u2019information tunisienne en temps r\u00e9el.","email":"redac@webdo.tn","legalName":"YNJ SARL","foundingDate":"2010-09-06","numberOfEmployees":{"@type":"QuantitativeValue","minValue":"11","maxValue":"50"}},{"@type":"Person","@id":"https:\/\/www.webdo.tn\/fr\/#\/schema\/person\/b9ecde7a5574cb4fcf4b496ea5fadb15","name":"Wided Belhaj","image":{"@type":"ImageObject","inLanguage":"fr-FR","@id":"https:\/\/www.webdo.tn\/fr\/wp-content\/uploads\/2026\/04\/wided-belhaj_avatar-96x96.jpg","url":"https:\/\/www.webdo.tn\/fr\/wp-content\/uploads\/2026\/04\/wided-belhaj_avatar-96x96.jpg","contentUrl":"https:\/\/www.webdo.tn\/fr\/wp-content\/uploads\/2026\/04\/wided-belhaj_avatar-96x96.jpg","caption":"Wided Belhaj"},"description":"Wided Belhaj est le pseudonyme \u00e9ditorial utilis\u00e9 par Khalil Jelassi, journaliste, ma\u00eetre-assistant \u00e0 l\u2019Institut de presse et des sciences de l\u2019information (IPSI) et chercheur en sciences de l\u2019information et de la communication. Cette signature est d\u00e9di\u00e9e \u00e0 l\u2019analyse des m\u00e9dias, des pratiques journalistiques et des mutations de l\u2019information \u00e0 l\u2019\u00e8re digitale. \u00c0 travers ses contributions, Wided Belhaj propose une lecture analytique de l\u2019actualit\u00e9, en croisant regard critique et expertise acad\u00e9mique.","knowsAbout":["m\u00e9dias","journalisme","communication","information","transformation num\u00e9rique","analyse des m\u00e9dias"],"knowsLanguage":["Fran\u00e7ais","Arabe"],"jobTitle":"Webdo.tn","worksFor":"Journaliste \u2013 Analyse des m\u00e9dias","url":"https:\/\/www.webdo.tn\/fr\/actualite\/author\/wided-belhaj\/"}]}},"_links":{"self":[{"href":"https:\/\/www.webdo.tn\/fr\/wp-json\/wp\/v2\/posts\/394240","targetHints":{"allow":["GET"]}}],"collection":[{"href":"https:\/\/www.webdo.tn\/fr\/wp-json\/wp\/v2\/posts"}],"about":[{"href":"https:\/\/www.webdo.tn\/fr\/wp-json\/wp\/v2\/types\/post"}],"author":[{"embeddable":true,"href":"https:\/\/www.webdo.tn\/fr\/wp-json\/wp\/v2\/users\/3184"}],"replies":[{"embeddable":true,"href":"https:\/\/www.webdo.tn\/fr\/wp-json\/wp\/v2\/comments?post=394240"}],"version-history":[{"count":0,"href":"https:\/\/www.webdo.tn\/fr\/wp-json\/wp\/v2\/posts\/394240\/revisions"}],"wp:featuredmedia":[{"embeddable":true,"href":"https:\/\/www.webdo.tn\/fr\/wp-json\/wp\/v2\/media\/394241"}],"wp:attachment":[{"href":"https:\/\/www.webdo.tn\/fr\/wp-json\/wp\/v2\/media?parent=394240"}],"wp:term":[{"taxonomy":"category","embeddable":true,"href":"https:\/\/www.webdo.tn\/fr\/wp-json\/wp\/v2\/categories?post=394240"},{"taxonomy":"post_tag","embeddable":true,"href":"https:\/\/www.webdo.tn\/fr\/wp-json\/wp\/v2\/tags?post=394240"}],"curies":[{"name":"wp","href":"https:\/\/api.w.org\/{rel}","templated":true}]}}