{"id":394205,"date":"2026-03-06T14:21:40","date_gmt":"2026-03-06T13:21:40","guid":{"rendered":"https:\/\/www.webdo.tn\/fr\/?p=394205"},"modified":"2026-03-06T14:21:43","modified_gmt":"2026-03-06T13:21:43","slug":"tunisie-arrestation-de-wael-naouar-et-jawaher-channa-membres-de-la-flottille-soumoud","status":"publish","type":"post","link":"https:\/\/www.webdo.tn\/fr\/actualite\/national\/tunisie-arrestation-de-wael-naouar-et-jawaher-channa-membres-de-la-flottille-soumoud\/394205\/","title":{"rendered":"Tunisie : Arrestation de Wael Naouar et Jawaher Channa, membres de la flottille Soumoud"},"content":{"rendered":"\n<p><strong>Les militants tunisiens Wael Naouar et Jawaher Channa ont \u00e9t\u00e9 arr\u00eat\u00e9s, selon une information relay\u00e9e par l\u2019organisation \u00ab La Flottille Soumoud \u00bb. Leur interpellation intervient dans le contexte de l\u2019organisation de la flottille \u00ab Soumoud \u00bb, une initiative destin\u00e9e \u00e0 soutenir la population de Gaza. Les responsables du projet d\u00e9noncent des pressions visant les militants impliqu\u00e9s dans cette action.<\/strong><\/p>\n\n\n\n<h2 class=\"wp-block-heading\" id=\"h-des-arrestations-denoncees-par-les-organisateurs\">Des arrestations d\u00e9nonc\u00e9es par les organisateurs<\/h2>\n\n\n\n<p>D\u2019apr\u00e8s l\u2019organisation \u00ab La Flottille Soumoud \u00bb, les deux militants ont \u00e9t\u00e9 interpell\u00e9s alors qu\u2019ils participaient aux pr\u00e9paratifs li\u00e9s \u00e0 cette initiative. Les circonstances exactes de leur arrestation n\u2019ont pas \u00e9t\u00e9 d\u00e9taill\u00e9es.<\/p>\n\n\n\n<blockquote class=\"wp-block-quote is-layout-flow wp-block-quote-is-layout-flow\">\n<blockquote class=\"wp-block-quote is-layout-flow wp-block-quote-is-layout-flow\">\n<ul class=\"wp-block-list\">\n<li class=\"has-medium-font-size\"><strong>Lire aussi :<\/strong> <a href=\"https:\/\/www.webdo.tn\/fr\/actualite\/national\/accusations-autour-du-rapport-financier-de-la-flottille-soumoud-wael-naouar-contre-attaque\/389168\/\">Accusations autour du rapport financier de la flottille Soumoud : Wael Naouar contre-attaque<\/a><\/li>\n<\/ul>\n<\/blockquote>\n<\/blockquote>\n\n\n\n<p>Dans un communiqu\u00e9, les organisateurs affirment que ces interpellations s\u2019inscrivent dans un climat de pressions et d\u2019intimidations visant les militants engag\u00e9s dans ce projet de solidarit\u00e9 avec le peuple palestinien.<\/p>\n\n\n\n<h2 class=\"wp-block-heading\" id=\"h-une-mobilisation-autour-de-la-flottille\">Une mobilisation autour de la flottille<\/h2>\n\n\n\n<p>Les responsables de l\u2019initiative indiquent que plusieurs militants et volontaires tunisiens participent \u00e0 la pr\u00e9paration de cette action. Les arrestations surviennent dans un contexte de forte mobilisation en Tunisie en faveur de la cause palestinienne, marqu\u00e9 par des rassemblements, des campagnes de solidarit\u00e9 et diverses initiatives militantes.<\/p>\n\n\n\n<blockquote class=\"wp-block-quote is-layout-flow wp-block-quote-is-layout-flow\">\n<blockquote class=\"wp-block-quote is-layout-flow wp-block-quote-is-layout-flow\">\n<ul class=\"wp-block-list\">\n<li class=\"has-medium-font-size\"><strong>Lire aussi :<\/strong> <a href=\"https:\/\/www.webdo.tn\/fr\/actualite\/national\/flottille-soumoud-les-dons-non-achemines-vers-gaza-remis-au-croissant-rouge-tunisien\/386345\/\">Flottille Soumoud : Les dons non achemin\u00e9s vers Gaza remis au Croissant-Rouge tunisien<\/a><\/li>\n<\/ul>\n<\/blockquote>\n<\/blockquote>\n\n\n\n<p>Les organisateurs de la flottille \u00ab Soumoud \u00bb appellent \u00e0 la lib\u00e9ration des militants interpell\u00e9s et d\u00e9noncent ce qu\u2019ils consid\u00e8rent comme des tentatives de freiner leur initiative.<\/p>\n\n\n\n<p><\/p>\n\n\n\n<iframe src=\"https:\/\/www.facebook.com\/plugins\/post.php?href=https%3A%2F%2Fwww.facebook.com%2Fmaghrebsumudflotilla%2Fposts%2Fpfbid02P1jmdrDZKXiWUXEqerTydyR8gEL2Xgwufu7LYtQaDHgsJooA6Hk3nAxFPpeD5BVpl&#038;show_text=true&#038;width=500\" width=\"500\" height=\"692\" style=\"border:none;overflow:hidden\" scrolling=\"no\" frameborder=\"0\" allowfullscreen=\"true\" allow=\"autoplay; clipboard-write; encrypted-media; picture-in-picture; web-share\"><\/iframe>\n","protected":false},"excerpt":{"rendered":"<p>Les militants tunisiens Wael Naouar et Jawaher Channa ont \u00e9t\u00e9 arr\u00eat\u00e9s, selon une information relay\u00e9e par l\u2019organisation \u00ab La Flottille Soumoud \u00bb. Leur interpellation intervient dans le contexte de l\u2019organisation de la flottille \u00ab Soumoud \u00bb, une initiative destin\u00e9e \u00e0 soutenir la population de Gaza. Les responsables du projet d\u00e9noncent des pressions visant les militants [&hellip;]<\/p>\n","protected":false},"author":4782,"featured_media":394206,"comment_status":"closed","ping_status":"closed","sticky":false,"template":"","format":"standard","meta":{"footnotes":""},"categories":[44],"tags":[12378,13811,11913,2608,13810],"class_list":["post-394205","post","type-post","status-publish","format-standard","has-post-thumbnail","hentry","category-national","tag-flottille","tag-jawaher-channa","tag-soumoud","tag-tunisie","tag-wael-naouar"],"yoast_head":"<!-- This site is optimized with the Yoast SEO Premium plugin v27.5 (Yoast SEO v27.5) - https:\/\/yoast.com\/product\/yoast-seo-premium-wordpress\/ -->\n<title>Tunisie : Arrestation de Wael Naouar et Jawaher Channa, membres de la flottille Soumoud - webdo<\/title>\n<meta name=\"description\" content=\"Les membres de la flottille Soumoud, Wael Naouar et Jawaher Channa, ont \u00e9t\u00e9 arr\u00eat\u00e9s en Tunisie. En savoir plus.\" \/>\n<link rel=\"canonical\" href=\"https:\/\/www.webdo.tn\/fr\/actualite\/national\/tunisie-arrestation-de-wael-naouar-et-jawaher-channa-membres-de-la-flottille-soumoud\/394205\/\" \/>\n<meta property=\"og:locale\" content=\"fr_FR\" \/>\n<meta property=\"og:type\" content=\"article\" \/>\n<meta property=\"og:title\" content=\"Tunisie : Arrestation de Wael Naouar et Jawaher Channa, membres de la flottille Soumoud\" \/>\n<meta property=\"og:description\" content=\"Les membres de la flottille Soumoud, Wael Naouar et Jawaher Channa, ont \u00e9t\u00e9 arr\u00eat\u00e9s en Tunisie. En savoir plus.\" \/>\n<meta property=\"og:url\" content=\"https:\/\/www.webdo.tn\/fr\/actualite\/national\/tunisie-arrestation-de-wael-naouar-et-jawaher-channa-membres-de-la-flottille-soumoud\/394205\/\" \/>\n<meta property=\"og:site_name\" content=\"webdo\" \/>\n<meta property=\"article:publisher\" content=\"https:\/\/www.facebook.com\/webdotn\" \/>\n<meta property=\"article:published_time\" content=\"2026-03-06T13:21:40+00:00\" \/>\n<meta property=\"article:modified_time\" content=\"2026-03-06T13:21:43+00:00\" \/>\n<meta property=\"og:image\" content=\"https:\/\/www.webdo.tn\/fr\/wp-content\/uploads\/2026\/03\/Wael-Naouar-Jawaher-Channa.jpg\" \/>\n\t<meta property=\"og:image:width\" content=\"1200\" \/>\n\t<meta property=\"og:image:height\" content=\"600\" \/>\n\t<meta property=\"og:image:type\" content=\"image\/jpeg\" \/>\n<meta name=\"author\" content=\"Mohamed Fethi\" \/>\n<meta name=\"twitter:card\" content=\"summary_large_image\" \/>\n<meta name=\"twitter:creator\" content=\"@webdo_tn\" \/>\n<meta name=\"twitter:site\" content=\"@webdo_tn\" \/>\n<meta name=\"twitter:label1\" content=\"\u00c9crit par\" \/>\n\t<meta name=\"twitter:data1\" content=\"Mohamed Fethi\" \/>\n\t<meta name=\"twitter:label2\" content=\"Dur\u00e9e de lecture estim\u00e9e\" \/>\n\t<meta name=\"twitter:data2\" content=\"2 minutes\" \/>\n<script type=\"application\/ld+json\" class=\"yoast-schema-graph\">{\"@context\":\"https:\\\/\\\/schema.org\",\"@graph\":[{\"@type\":\"NewsArticle\",\"@id\":\"https:\\\/\\\/www.webdo.tn\\\/fr\\\/actualite\\\/national\\\/tunisie-arrestation-de-wael-naouar-et-jawaher-channa-membres-de-la-flottille-soumoud\\\/394205\\\/#article\",\"isPartOf\":{\"@id\":\"https:\\\/\\\/www.webdo.tn\\\/fr\\\/actualite\\\/national\\\/tunisie-arrestation-de-wael-naouar-et-jawaher-channa-membres-de-la-flottille-soumoud\\\/394205\\\/\"},\"author\":{\"name\":\"Mohamed Fethi\",\"@id\":\"https:\\\/\\\/www.webdo.tn\\\/fr\\\/#\\\/schema\\\/person\\\/16a4857e77dfc0b610c4c2cadffc9ac4\"},\"headline\":\"Tunisie : Arrestation de Wael Naouar et Jawaher Channa, membres de la flottille Soumoud\",\"datePublished\":\"2026-03-06T13:21:40+00:00\",\"dateModified\":\"2026-03-06T13:21:43+00:00\",\"mainEntityOfPage\":{\"@id\":\"https:\\\/\\\/www.webdo.tn\\\/fr\\\/actualite\\\/national\\\/tunisie-arrestation-de-wael-naouar-et-jawaher-channa-membres-de-la-flottille-soumoud\\\/394205\\\/\"},\"wordCount\":267,\"publisher\":{\"@id\":\"https:\\\/\\\/www.webdo.tn\\\/fr\\\/#organization\"},\"image\":{\"@id\":\"https:\\\/\\\/www.webdo.tn\\\/fr\\\/actualite\\\/national\\\/tunisie-arrestation-de-wael-naouar-et-jawaher-channa-membres-de-la-flottille-soumoud\\\/394205\\\/#primaryimage\"},\"thumbnailUrl\":\"https:\\\/\\\/www.webdo.tn\\\/fr\\\/wp-content\\\/uploads\\\/2026\\\/03\\\/Wael-Naouar-Jawaher-Channa.jpg\",\"keywords\":[\"Flottille\",\"jawaher channa\",\"soumoud\",\"Tunisie\",\"wael naouar\"],\"articleSection\":[\"National\"],\"inLanguage\":\"fr-FR\"},{\"@type\":\"WebPage\",\"@id\":\"https:\\\/\\\/www.webdo.tn\\\/fr\\\/actualite\\\/national\\\/tunisie-arrestation-de-wael-naouar-et-jawaher-channa-membres-de-la-flottille-soumoud\\\/394205\\\/\",\"url\":\"https:\\\/\\\/www.webdo.tn\\\/fr\\\/actualite\\\/national\\\/tunisie-arrestation-de-wael-naouar-et-jawaher-channa-membres-de-la-flottille-soumoud\\\/394205\\\/\",\"name\":\"Tunisie : Arrestation de Wael Naouar et Jawaher Channa, membres de la flottille Soumoud - webdo\",\"isPartOf\":{\"@id\":\"https:\\\/\\\/www.webdo.tn\\\/fr\\\/#website\"},\"primaryImageOfPage\":{\"@id\":\"https:\\\/\\\/www.webdo.tn\\\/fr\\\/actualite\\\/national\\\/tunisie-arrestation-de-wael-naouar-et-jawaher-channa-membres-de-la-flottille-soumoud\\\/394205\\\/#primaryimage\"},\"image\":{\"@id\":\"https:\\\/\\\/www.webdo.tn\\\/fr\\\/actualite\\\/national\\\/tunisie-arrestation-de-wael-naouar-et-jawaher-channa-membres-de-la-flottille-soumoud\\\/394205\\\/#primaryimage\"},\"thumbnailUrl\":\"https:\\\/\\\/www.webdo.tn\\\/fr\\\/wp-content\\\/uploads\\\/2026\\\/03\\\/Wael-Naouar-Jawaher-Channa.jpg\",\"datePublished\":\"2026-03-06T13:21:40+00:00\",\"dateModified\":\"2026-03-06T13:21:43+00:00\",\"description\":\"Les membres de la flottille Soumoud, Wael Naouar et Jawaher Channa, ont \u00e9t\u00e9 arr\u00eat\u00e9s en Tunisie. En savoir plus.\",\"breadcrumb\":{\"@id\":\"https:\\\/\\\/www.webdo.tn\\\/fr\\\/actualite\\\/national\\\/tunisie-arrestation-de-wael-naouar-et-jawaher-channa-membres-de-la-flottille-soumoud\\\/394205\\\/#breadcrumb\"},\"inLanguage\":\"fr-FR\",\"potentialAction\":[{\"@type\":\"ReadAction\",\"target\":[\"https:\\\/\\\/www.webdo.tn\\\/fr\\\/actualite\\\/national\\\/tunisie-arrestation-de-wael-naouar-et-jawaher-channa-membres-de-la-flottille-soumoud\\\/394205\\\/\"]}]},{\"@type\":\"ImageObject\",\"inLanguage\":\"fr-FR\",\"@id\":\"https:\\\/\\\/www.webdo.tn\\\/fr\\\/actualite\\\/national\\\/tunisie-arrestation-de-wael-naouar-et-jawaher-channa-membres-de-la-flottille-soumoud\\\/394205\\\/#primaryimage\",\"url\":\"https:\\\/\\\/www.webdo.tn\\\/fr\\\/wp-content\\\/uploads\\\/2026\\\/03\\\/Wael-Naouar-Jawaher-Channa.jpg\",\"contentUrl\":\"https:\\\/\\\/www.webdo.tn\\\/fr\\\/wp-content\\\/uploads\\\/2026\\\/03\\\/Wael-Naouar-Jawaher-Channa.jpg\",\"width\":1200,\"height\":600,\"caption\":\"Tunisie : Arrestation de Wael Naouar et Jawaher Channa, membres de la flottille Soumoud\"},{\"@type\":\"BreadcrumbList\",\"@id\":\"https:\\\/\\\/www.webdo.tn\\\/fr\\\/actualite\\\/national\\\/tunisie-arrestation-de-wael-naouar-et-jawaher-channa-membres-de-la-flottille-soumoud\\\/394205\\\/#breadcrumb\",\"itemListElement\":[{\"@type\":\"ListItem\",\"position\":1,\"name\":\"Accueil\",\"item\":\"https:\\\/\\\/www.webdo.tn\\\/fr\\\/\"},{\"@type\":\"ListItem\",\"position\":2,\"name\":\"Tunisie : Arrestation de Wael Naouar et Jawaher Channa, membres de la flottille Soumoud\"}]},{\"@type\":\"WebSite\",\"@id\":\"https:\\\/\\\/www.webdo.tn\\\/fr\\\/#website\",\"url\":\"https:\\\/\\\/www.webdo.tn\\\/fr\\\/\",\"name\":\"webdo\",\"description\":\"Tunisie - News en Tunisie et \u00e0 l&#039;international sur Webdo.tn\",\"publisher\":{\"@id\":\"https:\\\/\\\/www.webdo.tn\\\/fr\\\/#organization\"},\"potentialAction\":[{\"@type\":\"SearchAction\",\"target\":{\"@type\":\"EntryPoint\",\"urlTemplate\":\"https:\\\/\\\/www.webdo.tn\\\/fr\\\/?s={search_term_string}\"},\"query-input\":{\"@type\":\"PropertyValueSpecification\",\"valueRequired\":true,\"valueName\":\"search_term_string\"}}],\"inLanguage\":\"fr-FR\"},{\"@type\":\"Organization\",\"@id\":\"https:\\\/\\\/www.webdo.tn\\\/fr\\\/#organization\",\"name\":\"Webdo\",\"alternateName\":\"Webdo.tn\",\"url\":\"https:\\\/\\\/www.webdo.tn\\\/fr\\\/\",\"logo\":{\"@type\":\"ImageObject\",\"inLanguage\":\"fr-FR\",\"@id\":\"https:\\\/\\\/www.webdo.tn\\\/fr\\\/#\\\/schema\\\/logo\\\/image\\\/\",\"url\":\"https:\\\/\\\/www.webdo.tn\\\/fr\\\/wp-content\\\/uploads\\\/2025\\\/06\\\/Webdo-Tunisie_168377.jpg\",\"contentUrl\":\"https:\\\/\\\/www.webdo.tn\\\/fr\\\/wp-content\\\/uploads\\\/2025\\\/06\\\/Webdo-Tunisie_168377.jpg\",\"width\":301,\"height\":301,\"caption\":\"Webdo\"},\"image\":{\"@id\":\"https:\\\/\\\/www.webdo.tn\\\/fr\\\/#\\\/schema\\\/logo\\\/image\\\/\"},\"sameAs\":[\"https:\\\/\\\/www.facebook.com\\\/webdotn\",\"https:\\\/\\\/x.com\\\/webdo_tn\"],\"description\":\"Webdo est un m\u00e9dia num\u00e9rique tunisien fond\u00e9 en 2010, sp\u00e9cialis\u00e9 dans l\u2019actualit\u00e9 nationale et internationale, l\u2019\u00e9conomie, la soci\u00e9t\u00e9 et les analyses politiques. Le site s\u2019adresse \u00e0 un large public francophone et couvre l\u2019information tunisienne en temps r\u00e9el.\",\"email\":\"redac@webdo.tn\",\"legalName\":\"YNJ SARL\",\"foundingDate\":\"2010-09-06\",\"numberOfEmployees\":{\"@type\":\"QuantitativeValue\",\"minValue\":\"11\",\"maxValue\":\"50\"}},{\"@type\":\"Person\",\"@id\":\"https:\\\/\\\/www.webdo.tn\\\/fr\\\/#\\\/schema\\\/person\\\/16a4857e77dfc0b610c4c2cadffc9ac4\",\"name\":\"Mohamed Fethi\",\"image\":{\"@type\":\"ImageObject\",\"inLanguage\":\"fr-FR\",\"@id\":\"https:\\\/\\\/www.webdo.tn\\\/fr\\\/wp-content\\\/uploads\\\/2026\\\/04\\\/mohamed-fethi_avatar_1-96x96.jpg\",\"url\":\"https:\\\/\\\/www.webdo.tn\\\/fr\\\/wp-content\\\/uploads\\\/2026\\\/04\\\/mohamed-fethi_avatar_1-96x96.jpg\",\"contentUrl\":\"https:\\\/\\\/www.webdo.tn\\\/fr\\\/wp-content\\\/uploads\\\/2026\\\/04\\\/mohamed-fethi_avatar_1-96x96.jpg\",\"caption\":\"Mohamed Fethi\"},\"description\":\"Signature \u00e9ditoriale de Maher Chaabane Mohamed Fethi est le pseudonyme \u00e9ditorial de Maher Chaabane, r\u00e9dacteur en chef de Webdo.tn depuis 2012. Cette signature est d\u00e9di\u00e9e au traitement intensif de l'actualit\u00e9 nationale et internationale en temps r\u00e9el. S'appuyant sur les deux d\u00e9cennies d'expertise journalistique de Maher Chaabane \u2014 d\u00e9but\u00e9e au sein du groupe Tunis Hebdo en 2000 \u2014 Mohamed Fethi assure une veille rigoureuse sur les enjeux politiques, \u00e9conomiques et sportifs. Sa mission est de garantir une information structur\u00e9e, fluide et fid\u00e8le aux standards de la r\u00e9daction. Pour consulter le parcours complet du r\u00e9dacteur en chef, visitez le profil officiel de Maher Chaabane.\",\"knowsAbout\":[\"actualit\u00e9\",\"journalisme\",\"information\",\"politique\",\"sport\",\"m\u00e9dias\",\"actualit\u00e9 internationale\"],\"knowsLanguage\":[\"Fran\u00e7ais\",\"Arabe\"],\"jobTitle\":\"Journaliste \u2013 R\u00e9daction Webdo\",\"worksFor\":\"Webdo.tn\",\"url\":\"https:\\\/\\\/www.webdo.tn\\\/fr\\\/actualite\\\/author\\\/mohamed-fethi\\\/\"}]}<\/script>\n<!-- \/ Yoast SEO Premium plugin. -->","yoast_head_json":{"title":"Tunisie : Arrestation de Wael Naouar et Jawaher Channa, membres de la flottille Soumoud - webdo","description":"Les membres de la flottille Soumoud, Wael Naouar et Jawaher Channa, ont \u00e9t\u00e9 arr\u00eat\u00e9s en Tunisie. En savoir plus.","canonical":"https:\/\/www.webdo.tn\/fr\/actualite\/national\/tunisie-arrestation-de-wael-naouar-et-jawaher-channa-membres-de-la-flottille-soumoud\/394205\/","og_locale":"fr_FR","og_type":"article","og_title":"Tunisie : Arrestation de Wael Naouar et Jawaher Channa, membres de la flottille Soumoud","og_description":"Les membres de la flottille Soumoud, Wael Naouar et Jawaher Channa, ont \u00e9t\u00e9 arr\u00eat\u00e9s en Tunisie. En savoir plus.","og_url":"https:\/\/www.webdo.tn\/fr\/actualite\/national\/tunisie-arrestation-de-wael-naouar-et-jawaher-channa-membres-de-la-flottille-soumoud\/394205\/","og_site_name":"webdo","article_publisher":"https:\/\/www.facebook.com\/webdotn","article_published_time":"2026-03-06T13:21:40+00:00","article_modified_time":"2026-03-06T13:21:43+00:00","og_image":[{"width":1200,"height":600,"url":"https:\/\/www.webdo.tn\/fr\/wp-content\/uploads\/2026\/03\/Wael-Naouar-Jawaher-Channa.jpg","type":"image\/jpeg"}],"author":"Mohamed Fethi","twitter_card":"summary_large_image","twitter_creator":"@webdo_tn","twitter_site":"@webdo_tn","twitter_misc":{"\u00c9crit par":"Mohamed Fethi","Dur\u00e9e de lecture estim\u00e9e":"2 minutes"},"schema":{"@context":"https:\/\/schema.org","@graph":[{"@type":"NewsArticle","@id":"https:\/\/www.webdo.tn\/fr\/actualite\/national\/tunisie-arrestation-de-wael-naouar-et-jawaher-channa-membres-de-la-flottille-soumoud\/394205\/#article","isPartOf":{"@id":"https:\/\/www.webdo.tn\/fr\/actualite\/national\/tunisie-arrestation-de-wael-naouar-et-jawaher-channa-membres-de-la-flottille-soumoud\/394205\/"},"author":{"name":"Mohamed Fethi","@id":"https:\/\/www.webdo.tn\/fr\/#\/schema\/person\/16a4857e77dfc0b610c4c2cadffc9ac4"},"headline":"Tunisie : Arrestation de Wael Naouar et Jawaher Channa, membres de la flottille Soumoud","datePublished":"2026-03-06T13:21:40+00:00","dateModified":"2026-03-06T13:21:43+00:00","mainEntityOfPage":{"@id":"https:\/\/www.webdo.tn\/fr\/actualite\/national\/tunisie-arrestation-de-wael-naouar-et-jawaher-channa-membres-de-la-flottille-soumoud\/394205\/"},"wordCount":267,"publisher":{"@id":"https:\/\/www.webdo.tn\/fr\/#organization"},"image":{"@id":"https:\/\/www.webdo.tn\/fr\/actualite\/national\/tunisie-arrestation-de-wael-naouar-et-jawaher-channa-membres-de-la-flottille-soumoud\/394205\/#primaryimage"},"thumbnailUrl":"https:\/\/www.webdo.tn\/fr\/wp-content\/uploads\/2026\/03\/Wael-Naouar-Jawaher-Channa.jpg","keywords":["Flottille","jawaher channa","soumoud","Tunisie","wael naouar"],"articleSection":["National"],"inLanguage":"fr-FR"},{"@type":"WebPage","@id":"https:\/\/www.webdo.tn\/fr\/actualite\/national\/tunisie-arrestation-de-wael-naouar-et-jawaher-channa-membres-de-la-flottille-soumoud\/394205\/","url":"https:\/\/www.webdo.tn\/fr\/actualite\/national\/tunisie-arrestation-de-wael-naouar-et-jawaher-channa-membres-de-la-flottille-soumoud\/394205\/","name":"Tunisie : Arrestation de Wael Naouar et Jawaher Channa, membres de la flottille Soumoud - webdo","isPartOf":{"@id":"https:\/\/www.webdo.tn\/fr\/#website"},"primaryImageOfPage":{"@id":"https:\/\/www.webdo.tn\/fr\/actualite\/national\/tunisie-arrestation-de-wael-naouar-et-jawaher-channa-membres-de-la-flottille-soumoud\/394205\/#primaryimage"},"image":{"@id":"https:\/\/www.webdo.tn\/fr\/actualite\/national\/tunisie-arrestation-de-wael-naouar-et-jawaher-channa-membres-de-la-flottille-soumoud\/394205\/#primaryimage"},"thumbnailUrl":"https:\/\/www.webdo.tn\/fr\/wp-content\/uploads\/2026\/03\/Wael-Naouar-Jawaher-Channa.jpg","datePublished":"2026-03-06T13:21:40+00:00","dateModified":"2026-03-06T13:21:43+00:00","description":"Les membres de la flottille Soumoud, Wael Naouar et Jawaher Channa, ont \u00e9t\u00e9 arr\u00eat\u00e9s en Tunisie. En savoir plus.","breadcrumb":{"@id":"https:\/\/www.webdo.tn\/fr\/actualite\/national\/tunisie-arrestation-de-wael-naouar-et-jawaher-channa-membres-de-la-flottille-soumoud\/394205\/#breadcrumb"},"inLanguage":"fr-FR","potentialAction":[{"@type":"ReadAction","target":["https:\/\/www.webdo.tn\/fr\/actualite\/national\/tunisie-arrestation-de-wael-naouar-et-jawaher-channa-membres-de-la-flottille-soumoud\/394205\/"]}]},{"@type":"ImageObject","inLanguage":"fr-FR","@id":"https:\/\/www.webdo.tn\/fr\/actualite\/national\/tunisie-arrestation-de-wael-naouar-et-jawaher-channa-membres-de-la-flottille-soumoud\/394205\/#primaryimage","url":"https:\/\/www.webdo.tn\/fr\/wp-content\/uploads\/2026\/03\/Wael-Naouar-Jawaher-Channa.jpg","contentUrl":"https:\/\/www.webdo.tn\/fr\/wp-content\/uploads\/2026\/03\/Wael-Naouar-Jawaher-Channa.jpg","width":1200,"height":600,"caption":"Tunisie : Arrestation de Wael Naouar et Jawaher Channa, membres de la flottille Soumoud"},{"@type":"BreadcrumbList","@id":"https:\/\/www.webdo.tn\/fr\/actualite\/national\/tunisie-arrestation-de-wael-naouar-et-jawaher-channa-membres-de-la-flottille-soumoud\/394205\/#breadcrumb","itemListElement":[{"@type":"ListItem","position":1,"name":"Accueil","item":"https:\/\/www.webdo.tn\/fr\/"},{"@type":"ListItem","position":2,"name":"Tunisie : Arrestation de Wael Naouar et Jawaher Channa, membres de la flottille Soumoud"}]},{"@type":"WebSite","@id":"https:\/\/www.webdo.tn\/fr\/#website","url":"https:\/\/www.webdo.tn\/fr\/","name":"webdo","description":"Tunisie - News en Tunisie et \u00e0 l&#039;international sur Webdo.tn","publisher":{"@id":"https:\/\/www.webdo.tn\/fr\/#organization"},"potentialAction":[{"@type":"SearchAction","target":{"@type":"EntryPoint","urlTemplate":"https:\/\/www.webdo.tn\/fr\/?s={search_term_string}"},"query-input":{"@type":"PropertyValueSpecification","valueRequired":true,"valueName":"search_term_string"}}],"inLanguage":"fr-FR"},{"@type":"Organization","@id":"https:\/\/www.webdo.tn\/fr\/#organization","name":"Webdo","alternateName":"Webdo.tn","url":"https:\/\/www.webdo.tn\/fr\/","logo":{"@type":"ImageObject","inLanguage":"fr-FR","@id":"https:\/\/www.webdo.tn\/fr\/#\/schema\/logo\/image\/","url":"https:\/\/www.webdo.tn\/fr\/wp-content\/uploads\/2025\/06\/Webdo-Tunisie_168377.jpg","contentUrl":"https:\/\/www.webdo.tn\/fr\/wp-content\/uploads\/2025\/06\/Webdo-Tunisie_168377.jpg","width":301,"height":301,"caption":"Webdo"},"image":{"@id":"https:\/\/www.webdo.tn\/fr\/#\/schema\/logo\/image\/"},"sameAs":["https:\/\/www.facebook.com\/webdotn","https:\/\/x.com\/webdo_tn"],"description":"Webdo est un m\u00e9dia num\u00e9rique tunisien fond\u00e9 en 2010, sp\u00e9cialis\u00e9 dans l\u2019actualit\u00e9 nationale et internationale, l\u2019\u00e9conomie, la soci\u00e9t\u00e9 et les analyses politiques. Le site s\u2019adresse \u00e0 un large public francophone et couvre l\u2019information tunisienne en temps r\u00e9el.","email":"redac@webdo.tn","legalName":"YNJ SARL","foundingDate":"2010-09-06","numberOfEmployees":{"@type":"QuantitativeValue","minValue":"11","maxValue":"50"}},{"@type":"Person","@id":"https:\/\/www.webdo.tn\/fr\/#\/schema\/person\/16a4857e77dfc0b610c4c2cadffc9ac4","name":"Mohamed Fethi","image":{"@type":"ImageObject","inLanguage":"fr-FR","@id":"https:\/\/www.webdo.tn\/fr\/wp-content\/uploads\/2026\/04\/mohamed-fethi_avatar_1-96x96.jpg","url":"https:\/\/www.webdo.tn\/fr\/wp-content\/uploads\/2026\/04\/mohamed-fethi_avatar_1-96x96.jpg","contentUrl":"https:\/\/www.webdo.tn\/fr\/wp-content\/uploads\/2026\/04\/mohamed-fethi_avatar_1-96x96.jpg","caption":"Mohamed Fethi"},"description":"Signature \u00e9ditoriale de Maher Chaabane Mohamed Fethi est le pseudonyme \u00e9ditorial de Maher Chaabane, r\u00e9dacteur en chef de Webdo.tn depuis 2012. Cette signature est d\u00e9di\u00e9e au traitement intensif de l'actualit\u00e9 nationale et internationale en temps r\u00e9el. S'appuyant sur les deux d\u00e9cennies d'expertise journalistique de Maher Chaabane \u2014 d\u00e9but\u00e9e au sein du groupe Tunis Hebdo en 2000 \u2014 Mohamed Fethi assure une veille rigoureuse sur les enjeux politiques, \u00e9conomiques et sportifs. Sa mission est de garantir une information structur\u00e9e, fluide et fid\u00e8le aux standards de la r\u00e9daction. Pour consulter le parcours complet du r\u00e9dacteur en chef, visitez le profil officiel de Maher Chaabane.","knowsAbout":["actualit\u00e9","journalisme","information","politique","sport","m\u00e9dias","actualit\u00e9 internationale"],"knowsLanguage":["Fran\u00e7ais","Arabe"],"jobTitle":"Journaliste \u2013 R\u00e9daction Webdo","worksFor":"Webdo.tn","url":"https:\/\/www.webdo.tn\/fr\/actualite\/author\/mohamed-fethi\/"}]}},"_links":{"self":[{"href":"https:\/\/www.webdo.tn\/fr\/wp-json\/wp\/v2\/posts\/394205","targetHints":{"allow":["GET"]}}],"collection":[{"href":"https:\/\/www.webdo.tn\/fr\/wp-json\/wp\/v2\/posts"}],"about":[{"href":"https:\/\/www.webdo.tn\/fr\/wp-json\/wp\/v2\/types\/post"}],"author":[{"embeddable":true,"href":"https:\/\/www.webdo.tn\/fr\/wp-json\/wp\/v2\/users\/4782"}],"replies":[{"embeddable":true,"href":"https:\/\/www.webdo.tn\/fr\/wp-json\/wp\/v2\/comments?post=394205"}],"version-history":[{"count":0,"href":"https:\/\/www.webdo.tn\/fr\/wp-json\/wp\/v2\/posts\/394205\/revisions"}],"wp:featuredmedia":[{"embeddable":true,"href":"https:\/\/www.webdo.tn\/fr\/wp-json\/wp\/v2\/media\/394206"}],"wp:attachment":[{"href":"https:\/\/www.webdo.tn\/fr\/wp-json\/wp\/v2\/media?parent=394205"}],"wp:term":[{"taxonomy":"category","embeddable":true,"href":"https:\/\/www.webdo.tn\/fr\/wp-json\/wp\/v2\/categories?post=394205"},{"taxonomy":"post_tag","embeddable":true,"href":"https:\/\/www.webdo.tn\/fr\/wp-json\/wp\/v2\/tags?post=394205"}],"curies":[{"name":"wp","href":"https:\/\/api.w.org\/{rel}","templated":true}]}}