{"id":394202,"date":"2026-03-06T13:56:36","date_gmt":"2026-03-06T12:56:36","guid":{"rendered":"https:\/\/www.webdo.tn\/fr\/?p=394202"},"modified":"2026-03-06T13:56:39","modified_gmt":"2026-03-06T12:56:39","slug":"guerre-iran-etats-unis-israel-plus-dun-millier-de-morts-apres-six-jours-de-guerre","status":"publish","type":"post","link":"https:\/\/www.webdo.tn\/fr\/actualite\/international\/guerre-iran-etats-unis-israel-plus-dun-millier-de-morts-apres-six-jours-de-guerre\/394202\/","title":{"rendered":"Guerre Iran\u2013\u00c9tats-Unis\u2013Isra\u00ebl : Plus d\u2019un millier de morts apr\u00e8s six jours de guerre"},"content":{"rendered":"\n<p><strong>Six jours apr\u00e8s le d\u00e9clenchement de l\u2019agression am\u00e9ricano-isra\u00e9lienne contre l\u2019Iran, le bilan humain continue de s\u2019alourdir dans toute la r\u00e9gion du Moyen-Orient. Les frappes a\u00e9riennes et les ripostes par missiles et drones ont d\u00e9j\u00e0 fait plus d\u2019un millier de morts et plusieurs milliers de bless\u00e9s. Le conflit, d\u00e9clench\u00e9 le 28 f\u00e9vrier, s\u2019\u00e9tend d\u00e9sormais bien au-del\u00e0 du territoire iranien et touche plusieurs pays voisins.<\/strong><\/p>\n\n\n\n<h2 class=\"wp-block-heading\" id=\"h-un-bilan-humain-tres-lourd-en-iran\">Un bilan humain tr\u00e8s lourd en Iran<\/h2>\n\n\n\n<p>Selon les chiffres communiqu\u00e9s par des m\u00e9dias et organisations iraniennes, plus de 1190 personnes ont \u00e9t\u00e9 tu\u00e9es en Iran, dont 435 militaires, depuis le d\u00e9but de l\u2019offensive men\u00e9e par les \u00c9tats-Unis et Isra\u00ebl. Parmi elles figurent de nombreux civils, dont 175 \u00e9l\u00e8ves et membres du personnel scolaire morts lors d\u2019une frappe sur une \u00e9cole de filles dans la ville de Minab, dans le sud du pays.<\/p>\n\n\n\n<blockquote class=\"wp-block-quote is-layout-flow wp-block-quote-is-layout-flow\">\n<blockquote class=\"wp-block-quote is-layout-flow wp-block-quote-is-layout-flow\">\n<ul class=\"wp-block-list\">\n<li class=\"has-medium-font-size\"><strong>Lire aussi :<\/strong> <a href=\"https:\/\/www.webdo.tn\/fr\/actualite\/international\/frappes-contre-liran-des-senateurs-contestent-la-version-de-la-maison-blanche\/394122\/\">Frappes contre l\u2019Iran : Des s\u00e9nateurs contestent la version de la Maison-Blanche<\/a><\/li>\n<\/ul>\n<\/blockquote>\n<\/blockquote>\n\n\n\n<p>Au total, plus de 6000 personnes ont \u00e9t\u00e9 bless\u00e9es dans le pays, alors que les bombardements ont vis\u00e9 plusieurs villes, dont T\u00e9h\u00e9ran, Qom ou encore Ispahan. Les autorit\u00e9s iraniennes affirment que des b\u00e2timents r\u00e9sidentiels et des infrastructures civiles ont \u00e9galement \u00e9t\u00e9 touch\u00e9s.<\/p>\n\n\n\n<h2 class=\"wp-block-heading\" id=\"h-des-victimes-dans-plusieurs-pays-de-la-region\">Des victimes dans plusieurs pays de la r\u00e9gion<\/h2>\n\n\n\n<p>La guerre ne se limite plus au territoire iranien. Les tirs de repr\u00e9sailles de T\u00e9h\u00e9ran et les frappes isra\u00e9liennes ont entra\u00een\u00e9 des pertes humaines dans d\u2019autres pays du Moyen-Orient.<\/p>\n\n\n\n<p>Au Liban, les raids isra\u00e9liens auraient d\u00e9j\u00e0 caus\u00e9 plus de 120 morts et 500 bless\u00e9s notamment dans les zones contr\u00f4l\u00e9es par le Hezbollah. En outre 83.000 personnes ont \u00e9t\u00e9 d\u00e9plac\u00e9es.<\/p>\n\n\n\n<p>En Isra\u00ebl, les attaques de missiles et de drones iraniens ont fait au moins douze morts et onze disparus ainsi que 1473 bless\u00e9s, selon les premi\u00e8res estimations.<\/p>\n\n\n\n<blockquote class=\"wp-block-quote is-layout-flow wp-block-quote-is-layout-flow\">\n<blockquote class=\"wp-block-quote is-layout-flow wp-block-quote-is-layout-flow\">\n<ul class=\"wp-block-list\">\n<li class=\"has-medium-font-size\"><strong>Lire aussi :<\/strong> <a href=\"https:\/\/www.webdo.tn\/fr\/actualite\/international\/troisieme-jour-de-guerre-en-iran-lescalade-regionale-se-confirme\/393996\/\">Troisi\u00e8me jour de guerre en Iran : L\u2019escalade r\u00e9gionale se confirme<\/a><\/li>\n<\/ul>\n<\/blockquote>\n<\/blockquote>\n\n\n\n<p>Des combats et incidents militaires ont \u00e9galement \u00e9t\u00e9 signal\u00e9s dans plusieurs \u00c9tats du Golfe o\u00f9 sont stationn\u00e9es des forces am\u00e9ricaines, notamment au Qatar (16 bless\u00e9s), au Kowe\u00eft (4 morts et 35 bless\u00e9s) et \u00e0 Bahre\u00efn (2 morts et 6 bless\u00e9s).<\/p>\n\n\n\n<p>On d\u00e9nombre \u00e9galement cinq bless\u00e9s en Jordanie, trois morts et 78 bless\u00e9s aux Emirats arabes unis, quatre morts et trois bless\u00e9s en Irak, un mort et cinq bless\u00e9s \u00e0 Oman. C\u00f4t\u00e9 am\u00e9ricain, six militaires ont \u00e9t\u00e9 tu\u00e9s et vingt bless\u00e9s.<\/p>\n\n\n\n<h2 class=\"wp-block-heading\" id=\"h-un-conflit-qui-embrase-tout-le-moyen-orient\">Un conflit qui embrase tout le Moyen-Orient<\/h2>\n\n\n\n<p>Depuis le d\u00e9clenchement des op\u00e9rations militaires, les frappes se succ\u00e8dent sur plusieurs fronts. Les \u00c9tats-Unis et Isra\u00ebl ciblent des installations militaires, des bases des Gardiens de la r\u00e9volution et des infrastructures strat\u00e9giques iraniennes, tandis que T\u00e9h\u00e9ran riposte par des missiles et des drones visant Isra\u00ebl et les bases occidentales dans la r\u00e9gion.<\/p>\n\n\n\n<p>Le conflit a d\u00e9j\u00e0 des r\u00e9percussions \u00e9conomiques et s\u00e9curitaires majeures. La circulation maritime dans le d\u00e9troit d\u2019Ormuz est sous tension et plusieurs pays ont ferm\u00e9 leur espace a\u00e9rien par crainte d\u2019une extension de la guerre.<\/p>\n","protected":false},"excerpt":{"rendered":"<p>Six jours apr\u00e8s le d\u00e9clenchement de l\u2019agression am\u00e9ricano-isra\u00e9lienne contre l\u2019Iran, le bilan humain continue de s\u2019alourdir dans toute la r\u00e9gion du Moyen-Orient. Les frappes a\u00e9riennes et les ripostes par missiles et drones ont d\u00e9j\u00e0 fait plus d\u2019un millier de morts et plusieurs milliers de bless\u00e9s. Le conflit, d\u00e9clench\u00e9 le 28 f\u00e9vrier, s\u2019\u00e9tend d\u00e9sormais bien au-del\u00e0 [&hellip;]<\/p>\n","protected":false},"author":4782,"featured_media":394203,"comment_status":"closed","ping_status":"closed","sticky":false,"template":"","format":"standard","meta":{"footnotes":""},"categories":[2598],"tags":[3035,2600,2912,2636,3208],"class_list":["post-394202","post","type-post","status-publish","format-standard","has-post-thumbnail","hentry","category-international","tag-etats-unis","tag-guerre","tag-iran","tag-israel","tag-morts"],"yoast_head":"<!-- This site is optimized with the Yoast SEO Premium plugin v27.4 (Yoast SEO v27.5) - https:\/\/yoast.com\/product\/yoast-seo-premium-wordpress\/ -->\n<title>Guerre Iran\u2013\u00c9tats-Unis\u2013Isra\u00ebl : Plus d\u2019un millier de morts apr\u00e8s six jours de guerre - webdo<\/title>\n<meta name=\"description\" content=\"Les frappes militaires de la guerre Iran\u2013\u00c9tats-Unis\u2013Isra\u00ebl engendrent plus d&#039;un millier de morts. Apprenez-en davantage sur la situation.\" \/>\n<link rel=\"canonical\" href=\"https:\/\/www.webdo.tn\/fr\/actualite\/international\/guerre-iran-etats-unis-israel-plus-dun-millier-de-morts-apres-six-jours-de-guerre\/394202\/\" \/>\n<meta property=\"og:locale\" content=\"fr_FR\" \/>\n<meta property=\"og:type\" content=\"article\" \/>\n<meta property=\"og:title\" content=\"Guerre Iran\u2013\u00c9tats-Unis\u2013Isra\u00ebl : Plus d\u2019un millier de morts apr\u00e8s six jours de guerre\" \/>\n<meta property=\"og:description\" content=\"Les frappes militaires de la guerre Iran\u2013\u00c9tats-Unis\u2013Isra\u00ebl engendrent plus d&#039;un millier de morts. Apprenez-en davantage sur la situation.\" \/>\n<meta property=\"og:url\" content=\"https:\/\/www.webdo.tn\/fr\/actualite\/international\/guerre-iran-etats-unis-israel-plus-dun-millier-de-morts-apres-six-jours-de-guerre\/394202\/\" \/>\n<meta property=\"og:site_name\" content=\"webdo\" \/>\n<meta property=\"article:publisher\" content=\"https:\/\/www.facebook.com\/webdotn\" \/>\n<meta property=\"article:published_time\" content=\"2026-03-06T12:56:36+00:00\" \/>\n<meta property=\"article:modified_time\" content=\"2026-03-06T12:56:39+00:00\" \/>\n<meta property=\"og:image\" content=\"https:\/\/www.webdo.tn\/fr\/wp-content\/uploads\/2026\/03\/Beyrouth.jpg\" \/>\n\t<meta property=\"og:image:width\" content=\"1200\" \/>\n\t<meta property=\"og:image:height\" content=\"601\" \/>\n\t<meta property=\"og:image:type\" content=\"image\/jpeg\" \/>\n<meta name=\"author\" content=\"Mohamed Fethi\" \/>\n<meta name=\"twitter:card\" content=\"summary_large_image\" \/>\n<meta name=\"twitter:creator\" content=\"@webdo_tn\" \/>\n<meta name=\"twitter:site\" content=\"@webdo_tn\" \/>\n<meta name=\"twitter:label1\" content=\"\u00c9crit par\" \/>\n\t<meta name=\"twitter:data1\" content=\"Mohamed Fethi\" \/>\n\t<meta name=\"twitter:label2\" content=\"Dur\u00e9e de lecture estim\u00e9e\" \/>\n\t<meta name=\"twitter:data2\" content=\"3 minutes\" \/>\n<script type=\"application\/ld+json\" class=\"yoast-schema-graph\">{\"@context\":\"https:\\\/\\\/schema.org\",\"@graph\":[{\"@type\":\"NewsArticle\",\"@id\":\"https:\\\/\\\/www.webdo.tn\\\/fr\\\/actualite\\\/international\\\/guerre-iran-etats-unis-israel-plus-dun-millier-de-morts-apres-six-jours-de-guerre\\\/394202\\\/#article\",\"isPartOf\":{\"@id\":\"https:\\\/\\\/www.webdo.tn\\\/fr\\\/actualite\\\/international\\\/guerre-iran-etats-unis-israel-plus-dun-millier-de-morts-apres-six-jours-de-guerre\\\/394202\\\/\"},\"author\":{\"name\":\"Mohamed Fethi\",\"@id\":\"https:\\\/\\\/www.webdo.tn\\\/fr\\\/#\\\/schema\\\/person\\\/16a4857e77dfc0b610c4c2cadffc9ac4\"},\"headline\":\"Guerre Iran\u2013\u00c9tats-Unis\u2013Isra\u00ebl : Plus d\u2019un millier de morts apr\u00e8s six jours de guerre\",\"datePublished\":\"2026-03-06T12:56:36+00:00\",\"dateModified\":\"2026-03-06T12:56:39+00:00\",\"mainEntityOfPage\":{\"@id\":\"https:\\\/\\\/www.webdo.tn\\\/fr\\\/actualite\\\/international\\\/guerre-iran-etats-unis-israel-plus-dun-millier-de-morts-apres-six-jours-de-guerre\\\/394202\\\/\"},\"wordCount\":560,\"publisher\":{\"@id\":\"https:\\\/\\\/www.webdo.tn\\\/fr\\\/#organization\"},\"image\":{\"@id\":\"https:\\\/\\\/www.webdo.tn\\\/fr\\\/actualite\\\/international\\\/guerre-iran-etats-unis-israel-plus-dun-millier-de-morts-apres-six-jours-de-guerre\\\/394202\\\/#primaryimage\"},\"thumbnailUrl\":\"https:\\\/\\\/www.webdo.tn\\\/fr\\\/wp-content\\\/uploads\\\/2026\\\/03\\\/Beyrouth.jpg\",\"keywords\":[\"Etats-Unis\",\"guerre\",\"Iran\",\"isra\u00ebl\",\"morts\"],\"articleSection\":[\"International\"],\"inLanguage\":\"fr-FR\"},{\"@type\":\"WebPage\",\"@id\":\"https:\\\/\\\/www.webdo.tn\\\/fr\\\/actualite\\\/international\\\/guerre-iran-etats-unis-israel-plus-dun-millier-de-morts-apres-six-jours-de-guerre\\\/394202\\\/\",\"url\":\"https:\\\/\\\/www.webdo.tn\\\/fr\\\/actualite\\\/international\\\/guerre-iran-etats-unis-israel-plus-dun-millier-de-morts-apres-six-jours-de-guerre\\\/394202\\\/\",\"name\":\"Guerre Iran\u2013\u00c9tats-Unis\u2013Isra\u00ebl : Plus d\u2019un millier de morts apr\u00e8s six jours de guerre - webdo\",\"isPartOf\":{\"@id\":\"https:\\\/\\\/www.webdo.tn\\\/fr\\\/#website\"},\"primaryImageOfPage\":{\"@id\":\"https:\\\/\\\/www.webdo.tn\\\/fr\\\/actualite\\\/international\\\/guerre-iran-etats-unis-israel-plus-dun-millier-de-morts-apres-six-jours-de-guerre\\\/394202\\\/#primaryimage\"},\"image\":{\"@id\":\"https:\\\/\\\/www.webdo.tn\\\/fr\\\/actualite\\\/international\\\/guerre-iran-etats-unis-israel-plus-dun-millier-de-morts-apres-six-jours-de-guerre\\\/394202\\\/#primaryimage\"},\"thumbnailUrl\":\"https:\\\/\\\/www.webdo.tn\\\/fr\\\/wp-content\\\/uploads\\\/2026\\\/03\\\/Beyrouth.jpg\",\"datePublished\":\"2026-03-06T12:56:36+00:00\",\"dateModified\":\"2026-03-06T12:56:39+00:00\",\"description\":\"Les frappes militaires de la guerre Iran\u2013\u00c9tats-Unis\u2013Isra\u00ebl engendrent plus d'un millier de morts. Apprenez-en davantage sur la situation.\",\"breadcrumb\":{\"@id\":\"https:\\\/\\\/www.webdo.tn\\\/fr\\\/actualite\\\/international\\\/guerre-iran-etats-unis-israel-plus-dun-millier-de-morts-apres-six-jours-de-guerre\\\/394202\\\/#breadcrumb\"},\"inLanguage\":\"fr-FR\",\"potentialAction\":[{\"@type\":\"ReadAction\",\"target\":[\"https:\\\/\\\/www.webdo.tn\\\/fr\\\/actualite\\\/international\\\/guerre-iran-etats-unis-israel-plus-dun-millier-de-morts-apres-six-jours-de-guerre\\\/394202\\\/\"]}]},{\"@type\":\"ImageObject\",\"inLanguage\":\"fr-FR\",\"@id\":\"https:\\\/\\\/www.webdo.tn\\\/fr\\\/actualite\\\/international\\\/guerre-iran-etats-unis-israel-plus-dun-millier-de-morts-apres-six-jours-de-guerre\\\/394202\\\/#primaryimage\",\"url\":\"https:\\\/\\\/www.webdo.tn\\\/fr\\\/wp-content\\\/uploads\\\/2026\\\/03\\\/Beyrouth.jpg\",\"contentUrl\":\"https:\\\/\\\/www.webdo.tn\\\/fr\\\/wp-content\\\/uploads\\\/2026\\\/03\\\/Beyrouth.jpg\",\"width\":1200,\"height\":601,\"caption\":\"Guerre Iran\u2013\u00c9tats-Unis\u2013Isra\u00ebl : Plus d\u2019un millier de morts apr\u00e8s six jours de guerre\"},{\"@type\":\"BreadcrumbList\",\"@id\":\"https:\\\/\\\/www.webdo.tn\\\/fr\\\/actualite\\\/international\\\/guerre-iran-etats-unis-israel-plus-dun-millier-de-morts-apres-six-jours-de-guerre\\\/394202\\\/#breadcrumb\",\"itemListElement\":[{\"@type\":\"ListItem\",\"position\":1,\"name\":\"Accueil\",\"item\":\"https:\\\/\\\/www.webdo.tn\\\/fr\\\/\"},{\"@type\":\"ListItem\",\"position\":2,\"name\":\"Guerre Iran\u2013\u00c9tats-Unis\u2013Isra\u00ebl : Plus d\u2019un millier de morts apr\u00e8s six jours de guerre\"}]},{\"@type\":\"WebSite\",\"@id\":\"https:\\\/\\\/www.webdo.tn\\\/fr\\\/#website\",\"url\":\"https:\\\/\\\/www.webdo.tn\\\/fr\\\/\",\"name\":\"webdo\",\"description\":\"Tunisie - News en Tunisie et \u00e0 l&#039;international sur Webdo.tn\",\"publisher\":{\"@id\":\"https:\\\/\\\/www.webdo.tn\\\/fr\\\/#organization\"},\"potentialAction\":[{\"@type\":\"SearchAction\",\"target\":{\"@type\":\"EntryPoint\",\"urlTemplate\":\"https:\\\/\\\/www.webdo.tn\\\/fr\\\/?s={search_term_string}\"},\"query-input\":{\"@type\":\"PropertyValueSpecification\",\"valueRequired\":true,\"valueName\":\"search_term_string\"}}],\"inLanguage\":\"fr-FR\"},{\"@type\":\"Organization\",\"@id\":\"https:\\\/\\\/www.webdo.tn\\\/fr\\\/#organization\",\"name\":\"Webdo\",\"alternateName\":\"Webdo.tn\",\"url\":\"https:\\\/\\\/www.webdo.tn\\\/fr\\\/\",\"logo\":{\"@type\":\"ImageObject\",\"inLanguage\":\"fr-FR\",\"@id\":\"https:\\\/\\\/www.webdo.tn\\\/fr\\\/#\\\/schema\\\/logo\\\/image\\\/\",\"url\":\"https:\\\/\\\/www.webdo.tn\\\/fr\\\/wp-content\\\/uploads\\\/2025\\\/06\\\/Webdo-Tunisie_168377.jpg\",\"contentUrl\":\"https:\\\/\\\/www.webdo.tn\\\/fr\\\/wp-content\\\/uploads\\\/2025\\\/06\\\/Webdo-Tunisie_168377.jpg\",\"width\":301,\"height\":301,\"caption\":\"Webdo\"},\"image\":{\"@id\":\"https:\\\/\\\/www.webdo.tn\\\/fr\\\/#\\\/schema\\\/logo\\\/image\\\/\"},\"sameAs\":[\"https:\\\/\\\/www.facebook.com\\\/webdotn\",\"https:\\\/\\\/x.com\\\/webdo_tn\"],\"description\":\"Webdo est un m\u00e9dia num\u00e9rique tunisien fond\u00e9 en 2010, sp\u00e9cialis\u00e9 dans l\u2019actualit\u00e9 nationale et internationale, l\u2019\u00e9conomie, la soci\u00e9t\u00e9 et les analyses politiques. Le site s\u2019adresse \u00e0 un large public francophone et couvre l\u2019information tunisienne en temps r\u00e9el.\",\"email\":\"redac@webdo.tn\",\"legalName\":\"YNJ SARL\",\"foundingDate\":\"2010-09-06\",\"numberOfEmployees\":{\"@type\":\"QuantitativeValue\",\"minValue\":\"11\",\"maxValue\":\"50\"}},{\"@type\":\"Person\",\"@id\":\"https:\\\/\\\/www.webdo.tn\\\/fr\\\/#\\\/schema\\\/person\\\/16a4857e77dfc0b610c4c2cadffc9ac4\",\"name\":\"Mohamed Fethi\",\"image\":{\"@type\":\"ImageObject\",\"inLanguage\":\"fr-FR\",\"@id\":\"https:\\\/\\\/www.webdo.tn\\\/fr\\\/wp-content\\\/uploads\\\/2026\\\/04\\\/mohamed-fethi_avatar_1-96x96.jpg\",\"url\":\"https:\\\/\\\/www.webdo.tn\\\/fr\\\/wp-content\\\/uploads\\\/2026\\\/04\\\/mohamed-fethi_avatar_1-96x96.jpg\",\"contentUrl\":\"https:\\\/\\\/www.webdo.tn\\\/fr\\\/wp-content\\\/uploads\\\/2026\\\/04\\\/mohamed-fethi_avatar_1-96x96.jpg\",\"caption\":\"Mohamed Fethi\"},\"description\":\"Signature \u00e9ditoriale de Maher Chaabane Mohamed Fethi est le pseudonyme \u00e9ditorial de Maher Chaabane, r\u00e9dacteur en chef de Webdo.tn depuis 2012. Cette signature est d\u00e9di\u00e9e au traitement intensif de l'actualit\u00e9 nationale et internationale en temps r\u00e9el. S'appuyant sur les deux d\u00e9cennies d'expertise journalistique de Maher Chaabane \u2014 d\u00e9but\u00e9e au sein du groupe Tunis Hebdo en 2000 \u2014 Mohamed Fethi assure une veille rigoureuse sur les enjeux politiques, \u00e9conomiques et sportifs. Sa mission est de garantir une information structur\u00e9e, fluide et fid\u00e8le aux standards de la r\u00e9daction. Pour consulter le parcours complet du r\u00e9dacteur en chef, visitez le profil officiel de Maher Chaabane.\",\"knowsAbout\":[\"actualit\u00e9\",\"journalisme\",\"information\",\"politique\",\"sport\",\"m\u00e9dias\",\"actualit\u00e9 internationale\"],\"knowsLanguage\":[\"Fran\u00e7ais\",\"Arabe\"],\"jobTitle\":\"Journaliste \u2013 R\u00e9daction Webdo\",\"worksFor\":\"Webdo.tn\",\"url\":\"https:\\\/\\\/www.webdo.tn\\\/fr\\\/actualite\\\/author\\\/mohamed-fethi\\\/\"}]}<\/script>\n<!-- \/ Yoast SEO Premium plugin. -->","yoast_head_json":{"title":"Guerre Iran\u2013\u00c9tats-Unis\u2013Isra\u00ebl : Plus d\u2019un millier de morts apr\u00e8s six jours de guerre - webdo","description":"Les frappes militaires de la guerre Iran\u2013\u00c9tats-Unis\u2013Isra\u00ebl engendrent plus d'un millier de morts. Apprenez-en davantage sur la situation.","canonical":"https:\/\/www.webdo.tn\/fr\/actualite\/international\/guerre-iran-etats-unis-israel-plus-dun-millier-de-morts-apres-six-jours-de-guerre\/394202\/","og_locale":"fr_FR","og_type":"article","og_title":"Guerre Iran\u2013\u00c9tats-Unis\u2013Isra\u00ebl : Plus d\u2019un millier de morts apr\u00e8s six jours de guerre","og_description":"Les frappes militaires de la guerre Iran\u2013\u00c9tats-Unis\u2013Isra\u00ebl engendrent plus d'un millier de morts. Apprenez-en davantage sur la situation.","og_url":"https:\/\/www.webdo.tn\/fr\/actualite\/international\/guerre-iran-etats-unis-israel-plus-dun-millier-de-morts-apres-six-jours-de-guerre\/394202\/","og_site_name":"webdo","article_publisher":"https:\/\/www.facebook.com\/webdotn","article_published_time":"2026-03-06T12:56:36+00:00","article_modified_time":"2026-03-06T12:56:39+00:00","og_image":[{"width":1200,"height":601,"url":"https:\/\/www.webdo.tn\/fr\/wp-content\/uploads\/2026\/03\/Beyrouth.jpg","type":"image\/jpeg"}],"author":"Mohamed Fethi","twitter_card":"summary_large_image","twitter_creator":"@webdo_tn","twitter_site":"@webdo_tn","twitter_misc":{"\u00c9crit par":"Mohamed Fethi","Dur\u00e9e de lecture estim\u00e9e":"3 minutes"},"schema":{"@context":"https:\/\/schema.org","@graph":[{"@type":"NewsArticle","@id":"https:\/\/www.webdo.tn\/fr\/actualite\/international\/guerre-iran-etats-unis-israel-plus-dun-millier-de-morts-apres-six-jours-de-guerre\/394202\/#article","isPartOf":{"@id":"https:\/\/www.webdo.tn\/fr\/actualite\/international\/guerre-iran-etats-unis-israel-plus-dun-millier-de-morts-apres-six-jours-de-guerre\/394202\/"},"author":{"name":"Mohamed Fethi","@id":"https:\/\/www.webdo.tn\/fr\/#\/schema\/person\/16a4857e77dfc0b610c4c2cadffc9ac4"},"headline":"Guerre Iran\u2013\u00c9tats-Unis\u2013Isra\u00ebl : Plus d\u2019un millier de morts apr\u00e8s six jours de guerre","datePublished":"2026-03-06T12:56:36+00:00","dateModified":"2026-03-06T12:56:39+00:00","mainEntityOfPage":{"@id":"https:\/\/www.webdo.tn\/fr\/actualite\/international\/guerre-iran-etats-unis-israel-plus-dun-millier-de-morts-apres-six-jours-de-guerre\/394202\/"},"wordCount":560,"publisher":{"@id":"https:\/\/www.webdo.tn\/fr\/#organization"},"image":{"@id":"https:\/\/www.webdo.tn\/fr\/actualite\/international\/guerre-iran-etats-unis-israel-plus-dun-millier-de-morts-apres-six-jours-de-guerre\/394202\/#primaryimage"},"thumbnailUrl":"https:\/\/www.webdo.tn\/fr\/wp-content\/uploads\/2026\/03\/Beyrouth.jpg","keywords":["Etats-Unis","guerre","Iran","isra\u00ebl","morts"],"articleSection":["International"],"inLanguage":"fr-FR"},{"@type":"WebPage","@id":"https:\/\/www.webdo.tn\/fr\/actualite\/international\/guerre-iran-etats-unis-israel-plus-dun-millier-de-morts-apres-six-jours-de-guerre\/394202\/","url":"https:\/\/www.webdo.tn\/fr\/actualite\/international\/guerre-iran-etats-unis-israel-plus-dun-millier-de-morts-apres-six-jours-de-guerre\/394202\/","name":"Guerre Iran\u2013\u00c9tats-Unis\u2013Isra\u00ebl : Plus d\u2019un millier de morts apr\u00e8s six jours de guerre - webdo","isPartOf":{"@id":"https:\/\/www.webdo.tn\/fr\/#website"},"primaryImageOfPage":{"@id":"https:\/\/www.webdo.tn\/fr\/actualite\/international\/guerre-iran-etats-unis-israel-plus-dun-millier-de-morts-apres-six-jours-de-guerre\/394202\/#primaryimage"},"image":{"@id":"https:\/\/www.webdo.tn\/fr\/actualite\/international\/guerre-iran-etats-unis-israel-plus-dun-millier-de-morts-apres-six-jours-de-guerre\/394202\/#primaryimage"},"thumbnailUrl":"https:\/\/www.webdo.tn\/fr\/wp-content\/uploads\/2026\/03\/Beyrouth.jpg","datePublished":"2026-03-06T12:56:36+00:00","dateModified":"2026-03-06T12:56:39+00:00","description":"Les frappes militaires de la guerre Iran\u2013\u00c9tats-Unis\u2013Isra\u00ebl engendrent plus d'un millier de morts. Apprenez-en davantage sur la situation.","breadcrumb":{"@id":"https:\/\/www.webdo.tn\/fr\/actualite\/international\/guerre-iran-etats-unis-israel-plus-dun-millier-de-morts-apres-six-jours-de-guerre\/394202\/#breadcrumb"},"inLanguage":"fr-FR","potentialAction":[{"@type":"ReadAction","target":["https:\/\/www.webdo.tn\/fr\/actualite\/international\/guerre-iran-etats-unis-israel-plus-dun-millier-de-morts-apres-six-jours-de-guerre\/394202\/"]}]},{"@type":"ImageObject","inLanguage":"fr-FR","@id":"https:\/\/www.webdo.tn\/fr\/actualite\/international\/guerre-iran-etats-unis-israel-plus-dun-millier-de-morts-apres-six-jours-de-guerre\/394202\/#primaryimage","url":"https:\/\/www.webdo.tn\/fr\/wp-content\/uploads\/2026\/03\/Beyrouth.jpg","contentUrl":"https:\/\/www.webdo.tn\/fr\/wp-content\/uploads\/2026\/03\/Beyrouth.jpg","width":1200,"height":601,"caption":"Guerre Iran\u2013\u00c9tats-Unis\u2013Isra\u00ebl : Plus d\u2019un millier de morts apr\u00e8s six jours de guerre"},{"@type":"BreadcrumbList","@id":"https:\/\/www.webdo.tn\/fr\/actualite\/international\/guerre-iran-etats-unis-israel-plus-dun-millier-de-morts-apres-six-jours-de-guerre\/394202\/#breadcrumb","itemListElement":[{"@type":"ListItem","position":1,"name":"Accueil","item":"https:\/\/www.webdo.tn\/fr\/"},{"@type":"ListItem","position":2,"name":"Guerre Iran\u2013\u00c9tats-Unis\u2013Isra\u00ebl : Plus d\u2019un millier de morts apr\u00e8s six jours de guerre"}]},{"@type":"WebSite","@id":"https:\/\/www.webdo.tn\/fr\/#website","url":"https:\/\/www.webdo.tn\/fr\/","name":"webdo","description":"Tunisie - News en Tunisie et \u00e0 l&#039;international sur Webdo.tn","publisher":{"@id":"https:\/\/www.webdo.tn\/fr\/#organization"},"potentialAction":[{"@type":"SearchAction","target":{"@type":"EntryPoint","urlTemplate":"https:\/\/www.webdo.tn\/fr\/?s={search_term_string}"},"query-input":{"@type":"PropertyValueSpecification","valueRequired":true,"valueName":"search_term_string"}}],"inLanguage":"fr-FR"},{"@type":"Organization","@id":"https:\/\/www.webdo.tn\/fr\/#organization","name":"Webdo","alternateName":"Webdo.tn","url":"https:\/\/www.webdo.tn\/fr\/","logo":{"@type":"ImageObject","inLanguage":"fr-FR","@id":"https:\/\/www.webdo.tn\/fr\/#\/schema\/logo\/image\/","url":"https:\/\/www.webdo.tn\/fr\/wp-content\/uploads\/2025\/06\/Webdo-Tunisie_168377.jpg","contentUrl":"https:\/\/www.webdo.tn\/fr\/wp-content\/uploads\/2025\/06\/Webdo-Tunisie_168377.jpg","width":301,"height":301,"caption":"Webdo"},"image":{"@id":"https:\/\/www.webdo.tn\/fr\/#\/schema\/logo\/image\/"},"sameAs":["https:\/\/www.facebook.com\/webdotn","https:\/\/x.com\/webdo_tn"],"description":"Webdo est un m\u00e9dia num\u00e9rique tunisien fond\u00e9 en 2010, sp\u00e9cialis\u00e9 dans l\u2019actualit\u00e9 nationale et internationale, l\u2019\u00e9conomie, la soci\u00e9t\u00e9 et les analyses politiques. Le site s\u2019adresse \u00e0 un large public francophone et couvre l\u2019information tunisienne en temps r\u00e9el.","email":"redac@webdo.tn","legalName":"YNJ SARL","foundingDate":"2010-09-06","numberOfEmployees":{"@type":"QuantitativeValue","minValue":"11","maxValue":"50"}},{"@type":"Person","@id":"https:\/\/www.webdo.tn\/fr\/#\/schema\/person\/16a4857e77dfc0b610c4c2cadffc9ac4","name":"Mohamed Fethi","image":{"@type":"ImageObject","inLanguage":"fr-FR","@id":"https:\/\/www.webdo.tn\/fr\/wp-content\/uploads\/2026\/04\/mohamed-fethi_avatar_1-96x96.jpg","url":"https:\/\/www.webdo.tn\/fr\/wp-content\/uploads\/2026\/04\/mohamed-fethi_avatar_1-96x96.jpg","contentUrl":"https:\/\/www.webdo.tn\/fr\/wp-content\/uploads\/2026\/04\/mohamed-fethi_avatar_1-96x96.jpg","caption":"Mohamed Fethi"},"description":"Signature \u00e9ditoriale de Maher Chaabane Mohamed Fethi est le pseudonyme \u00e9ditorial de Maher Chaabane, r\u00e9dacteur en chef de Webdo.tn depuis 2012. Cette signature est d\u00e9di\u00e9e au traitement intensif de l'actualit\u00e9 nationale et internationale en temps r\u00e9el. S'appuyant sur les deux d\u00e9cennies d'expertise journalistique de Maher Chaabane \u2014 d\u00e9but\u00e9e au sein du groupe Tunis Hebdo en 2000 \u2014 Mohamed Fethi assure une veille rigoureuse sur les enjeux politiques, \u00e9conomiques et sportifs. Sa mission est de garantir une information structur\u00e9e, fluide et fid\u00e8le aux standards de la r\u00e9daction. Pour consulter le parcours complet du r\u00e9dacteur en chef, visitez le profil officiel de Maher Chaabane.","knowsAbout":["actualit\u00e9","journalisme","information","politique","sport","m\u00e9dias","actualit\u00e9 internationale"],"knowsLanguage":["Fran\u00e7ais","Arabe"],"jobTitle":"Journaliste \u2013 R\u00e9daction Webdo","worksFor":"Webdo.tn","url":"https:\/\/www.webdo.tn\/fr\/actualite\/author\/mohamed-fethi\/"}]}},"_links":{"self":[{"href":"https:\/\/www.webdo.tn\/fr\/wp-json\/wp\/v2\/posts\/394202","targetHints":{"allow":["GET"]}}],"collection":[{"href":"https:\/\/www.webdo.tn\/fr\/wp-json\/wp\/v2\/posts"}],"about":[{"href":"https:\/\/www.webdo.tn\/fr\/wp-json\/wp\/v2\/types\/post"}],"author":[{"embeddable":true,"href":"https:\/\/www.webdo.tn\/fr\/wp-json\/wp\/v2\/users\/4782"}],"replies":[{"embeddable":true,"href":"https:\/\/www.webdo.tn\/fr\/wp-json\/wp\/v2\/comments?post=394202"}],"version-history":[{"count":0,"href":"https:\/\/www.webdo.tn\/fr\/wp-json\/wp\/v2\/posts\/394202\/revisions"}],"wp:featuredmedia":[{"embeddable":true,"href":"https:\/\/www.webdo.tn\/fr\/wp-json\/wp\/v2\/media\/394203"}],"wp:attachment":[{"href":"https:\/\/www.webdo.tn\/fr\/wp-json\/wp\/v2\/media?parent=394202"}],"wp:term":[{"taxonomy":"category","embeddable":true,"href":"https:\/\/www.webdo.tn\/fr\/wp-json\/wp\/v2\/categories?post=394202"},{"taxonomy":"post_tag","embeddable":true,"href":"https:\/\/www.webdo.tn\/fr\/wp-json\/wp\/v2\/tags?post=394202"}],"curies":[{"name":"wp","href":"https:\/\/api.w.org\/{rel}","templated":true}]}}