{"id":394199,"date":"2026-03-06T13:29:39","date_gmt":"2026-03-06T12:29:39","guid":{"rendered":"https:\/\/www.webdo.tn\/fr\/?p=394199"},"modified":"2026-03-07T09:13:16","modified_gmt":"2026-03-07T08:13:16","slug":"elmed-tunisie-un-cout-de-582-millions-deuros-pour-le-raccordement-electrique-avec-litalie","status":"publish","type":"post","link":"https:\/\/www.webdo.tn\/fr\/actualite\/national\/elmed-tunisie-un-cout-de-582-millions-deuros-pour-le-raccordement-electrique-avec-litalie\/394199\/","title":{"rendered":"Elmed &#8211; Tunisie\u00a0: Un co\u00fbt de 582 millions d\u2019euros pour le raccordement \u00e9lectrique avec l\u2019Italie"},"content":{"rendered":"\n<p><strong>Un v\u00e9ritable \u00abpont \u00e9nerg\u00e9tique\u00bb entre l&rsquo;Italie et la Tunisie, qui reliera deux grands syst\u00e8mes \u00e9lectriques: celui de l&rsquo;Europe et celui de l&rsquo;Afrique du Nord.<\/strong><\/p>\n\n\n\n<p>Le secr\u00e9taire d\u2019\u00c9tat \u00e0 la transition \u00e9nerg\u00e9tique, Wael Chouchane, a indiqu\u00e9 que le co\u00fbt du raccordement \u00e9lectrique avec l\u2019Italie, s\u2019\u00e9l\u00e8ve \u00e0 environ 582 millions d\u2019euros c\u00f4t\u00e9 tunisien, tandis que le co\u00fbt total du projet ELMED est estim\u00e9 \u00e0 1,014 milliard d\u2019euros, incluant 863 millions pour les composantes communes avec l\u2019Italie et environ 110 millions pour renforcer le r\u00e9seau tunisien.<\/p>\n\n\n\n<h2 class=\"wp-block-heading\" id=\"h-un-projet-strategique-pour-la-securite-energetique\">Un projet strat\u00e9gique pour la s\u00e9curit\u00e9 \u00e9nerg\u00e9tique<\/h2>\n\n\n\n<p>Lors d\u2019une session de la commission des finances et du budget consacr\u00e9e au suivi des pr\u00eats allou\u00e9s au projet, Wael Chouchane a pr\u00e9cis\u00e9 que le raccordement permettra l\u2019\u00e9change bidirectionnel d\u2019\u00e9lectricit\u00e9 selon les besoins, favorisant l\u2019exportation d\u2019\u00e9nergie produite \u00e0 partir de sources renouvelables et le renforcement du r\u00e9seau national en p\u00e9riode de pointe.<\/p>\n\n\n\n<blockquote class=\"wp-block-quote is-layout-flow wp-block-quote-is-layout-flow\">\n<blockquote class=\"wp-block-quote is-layout-flow wp-block-quote-is-layout-flow\">\n<ul class=\"wp-block-list\">\n<li class=\"has-medium-font-size\"><strong>Lire aussi : <\/strong><a href=\"https:\/\/www.webdo.tn\/fr\/actualite\/national\/projets-structurants-la-kasbah-accelere-sur-elmed-et-mdhilla-2\/392087\/\">Projets structurants : La Kasbah acc\u00e9l\u00e8re sur ELMED et Mdhilla 2<\/a><\/li>\n<\/ul>\n<\/blockquote>\n<\/blockquote>\n\n\n\n<p>ELMED sera la premi\u00e8re interconnexion en courant continu entre les deux continents. Un ouvrage qui, gr\u00e2ce \u00e0 la bidirectionnalit\u00e9 des flux, apportera d&rsquo;importants avantages \u00e9nerg\u00e9tiques et environnementaux.<\/p>\n\n\n\n<p>Les revenus annuels du projet sont estim\u00e9s entre 71 et 182 millions d\u2019euros, partag\u00e9s \u00e0 parts \u00e9gales entre la Soci\u00e9t\u00e9 tunisienne de l\u2019\u00e9lectricit\u00e9 et du gaz et son homologue italienne, Terna.<\/p>\n\n\n\n<h2 class=\"wp-block-heading\" id=\"h-avancement-et-financement-du-projet\">Avancement et financement du projet<\/h2>\n\n\n\n<p>Le secr\u00e9taire d\u2019\u00c9tat a indiqu\u00e9 que les appels d\u2019offres internationaux pour les stations de transformation, le c\u00e2ble sous-marin et les lignes a\u00e9riennes ont \u00e9t\u00e9 lanc\u00e9s, avec la s\u00e9lection des offres techniques et financi\u00e8res et la signature de plusieurs contrats. Le projet b\u00e9n\u00e9ficie \u00e9galement de financements mobilis\u00e9s aupr\u00e8s de la Banque mondiale, de l\u2019Union europ\u00e9enne, de la BERD, de la BEI et de KfW.<\/p>\n\n\n\n<blockquote class=\"wp-block-quote is-layout-flow wp-block-quote-is-layout-flow\">\n<blockquote class=\"wp-block-quote is-layout-flow wp-block-quote-is-layout-flow\">\n<ul class=\"wp-block-list\">\n<li class=\"has-medium-font-size\"><strong>Lire aussi :<\/strong> <a href=\"https:\/\/www.webdo.tn\/fr\/actualite\/national\/tunisie-italie-linterconnexion-elmed-premiere-liaison-en-courant-continu-entre-leurope-et-lafrique\/384072\/\">Tunisie \u2013 Italie : Elmed, \u00ab\u00a0premi\u00e8re liaison en courant continu entre l\u2019Europe et l\u2019Afrique\u00a0\u00bb<\/a><\/li>\n<\/ul>\n<\/blockquote>\n<\/blockquote>\n\n\n\n<p>Le calendrier pourrait toutefois \u00eatre repouss\u00e9 \u00e0 2030 ou 2031, non pas \u00e0 cause de difficult\u00e9s techniques, mais en raison de la forte demande internationale et r\u00e9gionale sur les \u00e9quipements depuis la guerre russo\u2011ukrainienne.<\/p>\n\n\n\n<h2 class=\"wp-block-heading\" id=\"h-caracteristiques-techniques-du-projet\">Caract\u00e9ristiques techniques du projet<\/h2>\n\n\n\n<p>Le raccordement direct entre les syst\u00e8mes tunisien et italien passera par un c\u00e2ble sous-marin HVDC de pr\u00e8s de 200 km, traversant le d\u00e9troit de Sicile, avec une capacit\u00e9 de 600 MW et une tension de 500 kV, \u00e0 une profondeur d\u2019environ 800 m\u00e8tres.<\/p>\n\n\n\n<p>La ligne \u00e9lectrique reliera la station de Partanna en Sicile \u00e0 celle de Mlaabi sur la p\u00e9ninsule tunisienne du Cap Bon, sur une longueur totale d&rsquo;environ 220 kilom\u00e8tres (dont environ 200 km en c\u00e2ble sous-marin).<\/p>\n\n\n\n<blockquote class=\"wp-block-quote is-layout-flow wp-block-quote-is-layout-flow\">\n<blockquote class=\"wp-block-quote is-layout-flow wp-block-quote-is-layout-flow\">\n<ul class=\"wp-block-list\">\n<li class=\"has-medium-font-size\"><strong>Lire aussi :<\/strong> <a href=\"https:\/\/www.webdo.tn\/fr\/actualite\/national\/elmed-la-steg-et-terna-signent-un-accord-de-financement-de-307-millions-d-euros\/207802\/\">Elmed : La STEG et Terna signent un accord de financement de 307 millions d\u2019euros<\/a><\/li>\n<\/ul>\n<\/blockquote>\n<\/blockquote>\n\n\n\n<p>Ce projet vise \u00e0 renforcer la s\u00e9curit\u00e9 \u00e9nerg\u00e9tique tunisienne, favoriser les \u00e9changes avec l\u2019Italie et soutenir la transition vers des \u00e9nergies propres.<\/p>\n","protected":false},"excerpt":{"rendered":"<p>Un v\u00e9ritable \u00abpont \u00e9nerg\u00e9tique\u00bb entre l&rsquo;Italie et la Tunisie, qui reliera deux grands syst\u00e8mes \u00e9lectriques: celui de l&rsquo;Europe et celui de l&rsquo;Afrique du Nord. Le secr\u00e9taire d\u2019\u00c9tat \u00e0 la transition \u00e9nerg\u00e9tique, Wael Chouchane, a indiqu\u00e9 que le co\u00fbt du raccordement \u00e9lectrique avec l\u2019Italie, s\u2019\u00e9l\u00e8ve \u00e0 environ 582 millions d\u2019euros c\u00f4t\u00e9 tunisien, tandis que le co\u00fbt [&hellip;]<\/p>\n","protected":false},"author":4782,"featured_media":394200,"comment_status":"closed","ping_status":"closed","sticky":false,"template":"","format":"standard","meta":{"footnotes":""},"categories":[44],"tags":[13593,2660,12094,2608],"class_list":["post-394199","post","type-post","status-publish","format-standard","has-post-thumbnail","hentry","category-national","tag-interconnexion-electrique-2","tag-italie","tag-projet-elmed","tag-tunisie"],"yoast_head":"<!-- This site is optimized with the Yoast SEO Premium plugin v27.5 (Yoast SEO v27.5) - https:\/\/yoast.com\/product\/yoast-seo-premium-wordpress\/ -->\n<title>Elmed - Tunisie\u00a0: Un co\u00fbt de 582 millions d\u2019euros pour le raccordement \u00e9lectrique avec l\u2019Italie - webdo<\/title>\n<meta name=\"description\" content=\"Comprenez les enjeux du raccordement \u00e9lectrique Elmed - Tunisie, estim\u00e9 \u00e0 582 millions d&#039;euros pour une \u00e9nergie renouvelable partag\u00e9e.\" \/>\n<link rel=\"canonical\" href=\"https:\/\/www.webdo.tn\/fr\/actualite\/national\/elmed-tunisie-un-cout-de-582-millions-deuros-pour-le-raccordement-electrique-avec-litalie\/394199\/\" \/>\n<meta property=\"og:locale\" content=\"fr_FR\" \/>\n<meta property=\"og:type\" content=\"article\" \/>\n<meta property=\"og:title\" content=\"Elmed - Tunisie\u00a0: Un co\u00fbt de 582 millions d\u2019euros pour le raccordement \u00e9lectrique avec l\u2019Italie\" \/>\n<meta property=\"og:description\" content=\"Comprenez les enjeux du raccordement \u00e9lectrique Elmed - Tunisie, estim\u00e9 \u00e0 582 millions d&#039;euros pour une \u00e9nergie renouvelable partag\u00e9e.\" \/>\n<meta property=\"og:url\" content=\"https:\/\/www.webdo.tn\/fr\/actualite\/national\/elmed-tunisie-un-cout-de-582-millions-deuros-pour-le-raccordement-electrique-avec-litalie\/394199\/\" \/>\n<meta property=\"og:site_name\" content=\"webdo\" \/>\n<meta property=\"article:publisher\" content=\"https:\/\/www.facebook.com\/webdotn\" \/>\n<meta property=\"article:published_time\" content=\"2026-03-06T12:29:39+00:00\" \/>\n<meta property=\"article:modified_time\" content=\"2026-03-07T08:13:16+00:00\" \/>\n<meta property=\"og:image\" content=\"https:\/\/www.webdo.tn\/fr\/wp-content\/uploads\/2026\/03\/Elmed.jpg\" \/>\n\t<meta property=\"og:image:width\" content=\"1200\" \/>\n\t<meta property=\"og:image:height\" content=\"600\" \/>\n\t<meta property=\"og:image:type\" content=\"image\/jpeg\" \/>\n<meta name=\"author\" content=\"Mohamed Fethi\" \/>\n<meta name=\"twitter:card\" content=\"summary_large_image\" \/>\n<meta name=\"twitter:creator\" content=\"@webdo_tn\" \/>\n<meta name=\"twitter:site\" content=\"@webdo_tn\" \/>\n<meta name=\"twitter:label1\" content=\"\u00c9crit par\" \/>\n\t<meta name=\"twitter:data1\" content=\"Mohamed Fethi\" \/>\n\t<meta name=\"twitter:label2\" content=\"Dur\u00e9e de lecture estim\u00e9e\" \/>\n\t<meta name=\"twitter:data2\" content=\"3 minutes\" \/>\n<script type=\"application\/ld+json\" class=\"yoast-schema-graph\">{\"@context\":\"https:\\\/\\\/schema.org\",\"@graph\":[{\"@type\":\"NewsArticle\",\"@id\":\"https:\\\/\\\/www.webdo.tn\\\/fr\\\/actualite\\\/national\\\/elmed-tunisie-un-cout-de-582-millions-deuros-pour-le-raccordement-electrique-avec-litalie\\\/394199\\\/#article\",\"isPartOf\":{\"@id\":\"https:\\\/\\\/www.webdo.tn\\\/fr\\\/actualite\\\/national\\\/elmed-tunisie-un-cout-de-582-millions-deuros-pour-le-raccordement-electrique-avec-litalie\\\/394199\\\/\"},\"author\":{\"name\":\"Mohamed Fethi\",\"@id\":\"https:\\\/\\\/www.webdo.tn\\\/fr\\\/#\\\/schema\\\/person\\\/16a4857e77dfc0b610c4c2cadffc9ac4\"},\"headline\":\"Elmed &#8211; Tunisie\u00a0: Un co\u00fbt de 582 millions d\u2019euros pour le raccordement \u00e9lectrique avec l\u2019Italie\",\"datePublished\":\"2026-03-06T12:29:39+00:00\",\"dateModified\":\"2026-03-07T08:13:16+00:00\",\"mainEntityOfPage\":{\"@id\":\"https:\\\/\\\/www.webdo.tn\\\/fr\\\/actualite\\\/national\\\/elmed-tunisie-un-cout-de-582-millions-deuros-pour-le-raccordement-electrique-avec-litalie\\\/394199\\\/\"},\"wordCount\":517,\"publisher\":{\"@id\":\"https:\\\/\\\/www.webdo.tn\\\/fr\\\/#organization\"},\"image\":{\"@id\":\"https:\\\/\\\/www.webdo.tn\\\/fr\\\/actualite\\\/national\\\/elmed-tunisie-un-cout-de-582-millions-deuros-pour-le-raccordement-electrique-avec-litalie\\\/394199\\\/#primaryimage\"},\"thumbnailUrl\":\"https:\\\/\\\/www.webdo.tn\\\/fr\\\/wp-content\\\/uploads\\\/2026\\\/03\\\/Elmed.jpg\",\"keywords\":[\"interconnexion \u00e9lectrique\",\"Italie\",\"projet Elmed\",\"Tunisie\"],\"articleSection\":[\"National\"],\"inLanguage\":\"fr-FR\"},{\"@type\":\"WebPage\",\"@id\":\"https:\\\/\\\/www.webdo.tn\\\/fr\\\/actualite\\\/national\\\/elmed-tunisie-un-cout-de-582-millions-deuros-pour-le-raccordement-electrique-avec-litalie\\\/394199\\\/\",\"url\":\"https:\\\/\\\/www.webdo.tn\\\/fr\\\/actualite\\\/national\\\/elmed-tunisie-un-cout-de-582-millions-deuros-pour-le-raccordement-electrique-avec-litalie\\\/394199\\\/\",\"name\":\"Elmed - Tunisie\u00a0: Un co\u00fbt de 582 millions d\u2019euros pour le raccordement \u00e9lectrique avec l\u2019Italie - webdo\",\"isPartOf\":{\"@id\":\"https:\\\/\\\/www.webdo.tn\\\/fr\\\/#website\"},\"primaryImageOfPage\":{\"@id\":\"https:\\\/\\\/www.webdo.tn\\\/fr\\\/actualite\\\/national\\\/elmed-tunisie-un-cout-de-582-millions-deuros-pour-le-raccordement-electrique-avec-litalie\\\/394199\\\/#primaryimage\"},\"image\":{\"@id\":\"https:\\\/\\\/www.webdo.tn\\\/fr\\\/actualite\\\/national\\\/elmed-tunisie-un-cout-de-582-millions-deuros-pour-le-raccordement-electrique-avec-litalie\\\/394199\\\/#primaryimage\"},\"thumbnailUrl\":\"https:\\\/\\\/www.webdo.tn\\\/fr\\\/wp-content\\\/uploads\\\/2026\\\/03\\\/Elmed.jpg\",\"datePublished\":\"2026-03-06T12:29:39+00:00\",\"dateModified\":\"2026-03-07T08:13:16+00:00\",\"description\":\"Comprenez les enjeux du raccordement \u00e9lectrique Elmed - Tunisie, estim\u00e9 \u00e0 582 millions d'euros pour une \u00e9nergie renouvelable partag\u00e9e.\",\"breadcrumb\":{\"@id\":\"https:\\\/\\\/www.webdo.tn\\\/fr\\\/actualite\\\/national\\\/elmed-tunisie-un-cout-de-582-millions-deuros-pour-le-raccordement-electrique-avec-litalie\\\/394199\\\/#breadcrumb\"},\"inLanguage\":\"fr-FR\",\"potentialAction\":[{\"@type\":\"ReadAction\",\"target\":[\"https:\\\/\\\/www.webdo.tn\\\/fr\\\/actualite\\\/national\\\/elmed-tunisie-un-cout-de-582-millions-deuros-pour-le-raccordement-electrique-avec-litalie\\\/394199\\\/\"]}]},{\"@type\":\"ImageObject\",\"inLanguage\":\"fr-FR\",\"@id\":\"https:\\\/\\\/www.webdo.tn\\\/fr\\\/actualite\\\/national\\\/elmed-tunisie-un-cout-de-582-millions-deuros-pour-le-raccordement-electrique-avec-litalie\\\/394199\\\/#primaryimage\",\"url\":\"https:\\\/\\\/www.webdo.tn\\\/fr\\\/wp-content\\\/uploads\\\/2026\\\/03\\\/Elmed.jpg\",\"contentUrl\":\"https:\\\/\\\/www.webdo.tn\\\/fr\\\/wp-content\\\/uploads\\\/2026\\\/03\\\/Elmed.jpg\",\"width\":1200,\"height\":600,\"caption\":\"Elmed - Tunisie\u00a0: Un co\u00fbt de 582 millions d\u2019euros pour le raccordement \u00e9lectrique avec l\u2019Italie\"},{\"@type\":\"BreadcrumbList\",\"@id\":\"https:\\\/\\\/www.webdo.tn\\\/fr\\\/actualite\\\/national\\\/elmed-tunisie-un-cout-de-582-millions-deuros-pour-le-raccordement-electrique-avec-litalie\\\/394199\\\/#breadcrumb\",\"itemListElement\":[{\"@type\":\"ListItem\",\"position\":1,\"name\":\"Accueil\",\"item\":\"https:\\\/\\\/www.webdo.tn\\\/fr\\\/\"},{\"@type\":\"ListItem\",\"position\":2,\"name\":\"Elmed &#8211; Tunisie\u00a0: Un co\u00fbt de 582 millions d\u2019euros pour le raccordement \u00e9lectrique avec l\u2019Italie\"}]},{\"@type\":\"WebSite\",\"@id\":\"https:\\\/\\\/www.webdo.tn\\\/fr\\\/#website\",\"url\":\"https:\\\/\\\/www.webdo.tn\\\/fr\\\/\",\"name\":\"webdo\",\"description\":\"Tunisie - News en Tunisie et \u00e0 l&#039;international sur Webdo.tn\",\"publisher\":{\"@id\":\"https:\\\/\\\/www.webdo.tn\\\/fr\\\/#organization\"},\"potentialAction\":[{\"@type\":\"SearchAction\",\"target\":{\"@type\":\"EntryPoint\",\"urlTemplate\":\"https:\\\/\\\/www.webdo.tn\\\/fr\\\/?s={search_term_string}\"},\"query-input\":{\"@type\":\"PropertyValueSpecification\",\"valueRequired\":true,\"valueName\":\"search_term_string\"}}],\"inLanguage\":\"fr-FR\"},{\"@type\":\"Organization\",\"@id\":\"https:\\\/\\\/www.webdo.tn\\\/fr\\\/#organization\",\"name\":\"Webdo\",\"alternateName\":\"Webdo.tn\",\"url\":\"https:\\\/\\\/www.webdo.tn\\\/fr\\\/\",\"logo\":{\"@type\":\"ImageObject\",\"inLanguage\":\"fr-FR\",\"@id\":\"https:\\\/\\\/www.webdo.tn\\\/fr\\\/#\\\/schema\\\/logo\\\/image\\\/\",\"url\":\"https:\\\/\\\/www.webdo.tn\\\/fr\\\/wp-content\\\/uploads\\\/2025\\\/06\\\/Webdo-Tunisie_168377.jpg\",\"contentUrl\":\"https:\\\/\\\/www.webdo.tn\\\/fr\\\/wp-content\\\/uploads\\\/2025\\\/06\\\/Webdo-Tunisie_168377.jpg\",\"width\":301,\"height\":301,\"caption\":\"Webdo\"},\"image\":{\"@id\":\"https:\\\/\\\/www.webdo.tn\\\/fr\\\/#\\\/schema\\\/logo\\\/image\\\/\"},\"sameAs\":[\"https:\\\/\\\/www.facebook.com\\\/webdotn\",\"https:\\\/\\\/x.com\\\/webdo_tn\"],\"description\":\"Webdo est un m\u00e9dia num\u00e9rique tunisien fond\u00e9 en 2010, sp\u00e9cialis\u00e9 dans l\u2019actualit\u00e9 nationale et internationale, l\u2019\u00e9conomie, la soci\u00e9t\u00e9 et les analyses politiques. Le site s\u2019adresse \u00e0 un large public francophone et couvre l\u2019information tunisienne en temps r\u00e9el.\",\"email\":\"redac@webdo.tn\",\"legalName\":\"YNJ SARL\",\"foundingDate\":\"2010-09-06\",\"numberOfEmployees\":{\"@type\":\"QuantitativeValue\",\"minValue\":\"11\",\"maxValue\":\"50\"}},{\"@type\":\"Person\",\"@id\":\"https:\\\/\\\/www.webdo.tn\\\/fr\\\/#\\\/schema\\\/person\\\/16a4857e77dfc0b610c4c2cadffc9ac4\",\"name\":\"Mohamed Fethi\",\"image\":{\"@type\":\"ImageObject\",\"inLanguage\":\"fr-FR\",\"@id\":\"https:\\\/\\\/www.webdo.tn\\\/fr\\\/wp-content\\\/uploads\\\/2026\\\/04\\\/mohamed-fethi_avatar_1-96x96.jpg\",\"url\":\"https:\\\/\\\/www.webdo.tn\\\/fr\\\/wp-content\\\/uploads\\\/2026\\\/04\\\/mohamed-fethi_avatar_1-96x96.jpg\",\"contentUrl\":\"https:\\\/\\\/www.webdo.tn\\\/fr\\\/wp-content\\\/uploads\\\/2026\\\/04\\\/mohamed-fethi_avatar_1-96x96.jpg\",\"caption\":\"Mohamed Fethi\"},\"description\":\"Signature \u00e9ditoriale de Maher Chaabane Mohamed Fethi est le pseudonyme \u00e9ditorial de Maher Chaabane, r\u00e9dacteur en chef de Webdo.tn depuis 2012. Cette signature est d\u00e9di\u00e9e au traitement intensif de l'actualit\u00e9 nationale et internationale en temps r\u00e9el. S'appuyant sur les deux d\u00e9cennies d'expertise journalistique de Maher Chaabane \u2014 d\u00e9but\u00e9e au sein du groupe Tunis Hebdo en 2000 \u2014 Mohamed Fethi assure une veille rigoureuse sur les enjeux politiques, \u00e9conomiques et sportifs. Sa mission est de garantir une information structur\u00e9e, fluide et fid\u00e8le aux standards de la r\u00e9daction. Pour consulter le parcours complet du r\u00e9dacteur en chef, visitez le profil officiel de Maher Chaabane.\",\"knowsAbout\":[\"actualit\u00e9\",\"journalisme\",\"information\",\"politique\",\"sport\",\"m\u00e9dias\",\"actualit\u00e9 internationale\"],\"knowsLanguage\":[\"Fran\u00e7ais\",\"Arabe\"],\"jobTitle\":\"Journaliste \u2013 R\u00e9daction Webdo\",\"worksFor\":\"Webdo.tn\",\"url\":\"https:\\\/\\\/www.webdo.tn\\\/fr\\\/actualite\\\/author\\\/mohamed-fethi\\\/\"}]}<\/script>\n<!-- \/ Yoast SEO Premium plugin. -->","yoast_head_json":{"title":"Elmed - Tunisie\u00a0: Un co\u00fbt de 582 millions d\u2019euros pour le raccordement \u00e9lectrique avec l\u2019Italie - webdo","description":"Comprenez les enjeux du raccordement \u00e9lectrique Elmed - Tunisie, estim\u00e9 \u00e0 582 millions d'euros pour une \u00e9nergie renouvelable partag\u00e9e.","canonical":"https:\/\/www.webdo.tn\/fr\/actualite\/national\/elmed-tunisie-un-cout-de-582-millions-deuros-pour-le-raccordement-electrique-avec-litalie\/394199\/","og_locale":"fr_FR","og_type":"article","og_title":"Elmed - Tunisie\u00a0: Un co\u00fbt de 582 millions d\u2019euros pour le raccordement \u00e9lectrique avec l\u2019Italie","og_description":"Comprenez les enjeux du raccordement \u00e9lectrique Elmed - Tunisie, estim\u00e9 \u00e0 582 millions d'euros pour une \u00e9nergie renouvelable partag\u00e9e.","og_url":"https:\/\/www.webdo.tn\/fr\/actualite\/national\/elmed-tunisie-un-cout-de-582-millions-deuros-pour-le-raccordement-electrique-avec-litalie\/394199\/","og_site_name":"webdo","article_publisher":"https:\/\/www.facebook.com\/webdotn","article_published_time":"2026-03-06T12:29:39+00:00","article_modified_time":"2026-03-07T08:13:16+00:00","og_image":[{"width":1200,"height":600,"url":"https:\/\/www.webdo.tn\/fr\/wp-content\/uploads\/2026\/03\/Elmed.jpg","type":"image\/jpeg"}],"author":"Mohamed Fethi","twitter_card":"summary_large_image","twitter_creator":"@webdo_tn","twitter_site":"@webdo_tn","twitter_misc":{"\u00c9crit par":"Mohamed Fethi","Dur\u00e9e de lecture estim\u00e9e":"3 minutes"},"schema":{"@context":"https:\/\/schema.org","@graph":[{"@type":"NewsArticle","@id":"https:\/\/www.webdo.tn\/fr\/actualite\/national\/elmed-tunisie-un-cout-de-582-millions-deuros-pour-le-raccordement-electrique-avec-litalie\/394199\/#article","isPartOf":{"@id":"https:\/\/www.webdo.tn\/fr\/actualite\/national\/elmed-tunisie-un-cout-de-582-millions-deuros-pour-le-raccordement-electrique-avec-litalie\/394199\/"},"author":{"name":"Mohamed Fethi","@id":"https:\/\/www.webdo.tn\/fr\/#\/schema\/person\/16a4857e77dfc0b610c4c2cadffc9ac4"},"headline":"Elmed &#8211; Tunisie\u00a0: Un co\u00fbt de 582 millions d\u2019euros pour le raccordement \u00e9lectrique avec l\u2019Italie","datePublished":"2026-03-06T12:29:39+00:00","dateModified":"2026-03-07T08:13:16+00:00","mainEntityOfPage":{"@id":"https:\/\/www.webdo.tn\/fr\/actualite\/national\/elmed-tunisie-un-cout-de-582-millions-deuros-pour-le-raccordement-electrique-avec-litalie\/394199\/"},"wordCount":517,"publisher":{"@id":"https:\/\/www.webdo.tn\/fr\/#organization"},"image":{"@id":"https:\/\/www.webdo.tn\/fr\/actualite\/national\/elmed-tunisie-un-cout-de-582-millions-deuros-pour-le-raccordement-electrique-avec-litalie\/394199\/#primaryimage"},"thumbnailUrl":"https:\/\/www.webdo.tn\/fr\/wp-content\/uploads\/2026\/03\/Elmed.jpg","keywords":["interconnexion \u00e9lectrique","Italie","projet Elmed","Tunisie"],"articleSection":["National"],"inLanguage":"fr-FR"},{"@type":"WebPage","@id":"https:\/\/www.webdo.tn\/fr\/actualite\/national\/elmed-tunisie-un-cout-de-582-millions-deuros-pour-le-raccordement-electrique-avec-litalie\/394199\/","url":"https:\/\/www.webdo.tn\/fr\/actualite\/national\/elmed-tunisie-un-cout-de-582-millions-deuros-pour-le-raccordement-electrique-avec-litalie\/394199\/","name":"Elmed - Tunisie\u00a0: Un co\u00fbt de 582 millions d\u2019euros pour le raccordement \u00e9lectrique avec l\u2019Italie - webdo","isPartOf":{"@id":"https:\/\/www.webdo.tn\/fr\/#website"},"primaryImageOfPage":{"@id":"https:\/\/www.webdo.tn\/fr\/actualite\/national\/elmed-tunisie-un-cout-de-582-millions-deuros-pour-le-raccordement-electrique-avec-litalie\/394199\/#primaryimage"},"image":{"@id":"https:\/\/www.webdo.tn\/fr\/actualite\/national\/elmed-tunisie-un-cout-de-582-millions-deuros-pour-le-raccordement-electrique-avec-litalie\/394199\/#primaryimage"},"thumbnailUrl":"https:\/\/www.webdo.tn\/fr\/wp-content\/uploads\/2026\/03\/Elmed.jpg","datePublished":"2026-03-06T12:29:39+00:00","dateModified":"2026-03-07T08:13:16+00:00","description":"Comprenez les enjeux du raccordement \u00e9lectrique Elmed - Tunisie, estim\u00e9 \u00e0 582 millions d'euros pour une \u00e9nergie renouvelable partag\u00e9e.","breadcrumb":{"@id":"https:\/\/www.webdo.tn\/fr\/actualite\/national\/elmed-tunisie-un-cout-de-582-millions-deuros-pour-le-raccordement-electrique-avec-litalie\/394199\/#breadcrumb"},"inLanguage":"fr-FR","potentialAction":[{"@type":"ReadAction","target":["https:\/\/www.webdo.tn\/fr\/actualite\/national\/elmed-tunisie-un-cout-de-582-millions-deuros-pour-le-raccordement-electrique-avec-litalie\/394199\/"]}]},{"@type":"ImageObject","inLanguage":"fr-FR","@id":"https:\/\/www.webdo.tn\/fr\/actualite\/national\/elmed-tunisie-un-cout-de-582-millions-deuros-pour-le-raccordement-electrique-avec-litalie\/394199\/#primaryimage","url":"https:\/\/www.webdo.tn\/fr\/wp-content\/uploads\/2026\/03\/Elmed.jpg","contentUrl":"https:\/\/www.webdo.tn\/fr\/wp-content\/uploads\/2026\/03\/Elmed.jpg","width":1200,"height":600,"caption":"Elmed - Tunisie\u00a0: Un co\u00fbt de 582 millions d\u2019euros pour le raccordement \u00e9lectrique avec l\u2019Italie"},{"@type":"BreadcrumbList","@id":"https:\/\/www.webdo.tn\/fr\/actualite\/national\/elmed-tunisie-un-cout-de-582-millions-deuros-pour-le-raccordement-electrique-avec-litalie\/394199\/#breadcrumb","itemListElement":[{"@type":"ListItem","position":1,"name":"Accueil","item":"https:\/\/www.webdo.tn\/fr\/"},{"@type":"ListItem","position":2,"name":"Elmed &#8211; Tunisie\u00a0: Un co\u00fbt de 582 millions d\u2019euros pour le raccordement \u00e9lectrique avec l\u2019Italie"}]},{"@type":"WebSite","@id":"https:\/\/www.webdo.tn\/fr\/#website","url":"https:\/\/www.webdo.tn\/fr\/","name":"webdo","description":"Tunisie - News en Tunisie et \u00e0 l&#039;international sur Webdo.tn","publisher":{"@id":"https:\/\/www.webdo.tn\/fr\/#organization"},"potentialAction":[{"@type":"SearchAction","target":{"@type":"EntryPoint","urlTemplate":"https:\/\/www.webdo.tn\/fr\/?s={search_term_string}"},"query-input":{"@type":"PropertyValueSpecification","valueRequired":true,"valueName":"search_term_string"}}],"inLanguage":"fr-FR"},{"@type":"Organization","@id":"https:\/\/www.webdo.tn\/fr\/#organization","name":"Webdo","alternateName":"Webdo.tn","url":"https:\/\/www.webdo.tn\/fr\/","logo":{"@type":"ImageObject","inLanguage":"fr-FR","@id":"https:\/\/www.webdo.tn\/fr\/#\/schema\/logo\/image\/","url":"https:\/\/www.webdo.tn\/fr\/wp-content\/uploads\/2025\/06\/Webdo-Tunisie_168377.jpg","contentUrl":"https:\/\/www.webdo.tn\/fr\/wp-content\/uploads\/2025\/06\/Webdo-Tunisie_168377.jpg","width":301,"height":301,"caption":"Webdo"},"image":{"@id":"https:\/\/www.webdo.tn\/fr\/#\/schema\/logo\/image\/"},"sameAs":["https:\/\/www.facebook.com\/webdotn","https:\/\/x.com\/webdo_tn"],"description":"Webdo est un m\u00e9dia num\u00e9rique tunisien fond\u00e9 en 2010, sp\u00e9cialis\u00e9 dans l\u2019actualit\u00e9 nationale et internationale, l\u2019\u00e9conomie, la soci\u00e9t\u00e9 et les analyses politiques. Le site s\u2019adresse \u00e0 un large public francophone et couvre l\u2019information tunisienne en temps r\u00e9el.","email":"redac@webdo.tn","legalName":"YNJ SARL","foundingDate":"2010-09-06","numberOfEmployees":{"@type":"QuantitativeValue","minValue":"11","maxValue":"50"}},{"@type":"Person","@id":"https:\/\/www.webdo.tn\/fr\/#\/schema\/person\/16a4857e77dfc0b610c4c2cadffc9ac4","name":"Mohamed Fethi","image":{"@type":"ImageObject","inLanguage":"fr-FR","@id":"https:\/\/www.webdo.tn\/fr\/wp-content\/uploads\/2026\/04\/mohamed-fethi_avatar_1-96x96.jpg","url":"https:\/\/www.webdo.tn\/fr\/wp-content\/uploads\/2026\/04\/mohamed-fethi_avatar_1-96x96.jpg","contentUrl":"https:\/\/www.webdo.tn\/fr\/wp-content\/uploads\/2026\/04\/mohamed-fethi_avatar_1-96x96.jpg","caption":"Mohamed Fethi"},"description":"Signature \u00e9ditoriale de Maher Chaabane Mohamed Fethi est le pseudonyme \u00e9ditorial de Maher Chaabane, r\u00e9dacteur en chef de Webdo.tn depuis 2012. Cette signature est d\u00e9di\u00e9e au traitement intensif de l'actualit\u00e9 nationale et internationale en temps r\u00e9el. S'appuyant sur les deux d\u00e9cennies d'expertise journalistique de Maher Chaabane \u2014 d\u00e9but\u00e9e au sein du groupe Tunis Hebdo en 2000 \u2014 Mohamed Fethi assure une veille rigoureuse sur les enjeux politiques, \u00e9conomiques et sportifs. Sa mission est de garantir une information structur\u00e9e, fluide et fid\u00e8le aux standards de la r\u00e9daction. Pour consulter le parcours complet du r\u00e9dacteur en chef, visitez le profil officiel de Maher Chaabane.","knowsAbout":["actualit\u00e9","journalisme","information","politique","sport","m\u00e9dias","actualit\u00e9 internationale"],"knowsLanguage":["Fran\u00e7ais","Arabe"],"jobTitle":"Journaliste \u2013 R\u00e9daction Webdo","worksFor":"Webdo.tn","url":"https:\/\/www.webdo.tn\/fr\/actualite\/author\/mohamed-fethi\/"}]}},"_links":{"self":[{"href":"https:\/\/www.webdo.tn\/fr\/wp-json\/wp\/v2\/posts\/394199","targetHints":{"allow":["GET"]}}],"collection":[{"href":"https:\/\/www.webdo.tn\/fr\/wp-json\/wp\/v2\/posts"}],"about":[{"href":"https:\/\/www.webdo.tn\/fr\/wp-json\/wp\/v2\/types\/post"}],"author":[{"embeddable":true,"href":"https:\/\/www.webdo.tn\/fr\/wp-json\/wp\/v2\/users\/4782"}],"replies":[{"embeddable":true,"href":"https:\/\/www.webdo.tn\/fr\/wp-json\/wp\/v2\/comments?post=394199"}],"version-history":[{"count":0,"href":"https:\/\/www.webdo.tn\/fr\/wp-json\/wp\/v2\/posts\/394199\/revisions"}],"wp:featuredmedia":[{"embeddable":true,"href":"https:\/\/www.webdo.tn\/fr\/wp-json\/wp\/v2\/media\/394200"}],"wp:attachment":[{"href":"https:\/\/www.webdo.tn\/fr\/wp-json\/wp\/v2\/media?parent=394199"}],"wp:term":[{"taxonomy":"category","embeddable":true,"href":"https:\/\/www.webdo.tn\/fr\/wp-json\/wp\/v2\/categories?post=394199"},{"taxonomy":"post_tag","embeddable":true,"href":"https:\/\/www.webdo.tn\/fr\/wp-json\/wp\/v2\/tags?post=394199"}],"curies":[{"name":"wp","href":"https:\/\/api.w.org\/{rel}","templated":true}]}}