{"id":394196,"date":"2026-03-06T12:47:57","date_gmt":"2026-03-06T11:47:57","guid":{"rendered":"https:\/\/www.webdo.tn\/fr\/?p=394196"},"modified":"2026-03-06T12:48:00","modified_gmt":"2026-03-06T11:48:00","slug":"ben-guerdane-inaugure-un-mini-theatre-en-plein-air-dedie-a-la-jeunesse","status":"publish","type":"post","link":"https:\/\/www.webdo.tn\/fr\/actualite\/culture\/ben-guerdane-inaugure-un-mini-theatre-en-plein-air-dedie-a-la-jeunesse\/394196\/","title":{"rendered":"Ben Guerdane inaugure un mini-th\u00e9\u00e2tre en plein air d\u00e9di\u00e9 \u00e0 la jeunesse"},"content":{"rendered":"\n<p><strong>Un nouvel espace culturel vient d\u2019\u00eatre inaugur\u00e9 \u00e0 Ben Guerdane : le mini-th\u00e9\u00e2tre en plein air \u00ab 7 Mars \u00bb, d\u2019une capacit\u00e9 de 500 places, con\u00e7u pour dynamiser la sc\u00e8ne artistique locale et offrir une tribune d\u2019expression \u00e0 la jeunesse.<\/strong><\/p>\n\n\n\n<h2 class=\"wp-block-heading\" id=\"h-un-projet-participatif\">Un projet participatif<\/h2>\n\n\n\n<p>Ce th\u00e9\u00e2tre est le fruit du projet collaboratif \u00ab Fe3il.a \u00bb, associant la municipalit\u00e9, le Forum des jeunes et divers acteurs locaux. Il accueillera des repr\u00e9sentations th\u00e9\u00e2trales, concerts, projections et autres manifestations culturelles, tout en permettant aux jeunes de d\u00e9velopper leurs talents et de lancer des initiatives artistiques innovantes.<\/p>\n\n\n\n<p>Le lieu a \u00e9t\u00e9 pens\u00e9 dans une logique d\u2019inclusion, avec des installations adapt\u00e9es aux personnes \u00e0 mobilit\u00e9 r\u00e9duite et des espaces techniques professionnels (coulisses, loges, zones de pr\u00e9paration) pour accompagner les artistes dans les meilleures conditions.<\/p>\n\n\n\n<h2 class=\"wp-block-heading\" id=\"h-une-initiative-soutenue-par-des-partenaires-nationaux-et-internationaux\">Une initiative soutenue par des partenaires nationaux et internationaux<\/h2>\n\n\n\n<p>L\u2019inauguration s\u2019est d\u00e9roul\u00e9e en pr\u00e9sence des autorit\u00e9s locales, du Centre international pour le d\u00e9veloppement local et la bonne gouvernance (CILG-VNG International), ainsi que de membres de la soci\u00e9t\u00e9 civile. <\/p>\n\n\n\n<blockquote class=\"wp-block-quote is-layout-flow wp-block-quote-is-layout-flow\">\n<blockquote class=\"wp-block-quote is-layout-flow wp-block-quote-is-layout-flow\">\n<ul class=\"wp-block-list\">\n<li class=\"has-medium-font-size\"><strong>Lire aussi : <\/strong><a href=\"https:\/\/www.webdo.tn\/fr\/actualite\/chroniques\/tunisie-snapshot-megots-et-incivilites-a-l-amphitheatre-d-el-djem\/219457\/\">Tunisie \u2013 Snapshot : M\u00e9gots et incivilit\u00e9s \u00e0 l\u2019amphith\u00e9\u00e2tre d\u2019El Djem<\/a><\/li>\n<\/ul>\n<\/blockquote>\n<\/blockquote>\n\n\n\n<p>Le projet \u00ab Fe3il.a \u00bb est mis en \u0153uvre en partenariat avec le minist\u00e8re de la Jeunesse et des Sports, financ\u00e9 par l\u2019Union europ\u00e9enne dans le cadre du programme EU4Youth, avec le soutien du Royaume des Pays-Bas.<\/p>\n\n\n\n<p>Ce mini-th\u00e9\u00e2tre constitue un symbole concret de l\u2019implication des jeunes dans le d\u00e9veloppement territorial et la promotion de la culture dans la r\u00e9gion de Ben Guerdane.<\/p>\n\n\n\n<blockquote class=\"wp-block-quote is-layout-flow wp-block-quote-is-layout-flow\">\n<blockquote class=\"wp-block-quote is-layout-flow wp-block-quote-is-layout-flow\">\n<ul class=\"wp-block-list\">\n<li><strong>Lire aussi :<\/strong> <a href=\"https:\/\/www.webdo.tn\/fr\/actualite\/chroniques\/snapshot-quand-le-theatre-municipal-posait-ses-conditions\/214702\/\">Snapshot : Quand le Th\u00e9\u00e2tre municipal posait ses conditions<\/a><\/li>\n<\/ul>\n<\/blockquote>\n<\/blockquote>\n","protected":false},"excerpt":{"rendered":"<p>Un nouvel espace culturel vient d\u2019\u00eatre inaugur\u00e9 \u00e0 Ben Guerdane : le mini-th\u00e9\u00e2tre en plein air \u00ab 7 Mars \u00bb, d\u2019une capacit\u00e9 de 500 places, con\u00e7u pour dynamiser la sc\u00e8ne artistique locale et offrir une tribune d\u2019expression \u00e0 la jeunesse. Un projet participatif Ce th\u00e9\u00e2tre est le fruit du projet collaboratif \u00ab Fe3il.a \u00bb, associant [&hellip;]<\/p>\n","protected":false},"author":4782,"featured_media":394197,"comment_status":"closed","ping_status":"closed","sticky":false,"template":"","format":"standard","meta":{"footnotes":""},"categories":[2594],"tags":[3748,2831,2608],"class_list":["post-394196","post","type-post","status-publish","format-standard","has-post-thumbnail","hentry","category-culture","tag-ben-guerdane","tag-theatre","tag-tunisie"],"yoast_head":"<!-- This site is optimized with the Yoast SEO Premium plugin v27.5 (Yoast SEO v27.5) - https:\/\/yoast.com\/product\/yoast-seo-premium-wordpress\/ -->\n<title>Ben Guerdane inaugure un mini-th\u00e9\u00e2tre en plein air d\u00e9di\u00e9 \u00e0 la jeunesse - webdo<\/title>\n<meta name=\"description\" content=\"D\u00e9couvrez le mini-th\u00e9\u00e2tre en plein air \u00e0 Ben Guerdane, d\u00e9di\u00e9 \u00e0 la jeunesse et aux talents locaux. Un nouvel espace culturel.\" \/>\n<link rel=\"canonical\" href=\"https:\/\/www.webdo.tn\/fr\/actualite\/culture\/ben-guerdane-inaugure-un-mini-theatre-en-plein-air-dedie-a-la-jeunesse\/394196\/\" \/>\n<meta property=\"og:locale\" content=\"fr_FR\" \/>\n<meta property=\"og:type\" content=\"article\" \/>\n<meta property=\"og:title\" content=\"Ben Guerdane inaugure un mini-th\u00e9\u00e2tre en plein air d\u00e9di\u00e9 \u00e0 la jeunesse\" \/>\n<meta property=\"og:description\" content=\"D\u00e9couvrez le mini-th\u00e9\u00e2tre en plein air \u00e0 Ben Guerdane, d\u00e9di\u00e9 \u00e0 la jeunesse et aux talents locaux. Un nouvel espace culturel.\" \/>\n<meta property=\"og:url\" content=\"https:\/\/www.webdo.tn\/fr\/actualite\/culture\/ben-guerdane-inaugure-un-mini-theatre-en-plein-air-dedie-a-la-jeunesse\/394196\/\" \/>\n<meta property=\"og:site_name\" content=\"webdo\" \/>\n<meta property=\"article:publisher\" content=\"https:\/\/www.facebook.com\/webdotn\" \/>\n<meta property=\"article:published_time\" content=\"2026-03-06T11:47:57+00:00\" \/>\n<meta property=\"article:modified_time\" content=\"2026-03-06T11:48:00+00:00\" \/>\n<meta property=\"og:image\" content=\"https:\/\/www.webdo.tn\/fr\/wp-content\/uploads\/2026\/03\/theatre-ben-guerdane.jpg\" \/>\n\t<meta property=\"og:image:width\" content=\"1201\" \/>\n\t<meta property=\"og:image:height\" content=\"600\" \/>\n\t<meta property=\"og:image:type\" content=\"image\/jpeg\" \/>\n<meta name=\"author\" content=\"Mohamed Fethi\" \/>\n<meta name=\"twitter:card\" content=\"summary_large_image\" \/>\n<meta name=\"twitter:creator\" content=\"@webdo_tn\" \/>\n<meta name=\"twitter:site\" content=\"@webdo_tn\" \/>\n<meta name=\"twitter:label1\" content=\"\u00c9crit par\" \/>\n\t<meta name=\"twitter:data1\" content=\"Mohamed Fethi\" \/>\n\t<meta name=\"twitter:label2\" content=\"Dur\u00e9e de lecture estim\u00e9e\" \/>\n\t<meta name=\"twitter:data2\" content=\"2 minutes\" \/>\n<script type=\"application\/ld+json\" class=\"yoast-schema-graph\">{\"@context\":\"https:\\\/\\\/schema.org\",\"@graph\":[{\"@type\":\"NewsArticle\",\"@id\":\"https:\\\/\\\/www.webdo.tn\\\/fr\\\/actualite\\\/culture\\\/ben-guerdane-inaugure-un-mini-theatre-en-plein-air-dedie-a-la-jeunesse\\\/394196\\\/#article\",\"isPartOf\":{\"@id\":\"https:\\\/\\\/www.webdo.tn\\\/fr\\\/actualite\\\/culture\\\/ben-guerdane-inaugure-un-mini-theatre-en-plein-air-dedie-a-la-jeunesse\\\/394196\\\/\"},\"author\":{\"name\":\"Mohamed Fethi\",\"@id\":\"https:\\\/\\\/www.webdo.tn\\\/fr\\\/#\\\/schema\\\/person\\\/16a4857e77dfc0b610c4c2cadffc9ac4\"},\"headline\":\"Ben Guerdane inaugure un mini-th\u00e9\u00e2tre en plein air d\u00e9di\u00e9 \u00e0 la jeunesse\",\"datePublished\":\"2026-03-06T11:47:57+00:00\",\"dateModified\":\"2026-03-06T11:48:00+00:00\",\"mainEntityOfPage\":{\"@id\":\"https:\\\/\\\/www.webdo.tn\\\/fr\\\/actualite\\\/culture\\\/ben-guerdane-inaugure-un-mini-theatre-en-plein-air-dedie-a-la-jeunesse\\\/394196\\\/\"},\"wordCount\":290,\"publisher\":{\"@id\":\"https:\\\/\\\/www.webdo.tn\\\/fr\\\/#organization\"},\"image\":{\"@id\":\"https:\\\/\\\/www.webdo.tn\\\/fr\\\/actualite\\\/culture\\\/ben-guerdane-inaugure-un-mini-theatre-en-plein-air-dedie-a-la-jeunesse\\\/394196\\\/#primaryimage\"},\"thumbnailUrl\":\"https:\\\/\\\/www.webdo.tn\\\/fr\\\/wp-content\\\/uploads\\\/2026\\\/03\\\/theatre-ben-guerdane.jpg\",\"keywords\":[\"Ben Guerdane\",\"th\u00e9\u00e2tre\",\"Tunisie\"],\"articleSection\":[\"Culture\"],\"inLanguage\":\"fr-FR\"},{\"@type\":\"WebPage\",\"@id\":\"https:\\\/\\\/www.webdo.tn\\\/fr\\\/actualite\\\/culture\\\/ben-guerdane-inaugure-un-mini-theatre-en-plein-air-dedie-a-la-jeunesse\\\/394196\\\/\",\"url\":\"https:\\\/\\\/www.webdo.tn\\\/fr\\\/actualite\\\/culture\\\/ben-guerdane-inaugure-un-mini-theatre-en-plein-air-dedie-a-la-jeunesse\\\/394196\\\/\",\"name\":\"Ben Guerdane inaugure un mini-th\u00e9\u00e2tre en plein air d\u00e9di\u00e9 \u00e0 la jeunesse - webdo\",\"isPartOf\":{\"@id\":\"https:\\\/\\\/www.webdo.tn\\\/fr\\\/#website\"},\"primaryImageOfPage\":{\"@id\":\"https:\\\/\\\/www.webdo.tn\\\/fr\\\/actualite\\\/culture\\\/ben-guerdane-inaugure-un-mini-theatre-en-plein-air-dedie-a-la-jeunesse\\\/394196\\\/#primaryimage\"},\"image\":{\"@id\":\"https:\\\/\\\/www.webdo.tn\\\/fr\\\/actualite\\\/culture\\\/ben-guerdane-inaugure-un-mini-theatre-en-plein-air-dedie-a-la-jeunesse\\\/394196\\\/#primaryimage\"},\"thumbnailUrl\":\"https:\\\/\\\/www.webdo.tn\\\/fr\\\/wp-content\\\/uploads\\\/2026\\\/03\\\/theatre-ben-guerdane.jpg\",\"datePublished\":\"2026-03-06T11:47:57+00:00\",\"dateModified\":\"2026-03-06T11:48:00+00:00\",\"description\":\"D\u00e9couvrez le mini-th\u00e9\u00e2tre en plein air \u00e0 Ben Guerdane, d\u00e9di\u00e9 \u00e0 la jeunesse et aux talents locaux. Un nouvel espace culturel.\",\"breadcrumb\":{\"@id\":\"https:\\\/\\\/www.webdo.tn\\\/fr\\\/actualite\\\/culture\\\/ben-guerdane-inaugure-un-mini-theatre-en-plein-air-dedie-a-la-jeunesse\\\/394196\\\/#breadcrumb\"},\"inLanguage\":\"fr-FR\",\"potentialAction\":[{\"@type\":\"ReadAction\",\"target\":[\"https:\\\/\\\/www.webdo.tn\\\/fr\\\/actualite\\\/culture\\\/ben-guerdane-inaugure-un-mini-theatre-en-plein-air-dedie-a-la-jeunesse\\\/394196\\\/\"]}]},{\"@type\":\"ImageObject\",\"inLanguage\":\"fr-FR\",\"@id\":\"https:\\\/\\\/www.webdo.tn\\\/fr\\\/actualite\\\/culture\\\/ben-guerdane-inaugure-un-mini-theatre-en-plein-air-dedie-a-la-jeunesse\\\/394196\\\/#primaryimage\",\"url\":\"https:\\\/\\\/www.webdo.tn\\\/fr\\\/wp-content\\\/uploads\\\/2026\\\/03\\\/theatre-ben-guerdane.jpg\",\"contentUrl\":\"https:\\\/\\\/www.webdo.tn\\\/fr\\\/wp-content\\\/uploads\\\/2026\\\/03\\\/theatre-ben-guerdane.jpg\",\"width\":1201,\"height\":600,\"caption\":\"Ben Guerdane inaugure un mini-th\u00e9\u00e2tre en plein air d\u00e9di\u00e9 \u00e0 la jeunesse\"},{\"@type\":\"BreadcrumbList\",\"@id\":\"https:\\\/\\\/www.webdo.tn\\\/fr\\\/actualite\\\/culture\\\/ben-guerdane-inaugure-un-mini-theatre-en-plein-air-dedie-a-la-jeunesse\\\/394196\\\/#breadcrumb\",\"itemListElement\":[{\"@type\":\"ListItem\",\"position\":1,\"name\":\"Accueil\",\"item\":\"https:\\\/\\\/www.webdo.tn\\\/fr\\\/\"},{\"@type\":\"ListItem\",\"position\":2,\"name\":\"Ben Guerdane inaugure un mini-th\u00e9\u00e2tre en plein air d\u00e9di\u00e9 \u00e0 la jeunesse\"}]},{\"@type\":\"WebSite\",\"@id\":\"https:\\\/\\\/www.webdo.tn\\\/fr\\\/#website\",\"url\":\"https:\\\/\\\/www.webdo.tn\\\/fr\\\/\",\"name\":\"webdo\",\"description\":\"Tunisie - News en Tunisie et \u00e0 l&#039;international sur Webdo.tn\",\"publisher\":{\"@id\":\"https:\\\/\\\/www.webdo.tn\\\/fr\\\/#organization\"},\"potentialAction\":[{\"@type\":\"SearchAction\",\"target\":{\"@type\":\"EntryPoint\",\"urlTemplate\":\"https:\\\/\\\/www.webdo.tn\\\/fr\\\/?s={search_term_string}\"},\"query-input\":{\"@type\":\"PropertyValueSpecification\",\"valueRequired\":true,\"valueName\":\"search_term_string\"}}],\"inLanguage\":\"fr-FR\"},{\"@type\":\"Organization\",\"@id\":\"https:\\\/\\\/www.webdo.tn\\\/fr\\\/#organization\",\"name\":\"Webdo\",\"alternateName\":\"Webdo.tn\",\"url\":\"https:\\\/\\\/www.webdo.tn\\\/fr\\\/\",\"logo\":{\"@type\":\"ImageObject\",\"inLanguage\":\"fr-FR\",\"@id\":\"https:\\\/\\\/www.webdo.tn\\\/fr\\\/#\\\/schema\\\/logo\\\/image\\\/\",\"url\":\"https:\\\/\\\/www.webdo.tn\\\/fr\\\/wp-content\\\/uploads\\\/2025\\\/06\\\/Webdo-Tunisie_168377.jpg\",\"contentUrl\":\"https:\\\/\\\/www.webdo.tn\\\/fr\\\/wp-content\\\/uploads\\\/2025\\\/06\\\/Webdo-Tunisie_168377.jpg\",\"width\":301,\"height\":301,\"caption\":\"Webdo\"},\"image\":{\"@id\":\"https:\\\/\\\/www.webdo.tn\\\/fr\\\/#\\\/schema\\\/logo\\\/image\\\/\"},\"sameAs\":[\"https:\\\/\\\/www.facebook.com\\\/webdotn\",\"https:\\\/\\\/x.com\\\/webdo_tn\"],\"description\":\"Webdo est un m\u00e9dia num\u00e9rique tunisien fond\u00e9 en 2010, sp\u00e9cialis\u00e9 dans l\u2019actualit\u00e9 nationale et internationale, l\u2019\u00e9conomie, la soci\u00e9t\u00e9 et les analyses politiques. Le site s\u2019adresse \u00e0 un large public francophone et couvre l\u2019information tunisienne en temps r\u00e9el.\",\"email\":\"redac@webdo.tn\",\"legalName\":\"YNJ SARL\",\"foundingDate\":\"2010-09-06\",\"numberOfEmployees\":{\"@type\":\"QuantitativeValue\",\"minValue\":\"11\",\"maxValue\":\"50\"}},{\"@type\":\"Person\",\"@id\":\"https:\\\/\\\/www.webdo.tn\\\/fr\\\/#\\\/schema\\\/person\\\/16a4857e77dfc0b610c4c2cadffc9ac4\",\"name\":\"Mohamed Fethi\",\"image\":{\"@type\":\"ImageObject\",\"inLanguage\":\"fr-FR\",\"@id\":\"https:\\\/\\\/www.webdo.tn\\\/fr\\\/wp-content\\\/uploads\\\/2026\\\/04\\\/mohamed-fethi_avatar_1-96x96.jpg\",\"url\":\"https:\\\/\\\/www.webdo.tn\\\/fr\\\/wp-content\\\/uploads\\\/2026\\\/04\\\/mohamed-fethi_avatar_1-96x96.jpg\",\"contentUrl\":\"https:\\\/\\\/www.webdo.tn\\\/fr\\\/wp-content\\\/uploads\\\/2026\\\/04\\\/mohamed-fethi_avatar_1-96x96.jpg\",\"caption\":\"Mohamed Fethi\"},\"description\":\"Signature \u00e9ditoriale de Maher Chaabane Mohamed Fethi est le pseudonyme \u00e9ditorial de Maher Chaabane, r\u00e9dacteur en chef de Webdo.tn depuis 2012. Cette signature est d\u00e9di\u00e9e au traitement intensif de l'actualit\u00e9 nationale et internationale en temps r\u00e9el. S'appuyant sur les deux d\u00e9cennies d'expertise journalistique de Maher Chaabane \u2014 d\u00e9but\u00e9e au sein du groupe Tunis Hebdo en 2000 \u2014 Mohamed Fethi assure une veille rigoureuse sur les enjeux politiques, \u00e9conomiques et sportifs. Sa mission est de garantir une information structur\u00e9e, fluide et fid\u00e8le aux standards de la r\u00e9daction. Pour consulter le parcours complet du r\u00e9dacteur en chef, visitez le profil officiel de Maher Chaabane.\",\"knowsAbout\":[\"actualit\u00e9\",\"journalisme\",\"information\",\"politique\",\"sport\",\"m\u00e9dias\",\"actualit\u00e9 internationale\"],\"knowsLanguage\":[\"Fran\u00e7ais\",\"Arabe\"],\"jobTitle\":\"Journaliste \u2013 R\u00e9daction Webdo\",\"worksFor\":\"Webdo.tn\",\"url\":\"https:\\\/\\\/www.webdo.tn\\\/fr\\\/actualite\\\/author\\\/mohamed-fethi\\\/\"}]}<\/script>\n<!-- \/ Yoast SEO Premium plugin. -->","yoast_head_json":{"title":"Ben Guerdane inaugure un mini-th\u00e9\u00e2tre en plein air d\u00e9di\u00e9 \u00e0 la jeunesse - webdo","description":"D\u00e9couvrez le mini-th\u00e9\u00e2tre en plein air \u00e0 Ben Guerdane, d\u00e9di\u00e9 \u00e0 la jeunesse et aux talents locaux. Un nouvel espace culturel.","canonical":"https:\/\/www.webdo.tn\/fr\/actualite\/culture\/ben-guerdane-inaugure-un-mini-theatre-en-plein-air-dedie-a-la-jeunesse\/394196\/","og_locale":"fr_FR","og_type":"article","og_title":"Ben Guerdane inaugure un mini-th\u00e9\u00e2tre en plein air d\u00e9di\u00e9 \u00e0 la jeunesse","og_description":"D\u00e9couvrez le mini-th\u00e9\u00e2tre en plein air \u00e0 Ben Guerdane, d\u00e9di\u00e9 \u00e0 la jeunesse et aux talents locaux. Un nouvel espace culturel.","og_url":"https:\/\/www.webdo.tn\/fr\/actualite\/culture\/ben-guerdane-inaugure-un-mini-theatre-en-plein-air-dedie-a-la-jeunesse\/394196\/","og_site_name":"webdo","article_publisher":"https:\/\/www.facebook.com\/webdotn","article_published_time":"2026-03-06T11:47:57+00:00","article_modified_time":"2026-03-06T11:48:00+00:00","og_image":[{"width":1201,"height":600,"url":"https:\/\/www.webdo.tn\/fr\/wp-content\/uploads\/2026\/03\/theatre-ben-guerdane.jpg","type":"image\/jpeg"}],"author":"Mohamed Fethi","twitter_card":"summary_large_image","twitter_creator":"@webdo_tn","twitter_site":"@webdo_tn","twitter_misc":{"\u00c9crit par":"Mohamed Fethi","Dur\u00e9e de lecture estim\u00e9e":"2 minutes"},"schema":{"@context":"https:\/\/schema.org","@graph":[{"@type":"NewsArticle","@id":"https:\/\/www.webdo.tn\/fr\/actualite\/culture\/ben-guerdane-inaugure-un-mini-theatre-en-plein-air-dedie-a-la-jeunesse\/394196\/#article","isPartOf":{"@id":"https:\/\/www.webdo.tn\/fr\/actualite\/culture\/ben-guerdane-inaugure-un-mini-theatre-en-plein-air-dedie-a-la-jeunesse\/394196\/"},"author":{"name":"Mohamed Fethi","@id":"https:\/\/www.webdo.tn\/fr\/#\/schema\/person\/16a4857e77dfc0b610c4c2cadffc9ac4"},"headline":"Ben Guerdane inaugure un mini-th\u00e9\u00e2tre en plein air d\u00e9di\u00e9 \u00e0 la jeunesse","datePublished":"2026-03-06T11:47:57+00:00","dateModified":"2026-03-06T11:48:00+00:00","mainEntityOfPage":{"@id":"https:\/\/www.webdo.tn\/fr\/actualite\/culture\/ben-guerdane-inaugure-un-mini-theatre-en-plein-air-dedie-a-la-jeunesse\/394196\/"},"wordCount":290,"publisher":{"@id":"https:\/\/www.webdo.tn\/fr\/#organization"},"image":{"@id":"https:\/\/www.webdo.tn\/fr\/actualite\/culture\/ben-guerdane-inaugure-un-mini-theatre-en-plein-air-dedie-a-la-jeunesse\/394196\/#primaryimage"},"thumbnailUrl":"https:\/\/www.webdo.tn\/fr\/wp-content\/uploads\/2026\/03\/theatre-ben-guerdane.jpg","keywords":["Ben Guerdane","th\u00e9\u00e2tre","Tunisie"],"articleSection":["Culture"],"inLanguage":"fr-FR"},{"@type":"WebPage","@id":"https:\/\/www.webdo.tn\/fr\/actualite\/culture\/ben-guerdane-inaugure-un-mini-theatre-en-plein-air-dedie-a-la-jeunesse\/394196\/","url":"https:\/\/www.webdo.tn\/fr\/actualite\/culture\/ben-guerdane-inaugure-un-mini-theatre-en-plein-air-dedie-a-la-jeunesse\/394196\/","name":"Ben Guerdane inaugure un mini-th\u00e9\u00e2tre en plein air d\u00e9di\u00e9 \u00e0 la jeunesse - webdo","isPartOf":{"@id":"https:\/\/www.webdo.tn\/fr\/#website"},"primaryImageOfPage":{"@id":"https:\/\/www.webdo.tn\/fr\/actualite\/culture\/ben-guerdane-inaugure-un-mini-theatre-en-plein-air-dedie-a-la-jeunesse\/394196\/#primaryimage"},"image":{"@id":"https:\/\/www.webdo.tn\/fr\/actualite\/culture\/ben-guerdane-inaugure-un-mini-theatre-en-plein-air-dedie-a-la-jeunesse\/394196\/#primaryimage"},"thumbnailUrl":"https:\/\/www.webdo.tn\/fr\/wp-content\/uploads\/2026\/03\/theatre-ben-guerdane.jpg","datePublished":"2026-03-06T11:47:57+00:00","dateModified":"2026-03-06T11:48:00+00:00","description":"D\u00e9couvrez le mini-th\u00e9\u00e2tre en plein air \u00e0 Ben Guerdane, d\u00e9di\u00e9 \u00e0 la jeunesse et aux talents locaux. Un nouvel espace culturel.","breadcrumb":{"@id":"https:\/\/www.webdo.tn\/fr\/actualite\/culture\/ben-guerdane-inaugure-un-mini-theatre-en-plein-air-dedie-a-la-jeunesse\/394196\/#breadcrumb"},"inLanguage":"fr-FR","potentialAction":[{"@type":"ReadAction","target":["https:\/\/www.webdo.tn\/fr\/actualite\/culture\/ben-guerdane-inaugure-un-mini-theatre-en-plein-air-dedie-a-la-jeunesse\/394196\/"]}]},{"@type":"ImageObject","inLanguage":"fr-FR","@id":"https:\/\/www.webdo.tn\/fr\/actualite\/culture\/ben-guerdane-inaugure-un-mini-theatre-en-plein-air-dedie-a-la-jeunesse\/394196\/#primaryimage","url":"https:\/\/www.webdo.tn\/fr\/wp-content\/uploads\/2026\/03\/theatre-ben-guerdane.jpg","contentUrl":"https:\/\/www.webdo.tn\/fr\/wp-content\/uploads\/2026\/03\/theatre-ben-guerdane.jpg","width":1201,"height":600,"caption":"Ben Guerdane inaugure un mini-th\u00e9\u00e2tre en plein air d\u00e9di\u00e9 \u00e0 la jeunesse"},{"@type":"BreadcrumbList","@id":"https:\/\/www.webdo.tn\/fr\/actualite\/culture\/ben-guerdane-inaugure-un-mini-theatre-en-plein-air-dedie-a-la-jeunesse\/394196\/#breadcrumb","itemListElement":[{"@type":"ListItem","position":1,"name":"Accueil","item":"https:\/\/www.webdo.tn\/fr\/"},{"@type":"ListItem","position":2,"name":"Ben Guerdane inaugure un mini-th\u00e9\u00e2tre en plein air d\u00e9di\u00e9 \u00e0 la jeunesse"}]},{"@type":"WebSite","@id":"https:\/\/www.webdo.tn\/fr\/#website","url":"https:\/\/www.webdo.tn\/fr\/","name":"webdo","description":"Tunisie - News en Tunisie et \u00e0 l&#039;international sur Webdo.tn","publisher":{"@id":"https:\/\/www.webdo.tn\/fr\/#organization"},"potentialAction":[{"@type":"SearchAction","target":{"@type":"EntryPoint","urlTemplate":"https:\/\/www.webdo.tn\/fr\/?s={search_term_string}"},"query-input":{"@type":"PropertyValueSpecification","valueRequired":true,"valueName":"search_term_string"}}],"inLanguage":"fr-FR"},{"@type":"Organization","@id":"https:\/\/www.webdo.tn\/fr\/#organization","name":"Webdo","alternateName":"Webdo.tn","url":"https:\/\/www.webdo.tn\/fr\/","logo":{"@type":"ImageObject","inLanguage":"fr-FR","@id":"https:\/\/www.webdo.tn\/fr\/#\/schema\/logo\/image\/","url":"https:\/\/www.webdo.tn\/fr\/wp-content\/uploads\/2025\/06\/Webdo-Tunisie_168377.jpg","contentUrl":"https:\/\/www.webdo.tn\/fr\/wp-content\/uploads\/2025\/06\/Webdo-Tunisie_168377.jpg","width":301,"height":301,"caption":"Webdo"},"image":{"@id":"https:\/\/www.webdo.tn\/fr\/#\/schema\/logo\/image\/"},"sameAs":["https:\/\/www.facebook.com\/webdotn","https:\/\/x.com\/webdo_tn"],"description":"Webdo est un m\u00e9dia num\u00e9rique tunisien fond\u00e9 en 2010, sp\u00e9cialis\u00e9 dans l\u2019actualit\u00e9 nationale et internationale, l\u2019\u00e9conomie, la soci\u00e9t\u00e9 et les analyses politiques. Le site s\u2019adresse \u00e0 un large public francophone et couvre l\u2019information tunisienne en temps r\u00e9el.","email":"redac@webdo.tn","legalName":"YNJ SARL","foundingDate":"2010-09-06","numberOfEmployees":{"@type":"QuantitativeValue","minValue":"11","maxValue":"50"}},{"@type":"Person","@id":"https:\/\/www.webdo.tn\/fr\/#\/schema\/person\/16a4857e77dfc0b610c4c2cadffc9ac4","name":"Mohamed Fethi","image":{"@type":"ImageObject","inLanguage":"fr-FR","@id":"https:\/\/www.webdo.tn\/fr\/wp-content\/uploads\/2026\/04\/mohamed-fethi_avatar_1-96x96.jpg","url":"https:\/\/www.webdo.tn\/fr\/wp-content\/uploads\/2026\/04\/mohamed-fethi_avatar_1-96x96.jpg","contentUrl":"https:\/\/www.webdo.tn\/fr\/wp-content\/uploads\/2026\/04\/mohamed-fethi_avatar_1-96x96.jpg","caption":"Mohamed Fethi"},"description":"Signature \u00e9ditoriale de Maher Chaabane Mohamed Fethi est le pseudonyme \u00e9ditorial de Maher Chaabane, r\u00e9dacteur en chef de Webdo.tn depuis 2012. Cette signature est d\u00e9di\u00e9e au traitement intensif de l'actualit\u00e9 nationale et internationale en temps r\u00e9el. S'appuyant sur les deux d\u00e9cennies d'expertise journalistique de Maher Chaabane \u2014 d\u00e9but\u00e9e au sein du groupe Tunis Hebdo en 2000 \u2014 Mohamed Fethi assure une veille rigoureuse sur les enjeux politiques, \u00e9conomiques et sportifs. Sa mission est de garantir une information structur\u00e9e, fluide et fid\u00e8le aux standards de la r\u00e9daction. Pour consulter le parcours complet du r\u00e9dacteur en chef, visitez le profil officiel de Maher Chaabane.","knowsAbout":["actualit\u00e9","journalisme","information","politique","sport","m\u00e9dias","actualit\u00e9 internationale"],"knowsLanguage":["Fran\u00e7ais","Arabe"],"jobTitle":"Journaliste \u2013 R\u00e9daction Webdo","worksFor":"Webdo.tn","url":"https:\/\/www.webdo.tn\/fr\/actualite\/author\/mohamed-fethi\/"}]}},"_links":{"self":[{"href":"https:\/\/www.webdo.tn\/fr\/wp-json\/wp\/v2\/posts\/394196","targetHints":{"allow":["GET"]}}],"collection":[{"href":"https:\/\/www.webdo.tn\/fr\/wp-json\/wp\/v2\/posts"}],"about":[{"href":"https:\/\/www.webdo.tn\/fr\/wp-json\/wp\/v2\/types\/post"}],"author":[{"embeddable":true,"href":"https:\/\/www.webdo.tn\/fr\/wp-json\/wp\/v2\/users\/4782"}],"replies":[{"embeddable":true,"href":"https:\/\/www.webdo.tn\/fr\/wp-json\/wp\/v2\/comments?post=394196"}],"version-history":[{"count":0,"href":"https:\/\/www.webdo.tn\/fr\/wp-json\/wp\/v2\/posts\/394196\/revisions"}],"wp:featuredmedia":[{"embeddable":true,"href":"https:\/\/www.webdo.tn\/fr\/wp-json\/wp\/v2\/media\/394197"}],"wp:attachment":[{"href":"https:\/\/www.webdo.tn\/fr\/wp-json\/wp\/v2\/media?parent=394196"}],"wp:term":[{"taxonomy":"category","embeddable":true,"href":"https:\/\/www.webdo.tn\/fr\/wp-json\/wp\/v2\/categories?post=394196"},{"taxonomy":"post_tag","embeddable":true,"href":"https:\/\/www.webdo.tn\/fr\/wp-json\/wp\/v2\/tags?post=394196"}],"curies":[{"name":"wp","href":"https:\/\/api.w.org\/{rel}","templated":true}]}}