{"id":394189,"date":"2026-03-06T11:34:07","date_gmt":"2026-03-06T10:34:07","guid":{"rendered":"https:\/\/www.webdo.tn\/fr\/?p=394189"},"modified":"2026-03-06T11:34:10","modified_gmt":"2026-03-06T10:34:10","slug":"orange-fab-tunisie-lance-sa-8%e1%b5%89-cohorte-100-ia-pour-accelerer-les-start-up-innovantes","status":"publish","type":"post","link":"https:\/\/www.webdo.tn\/fr\/actualite\/tech\/orange-fab-tunisie-lance-sa-8%e1%b5%89-cohorte-100-ia-pour-accelerer-les-start-up-innovantes\/394189\/","title":{"rendered":"Orange Fab Tunisie lance sa 8\u1d49 cohorte 100% IA pour acc\u00e9l\u00e9rer les start-up innovantes"},"content":{"rendered":"\n<p><strong>Orange Fab Tunisie, l\u2019acc\u00e9l\u00e9rateur corporate d\u2019Orange Tunisie, ouvre sa 8\u1d49 cohorte avec une \u00e9dition enti\u00e8rement d\u00e9di\u00e9e \u00e0 l\u2019intelligence artificielle. Depuis son lancement en avril 2019, le programme a accompagn\u00e9 40 start-up \u00e0 travers 7 saisons, avec un taux de survie impressionnant de 90%, confirmant l\u2019efficacit\u00e9 de son mod\u00e8le d\u2019accompagnement.<\/strong><\/p>\n\n\n\n<h2 class=\"wp-block-heading\" id=\"h-cinq-start-up-selectionnees-pour-une-acceleration-ia\">Cinq start-up s\u00e9lectionn\u00e9es pour une acc\u00e9l\u00e9ration IA<\/h2>\n\n\n\n<p>Pour cette nouvelle cohorte, cinq start-up ont \u00e9t\u00e9 retenues apr\u00e8s un processus de s\u00e9lection rigoureux incluant un appel \u00e0 candidatures et des entretiens 360\u00b0. Ces entreprises rejoignent le programme pour b\u00e9n\u00e9ficier de partenariats strat\u00e9giques, de mentoring personnalis\u00e9 et d\u2019un acc\u00e8s aux ressources d\u2019Orange Tunisie et du Groupe Orange.<\/p>\n\n\n\n<blockquote class=\"wp-block-quote is-layout-flow wp-block-quote-is-layout-flow\">\n<blockquote class=\"wp-block-quote is-layout-flow wp-block-quote-is-layout-flow\">\n<ul class=\"wp-block-list\">\n<li class=\"has-medium-font-size\"><strong>Lire aussi : <\/strong><a href=\"https:\/\/www.webdo.tn\/fr\/actualite\/national\/orange-tunisie-et-la-giz-remettent-les-diplomes-aux-futurs-experts-du-photovoltaique\/390210\/\">Orange Tunisie et la GIZ remettent les dipl\u00f4mes aux futurs experts du photovolta\u00efque<\/a><\/li>\n<\/ul>\n<\/blockquote>\n<\/blockquote>\n\n\n\n<p>Les start-up s\u00e9lectionn\u00e9es sont :<\/p>\n\n\n\n<ul class=\"wp-block-list\">\n<li>Thunder Code (DevTools IA) : automatisation intelligente des tests logiciels via agents IA.<\/li>\n\n\n\n<li>Be Bouncy (Exp\u00e9rience client \u2013 IA agentique) : gestion automatis\u00e9e des r\u00e9seaux sociaux et relation client.<\/li>\n\n\n\n<li>Otraverse (Creative Tech \u2013 IA) : plateformes e-commerce transform\u00e9es en exp\u00e9riences immersives 3D.<\/li>\n\n\n\n<li>AI Engine (IA \u2013 IA agentique) : moteur IA low\u2011code pour cr\u00e9er des assistants intelligents.<\/li>\n\n\n\n<li>Anavid (Computer Vision \u2013 IA) : analyse vid\u00e9o intelligente pour optimiser s\u00e9curit\u00e9 et exp\u00e9rience client.<\/li>\n<\/ul>\n\n\n\n<h2 class=\"wp-block-heading\" id=\"h-un-programme-riche-en-opportunites\">Un programme riche en opportunit\u00e9s<\/h2>\n\n\n\n<p>Les start-up profiteront de nombreux avantages :<\/p>\n\n\n\n<ul class=\"wp-block-list\">\n<li>Partenariats strat\u00e9giques avec Orange Tunisie et ses partenaires.<\/li>\n\n\n\n<li>Programme de mentoring personnalis\u00e9.<\/li>\n\n\n\n<li>Cr\u00e9dit cloud gratuit sur AWS.<\/li>\n\n\n\n<li>Visibilit\u00e9 lors d\u2019\u00e9v\u00e9nements nationaux et internationaux.<\/li>\n\n\n\n<li>Acc\u00e8s \u00e0 un espace de coworking d\u00e9di\u00e9 au sein d\u2019Orange Fab.<\/li>\n\n\n\n<li>Participation \u00e0 des \u00e9v\u00e9nements cl\u00e9s tels que speed\u2011dating B2B, investment pitch sessions et d\u00e9moday, en partenariat avec Orange Ventures, Digital Africa et Flat6Labs.<\/li>\n<\/ul>\n\n\n\n<h2 class=\"wp-block-heading\" id=\"h-une-trajectoire-de-succes-pour-l-ecosysteme-tunisien\">Une trajectoire de succ\u00e8s pour l\u2019\u00e9cosyst\u00e8me tunisien<\/h2>\n\n\n\n<p>Orange Fab Tunisie s\u2019inscrit pleinement dans l\u2019\u00e9cosyst\u00e8me de l\u2019Orange Digital Center \u00e0 Tunis, d\u00e9di\u00e9 \u00e0 la formation et \u00e0 l\u2019accompagnement des entrepreneurs. Le programme a d\u00e9j\u00e0 g\u00e9n\u00e9r\u00e9 un impact tangible : 77 contrats sign\u00e9s avec Orange et ses partenaires, et plus de 700 sessions de networking et pitchs investisseurs pour les start-up accompagn\u00e9es.<\/p>\n\n\n\n<blockquote class=\"wp-block-quote is-layout-flow wp-block-quote-is-layout-flow\">\n<blockquote class=\"wp-block-quote is-layout-flow wp-block-quote-is-layout-flow\">\n<ul class=\"wp-block-list\">\n<li class=\"has-medium-font-size\"><strong>Lire aussi :<\/strong> <a href=\"https:\/\/www.webdo.tn\/fr\/actualite\/national\/orange-fab-tunisie-ouvre-sa-8%e1%b5%89-saison-appel-a-candidatures-pour-les-start-up\/384006\/\">Orange Fab Tunisie ouvre sa 8\u1d49 saison : appel \u00e0 candidatures pour les start-up<\/a><\/li>\n<\/ul>\n<\/blockquote>\n<\/blockquote>\n\n\n\n<p>Cette 8\u1d49 cohorte marque une nouvelle \u00e9tape dans le soutien \u00e0 l\u2019innovation en Tunisie, en pla\u00e7ant l\u2019intelligence artificielle au c\u0153ur de la croissance des jeunes entreprises technologiques.<\/p>\n","protected":false},"excerpt":{"rendered":"<p>Orange Fab Tunisie, l\u2019acc\u00e9l\u00e9rateur corporate d\u2019Orange Tunisie, ouvre sa 8\u1d49 cohorte avec une \u00e9dition enti\u00e8rement d\u00e9di\u00e9e \u00e0 l\u2019intelligence artificielle. Depuis son lancement en avril 2019, le programme a accompagn\u00e9 40 start-up \u00e0 travers 7 saisons, avec un taux de survie impressionnant de 90%, confirmant l\u2019efficacit\u00e9 de son mod\u00e8le d\u2019accompagnement. Cinq start-up s\u00e9lectionn\u00e9es pour une acc\u00e9l\u00e9ration [&hellip;]<\/p>\n","protected":false},"author":4782,"featured_media":394190,"comment_status":"closed","ping_status":"closed","sticky":false,"template":"","format":"standard","meta":{"footnotes":""},"categories":[9070],"tags":[3097,4117,2608],"class_list":["post-394189","post","type-post","status-publish","format-standard","has-post-thumbnail","hentry","category-tech","tag-ia","tag-orange-fab-tunisie","tag-tunisie"],"yoast_head":"<!-- This site is optimized with the Yoast SEO Premium plugin v27.4 (Yoast SEO v27.5) - https:\/\/yoast.com\/product\/yoast-seo-premium-wordpress\/ -->\n<title>Orange Fab Tunisie lance sa 8\u1d49 cohorte 100% IA pour acc\u00e9l\u00e9rer les start-up innovantes - webdo<\/title>\n<meta name=\"description\" content=\"Participez \u00e0 la 8\u1d49 cohorte d&#039;Orange Fab Tunisie, un programme pour start-up ax\u00e9 sur l&#039;intelligence artificielle et le succ\u00e8s.\" \/>\n<link rel=\"canonical\" href=\"https:\/\/www.webdo.tn\/fr\/actualite\/tech\/orange-fab-tunisie-lance-sa-8\u1d49-cohorte-100-ia-pour-accelerer-les-start-up-innovantes\/394189\/\" \/>\n<meta property=\"og:locale\" content=\"fr_FR\" \/>\n<meta property=\"og:type\" content=\"article\" \/>\n<meta property=\"og:title\" content=\"Orange Fab Tunisie lance sa 8\u1d49 cohorte 100% IA pour acc\u00e9l\u00e9rer les start-up innovantes\" \/>\n<meta property=\"og:description\" content=\"Participez \u00e0 la 8\u1d49 cohorte d&#039;Orange Fab Tunisie, un programme pour start-up ax\u00e9 sur l&#039;intelligence artificielle et le succ\u00e8s.\" \/>\n<meta property=\"og:url\" content=\"https:\/\/www.webdo.tn\/fr\/actualite\/tech\/orange-fab-tunisie-lance-sa-8\u1d49-cohorte-100-ia-pour-accelerer-les-start-up-innovantes\/394189\/\" \/>\n<meta property=\"og:site_name\" content=\"webdo\" \/>\n<meta property=\"article:publisher\" content=\"https:\/\/www.facebook.com\/webdotn\" \/>\n<meta property=\"article:published_time\" content=\"2026-03-06T10:34:07+00:00\" \/>\n<meta property=\"article:modified_time\" content=\"2026-03-06T10:34:10+00:00\" \/>\n<meta property=\"og:image\" content=\"https:\/\/www.webdo.tn\/fr\/wp-content\/uploads\/2026\/03\/Fab-Orange.jpg\" \/>\n\t<meta property=\"og:image:width\" content=\"1201\" \/>\n\t<meta property=\"og:image:height\" content=\"600\" \/>\n\t<meta property=\"og:image:type\" content=\"image\/jpeg\" \/>\n<meta name=\"author\" content=\"Mohamed Fethi\" \/>\n<meta name=\"twitter:card\" content=\"summary_large_image\" \/>\n<meta name=\"twitter:creator\" content=\"@webdo_tn\" \/>\n<meta name=\"twitter:site\" content=\"@webdo_tn\" \/>\n<meta name=\"twitter:label1\" content=\"\u00c9crit par\" \/>\n\t<meta name=\"twitter:data1\" content=\"Mohamed Fethi\" \/>\n\t<meta name=\"twitter:label2\" content=\"Dur\u00e9e de lecture estim\u00e9e\" \/>\n\t<meta name=\"twitter:data2\" content=\"2 minutes\" \/>\n<script type=\"application\/ld+json\" class=\"yoast-schema-graph\">{\"@context\":\"https:\\\/\\\/schema.org\",\"@graph\":[{\"@type\":\"NewsArticle\",\"@id\":\"https:\\\/\\\/www.webdo.tn\\\/fr\\\/actualite\\\/tech\\\/orange-fab-tunisie-lance-sa-8%e1%b5%89-cohorte-100-ia-pour-accelerer-les-start-up-innovantes\\\/394189\\\/#article\",\"isPartOf\":{\"@id\":\"https:\\\/\\\/www.webdo.tn\\\/fr\\\/actualite\\\/tech\\\/orange-fab-tunisie-lance-sa-8%e1%b5%89-cohorte-100-ia-pour-accelerer-les-start-up-innovantes\\\/394189\\\/\"},\"author\":{\"name\":\"Mohamed Fethi\",\"@id\":\"https:\\\/\\\/www.webdo.tn\\\/fr\\\/#\\\/schema\\\/person\\\/16a4857e77dfc0b610c4c2cadffc9ac4\"},\"headline\":\"Orange Fab Tunisie lance sa 8\u1d49 cohorte 100% IA pour acc\u00e9l\u00e9rer les start-up innovantes\",\"datePublished\":\"2026-03-06T10:34:07+00:00\",\"dateModified\":\"2026-03-06T10:34:10+00:00\",\"mainEntityOfPage\":{\"@id\":\"https:\\\/\\\/www.webdo.tn\\\/fr\\\/actualite\\\/tech\\\/orange-fab-tunisie-lance-sa-8%e1%b5%89-cohorte-100-ia-pour-accelerer-les-start-up-innovantes\\\/394189\\\/\"},\"wordCount\":418,\"publisher\":{\"@id\":\"https:\\\/\\\/www.webdo.tn\\\/fr\\\/#organization\"},\"image\":{\"@id\":\"https:\\\/\\\/www.webdo.tn\\\/fr\\\/actualite\\\/tech\\\/orange-fab-tunisie-lance-sa-8%e1%b5%89-cohorte-100-ia-pour-accelerer-les-start-up-innovantes\\\/394189\\\/#primaryimage\"},\"thumbnailUrl\":\"https:\\\/\\\/www.webdo.tn\\\/fr\\\/wp-content\\\/uploads\\\/2026\\\/03\\\/Fab-Orange.jpg\",\"keywords\":[\"IA\",\"Orange Fab Tunisie\",\"Tunisie\"],\"articleSection\":[\"Tech\"],\"inLanguage\":\"fr-FR\"},{\"@type\":\"WebPage\",\"@id\":\"https:\\\/\\\/www.webdo.tn\\\/fr\\\/actualite\\\/tech\\\/orange-fab-tunisie-lance-sa-8%e1%b5%89-cohorte-100-ia-pour-accelerer-les-start-up-innovantes\\\/394189\\\/\",\"url\":\"https:\\\/\\\/www.webdo.tn\\\/fr\\\/actualite\\\/tech\\\/orange-fab-tunisie-lance-sa-8%e1%b5%89-cohorte-100-ia-pour-accelerer-les-start-up-innovantes\\\/394189\\\/\",\"name\":\"Orange Fab Tunisie lance sa 8\u1d49 cohorte 100% IA pour acc\u00e9l\u00e9rer les start-up innovantes - webdo\",\"isPartOf\":{\"@id\":\"https:\\\/\\\/www.webdo.tn\\\/fr\\\/#website\"},\"primaryImageOfPage\":{\"@id\":\"https:\\\/\\\/www.webdo.tn\\\/fr\\\/actualite\\\/tech\\\/orange-fab-tunisie-lance-sa-8%e1%b5%89-cohorte-100-ia-pour-accelerer-les-start-up-innovantes\\\/394189\\\/#primaryimage\"},\"image\":{\"@id\":\"https:\\\/\\\/www.webdo.tn\\\/fr\\\/actualite\\\/tech\\\/orange-fab-tunisie-lance-sa-8%e1%b5%89-cohorte-100-ia-pour-accelerer-les-start-up-innovantes\\\/394189\\\/#primaryimage\"},\"thumbnailUrl\":\"https:\\\/\\\/www.webdo.tn\\\/fr\\\/wp-content\\\/uploads\\\/2026\\\/03\\\/Fab-Orange.jpg\",\"datePublished\":\"2026-03-06T10:34:07+00:00\",\"dateModified\":\"2026-03-06T10:34:10+00:00\",\"description\":\"Participez \u00e0 la 8\u1d49 cohorte d'Orange Fab Tunisie, un programme pour start-up ax\u00e9 sur l'intelligence artificielle et le succ\u00e8s.\",\"breadcrumb\":{\"@id\":\"https:\\\/\\\/www.webdo.tn\\\/fr\\\/actualite\\\/tech\\\/orange-fab-tunisie-lance-sa-8%e1%b5%89-cohorte-100-ia-pour-accelerer-les-start-up-innovantes\\\/394189\\\/#breadcrumb\"},\"inLanguage\":\"fr-FR\",\"potentialAction\":[{\"@type\":\"ReadAction\",\"target\":[\"https:\\\/\\\/www.webdo.tn\\\/fr\\\/actualite\\\/tech\\\/orange-fab-tunisie-lance-sa-8%e1%b5%89-cohorte-100-ia-pour-accelerer-les-start-up-innovantes\\\/394189\\\/\"]}]},{\"@type\":\"ImageObject\",\"inLanguage\":\"fr-FR\",\"@id\":\"https:\\\/\\\/www.webdo.tn\\\/fr\\\/actualite\\\/tech\\\/orange-fab-tunisie-lance-sa-8%e1%b5%89-cohorte-100-ia-pour-accelerer-les-start-up-innovantes\\\/394189\\\/#primaryimage\",\"url\":\"https:\\\/\\\/www.webdo.tn\\\/fr\\\/wp-content\\\/uploads\\\/2026\\\/03\\\/Fab-Orange.jpg\",\"contentUrl\":\"https:\\\/\\\/www.webdo.tn\\\/fr\\\/wp-content\\\/uploads\\\/2026\\\/03\\\/Fab-Orange.jpg\",\"width\":1201,\"height\":600,\"caption\":\"Orange Fab Tunisie lance sa 8\u1d49 cohorte 100% IA pour acc\u00e9l\u00e9rer les start-up innovantes\"},{\"@type\":\"BreadcrumbList\",\"@id\":\"https:\\\/\\\/www.webdo.tn\\\/fr\\\/actualite\\\/tech\\\/orange-fab-tunisie-lance-sa-8%e1%b5%89-cohorte-100-ia-pour-accelerer-les-start-up-innovantes\\\/394189\\\/#breadcrumb\",\"itemListElement\":[{\"@type\":\"ListItem\",\"position\":1,\"name\":\"Accueil\",\"item\":\"https:\\\/\\\/www.webdo.tn\\\/fr\\\/\"},{\"@type\":\"ListItem\",\"position\":2,\"name\":\"Orange Fab Tunisie lance sa 8\u1d49 cohorte 100% IA pour acc\u00e9l\u00e9rer les start-up innovantes\"}]},{\"@type\":\"WebSite\",\"@id\":\"https:\\\/\\\/www.webdo.tn\\\/fr\\\/#website\",\"url\":\"https:\\\/\\\/www.webdo.tn\\\/fr\\\/\",\"name\":\"webdo\",\"description\":\"Tunisie - News en Tunisie et \u00e0 l&#039;international sur Webdo.tn\",\"publisher\":{\"@id\":\"https:\\\/\\\/www.webdo.tn\\\/fr\\\/#organization\"},\"potentialAction\":[{\"@type\":\"SearchAction\",\"target\":{\"@type\":\"EntryPoint\",\"urlTemplate\":\"https:\\\/\\\/www.webdo.tn\\\/fr\\\/?s={search_term_string}\"},\"query-input\":{\"@type\":\"PropertyValueSpecification\",\"valueRequired\":true,\"valueName\":\"search_term_string\"}}],\"inLanguage\":\"fr-FR\"},{\"@type\":\"Organization\",\"@id\":\"https:\\\/\\\/www.webdo.tn\\\/fr\\\/#organization\",\"name\":\"Webdo\",\"alternateName\":\"Webdo.tn\",\"url\":\"https:\\\/\\\/www.webdo.tn\\\/fr\\\/\",\"logo\":{\"@type\":\"ImageObject\",\"inLanguage\":\"fr-FR\",\"@id\":\"https:\\\/\\\/www.webdo.tn\\\/fr\\\/#\\\/schema\\\/logo\\\/image\\\/\",\"url\":\"https:\\\/\\\/www.webdo.tn\\\/fr\\\/wp-content\\\/uploads\\\/2025\\\/06\\\/Webdo-Tunisie_168377.jpg\",\"contentUrl\":\"https:\\\/\\\/www.webdo.tn\\\/fr\\\/wp-content\\\/uploads\\\/2025\\\/06\\\/Webdo-Tunisie_168377.jpg\",\"width\":301,\"height\":301,\"caption\":\"Webdo\"},\"image\":{\"@id\":\"https:\\\/\\\/www.webdo.tn\\\/fr\\\/#\\\/schema\\\/logo\\\/image\\\/\"},\"sameAs\":[\"https:\\\/\\\/www.facebook.com\\\/webdotn\",\"https:\\\/\\\/x.com\\\/webdo_tn\"],\"description\":\"Webdo est un m\u00e9dia num\u00e9rique tunisien fond\u00e9 en 2010, sp\u00e9cialis\u00e9 dans l\u2019actualit\u00e9 nationale et internationale, l\u2019\u00e9conomie, la soci\u00e9t\u00e9 et les analyses politiques. Le site s\u2019adresse \u00e0 un large public francophone et couvre l\u2019information tunisienne en temps r\u00e9el.\",\"email\":\"redac@webdo.tn\",\"legalName\":\"YNJ SARL\",\"foundingDate\":\"2010-09-06\",\"numberOfEmployees\":{\"@type\":\"QuantitativeValue\",\"minValue\":\"11\",\"maxValue\":\"50\"}},{\"@type\":\"Person\",\"@id\":\"https:\\\/\\\/www.webdo.tn\\\/fr\\\/#\\\/schema\\\/person\\\/16a4857e77dfc0b610c4c2cadffc9ac4\",\"name\":\"Mohamed Fethi\",\"image\":{\"@type\":\"ImageObject\",\"inLanguage\":\"fr-FR\",\"@id\":\"https:\\\/\\\/www.webdo.tn\\\/fr\\\/wp-content\\\/uploads\\\/2026\\\/04\\\/mohamed-fethi_avatar_1-96x96.jpg\",\"url\":\"https:\\\/\\\/www.webdo.tn\\\/fr\\\/wp-content\\\/uploads\\\/2026\\\/04\\\/mohamed-fethi_avatar_1-96x96.jpg\",\"contentUrl\":\"https:\\\/\\\/www.webdo.tn\\\/fr\\\/wp-content\\\/uploads\\\/2026\\\/04\\\/mohamed-fethi_avatar_1-96x96.jpg\",\"caption\":\"Mohamed Fethi\"},\"description\":\"Signature \u00e9ditoriale de Maher Chaabane Mohamed Fethi est le pseudonyme \u00e9ditorial de Maher Chaabane, r\u00e9dacteur en chef de Webdo.tn depuis 2012. Cette signature est d\u00e9di\u00e9e au traitement intensif de l'actualit\u00e9 nationale et internationale en temps r\u00e9el. S'appuyant sur les deux d\u00e9cennies d'expertise journalistique de Maher Chaabane \u2014 d\u00e9but\u00e9e au sein du groupe Tunis Hebdo en 2000 \u2014 Mohamed Fethi assure une veille rigoureuse sur les enjeux politiques, \u00e9conomiques et sportifs. Sa mission est de garantir une information structur\u00e9e, fluide et fid\u00e8le aux standards de la r\u00e9daction. Pour consulter le parcours complet du r\u00e9dacteur en chef, visitez le profil officiel de Maher Chaabane.\",\"knowsAbout\":[\"actualit\u00e9\",\"journalisme\",\"information\",\"politique\",\"sport\",\"m\u00e9dias\",\"actualit\u00e9 internationale\"],\"knowsLanguage\":[\"Fran\u00e7ais\",\"Arabe\"],\"jobTitle\":\"Journaliste \u2013 R\u00e9daction Webdo\",\"worksFor\":\"Webdo.tn\",\"url\":\"https:\\\/\\\/www.webdo.tn\\\/fr\\\/actualite\\\/author\\\/mohamed-fethi\\\/\"}]}<\/script>\n<!-- \/ Yoast SEO Premium plugin. -->","yoast_head_json":{"title":"Orange Fab Tunisie lance sa 8\u1d49 cohorte 100% IA pour acc\u00e9l\u00e9rer les start-up innovantes - webdo","description":"Participez \u00e0 la 8\u1d49 cohorte d'Orange Fab Tunisie, un programme pour start-up ax\u00e9 sur l'intelligence artificielle et le succ\u00e8s.","canonical":"https:\/\/www.webdo.tn\/fr\/actualite\/tech\/orange-fab-tunisie-lance-sa-8\u1d49-cohorte-100-ia-pour-accelerer-les-start-up-innovantes\/394189\/","og_locale":"fr_FR","og_type":"article","og_title":"Orange Fab Tunisie lance sa 8\u1d49 cohorte 100% IA pour acc\u00e9l\u00e9rer les start-up innovantes","og_description":"Participez \u00e0 la 8\u1d49 cohorte d'Orange Fab Tunisie, un programme pour start-up ax\u00e9 sur l'intelligence artificielle et le succ\u00e8s.","og_url":"https:\/\/www.webdo.tn\/fr\/actualite\/tech\/orange-fab-tunisie-lance-sa-8\u1d49-cohorte-100-ia-pour-accelerer-les-start-up-innovantes\/394189\/","og_site_name":"webdo","article_publisher":"https:\/\/www.facebook.com\/webdotn","article_published_time":"2026-03-06T10:34:07+00:00","article_modified_time":"2026-03-06T10:34:10+00:00","og_image":[{"width":1201,"height":600,"url":"https:\/\/www.webdo.tn\/fr\/wp-content\/uploads\/2026\/03\/Fab-Orange.jpg","type":"image\/jpeg"}],"author":"Mohamed Fethi","twitter_card":"summary_large_image","twitter_creator":"@webdo_tn","twitter_site":"@webdo_tn","twitter_misc":{"\u00c9crit par":"Mohamed Fethi","Dur\u00e9e de lecture estim\u00e9e":"2 minutes"},"schema":{"@context":"https:\/\/schema.org","@graph":[{"@type":"NewsArticle","@id":"https:\/\/www.webdo.tn\/fr\/actualite\/tech\/orange-fab-tunisie-lance-sa-8%e1%b5%89-cohorte-100-ia-pour-accelerer-les-start-up-innovantes\/394189\/#article","isPartOf":{"@id":"https:\/\/www.webdo.tn\/fr\/actualite\/tech\/orange-fab-tunisie-lance-sa-8%e1%b5%89-cohorte-100-ia-pour-accelerer-les-start-up-innovantes\/394189\/"},"author":{"name":"Mohamed Fethi","@id":"https:\/\/www.webdo.tn\/fr\/#\/schema\/person\/16a4857e77dfc0b610c4c2cadffc9ac4"},"headline":"Orange Fab Tunisie lance sa 8\u1d49 cohorte 100% IA pour acc\u00e9l\u00e9rer les start-up innovantes","datePublished":"2026-03-06T10:34:07+00:00","dateModified":"2026-03-06T10:34:10+00:00","mainEntityOfPage":{"@id":"https:\/\/www.webdo.tn\/fr\/actualite\/tech\/orange-fab-tunisie-lance-sa-8%e1%b5%89-cohorte-100-ia-pour-accelerer-les-start-up-innovantes\/394189\/"},"wordCount":418,"publisher":{"@id":"https:\/\/www.webdo.tn\/fr\/#organization"},"image":{"@id":"https:\/\/www.webdo.tn\/fr\/actualite\/tech\/orange-fab-tunisie-lance-sa-8%e1%b5%89-cohorte-100-ia-pour-accelerer-les-start-up-innovantes\/394189\/#primaryimage"},"thumbnailUrl":"https:\/\/www.webdo.tn\/fr\/wp-content\/uploads\/2026\/03\/Fab-Orange.jpg","keywords":["IA","Orange Fab Tunisie","Tunisie"],"articleSection":["Tech"],"inLanguage":"fr-FR"},{"@type":"WebPage","@id":"https:\/\/www.webdo.tn\/fr\/actualite\/tech\/orange-fab-tunisie-lance-sa-8%e1%b5%89-cohorte-100-ia-pour-accelerer-les-start-up-innovantes\/394189\/","url":"https:\/\/www.webdo.tn\/fr\/actualite\/tech\/orange-fab-tunisie-lance-sa-8%e1%b5%89-cohorte-100-ia-pour-accelerer-les-start-up-innovantes\/394189\/","name":"Orange Fab Tunisie lance sa 8\u1d49 cohorte 100% IA pour acc\u00e9l\u00e9rer les start-up innovantes - webdo","isPartOf":{"@id":"https:\/\/www.webdo.tn\/fr\/#website"},"primaryImageOfPage":{"@id":"https:\/\/www.webdo.tn\/fr\/actualite\/tech\/orange-fab-tunisie-lance-sa-8%e1%b5%89-cohorte-100-ia-pour-accelerer-les-start-up-innovantes\/394189\/#primaryimage"},"image":{"@id":"https:\/\/www.webdo.tn\/fr\/actualite\/tech\/orange-fab-tunisie-lance-sa-8%e1%b5%89-cohorte-100-ia-pour-accelerer-les-start-up-innovantes\/394189\/#primaryimage"},"thumbnailUrl":"https:\/\/www.webdo.tn\/fr\/wp-content\/uploads\/2026\/03\/Fab-Orange.jpg","datePublished":"2026-03-06T10:34:07+00:00","dateModified":"2026-03-06T10:34:10+00:00","description":"Participez \u00e0 la 8\u1d49 cohorte d'Orange Fab Tunisie, un programme pour start-up ax\u00e9 sur l'intelligence artificielle et le succ\u00e8s.","breadcrumb":{"@id":"https:\/\/www.webdo.tn\/fr\/actualite\/tech\/orange-fab-tunisie-lance-sa-8%e1%b5%89-cohorte-100-ia-pour-accelerer-les-start-up-innovantes\/394189\/#breadcrumb"},"inLanguage":"fr-FR","potentialAction":[{"@type":"ReadAction","target":["https:\/\/www.webdo.tn\/fr\/actualite\/tech\/orange-fab-tunisie-lance-sa-8%e1%b5%89-cohorte-100-ia-pour-accelerer-les-start-up-innovantes\/394189\/"]}]},{"@type":"ImageObject","inLanguage":"fr-FR","@id":"https:\/\/www.webdo.tn\/fr\/actualite\/tech\/orange-fab-tunisie-lance-sa-8%e1%b5%89-cohorte-100-ia-pour-accelerer-les-start-up-innovantes\/394189\/#primaryimage","url":"https:\/\/www.webdo.tn\/fr\/wp-content\/uploads\/2026\/03\/Fab-Orange.jpg","contentUrl":"https:\/\/www.webdo.tn\/fr\/wp-content\/uploads\/2026\/03\/Fab-Orange.jpg","width":1201,"height":600,"caption":"Orange Fab Tunisie lance sa 8\u1d49 cohorte 100% IA pour acc\u00e9l\u00e9rer les start-up innovantes"},{"@type":"BreadcrumbList","@id":"https:\/\/www.webdo.tn\/fr\/actualite\/tech\/orange-fab-tunisie-lance-sa-8%e1%b5%89-cohorte-100-ia-pour-accelerer-les-start-up-innovantes\/394189\/#breadcrumb","itemListElement":[{"@type":"ListItem","position":1,"name":"Accueil","item":"https:\/\/www.webdo.tn\/fr\/"},{"@type":"ListItem","position":2,"name":"Orange Fab Tunisie lance sa 8\u1d49 cohorte 100% IA pour acc\u00e9l\u00e9rer les start-up innovantes"}]},{"@type":"WebSite","@id":"https:\/\/www.webdo.tn\/fr\/#website","url":"https:\/\/www.webdo.tn\/fr\/","name":"webdo","description":"Tunisie - News en Tunisie et \u00e0 l&#039;international sur Webdo.tn","publisher":{"@id":"https:\/\/www.webdo.tn\/fr\/#organization"},"potentialAction":[{"@type":"SearchAction","target":{"@type":"EntryPoint","urlTemplate":"https:\/\/www.webdo.tn\/fr\/?s={search_term_string}"},"query-input":{"@type":"PropertyValueSpecification","valueRequired":true,"valueName":"search_term_string"}}],"inLanguage":"fr-FR"},{"@type":"Organization","@id":"https:\/\/www.webdo.tn\/fr\/#organization","name":"Webdo","alternateName":"Webdo.tn","url":"https:\/\/www.webdo.tn\/fr\/","logo":{"@type":"ImageObject","inLanguage":"fr-FR","@id":"https:\/\/www.webdo.tn\/fr\/#\/schema\/logo\/image\/","url":"https:\/\/www.webdo.tn\/fr\/wp-content\/uploads\/2025\/06\/Webdo-Tunisie_168377.jpg","contentUrl":"https:\/\/www.webdo.tn\/fr\/wp-content\/uploads\/2025\/06\/Webdo-Tunisie_168377.jpg","width":301,"height":301,"caption":"Webdo"},"image":{"@id":"https:\/\/www.webdo.tn\/fr\/#\/schema\/logo\/image\/"},"sameAs":["https:\/\/www.facebook.com\/webdotn","https:\/\/x.com\/webdo_tn"],"description":"Webdo est un m\u00e9dia num\u00e9rique tunisien fond\u00e9 en 2010, sp\u00e9cialis\u00e9 dans l\u2019actualit\u00e9 nationale et internationale, l\u2019\u00e9conomie, la soci\u00e9t\u00e9 et les analyses politiques. Le site s\u2019adresse \u00e0 un large public francophone et couvre l\u2019information tunisienne en temps r\u00e9el.","email":"redac@webdo.tn","legalName":"YNJ SARL","foundingDate":"2010-09-06","numberOfEmployees":{"@type":"QuantitativeValue","minValue":"11","maxValue":"50"}},{"@type":"Person","@id":"https:\/\/www.webdo.tn\/fr\/#\/schema\/person\/16a4857e77dfc0b610c4c2cadffc9ac4","name":"Mohamed Fethi","image":{"@type":"ImageObject","inLanguage":"fr-FR","@id":"https:\/\/www.webdo.tn\/fr\/wp-content\/uploads\/2026\/04\/mohamed-fethi_avatar_1-96x96.jpg","url":"https:\/\/www.webdo.tn\/fr\/wp-content\/uploads\/2026\/04\/mohamed-fethi_avatar_1-96x96.jpg","contentUrl":"https:\/\/www.webdo.tn\/fr\/wp-content\/uploads\/2026\/04\/mohamed-fethi_avatar_1-96x96.jpg","caption":"Mohamed Fethi"},"description":"Signature \u00e9ditoriale de Maher Chaabane Mohamed Fethi est le pseudonyme \u00e9ditorial de Maher Chaabane, r\u00e9dacteur en chef de Webdo.tn depuis 2012. Cette signature est d\u00e9di\u00e9e au traitement intensif de l'actualit\u00e9 nationale et internationale en temps r\u00e9el. S'appuyant sur les deux d\u00e9cennies d'expertise journalistique de Maher Chaabane \u2014 d\u00e9but\u00e9e au sein du groupe Tunis Hebdo en 2000 \u2014 Mohamed Fethi assure une veille rigoureuse sur les enjeux politiques, \u00e9conomiques et sportifs. Sa mission est de garantir une information structur\u00e9e, fluide et fid\u00e8le aux standards de la r\u00e9daction. Pour consulter le parcours complet du r\u00e9dacteur en chef, visitez le profil officiel de Maher Chaabane.","knowsAbout":["actualit\u00e9","journalisme","information","politique","sport","m\u00e9dias","actualit\u00e9 internationale"],"knowsLanguage":["Fran\u00e7ais","Arabe"],"jobTitle":"Journaliste \u2013 R\u00e9daction Webdo","worksFor":"Webdo.tn","url":"https:\/\/www.webdo.tn\/fr\/actualite\/author\/mohamed-fethi\/"}]}},"_links":{"self":[{"href":"https:\/\/www.webdo.tn\/fr\/wp-json\/wp\/v2\/posts\/394189","targetHints":{"allow":["GET"]}}],"collection":[{"href":"https:\/\/www.webdo.tn\/fr\/wp-json\/wp\/v2\/posts"}],"about":[{"href":"https:\/\/www.webdo.tn\/fr\/wp-json\/wp\/v2\/types\/post"}],"author":[{"embeddable":true,"href":"https:\/\/www.webdo.tn\/fr\/wp-json\/wp\/v2\/users\/4782"}],"replies":[{"embeddable":true,"href":"https:\/\/www.webdo.tn\/fr\/wp-json\/wp\/v2\/comments?post=394189"}],"version-history":[{"count":0,"href":"https:\/\/www.webdo.tn\/fr\/wp-json\/wp\/v2\/posts\/394189\/revisions"}],"wp:featuredmedia":[{"embeddable":true,"href":"https:\/\/www.webdo.tn\/fr\/wp-json\/wp\/v2\/media\/394190"}],"wp:attachment":[{"href":"https:\/\/www.webdo.tn\/fr\/wp-json\/wp\/v2\/media?parent=394189"}],"wp:term":[{"taxonomy":"category","embeddable":true,"href":"https:\/\/www.webdo.tn\/fr\/wp-json\/wp\/v2\/categories?post=394189"},{"taxonomy":"post_tag","embeddable":true,"href":"https:\/\/www.webdo.tn\/fr\/wp-json\/wp\/v2\/tags?post=394189"}],"curies":[{"name":"wp","href":"https:\/\/api.w.org\/{rel}","templated":true}]}}