{"id":394185,"date":"2026-03-06T10:34:31","date_gmt":"2026-03-06T09:34:31","guid":{"rendered":"https:\/\/www.webdo.tn\/fr\/?p=394185"},"modified":"2026-03-06T10:34:34","modified_gmt":"2026-03-06T09:34:34","slug":"coup-de-tonnerre-a-lesperance-youssef-belaili-suspendu-un-an-par-la-fifa","status":"publish","type":"post","link":"https:\/\/www.webdo.tn\/fr\/actualite\/sport\/coup-de-tonnerre-a-lesperance-youssef-belaili-suspendu-un-an-par-la-fifa\/394185\/","title":{"rendered":"Coup de tonnerre \u00e0 l\u2019Esp\u00e9rance : Youssef Bela\u00efli suspendu un an par la FIFA"},"content":{"rendered":"\n<p><strong>Coup de tonnerre pour l\u2019Esp\u00e9rance de Tunis et pour Youssef Bela\u00efli : la FIFA a inflig\u00e9 une suspension d\u2019un an \u00e0 l\u2019international alg\u00e9rien, l\u2019emp\u00eachant de jouer dans toute comp\u00e9tition officielle, que ce soit avec son club ou la s\u00e9lection nationale. Cette d\u00e9cision survient \u00e0 un moment critique, \u00e0 quelques mois de la Coupe du Monde 2026, et constitue un s\u00e9rieux coup d\u2019arr\u00eat pour le meneur de jeu de 33 ans.<\/strong><\/p>\n\n\n\n<p>L\u2019international alg\u00e9rien Youcef Bela\u00efli, joueur de l\u2019Esp\u00e9rance sportive de Tunis, a \u00e9t\u00e9 suspendu pour une dur\u00e9e d\u2019un an par la FIFA. Cette sanction fait suite \u00e0 une plainte d\u00e9pos\u00e9e par son ancien club, l\u2019AC Ajaccio, dans le cadre d\u2019un litige financier li\u00e9 \u00e0 son d\u00e9part en 2023.<\/p>\n\n\n\n<h2 class=\"wp-block-heading\" id=\"h-une-sanction-liee-a-un-litige-avec-ajaccio\">Une sanction li\u00e9e \u00e0 un litige avec Ajaccio<\/h2>\n\n\n\n<p>Selon la d\u00e9cision de l\u2019instance internationale, le joueur alg\u00e9rien est accus\u00e9 d\u2019avoir pr\u00e9sent\u00e9 des documents falsifi\u00e9s dans le cadre du diff\u00e9rend qui l\u2019opposait au club corse apr\u00e8s son d\u00e9part d\u2019Ajaccio.<\/p>\n\n\n\n<blockquote class=\"wp-block-quote is-layout-flow wp-block-quote-is-layout-flow\">\n<blockquote class=\"wp-block-quote is-layout-flow wp-block-quote-is-layout-flow\">\n<ul class=\"wp-block-list\">\n<li class=\"has-medium-font-size\"><strong>Lire aussi :<\/strong> <a href=\"https:\/\/www.webdo.tn\/fr\/actualite\/sport\/que-sest-il-vraiment-passe-avec-youcef-belaili-a-paris\/378889\/\">Que s\u2019est-il vraiment pass\u00e9 avec Youcef Bela\u00efli \u00e0 Paris ?<\/a><\/li>\n<\/ul>\n<\/blockquote>\n<\/blockquote>\n\n\n\n<p>La sanction disciplinaire prononc\u00e9e par la FIFA interdit \u00e0 Bela\u00efli de prendre part \u00e0 toute comp\u00e9tition officielle pendant une ann\u00e9e, que ce soit avec l\u2019Esp\u00e9rance sportive de Tunis ou avec la s\u00e9lection nationale alg\u00e9rienne.<\/p>\n\n\n\n<h2 class=\"wp-block-heading\" id=\"h-un-coup-dur-pour-le-joueur-et-son-club\">Un coup dur pour le joueur et son club<\/h2>\n\n\n\n<p>Cette suspension intervient \u00e0 un moment d\u00e9licat pour le meneur de jeu de 33 ans, qui esp\u00e9rait notamment participer \u00e0 la Coupe du monde de football 2026.<\/p>\n\n\n\n<p>Pour l\u2019Esp\u00e9rance sportive de Tunis, l\u2019absence de Bela\u00efli repr\u00e9sente \u00e9galement un s\u00e9rieux handicap pour la fin de saison, notamment dans les comp\u00e9titions nationales et continentales.<\/p>\n\n\n\n<blockquote class=\"wp-block-quote is-layout-flow wp-block-quote-is-layout-flow\">\n<blockquote class=\"wp-block-quote is-layout-flow wp-block-quote-is-layout-flow\">\n<ul class=\"wp-block-list\">\n<li class=\"has-medium-font-size\"><strong>Lire aussi :<\/strong> <a href=\"https:\/\/www.webdo.tn\/fr\/actualite\/sport\/8-ans-de-suspension-pour-lex-joueur-de-lest-youssef-belaili\/177225\/\">8 ans de suspension pour l\u2019ex-joueur de l\u2019EST, Youssef Belaili<\/a><\/li>\n<\/ul>\n<\/blockquote>\n<\/blockquote>\n\n\n\n<p>Face \u00e0 cette d\u00e9cision, l\u2019entourage du joueur et l\u2019ES Tunis envisageraient de d\u00e9poser un recours devant le Tribunal arbitral du sport afin de contester la sanction.<\/p>\n","protected":false},"excerpt":{"rendered":"<p>Coup de tonnerre pour l\u2019Esp\u00e9rance de Tunis et pour Youssef Bela\u00efli : la FIFA a inflig\u00e9 une suspension d\u2019un an \u00e0 l\u2019international alg\u00e9rien, l\u2019emp\u00eachant de jouer dans toute comp\u00e9tition officielle, que ce soit avec son club ou la s\u00e9lection nationale. Cette d\u00e9cision survient \u00e0 un moment critique, \u00e0 quelques mois de la Coupe du Monde [&hellip;]<\/p>\n","protected":false},"author":4782,"featured_media":394186,"comment_status":"closed","ping_status":"closed","sticky":false,"template":"","format":"standard","meta":{"footnotes":""},"categories":[2593],"tags":[3102,3487,7848,2608,12091],"class_list":["post-394185","post","type-post","status-publish","format-standard","has-post-thumbnail","hentry","category-sport","tag-esperance-st","tag-fifa","tag-sanction","tag-tunisie","tag-youssef-belaili"],"yoast_head":"<!-- This site is optimized with the Yoast SEO Premium plugin v27.4 (Yoast SEO v27.5) - https:\/\/yoast.com\/product\/yoast-seo-premium-wordpress\/ -->\n<title>Coup de tonnerre \u00e0 l\u2019Esp\u00e9rance : Youssef Bela\u00efli suspendu un an par la FIFA - webdo<\/title>\n<meta name=\"description\" content=\"Youssef Bela\u00efli suspendu un an par la FIFA, un coup de tonnerre pour l\u2019Esp\u00e9rance de Tunis \u00e0 l&#039;approche de la Coupe du Monde.\" \/>\n<link rel=\"canonical\" href=\"https:\/\/www.webdo.tn\/fr\/actualite\/sport\/coup-de-tonnerre-a-lesperance-youssef-belaili-suspendu-un-an-par-la-fifa\/394185\/\" \/>\n<meta property=\"og:locale\" content=\"fr_FR\" \/>\n<meta property=\"og:type\" content=\"article\" \/>\n<meta property=\"og:title\" content=\"Coup de tonnerre \u00e0 l\u2019Esp\u00e9rance : Youssef Bela\u00efli suspendu un an par la FIFA\" \/>\n<meta property=\"og:description\" content=\"Youssef Bela\u00efli suspendu un an par la FIFA, un coup de tonnerre pour l\u2019Esp\u00e9rance de Tunis \u00e0 l&#039;approche de la Coupe du Monde.\" \/>\n<meta property=\"og:url\" content=\"https:\/\/www.webdo.tn\/fr\/actualite\/sport\/coup-de-tonnerre-a-lesperance-youssef-belaili-suspendu-un-an-par-la-fifa\/394185\/\" \/>\n<meta property=\"og:site_name\" content=\"webdo\" \/>\n<meta property=\"article:publisher\" content=\"https:\/\/www.facebook.com\/webdotn\" \/>\n<meta property=\"article:published_time\" content=\"2026-03-06T09:34:31+00:00\" \/>\n<meta property=\"article:modified_time\" content=\"2026-03-06T09:34:34+00:00\" \/>\n<meta property=\"og:image\" content=\"https:\/\/www.webdo.tn\/fr\/wp-content\/uploads\/2026\/03\/Youssef-Belaili.jpg\" \/>\n\t<meta property=\"og:image:width\" content=\"1200\" \/>\n\t<meta property=\"og:image:height\" content=\"601\" \/>\n\t<meta property=\"og:image:type\" content=\"image\/jpeg\" \/>\n<meta name=\"author\" content=\"Mohamed Fethi\" \/>\n<meta name=\"twitter:card\" content=\"summary_large_image\" \/>\n<meta name=\"twitter:creator\" content=\"@webdo_tn\" \/>\n<meta name=\"twitter:site\" content=\"@webdo_tn\" \/>\n<meta name=\"twitter:label1\" content=\"\u00c9crit par\" \/>\n\t<meta name=\"twitter:data1\" content=\"Mohamed Fethi\" \/>\n\t<meta name=\"twitter:label2\" content=\"Dur\u00e9e de lecture estim\u00e9e\" \/>\n\t<meta name=\"twitter:data2\" content=\"2 minutes\" \/>\n<script type=\"application\/ld+json\" class=\"yoast-schema-graph\">{\"@context\":\"https:\\\/\\\/schema.org\",\"@graph\":[{\"@type\":\"NewsArticle\",\"@id\":\"https:\\\/\\\/www.webdo.tn\\\/fr\\\/actualite\\\/sport\\\/coup-de-tonnerre-a-lesperance-youssef-belaili-suspendu-un-an-par-la-fifa\\\/394185\\\/#article\",\"isPartOf\":{\"@id\":\"https:\\\/\\\/www.webdo.tn\\\/fr\\\/actualite\\\/sport\\\/coup-de-tonnerre-a-lesperance-youssef-belaili-suspendu-un-an-par-la-fifa\\\/394185\\\/\"},\"author\":{\"name\":\"Mohamed Fethi\",\"@id\":\"https:\\\/\\\/www.webdo.tn\\\/fr\\\/#\\\/schema\\\/person\\\/16a4857e77dfc0b610c4c2cadffc9ac4\"},\"headline\":\"Coup de tonnerre \u00e0 l\u2019Esp\u00e9rance : Youssef Bela\u00efli suspendu un an par la FIFA\",\"datePublished\":\"2026-03-06T09:34:31+00:00\",\"dateModified\":\"2026-03-06T09:34:34+00:00\",\"mainEntityOfPage\":{\"@id\":\"https:\\\/\\\/www.webdo.tn\\\/fr\\\/actualite\\\/sport\\\/coup-de-tonnerre-a-lesperance-youssef-belaili-suspendu-un-an-par-la-fifa\\\/394185\\\/\"},\"wordCount\":358,\"publisher\":{\"@id\":\"https:\\\/\\\/www.webdo.tn\\\/fr\\\/#organization\"},\"image\":{\"@id\":\"https:\\\/\\\/www.webdo.tn\\\/fr\\\/actualite\\\/sport\\\/coup-de-tonnerre-a-lesperance-youssef-belaili-suspendu-un-an-par-la-fifa\\\/394185\\\/#primaryimage\"},\"thumbnailUrl\":\"https:\\\/\\\/www.webdo.tn\\\/fr\\\/wp-content\\\/uploads\\\/2026\\\/03\\\/Youssef-Belaili.jpg\",\"keywords\":[\"esp\u00e9rance st\",\"FIFA\",\"Sanction\",\"Tunisie\",\"Youssef Belaili\"],\"articleSection\":[\"Sport\"],\"inLanguage\":\"fr-FR\"},{\"@type\":\"WebPage\",\"@id\":\"https:\\\/\\\/www.webdo.tn\\\/fr\\\/actualite\\\/sport\\\/coup-de-tonnerre-a-lesperance-youssef-belaili-suspendu-un-an-par-la-fifa\\\/394185\\\/\",\"url\":\"https:\\\/\\\/www.webdo.tn\\\/fr\\\/actualite\\\/sport\\\/coup-de-tonnerre-a-lesperance-youssef-belaili-suspendu-un-an-par-la-fifa\\\/394185\\\/\",\"name\":\"Coup de tonnerre \u00e0 l\u2019Esp\u00e9rance : Youssef Bela\u00efli suspendu un an par la FIFA - webdo\",\"isPartOf\":{\"@id\":\"https:\\\/\\\/www.webdo.tn\\\/fr\\\/#website\"},\"primaryImageOfPage\":{\"@id\":\"https:\\\/\\\/www.webdo.tn\\\/fr\\\/actualite\\\/sport\\\/coup-de-tonnerre-a-lesperance-youssef-belaili-suspendu-un-an-par-la-fifa\\\/394185\\\/#primaryimage\"},\"image\":{\"@id\":\"https:\\\/\\\/www.webdo.tn\\\/fr\\\/actualite\\\/sport\\\/coup-de-tonnerre-a-lesperance-youssef-belaili-suspendu-un-an-par-la-fifa\\\/394185\\\/#primaryimage\"},\"thumbnailUrl\":\"https:\\\/\\\/www.webdo.tn\\\/fr\\\/wp-content\\\/uploads\\\/2026\\\/03\\\/Youssef-Belaili.jpg\",\"datePublished\":\"2026-03-06T09:34:31+00:00\",\"dateModified\":\"2026-03-06T09:34:34+00:00\",\"description\":\"Youssef Bela\u00efli suspendu un an par la FIFA, un coup de tonnerre pour l\u2019Esp\u00e9rance de Tunis \u00e0 l'approche de la Coupe du Monde.\",\"breadcrumb\":{\"@id\":\"https:\\\/\\\/www.webdo.tn\\\/fr\\\/actualite\\\/sport\\\/coup-de-tonnerre-a-lesperance-youssef-belaili-suspendu-un-an-par-la-fifa\\\/394185\\\/#breadcrumb\"},\"inLanguage\":\"fr-FR\",\"potentialAction\":[{\"@type\":\"ReadAction\",\"target\":[\"https:\\\/\\\/www.webdo.tn\\\/fr\\\/actualite\\\/sport\\\/coup-de-tonnerre-a-lesperance-youssef-belaili-suspendu-un-an-par-la-fifa\\\/394185\\\/\"]}]},{\"@type\":\"ImageObject\",\"inLanguage\":\"fr-FR\",\"@id\":\"https:\\\/\\\/www.webdo.tn\\\/fr\\\/actualite\\\/sport\\\/coup-de-tonnerre-a-lesperance-youssef-belaili-suspendu-un-an-par-la-fifa\\\/394185\\\/#primaryimage\",\"url\":\"https:\\\/\\\/www.webdo.tn\\\/fr\\\/wp-content\\\/uploads\\\/2026\\\/03\\\/Youssef-Belaili.jpg\",\"contentUrl\":\"https:\\\/\\\/www.webdo.tn\\\/fr\\\/wp-content\\\/uploads\\\/2026\\\/03\\\/Youssef-Belaili.jpg\",\"width\":1200,\"height\":601,\"caption\":\"Coup de tonnerre \u00e0 l\u2019Esp\u00e9rance : Youssef Bela\u00efli suspendu un an par la FIFA\"},{\"@type\":\"BreadcrumbList\",\"@id\":\"https:\\\/\\\/www.webdo.tn\\\/fr\\\/actualite\\\/sport\\\/coup-de-tonnerre-a-lesperance-youssef-belaili-suspendu-un-an-par-la-fifa\\\/394185\\\/#breadcrumb\",\"itemListElement\":[{\"@type\":\"ListItem\",\"position\":1,\"name\":\"Accueil\",\"item\":\"https:\\\/\\\/www.webdo.tn\\\/fr\\\/\"},{\"@type\":\"ListItem\",\"position\":2,\"name\":\"Coup de tonnerre \u00e0 l\u2019Esp\u00e9rance : Youssef Bela\u00efli suspendu un an par la FIFA\"}]},{\"@type\":\"WebSite\",\"@id\":\"https:\\\/\\\/www.webdo.tn\\\/fr\\\/#website\",\"url\":\"https:\\\/\\\/www.webdo.tn\\\/fr\\\/\",\"name\":\"webdo\",\"description\":\"Tunisie - News en Tunisie et \u00e0 l&#039;international sur Webdo.tn\",\"publisher\":{\"@id\":\"https:\\\/\\\/www.webdo.tn\\\/fr\\\/#organization\"},\"potentialAction\":[{\"@type\":\"SearchAction\",\"target\":{\"@type\":\"EntryPoint\",\"urlTemplate\":\"https:\\\/\\\/www.webdo.tn\\\/fr\\\/?s={search_term_string}\"},\"query-input\":{\"@type\":\"PropertyValueSpecification\",\"valueRequired\":true,\"valueName\":\"search_term_string\"}}],\"inLanguage\":\"fr-FR\"},{\"@type\":\"Organization\",\"@id\":\"https:\\\/\\\/www.webdo.tn\\\/fr\\\/#organization\",\"name\":\"Webdo\",\"alternateName\":\"Webdo.tn\",\"url\":\"https:\\\/\\\/www.webdo.tn\\\/fr\\\/\",\"logo\":{\"@type\":\"ImageObject\",\"inLanguage\":\"fr-FR\",\"@id\":\"https:\\\/\\\/www.webdo.tn\\\/fr\\\/#\\\/schema\\\/logo\\\/image\\\/\",\"url\":\"https:\\\/\\\/www.webdo.tn\\\/fr\\\/wp-content\\\/uploads\\\/2025\\\/06\\\/Webdo-Tunisie_168377.jpg\",\"contentUrl\":\"https:\\\/\\\/www.webdo.tn\\\/fr\\\/wp-content\\\/uploads\\\/2025\\\/06\\\/Webdo-Tunisie_168377.jpg\",\"width\":301,\"height\":301,\"caption\":\"Webdo\"},\"image\":{\"@id\":\"https:\\\/\\\/www.webdo.tn\\\/fr\\\/#\\\/schema\\\/logo\\\/image\\\/\"},\"sameAs\":[\"https:\\\/\\\/www.facebook.com\\\/webdotn\",\"https:\\\/\\\/x.com\\\/webdo_tn\"],\"description\":\"Webdo est un m\u00e9dia num\u00e9rique tunisien fond\u00e9 en 2010, sp\u00e9cialis\u00e9 dans l\u2019actualit\u00e9 nationale et internationale, l\u2019\u00e9conomie, la soci\u00e9t\u00e9 et les analyses politiques. Le site s\u2019adresse \u00e0 un large public francophone et couvre l\u2019information tunisienne en temps r\u00e9el.\",\"email\":\"redac@webdo.tn\",\"legalName\":\"YNJ SARL\",\"foundingDate\":\"2010-09-06\",\"numberOfEmployees\":{\"@type\":\"QuantitativeValue\",\"minValue\":\"11\",\"maxValue\":\"50\"}},{\"@type\":\"Person\",\"@id\":\"https:\\\/\\\/www.webdo.tn\\\/fr\\\/#\\\/schema\\\/person\\\/16a4857e77dfc0b610c4c2cadffc9ac4\",\"name\":\"Mohamed Fethi\",\"image\":{\"@type\":\"ImageObject\",\"inLanguage\":\"fr-FR\",\"@id\":\"https:\\\/\\\/www.webdo.tn\\\/fr\\\/wp-content\\\/uploads\\\/2026\\\/04\\\/mohamed-fethi_avatar_1-96x96.jpg\",\"url\":\"https:\\\/\\\/www.webdo.tn\\\/fr\\\/wp-content\\\/uploads\\\/2026\\\/04\\\/mohamed-fethi_avatar_1-96x96.jpg\",\"contentUrl\":\"https:\\\/\\\/www.webdo.tn\\\/fr\\\/wp-content\\\/uploads\\\/2026\\\/04\\\/mohamed-fethi_avatar_1-96x96.jpg\",\"caption\":\"Mohamed Fethi\"},\"description\":\"Signature \u00e9ditoriale de Maher Chaabane Mohamed Fethi est le pseudonyme \u00e9ditorial de Maher Chaabane, r\u00e9dacteur en chef de Webdo.tn depuis 2012. Cette signature est d\u00e9di\u00e9e au traitement intensif de l'actualit\u00e9 nationale et internationale en temps r\u00e9el. S'appuyant sur les deux d\u00e9cennies d'expertise journalistique de Maher Chaabane \u2014 d\u00e9but\u00e9e au sein du groupe Tunis Hebdo en 2000 \u2014 Mohamed Fethi assure une veille rigoureuse sur les enjeux politiques, \u00e9conomiques et sportifs. Sa mission est de garantir une information structur\u00e9e, fluide et fid\u00e8le aux standards de la r\u00e9daction. Pour consulter le parcours complet du r\u00e9dacteur en chef, visitez le profil officiel de Maher Chaabane.\",\"knowsAbout\":[\"actualit\u00e9\",\"journalisme\",\"information\",\"politique\",\"sport\",\"m\u00e9dias\",\"actualit\u00e9 internationale\"],\"knowsLanguage\":[\"Fran\u00e7ais\",\"Arabe\"],\"jobTitle\":\"Journaliste \u2013 R\u00e9daction Webdo\",\"worksFor\":\"Webdo.tn\",\"url\":\"https:\\\/\\\/www.webdo.tn\\\/fr\\\/actualite\\\/author\\\/mohamed-fethi\\\/\"}]}<\/script>\n<!-- \/ Yoast SEO Premium plugin. -->","yoast_head_json":{"title":"Coup de tonnerre \u00e0 l\u2019Esp\u00e9rance : Youssef Bela\u00efli suspendu un an par la FIFA - webdo","description":"Youssef Bela\u00efli suspendu un an par la FIFA, un coup de tonnerre pour l\u2019Esp\u00e9rance de Tunis \u00e0 l'approche de la Coupe du Monde.","canonical":"https:\/\/www.webdo.tn\/fr\/actualite\/sport\/coup-de-tonnerre-a-lesperance-youssef-belaili-suspendu-un-an-par-la-fifa\/394185\/","og_locale":"fr_FR","og_type":"article","og_title":"Coup de tonnerre \u00e0 l\u2019Esp\u00e9rance : Youssef Bela\u00efli suspendu un an par la FIFA","og_description":"Youssef Bela\u00efli suspendu un an par la FIFA, un coup de tonnerre pour l\u2019Esp\u00e9rance de Tunis \u00e0 l'approche de la Coupe du Monde.","og_url":"https:\/\/www.webdo.tn\/fr\/actualite\/sport\/coup-de-tonnerre-a-lesperance-youssef-belaili-suspendu-un-an-par-la-fifa\/394185\/","og_site_name":"webdo","article_publisher":"https:\/\/www.facebook.com\/webdotn","article_published_time":"2026-03-06T09:34:31+00:00","article_modified_time":"2026-03-06T09:34:34+00:00","og_image":[{"width":1200,"height":601,"url":"https:\/\/www.webdo.tn\/fr\/wp-content\/uploads\/2026\/03\/Youssef-Belaili.jpg","type":"image\/jpeg"}],"author":"Mohamed Fethi","twitter_card":"summary_large_image","twitter_creator":"@webdo_tn","twitter_site":"@webdo_tn","twitter_misc":{"\u00c9crit par":"Mohamed Fethi","Dur\u00e9e de lecture estim\u00e9e":"2 minutes"},"schema":{"@context":"https:\/\/schema.org","@graph":[{"@type":"NewsArticle","@id":"https:\/\/www.webdo.tn\/fr\/actualite\/sport\/coup-de-tonnerre-a-lesperance-youssef-belaili-suspendu-un-an-par-la-fifa\/394185\/#article","isPartOf":{"@id":"https:\/\/www.webdo.tn\/fr\/actualite\/sport\/coup-de-tonnerre-a-lesperance-youssef-belaili-suspendu-un-an-par-la-fifa\/394185\/"},"author":{"name":"Mohamed Fethi","@id":"https:\/\/www.webdo.tn\/fr\/#\/schema\/person\/16a4857e77dfc0b610c4c2cadffc9ac4"},"headline":"Coup de tonnerre \u00e0 l\u2019Esp\u00e9rance : Youssef Bela\u00efli suspendu un an par la FIFA","datePublished":"2026-03-06T09:34:31+00:00","dateModified":"2026-03-06T09:34:34+00:00","mainEntityOfPage":{"@id":"https:\/\/www.webdo.tn\/fr\/actualite\/sport\/coup-de-tonnerre-a-lesperance-youssef-belaili-suspendu-un-an-par-la-fifa\/394185\/"},"wordCount":358,"publisher":{"@id":"https:\/\/www.webdo.tn\/fr\/#organization"},"image":{"@id":"https:\/\/www.webdo.tn\/fr\/actualite\/sport\/coup-de-tonnerre-a-lesperance-youssef-belaili-suspendu-un-an-par-la-fifa\/394185\/#primaryimage"},"thumbnailUrl":"https:\/\/www.webdo.tn\/fr\/wp-content\/uploads\/2026\/03\/Youssef-Belaili.jpg","keywords":["esp\u00e9rance st","FIFA","Sanction","Tunisie","Youssef Belaili"],"articleSection":["Sport"],"inLanguage":"fr-FR"},{"@type":"WebPage","@id":"https:\/\/www.webdo.tn\/fr\/actualite\/sport\/coup-de-tonnerre-a-lesperance-youssef-belaili-suspendu-un-an-par-la-fifa\/394185\/","url":"https:\/\/www.webdo.tn\/fr\/actualite\/sport\/coup-de-tonnerre-a-lesperance-youssef-belaili-suspendu-un-an-par-la-fifa\/394185\/","name":"Coup de tonnerre \u00e0 l\u2019Esp\u00e9rance : Youssef Bela\u00efli suspendu un an par la FIFA - webdo","isPartOf":{"@id":"https:\/\/www.webdo.tn\/fr\/#website"},"primaryImageOfPage":{"@id":"https:\/\/www.webdo.tn\/fr\/actualite\/sport\/coup-de-tonnerre-a-lesperance-youssef-belaili-suspendu-un-an-par-la-fifa\/394185\/#primaryimage"},"image":{"@id":"https:\/\/www.webdo.tn\/fr\/actualite\/sport\/coup-de-tonnerre-a-lesperance-youssef-belaili-suspendu-un-an-par-la-fifa\/394185\/#primaryimage"},"thumbnailUrl":"https:\/\/www.webdo.tn\/fr\/wp-content\/uploads\/2026\/03\/Youssef-Belaili.jpg","datePublished":"2026-03-06T09:34:31+00:00","dateModified":"2026-03-06T09:34:34+00:00","description":"Youssef Bela\u00efli suspendu un an par la FIFA, un coup de tonnerre pour l\u2019Esp\u00e9rance de Tunis \u00e0 l'approche de la Coupe du Monde.","breadcrumb":{"@id":"https:\/\/www.webdo.tn\/fr\/actualite\/sport\/coup-de-tonnerre-a-lesperance-youssef-belaili-suspendu-un-an-par-la-fifa\/394185\/#breadcrumb"},"inLanguage":"fr-FR","potentialAction":[{"@type":"ReadAction","target":["https:\/\/www.webdo.tn\/fr\/actualite\/sport\/coup-de-tonnerre-a-lesperance-youssef-belaili-suspendu-un-an-par-la-fifa\/394185\/"]}]},{"@type":"ImageObject","inLanguage":"fr-FR","@id":"https:\/\/www.webdo.tn\/fr\/actualite\/sport\/coup-de-tonnerre-a-lesperance-youssef-belaili-suspendu-un-an-par-la-fifa\/394185\/#primaryimage","url":"https:\/\/www.webdo.tn\/fr\/wp-content\/uploads\/2026\/03\/Youssef-Belaili.jpg","contentUrl":"https:\/\/www.webdo.tn\/fr\/wp-content\/uploads\/2026\/03\/Youssef-Belaili.jpg","width":1200,"height":601,"caption":"Coup de tonnerre \u00e0 l\u2019Esp\u00e9rance : Youssef Bela\u00efli suspendu un an par la FIFA"},{"@type":"BreadcrumbList","@id":"https:\/\/www.webdo.tn\/fr\/actualite\/sport\/coup-de-tonnerre-a-lesperance-youssef-belaili-suspendu-un-an-par-la-fifa\/394185\/#breadcrumb","itemListElement":[{"@type":"ListItem","position":1,"name":"Accueil","item":"https:\/\/www.webdo.tn\/fr\/"},{"@type":"ListItem","position":2,"name":"Coup de tonnerre \u00e0 l\u2019Esp\u00e9rance : Youssef Bela\u00efli suspendu un an par la FIFA"}]},{"@type":"WebSite","@id":"https:\/\/www.webdo.tn\/fr\/#website","url":"https:\/\/www.webdo.tn\/fr\/","name":"webdo","description":"Tunisie - News en Tunisie et \u00e0 l&#039;international sur Webdo.tn","publisher":{"@id":"https:\/\/www.webdo.tn\/fr\/#organization"},"potentialAction":[{"@type":"SearchAction","target":{"@type":"EntryPoint","urlTemplate":"https:\/\/www.webdo.tn\/fr\/?s={search_term_string}"},"query-input":{"@type":"PropertyValueSpecification","valueRequired":true,"valueName":"search_term_string"}}],"inLanguage":"fr-FR"},{"@type":"Organization","@id":"https:\/\/www.webdo.tn\/fr\/#organization","name":"Webdo","alternateName":"Webdo.tn","url":"https:\/\/www.webdo.tn\/fr\/","logo":{"@type":"ImageObject","inLanguage":"fr-FR","@id":"https:\/\/www.webdo.tn\/fr\/#\/schema\/logo\/image\/","url":"https:\/\/www.webdo.tn\/fr\/wp-content\/uploads\/2025\/06\/Webdo-Tunisie_168377.jpg","contentUrl":"https:\/\/www.webdo.tn\/fr\/wp-content\/uploads\/2025\/06\/Webdo-Tunisie_168377.jpg","width":301,"height":301,"caption":"Webdo"},"image":{"@id":"https:\/\/www.webdo.tn\/fr\/#\/schema\/logo\/image\/"},"sameAs":["https:\/\/www.facebook.com\/webdotn","https:\/\/x.com\/webdo_tn"],"description":"Webdo est un m\u00e9dia num\u00e9rique tunisien fond\u00e9 en 2010, sp\u00e9cialis\u00e9 dans l\u2019actualit\u00e9 nationale et internationale, l\u2019\u00e9conomie, la soci\u00e9t\u00e9 et les analyses politiques. Le site s\u2019adresse \u00e0 un large public francophone et couvre l\u2019information tunisienne en temps r\u00e9el.","email":"redac@webdo.tn","legalName":"YNJ SARL","foundingDate":"2010-09-06","numberOfEmployees":{"@type":"QuantitativeValue","minValue":"11","maxValue":"50"}},{"@type":"Person","@id":"https:\/\/www.webdo.tn\/fr\/#\/schema\/person\/16a4857e77dfc0b610c4c2cadffc9ac4","name":"Mohamed Fethi","image":{"@type":"ImageObject","inLanguage":"fr-FR","@id":"https:\/\/www.webdo.tn\/fr\/wp-content\/uploads\/2026\/04\/mohamed-fethi_avatar_1-96x96.jpg","url":"https:\/\/www.webdo.tn\/fr\/wp-content\/uploads\/2026\/04\/mohamed-fethi_avatar_1-96x96.jpg","contentUrl":"https:\/\/www.webdo.tn\/fr\/wp-content\/uploads\/2026\/04\/mohamed-fethi_avatar_1-96x96.jpg","caption":"Mohamed Fethi"},"description":"Signature \u00e9ditoriale de Maher Chaabane Mohamed Fethi est le pseudonyme \u00e9ditorial de Maher Chaabane, r\u00e9dacteur en chef de Webdo.tn depuis 2012. Cette signature est d\u00e9di\u00e9e au traitement intensif de l'actualit\u00e9 nationale et internationale en temps r\u00e9el. S'appuyant sur les deux d\u00e9cennies d'expertise journalistique de Maher Chaabane \u2014 d\u00e9but\u00e9e au sein du groupe Tunis Hebdo en 2000 \u2014 Mohamed Fethi assure une veille rigoureuse sur les enjeux politiques, \u00e9conomiques et sportifs. Sa mission est de garantir une information structur\u00e9e, fluide et fid\u00e8le aux standards de la r\u00e9daction. Pour consulter le parcours complet du r\u00e9dacteur en chef, visitez le profil officiel de Maher Chaabane.","knowsAbout":["actualit\u00e9","journalisme","information","politique","sport","m\u00e9dias","actualit\u00e9 internationale"],"knowsLanguage":["Fran\u00e7ais","Arabe"],"jobTitle":"Journaliste \u2013 R\u00e9daction Webdo","worksFor":"Webdo.tn","url":"https:\/\/www.webdo.tn\/fr\/actualite\/author\/mohamed-fethi\/"}]}},"_links":{"self":[{"href":"https:\/\/www.webdo.tn\/fr\/wp-json\/wp\/v2\/posts\/394185","targetHints":{"allow":["GET"]}}],"collection":[{"href":"https:\/\/www.webdo.tn\/fr\/wp-json\/wp\/v2\/posts"}],"about":[{"href":"https:\/\/www.webdo.tn\/fr\/wp-json\/wp\/v2\/types\/post"}],"author":[{"embeddable":true,"href":"https:\/\/www.webdo.tn\/fr\/wp-json\/wp\/v2\/users\/4782"}],"replies":[{"embeddable":true,"href":"https:\/\/www.webdo.tn\/fr\/wp-json\/wp\/v2\/comments?post=394185"}],"version-history":[{"count":0,"href":"https:\/\/www.webdo.tn\/fr\/wp-json\/wp\/v2\/posts\/394185\/revisions"}],"wp:featuredmedia":[{"embeddable":true,"href":"https:\/\/www.webdo.tn\/fr\/wp-json\/wp\/v2\/media\/394186"}],"wp:attachment":[{"href":"https:\/\/www.webdo.tn\/fr\/wp-json\/wp\/v2\/media?parent=394185"}],"wp:term":[{"taxonomy":"category","embeddable":true,"href":"https:\/\/www.webdo.tn\/fr\/wp-json\/wp\/v2\/categories?post=394185"},{"taxonomy":"post_tag","embeddable":true,"href":"https:\/\/www.webdo.tn\/fr\/wp-json\/wp\/v2\/tags?post=394185"}],"curies":[{"name":"wp","href":"https:\/\/api.w.org\/{rel}","templated":true}]}}