{"id":394181,"date":"2026-03-06T10:01:01","date_gmt":"2026-03-06T09:01:01","guid":{"rendered":"https:\/\/www.webdo.tn\/fr\/?p=394181"},"modified":"2026-03-06T10:02:58","modified_gmt":"2026-03-06T09:02:58","slug":"grand-tunis-les-agressions-contre-le-reseau-de-transport-public-se-multiplient","status":"publish","type":"post","link":"https:\/\/www.webdo.tn\/fr\/actualite\/regions\/grand-tunis-les-agressions-contre-le-reseau-de-transport-public-se-multiplient\/394181\/","title":{"rendered":"Grand Tunis : Les agressions contre le r\u00e9seau de transport public se multiplient"},"content":{"rendered":"\n<p><strong>Le r\u00e9seau de transport public du Grand Tunis est confront\u00e9 \u00e0 une recrudescence des actes de violence et de vandalisme. Pr\u00e8s de 900 agressions ont \u00e9t\u00e9 enregistr\u00e9es contre les bus et les rames du m\u00e9tro l\u00e9ger exploit\u00e9s par la Soci\u00e9t\u00e9 des transports de Tunis.<\/strong><\/p>\n\n\n\n<p>Le directeur g\u00e9n\u00e9ral du transport terrestre au minist\u00e8re du Transport, Tarek Bouaziz, a d\u00e9voil\u00e9 ces chiffres sur les ondes de la Radio Nationale, ce vendredi 6 mars 2026, pr\u00e9cisant que ces incidents perturbent le fonctionnement du service et alourdissent les charges de l\u2019entreprise sans toutefois indiquer sur quel laps de temps ils ont \u00e9t\u00e9 recens\u00e9s.<\/p>\n\n\n\n<blockquote class=\"wp-block-quote is-layout-flow wp-block-quote-is-layout-flow\">\n<blockquote class=\"wp-block-quote is-layout-flow wp-block-quote-is-layout-flow\">\n<ul class=\"wp-block-list\">\n<li class=\"has-medium-font-size\"><strong>Lire aussi :<\/strong> <a href=\"https:\/\/www.webdo.tn\/fr\/actualite\/national\/tunis-le-metro-n4-et-un-bus-neuf-vandalises-les-auteurs-interpelles\/386648\/\">Tunis : Le m\u00e9tro n\u00b04 et un bus neuf vandalis\u00e9s, les auteurs interpell\u00e9s<\/a><\/li>\n<\/ul>\n<\/blockquote>\n<\/blockquote>\n\n\n\n<h2 class=\"wp-block-heading\" id=\"h-des-actes-de-vandalisme-de-plus-en-plus-frequents\">Des actes de vandalisme de plus en plus fr\u00e9quents<\/h2>\n\n\n\n<p>Les agressions recens\u00e9es concernent principalement les \u00e9quipements et les v\u00e9hicules du r\u00e9seau public dans le Grand Tunis. Bus et rames de m\u00e9tro l\u00e9ger sont r\u00e9guli\u00e8rement la cible de d\u00e9gradations, allant de jets de pierres \u00e0 des actes de vandalisme affectant les vitres, les portes ou d\u2019autres \u00e9l\u00e9ments du mat\u00e9riel roulant.<\/p>\n\n\n\n<p>Selon les responsables du secteur, ces incidents se multiplient ces derniers temps, provoquant des interruptions de service et des perturbations pour les usagers qui d\u00e9pendent quotidiennement du transport public.<\/p>\n\n\n\n<h2 class=\"wp-block-heading\" id=\"h-le-personnel-egalement-expose\">Le personnel \u00e9galement expos\u00e9<\/h2>\n\n\n\n<p>Au-del\u00e0 des perturbations op\u00e9rationnelles, ces agressions engendrent des d\u00e9penses suppl\u00e9mentaires importantes pour la Soci\u00e9t\u00e9 des transports de Tunis. Les r\u00e9parations, la maintenance et le remplacement des pi\u00e8ces endommag\u00e9es repr\u00e9sentent des charges financi\u00e8res consid\u00e9rables pour l\u2019entreprise publique.<\/p>\n\n\n\n<p>Ces co\u00fbts viennent s\u2019ajouter aux difficult\u00e9s d\u00e9j\u00e0 rencontr\u00e9es par le secteur du transport public, confront\u00e9 \u00e0 des besoins importants en mati\u00e8re de renouvellement du parc et d\u2019am\u00e9lioration des infrastructures.<\/p>\n\n\n\n<blockquote class=\"wp-block-quote is-layout-flow wp-block-quote-is-layout-flow\">\n<blockquote class=\"wp-block-quote is-layout-flow wp-block-quote-is-layout-flow\">\n<ul class=\"wp-block-list\">\n<li class=\"has-medium-font-size\"><strong>Lire aussi :<\/strong> <a href=\"https:\/\/www.webdo.tn\/fr\/actualite\/national\/sidi-hassine-un-nouvel-acte-de-vandalisme-contre-un-bus-en-plein-trajet\/381589\/\">Sidi Hassine : Un nouvel acte de vandalisme contre un bus en plein trajet<\/a><\/li>\n<\/ul>\n<\/blockquote>\n<\/blockquote>\n\n\n\n<p>Les actes d\u2019agression ne se limitent pas au mat\u00e9riel roulant. Les agents du r\u00e9seau public sont \u00e9galement expos\u00e9s \u00e0 des violences dans l\u2019exercice de leurs fonctions, ce qui complique davantage leurs conditions de travail.<\/p>\n","protected":false},"excerpt":{"rendered":"<p>Le r\u00e9seau de transport public du Grand Tunis est confront\u00e9 \u00e0 une recrudescence des actes de violence et de vandalisme. Pr\u00e8s de 900 agressions ont \u00e9t\u00e9 enregistr\u00e9es contre les bus et les rames du m\u00e9tro l\u00e9ger exploit\u00e9s par la Soci\u00e9t\u00e9 des transports de Tunis. Le directeur g\u00e9n\u00e9ral du transport terrestre au minist\u00e8re du Transport, Tarek [&hellip;]<\/p>\n","protected":false},"author":4782,"featured_media":394182,"comment_status":"closed","ping_status":"closed","sticky":false,"template":"","format":"standard","meta":{"footnotes":""},"categories":[2595],"tags":[2760,3403,3909,4045,2640,2608,3802],"class_list":["post-394181","post","type-post","status-publish","format-standard","has-post-thumbnail","hentry","category-regions","tag-agressions","tag-bus","tag-metro","tag-transtu","tag-tunis","tag-tunisie","tag-vandalisme"],"yoast_head":"<!-- This site is optimized with the Yoast SEO Premium plugin v27.4 (Yoast SEO v27.4) - https:\/\/yoast.com\/product\/yoast-seo-premium-wordpress\/ -->\n<title>Grand Tunis : Les agressions contre le r\u00e9seau de transport public se multiplient - webdo<\/title>\n<meta name=\"description\" content=\"Des actes de violence touchent le Grand Tunis : le r\u00e9seau de transport public face \u00e0 pr\u00e8s de 900 agressions r\u00e9pertori\u00e9es.\" \/>\n<link rel=\"canonical\" href=\"https:\/\/www.webdo.tn\/fr\/actualite\/regions\/grand-tunis-les-agressions-contre-le-reseau-de-transport-public-se-multiplient\/394181\/\" \/>\n<meta property=\"og:locale\" content=\"fr_FR\" \/>\n<meta property=\"og:type\" content=\"article\" \/>\n<meta property=\"og:title\" content=\"Grand Tunis : Les agressions contre le r\u00e9seau de transport public se multiplient\" \/>\n<meta property=\"og:description\" content=\"Des actes de violence touchent le Grand Tunis : le r\u00e9seau de transport public face \u00e0 pr\u00e8s de 900 agressions r\u00e9pertori\u00e9es.\" \/>\n<meta property=\"og:url\" content=\"https:\/\/www.webdo.tn\/fr\/actualite\/regions\/grand-tunis-les-agressions-contre-le-reseau-de-transport-public-se-multiplient\/394181\/\" \/>\n<meta property=\"og:site_name\" content=\"webdo\" \/>\n<meta property=\"article:publisher\" content=\"https:\/\/www.facebook.com\/webdotn\" \/>\n<meta property=\"article:published_time\" content=\"2026-03-06T09:01:01+00:00\" \/>\n<meta property=\"article:modified_time\" content=\"2026-03-06T09:02:58+00:00\" \/>\n<meta property=\"og:image\" content=\"https:\/\/www.webdo.tn\/fr\/wp-content\/uploads\/2026\/03\/bus-vandalises.jpg\" \/>\n\t<meta property=\"og:image:width\" content=\"1200\" \/>\n\t<meta property=\"og:image:height\" content=\"600\" \/>\n\t<meta property=\"og:image:type\" content=\"image\/jpeg\" \/>\n<meta name=\"author\" content=\"Mohamed Fethi\" \/>\n<meta name=\"twitter:card\" content=\"summary_large_image\" \/>\n<meta name=\"twitter:creator\" content=\"@webdo_tn\" \/>\n<meta name=\"twitter:site\" content=\"@webdo_tn\" \/>\n<meta name=\"twitter:label1\" content=\"\u00c9crit par\" \/>\n\t<meta name=\"twitter:data1\" content=\"Mohamed Fethi\" \/>\n\t<meta name=\"twitter:label2\" content=\"Dur\u00e9e de lecture estim\u00e9e\" \/>\n\t<meta name=\"twitter:data2\" content=\"2 minutes\" \/>\n<script type=\"application\/ld+json\" class=\"yoast-schema-graph\">{\"@context\":\"https:\\\/\\\/schema.org\",\"@graph\":[{\"@type\":\"NewsArticle\",\"@id\":\"https:\\\/\\\/www.webdo.tn\\\/fr\\\/actualite\\\/regions\\\/grand-tunis-les-agressions-contre-le-reseau-de-transport-public-se-multiplient\\\/394181\\\/#article\",\"isPartOf\":{\"@id\":\"https:\\\/\\\/www.webdo.tn\\\/fr\\\/actualite\\\/regions\\\/grand-tunis-les-agressions-contre-le-reseau-de-transport-public-se-multiplient\\\/394181\\\/\"},\"author\":{\"name\":\"Mohamed Fethi\",\"@id\":\"https:\\\/\\\/www.webdo.tn\\\/fr\\\/#\\\/schema\\\/person\\\/16a4857e77dfc0b610c4c2cadffc9ac4\"},\"headline\":\"Grand Tunis : Les agressions contre le r\u00e9seau de transport public se multiplient\",\"datePublished\":\"2026-03-06T09:01:01+00:00\",\"dateModified\":\"2026-03-06T09:02:58+00:00\",\"mainEntityOfPage\":{\"@id\":\"https:\\\/\\\/www.webdo.tn\\\/fr\\\/actualite\\\/regions\\\/grand-tunis-les-agressions-contre-le-reseau-de-transport-public-se-multiplient\\\/394181\\\/\"},\"wordCount\":379,\"publisher\":{\"@id\":\"https:\\\/\\\/www.webdo.tn\\\/fr\\\/#organization\"},\"image\":{\"@id\":\"https:\\\/\\\/www.webdo.tn\\\/fr\\\/actualite\\\/regions\\\/grand-tunis-les-agressions-contre-le-reseau-de-transport-public-se-multiplient\\\/394181\\\/#primaryimage\"},\"thumbnailUrl\":\"https:\\\/\\\/www.webdo.tn\\\/fr\\\/wp-content\\\/uploads\\\/2026\\\/03\\\/bus-vandalises.jpg\",\"keywords\":[\"agressions\",\"Bus\",\"M\u00e9tro\",\"TRANSTU\",\"Tunis\",\"Tunisie\",\"Vandalisme\"],\"articleSection\":[\"regions\"],\"inLanguage\":\"fr-FR\"},{\"@type\":\"WebPage\",\"@id\":\"https:\\\/\\\/www.webdo.tn\\\/fr\\\/actualite\\\/regions\\\/grand-tunis-les-agressions-contre-le-reseau-de-transport-public-se-multiplient\\\/394181\\\/\",\"url\":\"https:\\\/\\\/www.webdo.tn\\\/fr\\\/actualite\\\/regions\\\/grand-tunis-les-agressions-contre-le-reseau-de-transport-public-se-multiplient\\\/394181\\\/\",\"name\":\"Grand Tunis : Les agressions contre le r\u00e9seau de transport public se multiplient - webdo\",\"isPartOf\":{\"@id\":\"https:\\\/\\\/www.webdo.tn\\\/fr\\\/#website\"},\"primaryImageOfPage\":{\"@id\":\"https:\\\/\\\/www.webdo.tn\\\/fr\\\/actualite\\\/regions\\\/grand-tunis-les-agressions-contre-le-reseau-de-transport-public-se-multiplient\\\/394181\\\/#primaryimage\"},\"image\":{\"@id\":\"https:\\\/\\\/www.webdo.tn\\\/fr\\\/actualite\\\/regions\\\/grand-tunis-les-agressions-contre-le-reseau-de-transport-public-se-multiplient\\\/394181\\\/#primaryimage\"},\"thumbnailUrl\":\"https:\\\/\\\/www.webdo.tn\\\/fr\\\/wp-content\\\/uploads\\\/2026\\\/03\\\/bus-vandalises.jpg\",\"datePublished\":\"2026-03-06T09:01:01+00:00\",\"dateModified\":\"2026-03-06T09:02:58+00:00\",\"description\":\"Des actes de violence touchent le Grand Tunis : le r\u00e9seau de transport public face \u00e0 pr\u00e8s de 900 agressions r\u00e9pertori\u00e9es.\",\"breadcrumb\":{\"@id\":\"https:\\\/\\\/www.webdo.tn\\\/fr\\\/actualite\\\/regions\\\/grand-tunis-les-agressions-contre-le-reseau-de-transport-public-se-multiplient\\\/394181\\\/#breadcrumb\"},\"inLanguage\":\"fr-FR\",\"potentialAction\":[{\"@type\":\"ReadAction\",\"target\":[\"https:\\\/\\\/www.webdo.tn\\\/fr\\\/actualite\\\/regions\\\/grand-tunis-les-agressions-contre-le-reseau-de-transport-public-se-multiplient\\\/394181\\\/\"]}]},{\"@type\":\"ImageObject\",\"inLanguage\":\"fr-FR\",\"@id\":\"https:\\\/\\\/www.webdo.tn\\\/fr\\\/actualite\\\/regions\\\/grand-tunis-les-agressions-contre-le-reseau-de-transport-public-se-multiplient\\\/394181\\\/#primaryimage\",\"url\":\"https:\\\/\\\/www.webdo.tn\\\/fr\\\/wp-content\\\/uploads\\\/2026\\\/03\\\/bus-vandalises.jpg\",\"contentUrl\":\"https:\\\/\\\/www.webdo.tn\\\/fr\\\/wp-content\\\/uploads\\\/2026\\\/03\\\/bus-vandalises.jpg\",\"width\":1200,\"height\":600,\"caption\":\"Grand Tunis : Les agressions contre le r\u00e9seau de transport public se multiplient\"},{\"@type\":\"BreadcrumbList\",\"@id\":\"https:\\\/\\\/www.webdo.tn\\\/fr\\\/actualite\\\/regions\\\/grand-tunis-les-agressions-contre-le-reseau-de-transport-public-se-multiplient\\\/394181\\\/#breadcrumb\",\"itemListElement\":[{\"@type\":\"ListItem\",\"position\":1,\"name\":\"Accueil\",\"item\":\"https:\\\/\\\/www.webdo.tn\\\/fr\\\/\"},{\"@type\":\"ListItem\",\"position\":2,\"name\":\"Grand Tunis : Les agressions contre le r\u00e9seau de transport public se multiplient\"}]},{\"@type\":\"WebSite\",\"@id\":\"https:\\\/\\\/www.webdo.tn\\\/fr\\\/#website\",\"url\":\"https:\\\/\\\/www.webdo.tn\\\/fr\\\/\",\"name\":\"webdo\",\"description\":\"Tunisie - News en Tunisie et \u00e0 l&#039;international sur Webdo.tn\",\"publisher\":{\"@id\":\"https:\\\/\\\/www.webdo.tn\\\/fr\\\/#organization\"},\"potentialAction\":[{\"@type\":\"SearchAction\",\"target\":{\"@type\":\"EntryPoint\",\"urlTemplate\":\"https:\\\/\\\/www.webdo.tn\\\/fr\\\/?s={search_term_string}\"},\"query-input\":{\"@type\":\"PropertyValueSpecification\",\"valueRequired\":true,\"valueName\":\"search_term_string\"}}],\"inLanguage\":\"fr-FR\"},{\"@type\":\"Organization\",\"@id\":\"https:\\\/\\\/www.webdo.tn\\\/fr\\\/#organization\",\"name\":\"Webdo\",\"alternateName\":\"Webdo.tn\",\"url\":\"https:\\\/\\\/www.webdo.tn\\\/fr\\\/\",\"logo\":{\"@type\":\"ImageObject\",\"inLanguage\":\"fr-FR\",\"@id\":\"https:\\\/\\\/www.webdo.tn\\\/fr\\\/#\\\/schema\\\/logo\\\/image\\\/\",\"url\":\"https:\\\/\\\/www.webdo.tn\\\/fr\\\/wp-content\\\/uploads\\\/2025\\\/06\\\/Webdo-Tunisie_168377.jpg\",\"contentUrl\":\"https:\\\/\\\/www.webdo.tn\\\/fr\\\/wp-content\\\/uploads\\\/2025\\\/06\\\/Webdo-Tunisie_168377.jpg\",\"width\":301,\"height\":301,\"caption\":\"Webdo\"},\"image\":{\"@id\":\"https:\\\/\\\/www.webdo.tn\\\/fr\\\/#\\\/schema\\\/logo\\\/image\\\/\"},\"sameAs\":[\"https:\\\/\\\/www.facebook.com\\\/webdotn\",\"https:\\\/\\\/x.com\\\/webdo_tn\"],\"description\":\"Webdo est un m\u00e9dia num\u00e9rique tunisien fond\u00e9 en 2010, sp\u00e9cialis\u00e9 dans l\u2019actualit\u00e9 nationale et internationale, l\u2019\u00e9conomie, la soci\u00e9t\u00e9 et les analyses politiques. Le site s\u2019adresse \u00e0 un large public francophone et couvre l\u2019information tunisienne en temps r\u00e9el.\",\"email\":\"redac@webdo.tn\",\"legalName\":\"YNJ SARL\",\"foundingDate\":\"2010-09-06\",\"numberOfEmployees\":{\"@type\":\"QuantitativeValue\",\"minValue\":\"11\",\"maxValue\":\"50\"}},{\"@type\":\"Person\",\"@id\":\"https:\\\/\\\/www.webdo.tn\\\/fr\\\/#\\\/schema\\\/person\\\/16a4857e77dfc0b610c4c2cadffc9ac4\",\"name\":\"Mohamed Fethi\",\"image\":{\"@type\":\"ImageObject\",\"inLanguage\":\"fr-FR\",\"@id\":\"https:\\\/\\\/www.webdo.tn\\\/fr\\\/wp-content\\\/uploads\\\/2026\\\/04\\\/mohamed-fethi_avatar_1-96x96.jpg\",\"url\":\"https:\\\/\\\/www.webdo.tn\\\/fr\\\/wp-content\\\/uploads\\\/2026\\\/04\\\/mohamed-fethi_avatar_1-96x96.jpg\",\"contentUrl\":\"https:\\\/\\\/www.webdo.tn\\\/fr\\\/wp-content\\\/uploads\\\/2026\\\/04\\\/mohamed-fethi_avatar_1-96x96.jpg\",\"caption\":\"Mohamed Fethi\"},\"description\":\"Signature \u00e9ditoriale de Maher Chaabane Mohamed Fethi est le pseudonyme \u00e9ditorial de Maher Chaabane, r\u00e9dacteur en chef de Webdo.tn depuis 2012. Cette signature est d\u00e9di\u00e9e au traitement intensif de l'actualit\u00e9 nationale et internationale en temps r\u00e9el. S'appuyant sur les deux d\u00e9cennies d'expertise journalistique de Maher Chaabane \u2014 d\u00e9but\u00e9e au sein du groupe Tunis Hebdo en 2000 \u2014 Mohamed Fethi assure une veille rigoureuse sur les enjeux politiques, \u00e9conomiques et sportifs. Sa mission est de garantir une information structur\u00e9e, fluide et fid\u00e8le aux standards de la r\u00e9daction. Pour consulter le parcours complet du r\u00e9dacteur en chef, visitez le profil officiel de Maher Chaabane.\",\"knowsAbout\":[\"actualit\u00e9\",\"journalisme\",\"information\",\"politique\",\"sport\",\"m\u00e9dias\",\"actualit\u00e9 internationale\"],\"knowsLanguage\":[\"Fran\u00e7ais\",\"Arabe\"],\"jobTitle\":\"Journaliste \u2013 R\u00e9daction Webdo\",\"worksFor\":\"Webdo.tn\",\"url\":\"https:\\\/\\\/www.webdo.tn\\\/fr\\\/actualite\\\/author\\\/mohamed-fethi\\\/\"}]}<\/script>\n<!-- \/ Yoast SEO Premium plugin. -->","yoast_head_json":{"title":"Grand Tunis : Les agressions contre le r\u00e9seau de transport public se multiplient - webdo","description":"Des actes de violence touchent le Grand Tunis : le r\u00e9seau de transport public face \u00e0 pr\u00e8s de 900 agressions r\u00e9pertori\u00e9es.","canonical":"https:\/\/www.webdo.tn\/fr\/actualite\/regions\/grand-tunis-les-agressions-contre-le-reseau-de-transport-public-se-multiplient\/394181\/","og_locale":"fr_FR","og_type":"article","og_title":"Grand Tunis : Les agressions contre le r\u00e9seau de transport public se multiplient","og_description":"Des actes de violence touchent le Grand Tunis : le r\u00e9seau de transport public face \u00e0 pr\u00e8s de 900 agressions r\u00e9pertori\u00e9es.","og_url":"https:\/\/www.webdo.tn\/fr\/actualite\/regions\/grand-tunis-les-agressions-contre-le-reseau-de-transport-public-se-multiplient\/394181\/","og_site_name":"webdo","article_publisher":"https:\/\/www.facebook.com\/webdotn","article_published_time":"2026-03-06T09:01:01+00:00","article_modified_time":"2026-03-06T09:02:58+00:00","og_image":[{"width":1200,"height":600,"url":"https:\/\/www.webdo.tn\/fr\/wp-content\/uploads\/2026\/03\/bus-vandalises.jpg","type":"image\/jpeg"}],"author":"Mohamed Fethi","twitter_card":"summary_large_image","twitter_creator":"@webdo_tn","twitter_site":"@webdo_tn","twitter_misc":{"\u00c9crit par":"Mohamed Fethi","Dur\u00e9e de lecture estim\u00e9e":"2 minutes"},"schema":{"@context":"https:\/\/schema.org","@graph":[{"@type":"NewsArticle","@id":"https:\/\/www.webdo.tn\/fr\/actualite\/regions\/grand-tunis-les-agressions-contre-le-reseau-de-transport-public-se-multiplient\/394181\/#article","isPartOf":{"@id":"https:\/\/www.webdo.tn\/fr\/actualite\/regions\/grand-tunis-les-agressions-contre-le-reseau-de-transport-public-se-multiplient\/394181\/"},"author":{"name":"Mohamed Fethi","@id":"https:\/\/www.webdo.tn\/fr\/#\/schema\/person\/16a4857e77dfc0b610c4c2cadffc9ac4"},"headline":"Grand Tunis : Les agressions contre le r\u00e9seau de transport public se multiplient","datePublished":"2026-03-06T09:01:01+00:00","dateModified":"2026-03-06T09:02:58+00:00","mainEntityOfPage":{"@id":"https:\/\/www.webdo.tn\/fr\/actualite\/regions\/grand-tunis-les-agressions-contre-le-reseau-de-transport-public-se-multiplient\/394181\/"},"wordCount":379,"publisher":{"@id":"https:\/\/www.webdo.tn\/fr\/#organization"},"image":{"@id":"https:\/\/www.webdo.tn\/fr\/actualite\/regions\/grand-tunis-les-agressions-contre-le-reseau-de-transport-public-se-multiplient\/394181\/#primaryimage"},"thumbnailUrl":"https:\/\/www.webdo.tn\/fr\/wp-content\/uploads\/2026\/03\/bus-vandalises.jpg","keywords":["agressions","Bus","M\u00e9tro","TRANSTU","Tunis","Tunisie","Vandalisme"],"articleSection":["regions"],"inLanguage":"fr-FR"},{"@type":"WebPage","@id":"https:\/\/www.webdo.tn\/fr\/actualite\/regions\/grand-tunis-les-agressions-contre-le-reseau-de-transport-public-se-multiplient\/394181\/","url":"https:\/\/www.webdo.tn\/fr\/actualite\/regions\/grand-tunis-les-agressions-contre-le-reseau-de-transport-public-se-multiplient\/394181\/","name":"Grand Tunis : Les agressions contre le r\u00e9seau de transport public se multiplient - webdo","isPartOf":{"@id":"https:\/\/www.webdo.tn\/fr\/#website"},"primaryImageOfPage":{"@id":"https:\/\/www.webdo.tn\/fr\/actualite\/regions\/grand-tunis-les-agressions-contre-le-reseau-de-transport-public-se-multiplient\/394181\/#primaryimage"},"image":{"@id":"https:\/\/www.webdo.tn\/fr\/actualite\/regions\/grand-tunis-les-agressions-contre-le-reseau-de-transport-public-se-multiplient\/394181\/#primaryimage"},"thumbnailUrl":"https:\/\/www.webdo.tn\/fr\/wp-content\/uploads\/2026\/03\/bus-vandalises.jpg","datePublished":"2026-03-06T09:01:01+00:00","dateModified":"2026-03-06T09:02:58+00:00","description":"Des actes de violence touchent le Grand Tunis : le r\u00e9seau de transport public face \u00e0 pr\u00e8s de 900 agressions r\u00e9pertori\u00e9es.","breadcrumb":{"@id":"https:\/\/www.webdo.tn\/fr\/actualite\/regions\/grand-tunis-les-agressions-contre-le-reseau-de-transport-public-se-multiplient\/394181\/#breadcrumb"},"inLanguage":"fr-FR","potentialAction":[{"@type":"ReadAction","target":["https:\/\/www.webdo.tn\/fr\/actualite\/regions\/grand-tunis-les-agressions-contre-le-reseau-de-transport-public-se-multiplient\/394181\/"]}]},{"@type":"ImageObject","inLanguage":"fr-FR","@id":"https:\/\/www.webdo.tn\/fr\/actualite\/regions\/grand-tunis-les-agressions-contre-le-reseau-de-transport-public-se-multiplient\/394181\/#primaryimage","url":"https:\/\/www.webdo.tn\/fr\/wp-content\/uploads\/2026\/03\/bus-vandalises.jpg","contentUrl":"https:\/\/www.webdo.tn\/fr\/wp-content\/uploads\/2026\/03\/bus-vandalises.jpg","width":1200,"height":600,"caption":"Grand Tunis : Les agressions contre le r\u00e9seau de transport public se multiplient"},{"@type":"BreadcrumbList","@id":"https:\/\/www.webdo.tn\/fr\/actualite\/regions\/grand-tunis-les-agressions-contre-le-reseau-de-transport-public-se-multiplient\/394181\/#breadcrumb","itemListElement":[{"@type":"ListItem","position":1,"name":"Accueil","item":"https:\/\/www.webdo.tn\/fr\/"},{"@type":"ListItem","position":2,"name":"Grand Tunis : Les agressions contre le r\u00e9seau de transport public se multiplient"}]},{"@type":"WebSite","@id":"https:\/\/www.webdo.tn\/fr\/#website","url":"https:\/\/www.webdo.tn\/fr\/","name":"webdo","description":"Tunisie - News en Tunisie et \u00e0 l&#039;international sur Webdo.tn","publisher":{"@id":"https:\/\/www.webdo.tn\/fr\/#organization"},"potentialAction":[{"@type":"SearchAction","target":{"@type":"EntryPoint","urlTemplate":"https:\/\/www.webdo.tn\/fr\/?s={search_term_string}"},"query-input":{"@type":"PropertyValueSpecification","valueRequired":true,"valueName":"search_term_string"}}],"inLanguage":"fr-FR"},{"@type":"Organization","@id":"https:\/\/www.webdo.tn\/fr\/#organization","name":"Webdo","alternateName":"Webdo.tn","url":"https:\/\/www.webdo.tn\/fr\/","logo":{"@type":"ImageObject","inLanguage":"fr-FR","@id":"https:\/\/www.webdo.tn\/fr\/#\/schema\/logo\/image\/","url":"https:\/\/www.webdo.tn\/fr\/wp-content\/uploads\/2025\/06\/Webdo-Tunisie_168377.jpg","contentUrl":"https:\/\/www.webdo.tn\/fr\/wp-content\/uploads\/2025\/06\/Webdo-Tunisie_168377.jpg","width":301,"height":301,"caption":"Webdo"},"image":{"@id":"https:\/\/www.webdo.tn\/fr\/#\/schema\/logo\/image\/"},"sameAs":["https:\/\/www.facebook.com\/webdotn","https:\/\/x.com\/webdo_tn"],"description":"Webdo est un m\u00e9dia num\u00e9rique tunisien fond\u00e9 en 2010, sp\u00e9cialis\u00e9 dans l\u2019actualit\u00e9 nationale et internationale, l\u2019\u00e9conomie, la soci\u00e9t\u00e9 et les analyses politiques. Le site s\u2019adresse \u00e0 un large public francophone et couvre l\u2019information tunisienne en temps r\u00e9el.","email":"redac@webdo.tn","legalName":"YNJ SARL","foundingDate":"2010-09-06","numberOfEmployees":{"@type":"QuantitativeValue","minValue":"11","maxValue":"50"}},{"@type":"Person","@id":"https:\/\/www.webdo.tn\/fr\/#\/schema\/person\/16a4857e77dfc0b610c4c2cadffc9ac4","name":"Mohamed Fethi","image":{"@type":"ImageObject","inLanguage":"fr-FR","@id":"https:\/\/www.webdo.tn\/fr\/wp-content\/uploads\/2026\/04\/mohamed-fethi_avatar_1-96x96.jpg","url":"https:\/\/www.webdo.tn\/fr\/wp-content\/uploads\/2026\/04\/mohamed-fethi_avatar_1-96x96.jpg","contentUrl":"https:\/\/www.webdo.tn\/fr\/wp-content\/uploads\/2026\/04\/mohamed-fethi_avatar_1-96x96.jpg","caption":"Mohamed Fethi"},"description":"Signature \u00e9ditoriale de Maher Chaabane Mohamed Fethi est le pseudonyme \u00e9ditorial de Maher Chaabane, r\u00e9dacteur en chef de Webdo.tn depuis 2012. Cette signature est d\u00e9di\u00e9e au traitement intensif de l'actualit\u00e9 nationale et internationale en temps r\u00e9el. S'appuyant sur les deux d\u00e9cennies d'expertise journalistique de Maher Chaabane \u2014 d\u00e9but\u00e9e au sein du groupe Tunis Hebdo en 2000 \u2014 Mohamed Fethi assure une veille rigoureuse sur les enjeux politiques, \u00e9conomiques et sportifs. Sa mission est de garantir une information structur\u00e9e, fluide et fid\u00e8le aux standards de la r\u00e9daction. Pour consulter le parcours complet du r\u00e9dacteur en chef, visitez le profil officiel de Maher Chaabane.","knowsAbout":["actualit\u00e9","journalisme","information","politique","sport","m\u00e9dias","actualit\u00e9 internationale"],"knowsLanguage":["Fran\u00e7ais","Arabe"],"jobTitle":"Journaliste \u2013 R\u00e9daction Webdo","worksFor":"Webdo.tn","url":"https:\/\/www.webdo.tn\/fr\/actualite\/author\/mohamed-fethi\/"}]}},"_links":{"self":[{"href":"https:\/\/www.webdo.tn\/fr\/wp-json\/wp\/v2\/posts\/394181","targetHints":{"allow":["GET"]}}],"collection":[{"href":"https:\/\/www.webdo.tn\/fr\/wp-json\/wp\/v2\/posts"}],"about":[{"href":"https:\/\/www.webdo.tn\/fr\/wp-json\/wp\/v2\/types\/post"}],"author":[{"embeddable":true,"href":"https:\/\/www.webdo.tn\/fr\/wp-json\/wp\/v2\/users\/4782"}],"replies":[{"embeddable":true,"href":"https:\/\/www.webdo.tn\/fr\/wp-json\/wp\/v2\/comments?post=394181"}],"version-history":[{"count":0,"href":"https:\/\/www.webdo.tn\/fr\/wp-json\/wp\/v2\/posts\/394181\/revisions"}],"wp:featuredmedia":[{"embeddable":true,"href":"https:\/\/www.webdo.tn\/fr\/wp-json\/wp\/v2\/media\/394182"}],"wp:attachment":[{"href":"https:\/\/www.webdo.tn\/fr\/wp-json\/wp\/v2\/media?parent=394181"}],"wp:term":[{"taxonomy":"category","embeddable":true,"href":"https:\/\/www.webdo.tn\/fr\/wp-json\/wp\/v2\/categories?post=394181"},{"taxonomy":"post_tag","embeddable":true,"href":"https:\/\/www.webdo.tn\/fr\/wp-json\/wp\/v2\/tags?post=394181"}],"curies":[{"name":"wp","href":"https:\/\/api.w.org\/{rel}","templated":true}]}}