{"id":394178,"date":"2026-03-06T09:37:04","date_gmt":"2026-03-06T08:37:04","guid":{"rendered":"https:\/\/www.webdo.tn\/fr\/?p=394178"},"modified":"2026-03-06T09:37:06","modified_gmt":"2026-03-06T08:37:06","slug":"tunisie-ligue-1-une-23eme-journee-sous-haute-tension-en-tete-comme-en-bas-du-classement","status":"publish","type":"post","link":"https:\/\/www.webdo.tn\/fr\/actualite\/sport\/tunisie-ligue-1-une-23eme-journee-sous-haute-tension-en-tete-comme-en-bas-du-classement\/394178\/","title":{"rendered":"Tunisie &#8211; Ligue 1 : Une 23\u00e8me journ\u00e9e sous haute tension en t\u00eate comme en bas du classement"},"content":{"rendered":"\n<p><strong>La 23\u00e8me journ\u00e9e de la Ligue 1 tunisienne se disputera du vendredi 6 au dimanche 8 mars, avec des rencontres programm\u00e9es \u00e0 partir de 13 heures. La lutte pour le titre entre l\u2019Esp\u00e9rance et le Club Africain promet d\u2019animer le week-end, tandis que plusieurs \u00e9quipes engag\u00e9es dans la bataille pour le maintien joueront des matchs d\u00e9cisifs.<\/strong><\/p>\n\n\n\n<p>La journ\u00e9e s\u2019ouvrira vendredi avec deux confrontations entre \u00e9quipes concern\u00e9es par la lutte pour le bas du classement. L\u2019AS Soliman, lanterne rouge avec 13 points, accueillera l\u2019Esp\u00e9rance de Zarzis dans une rencontre capitale pour ses espoirs de maintien.<\/p>\n\n\n\n<p>Dans l\u2019autre match, l\u2019AS Gab\u00e8s (15\u1d49) affrontera la JS Omrane, formation bien install\u00e9e au milieu de tableau et qui tentera de consolider sa position.<\/p>\n\n\n\n<h2 class=\"wp-block-heading\" id=\"h-samedi-les-pretendants-au-podium-a-l-epreuve\">Samedi : les pr\u00e9tendants au podium \u00e0 l\u2019\u00e9preuve<\/h2>\n\n\n\n<p>Le leader, l\u2019Esp\u00e9rance de Tunis, recevra l\u2019AS Marsa avec l\u2019objectif de conserver son avance en t\u00eate du classement.<\/p>\n\n\n\n<blockquote class=\"wp-block-quote is-layout-flow wp-block-quote-is-layout-flow\">\n<blockquote class=\"wp-block-quote is-layout-flow wp-block-quote-is-layout-flow\">\n<ul class=\"wp-block-list\">\n<li class=\"has-medium-font-size\"><strong>Lire aussi :<\/strong> <a href=\"https:\/\/www.webdo.tn\/fr\/actualite\/sport\/ligue-1-le-stade-tunisien-perd-par-penalite-face-a-lolympique-de-beja\/394170\/\">Ligue 1 : Le Stade Tunisien perd par p\u00e9nalit\u00e9 face \u00e0 l\u2019Olympique de B\u00e9ja<\/a><\/li>\n<\/ul>\n<\/blockquote>\n<\/blockquote>\n\n\n\n<p>Le choc du jour opposera l\u2019US Monastirienne au CS Sfaxien. Troisi\u00e8mes, les Sfaxiens tenteront de rester au contact du duo de t\u00eate face \u00e0 une formation monastirienne cinqui\u00e8me qui vise le podium.<\/p>\n\n\n\n<p>La troisi\u00e8me rencontre verra l\u2019ES M\u00e9tlaoui accueillir l\u2019Olympique de B\u00e9ja dans un duel important pour s\u2019\u00e9loigner de la zone rouge.<\/p>\n\n\n\n<h2 class=\"wp-block-heading\" id=\"h-dimanche-affiches-decisives\">Dimanche : affiches d\u00e9cisives<\/h2>\n\n\n\n<p>La journ\u00e9e se conclura dimanche avec trois rencontres, dont une affiche tr\u00e8s attendue entre le Stade Tunisien et l\u2019\u00c9toile du Sahel. Les Bardolais, quatri\u00e8mes, chercheront \u00e0 rester dans la course au podium face \u00e0 une \u00c9toile sixi\u00e8me toujours ambitieuse.<\/p>\n\n\n\n<blockquote class=\"wp-block-quote is-layout-flow wp-block-quote-is-layout-flow\">\n<blockquote class=\"wp-block-quote is-layout-flow wp-block-quote-is-layout-flow\">\n<ul class=\"wp-block-list\">\n<li class=\"has-medium-font-size\"><strong>Lire aussi :<\/strong> <a href=\"https:\/\/www.webdo.tn\/fr\/actualite\/sport\/tunisie-ligue-1-bilan-de-la-22eme-journee-et-programme-de-la-23eme\/393969\/\">Tunisie \u2013 Ligue 1 : Bilan de la 22\u00e8me journ\u00e9e et programme de la 23\u00e8me<\/a><\/li>\n<\/ul>\n<\/blockquote>\n<\/blockquote>\n\n\n\n<p>Enfin, le Club Africain, deuxi\u00e8me, se d\u00e9placera sur la pelouse de l\u2019US Ben Guerdane. Les Clubistes tenteront de mettre la pression sur l\u2019Esp\u00e9rance dans la course au titre.<\/p>\n\n\n\n<h2 class=\"wp-block-heading\" id=\"h-un-classement-toujours-serre\">Un classement toujours serr\u00e9<\/h2>\n\n\n\n<p>Avant cette 23\u1d49 journ\u00e9e, l\u2019Esp\u00e9rance occupe la t\u00eate avec 50 points, suivie du Club Africain (48 points) et du CS Sfaxien (42 points). Le Stade Tunisien (41 points) et l\u2019US Monastirienne (37 points) restent \u00e9galement en embuscade.<\/p>\n\n\n\n<p>En bas du classement, la lutte pour le maintien reste ouverte, avec l\u2019Olympique de B\u00e9ja et la JS Kairouanaise (21 points), l\u2019AS Gab\u00e8s (17 points) et l\u2019AS Soliman (13 points) particuli\u00e8rement sous pression.<\/p>\n\n\n\n<p><strong>PROGRAMME<\/strong><\/p>\n\n\n\n<p><strong>Vendredi 6 mars (13h00)<\/strong><\/p>\n\n\n\n<ul class=\"wp-block-list\">\n<li>AS Soliman &#8211; ES Zarzis (Watania 2 en diff\u00e9r\u00e9)<\/li>\n\n\n\n<li>AS Gab\u00e8s &#8211; JS Omrane (Watania 2)<\/li>\n<\/ul>\n\n\n\n<p><strong>Samedi 7 mars (13h00)<\/strong><\/p>\n\n\n\n<ul class=\"wp-block-list\">\n<li>ES Tunis &#8211; AS Marsa (Watania 1)<\/li>\n\n\n\n<li>US Monastirienne &#8211; CS Sfaxien (Watania 2, Al Kass 1)<\/li>\n\n\n\n<li>ES M\u00e9tlaoui &#8211; Olympique de B\u00e9ja (Watania 2 en diff\u00e9r\u00e9)<\/li>\n<\/ul>\n\n\n\n<p><strong>Dimanche 8 mars (13h00)<\/strong><\/p>\n\n\n\n<ul class=\"wp-block-list\">\n<li>Stade Tunisien &#8211; ES Sahel (Watania 1)<\/li>\n\n\n\n<li>JS Kairouanaise &#8211; CA Bizertin (Watania 2 en diff\u00e9r\u00e9)<\/li>\n\n\n\n<li>US Ben Guerdane &#8211; Club Africain (Watania 2)<\/li>\n<\/ul>\n","protected":false},"excerpt":{"rendered":"<p>La 23\u00e8me journ\u00e9e de la Ligue 1 tunisienne se disputera du vendredi 6 au dimanche 8 mars, avec des rencontres programm\u00e9es \u00e0 partir de 13 heures. La lutte pour le titre entre l\u2019Esp\u00e9rance et le Club Africain promet d\u2019animer le week-end, tandis que plusieurs \u00e9quipes engag\u00e9es dans la bataille pour le maintien joueront des matchs [&hellip;]<\/p>\n","protected":false},"author":3189,"featured_media":394179,"comment_status":"closed","ping_status":"closed","sticky":false,"template":"","format":"standard","meta":{"footnotes":""},"categories":[2593],"tags":[3738,2622,2777,2608],"class_list":["post-394178","post","type-post","status-publish","format-standard","has-post-thumbnail","hentry","category-sport","tag-championnat-de-tunisie","tag-football","tag-ligue-1","tag-tunisie"],"yoast_head":"<!-- This site is optimized with the Yoast SEO Premium plugin v27.4 (Yoast SEO v27.5) - https:\/\/yoast.com\/product\/yoast-seo-premium-wordpress\/ -->\n<title>Tunisie - Ligue 1 : Une 23\u00e8me journ\u00e9e sous haute tension en t\u00eate comme en bas du classement - webdo<\/title>\n<meta name=\"description\" content=\"La lutte pour le titre et le maintien anime la 23\u00e8me journ\u00e9e de la Ligue 1 en Tunisie. D\u00e9couvrez tous les matchs importants.\" \/>\n<link rel=\"canonical\" href=\"https:\/\/www.webdo.tn\/fr\/actualite\/sport\/tunisie-ligue-1-une-23eme-journee-sous-haute-tension-en-tete-comme-en-bas-du-classement\/394178\/\" \/>\n<meta property=\"og:locale\" content=\"fr_FR\" \/>\n<meta property=\"og:type\" content=\"article\" \/>\n<meta property=\"og:title\" content=\"Tunisie - Ligue 1 : Une 23\u00e8me journ\u00e9e sous haute tension en t\u00eate comme en bas du classement\" \/>\n<meta property=\"og:description\" content=\"La lutte pour le titre et le maintien anime la 23\u00e8me journ\u00e9e de la Ligue 1 en Tunisie. D\u00e9couvrez tous les matchs importants.\" \/>\n<meta property=\"og:url\" content=\"https:\/\/www.webdo.tn\/fr\/actualite\/sport\/tunisie-ligue-1-une-23eme-journee-sous-haute-tension-en-tete-comme-en-bas-du-classement\/394178\/\" \/>\n<meta property=\"og:site_name\" content=\"webdo\" \/>\n<meta property=\"article:publisher\" content=\"https:\/\/www.facebook.com\/webdotn\" \/>\n<meta property=\"article:author\" content=\"https:\/\/www.facebook.com\/youssef.rc.92\" \/>\n<meta property=\"article:published_time\" content=\"2026-03-06T08:37:04+00:00\" \/>\n<meta property=\"article:modified_time\" content=\"2026-03-06T08:37:06+00:00\" \/>\n<meta property=\"og:image\" content=\"https:\/\/www.webdo.tn\/fr\/wp-content\/uploads\/2026\/03\/ESS.jpg\" \/>\n\t<meta property=\"og:image:width\" content=\"1200\" \/>\n\t<meta property=\"og:image:height\" content=\"601\" \/>\n\t<meta property=\"og:image:type\" content=\"image\/jpeg\" \/>\n<meta name=\"author\" content=\"Maher Chaabane\" \/>\n<meta name=\"twitter:card\" content=\"summary_large_image\" \/>\n<meta name=\"twitter:creator\" content=\"@webdo_tn\" \/>\n<meta name=\"twitter:site\" content=\"@webdo_tn\" \/>\n<meta name=\"twitter:label1\" content=\"\u00c9crit par\" \/>\n\t<meta name=\"twitter:data1\" content=\"Maher Chaabane\" \/>\n\t<meta name=\"twitter:label2\" content=\"Dur\u00e9e de lecture estim\u00e9e\" \/>\n\t<meta name=\"twitter:data2\" content=\"3 minutes\" \/>\n<script type=\"application\/ld+json\" class=\"yoast-schema-graph\">{\"@context\":\"https:\\\/\\\/schema.org\",\"@graph\":[{\"@type\":\"NewsArticle\",\"@id\":\"https:\\\/\\\/www.webdo.tn\\\/fr\\\/actualite\\\/sport\\\/tunisie-ligue-1-une-23eme-journee-sous-haute-tension-en-tete-comme-en-bas-du-classement\\\/394178\\\/#article\",\"isPartOf\":{\"@id\":\"https:\\\/\\\/www.webdo.tn\\\/fr\\\/actualite\\\/sport\\\/tunisie-ligue-1-une-23eme-journee-sous-haute-tension-en-tete-comme-en-bas-du-classement\\\/394178\\\/\"},\"author\":{\"name\":\"Maher Chaabane\",\"@id\":\"https:\\\/\\\/www.webdo.tn\\\/fr\\\/#\\\/schema\\\/person\\\/57c261717927697fcf719ab1058a8003\"},\"headline\":\"Tunisie &#8211; Ligue 1 : Une 23\u00e8me journ\u00e9e sous haute tension en t\u00eate comme en bas du classement\",\"datePublished\":\"2026-03-06T08:37:04+00:00\",\"dateModified\":\"2026-03-06T08:37:06+00:00\",\"mainEntityOfPage\":{\"@id\":\"https:\\\/\\\/www.webdo.tn\\\/fr\\\/actualite\\\/sport\\\/tunisie-ligue-1-une-23eme-journee-sous-haute-tension-en-tete-comme-en-bas-du-classement\\\/394178\\\/\"},\"wordCount\":498,\"publisher\":{\"@id\":\"https:\\\/\\\/www.webdo.tn\\\/fr\\\/#organization\"},\"image\":{\"@id\":\"https:\\\/\\\/www.webdo.tn\\\/fr\\\/actualite\\\/sport\\\/tunisie-ligue-1-une-23eme-journee-sous-haute-tension-en-tete-comme-en-bas-du-classement\\\/394178\\\/#primaryimage\"},\"thumbnailUrl\":\"https:\\\/\\\/www.webdo.tn\\\/fr\\\/wp-content\\\/uploads\\\/2026\\\/03\\\/ESS.jpg\",\"keywords\":[\"championnat de tunisie\",\"football\",\"Ligue 1\",\"Tunisie\"],\"articleSection\":[\"Sport\"],\"inLanguage\":\"fr-FR\"},{\"@type\":\"WebPage\",\"@id\":\"https:\\\/\\\/www.webdo.tn\\\/fr\\\/actualite\\\/sport\\\/tunisie-ligue-1-une-23eme-journee-sous-haute-tension-en-tete-comme-en-bas-du-classement\\\/394178\\\/\",\"url\":\"https:\\\/\\\/www.webdo.tn\\\/fr\\\/actualite\\\/sport\\\/tunisie-ligue-1-une-23eme-journee-sous-haute-tension-en-tete-comme-en-bas-du-classement\\\/394178\\\/\",\"name\":\"Tunisie - Ligue 1 : Une 23\u00e8me journ\u00e9e sous haute tension en t\u00eate comme en bas du classement - webdo\",\"isPartOf\":{\"@id\":\"https:\\\/\\\/www.webdo.tn\\\/fr\\\/#website\"},\"primaryImageOfPage\":{\"@id\":\"https:\\\/\\\/www.webdo.tn\\\/fr\\\/actualite\\\/sport\\\/tunisie-ligue-1-une-23eme-journee-sous-haute-tension-en-tete-comme-en-bas-du-classement\\\/394178\\\/#primaryimage\"},\"image\":{\"@id\":\"https:\\\/\\\/www.webdo.tn\\\/fr\\\/actualite\\\/sport\\\/tunisie-ligue-1-une-23eme-journee-sous-haute-tension-en-tete-comme-en-bas-du-classement\\\/394178\\\/#primaryimage\"},\"thumbnailUrl\":\"https:\\\/\\\/www.webdo.tn\\\/fr\\\/wp-content\\\/uploads\\\/2026\\\/03\\\/ESS.jpg\",\"datePublished\":\"2026-03-06T08:37:04+00:00\",\"dateModified\":\"2026-03-06T08:37:06+00:00\",\"description\":\"La lutte pour le titre et le maintien anime la 23\u00e8me journ\u00e9e de la Ligue 1 en Tunisie. D\u00e9couvrez tous les matchs importants.\",\"breadcrumb\":{\"@id\":\"https:\\\/\\\/www.webdo.tn\\\/fr\\\/actualite\\\/sport\\\/tunisie-ligue-1-une-23eme-journee-sous-haute-tension-en-tete-comme-en-bas-du-classement\\\/394178\\\/#breadcrumb\"},\"inLanguage\":\"fr-FR\",\"potentialAction\":[{\"@type\":\"ReadAction\",\"target\":[\"https:\\\/\\\/www.webdo.tn\\\/fr\\\/actualite\\\/sport\\\/tunisie-ligue-1-une-23eme-journee-sous-haute-tension-en-tete-comme-en-bas-du-classement\\\/394178\\\/\"]}]},{\"@type\":\"ImageObject\",\"inLanguage\":\"fr-FR\",\"@id\":\"https:\\\/\\\/www.webdo.tn\\\/fr\\\/actualite\\\/sport\\\/tunisie-ligue-1-une-23eme-journee-sous-haute-tension-en-tete-comme-en-bas-du-classement\\\/394178\\\/#primaryimage\",\"url\":\"https:\\\/\\\/www.webdo.tn\\\/fr\\\/wp-content\\\/uploads\\\/2026\\\/03\\\/ESS.jpg\",\"contentUrl\":\"https:\\\/\\\/www.webdo.tn\\\/fr\\\/wp-content\\\/uploads\\\/2026\\\/03\\\/ESS.jpg\",\"width\":1200,\"height\":601,\"caption\":\"Tunisie - Ligue 1 : Une 23\u00e8me journ\u00e9e sous haute tension en t\u00eate comme en bas du classement\"},{\"@type\":\"BreadcrumbList\",\"@id\":\"https:\\\/\\\/www.webdo.tn\\\/fr\\\/actualite\\\/sport\\\/tunisie-ligue-1-une-23eme-journee-sous-haute-tension-en-tete-comme-en-bas-du-classement\\\/394178\\\/#breadcrumb\",\"itemListElement\":[{\"@type\":\"ListItem\",\"position\":1,\"name\":\"Accueil\",\"item\":\"https:\\\/\\\/www.webdo.tn\\\/fr\\\/\"},{\"@type\":\"ListItem\",\"position\":2,\"name\":\"Tunisie &#8211; Ligue 1 : Une 23\u00e8me journ\u00e9e sous haute tension en t\u00eate comme en bas du classement\"}]},{\"@type\":\"WebSite\",\"@id\":\"https:\\\/\\\/www.webdo.tn\\\/fr\\\/#website\",\"url\":\"https:\\\/\\\/www.webdo.tn\\\/fr\\\/\",\"name\":\"webdo\",\"description\":\"Tunisie - News en Tunisie et \u00e0 l&#039;international sur Webdo.tn\",\"publisher\":{\"@id\":\"https:\\\/\\\/www.webdo.tn\\\/fr\\\/#organization\"},\"potentialAction\":[{\"@type\":\"SearchAction\",\"target\":{\"@type\":\"EntryPoint\",\"urlTemplate\":\"https:\\\/\\\/www.webdo.tn\\\/fr\\\/?s={search_term_string}\"},\"query-input\":{\"@type\":\"PropertyValueSpecification\",\"valueRequired\":true,\"valueName\":\"search_term_string\"}}],\"inLanguage\":\"fr-FR\"},{\"@type\":\"Organization\",\"@id\":\"https:\\\/\\\/www.webdo.tn\\\/fr\\\/#organization\",\"name\":\"Webdo\",\"alternateName\":\"Webdo.tn\",\"url\":\"https:\\\/\\\/www.webdo.tn\\\/fr\\\/\",\"logo\":{\"@type\":\"ImageObject\",\"inLanguage\":\"fr-FR\",\"@id\":\"https:\\\/\\\/www.webdo.tn\\\/fr\\\/#\\\/schema\\\/logo\\\/image\\\/\",\"url\":\"https:\\\/\\\/www.webdo.tn\\\/fr\\\/wp-content\\\/uploads\\\/2025\\\/06\\\/Webdo-Tunisie_168377.jpg\",\"contentUrl\":\"https:\\\/\\\/www.webdo.tn\\\/fr\\\/wp-content\\\/uploads\\\/2025\\\/06\\\/Webdo-Tunisie_168377.jpg\",\"width\":301,\"height\":301,\"caption\":\"Webdo\"},\"image\":{\"@id\":\"https:\\\/\\\/www.webdo.tn\\\/fr\\\/#\\\/schema\\\/logo\\\/image\\\/\"},\"sameAs\":[\"https:\\\/\\\/www.facebook.com\\\/webdotn\",\"https:\\\/\\\/x.com\\\/webdo_tn\"],\"description\":\"Webdo est un m\u00e9dia num\u00e9rique tunisien fond\u00e9 en 2010, sp\u00e9cialis\u00e9 dans l\u2019actualit\u00e9 nationale et internationale, l\u2019\u00e9conomie, la soci\u00e9t\u00e9 et les analyses politiques. Le site s\u2019adresse \u00e0 un large public francophone et couvre l\u2019information tunisienne en temps r\u00e9el.\",\"email\":\"redac@webdo.tn\",\"legalName\":\"YNJ SARL\",\"foundingDate\":\"2010-09-06\",\"numberOfEmployees\":{\"@type\":\"QuantitativeValue\",\"minValue\":\"11\",\"maxValue\":\"50\"}},{\"@type\":\"Person\",\"@id\":\"https:\\\/\\\/www.webdo.tn\\\/fr\\\/#\\\/schema\\\/person\\\/57c261717927697fcf719ab1058a8003\",\"name\":\"Maher Chaabane\",\"image\":{\"@type\":\"ImageObject\",\"inLanguage\":\"fr-FR\",\"@id\":\"https:\\\/\\\/www.webdo.tn\\\/fr\\\/wp-content\\\/uploads\\\/2026\\\/04\\\/maher-chaabane_avatar_2-96x96.jpg\",\"url\":\"https:\\\/\\\/www.webdo.tn\\\/fr\\\/wp-content\\\/uploads\\\/2026\\\/04\\\/maher-chaabane_avatar_2-96x96.jpg\",\"contentUrl\":\"https:\\\/\\\/www.webdo.tn\\\/fr\\\/wp-content\\\/uploads\\\/2026\\\/04\\\/maher-chaabane_avatar_2-96x96.jpg\",\"caption\":\"Maher Chaabane\"},\"description\":\"Maher Chaabane est journaliste et r\u00e9dacteur en chef de Webdo.tn depuis 2012. Il d\u00e9bute sa carri\u00e8re au sein du groupe Tunis Hebdo en 2000, o\u00f9 il couvre pendant plusieurs ann\u00e9es l\u2019actualit\u00e9 sportive et internationale, avant d\u2019occuper les fonctions de r\u00e9dacteur en chef adjoint. Fort de plus de deux d\u00e9cennies d\u2019exp\u00e9rience dans le journalisme, il supervise aujourd\u2019hui la production \u00e9ditoriale de Webdo et contribue activement \u00e0 la ligne du m\u00e9dia, en particulier sur les sujets d\u2019actualit\u00e9 nationale et internationale. https:\\\/\\\/www.facebook.com\\\/youssef.rc.92\",\"sameAs\":[\"https:\\\/\\\/www.facebook.com\\\/youssef.rc.92\"],\"knowsAbout\":[\"journalisme\",\"actualit\u00e9 internationale\",\"sport\",\"r\u00e9daction\",\"m\u00e9dias\",\"information\"],\"knowsLanguage\":[\"Fran\u00e7ais\",\"Arabe\"],\"jobTitle\":\"R\u00e9dacteur en chef\",\"worksFor\":\"Webdo.tn\",\"url\":\"https:\\\/\\\/www.webdo.tn\\\/fr\\\/actualite\\\/author\\\/maher-chaabane\\\/\"}]}<\/script>\n<!-- \/ Yoast SEO Premium plugin. -->","yoast_head_json":{"title":"Tunisie - Ligue 1 : Une 23\u00e8me journ\u00e9e sous haute tension en t\u00eate comme en bas du classement - webdo","description":"La lutte pour le titre et le maintien anime la 23\u00e8me journ\u00e9e de la Ligue 1 en Tunisie. D\u00e9couvrez tous les matchs importants.","canonical":"https:\/\/www.webdo.tn\/fr\/actualite\/sport\/tunisie-ligue-1-une-23eme-journee-sous-haute-tension-en-tete-comme-en-bas-du-classement\/394178\/","og_locale":"fr_FR","og_type":"article","og_title":"Tunisie - Ligue 1 : Une 23\u00e8me journ\u00e9e sous haute tension en t\u00eate comme en bas du classement","og_description":"La lutte pour le titre et le maintien anime la 23\u00e8me journ\u00e9e de la Ligue 1 en Tunisie. D\u00e9couvrez tous les matchs importants.","og_url":"https:\/\/www.webdo.tn\/fr\/actualite\/sport\/tunisie-ligue-1-une-23eme-journee-sous-haute-tension-en-tete-comme-en-bas-du-classement\/394178\/","og_site_name":"webdo","article_publisher":"https:\/\/www.facebook.com\/webdotn","article_author":"https:\/\/www.facebook.com\/youssef.rc.92","article_published_time":"2026-03-06T08:37:04+00:00","article_modified_time":"2026-03-06T08:37:06+00:00","og_image":[{"width":1200,"height":601,"url":"https:\/\/www.webdo.tn\/fr\/wp-content\/uploads\/2026\/03\/ESS.jpg","type":"image\/jpeg"}],"author":"Maher Chaabane","twitter_card":"summary_large_image","twitter_creator":"@webdo_tn","twitter_site":"@webdo_tn","twitter_misc":{"\u00c9crit par":"Maher Chaabane","Dur\u00e9e de lecture estim\u00e9e":"3 minutes"},"schema":{"@context":"https:\/\/schema.org","@graph":[{"@type":"NewsArticle","@id":"https:\/\/www.webdo.tn\/fr\/actualite\/sport\/tunisie-ligue-1-une-23eme-journee-sous-haute-tension-en-tete-comme-en-bas-du-classement\/394178\/#article","isPartOf":{"@id":"https:\/\/www.webdo.tn\/fr\/actualite\/sport\/tunisie-ligue-1-une-23eme-journee-sous-haute-tension-en-tete-comme-en-bas-du-classement\/394178\/"},"author":{"name":"Maher Chaabane","@id":"https:\/\/www.webdo.tn\/fr\/#\/schema\/person\/57c261717927697fcf719ab1058a8003"},"headline":"Tunisie &#8211; Ligue 1 : Une 23\u00e8me journ\u00e9e sous haute tension en t\u00eate comme en bas du classement","datePublished":"2026-03-06T08:37:04+00:00","dateModified":"2026-03-06T08:37:06+00:00","mainEntityOfPage":{"@id":"https:\/\/www.webdo.tn\/fr\/actualite\/sport\/tunisie-ligue-1-une-23eme-journee-sous-haute-tension-en-tete-comme-en-bas-du-classement\/394178\/"},"wordCount":498,"publisher":{"@id":"https:\/\/www.webdo.tn\/fr\/#organization"},"image":{"@id":"https:\/\/www.webdo.tn\/fr\/actualite\/sport\/tunisie-ligue-1-une-23eme-journee-sous-haute-tension-en-tete-comme-en-bas-du-classement\/394178\/#primaryimage"},"thumbnailUrl":"https:\/\/www.webdo.tn\/fr\/wp-content\/uploads\/2026\/03\/ESS.jpg","keywords":["championnat de tunisie","football","Ligue 1","Tunisie"],"articleSection":["Sport"],"inLanguage":"fr-FR"},{"@type":"WebPage","@id":"https:\/\/www.webdo.tn\/fr\/actualite\/sport\/tunisie-ligue-1-une-23eme-journee-sous-haute-tension-en-tete-comme-en-bas-du-classement\/394178\/","url":"https:\/\/www.webdo.tn\/fr\/actualite\/sport\/tunisie-ligue-1-une-23eme-journee-sous-haute-tension-en-tete-comme-en-bas-du-classement\/394178\/","name":"Tunisie - Ligue 1 : Une 23\u00e8me journ\u00e9e sous haute tension en t\u00eate comme en bas du classement - webdo","isPartOf":{"@id":"https:\/\/www.webdo.tn\/fr\/#website"},"primaryImageOfPage":{"@id":"https:\/\/www.webdo.tn\/fr\/actualite\/sport\/tunisie-ligue-1-une-23eme-journee-sous-haute-tension-en-tete-comme-en-bas-du-classement\/394178\/#primaryimage"},"image":{"@id":"https:\/\/www.webdo.tn\/fr\/actualite\/sport\/tunisie-ligue-1-une-23eme-journee-sous-haute-tension-en-tete-comme-en-bas-du-classement\/394178\/#primaryimage"},"thumbnailUrl":"https:\/\/www.webdo.tn\/fr\/wp-content\/uploads\/2026\/03\/ESS.jpg","datePublished":"2026-03-06T08:37:04+00:00","dateModified":"2026-03-06T08:37:06+00:00","description":"La lutte pour le titre et le maintien anime la 23\u00e8me journ\u00e9e de la Ligue 1 en Tunisie. D\u00e9couvrez tous les matchs importants.","breadcrumb":{"@id":"https:\/\/www.webdo.tn\/fr\/actualite\/sport\/tunisie-ligue-1-une-23eme-journee-sous-haute-tension-en-tete-comme-en-bas-du-classement\/394178\/#breadcrumb"},"inLanguage":"fr-FR","potentialAction":[{"@type":"ReadAction","target":["https:\/\/www.webdo.tn\/fr\/actualite\/sport\/tunisie-ligue-1-une-23eme-journee-sous-haute-tension-en-tete-comme-en-bas-du-classement\/394178\/"]}]},{"@type":"ImageObject","inLanguage":"fr-FR","@id":"https:\/\/www.webdo.tn\/fr\/actualite\/sport\/tunisie-ligue-1-une-23eme-journee-sous-haute-tension-en-tete-comme-en-bas-du-classement\/394178\/#primaryimage","url":"https:\/\/www.webdo.tn\/fr\/wp-content\/uploads\/2026\/03\/ESS.jpg","contentUrl":"https:\/\/www.webdo.tn\/fr\/wp-content\/uploads\/2026\/03\/ESS.jpg","width":1200,"height":601,"caption":"Tunisie - Ligue 1 : Une 23\u00e8me journ\u00e9e sous haute tension en t\u00eate comme en bas du classement"},{"@type":"BreadcrumbList","@id":"https:\/\/www.webdo.tn\/fr\/actualite\/sport\/tunisie-ligue-1-une-23eme-journee-sous-haute-tension-en-tete-comme-en-bas-du-classement\/394178\/#breadcrumb","itemListElement":[{"@type":"ListItem","position":1,"name":"Accueil","item":"https:\/\/www.webdo.tn\/fr\/"},{"@type":"ListItem","position":2,"name":"Tunisie &#8211; Ligue 1 : Une 23\u00e8me journ\u00e9e sous haute tension en t\u00eate comme en bas du classement"}]},{"@type":"WebSite","@id":"https:\/\/www.webdo.tn\/fr\/#website","url":"https:\/\/www.webdo.tn\/fr\/","name":"webdo","description":"Tunisie - News en Tunisie et \u00e0 l&#039;international sur Webdo.tn","publisher":{"@id":"https:\/\/www.webdo.tn\/fr\/#organization"},"potentialAction":[{"@type":"SearchAction","target":{"@type":"EntryPoint","urlTemplate":"https:\/\/www.webdo.tn\/fr\/?s={search_term_string}"},"query-input":{"@type":"PropertyValueSpecification","valueRequired":true,"valueName":"search_term_string"}}],"inLanguage":"fr-FR"},{"@type":"Organization","@id":"https:\/\/www.webdo.tn\/fr\/#organization","name":"Webdo","alternateName":"Webdo.tn","url":"https:\/\/www.webdo.tn\/fr\/","logo":{"@type":"ImageObject","inLanguage":"fr-FR","@id":"https:\/\/www.webdo.tn\/fr\/#\/schema\/logo\/image\/","url":"https:\/\/www.webdo.tn\/fr\/wp-content\/uploads\/2025\/06\/Webdo-Tunisie_168377.jpg","contentUrl":"https:\/\/www.webdo.tn\/fr\/wp-content\/uploads\/2025\/06\/Webdo-Tunisie_168377.jpg","width":301,"height":301,"caption":"Webdo"},"image":{"@id":"https:\/\/www.webdo.tn\/fr\/#\/schema\/logo\/image\/"},"sameAs":["https:\/\/www.facebook.com\/webdotn","https:\/\/x.com\/webdo_tn"],"description":"Webdo est un m\u00e9dia num\u00e9rique tunisien fond\u00e9 en 2010, sp\u00e9cialis\u00e9 dans l\u2019actualit\u00e9 nationale et internationale, l\u2019\u00e9conomie, la soci\u00e9t\u00e9 et les analyses politiques. Le site s\u2019adresse \u00e0 un large public francophone et couvre l\u2019information tunisienne en temps r\u00e9el.","email":"redac@webdo.tn","legalName":"YNJ SARL","foundingDate":"2010-09-06","numberOfEmployees":{"@type":"QuantitativeValue","minValue":"11","maxValue":"50"}},{"@type":"Person","@id":"https:\/\/www.webdo.tn\/fr\/#\/schema\/person\/57c261717927697fcf719ab1058a8003","name":"Maher Chaabane","image":{"@type":"ImageObject","inLanguage":"fr-FR","@id":"https:\/\/www.webdo.tn\/fr\/wp-content\/uploads\/2026\/04\/maher-chaabane_avatar_2-96x96.jpg","url":"https:\/\/www.webdo.tn\/fr\/wp-content\/uploads\/2026\/04\/maher-chaabane_avatar_2-96x96.jpg","contentUrl":"https:\/\/www.webdo.tn\/fr\/wp-content\/uploads\/2026\/04\/maher-chaabane_avatar_2-96x96.jpg","caption":"Maher Chaabane"},"description":"Maher Chaabane est journaliste et r\u00e9dacteur en chef de Webdo.tn depuis 2012. Il d\u00e9bute sa carri\u00e8re au sein du groupe Tunis Hebdo en 2000, o\u00f9 il couvre pendant plusieurs ann\u00e9es l\u2019actualit\u00e9 sportive et internationale, avant d\u2019occuper les fonctions de r\u00e9dacteur en chef adjoint. Fort de plus de deux d\u00e9cennies d\u2019exp\u00e9rience dans le journalisme, il supervise aujourd\u2019hui la production \u00e9ditoriale de Webdo et contribue activement \u00e0 la ligne du m\u00e9dia, en particulier sur les sujets d\u2019actualit\u00e9 nationale et internationale. https:\/\/www.facebook.com\/youssef.rc.92","sameAs":["https:\/\/www.facebook.com\/youssef.rc.92"],"knowsAbout":["journalisme","actualit\u00e9 internationale","sport","r\u00e9daction","m\u00e9dias","information"],"knowsLanguage":["Fran\u00e7ais","Arabe"],"jobTitle":"R\u00e9dacteur en chef","worksFor":"Webdo.tn","url":"https:\/\/www.webdo.tn\/fr\/actualite\/author\/maher-chaabane\/"}]}},"_links":{"self":[{"href":"https:\/\/www.webdo.tn\/fr\/wp-json\/wp\/v2\/posts\/394178","targetHints":{"allow":["GET"]}}],"collection":[{"href":"https:\/\/www.webdo.tn\/fr\/wp-json\/wp\/v2\/posts"}],"about":[{"href":"https:\/\/www.webdo.tn\/fr\/wp-json\/wp\/v2\/types\/post"}],"author":[{"embeddable":true,"href":"https:\/\/www.webdo.tn\/fr\/wp-json\/wp\/v2\/users\/3189"}],"replies":[{"embeddable":true,"href":"https:\/\/www.webdo.tn\/fr\/wp-json\/wp\/v2\/comments?post=394178"}],"version-history":[{"count":0,"href":"https:\/\/www.webdo.tn\/fr\/wp-json\/wp\/v2\/posts\/394178\/revisions"}],"wp:featuredmedia":[{"embeddable":true,"href":"https:\/\/www.webdo.tn\/fr\/wp-json\/wp\/v2\/media\/394179"}],"wp:attachment":[{"href":"https:\/\/www.webdo.tn\/fr\/wp-json\/wp\/v2\/media?parent=394178"}],"wp:term":[{"taxonomy":"category","embeddable":true,"href":"https:\/\/www.webdo.tn\/fr\/wp-json\/wp\/v2\/categories?post=394178"},{"taxonomy":"post_tag","embeddable":true,"href":"https:\/\/www.webdo.tn\/fr\/wp-json\/wp\/v2\/tags?post=394178"}],"curies":[{"name":"wp","href":"https:\/\/api.w.org\/{rel}","templated":true}]}}